{"id":28647,"date":"2022-03-22T08:14:53","date_gmt":"2022-03-22T13:14:53","guid":{"rendered":"https:\/\/marthacifuentes.com\/portada\/?p=28647"},"modified":"2022-03-22T08:14:53","modified_gmt":"2022-03-22T13:14:53","slug":"uribismo-promueve-un-golpe-de-estado-al-pretender-reconteo-de-votos-cuando-ya-no-hay-cadena-de-custodia-de-los-mismos","status":"publish","type":"post","link":"https:\/\/marthacifuentes.com\/portada\/uribismo-promueve-un-golpe-de-estado-al-pretender-reconteo-de-votos-cuando-ya-no-hay-cadena-de-custodia-de-los-mismos\/","title":{"rendered":"\u00bfUribismo promueve un golpe de Estado al pretender reconteo de votos cuando ya no hay cadena de custodia de los mismos?"},"content":{"rendered":"<p style=\"text-align: justify;\"><strong>Por <a href=\"http:\/\/casanarenoticias.com\">casanarenoticias.com<\/a><\/strong><\/p>\n<p style=\"text-align: justify;\">Desconfianza y diversas reacciones entre juristas, movimientos pol\u00edticos y comunidad en general del pa\u00eds se han dado, ante la decisi\u00f3n ayer de la Registradur\u00eda Nacional de solicitar al Consejo Nacional Electoral el reconteo de votos para el Senado de la Rep\u00fablica en todas las mesas del pa\u00eds. \u201cSi hubo diferencias en el pre conteo por causas externas hay que buscar la verdad electoral para la tranquilidad de todo el pa\u00eds\u201d, fue lo que dijo el registrador nacional del Estado Civil, Alexander Vega Rocha.<\/p>\n<p style=\"text-align: justify;\">\u00abLo que hace el Registrador hoy ahora si se llama fraude. La cadena de custodia de los votos termin\u00f3 el s\u00e1bado. A esta hora pueden estar llenando las bolsas de votos. Desobedecen la decisi\u00f3n de 5.000 jueces. Estamos ante un verdadero golpe de estado impulsado por Uribe. Fui el primero en mostrar como quer\u00edan quitar medio mill\u00f3n de votos al Pacto y los jueces nos dieron la raz\u00f3n en el escrutinio, ahora quieren rob\u00e1rselos.\u00bb, escribi\u00f3 en su cuenta de Twitter Gustavo Petro.<\/p>\n<p style=\"text-align: justify;\">Dijo adem\u00e1s el candidato presidencial por el Pacto Hist\u00f3rico que, \u00abdonde ya terminaron escrutinios, la mayor\u00eda de mesas, los votos est\u00e1n en poder del CNE de mayor\u00eda uribista y de registradores departamentales, de mayor\u00eda uribista. No hay cadena de custodia transparente para esos votos. El reconteo sin transparencia es fraude\u00bb. Gustavo Petro anunci\u00f3 que suspende su participaci\u00f3n en debates electorales hasta que se garantice la transparencia del voto. \u00abActuaremos con prudencia m\u00e1xima y pedimos a las veedur\u00edas internacionales actuar con prontitud. En este momento no hay cadena de custodia transparente sobre los votos ya escrutados\u00bb, dijo en su cuenta de Twitter.<\/p>\n<blockquote class=\"twitter-tweet\" data-width=\"500\" data-dnt=\"true\">\n<p lang=\"es\" dir=\"ltr\">Lo que hace el Registrador hoy ahora si se llama fraude. La cadena de custodia de los votos termin\u00f3 el s\u00e1bado. A esta hora pueden estar llenando las bolsas de votos.<\/p>\n<p>Desobedecen la decisi\u00f3n de 5.000 jueces. Estamos ante un verdadero golpe de estado impulsado por Uribe<\/p>\n<p>&mdash; Gustavo Petro (@petrogustavo) <a href=\"https:\/\/twitter.com\/petrogustavo\/status\/1505990134877065225?ref_src=twsrc%5Etfw\">March 21, 2022<\/a><\/p><\/blockquote>\n<p><script async src=\"https:\/\/platform.twitter.com\/widgets.js\" charset=\"utf-8\"><\/script><\/p>\n<p style=\"text-align: justify;\">Altos juristas han dicho que, jur\u00eddicamente no es procedente hacer el recuento de votos que a \u00faltima hora pide el CD, porque la cadena de custodia dur\u00f3 hasta el s\u00e1bado a las 5p.m. El ex gobernador de Nari\u00f1o y quien participo en la Consulta presidencial por el Pacto Hist\u00f3rico lanz\u00f3 una alerta democr\u00e1tica al mundo y dijo que, el reconteo de votos es una medida que abre la puerta al mayor robo en la historia del pa\u00eds. \u201cVan a quitar en el escritorio lo que los ciudadanos eligieron en urnas: el cambio v\u00eda votaci\u00f3n del Pacto Hist\u00f3rico. Inadmisible este asalto a Colombia\u201d, dijo en su cuenta de Twitter.<\/p>\n<p style=\"text-align: justify;\">A su vez el ex magistrado Jos\u00e9 Gregorio Hern\u00e1ndez dijo en su cuenta de twitter que: \u201cPoner en tela de juicio la legitimidad de las elecciones cuando ya se tramitaron las instancias de conteo y escrutinio, con decisiones de jueces respecto a las cuales no hay nada en contra, y ya sin custodia de los votos, es peligroso y aventurado para nuestra democracia<\/p>\n<p style=\"text-align: justify;\">Reiter\u00f3 el ex magistrado que, la decisi\u00f3n de reconteo -extraordinaria- tiene que estar objetivamente fundada y motivada. No puede ser por capricho de nadie. Y sobre la base de una plena y total garant\u00eda sobre custodia de los votos, la que no parece muy posible a la fecha.<\/p>\n<p style=\"text-align: justify;\">\u00a0\u201cLo peor que le ha pasado a Colombia es la desconfianza que genera el Registrador y su labor frente a unas elecciones trascendentales para el pa\u00eds. Desastre tambi\u00e9n ver como los expresidentes atacan la institucionalidad y la estabilidad del pa\u00eds\u201d, dijo la periodista Mabel Lara.<\/p>\n<p style=\"text-align: justify;\">De otra parte, este s\u00e1bado, el presidente Duque, convoc\u00f3 a la Comisi\u00f3n Nacional de Garant\u00edas Electorales para hoy, seg\u00fan \u00e9l para esclarecer las dudas en votaciones de Senado. \u00abLa convocatoria se hace frente a las situaciones controversiales que se han presentado en los \u00faltimos d\u00edas relacionados con algunos lugares del territorio en la votaci\u00f3n de Senado, y que implican el proceso de preconteo y escrutinio que es una responsabilidad de la Organizaci\u00f3n Electoral\u00bb, dijo el presidente. La Comisi\u00f3n est\u00e1 conformada por la Organizaci\u00f3n Electoral, la Registradur\u00eda Nacional del Estado Civil y el Consejo Nacional Electoral, por el Gobierno Nacional, por todos los partidos y movimientos pol\u00edticos, por los Organismos de Control y por los Observadores Electorales.<\/p>\n<h3><strong>Otras noticias\u2026<\/strong><\/h3>\n<blockquote class=\"wp-embedded-content\" data-secret=\"YpVvIAjpit\"><p><a href=\"https:\/\/marthacifuentes.com\/portada\/2022\/03\/17\/otro-feminicidio-en-casanare-hombre-asesino-a-su-companera-porque-queria-separarse\/\">Otro feminicidio en Casanare. Hombre asesin\u00f3 a su compa\u00f1era porque quer\u00eda separarse<\/a><\/p><\/blockquote>\n<p><iframe loading=\"lazy\" class=\"wp-embedded-content\" sandbox=\"allow-scripts\" security=\"restricted\" style=\"position: absolute; clip: rect(1px, 1px, 1px, 1px);\" title=\"\u00abOtro feminicidio en Casanare. Hombre asesin\u00f3 a su compa\u00f1era porque quer\u00eda separarse\u00bb \u2014 \u25b7 Noticias de Casanare : Martha Cifuentes | Casanare\" src=\"https:\/\/marthacifuentes.com\/portada\/2022\/03\/17\/otro-feminicidio-en-casanare-hombre-asesino-a-su-companera-porque-queria-separarse\/embed\/#?secret=RJMJrFz8ra#?secret=YpVvIAjpit\" data-secret=\"YpVvIAjpit\" width=\"500\" height=\"282\" frameborder=\"0\" marginwidth=\"0\" marginheight=\"0\" scrolling=\"no\"><\/iframe><\/p>\n<p><iframe loading=\"lazy\" class=\"wp-embedded-content\" title=\"\u00abCerro El Venado de Yopal, arde. Gesti\u00f3n del Riesgo, Bomberos y FAC atienden emergencia\u00bb \u2014 \u25b7 Noticias de Casanare : Martha Cifuentes | Casanare\" src=\"https:\/\/marthacifuentes.com\/portada\/2022\/03\/17\/cerro-el-venado-de-yopal-arde-gestion-del-riesgo-bomberos-y-fac-atienden-emergencia\/embed\/#?secret=nCQuxHAdwu#?secret=2DmxaXQHHP\" width=\"600\" height=\"621\" frameborder=\"0\" marginwidth=\"0\" marginheight=\"0\" scrolling=\"no\" sandbox=\"allow-scripts\" data-secret=\"2DmxaXQHHP\" data-mce-fragment=\"1\"><\/iframe><\/p>\n<p><iframe loading=\"lazy\" class=\"wp-embedded-content\" title=\"\u00abProceso penal contra Celem\u00edn por contrataci\u00f3n indebida en planta modular de Yopal, va a paso de tortuga. Suspendida audiencia preparatoria del juicio.\u00bb \u2014 \u25b7 Noticias de Casanare : Martha Cifuentes | Casanare\" src=\"https:\/\/marthacifuentes.com\/portada\/2022\/03\/17\/proceso-penal-contra-celemin-por-contratacion-indebida-en-planta-modular-de-yopal-va-a-paso-de-tortuga-suspendida-audiencia-preparatoria-del-juicio\/embed\/#?secret=l22jVcbD4s#?secret=vYGui00IUH\" width=\"600\" height=\"650\" frameborder=\"0\" marginwidth=\"0\" marginheight=\"0\" scrolling=\"no\" sandbox=\"allow-scripts\" data-secret=\"vYGui00IUH\" data-mce-fragment=\"1\"><\/iframe><\/p>\n<p><iframe loading=\"lazy\" class=\"wp-embedded-content\" title=\"\u00abEmpresarios de Casanare y Yopal creen que inseguridad aument\u00f3, seg\u00fan encuesta de C\u00e1mara de Comercio. Alcalde Luis Eduardo Castro neg\u00f3 que esto fuera cierto.\u00bb \u2014 \u25b7 Noticias de Casanare : Martha Cifuentes | Casanare\" src=\"https:\/\/marthacifuentes.com\/portada\/2022\/03\/17\/empresarios-de-casanare-y-yopal-creen-que-inseguridad-aumento-segun-encuesta-de-camara-de-comercio-alcalde-luis-eduardo-castro-nego-que-esto-fuera-cierto\/embed\/#?secret=Q439tVgO91#?secret=d7Eee43qcR\" width=\"600\" height=\"679\" frameborder=\"0\" marginwidth=\"0\" marginheight=\"0\" scrolling=\"no\" sandbox=\"allow-scripts\" data-secret=\"d7Eee43qcR\" data-mce-fragment=\"1\"><\/iframe><\/p>\n<p><iframe loading=\"lazy\" class=\"wp-embedded-content\" title=\"\u00abCasanare\u00f1a Constanza Engativ\u00e1 participar\u00e1 en evento de inform\u00e1tica m\u00e9dica\u00a0m\u00e1s grande del mundo\u00bb \u2014 \u25b7 Noticias de Casanare : Martha Cifuentes | Casanare\" src=\"https:\/\/marthacifuentes.com\/portada\/2022\/03\/15\/casanarena-constanza-engativa-participara-en-evento-de-informatica-medica-mas-grande-del-mundo\/embed\/#?secret=BBqpbitIrl#?secret=xzXoImbrfq\" width=\"600\" height=\"621\" frameborder=\"0\" marginwidth=\"0\" marginheight=\"0\" scrolling=\"no\" sandbox=\"allow-scripts\" data-secret=\"xzXoImbrfq\" data-mce-fragment=\"1\"><\/iframe><\/p>\n<p><iframe loading=\"lazy\" class=\"wp-embedded-content\" title=\"\u00abPetro sorprende  en tierra uribista. Logr\u00f3 25 mil votos en consulta en Casanare.\u00bb \u2014 \u25b7 Noticias de Casanare : Martha Cifuentes | Casanare\" src=\"https:\/\/marthacifuentes.com\/portada\/2022\/03\/15\/petro-sorprende-en-tierra-uribista-logro-25-mil-votos-en-consulta-en-casanare\/embed\/#?secret=Op2BWi3w7G#?secret=yNvx9DPoG6\" width=\"600\" height=\"621\" frameborder=\"0\" marginwidth=\"0\" marginheight=\"0\" scrolling=\"no\" sandbox=\"allow-scripts\" data-secret=\"yNvx9DPoG6\" data-mce-fragment=\"1\"><\/iframe><\/p>\n<p><iframe loading=\"lazy\" class=\"wp-embedded-content\" title=\"\u00abEn el Senado hubo cambio de sombreros y g\u00e9nero por Casanare. Entr\u00f3 Alirio Barrera y sali\u00f3 Amanda Gonz\u00e1lez.\u00bb \u2014 \u25b7 Noticias de Casanare : Martha Cifuentes | Casanare\" src=\"https:\/\/marthacifuentes.com\/portada\/2022\/03\/15\/en-el-senado-hubo-cambio-de-sombreros-y-genero-por-casanare-entro-alirio-barrera-y-salio-amanda-gonzalez\/embed\/#?secret=7evBZL9b2P#?secret=OWSr3S36EW\" width=\"600\" height=\"569\" frameborder=\"0\" marginwidth=\"0\" marginheight=\"0\" scrolling=\"no\" sandbox=\"allow-scripts\" data-secret=\"OWSr3S36EW\" data-mce-fragment=\"1\"><\/iframe><\/p>\n<p><iframe loading=\"lazy\" class=\"wp-embedded-content\" title=\"\u00abHugo Archila y Vladimir Olaya, triunfadores, electos a la C\u00e1mara por Casanare, pero\u2026 ya se ciernen demandas de sus credenciales\u00bb \u2014 \u25b7 Noticias de Casanare : Martha Cifuentes | Casanare\" src=\"https:\/\/marthacifuentes.com\/portada\/2022\/03\/15\/hugo-archila-y-vladimir-olaya-triunfadores-electos-a-la-camara-por-casanare-pero-ya-se-ciernen-demandas-de-sus-credenciales\/embed\/#?secret=gq8RSsYdUi#?secret=G5IGK4xb2C\" width=\"600\" height=\"522\" frameborder=\"0\" marginwidth=\"0\" marginheight=\"0\" scrolling=\"no\" sandbox=\"allow-scripts\" data-secret=\"G5IGK4xb2C\" data-mce-fragment=\"1\"><\/iframe><\/p>\n<p><iframe loading=\"lazy\" class=\"wp-embedded-content\" title=\"\u00abNo se exigir\u00e1 carn\u00e9 de vacunaci\u00f3n COVID-19 para votar este 13 de marzo\u00bb \u2014 \u25b7 Noticias de Casanare : Martha Cifuentes | Casanare\" src=\"https:\/\/marthacifuentes.com\/portada\/2022\/03\/13\/no-se-exigira-carne-de-vacunacion-covid-19-para-votar-este-13-de-marzo\/embed\/#?secret=sNzIg55SkY#?secret=BXyaktCek9\" width=\"600\" height=\"621\" frameborder=\"0\" marginwidth=\"0\" marginheight=\"0\" scrolling=\"no\" sandbox=\"allow-scripts\" data-secret=\"BXyaktCek9\" data-mce-fragment=\"1\"><\/iframe><\/p>\n<p><iframe loading=\"lazy\" class=\"wp-embedded-content\" title=\"\u00ab2.810 candidatos aspiran a ser congresistas en elecciones este 13 de marzo en Colombia.\u00bb \u2014 \u25b7 Noticias de Casanare : Martha Cifuentes | Casanare\" src=\"https:\/\/marthacifuentes.com\/portada\/2022\/03\/12\/2-810-candidatos-aspiran-a-ser-congresistas-en-elecciones-este-13-de-marzo-en-colombia\/embed\/#?secret=2u44RZUGWv#?secret=YHCKCdXi52\" width=\"600\" height=\"621\" frameborder=\"0\" marginwidth=\"0\" marginheight=\"0\" scrolling=\"no\" sandbox=\"allow-scripts\" data-secret=\"YHCKCdXi52\" data-mce-fragment=\"1\"><\/iframe><\/p>\n<p><iframe loading=\"lazy\" class=\"wp-embedded-content\" title=\"\u00abHugo Archila tambi\u00e9n podr\u00eda estar inhabilitado para ser congresista, seg\u00fan sentencia del Consejo de Estado 031 de 2019\u00bb \u2014 \u25b7 Noticias de Casanare : Martha Cifuentes | Casanare\" src=\"https:\/\/marthacifuentes.com\/portada\/2022\/03\/10\/hugo-archila-tambien-podria-estar-inhabilitado-para-ser-congresista-segun-sentencia-del-consejo-de-estado-031-de-2019\/embed\/#?secret=GxPkB8Qp91#?secret=Zp4YDrHorO\" width=\"600\" height=\"650\" frameborder=\"0\" marginwidth=\"0\" marginheight=\"0\" scrolling=\"no\" sandbox=\"allow-scripts\" data-secret=\"Zp4YDrHorO\" data-mce-fragment=\"1\"><\/iframe><\/p>\n<p><iframe loading=\"lazy\" class=\"wp-embedded-content\" title=\"\u00abExgobernador de Casanare Alirio Barrera busca ser el candidato al Senado m\u00e1s votado del Centro Democr\u00e1tico\u00bb \u2014 \u25b7 Noticias de Casanare : Martha Cifuentes | Casanare\" src=\"https:\/\/marthacifuentes.com\/portada\/2022\/03\/09\/exgobernador-de-casanare-alirio-barrera-busca-ser-el-candidato-al-senado-mas-votado-del-centro-democratico\/embed\/#?secret=QR0sdyaD03\" width=\"600\" height=\"627\" frameborder=\"0\" marginwidth=\"0\" marginheight=\"0\" scrolling=\"no\" sandbox=\"allow-scripts\" data-secret=\"QR0sdyaD03\" data-mce-fragment=\"1\"><\/iframe><\/p>\n<p><iframe loading=\"lazy\" class=\"wp-embedded-content\" title=\"\u00abEn d\u00eda de la Mujer se conoce que teniente fue violada por un superior, en Brigada 16 de Yopal\u00bb \u2014 \u25b7 Noticias de Casanare : Martha Cifuentes | Casanare\" src=\"https:\/\/marthacifuentes.com\/portada\/2022\/03\/08\/en-dia-de-la-mujer-se-conoce-que-teniente-fue-violada-por-un-superior-en-brigada-16-de-yopal\/embed\/#?secret=qXoq47pP3q\" width=\"600\" height=\"600\" frameborder=\"0\" marginwidth=\"0\" marginheight=\"0\" scrolling=\"no\" sandbox=\"allow-scripts\" data-secret=\"qXoq47pP3q\" data-mce-fragment=\"1\"><\/iframe><\/p>\n<p><iframe loading=\"lazy\" class=\"wp-embedded-content\" title=\"\u00abSuperservicios requiere a la Eaaay sobre recolecci\u00f3n de basuras en volquetas\u00bb \u2014 \u25b7 Noticias de Casanare : Martha Cifuentes | Casanare\" src=\"https:\/\/marthacifuentes.com\/portada\/2022\/03\/08\/superservicios-requiere-a-la-eaaay-sobre-recoleccion-de-basuras-en-volquetas\/embed\/#?secret=xn4oiXsvcO\" width=\"600\" height=\"621\" frameborder=\"0\" marginwidth=\"0\" marginheight=\"0\" scrolling=\"no\" sandbox=\"allow-scripts\" data-secret=\"xn4oiXsvcO\" data-mce-fragment=\"1\"><\/iframe><\/p>\n<p><iframe loading=\"lazy\" class=\"wp-embedded-content\" title=\"\u00abParece que ahora s\u00ed Consejo Directivo podr\u00e1 elegir director de Corporinoquia. Procuradur\u00eda neg\u00f3 recusaciones contra consejeros.\u00bb \u2014 \u25b7 Noticias de Casanare : Martha Cifuentes | Casanare\" src=\"https:\/\/marthacifuentes.com\/portada\/2022\/03\/08\/parece-que-ahora-si-consejo-directivo-podra-elegir-director-de-corporinoquia-procuraduria-nego-recusaciones-contra-consejeros\/embed\/#?secret=JZGZOHp1TI\" width=\"600\" height=\"650\" frameborder=\"0\" marginwidth=\"0\" marginheight=\"0\" scrolling=\"no\" sandbox=\"allow-scripts\" data-secret=\"JZGZOHp1TI\" data-mce-fragment=\"1\"><\/iframe><\/p>\n<p><iframe loading=\"lazy\" class=\"wp-embedded-content\" title=\"\u00abAlcaldesa de Paz de Ariporo niega estar haciendo campa\u00f1a pol\u00edtica a favor de candidatos del Centro Democr\u00e1tico\u00bb \u2014 \u25b7 Noticias de Casanare : Martha Cifuentes | Casanare\" src=\"https:\/\/marthacifuentes.com\/portada\/2022\/03\/07\/alcaldesa-de-paz-de-ariporo-niega-estar-haciendo-campana-politica-a-favor-de-candidatos-del-centro-democratico\/embed\/#?secret=Xku6dMIhIP\" width=\"600\" height=\"650\" frameborder=\"0\" marginwidth=\"0\" marginheight=\"0\" scrolling=\"no\" sandbox=\"allow-scripts\" data-secret=\"Xku6dMIhIP\" data-mce-fragment=\"1\"><\/iframe><\/p>\n<p><iframe loading=\"lazy\" class=\"wp-embedded-content\" title=\"\u00abCamilo Abril Jaimes, exparlamentario de Casanare alerta sobre posible \u201coferta de venta\u201d de votos tras encuestas\u00bb \u2014 \u25b7 Noticias de Casanare : Martha Cifuentes | Casanare\" src=\"https:\/\/marthacifuentes.com\/portada\/2022\/03\/07\/camilo-abril-jaimes-exparlamentario-de-casanare-alerta-sobre-posible-oferta-de-venta-de-votos-tras-encuestas\/embed\/#?secret=yXX4rKSCqW\" width=\"600\" height=\"650\" frameborder=\"0\" marginwidth=\"0\" marginheight=\"0\" scrolling=\"no\" sandbox=\"allow-scripts\" data-secret=\"yXX4rKSCqW\" data-mce-fragment=\"1\"><\/iframe><\/p>\n<p><iframe loading=\"lazy\" class=\"wp-embedded-content\" title=\"\u00abUn centenar de amigos de Alirio Barrera no apoyar\u00e1n candidatos a la C\u00e1mara sino a Hugo Archila del partido Liberal\u00bb \u2014 \u25b7 Noticias de Casanare : Martha Cifuentes | Casanare\" src=\"https:\/\/marthacifuentes.com\/portada\/2022\/03\/07\/un-centenar-de-amigos-de-alirio-barrera-no-apoyaran-candidatos-a-la-camara-sino-a-hugo-archila-del-partido-liberal\/embed\/#?secret=AHl2bTqJaS\" width=\"600\" height=\"650\" frameborder=\"0\" marginwidth=\"0\" marginheight=\"0\" scrolling=\"no\" sandbox=\"allow-scripts\" data-secret=\"AHl2bTqJaS\" data-mce-fragment=\"1\"><\/iframe><\/p>\n<p><iframe loading=\"lazy\" class=\"wp-embedded-content\" title=\"\u00abAlirio Barrera \u201ccoquetea\u201d con Fico Guti\u00e9rrez mientras que Marco Tulio Ru\u00edz lo apoya de frente\u00bb \u2014 \u25b7 Noticias de Casanare : Martha Cifuentes | Casanare\" src=\"https:\/\/marthacifuentes.com\/portada\/2022\/03\/07\/alirio-barrera-coquetea-con-fico-gutierrez-mientras-que-marco-tulio-ruiz-lo-apoya-de-frente\/embed\/#?secret=PjSvmI7Wj5\" width=\"600\" height=\"621\" frameborder=\"0\" marginwidth=\"0\" marginheight=\"0\" scrolling=\"no\" sandbox=\"allow-scripts\" data-secret=\"PjSvmI7Wj5\" data-mce-fragment=\"1\"><\/iframe><\/p>\n","protected":false},"excerpt":{"rendered":"<p>Por casanarenoticias.com Desconfianza y diversas reacciones entre juristas, movimientos pol\u00edticos y comunidad en general del pa\u00eds se han dado, ante la decisi\u00f3n ayer de la Registradur\u00eda Nacional de solicitar al Consejo Nacional Electoral el reconteo de votos para el Senado de la Rep\u00fablica en todas las mesas del pa\u00eds. \u201cSi hubo diferencias en el pre &hellip;<\/p>\n","protected":false},"author":2,"featured_media":28648,"comment_status":"open","ping_status":"open","sticky":false,"template":"","format":"standard","meta":{"om_disable_all_campaigns":false,"_exactmetrics_skip_tracking":false,"_exactmetrics_sitenote_active":false,"_exactmetrics_sitenote_note":"","_exactmetrics_sitenote_category":0,"_monsterinsights_skip_tracking":false,"_monsterinsights_sitenote_active":false,"_monsterinsights_sitenote_note":"","_monsterinsights_sitenote_category":0,"_uf_show_specific_survey":0,"_uf_disable_surveys":false,"_joinchat":[],"footnotes":""},"categories":[147,146,145],"tags":[7017,7019,209,7016,6793,6997,7018],"class_list":["post-28647","post","type-post","status-publish","format-standard","has-post-thumbnail","hentry","category-actualidad","category-noticias","category-reportajes","tag-golpe-de-estado","tag-alexander-vega-rocha","tag-colombia","tag-colombia-noticias","tag-consejo-nacional-electoral","tag-pacto-historico","tag-registraduria-nacional"],"yoast_head":"<!-- This site is optimized with the Yoast SEO plugin v26.1 - https:\/\/yoast.com\/wordpress\/plugins\/seo\/ -->\n<title>\u00bfUribismo promueve un golpe de Estado al pretender reconteo de votos cuando ya no hay cadena de custodia de los mismos? - \u25b7 Noticias de Casanare : Martha Cifuentes | Casanare<\/title>\n<meta name=\"robots\" content=\"index, follow, max-snippet:-1, max-image-preview:large, max-video-preview:-1\" \/>\n<link rel=\"canonical\" href=\"https:\/\/marthacifuentes.com\/portada\/uribismo-promueve-un-golpe-de-estado-al-pretender-reconteo-de-votos-cuando-ya-no-hay-cadena-de-custodia-de-los-mismos\/\" \/>\n<meta property=\"og:locale\" content=\"es_ES\" \/>\n<meta property=\"og:type\" content=\"article\" \/>\n<meta property=\"og:title\" content=\"\u00bfUribismo promueve un golpe de Estado al pretender reconteo de votos cuando ya no hay cadena de custodia de los mismos? - \u25b7 Noticias de Casanare : Martha Cifuentes | Casanare\" \/>\n<meta property=\"og:description\" content=\"Por casanarenoticias.com Desconfianza y diversas reacciones entre juristas, movimientos pol\u00edticos y comunidad en general del pa\u00eds se han dado, ante la decisi\u00f3n ayer de la Registradur\u00eda Nacional de solicitar al Consejo Nacional Electoral el reconteo de votos para el Senado de la Rep\u00fablica en todas las mesas del pa\u00eds. \u201cSi hubo diferencias en el pre &hellip;\" \/>\n<meta property=\"og:url\" content=\"https:\/\/marthacifuentes.com\/portada\/uribismo-promueve-un-golpe-de-estado-al-pretender-reconteo-de-votos-cuando-ya-no-hay-cadena-de-custodia-de-los-mismos\/\" \/>\n<meta property=\"og:site_name\" content=\"\u25b7 Noticias de Casanare : Martha Cifuentes | Casanare\" \/>\n<meta property=\"article:published_time\" content=\"2022-03-22T13:14:53+00:00\" \/>\n<meta property=\"og:image\" content=\"https:\/\/marthacifuentes.com\/portada\/wp-content\/uploads\/2022\/03\/gustavopetro-colprensa_9_0.jpg\" \/>\n\t<meta property=\"og:image:width\" content=\"1080\" \/>\n\t<meta property=\"og:image:height\" content=\"720\" \/>\n\t<meta property=\"og:image:type\" content=\"image\/jpeg\" \/>\n<meta name=\"author\" content=\"Martha Cifuentes\" \/>\n<meta name=\"twitter:card\" content=\"summary_large_image\" \/>\n<meta name=\"twitter:label1\" content=\"Escrito por\" \/>\n\t<meta name=\"twitter:data1\" content=\"Martha Cifuentes\" \/>\n\t<meta name=\"twitter:label2\" content=\"Tiempo de lectura\" \/>\n\t<meta name=\"twitter:data2\" content=\"4 minutos\" \/>\n<script type=\"application\/ld+json\" class=\"yoast-schema-graph\">{\"@context\":\"https:\/\/schema.org\",\"@graph\":[{\"@type\":\"WebPage\",\"@id\":\"https:\/\/marthacifuentes.com\/portada\/uribismo-promueve-un-golpe-de-estado-al-pretender-reconteo-de-votos-cuando-ya-no-hay-cadena-de-custodia-de-los-mismos\/\",\"url\":\"https:\/\/marthacifuentes.com\/portada\/uribismo-promueve-un-golpe-de-estado-al-pretender-reconteo-de-votos-cuando-ya-no-hay-cadena-de-custodia-de-los-mismos\/\",\"name\":\"\u00bfUribismo promueve un golpe de Estado al pretender reconteo de votos cuando ya no hay cadena de custodia de los mismos? - \u25b7 Noticias de Casanare : Martha Cifuentes | Casanare\",\"isPartOf\":{\"@id\":\"https:\/\/marthacifuentes.com\/portada\/#website\"},\"primaryImageOfPage\":{\"@id\":\"https:\/\/marthacifuentes.com\/portada\/uribismo-promueve-un-golpe-de-estado-al-pretender-reconteo-de-votos-cuando-ya-no-hay-cadena-de-custodia-de-los-mismos\/#primaryimage\"},\"image\":{\"@id\":\"https:\/\/marthacifuentes.com\/portada\/uribismo-promueve-un-golpe-de-estado-al-pretender-reconteo-de-votos-cuando-ya-no-hay-cadena-de-custodia-de-los-mismos\/#primaryimage\"},\"thumbnailUrl\":\"https:\/\/marthacifuentes.com\/portada\/wp-content\/uploads\/2022\/03\/gustavopetro-colprensa_9_0.jpg\",\"datePublished\":\"2022-03-22T13:14:53+00:00\",\"author\":{\"@id\":\"https:\/\/marthacifuentes.com\/portada\/#\/schema\/person\/57f53174b991db5f90ff78d58502b714\"},\"breadcrumb\":{\"@id\":\"https:\/\/marthacifuentes.com\/portada\/uribismo-promueve-un-golpe-de-estado-al-pretender-reconteo-de-votos-cuando-ya-no-hay-cadena-de-custodia-de-los-mismos\/#breadcrumb\"},\"inLanguage\":\"es\",\"potentialAction\":[{\"@type\":\"ReadAction\",\"target\":[\"https:\/\/marthacifuentes.com\/portada\/uribismo-promueve-un-golpe-de-estado-al-pretender-reconteo-de-votos-cuando-ya-no-hay-cadena-de-custodia-de-los-mismos\/\"]}]},{\"@type\":\"ImageObject\",\"inLanguage\":\"es\",\"@id\":\"https:\/\/marthacifuentes.com\/portada\/uribismo-promueve-un-golpe-de-estado-al-pretender-reconteo-de-votos-cuando-ya-no-hay-cadena-de-custodia-de-los-mismos\/#primaryimage\",\"url\":\"https:\/\/marthacifuentes.com\/portada\/wp-content\/uploads\/2022\/03\/gustavopetro-colprensa_9_0.jpg\",\"contentUrl\":\"https:\/\/marthacifuentes.com\/portada\/wp-content\/uploads\/2022\/03\/gustavopetro-colprensa_9_0.jpg\",\"width\":1080,\"height\":720},{\"@type\":\"BreadcrumbList\",\"@id\":\"https:\/\/marthacifuentes.com\/portada\/uribismo-promueve-un-golpe-de-estado-al-pretender-reconteo-de-votos-cuando-ya-no-hay-cadena-de-custodia-de-los-mismos\/#breadcrumb\",\"itemListElement\":[{\"@type\":\"ListItem\",\"position\":1,\"name\":\"Portada\",\"item\":\"https:\/\/marthacifuentes.com\/portada\/\"},{\"@type\":\"ListItem\",\"position\":2,\"name\":\"\u00bfUribismo promueve un golpe de Estado al pretender reconteo de votos cuando ya no hay cadena de custodia de los mismos?\"}]},{\"@type\":\"WebSite\",\"@id\":\"https:\/\/marthacifuentes.com\/portada\/#website\",\"url\":\"https:\/\/marthacifuentes.com\/portada\/\",\"name\":\"\u25b7 Noticias de Casanare : Martha Cifuentes | Casanare\",\"description\":\"Noticias &amp; Contenidos\",\"potentialAction\":[{\"@type\":\"SearchAction\",\"target\":{\"@type\":\"EntryPoint\",\"urlTemplate\":\"https:\/\/marthacifuentes.com\/portada\/?s={search_term_string}\"},\"query-input\":{\"@type\":\"PropertyValueSpecification\",\"valueRequired\":true,\"valueName\":\"search_term_string\"}}],\"inLanguage\":\"es\"},{\"@type\":\"Person\",\"@id\":\"https:\/\/marthacifuentes.com\/portada\/#\/schema\/person\/57f53174b991db5f90ff78d58502b714\",\"name\":\"Martha Cifuentes\",\"image\":{\"@type\":\"ImageObject\",\"inLanguage\":\"es\",\"@id\":\"https:\/\/marthacifuentes.com\/portada\/#\/schema\/person\/image\/\",\"url\":\"http:\/\/marthacifuentes.com\/portada\/wp-content\/uploads\/2018\/06\/avatar_user_2_1528838701-96x96.jpg\",\"contentUrl\":\"http:\/\/marthacifuentes.com\/portada\/wp-content\/uploads\/2018\/06\/avatar_user_2_1528838701-96x96.jpg\",\"caption\":\"Martha Cifuentes\"},\"sameAs\":[\"http:\/\/www.marthacifuentes.com\"],\"url\":\"https:\/\/marthacifuentes.com\/portada\/author\/martha\/\"}]}<\/script>\n<!-- \/ Yoast SEO plugin. -->","yoast_head_json":{"title":"\u00bfUribismo promueve un golpe de Estado al pretender reconteo de votos cuando ya no hay cadena de custodia de los mismos? - \u25b7 Noticias de Casanare : Martha Cifuentes | Casanare","robots":{"index":"index","follow":"follow","max-snippet":"max-snippet:-1","max-image-preview":"max-image-preview:large","max-video-preview":"max-video-preview:-1"},"canonical":"https:\/\/marthacifuentes.com\/portada\/uribismo-promueve-un-golpe-de-estado-al-pretender-reconteo-de-votos-cuando-ya-no-hay-cadena-de-custodia-de-los-mismos\/","og_locale":"es_ES","og_type":"article","og_title":"\u00bfUribismo promueve un golpe de Estado al pretender reconteo de votos cuando ya no hay cadena de custodia de los mismos? - \u25b7 Noticias de Casanare : Martha Cifuentes | Casanare","og_description":"Por casanarenoticias.com Desconfianza y diversas reacciones entre juristas, movimientos pol\u00edticos y comunidad en general del pa\u00eds se han dado, ante la decisi\u00f3n ayer de la Registradur\u00eda Nacional de solicitar al Consejo Nacional Electoral el reconteo de votos para el Senado de la Rep\u00fablica en todas las mesas del pa\u00eds. \u201cSi hubo diferencias en el pre &hellip;","og_url":"https:\/\/marthacifuentes.com\/portada\/uribismo-promueve-un-golpe-de-estado-al-pretender-reconteo-de-votos-cuando-ya-no-hay-cadena-de-custodia-de-los-mismos\/","og_site_name":"\u25b7 Noticias de Casanare : Martha Cifuentes | Casanare","article_published_time":"2022-03-22T13:14:53+00:00","og_image":[{"width":1080,"height":720,"url":"https:\/\/marthacifuentes.com\/portada\/wp-content\/uploads\/2022\/03\/gustavopetro-colprensa_9_0.jpg","type":"image\/jpeg"}],"author":"Martha Cifuentes","twitter_card":"summary_large_image","twitter_misc":{"Escrito por":"Martha Cifuentes","Tiempo de lectura":"4 minutos"},"schema":{"@context":"https:\/\/schema.org","@graph":[{"@type":"WebPage","@id":"https:\/\/marthacifuentes.com\/portada\/uribismo-promueve-un-golpe-de-estado-al-pretender-reconteo-de-votos-cuando-ya-no-hay-cadena-de-custodia-de-los-mismos\/","url":"https:\/\/marthacifuentes.com\/portada\/uribismo-promueve-un-golpe-de-estado-al-pretender-reconteo-de-votos-cuando-ya-no-hay-cadena-de-custodia-de-los-mismos\/","name":"\u00bfUribismo promueve un golpe de Estado al pretender reconteo de votos cuando ya no hay cadena de custodia de los mismos? - \u25b7 Noticias de Casanare : Martha Cifuentes | Casanare","isPartOf":{"@id":"https:\/\/marthacifuentes.com\/portada\/#website"},"primaryImageOfPage":{"@id":"https:\/\/marthacifuentes.com\/portada\/uribismo-promueve-un-golpe-de-estado-al-pretender-reconteo-de-votos-cuando-ya-no-hay-cadena-de-custodia-de-los-mismos\/#primaryimage"},"image":{"@id":"https:\/\/marthacifuentes.com\/portada\/uribismo-promueve-un-golpe-de-estado-al-pretender-reconteo-de-votos-cuando-ya-no-hay-cadena-de-custodia-de-los-mismos\/#primaryimage"},"thumbnailUrl":"https:\/\/marthacifuentes.com\/portada\/wp-content\/uploads\/2022\/03\/gustavopetro-colprensa_9_0.jpg","datePublished":"2022-03-22T13:14:53+00:00","author":{"@id":"https:\/\/marthacifuentes.com\/portada\/#\/schema\/person\/57f53174b991db5f90ff78d58502b714"},"breadcrumb":{"@id":"https:\/\/marthacifuentes.com\/portada\/uribismo-promueve-un-golpe-de-estado-al-pretender-reconteo-de-votos-cuando-ya-no-hay-cadena-de-custodia-de-los-mismos\/#breadcrumb"},"inLanguage":"es","potentialAction":[{"@type":"ReadAction","target":["https:\/\/marthacifuentes.com\/portada\/uribismo-promueve-un-golpe-de-estado-al-pretender-reconteo-de-votos-cuando-ya-no-hay-cadena-de-custodia-de-los-mismos\/"]}]},{"@type":"ImageObject","inLanguage":"es","@id":"https:\/\/marthacifuentes.com\/portada\/uribismo-promueve-un-golpe-de-estado-al-pretender-reconteo-de-votos-cuando-ya-no-hay-cadena-de-custodia-de-los-mismos\/#primaryimage","url":"https:\/\/marthacifuentes.com\/portada\/wp-content\/uploads\/2022\/03\/gustavopetro-colprensa_9_0.jpg","contentUrl":"https:\/\/marthacifuentes.com\/portada\/wp-content\/uploads\/2022\/03\/gustavopetro-colprensa_9_0.jpg","width":1080,"height":720},{"@type":"BreadcrumbList","@id":"https:\/\/marthacifuentes.com\/portada\/uribismo-promueve-un-golpe-de-estado-al-pretender-reconteo-de-votos-cuando-ya-no-hay-cadena-de-custodia-de-los-mismos\/#breadcrumb","itemListElement":[{"@type":"ListItem","position":1,"name":"Portada","item":"https:\/\/marthacifuentes.com\/portada\/"},{"@type":"ListItem","position":2,"name":"\u00bfUribismo promueve un golpe de Estado al pretender reconteo de votos cuando ya no hay cadena de custodia de los mismos?"}]},{"@type":"WebSite","@id":"https:\/\/marthacifuentes.com\/portada\/#website","url":"https:\/\/marthacifuentes.com\/portada\/","name":"\u25b7 Noticias de Casanare : Martha Cifuentes | Casanare","description":"Noticias &amp; Contenidos","potentialAction":[{"@type":"SearchAction","target":{"@type":"EntryPoint","urlTemplate":"https:\/\/marthacifuentes.com\/portada\/?s={search_term_string}"},"query-input":{"@type":"PropertyValueSpecification","valueRequired":true,"valueName":"search_term_string"}}],"inLanguage":"es"},{"@type":"Person","@id":"https:\/\/marthacifuentes.com\/portada\/#\/schema\/person\/57f53174b991db5f90ff78d58502b714","name":"Martha Cifuentes","image":{"@type":"ImageObject","inLanguage":"es","@id":"https:\/\/marthacifuentes.com\/portada\/#\/schema\/person\/image\/","url":"http:\/\/marthacifuentes.com\/portada\/wp-content\/uploads\/2018\/06\/avatar_user_2_1528838701-96x96.jpg","contentUrl":"http:\/\/marthacifuentes.com\/portada\/wp-content\/uploads\/2018\/06\/avatar_user_2_1528838701-96x96.jpg","caption":"Martha Cifuentes"},"sameAs":["http:\/\/www.marthacifuentes.com"],"url":"https:\/\/marthacifuentes.com\/portada\/author\/martha\/"}]}},"_links":{"self":[{"href":"https:\/\/marthacifuentes.com\/portada\/wp-json\/wp\/v2\/posts\/28647","targetHints":{"allow":["GET"]}}],"collection":[{"href":"https:\/\/marthacifuentes.com\/portada\/wp-json\/wp\/v2\/posts"}],"about":[{"href":"https:\/\/marthacifuentes.com\/portada\/wp-json\/wp\/v2\/types\/post"}],"author":[{"embeddable":true,"href":"https:\/\/marthacifuentes.com\/portada\/wp-json\/wp\/v2\/users\/2"}],"replies":[{"embeddable":true,"href":"https:\/\/marthacifuentes.com\/portada\/wp-json\/wp\/v2\/comments?post=28647"}],"version-history":[{"count":1,"href":"https:\/\/marthacifuentes.com\/portada\/wp-json\/wp\/v2\/posts\/28647\/revisions"}],"predecessor-version":[{"id":28649,"href":"https:\/\/marthacifuentes.com\/portada\/wp-json\/wp\/v2\/posts\/28647\/revisions\/28649"}],"wp:featuredmedia":[{"embeddable":true,"href":"https:\/\/marthacifuentes.com\/portada\/wp-json\/wp\/v2\/media\/28648"}],"wp:attachment":[{"href":"https:\/\/marthacifuentes.com\/portada\/wp-json\/wp\/v2\/media?parent=28647"}],"wp:term":[{"taxonomy":"category","embeddable":true,"href":"https:\/\/marthacifuentes.com\/portada\/wp-json\/wp\/v2\/categories?post=28647"},{"taxonomy":"post_tag","embeddable":true,"href":"https:\/\/marthacifuentes.com\/portada\/wp-json\/wp\/v2\/tags?post=28647"}],"curies":[{"name":"wp","href":"https:\/\/api.w.org\/{rel}","templated":true}]}}