{"id":28758,"date":"2022-04-01T06:24:24","date_gmt":"2022-04-01T11:24:24","guid":{"rendered":"https:\/\/marthacifuentes.com\/portada\/?p=28758"},"modified":"2022-04-01T06:24:24","modified_gmt":"2022-04-01T11:24:24","slug":"funcionario-de-la-fiscalia-mato-a-su-pareja-e-hijastro-de-15-anos-en-yopal-y-luego-intento-quitarse-la-vida","status":"publish","type":"post","link":"https:\/\/marthacifuentes.com\/portada\/funcionario-de-la-fiscalia-mato-a-su-pareja-e-hijastro-de-15-anos-en-yopal-y-luego-intento-quitarse-la-vida\/","title":{"rendered":"Funcionario de la Fiscal\u00eda mat\u00f3 a su pareja e hijastro de 15 a\u00f1os en Yopal y luego intent\u00f3 quitarse la vida."},"content":{"rendered":"<p style=\"text-align: justify;\">Una tragedia familiar y social ocurri\u00f3 anoche en Yopal. Un ni\u00f1o de 15 a\u00f1os identificado como Juan Eduardo Totaitive y su mam\u00e1 Carolina Totaitive de 34 a\u00f1os, fueron asesinados por el compa\u00f1ero sentimental de esta, identificado como Jairo Alcides V\u00e1squez Gir\u00f3n en hechos ocurridos en la calle 23 con carrera 29\u00aa, barrio Caribabare de Yopal. \u00a0El sujeto, funcionario de la Fiscal\u00eda, ten\u00eda una cauci\u00f3n por violencia intrafamiliar.<\/p>\n<p style=\"text-align: justify;\">En esta oportunidad el agresor, un extrabajador del DAS, de 53 a\u00f1os, consigui\u00f3 el cometido de acabar con la vida de su compa\u00f1era y de paso se llev\u00f3 a su joven hijastro, quien en anteriores golpizas era el que intentaba protegerla a ella y a sus dos hermanos. La situaci\u00f3n se present\u00f3 hacia las 10 y 30 de la noche de este jueves 31 de marzo, luego de una nueva pelea entre la pareja y en la que el hombre con su arma de dotaci\u00f3n le dispar\u00f3 a la mujer y luego al muchacho, frente a los otros dos hijos menores de edad. El sujeto fue trasladado al Hospital Regional de la Orinoquia, donde su pron\u00f3stico es reservado.<\/p>\n<p style=\"text-align: justify;\">Una vecina que escuch\u00f3 la griter\u00eda y la balacera, segundos despu\u00e9s del doble crimen, ingres\u00f3 a la residencia, ubicada en un segundo piso, encontr\u00f3 sin vida al jovencito y su madre, y escuch\u00f3 los leves quejidos del victimario. Aprovech\u00f3 para retirar a los ni\u00f1os sobrevivientes del sangriento lugar.<\/p>\n<p style=\"text-align: justify;\">Informaci\u00f3n extraoficial da cuenta fueron numerosos los episodios de violencia f\u00edsica y verbal contra la mujer, quien terminaba volviendo con su agresor. Una persona an\u00f3nima narr\u00f3 que hace cerca de un mes el hombre hab\u00eda golpeado a Carolina casi hasta matarla, la tomaba del pelo y la tiraba con fuerza al piso, le daba patadas y pu\u00f1os. En esa oportunidad, gracias a los gritos de auxilio de los hijos y vecinos, la polic\u00eda lleg\u00f3 y debi\u00f3 sacar a la mujer para protegerla.<\/p>\n<p style=\"text-align: justify;\">Carolina Totaitive laboraba en la Ese Salud Yopal como asistente de la Oficina de Planeaci\u00f3n y el sujeto actualmente era agente de la Direcci\u00f3n de Protecci\u00f3n y Asistencia de la Fiscal\u00eda General de la Naci\u00f3n. Los vecinos sab\u00edan que en alg\u00fan momento el desenlace iba a ser fatal porque cada d\u00eda el hombre se pon\u00eda m\u00e1s violento.<\/p>\n<h2><strong>Otras noticias&#8230;<\/strong><\/h2>\n<blockquote class=\"wp-embedded-content\" data-secret=\"BrLMFZNIAt\"><p><a href=\"https:\/\/marthacifuentes.com\/portada\/2022\/03\/31\/enviada-a-la-carcel-mujer-complice-de-abuso-sexual-de-su-propia-hija-de-11-anos-en-yopal\/\">Enviada a la c\u00e1rcel mujer c\u00f3mplice de abuso sexual de su propia hija de 11 a\u00f1os en Yopal.<\/a><\/p><\/blockquote>\n<p><iframe loading=\"lazy\" class=\"wp-embedded-content\" sandbox=\"allow-scripts\" security=\"restricted\" style=\"position: absolute; clip: rect(1px, 1px, 1px, 1px);\" title=\"\u00abEnviada a la c\u00e1rcel mujer c\u00f3mplice de abuso sexual de su propia hija de 11 a\u00f1os en Yopal.\u00bb \u2014 \u25b7 Noticias de Casanare : Martha Cifuentes | Casanare\" src=\"https:\/\/marthacifuentes.com\/portada\/2022\/03\/31\/enviada-a-la-carcel-mujer-complice-de-abuso-sexual-de-su-propia-hija-de-11-anos-en-yopal\/embed\/#?secret=rBg3ny67uD#?secret=BrLMFZNIAt\" data-secret=\"BrLMFZNIAt\" width=\"500\" height=\"282\" frameborder=\"0\" marginwidth=\"0\" marginheight=\"0\" scrolling=\"no\"><\/iframe><\/p>\n<blockquote class=\"wp-embedded-content\" data-secret=\"Wb9upq6nNt\"><p><a href=\"https:\/\/marthacifuentes.com\/portada\/2022\/03\/31\/familiares-de-dos-de-las-victimas-mas-emblematicas-de-falsos-positivos-en-casanare-deberan-ser-indemnizadas-por-el-estado\/\">Familiares de dos de las v\u00edctimas m\u00e1s emblem\u00e1ticas de falsos positivos en Casanare deber\u00e1n ser indemnizadas por el Estado.<\/a><\/p><\/blockquote>\n<p><iframe loading=\"lazy\" class=\"wp-embedded-content\" title=\"\u00abFamiliares de dos de las v\u00edctimas m\u00e1s emblem\u00e1ticas de falsos positivos en Casanare deber\u00e1n ser indemnizadas por el Estado.\u00bb \u2014 \u25b7 Noticias de Casanare : Martha Cifuentes | Casanare\" src=\"https:\/\/marthacifuentes.com\/portada\/2022\/03\/31\/familiares-de-dos-de-las-victimas-mas-emblematicas-de-falsos-positivos-en-casanare-deberan-ser-indemnizadas-por-el-estado\/embed\/#?secret=HUBwwT2FDo#?secret=Wb9upq6nNt\" width=\"600\" height=\"338\" frameborder=\"0\" marginwidth=\"0\" marginheight=\"0\" scrolling=\"no\" sandbox=\"allow-scripts\" data-secret=\"Wb9upq6nNt\" data-mce-fragment=\"1\"><\/iframe><\/p>\n<p><iframe loading=\"lazy\" class=\"wp-embedded-content\" title=\"\u00abAlcald\u00eda de Yopal adquiri\u00f3 otro de los predios de la Ciudadela La Bendici\u00f3n. Ahora a legalizar los lotes.\u00bb \u2014 \u25b7 Noticias de Casanare : Martha Cifuentes | Casanare\" src=\"https:\/\/marthacifuentes.com\/portada\/2022\/03\/31\/alcaldia-de-yopal-adquirio-otro-de-los-predios-de-la-ciudadela-la-bendicion-ahora-a-legalizar-los-lotes\/embed\/#?secret=vLu6kEMR9N#?secret=JuqSNPYgHC\" width=\"600\" height=\"621\" frameborder=\"0\" marginwidth=\"0\" marginheight=\"0\" scrolling=\"no\" sandbox=\"allow-scripts\" data-secret=\"JuqSNPYgHC\" data-mce-fragment=\"1\"><\/iframe><\/p>\n<p><iframe loading=\"lazy\" class=\"wp-embedded-content\" title=\"\u00abIv\u00e1n Duque sac\u00f3 pecho por obras contratadas con regal\u00edas de Casanare y presupuesto nacional de los pr\u00f3ximos gobiernos\u00bb \u2014 \u25b7 Noticias de Casanare : Martha Cifuentes | Casanare\" src=\"https:\/\/marthacifuentes.com\/portada\/2022\/03\/31\/ivan-duque-saco-pecho-por-obras-contratadas-con-regalias-de-casanare-y-presupuesto-nacional-de-los-proximos-gobiernos\/embed\/#?secret=7odcZMUCfL#?secret=tMMXJGhkUr\" width=\"600\" height=\"628\" frameborder=\"0\" marginwidth=\"0\" marginheight=\"0\" scrolling=\"no\" sandbox=\"allow-scripts\" data-secret=\"tMMXJGhkUr\" data-mce-fragment=\"1\"><\/iframe><\/p>\n<p><iframe loading=\"lazy\" class=\"wp-embedded-content\" title=\"\u00abM\u00e1s de 300 ni\u00f1os fueron atendidos en jornada de detecci\u00f3n de enfermedades del coraz\u00f3n en Casanare\u00bb \u2014 \u25b7 Noticias de Casanare : Martha Cifuentes | Casanare\" src=\"https:\/\/marthacifuentes.com\/portada\/2022\/03\/28\/mas-de-300-ninos-fueron-atendidos-en-jornada-de-deteccion-de-enfermedades-del-corazon-en-casanare\/embed\/#?secret=IXYsYKxpzS#?secret=prhWUjlWZn\" width=\"600\" height=\"546\" frameborder=\"0\" marginwidth=\"0\" marginheight=\"0\" scrolling=\"no\" sandbox=\"allow-scripts\" data-secret=\"prhWUjlWZn\" data-mce-fragment=\"1\"><\/iframe><\/p>\n<p><iframe loading=\"lazy\" class=\"wp-embedded-content\" title=\"\u00abDaniel Engativ\u00e1 renunci\u00f3 a la junta directiva de la C\u00e1mara de Comercio de Casanare\u00bb \u2014 \u25b7 Noticias de Casanare : Martha Cifuentes | Casanare\" src=\"https:\/\/marthacifuentes.com\/portada\/2022\/03\/28\/daniel-engativa-renuncio-a-la-junta-directiva-de-la-camara-de-comercio-de-casanare\/embed\/#?secret=dk2IutPjg2#?secret=HAm5Cr9xGI\" width=\"600\" height=\"621\" frameborder=\"0\" marginwidth=\"0\" marginheight=\"0\" scrolling=\"no\" sandbox=\"allow-scripts\" data-secret=\"HAm5Cr9xGI\" data-mce-fragment=\"1\"><\/iframe><\/p>\n<p><iframe loading=\"lazy\" class=\"wp-embedded-content\" title=\"\u00abANI y Covioriente siguen haci\u00e9ndole conejo a Yopal. No han cumplido ni la mitad de los compromisos hechos afirma Alcald\u00eda\u00bb \u2014 \u25b7 Noticias de Casanare : Martha Cifuentes | Casanare\" src=\"https:\/\/marthacifuentes.com\/portada\/2022\/03\/28\/ani-y-covioriente-siguen-haciendole-conejo-a-yopal-no-han-cumplido-ni-la-mitad-de-los-compromisos-hechos-afirma-alcaldia\/embed\/#?secret=CTNiFTOA80#?secret=mnDgiXExUx\" width=\"600\" height=\"647\" frameborder=\"0\" marginwidth=\"0\" marginheight=\"0\" scrolling=\"no\" sandbox=\"allow-scripts\" data-secret=\"mnDgiXExUx\" data-mce-fragment=\"1\"><\/iframe><\/p>\n<p><iframe loading=\"lazy\" class=\"wp-embedded-content\" title=\"\u00ab\u201cAlcald\u00eda perdi\u00f3 el control de la seguridad en Yopal\u201d, afirman algunos concejales, quienes piden renuncia de secretaria de gobierno.\u00bb \u2014 \u25b7 Noticias de Casanare : Martha Cifuentes | Casanare\" src=\"https:\/\/marthacifuentes.com\/portada\/2022\/03\/28\/alcaldia-perdio-el-control-de-la-seguridad-en-yopal-afirman-algunos-concejales-quienes-piden-renuncia-de-secretaria-de-gobierno\/embed\/#?secret=ciZ5RREDjy#?secret=jUWbVDcK6o\" width=\"600\" height=\"649\" frameborder=\"0\" marginwidth=\"0\" marginheight=\"0\" scrolling=\"no\" sandbox=\"allow-scripts\" data-secret=\"jUWbVDcK6o\" data-mce-fragment=\"1\"><\/iframe><\/p>\n<p><iframe loading=\"lazy\" class=\"wp-embedded-content\" title=\"\u00abCasanare: 3 asesinatos el fin de semana. Qu\u00e9 pasar\u00eda con m\u00e1s de 8 mil millones aprobados para la seguridad departamental\u00bb \u2014 \u25b7 Noticias de Casanare : Martha Cifuentes | Casanare\" src=\"https:\/\/marthacifuentes.com\/portada\/2022\/03\/28\/casanare-3-asesinatos-el-fin-de-semana-que-pasaria-con-mas-de-8-mil-millones-aprobados-para-la-seguridad-departamental\/embed\/#?secret=J6OfyrLsgS#?secret=LEAJn6KMvv\" width=\"600\" height=\"636\" frameborder=\"0\" marginwidth=\"0\" marginheight=\"0\" scrolling=\"no\" sandbox=\"allow-scripts\" data-secret=\"LEAJn6KMvv\" data-mce-fragment=\"1\"><\/iframe><\/p>\n<p><iframe loading=\"lazy\" class=\"wp-embedded-content\" title=\"\u00abC\u00e1mara de Comercio de Casanare se defiende y muestra gestiones en pro del empresariado\u00bb \u2014 \u25b7 Noticias de Casanare : Martha Cifuentes | Casanare\" src=\"https:\/\/marthacifuentes.com\/portada\/2022\/03\/25\/camara-de-comercio-de-casanare-se-defiende-y-muestra-gestiones-en-pro-del-empresariado\/embed\/#?secret=CcBg4el7bB#?secret=tKmzbW6jxn\" width=\"600\" height=\"621\" frameborder=\"0\" marginwidth=\"0\" marginheight=\"0\" scrolling=\"no\" sandbox=\"allow-scripts\" data-secret=\"tKmzbW6jxn\" data-mce-fragment=\"1\"><\/iframe><\/p>\n<p><iframe loading=\"lazy\" class=\"wp-embedded-content\" title=\"\u00abSelladas 4 obras por incumplimiento de licencias de construcci\u00f3n en Yopal\u00bb \u2014 \u25b7 Noticias de Casanare : Martha Cifuentes | Casanare\" src=\"https:\/\/marthacifuentes.com\/portada\/2022\/03\/25\/selladas-4-obras-por-incumplimiento-de-licencias-de-construccion-en-yopal\/embed\/#?secret=gHQTuuYL1i#?secret=xYMJddVguI\" width=\"600\" height=\"600\" frameborder=\"0\" marginwidth=\"0\" marginheight=\"0\" scrolling=\"no\" sandbox=\"allow-scripts\" data-secret=\"xYMJddVguI\" data-mce-fragment=\"1\"><\/iframe><\/p>\n<p><iframe loading=\"lazy\" class=\"wp-embedded-content\" title=\"\u00abPresunto secuestrador de joven de Monterrey a la c\u00e1rcel La Picota\u00bb \u2014 \u25b7 Noticias de Casanare : Martha Cifuentes | Casanare\" src=\"https:\/\/marthacifuentes.com\/portada\/2022\/03\/25\/presunto-secuestrador-de-joven-de-monterrey-a-la-carcel-la-picota\/embed\/#?secret=BmktOac5Qi#?secret=8JkSSc0Quw\" width=\"600\" height=\"621\" frameborder=\"0\" marginwidth=\"0\" marginheight=\"0\" scrolling=\"no\" sandbox=\"allow-scripts\" data-secret=\"8JkSSc0Quw\" data-mce-fragment=\"1\"><\/iframe><\/p>\n<p><iframe loading=\"lazy\" class=\"wp-embedded-content\" title=\"\u00abA la c\u00e1rcel venezolana por asesinato de su pareja en Yopal\u00bb \u2014 \u25b7 Noticias de Casanare : Martha Cifuentes | Casanare\" src=\"https:\/\/marthacifuentes.com\/portada\/2022\/03\/25\/a-la-carcel-venezolana-por-asesinato-de-su-pareja-en-yopal\/embed\/#?secret=g6T5yRs1G0#?secret=QMiQBMPZpb\" width=\"600\" height=\"329\" frameborder=\"0\" marginwidth=\"0\" marginheight=\"0\" scrolling=\"no\" sandbox=\"allow-scripts\" data-secret=\"QMiQBMPZpb\" data-mce-fragment=\"1\"><\/iframe><\/p>\n<p><iframe loading=\"lazy\" class=\"wp-embedded-content\" title=\"\u00abLlegada masiva de ind\u00edgenas a Yopal se convirti\u00f3 en una papa caliente para las autoridades. Por ahora estar\u00e1n en Centro de Migrantes.\u00bb \u2014 \u25b7 Noticias de Casanare : Martha Cifuentes | Casanare\" src=\"https:\/\/marthacifuentes.com\/portada\/2022\/03\/25\/llegada-masiva-de-indigenas-a-yopal-se-convirtio-en-una-papa-caliente-para-las-autoridades-por-ahora-estaran-en-centro-de-migrantes\/embed\/#?secret=6longJDpii#?secret=7uFQYm3aDf\" width=\"600\" height=\"566\" frameborder=\"0\" marginwidth=\"0\" marginheight=\"0\" scrolling=\"no\" sandbox=\"allow-scripts\" data-secret=\"7uFQYm3aDf\" data-mce-fragment=\"1\"><\/iframe><\/p>\n<p><iframe loading=\"lazy\" class=\"wp-embedded-content\" title=\"\u00abAlias \u2018Otoniel\u2019 revela detalles de apoyo del Ej\u00e9rcito, DAS y Ecopetrol a paramilitares en Casanare\u00bb \u2014 \u25b7 Noticias de Casanare : Martha Cifuentes | Casanare\" src=\"https:\/\/marthacifuentes.com\/portada\/2022\/03\/24\/alias-otoniel-revela-detalles-de-apoyo-del-ejercito-das-y-ecopetrol-a-paramilitares-en-casanare\/embed\/#?secret=MvNPO3Eqll#?secret=BjQFEiwBR3\" width=\"600\" height=\"621\" frameborder=\"0\" marginwidth=\"0\" marginheight=\"0\" scrolling=\"no\" sandbox=\"allow-scripts\" data-secret=\"BjQFEiwBR3\" data-mce-fragment=\"1\"><\/iframe><\/p>\n<p><iframe loading=\"lazy\" class=\"wp-embedded-content\" title=\"\u00abHurtos a personas crecieron en dos primeros meses de a\u00f1o de 2022 frente a mismo periodo de 2021, seg\u00fan Fiscal\u00eda, se evidenci\u00f3 en debate en Concejo de Yopal\u00bb \u2014 \u25b7 Noticias de Casanare : Martha Cifuentes | Casanare\" src=\"https:\/\/marthacifuentes.com\/portada\/2022\/03\/24\/hurtos-a-personas-crecieron-en-dos-primeros-meses-de-ano-de-2022-frente-a-mismo-periodo-de-2021-segun-fiscalia-se-evidencio-en-debate-en-concejo-de-yopal\/embed\/#?secret=bhJdvASBX5#?secret=QrGfO3Lw6u\" width=\"600\" height=\"649\" frameborder=\"0\" marginwidth=\"0\" marginheight=\"0\" scrolling=\"no\" sandbox=\"allow-scripts\" data-secret=\"QrGfO3Lw6u\" data-mce-fragment=\"1\"><\/iframe><\/p>\n<p><iframe loading=\"lazy\" class=\"wp-embedded-content\" title=\"\u00abRecetor sin m\u00e9dico, ambulancia, medicamentos y deficiente atenci\u00f3n a pacientes cr\u00f3nicos\u00bb \u2014 \u25b7 Noticias de Casanare : Martha Cifuentes | Casanare\" src=\"https:\/\/marthacifuentes.com\/portada\/2022\/03\/24\/recetor-sin-medico-ambulancia-medicamentos-y-deficiente-atencion-a-pacientes-cronicos\/embed\/#?secret=gd2dthg0og#?secret=8jAl6kLMeg\" width=\"600\" height=\"329\" frameborder=\"0\" marginwidth=\"0\" marginheight=\"0\" scrolling=\"no\" sandbox=\"allow-scripts\" data-secret=\"8jAl6kLMeg\" data-mce-fragment=\"1\"><\/iframe><\/p>\n<p><iframe loading=\"lazy\" class=\"wp-embedded-content\" title=\"\u00abCarceleta en estaci\u00f3n de polic\u00eda de Yopal no solo est\u00e1 llena de presos sino de plagas, hongos y enfermedades. Internos no tienen acceso real a salud.\u00bb \u2014 \u25b7 Noticias de Casanare : Martha Cifuentes | Casanare\" src=\"https:\/\/marthacifuentes.com\/portada\/2022\/03\/24\/carceleta-en-estacion-de-policia-de-yopal-no-solo-esta-llena-de-presos-sino-de-plagas-hongos-y-enfermedades-internos-no-tienen-acceso-real-a-salud\/embed\/#?secret=zLKKSkGQBx#?secret=YuYiOIGEDh\" width=\"600\" height=\"601\" frameborder=\"0\" marginwidth=\"0\" marginheight=\"0\" scrolling=\"no\" sandbox=\"allow-scripts\" data-secret=\"YuYiOIGEDh\" data-mce-fragment=\"1\"><\/iframe><\/p>\n<p><iframe loading=\"lazy\" class=\"wp-embedded-content\" title=\"\u00abInd\u00edgenas venezolanos desplazados por conflicto del ELN y disidencias de las Farc en la frontera llegaron a Yopal buscando ayuda\u00bb \u2014 \u25b7 Noticias de Casanare : Martha Cifuentes | Casanare\" src=\"https:\/\/marthacifuentes.com\/portada\/2022\/03\/24\/indigenas-venezolanos-desplazados-por-conflicto-del-eln-y-disidencias-de-las-farc-en-la-frontera-llegaron-a-yopal-buscando-ayuda\/embed\/#?secret=SlH5wBlQ7J#?secret=aolKHwgHcF\" width=\"600\" height=\"649\" frameborder=\"0\" marginwidth=\"0\" marginheight=\"0\" scrolling=\"no\" sandbox=\"allow-scripts\" data-secret=\"aolKHwgHcF\" data-mce-fragment=\"1\"><\/iframe><\/p>\n<p><iframe loading=\"lazy\" class=\"wp-embedded-content\" title=\"\u00abFindeter entregar\u00e1 sistema de abastecimiento de agua de Yopal a medias. Para culminar la obra faltan 40 mil millones m\u00e1s.\u00bb \u2014 \u25b7 Noticias de Casanare : Martha Cifuentes | Casanare\" src=\"https:\/\/marthacifuentes.com\/portada\/2022\/03\/23\/findeter-entregara-sistema-de-abastecimiento-de-agua-de-yopal-a-medias-para-culminar-la-obra-faltan-40-mil-millones-mas\/embed\/#?secret=dnSo4cf41u#?secret=itAm7vVZuS\" width=\"600\" height=\"627\" frameborder=\"0\" marginwidth=\"0\" marginheight=\"0\" scrolling=\"no\" sandbox=\"allow-scripts\" data-secret=\"itAm7vVZuS\" data-mce-fragment=\"1\"><\/iframe><\/p>\n<p><iframe loading=\"lazy\" class=\"wp-embedded-content\" title=\"\u00abAlcalde de Yopal reconoci\u00f3 fallas en recolecci\u00f3n de basuras en la Eaaay. Argument\u00f3 que esta qued\u00f3 en malas condiciones luego de la intervenci\u00f3n de la Superservicios.\u00bb \u2014 \u25b7 Noticias de Casanare : Martha Cifuentes | Casanare\" src=\"https:\/\/marthacifuentes.com\/portada\/2022\/03\/23\/alcalde-de-yopal-reconocio-fallas-en-recoleccion-de-basuras-en-la-eaaay-argumento-que-esta-quedo-en-malas-condiciones-luego-de-la-intervencion-de-la-superservicios\/embed\/#?secret=Y2iNFCjodM#?secret=nFqVVq26dc\" width=\"600\" height=\"678\" frameborder=\"0\" marginwidth=\"0\" marginheight=\"0\" scrolling=\"no\" sandbox=\"allow-scripts\" data-secret=\"nFqVVq26dc\" data-mce-fragment=\"1\"><\/iframe><\/p>\n<p><iframe loading=\"lazy\" class=\"wp-embedded-content\" title=\"\u00abSuperservicios vuelve a poner la lupa sobre la Eaaay. Buscar\u00e1 el paso a paso de la recolecci\u00f3n de basuras.\u00bb \u2014 \u25b7 Noticias de Casanare : Martha Cifuentes | Casanare\" src=\"https:\/\/marthacifuentes.com\/portada\/2022\/03\/22\/superservicios-vuelve-a-poner-la-lupa-sobre-la-eaaay-buscara-el-paso-a-paso-de-la-recoleccion-de-basuras\/embed\/#?secret=ehD0OFzy2F#?secret=7DN5Lco4Yu\" width=\"600\" height=\"621\" frameborder=\"0\" marginwidth=\"0\" marginheight=\"0\" scrolling=\"no\" sandbox=\"allow-scripts\" data-secret=\"7DN5Lco4Yu\" data-mce-fragment=\"1\"><\/iframe><\/p>\n<p><iframe loading=\"lazy\" class=\"wp-embedded-content\" title=\"\u00abExgobernador de Casanare Whitman Porras se salv\u00f3 de otra condena.\u00bb \u2014 \u25b7 Noticias de Casanare : Martha Cifuentes | Casanare\" src=\"https:\/\/marthacifuentes.com\/portada\/2022\/03\/22\/exgobernador-de-casanare-whitman-porras-se-salvo-de-otra-condena\/embed\/#?secret=5oFGgFW70J#?secret=3Hp93zYG0S\" width=\"600\" height=\"578\" frameborder=\"0\" marginwidth=\"0\" marginheight=\"0\" scrolling=\"no\" sandbox=\"allow-scripts\" data-secret=\"3Hp93zYG0S\" data-mce-fragment=\"1\"><\/iframe><\/p>\n<p><iframe loading=\"lazy\" class=\"wp-embedded-content\" title=\"\u00abDoris Bernal, la \u201celegida\u201d que nunca dej\u00f3 de serlo, finalmente asumi\u00f3 la direcci\u00f3n de Corporinoquia\u00bb \u2014 \u25b7 Noticias de Casanare : Martha Cifuentes | Casanare\" src=\"https:\/\/marthacifuentes.com\/portada\/2022\/03\/22\/doris-bernal-la-elegida-que-nunca-dejo-de-serlo-finalmente-asumio-la-direccion-de-corporinoquia\/embed\/#?secret=NRAHnyNnyH#?secret=KuFh8rBQa4\" width=\"600\" height=\"621\" frameborder=\"0\" marginwidth=\"0\" marginheight=\"0\" scrolling=\"no\" sandbox=\"allow-scripts\" data-secret=\"KuFh8rBQa4\" data-mce-fragment=\"1\"><\/iframe><\/p>\n<p><iframe loading=\"lazy\" class=\"wp-embedded-content\" title=\"\u00ab\u00bfUribismo promueve un golpe de Estado al pretender reconteo de votos cuando ya no hay cadena de custodia de los mismos?\u00bb \u2014 \u25b7 Noticias de Casanare : Martha Cifuentes | Casanare\" src=\"https:\/\/marthacifuentes.com\/portada\/2022\/03\/22\/uribismo-promueve-un-golpe-de-estado-al-pretender-reconteo-de-votos-cuando-ya-no-hay-cadena-de-custodia-de-los-mismos\/embed\/#?secret=hLq6YARaoh#?secret=j62lODnyyr\" width=\"600\" height=\"649\" frameborder=\"0\" marginwidth=\"0\" marginheight=\"0\" scrolling=\"no\" sandbox=\"allow-scripts\" data-secret=\"j62lODnyyr\" data-mce-fragment=\"1\"><\/iframe><\/p>\n<p><iframe loading=\"lazy\" class=\"wp-embedded-content\" title=\"\u00abOtro feminicidio en Casanare. Hombre asesin\u00f3 a su compa\u00f1era porque quer\u00eda separarse\u00bb \u2014 \u25b7 Noticias de Casanare : Martha Cifuentes | Casanare\" src=\"https:\/\/marthacifuentes.com\/portada\/2022\/03\/17\/otro-feminicidio-en-casanare-hombre-asesino-a-su-companera-porque-queria-separarse\/embed\/#?secret=ZRgAqcWRRL#?secret=HqHtqxcBdn\" width=\"600\" height=\"621\" frameborder=\"0\" marginwidth=\"0\" marginheight=\"0\" scrolling=\"no\" sandbox=\"allow-scripts\" data-secret=\"HqHtqxcBdn\" data-mce-fragment=\"1\"><\/iframe><\/p>\n<p><iframe loading=\"lazy\" class=\"wp-embedded-content\" title=\"\u00abCerro El Venado de Yopal, arde. Gesti\u00f3n del Riesgo, Bomberos y FAC atienden emergencia\u00bb \u2014 \u25b7 Noticias de Casanare : Martha Cifuentes | Casanare\" src=\"https:\/\/marthacifuentes.com\/portada\/2022\/03\/17\/cerro-el-venado-de-yopal-arde-gestion-del-riesgo-bomberos-y-fac-atienden-emergencia\/embed\/#?secret=nCQuxHAdwu#?secret=2DmxaXQHHP\" width=\"600\" height=\"621\" frameborder=\"0\" marginwidth=\"0\" marginheight=\"0\" scrolling=\"no\" sandbox=\"allow-scripts\" data-secret=\"2DmxaXQHHP\" data-mce-fragment=\"1\"><\/iframe><\/p>\n<p><iframe loading=\"lazy\" class=\"wp-embedded-content\" title=\"\u00abProceso penal contra Celem\u00edn por contrataci\u00f3n indebida en planta modular de Yopal, va a paso de tortuga. Suspendida audiencia preparatoria del juicio.\u00bb \u2014 \u25b7 Noticias de Casanare : Martha Cifuentes | Casanare\" src=\"https:\/\/marthacifuentes.com\/portada\/2022\/03\/17\/proceso-penal-contra-celemin-por-contratacion-indebida-en-planta-modular-de-yopal-va-a-paso-de-tortuga-suspendida-audiencia-preparatoria-del-juicio\/embed\/#?secret=l22jVcbD4s#?secret=vYGui00IUH\" width=\"600\" height=\"649\" frameborder=\"0\" marginwidth=\"0\" marginheight=\"0\" scrolling=\"no\" sandbox=\"allow-scripts\" data-secret=\"vYGui00IUH\" data-mce-fragment=\"1\"><\/iframe><\/p>\n<p><iframe loading=\"lazy\" class=\"wp-embedded-content\" title=\"\u00abEmpresarios de Casanare y Yopal creen que inseguridad aument\u00f3, seg\u00fan encuesta de C\u00e1mara de Comercio. Alcalde Luis Eduardo Castro neg\u00f3 que esto fuera cierto.\u00bb \u2014 \u25b7 Noticias de Casanare : Martha Cifuentes | Casanare\" src=\"https:\/\/marthacifuentes.com\/portada\/2022\/03\/17\/empresarios-de-casanare-y-yopal-creen-que-inseguridad-aumento-segun-encuesta-de-camara-de-comercio-alcalde-luis-eduardo-castro-nego-que-esto-fuera-cierto\/embed\/#?secret=Q439tVgO91#?secret=d7Eee43qcR\" width=\"600\" height=\"678\" frameborder=\"0\" marginwidth=\"0\" marginheight=\"0\" scrolling=\"no\" sandbox=\"allow-scripts\" data-secret=\"d7Eee43qcR\" data-mce-fragment=\"1\"><\/iframe><\/p>\n<p><iframe loading=\"lazy\" class=\"wp-embedded-content\" title=\"\u00abCasanare\u00f1a Constanza Engativ\u00e1 participar\u00e1 en evento de inform\u00e1tica m\u00e9dica\u00a0m\u00e1s grande del mundo\u00bb \u2014 \u25b7 Noticias de Casanare : Martha Cifuentes | Casanare\" src=\"https:\/\/marthacifuentes.com\/portada\/2022\/03\/15\/casanarena-constanza-engativa-participara-en-evento-de-informatica-medica-mas-grande-del-mundo\/embed\/#?secret=BBqpbitIrl#?secret=xzXoImbrfq\" width=\"600\" height=\"621\" frameborder=\"0\" marginwidth=\"0\" marginheight=\"0\" scrolling=\"no\" sandbox=\"allow-scripts\" data-secret=\"xzXoImbrfq\" data-mce-fragment=\"1\"><\/iframe><\/p>\n<p><iframe loading=\"lazy\" class=\"wp-embedded-content\" title=\"\u00abPetro sorprende en tierra uribista. Logr\u00f3 25 mil votos en consulta en Casanare.\u00bb \u2014 \u25b7 Noticias de Casanare : Martha Cifuentes | Casanare\" src=\"https:\/\/marthacifuentes.com\/portada\/2022\/03\/15\/petro-sorprende-en-tierra-uribista-logro-25-mil-votos-en-consulta-en-casanare\/embed\/#?secret=Op2BWi3w7G#?secret=yNvx9DPoG6\" width=\"600\" height=\"621\" frameborder=\"0\" marginwidth=\"0\" marginheight=\"0\" scrolling=\"no\" sandbox=\"allow-scripts\" data-secret=\"yNvx9DPoG6\" data-mce-fragment=\"1\"><\/iframe><\/p>\n<p><iframe loading=\"lazy\" class=\"wp-embedded-content\" title=\"\u00abEn el Senado hubo cambio de sombreros y g\u00e9nero por Casanare. Entr\u00f3 Alirio Barrera y sali\u00f3 Amanda Gonz\u00e1lez.\u00bb \u2014 \u25b7 Noticias de Casanare : Martha Cifuentes | Casanare\" src=\"https:\/\/marthacifuentes.com\/portada\/2022\/03\/15\/en-el-senado-hubo-cambio-de-sombreros-y-genero-por-casanare-entro-alirio-barrera-y-salio-amanda-gonzalez\/embed\/#?secret=7evBZL9b2P#?secret=OWSr3S36EW\" width=\"600\" height=\"569\" frameborder=\"0\" marginwidth=\"0\" marginheight=\"0\" scrolling=\"no\" sandbox=\"allow-scripts\" data-secret=\"OWSr3S36EW\" data-mce-fragment=\"1\"><\/iframe><\/p>\n<p><iframe loading=\"lazy\" class=\"wp-embedded-content\" title=\"\u00abHugo Archila y Vladimir Olaya, triunfadores, electos a la C\u00e1mara por Casanare, pero\u2026 ya se ciernen demandas de sus credenciales\u00bb \u2014 \u25b7 Noticias de Casanare : Martha Cifuentes | Casanare\" src=\"https:\/\/marthacifuentes.com\/portada\/2022\/03\/15\/hugo-archila-y-vladimir-olaya-triunfadores-electos-a-la-camara-por-casanare-pero-ya-se-ciernen-demandas-de-sus-credenciales\/embed\/#?secret=gq8RSsYdUi#?secret=G5IGK4xb2C\" width=\"600\" height=\"521\" frameborder=\"0\" marginwidth=\"0\" marginheight=\"0\" scrolling=\"no\" sandbox=\"allow-scripts\" data-secret=\"G5IGK4xb2C\" data-mce-fragment=\"1\"><\/iframe><\/p>\n<p><iframe loading=\"lazy\" class=\"wp-embedded-content\" title=\"\u00abNo se exigir\u00e1 carn\u00e9 de vacunaci\u00f3n COVID-19 para votar este 13 de marzo\u00bb \u2014 \u25b7 Noticias de Casanare : Martha Cifuentes | Casanare\" src=\"https:\/\/marthacifuentes.com\/portada\/2022\/03\/13\/no-se-exigira-carne-de-vacunacion-covid-19-para-votar-este-13-de-marzo\/embed\/#?secret=sNzIg55SkY#?secret=BXyaktCek9\" width=\"600\" height=\"621\" frameborder=\"0\" marginwidth=\"0\" marginheight=\"0\" scrolling=\"no\" sandbox=\"allow-scripts\" data-secret=\"BXyaktCek9\" data-mce-fragment=\"1\"><\/iframe><\/p>\n<p><iframe loading=\"lazy\" class=\"wp-embedded-content\" title=\"\u00ab2.810 candidatos aspiran a ser congresistas en elecciones este 13 de marzo en Colombia.\u00bb \u2014 \u25b7 Noticias de Casanare : Martha Cifuentes | Casanare\" src=\"https:\/\/marthacifuentes.com\/portada\/2022\/03\/12\/2-810-candidatos-aspiran-a-ser-congresistas-en-elecciones-este-13-de-marzo-en-colombia\/embed\/#?secret=2u44RZUGWv#?secret=YHCKCdXi52\" width=\"600\" height=\"621\" frameborder=\"0\" marginwidth=\"0\" marginheight=\"0\" scrolling=\"no\" sandbox=\"allow-scripts\" data-secret=\"YHCKCdXi52\" data-mce-fragment=\"1\"><\/iframe><\/p>\n<p><iframe loading=\"lazy\" class=\"wp-embedded-content\" title=\"\u00abHugo Archila tambi\u00e9n podr\u00eda estar inhabilitado para ser congresista, seg\u00fan sentencia del Consejo de Estado 031 de 2019\u00bb \u2014 \u25b7 Noticias de Casanare : Martha Cifuentes | Casanare\" src=\"https:\/\/marthacifuentes.com\/portada\/2022\/03\/10\/hugo-archila-tambien-podria-estar-inhabilitado-para-ser-congresista-segun-sentencia-del-consejo-de-estado-031-de-2019\/embed\/#?secret=GxPkB8Qp91#?secret=Zp4YDrHorO\" width=\"600\" height=\"649\" frameborder=\"0\" marginwidth=\"0\" marginheight=\"0\" scrolling=\"no\" sandbox=\"allow-scripts\" data-secret=\"Zp4YDrHorO\" data-mce-fragment=\"1\"><\/iframe><\/p>\n<p><iframe loading=\"lazy\" class=\"wp-embedded-content\" title=\"\u00abExgobernador de Casanare Alirio Barrera busca ser el candidato al Senado m\u00e1s votado del Centro Democr\u00e1tico\u00bb \u2014 \u25b7 Noticias de Casanare : Martha Cifuentes | Casanare\" src=\"https:\/\/marthacifuentes.com\/portada\/2022\/03\/09\/exgobernador-de-casanare-alirio-barrera-busca-ser-el-candidato-al-senado-mas-votado-del-centro-democratico\/embed\/#?secret=QR0sdyaD03\" width=\"600\" height=\"626\" frameborder=\"0\" marginwidth=\"0\" marginheight=\"0\" scrolling=\"no\" sandbox=\"allow-scripts\" data-secret=\"QR0sdyaD03\" data-mce-fragment=\"1\"><\/iframe><\/p>\n<p><iframe loading=\"lazy\" class=\"wp-embedded-content\" title=\"\u00abEn d\u00eda de la Mujer se conoce que teniente fue violada por un superior, en Brigada 16 de Yopal\u00bb \u2014 \u25b7 Noticias de Casanare : Martha Cifuentes | Casanare\" src=\"https:\/\/marthacifuentes.com\/portada\/2022\/03\/08\/en-dia-de-la-mujer-se-conoce-que-teniente-fue-violada-por-un-superior-en-brigada-16-de-yopal\/embed\/#?secret=qXoq47pP3q\" width=\"600\" height=\"599\" frameborder=\"0\" marginwidth=\"0\" marginheight=\"0\" scrolling=\"no\" sandbox=\"allow-scripts\" data-secret=\"qXoq47pP3q\" data-mce-fragment=\"1\"><\/iframe><\/p>\n<p><iframe loading=\"lazy\" class=\"wp-embedded-content\" title=\"\u00abSuperservicios requiere a la Eaaay sobre recolecci\u00f3n de basuras en volquetas\u00bb \u2014 \u25b7 Noticias de Casanare : Martha Cifuentes | Casanare\" src=\"https:\/\/marthacifuentes.com\/portada\/2022\/03\/08\/superservicios-requiere-a-la-eaaay-sobre-recoleccion-de-basuras-en-volquetas\/embed\/#?secret=xn4oiXsvcO\" width=\"600\" height=\"621\" frameborder=\"0\" marginwidth=\"0\" marginheight=\"0\" scrolling=\"no\" sandbox=\"allow-scripts\" data-secret=\"xn4oiXsvcO\" data-mce-fragment=\"1\"><\/iframe><\/p>\n<p><iframe loading=\"lazy\" class=\"wp-embedded-content\" title=\"\u00abParece que ahora s\u00ed Consejo Directivo podr\u00e1 elegir director de Corporinoquia. Procuradur\u00eda neg\u00f3 recusaciones contra consejeros.\u00bb \u2014 \u25b7 Noticias de Casanare : Martha Cifuentes | Casanare\" src=\"https:\/\/marthacifuentes.com\/portada\/2022\/03\/08\/parece-que-ahora-si-consejo-directivo-podra-elegir-director-de-corporinoquia-procuraduria-nego-recusaciones-contra-consejeros\/embed\/#?secret=JZGZOHp1TI\" width=\"600\" height=\"649\" frameborder=\"0\" marginwidth=\"0\" marginheight=\"0\" scrolling=\"no\" sandbox=\"allow-scripts\" data-secret=\"JZGZOHp1TI\" data-mce-fragment=\"1\"><\/iframe><\/p>\n<p><iframe loading=\"lazy\" class=\"wp-embedded-content\" title=\"\u00abAlcaldesa de Paz de Ariporo niega estar haciendo campa\u00f1a pol\u00edtica a favor de candidatos del Centro Democr\u00e1tico\u00bb \u2014 \u25b7 Noticias de Casanare : Martha Cifuentes | Casanare\" src=\"https:\/\/marthacifuentes.com\/portada\/2022\/03\/07\/alcaldesa-de-paz-de-ariporo-niega-estar-haciendo-campana-politica-a-favor-de-candidatos-del-centro-democratico\/embed\/#?secret=Xku6dMIhIP\" width=\"600\" height=\"649\" frameborder=\"0\" marginwidth=\"0\" marginheight=\"0\" scrolling=\"no\" sandbox=\"allow-scripts\" data-secret=\"Xku6dMIhIP\" data-mce-fragment=\"1\"><\/iframe><\/p>\n<p><iframe loading=\"lazy\" class=\"wp-embedded-content\" title=\"\u00abCamilo Abril Jaimes, exparlamentario de Casanare alerta sobre posible \u201coferta de venta\u201d de votos tras encuestas\u00bb \u2014 \u25b7 Noticias de Casanare : Martha Cifuentes | Casanare\" src=\"https:\/\/marthacifuentes.com\/portada\/2022\/03\/07\/camilo-abril-jaimes-exparlamentario-de-casanare-alerta-sobre-posible-oferta-de-venta-de-votos-tras-encuestas\/embed\/#?secret=yXX4rKSCqW\" width=\"600\" height=\"649\" frameborder=\"0\" marginwidth=\"0\" marginheight=\"0\" scrolling=\"no\" sandbox=\"allow-scripts\" data-secret=\"yXX4rKSCqW\" data-mce-fragment=\"1\"><\/iframe><\/p>\n<p><iframe loading=\"lazy\" class=\"wp-embedded-content\" title=\"\u00abUn centenar de amigos de Alirio Barrera no apoyar\u00e1n candidatos a la C\u00e1mara sino a Hugo Archila del partido Liberal\u00bb \u2014 \u25b7 Noticias de Casanare : Martha Cifuentes | Casanare\" src=\"https:\/\/marthacifuentes.com\/portada\/2022\/03\/07\/un-centenar-de-amigos-de-alirio-barrera-no-apoyaran-candidatos-a-la-camara-sino-a-hugo-archila-del-partido-liberal\/embed\/#?secret=AHl2bTqJaS\" width=\"600\" height=\"649\" frameborder=\"0\" marginwidth=\"0\" marginheight=\"0\" scrolling=\"no\" sandbox=\"allow-scripts\" data-secret=\"AHl2bTqJaS\" data-mce-fragment=\"1\"><\/iframe><\/p>\n<p>&nbsp;<\/p>\n<p>&nbsp;<\/p>\n","protected":false},"excerpt":{"rendered":"<p>Una tragedia familiar y social ocurri\u00f3 anoche en Yopal. Un ni\u00f1o de 15 a\u00f1os identificado como Juan Eduardo Totaitive y su mam\u00e1 Carolina Totaitive de 34 a\u00f1os, fueron asesinados por el compa\u00f1ero sentimental de esta, identificado como Jairo Alcides V\u00e1squez Gir\u00f3n en hechos ocurridos en la calle 23 con carrera 29\u00aa, barrio Caribabare de Yopal. &hellip;<\/p>\n","protected":false},"author":2,"featured_media":28759,"comment_status":"open","ping_status":"open","sticky":false,"template":"","format":"standard","meta":{"om_disable_all_campaigns":false,"_exactmetrics_skip_tracking":false,"_exactmetrics_sitenote_active":false,"_exactmetrics_sitenote_note":"","_exactmetrics_sitenote_category":0,"_monsterinsights_skip_tracking":false,"_monsterinsights_sitenote_active":false,"_monsterinsights_sitenote_note":"","_monsterinsights_sitenote_category":0,"_uf_show_specific_survey":0,"_uf_disable_surveys":false,"_joinchat":[],"footnotes":""},"categories":[147,146,145],"tags":[7154,7153,1400,1421],"class_list":["post-28758","post","type-post","status-publish","format-standard","has-post-thumbnail","hentry","category-actualidad","category-noticias","category-reportajes","tag-funcionario-de-la-fiscalia-mato-a-esposa-e-hijastro-en-yopal","tag-hombre-asesina-a-su-pareja-e-hijastro-en-yopal","tag-noticias-casanare","tag-noticias-yopal"],"yoast_head":"<!-- This site is optimized with the Yoast SEO plugin v26.1 - https:\/\/yoast.com\/wordpress\/plugins\/seo\/ -->\n<title>Funcionario de la Fiscal\u00eda mat\u00f3 a su pareja e hijastro de 15 a\u00f1os en Yopal y luego intent\u00f3 quitarse la vida. - \u25b7 Noticias de Casanare : Martha Cifuentes | Casanare<\/title>\n<meta name=\"robots\" content=\"index, follow, max-snippet:-1, max-image-preview:large, max-video-preview:-1\" \/>\n<link rel=\"canonical\" href=\"https:\/\/marthacifuentes.com\/portada\/funcionario-de-la-fiscalia-mato-a-su-pareja-e-hijastro-de-15-anos-en-yopal-y-luego-intento-quitarse-la-vida\/\" \/>\n<meta property=\"og:locale\" content=\"es_ES\" \/>\n<meta property=\"og:type\" content=\"article\" \/>\n<meta property=\"og:title\" content=\"Funcionario de la Fiscal\u00eda mat\u00f3 a su pareja e hijastro de 15 a\u00f1os en Yopal y luego intent\u00f3 quitarse la vida. - \u25b7 Noticias de Casanare : Martha Cifuentes | Casanare\" \/>\n<meta property=\"og:description\" content=\"Una tragedia familiar y social ocurri\u00f3 anoche en Yopal. Un ni\u00f1o de 15 a\u00f1os identificado como Juan Eduardo Totaitive y su mam\u00e1 Carolina Totaitive de 34 a\u00f1os, fueron asesinados por el compa\u00f1ero sentimental de esta, identificado como Jairo Alcides V\u00e1squez Gir\u00f3n en hechos ocurridos en la calle 23 con carrera 29\u00aa, barrio Caribabare de Yopal. &hellip;\" \/>\n<meta property=\"og:url\" content=\"https:\/\/marthacifuentes.com\/portada\/funcionario-de-la-fiscalia-mato-a-su-pareja-e-hijastro-de-15-anos-en-yopal-y-luego-intento-quitarse-la-vida\/\" \/>\n<meta property=\"og:site_name\" content=\"\u25b7 Noticias de Casanare : Martha Cifuentes | Casanare\" \/>\n<meta property=\"article:published_time\" content=\"2022-04-01T11:24:24+00:00\" \/>\n<meta property=\"og:image\" content=\"https:\/\/marthacifuentes.com\/portada\/wp-content\/uploads\/2022\/04\/277507233_5053643191348039_7647753349007396205_n.jpg\" \/>\n\t<meta property=\"og:image:width\" content=\"1080\" \/>\n\t<meta property=\"og:image:height\" content=\"608\" \/>\n\t<meta property=\"og:image:type\" content=\"image\/jpeg\" \/>\n<meta name=\"author\" content=\"Martha Cifuentes\" \/>\n<meta name=\"twitter:card\" content=\"summary_large_image\" \/>\n<meta name=\"twitter:label1\" content=\"Escrito por\" \/>\n\t<meta name=\"twitter:data1\" content=\"Martha Cifuentes\" \/>\n\t<meta name=\"twitter:label2\" content=\"Tiempo de lectura\" \/>\n\t<meta name=\"twitter:data2\" content=\"2 minutos\" \/>\n<script type=\"application\/ld+json\" class=\"yoast-schema-graph\">{\"@context\":\"https:\/\/schema.org\",\"@graph\":[{\"@type\":\"WebPage\",\"@id\":\"https:\/\/marthacifuentes.com\/portada\/funcionario-de-la-fiscalia-mato-a-su-pareja-e-hijastro-de-15-anos-en-yopal-y-luego-intento-quitarse-la-vida\/\",\"url\":\"https:\/\/marthacifuentes.com\/portada\/funcionario-de-la-fiscalia-mato-a-su-pareja-e-hijastro-de-15-anos-en-yopal-y-luego-intento-quitarse-la-vida\/\",\"name\":\"Funcionario de la Fiscal\u00eda mat\u00f3 a su pareja e hijastro de 15 a\u00f1os en Yopal y luego intent\u00f3 quitarse la vida. - \u25b7 Noticias de Casanare : Martha Cifuentes | Casanare\",\"isPartOf\":{\"@id\":\"https:\/\/marthacifuentes.com\/portada\/#website\"},\"primaryImageOfPage\":{\"@id\":\"https:\/\/marthacifuentes.com\/portada\/funcionario-de-la-fiscalia-mato-a-su-pareja-e-hijastro-de-15-anos-en-yopal-y-luego-intento-quitarse-la-vida\/#primaryimage\"},\"image\":{\"@id\":\"https:\/\/marthacifuentes.com\/portada\/funcionario-de-la-fiscalia-mato-a-su-pareja-e-hijastro-de-15-anos-en-yopal-y-luego-intento-quitarse-la-vida\/#primaryimage\"},\"thumbnailUrl\":\"https:\/\/marthacifuentes.com\/portada\/wp-content\/uploads\/2022\/04\/277507233_5053643191348039_7647753349007396205_n.jpg\",\"datePublished\":\"2022-04-01T11:24:24+00:00\",\"author\":{\"@id\":\"https:\/\/marthacifuentes.com\/portada\/#\/schema\/person\/57f53174b991db5f90ff78d58502b714\"},\"breadcrumb\":{\"@id\":\"https:\/\/marthacifuentes.com\/portada\/funcionario-de-la-fiscalia-mato-a-su-pareja-e-hijastro-de-15-anos-en-yopal-y-luego-intento-quitarse-la-vida\/#breadcrumb\"},\"inLanguage\":\"es\",\"potentialAction\":[{\"@type\":\"ReadAction\",\"target\":[\"https:\/\/marthacifuentes.com\/portada\/funcionario-de-la-fiscalia-mato-a-su-pareja-e-hijastro-de-15-anos-en-yopal-y-luego-intento-quitarse-la-vida\/\"]}]},{\"@type\":\"ImageObject\",\"inLanguage\":\"es\",\"@id\":\"https:\/\/marthacifuentes.com\/portada\/funcionario-de-la-fiscalia-mato-a-su-pareja-e-hijastro-de-15-anos-en-yopal-y-luego-intento-quitarse-la-vida\/#primaryimage\",\"url\":\"https:\/\/marthacifuentes.com\/portada\/wp-content\/uploads\/2022\/04\/277507233_5053643191348039_7647753349007396205_n.jpg\",\"contentUrl\":\"https:\/\/marthacifuentes.com\/portada\/wp-content\/uploads\/2022\/04\/277507233_5053643191348039_7647753349007396205_n.jpg\",\"width\":1080,\"height\":608},{\"@type\":\"BreadcrumbList\",\"@id\":\"https:\/\/marthacifuentes.com\/portada\/funcionario-de-la-fiscalia-mato-a-su-pareja-e-hijastro-de-15-anos-en-yopal-y-luego-intento-quitarse-la-vida\/#breadcrumb\",\"itemListElement\":[{\"@type\":\"ListItem\",\"position\":1,\"name\":\"Portada\",\"item\":\"https:\/\/marthacifuentes.com\/portada\/\"},{\"@type\":\"ListItem\",\"position\":2,\"name\":\"Funcionario de la Fiscal\u00eda mat\u00f3 a su pareja e hijastro de 15 a\u00f1os en Yopal y luego intent\u00f3 quitarse la vida.\"}]},{\"@type\":\"WebSite\",\"@id\":\"https:\/\/marthacifuentes.com\/portada\/#website\",\"url\":\"https:\/\/marthacifuentes.com\/portada\/\",\"name\":\"\u25b7 Noticias de Casanare : Martha Cifuentes | Casanare\",\"description\":\"Noticias &amp; Contenidos\",\"potentialAction\":[{\"@type\":\"SearchAction\",\"target\":{\"@type\":\"EntryPoint\",\"urlTemplate\":\"https:\/\/marthacifuentes.com\/portada\/?s={search_term_string}\"},\"query-input\":{\"@type\":\"PropertyValueSpecification\",\"valueRequired\":true,\"valueName\":\"search_term_string\"}}],\"inLanguage\":\"es\"},{\"@type\":\"Person\",\"@id\":\"https:\/\/marthacifuentes.com\/portada\/#\/schema\/person\/57f53174b991db5f90ff78d58502b714\",\"name\":\"Martha Cifuentes\",\"image\":{\"@type\":\"ImageObject\",\"inLanguage\":\"es\",\"@id\":\"https:\/\/marthacifuentes.com\/portada\/#\/schema\/person\/image\/\",\"url\":\"http:\/\/marthacifuentes.com\/portada\/wp-content\/uploads\/2018\/06\/avatar_user_2_1528838701-96x96.jpg\",\"contentUrl\":\"http:\/\/marthacifuentes.com\/portada\/wp-content\/uploads\/2018\/06\/avatar_user_2_1528838701-96x96.jpg\",\"caption\":\"Martha Cifuentes\"},\"sameAs\":[\"http:\/\/www.marthacifuentes.com\"],\"url\":\"https:\/\/marthacifuentes.com\/portada\/author\/martha\/\"}]}<\/script>\n<!-- \/ Yoast SEO plugin. -->","yoast_head_json":{"title":"Funcionario de la Fiscal\u00eda mat\u00f3 a su pareja e hijastro de 15 a\u00f1os en Yopal y luego intent\u00f3 quitarse la vida. - \u25b7 Noticias de Casanare : Martha Cifuentes | Casanare","robots":{"index":"index","follow":"follow","max-snippet":"max-snippet:-1","max-image-preview":"max-image-preview:large","max-video-preview":"max-video-preview:-1"},"canonical":"https:\/\/marthacifuentes.com\/portada\/funcionario-de-la-fiscalia-mato-a-su-pareja-e-hijastro-de-15-anos-en-yopal-y-luego-intento-quitarse-la-vida\/","og_locale":"es_ES","og_type":"article","og_title":"Funcionario de la Fiscal\u00eda mat\u00f3 a su pareja e hijastro de 15 a\u00f1os en Yopal y luego intent\u00f3 quitarse la vida. - \u25b7 Noticias de Casanare : Martha Cifuentes | Casanare","og_description":"Una tragedia familiar y social ocurri\u00f3 anoche en Yopal. Un ni\u00f1o de 15 a\u00f1os identificado como Juan Eduardo Totaitive y su mam\u00e1 Carolina Totaitive de 34 a\u00f1os, fueron asesinados por el compa\u00f1ero sentimental de esta, identificado como Jairo Alcides V\u00e1squez Gir\u00f3n en hechos ocurridos en la calle 23 con carrera 29\u00aa, barrio Caribabare de Yopal. &hellip;","og_url":"https:\/\/marthacifuentes.com\/portada\/funcionario-de-la-fiscalia-mato-a-su-pareja-e-hijastro-de-15-anos-en-yopal-y-luego-intento-quitarse-la-vida\/","og_site_name":"\u25b7 Noticias de Casanare : Martha Cifuentes | Casanare","article_published_time":"2022-04-01T11:24:24+00:00","og_image":[{"width":1080,"height":608,"url":"https:\/\/marthacifuentes.com\/portada\/wp-content\/uploads\/2022\/04\/277507233_5053643191348039_7647753349007396205_n.jpg","type":"image\/jpeg"}],"author":"Martha Cifuentes","twitter_card":"summary_large_image","twitter_misc":{"Escrito por":"Martha Cifuentes","Tiempo de lectura":"2 minutos"},"schema":{"@context":"https:\/\/schema.org","@graph":[{"@type":"WebPage","@id":"https:\/\/marthacifuentes.com\/portada\/funcionario-de-la-fiscalia-mato-a-su-pareja-e-hijastro-de-15-anos-en-yopal-y-luego-intento-quitarse-la-vida\/","url":"https:\/\/marthacifuentes.com\/portada\/funcionario-de-la-fiscalia-mato-a-su-pareja-e-hijastro-de-15-anos-en-yopal-y-luego-intento-quitarse-la-vida\/","name":"Funcionario de la Fiscal\u00eda mat\u00f3 a su pareja e hijastro de 15 a\u00f1os en Yopal y luego intent\u00f3 quitarse la vida. - \u25b7 Noticias de Casanare : Martha Cifuentes | Casanare","isPartOf":{"@id":"https:\/\/marthacifuentes.com\/portada\/#website"},"primaryImageOfPage":{"@id":"https:\/\/marthacifuentes.com\/portada\/funcionario-de-la-fiscalia-mato-a-su-pareja-e-hijastro-de-15-anos-en-yopal-y-luego-intento-quitarse-la-vida\/#primaryimage"},"image":{"@id":"https:\/\/marthacifuentes.com\/portada\/funcionario-de-la-fiscalia-mato-a-su-pareja-e-hijastro-de-15-anos-en-yopal-y-luego-intento-quitarse-la-vida\/#primaryimage"},"thumbnailUrl":"https:\/\/marthacifuentes.com\/portada\/wp-content\/uploads\/2022\/04\/277507233_5053643191348039_7647753349007396205_n.jpg","datePublished":"2022-04-01T11:24:24+00:00","author":{"@id":"https:\/\/marthacifuentes.com\/portada\/#\/schema\/person\/57f53174b991db5f90ff78d58502b714"},"breadcrumb":{"@id":"https:\/\/marthacifuentes.com\/portada\/funcionario-de-la-fiscalia-mato-a-su-pareja-e-hijastro-de-15-anos-en-yopal-y-luego-intento-quitarse-la-vida\/#breadcrumb"},"inLanguage":"es","potentialAction":[{"@type":"ReadAction","target":["https:\/\/marthacifuentes.com\/portada\/funcionario-de-la-fiscalia-mato-a-su-pareja-e-hijastro-de-15-anos-en-yopal-y-luego-intento-quitarse-la-vida\/"]}]},{"@type":"ImageObject","inLanguage":"es","@id":"https:\/\/marthacifuentes.com\/portada\/funcionario-de-la-fiscalia-mato-a-su-pareja-e-hijastro-de-15-anos-en-yopal-y-luego-intento-quitarse-la-vida\/#primaryimage","url":"https:\/\/marthacifuentes.com\/portada\/wp-content\/uploads\/2022\/04\/277507233_5053643191348039_7647753349007396205_n.jpg","contentUrl":"https:\/\/marthacifuentes.com\/portada\/wp-content\/uploads\/2022\/04\/277507233_5053643191348039_7647753349007396205_n.jpg","width":1080,"height":608},{"@type":"BreadcrumbList","@id":"https:\/\/marthacifuentes.com\/portada\/funcionario-de-la-fiscalia-mato-a-su-pareja-e-hijastro-de-15-anos-en-yopal-y-luego-intento-quitarse-la-vida\/#breadcrumb","itemListElement":[{"@type":"ListItem","position":1,"name":"Portada","item":"https:\/\/marthacifuentes.com\/portada\/"},{"@type":"ListItem","position":2,"name":"Funcionario de la Fiscal\u00eda mat\u00f3 a su pareja e hijastro de 15 a\u00f1os en Yopal y luego intent\u00f3 quitarse la vida."}]},{"@type":"WebSite","@id":"https:\/\/marthacifuentes.com\/portada\/#website","url":"https:\/\/marthacifuentes.com\/portada\/","name":"\u25b7 Noticias de Casanare : Martha Cifuentes | Casanare","description":"Noticias &amp; Contenidos","potentialAction":[{"@type":"SearchAction","target":{"@type":"EntryPoint","urlTemplate":"https:\/\/marthacifuentes.com\/portada\/?s={search_term_string}"},"query-input":{"@type":"PropertyValueSpecification","valueRequired":true,"valueName":"search_term_string"}}],"inLanguage":"es"},{"@type":"Person","@id":"https:\/\/marthacifuentes.com\/portada\/#\/schema\/person\/57f53174b991db5f90ff78d58502b714","name":"Martha Cifuentes","image":{"@type":"ImageObject","inLanguage":"es","@id":"https:\/\/marthacifuentes.com\/portada\/#\/schema\/person\/image\/","url":"http:\/\/marthacifuentes.com\/portada\/wp-content\/uploads\/2018\/06\/avatar_user_2_1528838701-96x96.jpg","contentUrl":"http:\/\/marthacifuentes.com\/portada\/wp-content\/uploads\/2018\/06\/avatar_user_2_1528838701-96x96.jpg","caption":"Martha Cifuentes"},"sameAs":["http:\/\/www.marthacifuentes.com"],"url":"https:\/\/marthacifuentes.com\/portada\/author\/martha\/"}]}},"_links":{"self":[{"href":"https:\/\/marthacifuentes.com\/portada\/wp-json\/wp\/v2\/posts\/28758","targetHints":{"allow":["GET"]}}],"collection":[{"href":"https:\/\/marthacifuentes.com\/portada\/wp-json\/wp\/v2\/posts"}],"about":[{"href":"https:\/\/marthacifuentes.com\/portada\/wp-json\/wp\/v2\/types\/post"}],"author":[{"embeddable":true,"href":"https:\/\/marthacifuentes.com\/portada\/wp-json\/wp\/v2\/users\/2"}],"replies":[{"embeddable":true,"href":"https:\/\/marthacifuentes.com\/portada\/wp-json\/wp\/v2\/comments?post=28758"}],"version-history":[{"count":1,"href":"https:\/\/marthacifuentes.com\/portada\/wp-json\/wp\/v2\/posts\/28758\/revisions"}],"predecessor-version":[{"id":28760,"href":"https:\/\/marthacifuentes.com\/portada\/wp-json\/wp\/v2\/posts\/28758\/revisions\/28760"}],"wp:featuredmedia":[{"embeddable":true,"href":"https:\/\/marthacifuentes.com\/portada\/wp-json\/wp\/v2\/media\/28759"}],"wp:attachment":[{"href":"https:\/\/marthacifuentes.com\/portada\/wp-json\/wp\/v2\/media?parent=28758"}],"wp:term":[{"taxonomy":"category","embeddable":true,"href":"https:\/\/marthacifuentes.com\/portada\/wp-json\/wp\/v2\/categories?post=28758"},{"taxonomy":"post_tag","embeddable":true,"href":"https:\/\/marthacifuentes.com\/portada\/wp-json\/wp\/v2\/tags?post=28758"}],"curies":[{"name":"wp","href":"https:\/\/api.w.org\/{rel}","templated":true}]}}