{"id":28780,"date":"2022-04-05T11:16:14","date_gmt":"2022-04-05T16:16:14","guid":{"rendered":"https:\/\/marthacifuentes.com\/portada\/?p=28780"},"modified":"2022-04-05T11:18:49","modified_gmt":"2022-04-05T16:18:49","slug":"autoridades-de-casanare-incluida-corporinoquia-niegan-mortandad-de-chiguiros","status":"publish","type":"post","link":"https:\/\/marthacifuentes.com\/portada\/autoridades-de-casanare-incluida-corporinoquia-niegan-mortandad-de-chiguiros\/","title":{"rendered":"Autoridades de Casanare, incluida Corporinoquia, niegan mortandad de chig\u00fciros"},"content":{"rendered":"<p style=\"text-align: justify;\">En relaci\u00f3n a las noticias sobre mortandad de chig\u00fciros en la zona norte de Casanare, la Gobernaci\u00f3n de Casanare neg\u00f3 que se est\u00e9n presentando muertes de los roedores por sequ\u00eda en los denominados pr\u00e9stamos laterales de la v\u00eda Centro Gait\u00e1n y Normand\u00eda de Paz de Ariporo.<\/p>\n<p style=\"text-align: justify;\">Guillermo P\u00e9rez responsable de la Gesti\u00f3n del Riesgo de Desastres en este departamento, informa que, aunque en la zona la oferta h\u00eddrica se ha reducido al m\u00ednimo, la distribuci\u00f3n que se hace con carrotanques desde el mes de enero ha mantenido con vida esta especie. Se precis\u00f3 que los abrevaderos construidos en el a\u00f1o 2021 en la vereda La Libertad y Libertad sector El Trompillo; y los construidos en otras administraciones, han venido resguardando la fauna silvestre, en puntos caracterizados, distantes de la carretera.<\/p>\n<p style=\"text-align: justify;\">Por su parte el m\u00e9dico veterinario zootecnista, magister en ciencias veterinarias del tr\u00f3pico y director cient\u00edfico de la Fundaci\u00f3n Cunaguaro Biodiversidad y Cultura, C\u00e9sar Rojano Bola\u00f1o, expres\u00f3 que \u201cla mortalidad de chig\u00fciros en \u00e9poca seca es un evento \u201cnormal\u201d en el llano. Hace parte de las din\u00e1micas poblacionales en la zona y tal vez deba ocurrir siempre (en niveles esperados). Esta especie lleva miles de a\u00f1os sobreviviendo a las sequ\u00edas, sin necesitarnos. La poblaci\u00f3n en esta zona necesita un mejor manejo, no superh\u00e9roes que vayan a salvarlos\u201d.<\/p>\n<p style=\"text-align: justify;\">Agreg\u00f3 que la conservaci\u00f3n de la biodiversidad en esa zona de Paz de Ariporo requiere medidas reales de protecci\u00f3n del ecosistema y no solo de una peque\u00f1a parte de la poblaci\u00f3n de chig\u00fciros. \u201cIr todos los a\u00f1os a rellenar \u00e1reas de pr\u00e9stamo con agua extra\u00edda de otra zona es casi que, literal, traer pa\u00f1itos de agua tibia. Es la historia de siempre: invertir muchos recursos en soluciones vanas, mientras que las medidas reales y de fondo quedan olvidadas\u201d.<\/p>\n<p style=\"text-align: justify;\">Se hace importante planificar el territorio, delimitando \u00e1reas agr\u00edcolas; recuperar las din\u00e1micas hidrol\u00f3gicas perdidas por la construcci\u00f3n de carreteables; fortalecer la ganader\u00eda tradicional y sus mecanismos tradicionales de cosecha de agua (tapas), y adem\u00e1s, el aprovechamiento sostenible del chig\u00fciro, para mantener poblaciones controladas, entre otros.<\/p>\n<p style=\"text-align: justify;\">Por su parte la directora de Corporinoquia, Doris Bernal, neg\u00f3 que hubiera mortandad de chig\u00fciros como se ha ventilado en medios nacionales. Agreg\u00f3 que, si bien todav\u00eda hay sequ\u00eda, que no es extrema como en otros a\u00f1os, las instituciones han estado atentas a proveer de agua en zonas cr\u00edticas y los animales muertos han sido relativamente pocos.<\/p>\n<h2><strong>Otras noticias\u2026<\/strong><\/h2>\n<blockquote class=\"wp-embedded-content\" data-secret=\"VCkgZpznrn\"><p><a href=\"https:\/\/marthacifuentes.com\/portada\/2022\/04\/05\/migrantes-ya-cuentan-con-puesto-de-atencion-humanitaria-en-paz-de-ariporo\/\">Migrantes ya cuentan con Puesto de Atenci\u00f3n Humanitaria en Paz de Ariporo.<\/a><\/p><\/blockquote>\n<p><iframe loading=\"lazy\" class=\"wp-embedded-content\" sandbox=\"allow-scripts\" security=\"restricted\" style=\"position: absolute; clip: rect(1px, 1px, 1px, 1px);\" title=\"\u00abMigrantes ya cuentan con Puesto de Atenci\u00f3n Humanitaria en Paz de Ariporo.\u00bb \u2014 \u25b7 Noticias de Casanare : Martha Cifuentes | Casanare\" src=\"https:\/\/marthacifuentes.com\/portada\/2022\/04\/05\/migrantes-ya-cuentan-con-puesto-de-atencion-humanitaria-en-paz-de-ariporo\/embed\/#?secret=1I9okONjRX#?secret=VCkgZpznrn\" data-secret=\"VCkgZpznrn\" width=\"500\" height=\"282\" frameborder=\"0\" marginwidth=\"0\" marginheight=\"0\" scrolling=\"no\"><\/iframe><\/p>\n<blockquote class=\"wp-embedded-content\" data-secret=\"2QQrofBL5k\"><p><a href=\"https:\/\/marthacifuentes.com\/portada\/2022\/04\/05\/grupo-de-teatro-akelarre-y-la-colectiva-feminista-la-paraulata-protesto-ante-la-casa-de-la-justicia-y-fiscalia-en-yopal-por-violencia-contra-la-mujer\/\">Grupo de teatro Akelarre y la colectiva feminista La Paraulata protest\u00f3 ante la Casa de la Justicia y Fiscal\u00eda en Yopal por violencia contra la mujer<\/a><\/p><\/blockquote>\n<p><iframe loading=\"lazy\" class=\"wp-embedded-content\" sandbox=\"allow-scripts\" security=\"restricted\" style=\"position: absolute; clip: rect(1px, 1px, 1px, 1px);\" title=\"\u00abGrupo de teatro Akelarre y la colectiva feminista La Paraulata protest\u00f3 ante la Casa de la Justicia y Fiscal\u00eda en Yopal por violencia contra la mujer\u00bb \u2014 \u25b7 Noticias de Casanare : Martha Cifuentes | Casanare\" src=\"https:\/\/marthacifuentes.com\/portada\/2022\/04\/05\/grupo-de-teatro-akelarre-y-la-colectiva-feminista-la-paraulata-protesto-ante-la-casa-de-la-justicia-y-fiscalia-en-yopal-por-violencia-contra-la-mujer\/embed\/#?secret=SWMp3NE8DP#?secret=2QQrofBL5k\" data-secret=\"2QQrofBL5k\" width=\"500\" height=\"282\" frameborder=\"0\" marginwidth=\"0\" marginheight=\"0\" scrolling=\"no\"><\/iframe><\/p>\n<p><iframe loading=\"lazy\" class=\"wp-embedded-content\" title=\"\u00abA la c\u00e1rcel sujeto que amenaz\u00f3 con quemarle la ropa de su pareja si no acced\u00eda a intimar con \u00e9l.\u00bb \u2014 \u25b7 Noticias de Casanare : Martha Cifuentes | Casanare\" src=\"https:\/\/marthacifuentes.com\/portada\/2022\/04\/05\/a-la-carcel-sujeto-que-amenazo-con-quemarle-la-ropa-de-su-pareja-si-no-accedia-a-intimar-con-el\/embed\/#?secret=R8g2nEr0to#?secret=bO1lL9UXON\" width=\"600\" height=\"596\" frameborder=\"0\" marginwidth=\"0\" marginheight=\"0\" scrolling=\"no\" sandbox=\"allow-scripts\" data-secret=\"bO1lL9UXON\" data-mce-fragment=\"1\"><\/iframe><\/p>\n<p><iframe loading=\"lazy\" class=\"wp-embedded-content\" title=\"\u00abUna ni\u00f1a y un ni\u00f1o murieron en Casanare. Ella por un rayo y \u00e9l en accidente de tr\u00e1nsito\u00bb \u2014 \u25b7 Noticias de Casanare : Martha Cifuentes | Casanare\" src=\"https:\/\/marthacifuentes.com\/portada\/2022\/04\/05\/una-nina-y-un-nino-murieron-en-casanare-ella-por-un-rayo-y-el-en-accidente-de-transito\/embed\/#?secret=Ouuf88km3W#?secret=Bhy0S4Lk8y\" width=\"600\" height=\"582\" frameborder=\"0\" marginwidth=\"0\" marginheight=\"0\" scrolling=\"no\" sandbox=\"allow-scripts\" data-secret=\"Bhy0S4Lk8y\" data-mce-fragment=\"1\"><\/iframe><\/p>\n<p><iframe loading=\"lazy\" class=\"wp-embedded-content\" title=\"\u00abFuncionario de la Fiscal\u00eda mat\u00f3 a su pareja e hijastro de 15 a\u00f1os en Yopal y luego intent\u00f3 quitarse la vida.\u00bb \u2014 \u25b7 Noticias de Casanare : Martha Cifuentes | Casanare\" src=\"https:\/\/marthacifuentes.com\/portada\/2022\/04\/01\/funcionario-de-la-fiscalia-mato-a-su-pareja-e-hijastro-de-15-anos-en-yopal-y-luego-intento-quitarse-la-vida\/embed\/#?secret=TbvWP0vGKV#?secret=VEBCvOFcpA\" width=\"600\" height=\"621\" frameborder=\"0\" marginwidth=\"0\" marginheight=\"0\" scrolling=\"no\" sandbox=\"allow-scripts\" data-secret=\"VEBCvOFcpA\" data-mce-fragment=\"1\"><\/iframe><\/p>\n<p><iframe loading=\"lazy\" class=\"wp-embedded-content\" title=\"\u00abEnviada a la c\u00e1rcel mujer c\u00f3mplice de abuso sexual de su propia hija de 11 a\u00f1os en Yopal.\u00bb \u2014 \u25b7 Noticias de Casanare : Martha Cifuentes | Casanare\" src=\"https:\/\/marthacifuentes.com\/portada\/2022\/03\/31\/enviada-a-la-carcel-mujer-complice-de-abuso-sexual-de-su-propia-hija-de-11-anos-en-yopal\/embed\/#?secret=a4a13zLXBB#?secret=jbUvEz8GEj\" width=\"600\" height=\"600\" frameborder=\"0\" marginwidth=\"0\" marginheight=\"0\" scrolling=\"no\" sandbox=\"allow-scripts\" data-secret=\"jbUvEz8GEj\" data-mce-fragment=\"1\"><\/iframe><\/p>\n<p><iframe loading=\"lazy\" class=\"wp-embedded-content\" title=\"\u00abFamiliares de dos de las v\u00edctimas m\u00e1s emblem\u00e1ticas de falsos positivos en Casanare deber\u00e1n ser indemnizadas por el Estado.\u00bb \u2014 \u25b7 Noticias de Casanare : Martha Cifuentes | Casanare\" src=\"https:\/\/marthacifuentes.com\/portada\/2022\/03\/31\/familiares-de-dos-de-las-victimas-mas-emblematicas-de-falsos-positivos-en-casanare-deberan-ser-indemnizadas-por-el-estado\/embed\/#?secret=HUBwwT2FDo#?secret=Wb9upq6nNt\" width=\"600\" height=\"622\" frameborder=\"0\" marginwidth=\"0\" marginheight=\"0\" scrolling=\"no\" sandbox=\"allow-scripts\" data-secret=\"Wb9upq6nNt\" data-mce-fragment=\"1\"><\/iframe><\/p>\n<p><iframe loading=\"lazy\" class=\"wp-embedded-content\" title=\"\u00abAlcald\u00eda de Yopal adquiri\u00f3 otro de los predios de la Ciudadela La Bendici\u00f3n. Ahora a legalizar los lotes.\u00bb \u2014 \u25b7 Noticias de Casanare : Martha Cifuentes | Casanare\" src=\"https:\/\/marthacifuentes.com\/portada\/2022\/03\/31\/alcaldia-de-yopal-adquirio-otro-de-los-predios-de-la-ciudadela-la-bendicion-ahora-a-legalizar-los-lotes\/embed\/#?secret=vLu6kEMR9N#?secret=JuqSNPYgHC\" width=\"600\" height=\"621\" frameborder=\"0\" marginwidth=\"0\" marginheight=\"0\" scrolling=\"no\" sandbox=\"allow-scripts\" data-secret=\"JuqSNPYgHC\" data-mce-fragment=\"1\"><\/iframe><\/p>\n<p><iframe loading=\"lazy\" class=\"wp-embedded-content\" title=\"\u00abIv\u00e1n Duque sac\u00f3 pecho por obras contratadas con regal\u00edas de Casanare y presupuesto nacional de los pr\u00f3ximos gobiernos\u00bb \u2014 \u25b7 Noticias de Casanare : Martha Cifuentes | Casanare\" src=\"https:\/\/marthacifuentes.com\/portada\/2022\/03\/31\/ivan-duque-saco-pecho-por-obras-contratadas-con-regalias-de-casanare-y-presupuesto-nacional-de-los-proximos-gobiernos\/embed\/#?secret=7odcZMUCfL#?secret=tMMXJGhkUr\" width=\"600\" height=\"629\" frameborder=\"0\" marginwidth=\"0\" marginheight=\"0\" scrolling=\"no\" sandbox=\"allow-scripts\" data-secret=\"tMMXJGhkUr\" data-mce-fragment=\"1\"><\/iframe><\/p>\n<p><iframe loading=\"lazy\" class=\"wp-embedded-content\" title=\"\u00abM\u00e1s de 300 ni\u00f1os fueron atendidos en jornada de detecci\u00f3n de enfermedades del coraz\u00f3n en Casanare\u00bb \u2014 \u25b7 Noticias de Casanare : Martha Cifuentes | Casanare\" src=\"https:\/\/marthacifuentes.com\/portada\/2022\/03\/28\/mas-de-300-ninos-fueron-atendidos-en-jornada-de-deteccion-de-enfermedades-del-corazon-en-casanare\/embed\/#?secret=IXYsYKxpzS#?secret=prhWUjlWZn\" width=\"600\" height=\"547\" frameborder=\"0\" marginwidth=\"0\" marginheight=\"0\" scrolling=\"no\" sandbox=\"allow-scripts\" data-secret=\"prhWUjlWZn\" data-mce-fragment=\"1\"><\/iframe><\/p>\n<p><iframe loading=\"lazy\" class=\"wp-embedded-content\" title=\"\u00abDaniel Engativ\u00e1 renunci\u00f3 a la junta directiva de la C\u00e1mara de Comercio de Casanare\u00bb \u2014 \u25b7 Noticias de Casanare : Martha Cifuentes | Casanare\" src=\"https:\/\/marthacifuentes.com\/portada\/2022\/03\/28\/daniel-engativa-renuncio-a-la-junta-directiva-de-la-camara-de-comercio-de-casanare\/embed\/#?secret=dk2IutPjg2#?secret=HAm5Cr9xGI\" width=\"600\" height=\"621\" frameborder=\"0\" marginwidth=\"0\" marginheight=\"0\" scrolling=\"no\" sandbox=\"allow-scripts\" data-secret=\"HAm5Cr9xGI\" data-mce-fragment=\"1\"><\/iframe><\/p>\n<p><iframe loading=\"lazy\" class=\"wp-embedded-content\" title=\"\u00abANI y Covioriente siguen haci\u00e9ndole conejo a Yopal. No han cumplido ni la mitad de los compromisos hechos afirma Alcald\u00eda\u00bb \u2014 \u25b7 Noticias de Casanare : Martha Cifuentes | Casanare\" src=\"https:\/\/marthacifuentes.com\/portada\/2022\/03\/28\/ani-y-covioriente-siguen-haciendole-conejo-a-yopal-no-han-cumplido-ni-la-mitad-de-los-compromisos-hechos-afirma-alcaldia\/embed\/#?secret=CTNiFTOA80#?secret=mnDgiXExUx\" width=\"600\" height=\"648\" frameborder=\"0\" marginwidth=\"0\" marginheight=\"0\" scrolling=\"no\" sandbox=\"allow-scripts\" data-secret=\"mnDgiXExUx\" data-mce-fragment=\"1\"><\/iframe><\/p>\n<p><iframe loading=\"lazy\" class=\"wp-embedded-content\" title=\"\u00ab\u201cAlcald\u00eda perdi\u00f3 el control de la seguridad en Yopal\u201d, afirman algunos concejales, quienes piden renuncia de secretaria de gobierno.\u00bb \u2014 \u25b7 Noticias de Casanare : Martha Cifuentes | Casanare\" src=\"https:\/\/marthacifuentes.com\/portada\/2022\/03\/28\/alcaldia-perdio-el-control-de-la-seguridad-en-yopal-afirman-algunos-concejales-quienes-piden-renuncia-de-secretaria-de-gobierno\/embed\/#?secret=ciZ5RREDjy#?secret=jUWbVDcK6o\" width=\"600\" height=\"650\" frameborder=\"0\" marginwidth=\"0\" marginheight=\"0\" scrolling=\"no\" sandbox=\"allow-scripts\" data-secret=\"jUWbVDcK6o\" data-mce-fragment=\"1\"><\/iframe><\/p>\n<p><iframe loading=\"lazy\" class=\"wp-embedded-content\" title=\"\u00abCasanare: 3 asesinatos el fin de semana. Qu\u00e9 pasar\u00eda con m\u00e1s de 8 mil millones aprobados para la seguridad departamental\u00bb \u2014 \u25b7 Noticias de Casanare : Martha Cifuentes | Casanare\" src=\"https:\/\/marthacifuentes.com\/portada\/2022\/03\/28\/casanare-3-asesinatos-el-fin-de-semana-que-pasaria-con-mas-de-8-mil-millones-aprobados-para-la-seguridad-departamental\/embed\/#?secret=J6OfyrLsgS#?secret=LEAJn6KMvv\" width=\"600\" height=\"637\" frameborder=\"0\" marginwidth=\"0\" marginheight=\"0\" scrolling=\"no\" sandbox=\"allow-scripts\" data-secret=\"LEAJn6KMvv\" data-mce-fragment=\"1\"><\/iframe><\/p>\n<p><iframe loading=\"lazy\" class=\"wp-embedded-content\" title=\"\u00abC\u00e1mara de Comercio de Casanare se defiende y muestra gestiones en pro del empresariado\u00bb \u2014 \u25b7 Noticias de Casanare : Martha Cifuentes | Casanare\" src=\"https:\/\/marthacifuentes.com\/portada\/2022\/03\/25\/camara-de-comercio-de-casanare-se-defiende-y-muestra-gestiones-en-pro-del-empresariado\/embed\/#?secret=CcBg4el7bB#?secret=tKmzbW6jxn\" width=\"600\" height=\"621\" frameborder=\"0\" marginwidth=\"0\" marginheight=\"0\" scrolling=\"no\" sandbox=\"allow-scripts\" data-secret=\"tKmzbW6jxn\" data-mce-fragment=\"1\"><\/iframe><\/p>\n<p><iframe loading=\"lazy\" class=\"wp-embedded-content\" title=\"\u00abSelladas 4 obras por incumplimiento de licencias de construcci\u00f3n en Yopal\u00bb \u2014 \u25b7 Noticias de Casanare : Martha Cifuentes | Casanare\" src=\"https:\/\/marthacifuentes.com\/portada\/2022\/03\/25\/selladas-4-obras-por-incumplimiento-de-licencias-de-construccion-en-yopal\/embed\/#?secret=gHQTuuYL1i#?secret=xYMJddVguI\" width=\"600\" height=\"600\" frameborder=\"0\" marginwidth=\"0\" marginheight=\"0\" scrolling=\"no\" sandbox=\"allow-scripts\" data-secret=\"xYMJddVguI\" data-mce-fragment=\"1\"><\/iframe><\/p>\n<p><iframe loading=\"lazy\" class=\"wp-embedded-content\" title=\"\u00abPresunto secuestrador de joven de Monterrey a la c\u00e1rcel La Picota\u00bb \u2014 \u25b7 Noticias de Casanare : Martha Cifuentes | Casanare\" src=\"https:\/\/marthacifuentes.com\/portada\/2022\/03\/25\/presunto-secuestrador-de-joven-de-monterrey-a-la-carcel-la-picota\/embed\/#?secret=BmktOac5Qi#?secret=8JkSSc0Quw\" width=\"600\" height=\"621\" frameborder=\"0\" marginwidth=\"0\" marginheight=\"0\" scrolling=\"no\" sandbox=\"allow-scripts\" data-secret=\"8JkSSc0Quw\" data-mce-fragment=\"1\"><\/iframe><\/p>\n<p><iframe loading=\"lazy\" class=\"wp-embedded-content\" title=\"\u00abA la c\u00e1rcel venezolana por asesinato de su pareja en Yopal\u00bb \u2014 \u25b7 Noticias de Casanare : Martha Cifuentes | Casanare\" src=\"https:\/\/marthacifuentes.com\/portada\/2022\/03\/25\/a-la-carcel-venezolana-por-asesinato-de-su-pareja-en-yopal\/embed\/#?secret=g6T5yRs1G0#?secret=QMiQBMPZpb\" width=\"600\" height=\"329\" frameborder=\"0\" marginwidth=\"0\" marginheight=\"0\" scrolling=\"no\" sandbox=\"allow-scripts\" data-secret=\"QMiQBMPZpb\" data-mce-fragment=\"1\"><\/iframe><\/p>\n<p><iframe loading=\"lazy\" class=\"wp-embedded-content\" title=\"\u00abLlegada masiva de ind\u00edgenas a Yopal se convirti\u00f3 en una papa caliente para las autoridades. Por ahora estar\u00e1n en Centro de Migrantes.\u00bb \u2014 \u25b7 Noticias de Casanare : Martha Cifuentes | Casanare\" src=\"https:\/\/marthacifuentes.com\/portada\/2022\/03\/25\/llegada-masiva-de-indigenas-a-yopal-se-convirtio-en-una-papa-caliente-para-las-autoridades-por-ahora-estaran-en-centro-de-migrantes\/embed\/#?secret=6longJDpii#?secret=7uFQYm3aDf\" width=\"600\" height=\"567\" frameborder=\"0\" marginwidth=\"0\" marginheight=\"0\" scrolling=\"no\" sandbox=\"allow-scripts\" data-secret=\"7uFQYm3aDf\" data-mce-fragment=\"1\"><\/iframe><\/p>\n<p><iframe loading=\"lazy\" class=\"wp-embedded-content\" title=\"\u00abAlias \u2018Otoniel\u2019 revela detalles de apoyo del Ej\u00e9rcito, DAS y Ecopetrol a paramilitares en Casanare\u00bb \u2014 \u25b7 Noticias de Casanare : Martha Cifuentes | Casanare\" src=\"https:\/\/marthacifuentes.com\/portada\/2022\/03\/24\/alias-otoniel-revela-detalles-de-apoyo-del-ejercito-das-y-ecopetrol-a-paramilitares-en-casanare\/embed\/#?secret=MvNPO3Eqll#?secret=BjQFEiwBR3\" width=\"600\" height=\"621\" frameborder=\"0\" marginwidth=\"0\" marginheight=\"0\" scrolling=\"no\" sandbox=\"allow-scripts\" data-secret=\"BjQFEiwBR3\" data-mce-fragment=\"1\"><\/iframe><\/p>\n<p><iframe loading=\"lazy\" class=\"wp-embedded-content\" title=\"\u00abHurtos a personas crecieron en dos primeros meses de a\u00f1o de 2022 frente a mismo periodo de 2021, seg\u00fan Fiscal\u00eda, se evidenci\u00f3 en debate en Concejo de Yopal\u00bb \u2014 \u25b7 Noticias de Casanare : Martha Cifuentes | Casanare\" src=\"https:\/\/marthacifuentes.com\/portada\/2022\/03\/24\/hurtos-a-personas-crecieron-en-dos-primeros-meses-de-ano-de-2022-frente-a-mismo-periodo-de-2021-segun-fiscalia-se-evidencio-en-debate-en-concejo-de-yopal\/embed\/#?secret=bhJdvASBX5#?secret=QrGfO3Lw6u\" width=\"600\" height=\"650\" frameborder=\"0\" marginwidth=\"0\" marginheight=\"0\" scrolling=\"no\" sandbox=\"allow-scripts\" data-secret=\"QrGfO3Lw6u\" data-mce-fragment=\"1\"><\/iframe><\/p>\n<p><iframe loading=\"lazy\" class=\"wp-embedded-content\" title=\"\u00abRecetor sin m\u00e9dico, ambulancia, medicamentos y deficiente atenci\u00f3n a pacientes cr\u00f3nicos\u00bb \u2014 \u25b7 Noticias de Casanare : Martha Cifuentes | Casanare\" src=\"https:\/\/marthacifuentes.com\/portada\/2022\/03\/24\/recetor-sin-medico-ambulancia-medicamentos-y-deficiente-atencion-a-pacientes-cronicos\/embed\/#?secret=gd2dthg0og#?secret=8jAl6kLMeg\" width=\"600\" height=\"329\" frameborder=\"0\" marginwidth=\"0\" marginheight=\"0\" scrolling=\"no\" sandbox=\"allow-scripts\" data-secret=\"8jAl6kLMeg\" data-mce-fragment=\"1\"><\/iframe><\/p>\n<p><iframe loading=\"lazy\" class=\"wp-embedded-content\" title=\"\u00abCarceleta en estaci\u00f3n de polic\u00eda de Yopal no solo est\u00e1 llena de presos sino de plagas, hongos y enfermedades. Internos no tienen acceso real a salud.\u00bb \u2014 \u25b7 Noticias de Casanare : Martha Cifuentes | Casanare\" src=\"https:\/\/marthacifuentes.com\/portada\/2022\/03\/24\/carceleta-en-estacion-de-policia-de-yopal-no-solo-esta-llena-de-presos-sino-de-plagas-hongos-y-enfermedades-internos-no-tienen-acceso-real-a-salud\/embed\/#?secret=zLKKSkGQBx#?secret=YuYiOIGEDh\" width=\"600\" height=\"602\" frameborder=\"0\" marginwidth=\"0\" marginheight=\"0\" scrolling=\"no\" sandbox=\"allow-scripts\" data-secret=\"YuYiOIGEDh\" data-mce-fragment=\"1\"><\/iframe><\/p>\n<p><iframe loading=\"lazy\" class=\"wp-embedded-content\" title=\"\u00abInd\u00edgenas venezolanos desplazados por conflicto del ELN y disidencias de las Farc en la frontera llegaron a Yopal buscando ayuda\u00bb \u2014 \u25b7 Noticias de Casanare : Martha Cifuentes | Casanare\" src=\"https:\/\/marthacifuentes.com\/portada\/2022\/03\/24\/indigenas-venezolanos-desplazados-por-conflicto-del-eln-y-disidencias-de-las-farc-en-la-frontera-llegaron-a-yopal-buscando-ayuda\/embed\/#?secret=SlH5wBlQ7J#?secret=aolKHwgHcF\" width=\"600\" height=\"650\" frameborder=\"0\" marginwidth=\"0\" marginheight=\"0\" scrolling=\"no\" sandbox=\"allow-scripts\" data-secret=\"aolKHwgHcF\" data-mce-fragment=\"1\"><\/iframe><\/p>\n<p><iframe loading=\"lazy\" class=\"wp-embedded-content\" title=\"\u00abFindeter entregar\u00e1 sistema de abastecimiento de agua de Yopal a medias. Para culminar la obra faltan 40 mil millones m\u00e1s.\u00bb \u2014 \u25b7 Noticias de Casanare : Martha Cifuentes | Casanare\" src=\"https:\/\/marthacifuentes.com\/portada\/2022\/03\/23\/findeter-entregara-sistema-de-abastecimiento-de-agua-de-yopal-a-medias-para-culminar-la-obra-faltan-40-mil-millones-mas\/embed\/#?secret=dnSo4cf41u#?secret=itAm7vVZuS\" width=\"600\" height=\"628\" frameborder=\"0\" marginwidth=\"0\" marginheight=\"0\" scrolling=\"no\" sandbox=\"allow-scripts\" data-secret=\"itAm7vVZuS\" data-mce-fragment=\"1\"><\/iframe><\/p>\n<p><iframe loading=\"lazy\" class=\"wp-embedded-content\" title=\"\u00abAlcalde de Yopal reconoci\u00f3 fallas en recolecci\u00f3n de basuras en la Eaaay. Argument\u00f3 que esta qued\u00f3 en malas condiciones luego de la intervenci\u00f3n de la Superservicios.\u00bb \u2014 \u25b7 Noticias de Casanare : Martha Cifuentes | Casanare\" src=\"https:\/\/marthacifuentes.com\/portada\/2022\/03\/23\/alcalde-de-yopal-reconocio-fallas-en-recoleccion-de-basuras-en-la-eaaay-argumento-que-esta-quedo-en-malas-condiciones-luego-de-la-intervencion-de-la-superservicios\/embed\/#?secret=Y2iNFCjodM#?secret=nFqVVq26dc\" width=\"600\" height=\"679\" frameborder=\"0\" marginwidth=\"0\" marginheight=\"0\" scrolling=\"no\" sandbox=\"allow-scripts\" data-secret=\"nFqVVq26dc\" data-mce-fragment=\"1\"><\/iframe><\/p>\n<p><iframe loading=\"lazy\" class=\"wp-embedded-content\" title=\"\u00abSuperservicios vuelve a poner la lupa sobre la Eaaay. Buscar\u00e1 el paso a paso de la recolecci\u00f3n de basuras.\u00bb \u2014 \u25b7 Noticias de Casanare : Martha Cifuentes | Casanare\" src=\"https:\/\/marthacifuentes.com\/portada\/2022\/03\/22\/superservicios-vuelve-a-poner-la-lupa-sobre-la-eaaay-buscara-el-paso-a-paso-de-la-recoleccion-de-basuras\/embed\/#?secret=ehD0OFzy2F#?secret=7DN5Lco4Yu\" width=\"600\" height=\"621\" frameborder=\"0\" marginwidth=\"0\" marginheight=\"0\" scrolling=\"no\" sandbox=\"allow-scripts\" data-secret=\"7DN5Lco4Yu\" data-mce-fragment=\"1\"><\/iframe><\/p>\n<p><iframe loading=\"lazy\" class=\"wp-embedded-content\" title=\"\u00abExgobernador de Casanare Whitman Porras se salv\u00f3 de otra condena.\u00bb \u2014 \u25b7 Noticias de Casanare : Martha Cifuentes | Casanare\" src=\"https:\/\/marthacifuentes.com\/portada\/2022\/03\/22\/exgobernador-de-casanare-whitman-porras-se-salvo-de-otra-condena\/embed\/#?secret=5oFGgFW70J#?secret=3Hp93zYG0S\" width=\"600\" height=\"579\" frameborder=\"0\" marginwidth=\"0\" marginheight=\"0\" scrolling=\"no\" sandbox=\"allow-scripts\" data-secret=\"3Hp93zYG0S\" data-mce-fragment=\"1\"><\/iframe><\/p>\n<p><iframe loading=\"lazy\" class=\"wp-embedded-content\" title=\"\u00abDoris Bernal, la \u201celegida\u201d que nunca dej\u00f3 de serlo, finalmente asumi\u00f3 la direcci\u00f3n de Corporinoquia\u00bb \u2014 \u25b7 Noticias de Casanare : Martha Cifuentes | Casanare\" src=\"https:\/\/marthacifuentes.com\/portada\/2022\/03\/22\/doris-bernal-la-elegida-que-nunca-dejo-de-serlo-finalmente-asumio-la-direccion-de-corporinoquia\/embed\/#?secret=NRAHnyNnyH#?secret=KuFh8rBQa4\" width=\"600\" height=\"621\" frameborder=\"0\" marginwidth=\"0\" marginheight=\"0\" scrolling=\"no\" sandbox=\"allow-scripts\" data-secret=\"KuFh8rBQa4\" data-mce-fragment=\"1\"><\/iframe><\/p>\n<p><iframe loading=\"lazy\" class=\"wp-embedded-content\" title=\"\u00ab\u00bfUribismo promueve un golpe de Estado al pretender reconteo de votos cuando ya no hay cadena de custodia de los mismos?\u00bb \u2014 \u25b7 Noticias de Casanare : Martha Cifuentes | Casanare\" src=\"https:\/\/marthacifuentes.com\/portada\/2022\/03\/22\/uribismo-promueve-un-golpe-de-estado-al-pretender-reconteo-de-votos-cuando-ya-no-hay-cadena-de-custodia-de-los-mismos\/embed\/#?secret=hLq6YARaoh#?secret=j62lODnyyr\" width=\"600\" height=\"650\" frameborder=\"0\" marginwidth=\"0\" marginheight=\"0\" scrolling=\"no\" sandbox=\"allow-scripts\" data-secret=\"j62lODnyyr\" data-mce-fragment=\"1\"><\/iframe><\/p>\n<p><iframe loading=\"lazy\" class=\"wp-embedded-content\" title=\"\u00abOtro feminicidio en Casanare. Hombre asesin\u00f3 a su compa\u00f1era porque quer\u00eda separarse\u00bb \u2014 \u25b7 Noticias de Casanare : Martha Cifuentes | Casanare\" src=\"https:\/\/marthacifuentes.com\/portada\/2022\/03\/17\/otro-feminicidio-en-casanare-hombre-asesino-a-su-companera-porque-queria-separarse\/embed\/#?secret=ZRgAqcWRRL#?secret=HqHtqxcBdn\" width=\"600\" height=\"621\" frameborder=\"0\" marginwidth=\"0\" marginheight=\"0\" scrolling=\"no\" sandbox=\"allow-scripts\" data-secret=\"HqHtqxcBdn\" data-mce-fragment=\"1\"><\/iframe><\/p>\n<p><iframe loading=\"lazy\" class=\"wp-embedded-content\" title=\"\u00abCerro El Venado de Yopal, arde. Gesti\u00f3n del Riesgo, Bomberos y FAC atienden emergencia\u00bb \u2014 \u25b7 Noticias de Casanare : Martha Cifuentes | Casanare\" src=\"https:\/\/marthacifuentes.com\/portada\/2022\/03\/17\/cerro-el-venado-de-yopal-arde-gestion-del-riesgo-bomberos-y-fac-atienden-emergencia\/embed\/#?secret=nCQuxHAdwu#?secret=2DmxaXQHHP\" width=\"600\" height=\"621\" frameborder=\"0\" marginwidth=\"0\" marginheight=\"0\" scrolling=\"no\" sandbox=\"allow-scripts\" data-secret=\"2DmxaXQHHP\" data-mce-fragment=\"1\"><\/iframe><\/p>\n<p><iframe loading=\"lazy\" class=\"wp-embedded-content\" title=\"\u00abProceso penal contra Celem\u00edn por contrataci\u00f3n indebida en planta modular de Yopal, va a paso de tortuga. Suspendida audiencia preparatoria del juicio.\u00bb \u2014 \u25b7 Noticias de Casanare : Martha Cifuentes | Casanare\" src=\"https:\/\/marthacifuentes.com\/portada\/2022\/03\/17\/proceso-penal-contra-celemin-por-contratacion-indebida-en-planta-modular-de-yopal-va-a-paso-de-tortuga-suspendida-audiencia-preparatoria-del-juicio\/embed\/#?secret=l22jVcbD4s#?secret=vYGui00IUH\" width=\"600\" height=\"650\" frameborder=\"0\" marginwidth=\"0\" marginheight=\"0\" scrolling=\"no\" sandbox=\"allow-scripts\" data-secret=\"vYGui00IUH\" data-mce-fragment=\"1\"><\/iframe><\/p>\n<p><iframe loading=\"lazy\" class=\"wp-embedded-content\" title=\"\u00abEmpresarios de Casanare y Yopal creen que inseguridad aument\u00f3, seg\u00fan encuesta de C\u00e1mara de Comercio. Alcalde Luis Eduardo Castro neg\u00f3 que esto fuera cierto.\u00bb \u2014 \u25b7 Noticias de Casanare : Martha Cifuentes | Casanare\" src=\"https:\/\/marthacifuentes.com\/portada\/2022\/03\/17\/empresarios-de-casanare-y-yopal-creen-que-inseguridad-aumento-segun-encuesta-de-camara-de-comercio-alcalde-luis-eduardo-castro-nego-que-esto-fuera-cierto\/embed\/#?secret=Q439tVgO91#?secret=d7Eee43qcR\" width=\"600\" height=\"679\" frameborder=\"0\" marginwidth=\"0\" marginheight=\"0\" scrolling=\"no\" sandbox=\"allow-scripts\" data-secret=\"d7Eee43qcR\" data-mce-fragment=\"1\"><\/iframe><\/p>\n<p><iframe loading=\"lazy\" class=\"wp-embedded-content\" title=\"\u00abCasanare\u00f1a Constanza Engativ\u00e1 participar\u00e1 en evento de inform\u00e1tica m\u00e9dica\u00a0m\u00e1s grande del mundo\u00bb \u2014 \u25b7 Noticias de Casanare : Martha Cifuentes | Casanare\" src=\"https:\/\/marthacifuentes.com\/portada\/2022\/03\/15\/casanarena-constanza-engativa-participara-en-evento-de-informatica-medica-mas-grande-del-mundo\/embed\/#?secret=BBqpbitIrl#?secret=xzXoImbrfq\" width=\"600\" height=\"621\" frameborder=\"0\" marginwidth=\"0\" marginheight=\"0\" scrolling=\"no\" sandbox=\"allow-scripts\" data-secret=\"xzXoImbrfq\" data-mce-fragment=\"1\"><\/iframe><\/p>\n<p><iframe loading=\"lazy\" class=\"wp-embedded-content\" title=\"\u00abPetro sorprende en tierra uribista. Logr\u00f3 25 mil votos en consulta en Casanare.\u00bb \u2014 \u25b7 Noticias de Casanare : Martha Cifuentes | Casanare\" src=\"https:\/\/marthacifuentes.com\/portada\/2022\/03\/15\/petro-sorprende-en-tierra-uribista-logro-25-mil-votos-en-consulta-en-casanare\/embed\/#?secret=Op2BWi3w7G#?secret=yNvx9DPoG6\" width=\"600\" height=\"621\" frameborder=\"0\" marginwidth=\"0\" marginheight=\"0\" scrolling=\"no\" sandbox=\"allow-scripts\" data-secret=\"yNvx9DPoG6\" data-mce-fragment=\"1\"><\/iframe><\/p>\n<p><iframe loading=\"lazy\" class=\"wp-embedded-content\" title=\"\u00abEn el Senado hubo cambio de sombreros y g\u00e9nero por Casanare. Entr\u00f3 Alirio Barrera y sali\u00f3 Amanda Gonz\u00e1lez.\u00bb \u2014 \u25b7 Noticias de Casanare : Martha Cifuentes | Casanare\" src=\"https:\/\/marthacifuentes.com\/portada\/2022\/03\/15\/en-el-senado-hubo-cambio-de-sombreros-y-genero-por-casanare-entro-alirio-barrera-y-salio-amanda-gonzalez\/embed\/#?secret=7evBZL9b2P#?secret=OWSr3S36EW\" width=\"600\" height=\"569\" frameborder=\"0\" marginwidth=\"0\" marginheight=\"0\" scrolling=\"no\" sandbox=\"allow-scripts\" data-secret=\"OWSr3S36EW\" data-mce-fragment=\"1\"><\/iframe><\/p>\n<p><iframe loading=\"lazy\" class=\"wp-embedded-content\" title=\"\u00abHugo Archila y Vladimir Olaya, triunfadores, electos a la C\u00e1mara por Casanare, pero\u2026 ya se ciernen demandas de sus credenciales\u00bb \u2014 \u25b7 Noticias de Casanare : Martha Cifuentes | Casanare\" src=\"https:\/\/marthacifuentes.com\/portada\/2022\/03\/15\/hugo-archila-y-vladimir-olaya-triunfadores-electos-a-la-camara-por-casanare-pero-ya-se-ciernen-demandas-de-sus-credenciales\/embed\/#?secret=gq8RSsYdUi#?secret=G5IGK4xb2C\" width=\"600\" height=\"522\" frameborder=\"0\" marginwidth=\"0\" marginheight=\"0\" scrolling=\"no\" sandbox=\"allow-scripts\" data-secret=\"G5IGK4xb2C\" data-mce-fragment=\"1\"><\/iframe><\/p>\n<p><iframe loading=\"lazy\" class=\"wp-embedded-content\" title=\"\u00abNo se exigir\u00e1 carn\u00e9 de vacunaci\u00f3n COVID-19 para votar este 13 de marzo\u00bb \u2014 \u25b7 Noticias de Casanare : Martha Cifuentes | Casanare\" src=\"https:\/\/marthacifuentes.com\/portada\/2022\/03\/13\/no-se-exigira-carne-de-vacunacion-covid-19-para-votar-este-13-de-marzo\/embed\/#?secret=sNzIg55SkY#?secret=BXyaktCek9\" width=\"600\" height=\"621\" frameborder=\"0\" marginwidth=\"0\" marginheight=\"0\" scrolling=\"no\" sandbox=\"allow-scripts\" data-secret=\"BXyaktCek9\" data-mce-fragment=\"1\"><\/iframe><\/p>\n<p><iframe loading=\"lazy\" class=\"wp-embedded-content\" title=\"\u00ab2.810 candidatos aspiran a ser congresistas en elecciones este 13 de marzo en Colombia.\u00bb \u2014 \u25b7 Noticias de Casanare : Martha Cifuentes | Casanare\" src=\"https:\/\/marthacifuentes.com\/portada\/2022\/03\/12\/2-810-candidatos-aspiran-a-ser-congresistas-en-elecciones-este-13-de-marzo-en-colombia\/embed\/#?secret=2u44RZUGWv#?secret=YHCKCdXi52\" width=\"600\" height=\"621\" frameborder=\"0\" marginwidth=\"0\" marginheight=\"0\" scrolling=\"no\" sandbox=\"allow-scripts\" data-secret=\"YHCKCdXi52\" data-mce-fragment=\"1\"><\/iframe><\/p>\n<p><iframe loading=\"lazy\" class=\"wp-embedded-content\" title=\"\u00abHugo Archila tambi\u00e9n podr\u00eda estar inhabilitado para ser congresista, seg\u00fan sentencia del Consejo de Estado 031 de 2019\u00bb \u2014 \u25b7 Noticias de Casanare : Martha Cifuentes | Casanare\" src=\"https:\/\/marthacifuentes.com\/portada\/2022\/03\/10\/hugo-archila-tambien-podria-estar-inhabilitado-para-ser-congresista-segun-sentencia-del-consejo-de-estado-031-de-2019\/embed\/#?secret=GxPkB8Qp91#?secret=Zp4YDrHorO\" width=\"600\" height=\"650\" frameborder=\"0\" marginwidth=\"0\" marginheight=\"0\" scrolling=\"no\" sandbox=\"allow-scripts\" data-secret=\"Zp4YDrHorO\" data-mce-fragment=\"1\"><\/iframe><\/p>\n<p><iframe loading=\"lazy\" class=\"wp-embedded-content\" title=\"\u00abExgobernador de Casanare Alirio Barrera busca ser el candidato al Senado m\u00e1s votado del Centro Democr\u00e1tico\u00bb \u2014 \u25b7 Noticias de Casanare : Martha Cifuentes | Casanare\" src=\"https:\/\/marthacifuentes.com\/portada\/2022\/03\/09\/exgobernador-de-casanare-alirio-barrera-busca-ser-el-candidato-al-senado-mas-votado-del-centro-democratico\/embed\/#?secret=QR0sdyaD03\" width=\"600\" height=\"627\" frameborder=\"0\" marginwidth=\"0\" marginheight=\"0\" scrolling=\"no\" sandbox=\"allow-scripts\" data-secret=\"QR0sdyaD03\" data-mce-fragment=\"1\"><\/iframe><\/p>\n<p><iframe loading=\"lazy\" class=\"wp-embedded-content\" title=\"\u00abEn d\u00eda de la Mujer se conoce que teniente fue violada por un superior, en Brigada 16 de Yopal\u00bb \u2014 \u25b7 Noticias de Casanare : Martha Cifuentes | Casanare\" src=\"https:\/\/marthacifuentes.com\/portada\/2022\/03\/08\/en-dia-de-la-mujer-se-conoce-que-teniente-fue-violada-por-un-superior-en-brigada-16-de-yopal\/embed\/#?secret=qXoq47pP3q\" width=\"600\" height=\"600\" frameborder=\"0\" marginwidth=\"0\" marginheight=\"0\" scrolling=\"no\" sandbox=\"allow-scripts\" data-secret=\"qXoq47pP3q\" data-mce-fragment=\"1\"><\/iframe><\/p>\n<p><iframe loading=\"lazy\" class=\"wp-embedded-content\" title=\"\u00abSuperservicios requiere a la Eaaay sobre recolecci\u00f3n de basuras en volquetas\u00bb \u2014 \u25b7 Noticias de Casanare : Martha Cifuentes | Casanare\" src=\"https:\/\/marthacifuentes.com\/portada\/2022\/03\/08\/superservicios-requiere-a-la-eaaay-sobre-recoleccion-de-basuras-en-volquetas\/embed\/#?secret=xn4oiXsvcO\" width=\"600\" height=\"621\" frameborder=\"0\" marginwidth=\"0\" marginheight=\"0\" scrolling=\"no\" sandbox=\"allow-scripts\" data-secret=\"xn4oiXsvcO\" data-mce-fragment=\"1\"><\/iframe><\/p>\n<p><iframe loading=\"lazy\" class=\"wp-embedded-content\" title=\"\u00abParece que ahora s\u00ed Consejo Directivo podr\u00e1 elegir director de Corporinoquia. Procuradur\u00eda neg\u00f3 recusaciones contra consejeros.\u00bb \u2014 \u25b7 Noticias de Casanare : Martha Cifuentes | Casanare\" src=\"https:\/\/marthacifuentes.com\/portada\/2022\/03\/08\/parece-que-ahora-si-consejo-directivo-podra-elegir-director-de-corporinoquia-procuraduria-nego-recusaciones-contra-consejeros\/embed\/#?secret=JZGZOHp1TI\" width=\"600\" height=\"650\" frameborder=\"0\" marginwidth=\"0\" marginheight=\"0\" scrolling=\"no\" sandbox=\"allow-scripts\" data-secret=\"JZGZOHp1TI\" data-mce-fragment=\"1\"><\/iframe><\/p>\n<p><iframe loading=\"lazy\" class=\"wp-embedded-content\" title=\"\u00abAlcaldesa de Paz de Ariporo niega estar haciendo campa\u00f1a pol\u00edtica a favor de candidatos del Centro Democr\u00e1tico\u00bb \u2014 \u25b7 Noticias de Casanare : Martha Cifuentes | Casanare\" src=\"https:\/\/marthacifuentes.com\/portada\/2022\/03\/07\/alcaldesa-de-paz-de-ariporo-niega-estar-haciendo-campana-politica-a-favor-de-candidatos-del-centro-democratico\/embed\/#?secret=Xku6dMIhIP\" width=\"600\" height=\"650\" frameborder=\"0\" marginwidth=\"0\" marginheight=\"0\" scrolling=\"no\" sandbox=\"allow-scripts\" data-secret=\"Xku6dMIhIP\" data-mce-fragment=\"1\"><\/iframe><\/p>\n<p><iframe loading=\"lazy\" class=\"wp-embedded-content\" title=\"\u00abCamilo Abril Jaimes, exparlamentario de Casanare alerta sobre posible \u201coferta de venta\u201d de votos tras encuestas\u00bb \u2014 \u25b7 Noticias de Casanare : Martha Cifuentes | Casanare\" src=\"https:\/\/marthacifuentes.com\/portada\/2022\/03\/07\/camilo-abril-jaimes-exparlamentario-de-casanare-alerta-sobre-posible-oferta-de-venta-de-votos-tras-encuestas\/embed\/#?secret=yXX4rKSCqW\" width=\"600\" height=\"650\" frameborder=\"0\" marginwidth=\"0\" marginheight=\"0\" scrolling=\"no\" sandbox=\"allow-scripts\" data-secret=\"yXX4rKSCqW\" data-mce-fragment=\"1\"><\/iframe><\/p>\n<p><iframe loading=\"lazy\" class=\"wp-embedded-content\" title=\"\u00abUn centenar de amigos de Alirio Barrera no apoyar\u00e1n candidatos a la C\u00e1mara sino a Hugo Archila del partido Liberal\u00bb \u2014 \u25b7 Noticias de Casanare : Martha Cifuentes | Casanare\" src=\"https:\/\/marthacifuentes.com\/portada\/2022\/03\/07\/un-centenar-de-amigos-de-alirio-barrera-no-apoyaran-candidatos-a-la-camara-sino-a-hugo-archila-del-partido-liberal\/embed\/#?secret=AHl2bTqJaS\" width=\"600\" height=\"650\" frameborder=\"0\" marginwidth=\"0\" marginheight=\"0\" scrolling=\"no\" sandbox=\"allow-scripts\" data-secret=\"AHl2bTqJaS\" data-mce-fragment=\"1\"><\/iframe><\/p>\n<p>&nbsp;<\/p>\n","protected":false},"excerpt":{"rendered":"<p>En relaci\u00f3n a las noticias sobre mortandad de chig\u00fciros en la zona norte de Casanare, la Gobernaci\u00f3n de Casanare neg\u00f3 que se est\u00e9n presentando muertes de los roedores por sequ\u00eda en los denominados pr\u00e9stamos laterales de la v\u00eda Centro Gait\u00e1n y Normand\u00eda de Paz de Ariporo. Guillermo P\u00e9rez responsable de la Gesti\u00f3n del Riesgo de &hellip;<\/p>\n","protected":false},"author":2,"featured_media":28773,"comment_status":"open","ping_status":"open","sticky":false,"template":"","format":"standard","meta":{"om_disable_all_campaigns":false,"_exactmetrics_skip_tracking":false,"_exactmetrics_sitenote_active":false,"_exactmetrics_sitenote_note":"","_exactmetrics_sitenote_category":0,"_monsterinsights_skip_tracking":false,"_monsterinsights_sitenote_active":false,"_monsterinsights_sitenote_note":"","_monsterinsights_sitenote_category":0,"_uf_show_specific_survey":0,"_uf_disable_surveys":false,"_joinchat":[],"footnotes":""},"categories":[147,146,145],"tags":[7174,1373,2063,7180,818,7181,7179,187,7177,7175,7176,268,7178],"class_list":["post-28780","post","type-post","status-publish","format-standard","has-post-thumbnail","hentry","category-actualidad","category-noticias","category-reportajes","tag-autoridades-de-casanare","tag-casanare-noticias","tag-centro-gaitan","tag-cesar-rojano-bolano","tag-corporinoquia","tag-directora-de-corporinoquia-doris-bernal-nego-que-hubiera-mortandad-de-chiguiros","tag-fundacion-cunaguaro-biodiversidad-y-cultura","tag-gobernacion-de-casanare","tag-guillermo-perez-responsable-de-la-gestion-del-riesgo-de-desastres","tag-mortandad-de-chiguiros","tag-normandia-de-paz-de-ariporo","tag-paz-de-ariporo","tag-se-preciso-que-los-abrevaderos-construidos-en-el-ano-2021-en-la-vereda-la-libertad-y-libertad-sector-el-trompillo"],"yoast_head":"<!-- This site is optimized with the Yoast SEO plugin v26.1 - https:\/\/yoast.com\/wordpress\/plugins\/seo\/ -->\n<title>Autoridades de Casanare, incluida Corporinoquia, niegan mortandad de chig\u00fciros - \u25b7 Noticias de Casanare : Martha Cifuentes | Casanare<\/title>\n<meta name=\"robots\" content=\"index, follow, max-snippet:-1, max-image-preview:large, max-video-preview:-1\" \/>\n<link rel=\"canonical\" href=\"https:\/\/marthacifuentes.com\/portada\/autoridades-de-casanare-incluida-corporinoquia-niegan-mortandad-de-chiguiros\/\" \/>\n<meta property=\"og:locale\" content=\"es_ES\" \/>\n<meta property=\"og:type\" content=\"article\" \/>\n<meta property=\"og:title\" content=\"Autoridades de Casanare, incluida Corporinoquia, niegan mortandad de chig\u00fciros - \u25b7 Noticias de Casanare : Martha Cifuentes | Casanare\" \/>\n<meta property=\"og:description\" content=\"En relaci\u00f3n a las noticias sobre mortandad de chig\u00fciros en la zona norte de Casanare, la Gobernaci\u00f3n de Casanare neg\u00f3 que se est\u00e9n presentando muertes de los roedores por sequ\u00eda en los denominados pr\u00e9stamos laterales de la v\u00eda Centro Gait\u00e1n y Normand\u00eda de Paz de Ariporo. Guillermo P\u00e9rez responsable de la Gesti\u00f3n del Riesgo de &hellip;\" \/>\n<meta property=\"og:url\" content=\"https:\/\/marthacifuentes.com\/portada\/autoridades-de-casanare-incluida-corporinoquia-niegan-mortandad-de-chiguiros\/\" \/>\n<meta property=\"og:site_name\" content=\"\u25b7 Noticias de Casanare : Martha Cifuentes | Casanare\" \/>\n<meta property=\"article:published_time\" content=\"2022-04-05T16:16:14+00:00\" \/>\n<meta property=\"article:modified_time\" content=\"2022-04-05T16:18:49+00:00\" \/>\n<meta property=\"og:image\" content=\"https:\/\/marthacifuentes.com\/portada\/wp-content\/uploads\/2022\/04\/chiguiros.jpg\" \/>\n\t<meta property=\"og:image:width\" content=\"1274\" \/>\n\t<meta property=\"og:image:height\" content=\"852\" \/>\n\t<meta property=\"og:image:type\" content=\"image\/jpeg\" \/>\n<meta name=\"author\" content=\"Martha Cifuentes\" \/>\n<meta name=\"twitter:card\" content=\"summary_large_image\" \/>\n<meta name=\"twitter:label1\" content=\"Escrito por\" \/>\n\t<meta name=\"twitter:data1\" content=\"Martha Cifuentes\" \/>\n\t<meta name=\"twitter:label2\" content=\"Tiempo de lectura\" \/>\n\t<meta name=\"twitter:data2\" content=\"2 minutos\" \/>\n<script type=\"application\/ld+json\" class=\"yoast-schema-graph\">{\"@context\":\"https:\/\/schema.org\",\"@graph\":[{\"@type\":\"WebPage\",\"@id\":\"https:\/\/marthacifuentes.com\/portada\/autoridades-de-casanare-incluida-corporinoquia-niegan-mortandad-de-chiguiros\/\",\"url\":\"https:\/\/marthacifuentes.com\/portada\/autoridades-de-casanare-incluida-corporinoquia-niegan-mortandad-de-chiguiros\/\",\"name\":\"Autoridades de Casanare, incluida Corporinoquia, niegan mortandad de chig\u00fciros - \u25b7 Noticias de Casanare : Martha Cifuentes | Casanare\",\"isPartOf\":{\"@id\":\"https:\/\/marthacifuentes.com\/portada\/#website\"},\"primaryImageOfPage\":{\"@id\":\"https:\/\/marthacifuentes.com\/portada\/autoridades-de-casanare-incluida-corporinoquia-niegan-mortandad-de-chiguiros\/#primaryimage\"},\"image\":{\"@id\":\"https:\/\/marthacifuentes.com\/portada\/autoridades-de-casanare-incluida-corporinoquia-niegan-mortandad-de-chiguiros\/#primaryimage\"},\"thumbnailUrl\":\"https:\/\/marthacifuentes.com\/portada\/wp-content\/uploads\/2022\/04\/chiguiros.jpg\",\"datePublished\":\"2022-04-05T16:16:14+00:00\",\"dateModified\":\"2022-04-05T16:18:49+00:00\",\"author\":{\"@id\":\"https:\/\/marthacifuentes.com\/portada\/#\/schema\/person\/57f53174b991db5f90ff78d58502b714\"},\"breadcrumb\":{\"@id\":\"https:\/\/marthacifuentes.com\/portada\/autoridades-de-casanare-incluida-corporinoquia-niegan-mortandad-de-chiguiros\/#breadcrumb\"},\"inLanguage\":\"es\",\"potentialAction\":[{\"@type\":\"ReadAction\",\"target\":[\"https:\/\/marthacifuentes.com\/portada\/autoridades-de-casanare-incluida-corporinoquia-niegan-mortandad-de-chiguiros\/\"]}]},{\"@type\":\"ImageObject\",\"inLanguage\":\"es\",\"@id\":\"https:\/\/marthacifuentes.com\/portada\/autoridades-de-casanare-incluida-corporinoquia-niegan-mortandad-de-chiguiros\/#primaryimage\",\"url\":\"https:\/\/marthacifuentes.com\/portada\/wp-content\/uploads\/2022\/04\/chiguiros.jpg\",\"contentUrl\":\"https:\/\/marthacifuentes.com\/portada\/wp-content\/uploads\/2022\/04\/chiguiros.jpg\",\"width\":1274,\"height\":852},{\"@type\":\"BreadcrumbList\",\"@id\":\"https:\/\/marthacifuentes.com\/portada\/autoridades-de-casanare-incluida-corporinoquia-niegan-mortandad-de-chiguiros\/#breadcrumb\",\"itemListElement\":[{\"@type\":\"ListItem\",\"position\":1,\"name\":\"Portada\",\"item\":\"https:\/\/marthacifuentes.com\/portada\/\"},{\"@type\":\"ListItem\",\"position\":2,\"name\":\"Autoridades de Casanare, incluida Corporinoquia, niegan mortandad de chig\u00fciros\"}]},{\"@type\":\"WebSite\",\"@id\":\"https:\/\/marthacifuentes.com\/portada\/#website\",\"url\":\"https:\/\/marthacifuentes.com\/portada\/\",\"name\":\"\u25b7 Noticias de Casanare : Martha Cifuentes | Casanare\",\"description\":\"Noticias &amp; Contenidos\",\"potentialAction\":[{\"@type\":\"SearchAction\",\"target\":{\"@type\":\"EntryPoint\",\"urlTemplate\":\"https:\/\/marthacifuentes.com\/portada\/?s={search_term_string}\"},\"query-input\":{\"@type\":\"PropertyValueSpecification\",\"valueRequired\":true,\"valueName\":\"search_term_string\"}}],\"inLanguage\":\"es\"},{\"@type\":\"Person\",\"@id\":\"https:\/\/marthacifuentes.com\/portada\/#\/schema\/person\/57f53174b991db5f90ff78d58502b714\",\"name\":\"Martha Cifuentes\",\"image\":{\"@type\":\"ImageObject\",\"inLanguage\":\"es\",\"@id\":\"https:\/\/marthacifuentes.com\/portada\/#\/schema\/person\/image\/\",\"url\":\"http:\/\/marthacifuentes.com\/portada\/wp-content\/uploads\/2018\/06\/avatar_user_2_1528838701-96x96.jpg\",\"contentUrl\":\"http:\/\/marthacifuentes.com\/portada\/wp-content\/uploads\/2018\/06\/avatar_user_2_1528838701-96x96.jpg\",\"caption\":\"Martha Cifuentes\"},\"sameAs\":[\"http:\/\/www.marthacifuentes.com\"],\"url\":\"https:\/\/marthacifuentes.com\/portada\/author\/martha\/\"}]}<\/script>\n<!-- \/ Yoast SEO plugin. -->","yoast_head_json":{"title":"Autoridades de Casanare, incluida Corporinoquia, niegan mortandad de chig\u00fciros - \u25b7 Noticias de Casanare : Martha Cifuentes | Casanare","robots":{"index":"index","follow":"follow","max-snippet":"max-snippet:-1","max-image-preview":"max-image-preview:large","max-video-preview":"max-video-preview:-1"},"canonical":"https:\/\/marthacifuentes.com\/portada\/autoridades-de-casanare-incluida-corporinoquia-niegan-mortandad-de-chiguiros\/","og_locale":"es_ES","og_type":"article","og_title":"Autoridades de Casanare, incluida Corporinoquia, niegan mortandad de chig\u00fciros - \u25b7 Noticias de Casanare : Martha Cifuentes | Casanare","og_description":"En relaci\u00f3n a las noticias sobre mortandad de chig\u00fciros en la zona norte de Casanare, la Gobernaci\u00f3n de Casanare neg\u00f3 que se est\u00e9n presentando muertes de los roedores por sequ\u00eda en los denominados pr\u00e9stamos laterales de la v\u00eda Centro Gait\u00e1n y Normand\u00eda de Paz de Ariporo. Guillermo P\u00e9rez responsable de la Gesti\u00f3n del Riesgo de &hellip;","og_url":"https:\/\/marthacifuentes.com\/portada\/autoridades-de-casanare-incluida-corporinoquia-niegan-mortandad-de-chiguiros\/","og_site_name":"\u25b7 Noticias de Casanare : Martha Cifuentes | Casanare","article_published_time":"2022-04-05T16:16:14+00:00","article_modified_time":"2022-04-05T16:18:49+00:00","og_image":[{"width":1274,"height":852,"url":"https:\/\/marthacifuentes.com\/portada\/wp-content\/uploads\/2022\/04\/chiguiros.jpg","type":"image\/jpeg"}],"author":"Martha Cifuentes","twitter_card":"summary_large_image","twitter_misc":{"Escrito por":"Martha Cifuentes","Tiempo de lectura":"2 minutos"},"schema":{"@context":"https:\/\/schema.org","@graph":[{"@type":"WebPage","@id":"https:\/\/marthacifuentes.com\/portada\/autoridades-de-casanare-incluida-corporinoquia-niegan-mortandad-de-chiguiros\/","url":"https:\/\/marthacifuentes.com\/portada\/autoridades-de-casanare-incluida-corporinoquia-niegan-mortandad-de-chiguiros\/","name":"Autoridades de Casanare, incluida Corporinoquia, niegan mortandad de chig\u00fciros - \u25b7 Noticias de Casanare : Martha Cifuentes | Casanare","isPartOf":{"@id":"https:\/\/marthacifuentes.com\/portada\/#website"},"primaryImageOfPage":{"@id":"https:\/\/marthacifuentes.com\/portada\/autoridades-de-casanare-incluida-corporinoquia-niegan-mortandad-de-chiguiros\/#primaryimage"},"image":{"@id":"https:\/\/marthacifuentes.com\/portada\/autoridades-de-casanare-incluida-corporinoquia-niegan-mortandad-de-chiguiros\/#primaryimage"},"thumbnailUrl":"https:\/\/marthacifuentes.com\/portada\/wp-content\/uploads\/2022\/04\/chiguiros.jpg","datePublished":"2022-04-05T16:16:14+00:00","dateModified":"2022-04-05T16:18:49+00:00","author":{"@id":"https:\/\/marthacifuentes.com\/portada\/#\/schema\/person\/57f53174b991db5f90ff78d58502b714"},"breadcrumb":{"@id":"https:\/\/marthacifuentes.com\/portada\/autoridades-de-casanare-incluida-corporinoquia-niegan-mortandad-de-chiguiros\/#breadcrumb"},"inLanguage":"es","potentialAction":[{"@type":"ReadAction","target":["https:\/\/marthacifuentes.com\/portada\/autoridades-de-casanare-incluida-corporinoquia-niegan-mortandad-de-chiguiros\/"]}]},{"@type":"ImageObject","inLanguage":"es","@id":"https:\/\/marthacifuentes.com\/portada\/autoridades-de-casanare-incluida-corporinoquia-niegan-mortandad-de-chiguiros\/#primaryimage","url":"https:\/\/marthacifuentes.com\/portada\/wp-content\/uploads\/2022\/04\/chiguiros.jpg","contentUrl":"https:\/\/marthacifuentes.com\/portada\/wp-content\/uploads\/2022\/04\/chiguiros.jpg","width":1274,"height":852},{"@type":"BreadcrumbList","@id":"https:\/\/marthacifuentes.com\/portada\/autoridades-de-casanare-incluida-corporinoquia-niegan-mortandad-de-chiguiros\/#breadcrumb","itemListElement":[{"@type":"ListItem","position":1,"name":"Portada","item":"https:\/\/marthacifuentes.com\/portada\/"},{"@type":"ListItem","position":2,"name":"Autoridades de Casanare, incluida Corporinoquia, niegan mortandad de chig\u00fciros"}]},{"@type":"WebSite","@id":"https:\/\/marthacifuentes.com\/portada\/#website","url":"https:\/\/marthacifuentes.com\/portada\/","name":"\u25b7 Noticias de Casanare : Martha Cifuentes | Casanare","description":"Noticias &amp; Contenidos","potentialAction":[{"@type":"SearchAction","target":{"@type":"EntryPoint","urlTemplate":"https:\/\/marthacifuentes.com\/portada\/?s={search_term_string}"},"query-input":{"@type":"PropertyValueSpecification","valueRequired":true,"valueName":"search_term_string"}}],"inLanguage":"es"},{"@type":"Person","@id":"https:\/\/marthacifuentes.com\/portada\/#\/schema\/person\/57f53174b991db5f90ff78d58502b714","name":"Martha Cifuentes","image":{"@type":"ImageObject","inLanguage":"es","@id":"https:\/\/marthacifuentes.com\/portada\/#\/schema\/person\/image\/","url":"http:\/\/marthacifuentes.com\/portada\/wp-content\/uploads\/2018\/06\/avatar_user_2_1528838701-96x96.jpg","contentUrl":"http:\/\/marthacifuentes.com\/portada\/wp-content\/uploads\/2018\/06\/avatar_user_2_1528838701-96x96.jpg","caption":"Martha Cifuentes"},"sameAs":["http:\/\/www.marthacifuentes.com"],"url":"https:\/\/marthacifuentes.com\/portada\/author\/martha\/"}]}},"_links":{"self":[{"href":"https:\/\/marthacifuentes.com\/portada\/wp-json\/wp\/v2\/posts\/28780","targetHints":{"allow":["GET"]}}],"collection":[{"href":"https:\/\/marthacifuentes.com\/portada\/wp-json\/wp\/v2\/posts"}],"about":[{"href":"https:\/\/marthacifuentes.com\/portada\/wp-json\/wp\/v2\/types\/post"}],"author":[{"embeddable":true,"href":"https:\/\/marthacifuentes.com\/portada\/wp-json\/wp\/v2\/users\/2"}],"replies":[{"embeddable":true,"href":"https:\/\/marthacifuentes.com\/portada\/wp-json\/wp\/v2\/comments?post=28780"}],"version-history":[{"count":2,"href":"https:\/\/marthacifuentes.com\/portada\/wp-json\/wp\/v2\/posts\/28780\/revisions"}],"predecessor-version":[{"id":28785,"href":"https:\/\/marthacifuentes.com\/portada\/wp-json\/wp\/v2\/posts\/28780\/revisions\/28785"}],"wp:featuredmedia":[{"embeddable":true,"href":"https:\/\/marthacifuentes.com\/portada\/wp-json\/wp\/v2\/media\/28773"}],"wp:attachment":[{"href":"https:\/\/marthacifuentes.com\/portada\/wp-json\/wp\/v2\/media?parent=28780"}],"wp:term":[{"taxonomy":"category","embeddable":true,"href":"https:\/\/marthacifuentes.com\/portada\/wp-json\/wp\/v2\/categories?post=28780"},{"taxonomy":"post_tag","embeddable":true,"href":"https:\/\/marthacifuentes.com\/portada\/wp-json\/wp\/v2\/tags?post=28780"}],"curies":[{"name":"wp","href":"https:\/\/api.w.org\/{rel}","templated":true}]}}