{"id":28920,"date":"2022-04-25T10:09:45","date_gmt":"2022-04-25T15:09:45","guid":{"rendered":"https:\/\/marthacifuentes.com\/portada\/?p=28920"},"modified":"2022-04-25T10:10:18","modified_gmt":"2022-04-25T15:10:18","slug":"planta-de-tratamiento-de-agua-potable-de-yopal-en-prueba-debio-ser-apagada-por-dano-ocasionado-por-arremetida-de-rio-cravo-sur","status":"publish","type":"post","link":"https:\/\/marthacifuentes.com\/portada\/planta-de-tratamiento-de-agua-potable-de-yopal-en-prueba-debio-ser-apagada-por-dano-ocasionado-por-arremetida-de-rio-cravo-sur\/","title":{"rendered":"Planta de Tratamiento de Agua Potable de Yopal en prueba, debi\u00f3 ser apagada por da\u00f1o ocasionado por arremetida de r\u00edo Cravo Sur."},"content":{"rendered":"<p style=\"text-align: justify;\">En plena prueba para que la Empresa de Acueducto, Alcantarillado y Aseo de Yopal, reciba la Planta de Tratamiento de Agua Potable Definitiva, una creciente del r\u00edo Cravo Sur ocurrida la semana pasada caus\u00f3 un da\u00f1o que oblig\u00f3 a apagarla por varios d\u00edas, lo cual gener\u00f3 desabastecimiento de agua en diversos sectores de Yopal.<\/p>\n<p style=\"text-align: justify;\">Seg\u00fan el gerente de la Eaaay, Jairo Bossuet P\u00e9rez, la arremetida del r\u00edo caus\u00f3 un da\u00f1o que es superable y los barrios afectados son principalmente los que ven\u00edan siendo abastecidos con pozos profundos. Se desconoce la magnitud de la aver\u00eda, pero hasta la noche anterior a\u00fan no se hab\u00eda logrado solucionar, lo que implic\u00f3 bajas presiones en la distribuci\u00f3n de agua en la ciudad o que no llegar\u00e1 a las residencias en algunos sectores como la comuna 2.<\/p>\n<p style=\"text-align: justify;\">Vecinos de la planta en la vereda La Vega, expresaron que desde el s\u00e1bado comenz\u00f3 un intenso ruido de motores que solo en algunos instantes se silenciaba y se teme que la bocatoma haya sido afectada por la arremetida de las aguas y los sedimentos. La Empresa de Acueducto debe evaluar la situaci\u00f3n considerando que precisamente se est\u00e1 en la etapa de pruebas de la planta, para la entrega que Findeter har\u00e1 de la misma y la operaci\u00f3n.<\/p>\n<p style=\"text-align: justify;\">Se teme que la bocatoma no logre contener las crecientes del r\u00edo en invierno y los sedimentos sean excesivos, lo que imposibilitar\u00eda el funcionamiento de la nueva PTAP, en la cual ya se han invertido 95 mil millones de pesos y le faltan 40 mil millones m\u00e1s.<\/p>\n<p style=\"text-align: justify;\">La pregunta que surge es sobre el real funcionamiento de la bocatoma con las constantes crecientes del r\u00edo en invierno y el por qu\u00e9 no fue implementado el denominado proceso de infiltraci\u00f3n ribere\u00f1a, propuesto y contemplado inicialmente en los estudios y dise\u00f1os y contrato de construcci\u00f3n de la planta.<\/p>\n<h2><strong>Otras noticias\u2026<\/strong><\/h2>\n<blockquote class=\"wp-embedded-content\" data-secret=\"PtpLWD4Q6f\"><p><a href=\"https:\/\/marthacifuentes.com\/portada\/2022\/04\/22\/empresas-parex-y-celsia-inauguraron-primera-granja-de-energia-solar-en-casanare\/\">Empresas Parex y Celsia, inauguraron primera granja de energ\u00eda solar en Casanare<\/a><\/p><\/blockquote>\n<p><iframe loading=\"lazy\" class=\"wp-embedded-content\" sandbox=\"allow-scripts\" security=\"restricted\" style=\"position: absolute; clip: rect(1px, 1px, 1px, 1px);\" title=\"\u00abEmpresas Parex y Celsia, inauguraron primera granja de energ\u00eda solar en Casanare\u00bb \u2014 \u25b7 Noticias de Casanare : Martha Cifuentes | Casanare\" src=\"https:\/\/marthacifuentes.com\/portada\/2022\/04\/22\/empresas-parex-y-celsia-inauguraron-primera-granja-de-energia-solar-en-casanare\/embed\/#?secret=tkFLHG76pH#?secret=PtpLWD4Q6f\" data-secret=\"PtpLWD4Q6f\" width=\"500\" height=\"282\" frameborder=\"0\" marginwidth=\"0\" marginheight=\"0\" scrolling=\"no\"><\/iframe><\/p>\n<p><iframe loading=\"lazy\" class=\"wp-embedded-content\" title=\"\u00abProcuradur\u00eda estar\u00eda retrasando proceso de revocatoria del mandato del alcalde de Monterrey, afirma promotor en acci\u00f3n de tutela\u00bb \u2014 \u25b7 Noticias de Casanare : Martha Cifuentes | Casanare\" src=\"https:\/\/marthacifuentes.com\/portada\/2022\/04\/22\/procuraduria-estaria-retrasando-proceso-de-revocatoria-del-mandato-del-alcalde-de-monterrey-afirma-promotor-en-accion-de-tutela\/embed\/#?secret=BsOiChVSKr#?secret=YmsqklEq4N\" width=\"600\" height=\"649\" frameborder=\"0\" marginwidth=\"0\" marginheight=\"0\" scrolling=\"no\" sandbox=\"allow-scripts\" data-secret=\"YmsqklEq4N\" data-mce-fragment=\"1\"><\/iframe><\/p>\n<p><iframe loading=\"lazy\" class=\"wp-embedded-content\" title=\"\u00abAlcald\u00eda de Yopal se lav\u00f3 las manos sobre carencia del transporte escolar en zonas rurales. Solo rega\u00f1os, pero no respuestas contundentes.\u00bb \u2014 \u25b7 Noticias de Casanare : Martha Cifuentes | Casanare\" src=\"https:\/\/marthacifuentes.com\/portada\/2022\/04\/22\/alcaldia-de-yopal-se-lavo-las-manos-sobre-carencia-del-transporte-escolar-en-zonas-rurales-solo-reganos-pero-no-respuestas-contundentes\/embed\/#?secret=AtQWwb1C0H#?secret=RbUIsFWkeq\" width=\"600\" height=\"649\" frameborder=\"0\" marginwidth=\"0\" marginheight=\"0\" scrolling=\"no\" sandbox=\"allow-scripts\" data-secret=\"RbUIsFWkeq\" data-mce-fragment=\"1\"><\/iframe><\/p>\n<p><iframe loading=\"lazy\" class=\"wp-embedded-content\" title=\"\u00abA la Alcald\u00eda de Yopal no le alcanz\u00f3 la plata. Para 2021, d\u00e9ficit de m\u00e1s de 5 mil millones.\u00bb \u2014 \u25b7 Noticias de Casanare : Martha Cifuentes | Casanare\" src=\"https:\/\/marthacifuentes.com\/portada\/2022\/04\/22\/a-la-alcaldia-de-yopal-no-le-alcanzo-la-plata-para-2021-deficit-de-mas-de-5-mil-millones\/embed\/#?secret=IDMith8AHV#?secret=YuJzbsXB8I\" width=\"600\" height=\"600\" frameborder=\"0\" marginwidth=\"0\" marginheight=\"0\" scrolling=\"no\" sandbox=\"allow-scripts\" data-secret=\"YuJzbsXB8I\" data-mce-fragment=\"1\"><\/iframe><\/p>\n<p><iframe loading=\"lazy\" class=\"wp-embedded-content\" title=\"\u00abGuste o no, comerciantes y trabajadores independientes con ingresos entre 1 y 145 millones en 2021, tendr\u00e1n que pagar $300 mil de ICA, tarifa impuesta por la Alcald\u00eda de Yopal\u00bb \u2014 \u25b7 Noticias de Casanare : Martha Cifuentes | Casanare\" src=\"https:\/\/marthacifuentes.com\/portada\/2022\/04\/22\/guste-o-no-comerciantes-y-trabajadores-independientes-con-ingresos-entre-1-y-145-millones-en-2021-tendran-que-pagar-300-mil-de-ica-tarifa-impuesta-por-la-alcaldia-de-yopal\/embed\/#?secret=by1eFYhLff#?secret=drVPoeMw65\" width=\"600\" height=\"641\" frameborder=\"0\" marginwidth=\"0\" marginheight=\"0\" scrolling=\"no\" sandbox=\"allow-scripts\" data-secret=\"drVPoeMw65\" data-mce-fragment=\"1\"><\/iframe><\/p>\n<p><iframe loading=\"lazy\" class=\"wp-embedded-content\" title=\"\u00abSe cumplieron 10 a\u00f1os de desaparici\u00f3n de Javier Silva, l\u00edder comunal de corregimiento petrolero El Morro, Yopal.\u00bb \u2014 \u25b7 Noticias de Casanare : Martha Cifuentes | Casanare\" src=\"https:\/\/marthacifuentes.com\/portada\/2022\/04\/22\/se-cumplieron-10-anos-de-desaparicion-de-javier-silva-lider-comunal-de-corregimiento-petrolero-el-morro-yopal\/embed\/#?secret=gOxfl6sewU#?secret=FD8gJPJPwP\" width=\"600\" height=\"628\" frameborder=\"0\" marginwidth=\"0\" marginheight=\"0\" scrolling=\"no\" sandbox=\"allow-scripts\" data-secret=\"FD8gJPJPwP\" data-mce-fragment=\"1\"><\/iframe><\/p>\n<p><iframe loading=\"lazy\" class=\"wp-embedded-content\" title=\"\u00abPliego de cargos por abuso sexual contra profesor de educaci\u00f3n f\u00edsica del Colegio Centro Social\u00bb \u2014 \u25b7 Noticias de Casanare : Martha Cifuentes | Casanare\" src=\"https:\/\/marthacifuentes.com\/portada\/2022\/04\/20\/pliego-de-cargos-por-abuso-sexual-contra-profesor-de-educacion-fisica-del-colegio-centro-social\/embed\/#?secret=GYzrMV3Ji6#?secret=J9uHHRD74M\" width=\"600\" height=\"621\" frameborder=\"0\" marginwidth=\"0\" marginheight=\"0\" scrolling=\"no\" sandbox=\"allow-scripts\" data-secret=\"J9uHHRD74M\" data-mce-fragment=\"1\"><\/iframe><\/p>\n<p><iframe loading=\"lazy\" class=\"wp-embedded-content\" title=\"\u00abJ\u00f3venes de Tauramena, Aguazul y Yopal podr\u00e1n participar con productos culturales en el programa J\u00f3venes+Museo.\u00bb \u2014 \u25b7 Noticias de Casanare : Martha Cifuentes | Casanare\" src=\"https:\/\/marthacifuentes.com\/portada\/2022\/04\/20\/jovenes-de-tauramena-aguazul-y-yopal-podran-participar-con-productos-culturales-en-el-programa-jovenesmuseo\/embed\/#?secret=z0zWYvi0Ih#?secret=p5cuYZ1we0\" width=\"600\" height=\"615\" frameborder=\"0\" marginwidth=\"0\" marginheight=\"0\" scrolling=\"no\" sandbox=\"allow-scripts\" data-secret=\"p5cuYZ1we0\" data-mce-fragment=\"1\"><\/iframe><\/p>\n<p><iframe loading=\"lazy\" class=\"wp-embedded-content\" title=\"\u00abA comer hamburguesa en el Burger Master. Yopal participar\u00e1 en el evento.\u00bb \u2014 \u25b7 Noticias de Casanare : Martha Cifuentes | Casanare\" src=\"https:\/\/marthacifuentes.com\/portada\/2022\/04\/20\/a-comer-hamburguesa-en-el-burger-master-yopal-participara-en-el-evento\/embed\/#?secret=UMBa50bX7o#?secret=PAj2MsG3QT\" width=\"600\" height=\"609\" frameborder=\"0\" marginwidth=\"0\" marginheight=\"0\" scrolling=\"no\" sandbox=\"allow-scripts\" data-secret=\"PAj2MsG3QT\" data-mce-fragment=\"1\"><\/iframe><\/p>\n<p><iframe loading=\"lazy\" class=\"wp-embedded-content\" title=\"\u00abPerenco y sus afectaciones al medio ambiente y seguridad en Casanare fueron evidenciadas por portal Rutas del Conflicto.\u00bb \u2014 \u25b7 Noticias de Casanare : Martha Cifuentes | Casanare\" src=\"https:\/\/marthacifuentes.com\/portada\/2022\/04\/20\/perenco-y-sus-afectaciones-al-medio-ambiente-y-seguridad-en-casanare-fueron-evidenciadas-por-portal-rutas-del-conflicto\/embed\/#?secret=e0EedfKJjP#?secret=SEcTf7dS3a\" width=\"600\" height=\"649\" frameborder=\"0\" marginwidth=\"0\" marginheight=\"0\" scrolling=\"no\" sandbox=\"allow-scripts\" data-secret=\"SEcTf7dS3a\" data-mce-fragment=\"1\"><\/iframe><\/p>\n<p><iframe loading=\"lazy\" class=\"wp-embedded-content\" title=\"\u00abFamilia es atracada en su casa en el barrio Xiruma II en Yopal.\u00bb \u2014 \u25b7 Noticias de Casanare : Martha Cifuentes | Casanare\" src=\"https:\/\/marthacifuentes.com\/portada\/2022\/04\/20\/familia-es-atracada-en-su-casa-en-el-barrio-xiruma-ii-en-yopal\/embed\/#?secret=8dUh1MO1sU#?secret=tNKQ3KWI7d\" width=\"600\" height=\"537\" frameborder=\"0\" marginwidth=\"0\" marginheight=\"0\" scrolling=\"no\" sandbox=\"allow-scripts\" data-secret=\"tNKQ3KWI7d\" data-mce-fragment=\"1\"><\/iframe><\/p>\n<p><iframe loading=\"lazy\" class=\"wp-embedded-content\" title=\"\u00abDos heridos en atraco en v\u00eda Aguazul-Man\u00ed\u00bb \u2014 \u25b7 Noticias de Casanare : Martha Cifuentes | Casanare\" src=\"https:\/\/marthacifuentes.com\/portada\/2022\/04\/20\/dos-heridos-en-atraco-en-via-aguazul-mani\/embed\/#?secret=imiQnZPWtW#?secret=Flh1O5kDSV\" width=\"600\" height=\"592\" frameborder=\"0\" marginwidth=\"0\" marginheight=\"0\" scrolling=\"no\" sandbox=\"allow-scripts\" data-secret=\"Flh1O5kDSV\" data-mce-fragment=\"1\"><\/iframe><\/p>\n<p><iframe loading=\"lazy\" class=\"wp-embedded-content\" title=\"\u00abCada 28 minutos, en promedio, una mujer es v\u00edctima de violencia sexual en Colombia. En 2022 han sido asesinadas al menos 225 mujeres.\u00bb \u2014 \u25b7 Noticias de Casanare : Martha Cifuentes | Casanare\" src=\"https:\/\/marthacifuentes.com\/portada\/2022\/04\/17\/cada-28-minutos-en-promedio-una-mujer-es-victima-de-violencia-sexual-en-colombia-en-2022-han-sido-asesinadas-al-menos-225-mujeres\/embed\/#?secret=6Pq7fWuNk6#?secret=jB9VdahiEs\" width=\"600\" height=\"593\" frameborder=\"0\" marginwidth=\"0\" marginheight=\"0\" scrolling=\"no\" sandbox=\"allow-scripts\" data-secret=\"jB9VdahiEs\" data-mce-fragment=\"1\"><\/iframe><\/p>\n<p><iframe loading=\"lazy\" class=\"wp-embedded-content\" title=\"\u00abNO al suicidio. Secretar\u00eda de Salud de Yopal e Inv\u00edas realizan campa\u00f1a en puente La Cabuya.\u00bb \u2014 \u25b7 Noticias de Casanare : Martha Cifuentes | Casanare\" src=\"https:\/\/marthacifuentes.com\/portada\/2022\/04\/12\/no-al-suicidio-secretaria-de-salud-de-yopal-e-invias-realizan-campana-en-puente-la-cabuya\/embed\/#?secret=ZVXuBG4ZJ3#?secret=N77VvZf2Tg\" width=\"600\" height=\"621\" frameborder=\"0\" marginwidth=\"0\" marginheight=\"0\" scrolling=\"no\" sandbox=\"allow-scripts\" data-secret=\"N77VvZf2Tg\" data-mce-fragment=\"1\"><\/iframe><\/p>\n<p><iframe loading=\"lazy\" class=\"wp-embedded-content\" title=\"\u00abYOPAL\u2026 \u00bfSEGURA?\u00bb \u2014 \u25b7 Noticias de Casanare : Martha Cifuentes | Casanare\" src=\"https:\/\/marthacifuentes.com\/portada\/2022\/04\/12\/yopal-segura\/embed\/#?secret=Qt4XYJqU8n#?secret=ins3Xh8k3b\" width=\"600\" height=\"592\" frameborder=\"0\" marginwidth=\"0\" marginheight=\"0\" scrolling=\"no\" sandbox=\"allow-scripts\" data-secret=\"ins3Xh8k3b\" data-mce-fragment=\"1\"><\/iframe><\/p>\n<p><iframe loading=\"lazy\" class=\"wp-embedded-content\" title=\"\u00abPortada\u00bb \u2014 \u25b7 Noticias de Casanare : Martha Cifuentes | Casanare\" src=\"https:\/\/marthacifuentes.com\/portada\/embed\/#?secret=5dLk7NTjsn#?secret=Sq88ceyMf3\" width=\"600\" height=\"338\" frameborder=\"0\" marginwidth=\"0\" marginheight=\"0\" scrolling=\"no\" sandbox=\"allow-scripts\" data-secret=\"Sq88ceyMf3\" data-mce-fragment=\"1\"><\/iframe><\/p>\n<p><iframe loading=\"lazy\" class=\"wp-embedded-content\" title=\"\u00abV\u00edctimas de conflicto armado convocados a exponer fotograf\u00edas en galer\u00eda de desaparecidos\u00bb \u2014 \u25b7 Noticias de Casanare : Martha Cifuentes | Casanare\" src=\"https:\/\/marthacifuentes.com\/portada\/2022\/04\/08\/victimas-de-conflicto-armado-convocados-a-exponer-fotografias-en-galeria-de-desaparecidos\/embed\/#?secret=JdF2lxFZyu#?secret=qxJpRLoVwz\" width=\"600\" height=\"621\" frameborder=\"0\" marginwidth=\"0\" marginheight=\"0\" scrolling=\"no\" sandbox=\"allow-scripts\" data-secret=\"qxJpRLoVwz\" data-mce-fragment=\"1\"><\/iframe><\/p>\n<p><iframe loading=\"lazy\" class=\"wp-embedded-content\" title=\"\u00abPor fin. M\u00e1s de 2 mil j\u00f3venes estudiar\u00e1n gratuitamente en Unitr\u00f3pico en Yopal.\u00bb \u2014 \u25b7 Noticias de Casanare : Martha Cifuentes | Casanare\" src=\"https:\/\/marthacifuentes.com\/portada\/2022\/04\/08\/por-fin-mas-de-2-mil-jovenes-estudiaran-gratuitamente-en-unitropico-en-yopal\/embed\/#?secret=v2hDTkOdTr#?secret=FQoS36E22g\" width=\"600\" height=\"578\" frameborder=\"0\" marginwidth=\"0\" marginheight=\"0\" scrolling=\"no\" sandbox=\"allow-scripts\" data-secret=\"FQoS36E22g\" data-mce-fragment=\"1\"><\/iframe><\/p>\n<p><iframe loading=\"lazy\" class=\"wp-embedded-content\" title=\"\u00ab\u201cEn Enerca compramos pan para vender\u2026 harina\u201d: Diputado Jorge Garc\u00eda, sobre su situaci\u00f3n financiera.\u00bb \u2014 \u25b7 Noticias de Casanare : Martha Cifuentes | Casanare\" src=\"https:\/\/marthacifuentes.com\/portada\/2022\/04\/08\/en-enerca-compramos-pan-para-vender-harina-diputado-jorge-garcia-sobre-su-situacion-financiera\/embed\/#?secret=Nr6tUZ3Ecg#?secret=GXHAKYNgHa\" width=\"600\" height=\"600\" frameborder=\"0\" marginwidth=\"0\" marginheight=\"0\" scrolling=\"no\" sandbox=\"allow-scripts\" data-secret=\"GXHAKYNgHa\" data-mce-fragment=\"1\"><\/iframe><\/p>\n<p><iframe loading=\"lazy\" class=\"wp-embedded-content\" title=\"\u00abInici\u00f3 legalizaci\u00f3n de urbanizaciones ilegales en El Charte, Yopal\u00bb \u2014 \u25b7 Noticias de Casanare : Martha Cifuentes | Casanare\" src=\"https:\/\/marthacifuentes.com\/portada\/2022\/04\/07\/inicio-legalizacion-de-urbanizaciones-ilegales-en-el-charte-yopal\/embed\/#?secret=ZTJubvPRtO#?secret=w02clOmpLG\" width=\"600\" height=\"600\" frameborder=\"0\" marginwidth=\"0\" marginheight=\"0\" scrolling=\"no\" sandbox=\"allow-scripts\" data-secret=\"w02clOmpLG\" data-mce-fragment=\"1\"><\/iframe><\/p>\n<p><iframe loading=\"lazy\" class=\"wp-embedded-content\" title=\"\u00abMin Agricultura y Ecopetrol se unen para promover l\u00edneas productivas en Casanare y otros departamentos.\u00bb \u2014 \u25b7 Noticias de Casanare : Martha Cifuentes | Casanare\" src=\"https:\/\/marthacifuentes.com\/portada\/2022\/04\/07\/min-agricultura-y-ecopetrol-se-unen-para-promover-lineas-productivas-en-casanare-y-otros-departamentos\/embed\/#?secret=AKCUGy4vbh#?secret=B7Q9L3b0vV\" width=\"600\" height=\"621\" frameborder=\"0\" marginwidth=\"0\" marginheight=\"0\" scrolling=\"no\" sandbox=\"allow-scripts\" data-secret=\"B7Q9L3b0vV\" data-mce-fragment=\"1\"><\/iframe><\/p>\n<p><iframe loading=\"lazy\" class=\"wp-embedded-content\" title=\"\u00abInfluenciador Tulio Zuluaga se \u201cenchicharron\u00f3\u201d en Yopal. Promovi\u00f3 emprendimiento de mujer cabeza de hogar\u00bb \u2014 \u25b7 Noticias de Casanare : Martha Cifuentes | Casanare\" src=\"https:\/\/marthacifuentes.com\/portada\/2022\/04\/07\/influenciador-tulio-zuluaga-se-enchicharrono-en-yopal-promovio-emprendimiento-de-mujer-cabeza-de-hogar\/embed\/#?secret=K8i6oAvzS8#?secret=0gFE1Y53bp\" width=\"600\" height=\"649\" frameborder=\"0\" marginwidth=\"0\" marginheight=\"0\" scrolling=\"no\" sandbox=\"allow-scripts\" data-secret=\"0gFE1Y53bp\" data-mce-fragment=\"1\"><\/iframe><\/p>\n<p><iframe loading=\"lazy\" class=\"wp-embedded-content\" title=\"\u00abGanaderos recibieron maquinaria agr\u00edcola de la Gobernaci\u00f3n de Casanare\u00bb \u2014 \u25b7 Noticias de Casanare : Martha Cifuentes | Casanare\" src=\"https:\/\/marthacifuentes.com\/portada\/2022\/04\/07\/ganaderos-recibieron-maquinaria-agricola-de-la-gobernacion-de-casanare\/embed\/#?secret=HVRlDBUcRj#?secret=7eGbR4efq9\" width=\"600\" height=\"586\" frameborder=\"0\" marginwidth=\"0\" marginheight=\"0\" scrolling=\"no\" sandbox=\"allow-scripts\" data-secret=\"7eGbR4efq9\" data-mce-fragment=\"1\"><\/iframe><\/p>\n<p><iframe loading=\"lazy\" class=\"wp-embedded-content\" title=\"\u00abAutoridades investigan caso de ni\u00f1a de 12 a\u00f1os de Yopal que consumi\u00f3 viagra dentro de un reto de redes sociales\u00bb \u2014 \u25b7 Noticias de Casanare : Martha Cifuentes | Casanare\" src=\"https:\/\/marthacifuentes.com\/portada\/2022\/04\/07\/autoridades-investigan-caso-de-nina-de-12-anos-de-yopal-que-consumio-viagra-dentro-de-un-reto-de-redes-sociales\/embed\/#?secret=q2oE2LKVLh#?secret=ZW5hA0vnRg\" width=\"600\" height=\"357\" frameborder=\"0\" marginwidth=\"0\" marginheight=\"0\" scrolling=\"no\" sandbox=\"allow-scripts\" data-secret=\"ZW5hA0vnRg\" data-mce-fragment=\"1\"><\/iframe><\/p>\n<p><iframe loading=\"lazy\" class=\"wp-embedded-content\" title=\"\u00abDos veh\u00edculos impactaron una casa en Quebradaseca y un local de Supergiros en Yopal, respectivamente. No hubo v\u00edctimas fatales.\u00bb \u2014 \u25b7 Noticias de Casanare : Martha Cifuentes | Casanare\" src=\"https:\/\/marthacifuentes.com\/portada\/2022\/04\/07\/dos-vehiculos-impactaron-una-casa-en-quebradaseca-y-un-local-de-supergiros-en-yopal-respectivamente-no-hubo-victimas-fatales\/embed\/#?secret=pSBMvtcyN5#?secret=zdTzgtBQYL\" width=\"600\" height=\"619\" frameborder=\"0\" marginwidth=\"0\" marginheight=\"0\" scrolling=\"no\" sandbox=\"allow-scripts\" data-secret=\"zdTzgtBQYL\" data-mce-fragment=\"1\"><\/iframe><\/p>\n<p><iframe loading=\"lazy\" class=\"wp-embedded-content\" title=\"\u00abContralor\u00eda visita el zool\u00f3gico de elefantes blancos y obras inconclusas en Casanare\u00bb \u2014 \u25b7 Noticias de Casanare : Martha Cifuentes | Casanare\" src=\"https:\/\/marthacifuentes.com\/portada\/2022\/04\/06\/contraloria-visita-el-zoologico-de-elefantes-blancos-y-obras-inconclusas-en-casanare\/embed\/#?secret=wGOjciTr9v#?secret=LgNHDaOrQX\" width=\"600\" height=\"621\" frameborder=\"0\" marginwidth=\"0\" marginheight=\"0\" scrolling=\"no\" sandbox=\"allow-scripts\" data-secret=\"LgNHDaOrQX\" data-mce-fragment=\"1\"><\/iframe><\/p>\n<p><iframe loading=\"lazy\" class=\"wp-embedded-content\" title=\"\u00abAlcalde de Yopal busca plata en gobierno nacional para culminar PTAP definitiva\u00bb \u2014 \u25b7 Noticias de Casanare : Martha Cifuentes | Casanare\" src=\"https:\/\/marthacifuentes.com\/portada\/2022\/04\/06\/alcalde-de-yopal-busca-plata-en-gobierno-nacional-para-culminar-ptap-definitiva\/embed\/#?secret=ejroTfzF5y#?secret=YdF8CMQADL\" width=\"600\" height=\"600\" frameborder=\"0\" marginwidth=\"0\" marginheight=\"0\" scrolling=\"no\" sandbox=\"allow-scripts\" data-secret=\"YdF8CMQADL\" data-mce-fragment=\"1\"><\/iframe><\/p>\n<p><iframe loading=\"lazy\" class=\"wp-embedded-content\" title=\"\u00abDemandada elecci\u00f3n de Vladimir Olaya como Representante a la C\u00e1mara del Centro Democr\u00e1tico\u00bb \u2014 \u25b7 Noticias de Casanare : Martha Cifuentes | Casanare\" src=\"https:\/\/marthacifuentes.com\/portada\/2022\/04\/06\/demandada-eleccion-de-vladimir-olaya-como-representante-a-la-camara-del-centro-democratico\/embed\/#?secret=zCxx8BRjXt#?secret=Q6akZ17Bbv\" width=\"600\" height=\"621\" frameborder=\"0\" marginwidth=\"0\" marginheight=\"0\" scrolling=\"no\" sandbox=\"allow-scripts\" data-secret=\"Q6akZ17Bbv\" data-mce-fragment=\"1\"><\/iframe><\/p>\n<p><iframe loading=\"lazy\" class=\"wp-embedded-content\" title=\"\u00abANI y Covioriente no permiten trazado de redes de acueducto en El Charte, La Guafilla y barrios de comuna 6 de Yopal\u00bb \u2014 \u25b7 Noticias de Casanare : Martha Cifuentes | Casanare\" src=\"https:\/\/marthacifuentes.com\/portada\/2022\/04\/06\/ani-y-covioriente-no-permiten-trazado-de-redes-de-acueducto-en-el-charte-la-guafilla-y-barrios-de-comuna-6-de-yopal\/embed\/#?secret=Ldx6YI1i7P#?secret=Hkt9KER7O9\" width=\"600\" height=\"634\" frameborder=\"0\" marginwidth=\"0\" marginheight=\"0\" scrolling=\"no\" sandbox=\"allow-scripts\" data-secret=\"Hkt9KER7O9\" data-mce-fragment=\"1\"><\/iframe><\/p>\n<p><iframe loading=\"lazy\" class=\"wp-embedded-content\" title=\"\u00abCuidadores de personas discapacitadas o adultos mayores ser\u00edan priorizados con programas sociales en Yopal. Ya se dio primer debate en Concejo de Yopal\u00bb \u2014 \u25b7 Noticias de Casanare : Martha Cifuentes | Casanare\" src=\"https:\/\/marthacifuentes.com\/portada\/2022\/04\/05\/cuidadores-de-personas-discapacitadas-o-adultos-mayores-serian-priorizados-con-programas-sociales-en-yopal-ya-se-dio-primer-debate-en-concejo-de-yopal\/embed\/#?secret=uSC4vRqI8Y#?secret=21NkHV5QgX\" width=\"600\" height=\"649\" frameborder=\"0\" marginwidth=\"0\" marginheight=\"0\" scrolling=\"no\" sandbox=\"allow-scripts\" data-secret=\"21NkHV5QgX\" data-mce-fragment=\"1\"><\/iframe><\/p>\n<p><iframe loading=\"lazy\" class=\"wp-embedded-content\" title=\"\u00abMigrantes ya cuentan con Puesto de Atenci\u00f3n Humanitaria en Paz de Ariporo.\u00bb \u2014 \u25b7 Noticias de Casanare : Martha Cifuentes | Casanare\" src=\"https:\/\/marthacifuentes.com\/portada\/2022\/04\/05\/migrantes-ya-cuentan-con-puesto-de-atencion-humanitaria-en-paz-de-ariporo\/embed\/#?secret=9XdAeLoGmy#?secret=jIX35yxgWR\" width=\"600\" height=\"600\" frameborder=\"0\" marginwidth=\"0\" marginheight=\"0\" scrolling=\"no\" sandbox=\"allow-scripts\" data-secret=\"jIX35yxgWR\" data-mce-fragment=\"1\"><\/iframe><\/p>\n<p><iframe loading=\"lazy\" class=\"wp-embedded-content\" title=\"\u00abGrupo de teatro Akelarre y la colectiva feminista La Paraulata protest\u00f3 ante la Casa de la Justicia y Fiscal\u00eda en Yopal por violencia contra la mujer\u00bb \u2014 \u25b7 Noticias de Casanare : Martha Cifuentes | Casanare\" src=\"https:\/\/marthacifuentes.com\/portada\/2022\/04\/05\/grupo-de-teatro-akelarre-y-la-colectiva-feminista-la-paraulata-protesto-ante-la-casa-de-la-justicia-y-fiscalia-en-yopal-por-violencia-contra-la-mujer\/embed\/#?secret=WmloEi0mkm#?secret=zitiuAbc6g\" width=\"600\" height=\"614\" frameborder=\"0\" marginwidth=\"0\" marginheight=\"0\" scrolling=\"no\" sandbox=\"allow-scripts\" data-secret=\"zitiuAbc6g\" data-mce-fragment=\"1\"><\/iframe><\/p>\n<p><iframe loading=\"lazy\" class=\"wp-embedded-content\" title=\"\u00abA la c\u00e1rcel sujeto que amenaz\u00f3 con quemarle la ropa de su pareja si no acced\u00eda a intimar con \u00e9l.\u00bb \u2014 \u25b7 Noticias de Casanare : Martha Cifuentes | Casanare\" src=\"https:\/\/marthacifuentes.com\/portada\/2022\/04\/05\/a-la-carcel-sujeto-que-amenazo-con-quemarle-la-ropa-de-su-pareja-si-no-accedia-a-intimar-con-el\/embed\/#?secret=R8g2nEr0to#?secret=bO1lL9UXON\" width=\"600\" height=\"617\" frameborder=\"0\" marginwidth=\"0\" marginheight=\"0\" scrolling=\"no\" sandbox=\"allow-scripts\" data-secret=\"bO1lL9UXON\" data-mce-fragment=\"1\"><\/iframe><\/p>\n<p><iframe loading=\"lazy\" class=\"wp-embedded-content\" title=\"\u00abUna ni\u00f1a y un ni\u00f1o murieron en Casanare. Ella por un rayo y \u00e9l en accidente de tr\u00e1nsito\u00bb \u2014 \u25b7 Noticias de Casanare : Martha Cifuentes | Casanare\" src=\"https:\/\/marthacifuentes.com\/portada\/2022\/04\/05\/una-nina-y-un-nino-murieron-en-casanare-ella-por-un-rayo-y-el-en-accidente-de-transito\/embed\/#?secret=Ouuf88km3W#?secret=Bhy0S4Lk8y\" width=\"600\" height=\"581\" frameborder=\"0\" marginwidth=\"0\" marginheight=\"0\" scrolling=\"no\" sandbox=\"allow-scripts\" data-secret=\"Bhy0S4Lk8y\" data-mce-fragment=\"1\"><\/iframe><\/p>\n<p><iframe loading=\"lazy\" class=\"wp-embedded-content\" title=\"\u00abFuncionario de la Fiscal\u00eda mat\u00f3 a su pareja e hijastro de 15 a\u00f1os en Yopal y luego intent\u00f3 quitarse la vida.\u00bb \u2014 \u25b7 Noticias de Casanare : Martha Cifuentes | Casanare\" src=\"https:\/\/marthacifuentes.com\/portada\/2022\/04\/01\/funcionario-de-la-fiscalia-mato-a-su-pareja-e-hijastro-de-15-anos-en-yopal-y-luego-intento-quitarse-la-vida\/embed\/#?secret=TbvWP0vGKV#?secret=VEBCvOFcpA\" width=\"600\" height=\"620\" frameborder=\"0\" marginwidth=\"0\" marginheight=\"0\" scrolling=\"no\" sandbox=\"allow-scripts\" data-secret=\"VEBCvOFcpA\" data-mce-fragment=\"1\"><\/iframe><\/p>\n<p><iframe loading=\"lazy\" class=\"wp-embedded-content\" title=\"\u00abEnviada a la c\u00e1rcel mujer c\u00f3mplice de abuso sexual de su propia hija de 11 a\u00f1os en Yopal.\u00bb \u2014 \u25b7 Noticias de Casanare : Martha Cifuentes | Casanare\" src=\"https:\/\/marthacifuentes.com\/portada\/2022\/03\/31\/enviada-a-la-carcel-mujer-complice-de-abuso-sexual-de-su-propia-hija-de-11-anos-en-yopal\/embed\/#?secret=a4a13zLXBB#?secret=jbUvEz8GEj\" width=\"600\" height=\"600\" frameborder=\"0\" marginwidth=\"0\" marginheight=\"0\" scrolling=\"no\" sandbox=\"allow-scripts\" data-secret=\"jbUvEz8GEj\" data-mce-fragment=\"1\"><\/iframe><\/p>\n<p><iframe loading=\"lazy\" class=\"wp-embedded-content\" title=\"\u00abFamiliares de dos de las v\u00edctimas m\u00e1s emblem\u00e1ticas de falsos positivos en Casanare deber\u00e1n ser indemnizadas por el Estado.\u00bb \u2014 \u25b7 Noticias de Casanare : Martha Cifuentes | Casanare\" src=\"https:\/\/marthacifuentes.com\/portada\/2022\/03\/31\/familiares-de-dos-de-las-victimas-mas-emblematicas-de-falsos-positivos-en-casanare-deberan-ser-indemnizadas-por-el-estado\/embed\/#?secret=HUBwwT2FDo#?secret=Wb9upq6nNt\" width=\"600\" height=\"622\" frameborder=\"0\" marginwidth=\"0\" marginheight=\"0\" scrolling=\"no\" sandbox=\"allow-scripts\" data-secret=\"Wb9upq6nNt\" data-mce-fragment=\"1\"><\/iframe><\/p>\n<p><iframe loading=\"lazy\" class=\"wp-embedded-content\" title=\"\u00abAlcald\u00eda de Yopal adquiri\u00f3 otro de los predios de la Ciudadela La Bendici\u00f3n. Ahora a legalizar los lotes.\u00bb \u2014 \u25b7 Noticias de Casanare : Martha Cifuentes | Casanare\" src=\"https:\/\/marthacifuentes.com\/portada\/2022\/03\/31\/alcaldia-de-yopal-adquirio-otro-de-los-predios-de-la-ciudadela-la-bendicion-ahora-a-legalizar-los-lotes\/embed\/#?secret=vLu6kEMR9N#?secret=JuqSNPYgHC\" width=\"600\" height=\"600\" frameborder=\"0\" marginwidth=\"0\" marginheight=\"0\" scrolling=\"no\" sandbox=\"allow-scripts\" data-secret=\"JuqSNPYgHC\" data-mce-fragment=\"1\"><\/iframe><\/p>\n<p><iframe loading=\"lazy\" class=\"wp-embedded-content\" title=\"\u00abIv\u00e1n Duque sac\u00f3 pecho por obras contratadas con regal\u00edas de Casanare y presupuesto nacional de los pr\u00f3ximos gobiernos\u00bb \u2014 \u25b7 Noticias de Casanare : Martha Cifuentes | Casanare\" src=\"https:\/\/marthacifuentes.com\/portada\/2022\/03\/31\/ivan-duque-saco-pecho-por-obras-contratadas-con-regalias-de-casanare-y-presupuesto-nacional-de-los-proximos-gobiernos\/embed\/#?secret=7odcZMUCfL#?secret=tMMXJGhkUr\" width=\"600\" height=\"628\" frameborder=\"0\" marginwidth=\"0\" marginheight=\"0\" scrolling=\"no\" sandbox=\"allow-scripts\" data-secret=\"tMMXJGhkUr\" data-mce-fragment=\"1\"><\/iframe><\/p>\n<p><iframe loading=\"lazy\" class=\"wp-embedded-content\" title=\"\u00abM\u00e1s de 300 ni\u00f1os fueron atendidos en jornada de detecci\u00f3n de enfermedades del coraz\u00f3n en Casanare\u00bb \u2014 \u25b7 Noticias de Casanare : Martha Cifuentes | Casanare\" src=\"https:\/\/marthacifuentes.com\/portada\/2022\/03\/28\/mas-de-300-ninos-fueron-atendidos-en-jornada-de-deteccion-de-enfermedades-del-corazon-en-casanare\/embed\/#?secret=IXYsYKxpzS#?secret=prhWUjlWZn\" width=\"600\" height=\"546\" frameborder=\"0\" marginwidth=\"0\" marginheight=\"0\" scrolling=\"no\" sandbox=\"allow-scripts\" data-secret=\"prhWUjlWZn\" data-mce-fragment=\"1\"><\/iframe><\/p>\n<p><iframe loading=\"lazy\" class=\"wp-embedded-content\" title=\"\u00abDaniel Engativ\u00e1 renunci\u00f3 a la junta directiva de la C\u00e1mara de Comercio de Casanare\u00bb \u2014 \u25b7 Noticias de Casanare : Martha Cifuentes | Casanare\" src=\"https:\/\/marthacifuentes.com\/portada\/2022\/03\/28\/daniel-engativa-renuncio-a-la-junta-directiva-de-la-camara-de-comercio-de-casanare\/embed\/#?secret=dk2IutPjg2#?secret=HAm5Cr9xGI\" width=\"600\" height=\"621\" frameborder=\"0\" marginwidth=\"0\" marginheight=\"0\" scrolling=\"no\" sandbox=\"allow-scripts\" data-secret=\"HAm5Cr9xGI\" data-mce-fragment=\"1\"><\/iframe><\/p>\n<p><iframe loading=\"lazy\" class=\"wp-embedded-content\" title=\"\u00abANI y Covioriente siguen haci\u00e9ndole conejo a Yopal. No han cumplido ni la mitad de los compromisos hechos afirma Alcald\u00eda\u00bb \u2014 \u25b7 Noticias de Casanare : Martha Cifuentes | Casanare\" src=\"https:\/\/marthacifuentes.com\/portada\/2022\/03\/28\/ani-y-covioriente-siguen-haciendole-conejo-a-yopal-no-han-cumplido-ni-la-mitad-de-los-compromisos-hechos-afirma-alcaldia\/embed\/#?secret=CTNiFTOA80#?secret=mnDgiXExUx\" width=\"600\" height=\"647\" frameborder=\"0\" marginwidth=\"0\" marginheight=\"0\" scrolling=\"no\" sandbox=\"allow-scripts\" data-secret=\"mnDgiXExUx\" data-mce-fragment=\"1\"><\/iframe><\/p>\n<p><iframe loading=\"lazy\" class=\"wp-embedded-content\" title=\"\u00ab\u201cAlcald\u00eda perdi\u00f3 el control de la seguridad en Yopal\u201d, afirman algunos concejales, quienes piden renuncia de secretaria de gobierno.\u00bb \u2014 \u25b7 Noticias de Casanare : Martha Cifuentes | Casanare\" src=\"https:\/\/marthacifuentes.com\/portada\/2022\/03\/28\/alcaldia-perdio-el-control-de-la-seguridad-en-yopal-afirman-algunos-concejales-quienes-piden-renuncia-de-secretaria-de-gobierno\/embed\/#?secret=ciZ5RREDjy#?secret=jUWbVDcK6o\" width=\"600\" height=\"649\" frameborder=\"0\" marginwidth=\"0\" marginheight=\"0\" scrolling=\"no\" sandbox=\"allow-scripts\" data-secret=\"jUWbVDcK6o\" data-mce-fragment=\"1\"><\/iframe><\/p>\n<p><iframe loading=\"lazy\" class=\"wp-embedded-content\" title=\"\u00abCasanare: 3 asesinatos el fin de semana. Qu\u00e9 pasar\u00eda con m\u00e1s de 8 mil millones aprobados para la seguridad departamental\u00bb \u2014 \u25b7 Noticias de Casanare : Martha Cifuentes | Casanare\" src=\"https:\/\/marthacifuentes.com\/portada\/2022\/03\/28\/casanare-3-asesinatos-el-fin-de-semana-que-pasaria-con-mas-de-8-mil-millones-aprobados-para-la-seguridad-departamental\/embed\/#?secret=J6OfyrLsgS#?secret=LEAJn6KMvv\" width=\"600\" height=\"636\" frameborder=\"0\" marginwidth=\"0\" marginheight=\"0\" scrolling=\"no\" sandbox=\"allow-scripts\" data-secret=\"LEAJn6KMvv\" data-mce-fragment=\"1\"><\/iframe><\/p>\n<p><iframe loading=\"lazy\" class=\"wp-embedded-content\" title=\"\u00abC\u00e1mara de Comercio de Casanare se defiende y muestra gestiones en pro del empresariado\u00bb \u2014 \u25b7 Noticias de Casanare : Martha Cifuentes | Casanare\" src=\"https:\/\/marthacifuentes.com\/portada\/2022\/03\/25\/camara-de-comercio-de-casanare-se-defiende-y-muestra-gestiones-en-pro-del-empresariado\/embed\/#?secret=CcBg4el7bB#?secret=tKmzbW6jxn\" width=\"600\" height=\"621\" frameborder=\"0\" marginwidth=\"0\" marginheight=\"0\" scrolling=\"no\" sandbox=\"allow-scripts\" data-secret=\"tKmzbW6jxn\" data-mce-fragment=\"1\"><\/iframe><\/p>\n<p><iframe loading=\"lazy\" class=\"wp-embedded-content\" title=\"\u00abSelladas 4 obras por incumplimiento de licencias de construcci\u00f3n en Yopal\u00bb \u2014 \u25b7 Noticias de Casanare : Martha Cifuentes | Casanare\" src=\"https:\/\/marthacifuentes.com\/portada\/2022\/03\/25\/selladas-4-obras-por-incumplimiento-de-licencias-de-construccion-en-yopal\/embed\/#?secret=gHQTuuYL1i#?secret=xYMJddVguI\" width=\"600\" height=\"600\" frameborder=\"0\" marginwidth=\"0\" marginheight=\"0\" scrolling=\"no\" sandbox=\"allow-scripts\" data-secret=\"xYMJddVguI\" data-mce-fragment=\"1\"><\/iframe><\/p>\n<p><iframe loading=\"lazy\" class=\"wp-embedded-content\" title=\"\u00abPresunto secuestrador de joven de Monterrey a la c\u00e1rcel La Picota\u00bb \u2014 \u25b7 Noticias de Casanare : Martha Cifuentes | Casanare\" src=\"https:\/\/marthacifuentes.com\/portada\/2022\/03\/25\/presunto-secuestrador-de-joven-de-monterrey-a-la-carcel-la-picota\/embed\/#?secret=BmktOac5Qi#?secret=8JkSSc0Quw\" width=\"600\" height=\"621\" frameborder=\"0\" marginwidth=\"0\" marginheight=\"0\" scrolling=\"no\" sandbox=\"allow-scripts\" data-secret=\"8JkSSc0Quw\" data-mce-fragment=\"1\"><\/iframe><\/p>\n<p><iframe loading=\"lazy\" class=\"wp-embedded-content\" title=\"\u00abA la c\u00e1rcel venezolana por asesinato de su pareja en Yopal\u00bb \u2014 \u25b7 Noticias de Casanare : Martha Cifuentes | Casanare\" src=\"https:\/\/marthacifuentes.com\/portada\/2022\/03\/25\/a-la-carcel-venezolana-por-asesinato-de-su-pareja-en-yopal\/embed\/#?secret=g6T5yRs1G0#?secret=QMiQBMPZpb\" width=\"600\" height=\"329\" frameborder=\"0\" marginwidth=\"0\" marginheight=\"0\" scrolling=\"no\" sandbox=\"allow-scripts\" data-secret=\"QMiQBMPZpb\" data-mce-fragment=\"1\"><\/iframe><\/p>\n<p><iframe loading=\"lazy\" class=\"wp-embedded-content\" title=\"\u00abLlegada masiva de ind\u00edgenas a Yopal se convirti\u00f3 en una papa caliente para las autoridades. Por ahora estar\u00e1n en Centro de Migrantes.\u00bb \u2014 \u25b7 Noticias de Casanare : Martha Cifuentes | Casanare\" src=\"https:\/\/marthacifuentes.com\/portada\/2022\/03\/25\/llegada-masiva-de-indigenas-a-yopal-se-convirtio-en-una-papa-caliente-para-las-autoridades-por-ahora-estaran-en-centro-de-migrantes\/embed\/#?secret=6longJDpii#?secret=7uFQYm3aDf\" width=\"600\" height=\"566\" frameborder=\"0\" marginwidth=\"0\" marginheight=\"0\" scrolling=\"no\" sandbox=\"allow-scripts\" data-secret=\"7uFQYm3aDf\" data-mce-fragment=\"1\"><\/iframe><\/p>\n<p><iframe loading=\"lazy\" class=\"wp-embedded-content\" title=\"\u00abAlias \u2018Otoniel\u2019 revela detalles de apoyo del Ej\u00e9rcito, DAS y Ecopetrol a paramilitares en Casanare\u00bb \u2014 \u25b7 Noticias de Casanare : Martha Cifuentes | Casanare\" src=\"https:\/\/marthacifuentes.com\/portada\/2022\/03\/24\/alias-otoniel-revela-detalles-de-apoyo-del-ejercito-das-y-ecopetrol-a-paramilitares-en-casanare\/embed\/#?secret=MvNPO3Eqll#?secret=BjQFEiwBR3\" width=\"600\" height=\"621\" frameborder=\"0\" marginwidth=\"0\" marginheight=\"0\" scrolling=\"no\" sandbox=\"allow-scripts\" data-secret=\"BjQFEiwBR3\" data-mce-fragment=\"1\"><\/iframe><\/p>\n<p><iframe loading=\"lazy\" class=\"wp-embedded-content\" title=\"\u00abHurtos a personas crecieron en dos primeros meses de a\u00f1o de 2022 frente a mismo periodo de 2021, seg\u00fan Fiscal\u00eda, se evidenci\u00f3 en debate en Concejo de Yopal\u00bb \u2014 \u25b7 Noticias de Casanare : Martha Cifuentes | Casanare\" src=\"https:\/\/marthacifuentes.com\/portada\/2022\/03\/24\/hurtos-a-personas-crecieron-en-dos-primeros-meses-de-ano-de-2022-frente-a-mismo-periodo-de-2021-segun-fiscalia-se-evidencio-en-debate-en-concejo-de-yopal\/embed\/#?secret=bhJdvASBX5#?secret=QrGfO3Lw6u\" width=\"600\" height=\"649\" frameborder=\"0\" marginwidth=\"0\" marginheight=\"0\" scrolling=\"no\" sandbox=\"allow-scripts\" data-secret=\"QrGfO3Lw6u\" data-mce-fragment=\"1\"><\/iframe><\/p>\n<p><iframe loading=\"lazy\" class=\"wp-embedded-content\" title=\"\u00abRecetor sin m\u00e9dico, ambulancia, medicamentos y deficiente atenci\u00f3n a pacientes cr\u00f3nicos\u00bb \u2014 \u25b7 Noticias de Casanare : Martha Cifuentes | Casanare\" src=\"https:\/\/marthacifuentes.com\/portada\/2022\/03\/24\/recetor-sin-medico-ambulancia-medicamentos-y-deficiente-atencion-a-pacientes-cronicos\/embed\/#?secret=gd2dthg0og#?secret=8jAl6kLMeg\" width=\"600\" height=\"329\" frameborder=\"0\" marginwidth=\"0\" marginheight=\"0\" scrolling=\"no\" sandbox=\"allow-scripts\" data-secret=\"8jAl6kLMeg\" data-mce-fragment=\"1\"><\/iframe><\/p>\n<p><iframe loading=\"lazy\" class=\"wp-embedded-content\" title=\"\u00abCarceleta en estaci\u00f3n de polic\u00eda de Yopal no solo est\u00e1 llena de presos sino de plagas, hongos y enfermedades. Internos no tienen acceso real a salud.\u00bb \u2014 \u25b7 Noticias de Casanare : Martha Cifuentes | Casanare\" src=\"https:\/\/marthacifuentes.com\/portada\/2022\/03\/24\/carceleta-en-estacion-de-policia-de-yopal-no-solo-esta-llena-de-presos-sino-de-plagas-hongos-y-enfermedades-internos-no-tienen-acceso-real-a-salud\/embed\/#?secret=zLKKSkGQBx#?secret=YuYiOIGEDh\" width=\"600\" height=\"601\" frameborder=\"0\" marginwidth=\"0\" marginheight=\"0\" scrolling=\"no\" sandbox=\"allow-scripts\" data-secret=\"YuYiOIGEDh\" data-mce-fragment=\"1\"><\/iframe><\/p>\n<p><iframe loading=\"lazy\" class=\"wp-embedded-content\" title=\"\u00abInd\u00edgenas venezolanos desplazados por conflicto del ELN y disidencias de las Farc en la frontera llegaron a Yopal buscando ayuda\u00bb \u2014 \u25b7 Noticias de Casanare : Martha Cifuentes | Casanare\" src=\"https:\/\/marthacifuentes.com\/portada\/2022\/03\/24\/indigenas-venezolanos-desplazados-por-conflicto-del-eln-y-disidencias-de-las-farc-en-la-frontera-llegaron-a-yopal-buscando-ayuda\/embed\/#?secret=SlH5wBlQ7J#?secret=aolKHwgHcF\" width=\"600\" height=\"649\" frameborder=\"0\" marginwidth=\"0\" marginheight=\"0\" scrolling=\"no\" sandbox=\"allow-scripts\" data-secret=\"aolKHwgHcF\" data-mce-fragment=\"1\"><\/iframe><\/p>\n<p><iframe loading=\"lazy\" class=\"wp-embedded-content\" title=\"\u00abFindeter entregar\u00e1 sistema de abastecimiento de agua de Yopal a medias. Para culminar la obra faltan 40 mil millones m\u00e1s.\u00bb \u2014 \u25b7 Noticias de Casanare : Martha Cifuentes | Casanare\" src=\"https:\/\/marthacifuentes.com\/portada\/2022\/03\/23\/findeter-entregara-sistema-de-abastecimiento-de-agua-de-yopal-a-medias-para-culminar-la-obra-faltan-40-mil-millones-mas\/embed\/#?secret=dnSo4cf41u#?secret=itAm7vVZuS\" width=\"600\" height=\"627\" frameborder=\"0\" marginwidth=\"0\" marginheight=\"0\" scrolling=\"no\" sandbox=\"allow-scripts\" data-secret=\"itAm7vVZuS\" data-mce-fragment=\"1\"><\/iframe><\/p>\n<p><iframe loading=\"lazy\" class=\"wp-embedded-content\" title=\"\u00abAlcalde de Yopal reconoci\u00f3 fallas en recolecci\u00f3n de basuras en la Eaaay. Argument\u00f3 que esta qued\u00f3 en malas condiciones luego de la intervenci\u00f3n de la Superservicios.\u00bb \u2014 \u25b7 Noticias de Casanare : Martha Cifuentes | Casanare\" src=\"https:\/\/marthacifuentes.com\/portada\/2022\/03\/23\/alcalde-de-yopal-reconocio-fallas-en-recoleccion-de-basuras-en-la-eaaay-argumento-que-esta-quedo-en-malas-condiciones-luego-de-la-intervencion-de-la-superservicios\/embed\/#?secret=Y2iNFCjodM#?secret=nFqVVq26dc\" width=\"600\" height=\"657\" frameborder=\"0\" marginwidth=\"0\" marginheight=\"0\" scrolling=\"no\" sandbox=\"allow-scripts\" data-secret=\"nFqVVq26dc\" data-mce-fragment=\"1\"><\/iframe><\/p>\n<p><iframe loading=\"lazy\" class=\"wp-embedded-content\" title=\"\u00abSuperservicios vuelve a poner la lupa sobre la Eaaay. Buscar\u00e1 el paso a paso de la recolecci\u00f3n de basuras.\u00bb \u2014 \u25b7 Noticias de Casanare : Martha Cifuentes | Casanare\" src=\"https:\/\/marthacifuentes.com\/portada\/2022\/03\/22\/superservicios-vuelve-a-poner-la-lupa-sobre-la-eaaay-buscara-el-paso-a-paso-de-la-recoleccion-de-basuras\/embed\/#?secret=ehD0OFzy2F#?secret=7DN5Lco4Yu\" width=\"600\" height=\"600\" frameborder=\"0\" marginwidth=\"0\" marginheight=\"0\" scrolling=\"no\" sandbox=\"allow-scripts\" data-secret=\"7DN5Lco4Yu\" data-mce-fragment=\"1\"><\/iframe><\/p>\n<p><iframe loading=\"lazy\" class=\"wp-embedded-content\" title=\"\u00abExgobernador de Casanare Whitman Porras se salv\u00f3 de otra condena.\u00bb \u2014 \u25b7 Noticias de Casanare : Martha Cifuentes | Casanare\" src=\"https:\/\/marthacifuentes.com\/portada\/2022\/03\/22\/exgobernador-de-casanare-whitman-porras-se-salvo-de-otra-condena\/embed\/#?secret=5oFGgFW70J#?secret=3Hp93zYG0S\" width=\"600\" height=\"578\" frameborder=\"0\" marginwidth=\"0\" marginheight=\"0\" scrolling=\"no\" sandbox=\"allow-scripts\" data-secret=\"3Hp93zYG0S\" data-mce-fragment=\"1\"><\/iframe><\/p>\n<p><iframe loading=\"lazy\" class=\"wp-embedded-content\" title=\"\u00abDoris Bernal, la \u201celegida\u201d que nunca dej\u00f3 de serlo, finalmente asumi\u00f3 la direcci\u00f3n de Corporinoquia\u00bb \u2014 \u25b7 Noticias de Casanare : Martha Cifuentes | Casanare\" src=\"https:\/\/marthacifuentes.com\/portada\/2022\/03\/22\/doris-bernal-la-elegida-que-nunca-dejo-de-serlo-finalmente-asumio-la-direccion-de-corporinoquia\/embed\/#?secret=NRAHnyNnyH#?secret=KuFh8rBQa4\" width=\"600\" height=\"621\" frameborder=\"0\" marginwidth=\"0\" marginheight=\"0\" scrolling=\"no\" sandbox=\"allow-scripts\" data-secret=\"KuFh8rBQa4\" data-mce-fragment=\"1\"><\/iframe><\/p>\n<p><iframe loading=\"lazy\" class=\"wp-embedded-content\" title=\"\u00ab\u00bfUribismo promueve un golpe de Estado al pretender reconteo de votos cuando ya no hay cadena de custodia de los mismos?\u00bb \u2014 \u25b7 Noticias de Casanare : Martha Cifuentes | Casanare\" src=\"https:\/\/marthacifuentes.com\/portada\/2022\/03\/22\/uribismo-promueve-un-golpe-de-estado-al-pretender-reconteo-de-votos-cuando-ya-no-hay-cadena-de-custodia-de-los-mismos\/embed\/#?secret=hLq6YARaoh#?secret=j62lODnyyr\" width=\"600\" height=\"649\" frameborder=\"0\" marginwidth=\"0\" marginheight=\"0\" scrolling=\"no\" sandbox=\"allow-scripts\" data-secret=\"j62lODnyyr\" data-mce-fragment=\"1\"><\/iframe><\/p>\n","protected":false},"excerpt":{"rendered":"<p>En plena prueba para que la Empresa de Acueducto, Alcantarillado y Aseo de Yopal, reciba la Planta de Tratamiento de Agua Potable Definitiva, una creciente del r\u00edo Cravo Sur ocurrida la semana pasada caus\u00f3 un da\u00f1o que oblig\u00f3 a apagarla por varios d\u00edas, lo cual gener\u00f3 desabastecimiento de agua en diversos sectores de Yopal. Seg\u00fan &hellip;<\/p>\n","protected":false},"author":2,"featured_media":28921,"comment_status":"open","ping_status":"open","sticky":false,"template":"","format":"standard","meta":{"om_disable_all_campaigns":false,"_exactmetrics_skip_tracking":false,"_exactmetrics_sitenote_active":false,"_exactmetrics_sitenote_note":"","_exactmetrics_sitenote_category":0,"_monsterinsights_skip_tracking":false,"_monsterinsights_sitenote_active":false,"_monsterinsights_sitenote_note":"","_monsterinsights_sitenote_category":0,"_uf_show_specific_survey":0,"_uf_disable_surveys":false,"_joinchat":[],"footnotes":""},"categories":[147,146,145],"tags":[4416,154,937,6966,1400,7345,7346,7347,157,6155,1376,1484],"class_list":["post-28920","post","type-post","status-publish","format-standard","has-post-thumbnail","hentry","category-actualidad","category-noticias","category-reportajes","tag-alcantarillado-y-aseo-de-yopal","tag-casanare","tag-empresa-de-acueducto","tag-jairo-bossuet-perez","tag-noticias-casanare","tag-planta-de-tratamiento-de-agua-potable-apagada","tag-planta-de-tratamiento-de-agua-potable-definitiva","tag-varias-comunas-afectadas","tag-yopal","tag-yopal-casanare","tag-yopal-noticias","tag-yopal-sin-agua"],"yoast_head":"<!-- This site is optimized with the Yoast SEO plugin v26.1 - https:\/\/yoast.com\/wordpress\/plugins\/seo\/ -->\n<title>Planta de Tratamiento de Agua Potable de Yopal en prueba, debi\u00f3 ser apagada por da\u00f1o ocasionado por arremetida de r\u00edo Cravo Sur. - \u25b7 Noticias de Casanare : Martha Cifuentes | Casanare<\/title>\n<meta name=\"robots\" content=\"index, follow, max-snippet:-1, max-image-preview:large, max-video-preview:-1\" \/>\n<link rel=\"canonical\" href=\"https:\/\/marthacifuentes.com\/portada\/planta-de-tratamiento-de-agua-potable-de-yopal-en-prueba-debio-ser-apagada-por-dano-ocasionado-por-arremetida-de-rio-cravo-sur\/\" \/>\n<meta property=\"og:locale\" content=\"es_ES\" \/>\n<meta property=\"og:type\" content=\"article\" \/>\n<meta property=\"og:title\" content=\"Planta de Tratamiento de Agua Potable de Yopal en prueba, debi\u00f3 ser apagada por da\u00f1o ocasionado por arremetida de r\u00edo Cravo Sur. - \u25b7 Noticias de Casanare : Martha Cifuentes | Casanare\" \/>\n<meta property=\"og:description\" content=\"En plena prueba para que la Empresa de Acueducto, Alcantarillado y Aseo de Yopal, reciba la Planta de Tratamiento de Agua Potable Definitiva, una creciente del r\u00edo Cravo Sur ocurrida la semana pasada caus\u00f3 un da\u00f1o que oblig\u00f3 a apagarla por varios d\u00edas, lo cual gener\u00f3 desabastecimiento de agua en diversos sectores de Yopal. Seg\u00fan &hellip;\" \/>\n<meta property=\"og:url\" content=\"https:\/\/marthacifuentes.com\/portada\/planta-de-tratamiento-de-agua-potable-de-yopal-en-prueba-debio-ser-apagada-por-dano-ocasionado-por-arremetida-de-rio-cravo-sur\/\" \/>\n<meta property=\"og:site_name\" content=\"\u25b7 Noticias de Casanare : Martha Cifuentes | Casanare\" \/>\n<meta property=\"article:published_time\" content=\"2022-04-25T15:09:45+00:00\" \/>\n<meta property=\"article:modified_time\" content=\"2022-04-25T15:10:18+00:00\" \/>\n<meta property=\"og:image\" content=\"https:\/\/marthacifuentes.com\/portada\/wp-content\/uploads\/2022\/04\/PTAP-avance.jpg\" \/>\n\t<meta property=\"og:image:width\" content=\"500\" \/>\n\t<meta property=\"og:image:height\" content=\"280\" \/>\n\t<meta property=\"og:image:type\" content=\"image\/jpeg\" \/>\n<meta name=\"author\" content=\"Martha Cifuentes\" \/>\n<meta name=\"twitter:card\" content=\"summary_large_image\" \/>\n<meta name=\"twitter:label1\" content=\"Escrito por\" \/>\n\t<meta name=\"twitter:data1\" content=\"Martha Cifuentes\" \/>\n\t<meta name=\"twitter:label2\" content=\"Tiempo de lectura\" \/>\n\t<meta name=\"twitter:data2\" content=\"2 minutos\" \/>\n<script type=\"application\/ld+json\" class=\"yoast-schema-graph\">{\"@context\":\"https:\/\/schema.org\",\"@graph\":[{\"@type\":\"WebPage\",\"@id\":\"https:\/\/marthacifuentes.com\/portada\/planta-de-tratamiento-de-agua-potable-de-yopal-en-prueba-debio-ser-apagada-por-dano-ocasionado-por-arremetida-de-rio-cravo-sur\/\",\"url\":\"https:\/\/marthacifuentes.com\/portada\/planta-de-tratamiento-de-agua-potable-de-yopal-en-prueba-debio-ser-apagada-por-dano-ocasionado-por-arremetida-de-rio-cravo-sur\/\",\"name\":\"Planta de Tratamiento de Agua Potable de Yopal en prueba, debi\u00f3 ser apagada por da\u00f1o ocasionado por arremetida de r\u00edo Cravo Sur. - \u25b7 Noticias de Casanare : Martha Cifuentes | Casanare\",\"isPartOf\":{\"@id\":\"https:\/\/marthacifuentes.com\/portada\/#website\"},\"primaryImageOfPage\":{\"@id\":\"https:\/\/marthacifuentes.com\/portada\/planta-de-tratamiento-de-agua-potable-de-yopal-en-prueba-debio-ser-apagada-por-dano-ocasionado-por-arremetida-de-rio-cravo-sur\/#primaryimage\"},\"image\":{\"@id\":\"https:\/\/marthacifuentes.com\/portada\/planta-de-tratamiento-de-agua-potable-de-yopal-en-prueba-debio-ser-apagada-por-dano-ocasionado-por-arremetida-de-rio-cravo-sur\/#primaryimage\"},\"thumbnailUrl\":\"https:\/\/marthacifuentes.com\/portada\/wp-content\/uploads\/2022\/04\/PTAP-avance.jpg\",\"datePublished\":\"2022-04-25T15:09:45+00:00\",\"dateModified\":\"2022-04-25T15:10:18+00:00\",\"author\":{\"@id\":\"https:\/\/marthacifuentes.com\/portada\/#\/schema\/person\/57f53174b991db5f90ff78d58502b714\"},\"breadcrumb\":{\"@id\":\"https:\/\/marthacifuentes.com\/portada\/planta-de-tratamiento-de-agua-potable-de-yopal-en-prueba-debio-ser-apagada-por-dano-ocasionado-por-arremetida-de-rio-cravo-sur\/#breadcrumb\"},\"inLanguage\":\"es\",\"potentialAction\":[{\"@type\":\"ReadAction\",\"target\":[\"https:\/\/marthacifuentes.com\/portada\/planta-de-tratamiento-de-agua-potable-de-yopal-en-prueba-debio-ser-apagada-por-dano-ocasionado-por-arremetida-de-rio-cravo-sur\/\"]}]},{\"@type\":\"ImageObject\",\"inLanguage\":\"es\",\"@id\":\"https:\/\/marthacifuentes.com\/portada\/planta-de-tratamiento-de-agua-potable-de-yopal-en-prueba-debio-ser-apagada-por-dano-ocasionado-por-arremetida-de-rio-cravo-sur\/#primaryimage\",\"url\":\"https:\/\/marthacifuentes.com\/portada\/wp-content\/uploads\/2022\/04\/PTAP-avance.jpg\",\"contentUrl\":\"https:\/\/marthacifuentes.com\/portada\/wp-content\/uploads\/2022\/04\/PTAP-avance.jpg\",\"width\":500,\"height\":280},{\"@type\":\"BreadcrumbList\",\"@id\":\"https:\/\/marthacifuentes.com\/portada\/planta-de-tratamiento-de-agua-potable-de-yopal-en-prueba-debio-ser-apagada-por-dano-ocasionado-por-arremetida-de-rio-cravo-sur\/#breadcrumb\",\"itemListElement\":[{\"@type\":\"ListItem\",\"position\":1,\"name\":\"Portada\",\"item\":\"https:\/\/marthacifuentes.com\/portada\/\"},{\"@type\":\"ListItem\",\"position\":2,\"name\":\"Planta de Tratamiento de Agua Potable de Yopal en prueba, debi\u00f3 ser apagada por da\u00f1o ocasionado por arremetida de r\u00edo Cravo Sur.\"}]},{\"@type\":\"WebSite\",\"@id\":\"https:\/\/marthacifuentes.com\/portada\/#website\",\"url\":\"https:\/\/marthacifuentes.com\/portada\/\",\"name\":\"\u25b7 Noticias de Casanare : Martha Cifuentes | Casanare\",\"description\":\"Noticias &amp; Contenidos\",\"potentialAction\":[{\"@type\":\"SearchAction\",\"target\":{\"@type\":\"EntryPoint\",\"urlTemplate\":\"https:\/\/marthacifuentes.com\/portada\/?s={search_term_string}\"},\"query-input\":{\"@type\":\"PropertyValueSpecification\",\"valueRequired\":true,\"valueName\":\"search_term_string\"}}],\"inLanguage\":\"es\"},{\"@type\":\"Person\",\"@id\":\"https:\/\/marthacifuentes.com\/portada\/#\/schema\/person\/57f53174b991db5f90ff78d58502b714\",\"name\":\"Martha Cifuentes\",\"image\":{\"@type\":\"ImageObject\",\"inLanguage\":\"es\",\"@id\":\"https:\/\/marthacifuentes.com\/portada\/#\/schema\/person\/image\/\",\"url\":\"http:\/\/marthacifuentes.com\/portada\/wp-content\/uploads\/2018\/06\/avatar_user_2_1528838701-96x96.jpg\",\"contentUrl\":\"http:\/\/marthacifuentes.com\/portada\/wp-content\/uploads\/2018\/06\/avatar_user_2_1528838701-96x96.jpg\",\"caption\":\"Martha Cifuentes\"},\"sameAs\":[\"http:\/\/www.marthacifuentes.com\"],\"url\":\"https:\/\/marthacifuentes.com\/portada\/author\/martha\/\"}]}<\/script>\n<!-- \/ Yoast SEO plugin. -->","yoast_head_json":{"title":"Planta de Tratamiento de Agua Potable de Yopal en prueba, debi\u00f3 ser apagada por da\u00f1o ocasionado por arremetida de r\u00edo Cravo Sur. - \u25b7 Noticias de Casanare : Martha Cifuentes | Casanare","robots":{"index":"index","follow":"follow","max-snippet":"max-snippet:-1","max-image-preview":"max-image-preview:large","max-video-preview":"max-video-preview:-1"},"canonical":"https:\/\/marthacifuentes.com\/portada\/planta-de-tratamiento-de-agua-potable-de-yopal-en-prueba-debio-ser-apagada-por-dano-ocasionado-por-arremetida-de-rio-cravo-sur\/","og_locale":"es_ES","og_type":"article","og_title":"Planta de Tratamiento de Agua Potable de Yopal en prueba, debi\u00f3 ser apagada por da\u00f1o ocasionado por arremetida de r\u00edo Cravo Sur. - \u25b7 Noticias de Casanare : Martha Cifuentes | Casanare","og_description":"En plena prueba para que la Empresa de Acueducto, Alcantarillado y Aseo de Yopal, reciba la Planta de Tratamiento de Agua Potable Definitiva, una creciente del r\u00edo Cravo Sur ocurrida la semana pasada caus\u00f3 un da\u00f1o que oblig\u00f3 a apagarla por varios d\u00edas, lo cual gener\u00f3 desabastecimiento de agua en diversos sectores de Yopal. Seg\u00fan &hellip;","og_url":"https:\/\/marthacifuentes.com\/portada\/planta-de-tratamiento-de-agua-potable-de-yopal-en-prueba-debio-ser-apagada-por-dano-ocasionado-por-arremetida-de-rio-cravo-sur\/","og_site_name":"\u25b7 Noticias de Casanare : Martha Cifuentes | Casanare","article_published_time":"2022-04-25T15:09:45+00:00","article_modified_time":"2022-04-25T15:10:18+00:00","og_image":[{"width":500,"height":280,"url":"https:\/\/marthacifuentes.com\/portada\/wp-content\/uploads\/2022\/04\/PTAP-avance.jpg","type":"image\/jpeg"}],"author":"Martha Cifuentes","twitter_card":"summary_large_image","twitter_misc":{"Escrito por":"Martha Cifuentes","Tiempo de lectura":"2 minutos"},"schema":{"@context":"https:\/\/schema.org","@graph":[{"@type":"WebPage","@id":"https:\/\/marthacifuentes.com\/portada\/planta-de-tratamiento-de-agua-potable-de-yopal-en-prueba-debio-ser-apagada-por-dano-ocasionado-por-arremetida-de-rio-cravo-sur\/","url":"https:\/\/marthacifuentes.com\/portada\/planta-de-tratamiento-de-agua-potable-de-yopal-en-prueba-debio-ser-apagada-por-dano-ocasionado-por-arremetida-de-rio-cravo-sur\/","name":"Planta de Tratamiento de Agua Potable de Yopal en prueba, debi\u00f3 ser apagada por da\u00f1o ocasionado por arremetida de r\u00edo Cravo Sur. - \u25b7 Noticias de Casanare : Martha Cifuentes | Casanare","isPartOf":{"@id":"https:\/\/marthacifuentes.com\/portada\/#website"},"primaryImageOfPage":{"@id":"https:\/\/marthacifuentes.com\/portada\/planta-de-tratamiento-de-agua-potable-de-yopal-en-prueba-debio-ser-apagada-por-dano-ocasionado-por-arremetida-de-rio-cravo-sur\/#primaryimage"},"image":{"@id":"https:\/\/marthacifuentes.com\/portada\/planta-de-tratamiento-de-agua-potable-de-yopal-en-prueba-debio-ser-apagada-por-dano-ocasionado-por-arremetida-de-rio-cravo-sur\/#primaryimage"},"thumbnailUrl":"https:\/\/marthacifuentes.com\/portada\/wp-content\/uploads\/2022\/04\/PTAP-avance.jpg","datePublished":"2022-04-25T15:09:45+00:00","dateModified":"2022-04-25T15:10:18+00:00","author":{"@id":"https:\/\/marthacifuentes.com\/portada\/#\/schema\/person\/57f53174b991db5f90ff78d58502b714"},"breadcrumb":{"@id":"https:\/\/marthacifuentes.com\/portada\/planta-de-tratamiento-de-agua-potable-de-yopal-en-prueba-debio-ser-apagada-por-dano-ocasionado-por-arremetida-de-rio-cravo-sur\/#breadcrumb"},"inLanguage":"es","potentialAction":[{"@type":"ReadAction","target":["https:\/\/marthacifuentes.com\/portada\/planta-de-tratamiento-de-agua-potable-de-yopal-en-prueba-debio-ser-apagada-por-dano-ocasionado-por-arremetida-de-rio-cravo-sur\/"]}]},{"@type":"ImageObject","inLanguage":"es","@id":"https:\/\/marthacifuentes.com\/portada\/planta-de-tratamiento-de-agua-potable-de-yopal-en-prueba-debio-ser-apagada-por-dano-ocasionado-por-arremetida-de-rio-cravo-sur\/#primaryimage","url":"https:\/\/marthacifuentes.com\/portada\/wp-content\/uploads\/2022\/04\/PTAP-avance.jpg","contentUrl":"https:\/\/marthacifuentes.com\/portada\/wp-content\/uploads\/2022\/04\/PTAP-avance.jpg","width":500,"height":280},{"@type":"BreadcrumbList","@id":"https:\/\/marthacifuentes.com\/portada\/planta-de-tratamiento-de-agua-potable-de-yopal-en-prueba-debio-ser-apagada-por-dano-ocasionado-por-arremetida-de-rio-cravo-sur\/#breadcrumb","itemListElement":[{"@type":"ListItem","position":1,"name":"Portada","item":"https:\/\/marthacifuentes.com\/portada\/"},{"@type":"ListItem","position":2,"name":"Planta de Tratamiento de Agua Potable de Yopal en prueba, debi\u00f3 ser apagada por da\u00f1o ocasionado por arremetida de r\u00edo Cravo Sur."}]},{"@type":"WebSite","@id":"https:\/\/marthacifuentes.com\/portada\/#website","url":"https:\/\/marthacifuentes.com\/portada\/","name":"\u25b7 Noticias de Casanare : Martha Cifuentes | Casanare","description":"Noticias &amp; Contenidos","potentialAction":[{"@type":"SearchAction","target":{"@type":"EntryPoint","urlTemplate":"https:\/\/marthacifuentes.com\/portada\/?s={search_term_string}"},"query-input":{"@type":"PropertyValueSpecification","valueRequired":true,"valueName":"search_term_string"}}],"inLanguage":"es"},{"@type":"Person","@id":"https:\/\/marthacifuentes.com\/portada\/#\/schema\/person\/57f53174b991db5f90ff78d58502b714","name":"Martha Cifuentes","image":{"@type":"ImageObject","inLanguage":"es","@id":"https:\/\/marthacifuentes.com\/portada\/#\/schema\/person\/image\/","url":"http:\/\/marthacifuentes.com\/portada\/wp-content\/uploads\/2018\/06\/avatar_user_2_1528838701-96x96.jpg","contentUrl":"http:\/\/marthacifuentes.com\/portada\/wp-content\/uploads\/2018\/06\/avatar_user_2_1528838701-96x96.jpg","caption":"Martha Cifuentes"},"sameAs":["http:\/\/www.marthacifuentes.com"],"url":"https:\/\/marthacifuentes.com\/portada\/author\/martha\/"}]}},"_links":{"self":[{"href":"https:\/\/marthacifuentes.com\/portada\/wp-json\/wp\/v2\/posts\/28920","targetHints":{"allow":["GET"]}}],"collection":[{"href":"https:\/\/marthacifuentes.com\/portada\/wp-json\/wp\/v2\/posts"}],"about":[{"href":"https:\/\/marthacifuentes.com\/portada\/wp-json\/wp\/v2\/types\/post"}],"author":[{"embeddable":true,"href":"https:\/\/marthacifuentes.com\/portada\/wp-json\/wp\/v2\/users\/2"}],"replies":[{"embeddable":true,"href":"https:\/\/marthacifuentes.com\/portada\/wp-json\/wp\/v2\/comments?post=28920"}],"version-history":[{"count":2,"href":"https:\/\/marthacifuentes.com\/portada\/wp-json\/wp\/v2\/posts\/28920\/revisions"}],"predecessor-version":[{"id":28923,"href":"https:\/\/marthacifuentes.com\/portada\/wp-json\/wp\/v2\/posts\/28920\/revisions\/28923"}],"wp:featuredmedia":[{"embeddable":true,"href":"https:\/\/marthacifuentes.com\/portada\/wp-json\/wp\/v2\/media\/28921"}],"wp:attachment":[{"href":"https:\/\/marthacifuentes.com\/portada\/wp-json\/wp\/v2\/media?parent=28920"}],"wp:term":[{"taxonomy":"category","embeddable":true,"href":"https:\/\/marthacifuentes.com\/portada\/wp-json\/wp\/v2\/categories?post=28920"},{"taxonomy":"post_tag","embeddable":true,"href":"https:\/\/marthacifuentes.com\/portada\/wp-json\/wp\/v2\/tags?post=28920"}],"curies":[{"name":"wp","href":"https:\/\/api.w.org\/{rel}","templated":true}]}}