{"id":29011,"date":"2022-05-05T10:56:41","date_gmt":"2022-05-05T15:56:41","guid":{"rendered":"https:\/\/marthacifuentes.com\/portada\/?p=29011"},"modified":"2022-05-05T10:56:41","modified_gmt":"2022-05-05T15:56:41","slug":"con-pica-y-pala-moradores-de-pajarito-quieren-abrir-la-via-aguazul-sogamoso-en-la-granja-podria-ocurrir-tragedia-si-hay-deslizamientos-de-la-montana","status":"publish","type":"post","link":"https:\/\/marthacifuentes.com\/portada\/con-pica-y-pala-moradores-de-pajarito-quieren-abrir-la-via-aguazul-sogamoso-en-la-granja-podria-ocurrir-tragedia-si-hay-deslizamientos-de-la-montana\/","title":{"rendered":"Con pica y pala, moradores de Pajarito, quieren abrir la v\u00eda Aguazul-Sogamoso en La Granja. Podr\u00eda ocurrir tragedia si hay deslizamientos de la monta\u00f1a."},"content":{"rendered":"<p style=\"text-align: justify;\">La movilidad de la v\u00eda del Cusiana en el sector La Granja se complica no solo porque hasta el momento el Inv\u00edas y sus contratistas no han podido realizar una propuesta que permita la rehabilitaci\u00f3n de la carretera entre Aguazul y Sogamoso sino porque la comunidad afectada por el cierre desde el pasado 25 de abril decidi\u00f3 abrir a pica y pala la trocha para poder transitar exponi\u00e9ndose a que en cualquier momento se produzca un deslizamiento y termine sepultada.<\/p>\n<p style=\"text-align: justify;\">El director territorial del Inv\u00edas en Casanare, Arcenio Sandoval, hizo un llamado Urgente a la comunidad del municipio de Pajarito y a los usuarios de la v\u00eda, a que se abstengan de frecuentar la zona y acaten las restricciones de circulaci\u00f3n, ya que el riesgo es importante. Agreg\u00f3 que en la actualidad se vienen adelantando los estudios necesarios por parte de los especialistas en geotecnia e hidr\u00e1ulica del contratista e Interventor\u00eda, quienes exploran todas las opciones para lograr la estabilizaci\u00f3n del talud, no obstante, se necesita que las condiciones geol\u00f3gicas y clim\u00e1ticas permitan realizar los trabajos.<\/p>\n<p style=\"text-align: justify;\">Igualmente, este funcionario, quien no tiene la supervisi\u00f3n directa de las obras en Boyac\u00e1, inform\u00f3 que, en inspecci\u00f3n realizada por la Unidad Nacional de Gesti\u00f3n del Riesgo de Desastres al sitio del deslizamiento, se conoci\u00f3 que el pasado 25 de abril se present\u00f3 un movimiento s\u00edsmico, cuyo epicentro fue Aquitania, Boyac\u00e1, que pudo haber tenido coletazo no solo en este sector de La Granja sino a lo largo de la v\u00eda del Cusiana y se desconoce las reales afectaciones.<\/p>\n<p style=\"text-align: justify;\">Para hoy se tiene previsto que los supervisores de Obra e Interventor\u00eda de Invias, contratista e interventor con sus ge\u00f3logos e hidr\u00e1ulicos estar\u00e1n en Pajarito y explicar\u00e1n a la comunidad y dem\u00e1s autoridades, el plan de acci\u00f3n que han venido elaborando durante estos d\u00edas que la v\u00eda ha estado cerrada.<\/p>\n<p style=\"text-align: justify;\">Mientras tanto el gobernador de Boyac\u00e1, Ramiro Barrag\u00e1n, el alcalde de Pajarito, Jes\u00fas Riveros, participaron de un Puesto de Mando Unificado Nacional con funcionarios de la Direcci\u00f3n Nacional de Gesti\u00f3n del Riesgo y Corporinoquia, entre otros, en los que se tomaron decisiones como que desde la Gobernaci\u00f3n de Boyac\u00e1 se enviar\u00e1 maquinaria para fortalecer el jarill\u00f3n y evitar que el r\u00edo lo desestabilice.<\/p>\n<p style=\"text-align: justify;\">Igualmente, que el Instituto Nacional de V\u00edas, Inv\u00edas, estudia posibilidades de soluci\u00f3n para atender emergencia en punto cr\u00edtico. Ma\u00f1ana compartir\u00e1 propuesta con la comunidad; la Corporinoquia adelantar\u00e1 modelaci\u00f3n hidr\u00e1ulica del r\u00edo, para tomar decisiones y la Unidad Nacional para la Gesti\u00f3n del Riesgo de Desastres, realizar\u00e1 la consolidaci\u00f3n del censo de afectaciones para gestionar ayudas humanitarias.<\/p>\n<p style=\"text-align: justify;\"><a href=\"https:\/\/youtu.be\/P1PfRlVJCiw\">https:\/\/youtu.be\/P1PfRlVJCiw<\/a><\/p>\n<p style=\"text-align: justify;\"><a href=\"https:\/\/youtu.be\/K9Egx-dvwwE\">https:\/\/youtu.be\/K9Egx-dvwwE<\/a><\/p>\n<p style=\"text-align: justify;\"><a href=\"https:\/\/youtu.be\/IP36PtOEH5Q\">https:\/\/youtu.be\/IP36PtOEH5Q<\/a><\/p>\n<h2><strong>Otras noticias\u2026<\/strong><\/h2>\n<blockquote class=\"wp-embedded-content\" data-secret=\"BdnjWlmhSJ\"><p><a href=\"https:\/\/marthacifuentes.com\/portada\/2022\/05\/05\/quema-de-subestacion-de-energia-en-aguaclara-sabanalarga-evidencia-caotica-situacion-de-enerca\/\">Quema de subestaci\u00f3n de energ\u00eda en Aguaclara, Sabanalarga, evidencia ca\u00f3tica situaci\u00f3n de Enerca<\/a><\/p><\/blockquote>\n<p><iframe loading=\"lazy\" class=\"wp-embedded-content\" sandbox=\"allow-scripts\" security=\"restricted\" style=\"position: absolute; clip: rect(1px, 1px, 1px, 1px);\" title=\"\u00abQuema de subestaci\u00f3n de energ\u00eda en Aguaclara, Sabanalarga, evidencia ca\u00f3tica situaci\u00f3n de Enerca\u00bb \u2014 \u25b7 Noticias de Casanare : Martha Cifuentes | Casanare\" src=\"https:\/\/marthacifuentes.com\/portada\/2022\/05\/05\/quema-de-subestacion-de-energia-en-aguaclara-sabanalarga-evidencia-caotica-situacion-de-enerca\/embed\/#?secret=1PKWI6cm0e#?secret=BdnjWlmhSJ\" data-secret=\"BdnjWlmhSJ\" width=\"500\" height=\"282\" frameborder=\"0\" marginwidth=\"0\" marginheight=\"0\" scrolling=\"no\"><\/iframe><\/p>\n<p><iframe loading=\"lazy\" class=\"wp-embedded-content\" title=\"\u00abNi\u00f1as casanare\u00f1as van a la NASA de la mano de programa de rob\u00f3tica de la Sustenable Foundation\u00bb \u2014 \u25b7 Noticias de Casanare : Martha Cifuentes | Casanare\" src=\"https:\/\/marthacifuentes.com\/portada\/2022\/05\/04\/ninas-casanarenas-van-a-la-nasa-de-la-mano-de-programa-de-robotica-de-la-sustenable-foundation\/embed\/#?secret=It33Pgmg7G#?secret=7RcAAwLKqa\" width=\"600\" height=\"621\" frameborder=\"0\" marginwidth=\"0\" marginheight=\"0\" scrolling=\"no\" sandbox=\"allow-scripts\" data-secret=\"7RcAAwLKqa\" data-mce-fragment=\"1\"><\/iframe><\/p>\n<p><iframe loading=\"lazy\" class=\"wp-embedded-content\" title=\"\u00abSolo superando 40% de vacunaci\u00f3n de la 3a dosis contra el Covid-19, en Yopal, habitantes podr\u00e1n dejar de usar tapabocas en sitio cerrado.\u00bb \u2014 \u25b7 Noticias de Casanare : Martha Cifuentes | Casanare\" src=\"https:\/\/marthacifuentes.com\/portada\/2022\/05\/04\/solo-superando-40-de-vacunacion-de-la-3a-dosis-contra-el-covid-19-en-yopal-habitantes-podran-dejar-de-usar-tapabocas-en-sitio-cerrado\/embed\/#?secret=xuBgZS9ii1#?secret=wbRtZfNgXp\" width=\"600\" height=\"575\" frameborder=\"0\" marginwidth=\"0\" marginheight=\"0\" scrolling=\"no\" sandbox=\"allow-scripts\" data-secret=\"wbRtZfNgXp\" data-mce-fragment=\"1\"><\/iframe><\/p>\n<p><iframe loading=\"lazy\" class=\"wp-embedded-content\" title=\"\u00abLe lleg\u00f3 la mala racha a alias \u201cChingamala\u201d, redomado ladr\u00f3n y presunto homicida de Yopal. Juez lo envi\u00f3 a la c\u00e1rcel.\u00bb \u2014 \u25b7 Noticias de Casanare : Martha Cifuentes | Casanare\" src=\"https:\/\/marthacifuentes.com\/portada\/2022\/05\/04\/le-llego-la-mala-racha-a-alias-chingamala-redomado-ladron-y-presunto-homicida-de-yopal-juez-lo-envio-a-la-carcel\/embed\/#?secret=VNQ9GVQ8cA#?secret=EmE6gsEGVa\" width=\"600\" height=\"649\" frameborder=\"0\" marginwidth=\"0\" marginheight=\"0\" scrolling=\"no\" sandbox=\"allow-scripts\" data-secret=\"EmE6gsEGVa\" data-mce-fragment=\"1\"><\/iframe><\/p>\n<p><iframe loading=\"lazy\" class=\"wp-embedded-content\" title=\"\u00abAlcaldes y gobernadores s\u00ed pueden dar \u00f3rdenes a comandantes de polic\u00eda so pena de sanciones: Min Interior\u00bb \u2014 \u25b7 Noticias de Casanare : Martha Cifuentes | Casanare\" src=\"https:\/\/marthacifuentes.com\/portada\/2022\/05\/04\/alcaldes-y-gobernadores-si-pueden-dar-ordenes-a-comandantes-de-policia-so-pena-de-sanciones-min-interior\/embed\/#?secret=FujctHh4ym#?secret=VYPXZi4Uyc\" width=\"600\" height=\"649\" frameborder=\"0\" marginwidth=\"0\" marginheight=\"0\" scrolling=\"no\" sandbox=\"allow-scripts\" data-secret=\"VYPXZi4Uyc\" data-mce-fragment=\"1\"><\/iframe><\/p>\n<p><iframe loading=\"lazy\" class=\"wp-embedded-content\" title=\"\u00abPersonas con comparendos impuestos durante la pandemia pueden acogerse a descuento de 50% en Yopal\u00bb \u2014 \u25b7 Noticias de Casanare : Martha Cifuentes | Casanare\" src=\"https:\/\/marthacifuentes.com\/portada\/2022\/05\/04\/personas-con-comparendos-impuestos-durante-la-pandemia-pueden-acogerse-a-descuento-de-50-en-yopal\/embed\/#?secret=Ol211reR3m#?secret=9l6upraqaj\" width=\"600\" height=\"649\" frameborder=\"0\" marginwidth=\"0\" marginheight=\"0\" scrolling=\"no\" sandbox=\"allow-scripts\" data-secret=\"9l6upraqaj\" data-mce-fragment=\"1\"><\/iframe><\/p>\n<p><iframe loading=\"lazy\" class=\"wp-embedded-content\" title=\"\u00abLa Fazenda no tiene inter\u00e9s en Casalac o Casanare como anunci\u00f3 el gobernador Salom\u00f3n Sanabria\u00bb \u2014 \u25b7 Noticias de Casanare : Martha Cifuentes | Casanare\" src=\"https:\/\/marthacifuentes.com\/portada\/2022\/05\/04\/la-fazenda-no-tiene-interes-en-casalac-o-casanare-como-anuncio-el-gobernador-salomon-sanabria\/embed\/#?secret=gNZtXpBL9Q#?secret=7RVFWErDlG\" width=\"600\" height=\"621\" frameborder=\"0\" marginwidth=\"0\" marginheight=\"0\" scrolling=\"no\" sandbox=\"allow-scripts\" data-secret=\"7RVFWErDlG\" data-mce-fragment=\"1\"><\/iframe><\/p>\n<p><iframe loading=\"lazy\" class=\"wp-embedded-content\" title=\"\u00abDesalmados robaron m\u00e1quina de di\u00e1lisis a paciente renal de Villanueva, Casanare\u00bb \u2014 \u25b7 Noticias de Casanare : Martha Cifuentes | Casanare\" src=\"https:\/\/marthacifuentes.com\/portada\/2022\/05\/03\/desalmados-robaron-maquina-de-dialisis-a-paciente-renal-de-villanueva-casanare\/embed\/#?secret=HbFkqExKif#?secret=S6WwQzR7fT\" width=\"600\" height=\"621\" frameborder=\"0\" marginwidth=\"0\" marginheight=\"0\" scrolling=\"no\" sandbox=\"allow-scripts\" data-secret=\"S6WwQzR7fT\" data-mce-fragment=\"1\"><\/iframe><\/p>\n<p><iframe loading=\"lazy\" class=\"wp-embedded-content\" title=\"\u00abPanfleto de autodenominadas autodefensas gaitanistas asusta a poblaci\u00f3n de Villanueva, Casanare. Se ordena asistir a una reuni\u00f3n.\u00bb \u2014 \u25b7 Noticias de Casanare : Martha Cifuentes | Casanare\" src=\"https:\/\/marthacifuentes.com\/portada\/2022\/05\/03\/panfleto-de-autodenominadas-autodefensas-gaitanistas-asusta-a-poblacion-de-villanueva-casanare-se-ordena-asistir-a-una-reunion\/embed\/#?secret=1OVE1wokK5#?secret=8MPHpr8XcD\" width=\"600\" height=\"628\" frameborder=\"0\" marginwidth=\"0\" marginheight=\"0\" scrolling=\"no\" sandbox=\"allow-scripts\" data-secret=\"8MPHpr8XcD\" data-mce-fragment=\"1\"><\/iframe><\/p>\n<p><iframe loading=\"lazy\" class=\"wp-embedded-content\" title=\"\u00abNi\u00f1a de 13 a\u00f1os se mat\u00f3 en accidente bajando en bicicleta del cerro de La Virgen en Yopal\u00bb \u2014 \u25b7 Noticias de Casanare : Martha Cifuentes | Casanare\" src=\"https:\/\/marthacifuentes.com\/portada\/2022\/05\/03\/nina-de-13-anos-se-mato-en-accidente-bajando-en-bicicleta-del-cerro-de-la-virgen-en-yopal\/embed\/#?secret=fLFZPGWaaI#?secret=tcUikBaaLR\" width=\"600\" height=\"621\" frameborder=\"0\" marginwidth=\"0\" marginheight=\"0\" scrolling=\"no\" sandbox=\"allow-scripts\" data-secret=\"tcUikBaaLR\" data-mce-fragment=\"1\"><\/iframe><\/p>\n<p><iframe loading=\"lazy\" class=\"wp-embedded-content\" title=\"\u00ab46 a\u00f1os de prisi\u00f3n para 8 soldados que acribillaron a pareja campesina en Sabanalarga en 2009. Corte Suprema revoc\u00f3 fallo absolutorio de Tribunal de Yopal.\u00bb \u2014 \u25b7 Noticias de Casanare : Martha Cifuentes | Casanare\" src=\"https:\/\/marthacifuentes.com\/portada\/2022\/05\/03\/46-anos-de-prision-para-8-soldados-que-acribillaron-a-pareja-campesina-en-sabanalarga-en-2009-corte-suprema-revoco-fallo-absolutorio-de-tribunal-de-yopal\/embed\/#?secret=BKYstlIr0u#?secret=7ccx5QRnP6\" width=\"600\" height=\"628\" frameborder=\"0\" marginwidth=\"0\" marginheight=\"0\" scrolling=\"no\" sandbox=\"allow-scripts\" data-secret=\"7ccx5QRnP6\" data-mce-fragment=\"1\"><\/iframe><\/p>\n<p><iframe loading=\"lazy\" class=\"wp-embedded-content\" title=\"\u00abNuevamente l\u00edder social Miguel Daza de Aguazul fue capturado por el Ej\u00e9rcito\u00bb \u2014 \u25b7 Noticias de Casanare : Martha Cifuentes | Casanare\" src=\"https:\/\/marthacifuentes.com\/portada\/2022\/05\/03\/nuevamente-lider-social-miguel-daza-de-aguazul-fue-capturado-por-el-ejercito\/embed\/#?secret=7aKHOxpm5E#?secret=nmeVydkw8I\" width=\"600\" height=\"621\" frameborder=\"0\" marginwidth=\"0\" marginheight=\"0\" scrolling=\"no\" sandbox=\"allow-scripts\" data-secret=\"nmeVydkw8I\" data-mce-fragment=\"1\"><\/iframe><\/p>\n<p><iframe loading=\"lazy\" class=\"wp-embedded-content\" title=\"\u00abIncontrolable inseguridad en Yopal. Hombre herido en asalto de los de la moto Pulsar.\u00bb \u2014 \u25b7 Noticias de Casanare : Martha Cifuentes | Casanare\" src=\"https:\/\/marthacifuentes.com\/portada\/2022\/05\/03\/incontrolable-inseguridad-en-yopal-hombre-herido-en-asalto-de-los-de-la-moto-pulsar\/embed\/#?secret=jBWS1hgEvu#?secret=cIDVM9LNfd\" width=\"600\" height=\"555\" frameborder=\"0\" marginwidth=\"0\" marginheight=\"0\" scrolling=\"no\" sandbox=\"allow-scripts\" data-secret=\"cIDVM9LNfd\" data-mce-fragment=\"1\"><\/iframe><\/p>\n<p><iframe loading=\"lazy\" class=\"wp-embedded-content\" title=\"\u00abFindeter se lav\u00f3 las manos con el agua de Yopal. PTAP definitiva funcionar\u00e1 intermitente seg\u00fan crecidas del r\u00edo Cravo Sur.\u00bb \u2014 \u25b7 Noticias de Casanare : Martha Cifuentes | Casanare\" src=\"https:\/\/marthacifuentes.com\/portada\/2022\/05\/03\/findeter-se-lavo-las-manos-con-el-agua-de-yopal-ptap-definitiva-funcionara-intermitente-segun-crecidas-del-rio-cravo-sur\/embed\/#?secret=sP8XZy94s8#?secret=kUVwWxfvge\" width=\"600\" height=\"604\" frameborder=\"0\" marginwidth=\"0\" marginheight=\"0\" scrolling=\"no\" sandbox=\"allow-scripts\" data-secret=\"kUVwWxfvge\" data-mce-fragment=\"1\"><\/iframe><\/p>\n<p><iframe loading=\"lazy\" class=\"wp-embedded-content\" title=\"\u00abM\u00e1s muertos en las v\u00edas de Yopal.\u00bb \u2014 \u25b7 Noticias de Casanare : Martha Cifuentes | Casanare\" src=\"https:\/\/marthacifuentes.com\/portada\/2022\/05\/02\/mas-muertos-en-las-vias-de-yopal\/embed\/#?secret=jNQoT4TsHs#?secret=g6JKMfE8kt\" width=\"600\" height=\"584\" frameborder=\"0\" marginwidth=\"0\" marginheight=\"0\" scrolling=\"no\" sandbox=\"allow-scripts\" data-secret=\"g6JKMfE8kt\" data-mce-fragment=\"1\"><\/iframe><\/p>\n<p><iframe loading=\"lazy\" class=\"wp-embedded-content\" title=\"\u00abElectricista muri\u00f3 en accidente cuando se cay\u00f3 de un poste en San Marcos, Yopal\u00bb \u2014 \u25b7 Noticias de Casanare : Martha Cifuentes | Casanare\" src=\"https:\/\/marthacifuentes.com\/portada\/2022\/05\/02\/electricista-murio-en-accidente-cuando-se-cayo-de-un-poste-en-san-marcos-yopal\/embed\/#?secret=c7jEuMEjOb#?secret=8owxJn8ACF\" width=\"600\" height=\"592\" frameborder=\"0\" marginwidth=\"0\" marginheight=\"0\" scrolling=\"no\" sandbox=\"allow-scripts\" data-secret=\"8owxJn8ACF\" data-mce-fragment=\"1\"><\/iframe><\/p>\n<p><iframe loading=\"lazy\" class=\"wp-embedded-content\" title=\"\u00abAlias Otoniel vincul\u00f3 a exgobernadores, exdiputados, exalcaldes y empresarios de Casanare con el Clan del Golfo\u00bb \u2014 \u25b7 Noticias de Casanare : Martha Cifuentes | Casanare\" src=\"https:\/\/marthacifuentes.com\/portada\/2022\/05\/02\/alias-otoniel-vinculo-a-exgobernadores-exdiputados-exalcaldes-y-empresarios-de-casanare-con-el-clan-del-golfo\/embed\/#?secret=bJPOw9bc5r#?secret=bToY56xtar\" width=\"600\" height=\"642\" frameborder=\"0\" marginwidth=\"0\" marginheight=\"0\" scrolling=\"no\" sandbox=\"allow-scripts\" data-secret=\"bToY56xtar\" data-mce-fragment=\"1\"><\/iframe><\/p>\n<p><iframe loading=\"lazy\" class=\"wp-embedded-content\" title=\"\u00abIncierta apertura de la v\u00eda Aguazul-Sogamoso. Inv\u00edas muda y comunidad de Pajarito, atribulada\u00bb \u2014 \u25b7 Noticias de Casanare : Martha Cifuentes | Casanare\" src=\"https:\/\/marthacifuentes.com\/portada\/2022\/05\/02\/incierta-apertura-de-la-via-aguazul-sogamoso-invias-muda-y-comunidad-de-pajarito-atribulada\/embed\/#?secret=DuiOMJuFWR#?secret=OHvJq55v86\" width=\"600\" height=\"592\" frameborder=\"0\" marginwidth=\"0\" marginheight=\"0\" scrolling=\"no\" sandbox=\"allow-scripts\" data-secret=\"OHvJq55v86\" data-mce-fragment=\"1\"><\/iframe><\/p>\n<p><iframe loading=\"lazy\" class=\"wp-embedded-content\" title=\"\u00abGobiernos nacional y local no cumplieron con realizar el sistema de abastecimiento de agua potable de Yopal. Hay PTAP, inconclusa.\u00bb \u2014 \u25b7 Noticias de Casanare : Martha Cifuentes | Casanare\" src=\"https:\/\/marthacifuentes.com\/portada\/2022\/04\/29\/gobiernos-nacional-y-local-no-cumplieron-con-realizar-el-sistema-de-abastecimiento-de-agua-potable-de-yopal-hay-ptap-inconclusa\/embed\/#?secret=2V8ML6HkZK#?secret=Hpeq14z49X\" width=\"600\" height=\"626\" frameborder=\"0\" marginwidth=\"0\" marginheight=\"0\" scrolling=\"no\" sandbox=\"allow-scripts\" data-secret=\"Hpeq14z49X\" data-mce-fragment=\"1\"><\/iframe><\/p>\n<p><iframe loading=\"lazy\" class=\"wp-embedded-content\" title=\"\u00abLa llegada de La Fazenda a Casanare ya comienza a generar escozor. Porcicultores temen quiebra.\u00bb \u2014 \u25b7 Noticias de Casanare : Martha Cifuentes | Casanare\" src=\"https:\/\/marthacifuentes.com\/portada\/2022\/04\/29\/la-llegada-de-la-fazenda-a-casanare-ya-comienza-a-generar-escozor-porcicultores-temen-quiebra\/embed\/#?secret=Ftb5dSHuOU#?secret=qU9vzpT5Re\" width=\"600\" height=\"600\" frameborder=\"0\" marginwidth=\"0\" marginheight=\"0\" scrolling=\"no\" sandbox=\"allow-scripts\" data-secret=\"qU9vzpT5Re\" data-mce-fragment=\"1\"><\/iframe><\/p>\n<p><iframe loading=\"lazy\" class=\"wp-embedded-content\" title=\"\u00abBanda del Clan del Golfo que se quer\u00eda afincar en Hato Corozal fue desmantelada. En combates muri\u00f3 su cabecilla.\u00bb \u2014 \u25b7 Noticias de Casanare : Martha Cifuentes | Casanare\" src=\"https:\/\/marthacifuentes.com\/portada\/2022\/04\/29\/banda-del-clan-del-golfo-que-se-queria-afincar-en-hato-corozal-fue-desmantelada-en-combates-murio-su-cabecilla\/embed\/#?secret=zGEXZBq8cl#?secret=WdV499swfV\" width=\"600\" height=\"649\" frameborder=\"0\" marginwidth=\"0\" marginheight=\"0\" scrolling=\"no\" sandbox=\"allow-scripts\" data-secret=\"WdV499swfV\" data-mce-fragment=\"1\"><\/iframe><\/p>\n<p><iframe loading=\"lazy\" class=\"wp-embedded-content\" title=\"\u00abSabanalarga, Casanare, ofrece turismo de bienestar y tranquilidad con \u00abSabana al Viento\u00bb. C\u00e1mara de Comercio lo impulsa.\u00bb \u2014 \u25b7 Noticias de Casanare : Martha Cifuentes | Casanare\" src=\"https:\/\/marthacifuentes.com\/portada\/2022\/04\/28\/sabanalarga-casanare-ofrece-turismo-de-bienestar-y-tranquilidad-con-sabana-al-viento-camara-de-comercio-lo-impulsa\/embed\/#?secret=wXbhQ8kgfL#?secret=Ec6rt5bJGO\" width=\"600\" height=\"649\" frameborder=\"0\" marginwidth=\"0\" marginheight=\"0\" scrolling=\"no\" sandbox=\"allow-scripts\" data-secret=\"Ec6rt5bJGO\" data-mce-fragment=\"1\"><\/iframe><\/p>\n<p><iframe loading=\"lazy\" class=\"wp-embedded-content\" title=\"\u00abA paso de tortuga va la titulaci\u00f3n de al menos 9 mil predios bald\u00edos en Casanare, que afecta a poseedores y finanzas p\u00fablicas.\u00bb \u2014 \u25b7 Noticias de Casanare : Martha Cifuentes | Casanare\" src=\"https:\/\/marthacifuentes.com\/portada\/2022\/04\/25\/a-paso-de-tortuga-va-la-titulacion-de-al-menos-9-mil-predios-baldios-en-casanare-que-afecta-a-poseedores-y-finanzas-publicas\/embed\/#?secret=8RRM5VBOsf#?secret=3nzAHWr20M\" width=\"600\" height=\"649\" frameborder=\"0\" marginwidth=\"0\" marginheight=\"0\" scrolling=\"no\" sandbox=\"allow-scripts\" data-secret=\"3nzAHWr20M\" data-mce-fragment=\"1\"><\/iframe><\/p>\n<p><iframe loading=\"lazy\" class=\"wp-embedded-content\" title=\"\u00abPlanta de Tratamiento de Agua Potable de Yopal en prueba, debi\u00f3 ser apagada por da\u00f1o ocasionado por arremetida de r\u00edo Cravo Sur.\u00bb \u2014 \u25b7 Noticias de Casanare : Martha Cifuentes | Casanare\" src=\"https:\/\/marthacifuentes.com\/portada\/2022\/04\/25\/planta-de-tratamiento-de-agua-potable-de-yopal-en-prueba-debio-ser-apagada-por-dano-ocasionado-por-arremetida-de-rio-cravo-sur\/embed\/#?secret=1jrPQuiys3#?secret=eIhrlQiV7e\" width=\"600\" height=\"647\" frameborder=\"0\" marginwidth=\"0\" marginheight=\"0\" scrolling=\"no\" sandbox=\"allow-scripts\" data-secret=\"eIhrlQiV7e\" data-mce-fragment=\"1\"><\/iframe><\/p>\n<p><iframe loading=\"lazy\" class=\"wp-embedded-content\" title=\"\u00abEmpresas Parex y Celsia, inauguraron primera granja de energ\u00eda solar en Casanare\u00bb \u2014 \u25b7 Noticias de Casanare : Martha Cifuentes | Casanare\" src=\"https:\/\/marthacifuentes.com\/portada\/2022\/04\/22\/empresas-parex-y-celsia-inauguraron-primera-granja-de-energia-solar-en-casanare\/embed\/#?secret=PFfO6ZknMt#?secret=04WnAOzLU3\" width=\"600\" height=\"621\" frameborder=\"0\" marginwidth=\"0\" marginheight=\"0\" scrolling=\"no\" sandbox=\"allow-scripts\" data-secret=\"04WnAOzLU3\" data-mce-fragment=\"1\"><\/iframe><\/p>\n<p><iframe loading=\"lazy\" class=\"wp-embedded-content\" title=\"\u00abProcuradur\u00eda estar\u00eda retrasando proceso de revocatoria del mandato del alcalde de Monterrey, afirma promotor en acci\u00f3n de tutela\u00bb \u2014 \u25b7 Noticias de Casanare : Martha Cifuentes | Casanare\" src=\"https:\/\/marthacifuentes.com\/portada\/2022\/04\/22\/procuraduria-estaria-retrasando-proceso-de-revocatoria-del-mandato-del-alcalde-de-monterrey-afirma-promotor-en-accion-de-tutela\/embed\/#?secret=BsOiChVSKr#?secret=YmsqklEq4N\" width=\"600\" height=\"649\" frameborder=\"0\" marginwidth=\"0\" marginheight=\"0\" scrolling=\"no\" sandbox=\"allow-scripts\" data-secret=\"YmsqklEq4N\" data-mce-fragment=\"1\"><\/iframe><\/p>\n<p><iframe loading=\"lazy\" class=\"wp-embedded-content\" title=\"\u00abAlcald\u00eda de Yopal se lav\u00f3 las manos sobre carencia del transporte escolar en zonas rurales. Solo rega\u00f1os, pero no respuestas contundentes.\u00bb \u2014 \u25b7 Noticias de Casanare : Martha Cifuentes | Casanare\" src=\"https:\/\/marthacifuentes.com\/portada\/2022\/04\/22\/alcaldia-de-yopal-se-lavo-las-manos-sobre-carencia-del-transporte-escolar-en-zonas-rurales-solo-reganos-pero-no-respuestas-contundentes\/embed\/#?secret=AtQWwb1C0H#?secret=RbUIsFWkeq\" width=\"600\" height=\"649\" frameborder=\"0\" marginwidth=\"0\" marginheight=\"0\" scrolling=\"no\" sandbox=\"allow-scripts\" data-secret=\"RbUIsFWkeq\" data-mce-fragment=\"1\"><\/iframe><\/p>\n<p><iframe loading=\"lazy\" class=\"wp-embedded-content\" title=\"\u00abA la Alcald\u00eda de Yopal no le alcanz\u00f3 la plata. Para 2021, d\u00e9ficit de m\u00e1s de 5 mil millones.\u00bb \u2014 \u25b7 Noticias de Casanare : Martha Cifuentes | Casanare\" src=\"https:\/\/marthacifuentes.com\/portada\/2022\/04\/22\/a-la-alcaldia-de-yopal-no-le-alcanzo-la-plata-para-2021-deficit-de-mas-de-5-mil-millones\/embed\/#?secret=IDMith8AHV#?secret=YuJzbsXB8I\" width=\"600\" height=\"600\" frameborder=\"0\" marginwidth=\"0\" marginheight=\"0\" scrolling=\"no\" sandbox=\"allow-scripts\" data-secret=\"YuJzbsXB8I\" data-mce-fragment=\"1\"><\/iframe><\/p>\n<p><iframe loading=\"lazy\" class=\"wp-embedded-content\" title=\"\u00abGuste o no, comerciantes y trabajadores independientes con ingresos entre 1 y 145 millones en 2021, tendr\u00e1n que pagar $300 mil de ICA, tarifa impuesta por la Alcald\u00eda de Yopal\u00bb \u2014 \u25b7 Noticias de Casanare : Martha Cifuentes | Casanare\" src=\"https:\/\/marthacifuentes.com\/portada\/2022\/04\/22\/guste-o-no-comerciantes-y-trabajadores-independientes-con-ingresos-entre-1-y-145-millones-en-2021-tendran-que-pagar-300-mil-de-ica-tarifa-impuesta-por-la-alcaldia-de-yopal\/embed\/#?secret=by1eFYhLff#?secret=drVPoeMw65\" width=\"600\" height=\"641\" frameborder=\"0\" marginwidth=\"0\" marginheight=\"0\" scrolling=\"no\" sandbox=\"allow-scripts\" data-secret=\"drVPoeMw65\" data-mce-fragment=\"1\"><\/iframe><\/p>\n<p><iframe loading=\"lazy\" class=\"wp-embedded-content\" title=\"\u00abSe cumplieron 10 a\u00f1os de desaparici\u00f3n de Javier Silva, l\u00edder comunal de corregimiento petrolero El Morro, Yopal.\u00bb \u2014 \u25b7 Noticias de Casanare : Martha Cifuentes | Casanare\" src=\"https:\/\/marthacifuentes.com\/portada\/2022\/04\/22\/se-cumplieron-10-anos-de-desaparicion-de-javier-silva-lider-comunal-de-corregimiento-petrolero-el-morro-yopal\/embed\/#?secret=gOxfl6sewU#?secret=FD8gJPJPwP\" width=\"600\" height=\"628\" frameborder=\"0\" marginwidth=\"0\" marginheight=\"0\" scrolling=\"no\" sandbox=\"allow-scripts\" data-secret=\"FD8gJPJPwP\" data-mce-fragment=\"1\"><\/iframe><\/p>\n<p><iframe loading=\"lazy\" class=\"wp-embedded-content\" title=\"\u00abPliego de cargos por abuso sexual contra profesor de educaci\u00f3n f\u00edsica del Colegio Centro Social\u00bb \u2014 \u25b7 Noticias de Casanare : Martha Cifuentes | Casanare\" src=\"https:\/\/marthacifuentes.com\/portada\/2022\/04\/20\/pliego-de-cargos-por-abuso-sexual-contra-profesor-de-educacion-fisica-del-colegio-centro-social\/embed\/#?secret=GYzrMV3Ji6#?secret=J9uHHRD74M\" width=\"600\" height=\"621\" frameborder=\"0\" marginwidth=\"0\" marginheight=\"0\" scrolling=\"no\" sandbox=\"allow-scripts\" data-secret=\"J9uHHRD74M\" data-mce-fragment=\"1\"><\/iframe><\/p>\n<p><iframe loading=\"lazy\" class=\"wp-embedded-content\" title=\"\u00abJ\u00f3venes de Tauramena, Aguazul y Yopal podr\u00e1n participar con productos culturales en el programa J\u00f3venes+Museo.\u00bb \u2014 \u25b7 Noticias de Casanare : Martha Cifuentes | Casanare\" src=\"https:\/\/marthacifuentes.com\/portada\/2022\/04\/20\/jovenes-de-tauramena-aguazul-y-yopal-podran-participar-con-productos-culturales-en-el-programa-jovenesmuseo\/embed\/#?secret=z0zWYvi0Ih#?secret=p5cuYZ1we0\" width=\"600\" height=\"614\" frameborder=\"0\" marginwidth=\"0\" marginheight=\"0\" scrolling=\"no\" sandbox=\"allow-scripts\" data-secret=\"p5cuYZ1we0\" data-mce-fragment=\"1\"><\/iframe><\/p>\n<p><iframe loading=\"lazy\" class=\"wp-embedded-content\" title=\"\u00abA comer hamburguesa en el Burger Master. Yopal participar\u00e1 en el evento.\u00bb \u2014 \u25b7 Noticias de Casanare : Martha Cifuentes | Casanare\" src=\"https:\/\/marthacifuentes.com\/portada\/2022\/04\/20\/a-comer-hamburguesa-en-el-burger-master-yopal-participara-en-el-evento\/embed\/#?secret=UMBa50bX7o#?secret=PAj2MsG3QT\" width=\"600\" height=\"609\" frameborder=\"0\" marginwidth=\"0\" marginheight=\"0\" scrolling=\"no\" sandbox=\"allow-scripts\" data-secret=\"PAj2MsG3QT\" data-mce-fragment=\"1\"><\/iframe><\/p>\n<p><iframe loading=\"lazy\" class=\"wp-embedded-content\" title=\"\u00abPerenco y sus afectaciones al medio ambiente y seguridad en Casanare fueron evidenciadas por portal Rutas del Conflicto.\u00bb \u2014 \u25b7 Noticias de Casanare : Martha Cifuentes | Casanare\" src=\"https:\/\/marthacifuentes.com\/portada\/2022\/04\/20\/perenco-y-sus-afectaciones-al-medio-ambiente-y-seguridad-en-casanare-fueron-evidenciadas-por-portal-rutas-del-conflicto\/embed\/#?secret=e0EedfKJjP#?secret=SEcTf7dS3a\" width=\"600\" height=\"649\" frameborder=\"0\" marginwidth=\"0\" marginheight=\"0\" scrolling=\"no\" sandbox=\"allow-scripts\" data-secret=\"SEcTf7dS3a\" data-mce-fragment=\"1\"><\/iframe><\/p>\n<p><iframe loading=\"lazy\" class=\"wp-embedded-content\" title=\"\u00abFamilia es atracada en su casa en el barrio Xiruma II en Yopal.\u00bb \u2014 \u25b7 Noticias de Casanare : Martha Cifuentes | Casanare\" src=\"https:\/\/marthacifuentes.com\/portada\/2022\/04\/20\/familia-es-atracada-en-su-casa-en-el-barrio-xiruma-ii-en-yopal\/embed\/#?secret=8dUh1MO1sU#?secret=tNKQ3KWI7d\" width=\"600\" height=\"537\" frameborder=\"0\" marginwidth=\"0\" marginheight=\"0\" scrolling=\"no\" sandbox=\"allow-scripts\" data-secret=\"tNKQ3KWI7d\" data-mce-fragment=\"1\"><\/iframe><\/p>\n<p><iframe loading=\"lazy\" class=\"wp-embedded-content\" title=\"\u00abDos heridos en atraco en v\u00eda Aguazul-Man\u00ed\u00bb \u2014 \u25b7 Noticias de Casanare : Martha Cifuentes | Casanare\" src=\"https:\/\/marthacifuentes.com\/portada\/2022\/04\/20\/dos-heridos-en-atraco-en-via-aguazul-mani\/embed\/#?secret=imiQnZPWtW#?secret=Flh1O5kDSV\" width=\"600\" height=\"592\" frameborder=\"0\" marginwidth=\"0\" marginheight=\"0\" scrolling=\"no\" sandbox=\"allow-scripts\" data-secret=\"Flh1O5kDSV\" data-mce-fragment=\"1\"><\/iframe><\/p>\n<p><iframe loading=\"lazy\" class=\"wp-embedded-content\" title=\"\u00abCada 28 minutos, en promedio, una mujer es v\u00edctima de violencia sexual en Colombia. En 2022 han sido asesinadas al menos 225 mujeres.\u00bb \u2014 \u25b7 Noticias de Casanare : Martha Cifuentes | Casanare\" src=\"https:\/\/marthacifuentes.com\/portada\/2022\/04\/17\/cada-28-minutos-en-promedio-una-mujer-es-victima-de-violencia-sexual-en-colombia-en-2022-han-sido-asesinadas-al-menos-225-mujeres\/embed\/#?secret=6Pq7fWuNk6#?secret=jB9VdahiEs\" width=\"600\" height=\"593\" frameborder=\"0\" marginwidth=\"0\" marginheight=\"0\" scrolling=\"no\" sandbox=\"allow-scripts\" data-secret=\"jB9VdahiEs\" data-mce-fragment=\"1\"><\/iframe><\/p>\n<p><iframe loading=\"lazy\" class=\"wp-embedded-content\" title=\"\u00abNO al suicidio. Secretar\u00eda de Salud de Yopal e Inv\u00edas realizan campa\u00f1a en puente La Cabuya.\u00bb \u2014 \u25b7 Noticias de Casanare : Martha Cifuentes | Casanare\" src=\"https:\/\/marthacifuentes.com\/portada\/2022\/04\/12\/no-al-suicidio-secretaria-de-salud-de-yopal-e-invias-realizan-campana-en-puente-la-cabuya\/embed\/#?secret=ZVXuBG4ZJ3#?secret=N77VvZf2Tg\" width=\"600\" height=\"621\" frameborder=\"0\" marginwidth=\"0\" marginheight=\"0\" scrolling=\"no\" sandbox=\"allow-scripts\" data-secret=\"N77VvZf2Tg\" data-mce-fragment=\"1\"><\/iframe><\/p>\n<p><iframe loading=\"lazy\" class=\"wp-embedded-content\" title=\"\u00abYOPAL\u2026 \u00bfSEGURA?\u00bb \u2014 \u25b7 Noticias de Casanare : Martha Cifuentes | Casanare\" src=\"https:\/\/marthacifuentes.com\/portada\/2022\/04\/12\/yopal-segura\/embed\/#?secret=Qt4XYJqU8n#?secret=ins3Xh8k3b\" width=\"600\" height=\"592\" frameborder=\"0\" marginwidth=\"0\" marginheight=\"0\" scrolling=\"no\" sandbox=\"allow-scripts\" data-secret=\"ins3Xh8k3b\" data-mce-fragment=\"1\"><\/iframe><\/p>\n<p><iframe loading=\"lazy\" class=\"wp-embedded-content\" title=\"\u00abPortada\u00bb \u2014 \u25b7 Noticias de Casanare : Martha Cifuentes | Casanare\" src=\"https:\/\/marthacifuentes.com\/portada\/embed\/#?secret=5dLk7NTjsn#?secret=Sq88ceyMf3\" width=\"600\" height=\"338\" frameborder=\"0\" marginwidth=\"0\" marginheight=\"0\" scrolling=\"no\" sandbox=\"allow-scripts\" data-secret=\"Sq88ceyMf3\" data-mce-fragment=\"1\"><\/iframe><\/p>\n<p><iframe loading=\"lazy\" class=\"wp-embedded-content\" title=\"\u00abV\u00edctimas de conflicto armado convocados a exponer fotograf\u00edas en galer\u00eda de desaparecidos\u00bb \u2014 \u25b7 Noticias de Casanare : Martha Cifuentes | Casanare\" src=\"https:\/\/marthacifuentes.com\/portada\/2022\/04\/08\/victimas-de-conflicto-armado-convocados-a-exponer-fotografias-en-galeria-de-desaparecidos\/embed\/#?secret=JdF2lxFZyu#?secret=qxJpRLoVwz\" width=\"600\" height=\"621\" frameborder=\"0\" marginwidth=\"0\" marginheight=\"0\" scrolling=\"no\" sandbox=\"allow-scripts\" data-secret=\"qxJpRLoVwz\" data-mce-fragment=\"1\"><\/iframe><\/p>\n<p><iframe loading=\"lazy\" class=\"wp-embedded-content\" title=\"\u00abPor fin. M\u00e1s de 2 mil j\u00f3venes estudiar\u00e1n gratuitamente en Unitr\u00f3pico en Yopal.\u00bb \u2014 \u25b7 Noticias de Casanare : Martha Cifuentes | Casanare\" src=\"https:\/\/marthacifuentes.com\/portada\/2022\/04\/08\/por-fin-mas-de-2-mil-jovenes-estudiaran-gratuitamente-en-unitropico-en-yopal\/embed\/#?secret=v2hDTkOdTr#?secret=FQoS36E22g\" width=\"600\" height=\"578\" frameborder=\"0\" marginwidth=\"0\" marginheight=\"0\" scrolling=\"no\" sandbox=\"allow-scripts\" data-secret=\"FQoS36E22g\" data-mce-fragment=\"1\"><\/iframe><\/p>\n<p><iframe loading=\"lazy\" class=\"wp-embedded-content\" title=\"\u00ab\u201cEn Enerca compramos pan para vender\u2026 harina\u201d: Diputado Jorge Garc\u00eda, sobre su situaci\u00f3n financiera.\u00bb \u2014 \u25b7 Noticias de Casanare : Martha Cifuentes | Casanare\" src=\"https:\/\/marthacifuentes.com\/portada\/2022\/04\/08\/en-enerca-compramos-pan-para-vender-harina-diputado-jorge-garcia-sobre-su-situacion-financiera\/embed\/#?secret=Nr6tUZ3Ecg#?secret=GXHAKYNgHa\" width=\"600\" height=\"600\" frameborder=\"0\" marginwidth=\"0\" marginheight=\"0\" scrolling=\"no\" sandbox=\"allow-scripts\" data-secret=\"GXHAKYNgHa\" data-mce-fragment=\"1\"><\/iframe><\/p>\n<p><iframe loading=\"lazy\" class=\"wp-embedded-content\" title=\"\u00abInici\u00f3 legalizaci\u00f3n de urbanizaciones ilegales en El Charte, Yopal\u00bb \u2014 \u25b7 Noticias de Casanare : Martha Cifuentes | Casanare\" src=\"https:\/\/marthacifuentes.com\/portada\/2022\/04\/07\/inicio-legalizacion-de-urbanizaciones-ilegales-en-el-charte-yopal\/embed\/#?secret=ZTJubvPRtO#?secret=w02clOmpLG\" width=\"600\" height=\"600\" frameborder=\"0\" marginwidth=\"0\" marginheight=\"0\" scrolling=\"no\" sandbox=\"allow-scripts\" data-secret=\"w02clOmpLG\" data-mce-fragment=\"1\"><\/iframe><\/p>\n<p><iframe loading=\"lazy\" class=\"wp-embedded-content\" title=\"\u00abMin Agricultura y Ecopetrol se unen para promover l\u00edneas productivas en Casanare y otros departamentos.\u00bb \u2014 \u25b7 Noticias de Casanare : Martha Cifuentes | Casanare\" src=\"https:\/\/marthacifuentes.com\/portada\/2022\/04\/07\/min-agricultura-y-ecopetrol-se-unen-para-promover-lineas-productivas-en-casanare-y-otros-departamentos\/embed\/#?secret=AKCUGy4vbh#?secret=B7Q9L3b0vV\" width=\"600\" height=\"621\" frameborder=\"0\" marginwidth=\"0\" marginheight=\"0\" scrolling=\"no\" sandbox=\"allow-scripts\" data-secret=\"B7Q9L3b0vV\" data-mce-fragment=\"1\"><\/iframe><\/p>\n<p><iframe loading=\"lazy\" class=\"wp-embedded-content\" title=\"\u00abInfluenciador Tulio Zuluaga se \u201cenchicharron\u00f3\u201d en Yopal. Promovi\u00f3 emprendimiento de mujer cabeza de hogar\u00bb \u2014 \u25b7 Noticias de Casanare : Martha Cifuentes | Casanare\" src=\"https:\/\/marthacifuentes.com\/portada\/2022\/04\/07\/influenciador-tulio-zuluaga-se-enchicharrono-en-yopal-promovio-emprendimiento-de-mujer-cabeza-de-hogar\/embed\/#?secret=K8i6oAvzS8#?secret=0gFE1Y53bp\" width=\"600\" height=\"649\" frameborder=\"0\" marginwidth=\"0\" marginheight=\"0\" scrolling=\"no\" sandbox=\"allow-scripts\" data-secret=\"0gFE1Y53bp\" data-mce-fragment=\"1\"><\/iframe><\/p>\n<p><iframe loading=\"lazy\" class=\"wp-embedded-content\" title=\"\u00abGanaderos recibieron maquinaria agr\u00edcola de la Gobernaci\u00f3n de Casanare\u00bb \u2014 \u25b7 Noticias de Casanare : Martha Cifuentes | Casanare\" src=\"https:\/\/marthacifuentes.com\/portada\/2022\/04\/07\/ganaderos-recibieron-maquinaria-agricola-de-la-gobernacion-de-casanare\/embed\/#?secret=HVRlDBUcRj#?secret=7eGbR4efq9\" width=\"600\" height=\"586\" frameborder=\"0\" marginwidth=\"0\" marginheight=\"0\" scrolling=\"no\" sandbox=\"allow-scripts\" data-secret=\"7eGbR4efq9\" data-mce-fragment=\"1\"><\/iframe><\/p>\n<p><iframe loading=\"lazy\" class=\"wp-embedded-content\" title=\"\u00abAutoridades investigan caso de ni\u00f1a de 12 a\u00f1os de Yopal que consumi\u00f3 viagra dentro de un reto de redes sociales\u00bb \u2014 \u25b7 Noticias de Casanare : Martha Cifuentes | Casanare\" src=\"https:\/\/marthacifuentes.com\/portada\/2022\/04\/07\/autoridades-investigan-caso-de-nina-de-12-anos-de-yopal-que-consumio-viagra-dentro-de-un-reto-de-redes-sociales\/embed\/#?secret=q2oE2LKVLh#?secret=ZW5hA0vnRg\" width=\"600\" height=\"357\" frameborder=\"0\" marginwidth=\"0\" marginheight=\"0\" scrolling=\"no\" sandbox=\"allow-scripts\" data-secret=\"ZW5hA0vnRg\" data-mce-fragment=\"1\"><\/iframe><\/p>\n<p><iframe loading=\"lazy\" class=\"wp-embedded-content\" title=\"\u00abDos veh\u00edculos impactaron una casa en Quebradaseca y un local de Supergiros en Yopal, respectivamente. No hubo v\u00edctimas fatales.\u00bb \u2014 \u25b7 Noticias de Casanare : Martha Cifuentes | Casanare\" src=\"https:\/\/marthacifuentes.com\/portada\/2022\/04\/07\/dos-vehiculos-impactaron-una-casa-en-quebradaseca-y-un-local-de-supergiros-en-yopal-respectivamente-no-hubo-victimas-fatales\/embed\/#?secret=pSBMvtcyN5#?secret=zdTzgtBQYL\" width=\"600\" height=\"619\" frameborder=\"0\" marginwidth=\"0\" marginheight=\"0\" scrolling=\"no\" sandbox=\"allow-scripts\" data-secret=\"zdTzgtBQYL\" data-mce-fragment=\"1\"><\/iframe><\/p>\n<p><iframe loading=\"lazy\" class=\"wp-embedded-content\" title=\"\u00abContralor\u00eda visita el zool\u00f3gico de elefantes blancos y obras inconclusas en Casanare\u00bb \u2014 \u25b7 Noticias de Casanare : Martha Cifuentes | Casanare\" src=\"https:\/\/marthacifuentes.com\/portada\/2022\/04\/06\/contraloria-visita-el-zoologico-de-elefantes-blancos-y-obras-inconclusas-en-casanare\/embed\/#?secret=wGOjciTr9v#?secret=LgNHDaOrQX\" width=\"600\" height=\"621\" frameborder=\"0\" marginwidth=\"0\" marginheight=\"0\" scrolling=\"no\" sandbox=\"allow-scripts\" data-secret=\"LgNHDaOrQX\" data-mce-fragment=\"1\"><\/iframe><\/p>\n<p><iframe loading=\"lazy\" class=\"wp-embedded-content\" title=\"\u00abAlcalde de Yopal busca plata en gobierno nacional para culminar PTAP definitiva\u00bb \u2014 \u25b7 Noticias de Casanare : Martha Cifuentes | Casanare\" src=\"https:\/\/marthacifuentes.com\/portada\/2022\/04\/06\/alcalde-de-yopal-busca-plata-en-gobierno-nacional-para-culminar-ptap-definitiva\/embed\/#?secret=ejroTfzF5y#?secret=YdF8CMQADL\" width=\"600\" height=\"600\" frameborder=\"0\" marginwidth=\"0\" marginheight=\"0\" scrolling=\"no\" sandbox=\"allow-scripts\" data-secret=\"YdF8CMQADL\" data-mce-fragment=\"1\"><\/iframe><\/p>\n<p><iframe loading=\"lazy\" class=\"wp-embedded-content\" title=\"\u00abDemandada elecci\u00f3n de Vladimir Olaya como Representante a la C\u00e1mara del Centro Democr\u00e1tico\u00bb \u2014 \u25b7 Noticias de Casanare : Martha Cifuentes | Casanare\" src=\"https:\/\/marthacifuentes.com\/portada\/2022\/04\/06\/demandada-eleccion-de-vladimir-olaya-como-representante-a-la-camara-del-centro-democratico\/embed\/#?secret=zCxx8BRjXt#?secret=Q6akZ17Bbv\" width=\"600\" height=\"621\" frameborder=\"0\" marginwidth=\"0\" marginheight=\"0\" scrolling=\"no\" sandbox=\"allow-scripts\" data-secret=\"Q6akZ17Bbv\" data-mce-fragment=\"1\"><\/iframe><\/p>\n<p><iframe loading=\"lazy\" class=\"wp-embedded-content\" title=\"\u00abANI y Covioriente no permiten trazado de redes de acueducto en El Charte, La Guafilla y barrios de comuna 6 de Yopal\u00bb \u2014 \u25b7 Noticias de Casanare : Martha Cifuentes | Casanare\" src=\"https:\/\/marthacifuentes.com\/portada\/2022\/04\/06\/ani-y-covioriente-no-permiten-trazado-de-redes-de-acueducto-en-el-charte-la-guafilla-y-barrios-de-comuna-6-de-yopal\/embed\/#?secret=Ldx6YI1i7P#?secret=Hkt9KER7O9\" width=\"600\" height=\"634\" frameborder=\"0\" marginwidth=\"0\" marginheight=\"0\" scrolling=\"no\" sandbox=\"allow-scripts\" data-secret=\"Hkt9KER7O9\" data-mce-fragment=\"1\"><\/iframe><\/p>\n<p><iframe loading=\"lazy\" class=\"wp-embedded-content\" title=\"\u00abCuidadores de personas discapacitadas o adultos mayores ser\u00edan priorizados con programas sociales en Yopal. Ya se dio primer debate en Concejo de Yopal\u00bb \u2014 \u25b7 Noticias de Casanare : Martha Cifuentes | Casanare\" src=\"https:\/\/marthacifuentes.com\/portada\/2022\/04\/05\/cuidadores-de-personas-discapacitadas-o-adultos-mayores-serian-priorizados-con-programas-sociales-en-yopal-ya-se-dio-primer-debate-en-concejo-de-yopal\/embed\/#?secret=uSC4vRqI8Y#?secret=21NkHV5QgX\" width=\"600\" height=\"649\" frameborder=\"0\" marginwidth=\"0\" marginheight=\"0\" scrolling=\"no\" sandbox=\"allow-scripts\" data-secret=\"21NkHV5QgX\" data-mce-fragment=\"1\"><\/iframe><\/p>\n<p><iframe loading=\"lazy\" class=\"wp-embedded-content\" title=\"\u00abMigrantes ya cuentan con Puesto de Atenci\u00f3n Humanitaria en Paz de Ariporo.\u00bb \u2014 \u25b7 Noticias de Casanare : Martha Cifuentes | Casanare\" src=\"https:\/\/marthacifuentes.com\/portada\/2022\/04\/05\/migrantes-ya-cuentan-con-puesto-de-atencion-humanitaria-en-paz-de-ariporo\/embed\/#?secret=9XdAeLoGmy#?secret=jIX35yxgWR\" width=\"600\" height=\"600\" frameborder=\"0\" marginwidth=\"0\" marginheight=\"0\" scrolling=\"no\" sandbox=\"allow-scripts\" data-secret=\"jIX35yxgWR\" data-mce-fragment=\"1\"><\/iframe><\/p>\n<p><iframe loading=\"lazy\" class=\"wp-embedded-content\" title=\"\u00abGrupo de teatro Akelarre y la colectiva feminista La Paraulata protest\u00f3 ante la Casa de la Justicia y Fiscal\u00eda en Yopal por violencia contra la mujer\u00bb \u2014 \u25b7 Noticias de Casanare : Martha Cifuentes | Casanare\" src=\"https:\/\/marthacifuentes.com\/portada\/2022\/04\/05\/grupo-de-teatro-akelarre-y-la-colectiva-feminista-la-paraulata-protesto-ante-la-casa-de-la-justicia-y-fiscalia-en-yopal-por-violencia-contra-la-mujer\/embed\/#?secret=WmloEi0mkm#?secret=zitiuAbc6g\" width=\"600\" height=\"614\" frameborder=\"0\" marginwidth=\"0\" marginheight=\"0\" scrolling=\"no\" sandbox=\"allow-scripts\" data-secret=\"zitiuAbc6g\" data-mce-fragment=\"1\"><\/iframe><\/p>\n<p><iframe loading=\"lazy\" class=\"wp-embedded-content\" title=\"\u00abA la c\u00e1rcel sujeto que amenaz\u00f3 con quemarle la ropa de su pareja si no acced\u00eda a intimar con \u00e9l.\u00bb \u2014 \u25b7 Noticias de Casanare : Martha Cifuentes | Casanare\" src=\"https:\/\/marthacifuentes.com\/portada\/2022\/04\/05\/a-la-carcel-sujeto-que-amenazo-con-quemarle-la-ropa-de-su-pareja-si-no-accedia-a-intimar-con-el\/embed\/#?secret=R8g2nEr0to#?secret=bO1lL9UXON\" width=\"600\" height=\"617\" frameborder=\"0\" marginwidth=\"0\" marginheight=\"0\" scrolling=\"no\" sandbox=\"allow-scripts\" data-secret=\"bO1lL9UXON\" data-mce-fragment=\"1\"><\/iframe><\/p>\n<p><iframe loading=\"lazy\" class=\"wp-embedded-content\" title=\"\u00abUna ni\u00f1a y un ni\u00f1o murieron en Casanare. Ella por un rayo y \u00e9l en accidente de tr\u00e1nsito\u00bb \u2014 \u25b7 Noticias de Casanare : Martha Cifuentes | Casanare\" src=\"https:\/\/marthacifuentes.com\/portada\/2022\/04\/05\/una-nina-y-un-nino-murieron-en-casanare-ella-por-un-rayo-y-el-en-accidente-de-transito\/embed\/#?secret=Ouuf88km3W#?secret=Bhy0S4Lk8y\" width=\"600\" height=\"581\" frameborder=\"0\" marginwidth=\"0\" marginheight=\"0\" scrolling=\"no\" sandbox=\"allow-scripts\" data-secret=\"Bhy0S4Lk8y\" data-mce-fragment=\"1\"><\/iframe><\/p>\n<p><iframe loading=\"lazy\" class=\"wp-embedded-content\" title=\"\u00abFuncionario de la Fiscal\u00eda mat\u00f3 a su pareja e hijastro de 15 a\u00f1os en Yopal y luego intent\u00f3 quitarse la vida.\u00bb \u2014 \u25b7 Noticias de Casanare : Martha Cifuentes | Casanare\" src=\"https:\/\/marthacifuentes.com\/portada\/2022\/04\/01\/funcionario-de-la-fiscalia-mato-a-su-pareja-e-hijastro-de-15-anos-en-yopal-y-luego-intento-quitarse-la-vida\/embed\/#?secret=TbvWP0vGKV#?secret=VEBCvOFcpA\" width=\"600\" height=\"620\" frameborder=\"0\" marginwidth=\"0\" marginheight=\"0\" scrolling=\"no\" sandbox=\"allow-scripts\" data-secret=\"VEBCvOFcpA\" data-mce-fragment=\"1\"><\/iframe><\/p>\n","protected":false},"excerpt":{"rendered":"<p>La movilidad de la v\u00eda del Cusiana en el sector La Granja se complica no solo porque hasta el momento el Inv\u00edas y sus contratistas no han podido realizar una propuesta que permita la rehabilitaci\u00f3n de la carretera entre Aguazul y Sogamoso sino porque la comunidad afectada por el cierre desde el pasado 25 de &hellip;<\/p>\n","protected":false},"author":2,"featured_media":29014,"comment_status":"open","ping_status":"open","sticky":false,"template":"","format":"standard","meta":{"om_disable_all_campaigns":false,"_exactmetrics_skip_tracking":false,"_exactmetrics_sitenote_active":false,"_exactmetrics_sitenote_note":"","_exactmetrics_sitenote_category":0,"_monsterinsights_skip_tracking":false,"_monsterinsights_sitenote_active":false,"_monsterinsights_sitenote_note":"","_monsterinsights_sitenote_category":0,"_uf_show_specific_survey":0,"_uf_disable_surveys":false,"_joinchat":[],"footnotes":""},"categories":[147,146,145],"tags":[2236,7503,534,530,154,1373,7507,7505,7506,2680,7504,7500,7502,6642,7501],"class_list":["post-29011","post","type-post","status-publish","format-standard","has-post-thumbnail","hentry","category-actualidad","category-noticias","category-reportajes","tag-aguazul-noticias","tag-aquitania","tag-arcenio-sandoval","tag-boyaca","tag-casanare","tag-casanare-noticias","tag-el-alcalde-de-pajarito-jesus-riveros","tag-geologos-e-hidraulicos-estaran-en-pajarito","tag-gobernador-de-boyaca-ramiro-barragan","tag-invias","tag-la-granja-sino-a-lo-largo-de-la-via-del-cusiana-y-se-desconoce-las-reales-afectaciones","tag-moradores-de-pajarito-quieren-abrir-la-via-aguazul-sogamoso-en-la-granja","tag-unidad-nacional-de-gestion-del-riesgo-de-desastres-al-sitio-del-deslizamiento","tag-via-aguazul-sogamoso","tag-via-del-cusiana-en-el-sector-la-granja-se-complica-no-solo-porque-hasta-el-momento-el-invias"],"yoast_head":"<!-- This site is optimized with the Yoast SEO plugin v26.1 - https:\/\/yoast.com\/wordpress\/plugins\/seo\/ -->\n<title>Con pica y pala, moradores de Pajarito, quieren abrir la v\u00eda Aguazul-Sogamoso en La Granja. Podr\u00eda ocurrir tragedia si hay deslizamientos de la monta\u00f1a. - \u25b7 Noticias de Casanare : Martha Cifuentes | Casanare<\/title>\n<meta name=\"robots\" content=\"index, follow, max-snippet:-1, max-image-preview:large, max-video-preview:-1\" \/>\n<link rel=\"canonical\" href=\"https:\/\/marthacifuentes.com\/portada\/con-pica-y-pala-moradores-de-pajarito-quieren-abrir-la-via-aguazul-sogamoso-en-la-granja-podria-ocurrir-tragedia-si-hay-deslizamientos-de-la-montana\/\" \/>\n<meta property=\"og:locale\" content=\"es_ES\" \/>\n<meta property=\"og:type\" content=\"article\" \/>\n<meta property=\"og:title\" content=\"Con pica y pala, moradores de Pajarito, quieren abrir la v\u00eda Aguazul-Sogamoso en La Granja. Podr\u00eda ocurrir tragedia si hay deslizamientos de la monta\u00f1a. - \u25b7 Noticias de Casanare : Martha Cifuentes | Casanare\" \/>\n<meta property=\"og:description\" content=\"La movilidad de la v\u00eda del Cusiana en el sector La Granja se complica no solo porque hasta el momento el Inv\u00edas y sus contratistas no han podido realizar una propuesta que permita la rehabilitaci\u00f3n de la carretera entre Aguazul y Sogamoso sino porque la comunidad afectada por el cierre desde el pasado 25 de &hellip;\" \/>\n<meta property=\"og:url\" content=\"https:\/\/marthacifuentes.com\/portada\/con-pica-y-pala-moradores-de-pajarito-quieren-abrir-la-via-aguazul-sogamoso-en-la-granja-podria-ocurrir-tragedia-si-hay-deslizamientos-de-la-montana\/\" \/>\n<meta property=\"og:site_name\" content=\"\u25b7 Noticias de Casanare : Martha Cifuentes | Casanare\" \/>\n<meta property=\"article:published_time\" content=\"2022-05-05T15:56:41+00:00\" \/>\n<meta property=\"og:image\" content=\"https:\/\/marthacifuentes.com\/portada\/wp-content\/uploads\/2022\/05\/CON-PICO-Y-PALA-SE-QUIERE-ABRIR-VIA-DEL-CUSIAA.jpg\" \/>\n\t<meta property=\"og:image:width\" content=\"960\" \/>\n\t<meta property=\"og:image:height\" content=\"720\" \/>\n\t<meta property=\"og:image:type\" content=\"image\/jpeg\" \/>\n<meta name=\"author\" content=\"Martha Cifuentes\" \/>\n<meta name=\"twitter:card\" content=\"summary_large_image\" \/>\n<meta name=\"twitter:label1\" content=\"Escrito por\" \/>\n\t<meta name=\"twitter:data1\" content=\"Martha Cifuentes\" \/>\n\t<meta name=\"twitter:label2\" content=\"Tiempo de lectura\" \/>\n\t<meta name=\"twitter:data2\" content=\"2 minutos\" \/>\n<script type=\"application\/ld+json\" class=\"yoast-schema-graph\">{\"@context\":\"https:\/\/schema.org\",\"@graph\":[{\"@type\":\"WebPage\",\"@id\":\"https:\/\/marthacifuentes.com\/portada\/con-pica-y-pala-moradores-de-pajarito-quieren-abrir-la-via-aguazul-sogamoso-en-la-granja-podria-ocurrir-tragedia-si-hay-deslizamientos-de-la-montana\/\",\"url\":\"https:\/\/marthacifuentes.com\/portada\/con-pica-y-pala-moradores-de-pajarito-quieren-abrir-la-via-aguazul-sogamoso-en-la-granja-podria-ocurrir-tragedia-si-hay-deslizamientos-de-la-montana\/\",\"name\":\"Con pica y pala, moradores de Pajarito, quieren abrir la v\u00eda Aguazul-Sogamoso en La Granja. Podr\u00eda ocurrir tragedia si hay deslizamientos de la monta\u00f1a. - \u25b7 Noticias de Casanare : Martha Cifuentes | Casanare\",\"isPartOf\":{\"@id\":\"https:\/\/marthacifuentes.com\/portada\/#website\"},\"primaryImageOfPage\":{\"@id\":\"https:\/\/marthacifuentes.com\/portada\/con-pica-y-pala-moradores-de-pajarito-quieren-abrir-la-via-aguazul-sogamoso-en-la-granja-podria-ocurrir-tragedia-si-hay-deslizamientos-de-la-montana\/#primaryimage\"},\"image\":{\"@id\":\"https:\/\/marthacifuentes.com\/portada\/con-pica-y-pala-moradores-de-pajarito-quieren-abrir-la-via-aguazul-sogamoso-en-la-granja-podria-ocurrir-tragedia-si-hay-deslizamientos-de-la-montana\/#primaryimage\"},\"thumbnailUrl\":\"https:\/\/marthacifuentes.com\/portada\/wp-content\/uploads\/2022\/05\/CON-PICO-Y-PALA-SE-QUIERE-ABRIR-VIA-DEL-CUSIAA.jpg\",\"datePublished\":\"2022-05-05T15:56:41+00:00\",\"author\":{\"@id\":\"https:\/\/marthacifuentes.com\/portada\/#\/schema\/person\/57f53174b991db5f90ff78d58502b714\"},\"breadcrumb\":{\"@id\":\"https:\/\/marthacifuentes.com\/portada\/con-pica-y-pala-moradores-de-pajarito-quieren-abrir-la-via-aguazul-sogamoso-en-la-granja-podria-ocurrir-tragedia-si-hay-deslizamientos-de-la-montana\/#breadcrumb\"},\"inLanguage\":\"es\",\"potentialAction\":[{\"@type\":\"ReadAction\",\"target\":[\"https:\/\/marthacifuentes.com\/portada\/con-pica-y-pala-moradores-de-pajarito-quieren-abrir-la-via-aguazul-sogamoso-en-la-granja-podria-ocurrir-tragedia-si-hay-deslizamientos-de-la-montana\/\"]}]},{\"@type\":\"ImageObject\",\"inLanguage\":\"es\",\"@id\":\"https:\/\/marthacifuentes.com\/portada\/con-pica-y-pala-moradores-de-pajarito-quieren-abrir-la-via-aguazul-sogamoso-en-la-granja-podria-ocurrir-tragedia-si-hay-deslizamientos-de-la-montana\/#primaryimage\",\"url\":\"https:\/\/marthacifuentes.com\/portada\/wp-content\/uploads\/2022\/05\/CON-PICO-Y-PALA-SE-QUIERE-ABRIR-VIA-DEL-CUSIAA.jpg\",\"contentUrl\":\"https:\/\/marthacifuentes.com\/portada\/wp-content\/uploads\/2022\/05\/CON-PICO-Y-PALA-SE-QUIERE-ABRIR-VIA-DEL-CUSIAA.jpg\",\"width\":960,\"height\":720},{\"@type\":\"BreadcrumbList\",\"@id\":\"https:\/\/marthacifuentes.com\/portada\/con-pica-y-pala-moradores-de-pajarito-quieren-abrir-la-via-aguazul-sogamoso-en-la-granja-podria-ocurrir-tragedia-si-hay-deslizamientos-de-la-montana\/#breadcrumb\",\"itemListElement\":[{\"@type\":\"ListItem\",\"position\":1,\"name\":\"Portada\",\"item\":\"https:\/\/marthacifuentes.com\/portada\/\"},{\"@type\":\"ListItem\",\"position\":2,\"name\":\"Con pica y pala, moradores de Pajarito, quieren abrir la v\u00eda Aguazul-Sogamoso en La Granja. Podr\u00eda ocurrir tragedia si hay deslizamientos de la monta\u00f1a.\"}]},{\"@type\":\"WebSite\",\"@id\":\"https:\/\/marthacifuentes.com\/portada\/#website\",\"url\":\"https:\/\/marthacifuentes.com\/portada\/\",\"name\":\"\u25b7 Noticias de Casanare : Martha Cifuentes | Casanare\",\"description\":\"Noticias &amp; Contenidos\",\"potentialAction\":[{\"@type\":\"SearchAction\",\"target\":{\"@type\":\"EntryPoint\",\"urlTemplate\":\"https:\/\/marthacifuentes.com\/portada\/?s={search_term_string}\"},\"query-input\":{\"@type\":\"PropertyValueSpecification\",\"valueRequired\":true,\"valueName\":\"search_term_string\"}}],\"inLanguage\":\"es\"},{\"@type\":\"Person\",\"@id\":\"https:\/\/marthacifuentes.com\/portada\/#\/schema\/person\/57f53174b991db5f90ff78d58502b714\",\"name\":\"Martha Cifuentes\",\"image\":{\"@type\":\"ImageObject\",\"inLanguage\":\"es\",\"@id\":\"https:\/\/marthacifuentes.com\/portada\/#\/schema\/person\/image\/\",\"url\":\"http:\/\/marthacifuentes.com\/portada\/wp-content\/uploads\/2018\/06\/avatar_user_2_1528838701-96x96.jpg\",\"contentUrl\":\"http:\/\/marthacifuentes.com\/portada\/wp-content\/uploads\/2018\/06\/avatar_user_2_1528838701-96x96.jpg\",\"caption\":\"Martha Cifuentes\"},\"sameAs\":[\"http:\/\/www.marthacifuentes.com\"],\"url\":\"https:\/\/marthacifuentes.com\/portada\/author\/martha\/\"}]}<\/script>\n<!-- \/ Yoast SEO plugin. -->","yoast_head_json":{"title":"Con pica y pala, moradores de Pajarito, quieren abrir la v\u00eda Aguazul-Sogamoso en La Granja. Podr\u00eda ocurrir tragedia si hay deslizamientos de la monta\u00f1a. - \u25b7 Noticias de Casanare : Martha Cifuentes | Casanare","robots":{"index":"index","follow":"follow","max-snippet":"max-snippet:-1","max-image-preview":"max-image-preview:large","max-video-preview":"max-video-preview:-1"},"canonical":"https:\/\/marthacifuentes.com\/portada\/con-pica-y-pala-moradores-de-pajarito-quieren-abrir-la-via-aguazul-sogamoso-en-la-granja-podria-ocurrir-tragedia-si-hay-deslizamientos-de-la-montana\/","og_locale":"es_ES","og_type":"article","og_title":"Con pica y pala, moradores de Pajarito, quieren abrir la v\u00eda Aguazul-Sogamoso en La Granja. Podr\u00eda ocurrir tragedia si hay deslizamientos de la monta\u00f1a. - \u25b7 Noticias de Casanare : Martha Cifuentes | Casanare","og_description":"La movilidad de la v\u00eda del Cusiana en el sector La Granja se complica no solo porque hasta el momento el Inv\u00edas y sus contratistas no han podido realizar una propuesta que permita la rehabilitaci\u00f3n de la carretera entre Aguazul y Sogamoso sino porque la comunidad afectada por el cierre desde el pasado 25 de &hellip;","og_url":"https:\/\/marthacifuentes.com\/portada\/con-pica-y-pala-moradores-de-pajarito-quieren-abrir-la-via-aguazul-sogamoso-en-la-granja-podria-ocurrir-tragedia-si-hay-deslizamientos-de-la-montana\/","og_site_name":"\u25b7 Noticias de Casanare : Martha Cifuentes | Casanare","article_published_time":"2022-05-05T15:56:41+00:00","og_image":[{"width":960,"height":720,"url":"https:\/\/marthacifuentes.com\/portada\/wp-content\/uploads\/2022\/05\/CON-PICO-Y-PALA-SE-QUIERE-ABRIR-VIA-DEL-CUSIAA.jpg","type":"image\/jpeg"}],"author":"Martha Cifuentes","twitter_card":"summary_large_image","twitter_misc":{"Escrito por":"Martha Cifuentes","Tiempo de lectura":"2 minutos"},"schema":{"@context":"https:\/\/schema.org","@graph":[{"@type":"WebPage","@id":"https:\/\/marthacifuentes.com\/portada\/con-pica-y-pala-moradores-de-pajarito-quieren-abrir-la-via-aguazul-sogamoso-en-la-granja-podria-ocurrir-tragedia-si-hay-deslizamientos-de-la-montana\/","url":"https:\/\/marthacifuentes.com\/portada\/con-pica-y-pala-moradores-de-pajarito-quieren-abrir-la-via-aguazul-sogamoso-en-la-granja-podria-ocurrir-tragedia-si-hay-deslizamientos-de-la-montana\/","name":"Con pica y pala, moradores de Pajarito, quieren abrir la v\u00eda Aguazul-Sogamoso en La Granja. Podr\u00eda ocurrir tragedia si hay deslizamientos de la monta\u00f1a. - \u25b7 Noticias de Casanare : Martha Cifuentes | Casanare","isPartOf":{"@id":"https:\/\/marthacifuentes.com\/portada\/#website"},"primaryImageOfPage":{"@id":"https:\/\/marthacifuentes.com\/portada\/con-pica-y-pala-moradores-de-pajarito-quieren-abrir-la-via-aguazul-sogamoso-en-la-granja-podria-ocurrir-tragedia-si-hay-deslizamientos-de-la-montana\/#primaryimage"},"image":{"@id":"https:\/\/marthacifuentes.com\/portada\/con-pica-y-pala-moradores-de-pajarito-quieren-abrir-la-via-aguazul-sogamoso-en-la-granja-podria-ocurrir-tragedia-si-hay-deslizamientos-de-la-montana\/#primaryimage"},"thumbnailUrl":"https:\/\/marthacifuentes.com\/portada\/wp-content\/uploads\/2022\/05\/CON-PICO-Y-PALA-SE-QUIERE-ABRIR-VIA-DEL-CUSIAA.jpg","datePublished":"2022-05-05T15:56:41+00:00","author":{"@id":"https:\/\/marthacifuentes.com\/portada\/#\/schema\/person\/57f53174b991db5f90ff78d58502b714"},"breadcrumb":{"@id":"https:\/\/marthacifuentes.com\/portada\/con-pica-y-pala-moradores-de-pajarito-quieren-abrir-la-via-aguazul-sogamoso-en-la-granja-podria-ocurrir-tragedia-si-hay-deslizamientos-de-la-montana\/#breadcrumb"},"inLanguage":"es","potentialAction":[{"@type":"ReadAction","target":["https:\/\/marthacifuentes.com\/portada\/con-pica-y-pala-moradores-de-pajarito-quieren-abrir-la-via-aguazul-sogamoso-en-la-granja-podria-ocurrir-tragedia-si-hay-deslizamientos-de-la-montana\/"]}]},{"@type":"ImageObject","inLanguage":"es","@id":"https:\/\/marthacifuentes.com\/portada\/con-pica-y-pala-moradores-de-pajarito-quieren-abrir-la-via-aguazul-sogamoso-en-la-granja-podria-ocurrir-tragedia-si-hay-deslizamientos-de-la-montana\/#primaryimage","url":"https:\/\/marthacifuentes.com\/portada\/wp-content\/uploads\/2022\/05\/CON-PICO-Y-PALA-SE-QUIERE-ABRIR-VIA-DEL-CUSIAA.jpg","contentUrl":"https:\/\/marthacifuentes.com\/portada\/wp-content\/uploads\/2022\/05\/CON-PICO-Y-PALA-SE-QUIERE-ABRIR-VIA-DEL-CUSIAA.jpg","width":960,"height":720},{"@type":"BreadcrumbList","@id":"https:\/\/marthacifuentes.com\/portada\/con-pica-y-pala-moradores-de-pajarito-quieren-abrir-la-via-aguazul-sogamoso-en-la-granja-podria-ocurrir-tragedia-si-hay-deslizamientos-de-la-montana\/#breadcrumb","itemListElement":[{"@type":"ListItem","position":1,"name":"Portada","item":"https:\/\/marthacifuentes.com\/portada\/"},{"@type":"ListItem","position":2,"name":"Con pica y pala, moradores de Pajarito, quieren abrir la v\u00eda Aguazul-Sogamoso en La Granja. Podr\u00eda ocurrir tragedia si hay deslizamientos de la monta\u00f1a."}]},{"@type":"WebSite","@id":"https:\/\/marthacifuentes.com\/portada\/#website","url":"https:\/\/marthacifuentes.com\/portada\/","name":"\u25b7 Noticias de Casanare : Martha Cifuentes | Casanare","description":"Noticias &amp; Contenidos","potentialAction":[{"@type":"SearchAction","target":{"@type":"EntryPoint","urlTemplate":"https:\/\/marthacifuentes.com\/portada\/?s={search_term_string}"},"query-input":{"@type":"PropertyValueSpecification","valueRequired":true,"valueName":"search_term_string"}}],"inLanguage":"es"},{"@type":"Person","@id":"https:\/\/marthacifuentes.com\/portada\/#\/schema\/person\/57f53174b991db5f90ff78d58502b714","name":"Martha Cifuentes","image":{"@type":"ImageObject","inLanguage":"es","@id":"https:\/\/marthacifuentes.com\/portada\/#\/schema\/person\/image\/","url":"http:\/\/marthacifuentes.com\/portada\/wp-content\/uploads\/2018\/06\/avatar_user_2_1528838701-96x96.jpg","contentUrl":"http:\/\/marthacifuentes.com\/portada\/wp-content\/uploads\/2018\/06\/avatar_user_2_1528838701-96x96.jpg","caption":"Martha Cifuentes"},"sameAs":["http:\/\/www.marthacifuentes.com"],"url":"https:\/\/marthacifuentes.com\/portada\/author\/martha\/"}]}},"_links":{"self":[{"href":"https:\/\/marthacifuentes.com\/portada\/wp-json\/wp\/v2\/posts\/29011","targetHints":{"allow":["GET"]}}],"collection":[{"href":"https:\/\/marthacifuentes.com\/portada\/wp-json\/wp\/v2\/posts"}],"about":[{"href":"https:\/\/marthacifuentes.com\/portada\/wp-json\/wp\/v2\/types\/post"}],"author":[{"embeddable":true,"href":"https:\/\/marthacifuentes.com\/portada\/wp-json\/wp\/v2\/users\/2"}],"replies":[{"embeddable":true,"href":"https:\/\/marthacifuentes.com\/portada\/wp-json\/wp\/v2\/comments?post=29011"}],"version-history":[{"count":1,"href":"https:\/\/marthacifuentes.com\/portada\/wp-json\/wp\/v2\/posts\/29011\/revisions"}],"predecessor-version":[{"id":29020,"href":"https:\/\/marthacifuentes.com\/portada\/wp-json\/wp\/v2\/posts\/29011\/revisions\/29020"}],"wp:featuredmedia":[{"embeddable":true,"href":"https:\/\/marthacifuentes.com\/portada\/wp-json\/wp\/v2\/media\/29014"}],"wp:attachment":[{"href":"https:\/\/marthacifuentes.com\/portada\/wp-json\/wp\/v2\/media?parent=29011"}],"wp:term":[{"taxonomy":"category","embeddable":true,"href":"https:\/\/marthacifuentes.com\/portada\/wp-json\/wp\/v2\/categories?post=29011"},{"taxonomy":"post_tag","embeddable":true,"href":"https:\/\/marthacifuentes.com\/portada\/wp-json\/wp\/v2\/tags?post=29011"}],"curies":[{"name":"wp","href":"https:\/\/api.w.org\/{rel}","templated":true}]}}