{"id":29148,"date":"2022-05-19T16:50:47","date_gmt":"2022-05-19T21:50:47","guid":{"rendered":"https:\/\/marthacifuentes.com\/portada\/?p=29148"},"modified":"2022-05-19T16:50:47","modified_gmt":"2022-05-19T21:50:47","slug":"alcalde-de-yopal-reconocio-fallas-en-manejo-de-finanzas-en-la-alcaldia-culpo-a-antecesores","status":"publish","type":"post","link":"https:\/\/marthacifuentes.com\/portada\/alcalde-de-yopal-reconocio-fallas-en-manejo-de-finanzas-en-la-alcaldia-culpo-a-antecesores\/","title":{"rendered":"Alcalde de Yopal reconoci\u00f3 fallas en manejo de finanzas en la Alcald\u00eda. Culp\u00f3 a antecesores."},"content":{"rendered":"<p style=\"text-align: justify;\">Aunque al alcalde de Yopal Luis Eduardo Castro le haya generado malestar que se hubiera afirmado, con base en un informe de auditor\u00eda emanado de la Contralor\u00eda Departamental de Casanare, que la Alcald\u00eda se raj\u00f3 en manejos contables y fiscales, vigencia 2021, reconoci\u00f3 que efectivamente el organismo de control tiene una opini\u00f3n negativa sobre el balance de finanzas municipal. Se acept\u00f3 que hay incoherencia en los datos financieros.<\/p>\n<p style=\"text-align: justify;\">Junto con su equipo de la Secretar\u00eda de Hacienda, se confirm\u00f3 que los estados financieros presentan inconvenientes debido al sistema de informaci\u00f3n que estaba obsoleto y que colaps\u00f3 en 2019, cuando incluso se tuvo que alimentar de manera manual. Igualmente se agreg\u00f3 que no se tienen los registros de contribuyentes de 2019 y 2020, porque hab\u00eda sido contratado un software en la administraci\u00f3n anterior y el operador no entreg\u00f3 los datos organizados.<\/p>\n<p style=\"text-align: justify;\">Por todo lo anterior, se ha generado la incoherencia en los datos, como lo indica la Contralor\u00eda en su informe de auditor\u00eda. La actual Administraci\u00f3n se demor\u00f3 18 meses en reformar el sistema de informaci\u00f3n y lo faltante se est\u00e1 subsanando mediante varias estrategias, como la solicitud de reportes a los agentes retenedores, explic\u00f3 el secretario de Hacienda Mauricio Moreno.<\/p>\n<p style=\"text-align: justify;\">Sobre el presupuestal de 2021, indic\u00f3 que no son 10 mil 159 millones de pesos como se refleja en el informe, sino de 4 mil 863 millones (de acuerdo con el cierre fiscal), el cual es mucho menor que el que ven\u00eda presentando en el Municipio desde los a\u00f1os 2014 al 2018. Adem\u00e1s, se debe tener en cuenta la gran afectaci\u00f3n financiera que signific\u00f3 la pandemia por COVID-19, lo cual a\u00fan se est\u00e1 reflejando en el recaudo de impuestos.<\/p>\n<p><strong><a href=\"https:\/\/marthacifuentes.com\/portada\/wp-content\/uploads\/2022\/05\/Informe-auditoria-y-gestion-a-la-alcaldia-de-Yopal_0001-2.pdf\">Informe auditoria y gesti\u00f3n a la Alcald\u00eda de Yopal<\/a><\/strong><\/p>\n<h2><strong>Otras noticias&#8230;<\/strong><\/h2>\n<blockquote class=\"wp-embedded-content\" data-secret=\"zm1o4gyL1Z\"><p><a href=\"https:\/\/marthacifuentes.com\/portada\/2022\/05\/19\/invierno-causa-inundaciones-vendavales-deslizamientos-tormentas-electricas-y-socavaciones-en-casanare\/\">Invierno causa inundaciones, vendavales, deslizamientos, tormentas el\u00e9ctricas y socavaciones en Casanare<\/a><\/p><\/blockquote>\n<p><iframe loading=\"lazy\" class=\"wp-embedded-content\" sandbox=\"allow-scripts\" security=\"restricted\" style=\"position: absolute; clip: rect(1px, 1px, 1px, 1px);\" title=\"\u00abInvierno causa inundaciones, vendavales, deslizamientos, tormentas el\u00e9ctricas y socavaciones en Casanare\u00bb \u2014 \u25b7 Noticias de Casanare : Martha Cifuentes | Casanare\" src=\"https:\/\/marthacifuentes.com\/portada\/2022\/05\/19\/invierno-causa-inundaciones-vendavales-deslizamientos-tormentas-electricas-y-socavaciones-en-casanare\/embed\/#?secret=3YFK3TNlun#?secret=zm1o4gyL1Z\" data-secret=\"zm1o4gyL1Z\" width=\"500\" height=\"282\" frameborder=\"0\" marginwidth=\"0\" marginheight=\"0\" scrolling=\"no\"><\/iframe><\/p>\n<p><iframe loading=\"lazy\" class=\"wp-embedded-content\" title=\"\u00abCasanare, departamento con mayores sancionados por detrimentos patrimoniales por corrupci\u00f3n\u00bb \u2014 \u25b7 Noticias de Casanare : Martha Cifuentes | Casanare\" src=\"https:\/\/marthacifuentes.com\/portada\/2022\/05\/18\/casanare-departamento-con-mayores-sancionados-por-detrimentos-patrimoniales-por-corrupcion\/embed\/#?secret=s16PN5Emq5#?secret=aIuVkGtyuf\" width=\"600\" height=\"621\" frameborder=\"0\" marginwidth=\"0\" marginheight=\"0\" scrolling=\"no\" sandbox=\"allow-scripts\" data-secret=\"aIuVkGtyuf\" data-mce-fragment=\"1\"><\/iframe><\/p>\n<p><iframe loading=\"lazy\" class=\"wp-embedded-content\" title=\"\u00abContralor\u00eda de Casanare en auditor\u00eda \u201craj\u00f3\u201d a la Alcald\u00eda de Yopal en manejos contables y fiscales.\u00bb \u2014 \u25b7 Noticias de Casanare : Martha Cifuentes | Casanare\" src=\"https:\/\/marthacifuentes.com\/portada\/2022\/05\/18\/contraloria-de-casanare-en-auditoria-rajo-a-la-alcaldia-de-yopal-en-manejos-contables-y-fiscales\/embed\/#?secret=nsfJjHPrvk#?secret=Gz70plpViu\" width=\"600\" height=\"621\" frameborder=\"0\" marginwidth=\"0\" marginheight=\"0\" scrolling=\"no\" sandbox=\"allow-scripts\" data-secret=\"Gz70plpViu\" data-mce-fragment=\"1\"><\/iframe><\/p>\n<p><iframe loading=\"lazy\" class=\"wp-embedded-content\" title=\"\u00abV\u00eda del Cusiana abierta en Las Lajas, cerrada en La Granja y carreteras alternas mal usadas\u00bb \u2014 \u25b7 Noticias de Casanare : Martha Cifuentes | Casanare\" src=\"https:\/\/marthacifuentes.com\/portada\/2022\/05\/17\/via-del-cusiana-abierta-en-las-lajas-cerrada-en-la-granja-y-carreteras-alternas-mal-usadas\/embed\/#?secret=DAqIn0C7Uo#?secret=WqDW5ORJPl\" width=\"600\" height=\"600\" frameborder=\"0\" marginwidth=\"0\" marginheight=\"0\" scrolling=\"no\" sandbox=\"allow-scripts\" data-secret=\"WqDW5ORJPl\" data-mce-fragment=\"1\"><\/iframe><\/p>\n<p><iframe loading=\"lazy\" class=\"wp-embedded-content\" title=\"\u00abJoven promesa del f\u00fatbol casanare\u00f1o requiere urgente operaci\u00f3n de ligamentos avaluada en $12 millones\u00bb \u2014 \u25b7 Noticias de Casanare : Martha Cifuentes | Casanare\" src=\"https:\/\/marthacifuentes.com\/portada\/2022\/05\/17\/joven-promesa-del-futbol-casanareno-requiere-urgente-operacion-de-ligamentos-avaluada-en-12-millones\/embed\/#?secret=y3s0RMzXLf#?secret=pCbW1Qd2CO\" width=\"600\" height=\"596\" frameborder=\"0\" marginwidth=\"0\" marginheight=\"0\" scrolling=\"no\" sandbox=\"allow-scripts\" data-secret=\"pCbW1Qd2CO\" data-mce-fragment=\"1\"><\/iframe><\/p>\n<p><iframe loading=\"lazy\" class=\"wp-embedded-content\" title=\"\u00abFamiliares dudan que ganadero manice\u00f1o se haya suicidado en su apartamento en Yopal\u00bb \u2014 \u25b7 Noticias de Casanare : Martha Cifuentes | Casanare\" src=\"https:\/\/marthacifuentes.com\/portada\/2022\/05\/17\/familiares-dudan-que-ganadero-maniceno-se-haya-suicidado-en-su-apartamento-en-yopal\/embed\/#?secret=tt89PMaStz#?secret=USHVGjEomo\" width=\"600\" height=\"621\" frameborder=\"0\" marginwidth=\"0\" marginheight=\"0\" scrolling=\"no\" sandbox=\"allow-scripts\" data-secret=\"USHVGjEomo\" data-mce-fragment=\"1\"><\/iframe><\/p>\n<p><iframe loading=\"lazy\" class=\"wp-embedded-content\" title=\"\u00abNo se ha finalizado v\u00eda Villao-Yopal y ya se tienen 5 peajes construidos o en cierne\u00bb \u2014 \u25b7 Noticias de Casanare : Martha Cifuentes | Casanare\" src=\"https:\/\/marthacifuentes.com\/portada\/2022\/05\/17\/no-se-ha-finalizado-via-villao-yopal-y-ya-se-tienen-5-peajes-construidos-o-en-cierne\/embed\/#?secret=EfxD8GaMho#?secret=lFsranFvuC\" width=\"600\" height=\"621\" frameborder=\"0\" marginwidth=\"0\" marginheight=\"0\" scrolling=\"no\" sandbox=\"allow-scripts\" data-secret=\"lFsranFvuC\" data-mce-fragment=\"1\"><\/iframe><\/p>\n<p><iframe loading=\"lazy\" class=\"wp-embedded-content\" title=\"\u00abTrabajadores reclaman derechos laborales al HORO \u00bfQu\u00e9 pas\u00f3 con el reconocimiento a los h\u00e9roes de la pandemia?\u00bb \u2014 \u25b7 Noticias de Casanare : Martha Cifuentes | Casanare\" src=\"https:\/\/marthacifuentes.com\/portada\/2022\/05\/17\/trabajadores-reclaman-derechos-laborales-al-horo-que-paso-con-el-reconocimiento-a-los-heroes-de-la-pandemia\/embed\/#?secret=XDI0u2qgez#?secret=oY1r9sJSQ5\" width=\"600\" height=\"641\" frameborder=\"0\" marginwidth=\"0\" marginheight=\"0\" scrolling=\"no\" sandbox=\"allow-scripts\" data-secret=\"oY1r9sJSQ5\" data-mce-fragment=\"1\"><\/iframe><\/p>\n<p><iframe loading=\"lazy\" class=\"wp-embedded-content\" title=\"\u00abColombia Profunda: los candidatos responden al pa\u00eds, a trav\u00e9s de la alianza de medios m\u00e1s grande para unas elecciones presidenciales\u00a0\u00a0\u00bb \u2014 \u25b7 Noticias de Casanare : Martha Cifuentes | Casanare\" src=\"https:\/\/marthacifuentes.com\/portada\/2022\/05\/13\/colombia-profunda-los-candidatos-responden-al-pais-a-traves-de-la-alianza-de-medios-mas-grande-para-unas-elecciones-presidenciales\/embed\/#?secret=iAFAxny0KO#?secret=cZwzqf485y\" width=\"600\" height=\"628\" frameborder=\"0\" marginwidth=\"0\" marginheight=\"0\" scrolling=\"no\" sandbox=\"allow-scripts\" data-secret=\"cZwzqf485y\" data-mce-fragment=\"1\"><\/iframe><\/p>\n<p><iframe loading=\"lazy\" class=\"wp-embedded-content\" title=\"\u00abPor 2a. vez se frustra visita de candidato a la presidencia Gustavo Petro del Pacto Hist\u00f3rico a Yopal. Temas m\u00e9dicos, la excusa.\u00bb \u2014 \u25b7 Noticias de Casanare : Martha Cifuentes | Casanare\" src=\"https:\/\/marthacifuentes.com\/portada\/2022\/05\/13\/por-2a-vez-se-frustra-visita-de-candidato-a-la-presidencia-gustavo-petro-del-pacto-historico-a-yopal-temas-medicos-la-excusa\/embed\/#?secret=TEGciztBOk#?secret=YJzz68Vdw1\" width=\"600\" height=\"604\" frameborder=\"0\" marginwidth=\"0\" marginheight=\"0\" scrolling=\"no\" sandbox=\"allow-scripts\" data-secret=\"YJzz68Vdw1\" data-mce-fragment=\"1\"><\/iframe><\/p>\n<p><iframe loading=\"lazy\" class=\"wp-embedded-content\" title=\"\u00abA 6 a\u00f1os de prisi\u00f3n, agresor de su propia mam\u00e1 de 70 a\u00f1os de Paz de Ariporo, Casanare.\u00bb \u2014 \u25b7 Noticias de Casanare : Martha Cifuentes | Casanare\" src=\"https:\/\/marthacifuentes.com\/portada\/2022\/05\/10\/29087\/embed\/#?secret=A9q0wL09jX#?secret=RBiIYNSefi\" width=\"600\" height=\"570\" frameborder=\"0\" marginwidth=\"0\" marginheight=\"0\" scrolling=\"no\" sandbox=\"allow-scripts\" data-secret=\"RBiIYNSefi\" data-mce-fragment=\"1\"><\/iframe><\/p>\n<p><iframe loading=\"lazy\" class=\"wp-embedded-content\" title=\"\u00abAdulta mayor de 70 a\u00f1os teme ser v\u00edctima de feminicidio a manos de su propio hijo en Casanare. Justicia la obliga a que debe vivir con \u00e9l.\u00bb \u2014 \u25b7 Noticias de Casanare : Martha Cifuentes | Casanare\" src=\"https:\/\/marthacifuentes.com\/portada\/2022\/02\/06\/adulta-mayor-de-70-anos-teme-ser-victima-de-feminicidio-a-manos-de-su-propio-hijo-en-casanare-justicia-la-obliga-a-que-debe-vivir-con-el\/embed\/#?secret=Co6qOIUtsy#?secret=NVU3Gro0ui\" width=\"600\" height=\"628\" frameborder=\"0\" marginwidth=\"0\" marginheight=\"0\" scrolling=\"no\" sandbox=\"allow-scripts\" data-secret=\"NVU3Gro0ui\" data-mce-fragment=\"1\"><\/iframe><\/p>\n<h2><\/h2>\n<p><iframe loading=\"lazy\" class=\"wp-embedded-content\" title=\"\u00abA la c\u00e1rcel recapturado presunto ladr\u00f3n alias \u00abchinga mala\u00bb de Yopal, quien se hab\u00eda fugado de carceleta de la polic\u00eda\u00bb \u2014 \u25b7 Noticias de Casanare : Martha Cifuentes | Casanare\" src=\"https:\/\/marthacifuentes.com\/portada\/2022\/05\/10\/a-la-carcel-recapturado-presunto-ladron-alias-chinga-mala-de-yopal-quien-se-habia-fugado-de-carceleta-de-la-policia\/embed\/#?secret=NbzFfvysZO#?secret=Z7rkT2Crbm\" width=\"600\" height=\"628\" frameborder=\"0\" marginwidth=\"0\" marginheight=\"0\" scrolling=\"no\" sandbox=\"allow-scripts\" data-secret=\"Z7rkT2Crbm\" data-mce-fragment=\"1\"><\/iframe><\/p>\n<p><iframe loading=\"lazy\" class=\"wp-embedded-content\" title=\"\u00abCrisis de la v\u00eda del Cusiana afecta distribuci\u00f3n de gas propano, de Cupiagua, Casanare, para el mercado nacional\u00bb \u2014 \u25b7 Noticias de Casanare : Martha Cifuentes | Casanare\" src=\"https:\/\/marthacifuentes.com\/portada\/2022\/05\/10\/crisis-de-la-via-del-cusiana-afecta-distribucion-de-gas-propano-de-cupiagua-casanare-para-el-mercado-nacional\/embed\/#?secret=pcXGx1BdNP#?secret=XPFopiJvrU\" width=\"600\" height=\"649\" frameborder=\"0\" marginwidth=\"0\" marginheight=\"0\" scrolling=\"no\" sandbox=\"allow-scripts\" data-secret=\"XPFopiJvrU\" data-mce-fragment=\"1\"><\/iframe><\/p>\n<p><iframe loading=\"lazy\" class=\"wp-embedded-content\" title=\"\u00abACP presenta oscuro panorama para Colombia si no hay exploraci\u00f3n y explotaci\u00f3n petrolera\u00bb \u2014 \u25b7 Noticias de Casanare : Martha Cifuentes | Casanare\" src=\"https:\/\/marthacifuentes.com\/portada\/2022\/05\/10\/acp-presenta-oscuro-panorama-para-colombia-si-no-hay-exploracion-y-explotacion-petrolera\/embed\/#?secret=J3ZqwqY7pM#?secret=ow1g44BrvY\" width=\"600\" height=\"621\" frameborder=\"0\" marginwidth=\"0\" marginheight=\"0\" scrolling=\"no\" sandbox=\"allow-scripts\" data-secret=\"ow1g44BrvY\" data-mce-fragment=\"1\"><\/iframe><\/p>\n<p><iframe loading=\"lazy\" class=\"wp-embedded-content\" title=\"\u00abACP presenta oscuro panorama para Colombia si no hay exploraci\u00f3n y explotaci\u00f3n petrolera\u00bb \u2014 \u25b7 Noticias de Casanare : Martha Cifuentes | Casanare\" src=\"https:\/\/marthacifuentes.com\/portada\/2022\/05\/10\/acp-presenta-oscuro-panorama-para-colombia-si-no-hay-exploracion-y-explotacion-petrolera\/embed\/#?secret=gPVaL91X7O#?secret=vALy5pkSo9\" width=\"600\" height=\"621\" frameborder=\"0\" marginwidth=\"0\" marginheight=\"0\" scrolling=\"no\" sandbox=\"allow-scripts\" data-secret=\"vALy5pkSo9\" data-mce-fragment=\"1\"><\/iframe><\/p>\n<p><iframe loading=\"lazy\" class=\"wp-embedded-content\" title=\"\u00abGobernaci\u00f3n de Casanare luego de 15 d\u00edas de cierre de v\u00eda del Cusiana, lanza SOS al gobierno nacional\u00bb \u2014 \u25b7 Noticias de Casanare : Martha Cifuentes | Casanare\" src=\"https:\/\/marthacifuentes.com\/portada\/2022\/05\/10\/gobernacion-de-casanare-luego-de-15-dias-de-cierre-de-via-del-cusiana-lanza-sos-al-gobierno-nacional\/embed\/#?secret=xiy8xEaoie#?secret=gRlOONSyFc\" width=\"600\" height=\"599\" frameborder=\"0\" marginwidth=\"0\" marginheight=\"0\" scrolling=\"no\" sandbox=\"allow-scripts\" data-secret=\"gRlOONSyFc\" data-mce-fragment=\"1\"><\/iframe><\/p>\n<p><iframe loading=\"lazy\" class=\"wp-embedded-content\" title=\"\u00abCiudadanos de Yopal proponen cambio en la c\u00fapula de la Polic\u00eda Casanare. Departamento tomado por la delincuencia\u00bb \u2014 \u25b7 Noticias de Casanare : Martha Cifuentes | Casanare\" src=\"https:\/\/marthacifuentes.com\/portada\/2022\/05\/09\/ciudadanos-de-yopal-proponen-cambio-en-la-cupula-de-la-policia-casanare-departamento-tomado-por-la-delincuencia\/embed\/#?secret=M0p4zOWuiH#?secret=ikXtVq7A2q\" width=\"600\" height=\"628\" frameborder=\"0\" marginwidth=\"0\" marginheight=\"0\" scrolling=\"no\" sandbox=\"allow-scripts\" data-secret=\"ikXtVq7A2q\" data-mce-fragment=\"1\"><\/iframe><\/p>\n<p><iframe loading=\"lazy\" class=\"wp-embedded-content\" title=\"\u00abMonta\u00f1as que bordean v\u00eda entre Aguazul-Sogamoso, en riesgo de colapso por movimiento geol\u00f3gico. 15 km de la v\u00eda ser\u00eda afectada.\u00bb \u2014 \u25b7 Noticias de Casanare : Martha Cifuentes | Casanare\" src=\"https:\/\/marthacifuentes.com\/portada\/2022\/05\/09\/montanas-que-bordean-via-entre-aguazul-sogamoso-en-riesgo-de-colapso-por-movimiento-geologico-15-km-de-la-via-seria-afectada\/embed\/#?secret=hiAlcMtk3h#?secret=67OVuVOFoC\" width=\"600\" height=\"628\" frameborder=\"0\" marginwidth=\"0\" marginheight=\"0\" scrolling=\"no\" sandbox=\"allow-scripts\" data-secret=\"67OVuVOFoC\" data-mce-fragment=\"1\"><\/iframe><\/p>\n<p><iframe loading=\"lazy\" class=\"wp-embedded-content\" title=\"\u00abPor nuevos mantenimientos varios municipios no tendr\u00e1n energ\u00eda esta semana\u00bb \u2014 \u25b7 Noticias de Casanare : Martha Cifuentes | Casanare\" src=\"https:\/\/marthacifuentes.com\/portada\/2022\/05\/09\/por-nuevos-mantenimientos-varios-municipios-no-tendran-energia-esta-semana\/embed\/#?secret=loR5xcDjNM#?secret=09ex2kJEwE\" width=\"600\" height=\"621\" frameborder=\"0\" marginwidth=\"0\" marginheight=\"0\" scrolling=\"no\" sandbox=\"allow-scripts\" data-secret=\"09ex2kJEwE\" data-mce-fragment=\"1\"><\/iframe><\/p>\n<p><iframe loading=\"lazy\" class=\"wp-embedded-content\" title=\"\u00abLa Polic\u00eda Casanare captura delincuentes, pero estos se fugan de las carceletas, no aptas para internarlo.\u00bb \u2014 \u25b7 Noticias de Casanare : Martha Cifuentes | Casanare\" src=\"https:\/\/marthacifuentes.com\/portada\/2022\/05\/09\/la-policia-casanare-captura-delincuentes-pero-estos-se-fugan-de-las-carceletas-no-aptas-para-internarlo\/embed\/#?secret=xbgTIXU2Xa#?secret=gBi3K8VCvY\" width=\"600\" height=\"599\" frameborder=\"0\" marginwidth=\"0\" marginheight=\"0\" scrolling=\"no\" sandbox=\"allow-scripts\" data-secret=\"gBi3K8VCvY\" data-mce-fragment=\"1\"><\/iframe><\/p>\n<p><iframe loading=\"lazy\" class=\"wp-embedded-content\" title=\"\u00abCapturada banda de ladrones de motos \u201cLos Skooters\u201d en Yopal, compuesta por \u201cTuerto\u201d, \u201cHuevo frito\u201d, \u201cChim\u00fa\u201d y \u201cVega\u201d.\u00bb \u2014 \u25b7 Noticias de Casanare : Martha Cifuentes | Casanare\" src=\"https:\/\/marthacifuentes.com\/portada\/2022\/05\/06\/capturada-banda-de-ladrones-de-motos-los-skooters-en-yopal-compuesta-por-tuerto-huevo-frito-chimu-y-vega\/embed\/#?secret=vYb75FkGCK#?secret=r3Sw4DZ5kY\" width=\"600\" height=\"649\" frameborder=\"0\" marginwidth=\"0\" marginheight=\"0\" scrolling=\"no\" sandbox=\"allow-scripts\" data-secret=\"r3Sw4DZ5kY\" data-mce-fragment=\"1\"><\/iframe><\/p>\n<p><iframe loading=\"lazy\" class=\"wp-embedded-content\" title=\"\u00abCapturado ladr\u00f3n, presunto implicado en robo donde menor result\u00f3 herido en Villaflor, Yopal\u00bb \u2014 \u25b7 Noticias de Casanare : Martha Cifuentes | Casanare\" src=\"https:\/\/marthacifuentes.com\/portada\/2022\/05\/06\/capturado-ladron-presunto-implicado-en-robo-donde-menor-resulto-herido-en-villaflor-yopal\/embed\/#?secret=JsBzq7FeON#?secret=PXb8BRuKPd\" width=\"600\" height=\"573\" frameborder=\"0\" marginwidth=\"0\" marginheight=\"0\" scrolling=\"no\" sandbox=\"allow-scripts\" data-secret=\"PXb8BRuKPd\" data-mce-fragment=\"1\"><\/iframe><\/p>\n<p><iframe loading=\"lazy\" class=\"wp-embedded-content\" title=\"\u00abFrancia M\u00e1rquez: Casanare debe pasar tener una econom\u00eda extractivista (petr\u00f3leo) a una agroindustrial\u00bb \u2014 \u25b7 Noticias de Casanare : Martha Cifuentes | Casanare\" src=\"https:\/\/marthacifuentes.com\/portada\/2022\/05\/06\/francia-marquez-casanare-debe-pasar-tener-una-economia-extractivista-petroleo-a-una-agroindustrial\/embed\/#?secret=VIeWt4svJt#?secret=n8GWqiHpyH\" width=\"600\" height=\"621\" frameborder=\"0\" marginwidth=\"0\" marginheight=\"0\" scrolling=\"no\" sandbox=\"allow-scripts\" data-secret=\"n8GWqiHpyH\" data-mce-fragment=\"1\"><\/iframe><\/p>\n<h2><\/h2>\n<p><iframe loading=\"lazy\" class=\"wp-embedded-content\" title=\"\u00abLamentable. Dos meses m\u00e1s de cierre en la v\u00eda del Cusiana\u00bb \u2014 \u25b7 Noticias de Casanare : Martha Cifuentes | Casanare\" src=\"https:\/\/marthacifuentes.com\/portada\/2022\/05\/06\/lamentable-dos-meses-mas-de-cierre-en-la-via-del-cusiana\/embed\/#?secret=5a8RmTEQut#?secret=L1j1nawP6I\" width=\"600\" height=\"600\" frameborder=\"0\" marginwidth=\"0\" marginheight=\"0\" scrolling=\"no\" sandbox=\"allow-scripts\" data-secret=\"L1j1nawP6I\" data-mce-fragment=\"1\"><\/iframe><\/p>\n<p><iframe loading=\"lazy\" class=\"wp-embedded-content\" title=\"\u00abPor raticos, le llevan la energ\u00eda a municipios del sur de Casanare afectados por da\u00f1o en subestaci\u00f3n\u00bb \u2014 \u25b7 Noticias de Casanare : Martha Cifuentes | Casanare\" src=\"https:\/\/marthacifuentes.com\/portada\/2022\/05\/06\/por-raticos-le-llevan-la-energia-a-municipios-del-sur-de-casanare-afectados-por-dano-en-subestacion\/embed\/#?secret=iVQYAc4Qwl#?secret=2BOA9j1NjT\" width=\"600\" height=\"621\" frameborder=\"0\" marginwidth=\"0\" marginheight=\"0\" scrolling=\"no\" sandbox=\"allow-scripts\" data-secret=\"2BOA9j1NjT\" data-mce-fragment=\"1\"><\/iframe><\/p>\n<p><iframe loading=\"lazy\" class=\"wp-embedded-content\" title=\"\u00abSalom\u00f3n y Amanda \u00bfreconciliados?\u00bb \u2014 \u25b7 Noticias de Casanare : Martha Cifuentes | Casanare\" src=\"https:\/\/marthacifuentes.com\/portada\/2022\/05\/06\/salomon-y-amanda-reconciliados\/embed\/#?secret=ncBPEUX2oS#?secret=1BYVRuyZ5K\" width=\"600\" height=\"592\" frameborder=\"0\" marginwidth=\"0\" marginheight=\"0\" scrolling=\"no\" sandbox=\"allow-scripts\" data-secret=\"1BYVRuyZ5K\" data-mce-fragment=\"1\"><\/iframe><\/p>\n<p><iframe loading=\"lazy\" class=\"wp-embedded-content\" title=\"\u00abComunidad del Tabl\u00f3n de T\u00e1mara sigue esperando su acueducto. Pr\u00f3xima semana reanudar\u00edan obras.\u00bb \u2014 \u25b7 Noticias de Casanare : Martha Cifuentes | Casanare\" src=\"https:\/\/marthacifuentes.com\/portada\/2022\/05\/05\/comunidad-del-tablon-de-tamara-sigue-esperando-su-acueducto-proxima-semana-reanudarian-obras\/embed\/#?secret=Bh19A9QBgc#?secret=mV3c7mDt1e\" width=\"600\" height=\"590\" frameborder=\"0\" marginwidth=\"0\" marginheight=\"0\" scrolling=\"no\" sandbox=\"allow-scripts\" data-secret=\"mV3c7mDt1e\" data-mce-fragment=\"1\"><\/iframe><\/p>\n<p><iframe loading=\"lazy\" class=\"wp-embedded-content\" title=\"\u00abCon pica y pala, moradores de Pajarito, quieren abrir la v\u00eda Aguazul-Sogamoso en La Granja. Podr\u00eda ocurrir tragedia si hay deslizamientos de la monta\u00f1a.\u00bb \u2014 \u25b7 Noticias de Casanare : Martha Cifuentes | Casanare\" src=\"https:\/\/marthacifuentes.com\/portada\/2022\/05\/05\/con-pica-y-pala-moradores-de-pajarito-quieren-abrir-la-via-aguazul-sogamoso-en-la-granja-podria-ocurrir-tragedia-si-hay-deslizamientos-de-la-montana\/embed\/#?secret=FTTfOgxK5Y#?secret=cE9UTVAmHo\" width=\"600\" height=\"628\" frameborder=\"0\" marginwidth=\"0\" marginheight=\"0\" scrolling=\"no\" sandbox=\"allow-scripts\" data-secret=\"cE9UTVAmHo\" data-mce-fragment=\"1\"><\/iframe><\/p>\n<p><iframe loading=\"lazy\" class=\"wp-embedded-content\" title=\"\u00abQuema de subestaci\u00f3n de energ\u00eda en Aguaclara, Sabanalarga, evidencia ca\u00f3tica situaci\u00f3n de Enerca\u00bb \u2014 \u25b7 Noticias de Casanare : Martha Cifuentes | Casanare\" src=\"https:\/\/marthacifuentes.com\/portada\/2022\/05\/05\/quema-de-subestacion-de-energia-en-aguaclara-sabanalarga-evidencia-caotica-situacion-de-enerca\/embed\/#?secret=oCqJhJXB2G#?secret=HA84rzLJ6d\" width=\"600\" height=\"553\" frameborder=\"0\" marginwidth=\"0\" marginheight=\"0\" scrolling=\"no\" sandbox=\"allow-scripts\" data-secret=\"HA84rzLJ6d\" data-mce-fragment=\"1\"><\/iframe><\/p>\n<p><iframe loading=\"lazy\" class=\"wp-embedded-content\" title=\"\u00abNi\u00f1as casanare\u00f1as van a la NASA de la mano de programa de rob\u00f3tica de la Sustenable Foundation\u00bb \u2014 \u25b7 Noticias de Casanare : Martha Cifuentes | Casanare\" src=\"https:\/\/marthacifuentes.com\/portada\/2022\/05\/04\/ninas-casanarenas-van-a-la-nasa-de-la-mano-de-programa-de-robotica-de-la-sustenable-foundation\/embed\/#?secret=It33Pgmg7G#?secret=7RcAAwLKqa\" width=\"600\" height=\"621\" frameborder=\"0\" marginwidth=\"0\" marginheight=\"0\" scrolling=\"no\" sandbox=\"allow-scripts\" data-secret=\"7RcAAwLKqa\" data-mce-fragment=\"1\"><\/iframe><\/p>\n<p><iframe loading=\"lazy\" class=\"wp-embedded-content\" title=\"\u00abSolo superando 40% de vacunaci\u00f3n de la 3a dosis contra el Covid-19, en Yopal, habitantes podr\u00e1n dejar de usar tapabocas en sitio cerrado.\u00bb \u2014 \u25b7 Noticias de Casanare : Martha Cifuentes | Casanare\" src=\"https:\/\/marthacifuentes.com\/portada\/2022\/05\/04\/solo-superando-40-de-vacunacion-de-la-3a-dosis-contra-el-covid-19-en-yopal-habitantes-podran-dejar-de-usar-tapabocas-en-sitio-cerrado\/embed\/#?secret=xuBgZS9ii1#?secret=wbRtZfNgXp\" width=\"600\" height=\"575\" frameborder=\"0\" marginwidth=\"0\" marginheight=\"0\" scrolling=\"no\" sandbox=\"allow-scripts\" data-secret=\"wbRtZfNgXp\" data-mce-fragment=\"1\"><\/iframe><\/p>\n<p><iframe loading=\"lazy\" class=\"wp-embedded-content\" title=\"\u00abLe lleg\u00f3 la mala racha a alias \u201cChingamala\u201d, redomado ladr\u00f3n y presunto homicida de Yopal. Juez lo envi\u00f3 a la c\u00e1rcel.\u00bb \u2014 \u25b7 Noticias de Casanare : Martha Cifuentes | Casanare\" src=\"https:\/\/marthacifuentes.com\/portada\/2022\/05\/04\/le-llego-la-mala-racha-a-alias-chingamala-redomado-ladron-y-presunto-homicida-de-yopal-juez-lo-envio-a-la-carcel\/embed\/#?secret=VNQ9GVQ8cA#?secret=EmE6gsEGVa\" width=\"600\" height=\"649\" frameborder=\"0\" marginwidth=\"0\" marginheight=\"0\" scrolling=\"no\" sandbox=\"allow-scripts\" data-secret=\"EmE6gsEGVa\" data-mce-fragment=\"1\"><\/iframe><\/p>\n<p><iframe loading=\"lazy\" class=\"wp-embedded-content\" title=\"\u00abAlcaldes y gobernadores s\u00ed pueden dar \u00f3rdenes a comandantes de polic\u00eda so pena de sanciones: Min Interior\u00bb \u2014 \u25b7 Noticias de Casanare : Martha Cifuentes | Casanare\" src=\"https:\/\/marthacifuentes.com\/portada\/2022\/05\/04\/alcaldes-y-gobernadores-si-pueden-dar-ordenes-a-comandantes-de-policia-so-pena-de-sanciones-min-interior\/embed\/#?secret=FujctHh4ym#?secret=VYPXZi4Uyc\" width=\"600\" height=\"649\" frameborder=\"0\" marginwidth=\"0\" marginheight=\"0\" scrolling=\"no\" sandbox=\"allow-scripts\" data-secret=\"VYPXZi4Uyc\" data-mce-fragment=\"1\"><\/iframe><\/p>\n<p><iframe loading=\"lazy\" class=\"wp-embedded-content\" title=\"\u00abPersonas con comparendos impuestos durante la pandemia pueden acogerse a descuento de 50% en Yopal\u00bb \u2014 \u25b7 Noticias de Casanare : Martha Cifuentes | Casanare\" src=\"https:\/\/marthacifuentes.com\/portada\/2022\/05\/04\/personas-con-comparendos-impuestos-durante-la-pandemia-pueden-acogerse-a-descuento-de-50-en-yopal\/embed\/#?secret=Ol211reR3m#?secret=9l6upraqaj\" width=\"600\" height=\"649\" frameborder=\"0\" marginwidth=\"0\" marginheight=\"0\" scrolling=\"no\" sandbox=\"allow-scripts\" data-secret=\"9l6upraqaj\" data-mce-fragment=\"1\"><\/iframe><\/p>\n<p><iframe loading=\"lazy\" class=\"wp-embedded-content\" title=\"\u00abLa Fazenda no tiene inter\u00e9s en Casalac o Casanare como anunci\u00f3 el gobernador Salom\u00f3n Sanabria\u00bb \u2014 \u25b7 Noticias de Casanare : Martha Cifuentes | Casanare\" src=\"https:\/\/marthacifuentes.com\/portada\/2022\/05\/04\/la-fazenda-no-tiene-interes-en-casalac-o-casanare-como-anuncio-el-gobernador-salomon-sanabria\/embed\/#?secret=gNZtXpBL9Q#?secret=7RVFWErDlG\" width=\"600\" height=\"621\" frameborder=\"0\" marginwidth=\"0\" marginheight=\"0\" scrolling=\"no\" sandbox=\"allow-scripts\" data-secret=\"7RVFWErDlG\" data-mce-fragment=\"1\"><\/iframe><\/p>\n<p><iframe loading=\"lazy\" class=\"wp-embedded-content\" title=\"\u00abDesalmados robaron m\u00e1quina de di\u00e1lisis a paciente renal de Villanueva, Casanare\u00bb \u2014 \u25b7 Noticias de Casanare : Martha Cifuentes | Casanare\" src=\"https:\/\/marthacifuentes.com\/portada\/2022\/05\/03\/desalmados-robaron-maquina-de-dialisis-a-paciente-renal-de-villanueva-casanare\/embed\/#?secret=HbFkqExKif#?secret=S6WwQzR7fT\" width=\"600\" height=\"621\" frameborder=\"0\" marginwidth=\"0\" marginheight=\"0\" scrolling=\"no\" sandbox=\"allow-scripts\" data-secret=\"S6WwQzR7fT\" data-mce-fragment=\"1\"><\/iframe><\/p>\n<p><iframe loading=\"lazy\" class=\"wp-embedded-content\" title=\"\u00abPanfleto de autodenominadas autodefensas gaitanistas asusta a poblaci\u00f3n de Villanueva, Casanare. Se ordena asistir a una reuni\u00f3n.\u00bb \u2014 \u25b7 Noticias de Casanare : Martha Cifuentes | Casanare\" src=\"https:\/\/marthacifuentes.com\/portada\/2022\/05\/03\/panfleto-de-autodenominadas-autodefensas-gaitanistas-asusta-a-poblacion-de-villanueva-casanare-se-ordena-asistir-a-una-reunion\/embed\/#?secret=1OVE1wokK5#?secret=8MPHpr8XcD\" width=\"600\" height=\"628\" frameborder=\"0\" marginwidth=\"0\" marginheight=\"0\" scrolling=\"no\" sandbox=\"allow-scripts\" data-secret=\"8MPHpr8XcD\" data-mce-fragment=\"1\"><\/iframe><\/p>\n<p><iframe loading=\"lazy\" class=\"wp-embedded-content\" title=\"\u00abNi\u00f1a de 13 a\u00f1os se mat\u00f3 en accidente bajando en bicicleta del cerro de La Virgen en Yopal\u00bb \u2014 \u25b7 Noticias de Casanare : Martha Cifuentes | Casanare\" src=\"https:\/\/marthacifuentes.com\/portada\/2022\/05\/03\/nina-de-13-anos-se-mato-en-accidente-bajando-en-bicicleta-del-cerro-de-la-virgen-en-yopal\/embed\/#?secret=fLFZPGWaaI#?secret=tcUikBaaLR\" width=\"600\" height=\"621\" frameborder=\"0\" marginwidth=\"0\" marginheight=\"0\" scrolling=\"no\" sandbox=\"allow-scripts\" data-secret=\"tcUikBaaLR\" data-mce-fragment=\"1\"><\/iframe><\/p>\n<p><iframe loading=\"lazy\" class=\"wp-embedded-content\" title=\"\u00ab46 a\u00f1os de prisi\u00f3n para 8 soldados que acribillaron a pareja campesina en Sabanalarga en 2009. Corte Suprema revoc\u00f3 fallo absolutorio de Tribunal de Yopal.\u00bb \u2014 \u25b7 Noticias de Casanare : Martha Cifuentes | Casanare\" src=\"https:\/\/marthacifuentes.com\/portada\/2022\/05\/03\/46-anos-de-prision-para-8-soldados-que-acribillaron-a-pareja-campesina-en-sabanalarga-en-2009-corte-suprema-revoco-fallo-absolutorio-de-tribunal-de-yopal\/embed\/#?secret=BKYstlIr0u#?secret=7ccx5QRnP6\" width=\"600\" height=\"628\" frameborder=\"0\" marginwidth=\"0\" marginheight=\"0\" scrolling=\"no\" sandbox=\"allow-scripts\" data-secret=\"7ccx5QRnP6\" data-mce-fragment=\"1\"><\/iframe><\/p>\n<p><iframe loading=\"lazy\" class=\"wp-embedded-content\" title=\"\u00abNuevamente l\u00edder social Miguel Daza de Aguazul fue capturado por el Ej\u00e9rcito\u00bb \u2014 \u25b7 Noticias de Casanare : Martha Cifuentes | Casanare\" src=\"https:\/\/marthacifuentes.com\/portada\/2022\/05\/03\/nuevamente-lider-social-miguel-daza-de-aguazul-fue-capturado-por-el-ejercito\/embed\/#?secret=7aKHOxpm5E#?secret=nmeVydkw8I\" width=\"600\" height=\"621\" frameborder=\"0\" marginwidth=\"0\" marginheight=\"0\" scrolling=\"no\" sandbox=\"allow-scripts\" data-secret=\"nmeVydkw8I\" data-mce-fragment=\"1\"><\/iframe><\/p>\n<p><iframe loading=\"lazy\" class=\"wp-embedded-content\" title=\"\u00abIncontrolable inseguridad en Yopal. Hombre herido en asalto de los de la moto Pulsar.\u00bb \u2014 \u25b7 Noticias de Casanare : Martha Cifuentes | Casanare\" src=\"https:\/\/marthacifuentes.com\/portada\/2022\/05\/03\/incontrolable-inseguridad-en-yopal-hombre-herido-en-asalto-de-los-de-la-moto-pulsar\/embed\/#?secret=jBWS1hgEvu#?secret=cIDVM9LNfd\" width=\"600\" height=\"555\" frameborder=\"0\" marginwidth=\"0\" marginheight=\"0\" scrolling=\"no\" sandbox=\"allow-scripts\" data-secret=\"cIDVM9LNfd\" data-mce-fragment=\"1\"><\/iframe><\/p>\n<p><iframe loading=\"lazy\" class=\"wp-embedded-content\" title=\"\u00abFindeter se lav\u00f3 las manos con el agua de Yopal. PTAP definitiva funcionar\u00e1 intermitente seg\u00fan crecidas del r\u00edo Cravo Sur.\u00bb \u2014 \u25b7 Noticias de Casanare : Martha Cifuentes | Casanare\" src=\"https:\/\/marthacifuentes.com\/portada\/2022\/05\/03\/findeter-se-lavo-las-manos-con-el-agua-de-yopal-ptap-definitiva-funcionara-intermitente-segun-crecidas-del-rio-cravo-sur\/embed\/#?secret=sP8XZy94s8#?secret=kUVwWxfvge\" width=\"600\" height=\"604\" frameborder=\"0\" marginwidth=\"0\" marginheight=\"0\" scrolling=\"no\" sandbox=\"allow-scripts\" data-secret=\"kUVwWxfvge\" data-mce-fragment=\"1\"><\/iframe><\/p>\n<p><iframe loading=\"lazy\" class=\"wp-embedded-content\" title=\"\u00abM\u00e1s muertos en las v\u00edas de Yopal.\u00bb \u2014 \u25b7 Noticias de Casanare : Martha Cifuentes | Casanare\" src=\"https:\/\/marthacifuentes.com\/portada\/2022\/05\/02\/mas-muertos-en-las-vias-de-yopal\/embed\/#?secret=jNQoT4TsHs#?secret=g6JKMfE8kt\" width=\"600\" height=\"584\" frameborder=\"0\" marginwidth=\"0\" marginheight=\"0\" scrolling=\"no\" sandbox=\"allow-scripts\" data-secret=\"g6JKMfE8kt\" data-mce-fragment=\"1\"><\/iframe><\/p>\n<p><iframe loading=\"lazy\" class=\"wp-embedded-content\" title=\"\u00abElectricista muri\u00f3 en accidente cuando se cay\u00f3 de un poste en San Marcos, Yopal\u00bb \u2014 \u25b7 Noticias de Casanare : Martha Cifuentes | Casanare\" src=\"https:\/\/marthacifuentes.com\/portada\/2022\/05\/02\/electricista-murio-en-accidente-cuando-se-cayo-de-un-poste-en-san-marcos-yopal\/embed\/#?secret=c7jEuMEjOb#?secret=8owxJn8ACF\" width=\"600\" height=\"592\" frameborder=\"0\" marginwidth=\"0\" marginheight=\"0\" scrolling=\"no\" sandbox=\"allow-scripts\" data-secret=\"8owxJn8ACF\" data-mce-fragment=\"1\"><\/iframe><\/p>\n<p><iframe loading=\"lazy\" class=\"wp-embedded-content\" title=\"\u00abAlias Otoniel vincul\u00f3 a exgobernadores, exdiputados, exalcaldes y empresarios de Casanare con el Clan del Golfo\u00bb \u2014 \u25b7 Noticias de Casanare : Martha Cifuentes | Casanare\" src=\"https:\/\/marthacifuentes.com\/portada\/2022\/05\/02\/alias-otoniel-vinculo-a-exgobernadores-exdiputados-exalcaldes-y-empresarios-de-casanare-con-el-clan-del-golfo\/embed\/#?secret=bJPOw9bc5r#?secret=bToY56xtar\" width=\"600\" height=\"642\" frameborder=\"0\" marginwidth=\"0\" marginheight=\"0\" scrolling=\"no\" sandbox=\"allow-scripts\" data-secret=\"bToY56xtar\" data-mce-fragment=\"1\"><\/iframe><\/p>\n<p><iframe loading=\"lazy\" class=\"wp-embedded-content\" title=\"\u00abIncierta apertura de la v\u00eda Aguazul-Sogamoso. Inv\u00edas muda y comunidad de Pajarito, atribulada\u00bb \u2014 \u25b7 Noticias de Casanare : Martha Cifuentes | Casanare\" src=\"https:\/\/marthacifuentes.com\/portada\/2022\/05\/02\/incierta-apertura-de-la-via-aguazul-sogamoso-invias-muda-y-comunidad-de-pajarito-atribulada\/embed\/#?secret=DuiOMJuFWR#?secret=OHvJq55v86\" width=\"600\" height=\"592\" frameborder=\"0\" marginwidth=\"0\" marginheight=\"0\" scrolling=\"no\" sandbox=\"allow-scripts\" data-secret=\"OHvJq55v86\" data-mce-fragment=\"1\"><\/iframe><\/p>\n<p><iframe loading=\"lazy\" class=\"wp-embedded-content\" title=\"\u00abGobiernos nacional y local no cumplieron con realizar el sistema de abastecimiento de agua potable de Yopal. Hay PTAP, inconclusa.\u00bb \u2014 \u25b7 Noticias de Casanare : Martha Cifuentes | Casanare\" src=\"https:\/\/marthacifuentes.com\/portada\/2022\/04\/29\/gobiernos-nacional-y-local-no-cumplieron-con-realizar-el-sistema-de-abastecimiento-de-agua-potable-de-yopal-hay-ptap-inconclusa\/embed\/#?secret=2V8ML6HkZK#?secret=Hpeq14z49X\" width=\"600\" height=\"626\" frameborder=\"0\" marginwidth=\"0\" marginheight=\"0\" scrolling=\"no\" sandbox=\"allow-scripts\" data-secret=\"Hpeq14z49X\" data-mce-fragment=\"1\"><\/iframe><\/p>\n<p><iframe loading=\"lazy\" class=\"wp-embedded-content\" title=\"\u00abLa llegada de La Fazenda a Casanare ya comienza a generar escozor. Porcicultores temen quiebra.\u00bb \u2014 \u25b7 Noticias de Casanare : Martha Cifuentes | Casanare\" src=\"https:\/\/marthacifuentes.com\/portada\/2022\/04\/29\/la-llegada-de-la-fazenda-a-casanare-ya-comienza-a-generar-escozor-porcicultores-temen-quiebra\/embed\/#?secret=Ftb5dSHuOU#?secret=qU9vzpT5Re\" width=\"600\" height=\"600\" frameborder=\"0\" marginwidth=\"0\" marginheight=\"0\" scrolling=\"no\" sandbox=\"allow-scripts\" data-secret=\"qU9vzpT5Re\" data-mce-fragment=\"1\"><\/iframe><\/p>\n<p><iframe loading=\"lazy\" class=\"wp-embedded-content\" title=\"\u00abBanda del Clan del Golfo que se quer\u00eda afincar en Hato Corozal fue desmantelada. En combates muri\u00f3 su cabecilla.\u00bb \u2014 \u25b7 Noticias de Casanare : Martha Cifuentes | Casanare\" src=\"https:\/\/marthacifuentes.com\/portada\/2022\/04\/29\/banda-del-clan-del-golfo-que-se-queria-afincar-en-hato-corozal-fue-desmantelada-en-combates-murio-su-cabecilla\/embed\/#?secret=zGEXZBq8cl#?secret=WdV499swfV\" width=\"600\" height=\"649\" frameborder=\"0\" marginwidth=\"0\" marginheight=\"0\" scrolling=\"no\" sandbox=\"allow-scripts\" data-secret=\"WdV499swfV\" data-mce-fragment=\"1\"><\/iframe><\/p>\n<p><iframe loading=\"lazy\" class=\"wp-embedded-content\" title=\"\u00abSabanalarga, Casanare, ofrece turismo de bienestar y tranquilidad con \u00abSabana al Viento\u00bb. C\u00e1mara de Comercio lo impulsa.\u00bb \u2014 \u25b7 Noticias de Casanare : Martha Cifuentes | Casanare\" src=\"https:\/\/marthacifuentes.com\/portada\/2022\/04\/28\/sabanalarga-casanare-ofrece-turismo-de-bienestar-y-tranquilidad-con-sabana-al-viento-camara-de-comercio-lo-impulsa\/embed\/#?secret=wXbhQ8kgfL#?secret=Ec6rt5bJGO\" width=\"600\" height=\"649\" frameborder=\"0\" marginwidth=\"0\" marginheight=\"0\" scrolling=\"no\" sandbox=\"allow-scripts\" data-secret=\"Ec6rt5bJGO\" data-mce-fragment=\"1\"><\/iframe><\/p>\n<p><iframe loading=\"lazy\" class=\"wp-embedded-content\" title=\"\u00abA paso de tortuga va la titulaci\u00f3n de al menos 9 mil predios bald\u00edos en Casanare, que afecta a poseedores y finanzas p\u00fablicas.\u00bb \u2014 \u25b7 Noticias de Casanare : Martha Cifuentes | Casanare\" src=\"https:\/\/marthacifuentes.com\/portada\/2022\/04\/25\/a-paso-de-tortuga-va-la-titulacion-de-al-menos-9-mil-predios-baldios-en-casanare-que-afecta-a-poseedores-y-finanzas-publicas\/embed\/#?secret=8RRM5VBOsf#?secret=3nzAHWr20M\" width=\"600\" height=\"649\" frameborder=\"0\" marginwidth=\"0\" marginheight=\"0\" scrolling=\"no\" sandbox=\"allow-scripts\" data-secret=\"3nzAHWr20M\" data-mce-fragment=\"1\"><\/iframe><\/p>\n<p><iframe loading=\"lazy\" class=\"wp-embedded-content\" title=\"\u00abPlanta de Tratamiento de Agua Potable de Yopal en prueba, debi\u00f3 ser apagada por da\u00f1o ocasionado por arremetida de r\u00edo Cravo Sur.\u00bb \u2014 \u25b7 Noticias de Casanare : Martha Cifuentes | Casanare\" src=\"https:\/\/marthacifuentes.com\/portada\/2022\/04\/25\/planta-de-tratamiento-de-agua-potable-de-yopal-en-prueba-debio-ser-apagada-por-dano-ocasionado-por-arremetida-de-rio-cravo-sur\/embed\/#?secret=1jrPQuiys3#?secret=eIhrlQiV7e\" width=\"600\" height=\"647\" frameborder=\"0\" marginwidth=\"0\" marginheight=\"0\" scrolling=\"no\" sandbox=\"allow-scripts\" data-secret=\"eIhrlQiV7e\" data-mce-fragment=\"1\"><\/iframe><\/p>\n<p><iframe loading=\"lazy\" class=\"wp-embedded-content\" title=\"\u00abEmpresas Parex y Celsia, inauguraron primera granja de energ\u00eda solar en Casanare\u00bb \u2014 \u25b7 Noticias de Casanare : Martha Cifuentes | Casanare\" src=\"https:\/\/marthacifuentes.com\/portada\/2022\/04\/22\/empresas-parex-y-celsia-inauguraron-primera-granja-de-energia-solar-en-casanare\/embed\/#?secret=PFfO6ZknMt#?secret=04WnAOzLU3\" width=\"600\" height=\"621\" frameborder=\"0\" marginwidth=\"0\" marginheight=\"0\" scrolling=\"no\" sandbox=\"allow-scripts\" data-secret=\"04WnAOzLU3\" data-mce-fragment=\"1\"><\/iframe><\/p>\n<p>&nbsp;<\/p>\n<p>&nbsp;<\/p>\n","protected":false},"excerpt":{"rendered":"<p>Aunque al alcalde de Yopal Luis Eduardo Castro le haya generado malestar que se hubiera afirmado, con base en un informe de auditor\u00eda emanado de la Contralor\u00eda Departamental de Casanare, que la Alcald\u00eda se raj\u00f3 en manejos contables y fiscales, vigencia 2021, reconoci\u00f3 que efectivamente el organismo de control tiene una opini\u00f3n negativa sobre el &hellip;<\/p>\n","protected":false},"author":2,"featured_media":29152,"comment_status":"open","ping_status":"open","sticky":false,"template":"","format":"standard","meta":{"om_disable_all_campaigns":false,"_exactmetrics_skip_tracking":false,"_exactmetrics_sitenote_active":false,"_exactmetrics_sitenote_note":"","_exactmetrics_sitenote_category":0,"_monsterinsights_skip_tracking":false,"_monsterinsights_sitenote_active":false,"_monsterinsights_sitenote_note":"","_monsterinsights_sitenote_category":0,"_uf_show_specific_survey":0,"_uf_disable_surveys":false,"_joinchat":[],"footnotes":""},"categories":[147,146,145],"tags":[7629,1373,7630,4458,1400,1376],"class_list":["post-29148","post","type-post","status-publish","format-standard","has-post-thumbnail","hentry","category-actualidad","category-noticias","category-reportajes","tag-auditoria-alcaldia-de-yopal-contraloria-de-casanare","tag-casanare-noticias","tag-luis-eduardo-castro-yopal","tag-noticia-yopal","tag-noticias-casanare","tag-yopal-noticias"],"yoast_head":"<!-- This site is optimized with the Yoast SEO plugin v26.1 - https:\/\/yoast.com\/wordpress\/plugins\/seo\/ -->\n<title>Alcalde de Yopal reconoci\u00f3 fallas en manejo de finanzas en la Alcald\u00eda. Culp\u00f3 a antecesores. - \u25b7 Noticias de Casanare : Martha Cifuentes | Casanare<\/title>\n<meta name=\"robots\" content=\"index, follow, max-snippet:-1, max-image-preview:large, max-video-preview:-1\" \/>\n<link rel=\"canonical\" href=\"https:\/\/marthacifuentes.com\/portada\/alcalde-de-yopal-reconocio-fallas-en-manejo-de-finanzas-en-la-alcaldia-culpo-a-antecesores\/\" \/>\n<meta property=\"og:locale\" content=\"es_ES\" \/>\n<meta property=\"og:type\" content=\"article\" \/>\n<meta property=\"og:title\" content=\"Alcalde de Yopal reconoci\u00f3 fallas en manejo de finanzas en la Alcald\u00eda. Culp\u00f3 a antecesores. - \u25b7 Noticias de Casanare : Martha Cifuentes | Casanare\" \/>\n<meta property=\"og:description\" content=\"Aunque al alcalde de Yopal Luis Eduardo Castro le haya generado malestar que se hubiera afirmado, con base en un informe de auditor\u00eda emanado de la Contralor\u00eda Departamental de Casanare, que la Alcald\u00eda se raj\u00f3 en manejos contables y fiscales, vigencia 2021, reconoci\u00f3 que efectivamente el organismo de control tiene una opini\u00f3n negativa sobre el &hellip;\" \/>\n<meta property=\"og:url\" content=\"https:\/\/marthacifuentes.com\/portada\/alcalde-de-yopal-reconocio-fallas-en-manejo-de-finanzas-en-la-alcaldia-culpo-a-antecesores\/\" \/>\n<meta property=\"og:site_name\" content=\"\u25b7 Noticias de Casanare : Martha Cifuentes | Casanare\" \/>\n<meta property=\"article:published_time\" content=\"2022-05-19T21:50:47+00:00\" \/>\n<meta property=\"og:image\" content=\"https:\/\/marthacifuentes.com\/portada\/wp-content\/uploads\/2022\/05\/283105394_1131205984108241_4147386183546267822_n-1.jpg\" \/>\n\t<meta property=\"og:image:width\" content=\"1820\" \/>\n\t<meta property=\"og:image:height\" content=\"922\" \/>\n\t<meta property=\"og:image:type\" content=\"image\/jpeg\" \/>\n<meta name=\"author\" content=\"Martha Cifuentes\" \/>\n<meta name=\"twitter:card\" content=\"summary_large_image\" \/>\n<meta name=\"twitter:label1\" content=\"Escrito por\" \/>\n\t<meta name=\"twitter:data1\" content=\"Martha Cifuentes\" \/>\n\t<meta name=\"twitter:label2\" content=\"Tiempo de lectura\" \/>\n\t<meta name=\"twitter:data2\" content=\"2 minutos\" \/>\n<script type=\"application\/ld+json\" class=\"yoast-schema-graph\">{\"@context\":\"https:\/\/schema.org\",\"@graph\":[{\"@type\":\"WebPage\",\"@id\":\"https:\/\/marthacifuentes.com\/portada\/alcalde-de-yopal-reconocio-fallas-en-manejo-de-finanzas-en-la-alcaldia-culpo-a-antecesores\/\",\"url\":\"https:\/\/marthacifuentes.com\/portada\/alcalde-de-yopal-reconocio-fallas-en-manejo-de-finanzas-en-la-alcaldia-culpo-a-antecesores\/\",\"name\":\"Alcalde de Yopal reconoci\u00f3 fallas en manejo de finanzas en la Alcald\u00eda. Culp\u00f3 a antecesores. - \u25b7 Noticias de Casanare : Martha Cifuentes | Casanare\",\"isPartOf\":{\"@id\":\"https:\/\/marthacifuentes.com\/portada\/#website\"},\"primaryImageOfPage\":{\"@id\":\"https:\/\/marthacifuentes.com\/portada\/alcalde-de-yopal-reconocio-fallas-en-manejo-de-finanzas-en-la-alcaldia-culpo-a-antecesores\/#primaryimage\"},\"image\":{\"@id\":\"https:\/\/marthacifuentes.com\/portada\/alcalde-de-yopal-reconocio-fallas-en-manejo-de-finanzas-en-la-alcaldia-culpo-a-antecesores\/#primaryimage\"},\"thumbnailUrl\":\"https:\/\/marthacifuentes.com\/portada\/wp-content\/uploads\/2022\/05\/283105394_1131205984108241_4147386183546267822_n-1.jpg\",\"datePublished\":\"2022-05-19T21:50:47+00:00\",\"author\":{\"@id\":\"https:\/\/marthacifuentes.com\/portada\/#\/schema\/person\/57f53174b991db5f90ff78d58502b714\"},\"breadcrumb\":{\"@id\":\"https:\/\/marthacifuentes.com\/portada\/alcalde-de-yopal-reconocio-fallas-en-manejo-de-finanzas-en-la-alcaldia-culpo-a-antecesores\/#breadcrumb\"},\"inLanguage\":\"es\",\"potentialAction\":[{\"@type\":\"ReadAction\",\"target\":[\"https:\/\/marthacifuentes.com\/portada\/alcalde-de-yopal-reconocio-fallas-en-manejo-de-finanzas-en-la-alcaldia-culpo-a-antecesores\/\"]}]},{\"@type\":\"ImageObject\",\"inLanguage\":\"es\",\"@id\":\"https:\/\/marthacifuentes.com\/portada\/alcalde-de-yopal-reconocio-fallas-en-manejo-de-finanzas-en-la-alcaldia-culpo-a-antecesores\/#primaryimage\",\"url\":\"https:\/\/marthacifuentes.com\/portada\/wp-content\/uploads\/2022\/05\/283105394_1131205984108241_4147386183546267822_n-1.jpg\",\"contentUrl\":\"https:\/\/marthacifuentes.com\/portada\/wp-content\/uploads\/2022\/05\/283105394_1131205984108241_4147386183546267822_n-1.jpg\",\"width\":1820,\"height\":922},{\"@type\":\"BreadcrumbList\",\"@id\":\"https:\/\/marthacifuentes.com\/portada\/alcalde-de-yopal-reconocio-fallas-en-manejo-de-finanzas-en-la-alcaldia-culpo-a-antecesores\/#breadcrumb\",\"itemListElement\":[{\"@type\":\"ListItem\",\"position\":1,\"name\":\"Portada\",\"item\":\"https:\/\/marthacifuentes.com\/portada\/\"},{\"@type\":\"ListItem\",\"position\":2,\"name\":\"Alcalde de Yopal reconoci\u00f3 fallas en manejo de finanzas en la Alcald\u00eda. Culp\u00f3 a antecesores.\"}]},{\"@type\":\"WebSite\",\"@id\":\"https:\/\/marthacifuentes.com\/portada\/#website\",\"url\":\"https:\/\/marthacifuentes.com\/portada\/\",\"name\":\"\u25b7 Noticias de Casanare : Martha Cifuentes | Casanare\",\"description\":\"Noticias &amp; Contenidos\",\"potentialAction\":[{\"@type\":\"SearchAction\",\"target\":{\"@type\":\"EntryPoint\",\"urlTemplate\":\"https:\/\/marthacifuentes.com\/portada\/?s={search_term_string}\"},\"query-input\":{\"@type\":\"PropertyValueSpecification\",\"valueRequired\":true,\"valueName\":\"search_term_string\"}}],\"inLanguage\":\"es\"},{\"@type\":\"Person\",\"@id\":\"https:\/\/marthacifuentes.com\/portada\/#\/schema\/person\/57f53174b991db5f90ff78d58502b714\",\"name\":\"Martha Cifuentes\",\"image\":{\"@type\":\"ImageObject\",\"inLanguage\":\"es\",\"@id\":\"https:\/\/marthacifuentes.com\/portada\/#\/schema\/person\/image\/\",\"url\":\"http:\/\/marthacifuentes.com\/portada\/wp-content\/uploads\/2018\/06\/avatar_user_2_1528838701-96x96.jpg\",\"contentUrl\":\"http:\/\/marthacifuentes.com\/portada\/wp-content\/uploads\/2018\/06\/avatar_user_2_1528838701-96x96.jpg\",\"caption\":\"Martha Cifuentes\"},\"sameAs\":[\"http:\/\/www.marthacifuentes.com\"],\"url\":\"https:\/\/marthacifuentes.com\/portada\/author\/martha\/\"}]}<\/script>\n<!-- \/ Yoast SEO plugin. -->","yoast_head_json":{"title":"Alcalde de Yopal reconoci\u00f3 fallas en manejo de finanzas en la Alcald\u00eda. Culp\u00f3 a antecesores. - \u25b7 Noticias de Casanare : Martha Cifuentes | Casanare","robots":{"index":"index","follow":"follow","max-snippet":"max-snippet:-1","max-image-preview":"max-image-preview:large","max-video-preview":"max-video-preview:-1"},"canonical":"https:\/\/marthacifuentes.com\/portada\/alcalde-de-yopal-reconocio-fallas-en-manejo-de-finanzas-en-la-alcaldia-culpo-a-antecesores\/","og_locale":"es_ES","og_type":"article","og_title":"Alcalde de Yopal reconoci\u00f3 fallas en manejo de finanzas en la Alcald\u00eda. Culp\u00f3 a antecesores. - \u25b7 Noticias de Casanare : Martha Cifuentes | Casanare","og_description":"Aunque al alcalde de Yopal Luis Eduardo Castro le haya generado malestar que se hubiera afirmado, con base en un informe de auditor\u00eda emanado de la Contralor\u00eda Departamental de Casanare, que la Alcald\u00eda se raj\u00f3 en manejos contables y fiscales, vigencia 2021, reconoci\u00f3 que efectivamente el organismo de control tiene una opini\u00f3n negativa sobre el &hellip;","og_url":"https:\/\/marthacifuentes.com\/portada\/alcalde-de-yopal-reconocio-fallas-en-manejo-de-finanzas-en-la-alcaldia-culpo-a-antecesores\/","og_site_name":"\u25b7 Noticias de Casanare : Martha Cifuentes | Casanare","article_published_time":"2022-05-19T21:50:47+00:00","og_image":[{"width":1820,"height":922,"url":"https:\/\/marthacifuentes.com\/portada\/wp-content\/uploads\/2022\/05\/283105394_1131205984108241_4147386183546267822_n-1.jpg","type":"image\/jpeg"}],"author":"Martha Cifuentes","twitter_card":"summary_large_image","twitter_misc":{"Escrito por":"Martha Cifuentes","Tiempo de lectura":"2 minutos"},"schema":{"@context":"https:\/\/schema.org","@graph":[{"@type":"WebPage","@id":"https:\/\/marthacifuentes.com\/portada\/alcalde-de-yopal-reconocio-fallas-en-manejo-de-finanzas-en-la-alcaldia-culpo-a-antecesores\/","url":"https:\/\/marthacifuentes.com\/portada\/alcalde-de-yopal-reconocio-fallas-en-manejo-de-finanzas-en-la-alcaldia-culpo-a-antecesores\/","name":"Alcalde de Yopal reconoci\u00f3 fallas en manejo de finanzas en la Alcald\u00eda. Culp\u00f3 a antecesores. - \u25b7 Noticias de Casanare : Martha Cifuentes | Casanare","isPartOf":{"@id":"https:\/\/marthacifuentes.com\/portada\/#website"},"primaryImageOfPage":{"@id":"https:\/\/marthacifuentes.com\/portada\/alcalde-de-yopal-reconocio-fallas-en-manejo-de-finanzas-en-la-alcaldia-culpo-a-antecesores\/#primaryimage"},"image":{"@id":"https:\/\/marthacifuentes.com\/portada\/alcalde-de-yopal-reconocio-fallas-en-manejo-de-finanzas-en-la-alcaldia-culpo-a-antecesores\/#primaryimage"},"thumbnailUrl":"https:\/\/marthacifuentes.com\/portada\/wp-content\/uploads\/2022\/05\/283105394_1131205984108241_4147386183546267822_n-1.jpg","datePublished":"2022-05-19T21:50:47+00:00","author":{"@id":"https:\/\/marthacifuentes.com\/portada\/#\/schema\/person\/57f53174b991db5f90ff78d58502b714"},"breadcrumb":{"@id":"https:\/\/marthacifuentes.com\/portada\/alcalde-de-yopal-reconocio-fallas-en-manejo-de-finanzas-en-la-alcaldia-culpo-a-antecesores\/#breadcrumb"},"inLanguage":"es","potentialAction":[{"@type":"ReadAction","target":["https:\/\/marthacifuentes.com\/portada\/alcalde-de-yopal-reconocio-fallas-en-manejo-de-finanzas-en-la-alcaldia-culpo-a-antecesores\/"]}]},{"@type":"ImageObject","inLanguage":"es","@id":"https:\/\/marthacifuentes.com\/portada\/alcalde-de-yopal-reconocio-fallas-en-manejo-de-finanzas-en-la-alcaldia-culpo-a-antecesores\/#primaryimage","url":"https:\/\/marthacifuentes.com\/portada\/wp-content\/uploads\/2022\/05\/283105394_1131205984108241_4147386183546267822_n-1.jpg","contentUrl":"https:\/\/marthacifuentes.com\/portada\/wp-content\/uploads\/2022\/05\/283105394_1131205984108241_4147386183546267822_n-1.jpg","width":1820,"height":922},{"@type":"BreadcrumbList","@id":"https:\/\/marthacifuentes.com\/portada\/alcalde-de-yopal-reconocio-fallas-en-manejo-de-finanzas-en-la-alcaldia-culpo-a-antecesores\/#breadcrumb","itemListElement":[{"@type":"ListItem","position":1,"name":"Portada","item":"https:\/\/marthacifuentes.com\/portada\/"},{"@type":"ListItem","position":2,"name":"Alcalde de Yopal reconoci\u00f3 fallas en manejo de finanzas en la Alcald\u00eda. Culp\u00f3 a antecesores."}]},{"@type":"WebSite","@id":"https:\/\/marthacifuentes.com\/portada\/#website","url":"https:\/\/marthacifuentes.com\/portada\/","name":"\u25b7 Noticias de Casanare : Martha Cifuentes | Casanare","description":"Noticias &amp; Contenidos","potentialAction":[{"@type":"SearchAction","target":{"@type":"EntryPoint","urlTemplate":"https:\/\/marthacifuentes.com\/portada\/?s={search_term_string}"},"query-input":{"@type":"PropertyValueSpecification","valueRequired":true,"valueName":"search_term_string"}}],"inLanguage":"es"},{"@type":"Person","@id":"https:\/\/marthacifuentes.com\/portada\/#\/schema\/person\/57f53174b991db5f90ff78d58502b714","name":"Martha Cifuentes","image":{"@type":"ImageObject","inLanguage":"es","@id":"https:\/\/marthacifuentes.com\/portada\/#\/schema\/person\/image\/","url":"http:\/\/marthacifuentes.com\/portada\/wp-content\/uploads\/2018\/06\/avatar_user_2_1528838701-96x96.jpg","contentUrl":"http:\/\/marthacifuentes.com\/portada\/wp-content\/uploads\/2018\/06\/avatar_user_2_1528838701-96x96.jpg","caption":"Martha Cifuentes"},"sameAs":["http:\/\/www.marthacifuentes.com"],"url":"https:\/\/marthacifuentes.com\/portada\/author\/martha\/"}]}},"_links":{"self":[{"href":"https:\/\/marthacifuentes.com\/portada\/wp-json\/wp\/v2\/posts\/29148","targetHints":{"allow":["GET"]}}],"collection":[{"href":"https:\/\/marthacifuentes.com\/portada\/wp-json\/wp\/v2\/posts"}],"about":[{"href":"https:\/\/marthacifuentes.com\/portada\/wp-json\/wp\/v2\/types\/post"}],"author":[{"embeddable":true,"href":"https:\/\/marthacifuentes.com\/portada\/wp-json\/wp\/v2\/users\/2"}],"replies":[{"embeddable":true,"href":"https:\/\/marthacifuentes.com\/portada\/wp-json\/wp\/v2\/comments?post=29148"}],"version-history":[{"count":1,"href":"https:\/\/marthacifuentes.com\/portada\/wp-json\/wp\/v2\/posts\/29148\/revisions"}],"predecessor-version":[{"id":29154,"href":"https:\/\/marthacifuentes.com\/portada\/wp-json\/wp\/v2\/posts\/29148\/revisions\/29154"}],"wp:featuredmedia":[{"embeddable":true,"href":"https:\/\/marthacifuentes.com\/portada\/wp-json\/wp\/v2\/media\/29152"}],"wp:attachment":[{"href":"https:\/\/marthacifuentes.com\/portada\/wp-json\/wp\/v2\/media?parent=29148"}],"wp:term":[{"taxonomy":"category","embeddable":true,"href":"https:\/\/marthacifuentes.com\/portada\/wp-json\/wp\/v2\/categories?post=29148"},{"taxonomy":"post_tag","embeddable":true,"href":"https:\/\/marthacifuentes.com\/portada\/wp-json\/wp\/v2\/tags?post=29148"}],"curies":[{"name":"wp","href":"https:\/\/api.w.org\/{rel}","templated":true}]}}