{"id":29212,"date":"2022-05-25T12:10:59","date_gmt":"2022-05-25T17:10:59","guid":{"rendered":"https:\/\/marthacifuentes.com\/portada\/?p=29212"},"modified":"2022-05-25T12:10:59","modified_gmt":"2022-05-25T17:10:59","slug":"por-llevar-alijo-de-marihuana-en-un-bus-capturado-venezolano-en-paz-de-ariporo","status":"publish","type":"post","link":"https:\/\/marthacifuentes.com\/portada\/por-llevar-alijo-de-marihuana-en-un-bus-capturado-venezolano-en-paz-de-ariporo\/","title":{"rendered":"Por llevar alijo de marihuana en un bus capturado venezolano en Paz de Ariporo"},"content":{"rendered":"<p style=\"text-align: justify;\">Capturado sujeto con 4 kilos de marihuana y 10 gramos de base de coca en la v\u00eda que conduce a Sabanalarga. El hombre de 46 a\u00f1os de edad, que transportaba en una caja la sustancia psicoactiva, se desplazaba en un bus de transporte p\u00fablico con ruta a Yopal\u00a0 desde la ciudad de Villavicencio, la sustancia ven\u00eda en una caja de encargos escondida entre v\u00edveres.<\/p>\n<p style=\"text-align: justify;\">Como Wuender Jos\u00e9 Quiroga Bravo, venezolano, fue identificado un hombre capturado en flagrancia con varios estupefacientes, cuando se desplazaba por el barrio La Fragua, en el municipio de Paz de Ariporo. El capturado fue requerido para una requisa, en medio de la cual le fueron hallados en su poder 166 gramos de marihuana, 45 papeletas dosificadas de bazuco y 328 gramos de bazuco en pasta.<\/p>\n<p style=\"text-align: justify;\">Un fiscal de la Seccional Casanare lo present\u00f3 ante el Juzgado Segundo Promiscuo municipal de Paz de Ariporo y lo imput\u00f3 por el delito de tr\u00e1fico, fabricaci\u00f3n o porte de estupefacientes, cargos que acept\u00f3.<\/p>\n<h2><strong>Otras noticias\u2026<\/strong><\/h2>\n<blockquote class=\"wp-embedded-content\" data-secret=\"36PWxzSIcK\"><p><a href=\"https:\/\/marthacifuentes.com\/portada\/2022\/05\/25\/capturados-los-barbaros-banda-dedicada-al-robo-de-acpm\/\">Capturados \u201clos b\u00e1rbaros\u201d, banda dedicada al robo de ACPM<\/a><\/p><\/blockquote>\n<p><iframe loading=\"lazy\" class=\"wp-embedded-content\" sandbox=\"allow-scripts\" security=\"restricted\" style=\"position: absolute; clip: rect(1px, 1px, 1px, 1px);\" title=\"\u00abCapturados \u201clos b\u00e1rbaros\u201d, banda dedicada al robo de ACPM\u00bb \u2014 \u25b7 Noticias de Casanare : Martha Cifuentes | Casanare\" src=\"https:\/\/marthacifuentes.com\/portada\/2022\/05\/25\/capturados-los-barbaros-banda-dedicada-al-robo-de-acpm\/embed\/#?secret=OJOsmP5YQr#?secret=36PWxzSIcK\" data-secret=\"36PWxzSIcK\" width=\"500\" height=\"282\" frameborder=\"0\" marginwidth=\"0\" marginheight=\"0\" scrolling=\"no\"><\/iframe><\/p>\n<p><iframe loading=\"lazy\" class=\"wp-embedded-content\" title=\"\u00abHoy se cumplen 30 d\u00edas de cierre en La Granja, v\u00eda Aguazul-Sogamoso y de aquello, nada\u00bb \u2014 \u25b7 Noticias de Casanare : Martha Cifuentes | Casanare\" src=\"https:\/\/marthacifuentes.com\/portada\/2022\/05\/25\/hoy-se-cumplen-30-dias-de-cierre-en-la-granja-via-aguazul-sogamoso-y-de-aquello-nada\/embed\/#?secret=zIzhRw7tc4#?secret=YlWRIoPgMW\" width=\"600\" height=\"600\" frameborder=\"0\" marginwidth=\"0\" marginheight=\"0\" scrolling=\"no\" sandbox=\"allow-scripts\" data-secret=\"YlWRIoPgMW\" data-mce-fragment=\"1\"><\/iframe><\/p>\n<p><iframe loading=\"lazy\" class=\"wp-embedded-content\" title=\"\u00abEntre el 23 y 27 de mayo, semana sobre la Desaparici\u00f3n Forzada en Casanare.\u00bb \u2014 \u25b7 Noticias de Casanare : Martha Cifuentes | Casanare\" src=\"https:\/\/marthacifuentes.com\/portada\/2022\/05\/24\/entre-el-23-y-27-de-mayo-semana-sobre-la-desaparicion-forzada-en-casanare\/embed\/#?secret=qhR7Y7xiMt#?secret=yFNh9QL9Au\" width=\"600\" height=\"599\" frameborder=\"0\" marginwidth=\"0\" marginheight=\"0\" scrolling=\"no\" sandbox=\"allow-scripts\" data-secret=\"yFNh9QL9Au\" data-mce-fragment=\"1\"><\/iframe><\/p>\n<p><iframe loading=\"lazy\" class=\"wp-embedded-content\" title=\"\u00abAunque polic\u00eda captur\u00f3 a ladr\u00f3n de cable de la cancha de la Ciudadela del Carmen en Yopal, este ya est\u00e1 libre.\u00bb \u2014 \u25b7 Noticias de Casanare : Martha Cifuentes | Casanare\" src=\"https:\/\/marthacifuentes.com\/portada\/2022\/05\/24\/aunque-policia-capturo-a-ladron-de-cable-de-la-cancha-de-la-ciudadela-del-carmen-en-yopal-este-ya-esta-libre\/embed\/#?secret=RdGA6KNt3S#?secret=cXjYuNwzd0\" width=\"600\" height=\"600\" frameborder=\"0\" marginwidth=\"0\" marginheight=\"0\" scrolling=\"no\" sandbox=\"allow-scripts\" data-secret=\"cXjYuNwzd0\" data-mce-fragment=\"1\"><\/iframe><\/p>\n<p><iframe loading=\"lazy\" class=\"wp-embedded-content\" title=\"\u00abA \u201clos mec\u00e1nicos\u201d los apretaron. Los ladrones de motos de Yopal, fueron capturados y enviados a la c\u00e1rcel\u00bb \u2014 \u25b7 Noticias de Casanare : Martha Cifuentes | Casanare\" src=\"https:\/\/marthacifuentes.com\/portada\/2022\/05\/24\/a-los-mecanicos-los-apretaron-los-ladrones-de-motos-de-yopal-fueron-capturados-y-enviados-a-la-carcel\/embed\/#?secret=HGzRZF9otq#?secret=8gkmAGFkrE\" width=\"600\" height=\"649\" frameborder=\"0\" marginwidth=\"0\" marginheight=\"0\" scrolling=\"no\" sandbox=\"allow-scripts\" data-secret=\"8gkmAGFkrE\" data-mce-fragment=\"1\"><\/iframe><\/p>\n<p><iframe loading=\"lazy\" class=\"wp-embedded-content\" title=\"\u00abCapturado en Yopal paramilitar de grupo de \u201cMart\u00edn llanos\u201d, condenado por varios delitos\u00bb \u2014 \u25b7 Noticias de Casanare : Martha Cifuentes | Casanare\" src=\"https:\/\/marthacifuentes.com\/portada\/2022\/05\/24\/capturado-en-yopal-paramilitar-de-grupo-de-martin-llanos-condenado-por-varios-delitos\/embed\/#?secret=GzI8KGAA9G#?secret=JNoEDhkpmQ\" width=\"600\" height=\"621\" frameborder=\"0\" marginwidth=\"0\" marginheight=\"0\" scrolling=\"no\" sandbox=\"allow-scripts\" data-secret=\"JNoEDhkpmQ\" data-mce-fragment=\"1\"><\/iframe><\/p>\n<p><iframe loading=\"lazy\" class=\"wp-embedded-content\" title=\"\u00abPor fin inici\u00f3 obras de protecci\u00f3n del r\u00edo Cravo Sur en su margen derecha\u00bb \u2014 \u25b7 Noticias de Casanare : Martha Cifuentes | Casanare\" src=\"https:\/\/marthacifuentes.com\/portada\/2022\/05\/24\/por-fin-inicio-obras-de-proteccion-del-rio-cravo-sur-en-su-margen-derecha\/embed\/#?secret=FLf0xpZ88W#?secret=4Et9AG15Oi\" width=\"600\" height=\"599\" frameborder=\"0\" marginwidth=\"0\" marginheight=\"0\" scrolling=\"no\" sandbox=\"allow-scripts\" data-secret=\"4Et9AG15Oi\" data-mce-fragment=\"1\"><\/iframe><\/p>\n<p><iframe loading=\"lazy\" class=\"wp-embedded-content\" title=\"\u00abComunidad de Pajarito desesperada por cierre v\u00eda del Cusiana en varios puntos cr\u00edticos. Su econom\u00eda se fue al piso.\u00bb \u2014 \u25b7 Noticias de Casanare : Martha Cifuentes | Casanare\" src=\"https:\/\/marthacifuentes.com\/portada\/2022\/05\/24\/comunidad-de-pajarito-desesperada-por-cierre-via-del-cusiana-en-varios-puntos-criticos-su-economia-se-fue-al-piso\/embed\/#?secret=xF4oqdwwgM#?secret=AmwYZONHdH\" width=\"600\" height=\"628\" frameborder=\"0\" marginwidth=\"0\" marginheight=\"0\" scrolling=\"no\" sandbox=\"allow-scripts\" data-secret=\"AmwYZONHdH\" data-mce-fragment=\"1\"><\/iframe><\/p>\n<p><iframe loading=\"lazy\" class=\"wp-embedded-content\" title=\"\u00abCapturados presuntos violadores de peruana en Hato Corozal, Casanare\u00bb \u2014 \u25b7 Noticias de Casanare : Martha Cifuentes | Casanare\" src=\"https:\/\/marthacifuentes.com\/portada\/2022\/05\/23\/capturados-presuntos-violadores-de-peruana-en-hato-corozal-casanare\/embed\/#?secret=6b9jzZgV9I#?secret=QC5x76CLlH\" width=\"600\" height=\"621\" frameborder=\"0\" marginwidth=\"0\" marginheight=\"0\" scrolling=\"no\" sandbox=\"allow-scripts\" data-secret=\"QC5x76CLlH\" data-mce-fragment=\"1\"><\/iframe><\/p>\n<p><iframe loading=\"lazy\" class=\"wp-embedded-content\" title=\"\u00abCasos recientes de ni\u00f1as desaparecidas en Casanare podr\u00edan ser producto de un reto de redes sociales\u00bb \u2014 \u25b7 Noticias de Casanare : Martha Cifuentes | Casanare\" src=\"https:\/\/marthacifuentes.com\/portada\/2022\/05\/23\/casos-recientes-de-ninas-desaparecidas-en-casanare-podrian-ser-producto-de-un-reto-de-redes-sociales\/embed\/#?secret=WVa2uOIYpt#?secret=tE6663yYKF\" width=\"600\" height=\"587\" frameborder=\"0\" marginwidth=\"0\" marginheight=\"0\" scrolling=\"no\" sandbox=\"allow-scripts\" data-secret=\"tE6663yYKF\" data-mce-fragment=\"1\"><\/iframe><\/p>\n<p><iframe loading=\"lazy\" class=\"wp-embedded-content\" title=\"\u00abPor comparenderas que nunca funcionaron Contralor\u00eda sancion\u00f3 a exalcalde de Yopal Willman Celem\u00edn y exsecretario Rofer Roncancio\u00bb \u2014 \u25b7 Noticias de Casanare : Martha Cifuentes | Casanare\" src=\"https:\/\/marthacifuentes.com\/portada\/2022\/05\/23\/por-comparenderas-que-nunca-funcionaron-contraloria-sanciono-a-exalcalde-de-yopal-willman-celemin-y-exsecretario-rofer-roncancio\/embed\/#?secret=LeRM0G3W7J#?secret=fWBXuxnsk6\" width=\"600\" height=\"649\" frameborder=\"0\" marginwidth=\"0\" marginheight=\"0\" scrolling=\"no\" sandbox=\"allow-scripts\" data-secret=\"fWBXuxnsk6\" data-mce-fragment=\"1\"><\/iframe><\/p>\n<p><iframe loading=\"lazy\" class=\"wp-embedded-content\" title=\"\u00abMujer peruana fue violada y apu\u00f1alada por 4 desalmados en carretera de Hato Corozal, Casanare\u00bb \u2014 \u25b7 Noticias de Casanare : Martha Cifuentes | Casanare\" src=\"https:\/\/marthacifuentes.com\/portada\/2022\/05\/19\/mujer-peruana-fue-violada-y-apunalada-por-4-desalmados-en-carretera-de-hato-corozal-casanare\/embed\/#?secret=QdjXeixlCz#?secret=jdOsKNDVQO\" width=\"600\" height=\"545\" frameborder=\"0\" marginwidth=\"0\" marginheight=\"0\" scrolling=\"no\" sandbox=\"allow-scripts\" data-secret=\"jdOsKNDVQO\" data-mce-fragment=\"1\"><\/iframe><\/p>\n<p><iframe loading=\"lazy\" class=\"wp-embedded-content\" title=\"\u00abAlcalde de Yopal reconoci\u00f3 fallas en manejo de finanzas en la Alcald\u00eda. Culp\u00f3 a antecesores.\u00bb \u2014 \u25b7 Noticias de Casanare : Martha Cifuentes | Casanare\" src=\"https:\/\/marthacifuentes.com\/portada\/2022\/05\/19\/alcalde-de-yopal-reconocio-fallas-en-manejo-de-finanzas-en-la-alcaldia-culpo-a-antecesores\/embed\/#?secret=25DDjmwjwH#?secret=nbQM8RRlqB\" width=\"600\" height=\"589\" frameborder=\"0\" marginwidth=\"0\" marginheight=\"0\" scrolling=\"no\" sandbox=\"allow-scripts\" data-secret=\"nbQM8RRlqB\" data-mce-fragment=\"1\"><\/iframe><\/p>\n<p><iframe loading=\"lazy\" class=\"wp-embedded-content\" title=\"\u00abInvierno causa inundaciones, vendavales, deslizamientos, tormentas el\u00e9ctricas y socavaciones en Casanare\u00bb \u2014 \u25b7 Noticias de Casanare : Martha Cifuentes | Casanare\" src=\"https:\/\/marthacifuentes.com\/portada\/2022\/05\/19\/invierno-causa-inundaciones-vendavales-deslizamientos-tormentas-electricas-y-socavaciones-en-casanare\/embed\/#?secret=pgQ79RAZUN#?secret=8hXhOmBog9\" width=\"600\" height=\"649\" frameborder=\"0\" marginwidth=\"0\" marginheight=\"0\" scrolling=\"no\" sandbox=\"allow-scripts\" data-secret=\"8hXhOmBog9\" data-mce-fragment=\"1\"><\/iframe><\/p>\n<p><iframe loading=\"lazy\" class=\"wp-embedded-content\" title=\"\u00abCasanare, departamento con mayores sancionados por detrimentos patrimoniales por corrupci\u00f3n\u00bb \u2014 \u25b7 Noticias de Casanare : Martha Cifuentes | Casanare\" src=\"https:\/\/marthacifuentes.com\/portada\/2022\/05\/18\/casanare-departamento-con-mayores-sancionados-por-detrimentos-patrimoniales-por-corrupcion\/embed\/#?secret=s16PN5Emq5#?secret=aIuVkGtyuf\" width=\"600\" height=\"621\" frameborder=\"0\" marginwidth=\"0\" marginheight=\"0\" scrolling=\"no\" sandbox=\"allow-scripts\" data-secret=\"aIuVkGtyuf\" data-mce-fragment=\"1\"><\/iframe><\/p>\n<p><iframe loading=\"lazy\" class=\"wp-embedded-content\" title=\"\u00abContralor\u00eda de Casanare en auditor\u00eda \u201craj\u00f3\u201d a la Alcald\u00eda de Yopal en manejos contables y fiscales.\u00bb \u2014 \u25b7 Noticias de Casanare : Martha Cifuentes | Casanare\" src=\"https:\/\/marthacifuentes.com\/portada\/2022\/05\/18\/contraloria-de-casanare-en-auditoria-rajo-a-la-alcaldia-de-yopal-en-manejos-contables-y-fiscales\/embed\/#?secret=nsfJjHPrvk#?secret=Gz70plpViu\" width=\"600\" height=\"621\" frameborder=\"0\" marginwidth=\"0\" marginheight=\"0\" scrolling=\"no\" sandbox=\"allow-scripts\" data-secret=\"Gz70plpViu\" data-mce-fragment=\"1\"><\/iframe><\/p>\n<p><iframe loading=\"lazy\" class=\"wp-embedded-content\" title=\"\u00abV\u00eda del Cusiana abierta en Las Lajas, cerrada en La Granja y carreteras alternas mal usadas\u00bb \u2014 \u25b7 Noticias de Casanare : Martha Cifuentes | Casanare\" src=\"https:\/\/marthacifuentes.com\/portada\/2022\/05\/17\/via-del-cusiana-abierta-en-las-lajas-cerrada-en-la-granja-y-carreteras-alternas-mal-usadas\/embed\/#?secret=DAqIn0C7Uo#?secret=WqDW5ORJPl\" width=\"600\" height=\"600\" frameborder=\"0\" marginwidth=\"0\" marginheight=\"0\" scrolling=\"no\" sandbox=\"allow-scripts\" data-secret=\"WqDW5ORJPl\" data-mce-fragment=\"1\"><\/iframe><\/p>\n<p><iframe loading=\"lazy\" class=\"wp-embedded-content\" title=\"\u00abJoven promesa del f\u00fatbol casanare\u00f1o requiere urgente operaci\u00f3n de ligamentos avaluada en $12 millones\u00bb \u2014 \u25b7 Noticias de Casanare : Martha Cifuentes | Casanare\" src=\"https:\/\/marthacifuentes.com\/portada\/2022\/05\/17\/joven-promesa-del-futbol-casanareno-requiere-urgente-operacion-de-ligamentos-avaluada-en-12-millones\/embed\/#?secret=y3s0RMzXLf#?secret=pCbW1Qd2CO\" width=\"600\" height=\"596\" frameborder=\"0\" marginwidth=\"0\" marginheight=\"0\" scrolling=\"no\" sandbox=\"allow-scripts\" data-secret=\"pCbW1Qd2CO\" data-mce-fragment=\"1\"><\/iframe><\/p>\n<p><iframe loading=\"lazy\" class=\"wp-embedded-content\" title=\"\u00abFamiliares dudan que ganadero manice\u00f1o se haya suicidado en su apartamento en Yopal\u00bb \u2014 \u25b7 Noticias de Casanare : Martha Cifuentes | Casanare\" src=\"https:\/\/marthacifuentes.com\/portada\/2022\/05\/17\/familiares-dudan-que-ganadero-maniceno-se-haya-suicidado-en-su-apartamento-en-yopal\/embed\/#?secret=tt89PMaStz#?secret=USHVGjEomo\" width=\"600\" height=\"621\" frameborder=\"0\" marginwidth=\"0\" marginheight=\"0\" scrolling=\"no\" sandbox=\"allow-scripts\" data-secret=\"USHVGjEomo\" data-mce-fragment=\"1\"><\/iframe><\/p>\n<p><iframe loading=\"lazy\" class=\"wp-embedded-content\" title=\"\u00abNo se ha finalizado v\u00eda Villao-Yopal y ya se tienen 5 peajes construidos o en cierne\u00bb \u2014 \u25b7 Noticias de Casanare : Martha Cifuentes | Casanare\" src=\"https:\/\/marthacifuentes.com\/portada\/2022\/05\/17\/no-se-ha-finalizado-via-villao-yopal-y-ya-se-tienen-5-peajes-construidos-o-en-cierne\/embed\/#?secret=EfxD8GaMho#?secret=lFsranFvuC\" width=\"600\" height=\"621\" frameborder=\"0\" marginwidth=\"0\" marginheight=\"0\" scrolling=\"no\" sandbox=\"allow-scripts\" data-secret=\"lFsranFvuC\" data-mce-fragment=\"1\"><\/iframe><\/p>\n<p><iframe loading=\"lazy\" class=\"wp-embedded-content\" title=\"\u00abTrabajadores reclaman derechos laborales al HORO \u00bfQu\u00e9 pas\u00f3 con el reconocimiento a los h\u00e9roes de la pandemia?\u00bb \u2014 \u25b7 Noticias de Casanare : Martha Cifuentes | Casanare\" src=\"https:\/\/marthacifuentes.com\/portada\/2022\/05\/17\/trabajadores-reclaman-derechos-laborales-al-horo-que-paso-con-el-reconocimiento-a-los-heroes-de-la-pandemia\/embed\/#?secret=XDI0u2qgez#?secret=oY1r9sJSQ5\" width=\"600\" height=\"641\" frameborder=\"0\" marginwidth=\"0\" marginheight=\"0\" scrolling=\"no\" sandbox=\"allow-scripts\" data-secret=\"oY1r9sJSQ5\" data-mce-fragment=\"1\"><\/iframe><\/p>\n<p><iframe loading=\"lazy\" class=\"wp-embedded-content\" title=\"\u00abColombia Profunda: los candidatos responden al pa\u00eds, a trav\u00e9s de la alianza de medios m\u00e1s grande para unas elecciones presidenciales\u00a0\u00a0\u00bb \u2014 \u25b7 Noticias de Casanare : Martha Cifuentes | Casanare\" src=\"https:\/\/marthacifuentes.com\/portada\/2022\/05\/13\/colombia-profunda-los-candidatos-responden-al-pais-a-traves-de-la-alianza-de-medios-mas-grande-para-unas-elecciones-presidenciales\/embed\/#?secret=iAFAxny0KO#?secret=cZwzqf485y\" width=\"600\" height=\"628\" frameborder=\"0\" marginwidth=\"0\" marginheight=\"0\" scrolling=\"no\" sandbox=\"allow-scripts\" data-secret=\"cZwzqf485y\" data-mce-fragment=\"1\"><\/iframe><\/p>\n<p><iframe loading=\"lazy\" class=\"wp-embedded-content\" title=\"\u00abPor 2a. vez se frustra visita de candidato a la presidencia Gustavo Petro del Pacto Hist\u00f3rico a Yopal. Temas m\u00e9dicos, la excusa.\u00bb \u2014 \u25b7 Noticias de Casanare : Martha Cifuentes | Casanare\" src=\"https:\/\/marthacifuentes.com\/portada\/2022\/05\/13\/por-2a-vez-se-frustra-visita-de-candidato-a-la-presidencia-gustavo-petro-del-pacto-historico-a-yopal-temas-medicos-la-excusa\/embed\/#?secret=TEGciztBOk#?secret=YJzz68Vdw1\" width=\"600\" height=\"604\" frameborder=\"0\" marginwidth=\"0\" marginheight=\"0\" scrolling=\"no\" sandbox=\"allow-scripts\" data-secret=\"YJzz68Vdw1\" data-mce-fragment=\"1\"><\/iframe><\/p>\n<p><iframe loading=\"lazy\" class=\"wp-embedded-content\" title=\"\u00abA 6 a\u00f1os de prisi\u00f3n, agresor de su propia mam\u00e1 de 70 a\u00f1os de Paz de Ariporo, Casanare.\u00bb \u2014 \u25b7 Noticias de Casanare : Martha Cifuentes | Casanare\" src=\"https:\/\/marthacifuentes.com\/portada\/2022\/05\/10\/29087\/embed\/#?secret=A9q0wL09jX#?secret=RBiIYNSefi\" width=\"600\" height=\"570\" frameborder=\"0\" marginwidth=\"0\" marginheight=\"0\" scrolling=\"no\" sandbox=\"allow-scripts\" data-secret=\"RBiIYNSefi\" data-mce-fragment=\"1\"><\/iframe><\/p>\n<p><iframe loading=\"lazy\" class=\"wp-embedded-content\" title=\"\u00abAdulta mayor de 70 a\u00f1os teme ser v\u00edctima de feminicidio a manos de su propio hijo en Casanare. Justicia la obliga a que debe vivir con \u00e9l.\u00bb \u2014 \u25b7 Noticias de Casanare : Martha Cifuentes | Casanare\" src=\"https:\/\/marthacifuentes.com\/portada\/2022\/02\/06\/adulta-mayor-de-70-anos-teme-ser-victima-de-feminicidio-a-manos-de-su-propio-hijo-en-casanare-justicia-la-obliga-a-que-debe-vivir-con-el\/embed\/#?secret=Co6qOIUtsy#?secret=NVU3Gro0ui\" width=\"600\" height=\"628\" frameborder=\"0\" marginwidth=\"0\" marginheight=\"0\" scrolling=\"no\" sandbox=\"allow-scripts\" data-secret=\"NVU3Gro0ui\" data-mce-fragment=\"1\"><\/iframe><\/p>\n<h2><\/h2>\n<p><iframe loading=\"lazy\" class=\"wp-embedded-content\" title=\"\u00abA la c\u00e1rcel recapturado presunto ladr\u00f3n alias \u00abchinga mala\u00bb de Yopal, quien se hab\u00eda fugado de carceleta de la polic\u00eda\u00bb \u2014 \u25b7 Noticias de Casanare : Martha Cifuentes | Casanare\" src=\"https:\/\/marthacifuentes.com\/portada\/2022\/05\/10\/a-la-carcel-recapturado-presunto-ladron-alias-chinga-mala-de-yopal-quien-se-habia-fugado-de-carceleta-de-la-policia\/embed\/#?secret=NbzFfvysZO#?secret=Z7rkT2Crbm\" width=\"600\" height=\"628\" frameborder=\"0\" marginwidth=\"0\" marginheight=\"0\" scrolling=\"no\" sandbox=\"allow-scripts\" data-secret=\"Z7rkT2Crbm\" data-mce-fragment=\"1\"><\/iframe><\/p>\n<p><iframe loading=\"lazy\" class=\"wp-embedded-content\" title=\"\u00abCrisis de la v\u00eda del Cusiana afecta distribuci\u00f3n de gas propano, de Cupiagua, Casanare, para el mercado nacional\u00bb \u2014 \u25b7 Noticias de Casanare : Martha Cifuentes | Casanare\" src=\"https:\/\/marthacifuentes.com\/portada\/2022\/05\/10\/crisis-de-la-via-del-cusiana-afecta-distribucion-de-gas-propano-de-cupiagua-casanare-para-el-mercado-nacional\/embed\/#?secret=pcXGx1BdNP#?secret=XPFopiJvrU\" width=\"600\" height=\"649\" frameborder=\"0\" marginwidth=\"0\" marginheight=\"0\" scrolling=\"no\" sandbox=\"allow-scripts\" data-secret=\"XPFopiJvrU\" data-mce-fragment=\"1\"><\/iframe><\/p>\n<p><iframe loading=\"lazy\" class=\"wp-embedded-content\" title=\"\u00abACP presenta oscuro panorama para Colombia si no hay exploraci\u00f3n y explotaci\u00f3n petrolera\u00bb \u2014 \u25b7 Noticias de Casanare : Martha Cifuentes | Casanare\" src=\"https:\/\/marthacifuentes.com\/portada\/2022\/05\/10\/acp-presenta-oscuro-panorama-para-colombia-si-no-hay-exploracion-y-explotacion-petrolera\/embed\/#?secret=J3ZqwqY7pM#?secret=ow1g44BrvY\" width=\"600\" height=\"621\" frameborder=\"0\" marginwidth=\"0\" marginheight=\"0\" scrolling=\"no\" sandbox=\"allow-scripts\" data-secret=\"ow1g44BrvY\" data-mce-fragment=\"1\"><\/iframe><\/p>\n<p><iframe loading=\"lazy\" class=\"wp-embedded-content\" title=\"\u00abACP presenta oscuro panorama para Colombia si no hay exploraci\u00f3n y explotaci\u00f3n petrolera\u00bb \u2014 \u25b7 Noticias de Casanare : Martha Cifuentes | Casanare\" src=\"https:\/\/marthacifuentes.com\/portada\/2022\/05\/10\/acp-presenta-oscuro-panorama-para-colombia-si-no-hay-exploracion-y-explotacion-petrolera\/embed\/#?secret=gPVaL91X7O#?secret=vALy5pkSo9\" width=\"600\" height=\"621\" frameborder=\"0\" marginwidth=\"0\" marginheight=\"0\" scrolling=\"no\" sandbox=\"allow-scripts\" data-secret=\"vALy5pkSo9\" data-mce-fragment=\"1\"><\/iframe><\/p>\n<p><iframe loading=\"lazy\" class=\"wp-embedded-content\" title=\"\u00abGobernaci\u00f3n de Casanare luego de 15 d\u00edas de cierre de v\u00eda del Cusiana, lanza SOS al gobierno nacional\u00bb \u2014 \u25b7 Noticias de Casanare : Martha Cifuentes | Casanare\" src=\"https:\/\/marthacifuentes.com\/portada\/2022\/05\/10\/gobernacion-de-casanare-luego-de-15-dias-de-cierre-de-via-del-cusiana-lanza-sos-al-gobierno-nacional\/embed\/#?secret=xiy8xEaoie#?secret=gRlOONSyFc\" width=\"600\" height=\"599\" frameborder=\"0\" marginwidth=\"0\" marginheight=\"0\" scrolling=\"no\" sandbox=\"allow-scripts\" data-secret=\"gRlOONSyFc\" data-mce-fragment=\"1\"><\/iframe><\/p>\n<p><iframe loading=\"lazy\" class=\"wp-embedded-content\" title=\"\u00abCiudadanos de Yopal proponen cambio en la c\u00fapula de la Polic\u00eda Casanare. Departamento tomado por la delincuencia\u00bb \u2014 \u25b7 Noticias de Casanare : Martha Cifuentes | Casanare\" src=\"https:\/\/marthacifuentes.com\/portada\/2022\/05\/09\/ciudadanos-de-yopal-proponen-cambio-en-la-cupula-de-la-policia-casanare-departamento-tomado-por-la-delincuencia\/embed\/#?secret=M0p4zOWuiH#?secret=ikXtVq7A2q\" width=\"600\" height=\"628\" frameborder=\"0\" marginwidth=\"0\" marginheight=\"0\" scrolling=\"no\" sandbox=\"allow-scripts\" data-secret=\"ikXtVq7A2q\" data-mce-fragment=\"1\"><\/iframe><\/p>\n<p><iframe loading=\"lazy\" class=\"wp-embedded-content\" title=\"\u00abMonta\u00f1as que bordean v\u00eda entre Aguazul-Sogamoso, en riesgo de colapso por movimiento geol\u00f3gico. 15 km de la v\u00eda ser\u00eda afectada.\u00bb \u2014 \u25b7 Noticias de Casanare : Martha Cifuentes | Casanare\" src=\"https:\/\/marthacifuentes.com\/portada\/2022\/05\/09\/montanas-que-bordean-via-entre-aguazul-sogamoso-en-riesgo-de-colapso-por-movimiento-geologico-15-km-de-la-via-seria-afectada\/embed\/#?secret=hiAlcMtk3h#?secret=67OVuVOFoC\" width=\"600\" height=\"628\" frameborder=\"0\" marginwidth=\"0\" marginheight=\"0\" scrolling=\"no\" sandbox=\"allow-scripts\" data-secret=\"67OVuVOFoC\" data-mce-fragment=\"1\"><\/iframe><\/p>\n<p><iframe loading=\"lazy\" class=\"wp-embedded-content\" title=\"\u00abPor nuevos mantenimientos varios municipios no tendr\u00e1n energ\u00eda esta semana\u00bb \u2014 \u25b7 Noticias de Casanare : Martha Cifuentes | Casanare\" src=\"https:\/\/marthacifuentes.com\/portada\/2022\/05\/09\/por-nuevos-mantenimientos-varios-municipios-no-tendran-energia-esta-semana\/embed\/#?secret=loR5xcDjNM#?secret=09ex2kJEwE\" width=\"600\" height=\"621\" frameborder=\"0\" marginwidth=\"0\" marginheight=\"0\" scrolling=\"no\" sandbox=\"allow-scripts\" data-secret=\"09ex2kJEwE\" data-mce-fragment=\"1\"><\/iframe><\/p>\n<p><iframe loading=\"lazy\" class=\"wp-embedded-content\" title=\"\u00abLa Polic\u00eda Casanare captura delincuentes, pero estos se fugan de las carceletas, no aptas para internarlo.\u00bb \u2014 \u25b7 Noticias de Casanare : Martha Cifuentes | Casanare\" src=\"https:\/\/marthacifuentes.com\/portada\/2022\/05\/09\/la-policia-casanare-captura-delincuentes-pero-estos-se-fugan-de-las-carceletas-no-aptas-para-internarlo\/embed\/#?secret=xbgTIXU2Xa#?secret=gBi3K8VCvY\" width=\"600\" height=\"599\" frameborder=\"0\" marginwidth=\"0\" marginheight=\"0\" scrolling=\"no\" sandbox=\"allow-scripts\" data-secret=\"gBi3K8VCvY\" data-mce-fragment=\"1\"><\/iframe><\/p>\n<p><iframe loading=\"lazy\" class=\"wp-embedded-content\" title=\"\u00abCapturada banda de ladrones de motos \u201cLos Skooters\u201d en Yopal, compuesta por \u201cTuerto\u201d, \u201cHuevo frito\u201d, \u201cChim\u00fa\u201d y \u201cVega\u201d.\u00bb \u2014 \u25b7 Noticias de Casanare : Martha Cifuentes | Casanare\" src=\"https:\/\/marthacifuentes.com\/portada\/2022\/05\/06\/capturada-banda-de-ladrones-de-motos-los-skooters-en-yopal-compuesta-por-tuerto-huevo-frito-chimu-y-vega\/embed\/#?secret=vYb75FkGCK#?secret=r3Sw4DZ5kY\" width=\"600\" height=\"649\" frameborder=\"0\" marginwidth=\"0\" marginheight=\"0\" scrolling=\"no\" sandbox=\"allow-scripts\" data-secret=\"r3Sw4DZ5kY\" data-mce-fragment=\"1\"><\/iframe><\/p>\n<p><iframe loading=\"lazy\" class=\"wp-embedded-content\" title=\"\u00abCapturado ladr\u00f3n, presunto implicado en robo donde menor result\u00f3 herido en Villaflor, Yopal\u00bb \u2014 \u25b7 Noticias de Casanare : Martha Cifuentes | Casanare\" src=\"https:\/\/marthacifuentes.com\/portada\/2022\/05\/06\/capturado-ladron-presunto-implicado-en-robo-donde-menor-resulto-herido-en-villaflor-yopal\/embed\/#?secret=JsBzq7FeON#?secret=PXb8BRuKPd\" width=\"600\" height=\"573\" frameborder=\"0\" marginwidth=\"0\" marginheight=\"0\" scrolling=\"no\" sandbox=\"allow-scripts\" data-secret=\"PXb8BRuKPd\" data-mce-fragment=\"1\"><\/iframe><\/p>\n<p><iframe loading=\"lazy\" class=\"wp-embedded-content\" title=\"\u00abFrancia M\u00e1rquez: Casanare debe pasar tener una econom\u00eda extractivista (petr\u00f3leo) a una agroindustrial\u00bb \u2014 \u25b7 Noticias de Casanare : Martha Cifuentes | Casanare\" src=\"https:\/\/marthacifuentes.com\/portada\/2022\/05\/06\/francia-marquez-casanare-debe-pasar-tener-una-economia-extractivista-petroleo-a-una-agroindustrial\/embed\/#?secret=VIeWt4svJt#?secret=n8GWqiHpyH\" width=\"600\" height=\"621\" frameborder=\"0\" marginwidth=\"0\" marginheight=\"0\" scrolling=\"no\" sandbox=\"allow-scripts\" data-secret=\"n8GWqiHpyH\" data-mce-fragment=\"1\"><\/iframe><\/p>\n<h2><\/h2>\n<p><iframe loading=\"lazy\" class=\"wp-embedded-content\" title=\"\u00abLamentable. Dos meses m\u00e1s de cierre en la v\u00eda del Cusiana\u00bb \u2014 \u25b7 Noticias de Casanare : Martha Cifuentes | Casanare\" src=\"https:\/\/marthacifuentes.com\/portada\/2022\/05\/06\/lamentable-dos-meses-mas-de-cierre-en-la-via-del-cusiana\/embed\/#?secret=5a8RmTEQut#?secret=L1j1nawP6I\" width=\"600\" height=\"600\" frameborder=\"0\" marginwidth=\"0\" marginheight=\"0\" scrolling=\"no\" sandbox=\"allow-scripts\" data-secret=\"L1j1nawP6I\" data-mce-fragment=\"1\"><\/iframe><\/p>\n<p><iframe loading=\"lazy\" class=\"wp-embedded-content\" title=\"\u00abPor raticos, le llevan la energ\u00eda a municipios del sur de Casanare afectados por da\u00f1o en subestaci\u00f3n\u00bb \u2014 \u25b7 Noticias de Casanare : Martha Cifuentes | Casanare\" src=\"https:\/\/marthacifuentes.com\/portada\/2022\/05\/06\/por-raticos-le-llevan-la-energia-a-municipios-del-sur-de-casanare-afectados-por-dano-en-subestacion\/embed\/#?secret=iVQYAc4Qwl#?secret=2BOA9j1NjT\" width=\"600\" height=\"621\" frameborder=\"0\" marginwidth=\"0\" marginheight=\"0\" scrolling=\"no\" sandbox=\"allow-scripts\" data-secret=\"2BOA9j1NjT\" data-mce-fragment=\"1\"><\/iframe><\/p>\n<p><iframe loading=\"lazy\" class=\"wp-embedded-content\" title=\"\u00abSalom\u00f3n y Amanda \u00bfreconciliados?\u00bb \u2014 \u25b7 Noticias de Casanare : Martha Cifuentes | Casanare\" src=\"https:\/\/marthacifuentes.com\/portada\/2022\/05\/06\/salomon-y-amanda-reconciliados\/embed\/#?secret=ncBPEUX2oS#?secret=1BYVRuyZ5K\" width=\"600\" height=\"592\" frameborder=\"0\" marginwidth=\"0\" marginheight=\"0\" scrolling=\"no\" sandbox=\"allow-scripts\" data-secret=\"1BYVRuyZ5K\" data-mce-fragment=\"1\"><\/iframe><\/p>\n<p><iframe loading=\"lazy\" class=\"wp-embedded-content\" title=\"\u00abComunidad del Tabl\u00f3n de T\u00e1mara sigue esperando su acueducto. Pr\u00f3xima semana reanudar\u00edan obras.\u00bb \u2014 \u25b7 Noticias de Casanare : Martha Cifuentes | Casanare\" src=\"https:\/\/marthacifuentes.com\/portada\/2022\/05\/05\/comunidad-del-tablon-de-tamara-sigue-esperando-su-acueducto-proxima-semana-reanudarian-obras\/embed\/#?secret=Bh19A9QBgc#?secret=mV3c7mDt1e\" width=\"600\" height=\"590\" frameborder=\"0\" marginwidth=\"0\" marginheight=\"0\" scrolling=\"no\" sandbox=\"allow-scripts\" data-secret=\"mV3c7mDt1e\" data-mce-fragment=\"1\"><\/iframe><\/p>\n<p><iframe loading=\"lazy\" class=\"wp-embedded-content\" title=\"\u00abCon pica y pala, moradores de Pajarito, quieren abrir la v\u00eda Aguazul-Sogamoso en La Granja. Podr\u00eda ocurrir tragedia si hay deslizamientos de la monta\u00f1a.\u00bb \u2014 \u25b7 Noticias de Casanare : Martha Cifuentes | Casanare\" src=\"https:\/\/marthacifuentes.com\/portada\/2022\/05\/05\/con-pica-y-pala-moradores-de-pajarito-quieren-abrir-la-via-aguazul-sogamoso-en-la-granja-podria-ocurrir-tragedia-si-hay-deslizamientos-de-la-montana\/embed\/#?secret=FTTfOgxK5Y#?secret=cE9UTVAmHo\" width=\"600\" height=\"628\" frameborder=\"0\" marginwidth=\"0\" marginheight=\"0\" scrolling=\"no\" sandbox=\"allow-scripts\" data-secret=\"cE9UTVAmHo\" data-mce-fragment=\"1\"><\/iframe><\/p>\n<p><iframe loading=\"lazy\" class=\"wp-embedded-content\" title=\"\u00abQuema de subestaci\u00f3n de energ\u00eda en Aguaclara, Sabanalarga, evidencia ca\u00f3tica situaci\u00f3n de Enerca\u00bb \u2014 \u25b7 Noticias de Casanare : Martha Cifuentes | Casanare\" src=\"https:\/\/marthacifuentes.com\/portada\/2022\/05\/05\/quema-de-subestacion-de-energia-en-aguaclara-sabanalarga-evidencia-caotica-situacion-de-enerca\/embed\/#?secret=oCqJhJXB2G#?secret=HA84rzLJ6d\" width=\"600\" height=\"553\" frameborder=\"0\" marginwidth=\"0\" marginheight=\"0\" scrolling=\"no\" sandbox=\"allow-scripts\" data-secret=\"HA84rzLJ6d\" data-mce-fragment=\"1\"><\/iframe><\/p>\n<p><iframe loading=\"lazy\" class=\"wp-embedded-content\" title=\"\u00abNi\u00f1as casanare\u00f1as van a la NASA de la mano de programa de rob\u00f3tica de la Sustenable Foundation\u00bb \u2014 \u25b7 Noticias de Casanare : Martha Cifuentes | Casanare\" src=\"https:\/\/marthacifuentes.com\/portada\/2022\/05\/04\/ninas-casanarenas-van-a-la-nasa-de-la-mano-de-programa-de-robotica-de-la-sustenable-foundation\/embed\/#?secret=It33Pgmg7G#?secret=7RcAAwLKqa\" width=\"600\" height=\"621\" frameborder=\"0\" marginwidth=\"0\" marginheight=\"0\" scrolling=\"no\" sandbox=\"allow-scripts\" data-secret=\"7RcAAwLKqa\" data-mce-fragment=\"1\"><\/iframe><\/p>\n<p><iframe loading=\"lazy\" class=\"wp-embedded-content\" title=\"\u00abSolo superando 40% de vacunaci\u00f3n de la 3a dosis contra el Covid-19, en Yopal, habitantes podr\u00e1n dejar de usar tapabocas en sitio cerrado.\u00bb \u2014 \u25b7 Noticias de Casanare : Martha Cifuentes | Casanare\" src=\"https:\/\/marthacifuentes.com\/portada\/2022\/05\/04\/solo-superando-40-de-vacunacion-de-la-3a-dosis-contra-el-covid-19-en-yopal-habitantes-podran-dejar-de-usar-tapabocas-en-sitio-cerrado\/embed\/#?secret=xuBgZS9ii1#?secret=wbRtZfNgXp\" width=\"600\" height=\"575\" frameborder=\"0\" marginwidth=\"0\" marginheight=\"0\" scrolling=\"no\" sandbox=\"allow-scripts\" data-secret=\"wbRtZfNgXp\" data-mce-fragment=\"1\"><\/iframe><\/p>\n<p><iframe loading=\"lazy\" class=\"wp-embedded-content\" title=\"\u00abLe lleg\u00f3 la mala racha a alias \u201cChingamala\u201d, redomado ladr\u00f3n y presunto homicida de Yopal. Juez lo envi\u00f3 a la c\u00e1rcel.\u00bb \u2014 \u25b7 Noticias de Casanare : Martha Cifuentes | Casanare\" src=\"https:\/\/marthacifuentes.com\/portada\/2022\/05\/04\/le-llego-la-mala-racha-a-alias-chingamala-redomado-ladron-y-presunto-homicida-de-yopal-juez-lo-envio-a-la-carcel\/embed\/#?secret=VNQ9GVQ8cA#?secret=EmE6gsEGVa\" width=\"600\" height=\"649\" frameborder=\"0\" marginwidth=\"0\" marginheight=\"0\" scrolling=\"no\" sandbox=\"allow-scripts\" data-secret=\"EmE6gsEGVa\" data-mce-fragment=\"1\"><\/iframe><\/p>\n<p><iframe loading=\"lazy\" class=\"wp-embedded-content\" title=\"\u00abAlcaldes y gobernadores s\u00ed pueden dar \u00f3rdenes a comandantes de polic\u00eda so pena de sanciones: Min Interior\u00bb \u2014 \u25b7 Noticias de Casanare : Martha Cifuentes | Casanare\" src=\"https:\/\/marthacifuentes.com\/portada\/2022\/05\/04\/alcaldes-y-gobernadores-si-pueden-dar-ordenes-a-comandantes-de-policia-so-pena-de-sanciones-min-interior\/embed\/#?secret=FujctHh4ym#?secret=VYPXZi4Uyc\" width=\"600\" height=\"649\" frameborder=\"0\" marginwidth=\"0\" marginheight=\"0\" scrolling=\"no\" sandbox=\"allow-scripts\" data-secret=\"VYPXZi4Uyc\" data-mce-fragment=\"1\"><\/iframe><\/p>\n<p><iframe loading=\"lazy\" class=\"wp-embedded-content\" title=\"\u00abPersonas con comparendos impuestos durante la pandemia pueden acogerse a descuento de 50% en Yopal\u00bb \u2014 \u25b7 Noticias de Casanare : Martha Cifuentes | Casanare\" src=\"https:\/\/marthacifuentes.com\/portada\/2022\/05\/04\/personas-con-comparendos-impuestos-durante-la-pandemia-pueden-acogerse-a-descuento-de-50-en-yopal\/embed\/#?secret=Ol211reR3m#?secret=9l6upraqaj\" width=\"600\" height=\"649\" frameborder=\"0\" marginwidth=\"0\" marginheight=\"0\" scrolling=\"no\" sandbox=\"allow-scripts\" data-secret=\"9l6upraqaj\" data-mce-fragment=\"1\"><\/iframe><\/p>\n<p><iframe loading=\"lazy\" class=\"wp-embedded-content\" title=\"\u00abLa Fazenda no tiene inter\u00e9s en Casalac o Casanare como anunci\u00f3 el gobernador Salom\u00f3n Sanabria\u00bb \u2014 \u25b7 Noticias de Casanare : Martha Cifuentes | Casanare\" src=\"https:\/\/marthacifuentes.com\/portada\/2022\/05\/04\/la-fazenda-no-tiene-interes-en-casalac-o-casanare-como-anuncio-el-gobernador-salomon-sanabria\/embed\/#?secret=gNZtXpBL9Q#?secret=7RVFWErDlG\" width=\"600\" height=\"621\" frameborder=\"0\" marginwidth=\"0\" marginheight=\"0\" scrolling=\"no\" sandbox=\"allow-scripts\" data-secret=\"7RVFWErDlG\" data-mce-fragment=\"1\"><\/iframe><\/p>\n<p><iframe loading=\"lazy\" class=\"wp-embedded-content\" title=\"\u00abDesalmados robaron m\u00e1quina de di\u00e1lisis a paciente renal de Villanueva, Casanare\u00bb \u2014 \u25b7 Noticias de Casanare : Martha Cifuentes | Casanare\" src=\"https:\/\/marthacifuentes.com\/portada\/2022\/05\/03\/desalmados-robaron-maquina-de-dialisis-a-paciente-renal-de-villanueva-casanare\/embed\/#?secret=HbFkqExKif#?secret=S6WwQzR7fT\" width=\"600\" height=\"621\" frameborder=\"0\" marginwidth=\"0\" marginheight=\"0\" scrolling=\"no\" sandbox=\"allow-scripts\" data-secret=\"S6WwQzR7fT\" data-mce-fragment=\"1\"><\/iframe><\/p>\n<p><iframe loading=\"lazy\" class=\"wp-embedded-content\" title=\"\u00abPanfleto de autodenominadas autodefensas gaitanistas asusta a poblaci\u00f3n de Villanueva, Casanare. Se ordena asistir a una reuni\u00f3n.\u00bb \u2014 \u25b7 Noticias de Casanare : Martha Cifuentes | Casanare\" src=\"https:\/\/marthacifuentes.com\/portada\/2022\/05\/03\/panfleto-de-autodenominadas-autodefensas-gaitanistas-asusta-a-poblacion-de-villanueva-casanare-se-ordena-asistir-a-una-reunion\/embed\/#?secret=1OVE1wokK5#?secret=8MPHpr8XcD\" width=\"600\" height=\"628\" frameborder=\"0\" marginwidth=\"0\" marginheight=\"0\" scrolling=\"no\" sandbox=\"allow-scripts\" data-secret=\"8MPHpr8XcD\" data-mce-fragment=\"1\"><\/iframe><\/p>\n<p><iframe loading=\"lazy\" class=\"wp-embedded-content\" title=\"\u00abNi\u00f1a de 13 a\u00f1os se mat\u00f3 en accidente bajando en bicicleta del cerro de La Virgen en Yopal\u00bb \u2014 \u25b7 Noticias de Casanare : Martha Cifuentes | Casanare\" src=\"https:\/\/marthacifuentes.com\/portada\/2022\/05\/03\/nina-de-13-anos-se-mato-en-accidente-bajando-en-bicicleta-del-cerro-de-la-virgen-en-yopal\/embed\/#?secret=fLFZPGWaaI#?secret=tcUikBaaLR\" width=\"600\" height=\"621\" frameborder=\"0\" marginwidth=\"0\" marginheight=\"0\" scrolling=\"no\" sandbox=\"allow-scripts\" data-secret=\"tcUikBaaLR\" data-mce-fragment=\"1\"><\/iframe><\/p>\n<p><iframe loading=\"lazy\" class=\"wp-embedded-content\" title=\"\u00ab46 a\u00f1os de prisi\u00f3n para 8 soldados que acribillaron a pareja campesina en Sabanalarga en 2009. Corte Suprema revoc\u00f3 fallo absolutorio de Tribunal de Yopal.\u00bb \u2014 \u25b7 Noticias de Casanare : Martha Cifuentes | Casanare\" src=\"https:\/\/marthacifuentes.com\/portada\/2022\/05\/03\/46-anos-de-prision-para-8-soldados-que-acribillaron-a-pareja-campesina-en-sabanalarga-en-2009-corte-suprema-revoco-fallo-absolutorio-de-tribunal-de-yopal\/embed\/#?secret=BKYstlIr0u#?secret=7ccx5QRnP6\" width=\"600\" height=\"628\" frameborder=\"0\" marginwidth=\"0\" marginheight=\"0\" scrolling=\"no\" sandbox=\"allow-scripts\" data-secret=\"7ccx5QRnP6\" data-mce-fragment=\"1\"><\/iframe><\/p>\n<p><iframe loading=\"lazy\" class=\"wp-embedded-content\" title=\"\u00abNuevamente l\u00edder social Miguel Daza de Aguazul fue capturado por el Ej\u00e9rcito\u00bb \u2014 \u25b7 Noticias de Casanare : Martha Cifuentes | Casanare\" src=\"https:\/\/marthacifuentes.com\/portada\/2022\/05\/03\/nuevamente-lider-social-miguel-daza-de-aguazul-fue-capturado-por-el-ejercito\/embed\/#?secret=7aKHOxpm5E#?secret=nmeVydkw8I\" width=\"600\" height=\"621\" frameborder=\"0\" marginwidth=\"0\" marginheight=\"0\" scrolling=\"no\" sandbox=\"allow-scripts\" data-secret=\"nmeVydkw8I\" data-mce-fragment=\"1\"><\/iframe><\/p>\n<p><iframe loading=\"lazy\" class=\"wp-embedded-content\" title=\"\u00abIncontrolable inseguridad en Yopal. Hombre herido en asalto de los de la moto Pulsar.\u00bb \u2014 \u25b7 Noticias de Casanare : Martha Cifuentes | Casanare\" src=\"https:\/\/marthacifuentes.com\/portada\/2022\/05\/03\/incontrolable-inseguridad-en-yopal-hombre-herido-en-asalto-de-los-de-la-moto-pulsar\/embed\/#?secret=jBWS1hgEvu#?secret=cIDVM9LNfd\" width=\"600\" height=\"555\" frameborder=\"0\" marginwidth=\"0\" marginheight=\"0\" scrolling=\"no\" sandbox=\"allow-scripts\" data-secret=\"cIDVM9LNfd\" data-mce-fragment=\"1\"><\/iframe><\/p>\n<p><iframe loading=\"lazy\" class=\"wp-embedded-content\" title=\"\u00abFindeter se lav\u00f3 las manos con el agua de Yopal. PTAP definitiva funcionar\u00e1 intermitente seg\u00fan crecidas del r\u00edo Cravo Sur.\u00bb \u2014 \u25b7 Noticias de Casanare : Martha Cifuentes | Casanare\" src=\"https:\/\/marthacifuentes.com\/portada\/2022\/05\/03\/findeter-se-lavo-las-manos-con-el-agua-de-yopal-ptap-definitiva-funcionara-intermitente-segun-crecidas-del-rio-cravo-sur\/embed\/#?secret=sP8XZy94s8#?secret=kUVwWxfvge\" width=\"600\" height=\"604\" frameborder=\"0\" marginwidth=\"0\" marginheight=\"0\" scrolling=\"no\" sandbox=\"allow-scripts\" data-secret=\"kUVwWxfvge\" data-mce-fragment=\"1\"><\/iframe><\/p>\n<p><iframe loading=\"lazy\" class=\"wp-embedded-content\" title=\"\u00abM\u00e1s muertos en las v\u00edas de Yopal.\u00bb \u2014 \u25b7 Noticias de Casanare : Martha Cifuentes | Casanare\" src=\"https:\/\/marthacifuentes.com\/portada\/2022\/05\/02\/mas-muertos-en-las-vias-de-yopal\/embed\/#?secret=jNQoT4TsHs#?secret=g6JKMfE8kt\" width=\"600\" height=\"584\" frameborder=\"0\" marginwidth=\"0\" marginheight=\"0\" scrolling=\"no\" sandbox=\"allow-scripts\" data-secret=\"g6JKMfE8kt\" data-mce-fragment=\"1\"><\/iframe><\/p>\n<p><iframe loading=\"lazy\" class=\"wp-embedded-content\" title=\"\u00abElectricista muri\u00f3 en accidente cuando se cay\u00f3 de un poste en San Marcos, Yopal\u00bb \u2014 \u25b7 Noticias de Casanare : Martha Cifuentes | Casanare\" src=\"https:\/\/marthacifuentes.com\/portada\/2022\/05\/02\/electricista-murio-en-accidente-cuando-se-cayo-de-un-poste-en-san-marcos-yopal\/embed\/#?secret=c7jEuMEjOb#?secret=8owxJn8ACF\" width=\"600\" height=\"592\" frameborder=\"0\" marginwidth=\"0\" marginheight=\"0\" scrolling=\"no\" sandbox=\"allow-scripts\" data-secret=\"8owxJn8ACF\" data-mce-fragment=\"1\"><\/iframe><\/p>\n<p><iframe loading=\"lazy\" class=\"wp-embedded-content\" title=\"\u00abAlias Otoniel vincul\u00f3 a exgobernadores, exdiputados, exalcaldes y empresarios de Casanare con el Clan del Golfo\u00bb \u2014 \u25b7 Noticias de Casanare : Martha Cifuentes | Casanare\" src=\"https:\/\/marthacifuentes.com\/portada\/2022\/05\/02\/alias-otoniel-vinculo-a-exgobernadores-exdiputados-exalcaldes-y-empresarios-de-casanare-con-el-clan-del-golfo\/embed\/#?secret=bJPOw9bc5r#?secret=bToY56xtar\" width=\"600\" height=\"642\" frameborder=\"0\" marginwidth=\"0\" marginheight=\"0\" scrolling=\"no\" sandbox=\"allow-scripts\" data-secret=\"bToY56xtar\" data-mce-fragment=\"1\"><\/iframe><\/p>\n<p><iframe loading=\"lazy\" class=\"wp-embedded-content\" title=\"\u00abIncierta apertura de la v\u00eda Aguazul-Sogamoso. Inv\u00edas muda y comunidad de Pajarito, atribulada\u00bb \u2014 \u25b7 Noticias de Casanare : Martha Cifuentes | Casanare\" src=\"https:\/\/marthacifuentes.com\/portada\/2022\/05\/02\/incierta-apertura-de-la-via-aguazul-sogamoso-invias-muda-y-comunidad-de-pajarito-atribulada\/embed\/#?secret=DuiOMJuFWR#?secret=OHvJq55v86\" width=\"600\" height=\"592\" frameborder=\"0\" marginwidth=\"0\" marginheight=\"0\" scrolling=\"no\" sandbox=\"allow-scripts\" data-secret=\"OHvJq55v86\" data-mce-fragment=\"1\"><\/iframe><\/p>\n<p><iframe loading=\"lazy\" class=\"wp-embedded-content\" title=\"\u00abGobiernos nacional y local no cumplieron con realizar el sistema de abastecimiento de agua potable de Yopal. Hay PTAP, inconclusa.\u00bb \u2014 \u25b7 Noticias de Casanare : Martha Cifuentes | Casanare\" src=\"https:\/\/marthacifuentes.com\/portada\/2022\/04\/29\/gobiernos-nacional-y-local-no-cumplieron-con-realizar-el-sistema-de-abastecimiento-de-agua-potable-de-yopal-hay-ptap-inconclusa\/embed\/#?secret=2V8ML6HkZK#?secret=Hpeq14z49X\" width=\"600\" height=\"626\" frameborder=\"0\" marginwidth=\"0\" marginheight=\"0\" scrolling=\"no\" sandbox=\"allow-scripts\" data-secret=\"Hpeq14z49X\" data-mce-fragment=\"1\"><\/iframe><\/p>\n<p><iframe loading=\"lazy\" class=\"wp-embedded-content\" title=\"\u00abLa llegada de La Fazenda a Casanare ya comienza a generar escozor. Porcicultores temen quiebra.\u00bb \u2014 \u25b7 Noticias de Casanare : Martha Cifuentes | Casanare\" src=\"https:\/\/marthacifuentes.com\/portada\/2022\/04\/29\/la-llegada-de-la-fazenda-a-casanare-ya-comienza-a-generar-escozor-porcicultores-temen-quiebra\/embed\/#?secret=Ftb5dSHuOU#?secret=qU9vzpT5Re\" width=\"600\" height=\"600\" frameborder=\"0\" marginwidth=\"0\" marginheight=\"0\" scrolling=\"no\" sandbox=\"allow-scripts\" data-secret=\"qU9vzpT5Re\" data-mce-fragment=\"1\"><\/iframe><\/p>\n<p><iframe loading=\"lazy\" class=\"wp-embedded-content\" title=\"\u00abBanda del Clan del Golfo que se quer\u00eda afincar en Hato Corozal fue desmantelada. En combates muri\u00f3 su cabecilla.\u00bb \u2014 \u25b7 Noticias de Casanare : Martha Cifuentes | Casanare\" src=\"https:\/\/marthacifuentes.com\/portada\/2022\/04\/29\/banda-del-clan-del-golfo-que-se-queria-afincar-en-hato-corozal-fue-desmantelada-en-combates-murio-su-cabecilla\/embed\/#?secret=zGEXZBq8cl#?secret=WdV499swfV\" width=\"600\" height=\"649\" frameborder=\"0\" marginwidth=\"0\" marginheight=\"0\" scrolling=\"no\" sandbox=\"allow-scripts\" data-secret=\"WdV499swfV\" data-mce-fragment=\"1\"><\/iframe><\/p>\n<p><iframe loading=\"lazy\" class=\"wp-embedded-content\" title=\"\u00abSabanalarga, Casanare, ofrece turismo de bienestar y tranquilidad con \u00abSabana al Viento\u00bb. C\u00e1mara de Comercio lo impulsa.\u00bb \u2014 \u25b7 Noticias de Casanare : Martha Cifuentes | Casanare\" src=\"https:\/\/marthacifuentes.com\/portada\/2022\/04\/28\/sabanalarga-casanare-ofrece-turismo-de-bienestar-y-tranquilidad-con-sabana-al-viento-camara-de-comercio-lo-impulsa\/embed\/#?secret=wXbhQ8kgfL#?secret=Ec6rt5bJGO\" width=\"600\" height=\"649\" frameborder=\"0\" marginwidth=\"0\" marginheight=\"0\" scrolling=\"no\" sandbox=\"allow-scripts\" data-secret=\"Ec6rt5bJGO\" data-mce-fragment=\"1\"><\/iframe><\/p>\n","protected":false},"excerpt":{"rendered":"<p>Capturado sujeto con 4 kilos de marihuana y 10 gramos de base de coca en la v\u00eda que conduce a Sabanalarga. El hombre de 46 a\u00f1os de edad, que transportaba en una caja la sustancia psicoactiva, se desplazaba en un bus de transporte p\u00fablico con ruta a Yopal\u00a0 desde la ciudad de Villavicencio, la sustancia &hellip;<\/p>\n","protected":false},"author":2,"featured_media":29208,"comment_status":"open","ping_status":"open","sticky":false,"template":"","format":"standard","meta":{"om_disable_all_campaigns":false,"_exactmetrics_skip_tracking":false,"_exactmetrics_sitenote_active":false,"_exactmetrics_sitenote_note":"","_exactmetrics_sitenote_category":0,"_monsterinsights_skip_tracking":false,"_monsterinsights_sitenote_active":false,"_monsterinsights_sitenote_note":"","_monsterinsights_sitenote_category":0,"_uf_show_specific_survey":0,"_uf_disable_surveys":false,"_joinchat":[],"footnotes":""},"categories":[147,146,145],"tags":[7701,7704,7706,7700,7705,7703,268,1805,7707,7699,7702],"class_list":["post-29212","post","type-post","status-publish","format-standard","has-post-thumbnail","hentry","category-actualidad","category-noticias","category-reportajes","tag-10-gramos-base-de-coca","tag-166-gr-de-marihuana","tag-328-gr-bazuco-en-pasta","tag-4-kilos-marihuana","tag-45-papeletas-dosificadas-bazuka","tag-la-fragua","tag-paz-de-ariporo","tag-sabanalarga","tag-seccional-de-casanare-lo-presento-ante-el-juzgado-segundo-promiscuo","tag-venezolano-transportaba-marihuana","tag-wuender-jose-quiroga-bravo"],"yoast_head":"<!-- This site is optimized with the Yoast SEO plugin v26.1 - https:\/\/yoast.com\/wordpress\/plugins\/seo\/ -->\n<title>Por llevar alijo de marihuana en un bus capturado venezolano en Paz de Ariporo - \u25b7 Noticias de Casanare : Martha Cifuentes | Casanare<\/title>\n<meta name=\"robots\" content=\"index, follow, max-snippet:-1, max-image-preview:large, max-video-preview:-1\" \/>\n<link rel=\"canonical\" href=\"https:\/\/marthacifuentes.com\/portada\/por-llevar-alijo-de-marihuana-en-un-bus-capturado-venezolano-en-paz-de-ariporo\/\" \/>\n<meta property=\"og:locale\" content=\"es_ES\" \/>\n<meta property=\"og:type\" content=\"article\" \/>\n<meta property=\"og:title\" content=\"Por llevar alijo de marihuana en un bus capturado venezolano en Paz de Ariporo - \u25b7 Noticias de Casanare : Martha Cifuentes | Casanare\" \/>\n<meta property=\"og:description\" content=\"Capturado sujeto con 4 kilos de marihuana y 10 gramos de base de coca en la v\u00eda que conduce a Sabanalarga. El hombre de 46 a\u00f1os de edad, que transportaba en una caja la sustancia psicoactiva, se desplazaba en un bus de transporte p\u00fablico con ruta a Yopal\u00a0 desde la ciudad de Villavicencio, la sustancia &hellip;\" \/>\n<meta property=\"og:url\" content=\"https:\/\/marthacifuentes.com\/portada\/por-llevar-alijo-de-marihuana-en-un-bus-capturado-venezolano-en-paz-de-ariporo\/\" \/>\n<meta property=\"og:site_name\" content=\"\u25b7 Noticias de Casanare : Martha Cifuentes | Casanare\" \/>\n<meta property=\"article:published_time\" content=\"2022-05-25T17:10:59+00:00\" \/>\n<meta property=\"og:image\" content=\"https:\/\/marthacifuentes.com\/portada\/wp-content\/uploads\/2022\/05\/VENEZOLANO-CAPTURADO-CON-MARIHUANA.jpg\" \/>\n\t<meta property=\"og:image:width\" content=\"1200\" \/>\n\t<meta property=\"og:image:height\" content=\"1600\" \/>\n\t<meta property=\"og:image:type\" content=\"image\/jpeg\" \/>\n<meta name=\"author\" content=\"Martha Cifuentes\" \/>\n<meta name=\"twitter:card\" content=\"summary_large_image\" \/>\n<meta name=\"twitter:label1\" content=\"Escrito por\" \/>\n\t<meta name=\"twitter:data1\" content=\"Martha Cifuentes\" \/>\n\t<meta name=\"twitter:label2\" content=\"Tiempo de lectura\" \/>\n\t<meta name=\"twitter:data2\" content=\"1 minuto\" \/>\n<script type=\"application\/ld+json\" class=\"yoast-schema-graph\">{\"@context\":\"https:\/\/schema.org\",\"@graph\":[{\"@type\":\"WebPage\",\"@id\":\"https:\/\/marthacifuentes.com\/portada\/por-llevar-alijo-de-marihuana-en-un-bus-capturado-venezolano-en-paz-de-ariporo\/\",\"url\":\"https:\/\/marthacifuentes.com\/portada\/por-llevar-alijo-de-marihuana-en-un-bus-capturado-venezolano-en-paz-de-ariporo\/\",\"name\":\"Por llevar alijo de marihuana en un bus capturado venezolano en Paz de Ariporo - \u25b7 Noticias de Casanare : Martha Cifuentes | Casanare\",\"isPartOf\":{\"@id\":\"https:\/\/marthacifuentes.com\/portada\/#website\"},\"primaryImageOfPage\":{\"@id\":\"https:\/\/marthacifuentes.com\/portada\/por-llevar-alijo-de-marihuana-en-un-bus-capturado-venezolano-en-paz-de-ariporo\/#primaryimage\"},\"image\":{\"@id\":\"https:\/\/marthacifuentes.com\/portada\/por-llevar-alijo-de-marihuana-en-un-bus-capturado-venezolano-en-paz-de-ariporo\/#primaryimage\"},\"thumbnailUrl\":\"https:\/\/marthacifuentes.com\/portada\/wp-content\/uploads\/2022\/05\/VENEZOLANO-CAPTURADO-CON-MARIHUANA.jpg\",\"datePublished\":\"2022-05-25T17:10:59+00:00\",\"author\":{\"@id\":\"https:\/\/marthacifuentes.com\/portada\/#\/schema\/person\/57f53174b991db5f90ff78d58502b714\"},\"breadcrumb\":{\"@id\":\"https:\/\/marthacifuentes.com\/portada\/por-llevar-alijo-de-marihuana-en-un-bus-capturado-venezolano-en-paz-de-ariporo\/#breadcrumb\"},\"inLanguage\":\"es\",\"potentialAction\":[{\"@type\":\"ReadAction\",\"target\":[\"https:\/\/marthacifuentes.com\/portada\/por-llevar-alijo-de-marihuana-en-un-bus-capturado-venezolano-en-paz-de-ariporo\/\"]}]},{\"@type\":\"ImageObject\",\"inLanguage\":\"es\",\"@id\":\"https:\/\/marthacifuentes.com\/portada\/por-llevar-alijo-de-marihuana-en-un-bus-capturado-venezolano-en-paz-de-ariporo\/#primaryimage\",\"url\":\"https:\/\/marthacifuentes.com\/portada\/wp-content\/uploads\/2022\/05\/VENEZOLANO-CAPTURADO-CON-MARIHUANA.jpg\",\"contentUrl\":\"https:\/\/marthacifuentes.com\/portada\/wp-content\/uploads\/2022\/05\/VENEZOLANO-CAPTURADO-CON-MARIHUANA.jpg\",\"width\":1200,\"height\":1600},{\"@type\":\"BreadcrumbList\",\"@id\":\"https:\/\/marthacifuentes.com\/portada\/por-llevar-alijo-de-marihuana-en-un-bus-capturado-venezolano-en-paz-de-ariporo\/#breadcrumb\",\"itemListElement\":[{\"@type\":\"ListItem\",\"position\":1,\"name\":\"Portada\",\"item\":\"https:\/\/marthacifuentes.com\/portada\/\"},{\"@type\":\"ListItem\",\"position\":2,\"name\":\"Por llevar alijo de marihuana en un bus capturado venezolano en Paz de Ariporo\"}]},{\"@type\":\"WebSite\",\"@id\":\"https:\/\/marthacifuentes.com\/portada\/#website\",\"url\":\"https:\/\/marthacifuentes.com\/portada\/\",\"name\":\"\u25b7 Noticias de Casanare : Martha Cifuentes | Casanare\",\"description\":\"Noticias &amp; Contenidos\",\"potentialAction\":[{\"@type\":\"SearchAction\",\"target\":{\"@type\":\"EntryPoint\",\"urlTemplate\":\"https:\/\/marthacifuentes.com\/portada\/?s={search_term_string}\"},\"query-input\":{\"@type\":\"PropertyValueSpecification\",\"valueRequired\":true,\"valueName\":\"search_term_string\"}}],\"inLanguage\":\"es\"},{\"@type\":\"Person\",\"@id\":\"https:\/\/marthacifuentes.com\/portada\/#\/schema\/person\/57f53174b991db5f90ff78d58502b714\",\"name\":\"Martha Cifuentes\",\"image\":{\"@type\":\"ImageObject\",\"inLanguage\":\"es\",\"@id\":\"https:\/\/marthacifuentes.com\/portada\/#\/schema\/person\/image\/\",\"url\":\"http:\/\/marthacifuentes.com\/portada\/wp-content\/uploads\/2018\/06\/avatar_user_2_1528838701-96x96.jpg\",\"contentUrl\":\"http:\/\/marthacifuentes.com\/portada\/wp-content\/uploads\/2018\/06\/avatar_user_2_1528838701-96x96.jpg\",\"caption\":\"Martha Cifuentes\"},\"sameAs\":[\"http:\/\/www.marthacifuentes.com\"],\"url\":\"https:\/\/marthacifuentes.com\/portada\/author\/martha\/\"}]}<\/script>\n<!-- \/ Yoast SEO plugin. -->","yoast_head_json":{"title":"Por llevar alijo de marihuana en un bus capturado venezolano en Paz de Ariporo - \u25b7 Noticias de Casanare : Martha Cifuentes | Casanare","robots":{"index":"index","follow":"follow","max-snippet":"max-snippet:-1","max-image-preview":"max-image-preview:large","max-video-preview":"max-video-preview:-1"},"canonical":"https:\/\/marthacifuentes.com\/portada\/por-llevar-alijo-de-marihuana-en-un-bus-capturado-venezolano-en-paz-de-ariporo\/","og_locale":"es_ES","og_type":"article","og_title":"Por llevar alijo de marihuana en un bus capturado venezolano en Paz de Ariporo - \u25b7 Noticias de Casanare : Martha Cifuentes | Casanare","og_description":"Capturado sujeto con 4 kilos de marihuana y 10 gramos de base de coca en la v\u00eda que conduce a Sabanalarga. El hombre de 46 a\u00f1os de edad, que transportaba en una caja la sustancia psicoactiva, se desplazaba en un bus de transporte p\u00fablico con ruta a Yopal\u00a0 desde la ciudad de Villavicencio, la sustancia &hellip;","og_url":"https:\/\/marthacifuentes.com\/portada\/por-llevar-alijo-de-marihuana-en-un-bus-capturado-venezolano-en-paz-de-ariporo\/","og_site_name":"\u25b7 Noticias de Casanare : Martha Cifuentes | Casanare","article_published_time":"2022-05-25T17:10:59+00:00","og_image":[{"width":1200,"height":1600,"url":"https:\/\/marthacifuentes.com\/portada\/wp-content\/uploads\/2022\/05\/VENEZOLANO-CAPTURADO-CON-MARIHUANA.jpg","type":"image\/jpeg"}],"author":"Martha Cifuentes","twitter_card":"summary_large_image","twitter_misc":{"Escrito por":"Martha Cifuentes","Tiempo de lectura":"1 minuto"},"schema":{"@context":"https:\/\/schema.org","@graph":[{"@type":"WebPage","@id":"https:\/\/marthacifuentes.com\/portada\/por-llevar-alijo-de-marihuana-en-un-bus-capturado-venezolano-en-paz-de-ariporo\/","url":"https:\/\/marthacifuentes.com\/portada\/por-llevar-alijo-de-marihuana-en-un-bus-capturado-venezolano-en-paz-de-ariporo\/","name":"Por llevar alijo de marihuana en un bus capturado venezolano en Paz de Ariporo - \u25b7 Noticias de Casanare : Martha Cifuentes | Casanare","isPartOf":{"@id":"https:\/\/marthacifuentes.com\/portada\/#website"},"primaryImageOfPage":{"@id":"https:\/\/marthacifuentes.com\/portada\/por-llevar-alijo-de-marihuana-en-un-bus-capturado-venezolano-en-paz-de-ariporo\/#primaryimage"},"image":{"@id":"https:\/\/marthacifuentes.com\/portada\/por-llevar-alijo-de-marihuana-en-un-bus-capturado-venezolano-en-paz-de-ariporo\/#primaryimage"},"thumbnailUrl":"https:\/\/marthacifuentes.com\/portada\/wp-content\/uploads\/2022\/05\/VENEZOLANO-CAPTURADO-CON-MARIHUANA.jpg","datePublished":"2022-05-25T17:10:59+00:00","author":{"@id":"https:\/\/marthacifuentes.com\/portada\/#\/schema\/person\/57f53174b991db5f90ff78d58502b714"},"breadcrumb":{"@id":"https:\/\/marthacifuentes.com\/portada\/por-llevar-alijo-de-marihuana-en-un-bus-capturado-venezolano-en-paz-de-ariporo\/#breadcrumb"},"inLanguage":"es","potentialAction":[{"@type":"ReadAction","target":["https:\/\/marthacifuentes.com\/portada\/por-llevar-alijo-de-marihuana-en-un-bus-capturado-venezolano-en-paz-de-ariporo\/"]}]},{"@type":"ImageObject","inLanguage":"es","@id":"https:\/\/marthacifuentes.com\/portada\/por-llevar-alijo-de-marihuana-en-un-bus-capturado-venezolano-en-paz-de-ariporo\/#primaryimage","url":"https:\/\/marthacifuentes.com\/portada\/wp-content\/uploads\/2022\/05\/VENEZOLANO-CAPTURADO-CON-MARIHUANA.jpg","contentUrl":"https:\/\/marthacifuentes.com\/portada\/wp-content\/uploads\/2022\/05\/VENEZOLANO-CAPTURADO-CON-MARIHUANA.jpg","width":1200,"height":1600},{"@type":"BreadcrumbList","@id":"https:\/\/marthacifuentes.com\/portada\/por-llevar-alijo-de-marihuana-en-un-bus-capturado-venezolano-en-paz-de-ariporo\/#breadcrumb","itemListElement":[{"@type":"ListItem","position":1,"name":"Portada","item":"https:\/\/marthacifuentes.com\/portada\/"},{"@type":"ListItem","position":2,"name":"Por llevar alijo de marihuana en un bus capturado venezolano en Paz de Ariporo"}]},{"@type":"WebSite","@id":"https:\/\/marthacifuentes.com\/portada\/#website","url":"https:\/\/marthacifuentes.com\/portada\/","name":"\u25b7 Noticias de Casanare : Martha Cifuentes | Casanare","description":"Noticias &amp; Contenidos","potentialAction":[{"@type":"SearchAction","target":{"@type":"EntryPoint","urlTemplate":"https:\/\/marthacifuentes.com\/portada\/?s={search_term_string}"},"query-input":{"@type":"PropertyValueSpecification","valueRequired":true,"valueName":"search_term_string"}}],"inLanguage":"es"},{"@type":"Person","@id":"https:\/\/marthacifuentes.com\/portada\/#\/schema\/person\/57f53174b991db5f90ff78d58502b714","name":"Martha Cifuentes","image":{"@type":"ImageObject","inLanguage":"es","@id":"https:\/\/marthacifuentes.com\/portada\/#\/schema\/person\/image\/","url":"http:\/\/marthacifuentes.com\/portada\/wp-content\/uploads\/2018\/06\/avatar_user_2_1528838701-96x96.jpg","contentUrl":"http:\/\/marthacifuentes.com\/portada\/wp-content\/uploads\/2018\/06\/avatar_user_2_1528838701-96x96.jpg","caption":"Martha Cifuentes"},"sameAs":["http:\/\/www.marthacifuentes.com"],"url":"https:\/\/marthacifuentes.com\/portada\/author\/martha\/"}]}},"_links":{"self":[{"href":"https:\/\/marthacifuentes.com\/portada\/wp-json\/wp\/v2\/posts\/29212","targetHints":{"allow":["GET"]}}],"collection":[{"href":"https:\/\/marthacifuentes.com\/portada\/wp-json\/wp\/v2\/posts"}],"about":[{"href":"https:\/\/marthacifuentes.com\/portada\/wp-json\/wp\/v2\/types\/post"}],"author":[{"embeddable":true,"href":"https:\/\/marthacifuentes.com\/portada\/wp-json\/wp\/v2\/users\/2"}],"replies":[{"embeddable":true,"href":"https:\/\/marthacifuentes.com\/portada\/wp-json\/wp\/v2\/comments?post=29212"}],"version-history":[{"count":1,"href":"https:\/\/marthacifuentes.com\/portada\/wp-json\/wp\/v2\/posts\/29212\/revisions"}],"predecessor-version":[{"id":29216,"href":"https:\/\/marthacifuentes.com\/portada\/wp-json\/wp\/v2\/posts\/29212\/revisions\/29216"}],"wp:featuredmedia":[{"embeddable":true,"href":"https:\/\/marthacifuentes.com\/portada\/wp-json\/wp\/v2\/media\/29208"}],"wp:attachment":[{"href":"https:\/\/marthacifuentes.com\/portada\/wp-json\/wp\/v2\/media?parent=29212"}],"wp:term":[{"taxonomy":"category","embeddable":true,"href":"https:\/\/marthacifuentes.com\/portada\/wp-json\/wp\/v2\/categories?post=29212"},{"taxonomy":"post_tag","embeddable":true,"href":"https:\/\/marthacifuentes.com\/portada\/wp-json\/wp\/v2\/tags?post=29212"}],"curies":[{"name":"wp","href":"https:\/\/api.w.org\/{rel}","templated":true}]}}