{"id":29362,"date":"2022-06-08T10:56:01","date_gmt":"2022-06-08T15:56:01","guid":{"rendered":"https:\/\/marthacifuentes.com\/portada\/?p=29362"},"modified":"2022-06-08T10:56:01","modified_gmt":"2022-06-08T15:56:01","slug":"cai-de-la-campina-deberia-servir-para-poner-venta-de-chorizos-porque-no-funciona","status":"publish","type":"post","link":"https:\/\/marthacifuentes.com\/portada\/cai-de-la-campina-deberia-servir-para-poner-venta-de-chorizos-porque-no-funciona\/","title":{"rendered":"CAI de la Campi\u00f1a deber\u00eda servir para poner venta de chorizos porque no funciona"},"content":{"rendered":"<p style=\"text-align: justify;\">Ante la ineficiencia en temas de seguridad, y los \u00faltimos robos cometidos en la comuna 4, presidente de la Junta de Acci\u00f3n Comunal de La Campi\u00f1a, pidi\u00f3 que se levante el CAI del sector. \u00abSi en uno o dos meses ese CAI de la Polic\u00eda no funciona lo mejor es que desocupen y no lo entreguen para nosotros poner una venta de chorizos o un negocio\u00bb, afirm\u00f3, Rodrigo Perilla, quien adem\u00e1s dijo que los compromisos de una reuni\u00f3n cumplida ayer fueron muy peque\u00f1os.<\/p>\n<p style=\"text-align: justify;\">\u00a0\u201cMientras el coronel Rafael Miranda, no haga el papel que hac\u00edan anteriores comandantes, como Pardo Ram\u00edrez, de ir a los barrios a empaparse de las problem\u00e1ticas de los sectores es muy dif\u00edcil que la comunidad aporte y apoye\u201d, dijo de manera enf\u00e1tica Rodrigo Perilla.<\/p>\n<p><img loading=\"lazy\" decoding=\"async\" class=\"alignnone size-large wp-image-29357\" src=\"https:\/\/marthacifuentes.com\/portada\/wp-content\/uploads\/2022\/06\/cai-de-la-campina-2-1024x576.jpg\" alt=\"\" width=\"1024\" height=\"576\" srcset=\"https:\/\/marthacifuentes.com\/portada\/wp-content\/uploads\/2022\/06\/cai-de-la-campina-2-1024x576.jpg 1024w, https:\/\/marthacifuentes.com\/portada\/wp-content\/uploads\/2022\/06\/cai-de-la-campina-2-300x169.jpg 300w, https:\/\/marthacifuentes.com\/portada\/wp-content\/uploads\/2022\/06\/cai-de-la-campina-2-768x432.jpg 768w, https:\/\/marthacifuentes.com\/portada\/wp-content\/uploads\/2022\/06\/cai-de-la-campina-2-1536x864.jpg 1536w, https:\/\/marthacifuentes.com\/portada\/wp-content\/uploads\/2022\/06\/cai-de-la-campina-2-390x220.jpg 390w, https:\/\/marthacifuentes.com\/portada\/wp-content\/uploads\/2022\/06\/cai-de-la-campina-2.jpg 1905w\" sizes=\"auto, (max-width: 1024px) 100vw, 1024px\" \/><\/p>\n<p><strong>Otras noticias\u2026<\/strong><\/p>\n<blockquote class=\"wp-embedded-content\" data-secret=\"Y1AQMFNiU6\"><p><a href=\"https:\/\/marthacifuentes.com\/portada\/2022\/06\/08\/peligroso-homicida-del-clan-del-golfo-fue-capturado-en-villanueva\/\">Peligroso homicida del Clan del Golfo fue capturado en Villanueva<\/a><\/p><\/blockquote>\n<p><iframe loading=\"lazy\" class=\"wp-embedded-content\" sandbox=\"allow-scripts\" security=\"restricted\" style=\"position: absolute; clip: rect(1px, 1px, 1px, 1px);\" title=\"\u00abPeligroso homicida del Clan del Golfo fue capturado en Villanueva\u00bb \u2014 \u25b7 Noticias de Casanare : Martha Cifuentes | Casanare\" src=\"https:\/\/marthacifuentes.com\/portada\/2022\/06\/08\/peligroso-homicida-del-clan-del-golfo-fue-capturado-en-villanueva\/embed\/#?secret=KFhiVGQCVv#?secret=Y1AQMFNiU6\" data-secret=\"Y1AQMFNiU6\" width=\"500\" height=\"282\" frameborder=\"0\" marginwidth=\"0\" marginheight=\"0\" scrolling=\"no\"><\/iframe><\/p>\n<p><iframe loading=\"lazy\" class=\"wp-embedded-content\" title=\"\u00ab23 mil personas de zona rural de Yopal siguen sin agua. Por fallo de acci\u00f3n popular Gobernaci\u00f3n de Casanare y Alcald\u00eda pondr\u00e1n recursos para estudios de macroacueducto\u00bb \u2014 \u25b7 Noticias de Casanare : Martha Cifuentes | Casanare\" src=\"https:\/\/marthacifuentes.com\/portada\/2022\/06\/07\/23-mil-personas-de-zona-rural-de-yopal-siguen-sin-agua-por-fallo-de-accion-popular-gobernacion-de-casanare-y-alcaldia-pondran-recursos-para-estudios-de-macroacueducto\/embed\/#?secret=tPKiU4fBDD#?secret=sBHf8g6QkF\" width=\"600\" height=\"678\" frameborder=\"0\" marginwidth=\"0\" marginheight=\"0\" scrolling=\"no\" sandbox=\"allow-scripts\" data-secret=\"sBHf8g6QkF\" data-mce-fragment=\"1\"><\/iframe><\/p>\n<p><iframe loading=\"lazy\" class=\"wp-embedded-content\" title=\"\u00abSan Marcos con agua, pero sin soluci\u00f3n real a problem\u00e1tica de sistema de bombeo\u00bb \u2014 \u25b7 Noticias de Casanare : Martha Cifuentes | Casanare\" src=\"https:\/\/marthacifuentes.com\/portada\/2022\/06\/07\/san-marcos-con-agua-pero-sin-solucion-real-a-problematica-de-sistema-de-bombeo\/embed\/#?secret=NlG5mVz10w#?secret=4gznHYJYMD\" width=\"600\" height=\"600\" frameborder=\"0\" marginwidth=\"0\" marginheight=\"0\" scrolling=\"no\" sandbox=\"allow-scripts\" data-secret=\"4gznHYJYMD\" data-mce-fragment=\"1\"><\/iframe><\/p>\n<p><iframe loading=\"lazy\" class=\"wp-embedded-content\" title=\"\u00abMujeres se \u00abtoman\u00bb la mesa directiva del Concejo de Yopal para 2023\u00bb \u2014 \u25b7 Noticias de Casanare : Martha Cifuentes | Casanare\" src=\"https:\/\/marthacifuentes.com\/portada\/2022\/06\/07\/mujeres-se-toman-la-mesa-directiva-del-concejo-de-yopal-para-2023\/embed\/#?secret=oSkrUXDFH5#?secret=bO06FRKq7Y\" width=\"600\" height=\"600\" frameborder=\"0\" marginwidth=\"0\" marginheight=\"0\" scrolling=\"no\" sandbox=\"allow-scripts\" data-secret=\"bO06FRKq7Y\" data-mce-fragment=\"1\"><\/iframe><\/p>\n<p><iframe loading=\"lazy\" class=\"wp-embedded-content\" title=\"\u00abEn Man\u00ed otra muerte violenta. Hombre fue asesinado en zona de tolerancia.\u00a0\u00bb \u2014 \u25b7 Noticias de Casanare : Martha Cifuentes | Casanare\" src=\"https:\/\/marthacifuentes.com\/portada\/2022\/06\/06\/en-mani-otra-muerte-violenta-hombre-fue-asesinado-en-zona-de-tolerancia\/embed\/#?secret=zcu4RZ6ntr#?secret=UvyEdmNnIE\" width=\"600\" height=\"586\" frameborder=\"0\" marginwidth=\"0\" marginheight=\"0\" scrolling=\"no\" sandbox=\"allow-scripts\" data-secret=\"UvyEdmNnIE\" data-mce-fragment=\"1\"><\/iframe><\/p>\n<p><iframe loading=\"lazy\" class=\"wp-embedded-content\" title=\"\u00abGobernaci\u00f3n de Casanare hace caso omiso a requerimientos para solucionar problem\u00e1tica de aguas negras en El Morro, Yopal.\u00bb \u2014 \u25b7 Noticias de Casanare : Martha Cifuentes | Casanare\" src=\"https:\/\/marthacifuentes.com\/portada\/2022\/06\/06\/gobernacion-de-casanare-hace-caso-omiso-a-requerimientos-para-solucionar-problematica-de-aguas-negras-en-el-morro-yopal\/embed\/#?secret=hkDLplCPl9#?secret=BM5fVH10hH\" width=\"600\" height=\"593\" frameborder=\"0\" marginwidth=\"0\" marginheight=\"0\" scrolling=\"no\" sandbox=\"allow-scripts\" data-secret=\"BM5fVH10hH\" data-mce-fragment=\"1\"><\/iframe><\/p>\n<p><iframe loading=\"lazy\" class=\"wp-embedded-content\" title=\"\u00abColombia sigue necesitando el petr\u00f3leo y gas: Presidente ACP, Francisco Lloreda\u00bb \u2014 \u25b7 Noticias de Casanare : Martha Cifuentes | Casanare\" src=\"https:\/\/marthacifuentes.com\/portada\/2022\/06\/03\/colombia-sigue-necesitando-el-petroleo-y-gas-presidente-acp-francisco-lloreda\/embed\/#?secret=QnTQNKzsue#?secret=GcU917Mq7W\" width=\"600\" height=\"586\" frameborder=\"0\" marginwidth=\"0\" marginheight=\"0\" scrolling=\"no\" sandbox=\"allow-scripts\" data-secret=\"GcU917Mq7W\" data-mce-fragment=\"1\"><\/iframe><\/p>\n<p><iframe loading=\"lazy\" class=\"wp-embedded-content\" title=\"\u00abCuidadora de CDI en Yopal gritaba e insultaba con palabras soeces a ni\u00f1os menores de 4 a\u00f1os. Ella misma envi\u00f3 audio a chat de padres.\u00bb \u2014 \u25b7 Noticias de Casanare : Martha Cifuentes | Casanare\" src=\"https:\/\/marthacifuentes.com\/portada\/2022\/06\/03\/cuidadora-de-cdi-en-yopal-gritaba-e-insultaba-con-palabras-soeces-a-ninos-menores-de-4-anos-ella-misma-envio-audio-a-chat-de-padres\/embed\/#?secret=mYtBSBzyuy#?secret=jaZNNLHhFS\" width=\"600\" height=\"593\" frameborder=\"0\" marginwidth=\"0\" marginheight=\"0\" scrolling=\"no\" sandbox=\"allow-scripts\" data-secret=\"jaZNNLHhFS\" data-mce-fragment=\"1\"><\/iframe><\/p>\n<p><iframe loading=\"lazy\" class=\"wp-embedded-content\" title=\"\u00abUn trabajador muerto y uno herido en accidente en campo petrolero de Parex en Villanueva\u00bb \u2014 \u25b7 Noticias de Casanare : Martha Cifuentes | Casanare\" src=\"https:\/\/marthacifuentes.com\/portada\/2022\/06\/03\/un-trabajador-muerto-y-uno-herido-en-accidente-en-campo-petrolero-de-parex-en-villanueva\/embed\/#?secret=ieUZ5WTBgR#?secret=s1xiIj87dY\" width=\"600\" height=\"621\" frameborder=\"0\" marginwidth=\"0\" marginheight=\"0\" scrolling=\"no\" sandbox=\"allow-scripts\" data-secret=\"s1xiIj87dY\" data-mce-fragment=\"1\"><\/iframe><\/p>\n<p><iframe loading=\"lazy\" class=\"wp-embedded-content\" title=\"\u00abPTAR de Monterrey que cost\u00f3 $20 mil millones, abandonada a su suerte y ca\u00f1o Leche Miel principal afectado. Entidades contratantes ciegas, sordas y mudas.\u00bb \u2014 \u25b7 Noticias de Casanare : Martha Cifuentes | Casanare\" src=\"https:\/\/marthacifuentes.com\/portada\/2022\/06\/01\/ptar-de-monterrey-que-costo-20-mil-millones-abandonada-a-su-suerte-y-cano-leche-miel-principal-afectado-entidades-contratantes-ciegas-sordas-y-mudas\/embed\/#?secret=jFYXhLe5Ty#?secret=fjBvVhQooA\" width=\"600\" height=\"678\" frameborder=\"0\" marginwidth=\"0\" marginheight=\"0\" scrolling=\"no\" sandbox=\"allow-scripts\" data-secret=\"fjBvVhQooA\" data-mce-fragment=\"1\"><\/iframe><\/p>\n<p><iframe loading=\"lazy\" class=\"wp-embedded-content\" title=\"\u00abMunicipios petroleros estar\u00edan haciendo conejo, con las regal\u00edas, a la educaci\u00f3n superior. Contralor\u00eda investigar\u00e1 si est\u00e1n cumpliendo con el 5% de ley.\u00a0\u00bb \u2014 \u25b7 Noticias de Casanare : Martha Cifuentes | Casanare\" src=\"https:\/\/marthacifuentes.com\/portada\/2022\/06\/01\/municipios-petroleros-estarian-haciendo-conejo-con-las-regalias-a-la-educacion-superior-contraloria-investigara-si-estan-cumpliendo-con-el-5-de-ley\/embed\/#?secret=RQRyj401f7#?secret=r2yULVKNkM\" width=\"600\" height=\"618\" frameborder=\"0\" marginwidth=\"0\" marginheight=\"0\" scrolling=\"no\" sandbox=\"allow-scripts\" data-secret=\"r2yULVKNkM\" data-mce-fragment=\"1\"><\/iframe><\/p>\n<p><iframe loading=\"lazy\" class=\"wp-embedded-content\" title=\"\u00ab25% de quejas radicadas en Corporinoquia son contra industria petrolera y minera\u00bb \u2014 \u25b7 Noticias de Casanare : Martha Cifuentes | Casanare\" src=\"https:\/\/marthacifuentes.com\/portada\/2022\/05\/31\/25-de-quejas-radicadas-en-corporinoquia-son-contra-industria-petrolera-y-minera\/embed\/#?secret=XL7OJ68qXj#?secret=2kvwRAAft7\" width=\"600\" height=\"329\" frameborder=\"0\" marginwidth=\"0\" marginheight=\"0\" scrolling=\"no\" sandbox=\"allow-scripts\" data-secret=\"2kvwRAAft7\" data-mce-fragment=\"1\"><\/iframe><\/p>\n<p><iframe loading=\"lazy\" class=\"wp-embedded-content\" title=\"\u00abRestos \u00f3seos de 21 personas desaparecidas fueron recuperadas en cementerio de Aguazul\u00bb \u2014 \u25b7 Noticias de Casanare : Martha Cifuentes | Casanare\" src=\"https:\/\/marthacifuentes.com\/portada\/2022\/05\/31\/restos-oseos-de-21-personas-desaparecidas-fueron-recuperadas-en-cementerio-de-aguazul\/embed\/#?secret=MNwafdMlPq#?secret=CugkNXcio6\" width=\"600\" height=\"621\" frameborder=\"0\" marginwidth=\"0\" marginheight=\"0\" scrolling=\"no\" sandbox=\"allow-scripts\" data-secret=\"CugkNXcio6\" data-mce-fragment=\"1\"><\/iframe><\/p>\n<p><iframe loading=\"lazy\" class=\"wp-embedded-content\" title=\"\u00abAunque Yopal tiene agua, faltaron obras y hay fallas en Planta de Tratamiento de Agua Potable Definitiva: Tribunal Administrativo de Casanare\u00bb \u2014 \u25b7 Noticias de Casanare : Martha Cifuentes | Casanare\" src=\"https:\/\/marthacifuentes.com\/portada\/2022\/05\/27\/aunque-yopal-tiene-agua-faltaron-obras-y-hay-fallas-en-planta-de-tratamiento-de-agua-potable-definitiva-tribunal-administrativo-de-casanare\/embed\/#?secret=7zK9ScjE5x#?secret=O7pkQvuExV\" width=\"600\" height=\"608\" frameborder=\"0\" marginwidth=\"0\" marginheight=\"0\" scrolling=\"no\" sandbox=\"allow-scripts\" data-secret=\"O7pkQvuExV\" data-mce-fragment=\"1\"><\/iframe><\/p>\n<p><iframe loading=\"lazy\" class=\"wp-embedded-content\" title=\"\u00abPor presuntamente pedir coimas a matarifes, fueron capturados el comandante de la polic\u00eda de Paz de Ariporo y un patrullero.\u00bb \u2014 \u25b7 Noticias de Casanare : Martha Cifuentes | Casanare\" src=\"https:\/\/marthacifuentes.com\/portada\/2022\/05\/27\/por-presuntamente-pedir-coimas-a-matarifes-fueron-capturados-el-comandante-de-la-policia-de-paz-de-ariporo-y-un-patrullero\/embed\/#?secret=Bvd27rnw6k#?secret=dt9vzRk72N\" width=\"600\" height=\"649\" frameborder=\"0\" marginwidth=\"0\" marginheight=\"0\" scrolling=\"no\" sandbox=\"allow-scripts\" data-secret=\"dt9vzRk72N\" data-mce-fragment=\"1\"><\/iframe><\/p>\n<p><iframe loading=\"lazy\" class=\"wp-embedded-content\" title=\"\u00abPetro propone gradualidad en transici\u00f3n energ\u00e9tica. Continuar\u00e1 explotaci\u00f3n petrolera de hasta agotar recursos\u00bb \u2014 \u25b7 Noticias de Casanare : Martha Cifuentes | Casanare\" src=\"https:\/\/marthacifuentes.com\/portada\/2022\/05\/27\/petro-propone-gradualidad-en-transicion-energetica-continuara-explotacion-petrolera-de-hasta-agotar-recursos\/embed\/#?secret=k3bP7s4FMQ#?secret=dvkwkD9QJV\" width=\"600\" height=\"603\" frameborder=\"0\" marginwidth=\"0\" marginheight=\"0\" scrolling=\"no\" sandbox=\"allow-scripts\" data-secret=\"dvkwkD9QJV\" data-mce-fragment=\"1\"><\/iframe><\/p>\n<p><iframe loading=\"lazy\" class=\"wp-embedded-content\" title=\"\u00abAlcalde de Man\u00ed, Casanare, orden\u00f3 a empleados donar mercados para familias damnificadas por invierno\u00bb \u2014 \u25b7 Noticias de Casanare : Martha Cifuentes | Casanare\" src=\"https:\/\/marthacifuentes.com\/portada\/2022\/05\/27\/alcalde-de-mani-casanare-ordeno-a-empleados-donar-mercados-para-familias-damnificadas-por-invierno\/embed\/#?secret=ZgzR031Rww#?secret=PeLD7vbkan\" width=\"600\" height=\"600\" frameborder=\"0\" marginwidth=\"0\" marginheight=\"0\" scrolling=\"no\" sandbox=\"allow-scripts\" data-secret=\"PeLD7vbkan\" data-mce-fragment=\"1\"><\/iframe><\/p>\n<p><iframe loading=\"lazy\" class=\"wp-embedded-content\" title=\"\u00abVeolia NO se va de Yopal\u00bb \u2014 \u25b7 Noticias de Casanare : Martha Cifuentes | Casanare\" src=\"https:\/\/marthacifuentes.com\/portada\/2022\/05\/27\/veolia-no-se-va-de-yopal\/embed\/#?secret=HFtUQrRKd5#?secret=HilZU3lQSm\" width=\"600\" height=\"592\" frameborder=\"0\" marginwidth=\"0\" marginheight=\"0\" scrolling=\"no\" sandbox=\"allow-scripts\" data-secret=\"HilZU3lQSm\" data-mce-fragment=\"1\"><\/iframe><\/p>\n<p><iframe loading=\"lazy\" class=\"wp-embedded-content\" title=\"\u00abLey seca, no parrillero hombre ni trasteos en Yopal, el fin de semana, por elecciones presidenciales\u00bb \u2014 \u25b7 Noticias de Casanare : Martha Cifuentes | Casanare\" src=\"https:\/\/marthacifuentes.com\/portada\/2022\/05\/27\/ley-seca-no-parrillero-hombre-ni-trasteos-en-yopal-el-fin-de-semana-por-elecciones-presidenciales\/embed\/#?secret=zwxDAYRj7t#?secret=U97JpTzFKW\" width=\"600\" height=\"600\" frameborder=\"0\" marginwidth=\"0\" marginheight=\"0\" scrolling=\"no\" sandbox=\"allow-scripts\" data-secret=\"U97JpTzFKW\" data-mce-fragment=\"1\"><\/iframe><\/p>\n<p><iframe loading=\"lazy\" class=\"wp-embedded-content\" title=\"\u00abMientras el Horo se convertir\u00e1 en hospital universitario, hospital Central de Yopal lucha por ser de segundo nivel\u00bb \u2014 \u25b7 Noticias de Casanare : Martha Cifuentes | Casanare\" src=\"https:\/\/marthacifuentes.com\/portada\/2022\/05\/25\/mientras-el-horo-se-convertira-en-hospital-universitario-hospital-central-de-yopal-lucha-por-ser-de-segundo-nivel\/embed\/#?secret=E9UmPt7wms#?secret=4WE8I9fidF\" width=\"600\" height=\"642\" frameborder=\"0\" marginwidth=\"0\" marginheight=\"0\" scrolling=\"no\" sandbox=\"allow-scripts\" data-secret=\"4WE8I9fidF\" data-mce-fragment=\"1\"><\/iframe><\/p>\n<p><iframe loading=\"lazy\" class=\"wp-embedded-content\" title=\"\u00abPor llevar alijo de marihuana en un bus capturado venezolano en Paz de Ariporo\u00bb \u2014 \u25b7 Noticias de Casanare : Martha Cifuentes | Casanare\" src=\"https:\/\/marthacifuentes.com\/portada\/2022\/05\/25\/por-llevar-alijo-de-marihuana-en-un-bus-capturado-venezolano-en-paz-de-ariporo\/embed\/#?secret=QinkLWjfsd#?secret=5Ox6yTfLAL\" width=\"600\" height=\"600\" frameborder=\"0\" marginwidth=\"0\" marginheight=\"0\" scrolling=\"no\" sandbox=\"allow-scripts\" data-secret=\"5Ox6yTfLAL\" data-mce-fragment=\"1\"><\/iframe><\/p>\n<p><iframe loading=\"lazy\" class=\"wp-embedded-content\" title=\"\u00abCapturados \u201clos b\u00e1rbaros\u201d, banda dedicada al robo de ACPM\u00bb \u2014 \u25b7 Noticias de Casanare : Martha Cifuentes | Casanare\" src=\"https:\/\/marthacifuentes.com\/portada\/2022\/05\/25\/capturados-los-barbaros-banda-dedicada-al-robo-de-acpm\/embed\/#?secret=JmpNMyMlwN#?secret=p8l0Zt2GK6\" width=\"600\" height=\"609\" frameborder=\"0\" marginwidth=\"0\" marginheight=\"0\" scrolling=\"no\" sandbox=\"allow-scripts\" data-secret=\"p8l0Zt2GK6\" data-mce-fragment=\"1\"><\/iframe><\/p>\n<p><iframe loading=\"lazy\" class=\"wp-embedded-content\" title=\"\u00abHoy se cumplen 30 d\u00edas de cierre en La Granja, v\u00eda Aguazul-Sogamoso y de aquello, nada\u00bb \u2014 \u25b7 Noticias de Casanare : Martha Cifuentes | Casanare\" src=\"https:\/\/marthacifuentes.com\/portada\/2022\/05\/25\/hoy-se-cumplen-30-dias-de-cierre-en-la-granja-via-aguazul-sogamoso-y-de-aquello-nada\/embed\/#?secret=zIzhRw7tc4#?secret=YlWRIoPgMW\" width=\"600\" height=\"600\" frameborder=\"0\" marginwidth=\"0\" marginheight=\"0\" scrolling=\"no\" sandbox=\"allow-scripts\" data-secret=\"YlWRIoPgMW\" data-mce-fragment=\"1\"><\/iframe><\/p>\n<p><iframe loading=\"lazy\" class=\"wp-embedded-content\" title=\"\u00abEntre el 23 y 27 de mayo, semana sobre la Desaparici\u00f3n Forzada en Casanare.\u00bb \u2014 \u25b7 Noticias de Casanare : Martha Cifuentes | Casanare\" src=\"https:\/\/marthacifuentes.com\/portada\/2022\/05\/24\/entre-el-23-y-27-de-mayo-semana-sobre-la-desaparicion-forzada-en-casanare\/embed\/#?secret=qhR7Y7xiMt#?secret=yFNh9QL9Au\" width=\"600\" height=\"599\" frameborder=\"0\" marginwidth=\"0\" marginheight=\"0\" scrolling=\"no\" sandbox=\"allow-scripts\" data-secret=\"yFNh9QL9Au\" data-mce-fragment=\"1\"><\/iframe><\/p>\n<p><iframe loading=\"lazy\" class=\"wp-embedded-content\" title=\"\u00abAunque polic\u00eda captur\u00f3 a ladr\u00f3n de cable de la cancha de la Ciudadela del Carmen en Yopal, este ya est\u00e1 libre.\u00bb \u2014 \u25b7 Noticias de Casanare : Martha Cifuentes | Casanare\" src=\"https:\/\/marthacifuentes.com\/portada\/2022\/05\/24\/aunque-policia-capturo-a-ladron-de-cable-de-la-cancha-de-la-ciudadela-del-carmen-en-yopal-este-ya-esta-libre\/embed\/#?secret=RdGA6KNt3S#?secret=cXjYuNwzd0\" width=\"600\" height=\"600\" frameborder=\"0\" marginwidth=\"0\" marginheight=\"0\" scrolling=\"no\" sandbox=\"allow-scripts\" data-secret=\"cXjYuNwzd0\" data-mce-fragment=\"1\"><\/iframe><\/p>\n<p><iframe loading=\"lazy\" class=\"wp-embedded-content\" title=\"\u00abA \u201clos mec\u00e1nicos\u201d los apretaron. Los ladrones de motos de Yopal, fueron capturados y enviados a la c\u00e1rcel\u00bb \u2014 \u25b7 Noticias de Casanare : Martha Cifuentes | Casanare\" src=\"https:\/\/marthacifuentes.com\/portada\/2022\/05\/24\/a-los-mecanicos-los-apretaron-los-ladrones-de-motos-de-yopal-fueron-capturados-y-enviados-a-la-carcel\/embed\/#?secret=HGzRZF9otq#?secret=8gkmAGFkrE\" width=\"600\" height=\"649\" frameborder=\"0\" marginwidth=\"0\" marginheight=\"0\" scrolling=\"no\" sandbox=\"allow-scripts\" data-secret=\"8gkmAGFkrE\" data-mce-fragment=\"1\"><\/iframe><\/p>\n<p><iframe loading=\"lazy\" class=\"wp-embedded-content\" title=\"\u00abCapturado en Yopal paramilitar de grupo de \u201cMart\u00edn llanos\u201d, condenado por varios delitos\u00bb \u2014 \u25b7 Noticias de Casanare : Martha Cifuentes | Casanare\" src=\"https:\/\/marthacifuentes.com\/portada\/2022\/05\/24\/capturado-en-yopal-paramilitar-de-grupo-de-martin-llanos-condenado-por-varios-delitos\/embed\/#?secret=GzI8KGAA9G#?secret=JNoEDhkpmQ\" width=\"600\" height=\"621\" frameborder=\"0\" marginwidth=\"0\" marginheight=\"0\" scrolling=\"no\" sandbox=\"allow-scripts\" data-secret=\"JNoEDhkpmQ\" data-mce-fragment=\"1\"><\/iframe><\/p>\n<p><iframe loading=\"lazy\" class=\"wp-embedded-content\" title=\"\u00abPor fin inici\u00f3 obras de protecci\u00f3n del r\u00edo Cravo Sur en su margen derecha\u00bb \u2014 \u25b7 Noticias de Casanare : Martha Cifuentes | Casanare\" src=\"https:\/\/marthacifuentes.com\/portada\/2022\/05\/24\/por-fin-inicio-obras-de-proteccion-del-rio-cravo-sur-en-su-margen-derecha\/embed\/#?secret=FLf0xpZ88W#?secret=4Et9AG15Oi\" width=\"600\" height=\"599\" frameborder=\"0\" marginwidth=\"0\" marginheight=\"0\" scrolling=\"no\" sandbox=\"allow-scripts\" data-secret=\"4Et9AG15Oi\" data-mce-fragment=\"1\"><\/iframe><\/p>\n<p><iframe loading=\"lazy\" class=\"wp-embedded-content\" title=\"\u00abComunidad de Pajarito desesperada por cierre v\u00eda del Cusiana en varios puntos cr\u00edticos. Su econom\u00eda se fue al piso.\u00bb \u2014 \u25b7 Noticias de Casanare : Martha Cifuentes | Casanare\" src=\"https:\/\/marthacifuentes.com\/portada\/2022\/05\/24\/comunidad-de-pajarito-desesperada-por-cierre-via-del-cusiana-en-varios-puntos-criticos-su-economia-se-fue-al-piso\/embed\/#?secret=xF4oqdwwgM#?secret=AmwYZONHdH\" width=\"600\" height=\"628\" frameborder=\"0\" marginwidth=\"0\" marginheight=\"0\" scrolling=\"no\" sandbox=\"allow-scripts\" data-secret=\"AmwYZONHdH\" data-mce-fragment=\"1\"><\/iframe><\/p>\n<p><iframe loading=\"lazy\" class=\"wp-embedded-content\" title=\"\u00abCapturados presuntos violadores de peruana en Hato Corozal, Casanare\u00bb \u2014 \u25b7 Noticias de Casanare : Martha Cifuentes | Casanare\" src=\"https:\/\/marthacifuentes.com\/portada\/2022\/05\/23\/capturados-presuntos-violadores-de-peruana-en-hato-corozal-casanare\/embed\/#?secret=6b9jzZgV9I#?secret=QC5x76CLlH\" width=\"600\" height=\"621\" frameborder=\"0\" marginwidth=\"0\" marginheight=\"0\" scrolling=\"no\" sandbox=\"allow-scripts\" data-secret=\"QC5x76CLlH\" data-mce-fragment=\"1\"><\/iframe><\/p>\n<p><iframe loading=\"lazy\" class=\"wp-embedded-content\" title=\"\u00abCasos recientes de ni\u00f1as desaparecidas en Casanare podr\u00edan ser producto de un reto de redes sociales\u00bb \u2014 \u25b7 Noticias de Casanare : Martha Cifuentes | Casanare\" src=\"https:\/\/marthacifuentes.com\/portada\/2022\/05\/23\/casos-recientes-de-ninas-desaparecidas-en-casanare-podrian-ser-producto-de-un-reto-de-redes-sociales\/embed\/#?secret=WVa2uOIYpt#?secret=tE6663yYKF\" width=\"600\" height=\"587\" frameborder=\"0\" marginwidth=\"0\" marginheight=\"0\" scrolling=\"no\" sandbox=\"allow-scripts\" data-secret=\"tE6663yYKF\" data-mce-fragment=\"1\"><\/iframe><\/p>\n<p><iframe loading=\"lazy\" class=\"wp-embedded-content\" title=\"\u00abPor comparenderas que nunca funcionaron Contralor\u00eda sancion\u00f3 a exalcalde de Yopal Willman Celem\u00edn y exsecretario Rofer Roncancio\u00bb \u2014 \u25b7 Noticias de Casanare : Martha Cifuentes | Casanare\" src=\"https:\/\/marthacifuentes.com\/portada\/2022\/05\/23\/por-comparenderas-que-nunca-funcionaron-contraloria-sanciono-a-exalcalde-de-yopal-willman-celemin-y-exsecretario-rofer-roncancio\/embed\/#?secret=LeRM0G3W7J#?secret=fWBXuxnsk6\" width=\"600\" height=\"649\" frameborder=\"0\" marginwidth=\"0\" marginheight=\"0\" scrolling=\"no\" sandbox=\"allow-scripts\" data-secret=\"fWBXuxnsk6\" data-mce-fragment=\"1\"><\/iframe><\/p>\n<p><iframe loading=\"lazy\" class=\"wp-embedded-content\" title=\"\u00abMujer peruana fue violada y apu\u00f1alada por 4 desalmados en carretera de Hato Corozal, Casanare\u00bb \u2014 \u25b7 Noticias de Casanare : Martha Cifuentes | Casanare\" src=\"https:\/\/marthacifuentes.com\/portada\/2022\/05\/19\/mujer-peruana-fue-violada-y-apunalada-por-4-desalmados-en-carretera-de-hato-corozal-casanare\/embed\/#?secret=QdjXeixlCz#?secret=jdOsKNDVQO\" width=\"600\" height=\"545\" frameborder=\"0\" marginwidth=\"0\" marginheight=\"0\" scrolling=\"no\" sandbox=\"allow-scripts\" data-secret=\"jdOsKNDVQO\" data-mce-fragment=\"1\"><\/iframe><\/p>\n<p><iframe loading=\"lazy\" class=\"wp-embedded-content\" title=\"\u00abAlcalde de Yopal reconoci\u00f3 fallas en manejo de finanzas en la Alcald\u00eda. Culp\u00f3 a antecesores.\u00bb \u2014 \u25b7 Noticias de Casanare : Martha Cifuentes | Casanare\" src=\"https:\/\/marthacifuentes.com\/portada\/2022\/05\/19\/alcalde-de-yopal-reconocio-fallas-en-manejo-de-finanzas-en-la-alcaldia-culpo-a-antecesores\/embed\/#?secret=25DDjmwjwH#?secret=nbQM8RRlqB\" width=\"600\" height=\"589\" frameborder=\"0\" marginwidth=\"0\" marginheight=\"0\" scrolling=\"no\" sandbox=\"allow-scripts\" data-secret=\"nbQM8RRlqB\" data-mce-fragment=\"1\"><\/iframe><\/p>\n<p><iframe loading=\"lazy\" class=\"wp-embedded-content\" title=\"\u00abInvierno causa inundaciones, vendavales, deslizamientos, tormentas el\u00e9ctricas y socavaciones en Casanare\u00bb \u2014 \u25b7 Noticias de Casanare : Martha Cifuentes | Casanare\" src=\"https:\/\/marthacifuentes.com\/portada\/2022\/05\/19\/invierno-causa-inundaciones-vendavales-deslizamientos-tormentas-electricas-y-socavaciones-en-casanare\/embed\/#?secret=pgQ79RAZUN#?secret=8hXhOmBog9\" width=\"600\" height=\"649\" frameborder=\"0\" marginwidth=\"0\" marginheight=\"0\" scrolling=\"no\" sandbox=\"allow-scripts\" data-secret=\"8hXhOmBog9\" data-mce-fragment=\"1\"><\/iframe><\/p>\n<p><iframe loading=\"lazy\" class=\"wp-embedded-content\" title=\"\u00abCasanare, departamento con mayores sancionados por detrimentos patrimoniales por corrupci\u00f3n\u00bb \u2014 \u25b7 Noticias de Casanare : Martha Cifuentes | Casanare\" src=\"https:\/\/marthacifuentes.com\/portada\/2022\/05\/18\/casanare-departamento-con-mayores-sancionados-por-detrimentos-patrimoniales-por-corrupcion\/embed\/#?secret=s16PN5Emq5#?secret=aIuVkGtyuf\" width=\"600\" height=\"621\" frameborder=\"0\" marginwidth=\"0\" marginheight=\"0\" scrolling=\"no\" sandbox=\"allow-scripts\" data-secret=\"aIuVkGtyuf\" data-mce-fragment=\"1\"><\/iframe><\/p>\n<p><iframe loading=\"lazy\" class=\"wp-embedded-content\" title=\"\u00abContralor\u00eda de Casanare en auditor\u00eda \u201craj\u00f3\u201d a la Alcald\u00eda de Yopal en manejos contables y fiscales.\u00bb \u2014 \u25b7 Noticias de Casanare : Martha Cifuentes | Casanare\" src=\"https:\/\/marthacifuentes.com\/portada\/2022\/05\/18\/contraloria-de-casanare-en-auditoria-rajo-a-la-alcaldia-de-yopal-en-manejos-contables-y-fiscales\/embed\/#?secret=nsfJjHPrvk#?secret=Gz70plpViu\" width=\"600\" height=\"621\" frameborder=\"0\" marginwidth=\"0\" marginheight=\"0\" scrolling=\"no\" sandbox=\"allow-scripts\" data-secret=\"Gz70plpViu\" data-mce-fragment=\"1\"><\/iframe><\/p>\n<p><iframe loading=\"lazy\" class=\"wp-embedded-content\" title=\"\u00abV\u00eda del Cusiana abierta en Las Lajas, cerrada en La Granja y carreteras alternas mal usadas\u00bb \u2014 \u25b7 Noticias de Casanare : Martha Cifuentes | Casanare\" src=\"https:\/\/marthacifuentes.com\/portada\/2022\/05\/17\/via-del-cusiana-abierta-en-las-lajas-cerrada-en-la-granja-y-carreteras-alternas-mal-usadas\/embed\/#?secret=DAqIn0C7Uo#?secret=WqDW5ORJPl\" width=\"600\" height=\"600\" frameborder=\"0\" marginwidth=\"0\" marginheight=\"0\" scrolling=\"no\" sandbox=\"allow-scripts\" data-secret=\"WqDW5ORJPl\" data-mce-fragment=\"1\"><\/iframe><\/p>\n<p><iframe loading=\"lazy\" class=\"wp-embedded-content\" title=\"\u00abJoven promesa del f\u00fatbol casanare\u00f1o requiere urgente operaci\u00f3n de ligamentos avaluada en $12 millones\u00bb \u2014 \u25b7 Noticias de Casanare : Martha Cifuentes | Casanare\" src=\"https:\/\/marthacifuentes.com\/portada\/2022\/05\/17\/joven-promesa-del-futbol-casanareno-requiere-urgente-operacion-de-ligamentos-avaluada-en-12-millones\/embed\/#?secret=y3s0RMzXLf#?secret=pCbW1Qd2CO\" width=\"600\" height=\"596\" frameborder=\"0\" marginwidth=\"0\" marginheight=\"0\" scrolling=\"no\" sandbox=\"allow-scripts\" data-secret=\"pCbW1Qd2CO\" data-mce-fragment=\"1\"><\/iframe><\/p>\n<p><iframe loading=\"lazy\" class=\"wp-embedded-content\" title=\"\u00abFamiliares dudan que ganadero manice\u00f1o se haya suicidado en su apartamento en Yopal\u00bb \u2014 \u25b7 Noticias de Casanare : Martha Cifuentes | Casanare\" src=\"https:\/\/marthacifuentes.com\/portada\/2022\/05\/17\/familiares-dudan-que-ganadero-maniceno-se-haya-suicidado-en-su-apartamento-en-yopal\/embed\/#?secret=tt89PMaStz#?secret=USHVGjEomo\" width=\"600\" height=\"621\" frameborder=\"0\" marginwidth=\"0\" marginheight=\"0\" scrolling=\"no\" sandbox=\"allow-scripts\" data-secret=\"USHVGjEomo\" data-mce-fragment=\"1\"><\/iframe><\/p>\n<p><iframe loading=\"lazy\" class=\"wp-embedded-content\" title=\"\u00abNo se ha finalizado v\u00eda Villao-Yopal y ya se tienen 5 peajes construidos o en cierne\u00bb \u2014 \u25b7 Noticias de Casanare : Martha Cifuentes | Casanare\" src=\"https:\/\/marthacifuentes.com\/portada\/2022\/05\/17\/no-se-ha-finalizado-via-villao-yopal-y-ya-se-tienen-5-peajes-construidos-o-en-cierne\/embed\/#?secret=EfxD8GaMho#?secret=lFsranFvuC\" width=\"600\" height=\"621\" frameborder=\"0\" marginwidth=\"0\" marginheight=\"0\" scrolling=\"no\" sandbox=\"allow-scripts\" data-secret=\"lFsranFvuC\" data-mce-fragment=\"1\"><\/iframe><\/p>\n<p><iframe loading=\"lazy\" class=\"wp-embedded-content\" title=\"\u00abTrabajadores reclaman derechos laborales al HORO \u00bfQu\u00e9 pas\u00f3 con el reconocimiento a los h\u00e9roes de la pandemia?\u00bb \u2014 \u25b7 Noticias de Casanare : Martha Cifuentes | Casanare\" src=\"https:\/\/marthacifuentes.com\/portada\/2022\/05\/17\/trabajadores-reclaman-derechos-laborales-al-horo-que-paso-con-el-reconocimiento-a-los-heroes-de-la-pandemia\/embed\/#?secret=XDI0u2qgez#?secret=oY1r9sJSQ5\" width=\"600\" height=\"641\" frameborder=\"0\" marginwidth=\"0\" marginheight=\"0\" scrolling=\"no\" sandbox=\"allow-scripts\" data-secret=\"oY1r9sJSQ5\" data-mce-fragment=\"1\"><\/iframe><\/p>\n<p><iframe loading=\"lazy\" class=\"wp-embedded-content\" title=\"\u00abColombia Profunda: los candidatos responden al pa\u00eds, a trav\u00e9s de la alianza de medios m\u00e1s grande para unas elecciones presidenciales\u00a0\u00a0\u00bb \u2014 \u25b7 Noticias de Casanare : Martha Cifuentes | Casanare\" src=\"https:\/\/marthacifuentes.com\/portada\/2022\/05\/13\/colombia-profunda-los-candidatos-responden-al-pais-a-traves-de-la-alianza-de-medios-mas-grande-para-unas-elecciones-presidenciales\/embed\/#?secret=iAFAxny0KO#?secret=cZwzqf485y\" width=\"600\" height=\"628\" frameborder=\"0\" marginwidth=\"0\" marginheight=\"0\" scrolling=\"no\" sandbox=\"allow-scripts\" data-secret=\"cZwzqf485y\" data-mce-fragment=\"1\"><\/iframe><\/p>\n<p><iframe loading=\"lazy\" class=\"wp-embedded-content\" title=\"\u00abPor 2a. vez se frustra visita de candidato a la presidencia Gustavo Petro del Pacto Hist\u00f3rico a Yopal. Temas m\u00e9dicos, la excusa.\u00bb \u2014 \u25b7 Noticias de Casanare : Martha Cifuentes | Casanare\" src=\"https:\/\/marthacifuentes.com\/portada\/2022\/05\/13\/por-2a-vez-se-frustra-visita-de-candidato-a-la-presidencia-gustavo-petro-del-pacto-historico-a-yopal-temas-medicos-la-excusa\/embed\/#?secret=TEGciztBOk#?secret=YJzz68Vdw1\" width=\"600\" height=\"604\" frameborder=\"0\" marginwidth=\"0\" marginheight=\"0\" scrolling=\"no\" sandbox=\"allow-scripts\" data-secret=\"YJzz68Vdw1\" data-mce-fragment=\"1\"><\/iframe><\/p>\n<p><iframe loading=\"lazy\" class=\"wp-embedded-content\" title=\"\u00abA 6 a\u00f1os de prisi\u00f3n, agresor de su propia mam\u00e1 de 70 a\u00f1os de Paz de Ariporo, Casanare.\u00bb \u2014 \u25b7 Noticias de Casanare : Martha Cifuentes | Casanare\" src=\"https:\/\/marthacifuentes.com\/portada\/2022\/05\/10\/29087\/embed\/#?secret=A9q0wL09jX#?secret=RBiIYNSefi\" width=\"600\" height=\"570\" frameborder=\"0\" marginwidth=\"0\" marginheight=\"0\" scrolling=\"no\" sandbox=\"allow-scripts\" data-secret=\"RBiIYNSefi\" data-mce-fragment=\"1\"><\/iframe><\/p>\n<p><iframe loading=\"lazy\" class=\"wp-embedded-content\" title=\"\u00abAdulta mayor de 70 a\u00f1os teme ser v\u00edctima de feminicidio a manos de su propio hijo en Casanare. Justicia la obliga a que debe vivir con \u00e9l.\u00bb \u2014 \u25b7 Noticias de Casanare : Martha Cifuentes | Casanare\" src=\"https:\/\/marthacifuentes.com\/portada\/2022\/02\/06\/adulta-mayor-de-70-anos-teme-ser-victima-de-feminicidio-a-manos-de-su-propio-hijo-en-casanare-justicia-la-obliga-a-que-debe-vivir-con-el\/embed\/#?secret=Co6qOIUtsy#?secret=NVU3Gro0ui\" width=\"600\" height=\"628\" frameborder=\"0\" marginwidth=\"0\" marginheight=\"0\" scrolling=\"no\" sandbox=\"allow-scripts\" data-secret=\"NVU3Gro0ui\" data-mce-fragment=\"1\"><\/iframe><\/p>\n<h2><\/h2>\n<p><iframe loading=\"lazy\" class=\"wp-embedded-content\" title=\"\u00abA la c\u00e1rcel recapturado presunto ladr\u00f3n alias \u00abchinga mala\u00bb de Yopal, quien se hab\u00eda fugado de carceleta de la polic\u00eda\u00bb \u2014 \u25b7 Noticias de Casanare : Martha Cifuentes | Casanare\" src=\"https:\/\/marthacifuentes.com\/portada\/2022\/05\/10\/a-la-carcel-recapturado-presunto-ladron-alias-chinga-mala-de-yopal-quien-se-habia-fugado-de-carceleta-de-la-policia\/embed\/#?secret=NbzFfvysZO#?secret=Z7rkT2Crbm\" width=\"600\" height=\"628\" frameborder=\"0\" marginwidth=\"0\" marginheight=\"0\" scrolling=\"no\" sandbox=\"allow-scripts\" data-secret=\"Z7rkT2Crbm\" data-mce-fragment=\"1\"><\/iframe><\/p>\n<p><iframe loading=\"lazy\" class=\"wp-embedded-content\" title=\"\u00abCrisis de la v\u00eda del Cusiana afecta distribuci\u00f3n de gas propano, de Cupiagua, Casanare, para el mercado nacional\u00bb \u2014 \u25b7 Noticias de Casanare : Martha Cifuentes | Casanare\" src=\"https:\/\/marthacifuentes.com\/portada\/2022\/05\/10\/crisis-de-la-via-del-cusiana-afecta-distribucion-de-gas-propano-de-cupiagua-casanare-para-el-mercado-nacional\/embed\/#?secret=pcXGx1BdNP#?secret=XPFopiJvrU\" width=\"600\" height=\"649\" frameborder=\"0\" marginwidth=\"0\" marginheight=\"0\" scrolling=\"no\" sandbox=\"allow-scripts\" data-secret=\"XPFopiJvrU\" data-mce-fragment=\"1\"><\/iframe><\/p>\n<p><iframe loading=\"lazy\" class=\"wp-embedded-content\" title=\"\u00abACP presenta oscuro panorama para Colombia si no hay exploraci\u00f3n y explotaci\u00f3n petrolera\u00bb \u2014 \u25b7 Noticias de Casanare : Martha Cifuentes | Casanare\" src=\"https:\/\/marthacifuentes.com\/portada\/2022\/05\/10\/acp-presenta-oscuro-panorama-para-colombia-si-no-hay-exploracion-y-explotacion-petrolera\/embed\/#?secret=J3ZqwqY7pM#?secret=ow1g44BrvY\" width=\"600\" height=\"621\" frameborder=\"0\" marginwidth=\"0\" marginheight=\"0\" scrolling=\"no\" sandbox=\"allow-scripts\" data-secret=\"ow1g44BrvY\" data-mce-fragment=\"1\"><\/iframe><\/p>\n<p><iframe loading=\"lazy\" class=\"wp-embedded-content\" title=\"\u00abACP presenta oscuro panorama para Colombia si no hay exploraci\u00f3n y explotaci\u00f3n petrolera\u00bb \u2014 \u25b7 Noticias de Casanare : Martha Cifuentes | Casanare\" src=\"https:\/\/marthacifuentes.com\/portada\/2022\/05\/10\/acp-presenta-oscuro-panorama-para-colombia-si-no-hay-exploracion-y-explotacion-petrolera\/embed\/#?secret=gPVaL91X7O#?secret=vALy5pkSo9\" width=\"600\" height=\"621\" frameborder=\"0\" marginwidth=\"0\" marginheight=\"0\" scrolling=\"no\" sandbox=\"allow-scripts\" data-secret=\"vALy5pkSo9\" data-mce-fragment=\"1\"><\/iframe><\/p>\n<p><iframe loading=\"lazy\" class=\"wp-embedded-content\" title=\"\u00abGobernaci\u00f3n de Casanare luego de 15 d\u00edas de cierre de v\u00eda del Cusiana, lanza SOS al gobierno nacional\u00bb \u2014 \u25b7 Noticias de Casanare : Martha Cifuentes | Casanare\" src=\"https:\/\/marthacifuentes.com\/portada\/2022\/05\/10\/gobernacion-de-casanare-luego-de-15-dias-de-cierre-de-via-del-cusiana-lanza-sos-al-gobierno-nacional\/embed\/#?secret=xiy8xEaoie#?secret=gRlOONSyFc\" width=\"600\" height=\"599\" frameborder=\"0\" marginwidth=\"0\" marginheight=\"0\" scrolling=\"no\" sandbox=\"allow-scripts\" data-secret=\"gRlOONSyFc\" data-mce-fragment=\"1\"><\/iframe><\/p>\n<p><iframe loading=\"lazy\" class=\"wp-embedded-content\" title=\"\u00abCiudadanos de Yopal proponen cambio en la c\u00fapula de la Polic\u00eda Casanare. Departamento tomado por la delincuencia\u00bb \u2014 \u25b7 Noticias de Casanare : Martha Cifuentes | Casanare\" src=\"https:\/\/marthacifuentes.com\/portada\/2022\/05\/09\/ciudadanos-de-yopal-proponen-cambio-en-la-cupula-de-la-policia-casanare-departamento-tomado-por-la-delincuencia\/embed\/#?secret=M0p4zOWuiH#?secret=ikXtVq7A2q\" width=\"600\" height=\"628\" frameborder=\"0\" marginwidth=\"0\" marginheight=\"0\" scrolling=\"no\" sandbox=\"allow-scripts\" data-secret=\"ikXtVq7A2q\" data-mce-fragment=\"1\"><\/iframe><\/p>\n<p><iframe loading=\"lazy\" class=\"wp-embedded-content\" title=\"\u00abMonta\u00f1as que bordean v\u00eda entre Aguazul-Sogamoso, en riesgo de colapso por movimiento geol\u00f3gico. 15 km de la v\u00eda ser\u00eda afectada.\u00bb \u2014 \u25b7 Noticias de Casanare : Martha Cifuentes | Casanare\" src=\"https:\/\/marthacifuentes.com\/portada\/2022\/05\/09\/montanas-que-bordean-via-entre-aguazul-sogamoso-en-riesgo-de-colapso-por-movimiento-geologico-15-km-de-la-via-seria-afectada\/embed\/#?secret=hiAlcMtk3h#?secret=67OVuVOFoC\" width=\"600\" height=\"628\" frameborder=\"0\" marginwidth=\"0\" marginheight=\"0\" scrolling=\"no\" sandbox=\"allow-scripts\" data-secret=\"67OVuVOFoC\" data-mce-fragment=\"1\"><\/iframe><\/p>\n<p><iframe loading=\"lazy\" class=\"wp-embedded-content\" title=\"\u00abPor nuevos mantenimientos varios municipios no tendr\u00e1n energ\u00eda esta semana\u00bb \u2014 \u25b7 Noticias de Casanare : Martha Cifuentes | Casanare\" src=\"https:\/\/marthacifuentes.com\/portada\/2022\/05\/09\/por-nuevos-mantenimientos-varios-municipios-no-tendran-energia-esta-semana\/embed\/#?secret=loR5xcDjNM#?secret=09ex2kJEwE\" width=\"600\" height=\"621\" frameborder=\"0\" marginwidth=\"0\" marginheight=\"0\" scrolling=\"no\" sandbox=\"allow-scripts\" data-secret=\"09ex2kJEwE\" data-mce-fragment=\"1\"><\/iframe><\/p>\n<p><iframe loading=\"lazy\" class=\"wp-embedded-content\" title=\"\u00abLa Polic\u00eda Casanare captura delincuentes, pero estos se fugan de las carceletas, no aptas para internarlo.\u00bb \u2014 \u25b7 Noticias de Casanare : Martha Cifuentes | Casanare\" src=\"https:\/\/marthacifuentes.com\/portada\/2022\/05\/09\/la-policia-casanare-captura-delincuentes-pero-estos-se-fugan-de-las-carceletas-no-aptas-para-internarlo\/embed\/#?secret=xbgTIXU2Xa#?secret=gBi3K8VCvY\" width=\"600\" height=\"599\" frameborder=\"0\" marginwidth=\"0\" marginheight=\"0\" scrolling=\"no\" sandbox=\"allow-scripts\" data-secret=\"gBi3K8VCvY\" data-mce-fragment=\"1\"><\/iframe><\/p>\n<p><iframe loading=\"lazy\" class=\"wp-embedded-content\" title=\"\u00abCapturada banda de ladrones de motos \u201cLos Skooters\u201d en Yopal, compuesta por \u201cTuerto\u201d, \u201cHuevo frito\u201d, \u201cChim\u00fa\u201d y \u201cVega\u201d.\u00bb \u2014 \u25b7 Noticias de Casanare : Martha Cifuentes | Casanare\" src=\"https:\/\/marthacifuentes.com\/portada\/2022\/05\/06\/capturada-banda-de-ladrones-de-motos-los-skooters-en-yopal-compuesta-por-tuerto-huevo-frito-chimu-y-vega\/embed\/#?secret=vYb75FkGCK#?secret=r3Sw4DZ5kY\" width=\"600\" height=\"649\" frameborder=\"0\" marginwidth=\"0\" marginheight=\"0\" scrolling=\"no\" sandbox=\"allow-scripts\" data-secret=\"r3Sw4DZ5kY\" data-mce-fragment=\"1\"><\/iframe><\/p>\n<p><iframe loading=\"lazy\" class=\"wp-embedded-content\" title=\"\u00abCapturado ladr\u00f3n, presunto implicado en robo donde menor result\u00f3 herido en Villaflor, Yopal\u00bb \u2014 \u25b7 Noticias de Casanare : Martha Cifuentes | Casanare\" src=\"https:\/\/marthacifuentes.com\/portada\/2022\/05\/06\/capturado-ladron-presunto-implicado-en-robo-donde-menor-resulto-herido-en-villaflor-yopal\/embed\/#?secret=JsBzq7FeON#?secret=PXb8BRuKPd\" width=\"600\" height=\"573\" frameborder=\"0\" marginwidth=\"0\" marginheight=\"0\" scrolling=\"no\" sandbox=\"allow-scripts\" data-secret=\"PXb8BRuKPd\" data-mce-fragment=\"1\"><\/iframe><\/p>\n<p><iframe loading=\"lazy\" class=\"wp-embedded-content\" title=\"\u00abFrancia M\u00e1rquez: Casanare debe pasar tener una econom\u00eda extractivista (petr\u00f3leo) a una agroindustrial\u00bb \u2014 \u25b7 Noticias de Casanare : Martha Cifuentes | Casanare\" src=\"https:\/\/marthacifuentes.com\/portada\/2022\/05\/06\/francia-marquez-casanare-debe-pasar-tener-una-economia-extractivista-petroleo-a-una-agroindustrial\/embed\/#?secret=VIeWt4svJt#?secret=n8GWqiHpyH\" width=\"600\" height=\"621\" frameborder=\"0\" marginwidth=\"0\" marginheight=\"0\" scrolling=\"no\" sandbox=\"allow-scripts\" data-secret=\"n8GWqiHpyH\" data-mce-fragment=\"1\"><\/iframe><\/p>\n<h2><\/h2>\n<p><iframe loading=\"lazy\" class=\"wp-embedded-content\" title=\"\u00abLamentable. Dos meses m\u00e1s de cierre en la v\u00eda del Cusiana\u00bb \u2014 \u25b7 Noticias de Casanare : Martha Cifuentes | Casanare\" src=\"https:\/\/marthacifuentes.com\/portada\/2022\/05\/06\/lamentable-dos-meses-mas-de-cierre-en-la-via-del-cusiana\/embed\/#?secret=5a8RmTEQut#?secret=L1j1nawP6I\" width=\"600\" height=\"600\" frameborder=\"0\" marginwidth=\"0\" marginheight=\"0\" scrolling=\"no\" sandbox=\"allow-scripts\" data-secret=\"L1j1nawP6I\" data-mce-fragment=\"1\"><\/iframe><\/p>\n<p><iframe loading=\"lazy\" class=\"wp-embedded-content\" title=\"\u00abPor raticos, le llevan la energ\u00eda a municipios del sur de Casanare afectados por da\u00f1o en subestaci\u00f3n\u00bb \u2014 \u25b7 Noticias de Casanare : Martha Cifuentes | Casanare\" src=\"https:\/\/marthacifuentes.com\/portada\/2022\/05\/06\/por-raticos-le-llevan-la-energia-a-municipios-del-sur-de-casanare-afectados-por-dano-en-subestacion\/embed\/#?secret=iVQYAc4Qwl#?secret=2BOA9j1NjT\" width=\"600\" height=\"621\" frameborder=\"0\" marginwidth=\"0\" marginheight=\"0\" scrolling=\"no\" sandbox=\"allow-scripts\" data-secret=\"2BOA9j1NjT\" data-mce-fragment=\"1\"><\/iframe><\/p>\n<p><iframe loading=\"lazy\" class=\"wp-embedded-content\" title=\"\u00abSalom\u00f3n y Amanda \u00bfreconciliados?\u00bb \u2014 \u25b7 Noticias de Casanare : Martha Cifuentes | Casanare\" src=\"https:\/\/marthacifuentes.com\/portada\/2022\/05\/06\/salomon-y-amanda-reconciliados\/embed\/#?secret=ncBPEUX2oS#?secret=1BYVRuyZ5K\" width=\"600\" height=\"592\" frameborder=\"0\" marginwidth=\"0\" marginheight=\"0\" scrolling=\"no\" sandbox=\"allow-scripts\" data-secret=\"1BYVRuyZ5K\" data-mce-fragment=\"1\"><\/iframe><\/p>\n","protected":false},"excerpt":{"rendered":"<p>Ante la ineficiencia en temas de seguridad, y los \u00faltimos robos cometidos en la comuna 4, presidente de la Junta de Acci\u00f3n Comunal de La Campi\u00f1a, pidi\u00f3 que se levante el CAI del sector. \u00abSi en uno o dos meses ese CAI de la Polic\u00eda no funciona lo mejor es que desocupen y no lo &hellip;<\/p>\n","protected":false},"author":2,"featured_media":29367,"comment_status":"open","ping_status":"open","sticky":false,"template":"","format":"standard","meta":{"om_disable_all_campaigns":false,"_exactmetrics_skip_tracking":false,"_exactmetrics_sitenote_active":false,"_exactmetrics_sitenote_note":"","_exactmetrics_sitenote_category":0,"_monsterinsights_skip_tracking":false,"_monsterinsights_sitenote_active":false,"_monsterinsights_sitenote_note":"","_monsterinsights_sitenote_category":0,"_uf_show_specific_survey":0,"_uf_disable_surveys":false,"_joinchat":[],"footnotes":""},"categories":[147,146,145],"tags":[7831,7830,154,1373,7835,7833,7834,7832,157,6155],"class_list":["post-29362","post","type-post","status-publish","format-standard","has-post-thumbnail","hentry","category-actualidad","category-noticias","category-reportajes","tag-accion-comunal-de-la-campina","tag-cai-de-la-campina","tag-casanare","tag-casanare-noticias","tag-como-pardo-ramirez","tag-coronel-rafael-miranda","tag-no-haga-el-papel-que-hacian-anteriores-comandantes","tag-rodrigo-perilla","tag-yopal","tag-yopal-casanare"],"yoast_head":"<!-- This site is optimized with the Yoast SEO plugin v26.1 - https:\/\/yoast.com\/wordpress\/plugins\/seo\/ -->\n<title>CAI de la Campi\u00f1a deber\u00eda servir para poner venta de chorizos porque no funciona - \u25b7 Noticias de Casanare : Martha Cifuentes | Casanare<\/title>\n<meta name=\"robots\" content=\"index, follow, max-snippet:-1, max-image-preview:large, max-video-preview:-1\" \/>\n<link rel=\"canonical\" href=\"https:\/\/marthacifuentes.com\/portada\/cai-de-la-campina-deberia-servir-para-poner-venta-de-chorizos-porque-no-funciona\/\" \/>\n<meta property=\"og:locale\" content=\"es_ES\" \/>\n<meta property=\"og:type\" content=\"article\" \/>\n<meta property=\"og:title\" content=\"CAI de la Campi\u00f1a deber\u00eda servir para poner venta de chorizos porque no funciona - \u25b7 Noticias de Casanare : Martha Cifuentes | Casanare\" \/>\n<meta property=\"og:description\" content=\"Ante la ineficiencia en temas de seguridad, y los \u00faltimos robos cometidos en la comuna 4, presidente de la Junta de Acci\u00f3n Comunal de La Campi\u00f1a, pidi\u00f3 que se levante el CAI del sector. \u00abSi en uno o dos meses ese CAI de la Polic\u00eda no funciona lo mejor es que desocupen y no lo &hellip;\" \/>\n<meta property=\"og:url\" content=\"https:\/\/marthacifuentes.com\/portada\/cai-de-la-campina-deberia-servir-para-poner-venta-de-chorizos-porque-no-funciona\/\" \/>\n<meta property=\"og:site_name\" content=\"\u25b7 Noticias de Casanare : Martha Cifuentes | Casanare\" \/>\n<meta property=\"article:published_time\" content=\"2022-06-08T15:56:01+00:00\" \/>\n<meta property=\"og:image\" content=\"https:\/\/marthacifuentes.com\/portada\/wp-content\/uploads\/2022\/06\/cai-de-la-campina-portada-1.jpg\" \/>\n\t<meta property=\"og:image:width\" content=\"1509\" \/>\n\t<meta property=\"og:image:height\" content=\"849\" \/>\n\t<meta property=\"og:image:type\" content=\"image\/jpeg\" \/>\n<meta name=\"author\" content=\"Martha Cifuentes\" \/>\n<meta name=\"twitter:card\" content=\"summary_large_image\" \/>\n<meta name=\"twitter:label1\" content=\"Escrito por\" \/>\n\t<meta name=\"twitter:data1\" content=\"Martha Cifuentes\" \/>\n\t<meta name=\"twitter:label2\" content=\"Tiempo de lectura\" \/>\n\t<meta name=\"twitter:data2\" content=\"1 minuto\" \/>\n<script type=\"application\/ld+json\" class=\"yoast-schema-graph\">{\"@context\":\"https:\/\/schema.org\",\"@graph\":[{\"@type\":\"WebPage\",\"@id\":\"https:\/\/marthacifuentes.com\/portada\/cai-de-la-campina-deberia-servir-para-poner-venta-de-chorizos-porque-no-funciona\/\",\"url\":\"https:\/\/marthacifuentes.com\/portada\/cai-de-la-campina-deberia-servir-para-poner-venta-de-chorizos-porque-no-funciona\/\",\"name\":\"CAI de la Campi\u00f1a deber\u00eda servir para poner venta de chorizos porque no funciona - \u25b7 Noticias de Casanare : Martha Cifuentes | Casanare\",\"isPartOf\":{\"@id\":\"https:\/\/marthacifuentes.com\/portada\/#website\"},\"primaryImageOfPage\":{\"@id\":\"https:\/\/marthacifuentes.com\/portada\/cai-de-la-campina-deberia-servir-para-poner-venta-de-chorizos-porque-no-funciona\/#primaryimage\"},\"image\":{\"@id\":\"https:\/\/marthacifuentes.com\/portada\/cai-de-la-campina-deberia-servir-para-poner-venta-de-chorizos-porque-no-funciona\/#primaryimage\"},\"thumbnailUrl\":\"https:\/\/marthacifuentes.com\/portada\/wp-content\/uploads\/2022\/06\/cai-de-la-campina-portada-1.jpg\",\"datePublished\":\"2022-06-08T15:56:01+00:00\",\"author\":{\"@id\":\"https:\/\/marthacifuentes.com\/portada\/#\/schema\/person\/57f53174b991db5f90ff78d58502b714\"},\"breadcrumb\":{\"@id\":\"https:\/\/marthacifuentes.com\/portada\/cai-de-la-campina-deberia-servir-para-poner-venta-de-chorizos-porque-no-funciona\/#breadcrumb\"},\"inLanguage\":\"es\",\"potentialAction\":[{\"@type\":\"ReadAction\",\"target\":[\"https:\/\/marthacifuentes.com\/portada\/cai-de-la-campina-deberia-servir-para-poner-venta-de-chorizos-porque-no-funciona\/\"]}]},{\"@type\":\"ImageObject\",\"inLanguage\":\"es\",\"@id\":\"https:\/\/marthacifuentes.com\/portada\/cai-de-la-campina-deberia-servir-para-poner-venta-de-chorizos-porque-no-funciona\/#primaryimage\",\"url\":\"https:\/\/marthacifuentes.com\/portada\/wp-content\/uploads\/2022\/06\/cai-de-la-campina-portada-1.jpg\",\"contentUrl\":\"https:\/\/marthacifuentes.com\/portada\/wp-content\/uploads\/2022\/06\/cai-de-la-campina-portada-1.jpg\",\"width\":1509,\"height\":849},{\"@type\":\"BreadcrumbList\",\"@id\":\"https:\/\/marthacifuentes.com\/portada\/cai-de-la-campina-deberia-servir-para-poner-venta-de-chorizos-porque-no-funciona\/#breadcrumb\",\"itemListElement\":[{\"@type\":\"ListItem\",\"position\":1,\"name\":\"Portada\",\"item\":\"https:\/\/marthacifuentes.com\/portada\/\"},{\"@type\":\"ListItem\",\"position\":2,\"name\":\"CAI de la Campi\u00f1a deber\u00eda servir para poner venta de chorizos porque no funciona\"}]},{\"@type\":\"WebSite\",\"@id\":\"https:\/\/marthacifuentes.com\/portada\/#website\",\"url\":\"https:\/\/marthacifuentes.com\/portada\/\",\"name\":\"\u25b7 Noticias de Casanare : Martha Cifuentes | Casanare\",\"description\":\"Noticias &amp; Contenidos\",\"potentialAction\":[{\"@type\":\"SearchAction\",\"target\":{\"@type\":\"EntryPoint\",\"urlTemplate\":\"https:\/\/marthacifuentes.com\/portada\/?s={search_term_string}\"},\"query-input\":{\"@type\":\"PropertyValueSpecification\",\"valueRequired\":true,\"valueName\":\"search_term_string\"}}],\"inLanguage\":\"es\"},{\"@type\":\"Person\",\"@id\":\"https:\/\/marthacifuentes.com\/portada\/#\/schema\/person\/57f53174b991db5f90ff78d58502b714\",\"name\":\"Martha Cifuentes\",\"image\":{\"@type\":\"ImageObject\",\"inLanguage\":\"es\",\"@id\":\"https:\/\/marthacifuentes.com\/portada\/#\/schema\/person\/image\/\",\"url\":\"http:\/\/marthacifuentes.com\/portada\/wp-content\/uploads\/2018\/06\/avatar_user_2_1528838701-96x96.jpg\",\"contentUrl\":\"http:\/\/marthacifuentes.com\/portada\/wp-content\/uploads\/2018\/06\/avatar_user_2_1528838701-96x96.jpg\",\"caption\":\"Martha Cifuentes\"},\"sameAs\":[\"http:\/\/www.marthacifuentes.com\"],\"url\":\"https:\/\/marthacifuentes.com\/portada\/author\/martha\/\"}]}<\/script>\n<!-- \/ Yoast SEO plugin. -->","yoast_head_json":{"title":"CAI de la Campi\u00f1a deber\u00eda servir para poner venta de chorizos porque no funciona - \u25b7 Noticias de Casanare : Martha Cifuentes | Casanare","robots":{"index":"index","follow":"follow","max-snippet":"max-snippet:-1","max-image-preview":"max-image-preview:large","max-video-preview":"max-video-preview:-1"},"canonical":"https:\/\/marthacifuentes.com\/portada\/cai-de-la-campina-deberia-servir-para-poner-venta-de-chorizos-porque-no-funciona\/","og_locale":"es_ES","og_type":"article","og_title":"CAI de la Campi\u00f1a deber\u00eda servir para poner venta de chorizos porque no funciona - \u25b7 Noticias de Casanare : Martha Cifuentes | Casanare","og_description":"Ante la ineficiencia en temas de seguridad, y los \u00faltimos robos cometidos en la comuna 4, presidente de la Junta de Acci\u00f3n Comunal de La Campi\u00f1a, pidi\u00f3 que se levante el CAI del sector. \u00abSi en uno o dos meses ese CAI de la Polic\u00eda no funciona lo mejor es que desocupen y no lo &hellip;","og_url":"https:\/\/marthacifuentes.com\/portada\/cai-de-la-campina-deberia-servir-para-poner-venta-de-chorizos-porque-no-funciona\/","og_site_name":"\u25b7 Noticias de Casanare : Martha Cifuentes | Casanare","article_published_time":"2022-06-08T15:56:01+00:00","og_image":[{"width":1509,"height":849,"url":"https:\/\/marthacifuentes.com\/portada\/wp-content\/uploads\/2022\/06\/cai-de-la-campina-portada-1.jpg","type":"image\/jpeg"}],"author":"Martha Cifuentes","twitter_card":"summary_large_image","twitter_misc":{"Escrito por":"Martha Cifuentes","Tiempo de lectura":"1 minuto"},"schema":{"@context":"https:\/\/schema.org","@graph":[{"@type":"WebPage","@id":"https:\/\/marthacifuentes.com\/portada\/cai-de-la-campina-deberia-servir-para-poner-venta-de-chorizos-porque-no-funciona\/","url":"https:\/\/marthacifuentes.com\/portada\/cai-de-la-campina-deberia-servir-para-poner-venta-de-chorizos-porque-no-funciona\/","name":"CAI de la Campi\u00f1a deber\u00eda servir para poner venta de chorizos porque no funciona - \u25b7 Noticias de Casanare : Martha Cifuentes | Casanare","isPartOf":{"@id":"https:\/\/marthacifuentes.com\/portada\/#website"},"primaryImageOfPage":{"@id":"https:\/\/marthacifuentes.com\/portada\/cai-de-la-campina-deberia-servir-para-poner-venta-de-chorizos-porque-no-funciona\/#primaryimage"},"image":{"@id":"https:\/\/marthacifuentes.com\/portada\/cai-de-la-campina-deberia-servir-para-poner-venta-de-chorizos-porque-no-funciona\/#primaryimage"},"thumbnailUrl":"https:\/\/marthacifuentes.com\/portada\/wp-content\/uploads\/2022\/06\/cai-de-la-campina-portada-1.jpg","datePublished":"2022-06-08T15:56:01+00:00","author":{"@id":"https:\/\/marthacifuentes.com\/portada\/#\/schema\/person\/57f53174b991db5f90ff78d58502b714"},"breadcrumb":{"@id":"https:\/\/marthacifuentes.com\/portada\/cai-de-la-campina-deberia-servir-para-poner-venta-de-chorizos-porque-no-funciona\/#breadcrumb"},"inLanguage":"es","potentialAction":[{"@type":"ReadAction","target":["https:\/\/marthacifuentes.com\/portada\/cai-de-la-campina-deberia-servir-para-poner-venta-de-chorizos-porque-no-funciona\/"]}]},{"@type":"ImageObject","inLanguage":"es","@id":"https:\/\/marthacifuentes.com\/portada\/cai-de-la-campina-deberia-servir-para-poner-venta-de-chorizos-porque-no-funciona\/#primaryimage","url":"https:\/\/marthacifuentes.com\/portada\/wp-content\/uploads\/2022\/06\/cai-de-la-campina-portada-1.jpg","contentUrl":"https:\/\/marthacifuentes.com\/portada\/wp-content\/uploads\/2022\/06\/cai-de-la-campina-portada-1.jpg","width":1509,"height":849},{"@type":"BreadcrumbList","@id":"https:\/\/marthacifuentes.com\/portada\/cai-de-la-campina-deberia-servir-para-poner-venta-de-chorizos-porque-no-funciona\/#breadcrumb","itemListElement":[{"@type":"ListItem","position":1,"name":"Portada","item":"https:\/\/marthacifuentes.com\/portada\/"},{"@type":"ListItem","position":2,"name":"CAI de la Campi\u00f1a deber\u00eda servir para poner venta de chorizos porque no funciona"}]},{"@type":"WebSite","@id":"https:\/\/marthacifuentes.com\/portada\/#website","url":"https:\/\/marthacifuentes.com\/portada\/","name":"\u25b7 Noticias de Casanare : Martha Cifuentes | Casanare","description":"Noticias &amp; Contenidos","potentialAction":[{"@type":"SearchAction","target":{"@type":"EntryPoint","urlTemplate":"https:\/\/marthacifuentes.com\/portada\/?s={search_term_string}"},"query-input":{"@type":"PropertyValueSpecification","valueRequired":true,"valueName":"search_term_string"}}],"inLanguage":"es"},{"@type":"Person","@id":"https:\/\/marthacifuentes.com\/portada\/#\/schema\/person\/57f53174b991db5f90ff78d58502b714","name":"Martha Cifuentes","image":{"@type":"ImageObject","inLanguage":"es","@id":"https:\/\/marthacifuentes.com\/portada\/#\/schema\/person\/image\/","url":"http:\/\/marthacifuentes.com\/portada\/wp-content\/uploads\/2018\/06\/avatar_user_2_1528838701-96x96.jpg","contentUrl":"http:\/\/marthacifuentes.com\/portada\/wp-content\/uploads\/2018\/06\/avatar_user_2_1528838701-96x96.jpg","caption":"Martha Cifuentes"},"sameAs":["http:\/\/www.marthacifuentes.com"],"url":"https:\/\/marthacifuentes.com\/portada\/author\/martha\/"}]}},"_links":{"self":[{"href":"https:\/\/marthacifuentes.com\/portada\/wp-json\/wp\/v2\/posts\/29362","targetHints":{"allow":["GET"]}}],"collection":[{"href":"https:\/\/marthacifuentes.com\/portada\/wp-json\/wp\/v2\/posts"}],"about":[{"href":"https:\/\/marthacifuentes.com\/portada\/wp-json\/wp\/v2\/types\/post"}],"author":[{"embeddable":true,"href":"https:\/\/marthacifuentes.com\/portada\/wp-json\/wp\/v2\/users\/2"}],"replies":[{"embeddable":true,"href":"https:\/\/marthacifuentes.com\/portada\/wp-json\/wp\/v2\/comments?post=29362"}],"version-history":[{"count":1,"href":"https:\/\/marthacifuentes.com\/portada\/wp-json\/wp\/v2\/posts\/29362\/revisions"}],"predecessor-version":[{"id":29368,"href":"https:\/\/marthacifuentes.com\/portada\/wp-json\/wp\/v2\/posts\/29362\/revisions\/29368"}],"wp:featuredmedia":[{"embeddable":true,"href":"https:\/\/marthacifuentes.com\/portada\/wp-json\/wp\/v2\/media\/29367"}],"wp:attachment":[{"href":"https:\/\/marthacifuentes.com\/portada\/wp-json\/wp\/v2\/media?parent=29362"}],"wp:term":[{"taxonomy":"category","embeddable":true,"href":"https:\/\/marthacifuentes.com\/portada\/wp-json\/wp\/v2\/categories?post=29362"},{"taxonomy":"post_tag","embeddable":true,"href":"https:\/\/marthacifuentes.com\/portada\/wp-json\/wp\/v2\/tags?post=29362"}],"curies":[{"name":"wp","href":"https:\/\/api.w.org\/{rel}","templated":true}]}}