{"id":29402,"date":"2022-06-17T09:18:23","date_gmt":"2022-06-17T14:18:23","guid":{"rendered":"https:\/\/marthacifuentes.com\/portada\/?p=29402"},"modified":"2022-06-17T09:18:23","modified_gmt":"2022-06-17T14:18:23","slug":"adivina-adivinador-quien-es-el-personaje","status":"publish","type":"post","link":"https:\/\/marthacifuentes.com\/portada\/adivina-adivinador-quien-es-el-personaje\/","title":{"rendered":"Adivina, adivinador\u2026 \u00bfQui\u00e9n es el personaje?"},"content":{"rendered":"<p style=\"text-align: justify;\"><strong>Por C\u00e9sar Colmenares<\/strong><\/p>\n<p style=\"text-align: justify;\">Yo ac\u00e1 pensando en un personaje muy pintoresco y folcl\u00f3rico, que se presentaba como un empresario y en 2015 se lanz\u00f3 a la alcald\u00eda de un municipio, capital de departamento en el oriente del pa\u00eds.<\/p>\n<p style=\"text-align: justify;\">Ese empresario daba entonces el salto a la pol\u00edtica, prometiendo acabar con la corrupci\u00f3n y la clase politiquera, y arropar a los pobres, como bandera principal de su cruzada. Al final de todo el cuento, termin\u00f3 en l\u00edo judicial y un pie en la c\u00e1rcel. Result\u00f3 ser un bandido.<\/p>\n<p style=\"text-align: justify;\">Deslenguado para hablar, se presentaba como un gran constructor de urbanizaciones, y vend\u00eda lotes que compraba, diga usted a 10 mil pesos, para vend\u00e9rselos a la \u201cgentecita\u201d financiados directamente con plazos de 15 a\u00f1os, al final de los cuales terminar\u00edan pagando, diga usted, unos 40 millones de pesos. Una m\u00e1quina perfecta de hacer plata a trav\u00e9s de los pobres.<\/p>\n<p style=\"text-align: justify;\">Compraba barato los terrenos porque estaban fuera del POT, asunto que dec\u00eda despu\u00e9s legalizar\u00edan.<\/p>\n<p style=\"text-align: justify;\">Y, pues bien, qui\u00e9n dijo miedo. Para asegurar m\u00e1s votos de los pobres, en campa\u00f1a mand\u00f3 a imprimir unos formularios prometiendo que quien llenara los datos, principalmente la c\u00e9dula que garantizaba que iba a votar en el censo electoral de la ciudad, tendr\u00eda vivienda digna.<\/p>\n<p style=\"text-align: justify;\">Eso fue el machete del a\u00f1o, se agolpaban en sus sedes para hacerse al mentado formulario, el cual cre\u00edan garant\u00eda de la casa so\u00f1ada e inalcanzable.<\/p>\n<p style=\"text-align: justify;\">Y claro, como era obvio, gan\u00f3 en estas elecciones. Se posesion\u00f3 en 2016, pas\u00f3 el tiempo, no cumpli\u00f3 con la promesa de vivienda y, lo peor, ni siquiera pudo culminar su mandato porque ya estaba separado del cargo por orden judicial.<\/p>\n<p style=\"text-align: justify;\">Dicharachero, chabacano, elocuente y de discurso lleno de mil palabras, pero reflejo de una ignorancia supina y con el cual seduce incautos.<\/p>\n<p style=\"text-align: justify;\">Es una f\u00f3rmula sencilla pero basada en un principio de la t\u00e9cnica propagand\u00edstica del secretario de prensa de Adolf Hitler, Joseph Goebbels: repetir una mentira mil veces la convertir\u00e1 en verdad, basada en la ilusi\u00f3n de verdad y la sencillez o fluidez del procesamiento, es decir algo f\u00e1cil de apropiar.<\/p>\n<h2><strong>Otras noticias\u2026<\/strong><\/h2>\n<blockquote class=\"wp-embedded-content\" data-secret=\"Nb05oT8MKw\"><p><a href=\"https:\/\/marthacifuentes.com\/portada\/2022\/06\/17\/ips-gyomedical-en-casanare-sancionada-con-525-millones-de-pesos-por-fallas-en-los-servicios\/\">IPS Gyomedical en Casanare sancionada con 525 millones de pesos por fallas en los servicios<\/a><\/p><\/blockquote>\n<p><iframe loading=\"lazy\" class=\"wp-embedded-content\" sandbox=\"allow-scripts\" security=\"restricted\" style=\"position: absolute; clip: rect(1px, 1px, 1px, 1px);\" title=\"\u00abIPS Gyomedical en Casanare sancionada con 525 millones de pesos por fallas en los servicios\u00bb \u2014 \u25b7 Noticias de Casanare : Martha Cifuentes | Casanare\" src=\"https:\/\/marthacifuentes.com\/portada\/2022\/06\/17\/ips-gyomedical-en-casanare-sancionada-con-525-millones-de-pesos-por-fallas-en-los-servicios\/embed\/#?secret=0aFeAZvKHv#?secret=Nb05oT8MKw\" data-secret=\"Nb05oT8MKw\" width=\"500\" height=\"282\" frameborder=\"0\" marginwidth=\"0\" marginheight=\"0\" scrolling=\"no\"><\/iframe><\/p>\n<p><iframe loading=\"lazy\" class=\"wp-embedded-content\" title=\"\u00abPor irregularidades en la expedici\u00f3n de varios planes parciales de ordenamiento territorial en Yopal le formulan pliego de cargos a exalcalde Jorge Garc\u00eda\u00bb \u2014 \u25b7 Noticias de Casanare : Martha Cifuentes | Casanare\" src=\"https:\/\/marthacifuentes.com\/portada\/2022\/06\/17\/por-irregularidades-en-la-expedicion-de-varios-planes-parciales-de-ordenamiento-territorial-en-yopal-le-formulan-pliego-de-cargos-a-exalcalde-jorge-garcia\/embed\/#?secret=ayXfO7oZZL#?secret=NJ8l4PiC6u\" width=\"600\" height=\"649\" frameborder=\"0\" marginwidth=\"0\" marginheight=\"0\" scrolling=\"no\" sandbox=\"allow-scripts\" data-secret=\"NJ8l4PiC6u\" data-mce-fragment=\"1\"><\/iframe><\/p>\n<p><iframe loading=\"lazy\" class=\"wp-embedded-content\" title=\"\u00abRodolfo Hern\u00e1ndez tendr\u00e1 que participar en debate con Gustavo Petro. As\u00ed lo orden\u00f3 Tribunal de Bogot\u00e1\u00bb \u2014 \u25b7 Noticias de Casanare : Martha Cifuentes | Casanare\" src=\"https:\/\/marthacifuentes.com\/portada\/2022\/06\/15\/rodolfo-hernandez-tendra-que-participar-en-debate-con-gustavo-petro-asi-lo-ordeno-tribunal-de-bogota\/embed\/#?secret=Q2HNx3JfOE#?secret=SHOTzzJq0I\" width=\"600\" height=\"621\" frameborder=\"0\" marginwidth=\"0\" marginheight=\"0\" scrolling=\"no\" sandbox=\"allow-scripts\" data-secret=\"SHOTzzJq0I\" data-mce-fragment=\"1\"><\/iframe><\/p>\n<p><iframe loading=\"lazy\" class=\"wp-embedded-content\" title=\"\u00ab\u00abCasanare debe ser una gran despensa agroalimentaria y tur\u00edstica\u00bb: Gustavo Petro de visita en Yopal\u00bb \u2014 \u25b7 Noticias de Casanare : Martha Cifuentes | Casanare\" src=\"https:\/\/marthacifuentes.com\/portada\/2022\/06\/14\/casanare-debe-ser-una-gran-despensa-agroalimentaria-y-turistica-gustavo-petro-de-visita-en-yopal\/embed\/#?secret=rDrPdMkVHu#?secret=DkGQyMTplT\" width=\"600\" height=\"614\" frameborder=\"0\" marginwidth=\"0\" marginheight=\"0\" scrolling=\"no\" sandbox=\"allow-scripts\" data-secret=\"DkGQyMTplT\" data-mce-fragment=\"1\"><\/iframe><\/p>\n<p><iframe loading=\"lazy\" class=\"wp-embedded-content\" title=\"\u00abCasanare tomado por el Dengue. Es el departamento con m\u00e1s casos del pa\u00eds.\u00bb \u2014 \u25b7 Noticias de Casanare : Martha Cifuentes | Casanare\" src=\"https:\/\/marthacifuentes.com\/portada\/2022\/06\/09\/casanare-tomado-por-el-dengue-es-el-departamento-con-mas-casos-del-pais\/embed\/#?secret=RRXZUIC5of#?secret=NEq3aETCz9\" width=\"600\" height=\"600\" frameborder=\"0\" marginwidth=\"0\" marginheight=\"0\" scrolling=\"no\" sandbox=\"allow-scripts\" data-secret=\"NEq3aETCz9\" data-mce-fragment=\"1\"><\/iframe><\/p>\n<p><iframe loading=\"lazy\" class=\"wp-embedded-content\" title=\"\u00abO Marcaszalud mejora entrega de medicamentos o se acaba el contrato: Capresoca\u00bb \u2014 \u25b7 Noticias de Casanare : Martha Cifuentes | Casanare\" src=\"https:\/\/marthacifuentes.com\/portada\/2022\/06\/09\/o-marcaszalud-mejora-entrega-de-medicamentos-o-se-acaba-el-contrato-capresoca\/embed\/#?secret=1agErrZLTc#?secret=3ylRciqlQ1\" width=\"600\" height=\"308\" frameborder=\"0\" marginwidth=\"0\" marginheight=\"0\" scrolling=\"no\" sandbox=\"allow-scripts\" data-secret=\"3ylRciqlQ1\" data-mce-fragment=\"1\"><\/iframe><\/p>\n<p><iframe loading=\"lazy\" class=\"wp-embedded-content\" title=\"\u00abCuatro ni\u00f1os muertos por desnutrici\u00f3n y 122 enfermos por esta causa en Casanare, en 2022. Crisis econ\u00f3mica y carest\u00eda de alimentos, los motivos.\u00bb \u2014 \u25b7 Noticias de Casanare : Martha Cifuentes | Casanare\" src=\"https:\/\/marthacifuentes.com\/portada\/2022\/06\/09\/cuatro-ninos-muertos-por-desnutricion-y-122-enfermos-por-esta-causa-en-casanare-en-2022-crisis-economica-y-carestia-de-alimentos-los-motivos\/embed\/#?secret=YfdACoC6KX#?secret=wjtDjVPKaA\" width=\"600\" height=\"589\" frameborder=\"0\" marginwidth=\"0\" marginheight=\"0\" scrolling=\"no\" sandbox=\"allow-scripts\" data-secret=\"wjtDjVPKaA\" data-mce-fragment=\"1\"><\/iframe><\/p>\n<p><iframe loading=\"lazy\" class=\"wp-embedded-content\" title=\"\u00abNada nuevo en Consejo de Seguridad de Casanare por atentado a diputado York Cort\u00e9s.\u00bb \u2014 \u25b7 Noticias de Casanare : Martha Cifuentes | Casanare\" src=\"https:\/\/marthacifuentes.com\/portada\/2022\/06\/08\/nada-nuevo-en-consejo-de-seguridad-de-casanare-por-atentado-a-diputado-york-cortes\/embed\/#?secret=PN68VmOJaw#?secret=fBDKC0gWyG\" width=\"600\" height=\"600\" frameborder=\"0\" marginwidth=\"0\" marginheight=\"0\" scrolling=\"no\" sandbox=\"allow-scripts\" data-secret=\"fBDKC0gWyG\" data-mce-fragment=\"1\"><\/iframe><\/p>\n<p><iframe loading=\"lazy\" class=\"wp-embedded-content\" title=\"\u00abAlcalde de Yopal perdi\u00f3 las mayor\u00edas en el Concejo de Yopal\u00bb \u2014 \u25b7 Noticias de Casanare : Martha Cifuentes | Casanare\" src=\"https:\/\/marthacifuentes.com\/portada\/2022\/06\/08\/alcalde-de-yopal-perdio-las-mayorias-en-el-concejo-de-yopal\/embed\/#?secret=6EnzDBdijQ#?secret=0O1ITs2Fvs\" width=\"600\" height=\"538\" frameborder=\"0\" marginwidth=\"0\" marginheight=\"0\" scrolling=\"no\" sandbox=\"allow-scripts\" data-secret=\"0O1ITs2Fvs\" data-mce-fragment=\"1\"><\/iframe><\/p>\n<p><iframe loading=\"lazy\" class=\"wp-embedded-content\" title=\"\u00abAprobado proyecto de pasivos ambientales en comisi\u00f3n V de C\u00e1mara. Petroleras tienen gran deuda con Casanare, afirm\u00f3 parlamentario C\u00e9sar Ortiz.\u00bb \u2014 \u25b7 Noticias de Casanare : Martha Cifuentes | Casanare\" src=\"https:\/\/marthacifuentes.com\/portada\/2022\/06\/08\/aprobado-proyecto-de-pasivos-ambientales-en-comision-v-de-camara-petroleras-tienen-gran-deuda-con-casanare-afirmo-parlamentario-cesar-ortiz\/embed\/#?secret=GcWonG7KQn#?secret=aZcAELvKTi\" width=\"600\" height=\"649\" frameborder=\"0\" marginwidth=\"0\" marginheight=\"0\" scrolling=\"no\" sandbox=\"allow-scripts\" data-secret=\"aZcAELvKTi\" data-mce-fragment=\"1\"><\/iframe><\/p>\n<p><iframe loading=\"lazy\" class=\"wp-embedded-content\" title=\"\u00abCAI de la Campi\u00f1a deber\u00eda servir para poner venta de chorizos porque no funciona\u00bb \u2014 \u25b7 Noticias de Casanare : Martha Cifuentes | Casanare\" src=\"https:\/\/marthacifuentes.com\/portada\/2022\/06\/08\/cai-de-la-campina-deberia-servir-para-poner-venta-de-chorizos-porque-no-funciona\/embed\/#?secret=T0nV6SeKSl#?secret=iBeba9z6Nc\" width=\"600\" height=\"599\" frameborder=\"0\" marginwidth=\"0\" marginheight=\"0\" scrolling=\"no\" sandbox=\"allow-scripts\" data-secret=\"iBeba9z6Nc\" data-mce-fragment=\"1\"><\/iframe><\/p>\n<p><iframe loading=\"lazy\" class=\"wp-embedded-content\" title=\"\u00abPeligroso homicida del Clan del Golfo fue capturado en Villanueva\u00bb \u2014 \u25b7 Noticias de Casanare : Martha Cifuentes | Casanare\" src=\"https:\/\/marthacifuentes.com\/portada\/2022\/06\/08\/peligroso-homicida-del-clan-del-golfo-fue-capturado-en-villanueva\/embed\/#?secret=LPcCh1Hpws#?secret=aPAqOWCJYc\" width=\"600\" height=\"621\" frameborder=\"0\" marginwidth=\"0\" marginheight=\"0\" scrolling=\"no\" sandbox=\"allow-scripts\" data-secret=\"aPAqOWCJYc\" data-mce-fragment=\"1\"><\/iframe><\/p>\n<p><iframe loading=\"lazy\" class=\"wp-embedded-content\" title=\"\u00ab23 mil personas de zona rural de Yopal siguen sin agua. Por fallo de acci\u00f3n popular Gobernaci\u00f3n de Casanare y Alcald\u00eda pondr\u00e1n recursos para estudios de macroacueducto\u00bb \u2014 \u25b7 Noticias de Casanare : Martha Cifuentes | Casanare\" src=\"https:\/\/marthacifuentes.com\/portada\/2022\/06\/07\/23-mil-personas-de-zona-rural-de-yopal-siguen-sin-agua-por-fallo-de-accion-popular-gobernacion-de-casanare-y-alcaldia-pondran-recursos-para-estudios-de-macroacueducto\/embed\/#?secret=tPKiU4fBDD#?secret=sBHf8g6QkF\" width=\"600\" height=\"678\" frameborder=\"0\" marginwidth=\"0\" marginheight=\"0\" scrolling=\"no\" sandbox=\"allow-scripts\" data-secret=\"sBHf8g6QkF\" data-mce-fragment=\"1\"><\/iframe><\/p>\n<p><iframe loading=\"lazy\" class=\"wp-embedded-content\" title=\"\u00abSan Marcos con agua, pero sin soluci\u00f3n real a problem\u00e1tica de sistema de bombeo\u00bb \u2014 \u25b7 Noticias de Casanare : Martha Cifuentes | Casanare\" src=\"https:\/\/marthacifuentes.com\/portada\/2022\/06\/07\/san-marcos-con-agua-pero-sin-solucion-real-a-problematica-de-sistema-de-bombeo\/embed\/#?secret=NlG5mVz10w#?secret=4gznHYJYMD\" width=\"600\" height=\"600\" frameborder=\"0\" marginwidth=\"0\" marginheight=\"0\" scrolling=\"no\" sandbox=\"allow-scripts\" data-secret=\"4gznHYJYMD\" data-mce-fragment=\"1\"><\/iframe><\/p>\n<p><iframe loading=\"lazy\" class=\"wp-embedded-content\" title=\"\u00abMujeres se \u00abtoman\u00bb la mesa directiva del Concejo de Yopal para 2023\u00bb \u2014 \u25b7 Noticias de Casanare : Martha Cifuentes | Casanare\" src=\"https:\/\/marthacifuentes.com\/portada\/2022\/06\/07\/mujeres-se-toman-la-mesa-directiva-del-concejo-de-yopal-para-2023\/embed\/#?secret=oSkrUXDFH5#?secret=bO06FRKq7Y\" width=\"600\" height=\"600\" frameborder=\"0\" marginwidth=\"0\" marginheight=\"0\" scrolling=\"no\" sandbox=\"allow-scripts\" data-secret=\"bO06FRKq7Y\" data-mce-fragment=\"1\"><\/iframe><\/p>\n<p><iframe loading=\"lazy\" class=\"wp-embedded-content\" title=\"\u00abEn Man\u00ed otra muerte violenta. Hombre fue asesinado en zona de tolerancia.\u00a0\u00bb \u2014 \u25b7 Noticias de Casanare : Martha Cifuentes | Casanare\" src=\"https:\/\/marthacifuentes.com\/portada\/2022\/06\/06\/en-mani-otra-muerte-violenta-hombre-fue-asesinado-en-zona-de-tolerancia\/embed\/#?secret=zcu4RZ6ntr#?secret=UvyEdmNnIE\" width=\"600\" height=\"587\" frameborder=\"0\" marginwidth=\"0\" marginheight=\"0\" scrolling=\"no\" sandbox=\"allow-scripts\" data-secret=\"UvyEdmNnIE\" data-mce-fragment=\"1\"><\/iframe><\/p>\n<p><iframe loading=\"lazy\" class=\"wp-embedded-content\" title=\"\u00abGobernaci\u00f3n de Casanare hace caso omiso a requerimientos para solucionar problem\u00e1tica de aguas negras en El Morro, Yopal.\u00bb \u2014 \u25b7 Noticias de Casanare : Martha Cifuentes | Casanare\" src=\"https:\/\/marthacifuentes.com\/portada\/2022\/06\/06\/gobernacion-de-casanare-hace-caso-omiso-a-requerimientos-para-solucionar-problematica-de-aguas-negras-en-el-morro-yopal\/embed\/#?secret=hkDLplCPl9#?secret=BM5fVH10hH\" width=\"600\" height=\"593\" frameborder=\"0\" marginwidth=\"0\" marginheight=\"0\" scrolling=\"no\" sandbox=\"allow-scripts\" data-secret=\"BM5fVH10hH\" data-mce-fragment=\"1\"><\/iframe><\/p>\n<p><iframe loading=\"lazy\" class=\"wp-embedded-content\" title=\"\u00abColombia sigue necesitando el petr\u00f3leo y gas: Presidente ACP, Francisco Lloreda\u00bb \u2014 \u25b7 Noticias de Casanare : Martha Cifuentes | Casanare\" src=\"https:\/\/marthacifuentes.com\/portada\/2022\/06\/03\/colombia-sigue-necesitando-el-petroleo-y-gas-presidente-acp-francisco-lloreda\/embed\/#?secret=QnTQNKzsue#?secret=GcU917Mq7W\" width=\"600\" height=\"586\" frameborder=\"0\" marginwidth=\"0\" marginheight=\"0\" scrolling=\"no\" sandbox=\"allow-scripts\" data-secret=\"GcU917Mq7W\" data-mce-fragment=\"1\"><\/iframe><\/p>\n<p><iframe loading=\"lazy\" class=\"wp-embedded-content\" title=\"\u00abCuidadora de CDI en Yopal gritaba e insultaba con palabras soeces a ni\u00f1os menores de 4 a\u00f1os. Ella misma envi\u00f3 audio a chat de padres.\u00bb \u2014 \u25b7 Noticias de Casanare : Martha Cifuentes | Casanare\" src=\"https:\/\/marthacifuentes.com\/portada\/2022\/06\/03\/cuidadora-de-cdi-en-yopal-gritaba-e-insultaba-con-palabras-soeces-a-ninos-menores-de-4-anos-ella-misma-envio-audio-a-chat-de-padres\/embed\/#?secret=mYtBSBzyuy#?secret=jaZNNLHhFS\" width=\"600\" height=\"593\" frameborder=\"0\" marginwidth=\"0\" marginheight=\"0\" scrolling=\"no\" sandbox=\"allow-scripts\" data-secret=\"jaZNNLHhFS\" data-mce-fragment=\"1\"><\/iframe><\/p>\n<p><iframe loading=\"lazy\" class=\"wp-embedded-content\" title=\"\u00abUn trabajador muerto y uno herido en accidente en campo petrolero de Parex en Villanueva\u00bb \u2014 \u25b7 Noticias de Casanare : Martha Cifuentes | Casanare\" src=\"https:\/\/marthacifuentes.com\/portada\/2022\/06\/03\/un-trabajador-muerto-y-uno-herido-en-accidente-en-campo-petrolero-de-parex-en-villanueva\/embed\/#?secret=ieUZ5WTBgR#?secret=s1xiIj87dY\" width=\"600\" height=\"621\" frameborder=\"0\" marginwidth=\"0\" marginheight=\"0\" scrolling=\"no\" sandbox=\"allow-scripts\" data-secret=\"s1xiIj87dY\" data-mce-fragment=\"1\"><\/iframe><\/p>\n<p><iframe loading=\"lazy\" class=\"wp-embedded-content\" title=\"\u00abPTAR de Monterrey que cost\u00f3 $20 mil millones, abandonada a su suerte y ca\u00f1o Leche Miel principal afectado. Entidades contratantes ciegas, sordas y mudas.\u00bb \u2014 \u25b7 Noticias de Casanare : Martha Cifuentes | Casanare\" src=\"https:\/\/marthacifuentes.com\/portada\/2022\/06\/01\/ptar-de-monterrey-que-costo-20-mil-millones-abandonada-a-su-suerte-y-cano-leche-miel-principal-afectado-entidades-contratantes-ciegas-sordas-y-mudas\/embed\/#?secret=jFYXhLe5Ty#?secret=fjBvVhQooA\" width=\"600\" height=\"678\" frameborder=\"0\" marginwidth=\"0\" marginheight=\"0\" scrolling=\"no\" sandbox=\"allow-scripts\" data-secret=\"fjBvVhQooA\" data-mce-fragment=\"1\"><\/iframe><\/p>\n<p><iframe loading=\"lazy\" class=\"wp-embedded-content\" title=\"\u00abMunicipios petroleros estar\u00edan haciendo conejo, con las regal\u00edas, a la educaci\u00f3n superior. Contralor\u00eda investigar\u00e1 si est\u00e1n cumpliendo con el 5% de ley.\u00a0\u00bb \u2014 \u25b7 Noticias de Casanare : Martha Cifuentes | Casanare\" src=\"https:\/\/marthacifuentes.com\/portada\/2022\/06\/01\/municipios-petroleros-estarian-haciendo-conejo-con-las-regalias-a-la-educacion-superior-contraloria-investigara-si-estan-cumpliendo-con-el-5-de-ley\/embed\/#?secret=RQRyj401f7#?secret=r2yULVKNkM\" width=\"600\" height=\"618\" frameborder=\"0\" marginwidth=\"0\" marginheight=\"0\" scrolling=\"no\" sandbox=\"allow-scripts\" data-secret=\"r2yULVKNkM\" data-mce-fragment=\"1\"><\/iframe><\/p>\n<p><iframe loading=\"lazy\" class=\"wp-embedded-content\" title=\"\u00ab25% de quejas radicadas en Corporinoquia son contra industria petrolera y minera\u00bb \u2014 \u25b7 Noticias de Casanare : Martha Cifuentes | Casanare\" src=\"https:\/\/marthacifuentes.com\/portada\/2022\/05\/31\/25-de-quejas-radicadas-en-corporinoquia-son-contra-industria-petrolera-y-minera\/embed\/#?secret=XL7OJ68qXj#?secret=2kvwRAAft7\" width=\"600\" height=\"329\" frameborder=\"0\" marginwidth=\"0\" marginheight=\"0\" scrolling=\"no\" sandbox=\"allow-scripts\" data-secret=\"2kvwRAAft7\" data-mce-fragment=\"1\"><\/iframe><\/p>\n<p><iframe loading=\"lazy\" class=\"wp-embedded-content\" title=\"\u00abRestos \u00f3seos de 21 personas desaparecidas fueron recuperadas en cementerio de Aguazul\u00bb \u2014 \u25b7 Noticias de Casanare : Martha Cifuentes | Casanare\" src=\"https:\/\/marthacifuentes.com\/portada\/2022\/05\/31\/restos-oseos-de-21-personas-desaparecidas-fueron-recuperadas-en-cementerio-de-aguazul\/embed\/#?secret=MNwafdMlPq#?secret=CugkNXcio6\" width=\"600\" height=\"621\" frameborder=\"0\" marginwidth=\"0\" marginheight=\"0\" scrolling=\"no\" sandbox=\"allow-scripts\" data-secret=\"CugkNXcio6\" data-mce-fragment=\"1\"><\/iframe><\/p>\n<p><iframe loading=\"lazy\" class=\"wp-embedded-content\" title=\"\u00abAunque Yopal tiene agua, faltaron obras y hay fallas en Planta de Tratamiento de Agua Potable Definitiva: Tribunal Administrativo de Casanare\u00bb \u2014 \u25b7 Noticias de Casanare : Martha Cifuentes | Casanare\" src=\"https:\/\/marthacifuentes.com\/portada\/2022\/05\/27\/aunque-yopal-tiene-agua-faltaron-obras-y-hay-fallas-en-planta-de-tratamiento-de-agua-potable-definitiva-tribunal-administrativo-de-casanare\/embed\/#?secret=7zK9ScjE5x#?secret=O7pkQvuExV\" width=\"600\" height=\"608\" frameborder=\"0\" marginwidth=\"0\" marginheight=\"0\" scrolling=\"no\" sandbox=\"allow-scripts\" data-secret=\"O7pkQvuExV\" data-mce-fragment=\"1\"><\/iframe><\/p>\n<p><iframe loading=\"lazy\" class=\"wp-embedded-content\" title=\"\u00abPor presuntamente pedir coimas a matarifes, fueron capturados el comandante de la polic\u00eda de Paz de Ariporo y un patrullero.\u00bb \u2014 \u25b7 Noticias de Casanare : Martha Cifuentes | Casanare\" src=\"https:\/\/marthacifuentes.com\/portada\/2022\/05\/27\/por-presuntamente-pedir-coimas-a-matarifes-fueron-capturados-el-comandante-de-la-policia-de-paz-de-ariporo-y-un-patrullero\/embed\/#?secret=Bvd27rnw6k#?secret=dt9vzRk72N\" width=\"600\" height=\"649\" frameborder=\"0\" marginwidth=\"0\" marginheight=\"0\" scrolling=\"no\" sandbox=\"allow-scripts\" data-secret=\"dt9vzRk72N\" data-mce-fragment=\"1\"><\/iframe><\/p>\n<p><iframe loading=\"lazy\" class=\"wp-embedded-content\" title=\"\u00abPetro propone gradualidad en transici\u00f3n energ\u00e9tica. Continuar\u00e1 explotaci\u00f3n petrolera de hasta agotar recursos\u00bb \u2014 \u25b7 Noticias de Casanare : Martha Cifuentes | Casanare\" src=\"https:\/\/marthacifuentes.com\/portada\/2022\/05\/27\/petro-propone-gradualidad-en-transicion-energetica-continuara-explotacion-petrolera-de-hasta-agotar-recursos\/embed\/#?secret=k3bP7s4FMQ#?secret=dvkwkD9QJV\" width=\"600\" height=\"603\" frameborder=\"0\" marginwidth=\"0\" marginheight=\"0\" scrolling=\"no\" sandbox=\"allow-scripts\" data-secret=\"dvkwkD9QJV\" data-mce-fragment=\"1\"><\/iframe><\/p>\n<p><iframe loading=\"lazy\" class=\"wp-embedded-content\" title=\"\u00abAlcalde de Man\u00ed, Casanare, orden\u00f3 a empleados donar mercados para familias damnificadas por invierno\u00bb \u2014 \u25b7 Noticias de Casanare : Martha Cifuentes | Casanare\" src=\"https:\/\/marthacifuentes.com\/portada\/2022\/05\/27\/alcalde-de-mani-casanare-ordeno-a-empleados-donar-mercados-para-familias-damnificadas-por-invierno\/embed\/#?secret=ZgzR031Rww#?secret=PeLD7vbkan\" width=\"600\" height=\"600\" frameborder=\"0\" marginwidth=\"0\" marginheight=\"0\" scrolling=\"no\" sandbox=\"allow-scripts\" data-secret=\"PeLD7vbkan\" data-mce-fragment=\"1\"><\/iframe><\/p>\n<p><iframe loading=\"lazy\" class=\"wp-embedded-content\" title=\"\u00abVeolia NO se va de Yopal\u00bb \u2014 \u25b7 Noticias de Casanare : Martha Cifuentes | Casanare\" src=\"https:\/\/marthacifuentes.com\/portada\/2022\/05\/27\/veolia-no-se-va-de-yopal\/embed\/#?secret=HFtUQrRKd5#?secret=HilZU3lQSm\" width=\"600\" height=\"592\" frameborder=\"0\" marginwidth=\"0\" marginheight=\"0\" scrolling=\"no\" sandbox=\"allow-scripts\" data-secret=\"HilZU3lQSm\" data-mce-fragment=\"1\"><\/iframe><\/p>\n<p><iframe loading=\"lazy\" class=\"wp-embedded-content\" title=\"\u00abLey seca, no parrillero hombre ni trasteos en Yopal, el fin de semana, por elecciones presidenciales\u00bb \u2014 \u25b7 Noticias de Casanare : Martha Cifuentes | Casanare\" src=\"https:\/\/marthacifuentes.com\/portada\/2022\/05\/27\/ley-seca-no-parrillero-hombre-ni-trasteos-en-yopal-el-fin-de-semana-por-elecciones-presidenciales\/embed\/#?secret=zwxDAYRj7t#?secret=U97JpTzFKW\" width=\"600\" height=\"600\" frameborder=\"0\" marginwidth=\"0\" marginheight=\"0\" scrolling=\"no\" sandbox=\"allow-scripts\" data-secret=\"U97JpTzFKW\" data-mce-fragment=\"1\"><\/iframe><\/p>\n<p><iframe loading=\"lazy\" class=\"wp-embedded-content\" title=\"\u00abMientras el Horo se convertir\u00e1 en hospital universitario, hospital Central de Yopal lucha por ser de segundo nivel\u00bb \u2014 \u25b7 Noticias de Casanare : Martha Cifuentes | Casanare\" src=\"https:\/\/marthacifuentes.com\/portada\/2022\/05\/25\/mientras-el-horo-se-convertira-en-hospital-universitario-hospital-central-de-yopal-lucha-por-ser-de-segundo-nivel\/embed\/#?secret=E9UmPt7wms#?secret=4WE8I9fidF\" width=\"600\" height=\"642\" frameborder=\"0\" marginwidth=\"0\" marginheight=\"0\" scrolling=\"no\" sandbox=\"allow-scripts\" data-secret=\"4WE8I9fidF\" data-mce-fragment=\"1\"><\/iframe><\/p>\n<p><iframe loading=\"lazy\" class=\"wp-embedded-content\" title=\"\u00abPor llevar alijo de marihuana en un bus capturado venezolano en Paz de Ariporo\u00bb \u2014 \u25b7 Noticias de Casanare : Martha Cifuentes | Casanare\" src=\"https:\/\/marthacifuentes.com\/portada\/2022\/05\/25\/por-llevar-alijo-de-marihuana-en-un-bus-capturado-venezolano-en-paz-de-ariporo\/embed\/#?secret=QinkLWjfsd#?secret=5Ox6yTfLAL\" width=\"600\" height=\"600\" frameborder=\"0\" marginwidth=\"0\" marginheight=\"0\" scrolling=\"no\" sandbox=\"allow-scripts\" data-secret=\"5Ox6yTfLAL\" data-mce-fragment=\"1\"><\/iframe><\/p>\n<p><iframe loading=\"lazy\" class=\"wp-embedded-content\" title=\"\u00abCapturados \u201clos b\u00e1rbaros\u201d, banda dedicada al robo de ACPM\u00bb \u2014 \u25b7 Noticias de Casanare : Martha Cifuentes | Casanare\" src=\"https:\/\/marthacifuentes.com\/portada\/2022\/05\/25\/capturados-los-barbaros-banda-dedicada-al-robo-de-acpm\/embed\/#?secret=JmpNMyMlwN#?secret=p8l0Zt2GK6\" width=\"600\" height=\"609\" frameborder=\"0\" marginwidth=\"0\" marginheight=\"0\" scrolling=\"no\" sandbox=\"allow-scripts\" data-secret=\"p8l0Zt2GK6\" data-mce-fragment=\"1\"><\/iframe><\/p>\n<p><iframe loading=\"lazy\" class=\"wp-embedded-content\" title=\"\u00abHoy se cumplen 30 d\u00edas de cierre en La Granja, v\u00eda Aguazul-Sogamoso y de aquello, nada\u00bb \u2014 \u25b7 Noticias de Casanare : Martha Cifuentes | Casanare\" src=\"https:\/\/marthacifuentes.com\/portada\/2022\/05\/25\/hoy-se-cumplen-30-dias-de-cierre-en-la-granja-via-aguazul-sogamoso-y-de-aquello-nada\/embed\/#?secret=zIzhRw7tc4#?secret=YlWRIoPgMW\" width=\"600\" height=\"600\" frameborder=\"0\" marginwidth=\"0\" marginheight=\"0\" scrolling=\"no\" sandbox=\"allow-scripts\" data-secret=\"YlWRIoPgMW\" data-mce-fragment=\"1\"><\/iframe><\/p>\n<p><iframe loading=\"lazy\" class=\"wp-embedded-content\" title=\"\u00abEntre el 23 y 27 de mayo, semana sobre la Desaparici\u00f3n Forzada en Casanare.\u00bb \u2014 \u25b7 Noticias de Casanare : Martha Cifuentes | Casanare\" src=\"https:\/\/marthacifuentes.com\/portada\/2022\/05\/24\/entre-el-23-y-27-de-mayo-semana-sobre-la-desaparicion-forzada-en-casanare\/embed\/#?secret=qhR7Y7xiMt#?secret=yFNh9QL9Au\" width=\"600\" height=\"599\" frameborder=\"0\" marginwidth=\"0\" marginheight=\"0\" scrolling=\"no\" sandbox=\"allow-scripts\" data-secret=\"yFNh9QL9Au\" data-mce-fragment=\"1\"><\/iframe><\/p>\n<p><iframe loading=\"lazy\" class=\"wp-embedded-content\" title=\"\u00abAunque polic\u00eda captur\u00f3 a ladr\u00f3n de cable de la cancha de la Ciudadela del Carmen en Yopal, este ya est\u00e1 libre.\u00bb \u2014 \u25b7 Noticias de Casanare : Martha Cifuentes | Casanare\" src=\"https:\/\/marthacifuentes.com\/portada\/2022\/05\/24\/aunque-policia-capturo-a-ladron-de-cable-de-la-cancha-de-la-ciudadela-del-carmen-en-yopal-este-ya-esta-libre\/embed\/#?secret=RdGA6KNt3S#?secret=cXjYuNwzd0\" width=\"600\" height=\"600\" frameborder=\"0\" marginwidth=\"0\" marginheight=\"0\" scrolling=\"no\" sandbox=\"allow-scripts\" data-secret=\"cXjYuNwzd0\" data-mce-fragment=\"1\"><\/iframe><\/p>\n<p><iframe loading=\"lazy\" class=\"wp-embedded-content\" title=\"\u00abA \u201clos mec\u00e1nicos\u201d los apretaron. Los ladrones de motos de Yopal, fueron capturados y enviados a la c\u00e1rcel\u00bb \u2014 \u25b7 Noticias de Casanare : Martha Cifuentes | Casanare\" src=\"https:\/\/marthacifuentes.com\/portada\/2022\/05\/24\/a-los-mecanicos-los-apretaron-los-ladrones-de-motos-de-yopal-fueron-capturados-y-enviados-a-la-carcel\/embed\/#?secret=HGzRZF9otq#?secret=8gkmAGFkrE\" width=\"600\" height=\"649\" frameborder=\"0\" marginwidth=\"0\" marginheight=\"0\" scrolling=\"no\" sandbox=\"allow-scripts\" data-secret=\"8gkmAGFkrE\" data-mce-fragment=\"1\"><\/iframe><\/p>\n<p><iframe loading=\"lazy\" class=\"wp-embedded-content\" title=\"\u00abCapturado en Yopal paramilitar de grupo de \u201cMart\u00edn llanos\u201d, condenado por varios delitos\u00bb \u2014 \u25b7 Noticias de Casanare : Martha Cifuentes | Casanare\" src=\"https:\/\/marthacifuentes.com\/portada\/2022\/05\/24\/capturado-en-yopal-paramilitar-de-grupo-de-martin-llanos-condenado-por-varios-delitos\/embed\/#?secret=GzI8KGAA9G#?secret=JNoEDhkpmQ\" width=\"600\" height=\"621\" frameborder=\"0\" marginwidth=\"0\" marginheight=\"0\" scrolling=\"no\" sandbox=\"allow-scripts\" data-secret=\"JNoEDhkpmQ\" data-mce-fragment=\"1\"><\/iframe><\/p>\n<p><iframe loading=\"lazy\" class=\"wp-embedded-content\" title=\"\u00abPor fin inici\u00f3 obras de protecci\u00f3n del r\u00edo Cravo Sur en su margen derecha\u00bb \u2014 \u25b7 Noticias de Casanare : Martha Cifuentes | Casanare\" src=\"https:\/\/marthacifuentes.com\/portada\/2022\/05\/24\/por-fin-inicio-obras-de-proteccion-del-rio-cravo-sur-en-su-margen-derecha\/embed\/#?secret=FLf0xpZ88W#?secret=4Et9AG15Oi\" width=\"600\" height=\"599\" frameborder=\"0\" marginwidth=\"0\" marginheight=\"0\" scrolling=\"no\" sandbox=\"allow-scripts\" data-secret=\"4Et9AG15Oi\" data-mce-fragment=\"1\"><\/iframe><\/p>\n","protected":false},"excerpt":{"rendered":"<p>Por C\u00e9sar Colmenares Yo ac\u00e1 pensando en un personaje muy pintoresco y folcl\u00f3rico, que se presentaba como un empresario y en 2015 se lanz\u00f3 a la alcald\u00eda de un municipio, capital de departamento en el oriente del pa\u00eds. Ese empresario daba entonces el salto a la pol\u00edtica, prometiendo acabar con la corrupci\u00f3n y la clase &hellip;<\/p>\n","protected":false},"author":2,"featured_media":29404,"comment_status":"open","ping_status":"open","sticky":false,"template":"","format":"standard","meta":{"om_disable_all_campaigns":false,"_exactmetrics_skip_tracking":false,"_exactmetrics_sitenote_active":false,"_exactmetrics_sitenote_note":"","_exactmetrics_sitenote_category":0,"_monsterinsights_skip_tracking":false,"_monsterinsights_sitenote_active":false,"_monsterinsights_sitenote_note":"","_monsterinsights_sitenote_category":0,"_uf_show_specific_survey":0,"_uf_disable_surveys":false,"_joinchat":[],"footnotes":""},"categories":[147,146,145],"tags":[7913,7912,7916,7915,7914,216,398],"class_list":["post-29402","post","type-post","status-publish","format-standard","has-post-thumbnail","hentry","category-actualidad","category-noticias","category-reportajes","tag-adolf-hitler","tag-cesar-colmenares","tag-jhon-calsones","tag-jjt","tag-joseph-goebbels","tag-politica-colombiana","tag-pot"],"yoast_head":"<!-- This site is optimized with the Yoast SEO plugin v26.1 - https:\/\/yoast.com\/wordpress\/plugins\/seo\/ -->\n<title>Adivina, adivinador\u2026 \u00bfQui\u00e9n es el personaje? - \u25b7 Noticias de Casanare : Martha Cifuentes | Casanare<\/title>\n<meta name=\"robots\" content=\"index, follow, max-snippet:-1, max-image-preview:large, max-video-preview:-1\" \/>\n<link rel=\"canonical\" href=\"https:\/\/marthacifuentes.com\/portada\/adivina-adivinador-quien-es-el-personaje\/\" \/>\n<meta property=\"og:locale\" content=\"es_ES\" \/>\n<meta property=\"og:type\" content=\"article\" \/>\n<meta property=\"og:title\" content=\"Adivina, adivinador\u2026 \u00bfQui\u00e9n es el personaje? - \u25b7 Noticias de Casanare : Martha Cifuentes | Casanare\" \/>\n<meta property=\"og:description\" content=\"Por C\u00e9sar Colmenares Yo ac\u00e1 pensando en un personaje muy pintoresco y folcl\u00f3rico, que se presentaba como un empresario y en 2015 se lanz\u00f3 a la alcald\u00eda de un municipio, capital de departamento en el oriente del pa\u00eds. Ese empresario daba entonces el salto a la pol\u00edtica, prometiendo acabar con la corrupci\u00f3n y la clase &hellip;\" \/>\n<meta property=\"og:url\" content=\"https:\/\/marthacifuentes.com\/portada\/adivina-adivinador-quien-es-el-personaje\/\" \/>\n<meta property=\"og:site_name\" content=\"\u25b7 Noticias de Casanare : Martha Cifuentes | Casanare\" \/>\n<meta property=\"article:published_time\" content=\"2022-06-17T14:18:23+00:00\" \/>\n<meta property=\"og:image\" content=\"https:\/\/marthacifuentes.com\/portada\/wp-content\/uploads\/2022\/06\/ADIVINA-ADIVINADOR.jpeg\" \/>\n\t<meta property=\"og:image:width\" content=\"706\" \/>\n\t<meta property=\"og:image:height\" content=\"563\" \/>\n\t<meta property=\"og:image:type\" content=\"image\/jpeg\" \/>\n<meta name=\"author\" content=\"Martha Cifuentes\" \/>\n<meta name=\"twitter:card\" content=\"summary_large_image\" \/>\n<meta name=\"twitter:label1\" content=\"Escrito por\" \/>\n\t<meta name=\"twitter:data1\" content=\"Martha Cifuentes\" \/>\n\t<meta name=\"twitter:label2\" content=\"Tiempo de lectura\" \/>\n\t<meta name=\"twitter:data2\" content=\"2 minutos\" \/>\n<script type=\"application\/ld+json\" class=\"yoast-schema-graph\">{\"@context\":\"https:\/\/schema.org\",\"@graph\":[{\"@type\":\"WebPage\",\"@id\":\"https:\/\/marthacifuentes.com\/portada\/adivina-adivinador-quien-es-el-personaje\/\",\"url\":\"https:\/\/marthacifuentes.com\/portada\/adivina-adivinador-quien-es-el-personaje\/\",\"name\":\"Adivina, adivinador\u2026 \u00bfQui\u00e9n es el personaje? - \u25b7 Noticias de Casanare : Martha Cifuentes | Casanare\",\"isPartOf\":{\"@id\":\"https:\/\/marthacifuentes.com\/portada\/#website\"},\"primaryImageOfPage\":{\"@id\":\"https:\/\/marthacifuentes.com\/portada\/adivina-adivinador-quien-es-el-personaje\/#primaryimage\"},\"image\":{\"@id\":\"https:\/\/marthacifuentes.com\/portada\/adivina-adivinador-quien-es-el-personaje\/#primaryimage\"},\"thumbnailUrl\":\"https:\/\/marthacifuentes.com\/portada\/wp-content\/uploads\/2022\/06\/ADIVINA-ADIVINADOR.jpeg\",\"datePublished\":\"2022-06-17T14:18:23+00:00\",\"author\":{\"@id\":\"https:\/\/marthacifuentes.com\/portada\/#\/schema\/person\/57f53174b991db5f90ff78d58502b714\"},\"breadcrumb\":{\"@id\":\"https:\/\/marthacifuentes.com\/portada\/adivina-adivinador-quien-es-el-personaje\/#breadcrumb\"},\"inLanguage\":\"es\",\"potentialAction\":[{\"@type\":\"ReadAction\",\"target\":[\"https:\/\/marthacifuentes.com\/portada\/adivina-adivinador-quien-es-el-personaje\/\"]}]},{\"@type\":\"ImageObject\",\"inLanguage\":\"es\",\"@id\":\"https:\/\/marthacifuentes.com\/portada\/adivina-adivinador-quien-es-el-personaje\/#primaryimage\",\"url\":\"https:\/\/marthacifuentes.com\/portada\/wp-content\/uploads\/2022\/06\/ADIVINA-ADIVINADOR.jpeg\",\"contentUrl\":\"https:\/\/marthacifuentes.com\/portada\/wp-content\/uploads\/2022\/06\/ADIVINA-ADIVINADOR.jpeg\",\"width\":706,\"height\":563},{\"@type\":\"BreadcrumbList\",\"@id\":\"https:\/\/marthacifuentes.com\/portada\/adivina-adivinador-quien-es-el-personaje\/#breadcrumb\",\"itemListElement\":[{\"@type\":\"ListItem\",\"position\":1,\"name\":\"Portada\",\"item\":\"https:\/\/marthacifuentes.com\/portada\/\"},{\"@type\":\"ListItem\",\"position\":2,\"name\":\"Adivina, adivinador\u2026 \u00bfQui\u00e9n es el personaje?\"}]},{\"@type\":\"WebSite\",\"@id\":\"https:\/\/marthacifuentes.com\/portada\/#website\",\"url\":\"https:\/\/marthacifuentes.com\/portada\/\",\"name\":\"\u25b7 Noticias de Casanare : Martha Cifuentes | Casanare\",\"description\":\"Noticias &amp; Contenidos\",\"potentialAction\":[{\"@type\":\"SearchAction\",\"target\":{\"@type\":\"EntryPoint\",\"urlTemplate\":\"https:\/\/marthacifuentes.com\/portada\/?s={search_term_string}\"},\"query-input\":{\"@type\":\"PropertyValueSpecification\",\"valueRequired\":true,\"valueName\":\"search_term_string\"}}],\"inLanguage\":\"es\"},{\"@type\":\"Person\",\"@id\":\"https:\/\/marthacifuentes.com\/portada\/#\/schema\/person\/57f53174b991db5f90ff78d58502b714\",\"name\":\"Martha Cifuentes\",\"image\":{\"@type\":\"ImageObject\",\"inLanguage\":\"es\",\"@id\":\"https:\/\/marthacifuentes.com\/portada\/#\/schema\/person\/image\/\",\"url\":\"http:\/\/marthacifuentes.com\/portada\/wp-content\/uploads\/2018\/06\/avatar_user_2_1528838701-96x96.jpg\",\"contentUrl\":\"http:\/\/marthacifuentes.com\/portada\/wp-content\/uploads\/2018\/06\/avatar_user_2_1528838701-96x96.jpg\",\"caption\":\"Martha Cifuentes\"},\"sameAs\":[\"http:\/\/www.marthacifuentes.com\"],\"url\":\"https:\/\/marthacifuentes.com\/portada\/author\/martha\/\"}]}<\/script>\n<!-- \/ Yoast SEO plugin. -->","yoast_head_json":{"title":"Adivina, adivinador\u2026 \u00bfQui\u00e9n es el personaje? - \u25b7 Noticias de Casanare : Martha Cifuentes | Casanare","robots":{"index":"index","follow":"follow","max-snippet":"max-snippet:-1","max-image-preview":"max-image-preview:large","max-video-preview":"max-video-preview:-1"},"canonical":"https:\/\/marthacifuentes.com\/portada\/adivina-adivinador-quien-es-el-personaje\/","og_locale":"es_ES","og_type":"article","og_title":"Adivina, adivinador\u2026 \u00bfQui\u00e9n es el personaje? - \u25b7 Noticias de Casanare : Martha Cifuentes | Casanare","og_description":"Por C\u00e9sar Colmenares Yo ac\u00e1 pensando en un personaje muy pintoresco y folcl\u00f3rico, que se presentaba como un empresario y en 2015 se lanz\u00f3 a la alcald\u00eda de un municipio, capital de departamento en el oriente del pa\u00eds. Ese empresario daba entonces el salto a la pol\u00edtica, prometiendo acabar con la corrupci\u00f3n y la clase &hellip;","og_url":"https:\/\/marthacifuentes.com\/portada\/adivina-adivinador-quien-es-el-personaje\/","og_site_name":"\u25b7 Noticias de Casanare : Martha Cifuentes | Casanare","article_published_time":"2022-06-17T14:18:23+00:00","og_image":[{"width":706,"height":563,"url":"https:\/\/marthacifuentes.com\/portada\/wp-content\/uploads\/2022\/06\/ADIVINA-ADIVINADOR.jpeg","type":"image\/jpeg"}],"author":"Martha Cifuentes","twitter_card":"summary_large_image","twitter_misc":{"Escrito por":"Martha Cifuentes","Tiempo de lectura":"2 minutos"},"schema":{"@context":"https:\/\/schema.org","@graph":[{"@type":"WebPage","@id":"https:\/\/marthacifuentes.com\/portada\/adivina-adivinador-quien-es-el-personaje\/","url":"https:\/\/marthacifuentes.com\/portada\/adivina-adivinador-quien-es-el-personaje\/","name":"Adivina, adivinador\u2026 \u00bfQui\u00e9n es el personaje? - \u25b7 Noticias de Casanare : Martha Cifuentes | Casanare","isPartOf":{"@id":"https:\/\/marthacifuentes.com\/portada\/#website"},"primaryImageOfPage":{"@id":"https:\/\/marthacifuentes.com\/portada\/adivina-adivinador-quien-es-el-personaje\/#primaryimage"},"image":{"@id":"https:\/\/marthacifuentes.com\/portada\/adivina-adivinador-quien-es-el-personaje\/#primaryimage"},"thumbnailUrl":"https:\/\/marthacifuentes.com\/portada\/wp-content\/uploads\/2022\/06\/ADIVINA-ADIVINADOR.jpeg","datePublished":"2022-06-17T14:18:23+00:00","author":{"@id":"https:\/\/marthacifuentes.com\/portada\/#\/schema\/person\/57f53174b991db5f90ff78d58502b714"},"breadcrumb":{"@id":"https:\/\/marthacifuentes.com\/portada\/adivina-adivinador-quien-es-el-personaje\/#breadcrumb"},"inLanguage":"es","potentialAction":[{"@type":"ReadAction","target":["https:\/\/marthacifuentes.com\/portada\/adivina-adivinador-quien-es-el-personaje\/"]}]},{"@type":"ImageObject","inLanguage":"es","@id":"https:\/\/marthacifuentes.com\/portada\/adivina-adivinador-quien-es-el-personaje\/#primaryimage","url":"https:\/\/marthacifuentes.com\/portada\/wp-content\/uploads\/2022\/06\/ADIVINA-ADIVINADOR.jpeg","contentUrl":"https:\/\/marthacifuentes.com\/portada\/wp-content\/uploads\/2022\/06\/ADIVINA-ADIVINADOR.jpeg","width":706,"height":563},{"@type":"BreadcrumbList","@id":"https:\/\/marthacifuentes.com\/portada\/adivina-adivinador-quien-es-el-personaje\/#breadcrumb","itemListElement":[{"@type":"ListItem","position":1,"name":"Portada","item":"https:\/\/marthacifuentes.com\/portada\/"},{"@type":"ListItem","position":2,"name":"Adivina, adivinador\u2026 \u00bfQui\u00e9n es el personaje?"}]},{"@type":"WebSite","@id":"https:\/\/marthacifuentes.com\/portada\/#website","url":"https:\/\/marthacifuentes.com\/portada\/","name":"\u25b7 Noticias de Casanare : Martha Cifuentes | Casanare","description":"Noticias &amp; Contenidos","potentialAction":[{"@type":"SearchAction","target":{"@type":"EntryPoint","urlTemplate":"https:\/\/marthacifuentes.com\/portada\/?s={search_term_string}"},"query-input":{"@type":"PropertyValueSpecification","valueRequired":true,"valueName":"search_term_string"}}],"inLanguage":"es"},{"@type":"Person","@id":"https:\/\/marthacifuentes.com\/portada\/#\/schema\/person\/57f53174b991db5f90ff78d58502b714","name":"Martha Cifuentes","image":{"@type":"ImageObject","inLanguage":"es","@id":"https:\/\/marthacifuentes.com\/portada\/#\/schema\/person\/image\/","url":"http:\/\/marthacifuentes.com\/portada\/wp-content\/uploads\/2018\/06\/avatar_user_2_1528838701-96x96.jpg","contentUrl":"http:\/\/marthacifuentes.com\/portada\/wp-content\/uploads\/2018\/06\/avatar_user_2_1528838701-96x96.jpg","caption":"Martha Cifuentes"},"sameAs":["http:\/\/www.marthacifuentes.com"],"url":"https:\/\/marthacifuentes.com\/portada\/author\/martha\/"}]}},"_links":{"self":[{"href":"https:\/\/marthacifuentes.com\/portada\/wp-json\/wp\/v2\/posts\/29402","targetHints":{"allow":["GET"]}}],"collection":[{"href":"https:\/\/marthacifuentes.com\/portada\/wp-json\/wp\/v2\/posts"}],"about":[{"href":"https:\/\/marthacifuentes.com\/portada\/wp-json\/wp\/v2\/types\/post"}],"author":[{"embeddable":true,"href":"https:\/\/marthacifuentes.com\/portada\/wp-json\/wp\/v2\/users\/2"}],"replies":[{"embeddable":true,"href":"https:\/\/marthacifuentes.com\/portada\/wp-json\/wp\/v2\/comments?post=29402"}],"version-history":[{"count":1,"href":"https:\/\/marthacifuentes.com\/portada\/wp-json\/wp\/v2\/posts\/29402\/revisions"}],"predecessor-version":[{"id":29411,"href":"https:\/\/marthacifuentes.com\/portada\/wp-json\/wp\/v2\/posts\/29402\/revisions\/29411"}],"wp:featuredmedia":[{"embeddable":true,"href":"https:\/\/marthacifuentes.com\/portada\/wp-json\/wp\/v2\/media\/29404"}],"wp:attachment":[{"href":"https:\/\/marthacifuentes.com\/portada\/wp-json\/wp\/v2\/media?parent=29402"}],"wp:term":[{"taxonomy":"category","embeddable":true,"href":"https:\/\/marthacifuentes.com\/portada\/wp-json\/wp\/v2\/categories?post=29402"},{"taxonomy":"post_tag","embeddable":true,"href":"https:\/\/marthacifuentes.com\/portada\/wp-json\/wp\/v2\/tags?post=29402"}],"curies":[{"name":"wp","href":"https:\/\/api.w.org\/{rel}","templated":true}]}}