{"id":29469,"date":"2022-06-28T10:08:55","date_gmt":"2022-06-28T15:08:55","guid":{"rendered":"https:\/\/marthacifuentes.com\/portada\/?p=29469"},"modified":"2022-06-28T10:08:55","modified_gmt":"2022-06-28T15:08:55","slug":"se-cumplieron-60-dias-de-cierre-de-la-via-del-cusiana-en-el-sector-la-granja-y-no-hay-asomo-de-reapertura","status":"publish","type":"post","link":"https:\/\/marthacifuentes.com\/portada\/se-cumplieron-60-dias-de-cierre-de-la-via-del-cusiana-en-el-sector-la-granja-y-no-hay-asomo-de-reapertura\/","title":{"rendered":"Se cumplieron 60 d\u00edas de cierre de la v\u00eda del Cusiana en el sector La Granja y no hay asomo de reapertura."},"content":{"rendered":"<p style=\"text-align: justify;\">El pasado 25 de junio se cumplieron dos meses de cierre de la v\u00eda del Cusiana, en el sector La Granja, PR 87, y aun no se ha recuperado la banca. Se proyect\u00f3 la estabilizaci\u00f3n de la superficie de falla localizada con pernos profundos y un sistema de drenaje con drenes horizontales. Igualmente se labora en la generaci\u00f3n de una plataforma con micropilotes ubicados a profundidades superiores a los 20 metros y se proyecta la instalaci\u00f3n sobre este sistema, de la estructura de la v\u00eda conformada por granulares y carpeta asf\u00e1ltica.<\/p>\n<p style=\"text-align: justify;\">El mas reciente informe del Inv\u00edas sobre el desarrollo de estos trabajos es de hace una semana, espec\u00edficamente del 20 de junio, en el que da cuenta de que se realiza la limpieza del material de derrumbe depositado en la banca y la continuaci\u00f3n del flujo de material sobre los frentes de trabajo, producto aguas de escorrent\u00eda y la baja resistencia y grado de consolidaci\u00f3n de los materiales sobre la zona del deslizamiento en el talud superior.<\/p>\n<p style=\"text-align: justify;\">Igualmente se informa que el personal de Interventor\u00eda y de obra tales como: especialistas en Geotecnia, especialistas en Hidr\u00e1ulica, Ingenieros Residentes, Top\u00f3grafos e Inspectores; realizan monitoreo t\u00e9cnico constante a la monta\u00f1a y banca de v\u00eda existente.<\/p>\n<p style=\"text-align: justify;\">Igualmente, el sector de Quebrada Negra, en el PR83 debi\u00f3 desde ser cerrado por el constante deslizamiento de tierras que impiden el tr\u00e1nsito de los habitantes del sector. Mientras tanto los habitantes de Pajarito, que han clamado y pedido ayuda para solucionar esta situaci\u00f3n que los est\u00e1 sumiendo en una grave crisis econ\u00f3mica, realizar\u00e1n este s\u00e1bado un ciclo paseo solidario a esta poblaci\u00f3n en aras de la reactivaci\u00f3n econ\u00f3mica.<\/p>\n<h2><strong>Otras noticias\u2026<\/strong><\/h2>\n<blockquote class=\"wp-embedded-content\" data-secret=\"rDE44d9Lim\"><p><a href=\"https:\/\/marthacifuentes.com\/portada\/2022\/06\/28\/vuelve-y-juega-gobernacion-nombraria-director-de-gestion-del-riesgo-de-casanare-sin-experiencia\/\">Vuelve y juega, Gobernaci\u00f3n nombrar\u00eda director de Gesti\u00f3n del Riesgo de Casanare, sin experiencia<\/a><\/p><\/blockquote>\n<p><iframe loading=\"lazy\" class=\"wp-embedded-content\" sandbox=\"allow-scripts\" security=\"restricted\" style=\"position: absolute; clip: rect(1px, 1px, 1px, 1px);\" title=\"\u00abVuelve y juega, Gobernaci\u00f3n nombrar\u00eda director de Gesti\u00f3n del Riesgo de Casanare, sin experiencia\u00bb \u2014 \u25b7 Noticias de Casanare : Martha Cifuentes | Casanare\" src=\"https:\/\/marthacifuentes.com\/portada\/2022\/06\/28\/vuelve-y-juega-gobernacion-nombraria-director-de-gestion-del-riesgo-de-casanare-sin-experiencia\/embed\/#?secret=KUF8OOwBi2#?secret=rDE44d9Lim\" data-secret=\"rDE44d9Lim\" width=\"500\" height=\"282\" frameborder=\"0\" marginwidth=\"0\" marginheight=\"0\" scrolling=\"no\"><\/iframe><\/p>\n<p><iframe loading=\"lazy\" class=\"wp-embedded-content\" title=\"\u00abAntiguo cementerio de Yopal ya puede ser intervenido\u00bb \u2014 \u25b7 Noticias de Casanare : Martha Cifuentes | Casanare\" src=\"https:\/\/marthacifuentes.com\/portada\/2022\/06\/24\/antiguo-cementerio-de-yopal-ya-puede-ser-intervenido\/embed\/#?secret=j4eM8jPtxd#?secret=5wvhZDApQW\" width=\"600\" height=\"592\" frameborder=\"0\" marginwidth=\"0\" marginheight=\"0\" scrolling=\"no\" sandbox=\"allow-scripts\" data-secret=\"5wvhZDApQW\" data-mce-fragment=\"1\"><\/iframe><\/p>\n<p><iframe loading=\"lazy\" class=\"wp-embedded-content\" title=\"\u00abEn rendici\u00f3n de cuentas de 2021, Capresoca mostr\u00f3 resultados alentadores.\u00bb \u2014 \u25b7 Noticias de Casanare : Martha Cifuentes | Casanare\" src=\"https:\/\/marthacifuentes.com\/portada\/2022\/06\/24\/en-rendicion-de-cuentas-de-2021-capresoca-mostro-resultados-alentadores\/embed\/#?secret=zESx5kB5lE#?secret=cndAfco677\" width=\"600\" height=\"621\" frameborder=\"0\" marginwidth=\"0\" marginheight=\"0\" scrolling=\"no\" sandbox=\"allow-scripts\" data-secret=\"cndAfco677\" data-mce-fragment=\"1\"><\/iframe><\/p>\n<p><iframe loading=\"lazy\" class=\"wp-embedded-content\" title=\"\u00abPredios totales de Morichal, Yopal, ya fueron caracterizados para actualizaci\u00f3n de estratificaci\u00f3n\u00bb \u2014 \u25b7 Noticias de Casanare : Martha Cifuentes | Casanare\" src=\"https:\/\/marthacifuentes.com\/portada\/2022\/06\/24\/predios-totales-de-morichal-yopal-ya-fueron-caracterizados-para-actualizacion-de-estratificacion\/embed\/#?secret=DUoFFTkVlL#?secret=Q0H8MuV7Il\" width=\"600\" height=\"621\" frameborder=\"0\" marginwidth=\"0\" marginheight=\"0\" scrolling=\"no\" sandbox=\"allow-scripts\" data-secret=\"Q0H8MuV7Il\" data-mce-fragment=\"1\"><\/iframe><\/p>\n<p><iframe loading=\"lazy\" class=\"wp-embedded-content\" title=\"\u00abSe desplom\u00f3 revocatoria del mandato de alcaldesa de Aguazul. No alcanzaron las firmas.\u00bb \u2014 \u25b7 Noticias de Casanare : Martha Cifuentes | Casanare\" src=\"https:\/\/marthacifuentes.com\/portada\/2022\/06\/24\/se-desplomo-revocatoria-del-mandato-de-alcaldesa-de-aguazul-no-alcanzaron-las-firmas\/embed\/#?secret=uI8PcOSOCf#?secret=fHv726lD8s\" width=\"600\" height=\"600\" frameborder=\"0\" marginwidth=\"0\" marginheight=\"0\" scrolling=\"no\" sandbox=\"allow-scripts\" data-secret=\"fHv726lD8s\" data-mce-fragment=\"1\"><\/iframe><\/p>\n<p><iframe loading=\"lazy\" class=\"wp-embedded-content\" title=\"\u00abA la c\u00e1rcel dos raponeros reincidentes de celulares en Aguazul\u00bb \u2014 \u25b7 Noticias de Casanare : Martha Cifuentes | Casanare\" src=\"https:\/\/marthacifuentes.com\/portada\/2022\/06\/22\/a-la-carcel-dos-raponeros-reincidentes-de-celulares-en-aguazul\/embed\/#?secret=KWAZ84vVAW#?secret=tXZPmJr6qb\" width=\"600\" height=\"620\" frameborder=\"0\" marginwidth=\"0\" marginheight=\"0\" scrolling=\"no\" sandbox=\"allow-scripts\" data-secret=\"tXZPmJr6qb\" data-mce-fragment=\"1\"><\/iframe><\/p>\n<p><iframe loading=\"lazy\" class=\"wp-embedded-content\" title=\"\u00abUn padre y un padrastro van a la c\u00e1rcel por abusar sexualmente de sus hijas, en hechos independientes\u00bb \u2014 \u25b7 Noticias de Casanare : Martha Cifuentes | Casanare\" src=\"https:\/\/marthacifuentes.com\/portada\/2022\/06\/22\/un-padre-y-un-padrastro-van-a-la-carcel-por-abusar-sexualmente-de-sus-hijas-en-hechos-independientes\/embed\/#?secret=Ne6G9GUhfZ#?secret=k6JCozGiWS\" width=\"600\" height=\"588\" frameborder=\"0\" marginwidth=\"0\" marginheight=\"0\" scrolling=\"no\" sandbox=\"allow-scripts\" data-secret=\"k6JCozGiWS\" data-mce-fragment=\"1\"><\/iframe><\/p>\n<p><iframe loading=\"lazy\" class=\"wp-embedded-content\" title=\"\u00abCon el voto de los j\u00f3venes se disminuy\u00f3 abstenci\u00f3n en elecciones presidenciales\u00bb \u2014 \u25b7 Noticias de Casanare : Martha Cifuentes | Casanare\" src=\"https:\/\/marthacifuentes.com\/portada\/2022\/06\/22\/con-el-voto-de-los-jovenes-se-disminuyo-abstencion-en-elecciones-presidenciales\/embed\/#?secret=3SxfKrwbzY#?secret=wPJWx7ulxS\" width=\"600\" height=\"600\" frameborder=\"0\" marginwidth=\"0\" marginheight=\"0\" scrolling=\"no\" sandbox=\"allow-scripts\" data-secret=\"wPJWx7ulxS\" data-mce-fragment=\"1\"><\/iframe><\/p>\n<p><iframe loading=\"lazy\" class=\"wp-embedded-content\" title=\"\u00abContralor\u00eda sancion\u00f3 con $158 millones al exalcalde de Tauramena, Alexander Contreras, por sobrecostos en el PAE de la I.E. del Llano\u00bb \u2014 \u25b7 Noticias de Casanare : Martha Cifuentes | Casanare\" src=\"https:\/\/marthacifuentes.com\/portada\/2022\/06\/22\/contraloria-sanciono-con-158-millones-al-exalcalde-de-tauramena-alexander-contreras-por-sobrecostos-en-el-pae-de-la-i-e-del-llano\/embed\/#?secret=yjXZVl3tPa#?secret=65Npl21qql\" width=\"600\" height=\"357\" frameborder=\"0\" marginwidth=\"0\" marginheight=\"0\" scrolling=\"no\" sandbox=\"allow-scripts\" data-secret=\"65Npl21qql\" data-mce-fragment=\"1\"><\/iframe><\/p>\n<p><iframe loading=\"lazy\" class=\"wp-embedded-content\" title=\"\u00abTras 13 a\u00f1os de poco avance en variante de Yopal, juzgado abri\u00f3 incidente de desacato contra Inv\u00edas, Mintransporte y ANI\u00bb \u2014 \u25b7 Noticias de Casanare : Martha Cifuentes | Casanare\" src=\"https:\/\/marthacifuentes.com\/portada\/2022\/06\/22\/tras-13-anos-de-poco-avance-en-variante-de-yopal-juzgado-abrio-incidente-de-desacato-contra-invias-mintransporte-y-ani\/embed\/#?secret=ubjq4bjmk4#?secret=XGa3E8scg7\" width=\"600\" height=\"625\" frameborder=\"0\" marginwidth=\"0\" marginheight=\"0\" scrolling=\"no\" sandbox=\"allow-scripts\" data-secret=\"XGa3E8scg7\" data-mce-fragment=\"1\"><\/iframe><\/p>\n<p><iframe loading=\"lazy\" class=\"wp-embedded-content\" title=\"\u00abGustavo Petro promete gobierno de la esperanza, la paz y unidad nacional. Casanare le vot\u00f3 a Rodolfo Hern\u00e1ndez.\u00bb \u2014 \u25b7 Noticias de Casanare : Martha Cifuentes | Casanare\" src=\"https:\/\/marthacifuentes.com\/portada\/2022\/06\/21\/gustavo-petro-promete-gobierno-de-la-esperanza-la-paz-y-unidad-nacional-casanare-le-voto-a-rodolfo-hernandez\/embed\/#?secret=AaHpKdgxvt#?secret=IDKXFg2Atd\" width=\"600\" height=\"649\" frameborder=\"0\" marginwidth=\"0\" marginheight=\"0\" scrolling=\"no\" sandbox=\"allow-scripts\" data-secret=\"IDKXFg2Atd\" data-mce-fragment=\"1\"><\/iframe><\/p>\n<p><iframe loading=\"lazy\" class=\"wp-embedded-content\" title=\"\u00abCondenado Ej\u00e9rcito y Ministerio de Defensa por otro falso positivo en Sabanalarga, Casanare\u00bb \u2014 \u25b7 Noticias de Casanare : Martha Cifuentes | Casanare\" src=\"https:\/\/marthacifuentes.com\/portada\/2022\/06\/17\/condenado-ejercito-y-ministerio-de-defensa-por-otro-falso-positivo-en-sabanalarga-casanare\/embed\/#?secret=Yhwfyhipev#?secret=pJnSn65JiY\" width=\"600\" height=\"600\" frameborder=\"0\" marginwidth=\"0\" marginheight=\"0\" scrolling=\"no\" sandbox=\"allow-scripts\" data-secret=\"pJnSn65JiY\" data-mce-fragment=\"1\"><\/iframe><\/p>\n<p><iframe loading=\"lazy\" class=\"wp-embedded-content\" title=\"\u00abAdivina, adivinador\u2026 \u00bfQui\u00e9n es el personaje?\u00bb \u2014 \u25b7 Noticias de Casanare : Martha Cifuentes | Casanare\" src=\"https:\/\/marthacifuentes.com\/portada\/2022\/06\/17\/adivina-adivinador-quien-es-el-personaje\/embed\/#?secret=itfEm0JGkK#?secret=WBJN8jITsc\" width=\"600\" height=\"571\" frameborder=\"0\" marginwidth=\"0\" marginheight=\"0\" scrolling=\"no\" sandbox=\"allow-scripts\" data-secret=\"WBJN8jITsc\" data-mce-fragment=\"1\"><\/iframe><\/p>\n<p><iframe loading=\"lazy\" class=\"wp-embedded-content\" title=\"\u00abIPS Gyomedical en Casanare sancionada con 525 millones de pesos por fallas en los servicios\u00bb \u2014 \u25b7 Noticias de Casanare : Martha Cifuentes | Casanare\" src=\"https:\/\/marthacifuentes.com\/portada\/2022\/06\/17\/ips-gyomedical-en-casanare-sancionada-con-525-millones-de-pesos-por-fallas-en-los-servicios\/embed\/#?secret=Swt7OVNOoY#?secret=XHmBPqHFbI\" width=\"600\" height=\"611\" frameborder=\"0\" marginwidth=\"0\" marginheight=\"0\" scrolling=\"no\" sandbox=\"allow-scripts\" data-secret=\"XHmBPqHFbI\" data-mce-fragment=\"1\"><\/iframe><\/p>\n<p><iframe loading=\"lazy\" class=\"wp-embedded-content\" title=\"\u00abPor irregularidades en la expedici\u00f3n de varios planes parciales de ordenamiento territorial en Yopal le formulan pliego de cargos a exalcalde Jorge Garc\u00eda\u00bb \u2014 \u25b7 Noticias de Casanare : Martha Cifuentes | Casanare\" src=\"https:\/\/marthacifuentes.com\/portada\/2022\/06\/17\/por-irregularidades-en-la-expedicion-de-varios-planes-parciales-de-ordenamiento-territorial-en-yopal-le-formulan-pliego-de-cargos-a-exalcalde-jorge-garcia\/embed\/#?secret=ayXfO7oZZL#?secret=NJ8l4PiC6u\" width=\"600\" height=\"649\" frameborder=\"0\" marginwidth=\"0\" marginheight=\"0\" scrolling=\"no\" sandbox=\"allow-scripts\" data-secret=\"NJ8l4PiC6u\" data-mce-fragment=\"1\"><\/iframe><\/p>\n<p><iframe loading=\"lazy\" class=\"wp-embedded-content\" title=\"\u00abRodolfo Hern\u00e1ndez tendr\u00e1 que participar en debate con Gustavo Petro. As\u00ed lo orden\u00f3 Tribunal de Bogot\u00e1\u00bb \u2014 \u25b7 Noticias de Casanare : Martha Cifuentes | Casanare\" src=\"https:\/\/marthacifuentes.com\/portada\/2022\/06\/15\/rodolfo-hernandez-tendra-que-participar-en-debate-con-gustavo-petro-asi-lo-ordeno-tribunal-de-bogota\/embed\/#?secret=Q2HNx3JfOE#?secret=SHOTzzJq0I\" width=\"600\" height=\"621\" frameborder=\"0\" marginwidth=\"0\" marginheight=\"0\" scrolling=\"no\" sandbox=\"allow-scripts\" data-secret=\"SHOTzzJq0I\" data-mce-fragment=\"1\"><\/iframe><\/p>\n<p><iframe loading=\"lazy\" class=\"wp-embedded-content\" title=\"\u00ab\u00abCasanare debe ser una gran despensa agroalimentaria y tur\u00edstica\u00bb: Gustavo Petro de visita en Yopal\u00bb \u2014 \u25b7 Noticias de Casanare : Martha Cifuentes | Casanare\" src=\"https:\/\/marthacifuentes.com\/portada\/2022\/06\/14\/casanare-debe-ser-una-gran-despensa-agroalimentaria-y-turistica-gustavo-petro-de-visita-en-yopal\/embed\/#?secret=rDrPdMkVHu#?secret=DkGQyMTplT\" width=\"600\" height=\"614\" frameborder=\"0\" marginwidth=\"0\" marginheight=\"0\" scrolling=\"no\" sandbox=\"allow-scripts\" data-secret=\"DkGQyMTplT\" data-mce-fragment=\"1\"><\/iframe><\/p>\n<p><iframe loading=\"lazy\" class=\"wp-embedded-content\" title=\"\u00abCasanare tomado por el Dengue. Es el departamento con m\u00e1s casos del pa\u00eds.\u00bb \u2014 \u25b7 Noticias de Casanare : Martha Cifuentes | Casanare\" src=\"https:\/\/marthacifuentes.com\/portada\/2022\/06\/09\/casanare-tomado-por-el-dengue-es-el-departamento-con-mas-casos-del-pais\/embed\/#?secret=RRXZUIC5of#?secret=NEq3aETCz9\" width=\"600\" height=\"600\" frameborder=\"0\" marginwidth=\"0\" marginheight=\"0\" scrolling=\"no\" sandbox=\"allow-scripts\" data-secret=\"NEq3aETCz9\" data-mce-fragment=\"1\"><\/iframe><\/p>\n<p><iframe loading=\"lazy\" class=\"wp-embedded-content\" title=\"\u00abO Marcaszalud mejora entrega de medicamentos o se acaba el contrato: Capresoca\u00bb \u2014 \u25b7 Noticias de Casanare : Martha Cifuentes | Casanare\" src=\"https:\/\/marthacifuentes.com\/portada\/2022\/06\/09\/o-marcaszalud-mejora-entrega-de-medicamentos-o-se-acaba-el-contrato-capresoca\/embed\/#?secret=1agErrZLTc#?secret=3ylRciqlQ1\" width=\"600\" height=\"308\" frameborder=\"0\" marginwidth=\"0\" marginheight=\"0\" scrolling=\"no\" sandbox=\"allow-scripts\" data-secret=\"3ylRciqlQ1\" data-mce-fragment=\"1\"><\/iframe><\/p>\n<p><iframe loading=\"lazy\" class=\"wp-embedded-content\" title=\"\u00abCuatro ni\u00f1os muertos por desnutrici\u00f3n y 122 enfermos por esta causa en Casanare, en 2022. Crisis econ\u00f3mica y carest\u00eda de alimentos, los motivos.\u00bb \u2014 \u25b7 Noticias de Casanare : Martha Cifuentes | Casanare\" src=\"https:\/\/marthacifuentes.com\/portada\/2022\/06\/09\/cuatro-ninos-muertos-por-desnutricion-y-122-enfermos-por-esta-causa-en-casanare-en-2022-crisis-economica-y-carestia-de-alimentos-los-motivos\/embed\/#?secret=YfdACoC6KX#?secret=wjtDjVPKaA\" width=\"600\" height=\"589\" frameborder=\"0\" marginwidth=\"0\" marginheight=\"0\" scrolling=\"no\" sandbox=\"allow-scripts\" data-secret=\"wjtDjVPKaA\" data-mce-fragment=\"1\"><\/iframe><\/p>\n<p><iframe loading=\"lazy\" class=\"wp-embedded-content\" title=\"\u00abNada nuevo en Consejo de Seguridad de Casanare por atentado a diputado York Cort\u00e9s.\u00bb \u2014 \u25b7 Noticias de Casanare : Martha Cifuentes | Casanare\" src=\"https:\/\/marthacifuentes.com\/portada\/2022\/06\/08\/nada-nuevo-en-consejo-de-seguridad-de-casanare-por-atentado-a-diputado-york-cortes\/embed\/#?secret=PN68VmOJaw#?secret=fBDKC0gWyG\" width=\"600\" height=\"600\" frameborder=\"0\" marginwidth=\"0\" marginheight=\"0\" scrolling=\"no\" sandbox=\"allow-scripts\" data-secret=\"fBDKC0gWyG\" data-mce-fragment=\"1\"><\/iframe><\/p>\n<p><iframe loading=\"lazy\" class=\"wp-embedded-content\" title=\"\u00abAlcalde de Yopal perdi\u00f3 las mayor\u00edas en el Concejo de Yopal\u00bb \u2014 \u25b7 Noticias de Casanare : Martha Cifuentes | Casanare\" src=\"https:\/\/marthacifuentes.com\/portada\/2022\/06\/08\/alcalde-de-yopal-perdio-las-mayorias-en-el-concejo-de-yopal\/embed\/#?secret=6EnzDBdijQ#?secret=0O1ITs2Fvs\" width=\"600\" height=\"538\" frameborder=\"0\" marginwidth=\"0\" marginheight=\"0\" scrolling=\"no\" sandbox=\"allow-scripts\" data-secret=\"0O1ITs2Fvs\" data-mce-fragment=\"1\"><\/iframe><\/p>\n<p><iframe loading=\"lazy\" class=\"wp-embedded-content\" title=\"\u00abAprobado proyecto de pasivos ambientales en comisi\u00f3n V de C\u00e1mara. Petroleras tienen gran deuda con Casanare, afirm\u00f3 parlamentario C\u00e9sar Ortiz.\u00bb \u2014 \u25b7 Noticias de Casanare : Martha Cifuentes | Casanare\" src=\"https:\/\/marthacifuentes.com\/portada\/2022\/06\/08\/aprobado-proyecto-de-pasivos-ambientales-en-comision-v-de-camara-petroleras-tienen-gran-deuda-con-casanare-afirmo-parlamentario-cesar-ortiz\/embed\/#?secret=GcWonG7KQn#?secret=aZcAELvKTi\" width=\"600\" height=\"649\" frameborder=\"0\" marginwidth=\"0\" marginheight=\"0\" scrolling=\"no\" sandbox=\"allow-scripts\" data-secret=\"aZcAELvKTi\" data-mce-fragment=\"1\"><\/iframe><\/p>\n<p><iframe loading=\"lazy\" class=\"wp-embedded-content\" title=\"\u00abCAI de la Campi\u00f1a deber\u00eda servir para poner venta de chorizos porque no funciona\u00bb \u2014 \u25b7 Noticias de Casanare : Martha Cifuentes | Casanare\" src=\"https:\/\/marthacifuentes.com\/portada\/2022\/06\/08\/cai-de-la-campina-deberia-servir-para-poner-venta-de-chorizos-porque-no-funciona\/embed\/#?secret=T0nV6SeKSl#?secret=iBeba9z6Nc\" width=\"600\" height=\"599\" frameborder=\"0\" marginwidth=\"0\" marginheight=\"0\" scrolling=\"no\" sandbox=\"allow-scripts\" data-secret=\"iBeba9z6Nc\" data-mce-fragment=\"1\"><\/iframe><\/p>\n<p><iframe loading=\"lazy\" class=\"wp-embedded-content\" title=\"\u00abPeligroso homicida del Clan del Golfo fue capturado en Villanueva\u00bb \u2014 \u25b7 Noticias de Casanare : Martha Cifuentes | Casanare\" src=\"https:\/\/marthacifuentes.com\/portada\/2022\/06\/08\/peligroso-homicida-del-clan-del-golfo-fue-capturado-en-villanueva\/embed\/#?secret=LPcCh1Hpws#?secret=aPAqOWCJYc\" width=\"600\" height=\"621\" frameborder=\"0\" marginwidth=\"0\" marginheight=\"0\" scrolling=\"no\" sandbox=\"allow-scripts\" data-secret=\"aPAqOWCJYc\" data-mce-fragment=\"1\"><\/iframe><\/p>\n<p><iframe loading=\"lazy\" class=\"wp-embedded-content\" title=\"\u00ab23 mil personas de zona rural de Yopal siguen sin agua. Por fallo de acci\u00f3n popular Gobernaci\u00f3n de Casanare y Alcald\u00eda pondr\u00e1n recursos para estudios de macroacueducto\u00bb \u2014 \u25b7 Noticias de Casanare : Martha Cifuentes | Casanare\" src=\"https:\/\/marthacifuentes.com\/portada\/2022\/06\/07\/23-mil-personas-de-zona-rural-de-yopal-siguen-sin-agua-por-fallo-de-accion-popular-gobernacion-de-casanare-y-alcaldia-pondran-recursos-para-estudios-de-macroacueducto\/embed\/#?secret=tPKiU4fBDD#?secret=sBHf8g6QkF\" width=\"600\" height=\"678\" frameborder=\"0\" marginwidth=\"0\" marginheight=\"0\" scrolling=\"no\" sandbox=\"allow-scripts\" data-secret=\"sBHf8g6QkF\" data-mce-fragment=\"1\"><\/iframe><\/p>\n<p><iframe loading=\"lazy\" class=\"wp-embedded-content\" title=\"\u00abSan Marcos con agua, pero sin soluci\u00f3n real a problem\u00e1tica de sistema de bombeo\u00bb \u2014 \u25b7 Noticias de Casanare : Martha Cifuentes | Casanare\" src=\"https:\/\/marthacifuentes.com\/portada\/2022\/06\/07\/san-marcos-con-agua-pero-sin-solucion-real-a-problematica-de-sistema-de-bombeo\/embed\/#?secret=NlG5mVz10w#?secret=4gznHYJYMD\" width=\"600\" height=\"600\" frameborder=\"0\" marginwidth=\"0\" marginheight=\"0\" scrolling=\"no\" sandbox=\"allow-scripts\" data-secret=\"4gznHYJYMD\" data-mce-fragment=\"1\"><\/iframe><\/p>\n<p><iframe loading=\"lazy\" class=\"wp-embedded-content\" title=\"\u00abMujeres se \u00abtoman\u00bb la mesa directiva del Concejo de Yopal para 2023\u00bb \u2014 \u25b7 Noticias de Casanare : Martha Cifuentes | Casanare\" src=\"https:\/\/marthacifuentes.com\/portada\/2022\/06\/07\/mujeres-se-toman-la-mesa-directiva-del-concejo-de-yopal-para-2023\/embed\/#?secret=oSkrUXDFH5#?secret=bO06FRKq7Y\" width=\"600\" height=\"600\" frameborder=\"0\" marginwidth=\"0\" marginheight=\"0\" scrolling=\"no\" sandbox=\"allow-scripts\" data-secret=\"bO06FRKq7Y\" data-mce-fragment=\"1\"><\/iframe><\/p>\n<p><iframe loading=\"lazy\" class=\"wp-embedded-content\" title=\"\u00abEn Man\u00ed otra muerte violenta. Hombre fue asesinado en zona de tolerancia.\u00a0\u00bb \u2014 \u25b7 Noticias de Casanare : Martha Cifuentes | Casanare\" src=\"https:\/\/marthacifuentes.com\/portada\/2022\/06\/06\/en-mani-otra-muerte-violenta-hombre-fue-asesinado-en-zona-de-tolerancia\/embed\/#?secret=zcu4RZ6ntr#?secret=UvyEdmNnIE\" width=\"600\" height=\"587\" frameborder=\"0\" marginwidth=\"0\" marginheight=\"0\" scrolling=\"no\" sandbox=\"allow-scripts\" data-secret=\"UvyEdmNnIE\" data-mce-fragment=\"1\"><\/iframe><\/p>\n<p><iframe loading=\"lazy\" class=\"wp-embedded-content\" title=\"\u00abGobernaci\u00f3n de Casanare hace caso omiso a requerimientos para solucionar problem\u00e1tica de aguas negras en El Morro, Yopal.\u00bb \u2014 \u25b7 Noticias de Casanare : Martha Cifuentes | Casanare\" src=\"https:\/\/marthacifuentes.com\/portada\/2022\/06\/06\/gobernacion-de-casanare-hace-caso-omiso-a-requerimientos-para-solucionar-problematica-de-aguas-negras-en-el-morro-yopal\/embed\/#?secret=hkDLplCPl9#?secret=BM5fVH10hH\" width=\"600\" height=\"593\" frameborder=\"0\" marginwidth=\"0\" marginheight=\"0\" scrolling=\"no\" sandbox=\"allow-scripts\" data-secret=\"BM5fVH10hH\" data-mce-fragment=\"1\"><\/iframe><\/p>\n<p><iframe loading=\"lazy\" class=\"wp-embedded-content\" title=\"\u00abColombia sigue necesitando el petr\u00f3leo y gas: Presidente ACP, Francisco Lloreda\u00bb \u2014 \u25b7 Noticias de Casanare : Martha Cifuentes | Casanare\" src=\"https:\/\/marthacifuentes.com\/portada\/2022\/06\/03\/colombia-sigue-necesitando-el-petroleo-y-gas-presidente-acp-francisco-lloreda\/embed\/#?secret=QnTQNKzsue#?secret=GcU917Mq7W\" width=\"600\" height=\"586\" frameborder=\"0\" marginwidth=\"0\" marginheight=\"0\" scrolling=\"no\" sandbox=\"allow-scripts\" data-secret=\"GcU917Mq7W\" data-mce-fragment=\"1\"><\/iframe><\/p>\n<p><iframe loading=\"lazy\" class=\"wp-embedded-content\" title=\"\u00abCuidadora de CDI en Yopal gritaba e insultaba con palabras soeces a ni\u00f1os menores de 4 a\u00f1os. Ella misma envi\u00f3 audio a chat de padres.\u00bb \u2014 \u25b7 Noticias de Casanare : Martha Cifuentes | Casanare\" src=\"https:\/\/marthacifuentes.com\/portada\/2022\/06\/03\/cuidadora-de-cdi-en-yopal-gritaba-e-insultaba-con-palabras-soeces-a-ninos-menores-de-4-anos-ella-misma-envio-audio-a-chat-de-padres\/embed\/#?secret=mYtBSBzyuy#?secret=jaZNNLHhFS\" width=\"600\" height=\"593\" frameborder=\"0\" marginwidth=\"0\" marginheight=\"0\" scrolling=\"no\" sandbox=\"allow-scripts\" data-secret=\"jaZNNLHhFS\" data-mce-fragment=\"1\"><\/iframe><\/p>\n<p><iframe loading=\"lazy\" class=\"wp-embedded-content\" title=\"\u00abUn trabajador muerto y uno herido en accidente en campo petrolero de Parex en Villanueva\u00bb \u2014 \u25b7 Noticias de Casanare : Martha Cifuentes | Casanare\" src=\"https:\/\/marthacifuentes.com\/portada\/2022\/06\/03\/un-trabajador-muerto-y-uno-herido-en-accidente-en-campo-petrolero-de-parex-en-villanueva\/embed\/#?secret=ieUZ5WTBgR#?secret=s1xiIj87dY\" width=\"600\" height=\"621\" frameborder=\"0\" marginwidth=\"0\" marginheight=\"0\" scrolling=\"no\" sandbox=\"allow-scripts\" data-secret=\"s1xiIj87dY\" data-mce-fragment=\"1\"><\/iframe><\/p>\n<p><iframe loading=\"lazy\" class=\"wp-embedded-content\" title=\"\u00abPTAR de Monterrey que cost\u00f3 $20 mil millones, abandonada a su suerte y ca\u00f1o Leche Miel principal afectado. Entidades contratantes ciegas, sordas y mudas.\u00bb \u2014 \u25b7 Noticias de Casanare : Martha Cifuentes | Casanare\" src=\"https:\/\/marthacifuentes.com\/portada\/2022\/06\/01\/ptar-de-monterrey-que-costo-20-mil-millones-abandonada-a-su-suerte-y-cano-leche-miel-principal-afectado-entidades-contratantes-ciegas-sordas-y-mudas\/embed\/#?secret=jFYXhLe5Ty#?secret=fjBvVhQooA\" width=\"600\" height=\"678\" frameborder=\"0\" marginwidth=\"0\" marginheight=\"0\" scrolling=\"no\" sandbox=\"allow-scripts\" data-secret=\"fjBvVhQooA\" data-mce-fragment=\"1\"><\/iframe><\/p>\n<p><iframe loading=\"lazy\" class=\"wp-embedded-content\" title=\"\u00abMunicipios petroleros estar\u00edan haciendo conejo, con las regal\u00edas, a la educaci\u00f3n superior. Contralor\u00eda investigar\u00e1 si est\u00e1n cumpliendo con el 5% de ley.\u00a0\u00bb \u2014 \u25b7 Noticias de Casanare : Martha Cifuentes | Casanare\" src=\"https:\/\/marthacifuentes.com\/portada\/2022\/06\/01\/municipios-petroleros-estarian-haciendo-conejo-con-las-regalias-a-la-educacion-superior-contraloria-investigara-si-estan-cumpliendo-con-el-5-de-ley\/embed\/#?secret=RQRyj401f7#?secret=r2yULVKNkM\" width=\"600\" height=\"618\" frameborder=\"0\" marginwidth=\"0\" marginheight=\"0\" scrolling=\"no\" sandbox=\"allow-scripts\" data-secret=\"r2yULVKNkM\" data-mce-fragment=\"1\"><\/iframe><\/p>\n<p><iframe loading=\"lazy\" class=\"wp-embedded-content\" title=\"\u00ab25% de quejas radicadas en Corporinoquia son contra industria petrolera y minera\u00bb \u2014 \u25b7 Noticias de Casanare : Martha Cifuentes | Casanare\" src=\"https:\/\/marthacifuentes.com\/portada\/2022\/05\/31\/25-de-quejas-radicadas-en-corporinoquia-son-contra-industria-petrolera-y-minera\/embed\/#?secret=XL7OJ68qXj#?secret=2kvwRAAft7\" width=\"600\" height=\"329\" frameborder=\"0\" marginwidth=\"0\" marginheight=\"0\" scrolling=\"no\" sandbox=\"allow-scripts\" data-secret=\"2kvwRAAft7\" data-mce-fragment=\"1\"><\/iframe><\/p>\n<p><iframe loading=\"lazy\" class=\"wp-embedded-content\" title=\"\u00abRestos \u00f3seos de 21 personas desaparecidas fueron recuperadas en cementerio de Aguazul\u00bb \u2014 \u25b7 Noticias de Casanare : Martha Cifuentes | Casanare\" src=\"https:\/\/marthacifuentes.com\/portada\/2022\/05\/31\/restos-oseos-de-21-personas-desaparecidas-fueron-recuperadas-en-cementerio-de-aguazul\/embed\/#?secret=MNwafdMlPq#?secret=CugkNXcio6\" width=\"600\" height=\"621\" frameborder=\"0\" marginwidth=\"0\" marginheight=\"0\" scrolling=\"no\" sandbox=\"allow-scripts\" data-secret=\"CugkNXcio6\" data-mce-fragment=\"1\"><\/iframe><\/p>\n<p><iframe loading=\"lazy\" class=\"wp-embedded-content\" title=\"\u00abAunque Yopal tiene agua, faltaron obras y hay fallas en Planta de Tratamiento de Agua Potable Definitiva: Tribunal Administrativo de Casanare\u00bb \u2014 \u25b7 Noticias de Casanare : Martha Cifuentes | Casanare\" src=\"https:\/\/marthacifuentes.com\/portada\/2022\/05\/27\/aunque-yopal-tiene-agua-faltaron-obras-y-hay-fallas-en-planta-de-tratamiento-de-agua-potable-definitiva-tribunal-administrativo-de-casanare\/embed\/#?secret=7zK9ScjE5x#?secret=O7pkQvuExV\" width=\"600\" height=\"608\" frameborder=\"0\" marginwidth=\"0\" marginheight=\"0\" scrolling=\"no\" sandbox=\"allow-scripts\" data-secret=\"O7pkQvuExV\" data-mce-fragment=\"1\"><\/iframe><\/p>\n<p><iframe loading=\"lazy\" class=\"wp-embedded-content\" title=\"\u00abPor presuntamente pedir coimas a matarifes, fueron capturados el comandante de la polic\u00eda de Paz de Ariporo y un patrullero.\u00bb \u2014 \u25b7 Noticias de Casanare : Martha Cifuentes | Casanare\" src=\"https:\/\/marthacifuentes.com\/portada\/2022\/05\/27\/por-presuntamente-pedir-coimas-a-matarifes-fueron-capturados-el-comandante-de-la-policia-de-paz-de-ariporo-y-un-patrullero\/embed\/#?secret=Bvd27rnw6k#?secret=dt9vzRk72N\" width=\"600\" height=\"649\" frameborder=\"0\" marginwidth=\"0\" marginheight=\"0\" scrolling=\"no\" sandbox=\"allow-scripts\" data-secret=\"dt9vzRk72N\" data-mce-fragment=\"1\"><\/iframe><\/p>\n<p><iframe loading=\"lazy\" class=\"wp-embedded-content\" title=\"\u00abPetro propone gradualidad en transici\u00f3n energ\u00e9tica. Continuar\u00e1 explotaci\u00f3n petrolera de hasta agotar recursos\u00bb \u2014 \u25b7 Noticias de Casanare : Martha Cifuentes | Casanare\" src=\"https:\/\/marthacifuentes.com\/portada\/2022\/05\/27\/petro-propone-gradualidad-en-transicion-energetica-continuara-explotacion-petrolera-de-hasta-agotar-recursos\/embed\/#?secret=k3bP7s4FMQ#?secret=dvkwkD9QJV\" width=\"600\" height=\"603\" frameborder=\"0\" marginwidth=\"0\" marginheight=\"0\" scrolling=\"no\" sandbox=\"allow-scripts\" data-secret=\"dvkwkD9QJV\" data-mce-fragment=\"1\"><\/iframe><\/p>\n<p><iframe loading=\"lazy\" class=\"wp-embedded-content\" title=\"\u00abAlcalde de Man\u00ed, Casanare, orden\u00f3 a empleados donar mercados para familias damnificadas por invierno\u00bb \u2014 \u25b7 Noticias de Casanare : Martha Cifuentes | Casanare\" src=\"https:\/\/marthacifuentes.com\/portada\/2022\/05\/27\/alcalde-de-mani-casanare-ordeno-a-empleados-donar-mercados-para-familias-damnificadas-por-invierno\/embed\/#?secret=ZgzR031Rww#?secret=PeLD7vbkan\" width=\"600\" height=\"600\" frameborder=\"0\" marginwidth=\"0\" marginheight=\"0\" scrolling=\"no\" sandbox=\"allow-scripts\" data-secret=\"PeLD7vbkan\" data-mce-fragment=\"1\"><\/iframe><\/p>\n<p><iframe loading=\"lazy\" class=\"wp-embedded-content\" title=\"\u00abVeolia NO se va de Yopal\u00bb \u2014 \u25b7 Noticias de Casanare : Martha Cifuentes | Casanare\" src=\"https:\/\/marthacifuentes.com\/portada\/2022\/05\/27\/veolia-no-se-va-de-yopal\/embed\/#?secret=HFtUQrRKd5#?secret=HilZU3lQSm\" width=\"600\" height=\"592\" frameborder=\"0\" marginwidth=\"0\" marginheight=\"0\" scrolling=\"no\" sandbox=\"allow-scripts\" data-secret=\"HilZU3lQSm\" data-mce-fragment=\"1\"><\/iframe><\/p>\n<p><iframe loading=\"lazy\" class=\"wp-embedded-content\" title=\"\u00abLey seca, no parrillero hombre ni trasteos en Yopal, el fin de semana, por elecciones presidenciales\u00bb \u2014 \u25b7 Noticias de Casanare : Martha Cifuentes | Casanare\" src=\"https:\/\/marthacifuentes.com\/portada\/2022\/05\/27\/ley-seca-no-parrillero-hombre-ni-trasteos-en-yopal-el-fin-de-semana-por-elecciones-presidenciales\/embed\/#?secret=zwxDAYRj7t#?secret=U97JpTzFKW\" width=\"600\" height=\"600\" frameborder=\"0\" marginwidth=\"0\" marginheight=\"0\" scrolling=\"no\" sandbox=\"allow-scripts\" data-secret=\"U97JpTzFKW\" data-mce-fragment=\"1\"><\/iframe><\/p>\n<p><iframe loading=\"lazy\" class=\"wp-embedded-content\" title=\"\u00abMientras el Horo se convertir\u00e1 en hospital universitario, hospital Central de Yopal lucha por ser de segundo nivel\u00bb \u2014 \u25b7 Noticias de Casanare : Martha Cifuentes | Casanare\" src=\"https:\/\/marthacifuentes.com\/portada\/2022\/05\/25\/mientras-el-horo-se-convertira-en-hospital-universitario-hospital-central-de-yopal-lucha-por-ser-de-segundo-nivel\/embed\/#?secret=E9UmPt7wms#?secret=4WE8I9fidF\" width=\"600\" height=\"642\" frameborder=\"0\" marginwidth=\"0\" marginheight=\"0\" scrolling=\"no\" sandbox=\"allow-scripts\" data-secret=\"4WE8I9fidF\" data-mce-fragment=\"1\"><\/iframe><\/p>\n<p><iframe loading=\"lazy\" class=\"wp-embedded-content\" title=\"\u00abPor llevar alijo de marihuana en un bus capturado venezolano en Paz de Ariporo\u00bb \u2014 \u25b7 Noticias de Casanare : Martha Cifuentes | Casanare\" src=\"https:\/\/marthacifuentes.com\/portada\/2022\/05\/25\/por-llevar-alijo-de-marihuana-en-un-bus-capturado-venezolano-en-paz-de-ariporo\/embed\/#?secret=QinkLWjfsd#?secret=5Ox6yTfLAL\" width=\"600\" height=\"600\" frameborder=\"0\" marginwidth=\"0\" marginheight=\"0\" scrolling=\"no\" sandbox=\"allow-scripts\" data-secret=\"5Ox6yTfLAL\" data-mce-fragment=\"1\"><\/iframe><\/p>\n<p><iframe loading=\"lazy\" class=\"wp-embedded-content\" title=\"\u00abCapturados \u201clos b\u00e1rbaros\u201d, banda dedicada al robo de ACPM\u00bb \u2014 \u25b7 Noticias de Casanare : Martha Cifuentes | Casanare\" src=\"https:\/\/marthacifuentes.com\/portada\/2022\/05\/25\/capturados-los-barbaros-banda-dedicada-al-robo-de-acpm\/embed\/#?secret=JmpNMyMlwN#?secret=p8l0Zt2GK6\" width=\"600\" height=\"609\" frameborder=\"0\" marginwidth=\"0\" marginheight=\"0\" scrolling=\"no\" sandbox=\"allow-scripts\" data-secret=\"p8l0Zt2GK6\" data-mce-fragment=\"1\"><\/iframe><\/p>\n<p><iframe loading=\"lazy\" class=\"wp-embedded-content\" title=\"\u00abHoy se cumplen 30 d\u00edas de cierre en La Granja, v\u00eda Aguazul-Sogamoso y de aquello, nada\u00bb \u2014 \u25b7 Noticias de Casanare : Martha Cifuentes | Casanare\" src=\"https:\/\/marthacifuentes.com\/portada\/2022\/05\/25\/hoy-se-cumplen-30-dias-de-cierre-en-la-granja-via-aguazul-sogamoso-y-de-aquello-nada\/embed\/#?secret=zIzhRw7tc4#?secret=YlWRIoPgMW\" width=\"600\" height=\"600\" frameborder=\"0\" marginwidth=\"0\" marginheight=\"0\" scrolling=\"no\" sandbox=\"allow-scripts\" data-secret=\"YlWRIoPgMW\" data-mce-fragment=\"1\"><\/iframe><\/p>\n<p><iframe loading=\"lazy\" class=\"wp-embedded-content\" title=\"\u00abEntre el 23 y 27 de mayo, semana sobre la Desaparici\u00f3n Forzada en Casanare.\u00bb \u2014 \u25b7 Noticias de Casanare : Martha Cifuentes | Casanare\" src=\"https:\/\/marthacifuentes.com\/portada\/2022\/05\/24\/entre-el-23-y-27-de-mayo-semana-sobre-la-desaparicion-forzada-en-casanare\/embed\/#?secret=qhR7Y7xiMt#?secret=yFNh9QL9Au\" width=\"600\" height=\"599\" frameborder=\"0\" marginwidth=\"0\" marginheight=\"0\" scrolling=\"no\" sandbox=\"allow-scripts\" data-secret=\"yFNh9QL9Au\" data-mce-fragment=\"1\"><\/iframe><\/p>\n<p><iframe loading=\"lazy\" class=\"wp-embedded-content\" title=\"\u00abAunque polic\u00eda captur\u00f3 a ladr\u00f3n de cable de la cancha de la Ciudadela del Carmen en Yopal, este ya est\u00e1 libre.\u00bb \u2014 \u25b7 Noticias de Casanare : Martha Cifuentes | Casanare\" src=\"https:\/\/marthacifuentes.com\/portada\/2022\/05\/24\/aunque-policia-capturo-a-ladron-de-cable-de-la-cancha-de-la-ciudadela-del-carmen-en-yopal-este-ya-esta-libre\/embed\/#?secret=RdGA6KNt3S#?secret=cXjYuNwzd0\" width=\"600\" height=\"600\" frameborder=\"0\" marginwidth=\"0\" marginheight=\"0\" scrolling=\"no\" sandbox=\"allow-scripts\" data-secret=\"cXjYuNwzd0\" data-mce-fragment=\"1\"><\/iframe><\/p>\n","protected":false},"excerpt":{"rendered":"<p>El pasado 25 de junio se cumplieron dos meses de cierre de la v\u00eda del Cusiana, en el sector La Granja, PR 87, y aun no se ha recuperado la banca. Se proyect\u00f3 la estabilizaci\u00f3n de la superficie de falla localizada con pernos profundos y un sistema de drenaje con drenes horizontales. Igualmente se labora &hellip;<\/p>\n","protected":false},"author":2,"featured_media":29473,"comment_status":"open","ping_status":"open","sticky":false,"template":"","format":"standard","meta":{"om_disable_all_campaigns":false,"_exactmetrics_skip_tracking":false,"_exactmetrics_sitenote_active":false,"_exactmetrics_sitenote_note":"","_exactmetrics_sitenote_category":0,"_monsterinsights_skip_tracking":false,"_monsterinsights_sitenote_active":false,"_monsterinsights_sitenote_note":"","_monsterinsights_sitenote_category":0,"_uf_show_specific_survey":0,"_uf_disable_surveys":false,"_joinchat":[],"footnotes":""},"categories":[147,145],"tags":[7974,7973,7976,7977,2680,7975,6151,7978,6155],"class_list":["post-29469","post","type-post","status-publish","format-standard","has-post-thumbnail","hentry","category-actualidad","category-reportajes","tag-cierre-de-la-via-del-cusiana","tag-cusiana-en-el-sector-la-granj","tag-especialistas-en-hidraulica","tag-ingenieros-residentes","tag-invias","tag-personal-de-interventoria-y-de-obra-tales-como-especialistas-en-geotecnia","tag-quebrada-negra","tag-topografos-e-inspectores-realizan-monitoreo-tecnico-constante-a-la-montana-y-banca-de-via-existente","tag-yopal-casanare"],"yoast_head":"<!-- This site is optimized with the Yoast SEO plugin v26.1 - https:\/\/yoast.com\/wordpress\/plugins\/seo\/ -->\n<title>Se cumplieron 60 d\u00edas de cierre de la v\u00eda del Cusiana en el sector La Granja y no hay asomo de reapertura. - \u25b7 Noticias de Casanare : Martha Cifuentes | Casanare<\/title>\n<meta name=\"robots\" content=\"index, follow, max-snippet:-1, max-image-preview:large, max-video-preview:-1\" \/>\n<link rel=\"canonical\" href=\"https:\/\/marthacifuentes.com\/portada\/se-cumplieron-60-dias-de-cierre-de-la-via-del-cusiana-en-el-sector-la-granja-y-no-hay-asomo-de-reapertura\/\" \/>\n<meta property=\"og:locale\" content=\"es_ES\" \/>\n<meta property=\"og:type\" content=\"article\" \/>\n<meta property=\"og:title\" content=\"Se cumplieron 60 d\u00edas de cierre de la v\u00eda del Cusiana en el sector La Granja y no hay asomo de reapertura. - \u25b7 Noticias de Casanare : Martha Cifuentes | Casanare\" \/>\n<meta property=\"og:description\" content=\"El pasado 25 de junio se cumplieron dos meses de cierre de la v\u00eda del Cusiana, en el sector La Granja, PR 87, y aun no se ha recuperado la banca. Se proyect\u00f3 la estabilizaci\u00f3n de la superficie de falla localizada con pernos profundos y un sistema de drenaje con drenes horizontales. Igualmente se labora &hellip;\" \/>\n<meta property=\"og:url\" content=\"https:\/\/marthacifuentes.com\/portada\/se-cumplieron-60-dias-de-cierre-de-la-via-del-cusiana-en-el-sector-la-granja-y-no-hay-asomo-de-reapertura\/\" \/>\n<meta property=\"og:site_name\" content=\"\u25b7 Noticias de Casanare : Martha Cifuentes | Casanare\" \/>\n<meta property=\"article:published_time\" content=\"2022-06-28T15:08:55+00:00\" \/>\n<meta property=\"og:image\" content=\"https:\/\/marthacifuentes.com\/portada\/wp-content\/uploads\/2022\/06\/Cierre-de-dos-meses-de-la-via-del-Cusiana.jpg\" \/>\n\t<meta property=\"og:image:width\" content=\"600\" \/>\n\t<meta property=\"og:image:height\" content=\"450\" \/>\n\t<meta property=\"og:image:type\" content=\"image\/jpeg\" \/>\n<meta name=\"author\" content=\"Martha Cifuentes\" \/>\n<meta name=\"twitter:card\" content=\"summary_large_image\" \/>\n<meta name=\"twitter:label1\" content=\"Escrito por\" \/>\n\t<meta name=\"twitter:data1\" content=\"Martha Cifuentes\" \/>\n\t<meta name=\"twitter:label2\" content=\"Tiempo de lectura\" \/>\n\t<meta name=\"twitter:data2\" content=\"2 minutos\" \/>\n<script type=\"application\/ld+json\" class=\"yoast-schema-graph\">{\"@context\":\"https:\/\/schema.org\",\"@graph\":[{\"@type\":\"WebPage\",\"@id\":\"https:\/\/marthacifuentes.com\/portada\/se-cumplieron-60-dias-de-cierre-de-la-via-del-cusiana-en-el-sector-la-granja-y-no-hay-asomo-de-reapertura\/\",\"url\":\"https:\/\/marthacifuentes.com\/portada\/se-cumplieron-60-dias-de-cierre-de-la-via-del-cusiana-en-el-sector-la-granja-y-no-hay-asomo-de-reapertura\/\",\"name\":\"Se cumplieron 60 d\u00edas de cierre de la v\u00eda del Cusiana en el sector La Granja y no hay asomo de reapertura. - \u25b7 Noticias de Casanare : Martha Cifuentes | Casanare\",\"isPartOf\":{\"@id\":\"https:\/\/marthacifuentes.com\/portada\/#website\"},\"primaryImageOfPage\":{\"@id\":\"https:\/\/marthacifuentes.com\/portada\/se-cumplieron-60-dias-de-cierre-de-la-via-del-cusiana-en-el-sector-la-granja-y-no-hay-asomo-de-reapertura\/#primaryimage\"},\"image\":{\"@id\":\"https:\/\/marthacifuentes.com\/portada\/se-cumplieron-60-dias-de-cierre-de-la-via-del-cusiana-en-el-sector-la-granja-y-no-hay-asomo-de-reapertura\/#primaryimage\"},\"thumbnailUrl\":\"https:\/\/marthacifuentes.com\/portada\/wp-content\/uploads\/2022\/06\/Cierre-de-dos-meses-de-la-via-del-Cusiana.jpg\",\"datePublished\":\"2022-06-28T15:08:55+00:00\",\"author\":{\"@id\":\"https:\/\/marthacifuentes.com\/portada\/#\/schema\/person\/57f53174b991db5f90ff78d58502b714\"},\"breadcrumb\":{\"@id\":\"https:\/\/marthacifuentes.com\/portada\/se-cumplieron-60-dias-de-cierre-de-la-via-del-cusiana-en-el-sector-la-granja-y-no-hay-asomo-de-reapertura\/#breadcrumb\"},\"inLanguage\":\"es\",\"potentialAction\":[{\"@type\":\"ReadAction\",\"target\":[\"https:\/\/marthacifuentes.com\/portada\/se-cumplieron-60-dias-de-cierre-de-la-via-del-cusiana-en-el-sector-la-granja-y-no-hay-asomo-de-reapertura\/\"]}]},{\"@type\":\"ImageObject\",\"inLanguage\":\"es\",\"@id\":\"https:\/\/marthacifuentes.com\/portada\/se-cumplieron-60-dias-de-cierre-de-la-via-del-cusiana-en-el-sector-la-granja-y-no-hay-asomo-de-reapertura\/#primaryimage\",\"url\":\"https:\/\/marthacifuentes.com\/portada\/wp-content\/uploads\/2022\/06\/Cierre-de-dos-meses-de-la-via-del-Cusiana.jpg\",\"contentUrl\":\"https:\/\/marthacifuentes.com\/portada\/wp-content\/uploads\/2022\/06\/Cierre-de-dos-meses-de-la-via-del-Cusiana.jpg\",\"width\":600,\"height\":450},{\"@type\":\"BreadcrumbList\",\"@id\":\"https:\/\/marthacifuentes.com\/portada\/se-cumplieron-60-dias-de-cierre-de-la-via-del-cusiana-en-el-sector-la-granja-y-no-hay-asomo-de-reapertura\/#breadcrumb\",\"itemListElement\":[{\"@type\":\"ListItem\",\"position\":1,\"name\":\"Portada\",\"item\":\"https:\/\/marthacifuentes.com\/portada\/\"},{\"@type\":\"ListItem\",\"position\":2,\"name\":\"Se cumplieron 60 d\u00edas de cierre de la v\u00eda del Cusiana en el sector La Granja y no hay asomo de reapertura.\"}]},{\"@type\":\"WebSite\",\"@id\":\"https:\/\/marthacifuentes.com\/portada\/#website\",\"url\":\"https:\/\/marthacifuentes.com\/portada\/\",\"name\":\"\u25b7 Noticias de Casanare : Martha Cifuentes | Casanare\",\"description\":\"Noticias &amp; Contenidos\",\"potentialAction\":[{\"@type\":\"SearchAction\",\"target\":{\"@type\":\"EntryPoint\",\"urlTemplate\":\"https:\/\/marthacifuentes.com\/portada\/?s={search_term_string}\"},\"query-input\":{\"@type\":\"PropertyValueSpecification\",\"valueRequired\":true,\"valueName\":\"search_term_string\"}}],\"inLanguage\":\"es\"},{\"@type\":\"Person\",\"@id\":\"https:\/\/marthacifuentes.com\/portada\/#\/schema\/person\/57f53174b991db5f90ff78d58502b714\",\"name\":\"Martha Cifuentes\",\"image\":{\"@type\":\"ImageObject\",\"inLanguage\":\"es\",\"@id\":\"https:\/\/marthacifuentes.com\/portada\/#\/schema\/person\/image\/\",\"url\":\"http:\/\/marthacifuentes.com\/portada\/wp-content\/uploads\/2018\/06\/avatar_user_2_1528838701-96x96.jpg\",\"contentUrl\":\"http:\/\/marthacifuentes.com\/portada\/wp-content\/uploads\/2018\/06\/avatar_user_2_1528838701-96x96.jpg\",\"caption\":\"Martha Cifuentes\"},\"sameAs\":[\"http:\/\/www.marthacifuentes.com\"],\"url\":\"https:\/\/marthacifuentes.com\/portada\/author\/martha\/\"}]}<\/script>\n<!-- \/ Yoast SEO plugin. -->","yoast_head_json":{"title":"Se cumplieron 60 d\u00edas de cierre de la v\u00eda del Cusiana en el sector La Granja y no hay asomo de reapertura. - \u25b7 Noticias de Casanare : Martha Cifuentes | Casanare","robots":{"index":"index","follow":"follow","max-snippet":"max-snippet:-1","max-image-preview":"max-image-preview:large","max-video-preview":"max-video-preview:-1"},"canonical":"https:\/\/marthacifuentes.com\/portada\/se-cumplieron-60-dias-de-cierre-de-la-via-del-cusiana-en-el-sector-la-granja-y-no-hay-asomo-de-reapertura\/","og_locale":"es_ES","og_type":"article","og_title":"Se cumplieron 60 d\u00edas de cierre de la v\u00eda del Cusiana en el sector La Granja y no hay asomo de reapertura. - \u25b7 Noticias de Casanare : Martha Cifuentes | Casanare","og_description":"El pasado 25 de junio se cumplieron dos meses de cierre de la v\u00eda del Cusiana, en el sector La Granja, PR 87, y aun no se ha recuperado la banca. Se proyect\u00f3 la estabilizaci\u00f3n de la superficie de falla localizada con pernos profundos y un sistema de drenaje con drenes horizontales. Igualmente se labora &hellip;","og_url":"https:\/\/marthacifuentes.com\/portada\/se-cumplieron-60-dias-de-cierre-de-la-via-del-cusiana-en-el-sector-la-granja-y-no-hay-asomo-de-reapertura\/","og_site_name":"\u25b7 Noticias de Casanare : Martha Cifuentes | Casanare","article_published_time":"2022-06-28T15:08:55+00:00","og_image":[{"width":600,"height":450,"url":"https:\/\/marthacifuentes.com\/portada\/wp-content\/uploads\/2022\/06\/Cierre-de-dos-meses-de-la-via-del-Cusiana.jpg","type":"image\/jpeg"}],"author":"Martha Cifuentes","twitter_card":"summary_large_image","twitter_misc":{"Escrito por":"Martha Cifuentes","Tiempo de lectura":"2 minutos"},"schema":{"@context":"https:\/\/schema.org","@graph":[{"@type":"WebPage","@id":"https:\/\/marthacifuentes.com\/portada\/se-cumplieron-60-dias-de-cierre-de-la-via-del-cusiana-en-el-sector-la-granja-y-no-hay-asomo-de-reapertura\/","url":"https:\/\/marthacifuentes.com\/portada\/se-cumplieron-60-dias-de-cierre-de-la-via-del-cusiana-en-el-sector-la-granja-y-no-hay-asomo-de-reapertura\/","name":"Se cumplieron 60 d\u00edas de cierre de la v\u00eda del Cusiana en el sector La Granja y no hay asomo de reapertura. - \u25b7 Noticias de Casanare : Martha Cifuentes | Casanare","isPartOf":{"@id":"https:\/\/marthacifuentes.com\/portada\/#website"},"primaryImageOfPage":{"@id":"https:\/\/marthacifuentes.com\/portada\/se-cumplieron-60-dias-de-cierre-de-la-via-del-cusiana-en-el-sector-la-granja-y-no-hay-asomo-de-reapertura\/#primaryimage"},"image":{"@id":"https:\/\/marthacifuentes.com\/portada\/se-cumplieron-60-dias-de-cierre-de-la-via-del-cusiana-en-el-sector-la-granja-y-no-hay-asomo-de-reapertura\/#primaryimage"},"thumbnailUrl":"https:\/\/marthacifuentes.com\/portada\/wp-content\/uploads\/2022\/06\/Cierre-de-dos-meses-de-la-via-del-Cusiana.jpg","datePublished":"2022-06-28T15:08:55+00:00","author":{"@id":"https:\/\/marthacifuentes.com\/portada\/#\/schema\/person\/57f53174b991db5f90ff78d58502b714"},"breadcrumb":{"@id":"https:\/\/marthacifuentes.com\/portada\/se-cumplieron-60-dias-de-cierre-de-la-via-del-cusiana-en-el-sector-la-granja-y-no-hay-asomo-de-reapertura\/#breadcrumb"},"inLanguage":"es","potentialAction":[{"@type":"ReadAction","target":["https:\/\/marthacifuentes.com\/portada\/se-cumplieron-60-dias-de-cierre-de-la-via-del-cusiana-en-el-sector-la-granja-y-no-hay-asomo-de-reapertura\/"]}]},{"@type":"ImageObject","inLanguage":"es","@id":"https:\/\/marthacifuentes.com\/portada\/se-cumplieron-60-dias-de-cierre-de-la-via-del-cusiana-en-el-sector-la-granja-y-no-hay-asomo-de-reapertura\/#primaryimage","url":"https:\/\/marthacifuentes.com\/portada\/wp-content\/uploads\/2022\/06\/Cierre-de-dos-meses-de-la-via-del-Cusiana.jpg","contentUrl":"https:\/\/marthacifuentes.com\/portada\/wp-content\/uploads\/2022\/06\/Cierre-de-dos-meses-de-la-via-del-Cusiana.jpg","width":600,"height":450},{"@type":"BreadcrumbList","@id":"https:\/\/marthacifuentes.com\/portada\/se-cumplieron-60-dias-de-cierre-de-la-via-del-cusiana-en-el-sector-la-granja-y-no-hay-asomo-de-reapertura\/#breadcrumb","itemListElement":[{"@type":"ListItem","position":1,"name":"Portada","item":"https:\/\/marthacifuentes.com\/portada\/"},{"@type":"ListItem","position":2,"name":"Se cumplieron 60 d\u00edas de cierre de la v\u00eda del Cusiana en el sector La Granja y no hay asomo de reapertura."}]},{"@type":"WebSite","@id":"https:\/\/marthacifuentes.com\/portada\/#website","url":"https:\/\/marthacifuentes.com\/portada\/","name":"\u25b7 Noticias de Casanare : Martha Cifuentes | Casanare","description":"Noticias &amp; Contenidos","potentialAction":[{"@type":"SearchAction","target":{"@type":"EntryPoint","urlTemplate":"https:\/\/marthacifuentes.com\/portada\/?s={search_term_string}"},"query-input":{"@type":"PropertyValueSpecification","valueRequired":true,"valueName":"search_term_string"}}],"inLanguage":"es"},{"@type":"Person","@id":"https:\/\/marthacifuentes.com\/portada\/#\/schema\/person\/57f53174b991db5f90ff78d58502b714","name":"Martha Cifuentes","image":{"@type":"ImageObject","inLanguage":"es","@id":"https:\/\/marthacifuentes.com\/portada\/#\/schema\/person\/image\/","url":"http:\/\/marthacifuentes.com\/portada\/wp-content\/uploads\/2018\/06\/avatar_user_2_1528838701-96x96.jpg","contentUrl":"http:\/\/marthacifuentes.com\/portada\/wp-content\/uploads\/2018\/06\/avatar_user_2_1528838701-96x96.jpg","caption":"Martha Cifuentes"},"sameAs":["http:\/\/www.marthacifuentes.com"],"url":"https:\/\/marthacifuentes.com\/portada\/author\/martha\/"}]}},"_links":{"self":[{"href":"https:\/\/marthacifuentes.com\/portada\/wp-json\/wp\/v2\/posts\/29469","targetHints":{"allow":["GET"]}}],"collection":[{"href":"https:\/\/marthacifuentes.com\/portada\/wp-json\/wp\/v2\/posts"}],"about":[{"href":"https:\/\/marthacifuentes.com\/portada\/wp-json\/wp\/v2\/types\/post"}],"author":[{"embeddable":true,"href":"https:\/\/marthacifuentes.com\/portada\/wp-json\/wp\/v2\/users\/2"}],"replies":[{"embeddable":true,"href":"https:\/\/marthacifuentes.com\/portada\/wp-json\/wp\/v2\/comments?post=29469"}],"version-history":[{"count":1,"href":"https:\/\/marthacifuentes.com\/portada\/wp-json\/wp\/v2\/posts\/29469\/revisions"}],"predecessor-version":[{"id":29483,"href":"https:\/\/marthacifuentes.com\/portada\/wp-json\/wp\/v2\/posts\/29469\/revisions\/29483"}],"wp:featuredmedia":[{"embeddable":true,"href":"https:\/\/marthacifuentes.com\/portada\/wp-json\/wp\/v2\/media\/29473"}],"wp:attachment":[{"href":"https:\/\/marthacifuentes.com\/portada\/wp-json\/wp\/v2\/media?parent=29469"}],"wp:term":[{"taxonomy":"category","embeddable":true,"href":"https:\/\/marthacifuentes.com\/portada\/wp-json\/wp\/v2\/categories?post=29469"},{"taxonomy":"post_tag","embeddable":true,"href":"https:\/\/marthacifuentes.com\/portada\/wp-json\/wp\/v2\/tags?post=29469"}],"curies":[{"name":"wp","href":"https:\/\/api.w.org\/{rel}","templated":true}]}}