{"id":29533,"date":"2022-07-08T10:44:00","date_gmt":"2022-07-08T15:44:00","guid":{"rendered":"https:\/\/marthacifuentes.com\/portada\/?p=29533"},"modified":"2022-07-08T10:44:00","modified_gmt":"2022-07-08T15:44:00","slug":"petroleras-y-contratistas-nos-tienen-arrumados-y-desplazados-transportadores-y-profesionales-de-mani-casanare","status":"publish","type":"post","link":"https:\/\/marthacifuentes.com\/portada\/petroleras-y-contratistas-nos-tienen-arrumados-y-desplazados-transportadores-y-profesionales-de-mani-casanare\/","title":{"rendered":"\u201cPetroleras y contratistas nos tienen arrumados y desplazados\u201d: Transportadores y profesionales de Man\u00ed, Casanare"},"content":{"rendered":"<p style=\"font-weight: 400; text-align: justify;\">Transportadores y trabajadores profesionales y t\u00e9cnicos de Man\u00ed, Casanare, reclaman a operadoras petroleras y contratistas de obras civiles, ser tenidos en cuenta en la contrataci\u00f3n de fletes y contrataci\u00f3n de mano de obra calificada en la realizaci\u00f3n de sus proyectos. Denuncian ser marginados por la industria y firmas de ingenier\u00eda.<\/p>\n<p style=\"font-weight: 400; text-align: justify;\">Oscar Garz\u00f3n, vocero del gremio transportador- volqueteros, expres\u00f3 que son al menos 300 familias las que directamente dependen de esta actividad econ\u00f3mica pero alrededor hay muchas m\u00e1s, qu\u00e9 hacen parte de la cadena de transporte y cuya econom\u00eda depende de la din\u00e1mica y contrataci\u00f3n que hagan las petroleras y contratistas. Esta situaci\u00f3n redunda en la precariedad econ\u00f3mica de la comunidad de Man\u00ed.<\/p>\n<p style=\"font-weight: 400; text-align: justify;\">Por su parte el l\u00edder social y vocero de los trabajadores, Ariel Higuera, hace un llamado a las autoridades municipales y a la industria petrolera para que se sienten a dialogar y superar los conflictos por no contrataci\u00f3n de mano de obra calificada, de bienes y servicios en Man\u00ed y de los gremios de los transportadores. Se pide que se atienda una propuesta de realizar los acuerdos para la prosperidad en el marco de la ley estatutaria 1757 de 2015, donde se requiere la participaci\u00f3n del Ministerio del Interior, los transportadores, la mano de obra local y los l\u00edderes comunales.<\/p>\n<p style=\"font-weight: 400; text-align: justify;\">Igualmente precis\u00f3 que siempre que se va a ejecutar un proyecto en Man\u00ed, se pasa por encima de las comunidades. Hay desplazamiento de la mano de obra local por parte de personal de otras regiones o del mismo departamento de Casanare. Y \u201cla intervenci\u00f3n de las autoridades ha sido nula, ha tocado guerrear solas\u201d, enfatiza el vocero de los trabajadores.<\/p>\n<p style=\"font-weight: 400; text-align: justify;\">Destac\u00f3 que es parad\u00f3jico que las autoridades policiales en vez de estar controlando la problem\u00e1tica de delincuencia en el municipio se presten para hostigar a los l\u00edderes sociales y trabajadores, quienes solo est\u00e1n realizando una protesta pac\u00edfica sin bloqueos ni v\u00edas de hecho.<\/p>\n<p style=\"font-weight: 400; text-align: justify;\">Mientras tanto el transportador Baltazar Hern\u00e1ndez de Man\u00ed, expres\u00f3 que hay inconformidad con las petroleras porque realizan socializaciones y luego no cumplen con los compromisos. Cit\u00f3 el caso de la operadora Hocol, la cual hizo la respectiva socializaci\u00f3n de su proyecto, y se comprometi\u00f3 a dar respuestas a las inquietudes planteadas de contrataci\u00f3n de mano de obra local y de los transportadores, pero finalmente no lo ha hecho. Sin embargo, para el comienzo de la obra ya comienza a llegar con personal for\u00e1neo.<\/p>\n<p style=\"font-weight: 400; text-align: justify;\">Reiter\u00f3 que a pesar de que hay personal preparado para trabajar, las operadoras los desconocen o argumentan que no ofrecen lo que estas requieren en cualificaci\u00f3n y equipos y por ello deben traer personal y empresas de otras regiones. Puntualiz\u00f3 diciendo que \u201cEstamos siendo arrumados por personas que vienen de otras regiones\u201d.<\/p>\n<p style=\"font-weight: 400; text-align: justify;\">El tambi\u00e9n transportador Arnulfo Garc\u00eda invit\u00f3 al gobierno nacional para que haga frente a la problem\u00e1tica del desconocimiento de los transportadores de Man\u00ed por parte de empresas contratistas y operadoras petroleras. \u201cHay obras que se est\u00e1n realizando en el departamento y se desconoce a los transportadores que llevan muchos a\u00f1os en la regi\u00f3n. Se est\u00e1n trayendo veh\u00edculos de otras regiones como en Paz de Ariporo y Man\u00ed. Se hace llamado al alcalde para que nombre una persona que sea un enlace con las comunidades.<\/p>\n<p><iframe loading=\"lazy\" style=\"border: none; overflow: hidden;\" src=\"https:\/\/www.facebook.com\/plugins\/video.php?height=314&amp;href=https%3A%2F%2Fwww.facebook.com%2FMarthaCifuentesNoticiasyContenidos%2Fvideos%2F751075349348360%2F&amp;show_text=false&amp;width=560&amp;t=0\" width=\"560\" height=\"314\" frameborder=\"0\" scrolling=\"no\" allowfullscreen=\"allowfullscreen\"><\/iframe><\/p>\n<p><iframe loading=\"lazy\" style=\"border: none; overflow: hidden;\" src=\"https:\/\/www.facebook.com\/plugins\/video.php?height=314&amp;href=https%3A%2F%2Fwww.facebook.com%2FMarthaCifuentesNoticiasyContenidos%2Fvideos%2F458978629560709%2F&amp;show_text=false&amp;width=560&amp;t=0\" width=\"560\" height=\"314\" frameborder=\"0\" scrolling=\"no\" allowfullscreen=\"allowfullscreen\"><\/iframe><\/p>\n<p><iframe loading=\"lazy\" style=\"border: none; overflow: hidden;\" src=\"https:\/\/www.facebook.com\/plugins\/video.php?height=314&amp;href=https%3A%2F%2Fwww.facebook.com%2FMarthaCifuentesNoticiasyContenidos%2Fvideos%2F510785624157066%2F&amp;show_text=false&amp;width=560&amp;t=0\" width=\"560\" height=\"314\" frameborder=\"0\" scrolling=\"no\" allowfullscreen=\"allowfullscreen\"><\/iframe><\/p>\n<p><iframe loading=\"lazy\" style=\"border: none; overflow: hidden;\" src=\"https:\/\/www.facebook.com\/plugins\/video.php?height=314&amp;href=https%3A%2F%2Fwww.facebook.com%2FMarthaCifuentesNoticiasyContenidos%2Fvideos%2F758423598909636%2F&amp;show_text=false&amp;width=560&amp;t=0\" width=\"560\" height=\"314\" frameborder=\"0\" scrolling=\"no\" allowfullscreen=\"allowfullscreen\"><\/iframe><\/p>\n<p><img loading=\"lazy\" decoding=\"async\" class=\"alignnone wp-image-29562\" src=\"https:\/\/marthacifuentes.com\/portada\/wp-content\/uploads\/2022\/07\/CONFLICTO-EN-MANI-2-1.jpg\" alt=\"\" width=\"799\" height=\"376\" srcset=\"https:\/\/marthacifuentes.com\/portada\/wp-content\/uploads\/2022\/07\/CONFLICTO-EN-MANI-2-1.jpg 595w, https:\/\/marthacifuentes.com\/portada\/wp-content\/uploads\/2022\/07\/CONFLICTO-EN-MANI-2-1-300x141.jpg 300w\" sizes=\"auto, (max-width: 799px) 100vw, 799px\" \/><\/p>\n<h3><strong>Otras noticias\u2026<\/strong><\/h3>\n<blockquote class=\"wp-embedded-content\" data-secret=\"2ibDJgPjqV\"><p><a href=\"https:\/\/marthacifuentes.com\/portada\/2022\/07\/08\/en-alto-lindo-aguazul-se-abrio-la-tierra-y-comenzo-a-hundirse-advirtio-campesino-hace-un-mes-pero-solo-con-fuerte-deslizamiento-autoridades-actuan\/\">\u201cEn Alto Lindo, Aguazul se abri\u00f3 la tierra y comenz\u00f3 a hundirse\u201d advirti\u00f3 campesino hace un mes pero solo con fuerte deslizamiento, autoridades act\u00faan.<\/a><\/p><\/blockquote>\n<p><iframe loading=\"lazy\" class=\"wp-embedded-content\" sandbox=\"allow-scripts\" security=\"restricted\" style=\"position: absolute; clip: rect(1px, 1px, 1px, 1px);\" title=\"\u00ab\u201cEn Alto Lindo, Aguazul se abri\u00f3 la tierra y comenz\u00f3 a hundirse\u201d advirti\u00f3 campesino hace un mes pero solo con fuerte deslizamiento, autoridades act\u00faan.\u00bb \u2014 \u25b7 Noticias de Casanare : Martha Cifuentes | Casanare\" src=\"https:\/\/marthacifuentes.com\/portada\/2022\/07\/08\/en-alto-lindo-aguazul-se-abrio-la-tierra-y-comenzo-a-hundirse-advirtio-campesino-hace-un-mes-pero-solo-con-fuerte-deslizamiento-autoridades-actuan\/embed\/#?secret=jslLsjRppL#?secret=2ibDJgPjqV\" data-secret=\"2ibDJgPjqV\" width=\"500\" height=\"282\" frameborder=\"0\" marginwidth=\"0\" marginheight=\"0\" scrolling=\"no\"><\/iframe><\/p>\n<p><iframe loading=\"lazy\" class=\"wp-embedded-content\" title=\"\u00abiNNpulsa Colombia y Platzi otorgar\u00e1n 1.000 becas de\u00a0 ingl\u00e9s para emprendedores\u00bb \u2014 \u25b7 Noticias de Casanare : Martha Cifuentes | Casanare\" src=\"https:\/\/marthacifuentes.com\/portada\/2022\/07\/07\/innpulsa-colombia-y-platzi-otorgaran-1-000-becas-de-ingles-para-emprendedores\/embed\/#?secret=ltWR5O7SD6#?secret=CO5hKku7KZ\" width=\"600\" height=\"329\" frameborder=\"0\" marginwidth=\"0\" marginheight=\"0\" scrolling=\"no\" sandbox=\"allow-scripts\" data-secret=\"CO5hKku7KZ\" data-mce-fragment=\"1\"><\/iframe><\/p>\n<p><iframe loading=\"lazy\" class=\"wp-embedded-content\" title=\"\u00abSiguen capturas de paramilitares del Clan de Golfo en Casanare y Meta\u00bb \u2014 \u25b7 Noticias de Casanare : Martha Cifuentes | Casanare\" src=\"https:\/\/marthacifuentes.com\/portada\/2022\/07\/07\/siguen-capturas-de-paramilitares-del-clan-de-golfo-en-casanare-y-meta\/embed\/#?secret=kODh60pkxY#?secret=thkVJg42HP\" width=\"600\" height=\"621\" frameborder=\"0\" marginwidth=\"0\" marginheight=\"0\" scrolling=\"no\" sandbox=\"allow-scripts\" data-secret=\"thkVJg42HP\" data-mce-fragment=\"1\"><\/iframe><\/p>\n<p><iframe loading=\"lazy\" class=\"wp-embedded-content\" title=\"\u00abAunque se desbloque\u00f3 v\u00eda Paz de Ariporo \u2013 Monta\u00f1as del Totumo, conflicto contin\u00faa entre transportadores y contratista.\u00bb \u2014 \u25b7 Noticias de Casanare : Martha Cifuentes | Casanare\" src=\"https:\/\/marthacifuentes.com\/portada\/2022\/07\/07\/aunque-se-desbloqueo-via-paz-de-ariporo-montanas-del-totumo-conflicto-continua-entre-transportadores-y-contratista\/embed\/#?secret=OdWkokoDUt#?secret=xvACICs01w\" width=\"600\" height=\"650\" frameborder=\"0\" marginwidth=\"0\" marginheight=\"0\" scrolling=\"no\" sandbox=\"allow-scripts\" data-secret=\"xvACICs01w\" data-mce-fragment=\"1\"><\/iframe><\/p>\n<p><iframe loading=\"lazy\" class=\"wp-embedded-content\" title=\"\u00abA Inv\u00edas y contratista le qued\u00f3 grande rehabilitar v\u00eda Pajarito-Sogamoso. Se promete abrir en julio 31.\u00bb \u2014 \u25b7 Noticias de Casanare : Martha Cifuentes | Casanare\" src=\"https:\/\/marthacifuentes.com\/portada\/2022\/07\/07\/a-invias-y-contratista-le-quedo-grande-rehabilitar-via-pajarito-sogamoso-se-promete-abrir-en-julio-31\/embed\/#?secret=ecRacCnQFj#?secret=NNBBOObkWU\" width=\"600\" height=\"600\" frameborder=\"0\" marginwidth=\"0\" marginheight=\"0\" scrolling=\"no\" sandbox=\"allow-scripts\" data-secret=\"NNBBOObkWU\" data-mce-fragment=\"1\"><\/iframe><\/p>\n<p><iframe loading=\"lazy\" class=\"wp-embedded-content\" title=\"\u00abEn menos de una semana se han hallado dos muertos en zona rural de Yopal\u00bb \u2014 \u25b7 Noticias de Casanare : Martha Cifuentes | Casanare\" src=\"https:\/\/marthacifuentes.com\/portada\/2022\/07\/07\/en-menos-de-una-semana-se-han-hallado-dos-muertos-en-zona-rural-de-yopal\/embed\/#?secret=ij4OwjJEOu#?secret=xSbKxKASR2\" width=\"600\" height=\"621\" frameborder=\"0\" marginwidth=\"0\" marginheight=\"0\" scrolling=\"no\" sandbox=\"allow-scripts\" data-secret=\"xSbKxKASR2\" data-mce-fragment=\"1\"><\/iframe><\/p>\n<p><iframe loading=\"lazy\" class=\"wp-embedded-content\" title=\"\u00abRecuperaci\u00f3n de v\u00eda del Cusiana, sector La Granja, a paso de tortuga. Solo se ha hecho 10 de 168 micropilotes, es decir, menos del 6%.\u00bb \u2014 \u25b7 Noticias de Casanare : Martha Cifuentes | Casanare\" src=\"https:\/\/marthacifuentes.com\/portada\/2022\/07\/06\/recuperacion-de-via-del-cusiana-sector-la-granja-a-paso-de-tortuga-solo-se-ha-hecho-10-de-168-micropilotes-es-decir-menos-del-1\/embed\/#?secret=D2VMgeYjT3#?secret=FzvBta4J1E\" width=\"600\" height=\"629\" frameborder=\"0\" marginwidth=\"0\" marginheight=\"0\" scrolling=\"no\" sandbox=\"allow-scripts\" data-secret=\"FzvBta4J1E\" data-mce-fragment=\"1\"><\/iframe><\/p>\n<p><iframe loading=\"lazy\" class=\"wp-embedded-content\" title=\"\u00abPAE de Yopal en 2023 iniciar\u00eda retrasado por cuenta de algunos concejales, reprocha.\u00bb \u2014 \u25b7 Noticias de Casanare : Martha Cifuentes | Casanare\" src=\"https:\/\/marthacifuentes.com\/portada\/2022\/07\/06\/pae-de-yopal-en-2023-iniciaria-retrasado-por-cuenta-de-algunos-concejales-reprocha\/embed\/#?secret=lUhbgoviBq#?secret=sOgU7m88VG\" width=\"600\" height=\"621\" frameborder=\"0\" marginwidth=\"0\" marginheight=\"0\" scrolling=\"no\" sandbox=\"allow-scripts\" data-secret=\"sOgU7m88VG\" data-mce-fragment=\"1\"><\/iframe><\/p>\n<p><iframe loading=\"lazy\" class=\"wp-embedded-content\" title=\"\u00abAlcaldesa de Paz de Ariporo enredada por la Procuradur\u00eda por nombramiento de secretaria de salud sin experiencia\u00bb \u2014 \u25b7 Noticias de Casanare : Martha Cifuentes | Casanare\" src=\"https:\/\/marthacifuentes.com\/portada\/2022\/07\/06\/alcaldesa-de-paz-de-ariporo-enredada-por-la-procuraduria-por-nombramiento-de-secretaria-de-salud-sin-experiencia\/embed\/#?secret=RfevM3HqJr#?secret=dOQpcMGUqt\" width=\"600\" height=\"650\" frameborder=\"0\" marginwidth=\"0\" marginheight=\"0\" scrolling=\"no\" sandbox=\"allow-scripts\" data-secret=\"dOQpcMGUqt\" data-mce-fragment=\"1\"><\/iframe><\/p>\n<p><iframe loading=\"lazy\" class=\"wp-embedded-content\" title=\"\u00abEste 8 de julio Yopal celebra 80 a\u00f1os, con restricciones de gas natural. Ecopetrol program\u00f3 mantenimiento en CPF Flore\u00f1a para ese d\u00eda.\u00bb \u2014 \u25b7 Noticias de Casanare : Martha Cifuentes | Casanare\" src=\"https:\/\/marthacifuentes.com\/portada\/2022\/07\/06\/este-8-de-julio-yopal-celebra-80-anos-con-restricciones-de-gas-natural-ecopetrol-programo-mantenimiento-en-cpf-florena-para-ese-dia\/embed\/#?secret=DoxvJjR7kb#?secret=bc6zJanJWM\" width=\"600\" height=\"629\" frameborder=\"0\" marginwidth=\"0\" marginheight=\"0\" scrolling=\"no\" sandbox=\"allow-scripts\" data-secret=\"bc6zJanJWM\" data-mce-fragment=\"1\"><\/iframe><\/p>\n<p><iframe loading=\"lazy\" class=\"wp-embedded-content\" title=\"\u00abM\u00e1s mujeres en ministerios del gobierno de Gustavo Petro\u00bb \u2014 \u25b7 Noticias de Casanare : Martha Cifuentes | Casanare\" src=\"https:\/\/marthacifuentes.com\/portada\/2022\/07\/05\/mas-mujeres-en-ministerios-del-gobierno-de-gustavo-petro\/embed\/#?secret=12gcIxSFSL#?secret=hE22NmwOgJ\" width=\"600\" height=\"588\" frameborder=\"0\" marginwidth=\"0\" marginheight=\"0\" scrolling=\"no\" sandbox=\"allow-scripts\" data-secret=\"hE22NmwOgJ\" data-mce-fragment=\"1\"><\/iframe><\/p>\n<p><iframe loading=\"lazy\" class=\"wp-embedded-content\" title=\"\u00abExmagistrado del Tribunal N\u00e9stor Trujillo colg\u00f3 la toga y solt\u00f3 la lengua\u00bb \u2014 \u25b7 Noticias de Casanare : Martha Cifuentes | Casanare\" src=\"https:\/\/marthacifuentes.com\/portada\/2022\/07\/05\/exmagistrado-del-tribunal-nestor-trujillo-colgo-la-toga-y-solto-la-lengua\/embed\/#?secret=2xIwPXd6Yq#?secret=tGm9LhilF3\" width=\"600\" height=\"615\" frameborder=\"0\" marginwidth=\"0\" marginheight=\"0\" scrolling=\"no\" sandbox=\"allow-scripts\" data-secret=\"tGm9LhilF3\" data-mce-fragment=\"1\"><\/iframe><\/p>\n<p><iframe loading=\"lazy\" class=\"wp-embedded-content\" title=\"\u00abAlcald\u00eda de Yopal ahora dice que Planta de Tratamiento es una soluci\u00f3n temporal y no distribuye el agua necesaria y contratada.\u00bb \u2014 \u25b7 Noticias de Casanare : Martha Cifuentes | Casanare\" src=\"https:\/\/marthacifuentes.com\/portada\/2022\/06\/28\/alcaldia-de-yopal-ahora-dice-que-planta-de-tratamiento-es-una-solucion-temporal-y-no-distribuye-el-agua-necesaria-y-contratada\/embed\/#?secret=pxaWuFWnKb#?secret=xJSqhHX4IN\" width=\"600\" height=\"628\" frameborder=\"0\" marginwidth=\"0\" marginheight=\"0\" scrolling=\"no\" sandbox=\"allow-scripts\" data-secret=\"xJSqhHX4IN\" data-mce-fragment=\"1\"><\/iframe><\/p>\n<p><iframe loading=\"lazy\" class=\"wp-embedded-content\" title=\"\u00abSe cumplieron 60 d\u00edas de cierre de la v\u00eda del Cusiana en el sector La Granja y no hay asomo de reapertura.\u00bb \u2014 \u25b7 Noticias de Casanare : Martha Cifuentes | Casanare\" src=\"https:\/\/marthacifuentes.com\/portada\/2022\/06\/28\/se-cumplieron-60-dias-de-cierre-de-la-via-del-cusiana-en-el-sector-la-granja-y-no-hay-asomo-de-reapertura\/embed\/#?secret=pi3xNFVEWa#?secret=XH1IgOWs8k\" width=\"600\" height=\"600\" frameborder=\"0\" marginwidth=\"0\" marginheight=\"0\" scrolling=\"no\" sandbox=\"allow-scripts\" data-secret=\"XH1IgOWs8k\" data-mce-fragment=\"1\"><\/iframe><\/p>\n<p><iframe loading=\"lazy\" class=\"wp-embedded-content\" title=\"\u00abVuelve y juega, Gobernaci\u00f3n nombrar\u00eda director de Gesti\u00f3n del Riesgo de Casanare, sin experiencia\u00bb \u2014 \u25b7 Noticias de Casanare : Martha Cifuentes | Casanare\" src=\"https:\/\/marthacifuentes.com\/portada\/2022\/06\/28\/vuelve-y-juega-gobernacion-nombraria-director-de-gestion-del-riesgo-de-casanare-sin-experiencia\/embed\/#?secret=JAVPUAWrhj#?secret=uQBNKxAYEn\" width=\"600\" height=\"621\" frameborder=\"0\" marginwidth=\"0\" marginheight=\"0\" scrolling=\"no\" sandbox=\"allow-scripts\" data-secret=\"uQBNKxAYEn\" data-mce-fragment=\"1\"><\/iframe><\/p>\n<p><iframe loading=\"lazy\" class=\"wp-embedded-content\" title=\"\u00abAntiguo cementerio de Yopal ya puede ser intervenido\u00bb \u2014 \u25b7 Noticias de Casanare : Martha Cifuentes | Casanare\" src=\"https:\/\/marthacifuentes.com\/portada\/2022\/06\/24\/antiguo-cementerio-de-yopal-ya-puede-ser-intervenido\/embed\/#?secret=j4eM8jPtxd#?secret=5wvhZDApQW\" width=\"600\" height=\"593\" frameborder=\"0\" marginwidth=\"0\" marginheight=\"0\" scrolling=\"no\" sandbox=\"allow-scripts\" data-secret=\"5wvhZDApQW\" data-mce-fragment=\"1\"><\/iframe><\/p>\n<p><iframe loading=\"lazy\" class=\"wp-embedded-content\" title=\"\u00abEn rendici\u00f3n de cuentas de 2021, Capresoca mostr\u00f3 resultados alentadores.\u00bb \u2014 \u25b7 Noticias de Casanare : Martha Cifuentes | Casanare\" src=\"https:\/\/marthacifuentes.com\/portada\/2022\/06\/24\/en-rendicion-de-cuentas-de-2021-capresoca-mostro-resultados-alentadores\/embed\/#?secret=zESx5kB5lE#?secret=cndAfco677\" width=\"600\" height=\"621\" frameborder=\"0\" marginwidth=\"0\" marginheight=\"0\" scrolling=\"no\" sandbox=\"allow-scripts\" data-secret=\"cndAfco677\" data-mce-fragment=\"1\"><\/iframe><\/p>\n<p><iframe loading=\"lazy\" class=\"wp-embedded-content\" title=\"\u00abPredios totales de Morichal, Yopal, ya fueron caracterizados para actualizaci\u00f3n de estratificaci\u00f3n\u00bb \u2014 \u25b7 Noticias de Casanare : Martha Cifuentes | Casanare\" src=\"https:\/\/marthacifuentes.com\/portada\/2022\/06\/24\/predios-totales-de-morichal-yopal-ya-fueron-caracterizados-para-actualizacion-de-estratificacion\/embed\/#?secret=DUoFFTkVlL#?secret=Q0H8MuV7Il\" width=\"600\" height=\"621\" frameborder=\"0\" marginwidth=\"0\" marginheight=\"0\" scrolling=\"no\" sandbox=\"allow-scripts\" data-secret=\"Q0H8MuV7Il\" data-mce-fragment=\"1\"><\/iframe><\/p>\n<p><iframe loading=\"lazy\" class=\"wp-embedded-content\" title=\"\u00abSe desplom\u00f3 revocatoria del mandato de alcaldesa de Aguazul. No alcanzaron las firmas.\u00bb \u2014 \u25b7 Noticias de Casanare : Martha Cifuentes | Casanare\" src=\"https:\/\/marthacifuentes.com\/portada\/2022\/06\/24\/se-desplomo-revocatoria-del-mandato-de-alcaldesa-de-aguazul-no-alcanzaron-las-firmas\/embed\/#?secret=uI8PcOSOCf#?secret=fHv726lD8s\" width=\"600\" height=\"600\" frameborder=\"0\" marginwidth=\"0\" marginheight=\"0\" scrolling=\"no\" sandbox=\"allow-scripts\" data-secret=\"fHv726lD8s\" data-mce-fragment=\"1\"><\/iframe><\/p>\n<p><iframe loading=\"lazy\" class=\"wp-embedded-content\" title=\"\u00abA la c\u00e1rcel dos raponeros reincidentes de celulares en Aguazul\u00bb \u2014 \u25b7 Noticias de Casanare : Martha Cifuentes | Casanare\" src=\"https:\/\/marthacifuentes.com\/portada\/2022\/06\/22\/a-la-carcel-dos-raponeros-reincidentes-de-celulares-en-aguazul\/embed\/#?secret=KWAZ84vVAW#?secret=tXZPmJr6qb\" width=\"600\" height=\"621\" frameborder=\"0\" marginwidth=\"0\" marginheight=\"0\" scrolling=\"no\" sandbox=\"allow-scripts\" data-secret=\"tXZPmJr6qb\" data-mce-fragment=\"1\"><\/iframe><\/p>\n<p><iframe loading=\"lazy\" class=\"wp-embedded-content\" title=\"\u00abUn padre y un padrastro van a la c\u00e1rcel por abusar sexualmente de sus hijas, en hechos independientes\u00bb \u2014 \u25b7 Noticias de Casanare : Martha Cifuentes | Casanare\" src=\"https:\/\/marthacifuentes.com\/portada\/2022\/06\/22\/un-padre-y-un-padrastro-van-a-la-carcel-por-abusar-sexualmente-de-sus-hijas-en-hechos-independientes\/embed\/#?secret=Ne6G9GUhfZ#?secret=k6JCozGiWS\" width=\"600\" height=\"589\" frameborder=\"0\" marginwidth=\"0\" marginheight=\"0\" scrolling=\"no\" sandbox=\"allow-scripts\" data-secret=\"k6JCozGiWS\" data-mce-fragment=\"1\"><\/iframe><\/p>\n<p><iframe loading=\"lazy\" class=\"wp-embedded-content\" title=\"\u00abCon el voto de los j\u00f3venes se disminuy\u00f3 abstenci\u00f3n en elecciones presidenciales\u00bb \u2014 \u25b7 Noticias de Casanare : Martha Cifuentes | Casanare\" src=\"https:\/\/marthacifuentes.com\/portada\/2022\/06\/22\/con-el-voto-de-los-jovenes-se-disminuyo-abstencion-en-elecciones-presidenciales\/embed\/#?secret=3SxfKrwbzY#?secret=wPJWx7ulxS\" width=\"600\" height=\"600\" frameborder=\"0\" marginwidth=\"0\" marginheight=\"0\" scrolling=\"no\" sandbox=\"allow-scripts\" data-secret=\"wPJWx7ulxS\" data-mce-fragment=\"1\"><\/iframe><\/p>\n<p><iframe loading=\"lazy\" class=\"wp-embedded-content\" title=\"\u00abContralor\u00eda sancion\u00f3 con $158 millones al exalcalde de Tauramena, Alexander Contreras, por sobrecostos en el PAE de la I.E. del Llano\u00bb \u2014 \u25b7 Noticias de Casanare : Martha Cifuentes | Casanare\" src=\"https:\/\/marthacifuentes.com\/portada\/2022\/06\/22\/contraloria-sanciono-con-158-millones-al-exalcalde-de-tauramena-alexander-contreras-por-sobrecostos-en-el-pae-de-la-i-e-del-llano\/embed\/#?secret=yjXZVl3tPa#?secret=65Npl21qql\" width=\"600\" height=\"358\" frameborder=\"0\" marginwidth=\"0\" marginheight=\"0\" scrolling=\"no\" sandbox=\"allow-scripts\" data-secret=\"65Npl21qql\" data-mce-fragment=\"1\"><\/iframe><\/p>\n<p><iframe loading=\"lazy\" class=\"wp-embedded-content\" title=\"\u00abTras 13 a\u00f1os de poco avance en variante de Yopal, juzgado abri\u00f3 incidente de desacato contra Inv\u00edas, Mintransporte y ANI\u00bb \u2014 \u25b7 Noticias de Casanare : Martha Cifuentes | Casanare\" src=\"https:\/\/marthacifuentes.com\/portada\/2022\/06\/22\/tras-13-anos-de-poco-avance-en-variante-de-yopal-juzgado-abrio-incidente-de-desacato-contra-invias-mintransporte-y-ani\/embed\/#?secret=ubjq4bjmk4#?secret=XGa3E8scg7\" width=\"600\" height=\"626\" frameborder=\"0\" marginwidth=\"0\" marginheight=\"0\" scrolling=\"no\" sandbox=\"allow-scripts\" data-secret=\"XGa3E8scg7\" data-mce-fragment=\"1\"><\/iframe><\/p>\n<p><iframe loading=\"lazy\" class=\"wp-embedded-content\" title=\"\u00abGustavo Petro promete gobierno de la esperanza, la paz y unidad nacional. Casanare le vot\u00f3 a Rodolfo Hern\u00e1ndez.\u00bb \u2014 \u25b7 Noticias de Casanare : Martha Cifuentes | Casanare\" src=\"https:\/\/marthacifuentes.com\/portada\/2022\/06\/21\/gustavo-petro-promete-gobierno-de-la-esperanza-la-paz-y-unidad-nacional-casanare-le-voto-a-rodolfo-hernandez\/embed\/#?secret=AaHpKdgxvt#?secret=IDKXFg2Atd\" width=\"600\" height=\"650\" frameborder=\"0\" marginwidth=\"0\" marginheight=\"0\" scrolling=\"no\" sandbox=\"allow-scripts\" data-secret=\"IDKXFg2Atd\" data-mce-fragment=\"1\"><\/iframe><\/p>\n<p><iframe loading=\"lazy\" class=\"wp-embedded-content\" title=\"\u00abCondenado Ej\u00e9rcito y Ministerio de Defensa por otro falso positivo en Sabanalarga, Casanare\u00bb \u2014 \u25b7 Noticias de Casanare : Martha Cifuentes | Casanare\" src=\"https:\/\/marthacifuentes.com\/portada\/2022\/06\/17\/condenado-ejercito-y-ministerio-de-defensa-por-otro-falso-positivo-en-sabanalarga-casanare\/embed\/#?secret=Yhwfyhipev#?secret=pJnSn65JiY\" width=\"600\" height=\"600\" frameborder=\"0\" marginwidth=\"0\" marginheight=\"0\" scrolling=\"no\" sandbox=\"allow-scripts\" data-secret=\"pJnSn65JiY\" data-mce-fragment=\"1\"><\/iframe><\/p>\n<p><iframe loading=\"lazy\" class=\"wp-embedded-content\" title=\"\u00abAdivina, adivinador\u2026 \u00bfQui\u00e9n es el personaje?\u00bb \u2014 \u25b7 Noticias de Casanare : Martha Cifuentes | Casanare\" src=\"https:\/\/marthacifuentes.com\/portada\/2022\/06\/17\/adivina-adivinador-quien-es-el-personaje\/embed\/#?secret=itfEm0JGkK#?secret=WBJN8jITsc\" width=\"600\" height=\"572\" frameborder=\"0\" marginwidth=\"0\" marginheight=\"0\" scrolling=\"no\" sandbox=\"allow-scripts\" data-secret=\"WBJN8jITsc\" data-mce-fragment=\"1\"><\/iframe><\/p>\n<p><iframe loading=\"lazy\" class=\"wp-embedded-content\" title=\"\u00abIPS Gyomedical en Casanare sancionada con 525 millones de pesos por fallas en los servicios\u00bb \u2014 \u25b7 Noticias de Casanare : Martha Cifuentes | Casanare\" src=\"https:\/\/marthacifuentes.com\/portada\/2022\/06\/17\/ips-gyomedical-en-casanare-sancionada-con-525-millones-de-pesos-por-fallas-en-los-servicios\/embed\/#?secret=Swt7OVNOoY#?secret=XHmBPqHFbI\" width=\"600\" height=\"612\" frameborder=\"0\" marginwidth=\"0\" marginheight=\"0\" scrolling=\"no\" sandbox=\"allow-scripts\" data-secret=\"XHmBPqHFbI\" data-mce-fragment=\"1\"><\/iframe><\/p>\n<p><iframe loading=\"lazy\" class=\"wp-embedded-content\" title=\"\u00abPor irregularidades en la expedici\u00f3n de varios planes parciales de ordenamiento territorial en Yopal le formulan pliego de cargos a exalcalde Jorge Garc\u00eda\u00bb \u2014 \u25b7 Noticias de Casanare : Martha Cifuentes | Casanare\" src=\"https:\/\/marthacifuentes.com\/portada\/2022\/06\/17\/por-irregularidades-en-la-expedicion-de-varios-planes-parciales-de-ordenamiento-territorial-en-yopal-le-formulan-pliego-de-cargos-a-exalcalde-jorge-garcia\/embed\/#?secret=ayXfO7oZZL#?secret=NJ8l4PiC6u\" width=\"600\" height=\"650\" frameborder=\"0\" marginwidth=\"0\" marginheight=\"0\" scrolling=\"no\" sandbox=\"allow-scripts\" data-secret=\"NJ8l4PiC6u\" data-mce-fragment=\"1\"><\/iframe><\/p>\n<p><iframe loading=\"lazy\" class=\"wp-embedded-content\" title=\"\u00abRodolfo Hern\u00e1ndez tendr\u00e1 que participar en debate con Gustavo Petro. As\u00ed lo orden\u00f3 Tribunal de Bogot\u00e1\u00bb \u2014 \u25b7 Noticias de Casanare : Martha Cifuentes | Casanare\" src=\"https:\/\/marthacifuentes.com\/portada\/2022\/06\/15\/rodolfo-hernandez-tendra-que-participar-en-debate-con-gustavo-petro-asi-lo-ordeno-tribunal-de-bogota\/embed\/#?secret=Q2HNx3JfOE#?secret=SHOTzzJq0I\" width=\"600\" height=\"621\" frameborder=\"0\" marginwidth=\"0\" marginheight=\"0\" scrolling=\"no\" sandbox=\"allow-scripts\" data-secret=\"SHOTzzJq0I\" data-mce-fragment=\"1\"><\/iframe><\/p>\n<p><iframe loading=\"lazy\" class=\"wp-embedded-content\" title=\"\u00ab\u00abCasanare debe ser una gran despensa agroalimentaria y tur\u00edstica\u00bb: Gustavo Petro de visita en Yopal\u00bb \u2014 \u25b7 Noticias de Casanare : Martha Cifuentes | Casanare\" src=\"https:\/\/marthacifuentes.com\/portada\/2022\/06\/14\/casanare-debe-ser-una-gran-despensa-agroalimentaria-y-turistica-gustavo-petro-de-visita-en-yopal\/embed\/#?secret=rDrPdMkVHu#?secret=DkGQyMTplT\" width=\"600\" height=\"615\" frameborder=\"0\" marginwidth=\"0\" marginheight=\"0\" scrolling=\"no\" sandbox=\"allow-scripts\" data-secret=\"DkGQyMTplT\" data-mce-fragment=\"1\"><\/iframe><\/p>\n<p><iframe loading=\"lazy\" class=\"wp-embedded-content\" title=\"\u00abCasanare tomado por el Dengue. Es el departamento con m\u00e1s casos del pa\u00eds.\u00bb \u2014 \u25b7 Noticias de Casanare : Martha Cifuentes | Casanare\" src=\"https:\/\/marthacifuentes.com\/portada\/2022\/06\/09\/casanare-tomado-por-el-dengue-es-el-departamento-con-mas-casos-del-pais\/embed\/#?secret=RRXZUIC5of#?secret=NEq3aETCz9\" width=\"600\" height=\"600\" frameborder=\"0\" marginwidth=\"0\" marginheight=\"0\" scrolling=\"no\" sandbox=\"allow-scripts\" data-secret=\"NEq3aETCz9\" data-mce-fragment=\"1\"><\/iframe><\/p>\n<p><iframe loading=\"lazy\" class=\"wp-embedded-content\" title=\"\u00abO Marcaszalud mejora entrega de medicamentos o se acaba el contrato: Capresoca\u00bb \u2014 \u25b7 Noticias de Casanare : Martha Cifuentes | Casanare\" src=\"https:\/\/marthacifuentes.com\/portada\/2022\/06\/09\/o-marcaszalud-mejora-entrega-de-medicamentos-o-se-acaba-el-contrato-capresoca\/embed\/#?secret=1agErrZLTc#?secret=3ylRciqlQ1\" width=\"600\" height=\"308\" frameborder=\"0\" marginwidth=\"0\" marginheight=\"0\" scrolling=\"no\" sandbox=\"allow-scripts\" data-secret=\"3ylRciqlQ1\" data-mce-fragment=\"1\"><\/iframe><\/p>\n<p><iframe loading=\"lazy\" class=\"wp-embedded-content\" title=\"\u00abCuatro ni\u00f1os muertos por desnutrici\u00f3n y 122 enfermos por esta causa en Casanare, en 2022. Crisis econ\u00f3mica y carest\u00eda de alimentos, los motivos.\u00bb \u2014 \u25b7 Noticias de Casanare : Martha Cifuentes | Casanare\" src=\"https:\/\/marthacifuentes.com\/portada\/2022\/06\/09\/cuatro-ninos-muertos-por-desnutricion-y-122-enfermos-por-esta-causa-en-casanare-en-2022-crisis-economica-y-carestia-de-alimentos-los-motivos\/embed\/#?secret=YfdACoC6KX#?secret=wjtDjVPKaA\" width=\"600\" height=\"589\" frameborder=\"0\" marginwidth=\"0\" marginheight=\"0\" scrolling=\"no\" sandbox=\"allow-scripts\" data-secret=\"wjtDjVPKaA\" data-mce-fragment=\"1\"><\/iframe><\/p>\n<p><iframe loading=\"lazy\" class=\"wp-embedded-content\" title=\"\u00abNada nuevo en Consejo de Seguridad de Casanare por atentado a diputado York Cort\u00e9s.\u00bb \u2014 \u25b7 Noticias de Casanare : Martha Cifuentes | Casanare\" src=\"https:\/\/marthacifuentes.com\/portada\/2022\/06\/08\/nada-nuevo-en-consejo-de-seguridad-de-casanare-por-atentado-a-diputado-york-cortes\/embed\/#?secret=PN68VmOJaw#?secret=fBDKC0gWyG\" width=\"600\" height=\"600\" frameborder=\"0\" marginwidth=\"0\" marginheight=\"0\" scrolling=\"no\" sandbox=\"allow-scripts\" data-secret=\"fBDKC0gWyG\" data-mce-fragment=\"1\"><\/iframe>Alto Lindo, Aguazul<\/p>\n<p><iframe loading=\"lazy\" class=\"wp-embedded-content\" title=\"\u00abAlcalde de Yopal perdi\u00f3 las mayor\u00edas en el Concejo de Yopal\u00bb \u2014 \u25b7 Noticias de Casanare : Martha Cifuentes | Casanare\" src=\"https:\/\/marthacifuentes.com\/portada\/2022\/06\/08\/alcalde-de-yopal-perdio-las-mayorias-en-el-concejo-de-yopal\/embed\/#?secret=6EnzDBdijQ#?secret=0O1ITs2Fvs\" width=\"600\" height=\"539\" frameborder=\"0\" marginwidth=\"0\" marginheight=\"0\" scrolling=\"no\" sandbox=\"allow-scripts\" data-secret=\"0O1ITs2Fvs\" data-mce-fragment=\"1\"><\/iframe><\/p>\n<p><iframe loading=\"lazy\" class=\"wp-embedded-content\" title=\"\u00abAprobado proyecto de pasivos ambientales en comisi\u00f3n V de C\u00e1mara. Petroleras tienen gran deuda con Casanare, afirm\u00f3 parlamentario C\u00e9sar Ortiz.\u00bb \u2014 \u25b7 Noticias de Casanare : Martha Cifuentes | Casanare\" src=\"https:\/\/marthacifuentes.com\/portada\/2022\/06\/08\/aprobado-proyecto-de-pasivos-ambientales-en-comision-v-de-camara-petroleras-tienen-gran-deuda-con-casanare-afirmo-parlamentario-cesar-ortiz\/embed\/#?secret=GcWonG7KQn#?secret=aZcAELvKTi\" width=\"600\" height=\"650\" frameborder=\"0\" marginwidth=\"0\" marginheight=\"0\" scrolling=\"no\" sandbox=\"allow-scripts\" data-secret=\"aZcAELvKTi\" data-mce-fragment=\"1\"><\/iframe><\/p>\n<p><iframe loading=\"lazy\" class=\"wp-embedded-content\" title=\"\u00abCAI de la Campi\u00f1a deber\u00eda servir para poner venta de chorizos porque no funciona\u00bb \u2014 \u25b7 Noticias de Casanare : Martha Cifuentes | Casanare\" src=\"https:\/\/marthacifuentes.com\/portada\/2022\/06\/08\/cai-de-la-campina-deberia-servir-para-poner-venta-de-chorizos-porque-no-funciona\/embed\/#?secret=T0nV6SeKSl#?secret=iBeba9z6Nc\" width=\"600\" height=\"600\" frameborder=\"0\" marginwidth=\"0\" marginheight=\"0\" scrolling=\"no\" sandbox=\"allow-scripts\" data-secret=\"iBeba9z6Nc\" data-mce-fragment=\"1\"><\/iframe><\/p>\n<p><iframe loading=\"lazy\" class=\"wp-embedded-content\" title=\"\u00abPeligroso homicida del Clan del Golfo fue capturado en Villanueva\u00bb \u2014 \u25b7 Noticias de Casanare : Martha Cifuentes | Casanare\" src=\"https:\/\/marthacifuentes.com\/portada\/2022\/06\/08\/peligroso-homicida-del-clan-del-golfo-fue-capturado-en-villanueva\/embed\/#?secret=LPcCh1Hpws#?secret=aPAqOWCJYc\" width=\"600\" height=\"621\" frameborder=\"0\" marginwidth=\"0\" marginheight=\"0\" scrolling=\"no\" sandbox=\"allow-scripts\" data-secret=\"aPAqOWCJYc\" data-mce-fragment=\"1\"><\/iframe><\/p>\n","protected":false},"excerpt":{"rendered":"<p>Transportadores y trabajadores profesionales y t\u00e9cnicos de Man\u00ed, Casanare, reclaman a operadoras petroleras y contratistas de obras civiles, ser tenidos en cuenta en la contrataci\u00f3n de fletes y contrataci\u00f3n de mano de obra calificada en la realizaci\u00f3n de sus proyectos. Denuncian ser marginados por la industria y firmas de ingenier\u00eda. Oscar Garz\u00f3n, vocero del gremio &hellip;<\/p>\n","protected":false},"author":2,"featured_media":29564,"comment_status":"open","ping_status":"open","sticky":false,"template":"","format":"standard","meta":{"om_disable_all_campaigns":false,"_exactmetrics_skip_tracking":false,"_exactmetrics_sitenote_active":false,"_exactmetrics_sitenote_note":"","_exactmetrics_sitenote_category":0,"_monsterinsights_skip_tracking":false,"_monsterinsights_sitenote_active":false,"_monsterinsights_sitenote_note":"","_monsterinsights_sitenote_category":0,"_uf_show_specific_survey":0,"_uf_disable_surveys":false,"_joinchat":[],"footnotes":""},"categories":[147,146,145],"tags":[8035,8038,8036,1373,8033,8037,8034],"class_list":["post-29533","post","type-post","status-publish","format-standard","has-post-thumbnail","hentry","category-actualidad","category-noticias","category-reportajes","tag-ariel-higuera","tag-arnulfo-garcia","tag-baltazar-hernandez-de-mani","tag-casanare-noticias","tag-manifestaciones-en-mani","tag-operadora-hocol","tag-oscar-garzon"],"yoast_head":"<!-- This site is optimized with the Yoast SEO plugin v26.1 - https:\/\/yoast.com\/wordpress\/plugins\/seo\/ -->\n<title>\u201cPetroleras y contratistas nos tienen arrumados y desplazados\u201d: Transportadores y profesionales de Man\u00ed, Casanare - \u25b7 Noticias de Casanare : Martha Cifuentes | Casanare<\/title>\n<meta name=\"robots\" content=\"index, follow, max-snippet:-1, max-image-preview:large, max-video-preview:-1\" \/>\n<link rel=\"canonical\" href=\"https:\/\/marthacifuentes.com\/portada\/petroleras-y-contratistas-nos-tienen-arrumados-y-desplazados-transportadores-y-profesionales-de-mani-casanare\/\" \/>\n<meta property=\"og:locale\" content=\"es_ES\" \/>\n<meta property=\"og:type\" content=\"article\" \/>\n<meta property=\"og:title\" content=\"\u201cPetroleras y contratistas nos tienen arrumados y desplazados\u201d: Transportadores y profesionales de Man\u00ed, Casanare - \u25b7 Noticias de Casanare : Martha Cifuentes | Casanare\" \/>\n<meta property=\"og:description\" content=\"Transportadores y trabajadores profesionales y t\u00e9cnicos de Man\u00ed, Casanare, reclaman a operadoras petroleras y contratistas de obras civiles, ser tenidos en cuenta en la contrataci\u00f3n de fletes y contrataci\u00f3n de mano de obra calificada en la realizaci\u00f3n de sus proyectos. Denuncian ser marginados por la industria y firmas de ingenier\u00eda. Oscar Garz\u00f3n, vocero del gremio &hellip;\" \/>\n<meta property=\"og:url\" content=\"https:\/\/marthacifuentes.com\/portada\/petroleras-y-contratistas-nos-tienen-arrumados-y-desplazados-transportadores-y-profesionales-de-mani-casanare\/\" \/>\n<meta property=\"og:site_name\" content=\"\u25b7 Noticias de Casanare : Martha Cifuentes | Casanare\" \/>\n<meta property=\"article:published_time\" content=\"2022-07-08T15:44:00+00:00\" \/>\n<meta property=\"og:image\" content=\"https:\/\/marthacifuentes.com\/portada\/wp-content\/uploads\/2022\/07\/CONFLICTO-EN-MANI-1.jpg\" \/>\n\t<meta property=\"og:image:width\" content=\"2048\" \/>\n\t<meta property=\"og:image:height\" content=\"922\" \/>\n\t<meta property=\"og:image:type\" content=\"image\/jpeg\" \/>\n<meta name=\"author\" content=\"Martha Cifuentes\" \/>\n<meta name=\"twitter:card\" content=\"summary_large_image\" \/>\n<meta name=\"twitter:label1\" content=\"Escrito por\" \/>\n\t<meta name=\"twitter:data1\" content=\"Martha Cifuentes\" \/>\n\t<meta name=\"twitter:label2\" content=\"Tiempo de lectura\" \/>\n\t<meta name=\"twitter:data2\" content=\"3 minutos\" \/>\n<script type=\"application\/ld+json\" class=\"yoast-schema-graph\">{\"@context\":\"https:\/\/schema.org\",\"@graph\":[{\"@type\":\"WebPage\",\"@id\":\"https:\/\/marthacifuentes.com\/portada\/petroleras-y-contratistas-nos-tienen-arrumados-y-desplazados-transportadores-y-profesionales-de-mani-casanare\/\",\"url\":\"https:\/\/marthacifuentes.com\/portada\/petroleras-y-contratistas-nos-tienen-arrumados-y-desplazados-transportadores-y-profesionales-de-mani-casanare\/\",\"name\":\"\u201cPetroleras y contratistas nos tienen arrumados y desplazados\u201d: Transportadores y profesionales de Man\u00ed, Casanare - \u25b7 Noticias de Casanare : Martha Cifuentes | Casanare\",\"isPartOf\":{\"@id\":\"https:\/\/marthacifuentes.com\/portada\/#website\"},\"primaryImageOfPage\":{\"@id\":\"https:\/\/marthacifuentes.com\/portada\/petroleras-y-contratistas-nos-tienen-arrumados-y-desplazados-transportadores-y-profesionales-de-mani-casanare\/#primaryimage\"},\"image\":{\"@id\":\"https:\/\/marthacifuentes.com\/portada\/petroleras-y-contratistas-nos-tienen-arrumados-y-desplazados-transportadores-y-profesionales-de-mani-casanare\/#primaryimage\"},\"thumbnailUrl\":\"https:\/\/marthacifuentes.com\/portada\/wp-content\/uploads\/2022\/07\/CONFLICTO-EN-MANI-1.jpg\",\"datePublished\":\"2022-07-08T15:44:00+00:00\",\"author\":{\"@id\":\"https:\/\/marthacifuentes.com\/portada\/#\/schema\/person\/57f53174b991db5f90ff78d58502b714\"},\"breadcrumb\":{\"@id\":\"https:\/\/marthacifuentes.com\/portada\/petroleras-y-contratistas-nos-tienen-arrumados-y-desplazados-transportadores-y-profesionales-de-mani-casanare\/#breadcrumb\"},\"inLanguage\":\"es\",\"potentialAction\":[{\"@type\":\"ReadAction\",\"target\":[\"https:\/\/marthacifuentes.com\/portada\/petroleras-y-contratistas-nos-tienen-arrumados-y-desplazados-transportadores-y-profesionales-de-mani-casanare\/\"]}]},{\"@type\":\"ImageObject\",\"inLanguage\":\"es\",\"@id\":\"https:\/\/marthacifuentes.com\/portada\/petroleras-y-contratistas-nos-tienen-arrumados-y-desplazados-transportadores-y-profesionales-de-mani-casanare\/#primaryimage\",\"url\":\"https:\/\/marthacifuentes.com\/portada\/wp-content\/uploads\/2022\/07\/CONFLICTO-EN-MANI-1.jpg\",\"contentUrl\":\"https:\/\/marthacifuentes.com\/portada\/wp-content\/uploads\/2022\/07\/CONFLICTO-EN-MANI-1.jpg\",\"width\":2048,\"height\":922},{\"@type\":\"BreadcrumbList\",\"@id\":\"https:\/\/marthacifuentes.com\/portada\/petroleras-y-contratistas-nos-tienen-arrumados-y-desplazados-transportadores-y-profesionales-de-mani-casanare\/#breadcrumb\",\"itemListElement\":[{\"@type\":\"ListItem\",\"position\":1,\"name\":\"Portada\",\"item\":\"https:\/\/marthacifuentes.com\/portada\/\"},{\"@type\":\"ListItem\",\"position\":2,\"name\":\"\u201cPetroleras y contratistas nos tienen arrumados y desplazados\u201d: Transportadores y profesionales de Man\u00ed, Casanare\"}]},{\"@type\":\"WebSite\",\"@id\":\"https:\/\/marthacifuentes.com\/portada\/#website\",\"url\":\"https:\/\/marthacifuentes.com\/portada\/\",\"name\":\"\u25b7 Noticias de Casanare : Martha Cifuentes | Casanare\",\"description\":\"Noticias &amp; Contenidos\",\"potentialAction\":[{\"@type\":\"SearchAction\",\"target\":{\"@type\":\"EntryPoint\",\"urlTemplate\":\"https:\/\/marthacifuentes.com\/portada\/?s={search_term_string}\"},\"query-input\":{\"@type\":\"PropertyValueSpecification\",\"valueRequired\":true,\"valueName\":\"search_term_string\"}}],\"inLanguage\":\"es\"},{\"@type\":\"Person\",\"@id\":\"https:\/\/marthacifuentes.com\/portada\/#\/schema\/person\/57f53174b991db5f90ff78d58502b714\",\"name\":\"Martha Cifuentes\",\"image\":{\"@type\":\"ImageObject\",\"inLanguage\":\"es\",\"@id\":\"https:\/\/marthacifuentes.com\/portada\/#\/schema\/person\/image\/\",\"url\":\"http:\/\/marthacifuentes.com\/portada\/wp-content\/uploads\/2018\/06\/avatar_user_2_1528838701-96x96.jpg\",\"contentUrl\":\"http:\/\/marthacifuentes.com\/portada\/wp-content\/uploads\/2018\/06\/avatar_user_2_1528838701-96x96.jpg\",\"caption\":\"Martha Cifuentes\"},\"sameAs\":[\"http:\/\/www.marthacifuentes.com\"],\"url\":\"https:\/\/marthacifuentes.com\/portada\/author\/martha\/\"}]}<\/script>\n<!-- \/ Yoast SEO plugin. -->","yoast_head_json":{"title":"\u201cPetroleras y contratistas nos tienen arrumados y desplazados\u201d: Transportadores y profesionales de Man\u00ed, Casanare - \u25b7 Noticias de Casanare : Martha Cifuentes | Casanare","robots":{"index":"index","follow":"follow","max-snippet":"max-snippet:-1","max-image-preview":"max-image-preview:large","max-video-preview":"max-video-preview:-1"},"canonical":"https:\/\/marthacifuentes.com\/portada\/petroleras-y-contratistas-nos-tienen-arrumados-y-desplazados-transportadores-y-profesionales-de-mani-casanare\/","og_locale":"es_ES","og_type":"article","og_title":"\u201cPetroleras y contratistas nos tienen arrumados y desplazados\u201d: Transportadores y profesionales de Man\u00ed, Casanare - \u25b7 Noticias de Casanare : Martha Cifuentes | Casanare","og_description":"Transportadores y trabajadores profesionales y t\u00e9cnicos de Man\u00ed, Casanare, reclaman a operadoras petroleras y contratistas de obras civiles, ser tenidos en cuenta en la contrataci\u00f3n de fletes y contrataci\u00f3n de mano de obra calificada en la realizaci\u00f3n de sus proyectos. Denuncian ser marginados por la industria y firmas de ingenier\u00eda. Oscar Garz\u00f3n, vocero del gremio &hellip;","og_url":"https:\/\/marthacifuentes.com\/portada\/petroleras-y-contratistas-nos-tienen-arrumados-y-desplazados-transportadores-y-profesionales-de-mani-casanare\/","og_site_name":"\u25b7 Noticias de Casanare : Martha Cifuentes | Casanare","article_published_time":"2022-07-08T15:44:00+00:00","og_image":[{"width":2048,"height":922,"url":"https:\/\/marthacifuentes.com\/portada\/wp-content\/uploads\/2022\/07\/CONFLICTO-EN-MANI-1.jpg","type":"image\/jpeg"}],"author":"Martha Cifuentes","twitter_card":"summary_large_image","twitter_misc":{"Escrito por":"Martha Cifuentes","Tiempo de lectura":"3 minutos"},"schema":{"@context":"https:\/\/schema.org","@graph":[{"@type":"WebPage","@id":"https:\/\/marthacifuentes.com\/portada\/petroleras-y-contratistas-nos-tienen-arrumados-y-desplazados-transportadores-y-profesionales-de-mani-casanare\/","url":"https:\/\/marthacifuentes.com\/portada\/petroleras-y-contratistas-nos-tienen-arrumados-y-desplazados-transportadores-y-profesionales-de-mani-casanare\/","name":"\u201cPetroleras y contratistas nos tienen arrumados y desplazados\u201d: Transportadores y profesionales de Man\u00ed, Casanare - \u25b7 Noticias de Casanare : Martha Cifuentes | Casanare","isPartOf":{"@id":"https:\/\/marthacifuentes.com\/portada\/#website"},"primaryImageOfPage":{"@id":"https:\/\/marthacifuentes.com\/portada\/petroleras-y-contratistas-nos-tienen-arrumados-y-desplazados-transportadores-y-profesionales-de-mani-casanare\/#primaryimage"},"image":{"@id":"https:\/\/marthacifuentes.com\/portada\/petroleras-y-contratistas-nos-tienen-arrumados-y-desplazados-transportadores-y-profesionales-de-mani-casanare\/#primaryimage"},"thumbnailUrl":"https:\/\/marthacifuentes.com\/portada\/wp-content\/uploads\/2022\/07\/CONFLICTO-EN-MANI-1.jpg","datePublished":"2022-07-08T15:44:00+00:00","author":{"@id":"https:\/\/marthacifuentes.com\/portada\/#\/schema\/person\/57f53174b991db5f90ff78d58502b714"},"breadcrumb":{"@id":"https:\/\/marthacifuentes.com\/portada\/petroleras-y-contratistas-nos-tienen-arrumados-y-desplazados-transportadores-y-profesionales-de-mani-casanare\/#breadcrumb"},"inLanguage":"es","potentialAction":[{"@type":"ReadAction","target":["https:\/\/marthacifuentes.com\/portada\/petroleras-y-contratistas-nos-tienen-arrumados-y-desplazados-transportadores-y-profesionales-de-mani-casanare\/"]}]},{"@type":"ImageObject","inLanguage":"es","@id":"https:\/\/marthacifuentes.com\/portada\/petroleras-y-contratistas-nos-tienen-arrumados-y-desplazados-transportadores-y-profesionales-de-mani-casanare\/#primaryimage","url":"https:\/\/marthacifuentes.com\/portada\/wp-content\/uploads\/2022\/07\/CONFLICTO-EN-MANI-1.jpg","contentUrl":"https:\/\/marthacifuentes.com\/portada\/wp-content\/uploads\/2022\/07\/CONFLICTO-EN-MANI-1.jpg","width":2048,"height":922},{"@type":"BreadcrumbList","@id":"https:\/\/marthacifuentes.com\/portada\/petroleras-y-contratistas-nos-tienen-arrumados-y-desplazados-transportadores-y-profesionales-de-mani-casanare\/#breadcrumb","itemListElement":[{"@type":"ListItem","position":1,"name":"Portada","item":"https:\/\/marthacifuentes.com\/portada\/"},{"@type":"ListItem","position":2,"name":"\u201cPetroleras y contratistas nos tienen arrumados y desplazados\u201d: Transportadores y profesionales de Man\u00ed, Casanare"}]},{"@type":"WebSite","@id":"https:\/\/marthacifuentes.com\/portada\/#website","url":"https:\/\/marthacifuentes.com\/portada\/","name":"\u25b7 Noticias de Casanare : Martha Cifuentes | Casanare","description":"Noticias &amp; Contenidos","potentialAction":[{"@type":"SearchAction","target":{"@type":"EntryPoint","urlTemplate":"https:\/\/marthacifuentes.com\/portada\/?s={search_term_string}"},"query-input":{"@type":"PropertyValueSpecification","valueRequired":true,"valueName":"search_term_string"}}],"inLanguage":"es"},{"@type":"Person","@id":"https:\/\/marthacifuentes.com\/portada\/#\/schema\/person\/57f53174b991db5f90ff78d58502b714","name":"Martha Cifuentes","image":{"@type":"ImageObject","inLanguage":"es","@id":"https:\/\/marthacifuentes.com\/portada\/#\/schema\/person\/image\/","url":"http:\/\/marthacifuentes.com\/portada\/wp-content\/uploads\/2018\/06\/avatar_user_2_1528838701-96x96.jpg","contentUrl":"http:\/\/marthacifuentes.com\/portada\/wp-content\/uploads\/2018\/06\/avatar_user_2_1528838701-96x96.jpg","caption":"Martha Cifuentes"},"sameAs":["http:\/\/www.marthacifuentes.com"],"url":"https:\/\/marthacifuentes.com\/portada\/author\/martha\/"}]}},"_links":{"self":[{"href":"https:\/\/marthacifuentes.com\/portada\/wp-json\/wp\/v2\/posts\/29533","targetHints":{"allow":["GET"]}}],"collection":[{"href":"https:\/\/marthacifuentes.com\/portada\/wp-json\/wp\/v2\/posts"}],"about":[{"href":"https:\/\/marthacifuentes.com\/portada\/wp-json\/wp\/v2\/types\/post"}],"author":[{"embeddable":true,"href":"https:\/\/marthacifuentes.com\/portada\/wp-json\/wp\/v2\/users\/2"}],"replies":[{"embeddable":true,"href":"https:\/\/marthacifuentes.com\/portada\/wp-json\/wp\/v2\/comments?post=29533"}],"version-history":[{"count":1,"href":"https:\/\/marthacifuentes.com\/portada\/wp-json\/wp\/v2\/posts\/29533\/revisions"}],"predecessor-version":[{"id":29565,"href":"https:\/\/marthacifuentes.com\/portada\/wp-json\/wp\/v2\/posts\/29533\/revisions\/29565"}],"wp:featuredmedia":[{"embeddable":true,"href":"https:\/\/marthacifuentes.com\/portada\/wp-json\/wp\/v2\/media\/29564"}],"wp:attachment":[{"href":"https:\/\/marthacifuentes.com\/portada\/wp-json\/wp\/v2\/media?parent=29533"}],"wp:term":[{"taxonomy":"category","embeddable":true,"href":"https:\/\/marthacifuentes.com\/portada\/wp-json\/wp\/v2\/categories?post=29533"},{"taxonomy":"post_tag","embeddable":true,"href":"https:\/\/marthacifuentes.com\/portada\/wp-json\/wp\/v2\/tags?post=29533"}],"curies":[{"name":"wp","href":"https:\/\/api.w.org\/{rel}","templated":true}]}}