{"id":29636,"date":"2022-07-15T11:35:54","date_gmt":"2022-07-15T16:35:54","guid":{"rendered":"https:\/\/marthacifuentes.com\/portada\/?p=29636"},"modified":"2022-07-15T11:36:26","modified_gmt":"2022-07-15T16:36:26","slug":"por-negligentes-el-gobernador-de-casanare-y-gerente-de-acuatodos-sancionados-por-juzgado-de-yopal","status":"publish","type":"post","link":"https:\/\/marthacifuentes.com\/portada\/por-negligentes-el-gobernador-de-casanare-y-gerente-de-acuatodos-sancionados-por-juzgado-de-yopal\/","title":{"rendered":"Por negligentes, el gobernador de Casanare y gerente de Acuatodos sancionados por Juzgado de Yopal"},"content":{"rendered":"<p style=\"text-align: justify;\">El gobernador de Casanare Salom\u00f3n Andr\u00e9s Sanabria Chac\u00f3n y el gerente de Acuatodos, Oved Quiroga Fl\u00f3rez, fueron sancionados con 10 y 15 Salarios M\u00ednimos Legales Mensuales Vigentes, respectivamente, por el Juzgado Primero Administrativo de Casanare, por desacatar o incumplir a t\u00edtulo de culpa grave, sus obligaciones derivadas en la sentencia de 13 de mayo de 2008, en relaci\u00f3n al funcionamiento de la Planta de Tratamiento de Aguas de Monterrey.<\/p>\n<p style=\"text-align: justify;\">Se constat\u00f3 que a la fecha no se ha restablecido la operaci\u00f3n y encendido de la planta, la cual el contratista de la obra dej\u00f3 sola porque nadie quiso recibirla. Por tanto, las aguas residuales dom\u00e9sticas est\u00e1n siendo vertidas al ca\u00f1o Leche Miel sin ning\u00fan tratamiento por la inoperancia de la PTAR, gener\u00e1ndose gran contaminaci\u00f3n en el afluente h\u00eddrico.<\/p>\n<p style=\"text-align: justify;\">Igualmente se compuls\u00f3 copias a la Procuradur\u00eda y Contralor\u00eda General para que investiguen seg\u00fan sus competencias. Tambi\u00e9n se remiti\u00f3 el expediente al Tribunal Administrativo de Casanare para que haga parte de las controversias contractuales del proceso de recibo de la planta al consorcio ECOPTAR. Curiosamente Acuatodos y el consorcio pidieron suspender por 6 meses el tr\u00e1mite del proceso, aparentemente buscando dilatarlo.<\/p>\n<p style=\"text-align: justify;\">Estos funcionarios se han caracterizado por un desentendimiento injustificado en el cumplimiento de sus obligaciones derivadas de la sentencia y dem\u00e1s \u00f3rdenes impartidas dentro del tr\u00e1mite como las impartidas en la inspecci\u00f3n del 18 de febrero y auto del 26 de mayo de 2022, sin que se evidencie dolo en su actuar, sino un nivel alto de negligencia frente a este caso. Solo han presentado excusas y situaciones no ajustadas a la realidad.<\/p>\n<p style=\"text-align: justify;\">Se evidenci\u00f3 a todas luces la desatenci\u00f3n y falta de control por parte del Gobernador de Casanare sobre los cuantiosos recursos invertidos en la PTAR, los cuales sumaron al menos 21.400 millones de pesos para la construcci\u00f3n de la planta y la interventor\u00eda.<\/p>\n<p style=\"text-align: justify;\">La mala hora para el gobernador no cesa en temas judiciales administrativos. El mismo Juzgado Primero Administrativo de Yopal abri\u00f3 incidente de desacato contra \u00e9l y el alcalde de Trinidad Jes\u00fas Nolberto Monroy Moreno, por la falta de diligencia y desempe\u00f1o en el cumplimiento de las \u00f3rdenes de adelantar las gestiones ante las diferentes EPS, Nueva EPS, Medim\u00e1s, Medisalud y Capresoca, para solucionar la problem\u00e1tica de la comunidad de Bocas del Pauto, en relaci\u00f3n a que hay usuarios afiliados sin que se presten los respectivos servicios o haya cobertura en el Centro de Salud de Bocas del Pauto.<\/p>\n<p><img loading=\"lazy\" decoding=\"async\" class=\"alignnone size-full wp-image-29638\" src=\"https:\/\/marthacifuentes.com\/portada\/wp-content\/uploads\/2022\/07\/PTAR-MONTERREY-INTERNA.jpg\" alt=\"\" width=\"780\" height=\"470\" srcset=\"https:\/\/marthacifuentes.com\/portada\/wp-content\/uploads\/2022\/07\/PTAR-MONTERREY-INTERNA.jpg 780w, https:\/\/marthacifuentes.com\/portada\/wp-content\/uploads\/2022\/07\/PTAR-MONTERREY-INTERNA-300x181.jpg 300w, https:\/\/marthacifuentes.com\/portada\/wp-content\/uploads\/2022\/07\/PTAR-MONTERREY-INTERNA-768x463.jpg 768w\" sizes=\"auto, (max-width: 780px) 100vw, 780px\" \/> <a href=\"https:\/\/marthacifuentes.com\/portada\/wp-content\/uploads\/2022\/07\/FALLO-INCIDENDENTE-DE-DESACATO-PTAR-MONTERREY.pdf\">FALLO INCIDENDENTE DE DESACATO PTAR MONTERREY<\/a><\/p>\n<h2><strong>Otras Noticias<\/strong><\/h2>\n<blockquote class=\"wp-embedded-content\" data-secret=\"5LcOL4NimB\"><p><a href=\"https:\/\/marthacifuentes.com\/portada\/2022\/07\/14\/sena-yopal-funcionara-con-planta-solar-fotovoltaica\/\">SENA Yopal funcionar\u00e1 con planta solar fotovoltaica<\/a><\/p><\/blockquote>\n<p><iframe loading=\"lazy\" class=\"wp-embedded-content\" sandbox=\"allow-scripts\" security=\"restricted\" style=\"position: absolute; clip: rect(1px, 1px, 1px, 1px);\" title=\"\u00abSENA Yopal funcionar\u00e1 con planta solar fotovoltaica\u00bb \u2014 \u25b7 Noticias de Casanare : Martha Cifuentes | Casanare\" src=\"https:\/\/marthacifuentes.com\/portada\/2022\/07\/14\/sena-yopal-funcionara-con-planta-solar-fotovoltaica\/embed\/#?secret=KCflpt3vub#?secret=5LcOL4NimB\" data-secret=\"5LcOL4NimB\" width=\"500\" height=\"282\" frameborder=\"0\" marginwidth=\"0\" marginheight=\"0\" scrolling=\"no\"><\/iframe><\/p>\n<p><iframe loading=\"lazy\" class=\"wp-embedded-content\" title=\"\u00abSin pistas sobre responsables de hombre asesinado en zona rural de Man\u00ed, Casanare. Zona es \u00e1rea de influencia del Clan del Golfo.\u00bb \u2014 \u25b7 Noticias de Casanare : Martha Cifuentes | Casanare\" src=\"https:\/\/marthacifuentes.com\/portada\/2022\/07\/14\/sin-pistas-sobre-responsables-de-hombre-asesinado-en-zona-rural-de-mani-casanare-zona-es-area-de-influencia-del-clan-del-golfo\/embed\/#?secret=OlIM6bOz1N#?secret=uG2aKRoAVi\" width=\"600\" height=\"649\" frameborder=\"0\" marginwidth=\"0\" marginheight=\"0\" scrolling=\"no\" sandbox=\"allow-scripts\" data-secret=\"uG2aKRoAVi\" data-mce-fragment=\"1\"><\/iframe><\/p>\n<p><iframe loading=\"lazy\" class=\"wp-embedded-content\" title=\"\u00abMilitar casanare\u00f1o asesinado en combates con disidencias de las Farc en Corinto, Cauca.\u00bb \u2014 \u25b7 Noticias de Casanare : Martha Cifuentes | Casanare\" src=\"https:\/\/marthacifuentes.com\/portada\/2022\/07\/14\/militar-casanareno-asesinado-en-combates-con-disidencias-de-las-farc-en-corinto-cauca\/embed\/#?secret=n2YsPwZBYh#?secret=1jGsmyDv8W\" width=\"600\" height=\"621\" frameborder=\"0\" marginwidth=\"0\" marginheight=\"0\" scrolling=\"no\" sandbox=\"allow-scripts\" data-secret=\"1jGsmyDv8W\" data-mce-fragment=\"1\"><\/iframe><\/p>\n<p><iframe loading=\"lazy\" class=\"wp-embedded-content\" title=\"\u00abPolic\u00eda adscrito a comando de Casanare habr\u00eda asesinado (Feminicidio) a su pareja, una joven de Pore y luego se habr\u00eda suicidado.\u00bb \u2014 \u25b7 Noticias de Casanare : Martha Cifuentes | Casanare\" src=\"https:\/\/marthacifuentes.com\/portada\/2022\/07\/13\/policia-adscrito-a-comando-de-casanare-habria-asesinado-feminicidio-a-su-pareja-una-joven-de-pore-y-luego-se-habria-suicidado\/embed\/#?secret=ZOoF8XaW9A#?secret=pxDyKcOedF\" width=\"600\" height=\"628\" frameborder=\"0\" marginwidth=\"0\" marginheight=\"0\" scrolling=\"no\" sandbox=\"allow-scripts\" data-secret=\"pxDyKcOedF\" data-mce-fragment=\"1\"><\/iframe><\/p>\n<p><iframe loading=\"lazy\" class=\"wp-embedded-content\" title=\"\u00abCapturado en Yopal, Casanare, enlace del c\u00e1rtel de Sinaloa y el Eln. Lavaba dinero del narcotr\u00e1fico.\u00bb \u2014 \u25b7 Noticias de Casanare : Martha Cifuentes | Casanare\" src=\"https:\/\/marthacifuentes.com\/portada\/2022\/07\/12\/capturado-en-yopal-casanare-enlace-del-cartel-de-sinaloa-y-el-eln-lavaba-dinero-del-narcotrafico\/embed\/#?secret=8auzE9jPqb#?secret=Y1bl3tmkbB\" width=\"600\" height=\"621\" frameborder=\"0\" marginwidth=\"0\" marginheight=\"0\" scrolling=\"no\" sandbox=\"allow-scripts\" data-secret=\"Y1bl3tmkbB\" data-mce-fragment=\"1\"><\/iframe><\/p>\n<p><iframe loading=\"lazy\" class=\"wp-embedded-content\" title=\"\u00abMujer violada en sendero a la Virgen en Yopal. Depredador sexual capturado en flagrancia\u00bb \u2014 \u25b7 Noticias de Casanare : Martha Cifuentes | Casanare\" src=\"https:\/\/marthacifuentes.com\/portada\/2022\/07\/12\/mujer-violada-en-sendero-a-la-virgen-en-yopal-depredador-sexual-capturado-en-flagrancia\/embed\/#?secret=bZQyYgUyxY#?secret=BUuJf4j7ye\" width=\"600\" height=\"621\" frameborder=\"0\" marginwidth=\"0\" marginheight=\"0\" scrolling=\"no\" sandbox=\"allow-scripts\" data-secret=\"BUuJf4j7ye\" data-mce-fragment=\"1\"><\/iframe><\/p>\n<p><iframe loading=\"lazy\" class=\"wp-embedded-content\" title=\"\u00abCaos en Aguazul por invierno. Declarada la calamidad p\u00fablica. 30% del pueblo afectado\u00bb \u2014 \u25b7 Noticias de Casanare : Martha Cifuentes | Casanare\" src=\"https:\/\/marthacifuentes.com\/portada\/2022\/07\/12\/caos-en-aguazul-por-invierno-declarada-la-calamidad-publica-30-del-pueblo-afectado\/embed\/#?secret=2DU4KcWlbd#?secret=eTFLrVRBIX\" width=\"600\" height=\"621\" frameborder=\"0\" marginwidth=\"0\" marginheight=\"0\" scrolling=\"no\" sandbox=\"allow-scripts\" data-secret=\"eTFLrVRBIX\" data-mce-fragment=\"1\"><\/iframe><\/p>\n<p><iframe loading=\"lazy\" class=\"wp-embedded-content\" title=\"\u00abHombre asesin\u00f3 a su yerno en ri\u00f1a en Nunch\u00eda\u00bb \u2014 \u25b7 Noticias de Casanare : Martha Cifuentes | Casanare\" src=\"https:\/\/marthacifuentes.com\/portada\/2022\/07\/11\/hombre-asesino-a-su-yerno-en-rina-en-nunchia\/embed\/#?secret=8nMrrZdLP9#?secret=7Vf6cWywke\" width=\"600\" height=\"592\" frameborder=\"0\" marginwidth=\"0\" marginheight=\"0\" scrolling=\"no\" sandbox=\"allow-scripts\" data-secret=\"7Vf6cWywke\" data-mce-fragment=\"1\"><\/iframe><\/p>\n<p><iframe loading=\"lazy\" class=\"wp-embedded-content\" title=\"\u00abCapturado lugarteniente de alias \u201cAntonio Medina\u201d, de las disidencias de las Farc\u00bb \u2014 \u25b7 Noticias de Casanare : Martha Cifuentes | Casanare\" src=\"https:\/\/marthacifuentes.com\/portada\/2022\/07\/11\/capturado-lugarteniente-de-alias-antonio-medina-de-las-disidencias-de-las-farc\/embed\/#?secret=oYoxRIOb3x#?secret=XDds6CbG4U\" width=\"600\" height=\"620\" frameborder=\"0\" marginwidth=\"0\" marginheight=\"0\" scrolling=\"no\" sandbox=\"allow-scripts\" data-secret=\"XDds6CbG4U\" data-mce-fragment=\"1\"><\/iframe><\/p>\n<p><iframe loading=\"lazy\" class=\"wp-embedded-content\" title=\"\u00abAprobado proyecto de pasivos ambientales en comisi\u00f3n V de C\u00e1mara. Petroleras tienen gran deuda con Casanare, afirm\u00f3 parlamentario C\u00e9sar Ortiz.\u00bb \u2014 \u25b7 Noticias de Casanare : Martha Cifuentes | Casanare\" src=\"https:\/\/marthacifuentes.com\/portada\/2022\/06\/08\/aprobado-proyecto-de-pasivos-ambientales-en-comision-v-de-camara-petroleras-tienen-gran-deuda-con-casanare-afirmo-parlamentario-cesar-ortiz\/embed\/#?secret=us9OFGMjwr#?secret=8AcG5AU9dB\" width=\"600\" height=\"649\" frameborder=\"0\" marginwidth=\"0\" marginheight=\"0\" scrolling=\"no\" sandbox=\"allow-scripts\" data-secret=\"8AcG5AU9dB\" data-mce-fragment=\"1\"><\/iframe><\/p>\n<p><iframe loading=\"lazy\" class=\"wp-embedded-content\" title=\"\u00ab\u201cLa situaci\u00f3n de Alto Lindo en Aguazul no es un simple derrumbe, implica familias que han perdido sus terrenos y viviendas\u201d\u00bb \u2014 \u25b7 Noticias de Casanare : Martha Cifuentes | Casanare\" src=\"https:\/\/marthacifuentes.com\/portada\/2022\/07\/11\/la-situacion-de-alto-lindo-en-aguazul-no-es-un-simple-derrumbe-implica-familias-que-han-perdido-sus-terrenos-y-viviendas\/embed\/#?secret=PNe2vYcxII#?secret=FpZTzJ1Ev8\" width=\"600\" height=\"619\" frameborder=\"0\" marginwidth=\"0\" marginheight=\"0\" scrolling=\"no\" sandbox=\"allow-scripts\" data-secret=\"FpZTzJ1Ev8\" data-mce-fragment=\"1\"><\/iframe><\/p>\n<p><iframe loading=\"lazy\" class=\"wp-embedded-content\" title=\"\u00abJovencito de 16 a\u00f1os de Nunch\u00eda se habr\u00eda suicidado.\u00bb \u2014 \u25b7 Noticias de Casanare : Martha Cifuentes | Casanare\" src=\"https:\/\/marthacifuentes.com\/portada\/2022\/07\/11\/jovencito-de-16-anos-de-nunchia-se-habria-suicidado\/embed\/#?secret=9Iuz8XWjEp#?secret=iTAiHR2ja6\" width=\"600\" height=\"592\" frameborder=\"0\" marginwidth=\"0\" marginheight=\"0\" scrolling=\"no\" sandbox=\"allow-scripts\" data-secret=\"iTAiHR2ja6\" data-mce-fragment=\"1\"><\/iframe><\/p>\n<p><iframe loading=\"lazy\" class=\"wp-embedded-content\" title=\"\u00abEn Yopal, pr\u00e9stamos se cobrar\u00edan con hombres armados.\u00bb \u2014 \u25b7 Noticias de Casanare : Martha Cifuentes | Casanare\" src=\"https:\/\/marthacifuentes.com\/portada\/2022\/07\/11\/en-yopal-prestamos-se-cobrarian-con-hombres-armados\/embed\/#?secret=dCKfs3hedP#?secret=yQ9NjoQUjv\" width=\"600\" height=\"602\" frameborder=\"0\" marginwidth=\"0\" marginheight=\"0\" scrolling=\"no\" sandbox=\"allow-scripts\" data-secret=\"yQ9NjoQUjv\" data-mce-fragment=\"1\"><\/iframe><\/p>\n<p><iframe loading=\"lazy\" class=\"wp-embedded-content\" title=\"\u00abLos ni\u00f1os juegan en medio de la basura en La Vega\u00bb \u2014 \u25b7 Noticias de Casanare : Martha Cifuentes | Casanare\" src=\"https:\/\/marthacifuentes.com\/portada\/2022\/07\/08\/los-ninos-juegan-en-medio-de-la-basura-en-la-vega\/embed\/#?secret=031mqAHfST#?secret=kqkon7X4u2\" width=\"600\" height=\"571\" frameborder=\"0\" marginwidth=\"0\" marginheight=\"0\" scrolling=\"no\" sandbox=\"allow-scripts\" data-secret=\"kqkon7X4u2\" data-mce-fragment=\"1\"><\/iframe><\/p>\n<p><iframe loading=\"lazy\" class=\"wp-embedded-content\" title=\"\u00ab\u201cPetroleras y contratistas nos tienen arrumados y desplazados\u201d: Transportadores y profesionales de Man\u00ed, Casanare\u00bb \u2014 \u25b7 Noticias de Casanare : Martha Cifuentes | Casanare\" src=\"https:\/\/marthacifuentes.com\/portada\/2022\/07\/08\/petroleras-y-contratistas-nos-tienen-arrumados-y-desplazados-transportadores-y-profesionales-de-mani-casanare\/embed\/#?secret=WYyAUsz8f1#?secret=BS9Af3c7mx\" width=\"600\" height=\"587\" frameborder=\"0\" marginwidth=\"0\" marginheight=\"0\" scrolling=\"no\" sandbox=\"allow-scripts\" data-secret=\"BS9Af3c7mx\" data-mce-fragment=\"1\"><\/iframe><\/p>\n<p><iframe loading=\"lazy\" class=\"wp-embedded-content\" title=\"\u00ab\u201cEn Alto Lindo, Aguazul se abri\u00f3 la tierra y comenz\u00f3 a hundirse\u201d advirti\u00f3 campesino hace un mes pero solo con fuerte deslizamiento, autoridades act\u00faan.\u00bb \u2014 \u25b7 Noticias de Casanare : Martha Cifuentes | Casanare\" src=\"https:\/\/marthacifuentes.com\/portada\/2022\/07\/08\/en-alto-lindo-aguazul-se-abrio-la-tierra-y-comenzo-a-hundirse-advirtio-campesino-hace-un-mes-pero-solo-con-fuerte-deslizamiento-autoridades-actuan\/embed\/#?secret=s9C8zbmSnh#?secret=PXasXg9IP5\" width=\"600\" height=\"628\" frameborder=\"0\" marginwidth=\"0\" marginheight=\"0\" scrolling=\"no\" sandbox=\"allow-scripts\" data-secret=\"PXasXg9IP5\" data-mce-fragment=\"1\"><\/iframe><\/p>\n<p><iframe loading=\"lazy\" class=\"wp-embedded-content\" title=\"\u00abiNNpulsa Colombia y Platzi otorgar\u00e1n 1.000 becas de\u00a0 ingl\u00e9s para emprendedores\u00bb \u2014 \u25b7 Noticias de Casanare : Martha Cifuentes | Casanare\" src=\"https:\/\/marthacifuentes.com\/portada\/2022\/07\/07\/innpulsa-colombia-y-platzi-otorgaran-1-000-becas-de-ingles-para-emprendedores\/embed\/#?secret=ltWR5O7SD6#?secret=CO5hKku7KZ\" width=\"600\" height=\"329\" frameborder=\"0\" marginwidth=\"0\" marginheight=\"0\" scrolling=\"no\" sandbox=\"allow-scripts\" data-secret=\"CO5hKku7KZ\" data-mce-fragment=\"1\"><\/iframe><\/p>\n<p><iframe loading=\"lazy\" class=\"wp-embedded-content\" title=\"\u00abSiguen capturas de paramilitares del Clan de Golfo en Casanare y Meta\u00bb \u2014 \u25b7 Noticias de Casanare : Martha Cifuentes | Casanare\" src=\"https:\/\/marthacifuentes.com\/portada\/2022\/07\/07\/siguen-capturas-de-paramilitares-del-clan-de-golfo-en-casanare-y-meta\/embed\/#?secret=kODh60pkxY#?secret=thkVJg42HP\" width=\"600\" height=\"621\" frameborder=\"0\" marginwidth=\"0\" marginheight=\"0\" scrolling=\"no\" sandbox=\"allow-scripts\" data-secret=\"thkVJg42HP\" data-mce-fragment=\"1\"><\/iframe><\/p>\n<p><iframe loading=\"lazy\" class=\"wp-embedded-content\" title=\"\u00abAunque se desbloque\u00f3 v\u00eda Paz de Ariporo \u2013 Monta\u00f1as del Totumo, conflicto contin\u00faa entre transportadores y contratista.\u00bb \u2014 \u25b7 Noticias de Casanare : Martha Cifuentes | Casanare\" src=\"https:\/\/marthacifuentes.com\/portada\/2022\/07\/07\/aunque-se-desbloqueo-via-paz-de-ariporo-montanas-del-totumo-conflicto-continua-entre-transportadores-y-contratista\/embed\/#?secret=OdWkokoDUt#?secret=xvACICs01w\" width=\"600\" height=\"649\" frameborder=\"0\" marginwidth=\"0\" marginheight=\"0\" scrolling=\"no\" sandbox=\"allow-scripts\" data-secret=\"xvACICs01w\" data-mce-fragment=\"1\"><\/iframe><\/p>\n<p><iframe loading=\"lazy\" class=\"wp-embedded-content\" title=\"\u00abA Inv\u00edas y contratista le qued\u00f3 grande rehabilitar v\u00eda Pajarito-Sogamoso. Se promete abrir en julio 31.\u00bb \u2014 \u25b7 Noticias de Casanare : Martha Cifuentes | Casanare\" src=\"https:\/\/marthacifuentes.com\/portada\/2022\/07\/07\/a-invias-y-contratista-le-quedo-grande-rehabilitar-via-pajarito-sogamoso-se-promete-abrir-en-julio-31\/embed\/#?secret=ecRacCnQFj#?secret=NNBBOObkWU\" width=\"600\" height=\"600\" frameborder=\"0\" marginwidth=\"0\" marginheight=\"0\" scrolling=\"no\" sandbox=\"allow-scripts\" data-secret=\"NNBBOObkWU\" data-mce-fragment=\"1\"><\/iframe><\/p>\n<p><iframe loading=\"lazy\" class=\"wp-embedded-content\" title=\"\u00abEn menos de una semana se han hallado dos muertos en zona rural de Yopal\u00bb \u2014 \u25b7 Noticias de Casanare : Martha Cifuentes | Casanare\" src=\"https:\/\/marthacifuentes.com\/portada\/2022\/07\/07\/en-menos-de-una-semana-se-han-hallado-dos-muertos-en-zona-rural-de-yopal\/embed\/#?secret=ij4OwjJEOu#?secret=xSbKxKASR2\" width=\"600\" height=\"621\" frameborder=\"0\" marginwidth=\"0\" marginheight=\"0\" scrolling=\"no\" sandbox=\"allow-scripts\" data-secret=\"xSbKxKASR2\" data-mce-fragment=\"1\"><\/iframe><\/p>\n<p><iframe loading=\"lazy\" class=\"wp-embedded-content\" title=\"\u00abRecuperaci\u00f3n de v\u00eda del Cusiana, sector La Granja, a paso de tortuga. Solo se ha hecho 10 de 168 micropilotes, es decir, menos del 6%.\u00bb \u2014 \u25b7 Noticias de Casanare : Martha Cifuentes | Casanare\" src=\"https:\/\/marthacifuentes.com\/portada\/2022\/07\/06\/recuperacion-de-via-del-cusiana-sector-la-granja-a-paso-de-tortuga-solo-se-ha-hecho-10-de-168-micropilotes-es-decir-menos-del-1\/embed\/#?secret=D2VMgeYjT3#?secret=FzvBta4J1E\" width=\"600\" height=\"628\" frameborder=\"0\" marginwidth=\"0\" marginheight=\"0\" scrolling=\"no\" sandbox=\"allow-scripts\" data-secret=\"FzvBta4J1E\" data-mce-fragment=\"1\"><\/iframe><\/p>\n<p><iframe loading=\"lazy\" class=\"wp-embedded-content\" title=\"\u00abPAE de Yopal en 2023 iniciar\u00eda retrasado por cuenta de algunos concejales, reprocha.\u00bb \u2014 \u25b7 Noticias de Casanare : Martha Cifuentes | Casanare\" src=\"https:\/\/marthacifuentes.com\/portada\/2022\/07\/06\/pae-de-yopal-en-2023-iniciaria-retrasado-por-cuenta-de-algunos-concejales-reprocha\/embed\/#?secret=lUhbgoviBq#?secret=sOgU7m88VG\" width=\"600\" height=\"621\" frameborder=\"0\" marginwidth=\"0\" marginheight=\"0\" scrolling=\"no\" sandbox=\"allow-scripts\" data-secret=\"sOgU7m88VG\" data-mce-fragment=\"1\"><\/iframe><\/p>\n<p><iframe loading=\"lazy\" class=\"wp-embedded-content\" title=\"\u00abAlcaldesa de Paz de Ariporo enredada por la Procuradur\u00eda por nombramiento de secretaria de salud sin experiencia\u00bb \u2014 \u25b7 Noticias de Casanare : Martha Cifuentes | Casanare\" src=\"https:\/\/marthacifuentes.com\/portada\/2022\/07\/06\/alcaldesa-de-paz-de-ariporo-enredada-por-la-procuraduria-por-nombramiento-de-secretaria-de-salud-sin-experiencia\/embed\/#?secret=RfevM3HqJr#?secret=dOQpcMGUqt\" width=\"600\" height=\"649\" frameborder=\"0\" marginwidth=\"0\" marginheight=\"0\" scrolling=\"no\" sandbox=\"allow-scripts\" data-secret=\"dOQpcMGUqt\" data-mce-fragment=\"1\"><\/iframe><\/p>\n<p><iframe loading=\"lazy\" class=\"wp-embedded-content\" title=\"\u00abEste 8 de julio Yopal celebra 80 a\u00f1os, con restricciones de gas natural. Ecopetrol program\u00f3 mantenimiento en CPF Flore\u00f1a para ese d\u00eda.\u00bb \u2014 \u25b7 Noticias de Casanare : Martha Cifuentes | Casanare\" src=\"https:\/\/marthacifuentes.com\/portada\/2022\/07\/06\/este-8-de-julio-yopal-celebra-80-anos-con-restricciones-de-gas-natural-ecopetrol-programo-mantenimiento-en-cpf-florena-para-ese-dia\/embed\/#?secret=DoxvJjR7kb#?secret=bc6zJanJWM\" width=\"600\" height=\"628\" frameborder=\"0\" marginwidth=\"0\" marginheight=\"0\" scrolling=\"no\" sandbox=\"allow-scripts\" data-secret=\"bc6zJanJWM\" data-mce-fragment=\"1\"><\/iframe><\/p>\n<p><iframe loading=\"lazy\" class=\"wp-embedded-content\" title=\"\u00abM\u00e1s mujeres en ministerios del gobierno de Gustavo Petro\u00bb \u2014 \u25b7 Noticias de Casanare : Martha Cifuentes | Casanare\" src=\"https:\/\/marthacifuentes.com\/portada\/2022\/07\/05\/mas-mujeres-en-ministerios-del-gobierno-de-gustavo-petro\/embed\/#?secret=12gcIxSFSL#?secret=hE22NmwOgJ\" width=\"600\" height=\"587\" frameborder=\"0\" marginwidth=\"0\" marginheight=\"0\" scrolling=\"no\" sandbox=\"allow-scripts\" data-secret=\"hE22NmwOgJ\" data-mce-fragment=\"1\"><\/iframe><\/p>\n<p><iframe loading=\"lazy\" class=\"wp-embedded-content\" title=\"\u00abExmagistrado del Tribunal N\u00e9stor Trujillo colg\u00f3 la toga y solt\u00f3 la lengua\u00bb \u2014 \u25b7 Noticias de Casanare : Martha Cifuentes | Casanare\" src=\"https:\/\/marthacifuentes.com\/portada\/2022\/07\/05\/exmagistrado-del-tribunal-nestor-trujillo-colgo-la-toga-y-solto-la-lengua\/embed\/#?secret=2xIwPXd6Yq#?secret=tGm9LhilF3\" width=\"600\" height=\"614\" frameborder=\"0\" marginwidth=\"0\" marginheight=\"0\" scrolling=\"no\" sandbox=\"allow-scripts\" data-secret=\"tGm9LhilF3\" data-mce-fragment=\"1\"><\/iframe><\/p>\n<p><iframe loading=\"lazy\" class=\"wp-embedded-content\" title=\"\u00abAlcald\u00eda de Yopal ahora dice que Planta de Tratamiento es una soluci\u00f3n temporal y no distribuye el agua necesaria y contratada.\u00bb \u2014 \u25b7 Noticias de Casanare : Martha Cifuentes | Casanare\" src=\"https:\/\/marthacifuentes.com\/portada\/2022\/06\/28\/alcaldia-de-yopal-ahora-dice-que-planta-de-tratamiento-es-una-solucion-temporal-y-no-distribuye-el-agua-necesaria-y-contratada\/embed\/#?secret=pxaWuFWnKb#?secret=xJSqhHX4IN\" width=\"600\" height=\"627\" frameborder=\"0\" marginwidth=\"0\" marginheight=\"0\" scrolling=\"no\" sandbox=\"allow-scripts\" data-secret=\"xJSqhHX4IN\" data-mce-fragment=\"1\"><\/iframe><\/p>\n<p><iframe loading=\"lazy\" class=\"wp-embedded-content\" title=\"\u00abSe cumplieron 60 d\u00edas de cierre de la v\u00eda del Cusiana en el sector La Granja y no hay asomo de reapertura.\u00bb \u2014 \u25b7 Noticias de Casanare : Martha Cifuentes | Casanare\" src=\"https:\/\/marthacifuentes.com\/portada\/2022\/06\/28\/se-cumplieron-60-dias-de-cierre-de-la-via-del-cusiana-en-el-sector-la-granja-y-no-hay-asomo-de-reapertura\/embed\/#?secret=pi3xNFVEWa#?secret=XH1IgOWs8k\" width=\"600\" height=\"600\" frameborder=\"0\" marginwidth=\"0\" marginheight=\"0\" scrolling=\"no\" sandbox=\"allow-scripts\" data-secret=\"XH1IgOWs8k\" data-mce-fragment=\"1\"><\/iframe><\/p>\n<p><iframe loading=\"lazy\" class=\"wp-embedded-content\" title=\"\u00abVuelve y juega, Gobernaci\u00f3n nombrar\u00eda director de Gesti\u00f3n del Riesgo de Casanare, sin experiencia\u00bb \u2014 \u25b7 Noticias de Casanare : Martha Cifuentes | Casanare\" src=\"https:\/\/marthacifuentes.com\/portada\/2022\/06\/28\/vuelve-y-juega-gobernacion-nombraria-director-de-gestion-del-riesgo-de-casanare-sin-experiencia\/embed\/#?secret=JAVPUAWrhj#?secret=uQBNKxAYEn\" width=\"600\" height=\"621\" frameborder=\"0\" marginwidth=\"0\" marginheight=\"0\" scrolling=\"no\" sandbox=\"allow-scripts\" data-secret=\"uQBNKxAYEn\" data-mce-fragment=\"1\"><\/iframe><\/p>\n<p><iframe loading=\"lazy\" class=\"wp-embedded-content\" title=\"\u00abAntiguo cementerio de Yopal ya puede ser intervenido\u00bb \u2014 \u25b7 Noticias de Casanare : Martha Cifuentes | Casanare\" src=\"https:\/\/marthacifuentes.com\/portada\/2022\/06\/24\/antiguo-cementerio-de-yopal-ya-puede-ser-intervenido\/embed\/#?secret=j4eM8jPtxd#?secret=5wvhZDApQW\" width=\"600\" height=\"592\" frameborder=\"0\" marginwidth=\"0\" marginheight=\"0\" scrolling=\"no\" sandbox=\"allow-scripts\" data-secret=\"5wvhZDApQW\" data-mce-fragment=\"1\"><\/iframe><\/p>\n<p><iframe loading=\"lazy\" class=\"wp-embedded-content\" title=\"\u00abEn rendici\u00f3n de cuentas de 2021, Capresoca mostr\u00f3 resultados alentadores.\u00bb \u2014 \u25b7 Noticias de Casanare : Martha Cifuentes | Casanare\" src=\"https:\/\/marthacifuentes.com\/portada\/2022\/06\/24\/en-rendicion-de-cuentas-de-2021-capresoca-mostro-resultados-alentadores\/embed\/#?secret=zESx5kB5lE#?secret=cndAfco677\" width=\"600\" height=\"621\" frameborder=\"0\" marginwidth=\"0\" marginheight=\"0\" scrolling=\"no\" sandbox=\"allow-scripts\" data-secret=\"cndAfco677\" data-mce-fragment=\"1\"><\/iframe><\/p>\n<p><iframe loading=\"lazy\" class=\"wp-embedded-content\" title=\"\u00abPredios totales de Morichal, Yopal, ya fueron caracterizados para actualizaci\u00f3n de estratificaci\u00f3n\u00bb \u2014 \u25b7 Noticias de Casanare : Martha Cifuentes | Casanare\" src=\"https:\/\/marthacifuentes.com\/portada\/2022\/06\/24\/predios-totales-de-morichal-yopal-ya-fueron-caracterizados-para-actualizacion-de-estratificacion\/embed\/#?secret=DUoFFTkVlL#?secret=Q0H8MuV7Il\" width=\"600\" height=\"621\" frameborder=\"0\" marginwidth=\"0\" marginheight=\"0\" scrolling=\"no\" sandbox=\"allow-scripts\" data-secret=\"Q0H8MuV7Il\" data-mce-fragment=\"1\"><\/iframe><\/p>\n<p><iframe loading=\"lazy\" class=\"wp-embedded-content\" title=\"\u00abSe desplom\u00f3 revocatoria del mandato de alcaldesa de Aguazul. No alcanzaron las firmas.\u00bb \u2014 \u25b7 Noticias de Casanare : Martha Cifuentes | Casanare\" src=\"https:\/\/marthacifuentes.com\/portada\/2022\/06\/24\/se-desplomo-revocatoria-del-mandato-de-alcaldesa-de-aguazul-no-alcanzaron-las-firmas\/embed\/#?secret=uI8PcOSOCf#?secret=fHv726lD8s\" width=\"600\" height=\"600\" frameborder=\"0\" marginwidth=\"0\" marginheight=\"0\" scrolling=\"no\" sandbox=\"allow-scripts\" data-secret=\"fHv726lD8s\" data-mce-fragment=\"1\"><\/iframe><\/p>\n<p><iframe loading=\"lazy\" class=\"wp-embedded-content\" title=\"\u00abA la c\u00e1rcel dos raponeros reincidentes de celulares en Aguazul\u00bb \u2014 \u25b7 Noticias de Casanare : Martha Cifuentes | Casanare\" src=\"https:\/\/marthacifuentes.com\/portada\/2022\/06\/22\/a-la-carcel-dos-raponeros-reincidentes-de-celulares-en-aguazul\/embed\/#?secret=KWAZ84vVAW#?secret=tXZPmJr6qb\" width=\"600\" height=\"620\" frameborder=\"0\" marginwidth=\"0\" marginheight=\"0\" scrolling=\"no\" sandbox=\"allow-scripts\" data-secret=\"tXZPmJr6qb\" data-mce-fragment=\"1\"><\/iframe><\/p>\n<p><iframe loading=\"lazy\" class=\"wp-embedded-content\" title=\"\u00abUn padre y un padrastro van a la c\u00e1rcel por abusar sexualmente de sus hijas, en hechos independientes\u00bb \u2014 \u25b7 Noticias de Casanare : Martha Cifuentes | Casanare\" src=\"https:\/\/marthacifuentes.com\/portada\/2022\/06\/22\/un-padre-y-un-padrastro-van-a-la-carcel-por-abusar-sexualmente-de-sus-hijas-en-hechos-independientes\/embed\/#?secret=Ne6G9GUhfZ#?secret=k6JCozGiWS\" width=\"600\" height=\"588\" frameborder=\"0\" marginwidth=\"0\" marginheight=\"0\" scrolling=\"no\" sandbox=\"allow-scripts\" data-secret=\"k6JCozGiWS\" data-mce-fragment=\"1\"><\/iframe><\/p>\n<p><iframe loading=\"lazy\" class=\"wp-embedded-content\" title=\"\u00abCon el voto de los j\u00f3venes se disminuy\u00f3 abstenci\u00f3n en elecciones presidenciales\u00bb \u2014 \u25b7 Noticias de Casanare : Martha Cifuentes | Casanare\" src=\"https:\/\/marthacifuentes.com\/portada\/2022\/06\/22\/con-el-voto-de-los-jovenes-se-disminuyo-abstencion-en-elecciones-presidenciales\/embed\/#?secret=3SxfKrwbzY#?secret=wPJWx7ulxS\" width=\"600\" height=\"600\" frameborder=\"0\" marginwidth=\"0\" marginheight=\"0\" scrolling=\"no\" sandbox=\"allow-scripts\" data-secret=\"wPJWx7ulxS\" data-mce-fragment=\"1\"><\/iframe><\/p>\n<p><iframe loading=\"lazy\" class=\"wp-embedded-content\" title=\"\u00abContralor\u00eda sancion\u00f3 con $158 millones al exalcalde de Tauramena, Alexander Contreras, por sobrecostos en el PAE de la I.E. del Llano\u00bb \u2014 \u25b7 Noticias de Casanare : Martha Cifuentes | Casanare\" src=\"https:\/\/marthacifuentes.com\/portada\/2022\/06\/22\/contraloria-sanciono-con-158-millones-al-exalcalde-de-tauramena-alexander-contreras-por-sobrecostos-en-el-pae-de-la-i-e-del-llano\/embed\/#?secret=yjXZVl3tPa#?secret=65Npl21qql\" width=\"600\" height=\"357\" frameborder=\"0\" marginwidth=\"0\" marginheight=\"0\" scrolling=\"no\" sandbox=\"allow-scripts\" data-secret=\"65Npl21qql\" data-mce-fragment=\"1\"><\/iframe><\/p>\n<p><iframe loading=\"lazy\" class=\"wp-embedded-content\" title=\"\u00abTras 13 a\u00f1os de poco avance en variante de Yopal, juzgado abri\u00f3 incidente de desacato contra Inv\u00edas, Mintransporte y ANI\u00bb \u2014 \u25b7 Noticias de Casanare : Martha Cifuentes | Casanare\" src=\"https:\/\/marthacifuentes.com\/portada\/2022\/06\/22\/tras-13-anos-de-poco-avance-en-variante-de-yopal-juzgado-abrio-incidente-de-desacato-contra-invias-mintransporte-y-ani\/embed\/#?secret=ubjq4bjmk4#?secret=XGa3E8scg7\" width=\"600\" height=\"625\" frameborder=\"0\" marginwidth=\"0\" marginheight=\"0\" scrolling=\"no\" sandbox=\"allow-scripts\" data-secret=\"XGa3E8scg7\" data-mce-fragment=\"1\"><\/iframe><\/p>\n<p><iframe loading=\"lazy\" class=\"wp-embedded-content\" title=\"\u00abGustavo Petro promete gobierno de la esperanza, la paz y unidad nacional. Casanare le vot\u00f3 a Rodolfo Hern\u00e1ndez.\u00bb \u2014 \u25b7 Noticias de Casanare : Martha Cifuentes | Casanare\" src=\"https:\/\/marthacifuentes.com\/portada\/2022\/06\/21\/gustavo-petro-promete-gobierno-de-la-esperanza-la-paz-y-unidad-nacional-casanare-le-voto-a-rodolfo-hernandez\/embed\/#?secret=AaHpKdgxvt#?secret=IDKXFg2Atd\" width=\"600\" height=\"649\" frameborder=\"0\" marginwidth=\"0\" marginheight=\"0\" scrolling=\"no\" sandbox=\"allow-scripts\" data-secret=\"IDKXFg2Atd\" data-mce-fragment=\"1\"><\/iframe><\/p>\n<p><iframe loading=\"lazy\" class=\"wp-embedded-content\" title=\"\u00abCondenado Ej\u00e9rcito y Ministerio de Defensa por otro falso positivo en Sabanalarga, Casanare\u00bb \u2014 \u25b7 Noticias de Casanare : Martha Cifuentes | Casanare\" src=\"https:\/\/marthacifuentes.com\/portada\/2022\/06\/17\/condenado-ejercito-y-ministerio-de-defensa-por-otro-falso-positivo-en-sabanalarga-casanare\/embed\/#?secret=Yhwfyhipev#?secret=pJnSn65JiY\" width=\"600\" height=\"600\" frameborder=\"0\" marginwidth=\"0\" marginheight=\"0\" scrolling=\"no\" sandbox=\"allow-scripts\" data-secret=\"pJnSn65JiY\" data-mce-fragment=\"1\"><\/iframe><\/p>\n<p><iframe loading=\"lazy\" class=\"wp-embedded-content\" title=\"\u00abAdivina, adivinador\u2026 \u00bfQui\u00e9n es el personaje?\u00bb \u2014 \u25b7 Noticias de Casanare : Martha Cifuentes | Casanare\" src=\"https:\/\/marthacifuentes.com\/portada\/2022\/06\/17\/adivina-adivinador-quien-es-el-personaje\/embed\/#?secret=itfEm0JGkK#?secret=WBJN8jITsc\" width=\"600\" height=\"571\" frameborder=\"0\" marginwidth=\"0\" marginheight=\"0\" scrolling=\"no\" sandbox=\"allow-scripts\" data-secret=\"WBJN8jITsc\" data-mce-fragment=\"1\"><\/iframe><\/p>\n<p><iframe loading=\"lazy\" class=\"wp-embedded-content\" title=\"\u00abIPS Gyomedical en Casanare sancionada con 525 millones de pesos por fallas en los servicios\u00bb \u2014 \u25b7 Noticias de Casanare : Martha Cifuentes | Casanare\" src=\"https:\/\/marthacifuentes.com\/portada\/2022\/06\/17\/ips-gyomedical-en-casanare-sancionada-con-525-millones-de-pesos-por-fallas-en-los-servicios\/embed\/#?secret=Swt7OVNOoY#?secret=XHmBPqHFbI\" width=\"600\" height=\"611\" frameborder=\"0\" marginwidth=\"0\" marginheight=\"0\" scrolling=\"no\" sandbox=\"allow-scripts\" data-secret=\"XHmBPqHFbI\" data-mce-fragment=\"1\"><\/iframe><\/p>\n<p><iframe loading=\"lazy\" class=\"wp-embedded-content\" title=\"\u00abPor irregularidades en la expedici\u00f3n de varios planes parciales de ordenamiento territorial en Yopal le formulan pliego de cargos a exalcalde Jorge Garc\u00eda\u00bb \u2014 \u25b7 Noticias de Casanare : Martha Cifuentes | Casanare\" src=\"https:\/\/marthacifuentes.com\/portada\/2022\/06\/17\/por-irregularidades-en-la-expedicion-de-varios-planes-parciales-de-ordenamiento-territorial-en-yopal-le-formulan-pliego-de-cargos-a-exalcalde-jorge-garcia\/embed\/#?secret=ayXfO7oZZL#?secret=NJ8l4PiC6u\" width=\"600\" height=\"649\" frameborder=\"0\" marginwidth=\"0\" marginheight=\"0\" scrolling=\"no\" sandbox=\"allow-scripts\" data-secret=\"NJ8l4PiC6u\" data-mce-fragment=\"1\"><\/iframe><\/p>\n<p><iframe loading=\"lazy\" class=\"wp-embedded-content\" title=\"\u00abRodolfo Hern\u00e1ndez tendr\u00e1 que participar en debate con Gustavo Petro. As\u00ed lo orden\u00f3 Tribunal de Bogot\u00e1\u00bb \u2014 \u25b7 Noticias de Casanare : Martha Cifuentes | Casanare\" src=\"https:\/\/marthacifuentes.com\/portada\/2022\/06\/15\/rodolfo-hernandez-tendra-que-participar-en-debate-con-gustavo-petro-asi-lo-ordeno-tribunal-de-bogota\/embed\/#?secret=Q2HNx3JfOE#?secret=SHOTzzJq0I\" width=\"600\" height=\"621\" frameborder=\"0\" marginwidth=\"0\" marginheight=\"0\" scrolling=\"no\" sandbox=\"allow-scripts\" data-secret=\"SHOTzzJq0I\" data-mce-fragment=\"1\"><\/iframe><\/p>\n<p><iframe loading=\"lazy\" class=\"wp-embedded-content\" title=\"\u00ab\u00abCasanare debe ser una gran despensa agroalimentaria y tur\u00edstica\u00bb: Gustavo Petro de visita en Yopal\u00bb \u2014 \u25b7 Noticias de Casanare : Martha Cifuentes | Casanare\" src=\"https:\/\/marthacifuentes.com\/portada\/2022\/06\/14\/casanare-debe-ser-una-gran-despensa-agroalimentaria-y-turistica-gustavo-petro-de-visita-en-yopal\/embed\/#?secret=rDrPdMkVHu#?secret=DkGQyMTplT\" width=\"600\" height=\"614\" frameborder=\"0\" marginwidth=\"0\" marginheight=\"0\" scrolling=\"no\" sandbox=\"allow-scripts\" data-secret=\"DkGQyMTplT\" data-mce-fragment=\"1\"><\/iframe><\/p>\n<p><iframe loading=\"lazy\" class=\"wp-embedded-content\" title=\"\u00abCasanare tomado por el Dengue. Es el departamento con m\u00e1s casos del pa\u00eds.\u00bb \u2014 \u25b7 Noticias de Casanare : Martha Cifuentes | Casanare\" src=\"https:\/\/marthacifuentes.com\/portada\/2022\/06\/09\/casanare-tomado-por-el-dengue-es-el-departamento-con-mas-casos-del-pais\/embed\/#?secret=RRXZUIC5of#?secret=NEq3aETCz9\" width=\"600\" height=\"600\" frameborder=\"0\" marginwidth=\"0\" marginheight=\"0\" scrolling=\"no\" sandbox=\"allow-scripts\" data-secret=\"NEq3aETCz9\" data-mce-fragment=\"1\"><\/iframe><\/p>\n<p><iframe loading=\"lazy\" class=\"wp-embedded-content\" title=\"\u00abO Marcaszalud mejora entrega de medicamentos o se acaba el contrato: Capresoca\u00bb \u2014 \u25b7 Noticias de Casanare : Martha Cifuentes | Casanare\" src=\"https:\/\/marthacifuentes.com\/portada\/2022\/06\/09\/o-marcaszalud-mejora-entrega-de-medicamentos-o-se-acaba-el-contrato-capresoca\/embed\/#?secret=1agErrZLTc#?secret=3ylRciqlQ1\" width=\"600\" height=\"308\" frameborder=\"0\" marginwidth=\"0\" marginheight=\"0\" scrolling=\"no\" sandbox=\"allow-scripts\" data-secret=\"3ylRciqlQ1\" data-mce-fragment=\"1\"><\/iframe><\/p>\n<p><iframe loading=\"lazy\" class=\"wp-embedded-content\" title=\"\u00abCuatro ni\u00f1os muertos por desnutrici\u00f3n y 122 enfermos por esta causa en Casanare, en 2022. Crisis econ\u00f3mica y carest\u00eda de alimentos, los motivos.\u00bb \u2014 \u25b7 Noticias de Casanare : Martha Cifuentes | Casanare\" src=\"https:\/\/marthacifuentes.com\/portada\/2022\/06\/09\/cuatro-ninos-muertos-por-desnutricion-y-122-enfermos-por-esta-causa-en-casanare-en-2022-crisis-economica-y-carestia-de-alimentos-los-motivos\/embed\/#?secret=YfdACoC6KX#?secret=wjtDjVPKaA\" width=\"600\" height=\"589\" frameborder=\"0\" marginwidth=\"0\" marginheight=\"0\" scrolling=\"no\" sandbox=\"allow-scripts\" data-secret=\"wjtDjVPKaA\" data-mce-fragment=\"1\"><\/iframe><\/p>\n<p><iframe loading=\"lazy\" class=\"wp-embedded-content\" title=\"\u00abNada nuevo en Consejo de Seguridad de Casanare por atentado a diputado York Cort\u00e9s.\u00bb \u2014 \u25b7 Noticias de Casanare : Martha Cifuentes | Casanare\" src=\"https:\/\/marthacifuentes.com\/portada\/2022\/06\/08\/nada-nuevo-en-consejo-de-seguridad-de-casanare-por-atentado-a-diputado-york-cortes\/embed\/#?secret=PN68VmOJaw#?secret=fBDKC0gWyG\" width=\"600\" height=\"600\" frameborder=\"0\" marginwidth=\"0\" marginheight=\"0\" scrolling=\"no\" sandbox=\"allow-scripts\" data-secret=\"fBDKC0gWyG\" data-mce-fragment=\"1\"><\/iframe><\/p>\n","protected":false},"excerpt":{"rendered":"<p>El gobernador de Casanare Salom\u00f3n Andr\u00e9s Sanabria Chac\u00f3n y el gerente de Acuatodos, Oved Quiroga Fl\u00f3rez, fueron sancionados con 10 y 15 Salarios M\u00ednimos Legales Mensuales Vigentes, respectivamente, por el Juzgado Primero Administrativo de Casanare, por desacatar o incumplir a t\u00edtulo de culpa grave, sus obligaciones derivadas en la sentencia de 13 de mayo de &hellip;<\/p>\n","protected":false},"author":2,"featured_media":29639,"comment_status":"open","ping_status":"open","sticky":false,"template":"","format":"standard","meta":{"om_disable_all_campaigns":false,"_exactmetrics_skip_tracking":false,"_exactmetrics_sitenote_active":false,"_exactmetrics_sitenote_note":"","_exactmetrics_sitenote_category":0,"_monsterinsights_skip_tracking":false,"_monsterinsights_sitenote_active":false,"_monsterinsights_sitenote_note":"","_monsterinsights_sitenote_category":0,"_uf_show_specific_survey":0,"_uf_disable_surveys":false,"_joinchat":[],"footnotes":""},"categories":[147,146,145],"tags":[1195,8119,7777,187,6857,8117,1160,8120,224,8115,8116,7772,332,8118],"class_list":["post-29636","post","type-post","status-publish","format-standard","has-post-thumbnail","hentry","category-actualidad","category-noticias","category-reportajes","tag-acuatodos","tag-diferentes-eps","tag-ecoptar","tag-gobernacion-de-casanare","tag-juzgado-primero-administrativo-de-casanare","tag-juzgado-primero-administrativo-de-yopal","tag-medimas","tag-medisalud-y-capresoca","tag-nueva-eps","tag-oved-quiroga-florez","tag-planta-de-tratamiento-de-aguas","tag-salomon-andres-sanabria-chacon","tag-tribunal-administrativo-de-casanare","tag-trinidad-jesus-nolberto-monroy-moreno"],"yoast_head":"<!-- This site is optimized with the Yoast SEO plugin v26.1 - https:\/\/yoast.com\/wordpress\/plugins\/seo\/ -->\n<title>Por negligentes, el gobernador de Casanare y gerente de Acuatodos sancionados por Juzgado de Yopal - \u25b7 Noticias de Casanare : Martha Cifuentes | Casanare<\/title>\n<meta name=\"robots\" content=\"index, follow, max-snippet:-1, max-image-preview:large, max-video-preview:-1\" \/>\n<link rel=\"canonical\" href=\"https:\/\/marthacifuentes.com\/portada\/por-negligentes-el-gobernador-de-casanare-y-gerente-de-acuatodos-sancionados-por-juzgado-de-yopal\/\" \/>\n<meta property=\"og:locale\" content=\"es_ES\" \/>\n<meta property=\"og:type\" content=\"article\" \/>\n<meta property=\"og:title\" content=\"Por negligentes, el gobernador de Casanare y gerente de Acuatodos sancionados por Juzgado de Yopal - \u25b7 Noticias de Casanare : Martha Cifuentes | Casanare\" \/>\n<meta property=\"og:description\" content=\"El gobernador de Casanare Salom\u00f3n Andr\u00e9s Sanabria Chac\u00f3n y el gerente de Acuatodos, Oved Quiroga Fl\u00f3rez, fueron sancionados con 10 y 15 Salarios M\u00ednimos Legales Mensuales Vigentes, respectivamente, por el Juzgado Primero Administrativo de Casanare, por desacatar o incumplir a t\u00edtulo de culpa grave, sus obligaciones derivadas en la sentencia de 13 de mayo de &hellip;\" \/>\n<meta property=\"og:url\" content=\"https:\/\/marthacifuentes.com\/portada\/por-negligentes-el-gobernador-de-casanare-y-gerente-de-acuatodos-sancionados-por-juzgado-de-yopal\/\" \/>\n<meta property=\"og:site_name\" content=\"\u25b7 Noticias de Casanare : Martha Cifuentes | Casanare\" \/>\n<meta property=\"article:published_time\" content=\"2022-07-15T16:35:54+00:00\" \/>\n<meta property=\"article:modified_time\" content=\"2022-07-15T16:36:26+00:00\" \/>\n<meta property=\"og:image\" content=\"https:\/\/marthacifuentes.com\/portada\/wp-content\/uploads\/2022\/07\/SALOMON-SANABRIA.jpg\" \/>\n\t<meta property=\"og:image:width\" content=\"1312\" \/>\n\t<meta property=\"og:image:height\" content=\"793\" \/>\n\t<meta property=\"og:image:type\" content=\"image\/jpeg\" \/>\n<meta name=\"author\" content=\"Martha Cifuentes\" \/>\n<meta name=\"twitter:card\" content=\"summary_large_image\" \/>\n<meta name=\"twitter:label1\" content=\"Escrito por\" \/>\n\t<meta name=\"twitter:data1\" content=\"Martha Cifuentes\" \/>\n\t<meta name=\"twitter:label2\" content=\"Tiempo de lectura\" \/>\n\t<meta name=\"twitter:data2\" content=\"2 minutos\" \/>\n<script type=\"application\/ld+json\" class=\"yoast-schema-graph\">{\"@context\":\"https:\/\/schema.org\",\"@graph\":[{\"@type\":\"WebPage\",\"@id\":\"https:\/\/marthacifuentes.com\/portada\/por-negligentes-el-gobernador-de-casanare-y-gerente-de-acuatodos-sancionados-por-juzgado-de-yopal\/\",\"url\":\"https:\/\/marthacifuentes.com\/portada\/por-negligentes-el-gobernador-de-casanare-y-gerente-de-acuatodos-sancionados-por-juzgado-de-yopal\/\",\"name\":\"Por negligentes, el gobernador de Casanare y gerente de Acuatodos sancionados por Juzgado de Yopal - \u25b7 Noticias de Casanare : Martha Cifuentes | Casanare\",\"isPartOf\":{\"@id\":\"https:\/\/marthacifuentes.com\/portada\/#website\"},\"primaryImageOfPage\":{\"@id\":\"https:\/\/marthacifuentes.com\/portada\/por-negligentes-el-gobernador-de-casanare-y-gerente-de-acuatodos-sancionados-por-juzgado-de-yopal\/#primaryimage\"},\"image\":{\"@id\":\"https:\/\/marthacifuentes.com\/portada\/por-negligentes-el-gobernador-de-casanare-y-gerente-de-acuatodos-sancionados-por-juzgado-de-yopal\/#primaryimage\"},\"thumbnailUrl\":\"https:\/\/marthacifuentes.com\/portada\/wp-content\/uploads\/2022\/07\/SALOMON-SANABRIA.jpg\",\"datePublished\":\"2022-07-15T16:35:54+00:00\",\"dateModified\":\"2022-07-15T16:36:26+00:00\",\"author\":{\"@id\":\"https:\/\/marthacifuentes.com\/portada\/#\/schema\/person\/57f53174b991db5f90ff78d58502b714\"},\"breadcrumb\":{\"@id\":\"https:\/\/marthacifuentes.com\/portada\/por-negligentes-el-gobernador-de-casanare-y-gerente-de-acuatodos-sancionados-por-juzgado-de-yopal\/#breadcrumb\"},\"inLanguage\":\"es\",\"potentialAction\":[{\"@type\":\"ReadAction\",\"target\":[\"https:\/\/marthacifuentes.com\/portada\/por-negligentes-el-gobernador-de-casanare-y-gerente-de-acuatodos-sancionados-por-juzgado-de-yopal\/\"]}]},{\"@type\":\"ImageObject\",\"inLanguage\":\"es\",\"@id\":\"https:\/\/marthacifuentes.com\/portada\/por-negligentes-el-gobernador-de-casanare-y-gerente-de-acuatodos-sancionados-por-juzgado-de-yopal\/#primaryimage\",\"url\":\"https:\/\/marthacifuentes.com\/portada\/wp-content\/uploads\/2022\/07\/SALOMON-SANABRIA.jpg\",\"contentUrl\":\"https:\/\/marthacifuentes.com\/portada\/wp-content\/uploads\/2022\/07\/SALOMON-SANABRIA.jpg\",\"width\":1312,\"height\":793},{\"@type\":\"BreadcrumbList\",\"@id\":\"https:\/\/marthacifuentes.com\/portada\/por-negligentes-el-gobernador-de-casanare-y-gerente-de-acuatodos-sancionados-por-juzgado-de-yopal\/#breadcrumb\",\"itemListElement\":[{\"@type\":\"ListItem\",\"position\":1,\"name\":\"Portada\",\"item\":\"https:\/\/marthacifuentes.com\/portada\/\"},{\"@type\":\"ListItem\",\"position\":2,\"name\":\"Por negligentes, el gobernador de Casanare y gerente de Acuatodos sancionados por Juzgado de Yopal\"}]},{\"@type\":\"WebSite\",\"@id\":\"https:\/\/marthacifuentes.com\/portada\/#website\",\"url\":\"https:\/\/marthacifuentes.com\/portada\/\",\"name\":\"\u25b7 Noticias de Casanare : Martha Cifuentes | Casanare\",\"description\":\"Noticias &amp; Contenidos\",\"potentialAction\":[{\"@type\":\"SearchAction\",\"target\":{\"@type\":\"EntryPoint\",\"urlTemplate\":\"https:\/\/marthacifuentes.com\/portada\/?s={search_term_string}\"},\"query-input\":{\"@type\":\"PropertyValueSpecification\",\"valueRequired\":true,\"valueName\":\"search_term_string\"}}],\"inLanguage\":\"es\"},{\"@type\":\"Person\",\"@id\":\"https:\/\/marthacifuentes.com\/portada\/#\/schema\/person\/57f53174b991db5f90ff78d58502b714\",\"name\":\"Martha Cifuentes\",\"image\":{\"@type\":\"ImageObject\",\"inLanguage\":\"es\",\"@id\":\"https:\/\/marthacifuentes.com\/portada\/#\/schema\/person\/image\/\",\"url\":\"http:\/\/marthacifuentes.com\/portada\/wp-content\/uploads\/2018\/06\/avatar_user_2_1528838701-96x96.jpg\",\"contentUrl\":\"http:\/\/marthacifuentes.com\/portada\/wp-content\/uploads\/2018\/06\/avatar_user_2_1528838701-96x96.jpg\",\"caption\":\"Martha Cifuentes\"},\"sameAs\":[\"http:\/\/www.marthacifuentes.com\"],\"url\":\"https:\/\/marthacifuentes.com\/portada\/author\/martha\/\"}]}<\/script>\n<!-- \/ Yoast SEO plugin. -->","yoast_head_json":{"title":"Por negligentes, el gobernador de Casanare y gerente de Acuatodos sancionados por Juzgado de Yopal - \u25b7 Noticias de Casanare : Martha Cifuentes | Casanare","robots":{"index":"index","follow":"follow","max-snippet":"max-snippet:-1","max-image-preview":"max-image-preview:large","max-video-preview":"max-video-preview:-1"},"canonical":"https:\/\/marthacifuentes.com\/portada\/por-negligentes-el-gobernador-de-casanare-y-gerente-de-acuatodos-sancionados-por-juzgado-de-yopal\/","og_locale":"es_ES","og_type":"article","og_title":"Por negligentes, el gobernador de Casanare y gerente de Acuatodos sancionados por Juzgado de Yopal - \u25b7 Noticias de Casanare : Martha Cifuentes | Casanare","og_description":"El gobernador de Casanare Salom\u00f3n Andr\u00e9s Sanabria Chac\u00f3n y el gerente de Acuatodos, Oved Quiroga Fl\u00f3rez, fueron sancionados con 10 y 15 Salarios M\u00ednimos Legales Mensuales Vigentes, respectivamente, por el Juzgado Primero Administrativo de Casanare, por desacatar o incumplir a t\u00edtulo de culpa grave, sus obligaciones derivadas en la sentencia de 13 de mayo de &hellip;","og_url":"https:\/\/marthacifuentes.com\/portada\/por-negligentes-el-gobernador-de-casanare-y-gerente-de-acuatodos-sancionados-por-juzgado-de-yopal\/","og_site_name":"\u25b7 Noticias de Casanare : Martha Cifuentes | Casanare","article_published_time":"2022-07-15T16:35:54+00:00","article_modified_time":"2022-07-15T16:36:26+00:00","og_image":[{"width":1312,"height":793,"url":"https:\/\/marthacifuentes.com\/portada\/wp-content\/uploads\/2022\/07\/SALOMON-SANABRIA.jpg","type":"image\/jpeg"}],"author":"Martha Cifuentes","twitter_card":"summary_large_image","twitter_misc":{"Escrito por":"Martha Cifuentes","Tiempo de lectura":"2 minutos"},"schema":{"@context":"https:\/\/schema.org","@graph":[{"@type":"WebPage","@id":"https:\/\/marthacifuentes.com\/portada\/por-negligentes-el-gobernador-de-casanare-y-gerente-de-acuatodos-sancionados-por-juzgado-de-yopal\/","url":"https:\/\/marthacifuentes.com\/portada\/por-negligentes-el-gobernador-de-casanare-y-gerente-de-acuatodos-sancionados-por-juzgado-de-yopal\/","name":"Por negligentes, el gobernador de Casanare y gerente de Acuatodos sancionados por Juzgado de Yopal - \u25b7 Noticias de Casanare : Martha Cifuentes | Casanare","isPartOf":{"@id":"https:\/\/marthacifuentes.com\/portada\/#website"},"primaryImageOfPage":{"@id":"https:\/\/marthacifuentes.com\/portada\/por-negligentes-el-gobernador-de-casanare-y-gerente-de-acuatodos-sancionados-por-juzgado-de-yopal\/#primaryimage"},"image":{"@id":"https:\/\/marthacifuentes.com\/portada\/por-negligentes-el-gobernador-de-casanare-y-gerente-de-acuatodos-sancionados-por-juzgado-de-yopal\/#primaryimage"},"thumbnailUrl":"https:\/\/marthacifuentes.com\/portada\/wp-content\/uploads\/2022\/07\/SALOMON-SANABRIA.jpg","datePublished":"2022-07-15T16:35:54+00:00","dateModified":"2022-07-15T16:36:26+00:00","author":{"@id":"https:\/\/marthacifuentes.com\/portada\/#\/schema\/person\/57f53174b991db5f90ff78d58502b714"},"breadcrumb":{"@id":"https:\/\/marthacifuentes.com\/portada\/por-negligentes-el-gobernador-de-casanare-y-gerente-de-acuatodos-sancionados-por-juzgado-de-yopal\/#breadcrumb"},"inLanguage":"es","potentialAction":[{"@type":"ReadAction","target":["https:\/\/marthacifuentes.com\/portada\/por-negligentes-el-gobernador-de-casanare-y-gerente-de-acuatodos-sancionados-por-juzgado-de-yopal\/"]}]},{"@type":"ImageObject","inLanguage":"es","@id":"https:\/\/marthacifuentes.com\/portada\/por-negligentes-el-gobernador-de-casanare-y-gerente-de-acuatodos-sancionados-por-juzgado-de-yopal\/#primaryimage","url":"https:\/\/marthacifuentes.com\/portada\/wp-content\/uploads\/2022\/07\/SALOMON-SANABRIA.jpg","contentUrl":"https:\/\/marthacifuentes.com\/portada\/wp-content\/uploads\/2022\/07\/SALOMON-SANABRIA.jpg","width":1312,"height":793},{"@type":"BreadcrumbList","@id":"https:\/\/marthacifuentes.com\/portada\/por-negligentes-el-gobernador-de-casanare-y-gerente-de-acuatodos-sancionados-por-juzgado-de-yopal\/#breadcrumb","itemListElement":[{"@type":"ListItem","position":1,"name":"Portada","item":"https:\/\/marthacifuentes.com\/portada\/"},{"@type":"ListItem","position":2,"name":"Por negligentes, el gobernador de Casanare y gerente de Acuatodos sancionados por Juzgado de Yopal"}]},{"@type":"WebSite","@id":"https:\/\/marthacifuentes.com\/portada\/#website","url":"https:\/\/marthacifuentes.com\/portada\/","name":"\u25b7 Noticias de Casanare : Martha Cifuentes | Casanare","description":"Noticias &amp; Contenidos","potentialAction":[{"@type":"SearchAction","target":{"@type":"EntryPoint","urlTemplate":"https:\/\/marthacifuentes.com\/portada\/?s={search_term_string}"},"query-input":{"@type":"PropertyValueSpecification","valueRequired":true,"valueName":"search_term_string"}}],"inLanguage":"es"},{"@type":"Person","@id":"https:\/\/marthacifuentes.com\/portada\/#\/schema\/person\/57f53174b991db5f90ff78d58502b714","name":"Martha Cifuentes","image":{"@type":"ImageObject","inLanguage":"es","@id":"https:\/\/marthacifuentes.com\/portada\/#\/schema\/person\/image\/","url":"http:\/\/marthacifuentes.com\/portada\/wp-content\/uploads\/2018\/06\/avatar_user_2_1528838701-96x96.jpg","contentUrl":"http:\/\/marthacifuentes.com\/portada\/wp-content\/uploads\/2018\/06\/avatar_user_2_1528838701-96x96.jpg","caption":"Martha Cifuentes"},"sameAs":["http:\/\/www.marthacifuentes.com"],"url":"https:\/\/marthacifuentes.com\/portada\/author\/martha\/"}]}},"_links":{"self":[{"href":"https:\/\/marthacifuentes.com\/portada\/wp-json\/wp\/v2\/posts\/29636","targetHints":{"allow":["GET"]}}],"collection":[{"href":"https:\/\/marthacifuentes.com\/portada\/wp-json\/wp\/v2\/posts"}],"about":[{"href":"https:\/\/marthacifuentes.com\/portada\/wp-json\/wp\/v2\/types\/post"}],"author":[{"embeddable":true,"href":"https:\/\/marthacifuentes.com\/portada\/wp-json\/wp\/v2\/users\/2"}],"replies":[{"embeddable":true,"href":"https:\/\/marthacifuentes.com\/portada\/wp-json\/wp\/v2\/comments?post=29636"}],"version-history":[{"count":1,"href":"https:\/\/marthacifuentes.com\/portada\/wp-json\/wp\/v2\/posts\/29636\/revisions"}],"predecessor-version":[{"id":29640,"href":"https:\/\/marthacifuentes.com\/portada\/wp-json\/wp\/v2\/posts\/29636\/revisions\/29640"}],"wp:featuredmedia":[{"embeddable":true,"href":"https:\/\/marthacifuentes.com\/portada\/wp-json\/wp\/v2\/media\/29639"}],"wp:attachment":[{"href":"https:\/\/marthacifuentes.com\/portada\/wp-json\/wp\/v2\/media?parent=29636"}],"wp:term":[{"taxonomy":"category","embeddable":true,"href":"https:\/\/marthacifuentes.com\/portada\/wp-json\/wp\/v2\/categories?post=29636"},{"taxonomy":"post_tag","embeddable":true,"href":"https:\/\/marthacifuentes.com\/portada\/wp-json\/wp\/v2\/tags?post=29636"}],"curies":[{"name":"wp","href":"https:\/\/api.w.org\/{rel}","templated":true}]}}