{"id":29783,"date":"2022-08-01T15:09:24","date_gmt":"2022-08-01T20:09:24","guid":{"rendered":"https:\/\/marthacifuentes.com\/portada\/?p=29783"},"modified":"2022-08-01T15:09:24","modified_gmt":"2022-08-01T20:09:24","slug":"procuraduria-formulo-pliego-de-cargos-contra-exalcalde-de-yopal-jorge-garcia-lizarazo-por-convenio-del-pimur","status":"publish","type":"post","link":"https:\/\/marthacifuentes.com\/portada\/procuraduria-formulo-pliego-de-cargos-contra-exalcalde-de-yopal-jorge-garcia-lizarazo-por-convenio-del-pimur\/","title":{"rendered":"Procuradur\u00eda formul\u00f3 pliego de cargos contra exalcalde de Yopal, Jorge Garc\u00eda Lizarazo, por convenio del Pimur"},"content":{"rendered":"<p style=\"text-align: justify;\">La Procuradur\u00eda General de la Naci\u00f3n\u00a0formul\u00f3 pliego de cargos contra los exalcaldes de Yopal, Jorge Garc\u00eda Lizarazo (marzo &#8211; diciembre 2015) y Pedro Julio Mart\u00ednez Cristancho (encargado entre el 16 y el 19 de junio 2015), as\u00ed como a la jefe de la oficina Asesora Jur\u00eddica de la ciudad, Leydi Johana Hern\u00e1ndez Oviedo (abril &#8211; diciembre 2015), quienes\u00a0habr\u00edan evadido los procedimientos de selecci\u00f3n objetiva del contratista.<\/p>\n<p style=\"text-align: justify;\">Al parecer,\u00a0Garc\u00eda Lizarazo no habr\u00eda culminado un proceso de contrataci\u00f3n y en su lugar habr\u00eda celebrado, mediante contrataci\u00f3n directa, un convenio de cooperaci\u00f3n\u00a0que ten\u00eda un objeto similar al proceso inicial, orientado a beneficiar a poblaci\u00f3n de la tercera edad.<\/p>\n<p style=\"text-align: justify;\">Igual situaci\u00f3n se habr\u00eda presentado con el exalcalde encargado\u00a0Mart\u00ednez Cristancho, quien suscribi\u00f3 de forma directa un convenio de cooperaci\u00f3n\u00a0para desarrollar el diagn\u00f3stico y formulaci\u00f3n del plan integrado de movilidad urbana y rural PIMUR de Yopal,\u00a0meses despu\u00e9s de que se hab\u00eda iniciado un proceso de contrataci\u00f3n mediante concurso de m\u00e9ritos para suplir esta necesidad, el cual habr\u00eda quedado detenido.<\/p>\n<p style=\"text-align: justify;\">Se cuestiona tambi\u00e9n al exmandatario Mart\u00ednez Cristancho, como alcalde encargado, por la presunta terminaci\u00f3n unilateral de un convenio interadministrativo celebrado con la Corporaci\u00f3n Aut\u00f3noma Regional de la Orinoqu\u00eda (Corporinoquia) y su posterior liquidaci\u00f3n unilateral, sin que se presentaran las causales previstas en la Ley para ello.<\/p>\n<p style=\"text-align: justify;\">D\u00edas despu\u00e9s, el investigado celebr\u00f3 un nuevo convenio de cooperaci\u00f3n, el cual ten\u00eda un objeto similar al suscrito con Corporinoquia, fundamentado en normas que permiten a las entidades territoriales celebrar contratos de manera directa con entidades privadas sin \u00e1nimo de lucro, con el prop\u00f3sito de impulsar programas y actividades de inter\u00e9s p\u00fablico que estas tengan y que sean acordes con el Plan de Desarrollo de la respectiva entidad territorial.<\/p>\n<p style=\"text-align: justify;\">Por \u00faltimo, el Ministerio P\u00fablico formul\u00f3 cargos contra\u00a0Leydi Hern\u00e1ndez Oviedo, quien en su condici\u00f3n de jefe de la oficina jur\u00eddica de Yopal (Casanare),\u00a0habr\u00eda aprobado los estudios previos y el texto de los tres convenios de cooperaci\u00f3n firmados por los exalcaldes, objetos de cuestionamiento.<\/p>\n<p style=\"text-align: justify;\">El ente de control calific\u00f3 provisionalmente las presuntas conductas de los tres investigados como\u00a0falta grav\u00edsima cometida a t\u00edtulo de culpa grav\u00edsima.<\/p>\n<h2><strong>Otras noticias&#8230;<\/strong><\/h2>\n<blockquote class=\"wp-embedded-content\" data-secret=\"3KcDs0ouxz\"><p><a href=\"https:\/\/marthacifuentes.com\/portada\/2022\/08\/01\/con-tutelas-consorcios-se-disputan-multimillonario-contrato-de-pavimentacion-de-via-en-mani\/\">Con tutelas consorcios, se disputan multimillonario contrato de pavimentaci\u00f3n de v\u00eda en Man\u00ed<\/a><\/p><\/blockquote>\n<p><iframe loading=\"lazy\" class=\"wp-embedded-content\" sandbox=\"allow-scripts\" security=\"restricted\" style=\"position: absolute; clip: rect(1px, 1px, 1px, 1px);\" title=\"\u00abCon tutelas consorcios, se disputan multimillonario contrato de pavimentaci\u00f3n de v\u00eda en Man\u00ed\u00bb \u2014 \u25b7 Noticias de Casanare : Martha Cifuentes | Casanare\" src=\"https:\/\/marthacifuentes.com\/portada\/2022\/08\/01\/con-tutelas-consorcios-se-disputan-multimillonario-contrato-de-pavimentacion-de-via-en-mani\/embed\/#?secret=qkZjdF3LjF#?secret=3KcDs0ouxz\" data-secret=\"3KcDs0ouxz\" width=\"500\" height=\"282\" frameborder=\"0\" marginwidth=\"0\" marginheight=\"0\" scrolling=\"no\"><\/iframe><\/p>\n<p>&nbsp;<\/p>\n<p>&nbsp;<\/p>\n<p>&nbsp;<\/p>\n<p>&nbsp;<\/p>\n<p>&nbsp;<\/p>\n<p>&nbsp;<\/p>\n<p>&nbsp;<\/p>\n<p>&nbsp;<\/p>\n<p>&nbsp;<\/p>\n<p>&nbsp;<\/p>\n<p>&nbsp;<\/p>\n<p>&nbsp;<\/p>\n<p>&nbsp;<\/p>\n<p>&nbsp;<\/p>\n<p>&nbsp;<\/p>\n<p>&nbsp;<\/p>\n<p>&nbsp;<\/p>\n<p>&nbsp;<\/p>\n<p>&nbsp;<\/p>\n<p>&nbsp;<\/p>\n<p>&nbsp;<\/p>\n<p>&nbsp;<\/p>\n<p>&nbsp;<\/p>\n<p>&nbsp;<\/p>\n<p>&nbsp;<\/p>\n<p>&nbsp;<\/p>\n<p>&nbsp;<\/p>\n<p>&nbsp;<\/p>\n<p>&nbsp;<\/p>\n<p>&nbsp;<\/p>\n<p>&nbsp;<\/p>\n<p>&nbsp;<\/p>\n<p>&nbsp;<\/p>\n<p>&nbsp;<\/p>\n<p>&nbsp;<\/p>\n<p>&nbsp;<\/p>\n<p>&nbsp;<\/p>\n<p>&nbsp;<\/p>\n<p>&nbsp;<\/p>\n<p>&nbsp;<\/p>\n<p>&nbsp;<\/p>\n<p>&nbsp;<\/p>\n<p>&nbsp;<\/p>\n<p>&nbsp;<\/p>\n<p>&nbsp;<\/p>\n<p>&nbsp;<\/p>\n<p>&nbsp;<\/p>\n<p>&nbsp;<\/p>\n<p>&nbsp;<\/p>\n<p>&nbsp;<\/p>\n<p>&nbsp;<\/p>\n<p>&nbsp;<\/p>\n<p>&nbsp;<\/p>\n<p>&nbsp;<\/p>\n<p>&nbsp;<\/p>\n<p>&nbsp;<\/p>\n<p>&nbsp;<\/p>\n<p>&nbsp;<\/p>\n<p>&nbsp;<\/p>\n<p>&nbsp;<\/p>\n<p>&nbsp;<\/p>\n<p>&nbsp;<\/p>\n<p>&nbsp;<\/p>\n<p>&nbsp;<\/p>\n<p>&nbsp;<\/p>\n<p>&nbsp;<\/p>\n<p>&nbsp;<\/p>\n<p>&nbsp;<\/p>\n<p>&nbsp;<\/p>\n<p>&nbsp;<\/p>\n<p>&nbsp;<\/p>\n<p>&nbsp;<\/p>\n<p>&nbsp;<\/p>\n<p>&nbsp;<\/p>\n<p>&nbsp;<\/p>\n<p>&nbsp;<\/p>\n<p>&nbsp;<\/p>\n<p>&nbsp;<\/p>\n<p>&nbsp;<\/p>\n<p>&nbsp;<\/p>\n<p>&nbsp;<\/p>\n<p>&nbsp;<\/p>\n<p>&nbsp;<\/p>\n<p>&nbsp;<\/p>\n<p>&nbsp;<\/p>\n<p>&nbsp;<\/p>\n<p>&nbsp;<\/p>\n<p>&nbsp;<\/p>\n<p>&nbsp;<\/p>\n<p>&nbsp;<\/p>\n<p>&nbsp;<\/p>\n<p>&nbsp;<\/p>\n<p>&nbsp;<\/p>\n<p>&nbsp;<\/p>\n<p>&nbsp;<\/p>\n<p>&nbsp;<\/p>\n<p>&nbsp;<\/p>\n<p>&nbsp;<\/p>\n<p>&nbsp;<\/p>\n<p>&nbsp;<\/p>\n<p>&nbsp;<\/p>\n<p>&nbsp;<\/p>\n<p>&nbsp;<\/p>\n<p>&nbsp;<\/p>\n<p>&nbsp;<\/p>\n","protected":false},"excerpt":{"rendered":"<p>La Procuradur\u00eda General de la Naci\u00f3n\u00a0formul\u00f3 pliego de cargos contra los exalcaldes de Yopal, Jorge Garc\u00eda Lizarazo (marzo &#8211; diciembre 2015) y Pedro Julio Mart\u00ednez Cristancho (encargado entre el 16 y el 19 de junio 2015), as\u00ed como a la jefe de la oficina Asesora Jur\u00eddica de la ciudad, Leydi Johana Hern\u00e1ndez Oviedo (abril &#8211; &hellip;<\/p>\n","protected":false},"author":2,"featured_media":29784,"comment_status":"open","ping_status":"open","sticky":false,"template":"","format":"standard","meta":{"om_disable_all_campaigns":false,"_exactmetrics_skip_tracking":false,"_exactmetrics_sitenote_active":false,"_exactmetrics_sitenote_note":"","_exactmetrics_sitenote_category":0,"_monsterinsights_skip_tracking":false,"_monsterinsights_sitenote_active":false,"_monsterinsights_sitenote_note":"","_monsterinsights_sitenote_category":0,"_uf_show_specific_survey":0,"_uf_disable_surveys":false,"_joinchat":[],"footnotes":""},"categories":[147,146,145],"tags":[1373,1400,8234,8233],"class_list":["post-29783","post","type-post","status-publish","format-standard","has-post-thumbnail","hentry","category-actualidad","category-noticias","category-reportajes","tag-casanare-noticias","tag-noticias-casanare","tag-noticias-yopal-alcade-jorge-garcia-lizarazo","tag-procuraduria-formula-pliego-de-cargos-exalcalde-jorge-garcia-lizarazo-y-pedro-julio-martinez"],"yoast_head":"<!-- This site is optimized with the Yoast SEO plugin v26.1 - https:\/\/yoast.com\/wordpress\/plugins\/seo\/ -->\n<title>Procuradur\u00eda formul\u00f3 pliego de cargos contra exalcalde de Yopal, Jorge Garc\u00eda Lizarazo, por convenio del Pimur - \u25b7 Noticias de Casanare : Martha Cifuentes | Casanare<\/title>\n<meta name=\"robots\" content=\"index, follow, max-snippet:-1, max-image-preview:large, max-video-preview:-1\" \/>\n<link rel=\"canonical\" href=\"https:\/\/marthacifuentes.com\/portada\/procuraduria-formulo-pliego-de-cargos-contra-exalcalde-de-yopal-jorge-garcia-lizarazo-por-convenio-del-pimur\/\" \/>\n<meta property=\"og:locale\" content=\"es_ES\" \/>\n<meta property=\"og:type\" content=\"article\" \/>\n<meta property=\"og:title\" content=\"Procuradur\u00eda formul\u00f3 pliego de cargos contra exalcalde de Yopal, Jorge Garc\u00eda Lizarazo, por convenio del Pimur - \u25b7 Noticias de Casanare : Martha Cifuentes | Casanare\" \/>\n<meta property=\"og:description\" content=\"La Procuradur\u00eda General de la Naci\u00f3n\u00a0formul\u00f3 pliego de cargos contra los exalcaldes de Yopal, Jorge Garc\u00eda Lizarazo (marzo &#8211; diciembre 2015) y Pedro Julio Mart\u00ednez Cristancho (encargado entre el 16 y el 19 de junio 2015), as\u00ed como a la jefe de la oficina Asesora Jur\u00eddica de la ciudad, Leydi Johana Hern\u00e1ndez Oviedo (abril &#8211; &hellip;\" \/>\n<meta property=\"og:url\" content=\"https:\/\/marthacifuentes.com\/portada\/procuraduria-formulo-pliego-de-cargos-contra-exalcalde-de-yopal-jorge-garcia-lizarazo-por-convenio-del-pimur\/\" \/>\n<meta property=\"og:site_name\" content=\"\u25b7 Noticias de Casanare : Martha Cifuentes | Casanare\" \/>\n<meta property=\"article:published_time\" content=\"2022-08-01T20:09:24+00:00\" \/>\n<meta property=\"og:image\" content=\"https:\/\/marthacifuentes.com\/portada\/wp-content\/uploads\/2022\/08\/jorge-garcia-lizarazo-2.jpg\" \/>\n\t<meta property=\"og:image:width\" content=\"604\" \/>\n\t<meta property=\"og:image:height\" content=\"402\" \/>\n\t<meta property=\"og:image:type\" content=\"image\/jpeg\" \/>\n<meta name=\"author\" content=\"Martha Cifuentes\" \/>\n<meta name=\"twitter:card\" content=\"summary_large_image\" \/>\n<meta name=\"twitter:label1\" content=\"Escrito por\" \/>\n\t<meta name=\"twitter:data1\" content=\"Martha Cifuentes\" \/>\n\t<meta name=\"twitter:label2\" content=\"Tiempo de lectura\" \/>\n\t<meta name=\"twitter:data2\" content=\"3 minutos\" \/>\n<script type=\"application\/ld+json\" class=\"yoast-schema-graph\">{\"@context\":\"https:\/\/schema.org\",\"@graph\":[{\"@type\":\"WebPage\",\"@id\":\"https:\/\/marthacifuentes.com\/portada\/procuraduria-formulo-pliego-de-cargos-contra-exalcalde-de-yopal-jorge-garcia-lizarazo-por-convenio-del-pimur\/\",\"url\":\"https:\/\/marthacifuentes.com\/portada\/procuraduria-formulo-pliego-de-cargos-contra-exalcalde-de-yopal-jorge-garcia-lizarazo-por-convenio-del-pimur\/\",\"name\":\"Procuradur\u00eda formul\u00f3 pliego de cargos contra exalcalde de Yopal, Jorge Garc\u00eda Lizarazo, por convenio del Pimur - \u25b7 Noticias de Casanare : Martha Cifuentes | Casanare\",\"isPartOf\":{\"@id\":\"https:\/\/marthacifuentes.com\/portada\/#website\"},\"primaryImageOfPage\":{\"@id\":\"https:\/\/marthacifuentes.com\/portada\/procuraduria-formulo-pliego-de-cargos-contra-exalcalde-de-yopal-jorge-garcia-lizarazo-por-convenio-del-pimur\/#primaryimage\"},\"image\":{\"@id\":\"https:\/\/marthacifuentes.com\/portada\/procuraduria-formulo-pliego-de-cargos-contra-exalcalde-de-yopal-jorge-garcia-lizarazo-por-convenio-del-pimur\/#primaryimage\"},\"thumbnailUrl\":\"https:\/\/marthacifuentes.com\/portada\/wp-content\/uploads\/2022\/08\/jorge-garcia-lizarazo-2.jpg\",\"datePublished\":\"2022-08-01T20:09:24+00:00\",\"author\":{\"@id\":\"https:\/\/marthacifuentes.com\/portada\/#\/schema\/person\/57f53174b991db5f90ff78d58502b714\"},\"breadcrumb\":{\"@id\":\"https:\/\/marthacifuentes.com\/portada\/procuraduria-formulo-pliego-de-cargos-contra-exalcalde-de-yopal-jorge-garcia-lizarazo-por-convenio-del-pimur\/#breadcrumb\"},\"inLanguage\":\"es\",\"potentialAction\":[{\"@type\":\"ReadAction\",\"target\":[\"https:\/\/marthacifuentes.com\/portada\/procuraduria-formulo-pliego-de-cargos-contra-exalcalde-de-yopal-jorge-garcia-lizarazo-por-convenio-del-pimur\/\"]}]},{\"@type\":\"ImageObject\",\"inLanguage\":\"es\",\"@id\":\"https:\/\/marthacifuentes.com\/portada\/procuraduria-formulo-pliego-de-cargos-contra-exalcalde-de-yopal-jorge-garcia-lizarazo-por-convenio-del-pimur\/#primaryimage\",\"url\":\"https:\/\/marthacifuentes.com\/portada\/wp-content\/uploads\/2022\/08\/jorge-garcia-lizarazo-2.jpg\",\"contentUrl\":\"https:\/\/marthacifuentes.com\/portada\/wp-content\/uploads\/2022\/08\/jorge-garcia-lizarazo-2.jpg\",\"width\":604,\"height\":402},{\"@type\":\"BreadcrumbList\",\"@id\":\"https:\/\/marthacifuentes.com\/portada\/procuraduria-formulo-pliego-de-cargos-contra-exalcalde-de-yopal-jorge-garcia-lizarazo-por-convenio-del-pimur\/#breadcrumb\",\"itemListElement\":[{\"@type\":\"ListItem\",\"position\":1,\"name\":\"Portada\",\"item\":\"https:\/\/marthacifuentes.com\/portada\/\"},{\"@type\":\"ListItem\",\"position\":2,\"name\":\"Procuradur\u00eda formul\u00f3 pliego de cargos contra exalcalde de Yopal, Jorge Garc\u00eda Lizarazo, por convenio del Pimur\"}]},{\"@type\":\"WebSite\",\"@id\":\"https:\/\/marthacifuentes.com\/portada\/#website\",\"url\":\"https:\/\/marthacifuentes.com\/portada\/\",\"name\":\"\u25b7 Noticias de Casanare : Martha Cifuentes | Casanare\",\"description\":\"Noticias &amp; Contenidos\",\"potentialAction\":[{\"@type\":\"SearchAction\",\"target\":{\"@type\":\"EntryPoint\",\"urlTemplate\":\"https:\/\/marthacifuentes.com\/portada\/?s={search_term_string}\"},\"query-input\":{\"@type\":\"PropertyValueSpecification\",\"valueRequired\":true,\"valueName\":\"search_term_string\"}}],\"inLanguage\":\"es\"},{\"@type\":\"Person\",\"@id\":\"https:\/\/marthacifuentes.com\/portada\/#\/schema\/person\/57f53174b991db5f90ff78d58502b714\",\"name\":\"Martha Cifuentes\",\"image\":{\"@type\":\"ImageObject\",\"inLanguage\":\"es\",\"@id\":\"https:\/\/marthacifuentes.com\/portada\/#\/schema\/person\/image\/\",\"url\":\"http:\/\/marthacifuentes.com\/portada\/wp-content\/uploads\/2018\/06\/avatar_user_2_1528838701-96x96.jpg\",\"contentUrl\":\"http:\/\/marthacifuentes.com\/portada\/wp-content\/uploads\/2018\/06\/avatar_user_2_1528838701-96x96.jpg\",\"caption\":\"Martha Cifuentes\"},\"sameAs\":[\"http:\/\/www.marthacifuentes.com\"],\"url\":\"https:\/\/marthacifuentes.com\/portada\/author\/martha\/\"}]}<\/script>\n<!-- \/ Yoast SEO plugin. -->","yoast_head_json":{"title":"Procuradur\u00eda formul\u00f3 pliego de cargos contra exalcalde de Yopal, Jorge Garc\u00eda Lizarazo, por convenio del Pimur - \u25b7 Noticias de Casanare : Martha Cifuentes | Casanare","robots":{"index":"index","follow":"follow","max-snippet":"max-snippet:-1","max-image-preview":"max-image-preview:large","max-video-preview":"max-video-preview:-1"},"canonical":"https:\/\/marthacifuentes.com\/portada\/procuraduria-formulo-pliego-de-cargos-contra-exalcalde-de-yopal-jorge-garcia-lizarazo-por-convenio-del-pimur\/","og_locale":"es_ES","og_type":"article","og_title":"Procuradur\u00eda formul\u00f3 pliego de cargos contra exalcalde de Yopal, Jorge Garc\u00eda Lizarazo, por convenio del Pimur - \u25b7 Noticias de Casanare : Martha Cifuentes | Casanare","og_description":"La Procuradur\u00eda General de la Naci\u00f3n\u00a0formul\u00f3 pliego de cargos contra los exalcaldes de Yopal, Jorge Garc\u00eda Lizarazo (marzo &#8211; diciembre 2015) y Pedro Julio Mart\u00ednez Cristancho (encargado entre el 16 y el 19 de junio 2015), as\u00ed como a la jefe de la oficina Asesora Jur\u00eddica de la ciudad, Leydi Johana Hern\u00e1ndez Oviedo (abril &#8211; &hellip;","og_url":"https:\/\/marthacifuentes.com\/portada\/procuraduria-formulo-pliego-de-cargos-contra-exalcalde-de-yopal-jorge-garcia-lizarazo-por-convenio-del-pimur\/","og_site_name":"\u25b7 Noticias de Casanare : Martha Cifuentes | Casanare","article_published_time":"2022-08-01T20:09:24+00:00","og_image":[{"width":604,"height":402,"url":"https:\/\/marthacifuentes.com\/portada\/wp-content\/uploads\/2022\/08\/jorge-garcia-lizarazo-2.jpg","type":"image\/jpeg"}],"author":"Martha Cifuentes","twitter_card":"summary_large_image","twitter_misc":{"Escrito por":"Martha Cifuentes","Tiempo de lectura":"3 minutos"},"schema":{"@context":"https:\/\/schema.org","@graph":[{"@type":"WebPage","@id":"https:\/\/marthacifuentes.com\/portada\/procuraduria-formulo-pliego-de-cargos-contra-exalcalde-de-yopal-jorge-garcia-lizarazo-por-convenio-del-pimur\/","url":"https:\/\/marthacifuentes.com\/portada\/procuraduria-formulo-pliego-de-cargos-contra-exalcalde-de-yopal-jorge-garcia-lizarazo-por-convenio-del-pimur\/","name":"Procuradur\u00eda formul\u00f3 pliego de cargos contra exalcalde de Yopal, Jorge Garc\u00eda Lizarazo, por convenio del Pimur - \u25b7 Noticias de Casanare : Martha Cifuentes | Casanare","isPartOf":{"@id":"https:\/\/marthacifuentes.com\/portada\/#website"},"primaryImageOfPage":{"@id":"https:\/\/marthacifuentes.com\/portada\/procuraduria-formulo-pliego-de-cargos-contra-exalcalde-de-yopal-jorge-garcia-lizarazo-por-convenio-del-pimur\/#primaryimage"},"image":{"@id":"https:\/\/marthacifuentes.com\/portada\/procuraduria-formulo-pliego-de-cargos-contra-exalcalde-de-yopal-jorge-garcia-lizarazo-por-convenio-del-pimur\/#primaryimage"},"thumbnailUrl":"https:\/\/marthacifuentes.com\/portada\/wp-content\/uploads\/2022\/08\/jorge-garcia-lizarazo-2.jpg","datePublished":"2022-08-01T20:09:24+00:00","author":{"@id":"https:\/\/marthacifuentes.com\/portada\/#\/schema\/person\/57f53174b991db5f90ff78d58502b714"},"breadcrumb":{"@id":"https:\/\/marthacifuentes.com\/portada\/procuraduria-formulo-pliego-de-cargos-contra-exalcalde-de-yopal-jorge-garcia-lizarazo-por-convenio-del-pimur\/#breadcrumb"},"inLanguage":"es","potentialAction":[{"@type":"ReadAction","target":["https:\/\/marthacifuentes.com\/portada\/procuraduria-formulo-pliego-de-cargos-contra-exalcalde-de-yopal-jorge-garcia-lizarazo-por-convenio-del-pimur\/"]}]},{"@type":"ImageObject","inLanguage":"es","@id":"https:\/\/marthacifuentes.com\/portada\/procuraduria-formulo-pliego-de-cargos-contra-exalcalde-de-yopal-jorge-garcia-lizarazo-por-convenio-del-pimur\/#primaryimage","url":"https:\/\/marthacifuentes.com\/portada\/wp-content\/uploads\/2022\/08\/jorge-garcia-lizarazo-2.jpg","contentUrl":"https:\/\/marthacifuentes.com\/portada\/wp-content\/uploads\/2022\/08\/jorge-garcia-lizarazo-2.jpg","width":604,"height":402},{"@type":"BreadcrumbList","@id":"https:\/\/marthacifuentes.com\/portada\/procuraduria-formulo-pliego-de-cargos-contra-exalcalde-de-yopal-jorge-garcia-lizarazo-por-convenio-del-pimur\/#breadcrumb","itemListElement":[{"@type":"ListItem","position":1,"name":"Portada","item":"https:\/\/marthacifuentes.com\/portada\/"},{"@type":"ListItem","position":2,"name":"Procuradur\u00eda formul\u00f3 pliego de cargos contra exalcalde de Yopal, Jorge Garc\u00eda Lizarazo, por convenio del Pimur"}]},{"@type":"WebSite","@id":"https:\/\/marthacifuentes.com\/portada\/#website","url":"https:\/\/marthacifuentes.com\/portada\/","name":"\u25b7 Noticias de Casanare : Martha Cifuentes | Casanare","description":"Noticias &amp; Contenidos","potentialAction":[{"@type":"SearchAction","target":{"@type":"EntryPoint","urlTemplate":"https:\/\/marthacifuentes.com\/portada\/?s={search_term_string}"},"query-input":{"@type":"PropertyValueSpecification","valueRequired":true,"valueName":"search_term_string"}}],"inLanguage":"es"},{"@type":"Person","@id":"https:\/\/marthacifuentes.com\/portada\/#\/schema\/person\/57f53174b991db5f90ff78d58502b714","name":"Martha Cifuentes","image":{"@type":"ImageObject","inLanguage":"es","@id":"https:\/\/marthacifuentes.com\/portada\/#\/schema\/person\/image\/","url":"http:\/\/marthacifuentes.com\/portada\/wp-content\/uploads\/2018\/06\/avatar_user_2_1528838701-96x96.jpg","contentUrl":"http:\/\/marthacifuentes.com\/portada\/wp-content\/uploads\/2018\/06\/avatar_user_2_1528838701-96x96.jpg","caption":"Martha Cifuentes"},"sameAs":["http:\/\/www.marthacifuentes.com"],"url":"https:\/\/marthacifuentes.com\/portada\/author\/martha\/"}]}},"_links":{"self":[{"href":"https:\/\/marthacifuentes.com\/portada\/wp-json\/wp\/v2\/posts\/29783","targetHints":{"allow":["GET"]}}],"collection":[{"href":"https:\/\/marthacifuentes.com\/portada\/wp-json\/wp\/v2\/posts"}],"about":[{"href":"https:\/\/marthacifuentes.com\/portada\/wp-json\/wp\/v2\/types\/post"}],"author":[{"embeddable":true,"href":"https:\/\/marthacifuentes.com\/portada\/wp-json\/wp\/v2\/users\/2"}],"replies":[{"embeddable":true,"href":"https:\/\/marthacifuentes.com\/portada\/wp-json\/wp\/v2\/comments?post=29783"}],"version-history":[{"count":1,"href":"https:\/\/marthacifuentes.com\/portada\/wp-json\/wp\/v2\/posts\/29783\/revisions"}],"predecessor-version":[{"id":29785,"href":"https:\/\/marthacifuentes.com\/portada\/wp-json\/wp\/v2\/posts\/29783\/revisions\/29785"}],"wp:featuredmedia":[{"embeddable":true,"href":"https:\/\/marthacifuentes.com\/portada\/wp-json\/wp\/v2\/media\/29784"}],"wp:attachment":[{"href":"https:\/\/marthacifuentes.com\/portada\/wp-json\/wp\/v2\/media?parent=29783"}],"wp:term":[{"taxonomy":"category","embeddable":true,"href":"https:\/\/marthacifuentes.com\/portada\/wp-json\/wp\/v2\/categories?post=29783"},{"taxonomy":"post_tag","embeddable":true,"href":"https:\/\/marthacifuentes.com\/portada\/wp-json\/wp\/v2\/tags?post=29783"}],"curies":[{"name":"wp","href":"https:\/\/api.w.org\/{rel}","templated":true}]}}