{"id":29786,"date":"2022-08-02T14:20:17","date_gmt":"2022-08-02T19:20:17","guid":{"rendered":"https:\/\/marthacifuentes.com\/portada\/?p=29786"},"modified":"2022-08-02T14:38:54","modified_gmt":"2022-08-02T19:38:54","slug":"vuelve-jhon-calzones-ofreciedo-doblar-viviendas-de-la-bendicion-en-yopal","status":"publish","type":"post","link":"https:\/\/marthacifuentes.com\/portada\/vuelve-jhon-calzones-ofreciedo-doblar-viviendas-de-la-bendicion-en-yopal\/","title":{"rendered":"Vuelve \u00abJhon Calzones\u00bb, ofreciendo doblar viviendas de La Bendici\u00f3n, en Yopal"},"content":{"rendered":"<p style=\"text-align: justify;\">Como al que no quiere caldo se le dan dos tazas, como dice el dicho, reapareci\u00f3 el condenado urbanizador ilegal y destituido exalcalde de Yopal, Jhon Jairo Torres con un nuevo proyecto de urbanizaci\u00f3n, no similar a la Ciudadela La Bendici\u00f3n, del cual fue promotor, sino el doble, para realizarlo, seg\u00fan \u00e9l en Yopal.<\/p>\n<p style=\"text-align: justify;\">A trav\u00e9s de sus redes sociales el exconvicto expres\u00f3 que pretende dar soluci\u00f3n de vivienda a 10 mil familias, por lo que ya est\u00e1 haciendo los tramites correspondientes a la compra de terrenos que al menos le costar\u00edan 40 mil millones de pesos, y que seg\u00fan \u00e9l significar\u00eda 5 millones de pesos por lote.<\/p>\n<p style=\"text-align: justify;\">Expres\u00f3 textualmente que \u201cLos actuales mandatarios, ni el alcalde Luis Eduardo ni el Gobernador Salom\u00f3n, son capaces de hacer lo que yo hice ya: darle soluci\u00f3n de vivienda a 5 mil familias, ahora vamos por 10 mil, porque yo s\u00ed s\u00e9 c\u00f3mo es que se hacen estas soluciones para la gente necesitada que nunca tendr\u00e1 su vivienda con estos dirigentes\u201d.<\/p>\n<p style=\"text-align: justify;\">Recientemente varias personas, incluida su sobrina, han denunciado al urbanizador ilegal por amenazas, intimidaciones y terrorismo, al tratar de hacerlos desalojar por la fuerza las viviendas construidas en los lotes que \u00e9l mismo les vendi\u00f3, ilegalmente, en la ciudadela La Bendici\u00f3n. Personas que han preferido el anonimato, expresaron que, este sujeto ha sacado literalmente de sus viviendas a familias que adquirieron la propiedad de sus terrenos y las autoridades judiciales se han quedado cortas frente a los abusos de este.<\/p>\n<p style=\"text-align: justify;\">Cabe destacar que Jhon Calzones, como se le conoce por su otrora almac\u00e9n Caricias Intimas, promovi\u00f3 ilegalmente en 2014 la urbanizaci\u00f3n Ciudadela La Bendici\u00f3n, que todav\u00eda est\u00e1 en proceso de legalizaci\u00f3n, luego de un largo tr\u00e1mite y miles de millones de pesos apropiados para la adquisici\u00f3n de los predios El Copey, Manantiales y Claveles, entre otros, los cuales fueron comprados a la Sociedad de Activos Especiales, que ten\u00eda el dominio sobre los terrenos.<\/p>\n<p style=\"text-align: justify;\">Por su parte el alcalde de Yopal Luis Eduardo Castro, expres\u00f3 escuetamente sobre el tema, que en Planeaci\u00f3n no hay ning\u00fan proyecto radicado en tal sentido.<\/p>\n<div style=\"width: 426px;\" class=\"wp-video\"><!--[if lt IE 9]><script>document.createElement('video');<\/script><![endif]-->\n<video class=\"wp-video-shortcode\" id=\"video-29786-1\" width=\"426\" height=\"234\" preload=\"metadata\" controls=\"controls\"><source type=\"video\/mp4\" src=\"https:\/\/marthacifuentes.com\/portada\/wp-content\/uploads\/2022\/08\/Jhon-Jairo-Torres-promueve-otra-urbanizacion.mp4?_=1\" \/><a href=\"https:\/\/marthacifuentes.com\/portada\/wp-content\/uploads\/2022\/08\/Jhon-Jairo-Torres-promueve-otra-urbanizacion.mp4\">https:\/\/marthacifuentes.com\/portada\/wp-content\/uploads\/2022\/08\/Jhon-Jairo-Torres-promueve-otra-urbanizacion.mp4<\/a><\/video><\/div>\n<h2><strong>Otras noticias\u2026<\/strong><\/h2>\n<blockquote class=\"wp-embedded-content\" data-secret=\"E5YRu8d6ub\"><p><a href=\"https:\/\/marthacifuentes.com\/portada\/2022\/08\/01\/procuraduria-formulo-pliego-de-cargos-contra-exalcalde-de-yopal-jorge-garcia-lizarazo-por-convenio-del-pimur\/\">Procuradur\u00eda formul\u00f3 pliego de cargos contra exalcalde de Yopal, Jorge Garc\u00eda Lizarazo, por convenio del Pimur<\/a><\/p><\/blockquote>\n<p><iframe loading=\"lazy\" class=\"wp-embedded-content\" sandbox=\"allow-scripts\" security=\"restricted\" style=\"position: absolute; clip: rect(1px, 1px, 1px, 1px);\" title=\"\u00abProcuradur\u00eda formul\u00f3 pliego de cargos contra exalcalde de Yopal, Jorge Garc\u00eda Lizarazo, por convenio del Pimur\u00bb \u2014 \u25b7 Noticias de Casanare : Martha Cifuentes | Casanare\" src=\"https:\/\/marthacifuentes.com\/portada\/2022\/08\/01\/procuraduria-formulo-pliego-de-cargos-contra-exalcalde-de-yopal-jorge-garcia-lizarazo-por-convenio-del-pimur\/embed\/#?secret=NS1ua0bQLg#?secret=E5YRu8d6ub\" data-secret=\"E5YRu8d6ub\" width=\"500\" height=\"282\" frameborder=\"0\" marginwidth=\"0\" marginheight=\"0\" scrolling=\"no\"><\/iframe><\/p>\n<p><iframe loading=\"lazy\" class=\"wp-embedded-content\" title=\"\u00abCon tutela se logra colar contratista en licitaci\u00f3n multimillonaria en Man\u00ed. Juez orden\u00f3 su habilitaci\u00f3n para participar del proceso.\u00bb \u2014 \u25b7 Noticias de Casanare : Martha Cifuentes | Casanare\" src=\"https:\/\/marthacifuentes.com\/portada\/2022\/07\/29\/con-tutela-se-logra-colar-contratista-en-licitacion-multimillonaria-en-mani-juez-ordeno-su-habilitacion-para-participar-del-proceso\/embed\/#?secret=SgmEdGZVn6#?secret=sMekk9bWZN\" width=\"600\" height=\"614\" frameborder=\"0\" marginwidth=\"0\" marginheight=\"0\" scrolling=\"no\" sandbox=\"allow-scripts\" data-secret=\"sMekk9bWZN\" data-mce-fragment=\"1\"><\/iframe><\/p>\n<p><iframe loading=\"lazy\" class=\"wp-embedded-content\" title=\"\u00abEn Man\u00ed asesinado otro ganadero. Viv\u00eda en finca Frontera, que es objeto de disputa territorial\u00bb \u2014 \u25b7 Noticias de Casanare : Martha Cifuentes | Casanare\" src=\"https:\/\/marthacifuentes.com\/portada\/2022\/07\/29\/en-mani-asesinado-otro-ganadero-vivia-en-finca-frontera-que-es-objeto-de-disputa-territorial\/embed\/#?secret=qOEEskB6Ju#?secret=cFQBZZAzAw\" width=\"600\" height=\"600\" frameborder=\"0\" marginwidth=\"0\" marginheight=\"0\" scrolling=\"no\" sandbox=\"allow-scripts\" data-secret=\"cFQBZZAzAw\" data-mce-fragment=\"1\"><\/iframe><\/p>\n<p><iframe loading=\"lazy\" class=\"wp-embedded-content\" title=\"\u00abPaz de Ariporo ya tiene designado alcalde ad hoc en relaci\u00f3n a proceso de revocatoria del mandato de la alcaldesa Eunice Escobar\u00bb \u2014 \u25b7 Noticias de Casanare : Martha Cifuentes | Casanare\" src=\"https:\/\/marthacifuentes.com\/portada\/2022\/07\/27\/paz-de-ariporo-ya-tiene-designado-alcalde-ad-hoc-en-relacion-a-proceso-de-revocatoria-del-mandato-de-la-alcaldesa-eunice-escobar\/embed\/#?secret=2SFkze7RRm#?secret=FlVMCWm3bO\" width=\"600\" height=\"649\" frameborder=\"0\" marginwidth=\"0\" marginheight=\"0\" scrolling=\"no\" sandbox=\"allow-scripts\" data-secret=\"FlVMCWm3bO\" data-mce-fragment=\"1\"><\/iframe><\/p>\n<p><iframe loading=\"lazy\" class=\"wp-embedded-content\" title=\"\u00abContratista de atenci\u00f3n a adulto mayor en Tauramena no le paga a sus empleados y proveedores\u00bb \u2014 \u25b7 Noticias de Casanare : Martha Cifuentes | Casanare\" src=\"https:\/\/marthacifuentes.com\/portada\/2022\/07\/26\/contratista-de-atencion-a-adulto-mayor-en-tauramena-no-le-paga-a-sus-empleados-y-proveedores\/embed\/#?secret=7hebe8G12d#?secret=iVDK3TNzpa\" width=\"600\" height=\"621\" frameborder=\"0\" marginwidth=\"0\" marginheight=\"0\" scrolling=\"no\" sandbox=\"allow-scripts\" data-secret=\"iVDK3TNzpa\" data-mce-fragment=\"1\"><\/iframe><\/p>\n<p><iframe loading=\"lazy\" class=\"wp-embedded-content\" title=\"\u00abUn joven muerto y dos heridos, de una misma familia, deja intento de requisa policial en Yopal. Padre dijo que hubo exceso de fuerza.\u00bb \u2014 \u25b7 Noticias de Casanare : Martha Cifuentes | Casanare\" src=\"https:\/\/marthacifuentes.com\/portada\/2022\/07\/26\/un-joven-muerto-y-dos-heridos-de-una-misma-familia-deja-intento-de-requisa-policial-en-yopal-padre-dijo-que-hubo-exceso-de-fuerza\/embed\/#?secret=lOW3B3DF9r#?secret=flnQH5H0SD\" width=\"600\" height=\"649\" frameborder=\"0\" marginwidth=\"0\" marginheight=\"0\" scrolling=\"no\" sandbox=\"allow-scripts\" data-secret=\"flnQH5H0SD\" data-mce-fragment=\"1\"><\/iframe><\/p>\n<p><iframe loading=\"lazy\" class=\"wp-embedded-content\" title=\"\u00abEn una calle de Yopal muri\u00f3 una mujer ind\u00edgena, por posible enfermedad\u00bb \u2014 \u25b7 Noticias de Casanare : Martha Cifuentes | Casanare\" src=\"https:\/\/marthacifuentes.com\/portada\/2022\/07\/26\/en-una-calle-de-yopal-murio-una-mujer-indigena-por-posible-enfermedad\/embed\/#?secret=r0svj0HZse#?secret=Bj1C9oUg93\" width=\"600\" height=\"599\" frameborder=\"0\" marginwidth=\"0\" marginheight=\"0\" scrolling=\"no\" sandbox=\"allow-scripts\" data-secret=\"Bj1C9oUg93\" data-mce-fragment=\"1\"><\/iframe><\/p>\n<p><iframe loading=\"lazy\" class=\"wp-embedded-content\" title=\"\u00abAlcaldes de Man\u00ed y Paz de Ariporo \u201cvelan\u201d por sus contratos, uno de 105 mil millones y otro de 42 mil millones, respectivamente.\u00bb \u2014 \u25b7 Noticias de Casanare : Martha Cifuentes | Casanare\" src=\"https:\/\/marthacifuentes.com\/portada\/2022\/07\/26\/alcaldes-de-mani-y-paz-de-ariporo-velan-por-sus-contratos-uno-de-105-mil-millones-y-otro-de-42-mil-millones-respectivamente\/embed\/#?secret=Of0cygVdMu#?secret=owDJ6Euopl\" width=\"600\" height=\"628\" frameborder=\"0\" marginwidth=\"0\" marginheight=\"0\" scrolling=\"no\" sandbox=\"allow-scripts\" data-secret=\"owDJ6Euopl\" data-mce-fragment=\"1\"><\/iframe><\/p>\n<p><iframe loading=\"lazy\" class=\"wp-embedded-content\" title=\"\u00abSangre de 303 inocentes personas ba\u00f1\u00f3 a Casanare en forma de falsos positivos. JEP imput\u00f3 cargos contra militares y civiles involucrados\u00bb \u2014 \u25b7 Noticias de Casanare : Martha Cifuentes | Casanare\" src=\"https:\/\/marthacifuentes.com\/portada\/2022\/07\/25\/sangre-de-303-inocentes-personas-bano-a-casanare-en-forma-de-falsos-positivos-jep-imputo-cargos-contra-militares-y-civiles-involucrados\/embed\/#?secret=o3Inb9VVwa#?secret=d4JwNFcHbv\" width=\"600\" height=\"596\" frameborder=\"0\" marginwidth=\"0\" marginheight=\"0\" scrolling=\"no\" sandbox=\"allow-scripts\" data-secret=\"d4JwNFcHbv\" data-mce-fragment=\"1\"><\/iframe><\/p>\n<p><iframe loading=\"lazy\" class=\"wp-embedded-content\" title=\"\u00abA expensas de ladrones, inescrupulosos y violencia, colegios p\u00fablicos de Yopal, por no contar con servicio de vigilancia\u00bb \u2014 \u25b7 Noticias de Casanare : Martha Cifuentes | Casanare\" src=\"https:\/\/marthacifuentes.com\/portada\/2022\/07\/25\/a-expensas-de-ladrones-inescrupulosos-y-violencia-colegios-publicos-de-yopal-por-no-contar-con-servicio-de-vigilancia\/embed\/#?secret=S4pHSMGupw#?secret=bF4Xsn4E9s\" width=\"600\" height=\"357\" frameborder=\"0\" marginwidth=\"0\" marginheight=\"0\" scrolling=\"no\" sandbox=\"allow-scripts\" data-secret=\"bF4Xsn4E9s\" data-mce-fragment=\"1\"><\/iframe><\/p>\n<p><iframe loading=\"lazy\" class=\"wp-embedded-content\" title=\"\u00abConsorcio Gaviotas no cumplir\u00eda requisitos para licitaci\u00f3n de $105 mil millones de Man\u00ed, asegura oferente excluido\u00bb \u2014 \u25b7 Noticias de Casanare : Martha Cifuentes | Casanare\" src=\"https:\/\/marthacifuentes.com\/portada\/2022\/07\/21\/consorcio-gaviotas-no-cumpliria-requisitos-para-licitacion-de-105-mil-millones-de-mani-asegura-oferente-excluido\/embed\/#?secret=s9tRxlbjOl#?secret=V91b2Nf0m5\" width=\"600\" height=\"583\" frameborder=\"0\" marginwidth=\"0\" marginheight=\"0\" scrolling=\"no\" sandbox=\"allow-scripts\" data-secret=\"V91b2Nf0m5\" data-mce-fragment=\"1\"><\/iframe><\/p>\n<p><iframe loading=\"lazy\" class=\"wp-embedded-content\" title=\"\u00abGobernaci\u00f3n de Casanare con apoyo de MinAgricultura entreg\u00f3 maquinaria para fortalecer ganaderos\u00bb \u2014 \u25b7 Noticias de Casanare : Martha Cifuentes | Casanare\" src=\"https:\/\/marthacifuentes.com\/portada\/2022\/07\/21\/gobernacion-de-casanare-con-apoyo-de-minagricultura-entrego-maquinaria-para-fortalecer-ganaderos\/embed\/#?secret=KrMTHoMS6F#?secret=XRZ3P3TyPm\" width=\"600\" height=\"593\" frameborder=\"0\" marginwidth=\"0\" marginheight=\"0\" scrolling=\"no\" sandbox=\"allow-scripts\" data-secret=\"XRZ3P3TyPm\" data-mce-fragment=\"1\"><\/iframe><\/p>\n<p><iframe loading=\"lazy\" class=\"wp-embedded-content\" title=\"\u00abEn vilo podr\u00eda quedar nombramiento de nuevo director de Gesti\u00f3n del Riesgo de Casanare por falsedad en documento p\u00fablico\u00bb \u2014 \u25b7 Noticias de Casanare : Martha Cifuentes | Casanare\" src=\"https:\/\/marthacifuentes.com\/portada\/2022\/07\/19\/en-vilo-podria-quedar-nombramiento-de-nuevo-director-de-gestion-del-riesgo-de-casanare-por-falsedad-en-documento-publico\/embed\/#?secret=iU397smojr#?secret=pHWQVJpW6X\" width=\"600\" height=\"649\" frameborder=\"0\" marginwidth=\"0\" marginheight=\"0\" scrolling=\"no\" sandbox=\"allow-scripts\" data-secret=\"pHWQVJpW6X\" data-mce-fragment=\"1\"><\/iframe><\/p>\n<p><iframe loading=\"lazy\" class=\"wp-embedded-content\" title=\"\u00abPor tutela, Juzgado orden\u00f3 al alcalde de Man\u00ed, suspender cuestionada licitaci\u00f3n de 105 mil millones de pesos de v\u00eda intermunicipal\u00bb \u2014 \u25b7 Noticias de Casanare : Martha Cifuentes | Casanare\" src=\"https:\/\/marthacifuentes.com\/portada\/2022\/07\/19\/por-tutela-juzgado-ordeno-al-alcalde-de-mani-suspender-cuestionada-licitacion-de-105-mil-millones-de-pesos-de-via-intermunicipal\/embed\/#?secret=QOOcyXz8pM#?secret=8KEMHqoWiT\" width=\"600\" height=\"614\" frameborder=\"0\" marginwidth=\"0\" marginheight=\"0\" scrolling=\"no\" sandbox=\"allow-scripts\" data-secret=\"8KEMHqoWiT\" data-mce-fragment=\"1\"><\/iframe><\/p>\n<p><iframe loading=\"lazy\" class=\"wp-embedded-content\" title=\"\u00abSellados 8 establecimientos p\u00fablicos de venta de alcohol en Yopal por alterar la tranquilidad .\u00bb \u2014 \u25b7 Noticias de Casanare : Martha Cifuentes | Casanare\" src=\"https:\/\/marthacifuentes.com\/portada\/2022\/07\/18\/sellados-8-establecimientos-publicos-de-venta-de-alcohol-en-yopal-por-alterar-la-tranquilidad\/embed\/#?secret=Waa5TynOeK#?secret=5MUO55jtTj\" width=\"600\" height=\"621\" frameborder=\"0\" marginwidth=\"0\" marginheight=\"0\" scrolling=\"no\" sandbox=\"allow-scripts\" data-secret=\"5MUO55jtTj\" data-mce-fragment=\"1\"><\/iframe><\/p>\n<p><iframe loading=\"lazy\" class=\"wp-embedded-content\" title=\"\u00abInaugurada pavimentaci\u00f3n de 11 km de v\u00eda Central del Llano en Man\u00ed, pero falt\u00f3 arreglar tramo lleno de huecos.\u00bb \u2014 \u25b7 Noticias de Casanare : Martha Cifuentes | Casanare\" src=\"https:\/\/marthacifuentes.com\/portada\/2022\/07\/18\/inaugurada-pavimentacion-de-11-km-de-via-central-del-llano-en-mani-pero-falto-arreglar-tramo-lleno-de-huecos\/embed\/#?secret=zzo9vDXPXg#?secret=LT9Nn4TOq4\" width=\"600\" height=\"628\" frameborder=\"0\" marginwidth=\"0\" marginheight=\"0\" scrolling=\"no\" sandbox=\"allow-scripts\" data-secret=\"LT9Nn4TOq4\" data-mce-fragment=\"1\"><\/iframe><\/p>\n<p><iframe loading=\"lazy\" class=\"wp-embedded-content\" title=\"\u00abV\u00eda del Cusiana tiene problemas geol\u00f3gicos, geot\u00e9cnicos y clim\u00e1ticos por ello se buscar\u00eda nuevo trazado: Director del Inv\u00edas\u00bb \u2014 \u25b7 Noticias de Casanare : Martha Cifuentes | Casanare\" src=\"https:\/\/marthacifuentes.com\/portada\/2022\/07\/18\/via-del-cusiana-tiene-problemas-geologicos-geotecnicos-y-climaticos-por-ello-se-buscaria-nuevo-trazado-director-del-invias\/embed\/#?secret=Ab8R5jBQYo#?secret=gXP4inhH5U\" width=\"600\" height=\"649\" frameborder=\"0\" marginwidth=\"0\" marginheight=\"0\" scrolling=\"no\" sandbox=\"allow-scripts\" data-secret=\"gXP4inhH5U\" data-mce-fragment=\"1\"><\/iframe><\/p>\n<p><iframe loading=\"lazy\" class=\"wp-embedded-content\" title=\"\u00abAlcalde de Man\u00ed y su secretario de obras, investigados por la Procuradur\u00eda por cobrar coimas para adjudicar contratos\u00bb \u2014 \u25b7 Noticias de Casanare : Martha Cifuentes | Casanare\" src=\"https:\/\/marthacifuentes.com\/portada\/2022\/07\/18\/alcalde-de-mani-y-su-secretario-de-obras-investigados-por-la-procuraduria-por-cobrar-coimas-para-adjudicar-contratos\/embed\/#?secret=VjYiSd5qyP#?secret=s8WC8Liwi4\" width=\"600\" height=\"357\" frameborder=\"0\" marginwidth=\"0\" marginheight=\"0\" scrolling=\"no\" sandbox=\"allow-scripts\" data-secret=\"s8WC8Liwi4\" data-mce-fragment=\"1\"><\/iframe><\/p>\n<p><iframe loading=\"lazy\" class=\"wp-embedded-content\" title=\"\u00abSenadora Amanda Gonz\u00e1lez cuestion\u00f3 a alcaldesa de Paz de Ariporo y Gobernador de Casanare por negligentes.\u00bb \u2014 \u25b7 Noticias de Casanare : Martha Cifuentes | Casanare\" src=\"https:\/\/marthacifuentes.com\/portada\/2022\/07\/18\/senadora-amanda-gonzalez-cuestiono-a-alcaldesa-de-paz-de-ariporo-y-gobernador-de-casanare-por-negligentes\/embed\/#?secret=V1BHJZftt6#?secret=5aM1AEGsta\" width=\"600\" height=\"613\" frameborder=\"0\" marginwidth=\"0\" marginheight=\"0\" scrolling=\"no\" sandbox=\"allow-scripts\" data-secret=\"5aM1AEGsta\" data-mce-fragment=\"1\"><\/iframe><\/p>\n<p><iframe loading=\"lazy\" class=\"wp-embedded-content\" title=\"\u00abPor negligentes, el gobernador de Casanare y gerente de Acuatodos sancionados por Juzgado de Yopal\u00bb \u2014 \u25b7 Noticias de Casanare : Martha Cifuentes | Casanare\" src=\"https:\/\/marthacifuentes.com\/portada\/2022\/07\/15\/por-negligentes-el-gobernador-de-casanare-y-gerente-de-acuatodos-sancionados-por-juzgado-de-yopal\/embed\/#?secret=HY3x5fwLhD#?secret=bT2gnH8yWH\" width=\"600\" height=\"621\" frameborder=\"0\" marginwidth=\"0\" marginheight=\"0\" scrolling=\"no\" sandbox=\"allow-scripts\" data-secret=\"bT2gnH8yWH\" data-mce-fragment=\"1\"><\/iframe><\/p>\n<p><iframe loading=\"lazy\" class=\"wp-embedded-content\" title=\"\u00abSENA Yopal funcionar\u00e1 con planta solar fotovoltaica\u00bb \u2014 \u25b7 Noticias de Casanare : Martha Cifuentes | Casanare\" src=\"https:\/\/marthacifuentes.com\/portada\/2022\/07\/14\/sena-yopal-funcionara-con-planta-solar-fotovoltaica\/embed\/#?secret=djhHgxkTcP#?secret=dowyKpKXue\" width=\"600\" height=\"591\" frameborder=\"0\" marginwidth=\"0\" marginheight=\"0\" scrolling=\"no\" sandbox=\"allow-scripts\" data-secret=\"dowyKpKXue\" data-mce-fragment=\"1\"><\/iframe><\/p>\n<p><iframe loading=\"lazy\" class=\"wp-embedded-content\" title=\"\u00abSin pistas sobre responsables de hombre asesinado en zona rural de Man\u00ed, Casanare. Zona es \u00e1rea de influencia del Clan del Golfo.\u00bb \u2014 \u25b7 Noticias de Casanare : Martha Cifuentes | Casanare\" src=\"https:\/\/marthacifuentes.com\/portada\/2022\/07\/14\/sin-pistas-sobre-responsables-de-hombre-asesinado-en-zona-rural-de-mani-casanare-zona-es-area-de-influencia-del-clan-del-golfo\/embed\/#?secret=OlIM6bOz1N#?secret=uG2aKRoAVi\" width=\"600\" height=\"649\" frameborder=\"0\" marginwidth=\"0\" marginheight=\"0\" scrolling=\"no\" sandbox=\"allow-scripts\" data-secret=\"uG2aKRoAVi\" data-mce-fragment=\"1\"><\/iframe><\/p>\n<p><iframe loading=\"lazy\" class=\"wp-embedded-content\" title=\"\u00abMilitar casanare\u00f1o asesinado en combates con disidencias de las Farc en Corinto, Cauca.\u00bb \u2014 \u25b7 Noticias de Casanare : Martha Cifuentes | Casanare\" src=\"https:\/\/marthacifuentes.com\/portada\/2022\/07\/14\/militar-casanareno-asesinado-en-combates-con-disidencias-de-las-farc-en-corinto-cauca\/embed\/#?secret=n2YsPwZBYh#?secret=1jGsmyDv8W\" width=\"600\" height=\"621\" frameborder=\"0\" marginwidth=\"0\" marginheight=\"0\" scrolling=\"no\" sandbox=\"allow-scripts\" data-secret=\"1jGsmyDv8W\" data-mce-fragment=\"1\"><\/iframe><\/p>\n<p><iframe loading=\"lazy\" class=\"wp-embedded-content\" title=\"\u00abPolic\u00eda adscrito a comando de Casanare habr\u00eda asesinado (Feminicidio) a su pareja, una joven de Pore y luego se habr\u00eda suicidado.\u00bb \u2014 \u25b7 Noticias de Casanare : Martha Cifuentes | Casanare\" src=\"https:\/\/marthacifuentes.com\/portada\/2022\/07\/13\/policia-adscrito-a-comando-de-casanare-habria-asesinado-feminicidio-a-su-pareja-una-joven-de-pore-y-luego-se-habria-suicidado\/embed\/#?secret=ZOoF8XaW9A#?secret=pxDyKcOedF\" width=\"600\" height=\"628\" frameborder=\"0\" marginwidth=\"0\" marginheight=\"0\" scrolling=\"no\" sandbox=\"allow-scripts\" data-secret=\"pxDyKcOedF\" data-mce-fragment=\"1\"><\/iframe><\/p>\n<p><iframe loading=\"lazy\" class=\"wp-embedded-content\" title=\"\u00abCapturado en Yopal, Casanare, enlace del c\u00e1rtel de Sinaloa y el Eln. Lavaba dinero del narcotr\u00e1fico.\u00bb \u2014 \u25b7 Noticias de Casanare : Martha Cifuentes | Casanare\" src=\"https:\/\/marthacifuentes.com\/portada\/2022\/07\/12\/capturado-en-yopal-casanare-enlace-del-cartel-de-sinaloa-y-el-eln-lavaba-dinero-del-narcotrafico\/embed\/#?secret=8auzE9jPqb#?secret=Y1bl3tmkbB\" width=\"600\" height=\"621\" frameborder=\"0\" marginwidth=\"0\" marginheight=\"0\" scrolling=\"no\" sandbox=\"allow-scripts\" data-secret=\"Y1bl3tmkbB\" data-mce-fragment=\"1\"><\/iframe><\/p>\n<p><iframe loading=\"lazy\" class=\"wp-embedded-content\" title=\"\u00abMujer violada en sendero a la Virgen en Yopal. Depredador sexual capturado en flagrancia\u00bb \u2014 \u25b7 Noticias de Casanare : Martha Cifuentes | Casanare\" src=\"https:\/\/marthacifuentes.com\/portada\/2022\/07\/12\/mujer-violada-en-sendero-a-la-virgen-en-yopal-depredador-sexual-capturado-en-flagrancia\/embed\/#?secret=bZQyYgUyxY#?secret=BUuJf4j7ye\" width=\"600\" height=\"621\" frameborder=\"0\" marginwidth=\"0\" marginheight=\"0\" scrolling=\"no\" sandbox=\"allow-scripts\" data-secret=\"BUuJf4j7ye\" data-mce-fragment=\"1\"><\/iframe><\/p>\n<p><iframe loading=\"lazy\" class=\"wp-embedded-content\" title=\"\u00abCaos en Aguazul por invierno. Declarada la calamidad p\u00fablica. 30% del pueblo afectado\u00bb \u2014 \u25b7 Noticias de Casanare : Martha Cifuentes | Casanare\" src=\"https:\/\/marthacifuentes.com\/portada\/2022\/07\/12\/caos-en-aguazul-por-invierno-declarada-la-calamidad-publica-30-del-pueblo-afectado\/embed\/#?secret=2DU4KcWlbd#?secret=eTFLrVRBIX\" width=\"600\" height=\"621\" frameborder=\"0\" marginwidth=\"0\" marginheight=\"0\" scrolling=\"no\" sandbox=\"allow-scripts\" data-secret=\"eTFLrVRBIX\" data-mce-fragment=\"1\"><\/iframe><\/p>\n<p><iframe loading=\"lazy\" class=\"wp-embedded-content\" title=\"\u00abHombre asesin\u00f3 a su yerno en ri\u00f1a en Nunch\u00eda\u00bb \u2014 \u25b7 Noticias de Casanare : Martha Cifuentes | Casanare\" src=\"https:\/\/marthacifuentes.com\/portada\/2022\/07\/11\/hombre-asesino-a-su-yerno-en-rina-en-nunchia\/embed\/#?secret=8nMrrZdLP9#?secret=7Vf6cWywke\" width=\"600\" height=\"592\" frameborder=\"0\" marginwidth=\"0\" marginheight=\"0\" scrolling=\"no\" sandbox=\"allow-scripts\" data-secret=\"7Vf6cWywke\" data-mce-fragment=\"1\"><\/iframe><\/p>\n<p><iframe loading=\"lazy\" class=\"wp-embedded-content\" title=\"\u00abCapturado lugarteniente de alias \u201cAntonio Medina\u201d, de las disidencias de las Farc\u00bb \u2014 \u25b7 Noticias de Casanare : Martha Cifuentes | Casanare\" src=\"https:\/\/marthacifuentes.com\/portada\/2022\/07\/11\/capturado-lugarteniente-de-alias-antonio-medina-de-las-disidencias-de-las-farc\/embed\/#?secret=oYoxRIOb3x#?secret=XDds6CbG4U\" width=\"600\" height=\"620\" frameborder=\"0\" marginwidth=\"0\" marginheight=\"0\" scrolling=\"no\" sandbox=\"allow-scripts\" data-secret=\"XDds6CbG4U\" data-mce-fragment=\"1\"><\/iframe><\/p>\n<p><iframe loading=\"lazy\" class=\"wp-embedded-content\" title=\"\u00abAprobado proyecto de pasivos ambientales en comisi\u00f3n V de C\u00e1mara. Petroleras tienen gran deuda con Casanare, afirm\u00f3 parlamentario C\u00e9sar Ortiz.\u00bb \u2014 \u25b7 Noticias de Casanare : Martha Cifuentes | Casanare\" src=\"https:\/\/marthacifuentes.com\/portada\/2022\/06\/08\/aprobado-proyecto-de-pasivos-ambientales-en-comision-v-de-camara-petroleras-tienen-gran-deuda-con-casanare-afirmo-parlamentario-cesar-ortiz\/embed\/#?secret=us9OFGMjwr#?secret=8AcG5AU9dB\" width=\"600\" height=\"649\" frameborder=\"0\" marginwidth=\"0\" marginheight=\"0\" scrolling=\"no\" sandbox=\"allow-scripts\" data-secret=\"8AcG5AU9dB\" data-mce-fragment=\"1\"><\/iframe><\/p>\n<p><iframe loading=\"lazy\" class=\"wp-embedded-content\" title=\"\u00ab\u201cLa situaci\u00f3n de Alto Lindo en Aguazul no es un simple derrumbe, implica familias que han perdido sus terrenos y viviendas\u201d\u00bb \u2014 \u25b7 Noticias de Casanare : Martha Cifuentes | Casanare\" src=\"https:\/\/marthacifuentes.com\/portada\/2022\/07\/11\/la-situacion-de-alto-lindo-en-aguazul-no-es-un-simple-derrumbe-implica-familias-que-han-perdido-sus-terrenos-y-viviendas\/embed\/#?secret=PNe2vYcxII#?secret=FpZTzJ1Ev8\" width=\"600\" height=\"619\" frameborder=\"0\" marginwidth=\"0\" marginheight=\"0\" scrolling=\"no\" sandbox=\"allow-scripts\" data-secret=\"FpZTzJ1Ev8\" data-mce-fragment=\"1\"><\/iframe><\/p>\n<p><iframe loading=\"lazy\" class=\"wp-embedded-content\" title=\"\u00abJovencito de 16 a\u00f1os de Nunch\u00eda se habr\u00eda suicidado.\u00bb \u2014 \u25b7 Noticias de Casanare : Martha Cifuentes | Casanare\" src=\"https:\/\/marthacifuentes.com\/portada\/2022\/07\/11\/jovencito-de-16-anos-de-nunchia-se-habria-suicidado\/embed\/#?secret=9Iuz8XWjEp#?secret=iTAiHR2ja6\" width=\"600\" height=\"592\" frameborder=\"0\" marginwidth=\"0\" marginheight=\"0\" scrolling=\"no\" sandbox=\"allow-scripts\" data-secret=\"iTAiHR2ja6\" data-mce-fragment=\"1\"><\/iframe><\/p>\n<p><iframe loading=\"lazy\" class=\"wp-embedded-content\" title=\"\u00abEn Yopal, pr\u00e9stamos se cobrar\u00edan con hombres armados.\u00bb \u2014 \u25b7 Noticias de Casanare : Martha Cifuentes | Casanare\" src=\"https:\/\/marthacifuentes.com\/portada\/2022\/07\/11\/en-yopal-prestamos-se-cobrarian-con-hombres-armados\/embed\/#?secret=dCKfs3hedP#?secret=yQ9NjoQUjv\" width=\"600\" height=\"602\" frameborder=\"0\" marginwidth=\"0\" marginheight=\"0\" scrolling=\"no\" sandbox=\"allow-scripts\" data-secret=\"yQ9NjoQUjv\" data-mce-fragment=\"1\"><\/iframe><\/p>\n<p><iframe loading=\"lazy\" class=\"wp-embedded-content\" title=\"\u00abLos ni\u00f1os juegan en medio de la basura en La Vega\u00bb \u2014 \u25b7 Noticias de Casanare : Martha Cifuentes | Casanare\" src=\"https:\/\/marthacifuentes.com\/portada\/2022\/07\/08\/los-ninos-juegan-en-medio-de-la-basura-en-la-vega\/embed\/#?secret=031mqAHfST#?secret=kqkon7X4u2\" width=\"600\" height=\"571\" frameborder=\"0\" marginwidth=\"0\" marginheight=\"0\" scrolling=\"no\" sandbox=\"allow-scripts\" data-secret=\"kqkon7X4u2\" data-mce-fragment=\"1\"><\/iframe><\/p>\n<p><iframe loading=\"lazy\" class=\"wp-embedded-content\" title=\"\u00ab\u201cPetroleras y contratistas nos tienen arrumados y desplazados\u201d: Transportadores y profesionales de Man\u00ed, Casanare\u00bb \u2014 \u25b7 Noticias de Casanare : Martha Cifuentes | Casanare\" src=\"https:\/\/marthacifuentes.com\/portada\/2022\/07\/08\/petroleras-y-contratistas-nos-tienen-arrumados-y-desplazados-transportadores-y-profesionales-de-mani-casanare\/embed\/#?secret=WYyAUsz8f1#?secret=BS9Af3c7mx\" width=\"600\" height=\"587\" frameborder=\"0\" marginwidth=\"0\" marginheight=\"0\" scrolling=\"no\" sandbox=\"allow-scripts\" data-secret=\"BS9Af3c7mx\" data-mce-fragment=\"1\"><\/iframe><\/p>\n<p><iframe loading=\"lazy\" class=\"wp-embedded-content\" title=\"\u00ab\u201cEn Alto Lindo, Aguazul se abri\u00f3 la tierra y comenz\u00f3 a hundirse\u201d advirti\u00f3 campesino hace un mes pero solo con fuerte deslizamiento, autoridades act\u00faan.\u00bb \u2014 \u25b7 Noticias de Casanare : Martha Cifuentes | Casanare\" src=\"https:\/\/marthacifuentes.com\/portada\/2022\/07\/08\/en-alto-lindo-aguazul-se-abrio-la-tierra-y-comenzo-a-hundirse-advirtio-campesino-hace-un-mes-pero-solo-con-fuerte-deslizamiento-autoridades-actuan\/embed\/#?secret=s9C8zbmSnh#?secret=PXasXg9IP5\" width=\"600\" height=\"628\" frameborder=\"0\" marginwidth=\"0\" marginheight=\"0\" scrolling=\"no\" sandbox=\"allow-scripts\" data-secret=\"PXasXg9IP5\" data-mce-fragment=\"1\"><\/iframe><\/p>\n<p><iframe loading=\"lazy\" class=\"wp-embedded-content\" title=\"\u00abiNNpulsa Colombia y Platzi otorgar\u00e1n 1.000 becas de\u00a0 ingl\u00e9s para emprendedores\u00bb \u2014 \u25b7 Noticias de Casanare : Martha Cifuentes | Casanare\" src=\"https:\/\/marthacifuentes.com\/portada\/2022\/07\/07\/innpulsa-colombia-y-platzi-otorgaran-1-000-becas-de-ingles-para-emprendedores\/embed\/#?secret=ltWR5O7SD6#?secret=CO5hKku7KZ\" width=\"600\" height=\"329\" frameborder=\"0\" marginwidth=\"0\" marginheight=\"0\" scrolling=\"no\" sandbox=\"allow-scripts\" data-secret=\"CO5hKku7KZ\" data-mce-fragment=\"1\"><\/iframe><\/p>\n<p><iframe loading=\"lazy\" class=\"wp-embedded-content\" title=\"\u00abSiguen capturas de paramilitares del Clan de Golfo en Casanare y Meta\u00bb \u2014 \u25b7 Noticias de Casanare : Martha Cifuentes | Casanare\" src=\"https:\/\/marthacifuentes.com\/portada\/2022\/07\/07\/siguen-capturas-de-paramilitares-del-clan-de-golfo-en-casanare-y-meta\/embed\/#?secret=kODh60pkxY#?secret=thkVJg42HP\" width=\"600\" height=\"621\" frameborder=\"0\" marginwidth=\"0\" marginheight=\"0\" scrolling=\"no\" sandbox=\"allow-scripts\" data-secret=\"thkVJg42HP\" data-mce-fragment=\"1\"><\/iframe><\/p>\n<p><iframe loading=\"lazy\" class=\"wp-embedded-content\" title=\"\u00abAunque se desbloque\u00f3 v\u00eda Paz de Ariporo \u2013 Monta\u00f1as del Totumo, conflicto contin\u00faa entre transportadores y contratista.\u00bb \u2014 \u25b7 Noticias de Casanare : Martha Cifuentes | Casanare\" src=\"https:\/\/marthacifuentes.com\/portada\/2022\/07\/07\/aunque-se-desbloqueo-via-paz-de-ariporo-montanas-del-totumo-conflicto-continua-entre-transportadores-y-contratista\/embed\/#?secret=OdWkokoDUt#?secret=xvACICs01w\" width=\"600\" height=\"649\" frameborder=\"0\" marginwidth=\"0\" marginheight=\"0\" scrolling=\"no\" sandbox=\"allow-scripts\" data-secret=\"xvACICs01w\" data-mce-fragment=\"1\"><\/iframe><\/p>\n<p><iframe loading=\"lazy\" class=\"wp-embedded-content\" title=\"\u00abA Inv\u00edas y contratista le qued\u00f3 grande rehabilitar v\u00eda Pajarito-Sogamoso. Se promete abrir en julio 31.\u00bb \u2014 \u25b7 Noticias de Casanare : Martha Cifuentes | Casanare\" src=\"https:\/\/marthacifuentes.com\/portada\/2022\/07\/07\/a-invias-y-contratista-le-quedo-grande-rehabilitar-via-pajarito-sogamoso-se-promete-abrir-en-julio-31\/embed\/#?secret=ecRacCnQFj#?secret=NNBBOObkWU\" width=\"600\" height=\"600\" frameborder=\"0\" marginwidth=\"0\" marginheight=\"0\" scrolling=\"no\" sandbox=\"allow-scripts\" data-secret=\"NNBBOObkWU\" data-mce-fragment=\"1\"><\/iframe><\/p>\n<p><iframe loading=\"lazy\" class=\"wp-embedded-content\" title=\"\u00abEn menos de una semana se han hallado dos muertos en zona rural de Yopal\u00bb \u2014 \u25b7 Noticias de Casanare : Martha Cifuentes | Casanare\" src=\"https:\/\/marthacifuentes.com\/portada\/2022\/07\/07\/en-menos-de-una-semana-se-han-hallado-dos-muertos-en-zona-rural-de-yopal\/embed\/#?secret=ij4OwjJEOu#?secret=xSbKxKASR2\" width=\"600\" height=\"621\" frameborder=\"0\" marginwidth=\"0\" marginheight=\"0\" scrolling=\"no\" sandbox=\"allow-scripts\" data-secret=\"xSbKxKASR2\" data-mce-fragment=\"1\"><\/iframe><\/p>\n<p><iframe loading=\"lazy\" class=\"wp-embedded-content\" title=\"\u00abRecuperaci\u00f3n de v\u00eda del Cusiana, sector La Granja, a paso de tortuga. Solo se ha hecho 10 de 168 micropilotes, es decir, menos del 6%.\u00bb \u2014 \u25b7 Noticias de Casanare : Martha Cifuentes | Casanare\" src=\"https:\/\/marthacifuentes.com\/portada\/2022\/07\/06\/recuperacion-de-via-del-cusiana-sector-la-granja-a-paso-de-tortuga-solo-se-ha-hecho-10-de-168-micropilotes-es-decir-menos-del-1\/embed\/#?secret=D2VMgeYjT3#?secret=FzvBta4J1E\" width=\"600\" height=\"628\" frameborder=\"0\" marginwidth=\"0\" marginheight=\"0\" scrolling=\"no\" sandbox=\"allow-scripts\" data-secret=\"FzvBta4J1E\" data-mce-fragment=\"1\"><\/iframe><\/p>\n<p><iframe loading=\"lazy\" class=\"wp-embedded-content\" title=\"\u00abPAE de Yopal en 2023 iniciar\u00eda retrasado por cuenta de algunos concejales, reprocha.\u00bb \u2014 \u25b7 Noticias de Casanare : Martha Cifuentes | Casanare\" src=\"https:\/\/marthacifuentes.com\/portada\/2022\/07\/06\/pae-de-yopal-en-2023-iniciaria-retrasado-por-cuenta-de-algunos-concejales-reprocha\/embed\/#?secret=lUhbgoviBq#?secret=sOgU7m88VG\" width=\"600\" height=\"621\" frameborder=\"0\" marginwidth=\"0\" marginheight=\"0\" scrolling=\"no\" sandbox=\"allow-scripts\" data-secret=\"sOgU7m88VG\" data-mce-fragment=\"1\"><\/iframe><\/p>\n<p><iframe loading=\"lazy\" class=\"wp-embedded-content\" title=\"\u00abAlcaldesa de Paz de Ariporo enredada por la Procuradur\u00eda por nombramiento de secretaria de salud sin experiencia\u00bb \u2014 \u25b7 Noticias de Casanare : Martha Cifuentes | Casanare\" src=\"https:\/\/marthacifuentes.com\/portada\/2022\/07\/06\/alcaldesa-de-paz-de-ariporo-enredada-por-la-procuraduria-por-nombramiento-de-secretaria-de-salud-sin-experiencia\/embed\/#?secret=RfevM3HqJr#?secret=dOQpcMGUqt\" width=\"600\" height=\"649\" frameborder=\"0\" marginwidth=\"0\" marginheight=\"0\" scrolling=\"no\" sandbox=\"allow-scripts\" data-secret=\"dOQpcMGUqt\" data-mce-fragment=\"1\"><\/iframe><\/p>\n<p><iframe loading=\"lazy\" class=\"wp-embedded-content\" title=\"\u00abEste 8 de julio Yopal celebra 80 a\u00f1os, con restricciones de gas natural. Ecopetrol program\u00f3 mantenimiento en CPF Flore\u00f1a para ese d\u00eda.\u00bb \u2014 \u25b7 Noticias de Casanare : Martha Cifuentes | Casanare\" src=\"https:\/\/marthacifuentes.com\/portada\/2022\/07\/06\/este-8-de-julio-yopal-celebra-80-anos-con-restricciones-de-gas-natural-ecopetrol-programo-mantenimiento-en-cpf-florena-para-ese-dia\/embed\/#?secret=DoxvJjR7kb#?secret=bc6zJanJWM\" width=\"600\" height=\"628\" frameborder=\"0\" marginwidth=\"0\" marginheight=\"0\" scrolling=\"no\" sandbox=\"allow-scripts\" data-secret=\"bc6zJanJWM\" data-mce-fragment=\"1\"><\/iframe><\/p>\n<p><iframe loading=\"lazy\" class=\"wp-embedded-content\" title=\"\u00abM\u00e1s mujeres en ministerios del gobierno de Gustavo Petro\u00bb \u2014 \u25b7 Noticias de Casanare : Martha Cifuentes | Casanare\" src=\"https:\/\/marthacifuentes.com\/portada\/2022\/07\/05\/mas-mujeres-en-ministerios-del-gobierno-de-gustavo-petro\/embed\/#?secret=12gcIxSFSL#?secret=hE22NmwOgJ\" width=\"600\" height=\"587\" frameborder=\"0\" marginwidth=\"0\" marginheight=\"0\" scrolling=\"no\" sandbox=\"allow-scripts\" data-secret=\"hE22NmwOgJ\" data-mce-fragment=\"1\"><\/iframe><\/p>\n<p><iframe loading=\"lazy\" class=\"wp-embedded-content\" title=\"\u00abExmagistrado del Tribunal N\u00e9stor Trujillo colg\u00f3 la toga y solt\u00f3 la lengua\u00bb \u2014 \u25b7 Noticias de Casanare : Martha Cifuentes | Casanare\" src=\"https:\/\/marthacifuentes.com\/portada\/2022\/07\/05\/exmagistrado-del-tribunal-nestor-trujillo-colgo-la-toga-y-solto-la-lengua\/embed\/#?secret=2xIwPXd6Yq#?secret=tGm9LhilF3\" width=\"600\" height=\"614\" frameborder=\"0\" marginwidth=\"0\" marginheight=\"0\" scrolling=\"no\" sandbox=\"allow-scripts\" data-secret=\"tGm9LhilF3\" data-mce-fragment=\"1\"><\/iframe><\/p>\n<p><iframe loading=\"lazy\" class=\"wp-embedded-content\" title=\"\u00abAlcald\u00eda de Yopal ahora dice que Planta de Tratamiento es una soluci\u00f3n temporal y no distribuye el agua necesaria y contratada.\u00bb \u2014 \u25b7 Noticias de Casanare : Martha Cifuentes | Casanare\" src=\"https:\/\/marthacifuentes.com\/portada\/2022\/06\/28\/alcaldia-de-yopal-ahora-dice-que-planta-de-tratamiento-es-una-solucion-temporal-y-no-distribuye-el-agua-necesaria-y-contratada\/embed\/#?secret=pxaWuFWnKb#?secret=xJSqhHX4IN\" width=\"600\" height=\"627\" frameborder=\"0\" marginwidth=\"0\" marginheight=\"0\" scrolling=\"no\" sandbox=\"allow-scripts\" data-secret=\"xJSqhHX4IN\" data-mce-fragment=\"1\"><\/iframe><\/p>\n<p><iframe loading=\"lazy\" class=\"wp-embedded-content\" title=\"\u00abSe cumplieron 60 d\u00edas de cierre de la v\u00eda del Cusiana en el sector La Granja y no hay asomo de reapertura.\u00bb \u2014 \u25b7 Noticias de Casanare : Martha Cifuentes | Casanare\" src=\"https:\/\/marthacifuentes.com\/portada\/2022\/06\/28\/se-cumplieron-60-dias-de-cierre-de-la-via-del-cusiana-en-el-sector-la-granja-y-no-hay-asomo-de-reapertura\/embed\/#?secret=pi3xNFVEWa#?secret=XH1IgOWs8k\" width=\"600\" height=\"600\" frameborder=\"0\" marginwidth=\"0\" marginheight=\"0\" scrolling=\"no\" sandbox=\"allow-scripts\" data-secret=\"XH1IgOWs8k\" data-mce-fragment=\"1\"><\/iframe><\/p>\n<p><iframe loading=\"lazy\" class=\"wp-embedded-content\" title=\"\u00abVuelve y juega, Gobernaci\u00f3n nombrar\u00eda director de Gesti\u00f3n del Riesgo de Casanare, sin experiencia\u00bb \u2014 \u25b7 Noticias de Casanare : Martha Cifuentes | Casanare\" src=\"https:\/\/marthacifuentes.com\/portada\/2022\/06\/28\/vuelve-y-juega-gobernacion-nombraria-director-de-gestion-del-riesgo-de-casanare-sin-experiencia\/embed\/#?secret=JAVPUAWrhj#?secret=uQBNKxAYEn\" width=\"600\" height=\"621\" frameborder=\"0\" marginwidth=\"0\" marginheight=\"0\" scrolling=\"no\" sandbox=\"allow-scripts\" data-secret=\"uQBNKxAYEn\" data-mce-fragment=\"1\"><\/iframe><\/p>\n<p><iframe loading=\"lazy\" class=\"wp-embedded-content\" title=\"\u00abAntiguo cementerio de Yopal ya puede ser intervenido\u00bb \u2014 \u25b7 Noticias de Casanare : Martha Cifuentes | Casanare\" src=\"https:\/\/marthacifuentes.com\/portada\/2022\/06\/24\/antiguo-cementerio-de-yopal-ya-puede-ser-intervenido\/embed\/#?secret=j4eM8jPtxd#?secret=5wvhZDApQW\" width=\"600\" height=\"592\" frameborder=\"0\" marginwidth=\"0\" marginheight=\"0\" scrolling=\"no\" sandbox=\"allow-scripts\" data-secret=\"5wvhZDApQW\" data-mce-fragment=\"1\"><\/iframe><\/p>\n<p><iframe loading=\"lazy\" class=\"wp-embedded-content\" title=\"\u00abEn rendici\u00f3n de cuentas de 2021, Capresoca mostr\u00f3 resultados alentadores.\u00bb \u2014 \u25b7 Noticias de Casanare : Martha Cifuentes | Casanare\" src=\"https:\/\/marthacifuentes.com\/portada\/2022\/06\/24\/en-rendicion-de-cuentas-de-2021-capresoca-mostro-resultados-alentadores\/embed\/#?secret=zESx5kB5lE#?secret=cndAfco677\" width=\"600\" height=\"621\" frameborder=\"0\" marginwidth=\"0\" marginheight=\"0\" scrolling=\"no\" sandbox=\"allow-scripts\" data-secret=\"cndAfco677\" data-mce-fragment=\"1\"><\/iframe><\/p>\n<p><iframe loading=\"lazy\" class=\"wp-embedded-content\" title=\"\u00abPredios totales de Morichal, Yopal, ya fueron caracterizados para actualizaci\u00f3n de estratificaci\u00f3n\u00bb \u2014 \u25b7 Noticias de Casanare : Martha Cifuentes | Casanare\" src=\"https:\/\/marthacifuentes.com\/portada\/2022\/06\/24\/predios-totales-de-morichal-yopal-ya-fueron-caracterizados-para-actualizacion-de-estratificacion\/embed\/#?secret=DUoFFTkVlL#?secret=Q0H8MuV7Il\" width=\"600\" height=\"621\" frameborder=\"0\" marginwidth=\"0\" marginheight=\"0\" scrolling=\"no\" sandbox=\"allow-scripts\" data-secret=\"Q0H8MuV7Il\" data-mce-fragment=\"1\"><\/iframe><\/p>\n<p><iframe loading=\"lazy\" class=\"wp-embedded-content\" title=\"\u00abSe desplom\u00f3 revocatoria del mandato de alcaldesa de Aguazul. No alcanzaron las firmas.\u00bb \u2014 \u25b7 Noticias de Casanare : Martha Cifuentes | Casanare\" src=\"https:\/\/marthacifuentes.com\/portada\/2022\/06\/24\/se-desplomo-revocatoria-del-mandato-de-alcaldesa-de-aguazul-no-alcanzaron-las-firmas\/embed\/#?secret=uI8PcOSOCf#?secret=fHv726lD8s\" width=\"600\" height=\"600\" frameborder=\"0\" marginwidth=\"0\" marginheight=\"0\" scrolling=\"no\" sandbox=\"allow-scripts\" data-secret=\"fHv726lD8s\" data-mce-fragment=\"1\"><\/iframe><\/p>\n","protected":false},"excerpt":{"rendered":"<p>Como al que no quiere caldo se le dan dos tazas, como dice el dicho, reapareci\u00f3 el condenado urbanizador ilegal y destituido exalcalde de Yopal, Jhon Jairo Torres con un nuevo proyecto de urbanizaci\u00f3n, no similar a la Ciudadela La Bendici\u00f3n, del cual fue promotor, sino el doble, para realizarlo, seg\u00fan \u00e9l en Yopal. A &hellip;<\/p>\n","protected":false},"author":2,"featured_media":29787,"comment_status":"open","ping_status":"open","sticky":false,"template":"","format":"standard","meta":{"om_disable_all_campaigns":false,"_exactmetrics_skip_tracking":false,"_exactmetrics_sitenote_active":false,"_exactmetrics_sitenote_note":"","_exactmetrics_sitenote_category":0,"_monsterinsights_skip_tracking":false,"_monsterinsights_sitenote_active":false,"_monsterinsights_sitenote_note":"","_monsterinsights_sitenote_category":0,"_uf_show_specific_survey":0,"_uf_disable_surveys":false,"_joinchat":[],"footnotes":""},"categories":[147,146,145],"tags":[154,1373,487,1108,187,481,480,8235,8236,8237,157,6155],"class_list":["post-29786","post","type-post","status-publish","format-standard","has-post-thumbnail","hentry","category-actualidad","category-noticias","category-reportajes","tag-casanare","tag-casanare-noticias","tag-ciudadela-la-bendicion","tag-el-copey","tag-gobernacion-de-casanare","tag-jhon-calzones","tag-la-bendicion","tag-luis-eduardo-ni-el-gobernador-salomon","tag-manantiales-y-claveles","tag-sociedad-de-activos-especiales","tag-yopal","tag-yopal-casanare"],"yoast_head":"<!-- This site is optimized with the Yoast SEO plugin v26.1 - https:\/\/yoast.com\/wordpress\/plugins\/seo\/ -->\n<title>Vuelve &quot;Jhon Calzones&quot;, ofreciendo doblar viviendas de La Bendici\u00f3n, en Yopal - \u25b7 Noticias de Casanare : Martha Cifuentes | Casanare<\/title>\n<meta name=\"robots\" content=\"index, follow, max-snippet:-1, max-image-preview:large, max-video-preview:-1\" \/>\n<link rel=\"canonical\" href=\"https:\/\/marthacifuentes.com\/portada\/vuelve-jhon-calzones-ofreciedo-doblar-viviendas-de-la-bendicion-en-yopal\/\" \/>\n<meta property=\"og:locale\" content=\"es_ES\" \/>\n<meta property=\"og:type\" content=\"article\" \/>\n<meta property=\"og:title\" content=\"Vuelve &quot;Jhon Calzones&quot;, ofreciendo doblar viviendas de La Bendici\u00f3n, en Yopal - \u25b7 Noticias de Casanare : Martha Cifuentes | Casanare\" \/>\n<meta property=\"og:description\" content=\"Como al que no quiere caldo se le dan dos tazas, como dice el dicho, reapareci\u00f3 el condenado urbanizador ilegal y destituido exalcalde de Yopal, Jhon Jairo Torres con un nuevo proyecto de urbanizaci\u00f3n, no similar a la Ciudadela La Bendici\u00f3n, del cual fue promotor, sino el doble, para realizarlo, seg\u00fan \u00e9l en Yopal. A &hellip;\" \/>\n<meta property=\"og:url\" content=\"https:\/\/marthacifuentes.com\/portada\/vuelve-jhon-calzones-ofreciedo-doblar-viviendas-de-la-bendicion-en-yopal\/\" \/>\n<meta property=\"og:site_name\" content=\"\u25b7 Noticias de Casanare : Martha Cifuentes | Casanare\" \/>\n<meta property=\"article:published_time\" content=\"2022-08-02T19:20:17+00:00\" \/>\n<meta property=\"article:modified_time\" content=\"2022-08-02T19:38:54+00:00\" \/>\n<meta property=\"og:image\" content=\"https:\/\/marthacifuentes.com\/portada\/wp-content\/uploads\/2022\/08\/jhon-jairo-torres-torres-rotated.jpg\" \/>\n\t<meta property=\"og:image:width\" content=\"1280\" \/>\n\t<meta property=\"og:image:height\" content=\"719\" \/>\n\t<meta property=\"og:image:type\" content=\"image\/jpeg\" \/>\n<meta name=\"author\" content=\"Martha Cifuentes\" \/>\n<meta name=\"twitter:card\" content=\"summary_large_image\" \/>\n<meta name=\"twitter:label1\" content=\"Escrito por\" \/>\n\t<meta name=\"twitter:data1\" content=\"Martha Cifuentes\" \/>\n\t<meta name=\"twitter:label2\" content=\"Tiempo de lectura\" \/>\n\t<meta name=\"twitter:data2\" content=\"2 minutos\" \/>\n<script type=\"application\/ld+json\" class=\"yoast-schema-graph\">{\"@context\":\"https:\/\/schema.org\",\"@graph\":[{\"@type\":\"WebPage\",\"@id\":\"https:\/\/marthacifuentes.com\/portada\/vuelve-jhon-calzones-ofreciedo-doblar-viviendas-de-la-bendicion-en-yopal\/\",\"url\":\"https:\/\/marthacifuentes.com\/portada\/vuelve-jhon-calzones-ofreciedo-doblar-viviendas-de-la-bendicion-en-yopal\/\",\"name\":\"Vuelve \\\"Jhon Calzones\\\", ofreciendo doblar viviendas de La Bendici\u00f3n, en Yopal - \u25b7 Noticias de Casanare : Martha Cifuentes | Casanare\",\"isPartOf\":{\"@id\":\"https:\/\/marthacifuentes.com\/portada\/#website\"},\"primaryImageOfPage\":{\"@id\":\"https:\/\/marthacifuentes.com\/portada\/vuelve-jhon-calzones-ofreciedo-doblar-viviendas-de-la-bendicion-en-yopal\/#primaryimage\"},\"image\":{\"@id\":\"https:\/\/marthacifuentes.com\/portada\/vuelve-jhon-calzones-ofreciedo-doblar-viviendas-de-la-bendicion-en-yopal\/#primaryimage\"},\"thumbnailUrl\":\"https:\/\/marthacifuentes.com\/portada\/wp-content\/uploads\/2022\/08\/jhon-jairo-torres-torres-rotated.jpg\",\"datePublished\":\"2022-08-02T19:20:17+00:00\",\"dateModified\":\"2022-08-02T19:38:54+00:00\",\"author\":{\"@id\":\"https:\/\/marthacifuentes.com\/portada\/#\/schema\/person\/57f53174b991db5f90ff78d58502b714\"},\"breadcrumb\":{\"@id\":\"https:\/\/marthacifuentes.com\/portada\/vuelve-jhon-calzones-ofreciedo-doblar-viviendas-de-la-bendicion-en-yopal\/#breadcrumb\"},\"inLanguage\":\"es\",\"potentialAction\":[{\"@type\":\"ReadAction\",\"target\":[\"https:\/\/marthacifuentes.com\/portada\/vuelve-jhon-calzones-ofreciedo-doblar-viviendas-de-la-bendicion-en-yopal\/\"]}]},{\"@type\":\"ImageObject\",\"inLanguage\":\"es\",\"@id\":\"https:\/\/marthacifuentes.com\/portada\/vuelve-jhon-calzones-ofreciedo-doblar-viviendas-de-la-bendicion-en-yopal\/#primaryimage\",\"url\":\"https:\/\/marthacifuentes.com\/portada\/wp-content\/uploads\/2022\/08\/jhon-jairo-torres-torres-rotated.jpg\",\"contentUrl\":\"https:\/\/marthacifuentes.com\/portada\/wp-content\/uploads\/2022\/08\/jhon-jairo-torres-torres-rotated.jpg\",\"width\":1280,\"height\":719},{\"@type\":\"BreadcrumbList\",\"@id\":\"https:\/\/marthacifuentes.com\/portada\/vuelve-jhon-calzones-ofreciedo-doblar-viviendas-de-la-bendicion-en-yopal\/#breadcrumb\",\"itemListElement\":[{\"@type\":\"ListItem\",\"position\":1,\"name\":\"Portada\",\"item\":\"https:\/\/marthacifuentes.com\/portada\/\"},{\"@type\":\"ListItem\",\"position\":2,\"name\":\"Vuelve \u00abJhon Calzones\u00bb, ofreciendo doblar viviendas de La Bendici\u00f3n, en Yopal\"}]},{\"@type\":\"WebSite\",\"@id\":\"https:\/\/marthacifuentes.com\/portada\/#website\",\"url\":\"https:\/\/marthacifuentes.com\/portada\/\",\"name\":\"\u25b7 Noticias de Casanare : Martha Cifuentes | Casanare\",\"description\":\"Noticias &amp; Contenidos\",\"potentialAction\":[{\"@type\":\"SearchAction\",\"target\":{\"@type\":\"EntryPoint\",\"urlTemplate\":\"https:\/\/marthacifuentes.com\/portada\/?s={search_term_string}\"},\"query-input\":{\"@type\":\"PropertyValueSpecification\",\"valueRequired\":true,\"valueName\":\"search_term_string\"}}],\"inLanguage\":\"es\"},{\"@type\":\"Person\",\"@id\":\"https:\/\/marthacifuentes.com\/portada\/#\/schema\/person\/57f53174b991db5f90ff78d58502b714\",\"name\":\"Martha Cifuentes\",\"image\":{\"@type\":\"ImageObject\",\"inLanguage\":\"es\",\"@id\":\"https:\/\/marthacifuentes.com\/portada\/#\/schema\/person\/image\/\",\"url\":\"http:\/\/marthacifuentes.com\/portada\/wp-content\/uploads\/2018\/06\/avatar_user_2_1528838701-96x96.jpg\",\"contentUrl\":\"http:\/\/marthacifuentes.com\/portada\/wp-content\/uploads\/2018\/06\/avatar_user_2_1528838701-96x96.jpg\",\"caption\":\"Martha Cifuentes\"},\"sameAs\":[\"http:\/\/www.marthacifuentes.com\"],\"url\":\"https:\/\/marthacifuentes.com\/portada\/author\/martha\/\"}]}<\/script>\n<!-- \/ Yoast SEO plugin. -->","yoast_head_json":{"title":"Vuelve \"Jhon Calzones\", ofreciendo doblar viviendas de La Bendici\u00f3n, en Yopal - \u25b7 Noticias de Casanare : Martha Cifuentes | Casanare","robots":{"index":"index","follow":"follow","max-snippet":"max-snippet:-1","max-image-preview":"max-image-preview:large","max-video-preview":"max-video-preview:-1"},"canonical":"https:\/\/marthacifuentes.com\/portada\/vuelve-jhon-calzones-ofreciedo-doblar-viviendas-de-la-bendicion-en-yopal\/","og_locale":"es_ES","og_type":"article","og_title":"Vuelve \"Jhon Calzones\", ofreciendo doblar viviendas de La Bendici\u00f3n, en Yopal - \u25b7 Noticias de Casanare : Martha Cifuentes | Casanare","og_description":"Como al que no quiere caldo se le dan dos tazas, como dice el dicho, reapareci\u00f3 el condenado urbanizador ilegal y destituido exalcalde de Yopal, Jhon Jairo Torres con un nuevo proyecto de urbanizaci\u00f3n, no similar a la Ciudadela La Bendici\u00f3n, del cual fue promotor, sino el doble, para realizarlo, seg\u00fan \u00e9l en Yopal. A &hellip;","og_url":"https:\/\/marthacifuentes.com\/portada\/vuelve-jhon-calzones-ofreciedo-doblar-viviendas-de-la-bendicion-en-yopal\/","og_site_name":"\u25b7 Noticias de Casanare : Martha Cifuentes | Casanare","article_published_time":"2022-08-02T19:20:17+00:00","article_modified_time":"2022-08-02T19:38:54+00:00","og_image":[{"width":1280,"height":719,"url":"https:\/\/marthacifuentes.com\/portada\/wp-content\/uploads\/2022\/08\/jhon-jairo-torres-torres-rotated.jpg","type":"image\/jpeg"}],"author":"Martha Cifuentes","twitter_card":"summary_large_image","twitter_misc":{"Escrito por":"Martha Cifuentes","Tiempo de lectura":"2 minutos"},"schema":{"@context":"https:\/\/schema.org","@graph":[{"@type":"WebPage","@id":"https:\/\/marthacifuentes.com\/portada\/vuelve-jhon-calzones-ofreciedo-doblar-viviendas-de-la-bendicion-en-yopal\/","url":"https:\/\/marthacifuentes.com\/portada\/vuelve-jhon-calzones-ofreciedo-doblar-viviendas-de-la-bendicion-en-yopal\/","name":"Vuelve \"Jhon Calzones\", ofreciendo doblar viviendas de La Bendici\u00f3n, en Yopal - \u25b7 Noticias de Casanare : Martha Cifuentes | Casanare","isPartOf":{"@id":"https:\/\/marthacifuentes.com\/portada\/#website"},"primaryImageOfPage":{"@id":"https:\/\/marthacifuentes.com\/portada\/vuelve-jhon-calzones-ofreciedo-doblar-viviendas-de-la-bendicion-en-yopal\/#primaryimage"},"image":{"@id":"https:\/\/marthacifuentes.com\/portada\/vuelve-jhon-calzones-ofreciedo-doblar-viviendas-de-la-bendicion-en-yopal\/#primaryimage"},"thumbnailUrl":"https:\/\/marthacifuentes.com\/portada\/wp-content\/uploads\/2022\/08\/jhon-jairo-torres-torres-rotated.jpg","datePublished":"2022-08-02T19:20:17+00:00","dateModified":"2022-08-02T19:38:54+00:00","author":{"@id":"https:\/\/marthacifuentes.com\/portada\/#\/schema\/person\/57f53174b991db5f90ff78d58502b714"},"breadcrumb":{"@id":"https:\/\/marthacifuentes.com\/portada\/vuelve-jhon-calzones-ofreciedo-doblar-viviendas-de-la-bendicion-en-yopal\/#breadcrumb"},"inLanguage":"es","potentialAction":[{"@type":"ReadAction","target":["https:\/\/marthacifuentes.com\/portada\/vuelve-jhon-calzones-ofreciedo-doblar-viviendas-de-la-bendicion-en-yopal\/"]}]},{"@type":"ImageObject","inLanguage":"es","@id":"https:\/\/marthacifuentes.com\/portada\/vuelve-jhon-calzones-ofreciedo-doblar-viviendas-de-la-bendicion-en-yopal\/#primaryimage","url":"https:\/\/marthacifuentes.com\/portada\/wp-content\/uploads\/2022\/08\/jhon-jairo-torres-torres-rotated.jpg","contentUrl":"https:\/\/marthacifuentes.com\/portada\/wp-content\/uploads\/2022\/08\/jhon-jairo-torres-torres-rotated.jpg","width":1280,"height":719},{"@type":"BreadcrumbList","@id":"https:\/\/marthacifuentes.com\/portada\/vuelve-jhon-calzones-ofreciedo-doblar-viviendas-de-la-bendicion-en-yopal\/#breadcrumb","itemListElement":[{"@type":"ListItem","position":1,"name":"Portada","item":"https:\/\/marthacifuentes.com\/portada\/"},{"@type":"ListItem","position":2,"name":"Vuelve \u00abJhon Calzones\u00bb, ofreciendo doblar viviendas de La Bendici\u00f3n, en Yopal"}]},{"@type":"WebSite","@id":"https:\/\/marthacifuentes.com\/portada\/#website","url":"https:\/\/marthacifuentes.com\/portada\/","name":"\u25b7 Noticias de Casanare : Martha Cifuentes | Casanare","description":"Noticias &amp; Contenidos","potentialAction":[{"@type":"SearchAction","target":{"@type":"EntryPoint","urlTemplate":"https:\/\/marthacifuentes.com\/portada\/?s={search_term_string}"},"query-input":{"@type":"PropertyValueSpecification","valueRequired":true,"valueName":"search_term_string"}}],"inLanguage":"es"},{"@type":"Person","@id":"https:\/\/marthacifuentes.com\/portada\/#\/schema\/person\/57f53174b991db5f90ff78d58502b714","name":"Martha Cifuentes","image":{"@type":"ImageObject","inLanguage":"es","@id":"https:\/\/marthacifuentes.com\/portada\/#\/schema\/person\/image\/","url":"http:\/\/marthacifuentes.com\/portada\/wp-content\/uploads\/2018\/06\/avatar_user_2_1528838701-96x96.jpg","contentUrl":"http:\/\/marthacifuentes.com\/portada\/wp-content\/uploads\/2018\/06\/avatar_user_2_1528838701-96x96.jpg","caption":"Martha Cifuentes"},"sameAs":["http:\/\/www.marthacifuentes.com"],"url":"https:\/\/marthacifuentes.com\/portada\/author\/martha\/"}]}},"_links":{"self":[{"href":"https:\/\/marthacifuentes.com\/portada\/wp-json\/wp\/v2\/posts\/29786","targetHints":{"allow":["GET"]}}],"collection":[{"href":"https:\/\/marthacifuentes.com\/portada\/wp-json\/wp\/v2\/posts"}],"about":[{"href":"https:\/\/marthacifuentes.com\/portada\/wp-json\/wp\/v2\/types\/post"}],"author":[{"embeddable":true,"href":"https:\/\/marthacifuentes.com\/portada\/wp-json\/wp\/v2\/users\/2"}],"replies":[{"embeddable":true,"href":"https:\/\/marthacifuentes.com\/portada\/wp-json\/wp\/v2\/comments?post=29786"}],"version-history":[{"count":2,"href":"https:\/\/marthacifuentes.com\/portada\/wp-json\/wp\/v2\/posts\/29786\/revisions"}],"predecessor-version":[{"id":29790,"href":"https:\/\/marthacifuentes.com\/portada\/wp-json\/wp\/v2\/posts\/29786\/revisions\/29790"}],"wp:featuredmedia":[{"embeddable":true,"href":"https:\/\/marthacifuentes.com\/portada\/wp-json\/wp\/v2\/media\/29787"}],"wp:attachment":[{"href":"https:\/\/marthacifuentes.com\/portada\/wp-json\/wp\/v2\/media?parent=29786"}],"wp:term":[{"taxonomy":"category","embeddable":true,"href":"https:\/\/marthacifuentes.com\/portada\/wp-json\/wp\/v2\/categories?post=29786"},{"taxonomy":"post_tag","embeddable":true,"href":"https:\/\/marthacifuentes.com\/portada\/wp-json\/wp\/v2\/tags?post=29786"}],"curies":[{"name":"wp","href":"https:\/\/api.w.org\/{rel}","templated":true}]}}