{"id":29835,"date":"2022-08-19T09:39:22","date_gmt":"2022-08-19T14:39:22","guid":{"rendered":"https:\/\/marthacifuentes.com\/portada\/?p=29835"},"modified":"2022-08-19T09:44:42","modified_gmt":"2022-08-19T14:44:42","slug":"el-sube-y-baja-de-la-licitacion-vial-por-105-mil-millones-de-mani-guerra-de-tutelas-de-consorcios-y-alcaldia","status":"publish","type":"post","link":"https:\/\/marthacifuentes.com\/portada\/el-sube-y-baja-de-la-licitacion-vial-por-105-mil-millones-de-mani-guerra-de-tutelas-de-consorcios-y-alcaldia\/","title":{"rendered":"El sube y baja de la licitaci\u00f3n vial por 105 mil millones de Man\u00ed. Guerra de tutelas de consorcios y Alcald\u00eda."},"content":{"rendered":"<p style=\"text-align: justify;\">La multimillonaria licitaci\u00f3n del mejoramiento de la v\u00eda Man\u00ed, Tauramena y Monterrey, que viene realizando la Alcald\u00eda de Man\u00ed, parece una monta\u00f1a rusa, producto de las decisiones de los jueces. Mientras uno, en la admisi\u00f3n de una acci\u00f3n de tutela, impuso como medida cautelar la suspensi\u00f3n del proceso contractual y en fallo de primera instancia, la admisi\u00f3n de todos los oferentes excluidos, otro declar\u00f3 nulo lo actuado por el primer juez, en fallo de segunda instancia. Y un tercer juez orden\u00f3 suspender la medida cautelar y por ende reanudar el proceso contractual. Pero el primer juez que intervino ya volvi\u00f3 a pronunciarse en el sentido de admitir a los excluidos y as\u00ed va desde el cierre de recibo de propuestas el pasado 28 de junio, hace ya casi dos meses.<\/p>\n<p style=\"text-align: justify;\">Es de destacar que la inusual actividad de los juzgados en el proceso licitatorio de 105 mil millones abierto desde el pasado 24 de mayo, se origin\u00f3 en la presunta vulneraci\u00f3n de los derechos de dos oferentes, quienes no pudieron entregar las propuestas en el plazo m\u00e1ximo estipulado para ello, radic\u00e1ndolas minutos despu\u00e9s de la hora del cierre fijada para las 7 am del martes 28 de junio, d\u00eda h\u00e1bil posterior a un puente festivo. Solo un participante, el Consorcio Gaviotas, logr\u00f3 radicar la propuesta, 5 d\u00edas calendario previo al cierre.<\/p>\n<p style=\"text-align: justify;\">El objeto de la disputada licitaci\u00f3n es el mejoramiento de la v\u00eda que comunica a Man\u00ed con Tauramena y Monterrey, en un trayecto de 26.5 kil\u00f3metros, proyecto aprobado en OCAD Regi\u00f3n del Llano en marzo de este a\u00f1o y viabilizado por el Ministerio del Transporte.<\/p>\n<p style=\"text-align: justify;\">Fuentes an\u00f3nimas indicaron que en la licitaci\u00f3n hay dirigentes pol\u00edticos de Casanare muy interesados en que el \u00fanico oferente admitido sea el elegido. No se precisaron nombres.<\/p>\n<p style=\"text-align: justify;\">As\u00ed ha sido el trasegar del proceso en juzgados de Man\u00ed y Yopal, luego del cierre de la licitaci\u00f3n:<\/p>\n<p style=\"text-align: justify;\"><strong>Julio 14<\/strong> \u2013 El <strong>Juzgado Promiscuo Municipal de Man\u00ed admiti\u00f3 acci\u00f3n<\/strong> de tutela interpuesta por Fernando Romero Herrera, representante legal del Consorcio Casanare CHM -el cual qued\u00f3 excluido del proceso- y quien aleg\u00f3 violaciones al debido proceso. La juez, inicialmente <strong>impuso medida cautelar suspendiendo la licitaci\u00f3n<\/strong>.<\/p>\n<p style=\"text-align: justify;\"><strong>Julio 18<\/strong> \u2013 <strong>La Alcald\u00eda de Man\u00ed<\/strong> acatando la orden del Juzgado Promiscuo Municipal de Man\u00ed, emiti\u00f3 la <strong>resoluci\u00f3n 0521<\/strong> mediante la cual suspendi\u00f3 provisionalmente el proceso de licitaci\u00f3n p\u00fablica No. MM-LP-001-2022 y solicit\u00f3 aclaraci\u00f3n de la medida cautelar.<\/p>\n<p style=\"text-align: justify;\"><strong>Julio 27<\/strong> \u2013 El <strong>Juzgado Promiscuo Municipal de Man\u00ed<\/strong> en fallo de primera instancia ordena que la Alcald\u00eda de Man\u00ed permita la participaci\u00f3n del Consorcio CHM y otros oferentes en el proceso licitatorio en cuesti\u00f3n.<\/p>\n<p style=\"text-align: justify;\"><strong>Julio 29<\/strong> \u2013 En el entretanto, El <strong>Juzgado Primero de Familia<\/strong> neg\u00f3 tutela contra Juzgado Promiscuo Municipal de Man\u00ed, interpuesta por el representante legal del Consorcio Gaviotas, Cristian Hurtado Ojeda, quien solicitaba continuaci\u00f3n proceso licitatorio de Man\u00ed. (en esta se evidenci\u00f3 que el Juzgado Segundo Civil del Circuito local, gener\u00f3 conflicto por doble reparto, el cual no fue dirimido por el Tribunal Superior de Yopal, por sustracci\u00f3n de materia).<\/p>\n<p style=\"text-align: justify;\"><strong>Agosto 8<\/strong> \u2013 El <strong>Juzgado Primero Civil del Circuito de Yopal<\/strong> frente a la impugnaci\u00f3n interpuesta por la Alcald\u00eda de Man\u00ed contra el fallo inicial proferido por el <strong>Juzgado Promiscuo Municipal de Man\u00ed el 27 de julio<\/strong>, declar\u00f3 la nulidad de todo lo actuado desde el auto de fecha 15 de julio. Se argument\u00f3 que la juez no vincul\u00f3 en la acci\u00f3n de tutela varias entidades y personas naturales interesadas o relacionadas en el proceso licitatorio, devolvi\u00e9ndolo a dicho juzgado para que subsanara el tr\u00e1mite.<img loading=\"lazy\" decoding=\"async\" class=\"size-full wp-image-29844 aligncenter\" src=\"https:\/\/marthacifuentes.com\/portada\/wp-content\/uploads\/2022\/08\/AGOSTO-8-FALLO-TUTELA-SEGUNDA-INSTANCIA-JUZGADO-PRIMERO-CIVIL-DEL-CIRCUITO-DE-YOPAL-1-1.jpg\" alt=\"\" width=\"682\" height=\"559\" srcset=\"https:\/\/marthacifuentes.com\/portada\/wp-content\/uploads\/2022\/08\/AGOSTO-8-FALLO-TUTELA-SEGUNDA-INSTANCIA-JUZGADO-PRIMERO-CIVIL-DEL-CIRCUITO-DE-YOPAL-1-1.jpg 682w, https:\/\/marthacifuentes.com\/portada\/wp-content\/uploads\/2022\/08\/AGOSTO-8-FALLO-TUTELA-SEGUNDA-INSTANCIA-JUZGADO-PRIMERO-CIVIL-DEL-CIRCUITO-DE-YOPAL-1-1-300x246.jpg 300w\" sizes=\"auto, (max-width: 682px) 100vw, 682px\" \/><\/p>\n<p style=\"text-align: justify;\">Entre otras, deb\u00eda convocarse al Ministerio del Transporte, OCAD, directora de gesti\u00f3n y promoci\u00f3n del sistema general de regal\u00edas, Paula Lopez Vendemiati, los que aprobaron el proyecto de inversi\u00f3n y autorizaron a Man\u00ed para su ejecuci\u00f3n. Igualmente deb\u00eda convocarse a personas naturales o jur\u00eddicas con inter\u00e9s en la licitaci\u00f3n.<\/p>\n<p style=\"text-align: justify;\"><strong>Agosto 9 \u2013<\/strong> El <strong>Juzgado Promiscuo de Man\u00ed<\/strong>, nuevamente admite acci\u00f3n de tutela de Fernando Romero Herrera, R\/L del Consorcio Casanare CHM y vuelve a decretar medida provisional de suspender el proceso contractual de la v\u00eda, hasta la ejecutoria del fallo que resuelva la presente acci\u00f3n de tutela y que de ser impugnado hasta la ejecutoria del fallo de segunda instancia. Igualmente vincula a varios de los interesados en el proceso, incluidos los que el Juzgado Primero del Circuito de Yopal solicit\u00f3.<img loading=\"lazy\" decoding=\"async\" class=\"size-full wp-image-29837 aligncenter\" src=\"https:\/\/marthacifuentes.com\/portada\/wp-content\/uploads\/2022\/08\/AGOSTO-9-FALLO-TUTELA-JUZGADO-PROMISCUO-DE-MANI-1.jpg\" alt=\"\" width=\"470\" height=\"813\" srcset=\"https:\/\/marthacifuentes.com\/portada\/wp-content\/uploads\/2022\/08\/AGOSTO-9-FALLO-TUTELA-JUZGADO-PROMISCUO-DE-MANI-1.jpg 470w, https:\/\/marthacifuentes.com\/portada\/wp-content\/uploads\/2022\/08\/AGOSTO-9-FALLO-TUTELA-JUZGADO-PROMISCUO-DE-MANI-1-173x300.jpg 173w\" sizes=\"auto, (max-width: 470px) 100vw, 470px\" \/><\/p>\n<p><img loading=\"lazy\" decoding=\"async\" class=\"size-full wp-image-29838 aligncenter\" src=\"https:\/\/marthacifuentes.com\/portada\/wp-content\/uploads\/2022\/08\/AGOSTO-9-FALLO-TUTELA-JUZGADO-PROMISCUO-DE-MANI-MEDIDA-CAUTELAR-2.jpg\" alt=\"\" width=\"474\" height=\"589\" srcset=\"https:\/\/marthacifuentes.com\/portada\/wp-content\/uploads\/2022\/08\/AGOSTO-9-FALLO-TUTELA-JUZGADO-PROMISCUO-DE-MANI-MEDIDA-CAUTELAR-2.jpg 474w, https:\/\/marthacifuentes.com\/portada\/wp-content\/uploads\/2022\/08\/AGOSTO-9-FALLO-TUTELA-JUZGADO-PROMISCUO-DE-MANI-MEDIDA-CAUTELAR-2-241x300.jpg 241w\" sizes=\"auto, (max-width: 474px) 100vw, 474px\" \/><\/p>\n<p style=\"text-align: justify;\"><strong>Agosto 10<\/strong>: &#8211; La <strong>Alcald\u00eda de Man\u00ed<\/strong> suspendi\u00f3 provisionalmente el proceso licitatorio a trav\u00e9s de la resoluci\u00f3n 057A de 2022, obedeciendo la orden del Juzgado Promiscuo de Man\u00ed de agosto 9.<img loading=\"lazy\" decoding=\"async\" class=\"size-full wp-image-29839 aligncenter\" src=\"https:\/\/marthacifuentes.com\/portada\/wp-content\/uploads\/2022\/08\/AGOSTO-10-RESOLUCION-ALCALDIA-DE-MANI-0575A-SUSPENSION-LICITACION-MANI.jpg\" alt=\"\" width=\"590\" height=\"721\" srcset=\"https:\/\/marthacifuentes.com\/portada\/wp-content\/uploads\/2022\/08\/AGOSTO-10-RESOLUCION-ALCALDIA-DE-MANI-0575A-SUSPENSION-LICITACION-MANI.jpg 590w, https:\/\/marthacifuentes.com\/portada\/wp-content\/uploads\/2022\/08\/AGOSTO-10-RESOLUCION-ALCALDIA-DE-MANI-0575A-SUSPENSION-LICITACION-MANI-245x300.jpg 245w\" sizes=\"auto, (max-width: 590px) 100vw, 590px\" \/><\/p>\n<p style=\"text-align: justify;\"><strong>Agosto 16<\/strong> \u2013 El <strong>Juzgado Primero de Familia de Yopal<\/strong>, que inicialmente hab\u00eda negado la tutela presentada por el consorcio Gaviotas, ahora orden\u00f3 la suspensi\u00f3n de la medida cautelar que a su vez suspendi\u00f3 el proceso licitatorio de Man\u00ed, tomada por el juzgado Promiscuo Municipal de Man\u00ed en julio 14. La nueva medida ser\u00e1 hasta que haya fallo de fondo en la tutela interpuesta por el Consorcio Gaviotas contra el Juzgado Promiscuo Municipal de Man\u00ed y que cursa en el juzgado primero de familia de Yopal. Se argument\u00f3 que el juzgado de Man\u00ed se habr\u00eda excedido en sus facultades al extender la medida cautelar hasta conocerse el fallo de segunda instancia de la tutela inicial interpuesta por Fernando Romero del Consorcio CHM. Igualmente manifiesta que tal medida cautelar fue impuesta arbitrariamente sin ninguna motivaci\u00f3n. Por ende, se consider\u00f3 que hubo violaci\u00f3n al debido proceso.<img loading=\"lazy\" decoding=\"async\" class=\"size-full wp-image-29840 aligncenter\" src=\"https:\/\/marthacifuentes.com\/portada\/wp-content\/uploads\/2022\/08\/AGOSTO-16-FALLO-JUZGADO-PRIMERO-DE-FAMILIA-SUSPENDIENDO-MEDIDA-CAUTELAR-DECRETADA-POR-JUEZ-DE-MANI.jpg\" alt=\"\" width=\"507\" height=\"748\" srcset=\"https:\/\/marthacifuentes.com\/portada\/wp-content\/uploads\/2022\/08\/AGOSTO-16-FALLO-JUZGADO-PRIMERO-DE-FAMILIA-SUSPENDIENDO-MEDIDA-CAUTELAR-DECRETADA-POR-JUEZ-DE-MANI.jpg 507w, https:\/\/marthacifuentes.com\/portada\/wp-content\/uploads\/2022\/08\/AGOSTO-16-FALLO-JUZGADO-PRIMERO-DE-FAMILIA-SUSPENDIENDO-MEDIDA-CAUTELAR-DECRETADA-POR-JUEZ-DE-MANI-203x300.jpg 203w\" sizes=\"auto, (max-width: 507px) 100vw, 507px\" \/><\/p>\n<p style=\"text-align: justify;\">El juez aclara que este juzgado hab\u00eda negado el amparo solicitado porque a\u00fan no hab\u00eda fallo de fondo, pero ahora s\u00ed lo hay.<\/p>\n<p style=\"text-align: justify;\"><strong>Agosto 17:<\/strong> La <strong>Alcald\u00eda de Man\u00ed<\/strong> orden\u00f3 el reinicio del proceso licitatorio a trav\u00e9s de la <strong>resoluci\u00f3n 0590 de 2022<\/strong>, con base en el fallo proferido por el Juzgado Primero de Familia de Yopal.<img loading=\"lazy\" decoding=\"async\" class=\"size-full wp-image-29841 aligncenter\" src=\"https:\/\/marthacifuentes.com\/portada\/wp-content\/uploads\/2022\/08\/AGOSTO-17-RESOLUCION-0590-DE-AGOSTO-17-REINICIANDO-LICITACION-MANI.jpg\" alt=\"\" width=\"593\" height=\"305\" srcset=\"https:\/\/marthacifuentes.com\/portada\/wp-content\/uploads\/2022\/08\/AGOSTO-17-RESOLUCION-0590-DE-AGOSTO-17-REINICIANDO-LICITACION-MANI.jpg 593w, https:\/\/marthacifuentes.com\/portada\/wp-content\/uploads\/2022\/08\/AGOSTO-17-RESOLUCION-0590-DE-AGOSTO-17-REINICIANDO-LICITACION-MANI-300x154.jpg 300w\" sizes=\"auto, (max-width: 593px) 100vw, 593px\" \/><\/p>\n<p style=\"text-align: justify;\"><strong>Agosto 18: El Juzgado Promiscuo Municipal de Man\u00ed, <\/strong>ya subsanado, aparentemente, lo solicitado por el juzgado de segunda instancia, decidi\u00f3 tutelar los derechos del representante legal del Consorcio Casanare CHM, Fernando Romero Herrera, ordenando a la Alcald\u00eda de Man\u00ed, nuevamente, permitir la participaci\u00f3n de este y otros oferentes excluidos en el proceso licitatorio que adelanta, en aras de que sean evaluadas sus ofertas econ\u00f3micas. El fallo es sujeto de impugnaci\u00f3n, que seguramente la Alcald\u00eda de Man\u00ed, interpondr\u00e1.<img loading=\"lazy\" decoding=\"async\" class=\"size-full wp-image-29842 aligncenter\" src=\"https:\/\/marthacifuentes.com\/portada\/wp-content\/uploads\/2022\/08\/AGOSTO-18-DE-2022-FALLO-TUTELA-MANI-JUZGADO-PRIMISCUO-MUNICIPAL-DE-MANI-A-FAVOR-DEL-TUTELANTE.jpg\" alt=\"\" width=\"501\" height=\"804\" srcset=\"https:\/\/marthacifuentes.com\/portada\/wp-content\/uploads\/2022\/08\/AGOSTO-18-DE-2022-FALLO-TUTELA-MANI-JUZGADO-PRIMISCUO-MUNICIPAL-DE-MANI-A-FAVOR-DEL-TUTELANTE.jpg 501w, https:\/\/marthacifuentes.com\/portada\/wp-content\/uploads\/2022\/08\/AGOSTO-18-DE-2022-FALLO-TUTELA-MANI-JUZGADO-PRIMISCUO-MUNICIPAL-DE-MANI-A-FAVOR-DEL-TUTELANTE-187x300.jpg 187w\" sizes=\"auto, (max-width: 501px) 100vw, 501px\" \/><\/p>\n<h3 style=\"text-align: justify;\"><strong>Empresas que conforman los consorcios en disputa del contrato:<\/strong><\/h3>\n<p style=\"text-align: justify;\"><strong>Consorcio Gaviotas &#8211; \u00fanico oferente admitido oficialmente<\/strong><\/p>\n<ul style=\"text-align: justify;\">\n<li><strong>LT Building SAS<\/strong> \u2013 NIT 900371384-9 &#8211; R\/L Luis Alberto Morales Acevedo<\/li>\n<li><strong>Pacific Constructors <\/strong>NIT 901518428-9 &#8211; R\/L Alejandra Marcela Estrada\u00a0Meza<\/li>\n<li><strong>Andina Ingenier\u00eda &amp; Construcciones \u2013 <\/strong>NIT 901310443-8 &#8211; R\/L Janio\u00a0\u00a0\u00a0Luis\u00a0\u00a0\u00a0Lascarro Monterrozal<\/li>\n<li><strong>Grupo Theos SAS<\/strong> \u2013 NIT 900193579 \u2013 R\/L: No aparece en el registro del RUES<\/li>\n<\/ul>\n<p style=\"text-align: justify;\"><strong>\u00a0<\/strong><\/p>\n<p style=\"text-align: justify;\"><strong>Consorcio CHM &#8211; Oferente en puja de ser tenido en cuenta en la licitaci\u00f3n<\/strong><\/p>\n<ul style=\"text-align: justify;\">\n<li><strong>Hiva Ingenier\u00eda SAS<\/strong> &#8211; NIT 901373901 \u2013 R\/L: Germ\u00e1n Higuera Vargas<\/li>\n<li>\u00a0 \u00a0<strong>Corporaci\u00f3n Ambiental y de Ingenier\u00eda Colombiana \u2013 <\/strong>NIT 900090444 \u2013 No se pudo encontrar informaci\u00f3n del R\/L.<\/li>\n<li><strong>Magnificat Ingenier\u00eda<\/strong> <strong>SAS<\/strong> &#8211; NIT 901232485-2 \u2013 R\/L Fabian Moreno\u00a0Mu\u00f1oz<\/li>\n<\/ul>\n<p style=\"text-align: justify;\">Estas empresas tambi\u00e9n hacen parte del Consorcio V\u00edas de Paz de Ariporo que viene ejecutando el contrato de pavimentaci\u00f3n de la carretera Paz de Ariporo \u2013 Monta\u00f1as del Totumo, por 42.500 millones de pesos, en el cual se ven\u00edan presentando complicaciones por conflictos entre el contratista y los transportadores por el valor de los fletes. Esto se habr\u00eda solucionado hace poco menos de un mes.<\/p>\n<p style=\"text-align: justify;\"><strong>\u00a0<\/strong><\/p>\n<p style=\"text-align: justify;\"><strong>Consorcio SPMB &#8211; Oferente a la espera de ser admitido<\/strong><\/p>\n<ul>\n<li style=\"text-align: justify;\"><strong>SP Ingenieros SAS<\/strong> &#8211; NIT 890932424 \u2013 R\/L: Jorge\u00a0Iv\u00e1n\u00a0Munera\u00a0S\u00e1nchez<\/li>\n<li style=\"text-align: justify;\"><strong>Maquiconstrucciones<\/strong> <strong>SAS<\/strong> &#8211; NIT 822005333-2 \u2013 R\/L: No aparece en el RUES<\/li>\n<li style=\"text-align: justify;\"><strong>Grupo Bruder Colombia<\/strong> <strong>SAS<\/strong> &#8211; NIT 901124678-4 \u2013 R\/L: Adriana Milena Romero<strong>OTRAS NOTICIAS\u2026\u00a0<\/strong><iframe loading=\"lazy\" class=\"wp-embedded-content\" title=\"\u00abQu\u00e9 fue lo no quiso decir el exgobernador de Casanare William P\u00e9rez y por lo cual la JEP rechaz\u00f3 su solicitud de sometimiento\u00bb \u2014 \u25b7 Noticias de Casanare : Martha Cifuentes | Casanare\" src=\"https:\/\/marthacifuentes.com\/portada\/2022\/08\/16\/que-fue-lo-no-quiso-decir-el-exgobernador-de-casanare-william-perez-y-por-lo-cual-la-jep-rechazo-su-solicitud-de-sometimiento\/embed\/#?secret=AEzEd7jRK9#?secret=oRSj323Cl1\" width=\"600\" height=\"649\" frameborder=\"0\" marginwidth=\"0\" marginheight=\"0\" scrolling=\"no\" sandbox=\"allow-scripts\" data-secret=\"oRSj323Cl1\"><\/iframe>\n<p><iframe loading=\"lazy\" class=\"wp-embedded-content\" title=\"\u00abM\u00e1s de 6 mil estudiantes de Casanare sin transporte escolar por l\u00edos contractuales de la Gobernaci\u00f3n\u00bb \u2014 \u25b7 Noticias de Casanare : Martha Cifuentes | Casanare\" src=\"https:\/\/marthacifuentes.com\/portada\/2022\/08\/05\/mas-de-6-mil-estudiantes-de-casanare-sin-transporte-escolar-por-lios-contractuales-de-la-gobernacion\/embed\/#?secret=Q3y4GOE4xq#?secret=k2qaNhfFSA\" width=\"600\" height=\"621\" frameborder=\"0\" marginwidth=\"0\" marginheight=\"0\" scrolling=\"no\" sandbox=\"allow-scripts\" data-secret=\"k2qaNhfFSA\" data-mce-fragment=\"1\"><\/iframe><\/p>\n<p><iframe loading=\"lazy\" class=\"wp-embedded-content\" title=\"\u00abAcci\u00f3n preventiva en licitaci\u00f3n de 105 mil de carretera de Man\u00ed pas\u00f3 a manos de Procuradur\u00eda General.\u00bb \u2014 \u25b7 Noticias de Casanare : Martha Cifuentes | Casanare\" src=\"https:\/\/marthacifuentes.com\/portada\/2022\/08\/03\/accion-preventiva-en-licitacion-de-105-mil-de-carretera-de-mani-paso-a-manos-de-procuraduria-general\/embed\/#?secret=FBUFoGxOzv#?secret=NPAZYjmM2y\" width=\"600\" height=\"621\" frameborder=\"0\" marginwidth=\"0\" marginheight=\"0\" scrolling=\"no\" sandbox=\"allow-scripts\" data-secret=\"NPAZYjmM2y\" data-mce-fragment=\"1\"><\/iframe><\/p>\n<p><iframe loading=\"lazy\" class=\"wp-embedded-content\" title=\"\u00abEn Man\u00ed se contratar\u00eda interventor\u00eda de multimillonaria contrataci\u00f3n de carretera no adjudicada\u00bb \u2014 \u25b7 Noticias de Casanare : Martha Cifuentes | Casanare\" src=\"https:\/\/marthacifuentes.com\/portada\/2022\/08\/03\/en-mani-se-contrataria-interventoria-de-multimillonaria-contratacion-de-carretera-no-adjudicada\/embed\/#?secret=y4DCWaDjnA#?secret=Bm0tbtJABx\" width=\"600\" height=\"582\" frameborder=\"0\" marginwidth=\"0\" marginheight=\"0\" scrolling=\"no\" sandbox=\"allow-scripts\" data-secret=\"Bm0tbtJABx\" data-mce-fragment=\"1\"><\/iframe><\/p>\n<p><iframe loading=\"lazy\" class=\"wp-embedded-content\" title=\"\u00abVuelve \u00abJhon Calzones\u00bb, ofreciendo doblar viviendas de La Bendici\u00f3n, en Yopal\u00bb \u2014 \u25b7 Noticias de Casanare : Martha Cifuentes | Casanare\" src=\"https:\/\/marthacifuentes.com\/portada\/2022\/08\/02\/vuelve-jhon-calzones-ofreciedo-doblar-viviendas-de-la-bendicion-en-yopal\/embed\/#?secret=wHk3izvgI4#?secret=tfv9qWAmOL\" width=\"600\" height=\"598\" frameborder=\"0\" marginwidth=\"0\" marginheight=\"0\" scrolling=\"no\" sandbox=\"allow-scripts\" data-secret=\"tfv9qWAmOL\" data-mce-fragment=\"1\"><\/iframe><\/p>\n<p><iframe loading=\"lazy\" class=\"wp-embedded-content\" title=\"\u00abProcuradur\u00eda formul\u00f3 pliego de cargos contra exalcalde de Yopal, Jorge Garc\u00eda Lizarazo, por convenio del Pimur\u00bb \u2014 \u25b7 Noticias de Casanare : Martha Cifuentes | Casanare\" src=\"https:\/\/marthacifuentes.com\/portada\/2022\/08\/01\/procuraduria-formulo-pliego-de-cargos-contra-exalcalde-de-yopal-jorge-garcia-lizarazo-por-convenio-del-pimur\/embed\/#?secret=63Q6UFkYxN#?secret=WlH69ecbsQ\" width=\"600\" height=\"628\" frameborder=\"0\" marginwidth=\"0\" marginheight=\"0\" scrolling=\"no\" sandbox=\"allow-scripts\" data-secret=\"WlH69ecbsQ\" data-mce-fragment=\"1\"><\/iframe><\/p>\n<p><iframe loading=\"lazy\" class=\"wp-embedded-content\" title=\"\u00abCon tutela se logra colar contratista en licitaci\u00f3n multimillonaria en Man\u00ed. Juez orden\u00f3 su habilitaci\u00f3n para participar del proceso.\u00bb \u2014 \u25b7 Noticias de Casanare : Martha Cifuentes | Casanare\" src=\"https:\/\/marthacifuentes.com\/portada\/2022\/07\/29\/con-tutela-se-logra-colar-contratista-en-licitacion-multimillonaria-en-mani-juez-ordeno-su-habilitacion-para-participar-del-proceso\/embed\/#?secret=SgmEdGZVn6#?secret=sMekk9bWZN\" width=\"600\" height=\"614\" frameborder=\"0\" marginwidth=\"0\" marginheight=\"0\" scrolling=\"no\" sandbox=\"allow-scripts\" data-secret=\"sMekk9bWZN\" data-mce-fragment=\"1\"><\/iframe><\/p>\n<p><iframe loading=\"lazy\" class=\"wp-embedded-content\" title=\"\u00abEn Man\u00ed asesinado otro ganadero. Viv\u00eda en finca Frontera, que es objeto de disputa territorial\u00bb \u2014 \u25b7 Noticias de Casanare : Martha Cifuentes | Casanare\" src=\"https:\/\/marthacifuentes.com\/portada\/2022\/07\/29\/en-mani-asesinado-otro-ganadero-vivia-en-finca-frontera-que-es-objeto-de-disputa-territorial\/embed\/#?secret=qOEEskB6Ju#?secret=cFQBZZAzAw\" width=\"600\" height=\"600\" frameborder=\"0\" marginwidth=\"0\" marginheight=\"0\" scrolling=\"no\" sandbox=\"allow-scripts\" data-secret=\"cFQBZZAzAw\" data-mce-fragment=\"1\"><\/iframe><\/p>\n<p><iframe loading=\"lazy\" class=\"wp-embedded-content\" title=\"\u00abPaz de Ariporo ya tiene designado alcalde ad hoc en relaci\u00f3n a proceso de revocatoria del mandato de la alcaldesa Eunice Escobar\u00bb \u2014 \u25b7 Noticias de Casanare : Martha Cifuentes | Casanare\" src=\"https:\/\/marthacifuentes.com\/portada\/2022\/07\/27\/paz-de-ariporo-ya-tiene-designado-alcalde-ad-hoc-en-relacion-a-proceso-de-revocatoria-del-mandato-de-la-alcaldesa-eunice-escobar\/embed\/#?secret=2SFkze7RRm#?secret=FlVMCWm3bO\" width=\"600\" height=\"649\" frameborder=\"0\" marginwidth=\"0\" marginheight=\"0\" scrolling=\"no\" sandbox=\"allow-scripts\" data-secret=\"FlVMCWm3bO\" data-mce-fragment=\"1\"><\/iframe><\/p>\n<p><iframe loading=\"lazy\" class=\"wp-embedded-content\" title=\"\u00abContratista de atenci\u00f3n a adulto mayor en Tauramena no le paga a sus empleados y proveedores\u00bb \u2014 \u25b7 Noticias de Casanare : Martha Cifuentes | Casanare\" src=\"https:\/\/marthacifuentes.com\/portada\/2022\/07\/26\/contratista-de-atencion-a-adulto-mayor-en-tauramena-no-le-paga-a-sus-empleados-y-proveedores\/embed\/#?secret=7hebe8G12d#?secret=iVDK3TNzpa\" width=\"600\" height=\"621\" frameborder=\"0\" marginwidth=\"0\" marginheight=\"0\" scrolling=\"no\" sandbox=\"allow-scripts\" data-secret=\"iVDK3TNzpa\" data-mce-fragment=\"1\"><\/iframe><\/p>\n<p><iframe loading=\"lazy\" class=\"wp-embedded-content\" title=\"\u00abUn joven muerto y dos heridos, de una misma familia, deja intento de requisa policial en Yopal. Padre dijo que hubo exceso de fuerza.\u00bb \u2014 \u25b7 Noticias de Casanare : Martha Cifuentes | Casanare\" src=\"https:\/\/marthacifuentes.com\/portada\/2022\/07\/26\/un-joven-muerto-y-dos-heridos-de-una-misma-familia-deja-intento-de-requisa-policial-en-yopal-padre-dijo-que-hubo-exceso-de-fuerza\/embed\/#?secret=lOW3B3DF9r#?secret=flnQH5H0SD\" width=\"600\" height=\"649\" frameborder=\"0\" marginwidth=\"0\" marginheight=\"0\" scrolling=\"no\" sandbox=\"allow-scripts\" data-secret=\"flnQH5H0SD\" data-mce-fragment=\"1\"><\/iframe><\/p>\n<p><iframe loading=\"lazy\" class=\"wp-embedded-content\" title=\"\u00abEn una calle de Yopal muri\u00f3 una mujer ind\u00edgena, por posible enfermedad\u00bb \u2014 \u25b7 Noticias de Casanare : Martha Cifuentes | Casanare\" src=\"https:\/\/marthacifuentes.com\/portada\/2022\/07\/26\/en-una-calle-de-yopal-murio-una-mujer-indigena-por-posible-enfermedad\/embed\/#?secret=r0svj0HZse#?secret=Bj1C9oUg93\" width=\"600\" height=\"599\" frameborder=\"0\" marginwidth=\"0\" marginheight=\"0\" scrolling=\"no\" sandbox=\"allow-scripts\" data-secret=\"Bj1C9oUg93\" data-mce-fragment=\"1\"><\/iframe><\/p>\n<p><iframe loading=\"lazy\" class=\"wp-embedded-content\" title=\"\u00abAlcaldes de Man\u00ed y Paz de Ariporo \u201cvelan\u201d por sus contratos, uno de 105 mil millones y otro de 42 mil millones, respectivamente.\u00bb \u2014 \u25b7 Noticias de Casanare : Martha Cifuentes | Casanare\" src=\"https:\/\/marthacifuentes.com\/portada\/2022\/07\/26\/alcaldes-de-mani-y-paz-de-ariporo-velan-por-sus-contratos-uno-de-105-mil-millones-y-otro-de-42-mil-millones-respectivamente\/embed\/#?secret=Of0cygVdMu#?secret=owDJ6Euopl\" width=\"600\" height=\"628\" frameborder=\"0\" marginwidth=\"0\" marginheight=\"0\" scrolling=\"no\" sandbox=\"allow-scripts\" data-secret=\"owDJ6Euopl\" data-mce-fragment=\"1\"><\/iframe><\/p>\n<p><iframe loading=\"lazy\" class=\"wp-embedded-content\" title=\"\u00abSangre de 303 inocentes personas ba\u00f1\u00f3 a Casanare en forma de falsos positivos. JEP imput\u00f3 cargos contra militares y civiles involucrados\u00bb \u2014 \u25b7 Noticias de Casanare : Martha Cifuentes | Casanare\" src=\"https:\/\/marthacifuentes.com\/portada\/2022\/07\/25\/sangre-de-303-inocentes-personas-bano-a-casanare-en-forma-de-falsos-positivos-jep-imputo-cargos-contra-militares-y-civiles-involucrados\/embed\/#?secret=o3Inb9VVwa#?secret=d4JwNFcHbv\" width=\"600\" height=\"596\" frameborder=\"0\" marginwidth=\"0\" marginheight=\"0\" scrolling=\"no\" sandbox=\"allow-scripts\" data-secret=\"d4JwNFcHbv\" data-mce-fragment=\"1\"><\/iframe><\/p>\n<p><iframe loading=\"lazy\" class=\"wp-embedded-content\" title=\"\u00abA expensas de ladrones, inescrupulosos y violencia, colegios p\u00fablicos de Yopal, por no contar con servicio de vigilancia\u00bb \u2014 \u25b7 Noticias de Casanare : Martha Cifuentes | Casanare\" src=\"https:\/\/marthacifuentes.com\/portada\/2022\/07\/25\/a-expensas-de-ladrones-inescrupulosos-y-violencia-colegios-publicos-de-yopal-por-no-contar-con-servicio-de-vigilancia\/embed\/#?secret=S4pHSMGupw#?secret=bF4Xsn4E9s\" width=\"600\" height=\"357\" frameborder=\"0\" marginwidth=\"0\" marginheight=\"0\" scrolling=\"no\" sandbox=\"allow-scripts\" data-secret=\"bF4Xsn4E9s\" data-mce-fragment=\"1\"><\/iframe><\/p>\n<p><iframe loading=\"lazy\" class=\"wp-embedded-content\" title=\"\u00abConsorcio Gaviotas no cumplir\u00eda requisitos para licitaci\u00f3n de $105 mil millones de Man\u00ed, asegura oferente excluido\u00bb \u2014 \u25b7 Noticias de Casanare : Martha Cifuentes | Casanare\" src=\"https:\/\/marthacifuentes.com\/portada\/2022\/07\/21\/consorcio-gaviotas-no-cumpliria-requisitos-para-licitacion-de-105-mil-millones-de-mani-asegura-oferente-excluido\/embed\/#?secret=s9tRxlbjOl#?secret=V91b2Nf0m5\" width=\"600\" height=\"583\" frameborder=\"0\" marginwidth=\"0\" marginheight=\"0\" scrolling=\"no\" sandbox=\"allow-scripts\" data-secret=\"V91b2Nf0m5\" data-mce-fragment=\"1\"><\/iframe><\/p>\n<p><iframe loading=\"lazy\" class=\"wp-embedded-content\" title=\"\u00abGobernaci\u00f3n de Casanare con apoyo de MinAgricultura entreg\u00f3 maquinaria para fortalecer ganaderos\u00bb \u2014 \u25b7 Noticias de Casanare : Martha Cifuentes | Casanare\" src=\"https:\/\/marthacifuentes.com\/portada\/2022\/07\/21\/gobernacion-de-casanare-con-apoyo-de-minagricultura-entrego-maquinaria-para-fortalecer-ganaderos\/embed\/#?secret=KrMTHoMS6F#?secret=XRZ3P3TyPm\" width=\"600\" height=\"593\" frameborder=\"0\" marginwidth=\"0\" marginheight=\"0\" scrolling=\"no\" sandbox=\"allow-scripts\" data-secret=\"XRZ3P3TyPm\" data-mce-fragment=\"1\"><\/iframe><\/p>\n<p><iframe loading=\"lazy\" class=\"wp-embedded-content\" title=\"\u00abEn vilo podr\u00eda quedar nombramiento de nuevo director de Gesti\u00f3n del Riesgo de Casanare por falsedad en documento p\u00fablico\u00bb \u2014 \u25b7 Noticias de Casanare : Martha Cifuentes | Casanare\" src=\"https:\/\/marthacifuentes.com\/portada\/2022\/07\/19\/en-vilo-podria-quedar-nombramiento-de-nuevo-director-de-gestion-del-riesgo-de-casanare-por-falsedad-en-documento-publico\/embed\/#?secret=iU397smojr#?secret=pHWQVJpW6X\" width=\"600\" height=\"649\" frameborder=\"0\" marginwidth=\"0\" marginheight=\"0\" scrolling=\"no\" sandbox=\"allow-scripts\" data-secret=\"pHWQVJpW6X\" data-mce-fragment=\"1\"><\/iframe><\/p>\n<p><iframe loading=\"lazy\" class=\"wp-embedded-content\" title=\"\u00abPor tutela, Juzgado orden\u00f3 al alcalde de Man\u00ed, suspender cuestionada licitaci\u00f3n de 105 mil millones de pesos de v\u00eda intermunicipal\u00bb \u2014 \u25b7 Noticias de Casanare : Martha Cifuentes | Casanare\" src=\"https:\/\/marthacifuentes.com\/portada\/2022\/07\/19\/por-tutela-juzgado-ordeno-al-alcalde-de-mani-suspender-cuestionada-licitacion-de-105-mil-millones-de-pesos-de-via-intermunicipal\/embed\/#?secret=QOOcyXz8pM#?secret=8KEMHqoWiT\" width=\"600\" height=\"614\" frameborder=\"0\" marginwidth=\"0\" marginheight=\"0\" scrolling=\"no\" sandbox=\"allow-scripts\" data-secret=\"8KEMHqoWiT\" data-mce-fragment=\"1\"><\/iframe><\/p>\n<p><iframe loading=\"lazy\" class=\"wp-embedded-content\" title=\"\u00abSellados 8 establecimientos p\u00fablicos de venta de alcohol en Yopal por alterar la tranquilidad .\u00bb \u2014 \u25b7 Noticias de Casanare : Martha Cifuentes | Casanare\" src=\"https:\/\/marthacifuentes.com\/portada\/2022\/07\/18\/sellados-8-establecimientos-publicos-de-venta-de-alcohol-en-yopal-por-alterar-la-tranquilidad\/embed\/#?secret=Waa5TynOeK#?secret=5MUO55jtTj\" width=\"600\" height=\"621\" frameborder=\"0\" marginwidth=\"0\" marginheight=\"0\" scrolling=\"no\" sandbox=\"allow-scripts\" data-secret=\"5MUO55jtTj\" data-mce-fragment=\"1\"><\/iframe><\/p>\n<p><iframe loading=\"lazy\" class=\"wp-embedded-content\" title=\"\u00abInaugurada pavimentaci\u00f3n de 11 km de v\u00eda Central del Llano en Man\u00ed, pero falt\u00f3 arreglar tramo lleno de huecos.\u00bb \u2014 \u25b7 Noticias de Casanare : Martha Cifuentes | Casanare\" src=\"https:\/\/marthacifuentes.com\/portada\/2022\/07\/18\/inaugurada-pavimentacion-de-11-km-de-via-central-del-llano-en-mani-pero-falto-arreglar-tramo-lleno-de-huecos\/embed\/#?secret=zzo9vDXPXg#?secret=LT9Nn4TOq4\" width=\"600\" height=\"628\" frameborder=\"0\" marginwidth=\"0\" marginheight=\"0\" scrolling=\"no\" sandbox=\"allow-scripts\" data-secret=\"LT9Nn4TOq4\" data-mce-fragment=\"1\"><\/iframe><\/p>\n<p><iframe loading=\"lazy\" class=\"wp-embedded-content\" title=\"\u00abV\u00eda del Cusiana tiene problemas geol\u00f3gicos, geot\u00e9cnicos y clim\u00e1ticos por ello se buscar\u00eda nuevo trazado: Director del Inv\u00edas\u00bb \u2014 \u25b7 Noticias de Casanare : Martha Cifuentes | Casanare\" src=\"https:\/\/marthacifuentes.com\/portada\/2022\/07\/18\/via-del-cusiana-tiene-problemas-geologicos-geotecnicos-y-climaticos-por-ello-se-buscaria-nuevo-trazado-director-del-invias\/embed\/#?secret=Ab8R5jBQYo#?secret=gXP4inhH5U\" width=\"600\" height=\"649\" frameborder=\"0\" marginwidth=\"0\" marginheight=\"0\" scrolling=\"no\" sandbox=\"allow-scripts\" data-secret=\"gXP4inhH5U\" data-mce-fragment=\"1\"><\/iframe><\/p>\n<p><iframe loading=\"lazy\" class=\"wp-embedded-content\" title=\"\u00abAlcalde de Man\u00ed y su secretario de obras, investigados por la Procuradur\u00eda por cobrar coimas para adjudicar contratos\u00bb \u2014 \u25b7 Noticias de Casanare : Martha Cifuentes | Casanare\" src=\"https:\/\/marthacifuentes.com\/portada\/2022\/07\/18\/alcalde-de-mani-y-su-secretario-de-obras-investigados-por-la-procuraduria-por-cobrar-coimas-para-adjudicar-contratos\/embed\/#?secret=VjYiSd5qyP#?secret=s8WC8Liwi4\" width=\"600\" height=\"357\" frameborder=\"0\" marginwidth=\"0\" marginheight=\"0\" scrolling=\"no\" sandbox=\"allow-scripts\" data-secret=\"s8WC8Liwi4\" data-mce-fragment=\"1\"><\/iframe><\/p>\n<p><iframe loading=\"lazy\" class=\"wp-embedded-content\" title=\"\u00abSenadora Amanda Gonz\u00e1lez cuestion\u00f3 a alcaldesa de Paz de Ariporo y Gobernador de Casanare por negligentes.\u00bb \u2014 \u25b7 Noticias de Casanare : Martha Cifuentes | Casanare\" src=\"https:\/\/marthacifuentes.com\/portada\/2022\/07\/18\/senadora-amanda-gonzalez-cuestiono-a-alcaldesa-de-paz-de-ariporo-y-gobernador-de-casanare-por-negligentes\/embed\/#?secret=V1BHJZftt6#?secret=5aM1AEGsta\" width=\"600\" height=\"613\" frameborder=\"0\" marginwidth=\"0\" marginheight=\"0\" scrolling=\"no\" sandbox=\"allow-scripts\" data-secret=\"5aM1AEGsta\" data-mce-fragment=\"1\"><\/iframe><\/p>\n<p><iframe loading=\"lazy\" class=\"wp-embedded-content\" title=\"\u00abPor negligentes, el gobernador de Casanare y gerente de Acuatodos sancionados por Juzgado de Yopal\u00bb \u2014 \u25b7 Noticias de Casanare : Martha Cifuentes | Casanare\" src=\"https:\/\/marthacifuentes.com\/portada\/2022\/07\/15\/por-negligentes-el-gobernador-de-casanare-y-gerente-de-acuatodos-sancionados-por-juzgado-de-yopal\/embed\/#?secret=HY3x5fwLhD#?secret=bT2gnH8yWH\" width=\"600\" height=\"621\" frameborder=\"0\" marginwidth=\"0\" marginheight=\"0\" scrolling=\"no\" sandbox=\"allow-scripts\" data-secret=\"bT2gnH8yWH\" data-mce-fragment=\"1\"><\/iframe><\/p>\n<p><iframe loading=\"lazy\" class=\"wp-embedded-content\" title=\"\u00abSENA Yopal funcionar\u00e1 con planta solar fotovoltaica\u00bb \u2014 \u25b7 Noticias de Casanare : Martha Cifuentes | Casanare\" src=\"https:\/\/marthacifuentes.com\/portada\/2022\/07\/14\/sena-yopal-funcionara-con-planta-solar-fotovoltaica\/embed\/#?secret=djhHgxkTcP#?secret=dowyKpKXue\" width=\"600\" height=\"591\" frameborder=\"0\" marginwidth=\"0\" marginheight=\"0\" scrolling=\"no\" sandbox=\"allow-scripts\" data-secret=\"dowyKpKXue\" data-mce-fragment=\"1\"><\/iframe><\/p>\n<p><iframe loading=\"lazy\" class=\"wp-embedded-content\" title=\"\u00abSin pistas sobre responsables de hombre asesinado en zona rural de Man\u00ed, Casanare. Zona es \u00e1rea de influencia del Clan del Golfo.\u00bb \u2014 \u25b7 Noticias de Casanare : Martha Cifuentes | Casanare\" src=\"https:\/\/marthacifuentes.com\/portada\/2022\/07\/14\/sin-pistas-sobre-responsables-de-hombre-asesinado-en-zona-rural-de-mani-casanare-zona-es-area-de-influencia-del-clan-del-golfo\/embed\/#?secret=OlIM6bOz1N#?secret=uG2aKRoAVi\" width=\"600\" height=\"649\" frameborder=\"0\" marginwidth=\"0\" marginheight=\"0\" scrolling=\"no\" sandbox=\"allow-scripts\" data-secret=\"uG2aKRoAVi\" data-mce-fragment=\"1\"><\/iframe><\/p>\n<p><iframe loading=\"lazy\" class=\"wp-embedded-content\" title=\"\u00abMilitar casanare\u00f1o asesinado en combates con disidencias de las Farc en Corinto, Cauca.\u00bb \u2014 \u25b7 Noticias de Casanare : Martha Cifuentes | Casanare\" src=\"https:\/\/marthacifuentes.com\/portada\/2022\/07\/14\/militar-casanareno-asesinado-en-combates-con-disidencias-de-las-farc-en-corinto-cauca\/embed\/#?secret=n2YsPwZBYh#?secret=1jGsmyDv8W\" width=\"600\" height=\"621\" frameborder=\"0\" marginwidth=\"0\" marginheight=\"0\" scrolling=\"no\" sandbox=\"allow-scripts\" data-secret=\"1jGsmyDv8W\" data-mce-fragment=\"1\"><\/iframe><\/p>\n<p><iframe loading=\"lazy\" class=\"wp-embedded-content\" title=\"\u00abPolic\u00eda adscrito a comando de Casanare habr\u00eda asesinado (Feminicidio) a su pareja, una joven de Pore y luego se habr\u00eda suicidado.\u00bb \u2014 \u25b7 Noticias de Casanare : Martha Cifuentes | Casanare\" src=\"https:\/\/marthacifuentes.com\/portada\/2022\/07\/13\/policia-adscrito-a-comando-de-casanare-habria-asesinado-feminicidio-a-su-pareja-una-joven-de-pore-y-luego-se-habria-suicidado\/embed\/#?secret=ZOoF8XaW9A#?secret=pxDyKcOedF\" width=\"600\" height=\"628\" frameborder=\"0\" marginwidth=\"0\" marginheight=\"0\" scrolling=\"no\" sandbox=\"allow-scripts\" data-secret=\"pxDyKcOedF\" data-mce-fragment=\"1\"><\/iframe><\/p>\n<p><iframe loading=\"lazy\" class=\"wp-embedded-content\" title=\"\u00abCapturado en Yopal, Casanare, enlace del c\u00e1rtel de Sinaloa y el Eln. Lavaba dinero del narcotr\u00e1fico.\u00bb \u2014 \u25b7 Noticias de Casanare : Martha Cifuentes | Casanare\" src=\"https:\/\/marthacifuentes.com\/portada\/2022\/07\/12\/capturado-en-yopal-casanare-enlace-del-cartel-de-sinaloa-y-el-eln-lavaba-dinero-del-narcotrafico\/embed\/#?secret=8auzE9jPqb#?secret=Y1bl3tmkbB\" width=\"600\" height=\"621\" frameborder=\"0\" marginwidth=\"0\" marginheight=\"0\" scrolling=\"no\" sandbox=\"allow-scripts\" data-secret=\"Y1bl3tmkbB\" data-mce-fragment=\"1\"><\/iframe><\/p>\n<p><iframe loading=\"lazy\" class=\"wp-embedded-content\" title=\"\u00abMujer violada en sendero a la Virgen en Yopal. Depredador sexual capturado en flagrancia\u00bb \u2014 \u25b7 Noticias de Casanare : Martha Cifuentes | Casanare\" src=\"https:\/\/marthacifuentes.com\/portada\/2022\/07\/12\/mujer-violada-en-sendero-a-la-virgen-en-yopal-depredador-sexual-capturado-en-flagrancia\/embed\/#?secret=bZQyYgUyxY#?secret=BUuJf4j7ye\" width=\"600\" height=\"621\" frameborder=\"0\" marginwidth=\"0\" marginheight=\"0\" scrolling=\"no\" sandbox=\"allow-scripts\" data-secret=\"BUuJf4j7ye\" data-mce-fragment=\"1\"><\/iframe><\/p>\n<p><iframe loading=\"lazy\" class=\"wp-embedded-content\" title=\"\u00abCaos en Aguazul por invierno. Declarada la calamidad p\u00fablica. 30% del pueblo afectado\u00bb \u2014 \u25b7 Noticias de Casanare : Martha Cifuentes | Casanare\" src=\"https:\/\/marthacifuentes.com\/portada\/2022\/07\/12\/caos-en-aguazul-por-invierno-declarada-la-calamidad-publica-30-del-pueblo-afectado\/embed\/#?secret=2DU4KcWlbd#?secret=eTFLrVRBIX\" width=\"600\" height=\"621\" frameborder=\"0\" marginwidth=\"0\" marginheight=\"0\" scrolling=\"no\" sandbox=\"allow-scripts\" data-secret=\"eTFLrVRBIX\" data-mce-fragment=\"1\"><\/iframe><\/p>\n<p><iframe loading=\"lazy\" class=\"wp-embedded-content\" title=\"\u00abHombre asesin\u00f3 a su yerno en ri\u00f1a en Nunch\u00eda\u00bb \u2014 \u25b7 Noticias de Casanare : Martha Cifuentes | Casanare\" src=\"https:\/\/marthacifuentes.com\/portada\/2022\/07\/11\/hombre-asesino-a-su-yerno-en-rina-en-nunchia\/embed\/#?secret=8nMrrZdLP9#?secret=7Vf6cWywke\" width=\"600\" height=\"592\" frameborder=\"0\" marginwidth=\"0\" marginheight=\"0\" scrolling=\"no\" sandbox=\"allow-scripts\" data-secret=\"7Vf6cWywke\" data-mce-fragment=\"1\"><\/iframe><\/p>\n<p><iframe loading=\"lazy\" class=\"wp-embedded-content\" title=\"\u00abCapturado lugarteniente de alias \u201cAntonio Medina\u201d, de las disidencias de las Farc\u00bb \u2014 \u25b7 Noticias de Casanare : Martha Cifuentes | Casanare\" src=\"https:\/\/marthacifuentes.com\/portada\/2022\/07\/11\/capturado-lugarteniente-de-alias-antonio-medina-de-las-disidencias-de-las-farc\/embed\/#?secret=oYoxRIOb3x#?secret=XDds6CbG4U\" width=\"600\" height=\"620\" frameborder=\"0\" marginwidth=\"0\" marginheight=\"0\" scrolling=\"no\" sandbox=\"allow-scripts\" data-secret=\"XDds6CbG4U\" data-mce-fragment=\"1\"><\/iframe><\/p>\n<p><iframe loading=\"lazy\" class=\"wp-embedded-content\" title=\"\u00abAprobado proyecto de pasivos ambientales en comisi\u00f3n V de C\u00e1mara. Petroleras tienen gran deuda con Casanare, afirm\u00f3 parlamentario C\u00e9sar Ortiz.\u00bb \u2014 \u25b7 Noticias de Casanare : Martha Cifuentes | Casanare\" src=\"https:\/\/marthacifuentes.com\/portada\/2022\/06\/08\/aprobado-proyecto-de-pasivos-ambientales-en-comision-v-de-camara-petroleras-tienen-gran-deuda-con-casanare-afirmo-parlamentario-cesar-ortiz\/embed\/#?secret=us9OFGMjwr#?secret=8AcG5AU9dB\" width=\"600\" height=\"649\" frameborder=\"0\" marginwidth=\"0\" marginheight=\"0\" scrolling=\"no\" sandbox=\"allow-scripts\" data-secret=\"8AcG5AU9dB\" data-mce-fragment=\"1\"><\/iframe><\/p>\n<p><iframe loading=\"lazy\" class=\"wp-embedded-content\" title=\"\u00ab\u201cLa situaci\u00f3n de Alto Lindo en Aguazul no es un simple derrumbe, implica familias que han perdido sus terrenos y viviendas\u201d\u00bb \u2014 \u25b7 Noticias de Casanare : Martha Cifuentes | Casanare\" src=\"https:\/\/marthacifuentes.com\/portada\/2022\/07\/11\/la-situacion-de-alto-lindo-en-aguazul-no-es-un-simple-derrumbe-implica-familias-que-han-perdido-sus-terrenos-y-viviendas\/embed\/#?secret=PNe2vYcxII#?secret=FpZTzJ1Ev8\" width=\"600\" height=\"619\" frameborder=\"0\" marginwidth=\"0\" marginheight=\"0\" scrolling=\"no\" sandbox=\"allow-scripts\" data-secret=\"FpZTzJ1Ev8\" data-mce-fragment=\"1\"><\/iframe><\/li>\n<\/ul>\n","protected":false},"excerpt":{"rendered":"<p>La multimillonaria licitaci\u00f3n del mejoramiento de la v\u00eda Man\u00ed, Tauramena y Monterrey, que viene realizando la Alcald\u00eda de Man\u00ed, parece una monta\u00f1a rusa, producto de las decisiones de los jueces. Mientras uno, en la admisi\u00f3n de una acci\u00f3n de tutela, impuso como medida cautelar la suspensi\u00f3n del proceso contractual y en fallo de primera instancia, &hellip;<\/p>\n","protected":false},"author":2,"featured_media":29843,"comment_status":"open","ping_status":"open","sticky":false,"template":"","format":"standard","meta":{"om_disable_all_campaigns":false,"_exactmetrics_skip_tracking":false,"_exactmetrics_sitenote_active":false,"_exactmetrics_sitenote_note":"","_exactmetrics_sitenote_category":0,"_monsterinsights_skip_tracking":false,"_monsterinsights_sitenote_active":false,"_monsterinsights_sitenote_note":"","_monsterinsights_sitenote_category":0,"_uf_show_specific_survey":0,"_uf_disable_surveys":false,"_joinchat":[],"footnotes":""},"categories":[147,146,145],"tags":[154,1373,8231,8272,8277,8276,8273,5800,8124,8275,8278,8274],"class_list":["post-29835","post","type-post","status-publish","format-standard","has-post-thumbnail","hentry","category-actualidad","category-noticias","category-reportajes","tag-casanare","tag-casanare-noticias","tag-consorcio-gaviotas","tag-guerra-de-tutelas-de-consorcios-y-alcaldia-de-mani","tag-juzgado-primero-de-familia","tag-juzgado-promiscuo-municipal-de-mani-admitio-accion","tag-mani-alcaldia","tag-mani-noticias","tag-ministerio-del-transporte","tag-ocad-region-del-llano","tag-uzgado-primero-civil-del-circuito-de-yopal","tag-via-mani-tauramena-y-monterrey"],"yoast_head":"<!-- This site is optimized with the Yoast SEO plugin v26.1 - https:\/\/yoast.com\/wordpress\/plugins\/seo\/ -->\n<title>El sube y baja de la licitaci\u00f3n vial por 105 mil millones de Man\u00ed. Guerra de tutelas de consorcios y Alcald\u00eda. - \u25b7 Noticias de Casanare : Martha Cifuentes | Casanare<\/title>\n<meta name=\"robots\" content=\"index, follow, max-snippet:-1, max-image-preview:large, max-video-preview:-1\" \/>\n<link rel=\"canonical\" href=\"https:\/\/marthacifuentes.com\/portada\/el-sube-y-baja-de-la-licitacion-vial-por-105-mil-millones-de-mani-guerra-de-tutelas-de-consorcios-y-alcaldia\/\" \/>\n<meta property=\"og:locale\" content=\"es_ES\" \/>\n<meta property=\"og:type\" content=\"article\" \/>\n<meta property=\"og:title\" content=\"El sube y baja de la licitaci\u00f3n vial por 105 mil millones de Man\u00ed. Guerra de tutelas de consorcios y Alcald\u00eda. - \u25b7 Noticias de Casanare : Martha Cifuentes | Casanare\" \/>\n<meta property=\"og:description\" content=\"La multimillonaria licitaci\u00f3n del mejoramiento de la v\u00eda Man\u00ed, Tauramena y Monterrey, que viene realizando la Alcald\u00eda de Man\u00ed, parece una monta\u00f1a rusa, producto de las decisiones de los jueces. Mientras uno, en la admisi\u00f3n de una acci\u00f3n de tutela, impuso como medida cautelar la suspensi\u00f3n del proceso contractual y en fallo de primera instancia, &hellip;\" \/>\n<meta property=\"og:url\" content=\"https:\/\/marthacifuentes.com\/portada\/el-sube-y-baja-de-la-licitacion-vial-por-105-mil-millones-de-mani-guerra-de-tutelas-de-consorcios-y-alcaldia\/\" \/>\n<meta property=\"og:site_name\" content=\"\u25b7 Noticias de Casanare : Martha Cifuentes | Casanare\" \/>\n<meta property=\"article:published_time\" content=\"2022-08-19T14:39:22+00:00\" \/>\n<meta property=\"article:modified_time\" content=\"2022-08-19T14:44:42+00:00\" \/>\n<meta property=\"og:image\" content=\"https:\/\/marthacifuentes.com\/portada\/wp-content\/uploads\/2022\/08\/GUERRA-DE-TUTELAS-scaled.jpg\" \/>\n\t<meta property=\"og:image:width\" content=\"2560\" \/>\n\t<meta property=\"og:image:height\" content=\"1259\" \/>\n\t<meta property=\"og:image:type\" content=\"image\/jpeg\" \/>\n<meta name=\"author\" content=\"Martha Cifuentes\" \/>\n<meta name=\"twitter:card\" content=\"summary_large_image\" \/>\n<meta name=\"twitter:label1\" content=\"Escrito por\" \/>\n\t<meta name=\"twitter:data1\" content=\"Martha Cifuentes\" \/>\n\t<meta name=\"twitter:label2\" content=\"Tiempo de lectura\" \/>\n\t<meta name=\"twitter:data2\" content=\"7 minutos\" \/>\n<script type=\"application\/ld+json\" class=\"yoast-schema-graph\">{\"@context\":\"https:\/\/schema.org\",\"@graph\":[{\"@type\":\"WebPage\",\"@id\":\"https:\/\/marthacifuentes.com\/portada\/el-sube-y-baja-de-la-licitacion-vial-por-105-mil-millones-de-mani-guerra-de-tutelas-de-consorcios-y-alcaldia\/\",\"url\":\"https:\/\/marthacifuentes.com\/portada\/el-sube-y-baja-de-la-licitacion-vial-por-105-mil-millones-de-mani-guerra-de-tutelas-de-consorcios-y-alcaldia\/\",\"name\":\"El sube y baja de la licitaci\u00f3n vial por 105 mil millones de Man\u00ed. Guerra de tutelas de consorcios y Alcald\u00eda. - \u25b7 Noticias de Casanare : Martha Cifuentes | Casanare\",\"isPartOf\":{\"@id\":\"https:\/\/marthacifuentes.com\/portada\/#website\"},\"primaryImageOfPage\":{\"@id\":\"https:\/\/marthacifuentes.com\/portada\/el-sube-y-baja-de-la-licitacion-vial-por-105-mil-millones-de-mani-guerra-de-tutelas-de-consorcios-y-alcaldia\/#primaryimage\"},\"image\":{\"@id\":\"https:\/\/marthacifuentes.com\/portada\/el-sube-y-baja-de-la-licitacion-vial-por-105-mil-millones-de-mani-guerra-de-tutelas-de-consorcios-y-alcaldia\/#primaryimage\"},\"thumbnailUrl\":\"https:\/\/marthacifuentes.com\/portada\/wp-content\/uploads\/2022\/08\/GUERRA-DE-TUTELAS-scaled.jpg\",\"datePublished\":\"2022-08-19T14:39:22+00:00\",\"dateModified\":\"2022-08-19T14:44:42+00:00\",\"author\":{\"@id\":\"https:\/\/marthacifuentes.com\/portada\/#\/schema\/person\/57f53174b991db5f90ff78d58502b714\"},\"breadcrumb\":{\"@id\":\"https:\/\/marthacifuentes.com\/portada\/el-sube-y-baja-de-la-licitacion-vial-por-105-mil-millones-de-mani-guerra-de-tutelas-de-consorcios-y-alcaldia\/#breadcrumb\"},\"inLanguage\":\"es\",\"potentialAction\":[{\"@type\":\"ReadAction\",\"target\":[\"https:\/\/marthacifuentes.com\/portada\/el-sube-y-baja-de-la-licitacion-vial-por-105-mil-millones-de-mani-guerra-de-tutelas-de-consorcios-y-alcaldia\/\"]}]},{\"@type\":\"ImageObject\",\"inLanguage\":\"es\",\"@id\":\"https:\/\/marthacifuentes.com\/portada\/el-sube-y-baja-de-la-licitacion-vial-por-105-mil-millones-de-mani-guerra-de-tutelas-de-consorcios-y-alcaldia\/#primaryimage\",\"url\":\"https:\/\/marthacifuentes.com\/portada\/wp-content\/uploads\/2022\/08\/GUERRA-DE-TUTELAS-scaled.jpg\",\"contentUrl\":\"https:\/\/marthacifuentes.com\/portada\/wp-content\/uploads\/2022\/08\/GUERRA-DE-TUTELAS-scaled.jpg\",\"width\":2560,\"height\":1259},{\"@type\":\"BreadcrumbList\",\"@id\":\"https:\/\/marthacifuentes.com\/portada\/el-sube-y-baja-de-la-licitacion-vial-por-105-mil-millones-de-mani-guerra-de-tutelas-de-consorcios-y-alcaldia\/#breadcrumb\",\"itemListElement\":[{\"@type\":\"ListItem\",\"position\":1,\"name\":\"Portada\",\"item\":\"https:\/\/marthacifuentes.com\/portada\/\"},{\"@type\":\"ListItem\",\"position\":2,\"name\":\"El sube y baja de la licitaci\u00f3n vial por 105 mil millones de Man\u00ed. Guerra de tutelas de consorcios y Alcald\u00eda.\"}]},{\"@type\":\"WebSite\",\"@id\":\"https:\/\/marthacifuentes.com\/portada\/#website\",\"url\":\"https:\/\/marthacifuentes.com\/portada\/\",\"name\":\"\u25b7 Noticias de Casanare : Martha Cifuentes | Casanare\",\"description\":\"Noticias &amp; Contenidos\",\"potentialAction\":[{\"@type\":\"SearchAction\",\"target\":{\"@type\":\"EntryPoint\",\"urlTemplate\":\"https:\/\/marthacifuentes.com\/portada\/?s={search_term_string}\"},\"query-input\":{\"@type\":\"PropertyValueSpecification\",\"valueRequired\":true,\"valueName\":\"search_term_string\"}}],\"inLanguage\":\"es\"},{\"@type\":\"Person\",\"@id\":\"https:\/\/marthacifuentes.com\/portada\/#\/schema\/person\/57f53174b991db5f90ff78d58502b714\",\"name\":\"Martha Cifuentes\",\"image\":{\"@type\":\"ImageObject\",\"inLanguage\":\"es\",\"@id\":\"https:\/\/marthacifuentes.com\/portada\/#\/schema\/person\/image\/\",\"url\":\"http:\/\/marthacifuentes.com\/portada\/wp-content\/uploads\/2018\/06\/avatar_user_2_1528838701-96x96.jpg\",\"contentUrl\":\"http:\/\/marthacifuentes.com\/portada\/wp-content\/uploads\/2018\/06\/avatar_user_2_1528838701-96x96.jpg\",\"caption\":\"Martha Cifuentes\"},\"sameAs\":[\"http:\/\/www.marthacifuentes.com\"],\"url\":\"https:\/\/marthacifuentes.com\/portada\/author\/martha\/\"}]}<\/script>\n<!-- \/ Yoast SEO plugin. -->","yoast_head_json":{"title":"El sube y baja de la licitaci\u00f3n vial por 105 mil millones de Man\u00ed. Guerra de tutelas de consorcios y Alcald\u00eda. - \u25b7 Noticias de Casanare : Martha Cifuentes | Casanare","robots":{"index":"index","follow":"follow","max-snippet":"max-snippet:-1","max-image-preview":"max-image-preview:large","max-video-preview":"max-video-preview:-1"},"canonical":"https:\/\/marthacifuentes.com\/portada\/el-sube-y-baja-de-la-licitacion-vial-por-105-mil-millones-de-mani-guerra-de-tutelas-de-consorcios-y-alcaldia\/","og_locale":"es_ES","og_type":"article","og_title":"El sube y baja de la licitaci\u00f3n vial por 105 mil millones de Man\u00ed. Guerra de tutelas de consorcios y Alcald\u00eda. - \u25b7 Noticias de Casanare : Martha Cifuentes | Casanare","og_description":"La multimillonaria licitaci\u00f3n del mejoramiento de la v\u00eda Man\u00ed, Tauramena y Monterrey, que viene realizando la Alcald\u00eda de Man\u00ed, parece una monta\u00f1a rusa, producto de las decisiones de los jueces. Mientras uno, en la admisi\u00f3n de una acci\u00f3n de tutela, impuso como medida cautelar la suspensi\u00f3n del proceso contractual y en fallo de primera instancia, &hellip;","og_url":"https:\/\/marthacifuentes.com\/portada\/el-sube-y-baja-de-la-licitacion-vial-por-105-mil-millones-de-mani-guerra-de-tutelas-de-consorcios-y-alcaldia\/","og_site_name":"\u25b7 Noticias de Casanare : Martha Cifuentes | Casanare","article_published_time":"2022-08-19T14:39:22+00:00","article_modified_time":"2022-08-19T14:44:42+00:00","og_image":[{"width":2560,"height":1259,"url":"https:\/\/marthacifuentes.com\/portada\/wp-content\/uploads\/2022\/08\/GUERRA-DE-TUTELAS-scaled.jpg","type":"image\/jpeg"}],"author":"Martha Cifuentes","twitter_card":"summary_large_image","twitter_misc":{"Escrito por":"Martha Cifuentes","Tiempo de lectura":"7 minutos"},"schema":{"@context":"https:\/\/schema.org","@graph":[{"@type":"WebPage","@id":"https:\/\/marthacifuentes.com\/portada\/el-sube-y-baja-de-la-licitacion-vial-por-105-mil-millones-de-mani-guerra-de-tutelas-de-consorcios-y-alcaldia\/","url":"https:\/\/marthacifuentes.com\/portada\/el-sube-y-baja-de-la-licitacion-vial-por-105-mil-millones-de-mani-guerra-de-tutelas-de-consorcios-y-alcaldia\/","name":"El sube y baja de la licitaci\u00f3n vial por 105 mil millones de Man\u00ed. Guerra de tutelas de consorcios y Alcald\u00eda. - \u25b7 Noticias de Casanare : Martha Cifuentes | Casanare","isPartOf":{"@id":"https:\/\/marthacifuentes.com\/portada\/#website"},"primaryImageOfPage":{"@id":"https:\/\/marthacifuentes.com\/portada\/el-sube-y-baja-de-la-licitacion-vial-por-105-mil-millones-de-mani-guerra-de-tutelas-de-consorcios-y-alcaldia\/#primaryimage"},"image":{"@id":"https:\/\/marthacifuentes.com\/portada\/el-sube-y-baja-de-la-licitacion-vial-por-105-mil-millones-de-mani-guerra-de-tutelas-de-consorcios-y-alcaldia\/#primaryimage"},"thumbnailUrl":"https:\/\/marthacifuentes.com\/portada\/wp-content\/uploads\/2022\/08\/GUERRA-DE-TUTELAS-scaled.jpg","datePublished":"2022-08-19T14:39:22+00:00","dateModified":"2022-08-19T14:44:42+00:00","author":{"@id":"https:\/\/marthacifuentes.com\/portada\/#\/schema\/person\/57f53174b991db5f90ff78d58502b714"},"breadcrumb":{"@id":"https:\/\/marthacifuentes.com\/portada\/el-sube-y-baja-de-la-licitacion-vial-por-105-mil-millones-de-mani-guerra-de-tutelas-de-consorcios-y-alcaldia\/#breadcrumb"},"inLanguage":"es","potentialAction":[{"@type":"ReadAction","target":["https:\/\/marthacifuentes.com\/portada\/el-sube-y-baja-de-la-licitacion-vial-por-105-mil-millones-de-mani-guerra-de-tutelas-de-consorcios-y-alcaldia\/"]}]},{"@type":"ImageObject","inLanguage":"es","@id":"https:\/\/marthacifuentes.com\/portada\/el-sube-y-baja-de-la-licitacion-vial-por-105-mil-millones-de-mani-guerra-de-tutelas-de-consorcios-y-alcaldia\/#primaryimage","url":"https:\/\/marthacifuentes.com\/portada\/wp-content\/uploads\/2022\/08\/GUERRA-DE-TUTELAS-scaled.jpg","contentUrl":"https:\/\/marthacifuentes.com\/portada\/wp-content\/uploads\/2022\/08\/GUERRA-DE-TUTELAS-scaled.jpg","width":2560,"height":1259},{"@type":"BreadcrumbList","@id":"https:\/\/marthacifuentes.com\/portada\/el-sube-y-baja-de-la-licitacion-vial-por-105-mil-millones-de-mani-guerra-de-tutelas-de-consorcios-y-alcaldia\/#breadcrumb","itemListElement":[{"@type":"ListItem","position":1,"name":"Portada","item":"https:\/\/marthacifuentes.com\/portada\/"},{"@type":"ListItem","position":2,"name":"El sube y baja de la licitaci\u00f3n vial por 105 mil millones de Man\u00ed. Guerra de tutelas de consorcios y Alcald\u00eda."}]},{"@type":"WebSite","@id":"https:\/\/marthacifuentes.com\/portada\/#website","url":"https:\/\/marthacifuentes.com\/portada\/","name":"\u25b7 Noticias de Casanare : Martha Cifuentes | Casanare","description":"Noticias &amp; Contenidos","potentialAction":[{"@type":"SearchAction","target":{"@type":"EntryPoint","urlTemplate":"https:\/\/marthacifuentes.com\/portada\/?s={search_term_string}"},"query-input":{"@type":"PropertyValueSpecification","valueRequired":true,"valueName":"search_term_string"}}],"inLanguage":"es"},{"@type":"Person","@id":"https:\/\/marthacifuentes.com\/portada\/#\/schema\/person\/57f53174b991db5f90ff78d58502b714","name":"Martha Cifuentes","image":{"@type":"ImageObject","inLanguage":"es","@id":"https:\/\/marthacifuentes.com\/portada\/#\/schema\/person\/image\/","url":"http:\/\/marthacifuentes.com\/portada\/wp-content\/uploads\/2018\/06\/avatar_user_2_1528838701-96x96.jpg","contentUrl":"http:\/\/marthacifuentes.com\/portada\/wp-content\/uploads\/2018\/06\/avatar_user_2_1528838701-96x96.jpg","caption":"Martha Cifuentes"},"sameAs":["http:\/\/www.marthacifuentes.com"],"url":"https:\/\/marthacifuentes.com\/portada\/author\/martha\/"}]}},"_links":{"self":[{"href":"https:\/\/marthacifuentes.com\/portada\/wp-json\/wp\/v2\/posts\/29835","targetHints":{"allow":["GET"]}}],"collection":[{"href":"https:\/\/marthacifuentes.com\/portada\/wp-json\/wp\/v2\/posts"}],"about":[{"href":"https:\/\/marthacifuentes.com\/portada\/wp-json\/wp\/v2\/types\/post"}],"author":[{"embeddable":true,"href":"https:\/\/marthacifuentes.com\/portada\/wp-json\/wp\/v2\/users\/2"}],"replies":[{"embeddable":true,"href":"https:\/\/marthacifuentes.com\/portada\/wp-json\/wp\/v2\/comments?post=29835"}],"version-history":[{"count":4,"href":"https:\/\/marthacifuentes.com\/portada\/wp-json\/wp\/v2\/posts\/29835\/revisions"}],"predecessor-version":[{"id":29848,"href":"https:\/\/marthacifuentes.com\/portada\/wp-json\/wp\/v2\/posts\/29835\/revisions\/29848"}],"wp:featuredmedia":[{"embeddable":true,"href":"https:\/\/marthacifuentes.com\/portada\/wp-json\/wp\/v2\/media\/29843"}],"wp:attachment":[{"href":"https:\/\/marthacifuentes.com\/portada\/wp-json\/wp\/v2\/media?parent=29835"}],"wp:term":[{"taxonomy":"category","embeddable":true,"href":"https:\/\/marthacifuentes.com\/portada\/wp-json\/wp\/v2\/categories?post=29835"},{"taxonomy":"post_tag","embeddable":true,"href":"https:\/\/marthacifuentes.com\/portada\/wp-json\/wp\/v2\/tags?post=29835"}],"curies":[{"name":"wp","href":"https:\/\/api.w.org\/{rel}","templated":true}]}}