{"id":29900,"date":"2022-09-05T18:53:48","date_gmt":"2022-09-05T23:53:48","guid":{"rendered":"https:\/\/marthacifuentes.com\/portada\/?p=29900"},"modified":"2022-09-05T18:53:48","modified_gmt":"2022-09-05T23:53:48","slug":"alcaldia-de-mani-volvio-a-suspender-licitacion-vial-por-105-mil-millones-por-supuesta-orden-de-juez","status":"publish","type":"post","link":"https:\/\/marthacifuentes.com\/portada\/alcaldia-de-mani-volvio-a-suspender-licitacion-vial-por-105-mil-millones-por-supuesta-orden-de-juez\/","title":{"rendered":"Alcald\u00eda de Man\u00ed volvi\u00f3 a suspender licitaci\u00f3n vial por $105 mil millones por supuesta orden de juez"},"content":{"rendered":"<p style=\"text-align: justify;\">Contin\u00faa la telenovela en que se ha convertido el proceso licitatorio que adelanta la Alcald\u00eda de Man\u00ed por 105 mil millones de pesos referente a la pavimentaci\u00f3n de 26.5 kil\u00f3metros de la v\u00eda Man\u00ed, Tauramena, Monterrey. Nuevamente el pasado 1 de septiembre por orden de un juzgado, la Alcald\u00eda, suspendi\u00f3 provisionalmente la licitaci\u00f3n, que se hab\u00eda retomado desde el pasado 22 de agosto con la inclusi\u00f3n de dos oferentes que no hab\u00edan sido habilitados, inicialmente, por extemporaneidad.<\/p>\n<p style=\"text-align: justify;\">Y como el asunto inici\u00f3 precisamente porque la Alcald\u00eda de Man\u00ed, en una aparente irregularidad en el manejo del cronograma, solo habilit\u00f3 a un oferente, el consorcio Gaviotas, el cual interpuso una tutela solicitando levantar la medida de suspensi\u00f3n provisional del proceso licitatorio emitida por el Juzgado Promiscuo Municipal de Man\u00ed en agosto 9. Frente a esto el 31 de agosto el Juzgado Primero de Familia de Yopal, notific\u00f3 a la Administraci\u00f3n Municipal que neg\u00f3 el amparo solicitado.<\/p>\n<p style=\"text-align: justify;\">Es contradictorio que, si bien el Juzgado neg\u00f3 el amparo requerido, en la providencia tambi\u00e9n se expres\u00f3 que con el fallo del Juzgado Promiscuo Municipal de Man\u00ed del 18 de agosto ya se implicaba el levantamiento de la medida de suspensi\u00f3n del proceso licitatorio. Por ende, no era necesario lo solicitado porque ya \u201ct\u00e1citamente se levant\u00f3 la medida provisional de suspensi\u00f3n de contrataci\u00f3n ordenada, pues en el art\u00edculo segundo de la parte resolutiva de dicho fallo, dispuso que la Alcald\u00eda Municipal de Man\u00ed retrotrajera la actuaci\u00f3n del proceso licitatorio, con la participaci\u00f3n de los proponentes, incluido el promotor de dicha acci\u00f3n de amparo\u201d.<\/p>\n<p><img loading=\"lazy\" decoding=\"async\" class=\"wp-image-29903 aligncenter\" src=\"https:\/\/marthacifuentes.com\/portada\/wp-content\/uploads\/2022\/09\/tutela-consorcio-gaviotas-fallo-juzgado-de-familia.jpg\" alt=\"\" width=\"635\" height=\"247\" srcset=\"https:\/\/marthacifuentes.com\/portada\/wp-content\/uploads\/2022\/09\/tutela-consorcio-gaviotas-fallo-juzgado-de-familia.jpg 797w, https:\/\/marthacifuentes.com\/portada\/wp-content\/uploads\/2022\/09\/tutela-consorcio-gaviotas-fallo-juzgado-de-familia-300x117.jpg 300w, https:\/\/marthacifuentes.com\/portada\/wp-content\/uploads\/2022\/09\/tutela-consorcio-gaviotas-fallo-juzgado-de-familia-768x299.jpg 768w\" sizes=\"auto, (max-width: 635px) 100vw, 635px\" \/><\/p>\n<p style=\"text-align: justify;\">Para la Alcald\u00eda la negaci\u00f3n del amparo, activ\u00f3 la suspensi\u00f3n emitida inicialmente por el Juzgado Promiscuo Municipal de Man\u00ed el 9 de agosto y por ello a trav\u00e9s de la resoluci\u00f3n 0651 suspendi\u00f3 provisionalmente la licitaci\u00f3n de la v\u00eda y solo hasta que hasta que haya un fallo de segunda instancia frente la impugnaci\u00f3n hecha por la Alcald\u00eda de Man\u00ed a la providencia del Juzgado Promiscuo Municipal de Man\u00ed, que habilit\u00f3 los dos oferentes, el proceso seguir\u00e1 suspendido. Lo curioso adem\u00e1s es que el contrato de interventor\u00eda para esta v\u00eda, ya fue adjudicado la semana pasada.<\/p>\n<p style=\"text-align: justify;\">En resumidas de cuentas, la licitaci\u00f3n que inici\u00f3 el pasado 24 de mayo y de la que a la fecha ya deb\u00eda, no solo haberse firmado el contrato y acta de inicio, sigue en vericuetos jur\u00eddicos originados por las posibles irregularidades de la Alcald\u00eda de Man\u00ed en su desarrollo.<\/p>\n<p><img loading=\"lazy\" decoding=\"async\" class=\"wp-image-29902 aligncenter\" src=\"https:\/\/marthacifuentes.com\/portada\/wp-content\/uploads\/2022\/09\/resolucion-que-suspende-licitacion-de-mani.jpg\" alt=\"\" width=\"639\" height=\"392\" srcset=\"https:\/\/marthacifuentes.com\/portada\/wp-content\/uploads\/2022\/09\/resolucion-que-suspende-licitacion-de-mani.jpg 712w, https:\/\/marthacifuentes.com\/portada\/wp-content\/uploads\/2022\/09\/resolucion-que-suspende-licitacion-de-mani-300x184.jpg 300w\" sizes=\"auto, (max-width: 639px) 100vw, 639px\" \/><\/p>\n<p><img loading=\"lazy\" decoding=\"async\" class=\" wp-image-29901 aligncenter\" src=\"https:\/\/marthacifuentes.com\/portada\/wp-content\/uploads\/2022\/09\/resolucion-que-suspende-licitacion-de-mani-resuelve.jpg\" alt=\"\" width=\"618\" height=\"826\" srcset=\"https:\/\/marthacifuentes.com\/portada\/wp-content\/uploads\/2022\/09\/resolucion-que-suspende-licitacion-de-mani-resuelve.jpg 667w, https:\/\/marthacifuentes.com\/portada\/wp-content\/uploads\/2022\/09\/resolucion-que-suspende-licitacion-de-mani-resuelve-224x300.jpg 224w\" sizes=\"auto, (max-width: 618px) 100vw, 618px\" \/><\/p>\n<p><strong><a href=\"https:\/\/marthacifuentes.com\/portada\/2022\/08\/19\/el-sube-y-baja-de-la-licitacion-vial-por-105-mil-millones-de-mani-guerra-de-tutelas-de-consorcios-y-alcaldia\/\">Ver tambi\u00e9n: El sube y baja de la licitaci\u00f3n vial por 105 mil millones de Man\u00ed. Guerra de tutelas de consorcios y Alcald\u00eda.<\/a><\/strong><\/p>\n<h3>Otras noticias&#8230;<\/h3>\n<blockquote class=\"wp-embedded-content\" data-secret=\"XKGNuHrK7f\"><p><a href=\"https:\/\/marthacifuentes.com\/portada\/2022\/08\/30\/por-investigacion-disciplinaria-de-la-procuraduria-en-riesgo-nombramiento-de-arvey-mendez-director-de-la-udgrd\/\">Por investigaci\u00f3n disciplinaria de la Procuradur\u00eda, en riesgo nombramiento de Arvey M\u00e9ndez, director de la UDGRD<\/a><\/p><\/blockquote>\n<p><iframe loading=\"lazy\" class=\"wp-embedded-content\" sandbox=\"allow-scripts\" security=\"restricted\" style=\"position: absolute; clip: rect(1px, 1px, 1px, 1px);\" title=\"\u00abPor investigaci\u00f3n disciplinaria de la Procuradur\u00eda, en riesgo nombramiento de Arvey M\u00e9ndez, director de la UDGRD\u00bb \u2014 \u25b7 Noticias de Casanare : Martha Cifuentes | Casanare\" src=\"https:\/\/marthacifuentes.com\/portada\/2022\/08\/30\/por-investigacion-disciplinaria-de-la-procuraduria-en-riesgo-nombramiento-de-arvey-mendez-director-de-la-udgrd\/embed\/#?secret=vuoqbmJwj7#?secret=XKGNuHrK7f\" data-secret=\"XKGNuHrK7f\" width=\"500\" height=\"282\" frameborder=\"0\" marginwidth=\"0\" marginheight=\"0\" scrolling=\"no\"><\/iframe><\/p>\n<p><iframe loading=\"lazy\" class=\"wp-embedded-content\" title=\"\u00abQu\u00e9 fue lo no quiso decir el exgobernador de Casanare William P\u00e9rez y por lo cual la JEP rechaz\u00f3 su solicitud de sometimiento\u00bb \u2014 \u25b7 Noticias de Casanare : Martha Cifuentes | Casanare\" src=\"https:\/\/marthacifuentes.com\/portada\/2022\/08\/16\/que-fue-lo-no-quiso-decir-el-exgobernador-de-casanare-william-perez-y-por-lo-cual-la-jep-rechazo-su-solicitud-de-sometimiento\/embed\/#?secret=AEzEd7jRK9#?secret=oRSj323Cl1\" width=\"600\" height=\"649\" frameborder=\"0\" marginwidth=\"0\" marginheight=\"0\" scrolling=\"no\" sandbox=\"allow-scripts\" data-secret=\"oRSj323Cl1\" data-mce-fragment=\"1\"><\/iframe><\/p>\n<p><iframe loading=\"lazy\" class=\"wp-embedded-content\" title=\"\u00abM\u00e1s de 6 mil estudiantes de Casanare sin transporte escolar por l\u00edos contractuales de la Gobernaci\u00f3n\u00bb \u2014 \u25b7 Noticias de Casanare : Martha Cifuentes | Casanare\" src=\"https:\/\/marthacifuentes.com\/portada\/2022\/08\/05\/mas-de-6-mil-estudiantes-de-casanare-sin-transporte-escolar-por-lios-contractuales-de-la-gobernacion\/embed\/#?secret=Q3y4GOE4xq#?secret=k2qaNhfFSA\" width=\"600\" height=\"621\" frameborder=\"0\" marginwidth=\"0\" marginheight=\"0\" scrolling=\"no\" sandbox=\"allow-scripts\" data-secret=\"k2qaNhfFSA\" data-mce-fragment=\"1\"><\/iframe><\/p>\n<p><iframe loading=\"lazy\" class=\"wp-embedded-content\" title=\"\u00abAcci\u00f3n preventiva en licitaci\u00f3n de 105 mil de carretera de Man\u00ed pas\u00f3 a manos de Procuradur\u00eda General.\u00bb \u2014 \u25b7 Noticias de Casanare : Martha Cifuentes | Casanare\" src=\"https:\/\/marthacifuentes.com\/portada\/2022\/08\/03\/accion-preventiva-en-licitacion-de-105-mil-de-carretera-de-mani-paso-a-manos-de-procuraduria-general\/embed\/#?secret=FBUFoGxOzv#?secret=NPAZYjmM2y\" width=\"600\" height=\"621\" frameborder=\"0\" marginwidth=\"0\" marginheight=\"0\" scrolling=\"no\" sandbox=\"allow-scripts\" data-secret=\"NPAZYjmM2y\" data-mce-fragment=\"1\"><\/iframe><\/p>\n<p><iframe loading=\"lazy\" class=\"wp-embedded-content\" title=\"\u00abEn Man\u00ed se contratar\u00eda interventor\u00eda de multimillonaria contrataci\u00f3n de carretera no adjudicada\u00bb \u2014 \u25b7 Noticias de Casanare : Martha Cifuentes | Casanare\" src=\"https:\/\/marthacifuentes.com\/portada\/2022\/08\/03\/en-mani-se-contrataria-interventoria-de-multimillonaria-contratacion-de-carretera-no-adjudicada\/embed\/#?secret=y4DCWaDjnA#?secret=Bm0tbtJABx\" width=\"600\" height=\"582\" frameborder=\"0\" marginwidth=\"0\" marginheight=\"0\" scrolling=\"no\" sandbox=\"allow-scripts\" data-secret=\"Bm0tbtJABx\" data-mce-fragment=\"1\"><\/iframe><\/p>\n<p><iframe loading=\"lazy\" class=\"wp-embedded-content\" title=\"\u00abVuelve \u00abJhon Calzones\u00bb, ofreciendo doblar viviendas de La Bendici\u00f3n, en Yopal\u00bb \u2014 \u25b7 Noticias de Casanare : Martha Cifuentes | Casanare\" src=\"https:\/\/marthacifuentes.com\/portada\/2022\/08\/02\/vuelve-jhon-calzones-ofreciedo-doblar-viviendas-de-la-bendicion-en-yopal\/embed\/#?secret=wHk3izvgI4#?secret=tfv9qWAmOL\" width=\"600\" height=\"598\" frameborder=\"0\" marginwidth=\"0\" marginheight=\"0\" scrolling=\"no\" sandbox=\"allow-scripts\" data-secret=\"tfv9qWAmOL\" data-mce-fragment=\"1\"><\/iframe><\/p>\n<p><iframe loading=\"lazy\" class=\"wp-embedded-content\" title=\"\u00abProcuradur\u00eda formul\u00f3 pliego de cargos contra exalcalde de Yopal, Jorge Garc\u00eda Lizarazo, por convenio del Pimur\u00bb \u2014 \u25b7 Noticias de Casanare : Martha Cifuentes | Casanare\" src=\"https:\/\/marthacifuentes.com\/portada\/2022\/08\/01\/procuraduria-formulo-pliego-de-cargos-contra-exalcalde-de-yopal-jorge-garcia-lizarazo-por-convenio-del-pimur\/embed\/#?secret=63Q6UFkYxN#?secret=WlH69ecbsQ\" width=\"600\" height=\"628\" frameborder=\"0\" marginwidth=\"0\" marginheight=\"0\" scrolling=\"no\" sandbox=\"allow-scripts\" data-secret=\"WlH69ecbsQ\" data-mce-fragment=\"1\"><\/iframe><\/p>\n<p><iframe loading=\"lazy\" class=\"wp-embedded-content\" title=\"\u00abCon tutela se logra colar contratista en licitaci\u00f3n multimillonaria en Man\u00ed. Juez orden\u00f3 su habilitaci\u00f3n para participar del proceso.\u00bb \u2014 \u25b7 Noticias de Casanare : Martha Cifuentes | Casanare\" src=\"https:\/\/marthacifuentes.com\/portada\/2022\/07\/29\/con-tutela-se-logra-colar-contratista-en-licitacion-multimillonaria-en-mani-juez-ordeno-su-habilitacion-para-participar-del-proceso\/embed\/#?secret=SgmEdGZVn6#?secret=sMekk9bWZN\" width=\"600\" height=\"614\" frameborder=\"0\" marginwidth=\"0\" marginheight=\"0\" scrolling=\"no\" sandbox=\"allow-scripts\" data-secret=\"sMekk9bWZN\" data-mce-fragment=\"1\"><\/iframe><\/p>\n<p><iframe loading=\"lazy\" class=\"wp-embedded-content\" title=\"\u00abEn Man\u00ed asesinado otro ganadero. Viv\u00eda en finca Frontera, que es objeto de disputa territorial\u00bb \u2014 \u25b7 Noticias de Casanare : Martha Cifuentes | Casanare\" src=\"https:\/\/marthacifuentes.com\/portada\/2022\/07\/29\/en-mani-asesinado-otro-ganadero-vivia-en-finca-frontera-que-es-objeto-de-disputa-territorial\/embed\/#?secret=qOEEskB6Ju#?secret=cFQBZZAzAw\" width=\"600\" height=\"600\" frameborder=\"0\" marginwidth=\"0\" marginheight=\"0\" scrolling=\"no\" sandbox=\"allow-scripts\" data-secret=\"cFQBZZAzAw\" data-mce-fragment=\"1\"><\/iframe><\/p>\n<p><iframe loading=\"lazy\" class=\"wp-embedded-content\" title=\"\u00abPaz de Ariporo ya tiene designado alcalde ad hoc en relaci\u00f3n a proceso de revocatoria del mandato de la alcaldesa Eunice Escobar\u00bb \u2014 \u25b7 Noticias de Casanare : Martha Cifuentes | Casanare\" src=\"https:\/\/marthacifuentes.com\/portada\/2022\/07\/27\/paz-de-ariporo-ya-tiene-designado-alcalde-ad-hoc-en-relacion-a-proceso-de-revocatoria-del-mandato-de-la-alcaldesa-eunice-escobar\/embed\/#?secret=2SFkze7RRm#?secret=FlVMCWm3bO\" width=\"600\" height=\"649\" frameborder=\"0\" marginwidth=\"0\" marginheight=\"0\" scrolling=\"no\" sandbox=\"allow-scripts\" data-secret=\"FlVMCWm3bO\" data-mce-fragment=\"1\"><\/iframe><\/p>\n<p><iframe loading=\"lazy\" class=\"wp-embedded-content\" title=\"\u00abContratista de atenci\u00f3n a adulto mayor en Tauramena no le paga a sus empleados y proveedores\u00bb \u2014 \u25b7 Noticias de Casanare : Martha Cifuentes | Casanare\" src=\"https:\/\/marthacifuentes.com\/portada\/2022\/07\/26\/contratista-de-atencion-a-adulto-mayor-en-tauramena-no-le-paga-a-sus-empleados-y-proveedores\/embed\/#?secret=7hebe8G12d#?secret=iVDK3TNzpa\" width=\"600\" height=\"621\" frameborder=\"0\" marginwidth=\"0\" marginheight=\"0\" scrolling=\"no\" sandbox=\"allow-scripts\" data-secret=\"iVDK3TNzpa\" data-mce-fragment=\"1\"><\/iframe><\/p>\n<p><iframe loading=\"lazy\" class=\"wp-embedded-content\" title=\"\u00abUn joven muerto y dos heridos, de una misma familia, deja intento de requisa policial en Yopal. Padre dijo que hubo exceso de fuerza.\u00bb \u2014 \u25b7 Noticias de Casanare : Martha Cifuentes | Casanare\" src=\"https:\/\/marthacifuentes.com\/portada\/2022\/07\/26\/un-joven-muerto-y-dos-heridos-de-una-misma-familia-deja-intento-de-requisa-policial-en-yopal-padre-dijo-que-hubo-exceso-de-fuerza\/embed\/#?secret=lOW3B3DF9r#?secret=flnQH5H0SD\" width=\"600\" height=\"649\" frameborder=\"0\" marginwidth=\"0\" marginheight=\"0\" scrolling=\"no\" sandbox=\"allow-scripts\" data-secret=\"flnQH5H0SD\" data-mce-fragment=\"1\"><\/iframe><\/p>\n<p><iframe loading=\"lazy\" class=\"wp-embedded-content\" title=\"\u00abEn una calle de Yopal muri\u00f3 una mujer ind\u00edgena, por posible enfermedad\u00bb \u2014 \u25b7 Noticias de Casanare : Martha Cifuentes | Casanare\" src=\"https:\/\/marthacifuentes.com\/portada\/2022\/07\/26\/en-una-calle-de-yopal-murio-una-mujer-indigena-por-posible-enfermedad\/embed\/#?secret=r0svj0HZse#?secret=Bj1C9oUg93\" width=\"600\" height=\"599\" frameborder=\"0\" marginwidth=\"0\" marginheight=\"0\" scrolling=\"no\" sandbox=\"allow-scripts\" data-secret=\"Bj1C9oUg93\" data-mce-fragment=\"1\"><\/iframe><\/p>\n<p><iframe loading=\"lazy\" class=\"wp-embedded-content\" title=\"\u00abAlcaldes de Man\u00ed y Paz de Ariporo \u201cvelan\u201d por sus contratos, uno de 105 mil millones y otro de 42 mil millones, respectivamente.\u00bb \u2014 \u25b7 Noticias de Casanare : Martha Cifuentes | Casanare\" src=\"https:\/\/marthacifuentes.com\/portada\/2022\/07\/26\/alcaldes-de-mani-y-paz-de-ariporo-velan-por-sus-contratos-uno-de-105-mil-millones-y-otro-de-42-mil-millones-respectivamente\/embed\/#?secret=Of0cygVdMu#?secret=owDJ6Euopl\" width=\"600\" height=\"628\" frameborder=\"0\" marginwidth=\"0\" marginheight=\"0\" scrolling=\"no\" sandbox=\"allow-scripts\" data-secret=\"owDJ6Euopl\" data-mce-fragment=\"1\"><\/iframe><\/p>\n<p><iframe loading=\"lazy\" class=\"wp-embedded-content\" title=\"\u00abSangre de 303 inocentes personas ba\u00f1\u00f3 a Casanare en forma de falsos positivos. JEP imput\u00f3 cargos contra militares y civiles involucrados\u00bb \u2014 \u25b7 Noticias de Casanare : Martha Cifuentes | Casanare\" src=\"https:\/\/marthacifuentes.com\/portada\/2022\/07\/25\/sangre-de-303-inocentes-personas-bano-a-casanare-en-forma-de-falsos-positivos-jep-imputo-cargos-contra-militares-y-civiles-involucrados\/embed\/#?secret=o3Inb9VVwa#?secret=d4JwNFcHbv\" width=\"600\" height=\"596\" frameborder=\"0\" marginwidth=\"0\" marginheight=\"0\" scrolling=\"no\" sandbox=\"allow-scripts\" data-secret=\"d4JwNFcHbv\" data-mce-fragment=\"1\"><\/iframe><\/p>\n<p><iframe loading=\"lazy\" class=\"wp-embedded-content\" title=\"\u00abA expensas de ladrones, inescrupulosos y violencia, colegios p\u00fablicos de Yopal, por no contar con servicio de vigilancia\u00bb \u2014 \u25b7 Noticias de Casanare : Martha Cifuentes | Casanare\" src=\"https:\/\/marthacifuentes.com\/portada\/2022\/07\/25\/a-expensas-de-ladrones-inescrupulosos-y-violencia-colegios-publicos-de-yopal-por-no-contar-con-servicio-de-vigilancia\/embed\/#?secret=S4pHSMGupw#?secret=bF4Xsn4E9s\" width=\"600\" height=\"357\" frameborder=\"0\" marginwidth=\"0\" marginheight=\"0\" scrolling=\"no\" sandbox=\"allow-scripts\" data-secret=\"bF4Xsn4E9s\" data-mce-fragment=\"1\"><\/iframe><\/p>\n<p><iframe loading=\"lazy\" class=\"wp-embedded-content\" title=\"\u00abConsorcio Gaviotas no cumplir\u00eda requisitos para licitaci\u00f3n de $105 mil millones de Man\u00ed, asegura oferente excluido\u00bb \u2014 \u25b7 Noticias de Casanare : Martha Cifuentes | Casanare\" src=\"https:\/\/marthacifuentes.com\/portada\/2022\/07\/21\/consorcio-gaviotas-no-cumpliria-requisitos-para-licitacion-de-105-mil-millones-de-mani-asegura-oferente-excluido\/embed\/#?secret=s9tRxlbjOl#?secret=V91b2Nf0m5\" width=\"600\" height=\"583\" frameborder=\"0\" marginwidth=\"0\" marginheight=\"0\" scrolling=\"no\" sandbox=\"allow-scripts\" data-secret=\"V91b2Nf0m5\" data-mce-fragment=\"1\"><\/iframe><\/p>\n<p><iframe loading=\"lazy\" class=\"wp-embedded-content\" title=\"\u00abGobernaci\u00f3n de Casanare con apoyo de MinAgricultura entreg\u00f3 maquinaria para fortalecer ganaderos\u00bb \u2014 \u25b7 Noticias de Casanare : Martha Cifuentes | Casanare\" src=\"https:\/\/marthacifuentes.com\/portada\/2022\/07\/21\/gobernacion-de-casanare-con-apoyo-de-minagricultura-entrego-maquinaria-para-fortalecer-ganaderos\/embed\/#?secret=KrMTHoMS6F#?secret=XRZ3P3TyPm\" width=\"600\" height=\"593\" frameborder=\"0\" marginwidth=\"0\" marginheight=\"0\" scrolling=\"no\" sandbox=\"allow-scripts\" data-secret=\"XRZ3P3TyPm\" data-mce-fragment=\"1\"><\/iframe><\/p>\n<p><iframe loading=\"lazy\" class=\"wp-embedded-content\" title=\"\u00abEn vilo podr\u00eda quedar nombramiento de nuevo director de Gesti\u00f3n del Riesgo de Casanare por falsedad en documento p\u00fablico\u00bb \u2014 \u25b7 Noticias de Casanare : Martha Cifuentes | Casanare\" src=\"https:\/\/marthacifuentes.com\/portada\/2022\/07\/19\/en-vilo-podria-quedar-nombramiento-de-nuevo-director-de-gestion-del-riesgo-de-casanare-por-falsedad-en-documento-publico\/embed\/#?secret=iU397smojr#?secret=pHWQVJpW6X\" width=\"600\" height=\"649\" frameborder=\"0\" marginwidth=\"0\" marginheight=\"0\" scrolling=\"no\" sandbox=\"allow-scripts\" data-secret=\"pHWQVJpW6X\" data-mce-fragment=\"1\"><\/iframe><\/p>\n<p><iframe loading=\"lazy\" class=\"wp-embedded-content\" title=\"\u00abPor tutela, Juzgado orden\u00f3 al alcalde de Man\u00ed, suspender cuestionada licitaci\u00f3n de 105 mil millones de pesos de v\u00eda intermunicipal\u00bb \u2014 \u25b7 Noticias de Casanare : Martha Cifuentes | Casanare\" src=\"https:\/\/marthacifuentes.com\/portada\/2022\/07\/19\/por-tutela-juzgado-ordeno-al-alcalde-de-mani-suspender-cuestionada-licitacion-de-105-mil-millones-de-pesos-de-via-intermunicipal\/embed\/#?secret=QOOcyXz8pM#?secret=8KEMHqoWiT\" width=\"600\" height=\"614\" frameborder=\"0\" marginwidth=\"0\" marginheight=\"0\" scrolling=\"no\" sandbox=\"allow-scripts\" data-secret=\"8KEMHqoWiT\" data-mce-fragment=\"1\"><\/iframe><\/p>\n<p><iframe loading=\"lazy\" class=\"wp-embedded-content\" title=\"\u00abSellados 8 establecimientos p\u00fablicos de venta de alcohol en Yopal por alterar la tranquilidad .\u00bb \u2014 \u25b7 Noticias de Casanare : Martha Cifuentes | Casanare\" src=\"https:\/\/marthacifuentes.com\/portada\/2022\/07\/18\/sellados-8-establecimientos-publicos-de-venta-de-alcohol-en-yopal-por-alterar-la-tranquilidad\/embed\/#?secret=Waa5TynOeK#?secret=5MUO55jtTj\" width=\"600\" height=\"621\" frameborder=\"0\" marginwidth=\"0\" marginheight=\"0\" scrolling=\"no\" sandbox=\"allow-scripts\" data-secret=\"5MUO55jtTj\" data-mce-fragment=\"1\"><\/iframe><\/p>\n<p><iframe loading=\"lazy\" class=\"wp-embedded-content\" title=\"\u00abInaugurada pavimentaci\u00f3n de 11 km de v\u00eda Central del Llano en Man\u00ed, pero falt\u00f3 arreglar tramo lleno de huecos.\u00bb \u2014 \u25b7 Noticias de Casanare : Martha Cifuentes | Casanare\" src=\"https:\/\/marthacifuentes.com\/portada\/2022\/07\/18\/inaugurada-pavimentacion-de-11-km-de-via-central-del-llano-en-mani-pero-falto-arreglar-tramo-lleno-de-huecos\/embed\/#?secret=zzo9vDXPXg#?secret=LT9Nn4TOq4\" width=\"600\" height=\"628\" frameborder=\"0\" marginwidth=\"0\" marginheight=\"0\" scrolling=\"no\" sandbox=\"allow-scripts\" data-secret=\"LT9Nn4TOq4\" data-mce-fragment=\"1\"><\/iframe><\/p>\n<p><iframe loading=\"lazy\" class=\"wp-embedded-content\" title=\"\u00abV\u00eda del Cusiana tiene problemas geol\u00f3gicos, geot\u00e9cnicos y clim\u00e1ticos por ello se buscar\u00eda nuevo trazado: Director del Inv\u00edas\u00bb \u2014 \u25b7 Noticias de Casanare : Martha Cifuentes | Casanare\" src=\"https:\/\/marthacifuentes.com\/portada\/2022\/07\/18\/via-del-cusiana-tiene-problemas-geologicos-geotecnicos-y-climaticos-por-ello-se-buscaria-nuevo-trazado-director-del-invias\/embed\/#?secret=Ab8R5jBQYo#?secret=gXP4inhH5U\" width=\"600\" height=\"649\" frameborder=\"0\" marginwidth=\"0\" marginheight=\"0\" scrolling=\"no\" sandbox=\"allow-scripts\" data-secret=\"gXP4inhH5U\" data-mce-fragment=\"1\"><\/iframe><\/p>\n<p><iframe loading=\"lazy\" class=\"wp-embedded-content\" title=\"\u00abAlcalde de Man\u00ed y su secretario de obras, investigados por la Procuradur\u00eda por cobrar coimas para adjudicar contratos\u00bb \u2014 \u25b7 Noticias de Casanare : Martha Cifuentes | Casanare\" src=\"https:\/\/marthacifuentes.com\/portada\/2022\/07\/18\/alcalde-de-mani-y-su-secretario-de-obras-investigados-por-la-procuraduria-por-cobrar-coimas-para-adjudicar-contratos\/embed\/#?secret=VjYiSd5qyP#?secret=s8WC8Liwi4\" width=\"600\" height=\"357\" frameborder=\"0\" marginwidth=\"0\" marginheight=\"0\" scrolling=\"no\" sandbox=\"allow-scripts\" data-secret=\"s8WC8Liwi4\" data-mce-fragment=\"1\"><\/iframe><\/p>\n<p><iframe loading=\"lazy\" class=\"wp-embedded-content\" title=\"\u00abSenadora Amanda Gonz\u00e1lez cuestion\u00f3 a alcaldesa de Paz de Ariporo y Gobernador de Casanare por negligentes.\u00bb \u2014 \u25b7 Noticias de Casanare : Martha Cifuentes | Casanare\" src=\"https:\/\/marthacifuentes.com\/portada\/2022\/07\/18\/senadora-amanda-gonzalez-cuestiono-a-alcaldesa-de-paz-de-ariporo-y-gobernador-de-casanare-por-negligentes\/embed\/#?secret=V1BHJZftt6#?secret=5aM1AEGsta\" width=\"600\" height=\"613\" frameborder=\"0\" marginwidth=\"0\" marginheight=\"0\" scrolling=\"no\" sandbox=\"allow-scripts\" data-secret=\"5aM1AEGsta\" data-mce-fragment=\"1\"><\/iframe><\/p>\n<p><iframe loading=\"lazy\" class=\"wp-embedded-content\" title=\"\u00abPor negligentes, el gobernador de Casanare y gerente de Acuatodos sancionados por Juzgado de Yopal\u00bb \u2014 \u25b7 Noticias de Casanare : Martha Cifuentes | Casanare\" src=\"https:\/\/marthacifuentes.com\/portada\/2022\/07\/15\/por-negligentes-el-gobernador-de-casanare-y-gerente-de-acuatodos-sancionados-por-juzgado-de-yopal\/embed\/#?secret=HY3x5fwLhD#?secret=bT2gnH8yWH\" width=\"600\" height=\"621\" frameborder=\"0\" marginwidth=\"0\" marginheight=\"0\" scrolling=\"no\" sandbox=\"allow-scripts\" data-secret=\"bT2gnH8yWH\" data-mce-fragment=\"1\"><\/iframe><\/p>\n<p><iframe loading=\"lazy\" class=\"wp-embedded-content\" title=\"\u00abSENA Yopal funcionar\u00e1 con planta solar fotovoltaica\u00bb \u2014 \u25b7 Noticias de Casanare : Martha Cifuentes | Casanare\" src=\"https:\/\/marthacifuentes.com\/portada\/2022\/07\/14\/sena-yopal-funcionara-con-planta-solar-fotovoltaica\/embed\/#?secret=djhHgxkTcP#?secret=dowyKpKXue\" width=\"600\" height=\"591\" frameborder=\"0\" marginwidth=\"0\" marginheight=\"0\" scrolling=\"no\" sandbox=\"allow-scripts\" data-secret=\"dowyKpKXue\" data-mce-fragment=\"1\"><\/iframe><\/p>\n<p><iframe loading=\"lazy\" class=\"wp-embedded-content\" title=\"\u00abSin pistas sobre responsables de hombre asesinado en zona rural de Man\u00ed, Casanare. Zona es \u00e1rea de influencia del Clan del Golfo.\u00bb \u2014 \u25b7 Noticias de Casanare : Martha Cifuentes | Casanare\" src=\"https:\/\/marthacifuentes.com\/portada\/2022\/07\/14\/sin-pistas-sobre-responsables-de-hombre-asesinado-en-zona-rural-de-mani-casanare-zona-es-area-de-influencia-del-clan-del-golfo\/embed\/#?secret=OlIM6bOz1N#?secret=uG2aKRoAVi\" width=\"600\" height=\"649\" frameborder=\"0\" marginwidth=\"0\" marginheight=\"0\" scrolling=\"no\" sandbox=\"allow-scripts\" data-secret=\"uG2aKRoAVi\" data-mce-fragment=\"1\"><\/iframe><\/p>\n<p><iframe loading=\"lazy\" class=\"wp-embedded-content\" title=\"\u00abMilitar casanare\u00f1o asesinado en combates con disidencias de las Farc en Corinto, Cauca.\u00bb \u2014 \u25b7 Noticias de Casanare : Martha Cifuentes | Casanare\" src=\"https:\/\/marthacifuentes.com\/portada\/2022\/07\/14\/militar-casanareno-asesinado-en-combates-con-disidencias-de-las-farc-en-corinto-cauca\/embed\/#?secret=n2YsPwZBYh#?secret=1jGsmyDv8W\" width=\"600\" height=\"621\" frameborder=\"0\" marginwidth=\"0\" marginheight=\"0\" scrolling=\"no\" sandbox=\"allow-scripts\" data-secret=\"1jGsmyDv8W\" data-mce-fragment=\"1\"><\/iframe><\/p>\n<p><iframe loading=\"lazy\" class=\"wp-embedded-content\" title=\"\u00abPolic\u00eda adscrito a comando de Casanare habr\u00eda asesinado (Feminicidio) a su pareja, una joven de Pore y luego se habr\u00eda suicidado.\u00bb \u2014 \u25b7 Noticias de Casanare : Martha Cifuentes | Casanare\" src=\"https:\/\/marthacifuentes.com\/portada\/2022\/07\/13\/policia-adscrito-a-comando-de-casanare-habria-asesinado-feminicidio-a-su-pareja-una-joven-de-pore-y-luego-se-habria-suicidado\/embed\/#?secret=ZOoF8XaW9A#?secret=pxDyKcOedF\" width=\"600\" height=\"628\" frameborder=\"0\" marginwidth=\"0\" marginheight=\"0\" scrolling=\"no\" sandbox=\"allow-scripts\" data-secret=\"pxDyKcOedF\" data-mce-fragment=\"1\"><\/iframe><\/p>\n<p><iframe loading=\"lazy\" class=\"wp-embedded-content\" title=\"\u00abCapturado en Yopal, Casanare, enlace del c\u00e1rtel de Sinaloa y el Eln. Lavaba dinero del narcotr\u00e1fico.\u00bb \u2014 \u25b7 Noticias de Casanare : Martha Cifuentes | Casanare\" src=\"https:\/\/marthacifuentes.com\/portada\/2022\/07\/12\/capturado-en-yopal-casanare-enlace-del-cartel-de-sinaloa-y-el-eln-lavaba-dinero-del-narcotrafico\/embed\/#?secret=8auzE9jPqb#?secret=Y1bl3tmkbB\" width=\"600\" height=\"621\" frameborder=\"0\" marginwidth=\"0\" marginheight=\"0\" scrolling=\"no\" sandbox=\"allow-scripts\" data-secret=\"Y1bl3tmkbB\" data-mce-fragment=\"1\"><\/iframe><\/p>\n<p><iframe loading=\"lazy\" class=\"wp-embedded-content\" title=\"\u00abMujer violada en sendero a la Virgen en Yopal. Depredador sexual capturado en flagrancia\u00bb \u2014 \u25b7 Noticias de Casanare : Martha Cifuentes | Casanare\" src=\"https:\/\/marthacifuentes.com\/portada\/2022\/07\/12\/mujer-violada-en-sendero-a-la-virgen-en-yopal-depredador-sexual-capturado-en-flagrancia\/embed\/#?secret=bZQyYgUyxY#?secret=BUuJf4j7ye\" width=\"600\" height=\"621\" frameborder=\"0\" marginwidth=\"0\" marginheight=\"0\" scrolling=\"no\" sandbox=\"allow-scripts\" data-secret=\"BUuJf4j7ye\" data-mce-fragment=\"1\"><\/iframe><\/p>\n<p><iframe loading=\"lazy\" class=\"wp-embedded-content\" title=\"\u00abCaos en Aguazul por invierno. Declarada la calamidad p\u00fablica. 30% del pueblo afectado\u00bb \u2014 \u25b7 Noticias de Casanare : Martha Cifuentes | Casanare\" src=\"https:\/\/marthacifuentes.com\/portada\/2022\/07\/12\/caos-en-aguazul-por-invierno-declarada-la-calamidad-publica-30-del-pueblo-afectado\/embed\/#?secret=2DU4KcWlbd#?secret=eTFLrVRBIX\" width=\"600\" height=\"621\" frameborder=\"0\" marginwidth=\"0\" marginheight=\"0\" scrolling=\"no\" sandbox=\"allow-scripts\" data-secret=\"eTFLrVRBIX\" data-mce-fragment=\"1\"><\/iframe><\/p>\n<p><iframe loading=\"lazy\" class=\"wp-embedded-content\" title=\"\u00abHombre asesin\u00f3 a su yerno en ri\u00f1a en Nunch\u00eda\u00bb \u2014 \u25b7 Noticias de Casanare : Martha Cifuentes | Casanare\" src=\"https:\/\/marthacifuentes.com\/portada\/2022\/07\/11\/hombre-asesino-a-su-yerno-en-rina-en-nunchia\/embed\/#?secret=8nMrrZdLP9#?secret=7Vf6cWywke\" width=\"600\" height=\"592\" frameborder=\"0\" marginwidth=\"0\" marginheight=\"0\" scrolling=\"no\" sandbox=\"allow-scripts\" data-secret=\"7Vf6cWywke\" data-mce-fragment=\"1\"><\/iframe><\/p>\n<p><iframe loading=\"lazy\" class=\"wp-embedded-content\" title=\"\u00abCapturado lugarteniente de alias \u201cAntonio Medina\u201d, de las disidencias de las Farc\u00bb \u2014 \u25b7 Noticias de Casanare : Martha Cifuentes | Casanare\" src=\"https:\/\/marthacifuentes.com\/portada\/2022\/07\/11\/capturado-lugarteniente-de-alias-antonio-medina-de-las-disidencias-de-las-farc\/embed\/#?secret=oYoxRIOb3x#?secret=XDds6CbG4U\" width=\"600\" height=\"620\" frameborder=\"0\" marginwidth=\"0\" marginheight=\"0\" scrolling=\"no\" sandbox=\"allow-scripts\" data-secret=\"XDds6CbG4U\" data-mce-fragment=\"1\"><\/iframe><\/p>\n<p><iframe loading=\"lazy\" class=\"wp-embedded-content\" title=\"\u00abAprobado proyecto de pasivos ambientales en comisi\u00f3n V de C\u00e1mara. Petroleras tienen gran deuda con Casanare, afirm\u00f3 parlamentario C\u00e9sar Ortiz.\u00bb \u2014 \u25b7 Noticias de Casanare : Martha Cifuentes | Casanare\" src=\"https:\/\/marthacifuentes.com\/portada\/2022\/06\/08\/aprobado-proyecto-de-pasivos-ambientales-en-comision-v-de-camara-petroleras-tienen-gran-deuda-con-casanare-afirmo-parlamentario-cesar-ortiz\/embed\/#?secret=us9OFGMjwr#?secret=8AcG5AU9dB\" width=\"600\" height=\"649\" frameborder=\"0\" marginwidth=\"0\" marginheight=\"0\" scrolling=\"no\" sandbox=\"allow-scripts\" data-secret=\"8AcG5AU9dB\" data-mce-fragment=\"1\"><\/iframe><\/p>\n<p>&nbsp;<\/p>\n<p>&nbsp;<\/p>\n","protected":false},"excerpt":{"rendered":"<p>Contin\u00faa la telenovela en que se ha convertido el proceso licitatorio que adelanta la Alcald\u00eda de Man\u00ed por 105 mil millones de pesos referente a la pavimentaci\u00f3n de 26.5 kil\u00f3metros de la v\u00eda Man\u00ed, Tauramena, Monterrey. Nuevamente el pasado 1 de septiembre por orden de un juzgado, la Alcald\u00eda, suspendi\u00f3 provisionalmente la licitaci\u00f3n, que se &hellip;<\/p>\n","protected":false},"author":2,"featured_media":29857,"comment_status":"open","ping_status":"open","sticky":false,"template":"","format":"standard","meta":{"om_disable_all_campaigns":false,"_exactmetrics_skip_tracking":false,"_exactmetrics_sitenote_active":false,"_exactmetrics_sitenote_note":"","_exactmetrics_sitenote_category":0,"_monsterinsights_skip_tracking":false,"_monsterinsights_sitenote_active":false,"_monsterinsights_sitenote_note":"","_monsterinsights_sitenote_category":0,"_uf_show_specific_survey":0,"_uf_disable_surveys":false,"_joinchat":[],"footnotes":""},"categories":[147,146,145],"tags":[1373,8295,5800,1400,5274,8296,8297],"class_list":["post-29900","post","type-post","status-publish","format-standard","has-post-thumbnail","hentry","category-actualidad","category-noticias","category-reportajes","tag-casanare-noticias","tag-licitacion-vial-mani-105-mil-millones","tag-mani-noticias","tag-noticias-casanare","tag-noticias-mani","tag-suspendido-proceso-licitatorio-via-mani-tauramena-monterrey","tag-tutelas-juzgados-licitacion-mani"],"yoast_head":"<!-- This site is optimized with the Yoast SEO plugin v26.1 - https:\/\/yoast.com\/wordpress\/plugins\/seo\/ -->\n<title>Alcald\u00eda de Man\u00ed volvi\u00f3 a suspender licitaci\u00f3n vial por $105 mil millones por supuesta orden de juez - \u25b7 Noticias de Casanare : Martha Cifuentes | Casanare<\/title>\n<meta name=\"robots\" content=\"index, follow, max-snippet:-1, max-image-preview:large, max-video-preview:-1\" \/>\n<link rel=\"canonical\" href=\"https:\/\/marthacifuentes.com\/portada\/alcaldia-de-mani-volvio-a-suspender-licitacion-vial-por-105-mil-millones-por-supuesta-orden-de-juez\/\" \/>\n<meta property=\"og:locale\" content=\"es_ES\" \/>\n<meta property=\"og:type\" content=\"article\" \/>\n<meta property=\"og:title\" content=\"Alcald\u00eda de Man\u00ed volvi\u00f3 a suspender licitaci\u00f3n vial por $105 mil millones por supuesta orden de juez - \u25b7 Noticias de Casanare : Martha Cifuentes | Casanare\" \/>\n<meta property=\"og:description\" content=\"Contin\u00faa la telenovela en que se ha convertido el proceso licitatorio que adelanta la Alcald\u00eda de Man\u00ed por 105 mil millones de pesos referente a la pavimentaci\u00f3n de 26.5 kil\u00f3metros de la v\u00eda Man\u00ed, Tauramena, Monterrey. Nuevamente el pasado 1 de septiembre por orden de un juzgado, la Alcald\u00eda, suspendi\u00f3 provisionalmente la licitaci\u00f3n, que se &hellip;\" \/>\n<meta property=\"og:url\" content=\"https:\/\/marthacifuentes.com\/portada\/alcaldia-de-mani-volvio-a-suspender-licitacion-vial-por-105-mil-millones-por-supuesta-orden-de-juez\/\" \/>\n<meta property=\"og:site_name\" content=\"\u25b7 Noticias de Casanare : Martha Cifuentes | Casanare\" \/>\n<meta property=\"article:published_time\" content=\"2022-09-05T23:53:48+00:00\" \/>\n<meta property=\"og:image\" content=\"https:\/\/marthacifuentes.com\/portada\/wp-content\/uploads\/2022\/08\/alcalde-jersson-montoya.png\" \/>\n\t<meta property=\"og:image:width\" content=\"779\" \/>\n\t<meta property=\"og:image:height\" content=\"370\" \/>\n\t<meta property=\"og:image:type\" content=\"image\/png\" \/>\n<meta name=\"author\" content=\"Martha Cifuentes\" \/>\n<meta name=\"twitter:card\" content=\"summary_large_image\" \/>\n<meta name=\"twitter:label1\" content=\"Escrito por\" \/>\n\t<meta name=\"twitter:data1\" content=\"Martha Cifuentes\" \/>\n\t<meta name=\"twitter:label2\" content=\"Tiempo de lectura\" \/>\n\t<meta name=\"twitter:data2\" content=\"2 minutos\" \/>\n<script type=\"application\/ld+json\" class=\"yoast-schema-graph\">{\"@context\":\"https:\/\/schema.org\",\"@graph\":[{\"@type\":\"WebPage\",\"@id\":\"https:\/\/marthacifuentes.com\/portada\/alcaldia-de-mani-volvio-a-suspender-licitacion-vial-por-105-mil-millones-por-supuesta-orden-de-juez\/\",\"url\":\"https:\/\/marthacifuentes.com\/portada\/alcaldia-de-mani-volvio-a-suspender-licitacion-vial-por-105-mil-millones-por-supuesta-orden-de-juez\/\",\"name\":\"Alcald\u00eda de Man\u00ed volvi\u00f3 a suspender licitaci\u00f3n vial por $105 mil millones por supuesta orden de juez - \u25b7 Noticias de Casanare : Martha Cifuentes | Casanare\",\"isPartOf\":{\"@id\":\"https:\/\/marthacifuentes.com\/portada\/#website\"},\"primaryImageOfPage\":{\"@id\":\"https:\/\/marthacifuentes.com\/portada\/alcaldia-de-mani-volvio-a-suspender-licitacion-vial-por-105-mil-millones-por-supuesta-orden-de-juez\/#primaryimage\"},\"image\":{\"@id\":\"https:\/\/marthacifuentes.com\/portada\/alcaldia-de-mani-volvio-a-suspender-licitacion-vial-por-105-mil-millones-por-supuesta-orden-de-juez\/#primaryimage\"},\"thumbnailUrl\":\"https:\/\/marthacifuentes.com\/portada\/wp-content\/uploads\/2022\/08\/alcalde-jersson-montoya.png\",\"datePublished\":\"2022-09-05T23:53:48+00:00\",\"author\":{\"@id\":\"https:\/\/marthacifuentes.com\/portada\/#\/schema\/person\/57f53174b991db5f90ff78d58502b714\"},\"breadcrumb\":{\"@id\":\"https:\/\/marthacifuentes.com\/portada\/alcaldia-de-mani-volvio-a-suspender-licitacion-vial-por-105-mil-millones-por-supuesta-orden-de-juez\/#breadcrumb\"},\"inLanguage\":\"es\",\"potentialAction\":[{\"@type\":\"ReadAction\",\"target\":[\"https:\/\/marthacifuentes.com\/portada\/alcaldia-de-mani-volvio-a-suspender-licitacion-vial-por-105-mil-millones-por-supuesta-orden-de-juez\/\"]}]},{\"@type\":\"ImageObject\",\"inLanguage\":\"es\",\"@id\":\"https:\/\/marthacifuentes.com\/portada\/alcaldia-de-mani-volvio-a-suspender-licitacion-vial-por-105-mil-millones-por-supuesta-orden-de-juez\/#primaryimage\",\"url\":\"https:\/\/marthacifuentes.com\/portada\/wp-content\/uploads\/2022\/08\/alcalde-jersson-montoya.png\",\"contentUrl\":\"https:\/\/marthacifuentes.com\/portada\/wp-content\/uploads\/2022\/08\/alcalde-jersson-montoya.png\",\"width\":779,\"height\":370},{\"@type\":\"BreadcrumbList\",\"@id\":\"https:\/\/marthacifuentes.com\/portada\/alcaldia-de-mani-volvio-a-suspender-licitacion-vial-por-105-mil-millones-por-supuesta-orden-de-juez\/#breadcrumb\",\"itemListElement\":[{\"@type\":\"ListItem\",\"position\":1,\"name\":\"Portada\",\"item\":\"https:\/\/marthacifuentes.com\/portada\/\"},{\"@type\":\"ListItem\",\"position\":2,\"name\":\"Alcald\u00eda de Man\u00ed volvi\u00f3 a suspender licitaci\u00f3n vial por $105 mil millones por supuesta orden de juez\"}]},{\"@type\":\"WebSite\",\"@id\":\"https:\/\/marthacifuentes.com\/portada\/#website\",\"url\":\"https:\/\/marthacifuentes.com\/portada\/\",\"name\":\"\u25b7 Noticias de Casanare : Martha Cifuentes | Casanare\",\"description\":\"Noticias &amp; Contenidos\",\"potentialAction\":[{\"@type\":\"SearchAction\",\"target\":{\"@type\":\"EntryPoint\",\"urlTemplate\":\"https:\/\/marthacifuentes.com\/portada\/?s={search_term_string}\"},\"query-input\":{\"@type\":\"PropertyValueSpecification\",\"valueRequired\":true,\"valueName\":\"search_term_string\"}}],\"inLanguage\":\"es\"},{\"@type\":\"Person\",\"@id\":\"https:\/\/marthacifuentes.com\/portada\/#\/schema\/person\/57f53174b991db5f90ff78d58502b714\",\"name\":\"Martha Cifuentes\",\"image\":{\"@type\":\"ImageObject\",\"inLanguage\":\"es\",\"@id\":\"https:\/\/marthacifuentes.com\/portada\/#\/schema\/person\/image\/\",\"url\":\"http:\/\/marthacifuentes.com\/portada\/wp-content\/uploads\/2018\/06\/avatar_user_2_1528838701-96x96.jpg\",\"contentUrl\":\"http:\/\/marthacifuentes.com\/portada\/wp-content\/uploads\/2018\/06\/avatar_user_2_1528838701-96x96.jpg\",\"caption\":\"Martha Cifuentes\"},\"sameAs\":[\"http:\/\/www.marthacifuentes.com\"],\"url\":\"https:\/\/marthacifuentes.com\/portada\/author\/martha\/\"}]}<\/script>\n<!-- \/ Yoast SEO plugin. -->","yoast_head_json":{"title":"Alcald\u00eda de Man\u00ed volvi\u00f3 a suspender licitaci\u00f3n vial por $105 mil millones por supuesta orden de juez - \u25b7 Noticias de Casanare : Martha Cifuentes | Casanare","robots":{"index":"index","follow":"follow","max-snippet":"max-snippet:-1","max-image-preview":"max-image-preview:large","max-video-preview":"max-video-preview:-1"},"canonical":"https:\/\/marthacifuentes.com\/portada\/alcaldia-de-mani-volvio-a-suspender-licitacion-vial-por-105-mil-millones-por-supuesta-orden-de-juez\/","og_locale":"es_ES","og_type":"article","og_title":"Alcald\u00eda de Man\u00ed volvi\u00f3 a suspender licitaci\u00f3n vial por $105 mil millones por supuesta orden de juez - \u25b7 Noticias de Casanare : Martha Cifuentes | Casanare","og_description":"Contin\u00faa la telenovela en que se ha convertido el proceso licitatorio que adelanta la Alcald\u00eda de Man\u00ed por 105 mil millones de pesos referente a la pavimentaci\u00f3n de 26.5 kil\u00f3metros de la v\u00eda Man\u00ed, Tauramena, Monterrey. Nuevamente el pasado 1 de septiembre por orden de un juzgado, la Alcald\u00eda, suspendi\u00f3 provisionalmente la licitaci\u00f3n, que se &hellip;","og_url":"https:\/\/marthacifuentes.com\/portada\/alcaldia-de-mani-volvio-a-suspender-licitacion-vial-por-105-mil-millones-por-supuesta-orden-de-juez\/","og_site_name":"\u25b7 Noticias de Casanare : Martha Cifuentes | Casanare","article_published_time":"2022-09-05T23:53:48+00:00","og_image":[{"width":779,"height":370,"url":"https:\/\/marthacifuentes.com\/portada\/wp-content\/uploads\/2022\/08\/alcalde-jersson-montoya.png","type":"image\/png"}],"author":"Martha Cifuentes","twitter_card":"summary_large_image","twitter_misc":{"Escrito por":"Martha Cifuentes","Tiempo de lectura":"2 minutos"},"schema":{"@context":"https:\/\/schema.org","@graph":[{"@type":"WebPage","@id":"https:\/\/marthacifuentes.com\/portada\/alcaldia-de-mani-volvio-a-suspender-licitacion-vial-por-105-mil-millones-por-supuesta-orden-de-juez\/","url":"https:\/\/marthacifuentes.com\/portada\/alcaldia-de-mani-volvio-a-suspender-licitacion-vial-por-105-mil-millones-por-supuesta-orden-de-juez\/","name":"Alcald\u00eda de Man\u00ed volvi\u00f3 a suspender licitaci\u00f3n vial por $105 mil millones por supuesta orden de juez - \u25b7 Noticias de Casanare : Martha Cifuentes | Casanare","isPartOf":{"@id":"https:\/\/marthacifuentes.com\/portada\/#website"},"primaryImageOfPage":{"@id":"https:\/\/marthacifuentes.com\/portada\/alcaldia-de-mani-volvio-a-suspender-licitacion-vial-por-105-mil-millones-por-supuesta-orden-de-juez\/#primaryimage"},"image":{"@id":"https:\/\/marthacifuentes.com\/portada\/alcaldia-de-mani-volvio-a-suspender-licitacion-vial-por-105-mil-millones-por-supuesta-orden-de-juez\/#primaryimage"},"thumbnailUrl":"https:\/\/marthacifuentes.com\/portada\/wp-content\/uploads\/2022\/08\/alcalde-jersson-montoya.png","datePublished":"2022-09-05T23:53:48+00:00","author":{"@id":"https:\/\/marthacifuentes.com\/portada\/#\/schema\/person\/57f53174b991db5f90ff78d58502b714"},"breadcrumb":{"@id":"https:\/\/marthacifuentes.com\/portada\/alcaldia-de-mani-volvio-a-suspender-licitacion-vial-por-105-mil-millones-por-supuesta-orden-de-juez\/#breadcrumb"},"inLanguage":"es","potentialAction":[{"@type":"ReadAction","target":["https:\/\/marthacifuentes.com\/portada\/alcaldia-de-mani-volvio-a-suspender-licitacion-vial-por-105-mil-millones-por-supuesta-orden-de-juez\/"]}]},{"@type":"ImageObject","inLanguage":"es","@id":"https:\/\/marthacifuentes.com\/portada\/alcaldia-de-mani-volvio-a-suspender-licitacion-vial-por-105-mil-millones-por-supuesta-orden-de-juez\/#primaryimage","url":"https:\/\/marthacifuentes.com\/portada\/wp-content\/uploads\/2022\/08\/alcalde-jersson-montoya.png","contentUrl":"https:\/\/marthacifuentes.com\/portada\/wp-content\/uploads\/2022\/08\/alcalde-jersson-montoya.png","width":779,"height":370},{"@type":"BreadcrumbList","@id":"https:\/\/marthacifuentes.com\/portada\/alcaldia-de-mani-volvio-a-suspender-licitacion-vial-por-105-mil-millones-por-supuesta-orden-de-juez\/#breadcrumb","itemListElement":[{"@type":"ListItem","position":1,"name":"Portada","item":"https:\/\/marthacifuentes.com\/portada\/"},{"@type":"ListItem","position":2,"name":"Alcald\u00eda de Man\u00ed volvi\u00f3 a suspender licitaci\u00f3n vial por $105 mil millones por supuesta orden de juez"}]},{"@type":"WebSite","@id":"https:\/\/marthacifuentes.com\/portada\/#website","url":"https:\/\/marthacifuentes.com\/portada\/","name":"\u25b7 Noticias de Casanare : Martha Cifuentes | Casanare","description":"Noticias &amp; Contenidos","potentialAction":[{"@type":"SearchAction","target":{"@type":"EntryPoint","urlTemplate":"https:\/\/marthacifuentes.com\/portada\/?s={search_term_string}"},"query-input":{"@type":"PropertyValueSpecification","valueRequired":true,"valueName":"search_term_string"}}],"inLanguage":"es"},{"@type":"Person","@id":"https:\/\/marthacifuentes.com\/portada\/#\/schema\/person\/57f53174b991db5f90ff78d58502b714","name":"Martha Cifuentes","image":{"@type":"ImageObject","inLanguage":"es","@id":"https:\/\/marthacifuentes.com\/portada\/#\/schema\/person\/image\/","url":"http:\/\/marthacifuentes.com\/portada\/wp-content\/uploads\/2018\/06\/avatar_user_2_1528838701-96x96.jpg","contentUrl":"http:\/\/marthacifuentes.com\/portada\/wp-content\/uploads\/2018\/06\/avatar_user_2_1528838701-96x96.jpg","caption":"Martha Cifuentes"},"sameAs":["http:\/\/www.marthacifuentes.com"],"url":"https:\/\/marthacifuentes.com\/portada\/author\/martha\/"}]}},"_links":{"self":[{"href":"https:\/\/marthacifuentes.com\/portada\/wp-json\/wp\/v2\/posts\/29900","targetHints":{"allow":["GET"]}}],"collection":[{"href":"https:\/\/marthacifuentes.com\/portada\/wp-json\/wp\/v2\/posts"}],"about":[{"href":"https:\/\/marthacifuentes.com\/portada\/wp-json\/wp\/v2\/types\/post"}],"author":[{"embeddable":true,"href":"https:\/\/marthacifuentes.com\/portada\/wp-json\/wp\/v2\/users\/2"}],"replies":[{"embeddable":true,"href":"https:\/\/marthacifuentes.com\/portada\/wp-json\/wp\/v2\/comments?post=29900"}],"version-history":[{"count":1,"href":"https:\/\/marthacifuentes.com\/portada\/wp-json\/wp\/v2\/posts\/29900\/revisions"}],"predecessor-version":[{"id":29904,"href":"https:\/\/marthacifuentes.com\/portada\/wp-json\/wp\/v2\/posts\/29900\/revisions\/29904"}],"wp:featuredmedia":[{"embeddable":true,"href":"https:\/\/marthacifuentes.com\/portada\/wp-json\/wp\/v2\/media\/29857"}],"wp:attachment":[{"href":"https:\/\/marthacifuentes.com\/portada\/wp-json\/wp\/v2\/media?parent=29900"}],"wp:term":[{"taxonomy":"category","embeddable":true,"href":"https:\/\/marthacifuentes.com\/portada\/wp-json\/wp\/v2\/categories?post=29900"},{"taxonomy":"post_tag","embeddable":true,"href":"https:\/\/marthacifuentes.com\/portada\/wp-json\/wp\/v2\/tags?post=29900"}],"curies":[{"name":"wp","href":"https:\/\/api.w.org\/{rel}","templated":true}]}}