{"id":29926,"date":"2022-09-08T20:05:30","date_gmt":"2022-09-09T01:05:30","guid":{"rendered":"https:\/\/marthacifuentes.com\/portada\/?p=29926"},"modified":"2022-09-08T20:05:30","modified_gmt":"2022-09-09T01:05:30","slug":"obras-en-el-sector-la-granja-en-via-del-cusiana-entre-paros-despido-de-trabajadores-y-sanciones-al-contratista","status":"publish","type":"post","link":"https:\/\/marthacifuentes.com\/portada\/obras-en-el-sector-la-granja-en-via-del-cusiana-entre-paros-despido-de-trabajadores-y-sanciones-al-contratista\/","title":{"rendered":"Obras en el sector La Granja en v\u00eda del Cusiana, entre paros, despido de trabajadores y sanciones al contratista"},"content":{"rendered":"<p style=\"text-align: justify;\">A pesar de que a los trabajadores del sector de La Granja en la v\u00eda del Cusiana les cancelaron sus salarios, contin\u00faa el paro iniciado hace dos d\u00edas por varias inconformidades por el manejo de temas laborales y supuesto maltrato de cierto personal. Se exigi\u00f3 el pago oportuno, la entrega adecuada de la dotaci\u00f3n con tallas apropiadas y que los elementos de protecci\u00f3n personal que se da\u00f1en se entreguen nuevamente.<\/p>\n<p style=\"text-align: justify;\">Tambi\u00e9n se exige buen trato y respeto de los ingenieros y maestros hacia los obreros, de lo cual se cuestiona malos tratos y acoso laboral. Igualmente 16 trabajadores a los cuales les cancelaron el contrato solicitaron el retiro de un maestro del contratista por estos motivos y despidos injustificados. Y hasta tanto no se cumpla con estas exigencias continuar\u00e1n en paro, tantos trabajadores activos como los despedidos.<\/p>\n<p style=\"text-align: justify;\">Frente a esta situaci\u00f3n, el director territorial de Invias en Casanare y con supervisi\u00f3n de estas obras, Arcenio Sandoval, expres\u00f3 que ya el contratista le cancel\u00f3 a los trabajadores, luego de un d\u00eda de retraso. Y ratific\u00f3 la inconformidad de los obreros con un maestro de obra, por malos tratos y se pidi\u00f3 al contratista que lo reubicara en otro sector para evitar estas situaciones laborales.<\/p>\n<p style=\"text-align: justify;\">A prop\u00f3sito, el Inv\u00edas ya le ha abierto tres incumplimientos al contratista de la v\u00eda del Cusiana, Consorcio Vial MHC 056, representada por el ingeniero Mario Huertas, porque no ha sido un contrato eficiente. Se recalc\u00f3 que se han presentado 144 emergencias durante este invierno y ahora se han activado fallas geol\u00f3gicas en diversos puntos de la v\u00eda, adem\u00e1s de que las monta\u00f1as est\u00e1n llenas de agua y en cualquier momento puede haber remoci\u00f3n en masa.<\/p>\n<p style=\"text-align: justify;\">El director territorial Arcenio Sandoval, propondr\u00e1 que mientras en la v\u00eda del Cusiana se dise\u00f1an viaductos, se busca la financiaci\u00f3n billonaria y se licita, pueden pasar a\u00f1os, que la v\u00eda Vado Hondo, Labranzagrande, El Morro se dise\u00f1e con est\u00e1ndares de v\u00eda nacional, que es m\u00e1s estable que la otra. Esto tendr\u00eda un costo aproximado de 100 mil millones de pesos. Por ello ya se solicit\u00f3 a la direcci\u00f3n nacional y se espera respuestas. Se esta a tiempo de hacerlo.<\/p>\n<p><img loading=\"lazy\" decoding=\"async\" class=\"alignnone  wp-image-29928\" src=\"https:\/\/marthacifuentes.com\/portada\/wp-content\/uploads\/2022\/09\/imagen_2022-09-08_200507424.png\" alt=\"\" width=\"686\" height=\"446\" srcset=\"https:\/\/marthacifuentes.com\/portada\/wp-content\/uploads\/2022\/09\/imagen_2022-09-08_200507424.png 620w, https:\/\/marthacifuentes.com\/portada\/wp-content\/uploads\/2022\/09\/imagen_2022-09-08_200507424-300x195.png 300w\" sizes=\"auto, (max-width: 686px) 100vw, 686px\" \/><\/p>\n<h2>Otras noticias&#8230;<\/h2>\n<blockquote class=\"wp-embedded-content\" data-secret=\"c1h1M9hxgf\"><p><a href=\"https:\/\/marthacifuentes.com\/portada\/2022\/09\/08\/la-delincuencia-se-tomo-a-yopal-y-la-policia-y-la-justicia-sin-dientes-para-enfrentarla\/\">La delincuencia se tom\u00f3 a Yopal y la polic\u00eda y la justicia, sin dientes para enfrentarla<\/a><\/p><\/blockquote>\n<p><iframe loading=\"lazy\" class=\"wp-embedded-content\" sandbox=\"allow-scripts\" security=\"restricted\" style=\"position: absolute; clip: rect(1px, 1px, 1px, 1px);\" title=\"\u00abLa delincuencia se tom\u00f3 a Yopal y la polic\u00eda y la justicia, sin dientes para enfrentarla\u00bb \u2014 \u25b7 Noticias de Casanare : Martha Cifuentes | Casanare\" src=\"https:\/\/marthacifuentes.com\/portada\/2022\/09\/08\/la-delincuencia-se-tomo-a-yopal-y-la-policia-y-la-justicia-sin-dientes-para-enfrentarla\/embed\/#?secret=P2zQTaaslg#?secret=c1h1M9hxgf\" data-secret=\"c1h1M9hxgf\" width=\"500\" height=\"282\" frameborder=\"0\" marginwidth=\"0\" marginheight=\"0\" scrolling=\"no\"><\/iframe><\/p>\n<p><iframe loading=\"lazy\" class=\"wp-embedded-content\" title=\"\u00abAlcald\u00eda de Yopal autorizada para comprar o expropiar terrenos de La Bendici\u00f3n a la SAE, a trav\u00e9s de vigencias futuras\u00bb \u2014 \u25b7 Noticias de Casanare : Martha Cifuentes | Casanare\" src=\"https:\/\/marthacifuentes.com\/portada\/2022\/09\/08\/alcaldia-de-yopal-autorizada-para-comprar-o-expropiar-terrenos-de-la-bendicion-a-la-sae-a-traves-de-vigencias-futuras\/embed\/#?secret=Bu1ineadi9#?secret=GWZNRhwFK6\" width=\"600\" height=\"642\" frameborder=\"0\" marginwidth=\"0\" marginheight=\"0\" scrolling=\"no\" sandbox=\"allow-scripts\" data-secret=\"GWZNRhwFK6\" data-mce-fragment=\"1\"><\/iframe><\/p>\n<p><iframe loading=\"lazy\" class=\"wp-embedded-content\" title=\"\u00abPresuntos prestamistas de dinero \u00abgota a gota\u00bb fueron heridos en Man\u00ed. Clan del Golfo tendr\u00eda relaci\u00f3n.\u00bb \u2014 \u25b7 Noticias de Casanare : Martha Cifuentes | Casanare\" src=\"https:\/\/marthacifuentes.com\/portada\/2022\/09\/06\/presuntos-prestamistas-de-dinero-gota-a-gota-fueron-heridos-en-mani-clan-del-golfo-tendria-relacion\/embed\/#?secret=tATSzNGXmT#?secret=diiKhMZgxt\" width=\"600\" height=\"649\" frameborder=\"0\" marginwidth=\"0\" marginheight=\"0\" scrolling=\"no\" sandbox=\"allow-scripts\" data-secret=\"diiKhMZgxt\" data-mce-fragment=\"1\"><\/iframe><\/p>\n<p><iframe loading=\"lazy\" class=\"wp-embedded-content\" title=\"\u00abDefensa de exgobernador de Casanare Nelson Mari\u00f1o cuestiona testimonios de \u00abparas\u00bb que lo inculpan. Dice que no son cre\u00edbles.\u00bb \u2014 \u25b7 Noticias de Casanare : Martha Cifuentes | Casanare\" src=\"https:\/\/marthacifuentes.com\/portada\/2022\/09\/05\/defensa-de-exgobernador-de-casanare-nelson-marino-cuestiona-testimonios-de-paras-que-lo-inculpan-dice-que-no-son-creibles\/embed\/#?secret=5g8jJHuNXh#?secret=vsV95mHIAp\" width=\"600\" height=\"649\" frameborder=\"0\" marginwidth=\"0\" marginheight=\"0\" scrolling=\"no\" sandbox=\"allow-scripts\" data-secret=\"vsV95mHIAp\" data-mce-fragment=\"1\"><\/iframe><\/p>\n<p><iframe loading=\"lazy\" class=\"wp-embedded-content\" title=\"\u00abAlcald\u00eda de Man\u00ed volvi\u00f3 a suspender licitaci\u00f3n vial por $105 mil millones por supuesta orden de juez\u00bb \u2014 \u25b7 Noticias de Casanare : Martha Cifuentes | Casanare\" src=\"https:\/\/marthacifuentes.com\/portada\/2022\/09\/05\/alcaldia-de-mani-volvio-a-suspender-licitacion-vial-por-105-mil-millones-por-supuesta-orden-de-juez\/embed\/#?secret=Ugx4Wk9mi1#?secret=LBNQMSmWYm\" width=\"600\" height=\"572\" frameborder=\"0\" marginwidth=\"0\" marginheight=\"0\" scrolling=\"no\" sandbox=\"allow-scripts\" data-secret=\"LBNQMSmWYm\" data-mce-fragment=\"1\"><\/iframe><\/p>\n<p><iframe loading=\"lazy\" class=\"wp-embedded-content\" title=\"\u00abPor investigaci\u00f3n disciplinaria de la Procuradur\u00eda, en riesgo nombramiento de Arvey M\u00e9ndez, director de la UDGRD\u00bb \u2014 \u25b7 Noticias de Casanare : Martha Cifuentes | Casanare\" src=\"https:\/\/marthacifuentes.com\/portada\/2022\/08\/30\/por-investigacion-disciplinaria-de-la-procuraduria-en-riesgo-nombramiento-de-arvey-mendez-director-de-la-udgrd\/embed\/#?secret=Mbg3qG6vgN#?secret=RrBDPC2Y5U\" width=\"600\" height=\"649\" frameborder=\"0\" marginwidth=\"0\" marginheight=\"0\" scrolling=\"no\" sandbox=\"allow-scripts\" data-secret=\"RrBDPC2Y5U\" data-mce-fragment=\"1\"><\/iframe><\/p>\n<p><iframe loading=\"lazy\" class=\"wp-embedded-content\" title=\"\u00abQu\u00e9 fue lo no quiso decir el exgobernador de Casanare William P\u00e9rez y por lo cual la JEP rechaz\u00f3 su solicitud de sometimiento\u00bb \u2014 \u25b7 Noticias de Casanare : Martha Cifuentes | Casanare\" src=\"https:\/\/marthacifuentes.com\/portada\/2022\/08\/16\/que-fue-lo-no-quiso-decir-el-exgobernador-de-casanare-william-perez-y-por-lo-cual-la-jep-rechazo-su-solicitud-de-sometimiento\/embed\/#?secret=AEzEd7jRK9#?secret=oRSj323Cl1\" width=\"600\" height=\"649\" frameborder=\"0\" marginwidth=\"0\" marginheight=\"0\" scrolling=\"no\" sandbox=\"allow-scripts\" data-secret=\"oRSj323Cl1\" data-mce-fragment=\"1\"><\/iframe><\/p>\n<p><iframe loading=\"lazy\" class=\"wp-embedded-content\" title=\"\u00abM\u00e1s de 6 mil estudiantes de Casanare sin transporte escolar por l\u00edos contractuales de la Gobernaci\u00f3n\u00bb \u2014 \u25b7 Noticias de Casanare : Martha Cifuentes | Casanare\" src=\"https:\/\/marthacifuentes.com\/portada\/2022\/08\/05\/mas-de-6-mil-estudiantes-de-casanare-sin-transporte-escolar-por-lios-contractuales-de-la-gobernacion\/embed\/#?secret=Q3y4GOE4xq#?secret=k2qaNhfFSA\" width=\"600\" height=\"621\" frameborder=\"0\" marginwidth=\"0\" marginheight=\"0\" scrolling=\"no\" sandbox=\"allow-scripts\" data-secret=\"k2qaNhfFSA\" data-mce-fragment=\"1\"><\/iframe><\/p>\n<p><iframe loading=\"lazy\" class=\"wp-embedded-content\" title=\"\u00abAcci\u00f3n preventiva en licitaci\u00f3n de 105 mil de carretera de Man\u00ed pas\u00f3 a manos de Procuradur\u00eda General.\u00bb \u2014 \u25b7 Noticias de Casanare : Martha Cifuentes | Casanare\" src=\"https:\/\/marthacifuentes.com\/portada\/2022\/08\/03\/accion-preventiva-en-licitacion-de-105-mil-de-carretera-de-mani-paso-a-manos-de-procuraduria-general\/embed\/#?secret=FBUFoGxOzv#?secret=NPAZYjmM2y\" width=\"600\" height=\"620\" frameborder=\"0\" marginwidth=\"0\" marginheight=\"0\" scrolling=\"no\" sandbox=\"allow-scripts\" data-secret=\"NPAZYjmM2y\" data-mce-fragment=\"1\"><\/iframe><\/p>\n<p><iframe loading=\"lazy\" class=\"wp-embedded-content\" title=\"\u00abEn Man\u00ed se contratar\u00eda interventor\u00eda de multimillonaria contrataci\u00f3n de carretera no adjudicada\u00bb \u2014 \u25b7 Noticias de Casanare : Martha Cifuentes | Casanare\" src=\"https:\/\/marthacifuentes.com\/portada\/2022\/08\/03\/en-mani-se-contrataria-interventoria-de-multimillonaria-contratacion-de-carretera-no-adjudicada\/embed\/#?secret=y4DCWaDjnA#?secret=Bm0tbtJABx\" width=\"600\" height=\"583\" frameborder=\"0\" marginwidth=\"0\" marginheight=\"0\" scrolling=\"no\" sandbox=\"allow-scripts\" data-secret=\"Bm0tbtJABx\" data-mce-fragment=\"1\"><\/iframe><\/p>\n<p><iframe loading=\"lazy\" class=\"wp-embedded-content\" title=\"\u00abVuelve \u00abJhon Calzones\u00bb, ofreciendo doblar viviendas de La Bendici\u00f3n, en Yopal\u00bb \u2014 \u25b7 Noticias de Casanare : Martha Cifuentes | Casanare\" src=\"https:\/\/marthacifuentes.com\/portada\/2022\/08\/02\/vuelve-jhon-calzones-ofreciedo-doblar-viviendas-de-la-bendicion-en-yopal\/embed\/#?secret=wHk3izvgI4#?secret=tfv9qWAmOL\" width=\"600\" height=\"598\" frameborder=\"0\" marginwidth=\"0\" marginheight=\"0\" scrolling=\"no\" sandbox=\"allow-scripts\" data-secret=\"tfv9qWAmOL\" data-mce-fragment=\"1\"><\/iframe><\/p>\n<p><iframe loading=\"lazy\" class=\"wp-embedded-content\" title=\"\u00abProcuradur\u00eda formul\u00f3 pliego de cargos contra exalcalde de Yopal, Jorge Garc\u00eda Lizarazo, por convenio del Pimur\u00bb \u2014 \u25b7 Noticias de Casanare : Martha Cifuentes | Casanare\" src=\"https:\/\/marthacifuentes.com\/portada\/2022\/08\/01\/procuraduria-formulo-pliego-de-cargos-contra-exalcalde-de-yopal-jorge-garcia-lizarazo-por-convenio-del-pimur\/embed\/#?secret=63Q6UFkYxN#?secret=WlH69ecbsQ\" width=\"600\" height=\"628\" frameborder=\"0\" marginwidth=\"0\" marginheight=\"0\" scrolling=\"no\" sandbox=\"allow-scripts\" data-secret=\"WlH69ecbsQ\" data-mce-fragment=\"1\"><\/iframe><\/p>\n<p><iframe loading=\"lazy\" class=\"wp-embedded-content\" title=\"\u00abCon tutela se logra colar contratista en licitaci\u00f3n multimillonaria en Man\u00ed. Juez orden\u00f3 su habilitaci\u00f3n para participar del proceso.\u00bb \u2014 \u25b7 Noticias de Casanare : Martha Cifuentes | Casanare\" src=\"https:\/\/marthacifuentes.com\/portada\/2022\/07\/29\/con-tutela-se-logra-colar-contratista-en-licitacion-multimillonaria-en-mani-juez-ordeno-su-habilitacion-para-participar-del-proceso\/embed\/#?secret=SgmEdGZVn6#?secret=sMekk9bWZN\" width=\"600\" height=\"614\" frameborder=\"0\" marginwidth=\"0\" marginheight=\"0\" scrolling=\"no\" sandbox=\"allow-scripts\" data-secret=\"sMekk9bWZN\" data-mce-fragment=\"1\"><\/iframe><\/p>\n<p><iframe loading=\"lazy\" class=\"wp-embedded-content\" title=\"\u00abEn Man\u00ed asesinado otro ganadero. Viv\u00eda en finca Frontera, que es objeto de disputa territorial\u00bb \u2014 \u25b7 Noticias de Casanare : Martha Cifuentes | Casanare\" src=\"https:\/\/marthacifuentes.com\/portada\/2022\/07\/29\/en-mani-asesinado-otro-ganadero-vivia-en-finca-frontera-que-es-objeto-de-disputa-territorial\/embed\/#?secret=qOEEskB6Ju#?secret=cFQBZZAzAw\" width=\"600\" height=\"600\" frameborder=\"0\" marginwidth=\"0\" marginheight=\"0\" scrolling=\"no\" sandbox=\"allow-scripts\" data-secret=\"cFQBZZAzAw\" data-mce-fragment=\"1\"><\/iframe><\/p>\n<p><iframe loading=\"lazy\" class=\"wp-embedded-content\" title=\"\u00abPaz de Ariporo ya tiene designado alcalde ad hoc en relaci\u00f3n a proceso de revocatoria del mandato de la alcaldesa Eunice Escobar\u00bb \u2014 \u25b7 Noticias de Casanare : Martha Cifuentes | Casanare\" src=\"https:\/\/marthacifuentes.com\/portada\/2022\/07\/27\/paz-de-ariporo-ya-tiene-designado-alcalde-ad-hoc-en-relacion-a-proceso-de-revocatoria-del-mandato-de-la-alcaldesa-eunice-escobar\/embed\/#?secret=2SFkze7RRm#?secret=FlVMCWm3bO\" width=\"600\" height=\"649\" frameborder=\"0\" marginwidth=\"0\" marginheight=\"0\" scrolling=\"no\" sandbox=\"allow-scripts\" data-secret=\"FlVMCWm3bO\" data-mce-fragment=\"1\"><\/iframe><\/p>\n<p><iframe loading=\"lazy\" class=\"wp-embedded-content\" title=\"\u00abContratista de atenci\u00f3n a adulto mayor en Tauramena no le paga a sus empleados y proveedores\u00bb \u2014 \u25b7 Noticias de Casanare : Martha Cifuentes | Casanare\" src=\"https:\/\/marthacifuentes.com\/portada\/2022\/07\/26\/contratista-de-atencion-a-adulto-mayor-en-tauramena-no-le-paga-a-sus-empleados-y-proveedores\/embed\/#?secret=7hebe8G12d#?secret=iVDK3TNzpa\" width=\"600\" height=\"621\" frameborder=\"0\" marginwidth=\"0\" marginheight=\"0\" scrolling=\"no\" sandbox=\"allow-scripts\" data-secret=\"iVDK3TNzpa\" data-mce-fragment=\"1\"><\/iframe><\/p>\n<p><iframe loading=\"lazy\" class=\"wp-embedded-content\" title=\"\u00abUn joven muerto y dos heridos, de una misma familia, deja intento de requisa policial en Yopal. Padre dijo que hubo exceso de fuerza.\u00bb \u2014 \u25b7 Noticias de Casanare : Martha Cifuentes | Casanare\" src=\"https:\/\/marthacifuentes.com\/portada\/2022\/07\/26\/un-joven-muerto-y-dos-heridos-de-una-misma-familia-deja-intento-de-requisa-policial-en-yopal-padre-dijo-que-hubo-exceso-de-fuerza\/embed\/#?secret=lOW3B3DF9r#?secret=flnQH5H0SD\" width=\"600\" height=\"649\" frameborder=\"0\" marginwidth=\"0\" marginheight=\"0\" scrolling=\"no\" sandbox=\"allow-scripts\" data-secret=\"flnQH5H0SD\" data-mce-fragment=\"1\"><\/iframe><\/p>\n<p><iframe loading=\"lazy\" class=\"wp-embedded-content\" title=\"\u00abEn una calle de Yopal muri\u00f3 una mujer ind\u00edgena, por posible enfermedad\u00bb \u2014 \u25b7 Noticias de Casanare : Martha Cifuentes | Casanare\" src=\"https:\/\/marthacifuentes.com\/portada\/2022\/07\/26\/en-una-calle-de-yopal-murio-una-mujer-indigena-por-posible-enfermedad\/embed\/#?secret=r0svj0HZse#?secret=Bj1C9oUg93\" width=\"600\" height=\"599\" frameborder=\"0\" marginwidth=\"0\" marginheight=\"0\" scrolling=\"no\" sandbox=\"allow-scripts\" data-secret=\"Bj1C9oUg93\" data-mce-fragment=\"1\"><\/iframe><\/p>\n<p><iframe loading=\"lazy\" class=\"wp-embedded-content\" title=\"\u00abAlcaldes de Man\u00ed y Paz de Ariporo \u201cvelan\u201d por sus contratos, uno de 105 mil millones y otro de 42 mil millones, respectivamente.\u00bb \u2014 \u25b7 Noticias de Casanare : Martha Cifuentes | Casanare\" src=\"https:\/\/marthacifuentes.com\/portada\/2022\/07\/26\/alcaldes-de-mani-y-paz-de-ariporo-velan-por-sus-contratos-uno-de-105-mil-millones-y-otro-de-42-mil-millones-respectivamente\/embed\/#?secret=Of0cygVdMu#?secret=owDJ6Euopl\" width=\"600\" height=\"628\" frameborder=\"0\" marginwidth=\"0\" marginheight=\"0\" scrolling=\"no\" sandbox=\"allow-scripts\" data-secret=\"owDJ6Euopl\" data-mce-fragment=\"1\"><\/iframe><\/p>\n<p><iframe loading=\"lazy\" class=\"wp-embedded-content\" title=\"\u00abSangre de 303 inocentes personas ba\u00f1\u00f3 a Casanare en forma de falsos positivos. JEP imput\u00f3 cargos contra militares y civiles involucrados\u00bb \u2014 \u25b7 Noticias de Casanare : Martha Cifuentes | Casanare\" src=\"https:\/\/marthacifuentes.com\/portada\/2022\/07\/25\/sangre-de-303-inocentes-personas-bano-a-casanare-en-forma-de-falsos-positivos-jep-imputo-cargos-contra-militares-y-civiles-involucrados\/embed\/#?secret=o3Inb9VVwa#?secret=d4JwNFcHbv\" width=\"600\" height=\"596\" frameborder=\"0\" marginwidth=\"0\" marginheight=\"0\" scrolling=\"no\" sandbox=\"allow-scripts\" data-secret=\"d4JwNFcHbv\" data-mce-fragment=\"1\"><\/iframe><\/p>\n<p><iframe loading=\"lazy\" class=\"wp-embedded-content\" title=\"\u00abA expensas de ladrones, inescrupulosos y violencia, colegios p\u00fablicos de Yopal, por no contar con servicio de vigilancia\u00bb \u2014 \u25b7 Noticias de Casanare : Martha Cifuentes | Casanare\" src=\"https:\/\/marthacifuentes.com\/portada\/2022\/07\/25\/a-expensas-de-ladrones-inescrupulosos-y-violencia-colegios-publicos-de-yopal-por-no-contar-con-servicio-de-vigilancia\/embed\/#?secret=S4pHSMGupw#?secret=bF4Xsn4E9s\" width=\"600\" height=\"357\" frameborder=\"0\" marginwidth=\"0\" marginheight=\"0\" scrolling=\"no\" sandbox=\"allow-scripts\" data-secret=\"bF4Xsn4E9s\" data-mce-fragment=\"1\"><\/iframe><\/p>\n<p><iframe loading=\"lazy\" class=\"wp-embedded-content\" title=\"\u00abConsorcio Gaviotas no cumplir\u00eda requisitos para licitaci\u00f3n de $105 mil millones de Man\u00ed, asegura oferente excluido\u00bb \u2014 \u25b7 Noticias de Casanare : Martha Cifuentes | Casanare\" src=\"https:\/\/marthacifuentes.com\/portada\/2022\/07\/21\/consorcio-gaviotas-no-cumpliria-requisitos-para-licitacion-de-105-mil-millones-de-mani-asegura-oferente-excluido\/embed\/#?secret=s9tRxlbjOl#?secret=V91b2Nf0m5\" width=\"600\" height=\"583\" frameborder=\"0\" marginwidth=\"0\" marginheight=\"0\" scrolling=\"no\" sandbox=\"allow-scripts\" data-secret=\"V91b2Nf0m5\" data-mce-fragment=\"1\"><\/iframe><\/p>\n<p><iframe loading=\"lazy\" class=\"wp-embedded-content\" title=\"\u00abGobernaci\u00f3n de Casanare con apoyo de MinAgricultura entreg\u00f3 maquinaria para fortalecer ganaderos\u00bb \u2014 \u25b7 Noticias de Casanare : Martha Cifuentes | Casanare\" src=\"https:\/\/marthacifuentes.com\/portada\/2022\/07\/21\/gobernacion-de-casanare-con-apoyo-de-minagricultura-entrego-maquinaria-para-fortalecer-ganaderos\/embed\/#?secret=KrMTHoMS6F#?secret=XRZ3P3TyPm\" width=\"600\" height=\"593\" frameborder=\"0\" marginwidth=\"0\" marginheight=\"0\" scrolling=\"no\" sandbox=\"allow-scripts\" data-secret=\"XRZ3P3TyPm\" data-mce-fragment=\"1\"><\/iframe><\/p>\n<p><iframe loading=\"lazy\" class=\"wp-embedded-content\" title=\"\u00abEn vilo podr\u00eda quedar nombramiento de nuevo director de Gesti\u00f3n del Riesgo de Casanare por falsedad en documento p\u00fablico\u00bb \u2014 \u25b7 Noticias de Casanare : Martha Cifuentes | Casanare\" src=\"https:\/\/marthacifuentes.com\/portada\/2022\/07\/19\/en-vilo-podria-quedar-nombramiento-de-nuevo-director-de-gestion-del-riesgo-de-casanare-por-falsedad-en-documento-publico\/embed\/#?secret=iU397smojr#?secret=pHWQVJpW6X\" width=\"600\" height=\"649\" frameborder=\"0\" marginwidth=\"0\" marginheight=\"0\" scrolling=\"no\" sandbox=\"allow-scripts\" data-secret=\"pHWQVJpW6X\" data-mce-fragment=\"1\"><\/iframe><\/p>\n<p><iframe loading=\"lazy\" class=\"wp-embedded-content\" title=\"\u00abPor tutela, Juzgado orden\u00f3 al alcalde de Man\u00ed, suspender cuestionada licitaci\u00f3n de 105 mil millones de pesos de v\u00eda intermunicipal\u00bb \u2014 \u25b7 Noticias de Casanare : Martha Cifuentes | Casanare\" src=\"https:\/\/marthacifuentes.com\/portada\/2022\/07\/19\/por-tutela-juzgado-ordeno-al-alcalde-de-mani-suspender-cuestionada-licitacion-de-105-mil-millones-de-pesos-de-via-intermunicipal\/embed\/#?secret=QOOcyXz8pM#?secret=8KEMHqoWiT\" width=\"600\" height=\"614\" frameborder=\"0\" marginwidth=\"0\" marginheight=\"0\" scrolling=\"no\" sandbox=\"allow-scripts\" data-secret=\"8KEMHqoWiT\" data-mce-fragment=\"1\"><\/iframe><\/p>\n<p><iframe loading=\"lazy\" class=\"wp-embedded-content\" title=\"\u00abSellados 8 establecimientos p\u00fablicos de venta de alcohol en Yopal por alterar la tranquilidad .\u00bb \u2014 \u25b7 Noticias de Casanare : Martha Cifuentes | Casanare\" src=\"https:\/\/marthacifuentes.com\/portada\/2022\/07\/18\/sellados-8-establecimientos-publicos-de-venta-de-alcohol-en-yopal-por-alterar-la-tranquilidad\/embed\/#?secret=Waa5TynOeK#?secret=5MUO55jtTj\" width=\"600\" height=\"621\" frameborder=\"0\" marginwidth=\"0\" marginheight=\"0\" scrolling=\"no\" sandbox=\"allow-scripts\" data-secret=\"5MUO55jtTj\" data-mce-fragment=\"1\"><\/iframe><\/p>\n<p><iframe loading=\"lazy\" class=\"wp-embedded-content\" title=\"\u00abInaugurada pavimentaci\u00f3n de 11 km de v\u00eda Central del Llano en Man\u00ed, pero falt\u00f3 arreglar tramo lleno de huecos.\u00bb \u2014 \u25b7 Noticias de Casanare : Martha Cifuentes | Casanare\" src=\"https:\/\/marthacifuentes.com\/portada\/2022\/07\/18\/inaugurada-pavimentacion-de-11-km-de-via-central-del-llano-en-mani-pero-falto-arreglar-tramo-lleno-de-huecos\/embed\/#?secret=zzo9vDXPXg#?secret=LT9Nn4TOq4\" width=\"600\" height=\"628\" frameborder=\"0\" marginwidth=\"0\" marginheight=\"0\" scrolling=\"no\" sandbox=\"allow-scripts\" data-secret=\"LT9Nn4TOq4\" data-mce-fragment=\"1\"><\/iframe><\/p>\n<p><iframe loading=\"lazy\" class=\"wp-embedded-content\" title=\"\u00abV\u00eda del Cusiana tiene problemas geol\u00f3gicos, geot\u00e9cnicos y clim\u00e1ticos por ello se buscar\u00eda nuevo trazado: Director del Inv\u00edas\u00bb \u2014 \u25b7 Noticias de Casanare : Martha Cifuentes | Casanare\" src=\"https:\/\/marthacifuentes.com\/portada\/2022\/07\/18\/via-del-cusiana-tiene-problemas-geologicos-geotecnicos-y-climaticos-por-ello-se-buscaria-nuevo-trazado-director-del-invias\/embed\/#?secret=Ab8R5jBQYo#?secret=gXP4inhH5U\" width=\"600\" height=\"649\" frameborder=\"0\" marginwidth=\"0\" marginheight=\"0\" scrolling=\"no\" sandbox=\"allow-scripts\" data-secret=\"gXP4inhH5U\" data-mce-fragment=\"1\"><\/iframe><\/p>\n<p><iframe loading=\"lazy\" class=\"wp-embedded-content\" title=\"\u00abAlcalde de Man\u00ed y su secretario de obras, investigados por la Procuradur\u00eda por cobrar coimas para adjudicar contratos\u00bb \u2014 \u25b7 Noticias de Casanare : Martha Cifuentes | Casanare\" src=\"https:\/\/marthacifuentes.com\/portada\/2022\/07\/18\/alcalde-de-mani-y-su-secretario-de-obras-investigados-por-la-procuraduria-por-cobrar-coimas-para-adjudicar-contratos\/embed\/#?secret=VjYiSd5qyP#?secret=s8WC8Liwi4\" width=\"600\" height=\"357\" frameborder=\"0\" marginwidth=\"0\" marginheight=\"0\" scrolling=\"no\" sandbox=\"allow-scripts\" data-secret=\"s8WC8Liwi4\" data-mce-fragment=\"1\"><\/iframe><\/p>\n<p><iframe loading=\"lazy\" class=\"wp-embedded-content\" title=\"\u00abSenadora Amanda Gonz\u00e1lez cuestion\u00f3 a alcaldesa de Paz de Ariporo y Gobernador de Casanare por negligentes.\u00bb \u2014 \u25b7 Noticias de Casanare : Martha Cifuentes | Casanare\" src=\"https:\/\/marthacifuentes.com\/portada\/2022\/07\/18\/senadora-amanda-gonzalez-cuestiono-a-alcaldesa-de-paz-de-ariporo-y-gobernador-de-casanare-por-negligentes\/embed\/#?secret=V1BHJZftt6#?secret=5aM1AEGsta\" width=\"600\" height=\"613\" frameborder=\"0\" marginwidth=\"0\" marginheight=\"0\" scrolling=\"no\" sandbox=\"allow-scripts\" data-secret=\"5aM1AEGsta\" data-mce-fragment=\"1\"><\/iframe><\/p>\n<p><iframe loading=\"lazy\" class=\"wp-embedded-content\" title=\"\u00abPor negligentes, el gobernador de Casanare y gerente de Acuatodos sancionados por Juzgado de Yopal\u00bb \u2014 \u25b7 Noticias de Casanare : Martha Cifuentes | Casanare\" src=\"https:\/\/marthacifuentes.com\/portada\/2022\/07\/15\/por-negligentes-el-gobernador-de-casanare-y-gerente-de-acuatodos-sancionados-por-juzgado-de-yopal\/embed\/#?secret=HY3x5fwLhD#?secret=bT2gnH8yWH\" width=\"600\" height=\"621\" frameborder=\"0\" marginwidth=\"0\" marginheight=\"0\" scrolling=\"no\" sandbox=\"allow-scripts\" data-secret=\"bT2gnH8yWH\" data-mce-fragment=\"1\"><\/iframe><\/p>\n<p><iframe loading=\"lazy\" class=\"wp-embedded-content\" title=\"\u00abSENA Yopal funcionar\u00e1 con planta solar fotovoltaica\u00bb \u2014 \u25b7 Noticias de Casanare : Martha Cifuentes | Casanare\" src=\"https:\/\/marthacifuentes.com\/portada\/2022\/07\/14\/sena-yopal-funcionara-con-planta-solar-fotovoltaica\/embed\/#?secret=djhHgxkTcP#?secret=dowyKpKXue\" width=\"600\" height=\"591\" frameborder=\"0\" marginwidth=\"0\" marginheight=\"0\" scrolling=\"no\" sandbox=\"allow-scripts\" data-secret=\"dowyKpKXue\" data-mce-fragment=\"1\"><\/iframe><\/p>\n<p><iframe loading=\"lazy\" class=\"wp-embedded-content\" title=\"\u00abSin pistas sobre responsables de hombre asesinado en zona rural de Man\u00ed, Casanare. Zona es \u00e1rea de influencia del Clan del Golfo.\u00bb \u2014 \u25b7 Noticias de Casanare : Martha Cifuentes | Casanare\" src=\"https:\/\/marthacifuentes.com\/portada\/2022\/07\/14\/sin-pistas-sobre-responsables-de-hombre-asesinado-en-zona-rural-de-mani-casanare-zona-es-area-de-influencia-del-clan-del-golfo\/embed\/#?secret=OlIM6bOz1N#?secret=uG2aKRoAVi\" width=\"600\" height=\"649\" frameborder=\"0\" marginwidth=\"0\" marginheight=\"0\" scrolling=\"no\" sandbox=\"allow-scripts\" data-secret=\"uG2aKRoAVi\" data-mce-fragment=\"1\"><\/iframe><\/p>\n<p><iframe loading=\"lazy\" class=\"wp-embedded-content\" title=\"\u00abMilitar casanare\u00f1o asesinado en combates con disidencias de las Farc en Corinto, Cauca.\u00bb \u2014 \u25b7 Noticias de Casanare : Martha Cifuentes | Casanare\" src=\"https:\/\/marthacifuentes.com\/portada\/2022\/07\/14\/militar-casanareno-asesinado-en-combates-con-disidencias-de-las-farc-en-corinto-cauca\/embed\/#?secret=n2YsPwZBYh#?secret=1jGsmyDv8W\" width=\"600\" height=\"621\" frameborder=\"0\" marginwidth=\"0\" marginheight=\"0\" scrolling=\"no\" sandbox=\"allow-scripts\" data-secret=\"1jGsmyDv8W\" data-mce-fragment=\"1\"><\/iframe><\/p>\n<p><iframe loading=\"lazy\" class=\"wp-embedded-content\" title=\"\u00abPolic\u00eda adscrito a comando de Casanare habr\u00eda asesinado (Feminicidio) a su pareja, una joven de Pore y luego se habr\u00eda suicidado.\u00bb \u2014 \u25b7 Noticias de Casanare : Martha Cifuentes | Casanare\" src=\"https:\/\/marthacifuentes.com\/portada\/2022\/07\/13\/policia-adscrito-a-comando-de-casanare-habria-asesinado-feminicidio-a-su-pareja-una-joven-de-pore-y-luego-se-habria-suicidado\/embed\/#?secret=ZOoF8XaW9A#?secret=pxDyKcOedF\" width=\"600\" height=\"628\" frameborder=\"0\" marginwidth=\"0\" marginheight=\"0\" scrolling=\"no\" sandbox=\"allow-scripts\" data-secret=\"pxDyKcOedF\" data-mce-fragment=\"1\"><\/iframe><\/p>\n<p><iframe loading=\"lazy\" class=\"wp-embedded-content\" title=\"\u00abCapturado en Yopal, Casanare, enlace del c\u00e1rtel de Sinaloa y el Eln. Lavaba dinero del narcotr\u00e1fico.\u00bb \u2014 \u25b7 Noticias de Casanare : Martha Cifuentes | Casanare\" src=\"https:\/\/marthacifuentes.com\/portada\/2022\/07\/12\/capturado-en-yopal-casanare-enlace-del-cartel-de-sinaloa-y-el-eln-lavaba-dinero-del-narcotrafico\/embed\/#?secret=8auzE9jPqb#?secret=Y1bl3tmkbB\" width=\"600\" height=\"621\" frameborder=\"0\" marginwidth=\"0\" marginheight=\"0\" scrolling=\"no\" sandbox=\"allow-scripts\" data-secret=\"Y1bl3tmkbB\" data-mce-fragment=\"1\"><\/iframe><\/p>\n<p><iframe loading=\"lazy\" class=\"wp-embedded-content\" title=\"\u00abMujer violada en sendero a la Virgen en Yopal. Depredador sexual capturado en flagrancia\u00bb \u2014 \u25b7 Noticias de Casanare : Martha Cifuentes | Casanare\" src=\"https:\/\/marthacifuentes.com\/portada\/2022\/07\/12\/mujer-violada-en-sendero-a-la-virgen-en-yopal-depredador-sexual-capturado-en-flagrancia\/embed\/#?secret=bZQyYgUyxY#?secret=BUuJf4j7ye\" width=\"600\" height=\"621\" frameborder=\"0\" marginwidth=\"0\" marginheight=\"0\" scrolling=\"no\" sandbox=\"allow-scripts\" data-secret=\"BUuJf4j7ye\" data-mce-fragment=\"1\"><\/iframe><\/p>\n<p><iframe loading=\"lazy\" class=\"wp-embedded-content\" title=\"\u00abCaos en Aguazul por invierno. Declarada la calamidad p\u00fablica. 30% del pueblo afectado\u00bb \u2014 \u25b7 Noticias de Casanare : Martha Cifuentes | Casanare\" src=\"https:\/\/marthacifuentes.com\/portada\/2022\/07\/12\/caos-en-aguazul-por-invierno-declarada-la-calamidad-publica-30-del-pueblo-afectado\/embed\/#?secret=2DU4KcWlbd#?secret=eTFLrVRBIX\" width=\"600\" height=\"621\" frameborder=\"0\" marginwidth=\"0\" marginheight=\"0\" scrolling=\"no\" sandbox=\"allow-scripts\" data-secret=\"eTFLrVRBIX\" data-mce-fragment=\"1\"><\/iframe><\/p>\n<p><iframe loading=\"lazy\" class=\"wp-embedded-content\" title=\"\u00abHombre asesin\u00f3 a su yerno en ri\u00f1a en Nunch\u00eda\u00bb \u2014 \u25b7 Noticias de Casanare : Martha Cifuentes | Casanare\" src=\"https:\/\/marthacifuentes.com\/portada\/2022\/07\/11\/hombre-asesino-a-su-yerno-en-rina-en-nunchia\/embed\/#?secret=8nMrrZdLP9#?secret=7Vf6cWywke\" width=\"600\" height=\"592\" frameborder=\"0\" marginwidth=\"0\" marginheight=\"0\" scrolling=\"no\" sandbox=\"allow-scripts\" data-secret=\"7Vf6cWywke\" data-mce-fragment=\"1\"><\/iframe><\/p>\n<p><iframe loading=\"lazy\" class=\"wp-embedded-content\" title=\"\u00abCapturado lugarteniente de alias \u201cAntonio Medina\u201d, de las disidencias de las Farc\u00bb \u2014 \u25b7 Noticias de Casanare : Martha Cifuentes | Casanare\" src=\"https:\/\/marthacifuentes.com\/portada\/2022\/07\/11\/capturado-lugarteniente-de-alias-antonio-medina-de-las-disidencias-de-las-farc\/embed\/#?secret=oYoxRIOb3x#?secret=XDds6CbG4U\" width=\"600\" height=\"620\" frameborder=\"0\" marginwidth=\"0\" marginheight=\"0\" scrolling=\"no\" sandbox=\"allow-scripts\" data-secret=\"XDds6CbG4U\" data-mce-fragment=\"1\"><\/iframe><\/p>\n<p><iframe loading=\"lazy\" class=\"wp-embedded-content\" title=\"\u00abAprobado proyecto de pasivos ambientales en comisi\u00f3n V de C\u00e1mara. Petroleras tienen gran deuda con Casanare, afirm\u00f3 parlamentario C\u00e9sar Ortiz.\u00bb \u2014 \u25b7 Noticias de Casanare : Martha Cifuentes | Casanare\" src=\"https:\/\/marthacifuentes.com\/portada\/2022\/06\/08\/aprobado-proyecto-de-pasivos-ambientales-en-comision-v-de-camara-petroleras-tienen-gran-deuda-con-casanare-afirmo-parlamentario-cesar-ortiz\/embed\/#?secret=us9OFGMjwr#?secret=8AcG5AU9dB\" width=\"600\" height=\"649\" frameborder=\"0\" marginwidth=\"0\" marginheight=\"0\" scrolling=\"no\" sandbox=\"allow-scripts\" data-secret=\"8AcG5AU9dB\" data-mce-fragment=\"1\"><\/iframe><\/p>\n","protected":false},"excerpt":{"rendered":"<p>A pesar de que a los trabajadores del sector de La Granja en la v\u00eda del Cusiana les cancelaron sus salarios, contin\u00faa el paro iniciado hace dos d\u00edas por varias inconformidades por el manejo de temas laborales y supuesto maltrato de cierto personal. Se exigi\u00f3 el pago oportuno, la entrega adecuada de la dotaci\u00f3n con &hellip;<\/p>\n","protected":false},"author":2,"featured_media":29927,"comment_status":"open","ping_status":"open","sticky":false,"template":"","format":"standard","meta":{"om_disable_all_campaigns":false,"_exactmetrics_skip_tracking":false,"_exactmetrics_sitenote_active":false,"_exactmetrics_sitenote_note":"","_exactmetrics_sitenote_category":0,"_monsterinsights_skip_tracking":false,"_monsterinsights_sitenote_active":false,"_monsterinsights_sitenote_note":"","_monsterinsights_sitenote_category":0,"_uf_show_specific_survey":0,"_uf_disable_surveys":false,"_joinchat":[],"footnotes":""},"categories":[147,146,145],"tags":[1373,1400,8308,8307,1376],"class_list":["post-29926","post","type-post","status-publish","format-standard","has-post-thumbnail","hentry","category-actualidad","category-noticias","category-reportajes","tag-casanare-noticias","tag-noticias-casanare","tag-paro-trabajadores-la-granja-contratista-mhc-056","tag-via-del-cusiana-sogamoso-aguazul","tag-yopal-noticias"],"yoast_head":"<!-- This site is optimized with the Yoast SEO plugin v26.1 - https:\/\/yoast.com\/wordpress\/plugins\/seo\/ -->\n<title>Obras en el sector La Granja en v\u00eda del Cusiana, entre paros, despido de trabajadores y sanciones al contratista - \u25b7 Noticias de Casanare : Martha Cifuentes | Casanare<\/title>\n<meta name=\"robots\" content=\"index, follow, max-snippet:-1, max-image-preview:large, max-video-preview:-1\" \/>\n<link rel=\"canonical\" href=\"https:\/\/marthacifuentes.com\/portada\/obras-en-el-sector-la-granja-en-via-del-cusiana-entre-paros-despido-de-trabajadores-y-sanciones-al-contratista\/\" \/>\n<meta property=\"og:locale\" content=\"es_ES\" \/>\n<meta property=\"og:type\" content=\"article\" \/>\n<meta property=\"og:title\" content=\"Obras en el sector La Granja en v\u00eda del Cusiana, entre paros, despido de trabajadores y sanciones al contratista - \u25b7 Noticias de Casanare : Martha Cifuentes | Casanare\" \/>\n<meta property=\"og:description\" content=\"A pesar de que a los trabajadores del sector de La Granja en la v\u00eda del Cusiana les cancelaron sus salarios, contin\u00faa el paro iniciado hace dos d\u00edas por varias inconformidades por el manejo de temas laborales y supuesto maltrato de cierto personal. Se exigi\u00f3 el pago oportuno, la entrega adecuada de la dotaci\u00f3n con &hellip;\" \/>\n<meta property=\"og:url\" content=\"https:\/\/marthacifuentes.com\/portada\/obras-en-el-sector-la-granja-en-via-del-cusiana-entre-paros-despido-de-trabajadores-y-sanciones-al-contratista\/\" \/>\n<meta property=\"og:site_name\" content=\"\u25b7 Noticias de Casanare : Martha Cifuentes | Casanare\" \/>\n<meta property=\"article:published_time\" content=\"2022-09-09T01:05:30+00:00\" \/>\n<meta property=\"og:image\" content=\"https:\/\/marthacifuentes.com\/portada\/wp-content\/uploads\/2022\/09\/VIA-DEL-CUSIANA-PARO.jpg\" \/>\n\t<meta property=\"og:image:width\" content=\"619\" \/>\n\t<meta property=\"og:image:height\" content=\"387\" \/>\n\t<meta property=\"og:image:type\" content=\"image\/jpeg\" \/>\n<meta name=\"author\" content=\"Martha Cifuentes\" \/>\n<meta name=\"twitter:card\" content=\"summary_large_image\" \/>\n<meta name=\"twitter:label1\" content=\"Escrito por\" \/>\n\t<meta name=\"twitter:data1\" content=\"Martha Cifuentes\" \/>\n\t<meta name=\"twitter:label2\" content=\"Tiempo de lectura\" \/>\n\t<meta name=\"twitter:data2\" content=\"2 minutos\" \/>\n<script type=\"application\/ld+json\" class=\"yoast-schema-graph\">{\"@context\":\"https:\/\/schema.org\",\"@graph\":[{\"@type\":\"WebPage\",\"@id\":\"https:\/\/marthacifuentes.com\/portada\/obras-en-el-sector-la-granja-en-via-del-cusiana-entre-paros-despido-de-trabajadores-y-sanciones-al-contratista\/\",\"url\":\"https:\/\/marthacifuentes.com\/portada\/obras-en-el-sector-la-granja-en-via-del-cusiana-entre-paros-despido-de-trabajadores-y-sanciones-al-contratista\/\",\"name\":\"Obras en el sector La Granja en v\u00eda del Cusiana, entre paros, despido de trabajadores y sanciones al contratista - \u25b7 Noticias de Casanare : Martha Cifuentes | Casanare\",\"isPartOf\":{\"@id\":\"https:\/\/marthacifuentes.com\/portada\/#website\"},\"primaryImageOfPage\":{\"@id\":\"https:\/\/marthacifuentes.com\/portada\/obras-en-el-sector-la-granja-en-via-del-cusiana-entre-paros-despido-de-trabajadores-y-sanciones-al-contratista\/#primaryimage\"},\"image\":{\"@id\":\"https:\/\/marthacifuentes.com\/portada\/obras-en-el-sector-la-granja-en-via-del-cusiana-entre-paros-despido-de-trabajadores-y-sanciones-al-contratista\/#primaryimage\"},\"thumbnailUrl\":\"https:\/\/marthacifuentes.com\/portada\/wp-content\/uploads\/2022\/09\/VIA-DEL-CUSIANA-PARO.jpg\",\"datePublished\":\"2022-09-09T01:05:30+00:00\",\"author\":{\"@id\":\"https:\/\/marthacifuentes.com\/portada\/#\/schema\/person\/57f53174b991db5f90ff78d58502b714\"},\"breadcrumb\":{\"@id\":\"https:\/\/marthacifuentes.com\/portada\/obras-en-el-sector-la-granja-en-via-del-cusiana-entre-paros-despido-de-trabajadores-y-sanciones-al-contratista\/#breadcrumb\"},\"inLanguage\":\"es\",\"potentialAction\":[{\"@type\":\"ReadAction\",\"target\":[\"https:\/\/marthacifuentes.com\/portada\/obras-en-el-sector-la-granja-en-via-del-cusiana-entre-paros-despido-de-trabajadores-y-sanciones-al-contratista\/\"]}]},{\"@type\":\"ImageObject\",\"inLanguage\":\"es\",\"@id\":\"https:\/\/marthacifuentes.com\/portada\/obras-en-el-sector-la-granja-en-via-del-cusiana-entre-paros-despido-de-trabajadores-y-sanciones-al-contratista\/#primaryimage\",\"url\":\"https:\/\/marthacifuentes.com\/portada\/wp-content\/uploads\/2022\/09\/VIA-DEL-CUSIANA-PARO.jpg\",\"contentUrl\":\"https:\/\/marthacifuentes.com\/portada\/wp-content\/uploads\/2022\/09\/VIA-DEL-CUSIANA-PARO.jpg\",\"width\":619,\"height\":387},{\"@type\":\"BreadcrumbList\",\"@id\":\"https:\/\/marthacifuentes.com\/portada\/obras-en-el-sector-la-granja-en-via-del-cusiana-entre-paros-despido-de-trabajadores-y-sanciones-al-contratista\/#breadcrumb\",\"itemListElement\":[{\"@type\":\"ListItem\",\"position\":1,\"name\":\"Portada\",\"item\":\"https:\/\/marthacifuentes.com\/portada\/\"},{\"@type\":\"ListItem\",\"position\":2,\"name\":\"Obras en el sector La Granja en v\u00eda del Cusiana, entre paros, despido de trabajadores y sanciones al contratista\"}]},{\"@type\":\"WebSite\",\"@id\":\"https:\/\/marthacifuentes.com\/portada\/#website\",\"url\":\"https:\/\/marthacifuentes.com\/portada\/\",\"name\":\"\u25b7 Noticias de Casanare : Martha Cifuentes | Casanare\",\"description\":\"Noticias &amp; Contenidos\",\"potentialAction\":[{\"@type\":\"SearchAction\",\"target\":{\"@type\":\"EntryPoint\",\"urlTemplate\":\"https:\/\/marthacifuentes.com\/portada\/?s={search_term_string}\"},\"query-input\":{\"@type\":\"PropertyValueSpecification\",\"valueRequired\":true,\"valueName\":\"search_term_string\"}}],\"inLanguage\":\"es\"},{\"@type\":\"Person\",\"@id\":\"https:\/\/marthacifuentes.com\/portada\/#\/schema\/person\/57f53174b991db5f90ff78d58502b714\",\"name\":\"Martha Cifuentes\",\"image\":{\"@type\":\"ImageObject\",\"inLanguage\":\"es\",\"@id\":\"https:\/\/marthacifuentes.com\/portada\/#\/schema\/person\/image\/\",\"url\":\"http:\/\/marthacifuentes.com\/portada\/wp-content\/uploads\/2018\/06\/avatar_user_2_1528838701-96x96.jpg\",\"contentUrl\":\"http:\/\/marthacifuentes.com\/portada\/wp-content\/uploads\/2018\/06\/avatar_user_2_1528838701-96x96.jpg\",\"caption\":\"Martha Cifuentes\"},\"sameAs\":[\"http:\/\/www.marthacifuentes.com\"],\"url\":\"https:\/\/marthacifuentes.com\/portada\/author\/martha\/\"}]}<\/script>\n<!-- \/ Yoast SEO plugin. -->","yoast_head_json":{"title":"Obras en el sector La Granja en v\u00eda del Cusiana, entre paros, despido de trabajadores y sanciones al contratista - \u25b7 Noticias de Casanare : Martha Cifuentes | Casanare","robots":{"index":"index","follow":"follow","max-snippet":"max-snippet:-1","max-image-preview":"max-image-preview:large","max-video-preview":"max-video-preview:-1"},"canonical":"https:\/\/marthacifuentes.com\/portada\/obras-en-el-sector-la-granja-en-via-del-cusiana-entre-paros-despido-de-trabajadores-y-sanciones-al-contratista\/","og_locale":"es_ES","og_type":"article","og_title":"Obras en el sector La Granja en v\u00eda del Cusiana, entre paros, despido de trabajadores y sanciones al contratista - \u25b7 Noticias de Casanare : Martha Cifuentes | Casanare","og_description":"A pesar de que a los trabajadores del sector de La Granja en la v\u00eda del Cusiana les cancelaron sus salarios, contin\u00faa el paro iniciado hace dos d\u00edas por varias inconformidades por el manejo de temas laborales y supuesto maltrato de cierto personal. Se exigi\u00f3 el pago oportuno, la entrega adecuada de la dotaci\u00f3n con &hellip;","og_url":"https:\/\/marthacifuentes.com\/portada\/obras-en-el-sector-la-granja-en-via-del-cusiana-entre-paros-despido-de-trabajadores-y-sanciones-al-contratista\/","og_site_name":"\u25b7 Noticias de Casanare : Martha Cifuentes | Casanare","article_published_time":"2022-09-09T01:05:30+00:00","og_image":[{"width":619,"height":387,"url":"https:\/\/marthacifuentes.com\/portada\/wp-content\/uploads\/2022\/09\/VIA-DEL-CUSIANA-PARO.jpg","type":"image\/jpeg"}],"author":"Martha Cifuentes","twitter_card":"summary_large_image","twitter_misc":{"Escrito por":"Martha Cifuentes","Tiempo de lectura":"2 minutos"},"schema":{"@context":"https:\/\/schema.org","@graph":[{"@type":"WebPage","@id":"https:\/\/marthacifuentes.com\/portada\/obras-en-el-sector-la-granja-en-via-del-cusiana-entre-paros-despido-de-trabajadores-y-sanciones-al-contratista\/","url":"https:\/\/marthacifuentes.com\/portada\/obras-en-el-sector-la-granja-en-via-del-cusiana-entre-paros-despido-de-trabajadores-y-sanciones-al-contratista\/","name":"Obras en el sector La Granja en v\u00eda del Cusiana, entre paros, despido de trabajadores y sanciones al contratista - \u25b7 Noticias de Casanare : Martha Cifuentes | Casanare","isPartOf":{"@id":"https:\/\/marthacifuentes.com\/portada\/#website"},"primaryImageOfPage":{"@id":"https:\/\/marthacifuentes.com\/portada\/obras-en-el-sector-la-granja-en-via-del-cusiana-entre-paros-despido-de-trabajadores-y-sanciones-al-contratista\/#primaryimage"},"image":{"@id":"https:\/\/marthacifuentes.com\/portada\/obras-en-el-sector-la-granja-en-via-del-cusiana-entre-paros-despido-de-trabajadores-y-sanciones-al-contratista\/#primaryimage"},"thumbnailUrl":"https:\/\/marthacifuentes.com\/portada\/wp-content\/uploads\/2022\/09\/VIA-DEL-CUSIANA-PARO.jpg","datePublished":"2022-09-09T01:05:30+00:00","author":{"@id":"https:\/\/marthacifuentes.com\/portada\/#\/schema\/person\/57f53174b991db5f90ff78d58502b714"},"breadcrumb":{"@id":"https:\/\/marthacifuentes.com\/portada\/obras-en-el-sector-la-granja-en-via-del-cusiana-entre-paros-despido-de-trabajadores-y-sanciones-al-contratista\/#breadcrumb"},"inLanguage":"es","potentialAction":[{"@type":"ReadAction","target":["https:\/\/marthacifuentes.com\/portada\/obras-en-el-sector-la-granja-en-via-del-cusiana-entre-paros-despido-de-trabajadores-y-sanciones-al-contratista\/"]}]},{"@type":"ImageObject","inLanguage":"es","@id":"https:\/\/marthacifuentes.com\/portada\/obras-en-el-sector-la-granja-en-via-del-cusiana-entre-paros-despido-de-trabajadores-y-sanciones-al-contratista\/#primaryimage","url":"https:\/\/marthacifuentes.com\/portada\/wp-content\/uploads\/2022\/09\/VIA-DEL-CUSIANA-PARO.jpg","contentUrl":"https:\/\/marthacifuentes.com\/portada\/wp-content\/uploads\/2022\/09\/VIA-DEL-CUSIANA-PARO.jpg","width":619,"height":387},{"@type":"BreadcrumbList","@id":"https:\/\/marthacifuentes.com\/portada\/obras-en-el-sector-la-granja-en-via-del-cusiana-entre-paros-despido-de-trabajadores-y-sanciones-al-contratista\/#breadcrumb","itemListElement":[{"@type":"ListItem","position":1,"name":"Portada","item":"https:\/\/marthacifuentes.com\/portada\/"},{"@type":"ListItem","position":2,"name":"Obras en el sector La Granja en v\u00eda del Cusiana, entre paros, despido de trabajadores y sanciones al contratista"}]},{"@type":"WebSite","@id":"https:\/\/marthacifuentes.com\/portada\/#website","url":"https:\/\/marthacifuentes.com\/portada\/","name":"\u25b7 Noticias de Casanare : Martha Cifuentes | Casanare","description":"Noticias &amp; Contenidos","potentialAction":[{"@type":"SearchAction","target":{"@type":"EntryPoint","urlTemplate":"https:\/\/marthacifuentes.com\/portada\/?s={search_term_string}"},"query-input":{"@type":"PropertyValueSpecification","valueRequired":true,"valueName":"search_term_string"}}],"inLanguage":"es"},{"@type":"Person","@id":"https:\/\/marthacifuentes.com\/portada\/#\/schema\/person\/57f53174b991db5f90ff78d58502b714","name":"Martha Cifuentes","image":{"@type":"ImageObject","inLanguage":"es","@id":"https:\/\/marthacifuentes.com\/portada\/#\/schema\/person\/image\/","url":"http:\/\/marthacifuentes.com\/portada\/wp-content\/uploads\/2018\/06\/avatar_user_2_1528838701-96x96.jpg","contentUrl":"http:\/\/marthacifuentes.com\/portada\/wp-content\/uploads\/2018\/06\/avatar_user_2_1528838701-96x96.jpg","caption":"Martha Cifuentes"},"sameAs":["http:\/\/www.marthacifuentes.com"],"url":"https:\/\/marthacifuentes.com\/portada\/author\/martha\/"}]}},"_links":{"self":[{"href":"https:\/\/marthacifuentes.com\/portada\/wp-json\/wp\/v2\/posts\/29926","targetHints":{"allow":["GET"]}}],"collection":[{"href":"https:\/\/marthacifuentes.com\/portada\/wp-json\/wp\/v2\/posts"}],"about":[{"href":"https:\/\/marthacifuentes.com\/portada\/wp-json\/wp\/v2\/types\/post"}],"author":[{"embeddable":true,"href":"https:\/\/marthacifuentes.com\/portada\/wp-json\/wp\/v2\/users\/2"}],"replies":[{"embeddable":true,"href":"https:\/\/marthacifuentes.com\/portada\/wp-json\/wp\/v2\/comments?post=29926"}],"version-history":[{"count":1,"href":"https:\/\/marthacifuentes.com\/portada\/wp-json\/wp\/v2\/posts\/29926\/revisions"}],"predecessor-version":[{"id":29929,"href":"https:\/\/marthacifuentes.com\/portada\/wp-json\/wp\/v2\/posts\/29926\/revisions\/29929"}],"wp:featuredmedia":[{"embeddable":true,"href":"https:\/\/marthacifuentes.com\/portada\/wp-json\/wp\/v2\/media\/29927"}],"wp:attachment":[{"href":"https:\/\/marthacifuentes.com\/portada\/wp-json\/wp\/v2\/media?parent=29926"}],"wp:term":[{"taxonomy":"category","embeddable":true,"href":"https:\/\/marthacifuentes.com\/portada\/wp-json\/wp\/v2\/categories?post=29926"},{"taxonomy":"post_tag","embeddable":true,"href":"https:\/\/marthacifuentes.com\/portada\/wp-json\/wp\/v2\/tags?post=29926"}],"curies":[{"name":"wp","href":"https:\/\/api.w.org\/{rel}","templated":true}]}}