{"id":30003,"date":"2022-09-20T11:51:27","date_gmt":"2022-09-20T16:51:27","guid":{"rendered":"https:\/\/marthacifuentes.com\/portada\/?p=30003"},"modified":"2022-09-20T11:51:27","modified_gmt":"2022-09-20T16:51:27","slug":"exdirector-de-la-defensoria-militar-involucrado-en-falso-positivo-de-pore-casanare-aceptado-en-la-jep","status":"publish","type":"post","link":"https:\/\/marthacifuentes.com\/portada\/exdirector-de-la-defensoria-militar-involucrado-en-falso-positivo-de-pore-casanare-aceptado-en-la-jep\/","title":{"rendered":"Exdirector de la Defensor\u00eda Militar involucrado en falso positivo de Pore, Casanare, aceptado en la JEP."},"content":{"rendered":"<p style=\"text-align: justify;\">La\u00a0<strong>Sala de Definici\u00f3n de Situaciones Jur\u00eddicas de la Jurisdicci\u00f3n Especial para la Paz<\/strong>\u00a0acept\u00f3 en esa justicia al\u00a0<strong>general (r) Emilio Enrique Torres Ariza<\/strong>, exdirector de la Defensor\u00eda Militar, quien est\u00e1 involucrado a casos de\u00a0<strong>falsos positivos<\/strong>\u00a0en el departamento del\u00a0<strong>Casanare<\/strong>\u00a0en el a\u00f1o 2006.<\/p>\n<p style=\"text-align: justify;\">Militares han mencionado directamente a Torres Ariza en casos de ejecuciones extrajudiciales, as\u00ed como del asesinato de Jair Tarache en zona rural del municipio de Pore, Casanare.<\/p>\n<p style=\"text-align: justify;\">En el documento en que la Jurisdicci\u00f3n Especial para la Paz acepta su sometimiento tambi\u00e9n le da al general (r) Emilio Enrique Torres Ariza un plazo de 15 d\u00edas para que entregue un plan completo y detallado sobre su aporte de verdad superior al que ya se conoce en la justicia ordinaria. Tambi\u00e9n deber\u00e1 indicar si acepta o no su responsabilidad por los casos de falsos positivos y entregue detalles del asesinato de Jair Tarache.<\/p>\n<p style=\"text-align: justify;\">La JEP tambi\u00e9n orden\u00f3 que la justicia ordinaria suspenda toda actuaci\u00f3n en los procesos que ahora son competencia de la justicia especial, eso si los magistrados le indican al exdirector de la Defensor\u00eda Militar que si incumple alguna solicitud su sometimiento puede ser revocado en cualquier momento.<\/p>\n<h2 style=\"text-align: justify;\"><strong>Otras noticias\u2026<\/strong><\/h2>\n<blockquote class=\"wp-embedded-content\" data-secret=\"aC1Atfzyrd\"><p><a href=\"https:\/\/marthacifuentes.com\/portada\/2022\/09\/20\/capturado-abusador-sexual-de-su-hija-biologica-de-2-anos-en-resguardo-indigena-de-paz-de-ariporo\/\">Capturado abusador sexual de su hija biol\u00f3gica de 2 a\u00f1os en resguardo ind\u00edgena de Paz de Ariporo.<\/a><\/p><\/blockquote>\n<p><iframe loading=\"lazy\" class=\"wp-embedded-content\" sandbox=\"allow-scripts\" security=\"restricted\" style=\"position: absolute; clip: rect(1px, 1px, 1px, 1px);\" title=\"\u00abCapturado abusador sexual de su hija biol\u00f3gica de 2 a\u00f1os en resguardo ind\u00edgena de Paz de Ariporo.\u00bb \u2014 \u25b7 Noticias de Casanare : Martha Cifuentes | Casanare\" src=\"https:\/\/marthacifuentes.com\/portada\/2022\/09\/20\/capturado-abusador-sexual-de-su-hija-biologica-de-2-anos-en-resguardo-indigena-de-paz-de-ariporo\/embed\/#?secret=RC8Fnvn7C4#?secret=aC1Atfzyrd\" data-secret=\"aC1Atfzyrd\" width=\"500\" height=\"282\" frameborder=\"0\" marginwidth=\"0\" marginheight=\"0\" scrolling=\"no\"><\/iframe><\/p>\n<p><iframe loading=\"lazy\" class=\"wp-embedded-content\" title=\"\u00abRi\u00f1as y muertos en fin de semana de amor y amistad en Yopal. Mot\u00edn en carceleta de Villanueva y capturas de delincuentes comunes, en balance policial de Casanare.\u00bb \u2014 \u25b7 Noticias de Casanare : Martha Cifuentes | Casanare\" src=\"https:\/\/marthacifuentes.com\/portada\/2022\/09\/20\/rinas-y-muertos-en-fin-de-semana-de-amor-y-amistad-en-yopal-motin-en-carceleta-de-villanueva-y-capturas-de-delincuentes-comunes-en-balance-policial-de-casanare\/embed\/#?secret=SKWfiHBCVE#?secret=HXdqiE22KD\" width=\"600\" height=\"657\" frameborder=\"0\" marginwidth=\"0\" marginheight=\"0\" scrolling=\"no\" sandbox=\"allow-scripts\" data-secret=\"HXdqiE22KD\" data-mce-fragment=\"1\"><\/iframe><\/p>\n<p><iframe loading=\"lazy\" class=\"wp-embedded-content\" title=\"\u00abNueva planta modular, ahora para tratar basuras, en relleno sanitario en Yopal, plantea la EAAAY. Algo huele mal: Comunidad La Niata.\u00bb \u2014 \u25b7 Noticias de Casanare : Martha Cifuentes | Casanare\" src=\"https:\/\/marthacifuentes.com\/portada\/2022\/09\/20\/nueva-planta-modular-ahora-para-tratar-basuras-en-relleno-sanitario-en-yopal-plantea-la-eaaay-algo-huele-mal-comunidad-la-niata\/embed\/#?secret=VSEFFA3QAq#?secret=s74feHq0ey\" width=\"600\" height=\"649\" frameborder=\"0\" marginwidth=\"0\" marginheight=\"0\" scrolling=\"no\" sandbox=\"allow-scripts\" data-secret=\"s74feHq0ey\" data-mce-fragment=\"1\"><\/iframe><\/p>\n<p><iframe loading=\"lazy\" class=\"wp-embedded-content\" title=\"\u00abAtraco a media noche a bus de Los Libertadores en v\u00eda Yopal-Arauca\u00bb \u2014 \u25b7 Noticias de Casanare : Martha Cifuentes | Casanare\" src=\"https:\/\/marthacifuentes.com\/portada\/2022\/09\/20\/atraco-a-media-noche-a-bus-de-los-libertadores-en-via-yopal-arauca\/embed\/#?secret=YIOxPfKaKu#?secret=I8tUnODXhb\" width=\"600\" height=\"599\" frameborder=\"0\" marginwidth=\"0\" marginheight=\"0\" scrolling=\"no\" sandbox=\"allow-scripts\" data-secret=\"I8tUnODXhb\" data-mce-fragment=\"1\"><\/iframe><\/p>\n<p><iframe loading=\"lazy\" class=\"wp-embedded-content\" title=\"\u00abTraumatismos en la movilidad por intervenciones en la Glorieta de la calle 30 y del intercambiador vial de la Marginal\u00bb \u2014 \u25b7 Noticias de Casanare : Martha Cifuentes | Casanare\" src=\"https:\/\/marthacifuentes.com\/portada\/2022\/09\/15\/traumatismos-en-la-movilidad-por-intervenciones-en-la-glorieta-de-la-calle-30-y-del-intercambiador-vial-de-la-marginal\/embed\/#?secret=c2aCE9LK3T#?secret=CupycJgPoP\" width=\"600\" height=\"628\" frameborder=\"0\" marginwidth=\"0\" marginheight=\"0\" scrolling=\"no\" sandbox=\"allow-scripts\" data-secret=\"CupycJgPoP\" data-mce-fragment=\"1\"><\/iframe><\/p>\n<p><iframe loading=\"lazy\" class=\"wp-embedded-content\" title=\"\u00abPor revelar detalles in\u00e9ditos la JEP dej\u00f3 en libertad a victimario de campesino en Aguazul (falso positivo)\u00bb \u2014 \u25b7 Noticias de Casanare : Martha Cifuentes | Casanare\" src=\"https:\/\/marthacifuentes.com\/portada\/2022\/09\/15\/por-revelar-detalles-ineditos-la-jep-dejo-en-libertad-a-victimario-de-campesino-en-aguazul-falso-positivo\/embed\/#?secret=7xKlUMAYoO#?secret=MMRFb7M2YN\" width=\"600\" height=\"599\" frameborder=\"0\" marginwidth=\"0\" marginheight=\"0\" scrolling=\"no\" sandbox=\"allow-scripts\" data-secret=\"MMRFb7M2YN\" data-mce-fragment=\"1\"><\/iframe><\/p>\n<p><iframe loading=\"lazy\" class=\"wp-embedded-content\" title=\"\u00abCapturado en Villanueva presunto homicida de vendedor ambulante en Monterrey\u00bb \u2014 \u25b7 Noticias de Casanare : Martha Cifuentes | Casanare\" src=\"https:\/\/marthacifuentes.com\/portada\/2022\/09\/15\/capturado-en-villanueva-presunto-homicida-de-vendedor-ambulante-en-monterrey\/embed\/#?secret=Xxf3Z9oZbp#?secret=Fz9FtgAR0x\" width=\"600\" height=\"584\" frameborder=\"0\" marginwidth=\"0\" marginheight=\"0\" scrolling=\"no\" sandbox=\"allow-scripts\" data-secret=\"Fz9FtgAR0x\" data-mce-fragment=\"1\"><\/iframe><\/p>\n<p><iframe loading=\"lazy\" class=\"wp-embedded-content\" title=\"\u00abGobernadores de Casanare y Meta piden a fuerza p\u00fablica acciones contundentes contra Clan del Golfo. No se quiere repetir terror\u00edfica historia pasada.\u00bb \u2014 \u25b7 Noticias de Casanare : Martha Cifuentes | Casanare\" src=\"https:\/\/marthacifuentes.com\/portada\/2022\/09\/15\/gobernadores-de-casanare-y-meta-piden-a-fuerza-publica-acciones-contundentes-contra-clan-del-golfo-no-se-quiere-repetir-terrorifica-historia-pasada\/embed\/#?secret=vci2kMyZSI#?secret=1UmQGLXHBW\" width=\"600\" height=\"649\" frameborder=\"0\" marginwidth=\"0\" marginheight=\"0\" scrolling=\"no\" sandbox=\"allow-scripts\" data-secret=\"1UmQGLXHBW\" data-mce-fragment=\"1\"><\/iframe><\/p>\n<p><iframe loading=\"lazy\" class=\"wp-embedded-content\" title=\"\u00abPliego de cargos contra alcaldesa de Paz de Ariporo por supuesta irregularidad en nombramiento de secretaria de salud.\u00bb \u2014 \u25b7 Noticias de Casanare : Martha Cifuentes | Casanare\" src=\"https:\/\/marthacifuentes.com\/portada\/2022\/09\/14\/pliego-de-cargos-contra-alcaldesa-de-paz-de-ariporo-por-supuesta-irregularidad-en-nombramiento-de-secretaria-de-salud\/embed\/#?secret=8atHUJ3jEI#?secret=fAYba0JWNC\" width=\"600\" height=\"649\" frameborder=\"0\" marginwidth=\"0\" marginheight=\"0\" scrolling=\"no\" sandbox=\"allow-scripts\" data-secret=\"fAYba0JWNC\" data-mce-fragment=\"1\"><\/iframe><\/p>\n<p><iframe loading=\"lazy\" class=\"wp-embedded-content\" title=\"\u00abPor en\u00e9sima vez capturado redomado ladr\u00f3n alias \u201cR\u00edosucio\u201d en Yopal\u00bb \u2014 \u25b7 Noticias de Casanare : Martha Cifuentes | Casanare\" src=\"https:\/\/marthacifuentes.com\/portada\/2022\/09\/14\/por-enesima-vez-capturado-redomado-ladron-alias-riosucio-en-yopal\/embed\/#?secret=3Ka2ggEwQ7#?secret=3Pv9AOXM41\" width=\"600\" height=\"600\" frameborder=\"0\" marginwidth=\"0\" marginheight=\"0\" scrolling=\"no\" sandbox=\"allow-scripts\" data-secret=\"3Pv9AOXM41\" data-mce-fragment=\"1\"><\/iframe><\/p>\n<p><iframe loading=\"lazy\" class=\"wp-embedded-content\" title=\"\u00abA la c\u00e1rcel, por tortura y homicidio, agravados, presuntos asesinos de l\u00edder social y m\u00e9dica Luz Marina Arteaga\u00bb \u2014 \u25b7 Noticias de Casanare : Martha Cifuentes | Casanare\" src=\"https:\/\/marthacifuentes.com\/portada\/2022\/09\/14\/a-la-carcel-por-tortura-y-homicidio-agravados-presuntos-asesinos-de-lider-social-y-medica-luz-marina-arteaga\/embed\/#?secret=Yt4Z0nrU2G#?secret=DjqrDgDCci\" width=\"600\" height=\"601\" frameborder=\"0\" marginwidth=\"0\" marginheight=\"0\" scrolling=\"no\" sandbox=\"allow-scripts\" data-secret=\"DjqrDgDCci\" data-mce-fragment=\"1\"><\/iframe><\/p>\n<p><iframe loading=\"lazy\" class=\"wp-embedded-content\" title=\"\u00abEl \u00faltimo adi\u00f3s a Fabio Betancourt en Trinidad. Familia y amigos lo despidieron.\u00bb \u2014 \u25b7 Noticias de Casanare : Martha Cifuentes | Casanare\" src=\"https:\/\/marthacifuentes.com\/portada\/2022\/09\/14\/el-ultimo-adios-a-fabio-betancourt-en-trinidad-familia-y-amigos-lo-despidieron\/embed\/#?secret=zo1UeroH0T#?secret=QszwAAUvDq\" width=\"600\" height=\"610\" frameborder=\"0\" marginwidth=\"0\" marginheight=\"0\" scrolling=\"no\" sandbox=\"allow-scripts\" data-secret=\"QszwAAUvDq\" data-mce-fragment=\"1\"><\/iframe><\/p>\n<p><iframe loading=\"lazy\" class=\"wp-embedded-content\" title=\"\u00abCerca de la mitad de los habitantes de Yopal no tienen con qu\u00e9 comer. Seg\u00fan la Alcald\u00eda de Yopal viven en la pobreza.\u00bb \u2014 \u25b7 Noticias de Casanare : Martha Cifuentes | Casanare\" src=\"https:\/\/marthacifuentes.com\/portada\/2022\/09\/13\/cerca-de-la-mitad-de-los-habitantes-de-yopal-no-tienen-con-que-comer-segun-la-alcaldia-de-yopal-viven-en-la-pobreza\/embed\/#?secret=DU928kYgre#?secret=PfDfBSb4Lb\" width=\"600\" height=\"649\" frameborder=\"0\" marginwidth=\"0\" marginheight=\"0\" scrolling=\"no\" sandbox=\"allow-scripts\" data-secret=\"PfDfBSb4Lb\" data-mce-fragment=\"1\"><\/iframe><\/p>\n<p><iframe loading=\"lazy\" class=\"wp-embedded-content\" title=\"\u00abOtras dos urbanizaciones piratas fueron legalizadas en Yopal.\u00bb \u2014 \u25b7 Noticias de Casanare : Martha Cifuentes | Casanare\" src=\"https:\/\/marthacifuentes.com\/portada\/2022\/09\/13\/otras-dos-urbanizaciones-piratas-fueron-legalizadas-en-yopal\/embed\/#?secret=AHqFU0lc9q#?secret=d0jdbvlbn3\" width=\"600\" height=\"621\" frameborder=\"0\" marginwidth=\"0\" marginheight=\"0\" scrolling=\"no\" sandbox=\"allow-scripts\" data-secret=\"d0jdbvlbn3\" data-mce-fragment=\"1\"><\/iframe><\/p>\n<p><iframe loading=\"lazy\" class=\"wp-embedded-content\" title=\"\u00abMin Educaci\u00f3n no tiene recursos para PAE, transporte escolar ni vigilancia en Yopal\u00bb \u2014 \u25b7 Noticias de Casanare : Martha Cifuentes | Casanare\" src=\"https:\/\/marthacifuentes.com\/portada\/2022\/09\/13\/min-educacion-no-tiene-recursos-para-pae-transporte-escolar-ni-vigilancia-en-yopal\/embed\/#?secret=BwXmhRdXD0#?secret=KW0mCyVRT9\" width=\"600\" height=\"619\" frameborder=\"0\" marginwidth=\"0\" marginheight=\"0\" scrolling=\"no\" sandbox=\"allow-scripts\" data-secret=\"KW0mCyVRT9\" data-mce-fragment=\"1\"><\/iframe><\/p>\n<p><iframe loading=\"lazy\" class=\"wp-embedded-content\" title=\"\u00abJoven muri\u00f3 mientras su compa\u00f1era qued\u00f3 malherida en accidente vial en moto en v\u00eda Pore-Yopal\u00bb \u2014 \u25b7 Noticias de Casanare : Martha Cifuentes | Casanare\" src=\"https:\/\/marthacifuentes.com\/portada\/2022\/09\/13\/joven-murio-mientras-su-companera-quedo-malherida-en-accidente-vial-en-moto-en-via-pore-yopal\/embed\/#?secret=3gc85lO6ul#?secret=NBz5nU1Gvi\" width=\"600\" height=\"621\" frameborder=\"0\" marginwidth=\"0\" marginheight=\"0\" scrolling=\"no\" sandbox=\"allow-scripts\" data-secret=\"NBz5nU1Gvi\" data-mce-fragment=\"1\"><\/iframe><\/p>\n<p><iframe loading=\"lazy\" class=\"wp-embedded-content\" title=\"\u00abAtracados empresarios de salud de Yopal\u00bb \u2014 \u25b7 Noticias de Casanare : Martha Cifuentes | Casanare\" src=\"https:\/\/marthacifuentes.com\/portada\/2022\/09\/12\/atracados-empresarios-de-salud-de-yopal\/embed\/#?secret=d3Ez8sUKOB#?secret=4RFxdBEFzj\" width=\"600\" height=\"592\" frameborder=\"0\" marginwidth=\"0\" marginheight=\"0\" scrolling=\"no\" sandbox=\"allow-scripts\" data-secret=\"4RFxdBEFzj\" data-mce-fragment=\"1\"><\/iframe><\/p>\n<p><iframe loading=\"lazy\" class=\"wp-embedded-content\" title=\"\u00abEn Paz de Ariporo, todo, menos PAZ. Delincuentes juegan con la justicia.\u00bb \u2014 \u25b7 Noticias de Casanare : Martha Cifuentes | Casanare\" src=\"https:\/\/marthacifuentes.com\/portada\/2022\/09\/12\/en-paz-de-ariporo-todo-menos-paz-delincuentes-juegan-con-la-justicia\/embed\/#?secret=LpF36pDaiR#?secret=CdUlXtU8lH\" width=\"600\" height=\"621\" frameborder=\"0\" marginwidth=\"0\" marginheight=\"0\" scrolling=\"no\" sandbox=\"allow-scripts\" data-secret=\"CdUlXtU8lH\" data-mce-fragment=\"1\"><\/iframe><\/p>\n<p><iframe loading=\"lazy\" class=\"wp-embedded-content\" title=\"\u00abJuez de Paz de Ariporo, v\u00edctima de ladrones, advierte que delincuente que caiga en sus manos ir\u00e1 a la c\u00e1rcel.\u00bb \u2014 \u25b7 Noticias de Casanare : Martha Cifuentes | Casanare\" src=\"https:\/\/marthacifuentes.com\/portada\/2022\/09\/08\/juez-de-paz-de-ariporo-victima-de-ladrones-advierte-que-delincuente-que-caiga-en-sus-manos-ira-a-la-carcel\/embed\/#?secret=RRdnMp8edM#?secret=wALUxPYKHg\" width=\"600\" height=\"600\" frameborder=\"0\" marginwidth=\"0\" marginheight=\"0\" scrolling=\"no\" sandbox=\"allow-scripts\" data-secret=\"wALUxPYKHg\" data-mce-fragment=\"1\"><\/iframe><\/p>\n<p><iframe loading=\"lazy\" class=\"wp-embedded-content\" title=\"\u00abObras en el sector La Granja en v\u00eda del Cusiana, entre paros, despido de trabajadores y sanciones al contratista\u00bb \u2014 \u25b7 Noticias de Casanare : Martha Cifuentes | Casanare\" src=\"https:\/\/marthacifuentes.com\/portada\/2022\/09\/08\/obras-en-el-sector-la-granja-en-via-del-cusiana-entre-paros-despido-de-trabajadores-y-sanciones-al-contratista\/embed\/#?secret=B2Zy2rVsij#?secret=DrjS7BUYX5\" width=\"600\" height=\"649\" frameborder=\"0\" marginwidth=\"0\" marginheight=\"0\" scrolling=\"no\" sandbox=\"allow-scripts\" data-secret=\"DrjS7BUYX5\" data-mce-fragment=\"1\"><\/iframe><\/p>\n<p><iframe loading=\"lazy\" class=\"wp-embedded-content\" title=\"\u00abAlcald\u00eda de Yopal autorizada para comprar o expropiar terrenos de La Bendici\u00f3n a la SAE, a trav\u00e9s de vigencias futuras\u00bb \u2014 \u25b7 Noticias de Casanare : Martha Cifuentes | Casanare\" src=\"https:\/\/marthacifuentes.com\/portada\/2022\/09\/08\/alcaldia-de-yopal-autorizada-para-comprar-o-expropiar-terrenos-de-la-bendicion-a-la-sae-a-traves-de-vigencias-futuras\/embed\/#?secret=Bu1ineadi9#?secret=GWZNRhwFK6\" width=\"600\" height=\"642\" frameborder=\"0\" marginwidth=\"0\" marginheight=\"0\" scrolling=\"no\" sandbox=\"allow-scripts\" data-secret=\"GWZNRhwFK6\" data-mce-fragment=\"1\"><\/iframe><\/p>\n<p><iframe loading=\"lazy\" class=\"wp-embedded-content\" title=\"\u00abPresuntos prestamistas de dinero \u00abgota a gota\u00bb fueron heridos en Man\u00ed. Clan del Golfo tendr\u00eda relaci\u00f3n.\u00bb \u2014 \u25b7 Noticias de Casanare : Martha Cifuentes | Casanare\" src=\"https:\/\/marthacifuentes.com\/portada\/2022\/09\/06\/presuntos-prestamistas-de-dinero-gota-a-gota-fueron-heridos-en-mani-clan-del-golfo-tendria-relacion\/embed\/#?secret=tATSzNGXmT#?secret=diiKhMZgxt\" width=\"600\" height=\"649\" frameborder=\"0\" marginwidth=\"0\" marginheight=\"0\" scrolling=\"no\" sandbox=\"allow-scripts\" data-secret=\"diiKhMZgxt\" data-mce-fragment=\"1\"><\/iframe><\/p>\n<p><iframe loading=\"lazy\" class=\"wp-embedded-content\" title=\"\u00abDefensa de exgobernador de Casanare Nelson Mari\u00f1o cuestiona testimonios de \u00abparas\u00bb que lo inculpan. Dice que no son cre\u00edbles.\u00bb \u2014 \u25b7 Noticias de Casanare : Martha Cifuentes | Casanare\" src=\"https:\/\/marthacifuentes.com\/portada\/2022\/09\/05\/defensa-de-exgobernador-de-casanare-nelson-marino-cuestiona-testimonios-de-paras-que-lo-inculpan-dice-que-no-son-creibles\/embed\/#?secret=5g8jJHuNXh#?secret=vsV95mHIAp\" width=\"600\" height=\"649\" frameborder=\"0\" marginwidth=\"0\" marginheight=\"0\" scrolling=\"no\" sandbox=\"allow-scripts\" data-secret=\"vsV95mHIAp\" data-mce-fragment=\"1\"><\/iframe><\/p>\n<p><iframe loading=\"lazy\" class=\"wp-embedded-content\" title=\"\u00abAlcald\u00eda de Man\u00ed volvi\u00f3 a suspender licitaci\u00f3n vial por $105 mil millones por supuesta orden de juez\u00bb \u2014 \u25b7 Noticias de Casanare : Martha Cifuentes | Casanare\" src=\"https:\/\/marthacifuentes.com\/portada\/2022\/09\/05\/alcaldia-de-mani-volvio-a-suspender-licitacion-vial-por-105-mil-millones-por-supuesta-orden-de-juez\/embed\/#?secret=Ugx4Wk9mi1#?secret=LBNQMSmWYm\" width=\"600\" height=\"571\" frameborder=\"0\" marginwidth=\"0\" marginheight=\"0\" scrolling=\"no\" sandbox=\"allow-scripts\" data-secret=\"LBNQMSmWYm\" data-mce-fragment=\"1\"><\/iframe><\/p>\n<p><iframe loading=\"lazy\" class=\"wp-embedded-content\" title=\"\u00abPor investigaci\u00f3n disciplinaria de la Procuradur\u00eda, en riesgo nombramiento de Arvey M\u00e9ndez, director de la UDGRD\u00bb \u2014 \u25b7 Noticias de Casanare : Martha Cifuentes | Casanare\" src=\"https:\/\/marthacifuentes.com\/portada\/2022\/08\/30\/por-investigacion-disciplinaria-de-la-procuraduria-en-riesgo-nombramiento-de-arvey-mendez-director-de-la-udgrd\/embed\/#?secret=Mbg3qG6vgN#?secret=RrBDPC2Y5U\" width=\"600\" height=\"649\" frameborder=\"0\" marginwidth=\"0\" marginheight=\"0\" scrolling=\"no\" sandbox=\"allow-scripts\" data-secret=\"RrBDPC2Y5U\" data-mce-fragment=\"1\"><\/iframe><\/p>\n<p><iframe loading=\"lazy\" class=\"wp-embedded-content\" title=\"\u00abQu\u00e9 fue lo no quiso decir el exgobernador de Casanare William P\u00e9rez y por lo cual la JEP rechaz\u00f3 su solicitud de sometimiento\u00bb \u2014 \u25b7 Noticias de Casanare : Martha Cifuentes | Casanare\" src=\"https:\/\/marthacifuentes.com\/portada\/2022\/08\/16\/que-fue-lo-no-quiso-decir-el-exgobernador-de-casanare-william-perez-y-por-lo-cual-la-jep-rechazo-su-solicitud-de-sometimiento\/embed\/#?secret=AEzEd7jRK9#?secret=oRSj323Cl1\" width=\"600\" height=\"649\" frameborder=\"0\" marginwidth=\"0\" marginheight=\"0\" scrolling=\"no\" sandbox=\"allow-scripts\" data-secret=\"oRSj323Cl1\" data-mce-fragment=\"1\"><\/iframe><\/p>\n<p><iframe loading=\"lazy\" class=\"wp-embedded-content\" title=\"\u00abM\u00e1s de 6 mil estudiantes de Casanare sin transporte escolar por l\u00edos contractuales de la Gobernaci\u00f3n\u00bb \u2014 \u25b7 Noticias de Casanare : Martha Cifuentes | Casanare\" src=\"https:\/\/marthacifuentes.com\/portada\/2022\/08\/05\/mas-de-6-mil-estudiantes-de-casanare-sin-transporte-escolar-por-lios-contractuales-de-la-gobernacion\/embed\/#?secret=Q3y4GOE4xq#?secret=k2qaNhfFSA\" width=\"600\" height=\"621\" frameborder=\"0\" marginwidth=\"0\" marginheight=\"0\" scrolling=\"no\" sandbox=\"allow-scripts\" data-secret=\"k2qaNhfFSA\" data-mce-fragment=\"1\"><\/iframe><\/p>\n<p><iframe loading=\"lazy\" class=\"wp-embedded-content\" title=\"\u00abAcci\u00f3n preventiva en licitaci\u00f3n de 105 mil de carretera de Man\u00ed pas\u00f3 a manos de Procuradur\u00eda General.\u00bb \u2014 \u25b7 Noticias de Casanare : Martha Cifuentes | Casanare\" src=\"https:\/\/marthacifuentes.com\/portada\/2022\/08\/03\/accion-preventiva-en-licitacion-de-105-mil-de-carretera-de-mani-paso-a-manos-de-procuraduria-general\/embed\/#?secret=FBUFoGxOzv#?secret=NPAZYjmM2y\" width=\"600\" height=\"620\" frameborder=\"0\" marginwidth=\"0\" marginheight=\"0\" scrolling=\"no\" sandbox=\"allow-scripts\" data-secret=\"NPAZYjmM2y\" data-mce-fragment=\"1\"><\/iframe><\/p>\n<p><iframe loading=\"lazy\" class=\"wp-embedded-content\" title=\"\u00abEn Man\u00ed se contratar\u00eda interventor\u00eda de multimillonaria contrataci\u00f3n de carretera no adjudicada\u00bb \u2014 \u25b7 Noticias de Casanare : Martha Cifuentes | Casanare\" src=\"https:\/\/marthacifuentes.com\/portada\/2022\/08\/03\/en-mani-se-contrataria-interventoria-de-multimillonaria-contratacion-de-carretera-no-adjudicada\/embed\/#?secret=y4DCWaDjnA#?secret=Bm0tbtJABx\" width=\"600\" height=\"583\" frameborder=\"0\" marginwidth=\"0\" marginheight=\"0\" scrolling=\"no\" sandbox=\"allow-scripts\" data-secret=\"Bm0tbtJABx\" data-mce-fragment=\"1\"><\/iframe><\/p>\n<p><iframe loading=\"lazy\" class=\"wp-embedded-content\" title=\"\u00abVuelve \u00abJhon Calzones\u00bb, ofreciendo doblar viviendas de La Bendici\u00f3n, en Yopal\u00bb \u2014 \u25b7 Noticias de Casanare : Martha Cifuentes | Casanare\" src=\"https:\/\/marthacifuentes.com\/portada\/2022\/08\/02\/vuelve-jhon-calzones-ofreciedo-doblar-viviendas-de-la-bendicion-en-yopal\/embed\/#?secret=wHk3izvgI4#?secret=tfv9qWAmOL\" width=\"600\" height=\"598\" frameborder=\"0\" marginwidth=\"0\" marginheight=\"0\" scrolling=\"no\" sandbox=\"allow-scripts\" data-secret=\"tfv9qWAmOL\" data-mce-fragment=\"1\"><\/iframe><\/p>\n<p><iframe loading=\"lazy\" class=\"wp-embedded-content\" title=\"\u00abProcuradur\u00eda formul\u00f3 pliego de cargos contra exalcalde de Yopal, Jorge Garc\u00eda Lizarazo, por convenio del Pimur\u00bb \u2014 \u25b7 Noticias de Casanare : Martha Cifuentes | Casanare\" src=\"https:\/\/marthacifuentes.com\/portada\/2022\/08\/01\/procuraduria-formulo-pliego-de-cargos-contra-exalcalde-de-yopal-jorge-garcia-lizarazo-por-convenio-del-pimur\/embed\/#?secret=63Q6UFkYxN#?secret=WlH69ecbsQ\" width=\"600\" height=\"628\" frameborder=\"0\" marginwidth=\"0\" marginheight=\"0\" scrolling=\"no\" sandbox=\"allow-scripts\" data-secret=\"WlH69ecbsQ\" data-mce-fragment=\"1\"><\/iframe><\/p>\n<p><iframe loading=\"lazy\" class=\"wp-embedded-content\" title=\"\u00abCon tutela se logra colar contratista en licitaci\u00f3n multimillonaria en Man\u00ed. Juez orden\u00f3 su habilitaci\u00f3n para participar del proceso.\u00bb \u2014 \u25b7 Noticias de Casanare : Martha Cifuentes | Casanare\" src=\"https:\/\/marthacifuentes.com\/portada\/2022\/07\/29\/con-tutela-se-logra-colar-contratista-en-licitacion-multimillonaria-en-mani-juez-ordeno-su-habilitacion-para-participar-del-proceso\/embed\/#?secret=SgmEdGZVn6#?secret=sMekk9bWZN\" width=\"600\" height=\"614\" frameborder=\"0\" marginwidth=\"0\" marginheight=\"0\" scrolling=\"no\" sandbox=\"allow-scripts\" data-secret=\"sMekk9bWZN\" data-mce-fragment=\"1\"><\/iframe><\/p>\n<p><iframe loading=\"lazy\" class=\"wp-embedded-content\" title=\"\u00abEn Man\u00ed asesinado otro ganadero. Viv\u00eda en finca Frontera, que es objeto de disputa territorial\u00bb \u2014 \u25b7 Noticias de Casanare : Martha Cifuentes | Casanare\" src=\"https:\/\/marthacifuentes.com\/portada\/2022\/07\/29\/en-mani-asesinado-otro-ganadero-vivia-en-finca-frontera-que-es-objeto-de-disputa-territorial\/embed\/#?secret=qOEEskB6Ju#?secret=cFQBZZAzAw\" width=\"600\" height=\"600\" frameborder=\"0\" marginwidth=\"0\" marginheight=\"0\" scrolling=\"no\" sandbox=\"allow-scripts\" data-secret=\"cFQBZZAzAw\" data-mce-fragment=\"1\"><\/iframe><\/p>\n<p><iframe loading=\"lazy\" class=\"wp-embedded-content\" title=\"\u00abPaz de Ariporo ya tiene designado alcalde ad hoc en relaci\u00f3n a proceso de revocatoria del mandato de la alcaldesa Eunice Escobar\u00bb \u2014 \u25b7 Noticias de Casanare : Martha Cifuentes | Casanare\" src=\"https:\/\/marthacifuentes.com\/portada\/2022\/07\/27\/paz-de-ariporo-ya-tiene-designado-alcalde-ad-hoc-en-relacion-a-proceso-de-revocatoria-del-mandato-de-la-alcaldesa-eunice-escobar\/embed\/#?secret=2SFkze7RRm#?secret=FlVMCWm3bO\" width=\"600\" height=\"649\" frameborder=\"0\" marginwidth=\"0\" marginheight=\"0\" scrolling=\"no\" sandbox=\"allow-scripts\" data-secret=\"FlVMCWm3bO\" data-mce-fragment=\"1\"><\/iframe><\/p>\n<p><iframe loading=\"lazy\" class=\"wp-embedded-content\" title=\"\u00abContratista de atenci\u00f3n a adulto mayor en Tauramena no le paga a sus empleados y proveedores\u00bb \u2014 \u25b7 Noticias de Casanare : Martha Cifuentes | Casanare\" src=\"https:\/\/marthacifuentes.com\/portada\/2022\/07\/26\/contratista-de-atencion-a-adulto-mayor-en-tauramena-no-le-paga-a-sus-empleados-y-proveedores\/embed\/#?secret=7hebe8G12d#?secret=iVDK3TNzpa\" width=\"600\" height=\"621\" frameborder=\"0\" marginwidth=\"0\" marginheight=\"0\" scrolling=\"no\" sandbox=\"allow-scripts\" data-secret=\"iVDK3TNzpa\" data-mce-fragment=\"1\"><\/iframe><\/p>\n<p><iframe loading=\"lazy\" class=\"wp-embedded-content\" title=\"\u00abUn joven muerto y dos heridos, de una misma familia, deja intento de requisa policial en Yopal. Padre dijo que hubo exceso de fuerza.\u00bb \u2014 \u25b7 Noticias de Casanare : Martha Cifuentes | Casanare\" src=\"https:\/\/marthacifuentes.com\/portada\/2022\/07\/26\/un-joven-muerto-y-dos-heridos-de-una-misma-familia-deja-intento-de-requisa-policial-en-yopal-padre-dijo-que-hubo-exceso-de-fuerza\/embed\/#?secret=lOW3B3DF9r#?secret=flnQH5H0SD\" width=\"600\" height=\"649\" frameborder=\"0\" marginwidth=\"0\" marginheight=\"0\" scrolling=\"no\" sandbox=\"allow-scripts\" data-secret=\"flnQH5H0SD\" data-mce-fragment=\"1\"><\/iframe><\/p>\n<p><iframe loading=\"lazy\" class=\"wp-embedded-content\" title=\"\u00abEn una calle de Yopal muri\u00f3 una mujer ind\u00edgena, por posible enfermedad\u00bb \u2014 \u25b7 Noticias de Casanare : Martha Cifuentes | Casanare\" src=\"https:\/\/marthacifuentes.com\/portada\/2022\/07\/26\/en-una-calle-de-yopal-murio-una-mujer-indigena-por-posible-enfermedad\/embed\/#?secret=r0svj0HZse#?secret=Bj1C9oUg93\" width=\"600\" height=\"599\" frameborder=\"0\" marginwidth=\"0\" marginheight=\"0\" scrolling=\"no\" sandbox=\"allow-scripts\" data-secret=\"Bj1C9oUg93\" data-mce-fragment=\"1\"><\/iframe><\/p>\n<p><iframe loading=\"lazy\" class=\"wp-embedded-content\" title=\"\u00abAlcaldes de Man\u00ed y Paz de Ariporo \u201cvelan\u201d por sus contratos, uno de 105 mil millones y otro de 42 mil millones, respectivamente.\u00bb \u2014 \u25b7 Noticias de Casanare : Martha Cifuentes | Casanare\" src=\"https:\/\/marthacifuentes.com\/portada\/2022\/07\/26\/alcaldes-de-mani-y-paz-de-ariporo-velan-por-sus-contratos-uno-de-105-mil-millones-y-otro-de-42-mil-millones-respectivamente\/embed\/#?secret=Of0cygVdMu#?secret=owDJ6Euopl\" width=\"600\" height=\"628\" frameborder=\"0\" marginwidth=\"0\" marginheight=\"0\" scrolling=\"no\" sandbox=\"allow-scripts\" data-secret=\"owDJ6Euopl\" data-mce-fragment=\"1\"><\/iframe><\/p>\n<p><iframe loading=\"lazy\" class=\"wp-embedded-content\" title=\"\u00abSangre de 303 inocentes personas ba\u00f1\u00f3 a Casanare en forma de falsos positivos. JEP imput\u00f3 cargos contra militares y civiles involucrados\u00bb \u2014 \u25b7 Noticias de Casanare : Martha Cifuentes | Casanare\" src=\"https:\/\/marthacifuentes.com\/portada\/2022\/07\/25\/sangre-de-303-inocentes-personas-bano-a-casanare-en-forma-de-falsos-positivos-jep-imputo-cargos-contra-militares-y-civiles-involucrados\/embed\/#?secret=o3Inb9VVwa#?secret=d4JwNFcHbv\" width=\"600\" height=\"596\" frameborder=\"0\" marginwidth=\"0\" marginheight=\"0\" scrolling=\"no\" sandbox=\"allow-scripts\" data-secret=\"d4JwNFcHbv\" data-mce-fragment=\"1\"><\/iframe><\/p>\n<p><iframe loading=\"lazy\" class=\"wp-embedded-content\" title=\"\u00abA expensas de ladrones, inescrupulosos y violencia, colegios p\u00fablicos de Yopal, por no contar con servicio de vigilancia\u00bb \u2014 \u25b7 Noticias de Casanare : Martha Cifuentes | Casanare\" src=\"https:\/\/marthacifuentes.com\/portada\/2022\/07\/25\/a-expensas-de-ladrones-inescrupulosos-y-violencia-colegios-publicos-de-yopal-por-no-contar-con-servicio-de-vigilancia\/embed\/#?secret=S4pHSMGupw#?secret=bF4Xsn4E9s\" width=\"600\" height=\"357\" frameborder=\"0\" marginwidth=\"0\" marginheight=\"0\" scrolling=\"no\" sandbox=\"allow-scripts\" data-secret=\"bF4Xsn4E9s\" data-mce-fragment=\"1\"><\/iframe><\/p>\n<p><iframe loading=\"lazy\" class=\"wp-embedded-content\" title=\"\u00abConsorcio Gaviotas no cumplir\u00eda requisitos para licitaci\u00f3n de $105 mil millones de Man\u00ed, asegura oferente excluido\u00bb \u2014 \u25b7 Noticias de Casanare : Martha Cifuentes | Casanare\" src=\"https:\/\/marthacifuentes.com\/portada\/2022\/07\/21\/consorcio-gaviotas-no-cumpliria-requisitos-para-licitacion-de-105-mil-millones-de-mani-asegura-oferente-excluido\/embed\/#?secret=s9tRxlbjOl#?secret=V91b2Nf0m5\" width=\"600\" height=\"583\" frameborder=\"0\" marginwidth=\"0\" marginheight=\"0\" scrolling=\"no\" sandbox=\"allow-scripts\" data-secret=\"V91b2Nf0m5\" data-mce-fragment=\"1\"><\/iframe><\/p>\n<p><iframe loading=\"lazy\" class=\"wp-embedded-content\" title=\"\u00abGobernaci\u00f3n de Casanare con apoyo de MinAgricultura entreg\u00f3 maquinaria para fortalecer ganaderos\u00bb \u2014 \u25b7 Noticias de Casanare : Martha Cifuentes | Casanare\" src=\"https:\/\/marthacifuentes.com\/portada\/2022\/07\/21\/gobernacion-de-casanare-con-apoyo-de-minagricultura-entrego-maquinaria-para-fortalecer-ganaderos\/embed\/#?secret=KrMTHoMS6F#?secret=XRZ3P3TyPm\" width=\"600\" height=\"593\" frameborder=\"0\" marginwidth=\"0\" marginheight=\"0\" scrolling=\"no\" sandbox=\"allow-scripts\" data-secret=\"XRZ3P3TyPm\" data-mce-fragment=\"1\"><\/iframe><\/p>\n<p><iframe loading=\"lazy\" class=\"wp-embedded-content\" title=\"\u00abEn vilo podr\u00eda quedar nombramiento de nuevo director de Gesti\u00f3n del Riesgo de Casanare por falsedad en documento p\u00fablico\u00bb \u2014 \u25b7 Noticias de Casanare : Martha Cifuentes | Casanare\" src=\"https:\/\/marthacifuentes.com\/portada\/2022\/07\/19\/en-vilo-podria-quedar-nombramiento-de-nuevo-director-de-gestion-del-riesgo-de-casanare-por-falsedad-en-documento-publico\/embed\/#?secret=iU397smojr#?secret=pHWQVJpW6X\" width=\"600\" height=\"649\" frameborder=\"0\" marginwidth=\"0\" marginheight=\"0\" scrolling=\"no\" sandbox=\"allow-scripts\" data-secret=\"pHWQVJpW6X\" data-mce-fragment=\"1\"><\/iframe><\/p>\n<p><iframe loading=\"lazy\" class=\"wp-embedded-content\" title=\"\u00abPor tutela, Juzgado orden\u00f3 al alcalde de Man\u00ed, suspender cuestionada licitaci\u00f3n de 105 mil millones de pesos de v\u00eda intermunicipal\u00bb \u2014 \u25b7 Noticias de Casanare : Martha Cifuentes | Casanare\" src=\"https:\/\/marthacifuentes.com\/portada\/2022\/07\/19\/por-tutela-juzgado-ordeno-al-alcalde-de-mani-suspender-cuestionada-licitacion-de-105-mil-millones-de-pesos-de-via-intermunicipal\/embed\/#?secret=QOOcyXz8pM#?secret=8KEMHqoWiT\" width=\"600\" height=\"614\" frameborder=\"0\" marginwidth=\"0\" marginheight=\"0\" scrolling=\"no\" sandbox=\"allow-scripts\" data-secret=\"8KEMHqoWiT\" data-mce-fragment=\"1\"><\/iframe><\/p>\n<p><iframe loading=\"lazy\" class=\"wp-embedded-content\" title=\"\u00abSellados 8 establecimientos p\u00fablicos de venta de alcohol en Yopal por alterar la tranquilidad .\u00bb \u2014 \u25b7 Noticias de Casanare : Martha Cifuentes | Casanare\" src=\"https:\/\/marthacifuentes.com\/portada\/2022\/07\/18\/sellados-8-establecimientos-publicos-de-venta-de-alcohol-en-yopal-por-alterar-la-tranquilidad\/embed\/#?secret=Waa5TynOeK#?secret=5MUO55jtTj\" width=\"600\" height=\"621\" frameborder=\"0\" marginwidth=\"0\" marginheight=\"0\" scrolling=\"no\" sandbox=\"allow-scripts\" data-secret=\"5MUO55jtTj\" data-mce-fragment=\"1\"><\/iframe><\/p>\n<p><iframe loading=\"lazy\" class=\"wp-embedded-content\" title=\"\u00abInaugurada pavimentaci\u00f3n de 11 km de v\u00eda Central del Llano en Man\u00ed, pero falt\u00f3 arreglar tramo lleno de huecos.\u00bb \u2014 \u25b7 Noticias de Casanare : Martha Cifuentes | Casanare\" src=\"https:\/\/marthacifuentes.com\/portada\/2022\/07\/18\/inaugurada-pavimentacion-de-11-km-de-via-central-del-llano-en-mani-pero-falto-arreglar-tramo-lleno-de-huecos\/embed\/#?secret=zzo9vDXPXg#?secret=LT9Nn4TOq4\" width=\"600\" height=\"628\" frameborder=\"0\" marginwidth=\"0\" marginheight=\"0\" scrolling=\"no\" sandbox=\"allow-scripts\" data-secret=\"LT9Nn4TOq4\" data-mce-fragment=\"1\"><\/iframe><\/p>\n<p><iframe loading=\"lazy\" class=\"wp-embedded-content\" title=\"\u00abV\u00eda del Cusiana tiene problemas geol\u00f3gicos, geot\u00e9cnicos y clim\u00e1ticos por ello se buscar\u00eda nuevo trazado: Director del Inv\u00edas\u00bb \u2014 \u25b7 Noticias de Casanare : Martha Cifuentes | Casanare\" src=\"https:\/\/marthacifuentes.com\/portada\/2022\/07\/18\/via-del-cusiana-tiene-problemas-geologicos-geotecnicos-y-climaticos-por-ello-se-buscaria-nuevo-trazado-director-del-invias\/embed\/#?secret=Ab8R5jBQYo#?secret=gXP4inhH5U\" width=\"600\" height=\"649\" frameborder=\"0\" marginwidth=\"0\" marginheight=\"0\" scrolling=\"no\" sandbox=\"allow-scripts\" data-secret=\"gXP4inhH5U\" data-mce-fragment=\"1\"><\/iframe><\/p>\n<p><iframe loading=\"lazy\" class=\"wp-embedded-content\" title=\"\u00abAlcalde de Man\u00ed y su secretario de obras, investigados por la Procuradur\u00eda por cobrar coimas para adjudicar contratos\u00bb \u2014 \u25b7 Noticias de Casanare : Martha Cifuentes | Casanare\" src=\"https:\/\/marthacifuentes.com\/portada\/2022\/07\/18\/alcalde-de-mani-y-su-secretario-de-obras-investigados-por-la-procuraduria-por-cobrar-coimas-para-adjudicar-contratos\/embed\/#?secret=VjYiSd5qyP#?secret=s8WC8Liwi4\" width=\"600\" height=\"357\" frameborder=\"0\" marginwidth=\"0\" marginheight=\"0\" scrolling=\"no\" sandbox=\"allow-scripts\" data-secret=\"s8WC8Liwi4\" data-mce-fragment=\"1\"><\/iframe><\/p>\n<p><iframe loading=\"lazy\" class=\"wp-embedded-content\" title=\"\u00abSenadora Amanda Gonz\u00e1lez cuestion\u00f3 a alcaldesa de Paz de Ariporo y Gobernador de Casanare por negligentes.\u00bb \u2014 \u25b7 Noticias de Casanare : Martha Cifuentes | Casanare\" src=\"https:\/\/marthacifuentes.com\/portada\/2022\/07\/18\/senadora-amanda-gonzalez-cuestiono-a-alcaldesa-de-paz-de-ariporo-y-gobernador-de-casanare-por-negligentes\/embed\/#?secret=V1BHJZftt6#?secret=5aM1AEGsta\" width=\"600\" height=\"613\" frameborder=\"0\" marginwidth=\"0\" marginheight=\"0\" scrolling=\"no\" sandbox=\"allow-scripts\" data-secret=\"5aM1AEGsta\" data-mce-fragment=\"1\"><\/iframe><\/p>\n<p><iframe loading=\"lazy\" class=\"wp-embedded-content\" title=\"\u00abPor negligentes, el gobernador de Casanare y gerente de Acuatodos sancionados por Juzgado de Yopal\u00bb \u2014 \u25b7 Noticias de Casanare : Martha Cifuentes | Casanare\" src=\"https:\/\/marthacifuentes.com\/portada\/2022\/07\/15\/por-negligentes-el-gobernador-de-casanare-y-gerente-de-acuatodos-sancionados-por-juzgado-de-yopal\/embed\/#?secret=HY3x5fwLhD#?secret=bT2gnH8yWH\" width=\"600\" height=\"621\" frameborder=\"0\" marginwidth=\"0\" marginheight=\"0\" scrolling=\"no\" sandbox=\"allow-scripts\" data-secret=\"bT2gnH8yWH\" data-mce-fragment=\"1\"><\/iframe><\/p>\n<p>&nbsp;<\/p>\n","protected":false},"excerpt":{"rendered":"<p>La\u00a0Sala de Definici\u00f3n de Situaciones Jur\u00eddicas de la Jurisdicci\u00f3n Especial para la Paz\u00a0acept\u00f3 en esa justicia al\u00a0general (r) Emilio Enrique Torres Ariza, exdirector de la Defensor\u00eda Militar, quien est\u00e1 involucrado a casos de\u00a0falsos positivos\u00a0en el departamento del\u00a0Casanare\u00a0en el a\u00f1o 2006. Militares han mencionado directamente a Torres Ariza en casos de ejecuciones extrajudiciales, as\u00ed como del &hellip;<\/p>\n","protected":false},"author":2,"featured_media":30006,"comment_status":"open","ping_status":"open","sticky":false,"template":"","format":"standard","meta":{"om_disable_all_campaigns":false,"_exactmetrics_skip_tracking":false,"_exactmetrics_sitenote_active":false,"_exactmetrics_sitenote_note":"","_exactmetrics_sitenote_category":0,"_monsterinsights_skip_tracking":false,"_monsterinsights_sitenote_active":false,"_monsterinsights_sitenote_note":"","_monsterinsights_sitenote_category":0,"_uf_show_specific_survey":0,"_uf_disable_surveys":false,"_joinchat":[],"footnotes":""},"categories":[147,146,145],"tags":[8394,154,1373,8397,8395,8399,6942,503,8396,1763,8398],"class_list":["post-30003","post","type-post","status-publish","format-standard","has-post-thumbnail","hentry","category-actualidad","category-noticias","category-reportajes","tag-aceptado-en-la-jep","tag-casanare","tag-casanare-noticias","tag-emilio-enrique-torres-ariza","tag-exdirector-de-la-defensoria-militar-involucrado-en-falso-positivo-de-pore","tag-jair-tarache","tag-jurisdiccion-especial-para-la-paz","tag-pore","tag-pore-casanare","tag-pore-noticias","tag-torres-ariza"],"yoast_head":"<!-- This site is optimized with the Yoast SEO plugin v26.1 - https:\/\/yoast.com\/wordpress\/plugins\/seo\/ -->\n<title>Exdirector de la Defensor\u00eda Militar involucrado en falso positivo de Pore, Casanare, aceptado en la JEP. - \u25b7 Noticias de Casanare : Martha Cifuentes | Casanare<\/title>\n<meta name=\"robots\" content=\"index, follow, max-snippet:-1, max-image-preview:large, max-video-preview:-1\" \/>\n<link rel=\"canonical\" href=\"https:\/\/marthacifuentes.com\/portada\/exdirector-de-la-defensoria-militar-involucrado-en-falso-positivo-de-pore-casanare-aceptado-en-la-jep\/\" \/>\n<meta property=\"og:locale\" content=\"es_ES\" \/>\n<meta property=\"og:type\" content=\"article\" \/>\n<meta property=\"og:title\" content=\"Exdirector de la Defensor\u00eda Militar involucrado en falso positivo de Pore, Casanare, aceptado en la JEP. - \u25b7 Noticias de Casanare : Martha Cifuentes | Casanare\" \/>\n<meta property=\"og:description\" content=\"La\u00a0Sala de Definici\u00f3n de Situaciones Jur\u00eddicas de la Jurisdicci\u00f3n Especial para la Paz\u00a0acept\u00f3 en esa justicia al\u00a0general (r) Emilio Enrique Torres Ariza, exdirector de la Defensor\u00eda Militar, quien est\u00e1 involucrado a casos de\u00a0falsos positivos\u00a0en el departamento del\u00a0Casanare\u00a0en el a\u00f1o 2006. Militares han mencionado directamente a Torres Ariza en casos de ejecuciones extrajudiciales, as\u00ed como del &hellip;\" \/>\n<meta property=\"og:url\" content=\"https:\/\/marthacifuentes.com\/portada\/exdirector-de-la-defensoria-militar-involucrado-en-falso-positivo-de-pore-casanare-aceptado-en-la-jep\/\" \/>\n<meta property=\"og:site_name\" content=\"\u25b7 Noticias de Casanare : Martha Cifuentes | Casanare\" \/>\n<meta property=\"article:published_time\" content=\"2022-09-20T16:51:27+00:00\" \/>\n<meta property=\"og:image\" content=\"https:\/\/marthacifuentes.com\/portada\/wp-content\/uploads\/2022\/09\/MILITAR-ACEPTADO-EN-JEP-POR-FALSO-POSITIVOS-PORE.jpg\" \/>\n\t<meta property=\"og:image:width\" content=\"439\" \/>\n\t<meta property=\"og:image:height\" content=\"315\" \/>\n\t<meta property=\"og:image:type\" content=\"image\/jpeg\" \/>\n<meta name=\"author\" content=\"Martha Cifuentes\" \/>\n<meta name=\"twitter:card\" content=\"summary_large_image\" \/>\n<meta name=\"twitter:label1\" content=\"Escrito por\" \/>\n\t<meta name=\"twitter:data1\" content=\"Martha Cifuentes\" \/>\n\t<meta name=\"twitter:label2\" content=\"Tiempo de lectura\" \/>\n\t<meta name=\"twitter:data2\" content=\"1 minuto\" \/>\n<script type=\"application\/ld+json\" class=\"yoast-schema-graph\">{\"@context\":\"https:\/\/schema.org\",\"@graph\":[{\"@type\":\"WebPage\",\"@id\":\"https:\/\/marthacifuentes.com\/portada\/exdirector-de-la-defensoria-militar-involucrado-en-falso-positivo-de-pore-casanare-aceptado-en-la-jep\/\",\"url\":\"https:\/\/marthacifuentes.com\/portada\/exdirector-de-la-defensoria-militar-involucrado-en-falso-positivo-de-pore-casanare-aceptado-en-la-jep\/\",\"name\":\"Exdirector de la Defensor\u00eda Militar involucrado en falso positivo de Pore, Casanare, aceptado en la JEP. - \u25b7 Noticias de Casanare : Martha Cifuentes | Casanare\",\"isPartOf\":{\"@id\":\"https:\/\/marthacifuentes.com\/portada\/#website\"},\"primaryImageOfPage\":{\"@id\":\"https:\/\/marthacifuentes.com\/portada\/exdirector-de-la-defensoria-militar-involucrado-en-falso-positivo-de-pore-casanare-aceptado-en-la-jep\/#primaryimage\"},\"image\":{\"@id\":\"https:\/\/marthacifuentes.com\/portada\/exdirector-de-la-defensoria-militar-involucrado-en-falso-positivo-de-pore-casanare-aceptado-en-la-jep\/#primaryimage\"},\"thumbnailUrl\":\"https:\/\/marthacifuentes.com\/portada\/wp-content\/uploads\/2022\/09\/MILITAR-ACEPTADO-EN-JEP-POR-FALSO-POSITIVOS-PORE.jpg\",\"datePublished\":\"2022-09-20T16:51:27+00:00\",\"author\":{\"@id\":\"https:\/\/marthacifuentes.com\/portada\/#\/schema\/person\/57f53174b991db5f90ff78d58502b714\"},\"breadcrumb\":{\"@id\":\"https:\/\/marthacifuentes.com\/portada\/exdirector-de-la-defensoria-militar-involucrado-en-falso-positivo-de-pore-casanare-aceptado-en-la-jep\/#breadcrumb\"},\"inLanguage\":\"es\",\"potentialAction\":[{\"@type\":\"ReadAction\",\"target\":[\"https:\/\/marthacifuentes.com\/portada\/exdirector-de-la-defensoria-militar-involucrado-en-falso-positivo-de-pore-casanare-aceptado-en-la-jep\/\"]}]},{\"@type\":\"ImageObject\",\"inLanguage\":\"es\",\"@id\":\"https:\/\/marthacifuentes.com\/portada\/exdirector-de-la-defensoria-militar-involucrado-en-falso-positivo-de-pore-casanare-aceptado-en-la-jep\/#primaryimage\",\"url\":\"https:\/\/marthacifuentes.com\/portada\/wp-content\/uploads\/2022\/09\/MILITAR-ACEPTADO-EN-JEP-POR-FALSO-POSITIVOS-PORE.jpg\",\"contentUrl\":\"https:\/\/marthacifuentes.com\/portada\/wp-content\/uploads\/2022\/09\/MILITAR-ACEPTADO-EN-JEP-POR-FALSO-POSITIVOS-PORE.jpg\",\"width\":439,\"height\":315},{\"@type\":\"BreadcrumbList\",\"@id\":\"https:\/\/marthacifuentes.com\/portada\/exdirector-de-la-defensoria-militar-involucrado-en-falso-positivo-de-pore-casanare-aceptado-en-la-jep\/#breadcrumb\",\"itemListElement\":[{\"@type\":\"ListItem\",\"position\":1,\"name\":\"Portada\",\"item\":\"https:\/\/marthacifuentes.com\/portada\/\"},{\"@type\":\"ListItem\",\"position\":2,\"name\":\"Exdirector de la Defensor\u00eda Militar involucrado en falso positivo de Pore, Casanare, aceptado en la JEP.\"}]},{\"@type\":\"WebSite\",\"@id\":\"https:\/\/marthacifuentes.com\/portada\/#website\",\"url\":\"https:\/\/marthacifuentes.com\/portada\/\",\"name\":\"\u25b7 Noticias de Casanare : Martha Cifuentes | Casanare\",\"description\":\"Noticias &amp; Contenidos\",\"potentialAction\":[{\"@type\":\"SearchAction\",\"target\":{\"@type\":\"EntryPoint\",\"urlTemplate\":\"https:\/\/marthacifuentes.com\/portada\/?s={search_term_string}\"},\"query-input\":{\"@type\":\"PropertyValueSpecification\",\"valueRequired\":true,\"valueName\":\"search_term_string\"}}],\"inLanguage\":\"es\"},{\"@type\":\"Person\",\"@id\":\"https:\/\/marthacifuentes.com\/portada\/#\/schema\/person\/57f53174b991db5f90ff78d58502b714\",\"name\":\"Martha Cifuentes\",\"image\":{\"@type\":\"ImageObject\",\"inLanguage\":\"es\",\"@id\":\"https:\/\/marthacifuentes.com\/portada\/#\/schema\/person\/image\/\",\"url\":\"http:\/\/marthacifuentes.com\/portada\/wp-content\/uploads\/2018\/06\/avatar_user_2_1528838701-96x96.jpg\",\"contentUrl\":\"http:\/\/marthacifuentes.com\/portada\/wp-content\/uploads\/2018\/06\/avatar_user_2_1528838701-96x96.jpg\",\"caption\":\"Martha Cifuentes\"},\"sameAs\":[\"http:\/\/www.marthacifuentes.com\"],\"url\":\"https:\/\/marthacifuentes.com\/portada\/author\/martha\/\"}]}<\/script>\n<!-- \/ Yoast SEO plugin. -->","yoast_head_json":{"title":"Exdirector de la Defensor\u00eda Militar involucrado en falso positivo de Pore, Casanare, aceptado en la JEP. - \u25b7 Noticias de Casanare : Martha Cifuentes | Casanare","robots":{"index":"index","follow":"follow","max-snippet":"max-snippet:-1","max-image-preview":"max-image-preview:large","max-video-preview":"max-video-preview:-1"},"canonical":"https:\/\/marthacifuentes.com\/portada\/exdirector-de-la-defensoria-militar-involucrado-en-falso-positivo-de-pore-casanare-aceptado-en-la-jep\/","og_locale":"es_ES","og_type":"article","og_title":"Exdirector de la Defensor\u00eda Militar involucrado en falso positivo de Pore, Casanare, aceptado en la JEP. - \u25b7 Noticias de Casanare : Martha Cifuentes | Casanare","og_description":"La\u00a0Sala de Definici\u00f3n de Situaciones Jur\u00eddicas de la Jurisdicci\u00f3n Especial para la Paz\u00a0acept\u00f3 en esa justicia al\u00a0general (r) Emilio Enrique Torres Ariza, exdirector de la Defensor\u00eda Militar, quien est\u00e1 involucrado a casos de\u00a0falsos positivos\u00a0en el departamento del\u00a0Casanare\u00a0en el a\u00f1o 2006. Militares han mencionado directamente a Torres Ariza en casos de ejecuciones extrajudiciales, as\u00ed como del &hellip;","og_url":"https:\/\/marthacifuentes.com\/portada\/exdirector-de-la-defensoria-militar-involucrado-en-falso-positivo-de-pore-casanare-aceptado-en-la-jep\/","og_site_name":"\u25b7 Noticias de Casanare : Martha Cifuentes | Casanare","article_published_time":"2022-09-20T16:51:27+00:00","og_image":[{"width":439,"height":315,"url":"https:\/\/marthacifuentes.com\/portada\/wp-content\/uploads\/2022\/09\/MILITAR-ACEPTADO-EN-JEP-POR-FALSO-POSITIVOS-PORE.jpg","type":"image\/jpeg"}],"author":"Martha Cifuentes","twitter_card":"summary_large_image","twitter_misc":{"Escrito por":"Martha Cifuentes","Tiempo de lectura":"1 minuto"},"schema":{"@context":"https:\/\/schema.org","@graph":[{"@type":"WebPage","@id":"https:\/\/marthacifuentes.com\/portada\/exdirector-de-la-defensoria-militar-involucrado-en-falso-positivo-de-pore-casanare-aceptado-en-la-jep\/","url":"https:\/\/marthacifuentes.com\/portada\/exdirector-de-la-defensoria-militar-involucrado-en-falso-positivo-de-pore-casanare-aceptado-en-la-jep\/","name":"Exdirector de la Defensor\u00eda Militar involucrado en falso positivo de Pore, Casanare, aceptado en la JEP. - \u25b7 Noticias de Casanare : Martha Cifuentes | Casanare","isPartOf":{"@id":"https:\/\/marthacifuentes.com\/portada\/#website"},"primaryImageOfPage":{"@id":"https:\/\/marthacifuentes.com\/portada\/exdirector-de-la-defensoria-militar-involucrado-en-falso-positivo-de-pore-casanare-aceptado-en-la-jep\/#primaryimage"},"image":{"@id":"https:\/\/marthacifuentes.com\/portada\/exdirector-de-la-defensoria-militar-involucrado-en-falso-positivo-de-pore-casanare-aceptado-en-la-jep\/#primaryimage"},"thumbnailUrl":"https:\/\/marthacifuentes.com\/portada\/wp-content\/uploads\/2022\/09\/MILITAR-ACEPTADO-EN-JEP-POR-FALSO-POSITIVOS-PORE.jpg","datePublished":"2022-09-20T16:51:27+00:00","author":{"@id":"https:\/\/marthacifuentes.com\/portada\/#\/schema\/person\/57f53174b991db5f90ff78d58502b714"},"breadcrumb":{"@id":"https:\/\/marthacifuentes.com\/portada\/exdirector-de-la-defensoria-militar-involucrado-en-falso-positivo-de-pore-casanare-aceptado-en-la-jep\/#breadcrumb"},"inLanguage":"es","potentialAction":[{"@type":"ReadAction","target":["https:\/\/marthacifuentes.com\/portada\/exdirector-de-la-defensoria-militar-involucrado-en-falso-positivo-de-pore-casanare-aceptado-en-la-jep\/"]}]},{"@type":"ImageObject","inLanguage":"es","@id":"https:\/\/marthacifuentes.com\/portada\/exdirector-de-la-defensoria-militar-involucrado-en-falso-positivo-de-pore-casanare-aceptado-en-la-jep\/#primaryimage","url":"https:\/\/marthacifuentes.com\/portada\/wp-content\/uploads\/2022\/09\/MILITAR-ACEPTADO-EN-JEP-POR-FALSO-POSITIVOS-PORE.jpg","contentUrl":"https:\/\/marthacifuentes.com\/portada\/wp-content\/uploads\/2022\/09\/MILITAR-ACEPTADO-EN-JEP-POR-FALSO-POSITIVOS-PORE.jpg","width":439,"height":315},{"@type":"BreadcrumbList","@id":"https:\/\/marthacifuentes.com\/portada\/exdirector-de-la-defensoria-militar-involucrado-en-falso-positivo-de-pore-casanare-aceptado-en-la-jep\/#breadcrumb","itemListElement":[{"@type":"ListItem","position":1,"name":"Portada","item":"https:\/\/marthacifuentes.com\/portada\/"},{"@type":"ListItem","position":2,"name":"Exdirector de la Defensor\u00eda Militar involucrado en falso positivo de Pore, Casanare, aceptado en la JEP."}]},{"@type":"WebSite","@id":"https:\/\/marthacifuentes.com\/portada\/#website","url":"https:\/\/marthacifuentes.com\/portada\/","name":"\u25b7 Noticias de Casanare : Martha Cifuentes | Casanare","description":"Noticias &amp; Contenidos","potentialAction":[{"@type":"SearchAction","target":{"@type":"EntryPoint","urlTemplate":"https:\/\/marthacifuentes.com\/portada\/?s={search_term_string}"},"query-input":{"@type":"PropertyValueSpecification","valueRequired":true,"valueName":"search_term_string"}}],"inLanguage":"es"},{"@type":"Person","@id":"https:\/\/marthacifuentes.com\/portada\/#\/schema\/person\/57f53174b991db5f90ff78d58502b714","name":"Martha Cifuentes","image":{"@type":"ImageObject","inLanguage":"es","@id":"https:\/\/marthacifuentes.com\/portada\/#\/schema\/person\/image\/","url":"http:\/\/marthacifuentes.com\/portada\/wp-content\/uploads\/2018\/06\/avatar_user_2_1528838701-96x96.jpg","contentUrl":"http:\/\/marthacifuentes.com\/portada\/wp-content\/uploads\/2018\/06\/avatar_user_2_1528838701-96x96.jpg","caption":"Martha Cifuentes"},"sameAs":["http:\/\/www.marthacifuentes.com"],"url":"https:\/\/marthacifuentes.com\/portada\/author\/martha\/"}]}},"_links":{"self":[{"href":"https:\/\/marthacifuentes.com\/portada\/wp-json\/wp\/v2\/posts\/30003","targetHints":{"allow":["GET"]}}],"collection":[{"href":"https:\/\/marthacifuentes.com\/portada\/wp-json\/wp\/v2\/posts"}],"about":[{"href":"https:\/\/marthacifuentes.com\/portada\/wp-json\/wp\/v2\/types\/post"}],"author":[{"embeddable":true,"href":"https:\/\/marthacifuentes.com\/portada\/wp-json\/wp\/v2\/users\/2"}],"replies":[{"embeddable":true,"href":"https:\/\/marthacifuentes.com\/portada\/wp-json\/wp\/v2\/comments?post=30003"}],"version-history":[{"count":1,"href":"https:\/\/marthacifuentes.com\/portada\/wp-json\/wp\/v2\/posts\/30003\/revisions"}],"predecessor-version":[{"id":30015,"href":"https:\/\/marthacifuentes.com\/portada\/wp-json\/wp\/v2\/posts\/30003\/revisions\/30015"}],"wp:featuredmedia":[{"embeddable":true,"href":"https:\/\/marthacifuentes.com\/portada\/wp-json\/wp\/v2\/media\/30006"}],"wp:attachment":[{"href":"https:\/\/marthacifuentes.com\/portada\/wp-json\/wp\/v2\/media?parent=30003"}],"wp:term":[{"taxonomy":"category","embeddable":true,"href":"https:\/\/marthacifuentes.com\/portada\/wp-json\/wp\/v2\/categories?post=30003"},{"taxonomy":"post_tag","embeddable":true,"href":"https:\/\/marthacifuentes.com\/portada\/wp-json\/wp\/v2\/tags?post=30003"}],"curies":[{"name":"wp","href":"https:\/\/api.w.org\/{rel}","templated":true}]}}