{"id":30096,"date":"2022-09-30T19:06:55","date_gmt":"2022-10-01T00:06:55","guid":{"rendered":"https:\/\/marthacifuentes.com\/portada\/?p=30096"},"modified":"2022-09-30T19:06:55","modified_gmt":"2022-10-01T00:06:55","slug":"senadora-aida-avella-pregunta-como-va-a-afectar-el-bolsillo-de-los-yopalenos-disfrazada-concesion-multimillonaria-de-servicios-de-la-eaaay","status":"publish","type":"post","link":"https:\/\/marthacifuentes.com\/portada\/senadora-aida-avella-pregunta-como-va-a-afectar-el-bolsillo-de-los-yopalenos-disfrazada-concesion-multimillonaria-de-servicios-de-la-eaaay\/","title":{"rendered":"Senadora A\u00edda Avella pregunta c\u00f3mo va a afectar el bolsillo de los yopale\u00f1os, disfrazada concesi\u00f3n multimillonaria de servicios de la EAAAY"},"content":{"rendered":"<p style=\"text-align: justify;\">Aunque a los parlamentarios casanare\u00f1os poco y nada les ha interesado el tema de la multimillonaria contrataci\u00f3n de la Eaaay y algunos se dedican a hacer shows medi\u00e1ticos por la supuesta defensa de los animales, la senadora boyacense del Pacto Hist\u00f3rico A\u00edda Avella s\u00ed se ha mostrado muy preocupada por los manejos administrativos de esta empresa del municipio. En virtud de esto ha presentado un derecho de petici\u00f3n requiriendo toda la informaci\u00f3n respecto a los contratos por 320 mil millones adjudicados por la empresa.<\/p>\n<p style=\"text-align: justify;\">La senadora solicit\u00f3 los estados financieros de la empresa de los tres \u00faltimos a\u00f1os, el estado de la deuda, si se est\u00e1n tramitando nuevos cr\u00e9ditos, la contrataci\u00f3n por 305 mil millones de pesos del manejo de la PTAR antigua y de la nueva que se pretende construir, del plan maestro del acueducto y alcantarillados sanitario y pluvial; igualmente requiri\u00f3 informaci\u00f3n sobre el contrato de una planta de tratamiento de residuos s\u00f3lidos en el relleno sanitario El Cascajar.<\/p>\n<p style=\"text-align: justify;\">La senadora cuestion\u00f3 si con los contratos de colaboraci\u00f3n empresarial firmados para estas actividades se estar\u00eda tercerizando la prestaci\u00f3n de los servicios de alcantarillado y aseo. Tambi\u00e9n se pidi\u00f3 informar las obligaciones financieras que la empresa debe asumir con cargo a estos contratos y c\u00f3mo se afectar\u00edan las tarifas que pagan los usuarios por los servicios p\u00fablicos.<\/p>\n<p style=\"text-align: justify;\">Se solicit\u00f3 informar qui\u00e9n, mediante qu\u00e9 acto administrativo y que con cual sustento t\u00e9cnico, econ\u00f3mico, financiero, comercial y social, entrega una parte del patrimonio p\u00fablico que pertenece a Yopal en concesi\u00f3n a un privado y cu\u00e1l es la experiencia de este en procesos similares en Colombia.<\/p>\n<p style=\"text-align: justify;\">Igualmente hay preocupaci\u00f3n e incertidumbre por los trabajadores de la empresa que actualmente operan la PTAR y por ello la senadora requiri\u00f3 informaci\u00f3n sobre cu\u00e1l va a ser el futuro de ellos.<\/p>\n<p><img loading=\"lazy\" decoding=\"async\" class=\"size-large wp-image-30101 aligncenter\" src=\"https:\/\/marthacifuentes.com\/portada\/wp-content\/uploads\/2022\/09\/derecho-de-peticion-aida-avella-1.jpg\" alt=\"\" width=\"563\" height=\"825\" srcset=\"https:\/\/marthacifuentes.com\/portada\/wp-content\/uploads\/2022\/09\/derecho-de-peticion-aida-avella-1.jpg 563w, https:\/\/marthacifuentes.com\/portada\/wp-content\/uploads\/2022\/09\/derecho-de-peticion-aida-avella-1-205x300.jpg 205w\" sizes=\"auto, (max-width: 563px) 100vw, 563px\" \/><\/p>\n<p><img loading=\"lazy\" decoding=\"async\" class=\"size-full wp-image-30100 aligncenter\" src=\"https:\/\/marthacifuentes.com\/portada\/wp-content\/uploads\/2022\/09\/derecho-de-peticion-aida-avella-2.jpg\" alt=\"\" width=\"516\" height=\"538\" srcset=\"https:\/\/marthacifuentes.com\/portada\/wp-content\/uploads\/2022\/09\/derecho-de-peticion-aida-avella-2.jpg 516w, https:\/\/marthacifuentes.com\/portada\/wp-content\/uploads\/2022\/09\/derecho-de-peticion-aida-avella-2-288x300.jpg 288w\" sizes=\"auto, (max-width: 516px) 100vw, 516px\" \/><\/p>\n<p><strong><a href=\"https:\/\/marthacifuentes.com\/portada\/wp-content\/uploads\/2022\/09\/derecho-de-Peticio\u0301n-Gerente-empresa-de-acueducto-y-alcantarillado-de-Yopal.pdf\">derecho de Peticio\u0301n Gerente empresa de acueducto y alcantarillado de Yopal<\/a><\/strong><\/p>\n<h2><strong>Otras noticias&#8230;<\/strong><\/h2>\n<blockquote class=\"wp-embedded-content\" data-secret=\"BSSXZyNExG\"><p><a href=\"https:\/\/marthacifuentes.com\/portada\/2022\/09\/30\/gobernador-de-casanare-descubrio-el-agua-tibia-que-la-inseguridad-campea-en-yopal-y-las-camaras-de-seguridad-no-funcionan\/\">Gobernador de Casanare descubri\u00f3 el agua tibia, que la inseguridad campea en Yopal y las c\u00e1maras de seguridad no funcionan<\/a><\/p><\/blockquote>\n<p><iframe loading=\"lazy\" class=\"wp-embedded-content\" sandbox=\"allow-scripts\" security=\"restricted\" style=\"position: absolute; clip: rect(1px, 1px, 1px, 1px);\" title=\"\u00abGobernador de Casanare descubri\u00f3 el agua tibia, que la inseguridad campea en Yopal y las c\u00e1maras de seguridad no funcionan\u00bb \u2014 \u25b7 Noticias de Casanare : Martha Cifuentes | Casanare\" src=\"https:\/\/marthacifuentes.com\/portada\/2022\/09\/30\/gobernador-de-casanare-descubrio-el-agua-tibia-que-la-inseguridad-campea-en-yopal-y-las-camaras-de-seguridad-no-funcionan\/embed\/#?secret=tNOFM9jLZ5#?secret=BSSXZyNExG\" data-secret=\"BSSXZyNExG\" width=\"500\" height=\"282\" frameborder=\"0\" marginwidth=\"0\" marginheight=\"0\" scrolling=\"no\"><\/iframe><\/p>\n<p><iframe loading=\"lazy\" class=\"wp-embedded-content\" title=\"\u00ab\u00bfOtra vez militares aliados a grupo paramilitar Clan del Golfo, en Casanare? Capturado sargento activo que \u00abtrabajaba\u00bb para este GAO.\u00bb \u2014 \u25b7 Noticias de Casanare : Martha Cifuentes | Casanare\" src=\"https:\/\/marthacifuentes.com\/portada\/2022\/09\/28\/otra-vez-militares-aliados-a-grupo-paramilitar-clan-del-golfo-en-casanare-capturado-sargento-activo-que-trabajaba-para-este-gao\/embed\/#?secret=ShBvuYqfHL#?secret=vCkhUHLye5\" width=\"600\" height=\"640\" frameborder=\"0\" marginwidth=\"0\" marginheight=\"0\" scrolling=\"no\" sandbox=\"allow-scripts\" data-secret=\"vCkhUHLye5\" data-mce-fragment=\"1\"><\/iframe><\/p>\n<p><iframe loading=\"lazy\" class=\"wp-embedded-content\" title=\"\u00abDe payaso, maltratador, bobo, osado, showsero y hasta \u00e9mulo de Cal\u00edgula, fue calificado el senador Alirio Barrera, por meter su caballo al Congreso.\u00bb \u2014 \u25b7 Noticias de Casanare : Martha Cifuentes | Casanare\" src=\"https:\/\/marthacifuentes.com\/portada\/2022\/09\/28\/de-payaso-maltratador-bobo-osado-showsero-y-hasta-emulo-de-caligula-fue-calificado-el-senador-alirio-barrera-por-meter-su-caballo-al-congreso\/embed\/#?secret=cWjhV4Ebmv#?secret=zBQ4A3S5az\" width=\"600\" height=\"627\" frameborder=\"0\" marginwidth=\"0\" marginheight=\"0\" scrolling=\"no\" sandbox=\"allow-scripts\" data-secret=\"zBQ4A3S5az\" data-mce-fragment=\"1\"><\/iframe><\/p>\n<p><iframe loading=\"lazy\" class=\"wp-embedded-content\" title=\"\u00abEl Up\u00eda, Cusiana y Meta, r\u00edos del narcotr\u00e1fico en Casanare y Meta: Gobernador de Casanare\u00bb \u2014 \u25b7 Noticias de Casanare : Martha Cifuentes | Casanare\" src=\"https:\/\/marthacifuentes.com\/portada\/2022\/09\/26\/el-upia-cusiana-y-meta-rios-del-narcotrafico-en-casanare-y-meta-gobernador-de-casanare\/embed\/#?secret=0kRSkvWBon#?secret=yAbFmaHjyk\" width=\"600\" height=\"621\" frameborder=\"0\" marginwidth=\"0\" marginheight=\"0\" scrolling=\"no\" sandbox=\"allow-scripts\" data-secret=\"yAbFmaHjyk\" data-mce-fragment=\"1\"><\/iframe><\/p>\n<p><iframe loading=\"lazy\" class=\"wp-embedded-content\" title=\"\u00abAccidente en v\u00eda Paz de Ariporo-Hato Corozal, enluta a familia de Tame, Arauca. Dos de sus integrantes fallecieron.\u00bb \u2014 \u25b7 Noticias de Casanare : Martha Cifuentes | Casanare\" src=\"https:\/\/marthacifuentes.com\/portada\/2022\/09\/26\/accidente-en-via-paz-de-ariporo-hato-corozal-enluta-a-familia-de-tame-arauca-dos-de-sus-integrantes-fallecieron\/embed\/#?secret=S4LssPHWKi#?secret=J5Fv6ljeVM\" width=\"600\" height=\"580\" frameborder=\"0\" marginwidth=\"0\" marginheight=\"0\" scrolling=\"no\" sandbox=\"allow-scripts\" data-secret=\"J5Fv6ljeVM\" data-mce-fragment=\"1\"><\/iframe><\/p>\n<p><iframe loading=\"lazy\" class=\"wp-embedded-content\" title=\"\u00abCondenado en Yopal profesor de religi\u00f3n y moral que abus\u00f3 de dos ni\u00f1as de 8 a\u00f1os en 2016\u00bb \u2014 \u25b7 Noticias de Casanare : Martha Cifuentes | Casanare\" src=\"https:\/\/marthacifuentes.com\/portada\/2022\/09\/26\/condenado-en-yopal-profesor-de-religion-y-moral-que-abuso-de-dos-ninas-de-8-anos-en-2016\/embed\/#?secret=xD21mZc0HL#?secret=m4SYdMHEox\" width=\"600\" height=\"600\" frameborder=\"0\" marginwidth=\"0\" marginheight=\"0\" scrolling=\"no\" sandbox=\"allow-scripts\" data-secret=\"m4SYdMHEox\" data-mce-fragment=\"1\"><\/iframe><\/p>\n<p><iframe loading=\"lazy\" class=\"wp-embedded-content\" title=\"\u00abSupuesto cabecilla del Clan del Golfo, en Casanare y Meta, capturado en Barranca de Up\u00eda. Estuvo en Man\u00ed present\u00e1ndose como tal.\u00bb \u2014 \u25b7 Noticias de Casanare : Martha Cifuentes | Casanare\" src=\"https:\/\/marthacifuentes.com\/portada\/2022\/09\/26\/supuesto-cabecilla-del-clan-del-golfo-en-casanare-y-meta-capturado-en-barranca-de-upia-estuvo-en-mani-presentandose-como-tal\/embed\/#?secret=A7zsX54lm0#?secret=oz1bf0G7q8\" width=\"600\" height=\"649\" frameborder=\"0\" marginwidth=\"0\" marginheight=\"0\" scrolling=\"no\" sandbox=\"allow-scripts\" data-secret=\"oz1bf0G7q8\" data-mce-fragment=\"1\"><\/iframe><\/p>\n<p><iframe loading=\"lazy\" class=\"wp-embedded-content\" title=\"\u00abEn ataque sicarial, asesinado familiar de \u00abmart\u00edn llanos\u00bb, y tres hombres fueron heridos en Monterrey, Casanare\u00bb \u2014 \u25b7 Noticias de Casanare : Martha Cifuentes | Casanare\" src=\"https:\/\/marthacifuentes.com\/portada\/2022\/09\/23\/en-ataque-sicarial-asesinado-familiar-de-martin-llanos-y-tres-hombres-fueron-heridos-en-monterrey-casanare\/embed\/#?secret=oktl2yvWTR#?secret=7yY09aXDux\" width=\"600\" height=\"628\" frameborder=\"0\" marginwidth=\"0\" marginheight=\"0\" scrolling=\"no\" sandbox=\"allow-scripts\" data-secret=\"7yY09aXDux\" data-mce-fragment=\"1\"><\/iframe><\/p>\n<p><iframe loading=\"lazy\" class=\"wp-embedded-content\" title=\"\u00abEAAAY concesion\u00f3 PTAR de Yopal y planta de tratamiento de basuras por $320 mil millones a 30 a\u00f1os. \u00a0\u00a0\u00bb \u2014 \u25b7 Noticias de Casanare : Martha Cifuentes | Casanare\" src=\"https:\/\/marthacifuentes.com\/portada\/2022\/09\/22\/eaaay-concesiono-ptar-de-yopal-y-planta-de-tratamiento-de-basuras-por-320-mil-millones-a-30-anos\/embed\/#?secret=BiiB6Qh7F9#?secret=zAxAySy4Ef\" width=\"600\" height=\"633\" frameborder=\"0\" marginwidth=\"0\" marginheight=\"0\" scrolling=\"no\" sandbox=\"allow-scripts\" data-secret=\"zAxAySy4Ef\" data-mce-fragment=\"1\"><\/iframe><\/p>\n<p><iframe loading=\"lazy\" class=\"wp-embedded-content\" title=\"\u00abLa Fiscal\u00eda les ocup\u00f3 bienes a paramilitares condenados y presuntos testaferros de alias \u201cMart\u00edn Llanos\u201d\u00bb \u2014 \u25b7 Noticias de Casanare : Martha Cifuentes | Casanare\" src=\"https:\/\/marthacifuentes.com\/portada\/2022\/09\/22\/la-fiscalia-les-ocupo-bienes-a-paramilitares-condenados-y-presuntos-testaferros-de-alias-martin-llanos\/embed\/#?secret=gWiJoWZuel#?secret=QF3nM5m8AY\" width=\"600\" height=\"649\" frameborder=\"0\" marginwidth=\"0\" marginheight=\"0\" scrolling=\"no\" sandbox=\"allow-scripts\" data-secret=\"QF3nM5m8AY\" data-mce-fragment=\"1\"><\/iframe><\/p>\n<p><iframe loading=\"lazy\" class=\"wp-embedded-content\" title=\"\u00abEcopetrol afirma que garantizar\u00e1 suministro de gas a sus usuarios durante mantenimiento de planta de Cusiana en octubre\u00bb \u2014 \u25b7 Noticias de Casanare : Martha Cifuentes | Casanare\" src=\"https:\/\/marthacifuentes.com\/portada\/2022\/09\/21\/ecopetrol-afirma-que-garantizara-suministro-de-gas-a-sus-usuarios-durante-mantenimiento-de-planta-de-cusiana-en-octubre\/embed\/#?secret=8LJYGedRbe#?secret=Uajg0g5veK\" width=\"600\" height=\"618\" frameborder=\"0\" marginwidth=\"0\" marginheight=\"0\" scrolling=\"no\" sandbox=\"allow-scripts\" data-secret=\"Uajg0g5veK\" data-mce-fragment=\"1\"><\/iframe><\/p>\n<p><iframe loading=\"lazy\" class=\"wp-embedded-content\" title=\"\u00abAutoridades de Yopal y Casanare cuestionan que ladrones reincidentes queden libres y vuelvan a las calles a cometer fechor\u00edas\u00bb \u2014 \u25b7 Noticias de Casanare : Martha Cifuentes | Casanare\" src=\"https:\/\/marthacifuentes.com\/portada\/2022\/09\/21\/autoridades-de-yopal-y-casanare-cuestionan-que-ladrones-reincidentes-queden-libres-y-vuelvan-a-las-calles-a-cometer-fechorias\/embed\/#?secret=Wab5wG2fHI#?secret=GmsDWKkSka\" width=\"600\" height=\"649\" frameborder=\"0\" marginwidth=\"0\" marginheight=\"0\" scrolling=\"no\" sandbox=\"allow-scripts\" data-secret=\"GmsDWKkSka\" data-mce-fragment=\"1\"><\/iframe><\/p>\n<p><iframe loading=\"lazy\" class=\"wp-embedded-content\" title=\"\u00abEn Casanare los ladrones se robaron la tranquilidad. Al menos 6 hurtos diarios, en promedio, son reportados.\u00bb \u2014 \u25b7 Noticias de Casanare : Martha Cifuentes | Casanare\" src=\"https:\/\/marthacifuentes.com\/portada\/2022\/09\/21\/en-casanare-los-ladrones-se-robaron-la-tranquilidad-al-menos-6-hurtos-diarios-en-promedio-son-reportados\/embed\/#?secret=ntq7AHrlhJ#?secret=AJIXkGkwqN\" width=\"600\" height=\"621\" frameborder=\"0\" marginwidth=\"0\" marginheight=\"0\" scrolling=\"no\" sandbox=\"allow-scripts\" data-secret=\"AJIXkGkwqN\" data-mce-fragment=\"1\"><\/iframe><\/p>\n<p><iframe loading=\"lazy\" class=\"wp-embedded-content\" title=\"\u00abExdirector de la Defensor\u00eda Militar involucrado en falso positivo de Pore, Casanare, aceptado en la JEP.\u00bb \u2014 \u25b7 Noticias de Casanare : Martha Cifuentes | Casanare\" src=\"https:\/\/marthacifuentes.com\/portada\/2022\/09\/20\/exdirector-de-la-defensoria-militar-involucrado-en-falso-positivo-de-pore-casanare-aceptado-en-la-jep\/embed\/#?secret=DaW3rjdXIN#?secret=hl8OiDzjPA\" width=\"600\" height=\"621\" frameborder=\"0\" marginwidth=\"0\" marginheight=\"0\" scrolling=\"no\" sandbox=\"allow-scripts\" data-secret=\"hl8OiDzjPA\" data-mce-fragment=\"1\"><\/iframe><\/p>\n<p><iframe loading=\"lazy\" class=\"wp-embedded-content\" title=\"\u00abCapturado abusador sexual de su hija biol\u00f3gica de 2 a\u00f1os en resguardo ind\u00edgena de Paz de Ariporo.\u00bb \u2014 \u25b7 Noticias de Casanare : Martha Cifuentes | Casanare\" src=\"https:\/\/marthacifuentes.com\/portada\/2022\/09\/20\/capturado-abusador-sexual-de-su-hija-biologica-de-2-anos-en-resguardo-indigena-de-paz-de-ariporo\/embed\/#?secret=gTrdAdYSNx#?secret=dcDci5ETuL\" width=\"600\" height=\"600\" frameborder=\"0\" marginwidth=\"0\" marginheight=\"0\" scrolling=\"no\" sandbox=\"allow-scripts\" data-secret=\"dcDci5ETuL\" data-mce-fragment=\"1\"><\/iframe><\/p>\n<p><iframe loading=\"lazy\" class=\"wp-embedded-content\" title=\"\u00abRi\u00f1as y muertos en fin de semana de amor y amistad en Yopal. Mot\u00edn en carceleta de Villanueva y capturas de delincuentes comunes, en balance policial de Casanare.\u00bb \u2014 \u25b7 Noticias de Casanare : Martha Cifuentes | Casanare\" src=\"https:\/\/marthacifuentes.com\/portada\/2022\/09\/20\/rinas-y-muertos-en-fin-de-semana-de-amor-y-amistad-en-yopal-motin-en-carceleta-de-villanueva-y-capturas-de-delincuentes-comunes-en-balance-policial-de-casanare\/embed\/#?secret=SKWfiHBCVE#?secret=HXdqiE22KD\" width=\"600\" height=\"657\" frameborder=\"0\" marginwidth=\"0\" marginheight=\"0\" scrolling=\"no\" sandbox=\"allow-scripts\" data-secret=\"HXdqiE22KD\" data-mce-fragment=\"1\"><\/iframe><\/p>\n<p><iframe loading=\"lazy\" class=\"wp-embedded-content\" title=\"\u00abNueva planta modular, ahora para tratar basuras, en relleno sanitario en Yopal, plantea la EAAAY. Algo huele mal: Comunidad La Niata.\u00bb \u2014 \u25b7 Noticias de Casanare : Martha Cifuentes | Casanare\" src=\"https:\/\/marthacifuentes.com\/portada\/2022\/09\/20\/nueva-planta-modular-ahora-para-tratar-basuras-en-relleno-sanitario-en-yopal-plantea-la-eaaay-algo-huele-mal-comunidad-la-niata\/embed\/#?secret=VSEFFA3QAq#?secret=s74feHq0ey\" width=\"600\" height=\"649\" frameborder=\"0\" marginwidth=\"0\" marginheight=\"0\" scrolling=\"no\" sandbox=\"allow-scripts\" data-secret=\"s74feHq0ey\" data-mce-fragment=\"1\"><\/iframe><\/p>\n<p><iframe loading=\"lazy\" class=\"wp-embedded-content\" title=\"\u00abAtraco a media noche a bus de Los Libertadores en v\u00eda Yopal-Arauca\u00bb \u2014 \u25b7 Noticias de Casanare : Martha Cifuentes | Casanare\" src=\"https:\/\/marthacifuentes.com\/portada\/2022\/09\/20\/atraco-a-media-noche-a-bus-de-los-libertadores-en-via-yopal-arauca\/embed\/#?secret=YIOxPfKaKu#?secret=I8tUnODXhb\" width=\"600\" height=\"599\" frameborder=\"0\" marginwidth=\"0\" marginheight=\"0\" scrolling=\"no\" sandbox=\"allow-scripts\" data-secret=\"I8tUnODXhb\" data-mce-fragment=\"1\"><\/iframe><\/p>\n<p><iframe loading=\"lazy\" class=\"wp-embedded-content\" title=\"\u00abTraumatismos en la movilidad por intervenciones en la Glorieta de la calle 30 y del intercambiador vial de la Marginal\u00bb \u2014 \u25b7 Noticias de Casanare : Martha Cifuentes | Casanare\" src=\"https:\/\/marthacifuentes.com\/portada\/2022\/09\/15\/traumatismos-en-la-movilidad-por-intervenciones-en-la-glorieta-de-la-calle-30-y-del-intercambiador-vial-de-la-marginal\/embed\/#?secret=c2aCE9LK3T#?secret=CupycJgPoP\" width=\"600\" height=\"628\" frameborder=\"0\" marginwidth=\"0\" marginheight=\"0\" scrolling=\"no\" sandbox=\"allow-scripts\" data-secret=\"CupycJgPoP\" data-mce-fragment=\"1\"><\/iframe><\/p>\n<p><iframe loading=\"lazy\" class=\"wp-embedded-content\" title=\"\u00abPor revelar detalles in\u00e9ditos la JEP dej\u00f3 en libertad a victimario de campesino en Aguazul (falso positivo)\u00bb \u2014 \u25b7 Noticias de Casanare : Martha Cifuentes | Casanare\" src=\"https:\/\/marthacifuentes.com\/portada\/2022\/09\/15\/por-revelar-detalles-ineditos-la-jep-dejo-en-libertad-a-victimario-de-campesino-en-aguazul-falso-positivo\/embed\/#?secret=7xKlUMAYoO#?secret=MMRFb7M2YN\" width=\"600\" height=\"599\" frameborder=\"0\" marginwidth=\"0\" marginheight=\"0\" scrolling=\"no\" sandbox=\"allow-scripts\" data-secret=\"MMRFb7M2YN\" data-mce-fragment=\"1\"><\/iframe><\/p>\n<p><iframe loading=\"lazy\" class=\"wp-embedded-content\" title=\"\u00abCapturado en Villanueva presunto homicida de vendedor ambulante en Monterrey\u00bb \u2014 \u25b7 Noticias de Casanare : Martha Cifuentes | Casanare\" src=\"https:\/\/marthacifuentes.com\/portada\/2022\/09\/15\/capturado-en-villanueva-presunto-homicida-de-vendedor-ambulante-en-monterrey\/embed\/#?secret=Xxf3Z9oZbp#?secret=Fz9FtgAR0x\" width=\"600\" height=\"584\" frameborder=\"0\" marginwidth=\"0\" marginheight=\"0\" scrolling=\"no\" sandbox=\"allow-scripts\" data-secret=\"Fz9FtgAR0x\" data-mce-fragment=\"1\"><\/iframe><\/p>\n<p><iframe loading=\"lazy\" class=\"wp-embedded-content\" title=\"\u00abGobernadores de Casanare y Meta piden a fuerza p\u00fablica acciones contundentes contra Clan del Golfo. No se quiere repetir terror\u00edfica historia pasada.\u00bb \u2014 \u25b7 Noticias de Casanare : Martha Cifuentes | Casanare\" src=\"https:\/\/marthacifuentes.com\/portada\/2022\/09\/15\/gobernadores-de-casanare-y-meta-piden-a-fuerza-publica-acciones-contundentes-contra-clan-del-golfo-no-se-quiere-repetir-terrorifica-historia-pasada\/embed\/#?secret=vci2kMyZSI#?secret=1UmQGLXHBW\" width=\"600\" height=\"649\" frameborder=\"0\" marginwidth=\"0\" marginheight=\"0\" scrolling=\"no\" sandbox=\"allow-scripts\" data-secret=\"1UmQGLXHBW\" data-mce-fragment=\"1\"><\/iframe><\/p>\n<p><iframe loading=\"lazy\" class=\"wp-embedded-content\" title=\"\u00abPliego de cargos contra alcaldesa de Paz de Ariporo por supuesta irregularidad en nombramiento de secretaria de salud.\u00bb \u2014 \u25b7 Noticias de Casanare : Martha Cifuentes | Casanare\" src=\"https:\/\/marthacifuentes.com\/portada\/2022\/09\/14\/pliego-de-cargos-contra-alcaldesa-de-paz-de-ariporo-por-supuesta-irregularidad-en-nombramiento-de-secretaria-de-salud\/embed\/#?secret=8atHUJ3jEI#?secret=fAYba0JWNC\" width=\"600\" height=\"649\" frameborder=\"0\" marginwidth=\"0\" marginheight=\"0\" scrolling=\"no\" sandbox=\"allow-scripts\" data-secret=\"fAYba0JWNC\" data-mce-fragment=\"1\"><\/iframe><\/p>\n<p><iframe loading=\"lazy\" class=\"wp-embedded-content\" title=\"\u00abPor en\u00e9sima vez capturado redomado ladr\u00f3n alias \u201cR\u00edosucio\u201d en Yopal\u00bb \u2014 \u25b7 Noticias de Casanare : Martha Cifuentes | Casanare\" src=\"https:\/\/marthacifuentes.com\/portada\/2022\/09\/14\/por-enesima-vez-capturado-redomado-ladron-alias-riosucio-en-yopal\/embed\/#?secret=3Ka2ggEwQ7#?secret=3Pv9AOXM41\" width=\"600\" height=\"600\" frameborder=\"0\" marginwidth=\"0\" marginheight=\"0\" scrolling=\"no\" sandbox=\"allow-scripts\" data-secret=\"3Pv9AOXM41\" data-mce-fragment=\"1\"><\/iframe><\/p>\n<p><iframe loading=\"lazy\" class=\"wp-embedded-content\" title=\"\u00abA la c\u00e1rcel, por tortura y homicidio, agravados, presuntos asesinos de l\u00edder social y m\u00e9dica Luz Marina Arteaga\u00bb \u2014 \u25b7 Noticias de Casanare : Martha Cifuentes | Casanare\" src=\"https:\/\/marthacifuentes.com\/portada\/2022\/09\/14\/a-la-carcel-por-tortura-y-homicidio-agravados-presuntos-asesinos-de-lider-social-y-medica-luz-marina-arteaga\/embed\/#?secret=Yt4Z0nrU2G#?secret=DjqrDgDCci\" width=\"600\" height=\"601\" frameborder=\"0\" marginwidth=\"0\" marginheight=\"0\" scrolling=\"no\" sandbox=\"allow-scripts\" data-secret=\"DjqrDgDCci\" data-mce-fragment=\"1\"><\/iframe><\/p>\n<p><iframe loading=\"lazy\" class=\"wp-embedded-content\" title=\"\u00abEl \u00faltimo adi\u00f3s a Fabio Betancourt en Trinidad. Familia y amigos lo despidieron.\u00bb \u2014 \u25b7 Noticias de Casanare : Martha Cifuentes | Casanare\" src=\"https:\/\/marthacifuentes.com\/portada\/2022\/09\/14\/el-ultimo-adios-a-fabio-betancourt-en-trinidad-familia-y-amigos-lo-despidieron\/embed\/#?secret=zo1UeroH0T#?secret=QszwAAUvDq\" width=\"600\" height=\"609\" frameborder=\"0\" marginwidth=\"0\" marginheight=\"0\" scrolling=\"no\" sandbox=\"allow-scripts\" data-secret=\"QszwAAUvDq\" data-mce-fragment=\"1\"><\/iframe><\/p>\n<p><iframe loading=\"lazy\" class=\"wp-embedded-content\" title=\"\u00abCerca de la mitad de los habitantes de Yopal no tienen con qu\u00e9 comer. Seg\u00fan la Alcald\u00eda de Yopal viven en la pobreza.\u00bb \u2014 \u25b7 Noticias de Casanare : Martha Cifuentes | Casanare\" src=\"https:\/\/marthacifuentes.com\/portada\/2022\/09\/13\/cerca-de-la-mitad-de-los-habitantes-de-yopal-no-tienen-con-que-comer-segun-la-alcaldia-de-yopal-viven-en-la-pobreza\/embed\/#?secret=DU928kYgre#?secret=PfDfBSb4Lb\" width=\"600\" height=\"649\" frameborder=\"0\" marginwidth=\"0\" marginheight=\"0\" scrolling=\"no\" sandbox=\"allow-scripts\" data-secret=\"PfDfBSb4Lb\" data-mce-fragment=\"1\"><\/iframe><\/p>\n<p><iframe loading=\"lazy\" class=\"wp-embedded-content\" title=\"\u00abOtras dos urbanizaciones piratas fueron legalizadas en Yopal.\u00bb \u2014 \u25b7 Noticias de Casanare : Martha Cifuentes | Casanare\" src=\"https:\/\/marthacifuentes.com\/portada\/2022\/09\/13\/otras-dos-urbanizaciones-piratas-fueron-legalizadas-en-yopal\/embed\/#?secret=AHqFU0lc9q#?secret=d0jdbvlbn3\" width=\"600\" height=\"621\" frameborder=\"0\" marginwidth=\"0\" marginheight=\"0\" scrolling=\"no\" sandbox=\"allow-scripts\" data-secret=\"d0jdbvlbn3\" data-mce-fragment=\"1\"><\/iframe><\/p>\n<p><iframe loading=\"lazy\" class=\"wp-embedded-content\" title=\"\u00abMin Educaci\u00f3n no tiene recursos para PAE, transporte escolar ni vigilancia en Yopal\u00bb \u2014 \u25b7 Noticias de Casanare : Martha Cifuentes | Casanare\" src=\"https:\/\/marthacifuentes.com\/portada\/2022\/09\/13\/min-educacion-no-tiene-recursos-para-pae-transporte-escolar-ni-vigilancia-en-yopal\/embed\/#?secret=BwXmhRdXD0#?secret=KW0mCyVRT9\" width=\"600\" height=\"619\" frameborder=\"0\" marginwidth=\"0\" marginheight=\"0\" scrolling=\"no\" sandbox=\"allow-scripts\" data-secret=\"KW0mCyVRT9\" data-mce-fragment=\"1\"><\/iframe><\/p>\n<p><iframe loading=\"lazy\" class=\"wp-embedded-content\" title=\"\u00abJoven muri\u00f3 mientras su compa\u00f1era qued\u00f3 malherida en accidente vial en moto en v\u00eda Pore-Yopal\u00bb \u2014 \u25b7 Noticias de Casanare : Martha Cifuentes | Casanare\" src=\"https:\/\/marthacifuentes.com\/portada\/2022\/09\/13\/joven-murio-mientras-su-companera-quedo-malherida-en-accidente-vial-en-moto-en-via-pore-yopal\/embed\/#?secret=3gc85lO6ul#?secret=NBz5nU1Gvi\" width=\"600\" height=\"621\" frameborder=\"0\" marginwidth=\"0\" marginheight=\"0\" scrolling=\"no\" sandbox=\"allow-scripts\" data-secret=\"NBz5nU1Gvi\" data-mce-fragment=\"1\"><\/iframe><\/p>\n<p><iframe loading=\"lazy\" class=\"wp-embedded-content\" title=\"\u00abAtracados empresarios de salud de Yopal\u00bb \u2014 \u25b7 Noticias de Casanare : Martha Cifuentes | Casanare\" src=\"https:\/\/marthacifuentes.com\/portada\/2022\/09\/12\/atracados-empresarios-de-salud-de-yopal\/embed\/#?secret=d3Ez8sUKOB#?secret=4RFxdBEFzj\" width=\"600\" height=\"592\" frameborder=\"0\" marginwidth=\"0\" marginheight=\"0\" scrolling=\"no\" sandbox=\"allow-scripts\" data-secret=\"4RFxdBEFzj\" data-mce-fragment=\"1\"><\/iframe><\/p>\n<p><iframe loading=\"lazy\" class=\"wp-embedded-content\" title=\"\u00abEn Paz de Ariporo, todo, menos PAZ. Delincuentes juegan con la justicia.\u00bb \u2014 \u25b7 Noticias de Casanare : Martha Cifuentes | Casanare\" src=\"https:\/\/marthacifuentes.com\/portada\/2022\/09\/12\/en-paz-de-ariporo-todo-menos-paz-delincuentes-juegan-con-la-justicia\/embed\/#?secret=LpF36pDaiR#?secret=CdUlXtU8lH\" width=\"600\" height=\"621\" frameborder=\"0\" marginwidth=\"0\" marginheight=\"0\" scrolling=\"no\" sandbox=\"allow-scripts\" data-secret=\"CdUlXtU8lH\" data-mce-fragment=\"1\"><\/iframe><\/p>\n<p><iframe loading=\"lazy\" class=\"wp-embedded-content\" title=\"\u00abJuez de Paz de Ariporo, v\u00edctima de ladrones, advierte que delincuente que caiga en sus manos ir\u00e1 a la c\u00e1rcel.\u00bb \u2014 \u25b7 Noticias de Casanare : Martha Cifuentes | Casanare\" src=\"https:\/\/marthacifuentes.com\/portada\/2022\/09\/08\/juez-de-paz-de-ariporo-victima-de-ladrones-advierte-que-delincuente-que-caiga-en-sus-manos-ira-a-la-carcel\/embed\/#?secret=RRdnMp8edM#?secret=wALUxPYKHg\" width=\"600\" height=\"600\" frameborder=\"0\" marginwidth=\"0\" marginheight=\"0\" scrolling=\"no\" sandbox=\"allow-scripts\" data-secret=\"wALUxPYKHg\" data-mce-fragment=\"1\"><\/iframe><\/p>\n<p><iframe loading=\"lazy\" class=\"wp-embedded-content\" title=\"\u00abObras en el sector La Granja en v\u00eda del Cusiana, entre paros, despido de trabajadores y sanciones al contratista\u00bb \u2014 \u25b7 Noticias de Casanare : Martha Cifuentes | Casanare\" src=\"https:\/\/marthacifuentes.com\/portada\/2022\/09\/08\/obras-en-el-sector-la-granja-en-via-del-cusiana-entre-paros-despido-de-trabajadores-y-sanciones-al-contratista\/embed\/#?secret=B2Zy2rVsij#?secret=DrjS7BUYX5\" width=\"600\" height=\"649\" frameborder=\"0\" marginwidth=\"0\" marginheight=\"0\" scrolling=\"no\" sandbox=\"allow-scripts\" data-secret=\"DrjS7BUYX5\" data-mce-fragment=\"1\"><\/iframe><\/p>\n<p>&nbsp;<\/p>\n<p>&nbsp;<\/p>\n","protected":false},"excerpt":{"rendered":"<p>Aunque a los parlamentarios casanare\u00f1os poco y nada les ha interesado el tema de la multimillonaria contrataci\u00f3n de la Eaaay y algunos se dedican a hacer shows medi\u00e1ticos por la supuesta defensa de los animales, la senadora boyacense del Pacto Hist\u00f3rico A\u00edda Avella s\u00ed se ha mostrado muy preocupada por los manejos administrativos de esta &hellip;<\/p>\n","protected":false},"author":2,"featured_media":30099,"comment_status":"open","ping_status":"open","sticky":false,"template":"","format":"standard","meta":{"om_disable_all_campaigns":false,"_exactmetrics_skip_tracking":false,"_exactmetrics_sitenote_active":false,"_exactmetrics_sitenote_note":"","_exactmetrics_sitenote_category":0,"_monsterinsights_skip_tracking":false,"_monsterinsights_sitenote_active":false,"_monsterinsights_sitenote_note":"","_monsterinsights_sitenote_category":0,"_uf_show_specific_survey":0,"_uf_disable_surveys":false,"_joinchat":[],"footnotes":""},"categories":[147,146,145],"tags":[1373,8437,8438,1400],"class_list":["post-30096","post","type-post","status-publish","format-standard","has-post-thumbnail","hentry","category-actualidad","category-noticias","category-reportajes","tag-casanare-noticias","tag-contratacion-millonaria-eaaay-aida-avella","tag-luis-eduardo-castro-alcalde-de-yopal-contratacion-ptar-y-planta-de-basuras-eaaay","tag-noticias-casanare"],"yoast_head":"<!-- This site is optimized with the Yoast SEO plugin v26.1 - https:\/\/yoast.com\/wordpress\/plugins\/seo\/ -->\n<title>Senadora A\u00edda Avella pregunta c\u00f3mo va a afectar el bolsillo de los yopale\u00f1os, disfrazada concesi\u00f3n multimillonaria de servicios de la EAAAY - \u25b7 Noticias de Casanare : Martha Cifuentes | Casanare<\/title>\n<meta name=\"robots\" content=\"index, follow, max-snippet:-1, max-image-preview:large, max-video-preview:-1\" \/>\n<link rel=\"canonical\" href=\"https:\/\/marthacifuentes.com\/portada\/senadora-aida-avella-pregunta-como-va-a-afectar-el-bolsillo-de-los-yopalenos-disfrazada-concesion-multimillonaria-de-servicios-de-la-eaaay\/\" \/>\n<meta property=\"og:locale\" content=\"es_ES\" \/>\n<meta property=\"og:type\" content=\"article\" \/>\n<meta property=\"og:title\" content=\"Senadora A\u00edda Avella pregunta c\u00f3mo va a afectar el bolsillo de los yopale\u00f1os, disfrazada concesi\u00f3n multimillonaria de servicios de la EAAAY - \u25b7 Noticias de Casanare : Martha Cifuentes | Casanare\" \/>\n<meta property=\"og:description\" content=\"Aunque a los parlamentarios casanare\u00f1os poco y nada les ha interesado el tema de la multimillonaria contrataci\u00f3n de la Eaaay y algunos se dedican a hacer shows medi\u00e1ticos por la supuesta defensa de los animales, la senadora boyacense del Pacto Hist\u00f3rico A\u00edda Avella s\u00ed se ha mostrado muy preocupada por los manejos administrativos de esta &hellip;\" \/>\n<meta property=\"og:url\" content=\"https:\/\/marthacifuentes.com\/portada\/senadora-aida-avella-pregunta-como-va-a-afectar-el-bolsillo-de-los-yopalenos-disfrazada-concesion-multimillonaria-de-servicios-de-la-eaaay\/\" \/>\n<meta property=\"og:site_name\" content=\"\u25b7 Noticias de Casanare : Martha Cifuentes | Casanare\" \/>\n<meta property=\"article:published_time\" content=\"2022-10-01T00:06:55+00:00\" \/>\n<meta property=\"og:image\" content=\"https:\/\/marthacifuentes.com\/portada\/wp-content\/uploads\/2022\/09\/aida-avella-boyaca-7-dias-2-1.png\" \/>\n\t<meta property=\"og:image:width\" content=\"567\" \/>\n\t<meta property=\"og:image:height\" content=\"377\" \/>\n\t<meta property=\"og:image:type\" content=\"image\/png\" \/>\n<meta name=\"author\" content=\"Martha Cifuentes\" \/>\n<meta name=\"twitter:card\" content=\"summary_large_image\" \/>\n<meta name=\"twitter:label1\" content=\"Escrito por\" \/>\n\t<meta name=\"twitter:data1\" content=\"Martha Cifuentes\" \/>\n\t<meta name=\"twitter:label2\" content=\"Tiempo de lectura\" \/>\n\t<meta name=\"twitter:data2\" content=\"2 minutos\" \/>\n<script type=\"application\/ld+json\" class=\"yoast-schema-graph\">{\"@context\":\"https:\/\/schema.org\",\"@graph\":[{\"@type\":\"WebPage\",\"@id\":\"https:\/\/marthacifuentes.com\/portada\/senadora-aida-avella-pregunta-como-va-a-afectar-el-bolsillo-de-los-yopalenos-disfrazada-concesion-multimillonaria-de-servicios-de-la-eaaay\/\",\"url\":\"https:\/\/marthacifuentes.com\/portada\/senadora-aida-avella-pregunta-como-va-a-afectar-el-bolsillo-de-los-yopalenos-disfrazada-concesion-multimillonaria-de-servicios-de-la-eaaay\/\",\"name\":\"Senadora A\u00edda Avella pregunta c\u00f3mo va a afectar el bolsillo de los yopale\u00f1os, disfrazada concesi\u00f3n multimillonaria de servicios de la EAAAY - \u25b7 Noticias de Casanare : Martha Cifuentes | Casanare\",\"isPartOf\":{\"@id\":\"https:\/\/marthacifuentes.com\/portada\/#website\"},\"primaryImageOfPage\":{\"@id\":\"https:\/\/marthacifuentes.com\/portada\/senadora-aida-avella-pregunta-como-va-a-afectar-el-bolsillo-de-los-yopalenos-disfrazada-concesion-multimillonaria-de-servicios-de-la-eaaay\/#primaryimage\"},\"image\":{\"@id\":\"https:\/\/marthacifuentes.com\/portada\/senadora-aida-avella-pregunta-como-va-a-afectar-el-bolsillo-de-los-yopalenos-disfrazada-concesion-multimillonaria-de-servicios-de-la-eaaay\/#primaryimage\"},\"thumbnailUrl\":\"https:\/\/marthacifuentes.com\/portada\/wp-content\/uploads\/2022\/09\/aida-avella-boyaca-7-dias-2-1.png\",\"datePublished\":\"2022-10-01T00:06:55+00:00\",\"author\":{\"@id\":\"https:\/\/marthacifuentes.com\/portada\/#\/schema\/person\/57f53174b991db5f90ff78d58502b714\"},\"breadcrumb\":{\"@id\":\"https:\/\/marthacifuentes.com\/portada\/senadora-aida-avella-pregunta-como-va-a-afectar-el-bolsillo-de-los-yopalenos-disfrazada-concesion-multimillonaria-de-servicios-de-la-eaaay\/#breadcrumb\"},\"inLanguage\":\"es\",\"potentialAction\":[{\"@type\":\"ReadAction\",\"target\":[\"https:\/\/marthacifuentes.com\/portada\/senadora-aida-avella-pregunta-como-va-a-afectar-el-bolsillo-de-los-yopalenos-disfrazada-concesion-multimillonaria-de-servicios-de-la-eaaay\/\"]}]},{\"@type\":\"ImageObject\",\"inLanguage\":\"es\",\"@id\":\"https:\/\/marthacifuentes.com\/portada\/senadora-aida-avella-pregunta-como-va-a-afectar-el-bolsillo-de-los-yopalenos-disfrazada-concesion-multimillonaria-de-servicios-de-la-eaaay\/#primaryimage\",\"url\":\"https:\/\/marthacifuentes.com\/portada\/wp-content\/uploads\/2022\/09\/aida-avella-boyaca-7-dias-2-1.png\",\"contentUrl\":\"https:\/\/marthacifuentes.com\/portada\/wp-content\/uploads\/2022\/09\/aida-avella-boyaca-7-dias-2-1.png\",\"width\":567,\"height\":377},{\"@type\":\"BreadcrumbList\",\"@id\":\"https:\/\/marthacifuentes.com\/portada\/senadora-aida-avella-pregunta-como-va-a-afectar-el-bolsillo-de-los-yopalenos-disfrazada-concesion-multimillonaria-de-servicios-de-la-eaaay\/#breadcrumb\",\"itemListElement\":[{\"@type\":\"ListItem\",\"position\":1,\"name\":\"Portada\",\"item\":\"https:\/\/marthacifuentes.com\/portada\/\"},{\"@type\":\"ListItem\",\"position\":2,\"name\":\"Senadora A\u00edda Avella pregunta c\u00f3mo va a afectar el bolsillo de los yopale\u00f1os, disfrazada concesi\u00f3n multimillonaria de servicios de la EAAAY\"}]},{\"@type\":\"WebSite\",\"@id\":\"https:\/\/marthacifuentes.com\/portada\/#website\",\"url\":\"https:\/\/marthacifuentes.com\/portada\/\",\"name\":\"\u25b7 Noticias de Casanare : Martha Cifuentes | Casanare\",\"description\":\"Noticias &amp; Contenidos\",\"potentialAction\":[{\"@type\":\"SearchAction\",\"target\":{\"@type\":\"EntryPoint\",\"urlTemplate\":\"https:\/\/marthacifuentes.com\/portada\/?s={search_term_string}\"},\"query-input\":{\"@type\":\"PropertyValueSpecification\",\"valueRequired\":true,\"valueName\":\"search_term_string\"}}],\"inLanguage\":\"es\"},{\"@type\":\"Person\",\"@id\":\"https:\/\/marthacifuentes.com\/portada\/#\/schema\/person\/57f53174b991db5f90ff78d58502b714\",\"name\":\"Martha Cifuentes\",\"image\":{\"@type\":\"ImageObject\",\"inLanguage\":\"es\",\"@id\":\"https:\/\/marthacifuentes.com\/portada\/#\/schema\/person\/image\/\",\"url\":\"http:\/\/marthacifuentes.com\/portada\/wp-content\/uploads\/2018\/06\/avatar_user_2_1528838701-96x96.jpg\",\"contentUrl\":\"http:\/\/marthacifuentes.com\/portada\/wp-content\/uploads\/2018\/06\/avatar_user_2_1528838701-96x96.jpg\",\"caption\":\"Martha Cifuentes\"},\"sameAs\":[\"http:\/\/www.marthacifuentes.com\"],\"url\":\"https:\/\/marthacifuentes.com\/portada\/author\/martha\/\"}]}<\/script>\n<!-- \/ Yoast SEO plugin. -->","yoast_head_json":{"title":"Senadora A\u00edda Avella pregunta c\u00f3mo va a afectar el bolsillo de los yopale\u00f1os, disfrazada concesi\u00f3n multimillonaria de servicios de la EAAAY - \u25b7 Noticias de Casanare : Martha Cifuentes | Casanare","robots":{"index":"index","follow":"follow","max-snippet":"max-snippet:-1","max-image-preview":"max-image-preview:large","max-video-preview":"max-video-preview:-1"},"canonical":"https:\/\/marthacifuentes.com\/portada\/senadora-aida-avella-pregunta-como-va-a-afectar-el-bolsillo-de-los-yopalenos-disfrazada-concesion-multimillonaria-de-servicios-de-la-eaaay\/","og_locale":"es_ES","og_type":"article","og_title":"Senadora A\u00edda Avella pregunta c\u00f3mo va a afectar el bolsillo de los yopale\u00f1os, disfrazada concesi\u00f3n multimillonaria de servicios de la EAAAY - \u25b7 Noticias de Casanare : Martha Cifuentes | Casanare","og_description":"Aunque a los parlamentarios casanare\u00f1os poco y nada les ha interesado el tema de la multimillonaria contrataci\u00f3n de la Eaaay y algunos se dedican a hacer shows medi\u00e1ticos por la supuesta defensa de los animales, la senadora boyacense del Pacto Hist\u00f3rico A\u00edda Avella s\u00ed se ha mostrado muy preocupada por los manejos administrativos de esta &hellip;","og_url":"https:\/\/marthacifuentes.com\/portada\/senadora-aida-avella-pregunta-como-va-a-afectar-el-bolsillo-de-los-yopalenos-disfrazada-concesion-multimillonaria-de-servicios-de-la-eaaay\/","og_site_name":"\u25b7 Noticias de Casanare : Martha Cifuentes | Casanare","article_published_time":"2022-10-01T00:06:55+00:00","og_image":[{"width":567,"height":377,"url":"https:\/\/marthacifuentes.com\/portada\/wp-content\/uploads\/2022\/09\/aida-avella-boyaca-7-dias-2-1.png","type":"image\/png"}],"author":"Martha Cifuentes","twitter_card":"summary_large_image","twitter_misc":{"Escrito por":"Martha Cifuentes","Tiempo de lectura":"2 minutos"},"schema":{"@context":"https:\/\/schema.org","@graph":[{"@type":"WebPage","@id":"https:\/\/marthacifuentes.com\/portada\/senadora-aida-avella-pregunta-como-va-a-afectar-el-bolsillo-de-los-yopalenos-disfrazada-concesion-multimillonaria-de-servicios-de-la-eaaay\/","url":"https:\/\/marthacifuentes.com\/portada\/senadora-aida-avella-pregunta-como-va-a-afectar-el-bolsillo-de-los-yopalenos-disfrazada-concesion-multimillonaria-de-servicios-de-la-eaaay\/","name":"Senadora A\u00edda Avella pregunta c\u00f3mo va a afectar el bolsillo de los yopale\u00f1os, disfrazada concesi\u00f3n multimillonaria de servicios de la EAAAY - \u25b7 Noticias de Casanare : Martha Cifuentes | Casanare","isPartOf":{"@id":"https:\/\/marthacifuentes.com\/portada\/#website"},"primaryImageOfPage":{"@id":"https:\/\/marthacifuentes.com\/portada\/senadora-aida-avella-pregunta-como-va-a-afectar-el-bolsillo-de-los-yopalenos-disfrazada-concesion-multimillonaria-de-servicios-de-la-eaaay\/#primaryimage"},"image":{"@id":"https:\/\/marthacifuentes.com\/portada\/senadora-aida-avella-pregunta-como-va-a-afectar-el-bolsillo-de-los-yopalenos-disfrazada-concesion-multimillonaria-de-servicios-de-la-eaaay\/#primaryimage"},"thumbnailUrl":"https:\/\/marthacifuentes.com\/portada\/wp-content\/uploads\/2022\/09\/aida-avella-boyaca-7-dias-2-1.png","datePublished":"2022-10-01T00:06:55+00:00","author":{"@id":"https:\/\/marthacifuentes.com\/portada\/#\/schema\/person\/57f53174b991db5f90ff78d58502b714"},"breadcrumb":{"@id":"https:\/\/marthacifuentes.com\/portada\/senadora-aida-avella-pregunta-como-va-a-afectar-el-bolsillo-de-los-yopalenos-disfrazada-concesion-multimillonaria-de-servicios-de-la-eaaay\/#breadcrumb"},"inLanguage":"es","potentialAction":[{"@type":"ReadAction","target":["https:\/\/marthacifuentes.com\/portada\/senadora-aida-avella-pregunta-como-va-a-afectar-el-bolsillo-de-los-yopalenos-disfrazada-concesion-multimillonaria-de-servicios-de-la-eaaay\/"]}]},{"@type":"ImageObject","inLanguage":"es","@id":"https:\/\/marthacifuentes.com\/portada\/senadora-aida-avella-pregunta-como-va-a-afectar-el-bolsillo-de-los-yopalenos-disfrazada-concesion-multimillonaria-de-servicios-de-la-eaaay\/#primaryimage","url":"https:\/\/marthacifuentes.com\/portada\/wp-content\/uploads\/2022\/09\/aida-avella-boyaca-7-dias-2-1.png","contentUrl":"https:\/\/marthacifuentes.com\/portada\/wp-content\/uploads\/2022\/09\/aida-avella-boyaca-7-dias-2-1.png","width":567,"height":377},{"@type":"BreadcrumbList","@id":"https:\/\/marthacifuentes.com\/portada\/senadora-aida-avella-pregunta-como-va-a-afectar-el-bolsillo-de-los-yopalenos-disfrazada-concesion-multimillonaria-de-servicios-de-la-eaaay\/#breadcrumb","itemListElement":[{"@type":"ListItem","position":1,"name":"Portada","item":"https:\/\/marthacifuentes.com\/portada\/"},{"@type":"ListItem","position":2,"name":"Senadora A\u00edda Avella pregunta c\u00f3mo va a afectar el bolsillo de los yopale\u00f1os, disfrazada concesi\u00f3n multimillonaria de servicios de la EAAAY"}]},{"@type":"WebSite","@id":"https:\/\/marthacifuentes.com\/portada\/#website","url":"https:\/\/marthacifuentes.com\/portada\/","name":"\u25b7 Noticias de Casanare : Martha Cifuentes | Casanare","description":"Noticias &amp; Contenidos","potentialAction":[{"@type":"SearchAction","target":{"@type":"EntryPoint","urlTemplate":"https:\/\/marthacifuentes.com\/portada\/?s={search_term_string}"},"query-input":{"@type":"PropertyValueSpecification","valueRequired":true,"valueName":"search_term_string"}}],"inLanguage":"es"},{"@type":"Person","@id":"https:\/\/marthacifuentes.com\/portada\/#\/schema\/person\/57f53174b991db5f90ff78d58502b714","name":"Martha Cifuentes","image":{"@type":"ImageObject","inLanguage":"es","@id":"https:\/\/marthacifuentes.com\/portada\/#\/schema\/person\/image\/","url":"http:\/\/marthacifuentes.com\/portada\/wp-content\/uploads\/2018\/06\/avatar_user_2_1528838701-96x96.jpg","contentUrl":"http:\/\/marthacifuentes.com\/portada\/wp-content\/uploads\/2018\/06\/avatar_user_2_1528838701-96x96.jpg","caption":"Martha Cifuentes"},"sameAs":["http:\/\/www.marthacifuentes.com"],"url":"https:\/\/marthacifuentes.com\/portada\/author\/martha\/"}]}},"_links":{"self":[{"href":"https:\/\/marthacifuentes.com\/portada\/wp-json\/wp\/v2\/posts\/30096","targetHints":{"allow":["GET"]}}],"collection":[{"href":"https:\/\/marthacifuentes.com\/portada\/wp-json\/wp\/v2\/posts"}],"about":[{"href":"https:\/\/marthacifuentes.com\/portada\/wp-json\/wp\/v2\/types\/post"}],"author":[{"embeddable":true,"href":"https:\/\/marthacifuentes.com\/portada\/wp-json\/wp\/v2\/users\/2"}],"replies":[{"embeddable":true,"href":"https:\/\/marthacifuentes.com\/portada\/wp-json\/wp\/v2\/comments?post=30096"}],"version-history":[{"count":1,"href":"https:\/\/marthacifuentes.com\/portada\/wp-json\/wp\/v2\/posts\/30096\/revisions"}],"predecessor-version":[{"id":30103,"href":"https:\/\/marthacifuentes.com\/portada\/wp-json\/wp\/v2\/posts\/30096\/revisions\/30103"}],"wp:featuredmedia":[{"embeddable":true,"href":"https:\/\/marthacifuentes.com\/portada\/wp-json\/wp\/v2\/media\/30099"}],"wp:attachment":[{"href":"https:\/\/marthacifuentes.com\/portada\/wp-json\/wp\/v2\/media?parent=30096"}],"wp:term":[{"taxonomy":"category","embeddable":true,"href":"https:\/\/marthacifuentes.com\/portada\/wp-json\/wp\/v2\/categories?post=30096"},{"taxonomy":"post_tag","embeddable":true,"href":"https:\/\/marthacifuentes.com\/portada\/wp-json\/wp\/v2\/tags?post=30096"}],"curies":[{"name":"wp","href":"https:\/\/api.w.org\/{rel}","templated":true}]}}