{"id":30104,"date":"2022-09-30T20:56:16","date_gmt":"2022-10-01T01:56:16","guid":{"rendered":"https:\/\/marthacifuentes.com\/portada\/?p=30104"},"modified":"2022-09-30T20:57:18","modified_gmt":"2022-10-01T01:57:18","slug":"asalto-en-la-oficina-del-empresario-y-politico-juan-bernardo-serrano-en-yopal","status":"publish","type":"post","link":"https:\/\/marthacifuentes.com\/portada\/asalto-en-la-oficina-del-empresario-y-politico-juan-bernardo-serrano-en-yopal\/","title":{"rendered":"Asalto en la oficina del empresario y pol\u00edtico Juan Bernardo Serrano en Yopal"},"content":{"rendered":"<p>El excandidato a la Gobernaci\u00f3n de Casanare, empresario y arrocero, Juan Bernardo Serrano, fue otra de las v\u00edctimas de los delincuentes en Yopal. As\u00ed lo denunci\u00f3 hace un par de horas en sus rede sociales.<\/p>\n<p>En la tarde de hoy cuatro sujetos motorizados que llegaron con batas, cascos y armas a las oficinas de su empresa de venta de maquinaria, contiguas a Molinos El Yopal, intimidaron a su esposa Sandra Milena y varias secretarias para robarles sus pertenencias.<\/p>\n<p>Los delincuentes hurtaron bolsos, documentos y chequeras, entre otros elementos. El robo qued\u00f3 registrado en c\u00e1maras de seguridad de la empresa. Las v\u00edctimas ya est\u00e1n realizando las denuncias correspondientes. Y seg\u00fan Juan Bernardo, la polic\u00eda ya est\u00e1 al frente de la situaci\u00f3n.<\/p>\n<p>Con este nuevo asalto se corrobora que nadie est\u00e1 seguro en Yopal, ni en la calle, en la moto, el carro, la oficina, el restaurante o la misma casa. Lamentablemente pese a los cuantiosos recursos invertidos en equipos, c\u00e1maras de seguridad, motos, carros, drones, los delincuentes siguen haciendo de las suyas.<\/p>\n<p>Justamente ayer el gobernador de Casanare, Salom\u00f3n Sanabria, se percat\u00f3 en un consejo de seguridad ampliado en Yopal, que las c\u00e1maras de seguridad no funcionan en su mayor\u00eda en esta ciudad, a pesar de los cuantiosos miles de millones de pesos invertidos.<\/p>\n<h2><strong>Otras noticias&#8230;.<\/strong><\/h2>\n<blockquote class=\"wp-embedded-content\" data-secret=\"3srR1tJmsL\"><p><a href=\"https:\/\/marthacifuentes.com\/portada\/\">Portada<\/a><\/p><\/blockquote>\n<p><iframe loading=\"lazy\" class=\"wp-embedded-content\" sandbox=\"allow-scripts\" security=\"restricted\" style=\"position: absolute; clip: rect(1px, 1px, 1px, 1px);\" title=\"\u00abPortada\u00bb \u2014 \u25b7 Noticias de Casanare : Martha Cifuentes | Casanare\" src=\"https:\/\/marthacifuentes.com\/portada\/embed\/#?secret=usjxipJJqe#?secret=3srR1tJmsL\" data-secret=\"3srR1tJmsL\" width=\"500\" height=\"282\" frameborder=\"0\" marginwidth=\"0\" marginheight=\"0\" scrolling=\"no\"><\/iframe><\/p>\n<p><iframe loading=\"lazy\" class=\"wp-embedded-content\" title=\"\u00abGobernador de Casanare descubri\u00f3 el agua tibia, que la inseguridad campea en Yopal y las c\u00e1maras de seguridad no funcionan\u00bb \u2014 \u25b7 Noticias de Casanare : Martha Cifuentes | Casanare\" src=\"https:\/\/marthacifuentes.com\/portada\/2022\/09\/30\/gobernador-de-casanare-descubrio-el-agua-tibia-que-la-inseguridad-campea-en-yopal-y-las-camaras-de-seguridad-no-funcionan\/embed\/#?secret=YR5WSIXH04#?secret=yA91pNgqKB\" width=\"600\" height=\"649\" frameborder=\"0\" marginwidth=\"0\" marginheight=\"0\" scrolling=\"no\" sandbox=\"allow-scripts\" data-secret=\"yA91pNgqKB\" data-mce-fragment=\"1\"><\/iframe><\/p>\n<p><iframe loading=\"lazy\" class=\"wp-embedded-content\" title=\"\u00ab\u00bfOtra vez militares aliados a grupo paramilitar Clan del Golfo, en Casanare? Capturado sargento activo que \u00abtrabajaba\u00bb para este GAO.\u00bb \u2014 \u25b7 Noticias de Casanare : Martha Cifuentes | Casanare\" src=\"https:\/\/marthacifuentes.com\/portada\/2022\/09\/28\/otra-vez-militares-aliados-a-grupo-paramilitar-clan-del-golfo-en-casanare-capturado-sargento-activo-que-trabajaba-para-este-gao\/embed\/#?secret=ShBvuYqfHL#?secret=vCkhUHLye5\" width=\"600\" height=\"640\" frameborder=\"0\" marginwidth=\"0\" marginheight=\"0\" scrolling=\"no\" sandbox=\"allow-scripts\" data-secret=\"vCkhUHLye5\" data-mce-fragment=\"1\"><\/iframe><\/p>\n<p><iframe loading=\"lazy\" class=\"wp-embedded-content\" title=\"\u00abDe payaso, maltratador, bobo, osado, showsero y hasta \u00e9mulo de Cal\u00edgula, fue calificado el senador Alirio Barrera, por meter su caballo al Congreso.\u00bb \u2014 \u25b7 Noticias de Casanare : Martha Cifuentes | Casanare\" src=\"https:\/\/marthacifuentes.com\/portada\/2022\/09\/28\/de-payaso-maltratador-bobo-osado-showsero-y-hasta-emulo-de-caligula-fue-calificado-el-senador-alirio-barrera-por-meter-su-caballo-al-congreso\/embed\/#?secret=cWjhV4Ebmv#?secret=zBQ4A3S5az\" width=\"600\" height=\"627\" frameborder=\"0\" marginwidth=\"0\" marginheight=\"0\" scrolling=\"no\" sandbox=\"allow-scripts\" data-secret=\"zBQ4A3S5az\" data-mce-fragment=\"1\"><\/iframe><\/p>\n<p><iframe loading=\"lazy\" class=\"wp-embedded-content\" title=\"\u00abEl Up\u00eda, Cusiana y Meta, r\u00edos del narcotr\u00e1fico en Casanare y Meta: Gobernador de Casanare\u00bb \u2014 \u25b7 Noticias de Casanare : Martha Cifuentes | Casanare\" src=\"https:\/\/marthacifuentes.com\/portada\/2022\/09\/26\/el-upia-cusiana-y-meta-rios-del-narcotrafico-en-casanare-y-meta-gobernador-de-casanare\/embed\/#?secret=0kRSkvWBon#?secret=yAbFmaHjyk\" width=\"600\" height=\"621\" frameborder=\"0\" marginwidth=\"0\" marginheight=\"0\" scrolling=\"no\" sandbox=\"allow-scripts\" data-secret=\"yAbFmaHjyk\" data-mce-fragment=\"1\"><\/iframe><\/p>\n<p><iframe loading=\"lazy\" class=\"wp-embedded-content\" title=\"\u00abAccidente en v\u00eda Paz de Ariporo-Hato Corozal, enluta a familia de Tame, Arauca. Dos de sus integrantes fallecieron.\u00bb \u2014 \u25b7 Noticias de Casanare : Martha Cifuentes | Casanare\" src=\"https:\/\/marthacifuentes.com\/portada\/2022\/09\/26\/accidente-en-via-paz-de-ariporo-hato-corozal-enluta-a-familia-de-tame-arauca-dos-de-sus-integrantes-fallecieron\/embed\/#?secret=S4LssPHWKi#?secret=J5Fv6ljeVM\" width=\"600\" height=\"580\" frameborder=\"0\" marginwidth=\"0\" marginheight=\"0\" scrolling=\"no\" sandbox=\"allow-scripts\" data-secret=\"J5Fv6ljeVM\" data-mce-fragment=\"1\"><\/iframe><\/p>\n<p><iframe loading=\"lazy\" class=\"wp-embedded-content\" title=\"\u00abCondenado en Yopal profesor de religi\u00f3n y moral que abus\u00f3 de dos ni\u00f1as de 8 a\u00f1os en 2016\u00bb \u2014 \u25b7 Noticias de Casanare : Martha Cifuentes | Casanare\" src=\"https:\/\/marthacifuentes.com\/portada\/2022\/09\/26\/condenado-en-yopal-profesor-de-religion-y-moral-que-abuso-de-dos-ninas-de-8-anos-en-2016\/embed\/#?secret=xD21mZc0HL#?secret=m4SYdMHEox\" width=\"600\" height=\"600\" frameborder=\"0\" marginwidth=\"0\" marginheight=\"0\" scrolling=\"no\" sandbox=\"allow-scripts\" data-secret=\"m4SYdMHEox\" data-mce-fragment=\"1\"><\/iframe><\/p>\n<p><iframe loading=\"lazy\" class=\"wp-embedded-content\" title=\"\u00abSupuesto cabecilla del Clan del Golfo, en Casanare y Meta, capturado en Barranca de Up\u00eda. Estuvo en Man\u00ed present\u00e1ndose como tal.\u00bb \u2014 \u25b7 Noticias de Casanare : Martha Cifuentes | Casanare\" src=\"https:\/\/marthacifuentes.com\/portada\/2022\/09\/26\/supuesto-cabecilla-del-clan-del-golfo-en-casanare-y-meta-capturado-en-barranca-de-upia-estuvo-en-mani-presentandose-como-tal\/embed\/#?secret=A7zsX54lm0#?secret=oz1bf0G7q8\" width=\"600\" height=\"649\" frameborder=\"0\" marginwidth=\"0\" marginheight=\"0\" scrolling=\"no\" sandbox=\"allow-scripts\" data-secret=\"oz1bf0G7q8\" data-mce-fragment=\"1\"><\/iframe><\/p>\n<p><iframe loading=\"lazy\" class=\"wp-embedded-content\" title=\"\u00abEn ataque sicarial, asesinado familiar de \u00abmart\u00edn llanos\u00bb, y tres hombres fueron heridos en Monterrey, Casanare\u00bb \u2014 \u25b7 Noticias de Casanare : Martha Cifuentes | Casanare\" src=\"https:\/\/marthacifuentes.com\/portada\/2022\/09\/23\/en-ataque-sicarial-asesinado-familiar-de-martin-llanos-y-tres-hombres-fueron-heridos-en-monterrey-casanare\/embed\/#?secret=oktl2yvWTR#?secret=7yY09aXDux\" width=\"600\" height=\"628\" frameborder=\"0\" marginwidth=\"0\" marginheight=\"0\" scrolling=\"no\" sandbox=\"allow-scripts\" data-secret=\"7yY09aXDux\" data-mce-fragment=\"1\"><\/iframe><\/p>\n<p><iframe loading=\"lazy\" class=\"wp-embedded-content\" title=\"\u00abEAAAY concesion\u00f3 PTAR de Yopal y planta de tratamiento de basuras por $320 mil millones a 30 a\u00f1os. \u00a0\u00a0\u00bb \u2014 \u25b7 Noticias de Casanare : Martha Cifuentes | Casanare\" src=\"https:\/\/marthacifuentes.com\/portada\/2022\/09\/22\/eaaay-concesiono-ptar-de-yopal-y-planta-de-tratamiento-de-basuras-por-320-mil-millones-a-30-anos\/embed\/#?secret=BiiB6Qh7F9#?secret=zAxAySy4Ef\" width=\"600\" height=\"633\" frameborder=\"0\" marginwidth=\"0\" marginheight=\"0\" scrolling=\"no\" sandbox=\"allow-scripts\" data-secret=\"zAxAySy4Ef\" data-mce-fragment=\"1\"><\/iframe><\/p>\n<p><iframe loading=\"lazy\" class=\"wp-embedded-content\" title=\"\u00abLa Fiscal\u00eda les ocup\u00f3 bienes a paramilitares condenados y presuntos testaferros de alias \u201cMart\u00edn Llanos\u201d\u00bb \u2014 \u25b7 Noticias de Casanare : Martha Cifuentes | Casanare\" src=\"https:\/\/marthacifuentes.com\/portada\/2022\/09\/22\/la-fiscalia-les-ocupo-bienes-a-paramilitares-condenados-y-presuntos-testaferros-de-alias-martin-llanos\/embed\/#?secret=gWiJoWZuel#?secret=QF3nM5m8AY\" width=\"600\" height=\"649\" frameborder=\"0\" marginwidth=\"0\" marginheight=\"0\" scrolling=\"no\" sandbox=\"allow-scripts\" data-secret=\"QF3nM5m8AY\" data-mce-fragment=\"1\"><\/iframe><\/p>\n<p><iframe loading=\"lazy\" class=\"wp-embedded-content\" title=\"\u00abEcopetrol afirma que garantizar\u00e1 suministro de gas a sus usuarios durante mantenimiento de planta de Cusiana en octubre\u00bb \u2014 \u25b7 Noticias de Casanare : Martha Cifuentes | Casanare\" src=\"https:\/\/marthacifuentes.com\/portada\/2022\/09\/21\/ecopetrol-afirma-que-garantizara-suministro-de-gas-a-sus-usuarios-durante-mantenimiento-de-planta-de-cusiana-en-octubre\/embed\/#?secret=8LJYGedRbe#?secret=Uajg0g5veK\" width=\"600\" height=\"618\" frameborder=\"0\" marginwidth=\"0\" marginheight=\"0\" scrolling=\"no\" sandbox=\"allow-scripts\" data-secret=\"Uajg0g5veK\" data-mce-fragment=\"1\"><\/iframe><\/p>\n<p><iframe loading=\"lazy\" class=\"wp-embedded-content\" title=\"\u00abAutoridades de Yopal y Casanare cuestionan que ladrones reincidentes queden libres y vuelvan a las calles a cometer fechor\u00edas\u00bb \u2014 \u25b7 Noticias de Casanare : Martha Cifuentes | Casanare\" src=\"https:\/\/marthacifuentes.com\/portada\/2022\/09\/21\/autoridades-de-yopal-y-casanare-cuestionan-que-ladrones-reincidentes-queden-libres-y-vuelvan-a-las-calles-a-cometer-fechorias\/embed\/#?secret=Wab5wG2fHI#?secret=GmsDWKkSka\" width=\"600\" height=\"649\" frameborder=\"0\" marginwidth=\"0\" marginheight=\"0\" scrolling=\"no\" sandbox=\"allow-scripts\" data-secret=\"GmsDWKkSka\" data-mce-fragment=\"1\"><\/iframe><\/p>\n<p><iframe loading=\"lazy\" class=\"wp-embedded-content\" title=\"\u00abEn Casanare los ladrones se robaron la tranquilidad. Al menos 6 hurtos diarios, en promedio, son reportados.\u00bb \u2014 \u25b7 Noticias de Casanare : Martha Cifuentes | Casanare\" src=\"https:\/\/marthacifuentes.com\/portada\/2022\/09\/21\/en-casanare-los-ladrones-se-robaron-la-tranquilidad-al-menos-6-hurtos-diarios-en-promedio-son-reportados\/embed\/#?secret=ntq7AHrlhJ#?secret=AJIXkGkwqN\" width=\"600\" height=\"621\" frameborder=\"0\" marginwidth=\"0\" marginheight=\"0\" scrolling=\"no\" sandbox=\"allow-scripts\" data-secret=\"AJIXkGkwqN\" data-mce-fragment=\"1\"><\/iframe><\/p>\n<p>&nbsp;<\/p>\n","protected":false},"excerpt":{"rendered":"<p>El excandidato a la Gobernaci\u00f3n de Casanare, empresario y arrocero, Juan Bernardo Serrano, fue otra de las v\u00edctimas de los delincuentes en Yopal. As\u00ed lo denunci\u00f3 hace un par de horas en sus rede sociales. En la tarde de hoy cuatro sujetos motorizados que llegaron con batas, cascos y armas a las oficinas de su &hellip;<\/p>\n","protected":false},"author":2,"featured_media":30105,"comment_status":"open","ping_status":"open","sticky":false,"template":"","format":"standard","meta":{"om_disable_all_campaigns":false,"_exactmetrics_skip_tracking":false,"_exactmetrics_sitenote_active":false,"_exactmetrics_sitenote_note":"","_exactmetrics_sitenote_category":0,"_monsterinsights_skip_tracking":false,"_monsterinsights_sitenote_active":false,"_monsterinsights_sitenote_note":"","_monsterinsights_sitenote_category":0,"_uf_show_specific_survey":0,"_uf_disable_surveys":false,"_joinchat":[],"footnotes":""},"categories":[147,146,145],"tags":[5768,8440,8439,1421,1376,8441],"class_list":["post-30104","post","type-post","status-publish","format-standard","has-post-thumbnail","hentry","category-actualidad","category-noticias","category-reportajes","tag-casanare-noticia","tag-excandidato-a-la-gobernacion-de-casanare-juan-bernardo-serrano-victima-de-la-delincuencia-en-yopal","tag-juan-bernardo-serrano-victima-de-robo-en-yopal","tag-noticias-yopal","tag-yopal-noticias","tag-yopal-segura-luis-eduardo-castro"],"yoast_head":"<!-- This site is optimized with the Yoast SEO plugin v26.1 - https:\/\/yoast.com\/wordpress\/plugins\/seo\/ -->\n<title>Asalto en la oficina del empresario y pol\u00edtico Juan Bernardo Serrano en Yopal - \u25b7 Noticias de Casanare : Martha Cifuentes | Casanare<\/title>\n<meta name=\"robots\" content=\"index, follow, max-snippet:-1, max-image-preview:large, max-video-preview:-1\" \/>\n<link rel=\"canonical\" href=\"https:\/\/marthacifuentes.com\/portada\/asalto-en-la-oficina-del-empresario-y-politico-juan-bernardo-serrano-en-yopal\/\" \/>\n<meta property=\"og:locale\" content=\"es_ES\" \/>\n<meta property=\"og:type\" content=\"article\" \/>\n<meta property=\"og:title\" content=\"Asalto en la oficina del empresario y pol\u00edtico Juan Bernardo Serrano en Yopal - \u25b7 Noticias de Casanare : Martha Cifuentes | Casanare\" \/>\n<meta property=\"og:description\" content=\"El excandidato a la Gobernaci\u00f3n de Casanare, empresario y arrocero, Juan Bernardo Serrano, fue otra de las v\u00edctimas de los delincuentes en Yopal. As\u00ed lo denunci\u00f3 hace un par de horas en sus rede sociales. En la tarde de hoy cuatro sujetos motorizados que llegaron con batas, cascos y armas a las oficinas de su &hellip;\" \/>\n<meta property=\"og:url\" content=\"https:\/\/marthacifuentes.com\/portada\/asalto-en-la-oficina-del-empresario-y-politico-juan-bernardo-serrano-en-yopal\/\" \/>\n<meta property=\"og:site_name\" content=\"\u25b7 Noticias de Casanare : Martha Cifuentes | Casanare\" \/>\n<meta property=\"article:published_time\" content=\"2022-10-01T01:56:16+00:00\" \/>\n<meta property=\"article:modified_time\" content=\"2022-10-01T01:57:18+00:00\" \/>\n<meta property=\"og:image\" content=\"https:\/\/marthacifuentes.com\/portada\/wp-content\/uploads\/2022\/09\/ATRACO-A-JUAN-BERNARDO-SERRANO.png\" \/>\n\t<meta property=\"og:image:width\" content=\"713\" \/>\n\t<meta property=\"og:image:height\" content=\"396\" \/>\n\t<meta property=\"og:image:type\" content=\"image\/png\" \/>\n<meta name=\"author\" content=\"Martha Cifuentes\" \/>\n<meta name=\"twitter:card\" content=\"summary_large_image\" \/>\n<meta name=\"twitter:label1\" content=\"Escrito por\" \/>\n\t<meta name=\"twitter:data1\" content=\"Martha Cifuentes\" \/>\n\t<meta name=\"twitter:label2\" content=\"Tiempo de lectura\" \/>\n\t<meta name=\"twitter:data2\" content=\"1 minuto\" \/>\n<script type=\"application\/ld+json\" class=\"yoast-schema-graph\">{\"@context\":\"https:\/\/schema.org\",\"@graph\":[{\"@type\":\"WebPage\",\"@id\":\"https:\/\/marthacifuentes.com\/portada\/asalto-en-la-oficina-del-empresario-y-politico-juan-bernardo-serrano-en-yopal\/\",\"url\":\"https:\/\/marthacifuentes.com\/portada\/asalto-en-la-oficina-del-empresario-y-politico-juan-bernardo-serrano-en-yopal\/\",\"name\":\"Asalto en la oficina del empresario y pol\u00edtico Juan Bernardo Serrano en Yopal - \u25b7 Noticias de Casanare : Martha Cifuentes | Casanare\",\"isPartOf\":{\"@id\":\"https:\/\/marthacifuentes.com\/portada\/#website\"},\"primaryImageOfPage\":{\"@id\":\"https:\/\/marthacifuentes.com\/portada\/asalto-en-la-oficina-del-empresario-y-politico-juan-bernardo-serrano-en-yopal\/#primaryimage\"},\"image\":{\"@id\":\"https:\/\/marthacifuentes.com\/portada\/asalto-en-la-oficina-del-empresario-y-politico-juan-bernardo-serrano-en-yopal\/#primaryimage\"},\"thumbnailUrl\":\"https:\/\/marthacifuentes.com\/portada\/wp-content\/uploads\/2022\/09\/ATRACO-A-JUAN-BERNARDO-SERRANO.png\",\"datePublished\":\"2022-10-01T01:56:16+00:00\",\"dateModified\":\"2022-10-01T01:57:18+00:00\",\"author\":{\"@id\":\"https:\/\/marthacifuentes.com\/portada\/#\/schema\/person\/57f53174b991db5f90ff78d58502b714\"},\"breadcrumb\":{\"@id\":\"https:\/\/marthacifuentes.com\/portada\/asalto-en-la-oficina-del-empresario-y-politico-juan-bernardo-serrano-en-yopal\/#breadcrumb\"},\"inLanguage\":\"es\",\"potentialAction\":[{\"@type\":\"ReadAction\",\"target\":[\"https:\/\/marthacifuentes.com\/portada\/asalto-en-la-oficina-del-empresario-y-politico-juan-bernardo-serrano-en-yopal\/\"]}]},{\"@type\":\"ImageObject\",\"inLanguage\":\"es\",\"@id\":\"https:\/\/marthacifuentes.com\/portada\/asalto-en-la-oficina-del-empresario-y-politico-juan-bernardo-serrano-en-yopal\/#primaryimage\",\"url\":\"https:\/\/marthacifuentes.com\/portada\/wp-content\/uploads\/2022\/09\/ATRACO-A-JUAN-BERNARDO-SERRANO.png\",\"contentUrl\":\"https:\/\/marthacifuentes.com\/portada\/wp-content\/uploads\/2022\/09\/ATRACO-A-JUAN-BERNARDO-SERRANO.png\",\"width\":713,\"height\":396},{\"@type\":\"BreadcrumbList\",\"@id\":\"https:\/\/marthacifuentes.com\/portada\/asalto-en-la-oficina-del-empresario-y-politico-juan-bernardo-serrano-en-yopal\/#breadcrumb\",\"itemListElement\":[{\"@type\":\"ListItem\",\"position\":1,\"name\":\"Portada\",\"item\":\"https:\/\/marthacifuentes.com\/portada\/\"},{\"@type\":\"ListItem\",\"position\":2,\"name\":\"Asalto en la oficina del empresario y pol\u00edtico Juan Bernardo Serrano en Yopal\"}]},{\"@type\":\"WebSite\",\"@id\":\"https:\/\/marthacifuentes.com\/portada\/#website\",\"url\":\"https:\/\/marthacifuentes.com\/portada\/\",\"name\":\"\u25b7 Noticias de Casanare : Martha Cifuentes | Casanare\",\"description\":\"Noticias &amp; Contenidos\",\"potentialAction\":[{\"@type\":\"SearchAction\",\"target\":{\"@type\":\"EntryPoint\",\"urlTemplate\":\"https:\/\/marthacifuentes.com\/portada\/?s={search_term_string}\"},\"query-input\":{\"@type\":\"PropertyValueSpecification\",\"valueRequired\":true,\"valueName\":\"search_term_string\"}}],\"inLanguage\":\"es\"},{\"@type\":\"Person\",\"@id\":\"https:\/\/marthacifuentes.com\/portada\/#\/schema\/person\/57f53174b991db5f90ff78d58502b714\",\"name\":\"Martha Cifuentes\",\"image\":{\"@type\":\"ImageObject\",\"inLanguage\":\"es\",\"@id\":\"https:\/\/marthacifuentes.com\/portada\/#\/schema\/person\/image\/\",\"url\":\"http:\/\/marthacifuentes.com\/portada\/wp-content\/uploads\/2018\/06\/avatar_user_2_1528838701-96x96.jpg\",\"contentUrl\":\"http:\/\/marthacifuentes.com\/portada\/wp-content\/uploads\/2018\/06\/avatar_user_2_1528838701-96x96.jpg\",\"caption\":\"Martha Cifuentes\"},\"sameAs\":[\"http:\/\/www.marthacifuentes.com\"],\"url\":\"https:\/\/marthacifuentes.com\/portada\/author\/martha\/\"}]}<\/script>\n<!-- \/ Yoast SEO plugin. -->","yoast_head_json":{"title":"Asalto en la oficina del empresario y pol\u00edtico Juan Bernardo Serrano en Yopal - \u25b7 Noticias de Casanare : Martha Cifuentes | Casanare","robots":{"index":"index","follow":"follow","max-snippet":"max-snippet:-1","max-image-preview":"max-image-preview:large","max-video-preview":"max-video-preview:-1"},"canonical":"https:\/\/marthacifuentes.com\/portada\/asalto-en-la-oficina-del-empresario-y-politico-juan-bernardo-serrano-en-yopal\/","og_locale":"es_ES","og_type":"article","og_title":"Asalto en la oficina del empresario y pol\u00edtico Juan Bernardo Serrano en Yopal - \u25b7 Noticias de Casanare : Martha Cifuentes | Casanare","og_description":"El excandidato a la Gobernaci\u00f3n de Casanare, empresario y arrocero, Juan Bernardo Serrano, fue otra de las v\u00edctimas de los delincuentes en Yopal. As\u00ed lo denunci\u00f3 hace un par de horas en sus rede sociales. En la tarde de hoy cuatro sujetos motorizados que llegaron con batas, cascos y armas a las oficinas de su &hellip;","og_url":"https:\/\/marthacifuentes.com\/portada\/asalto-en-la-oficina-del-empresario-y-politico-juan-bernardo-serrano-en-yopal\/","og_site_name":"\u25b7 Noticias de Casanare : Martha Cifuentes | Casanare","article_published_time":"2022-10-01T01:56:16+00:00","article_modified_time":"2022-10-01T01:57:18+00:00","og_image":[{"width":713,"height":396,"url":"https:\/\/marthacifuentes.com\/portada\/wp-content\/uploads\/2022\/09\/ATRACO-A-JUAN-BERNARDO-SERRANO.png","type":"image\/png"}],"author":"Martha Cifuentes","twitter_card":"summary_large_image","twitter_misc":{"Escrito por":"Martha Cifuentes","Tiempo de lectura":"1 minuto"},"schema":{"@context":"https:\/\/schema.org","@graph":[{"@type":"WebPage","@id":"https:\/\/marthacifuentes.com\/portada\/asalto-en-la-oficina-del-empresario-y-politico-juan-bernardo-serrano-en-yopal\/","url":"https:\/\/marthacifuentes.com\/portada\/asalto-en-la-oficina-del-empresario-y-politico-juan-bernardo-serrano-en-yopal\/","name":"Asalto en la oficina del empresario y pol\u00edtico Juan Bernardo Serrano en Yopal - \u25b7 Noticias de Casanare : Martha Cifuentes | Casanare","isPartOf":{"@id":"https:\/\/marthacifuentes.com\/portada\/#website"},"primaryImageOfPage":{"@id":"https:\/\/marthacifuentes.com\/portada\/asalto-en-la-oficina-del-empresario-y-politico-juan-bernardo-serrano-en-yopal\/#primaryimage"},"image":{"@id":"https:\/\/marthacifuentes.com\/portada\/asalto-en-la-oficina-del-empresario-y-politico-juan-bernardo-serrano-en-yopal\/#primaryimage"},"thumbnailUrl":"https:\/\/marthacifuentes.com\/portada\/wp-content\/uploads\/2022\/09\/ATRACO-A-JUAN-BERNARDO-SERRANO.png","datePublished":"2022-10-01T01:56:16+00:00","dateModified":"2022-10-01T01:57:18+00:00","author":{"@id":"https:\/\/marthacifuentes.com\/portada\/#\/schema\/person\/57f53174b991db5f90ff78d58502b714"},"breadcrumb":{"@id":"https:\/\/marthacifuentes.com\/portada\/asalto-en-la-oficina-del-empresario-y-politico-juan-bernardo-serrano-en-yopal\/#breadcrumb"},"inLanguage":"es","potentialAction":[{"@type":"ReadAction","target":["https:\/\/marthacifuentes.com\/portada\/asalto-en-la-oficina-del-empresario-y-politico-juan-bernardo-serrano-en-yopal\/"]}]},{"@type":"ImageObject","inLanguage":"es","@id":"https:\/\/marthacifuentes.com\/portada\/asalto-en-la-oficina-del-empresario-y-politico-juan-bernardo-serrano-en-yopal\/#primaryimage","url":"https:\/\/marthacifuentes.com\/portada\/wp-content\/uploads\/2022\/09\/ATRACO-A-JUAN-BERNARDO-SERRANO.png","contentUrl":"https:\/\/marthacifuentes.com\/portada\/wp-content\/uploads\/2022\/09\/ATRACO-A-JUAN-BERNARDO-SERRANO.png","width":713,"height":396},{"@type":"BreadcrumbList","@id":"https:\/\/marthacifuentes.com\/portada\/asalto-en-la-oficina-del-empresario-y-politico-juan-bernardo-serrano-en-yopal\/#breadcrumb","itemListElement":[{"@type":"ListItem","position":1,"name":"Portada","item":"https:\/\/marthacifuentes.com\/portada\/"},{"@type":"ListItem","position":2,"name":"Asalto en la oficina del empresario y pol\u00edtico Juan Bernardo Serrano en Yopal"}]},{"@type":"WebSite","@id":"https:\/\/marthacifuentes.com\/portada\/#website","url":"https:\/\/marthacifuentes.com\/portada\/","name":"\u25b7 Noticias de Casanare : Martha Cifuentes | Casanare","description":"Noticias &amp; Contenidos","potentialAction":[{"@type":"SearchAction","target":{"@type":"EntryPoint","urlTemplate":"https:\/\/marthacifuentes.com\/portada\/?s={search_term_string}"},"query-input":{"@type":"PropertyValueSpecification","valueRequired":true,"valueName":"search_term_string"}}],"inLanguage":"es"},{"@type":"Person","@id":"https:\/\/marthacifuentes.com\/portada\/#\/schema\/person\/57f53174b991db5f90ff78d58502b714","name":"Martha Cifuentes","image":{"@type":"ImageObject","inLanguage":"es","@id":"https:\/\/marthacifuentes.com\/portada\/#\/schema\/person\/image\/","url":"http:\/\/marthacifuentes.com\/portada\/wp-content\/uploads\/2018\/06\/avatar_user_2_1528838701-96x96.jpg","contentUrl":"http:\/\/marthacifuentes.com\/portada\/wp-content\/uploads\/2018\/06\/avatar_user_2_1528838701-96x96.jpg","caption":"Martha Cifuentes"},"sameAs":["http:\/\/www.marthacifuentes.com"],"url":"https:\/\/marthacifuentes.com\/portada\/author\/martha\/"}]}},"_links":{"self":[{"href":"https:\/\/marthacifuentes.com\/portada\/wp-json\/wp\/v2\/posts\/30104","targetHints":{"allow":["GET"]}}],"collection":[{"href":"https:\/\/marthacifuentes.com\/portada\/wp-json\/wp\/v2\/posts"}],"about":[{"href":"https:\/\/marthacifuentes.com\/portada\/wp-json\/wp\/v2\/types\/post"}],"author":[{"embeddable":true,"href":"https:\/\/marthacifuentes.com\/portada\/wp-json\/wp\/v2\/users\/2"}],"replies":[{"embeddable":true,"href":"https:\/\/marthacifuentes.com\/portada\/wp-json\/wp\/v2\/comments?post=30104"}],"version-history":[{"count":2,"href":"https:\/\/marthacifuentes.com\/portada\/wp-json\/wp\/v2\/posts\/30104\/revisions"}],"predecessor-version":[{"id":30107,"href":"https:\/\/marthacifuentes.com\/portada\/wp-json\/wp\/v2\/posts\/30104\/revisions\/30107"}],"wp:featuredmedia":[{"embeddable":true,"href":"https:\/\/marthacifuentes.com\/portada\/wp-json\/wp\/v2\/media\/30105"}],"wp:attachment":[{"href":"https:\/\/marthacifuentes.com\/portada\/wp-json\/wp\/v2\/media?parent=30104"}],"wp:term":[{"taxonomy":"category","embeddable":true,"href":"https:\/\/marthacifuentes.com\/portada\/wp-json\/wp\/v2\/categories?post=30104"},{"taxonomy":"post_tag","embeddable":true,"href":"https:\/\/marthacifuentes.com\/portada\/wp-json\/wp\/v2\/tags?post=30104"}],"curies":[{"name":"wp","href":"https:\/\/api.w.org\/{rel}","templated":true}]}}