{"id":30114,"date":"2022-10-05T10:54:47","date_gmt":"2022-10-05T15:54:47","guid":{"rendered":"https:\/\/marthacifuentes.com\/portada\/?p=30114"},"modified":"2022-10-05T10:54:47","modified_gmt":"2022-10-05T15:54:47","slug":"denunciados-gerente-de-la-eaaay-y-alcalde-de-yopal-luis-eduardo-castro-por-prevaricato-en-relacion-a-multimillonaria-contratacion-de-la-ptar","status":"publish","type":"post","link":"https:\/\/marthacifuentes.com\/portada\/denunciados-gerente-de-la-eaaay-y-alcalde-de-yopal-luis-eduardo-castro-por-prevaricato-en-relacion-a-multimillonaria-contratacion-de-la-ptar\/","title":{"rendered":"Denunciados gerente de la Eaaay y alcalde de Yopal Luis Eduardo Castro por prevaricato en relaci\u00f3n a multimillonaria contrataci\u00f3n de la PTAR"},"content":{"rendered":"<p style=\"text-align: justify;\">Ante la Fiscal\u00eda General de la Naci\u00f3n fue denunciado el gerente de la Empresa de Acueducto, Alcantarillado y Aseo de Yopal, Jairo Bossuet P\u00e9rez, por el abogado y excandidato a la alcald\u00eda de Yopal, Lenin Bustos. Lo acusa de prevaricato por acci\u00f3n y falsedad personal, relacionado con la firma de dos contratos por 320 mil millones de pesos para la construcci\u00f3n de una planta de tratamiento de residuos s\u00f3lidos en el relleno sanitario El Cascajar, el manejo de la PTAR con tecnolog\u00eda KWI y la construcci\u00f3n de una nueva PTAR as\u00ed como el dise\u00f1o del plan maestro del acueducto y alcantarillado de Yopal.<\/p>\n<p><img loading=\"lazy\" decoding=\"async\" class=\"alignnone size-full wp-image-30116 aligncenter\" src=\"https:\/\/marthacifuentes.com\/portada\/wp-content\/uploads\/2022\/10\/denuncia-lenin-bustos-contra-gerente-eaaay.jpg\" alt=\"\" width=\"635\" height=\"896\" srcset=\"https:\/\/marthacifuentes.com\/portada\/wp-content\/uploads\/2022\/10\/denuncia-lenin-bustos-contra-gerente-eaaay.jpg 635w, https:\/\/marthacifuentes.com\/portada\/wp-content\/uploads\/2022\/10\/denuncia-lenin-bustos-contra-gerente-eaaay-213x300.jpg 213w\" sizes=\"auto, (max-width: 635px) 100vw, 635px\" \/><\/p>\n<p style=\"text-align: justify;\">El abogado argumenta que los contratos de colaboraci\u00f3n empresarial en alianza estrat\u00e9gica firmados solo se pueden celebrar para actividades cient\u00edficas tecnol\u00f3gicas o proyectos de investigaci\u00f3n y creaci\u00f3n de tecnolog\u00edas y no para adelantar consultor\u00edas o realizar obras de adecuaci\u00f3n y ampliaci\u00f3n y construcci\u00f3n de infraestructura de servicios p\u00fablicos para su explotaci\u00f3n econ\u00f3mica.<\/p>\n<p style=\"text-align: justify;\">Igualmente explica que en la firma de los contratos se cometieron irregularidades tales como que los estudios previos, dise\u00f1os y anexos al contrato fueron firmados por el propio gerente de la Eaaay, quien no posee la especializaci\u00f3n para la firma de dichos documentos que son el soporte t\u00e9cnico y profesional de \u00e1reas distintas al derecho.<\/p>\n<p style=\"text-align: justify;\">Complementa diciendo que en el contrato 0148 de 2022 cuyo objeto es la \u201cTransferencia tecnol\u00f3gica de la PTAR existente con tecnolog\u00eda KWI y dise\u00f1o de construcci\u00f3n de la nueva PTAR y el dise\u00f1o del plan maestro del acueducto y alcantarillado de Yopal, se puede dilucidar que la aparente transferencia de tecnolog\u00eda solo est\u00e1 relacionada en el componente 1, pero el resto del contrato es de consultor\u00eda y obras civiles que pueden ser prestadas por empresas del sector. Adicionalmente argumenta que es desacertado hablar de tecnolog\u00eda KWI porque esta sigla es solo el nombre de la empresa austr\u00edaca que fabrica plantas de tratamiento de aguas residuales.<\/p>\n<p style=\"text-align: justify;\">Adem\u00e1s de lo anterior se cuestiona que la empresa contratada para esta supuesta transferencia de tecnolog\u00eda KWI, Ingenier\u00eda y Construcciones T\u00e9cnicas SAS, Ingenicontec, ha incumplido en otras contrataciones de PTAR hechas como en Pachiquiaro, Remolinos y Puerto L\u00f3pez. El abogado expresa que no se entiende c\u00f3mo se contrata una empresa incumplida y que incluso present\u00f3 estas contrataciones para avalar su experiencia en este tipo de servicios.<\/p>\n<p style=\"text-align: justify;\">Tambi\u00e9n el abogado Bustos se\u00f1ala que hubo falta de publicidad de los procesos pre y contractuales, incumpliendo la normatividad de Colombia Compra Eficiente y otras normas para entidades de r\u00e9gimen especial como la Eaaay, que obliga a public\u00e1rsela informaci\u00f3n de las gestiones contractuales. Adem\u00e1s de la investigaci\u00f3n penal por los delitos de prevaricato por acci\u00f3n y falsedad personal se solicit\u00f3 a la Fiscal\u00eda la captura inmediata del gerente para que no interfiera con la investigaci\u00f3n desde el cargo que desempe\u00f1a.<\/p>\n<p style=\"text-align: justify;\">De la misma forma denunci\u00f3 al alcalde de Yopal Luis Eduardo Castro por prevaricato por omisi\u00f3n en relaci\u00f3n a que en la multimillonaria contrataci\u00f3n hecha por la Eaaay, el mandatario en su calidad de presidente de la junta directiva de esta empresa, no se pronunci\u00f3 sobre posibles irregularidades en la contrataci\u00f3n y que se hubiera puesto de garante al municipio en caso de cualquier incumplimiento que lleve a cesar o terminar los contratos firmados por 320 mil millones de pesos.<\/p>\n<p>&nbsp;<\/p>\n<p><strong>M\u00e1s denuncias<\/strong><\/p>\n<p style=\"text-align: justify;\">Por otra parte, el abogado instaur\u00f3 denuncia penal contra el alcalde de Yopal, Luis Eduardo Castro por prevaricato por acci\u00f3n y fraude a resoluci\u00f3n judicial en relaci\u00f3n a la presunta ilegal enajenaci\u00f3n de un predio de tres hect\u00e1reas del municipio a favor de un particular, los due\u00f1os del frigor\u00edfico Frontino, con el cual finalmente constituy\u00f3 una sociedad de econom\u00eda mixta para la construcci\u00f3n del nuevo terminal de transportes.<\/p>\n<p style=\"text-align: justify;\">Seg\u00fan el litigante, la Administraci\u00f3n Municipal est\u00e1 pagando 14.500 millones de pesos por este predio, que le pertenec\u00eda y lo enajen\u00f3 a favor de un particular, actuando dolosamente e incurriendo en el presunto delito de fraude a resoluci\u00f3n judicial expedida por el Tribunal Administrativo de Casanare, que estableci\u00f3 que dicho terreno es del municipio.<\/p>\n<h2>Otras noticias&#8230;<\/h2>\n<blockquote class=\"wp-embedded-content\" data-secret=\"jYXNLCVGDo\"><p><a href=\"https:\/\/marthacifuentes.com\/portada\/2022\/10\/04\/yopalenos-tendran-que-pagar-el-doble-por-servicio-de-alcantarillado-como-efecto-de-multimillonario-contrato-de-la-eaaay-de-manejo-de-la-ptar\/\">Yopale\u00f1os tendr\u00e1n que pagar el doble por servicio de alcantarillado como efecto de multimillonario contrato de la EAAAY de manejo de la PTAR<\/a><\/p><\/blockquote>\n<p><iframe loading=\"lazy\" class=\"wp-embedded-content\" sandbox=\"allow-scripts\" security=\"restricted\" style=\"position: absolute; clip: rect(1px, 1px, 1px, 1px);\" title=\"\u00abYopale\u00f1os tendr\u00e1n que pagar el doble por servicio de alcantarillado como efecto de multimillonario contrato de la EAAAY de manejo de la PTAR\u00bb \u2014 \u25b7 Noticias de Casanare : Martha Cifuentes | Casanare\" src=\"https:\/\/marthacifuentes.com\/portada\/2022\/10\/04\/yopalenos-tendran-que-pagar-el-doble-por-servicio-de-alcantarillado-como-efecto-de-multimillonario-contrato-de-la-eaaay-de-manejo-de-la-ptar\/embed\/#?secret=fgkKssIKcD#?secret=jYXNLCVGDo\" data-secret=\"jYXNLCVGDo\" width=\"500\" height=\"282\" frameborder=\"0\" marginwidth=\"0\" marginheight=\"0\" scrolling=\"no\"><\/iframe><\/p>\n<p><iframe loading=\"lazy\" class=\"wp-embedded-content\" title=\"\u00abTaxistas de Yopal inconformes con pago de seguridad social. Dicen que no les alcanza lo que producen.\u00bb \u2014 \u25b7 Noticias de Casanare : Martha Cifuentes | Casanare\" src=\"https:\/\/marthacifuentes.com\/portada\/2022\/10\/03\/taxistas-de-yopal-inconformes-con-pago-de-seguridad-social-dicen-que-no-les-alcanza-lo-que-producen\/embed\/#?secret=HCTnqdBTpr#?secret=UbEeyLJ53e\" width=\"600\" height=\"621\" frameborder=\"0\" marginwidth=\"0\" marginheight=\"0\" scrolling=\"no\" sandbox=\"allow-scripts\" data-secret=\"UbEeyLJ53e\" data-mce-fragment=\"1\"><\/iframe><\/p>\n<blockquote class=\"wp-embedded-content\" data-secret=\"8v13jpIYsG\"><p><a href=\"https:\/\/marthacifuentes.com\/portada\/\">Portada<\/a><\/p><\/blockquote>\n<p><iframe loading=\"lazy\" class=\"wp-embedded-content\" title=\"\u00abPortada\u00bb \u2014 \u25b7 Noticias de Casanare : Martha Cifuentes | Casanare\" src=\"https:\/\/marthacifuentes.com\/portada\/embed\/#?secret=xNkwWpn6mz#?secret=8v13jpIYsG\" width=\"600\" height=\"338\" frameborder=\"0\" marginwidth=\"0\" marginheight=\"0\" scrolling=\"no\" sandbox=\"allow-scripts\" data-secret=\"8v13jpIYsG\" data-mce-fragment=\"1\"><\/iframe><\/p>\n<p><iframe loading=\"lazy\" class=\"wp-embedded-content\" title=\"\u00abGobernador de Casanare descubri\u00f3 el agua tibia, que la inseguridad campea en Yopal y las c\u00e1maras de seguridad no funcionan\u00bb \u2014 \u25b7 Noticias de Casanare : Martha Cifuentes | Casanare\" src=\"https:\/\/marthacifuentes.com\/portada\/2022\/09\/30\/gobernador-de-casanare-descubrio-el-agua-tibia-que-la-inseguridad-campea-en-yopal-y-las-camaras-de-seguridad-no-funcionan\/embed\/#?secret=YR5WSIXH04#?secret=yA91pNgqKB\" width=\"600\" height=\"649\" frameborder=\"0\" marginwidth=\"0\" marginheight=\"0\" scrolling=\"no\" sandbox=\"allow-scripts\" data-secret=\"yA91pNgqKB\" data-mce-fragment=\"1\"><\/iframe><\/p>\n<p><iframe loading=\"lazy\" class=\"wp-embedded-content\" title=\"\u00ab\u00bfOtra vez militares aliados a grupo paramilitar Clan del Golfo, en Casanare? Capturado sargento activo que \u00abtrabajaba\u00bb para este GAO.\u00bb \u2014 \u25b7 Noticias de Casanare : Martha Cifuentes | Casanare\" src=\"https:\/\/marthacifuentes.com\/portada\/2022\/09\/28\/otra-vez-militares-aliados-a-grupo-paramilitar-clan-del-golfo-en-casanare-capturado-sargento-activo-que-trabajaba-para-este-gao\/embed\/#?secret=ShBvuYqfHL#?secret=vCkhUHLye5\" width=\"600\" height=\"640\" frameborder=\"0\" marginwidth=\"0\" marginheight=\"0\" scrolling=\"no\" sandbox=\"allow-scripts\" data-secret=\"vCkhUHLye5\" data-mce-fragment=\"1\"><\/iframe><\/p>\n<p><iframe loading=\"lazy\" class=\"wp-embedded-content\" title=\"\u00abDe payaso, maltratador, bobo, osado, showsero y hasta \u00e9mulo de Cal\u00edgula, fue calificado el senador Alirio Barrera, por meter su caballo al Congreso.\u00bb \u2014 \u25b7 Noticias de Casanare : Martha Cifuentes | Casanare\" src=\"https:\/\/marthacifuentes.com\/portada\/2022\/09\/28\/de-payaso-maltratador-bobo-osado-showsero-y-hasta-emulo-de-caligula-fue-calificado-el-senador-alirio-barrera-por-meter-su-caballo-al-congreso\/embed\/#?secret=cWjhV4Ebmv#?secret=zBQ4A3S5az\" width=\"600\" height=\"627\" frameborder=\"0\" marginwidth=\"0\" marginheight=\"0\" scrolling=\"no\" sandbox=\"allow-scripts\" data-secret=\"zBQ4A3S5az\" data-mce-fragment=\"1\"><\/iframe><\/p>\n<p><iframe loading=\"lazy\" class=\"wp-embedded-content\" title=\"\u00abEl Up\u00eda, Cusiana y Meta, r\u00edos del narcotr\u00e1fico en Casanare y Meta: Gobernador de Casanare\u00bb \u2014 \u25b7 Noticias de Casanare : Martha Cifuentes | Casanare\" src=\"https:\/\/marthacifuentes.com\/portada\/2022\/09\/26\/el-upia-cusiana-y-meta-rios-del-narcotrafico-en-casanare-y-meta-gobernador-de-casanare\/embed\/#?secret=0kRSkvWBon#?secret=yAbFmaHjyk\" width=\"600\" height=\"621\" frameborder=\"0\" marginwidth=\"0\" marginheight=\"0\" scrolling=\"no\" sandbox=\"allow-scripts\" data-secret=\"yAbFmaHjyk\" data-mce-fragment=\"1\"><\/iframe><\/p>\n<p><iframe loading=\"lazy\" class=\"wp-embedded-content\" title=\"\u00abAccidente en v\u00eda Paz de Ariporo-Hato Corozal, enluta a familia de Tame, Arauca. Dos de sus integrantes fallecieron.\u00bb \u2014 \u25b7 Noticias de Casanare : Martha Cifuentes | Casanare\" src=\"https:\/\/marthacifuentes.com\/portada\/2022\/09\/26\/accidente-en-via-paz-de-ariporo-hato-corozal-enluta-a-familia-de-tame-arauca-dos-de-sus-integrantes-fallecieron\/embed\/#?secret=S4LssPHWKi#?secret=J5Fv6ljeVM\" width=\"600\" height=\"580\" frameborder=\"0\" marginwidth=\"0\" marginheight=\"0\" scrolling=\"no\" sandbox=\"allow-scripts\" data-secret=\"J5Fv6ljeVM\" data-mce-fragment=\"1\"><\/iframe><\/p>\n<p><iframe loading=\"lazy\" class=\"wp-embedded-content\" title=\"\u00abCondenado en Yopal profesor de religi\u00f3n y moral que abus\u00f3 de dos ni\u00f1as de 8 a\u00f1os en 2016\u00bb \u2014 \u25b7 Noticias de Casanare : Martha Cifuentes | Casanare\" src=\"https:\/\/marthacifuentes.com\/portada\/2022\/09\/26\/condenado-en-yopal-profesor-de-religion-y-moral-que-abuso-de-dos-ninas-de-8-anos-en-2016\/embed\/#?secret=xD21mZc0HL#?secret=m4SYdMHEox\" width=\"600\" height=\"600\" frameborder=\"0\" marginwidth=\"0\" marginheight=\"0\" scrolling=\"no\" sandbox=\"allow-scripts\" data-secret=\"m4SYdMHEox\" data-mce-fragment=\"1\"><\/iframe><\/p>\n<p><iframe loading=\"lazy\" class=\"wp-embedded-content\" title=\"\u00abSupuesto cabecilla del Clan del Golfo, en Casanare y Meta, capturado en Barranca de Up\u00eda. Estuvo en Man\u00ed present\u00e1ndose como tal.\u00bb \u2014 \u25b7 Noticias de Casanare : Martha Cifuentes | Casanare\" src=\"https:\/\/marthacifuentes.com\/portada\/2022\/09\/26\/supuesto-cabecilla-del-clan-del-golfo-en-casanare-y-meta-capturado-en-barranca-de-upia-estuvo-en-mani-presentandose-como-tal\/embed\/#?secret=A7zsX54lm0#?secret=oz1bf0G7q8\" width=\"600\" height=\"649\" frameborder=\"0\" marginwidth=\"0\" marginheight=\"0\" scrolling=\"no\" sandbox=\"allow-scripts\" data-secret=\"oz1bf0G7q8\" data-mce-fragment=\"1\"><\/iframe><\/p>\n<p><iframe loading=\"lazy\" class=\"wp-embedded-content\" title=\"\u00abEn ataque sicarial, asesinado familiar de \u00abmart\u00edn llanos\u00bb, y tres hombres fueron heridos en Monterrey, Casanare\u00bb \u2014 \u25b7 Noticias de Casanare : Martha Cifuentes | Casanare\" src=\"https:\/\/marthacifuentes.com\/portada\/2022\/09\/23\/en-ataque-sicarial-asesinado-familiar-de-martin-llanos-y-tres-hombres-fueron-heridos-en-monterrey-casanare\/embed\/#?secret=oktl2yvWTR#?secret=7yY09aXDux\" width=\"600\" height=\"628\" frameborder=\"0\" marginwidth=\"0\" marginheight=\"0\" scrolling=\"no\" sandbox=\"allow-scripts\" data-secret=\"7yY09aXDux\" data-mce-fragment=\"1\"><\/iframe><\/p>\n<p><iframe loading=\"lazy\" class=\"wp-embedded-content\" title=\"\u00abEAAAY concesion\u00f3 PTAR de Yopal y planta de tratamiento de basuras por $320 mil millones a 30 a\u00f1os. \u00a0\u00a0\u00bb \u2014 \u25b7 Noticias de Casanare : Martha Cifuentes | Casanare\" src=\"https:\/\/marthacifuentes.com\/portada\/2022\/09\/22\/eaaay-concesiono-ptar-de-yopal-y-planta-de-tratamiento-de-basuras-por-320-mil-millones-a-30-anos\/embed\/#?secret=BiiB6Qh7F9#?secret=zAxAySy4Ef\" width=\"600\" height=\"633\" frameborder=\"0\" marginwidth=\"0\" marginheight=\"0\" scrolling=\"no\" sandbox=\"allow-scripts\" data-secret=\"zAxAySy4Ef\" data-mce-fragment=\"1\"><\/iframe><\/p>\n<p><iframe loading=\"lazy\" class=\"wp-embedded-content\" title=\"\u00abLa Fiscal\u00eda les ocup\u00f3 bienes a paramilitares condenados y presuntos testaferros de alias \u201cMart\u00edn Llanos\u201d\u00bb \u2014 \u25b7 Noticias de Casanare : Martha Cifuentes | Casanare\" src=\"https:\/\/marthacifuentes.com\/portada\/2022\/09\/22\/la-fiscalia-les-ocupo-bienes-a-paramilitares-condenados-y-presuntos-testaferros-de-alias-martin-llanos\/embed\/#?secret=gWiJoWZuel#?secret=QF3nM5m8AY\" width=\"600\" height=\"649\" frameborder=\"0\" marginwidth=\"0\" marginheight=\"0\" scrolling=\"no\" sandbox=\"allow-scripts\" data-secret=\"QF3nM5m8AY\" data-mce-fragment=\"1\"><\/iframe><\/p>\n<p><iframe loading=\"lazy\" class=\"wp-embedded-content\" title=\"\u00abEcopetrol afirma que garantizar\u00e1 suministro de gas a sus usuarios durante mantenimiento de planta de Cusiana en octubre\u00bb \u2014 \u25b7 Noticias de Casanare : Martha Cifuentes | Casanare\" src=\"https:\/\/marthacifuentes.com\/portada\/2022\/09\/21\/ecopetrol-afirma-que-garantizara-suministro-de-gas-a-sus-usuarios-durante-mantenimiento-de-planta-de-cusiana-en-octubre\/embed\/#?secret=8LJYGedRbe#?secret=Uajg0g5veK\" width=\"600\" height=\"618\" frameborder=\"0\" marginwidth=\"0\" marginheight=\"0\" scrolling=\"no\" sandbox=\"allow-scripts\" data-secret=\"Uajg0g5veK\" data-mce-fragment=\"1\"><\/iframe><\/p>\n<p><iframe loading=\"lazy\" class=\"wp-embedded-content\" title=\"\u00abAutoridades de Yopal y Casanare cuestionan que ladrones reincidentes queden libres y vuelvan a las calles a cometer fechor\u00edas\u00bb \u2014 \u25b7 Noticias de Casanare : Martha Cifuentes | Casanare\" src=\"https:\/\/marthacifuentes.com\/portada\/2022\/09\/21\/autoridades-de-yopal-y-casanare-cuestionan-que-ladrones-reincidentes-queden-libres-y-vuelvan-a-las-calles-a-cometer-fechorias\/embed\/#?secret=Wab5wG2fHI#?secret=GmsDWKkSka\" width=\"600\" height=\"649\" frameborder=\"0\" marginwidth=\"0\" marginheight=\"0\" scrolling=\"no\" sandbox=\"allow-scripts\" data-secret=\"GmsDWKkSka\" data-mce-fragment=\"1\"><\/iframe><\/p>\n<p><iframe loading=\"lazy\" class=\"wp-embedded-content\" title=\"\u00abEn Casanare los ladrones se robaron la tranquilidad. Al menos 6 hurtos diarios, en promedio, son reportados.\u00bb \u2014 \u25b7 Noticias de Casanare : Martha Cifuentes | Casanare\" src=\"https:\/\/marthacifuentes.com\/portada\/2022\/09\/21\/en-casanare-los-ladrones-se-robaron-la-tranquilidad-al-menos-6-hurtos-diarios-en-promedio-son-reportados\/embed\/#?secret=ntq7AHrlhJ#?secret=AJIXkGkwqN\" width=\"600\" height=\"621\" frameborder=\"0\" marginwidth=\"0\" marginheight=\"0\" scrolling=\"no\" sandbox=\"allow-scripts\" data-secret=\"AJIXkGkwqN\" data-mce-fragment=\"1\"><\/iframe><\/p>\n<p>&nbsp;<\/p>\n<p>&nbsp;<\/p>\n<p>&nbsp;<\/p>\n<p>&nbsp;<\/p>\n","protected":false},"excerpt":{"rendered":"<p>Ante la Fiscal\u00eda General de la Naci\u00f3n fue denunciado el gerente de la Empresa de Acueducto, Alcantarillado y Aseo de Yopal, Jairo Bossuet P\u00e9rez, por el abogado y excandidato a la alcald\u00eda de Yopal, Lenin Bustos. Lo acusa de prevaricato por acci\u00f3n y falsedad personal, relacionado con la firma de dos contratos por 320 mil &hellip;<\/p>\n","protected":false},"author":2,"featured_media":30115,"comment_status":"open","ping_status":"open","sticky":false,"template":"","format":"standard","meta":{"om_disable_all_campaigns":false,"_exactmetrics_skip_tracking":false,"_exactmetrics_sitenote_active":false,"_exactmetrics_sitenote_note":"","_exactmetrics_sitenote_category":0,"_monsterinsights_skip_tracking":false,"_monsterinsights_sitenote_active":false,"_monsterinsights_sitenote_note":"","_monsterinsights_sitenote_category":0,"_uf_show_specific_survey":0,"_uf_disable_surveys":false,"_joinchat":[],"footnotes":""},"categories":[147,146,145],"tags":[8444,1373,1400,1421,1376],"class_list":["post-30114","post","type-post","status-publish","format-standard","has-post-thumbnail","hentry","category-actualidad","category-noticias","category-reportajes","tag-alcalde-de-yopal-y-gerente-eaaay-denunciados-fiscalia-contratacion-ptar","tag-casanare-noticias","tag-noticias-casanare","tag-noticias-yopal","tag-yopal-noticias"],"yoast_head":"<!-- This site is optimized with the Yoast SEO plugin v26.1 - https:\/\/yoast.com\/wordpress\/plugins\/seo\/ -->\n<title>Denunciados gerente de la Eaaay y alcalde de Yopal Luis Eduardo Castro por prevaricato en relaci\u00f3n a multimillonaria contrataci\u00f3n de la PTAR - \u25b7 Noticias de Casanare : Martha Cifuentes | Casanare<\/title>\n<meta name=\"robots\" content=\"index, follow, max-snippet:-1, max-image-preview:large, max-video-preview:-1\" \/>\n<link rel=\"canonical\" href=\"https:\/\/marthacifuentes.com\/portada\/denunciados-gerente-de-la-eaaay-y-alcalde-de-yopal-luis-eduardo-castro-por-prevaricato-en-relacion-a-multimillonaria-contratacion-de-la-ptar\/\" \/>\n<meta property=\"og:locale\" content=\"es_ES\" \/>\n<meta property=\"og:type\" content=\"article\" \/>\n<meta property=\"og:title\" content=\"Denunciados gerente de la Eaaay y alcalde de Yopal Luis Eduardo Castro por prevaricato en relaci\u00f3n a multimillonaria contrataci\u00f3n de la PTAR - \u25b7 Noticias de Casanare : Martha Cifuentes | Casanare\" \/>\n<meta property=\"og:description\" content=\"Ante la Fiscal\u00eda General de la Naci\u00f3n fue denunciado el gerente de la Empresa de Acueducto, Alcantarillado y Aseo de Yopal, Jairo Bossuet P\u00e9rez, por el abogado y excandidato a la alcald\u00eda de Yopal, Lenin Bustos. Lo acusa de prevaricato por acci\u00f3n y falsedad personal, relacionado con la firma de dos contratos por 320 mil &hellip;\" \/>\n<meta property=\"og:url\" content=\"https:\/\/marthacifuentes.com\/portada\/denunciados-gerente-de-la-eaaay-y-alcalde-de-yopal-luis-eduardo-castro-por-prevaricato-en-relacion-a-multimillonaria-contratacion-de-la-ptar\/\" \/>\n<meta property=\"og:site_name\" content=\"\u25b7 Noticias de Casanare : Martha Cifuentes | Casanare\" \/>\n<meta property=\"article:published_time\" content=\"2022-10-05T15:54:47+00:00\" \/>\n<meta property=\"og:image\" content=\"https:\/\/marthacifuentes.com\/portada\/wp-content\/uploads\/2022\/10\/LENIN-LUIS-EDUARDO-Y-JAIRO-BOSSUET.jpg\" \/>\n\t<meta property=\"og:image:width\" content=\"709\" \/>\n\t<meta property=\"og:image:height\" content=\"399\" \/>\n\t<meta property=\"og:image:type\" content=\"image\/jpeg\" \/>\n<meta name=\"author\" content=\"Martha Cifuentes\" \/>\n<meta name=\"twitter:card\" content=\"summary_large_image\" \/>\n<meta name=\"twitter:label1\" content=\"Escrito por\" \/>\n\t<meta name=\"twitter:data1\" content=\"Martha Cifuentes\" \/>\n\t<meta name=\"twitter:label2\" content=\"Tiempo de lectura\" \/>\n\t<meta name=\"twitter:data2\" content=\"4 minutos\" \/>\n<script type=\"application\/ld+json\" class=\"yoast-schema-graph\">{\"@context\":\"https:\/\/schema.org\",\"@graph\":[{\"@type\":\"WebPage\",\"@id\":\"https:\/\/marthacifuentes.com\/portada\/denunciados-gerente-de-la-eaaay-y-alcalde-de-yopal-luis-eduardo-castro-por-prevaricato-en-relacion-a-multimillonaria-contratacion-de-la-ptar\/\",\"url\":\"https:\/\/marthacifuentes.com\/portada\/denunciados-gerente-de-la-eaaay-y-alcalde-de-yopal-luis-eduardo-castro-por-prevaricato-en-relacion-a-multimillonaria-contratacion-de-la-ptar\/\",\"name\":\"Denunciados gerente de la Eaaay y alcalde de Yopal Luis Eduardo Castro por prevaricato en relaci\u00f3n a multimillonaria contrataci\u00f3n de la PTAR - \u25b7 Noticias de Casanare : Martha Cifuentes | Casanare\",\"isPartOf\":{\"@id\":\"https:\/\/marthacifuentes.com\/portada\/#website\"},\"primaryImageOfPage\":{\"@id\":\"https:\/\/marthacifuentes.com\/portada\/denunciados-gerente-de-la-eaaay-y-alcalde-de-yopal-luis-eduardo-castro-por-prevaricato-en-relacion-a-multimillonaria-contratacion-de-la-ptar\/#primaryimage\"},\"image\":{\"@id\":\"https:\/\/marthacifuentes.com\/portada\/denunciados-gerente-de-la-eaaay-y-alcalde-de-yopal-luis-eduardo-castro-por-prevaricato-en-relacion-a-multimillonaria-contratacion-de-la-ptar\/#primaryimage\"},\"thumbnailUrl\":\"https:\/\/marthacifuentes.com\/portada\/wp-content\/uploads\/2022\/10\/LENIN-LUIS-EDUARDO-Y-JAIRO-BOSSUET.jpg\",\"datePublished\":\"2022-10-05T15:54:47+00:00\",\"author\":{\"@id\":\"https:\/\/marthacifuentes.com\/portada\/#\/schema\/person\/57f53174b991db5f90ff78d58502b714\"},\"breadcrumb\":{\"@id\":\"https:\/\/marthacifuentes.com\/portada\/denunciados-gerente-de-la-eaaay-y-alcalde-de-yopal-luis-eduardo-castro-por-prevaricato-en-relacion-a-multimillonaria-contratacion-de-la-ptar\/#breadcrumb\"},\"inLanguage\":\"es\",\"potentialAction\":[{\"@type\":\"ReadAction\",\"target\":[\"https:\/\/marthacifuentes.com\/portada\/denunciados-gerente-de-la-eaaay-y-alcalde-de-yopal-luis-eduardo-castro-por-prevaricato-en-relacion-a-multimillonaria-contratacion-de-la-ptar\/\"]}]},{\"@type\":\"ImageObject\",\"inLanguage\":\"es\",\"@id\":\"https:\/\/marthacifuentes.com\/portada\/denunciados-gerente-de-la-eaaay-y-alcalde-de-yopal-luis-eduardo-castro-por-prevaricato-en-relacion-a-multimillonaria-contratacion-de-la-ptar\/#primaryimage\",\"url\":\"https:\/\/marthacifuentes.com\/portada\/wp-content\/uploads\/2022\/10\/LENIN-LUIS-EDUARDO-Y-JAIRO-BOSSUET.jpg\",\"contentUrl\":\"https:\/\/marthacifuentes.com\/portada\/wp-content\/uploads\/2022\/10\/LENIN-LUIS-EDUARDO-Y-JAIRO-BOSSUET.jpg\",\"width\":709,\"height\":399},{\"@type\":\"BreadcrumbList\",\"@id\":\"https:\/\/marthacifuentes.com\/portada\/denunciados-gerente-de-la-eaaay-y-alcalde-de-yopal-luis-eduardo-castro-por-prevaricato-en-relacion-a-multimillonaria-contratacion-de-la-ptar\/#breadcrumb\",\"itemListElement\":[{\"@type\":\"ListItem\",\"position\":1,\"name\":\"Portada\",\"item\":\"https:\/\/marthacifuentes.com\/portada\/\"},{\"@type\":\"ListItem\",\"position\":2,\"name\":\"Denunciados gerente de la Eaaay y alcalde de Yopal Luis Eduardo Castro por prevaricato en relaci\u00f3n a multimillonaria contrataci\u00f3n de la PTAR\"}]},{\"@type\":\"WebSite\",\"@id\":\"https:\/\/marthacifuentes.com\/portada\/#website\",\"url\":\"https:\/\/marthacifuentes.com\/portada\/\",\"name\":\"\u25b7 Noticias de Casanare : Martha Cifuentes | Casanare\",\"description\":\"Noticias &amp; Contenidos\",\"potentialAction\":[{\"@type\":\"SearchAction\",\"target\":{\"@type\":\"EntryPoint\",\"urlTemplate\":\"https:\/\/marthacifuentes.com\/portada\/?s={search_term_string}\"},\"query-input\":{\"@type\":\"PropertyValueSpecification\",\"valueRequired\":true,\"valueName\":\"search_term_string\"}}],\"inLanguage\":\"es\"},{\"@type\":\"Person\",\"@id\":\"https:\/\/marthacifuentes.com\/portada\/#\/schema\/person\/57f53174b991db5f90ff78d58502b714\",\"name\":\"Martha Cifuentes\",\"image\":{\"@type\":\"ImageObject\",\"inLanguage\":\"es\",\"@id\":\"https:\/\/marthacifuentes.com\/portada\/#\/schema\/person\/image\/\",\"url\":\"http:\/\/marthacifuentes.com\/portada\/wp-content\/uploads\/2018\/06\/avatar_user_2_1528838701-96x96.jpg\",\"contentUrl\":\"http:\/\/marthacifuentes.com\/portada\/wp-content\/uploads\/2018\/06\/avatar_user_2_1528838701-96x96.jpg\",\"caption\":\"Martha Cifuentes\"},\"sameAs\":[\"http:\/\/www.marthacifuentes.com\"],\"url\":\"https:\/\/marthacifuentes.com\/portada\/author\/martha\/\"}]}<\/script>\n<!-- \/ Yoast SEO plugin. -->","yoast_head_json":{"title":"Denunciados gerente de la Eaaay y alcalde de Yopal Luis Eduardo Castro por prevaricato en relaci\u00f3n a multimillonaria contrataci\u00f3n de la PTAR - \u25b7 Noticias de Casanare : Martha Cifuentes | Casanare","robots":{"index":"index","follow":"follow","max-snippet":"max-snippet:-1","max-image-preview":"max-image-preview:large","max-video-preview":"max-video-preview:-1"},"canonical":"https:\/\/marthacifuentes.com\/portada\/denunciados-gerente-de-la-eaaay-y-alcalde-de-yopal-luis-eduardo-castro-por-prevaricato-en-relacion-a-multimillonaria-contratacion-de-la-ptar\/","og_locale":"es_ES","og_type":"article","og_title":"Denunciados gerente de la Eaaay y alcalde de Yopal Luis Eduardo Castro por prevaricato en relaci\u00f3n a multimillonaria contrataci\u00f3n de la PTAR - \u25b7 Noticias de Casanare : Martha Cifuentes | Casanare","og_description":"Ante la Fiscal\u00eda General de la Naci\u00f3n fue denunciado el gerente de la Empresa de Acueducto, Alcantarillado y Aseo de Yopal, Jairo Bossuet P\u00e9rez, por el abogado y excandidato a la alcald\u00eda de Yopal, Lenin Bustos. Lo acusa de prevaricato por acci\u00f3n y falsedad personal, relacionado con la firma de dos contratos por 320 mil &hellip;","og_url":"https:\/\/marthacifuentes.com\/portada\/denunciados-gerente-de-la-eaaay-y-alcalde-de-yopal-luis-eduardo-castro-por-prevaricato-en-relacion-a-multimillonaria-contratacion-de-la-ptar\/","og_site_name":"\u25b7 Noticias de Casanare : Martha Cifuentes | Casanare","article_published_time":"2022-10-05T15:54:47+00:00","og_image":[{"width":709,"height":399,"url":"https:\/\/marthacifuentes.com\/portada\/wp-content\/uploads\/2022\/10\/LENIN-LUIS-EDUARDO-Y-JAIRO-BOSSUET.jpg","type":"image\/jpeg"}],"author":"Martha Cifuentes","twitter_card":"summary_large_image","twitter_misc":{"Escrito por":"Martha Cifuentes","Tiempo de lectura":"4 minutos"},"schema":{"@context":"https:\/\/schema.org","@graph":[{"@type":"WebPage","@id":"https:\/\/marthacifuentes.com\/portada\/denunciados-gerente-de-la-eaaay-y-alcalde-de-yopal-luis-eduardo-castro-por-prevaricato-en-relacion-a-multimillonaria-contratacion-de-la-ptar\/","url":"https:\/\/marthacifuentes.com\/portada\/denunciados-gerente-de-la-eaaay-y-alcalde-de-yopal-luis-eduardo-castro-por-prevaricato-en-relacion-a-multimillonaria-contratacion-de-la-ptar\/","name":"Denunciados gerente de la Eaaay y alcalde de Yopal Luis Eduardo Castro por prevaricato en relaci\u00f3n a multimillonaria contrataci\u00f3n de la PTAR - \u25b7 Noticias de Casanare : Martha Cifuentes | Casanare","isPartOf":{"@id":"https:\/\/marthacifuentes.com\/portada\/#website"},"primaryImageOfPage":{"@id":"https:\/\/marthacifuentes.com\/portada\/denunciados-gerente-de-la-eaaay-y-alcalde-de-yopal-luis-eduardo-castro-por-prevaricato-en-relacion-a-multimillonaria-contratacion-de-la-ptar\/#primaryimage"},"image":{"@id":"https:\/\/marthacifuentes.com\/portada\/denunciados-gerente-de-la-eaaay-y-alcalde-de-yopal-luis-eduardo-castro-por-prevaricato-en-relacion-a-multimillonaria-contratacion-de-la-ptar\/#primaryimage"},"thumbnailUrl":"https:\/\/marthacifuentes.com\/portada\/wp-content\/uploads\/2022\/10\/LENIN-LUIS-EDUARDO-Y-JAIRO-BOSSUET.jpg","datePublished":"2022-10-05T15:54:47+00:00","author":{"@id":"https:\/\/marthacifuentes.com\/portada\/#\/schema\/person\/57f53174b991db5f90ff78d58502b714"},"breadcrumb":{"@id":"https:\/\/marthacifuentes.com\/portada\/denunciados-gerente-de-la-eaaay-y-alcalde-de-yopal-luis-eduardo-castro-por-prevaricato-en-relacion-a-multimillonaria-contratacion-de-la-ptar\/#breadcrumb"},"inLanguage":"es","potentialAction":[{"@type":"ReadAction","target":["https:\/\/marthacifuentes.com\/portada\/denunciados-gerente-de-la-eaaay-y-alcalde-de-yopal-luis-eduardo-castro-por-prevaricato-en-relacion-a-multimillonaria-contratacion-de-la-ptar\/"]}]},{"@type":"ImageObject","inLanguage":"es","@id":"https:\/\/marthacifuentes.com\/portada\/denunciados-gerente-de-la-eaaay-y-alcalde-de-yopal-luis-eduardo-castro-por-prevaricato-en-relacion-a-multimillonaria-contratacion-de-la-ptar\/#primaryimage","url":"https:\/\/marthacifuentes.com\/portada\/wp-content\/uploads\/2022\/10\/LENIN-LUIS-EDUARDO-Y-JAIRO-BOSSUET.jpg","contentUrl":"https:\/\/marthacifuentes.com\/portada\/wp-content\/uploads\/2022\/10\/LENIN-LUIS-EDUARDO-Y-JAIRO-BOSSUET.jpg","width":709,"height":399},{"@type":"BreadcrumbList","@id":"https:\/\/marthacifuentes.com\/portada\/denunciados-gerente-de-la-eaaay-y-alcalde-de-yopal-luis-eduardo-castro-por-prevaricato-en-relacion-a-multimillonaria-contratacion-de-la-ptar\/#breadcrumb","itemListElement":[{"@type":"ListItem","position":1,"name":"Portada","item":"https:\/\/marthacifuentes.com\/portada\/"},{"@type":"ListItem","position":2,"name":"Denunciados gerente de la Eaaay y alcalde de Yopal Luis Eduardo Castro por prevaricato en relaci\u00f3n a multimillonaria contrataci\u00f3n de la PTAR"}]},{"@type":"WebSite","@id":"https:\/\/marthacifuentes.com\/portada\/#website","url":"https:\/\/marthacifuentes.com\/portada\/","name":"\u25b7 Noticias de Casanare : Martha Cifuentes | Casanare","description":"Noticias &amp; Contenidos","potentialAction":[{"@type":"SearchAction","target":{"@type":"EntryPoint","urlTemplate":"https:\/\/marthacifuentes.com\/portada\/?s={search_term_string}"},"query-input":{"@type":"PropertyValueSpecification","valueRequired":true,"valueName":"search_term_string"}}],"inLanguage":"es"},{"@type":"Person","@id":"https:\/\/marthacifuentes.com\/portada\/#\/schema\/person\/57f53174b991db5f90ff78d58502b714","name":"Martha Cifuentes","image":{"@type":"ImageObject","inLanguage":"es","@id":"https:\/\/marthacifuentes.com\/portada\/#\/schema\/person\/image\/","url":"http:\/\/marthacifuentes.com\/portada\/wp-content\/uploads\/2018\/06\/avatar_user_2_1528838701-96x96.jpg","contentUrl":"http:\/\/marthacifuentes.com\/portada\/wp-content\/uploads\/2018\/06\/avatar_user_2_1528838701-96x96.jpg","caption":"Martha Cifuentes"},"sameAs":["http:\/\/www.marthacifuentes.com"],"url":"https:\/\/marthacifuentes.com\/portada\/author\/martha\/"}]}},"_links":{"self":[{"href":"https:\/\/marthacifuentes.com\/portada\/wp-json\/wp\/v2\/posts\/30114","targetHints":{"allow":["GET"]}}],"collection":[{"href":"https:\/\/marthacifuentes.com\/portada\/wp-json\/wp\/v2\/posts"}],"about":[{"href":"https:\/\/marthacifuentes.com\/portada\/wp-json\/wp\/v2\/types\/post"}],"author":[{"embeddable":true,"href":"https:\/\/marthacifuentes.com\/portada\/wp-json\/wp\/v2\/users\/2"}],"replies":[{"embeddable":true,"href":"https:\/\/marthacifuentes.com\/portada\/wp-json\/wp\/v2\/comments?post=30114"}],"version-history":[{"count":1,"href":"https:\/\/marthacifuentes.com\/portada\/wp-json\/wp\/v2\/posts\/30114\/revisions"}],"predecessor-version":[{"id":30118,"href":"https:\/\/marthacifuentes.com\/portada\/wp-json\/wp\/v2\/posts\/30114\/revisions\/30118"}],"wp:featuredmedia":[{"embeddable":true,"href":"https:\/\/marthacifuentes.com\/portada\/wp-json\/wp\/v2\/media\/30115"}],"wp:attachment":[{"href":"https:\/\/marthacifuentes.com\/portada\/wp-json\/wp\/v2\/media?parent=30114"}],"wp:term":[{"taxonomy":"category","embeddable":true,"href":"https:\/\/marthacifuentes.com\/portada\/wp-json\/wp\/v2\/categories?post=30114"},{"taxonomy":"post_tag","embeddable":true,"href":"https:\/\/marthacifuentes.com\/portada\/wp-json\/wp\/v2\/tags?post=30114"}],"curies":[{"name":"wp","href":"https:\/\/api.w.org\/{rel}","templated":true}]}}