{"id":30223,"date":"2022-10-20T09:56:29","date_gmt":"2022-10-20T14:56:29","guid":{"rendered":"https:\/\/marthacifuentes.com\/portada\/?p=30223"},"modified":"2022-10-20T09:56:29","modified_gmt":"2022-10-20T14:56:29","slug":"gobierno-nacional-proyecta-aumento-del-15-en-presupuesto-nacional-de-inversion-para-casanare","status":"publish","type":"post","link":"https:\/\/marthacifuentes.com\/portada\/gobierno-nacional-proyecta-aumento-del-15-en-presupuesto-nacional-de-inversion-para-casanare\/","title":{"rendered":"Gobierno nacional proyecta aumento del 15% en presupuesto nacional de inversi\u00f3n para Casanare"},"content":{"rendered":"<p style=\"text-align: justify;\">En un 15.6% aumentar\u00eda el presupuesto nacional de inversi\u00f3n para Casanare en 2023, proyectado por el gobierno nacional en el proyecto de ley que se estudia en el Congreso de la Rep\u00fablica para el pr\u00f3ximo a\u00f1o. Se pasar\u00eda de 602 a 696 mil millones de pesos. Seg\u00fan el parlamentario casanare\u00f1o del Centro Democr\u00e1tico Vladimir Olaya, el mayor rubro ser\u00eda destinado al transporte con 250 mil millones de pesos, seguido de inclusi\u00f3n social y reconciliaci\u00f3n con 137.500 millones de pesos, educaci\u00f3n con 83 mil millones de pesos, Agricultura con 46.600 millones y el \u00e1rea de minas y energ\u00eda, 45.500 millones.<\/p>\n<p style=\"text-align: justify;\">En transporte se contempla que la concesi\u00f3n Villavicencio-Yopal, ser\u00e1 la que m\u00e1s recibir\u00e1 inversi\u00f3n con $142 mil 500 millones de pesos; seguido del mantenimiento carretera Duitama-Sogamoso-Aguazul con 28 mil 500 millones y v\u00edas terciarias Colombia Rural con $25 mil 300 millones. Y en temas de inclusi\u00f3n social y reconciliaci\u00f3n, la asistencia a la primera infancia, recibir\u00e1 $42 mil millones; Familias en Acci\u00f3n y J\u00f3venes en Acci\u00f3n, $28 mil millones y Colombia mayor $14 mil millones.<\/p>\n<p style=\"text-align: justify;\">En educaci\u00f3n, el primer rubro ser\u00e1 cr\u00e9ditos y becas ICETEX con $35 mil millones; seguido de PAE con aproximadamente $31 mil millones e infraestructura educativa PBM con $7 mil millones. En agricultura, el financiamiento agropecuario recibir\u00e1 $15 mil millones; Desarrollo Rural de Comunidades Ind\u00edgenas aproximadamente $9 mil millones y ordenamiento social de la propiedad de la tierra $7 mil millones.<\/p>\n<p style=\"text-align: justify;\">Finalmente, en Minas se contemplan subsidios el\u00e9ctricos $27 mil millones; subsidio gas $13 mil millones y FAZNI (Fondo de Apoyo para la Energizaci\u00f3n de las Zonas No Interconectadas) $5 mil 400 millones.<\/p>\n<h2><strong>Otras noticias&#8230;<\/strong><\/h2>\n<blockquote class=\"wp-embedded-content\" data-secret=\"XW5tAMcqGG\"><p><a href=\"https:\/\/marthacifuentes.com\/portada\/2022\/10\/20\/sos-del-festival-de-teatro-y-circo-guadalupe-en-yopal-requiere-mecenas-y-donantes\/\">SOS del Festival de Teatro y Circo Guadalupe en Yopal. Requiere mecenas y donantes.<\/a><\/p><\/blockquote>\n<p><iframe loading=\"lazy\" class=\"wp-embedded-content\" sandbox=\"allow-scripts\" security=\"restricted\" style=\"position: absolute; clip: rect(1px, 1px, 1px, 1px);\" title=\"\u00abSOS del Festival de Teatro y Circo Guadalupe en Yopal. Requiere mecenas y donantes.\u00bb \u2014 \u25b7 Noticias de Casanare : Martha Cifuentes | Casanare\" src=\"https:\/\/marthacifuentes.com\/portada\/2022\/10\/20\/sos-del-festival-de-teatro-y-circo-guadalupe-en-yopal-requiere-mecenas-y-donantes\/embed\/#?secret=qJBUjMUsA8#?secret=XW5tAMcqGG\" data-secret=\"XW5tAMcqGG\" width=\"500\" height=\"282\" frameborder=\"0\" marginwidth=\"0\" marginheight=\"0\" scrolling=\"no\"><\/iframe><\/p>\n<p><iframe loading=\"lazy\" class=\"wp-embedded-content\" title=\"\u00abAdulto mayor fue v\u00edctima del robo de su bicicleta y documentos m\u00e9dicos en Yopal\u00bb \u2014 \u25b7 Noticias de Casanare : Martha Cifuentes | Casanare\" src=\"https:\/\/marthacifuentes.com\/portada\/2022\/10\/20\/adulto-mayor-fue-victima-del-robo-de-su-bicicleta-y-documentos-medicos-en-yopal\/embed\/#?secret=lWi2OVEKZg#?secret=h12YrpEIOR\" width=\"600\" height=\"568\" frameborder=\"0\" marginwidth=\"0\" marginheight=\"0\" scrolling=\"no\" sandbox=\"allow-scripts\" data-secret=\"h12YrpEIOR\" data-mce-fragment=\"1\"><\/iframe><\/p>\n<p><iframe loading=\"lazy\" class=\"wp-embedded-content\" title=\"\u00abExtorsi\u00f3n en aumento en Casanare y Meta. Bandas delincuenciales de microtr\u00e1fico se tomaron a Yopal.\u00bb \u2014 \u25b7 Noticias de Casanare : Martha Cifuentes | Casanare\" src=\"https:\/\/marthacifuentes.com\/portada\/2022\/10\/20\/extorsion-en-aumento-en-casanare-y-meta-bandas-delincuenciales-de-microtrafico-se-tomaron-a-yopal\/embed\/#?secret=28PshfHRQ3#?secret=NH2V7Nv1dq\" width=\"600\" height=\"621\" frameborder=\"0\" marginwidth=\"0\" marginheight=\"0\" scrolling=\"no\" sandbox=\"allow-scripts\" data-secret=\"NH2V7Nv1dq\" data-mce-fragment=\"1\"><\/iframe><\/p>\n<p><iframe loading=\"lazy\" class=\"wp-embedded-content\" title=\"\u00abAlerta en Casanare por muerte de 7 ni\u00f1os durante 2022 por enfermedades respiratorias\u00bb \u2014 \u25b7 Noticias de Casanare : Martha Cifuentes | Casanare\" src=\"https:\/\/marthacifuentes.com\/portada\/2022\/10\/20\/alerta-en-casanare-por-muerte-de-7-ninos-durante-2022-por-enfermedades-respiratorias\/embed\/#?secret=01xZlkwj35#?secret=aBe2JwKTOI\" width=\"600\" height=\"600\" frameborder=\"0\" marginwidth=\"0\" marginheight=\"0\" scrolling=\"no\" sandbox=\"allow-scripts\" data-secret=\"aBe2JwKTOI\" data-mce-fragment=\"1\"><\/iframe><\/p>\n<p><iframe loading=\"lazy\" class=\"wp-embedded-content\" title=\"\u00abEmpresarios de Yopal ahora son el blanco de los delincuentes\u00bb \u2014 \u25b7 Noticias de Casanare : Martha Cifuentes | Casanare\" src=\"https:\/\/marthacifuentes.com\/portada\/2022\/10\/19\/empresarios-de-yopal-ahora-son-el-blanco-de-los-delincuentes\/embed\/#?secret=89yS6C3lre#?secret=ZJn5aXJ8bb\" width=\"600\" height=\"614\" frameborder=\"0\" marginwidth=\"0\" marginheight=\"0\" scrolling=\"no\" sandbox=\"allow-scripts\" data-secret=\"ZJn5aXJ8bb\" data-mce-fragment=\"1\"><\/iframe><\/p>\n<p><iframe loading=\"lazy\" class=\"wp-embedded-content\" title=\"\u00abC\u00e1ncer de mama aument\u00f3 en Casanare en \u00faltimo a\u00f1o. De 36 mujeres afectadas 3 fallecieron por esta causa.\u00bb \u2014 \u25b7 Noticias de Casanare : Martha Cifuentes | Casanare\" src=\"https:\/\/marthacifuentes.com\/portada\/2022\/10\/19\/cancer-de-mama-aumento-en-casanare-en-ultimo-ano-de-36-mujeres-afectadas-3-fallecieron-por-esta-causa\/embed\/#?secret=nTuc4RaSBo#?secret=OPHPxL6Jn9\" width=\"600\" height=\"599\" frameborder=\"0\" marginwidth=\"0\" marginheight=\"0\" scrolling=\"no\" sandbox=\"allow-scripts\" data-secret=\"OPHPxL6Jn9\" data-mce-fragment=\"1\"><\/iframe><\/p>\n<p><iframe loading=\"lazy\" class=\"wp-embedded-content\" title=\"\u00abAtenci\u00f3n: 24 cursos gratuitos\u00a0en www.apps.co.\u00a0Marketing, dise\u00f1o y habilidades de emprendimiento, entre otros.\u00bb \u2014 \u25b7 Noticias de Casanare : Martha Cifuentes | Casanare\" src=\"https:\/\/marthacifuentes.com\/portada\/2022\/10\/19\/atencion-24-cursos-gratuitos-en-www-apps-co-marketing-diseno-y-habilidades-de-emprendimiento-entre-otros\/embed\/#?secret=0mzL09Dg7H#?secret=BYFEmvqQZn\" width=\"600\" height=\"670\" frameborder=\"0\" marginwidth=\"0\" marginheight=\"0\" scrolling=\"no\" sandbox=\"allow-scripts\" data-secret=\"BYFEmvqQZn\" data-mce-fragment=\"1\"><\/iframe><\/p>\n<p><iframe loading=\"lazy\" class=\"wp-embedded-content\" title=\"\u00abVuelve Festival Internacional de Cultura y Creatividad, Joropo Fest a Yopal, entre el 20 y 22 de octubre\u00bb \u2014 \u25b7 Noticias de Casanare : Martha Cifuentes | Casanare\" src=\"https:\/\/marthacifuentes.com\/portada\/2022\/10\/18\/vuelve-festival-internacional-de-cultura-y-creatividad-joropo-fest-a-yopal-entre-el-20-y-22-de-octubre\/embed\/#?secret=DZljAq0icq#?secret=ALVwBtV1YN\" width=\"600\" height=\"600\" frameborder=\"0\" marginwidth=\"0\" marginheight=\"0\" scrolling=\"no\" sandbox=\"allow-scripts\" data-secret=\"ALVwBtV1YN\" data-mce-fragment=\"1\"><\/iframe><\/p>\n<p><iframe loading=\"lazy\" class=\"wp-embedded-content\" title=\"\u00abYopale\u00f1os pagar\u00e1n de sus bolsillos, los pr\u00f3ximos 25 o 30 a\u00f1os, por los multimillonarios contratos de la Eaaay, as\u00ed lo dijo su gerente en La Bendici\u00f3n\u00bb \u2014 \u25b7 Noticias de Casanare : Martha Cifuentes | Casanare\" src=\"https:\/\/marthacifuentes.com\/portada\/2022\/10\/14\/yopalenos-pagaran-de-sus-bolsillos-los-proximos-25-o-30-anos-por-los-multimillonarios-contratos-de-la-eaaay-asi-lo-dijo-su-gerente-en-la-bendicion\/embed\/#?secret=m5UV0QxThj#?secret=91CtDWBmLJ\" width=\"600\" height=\"628\" frameborder=\"0\" marginwidth=\"0\" marginheight=\"0\" scrolling=\"no\" sandbox=\"allow-scripts\" data-secret=\"91CtDWBmLJ\" data-mce-fragment=\"1\"><\/iframe><\/p>\n<p><iframe loading=\"lazy\" class=\"wp-embedded-content\" title=\"\u00abPor colapso de puente del r\u00edo Ariporo se declarar\u00e1 calamidad p\u00fablica en Casanare\u00bb \u2014 \u25b7 Noticias de Casanare : Martha Cifuentes | Casanare\" src=\"https:\/\/marthacifuentes.com\/portada\/2022\/10\/13\/por-colapso-de-puente-del-rio-ariporo-se-declarara-calamidad-publica-en-casanare\/embed\/#?secret=VoPF0CnGwY#?secret=KnMEk4N2W1\" width=\"600\" height=\"596\" frameborder=\"0\" marginwidth=\"0\" marginheight=\"0\" scrolling=\"no\" sandbox=\"allow-scripts\" data-secret=\"KnMEk4N2W1\" data-mce-fragment=\"1\"><\/iframe><\/p>\n<p><iframe loading=\"lazy\" class=\"wp-embedded-content\" title=\"\u00abYopal baj\u00f3 2 puestos en \u00cdndice de Competitividad de Ciudades de Colombia. Ocupa posici\u00f3n 18 entre 32 municipios.\u00bb \u2014 \u25b7 Noticias de Casanare : Martha Cifuentes | Casanare\" src=\"https:\/\/marthacifuentes.com\/portada\/2022\/10\/13\/yopal-bajo-2-puestos-en-indice-de-competitividad-de-ciudades-de-colombia-ocupa-posicion-18-entre-32-municipios\/embed\/#?secret=ZlkqVMe1Xq#?secret=8GcEzbrAGN\" width=\"600\" height=\"649\" frameborder=\"0\" marginwidth=\"0\" marginheight=\"0\" scrolling=\"no\" sandbox=\"allow-scripts\" data-secret=\"8GcEzbrAGN\" data-mce-fragment=\"1\"><\/iframe><\/p>\n<p><iframe loading=\"lazy\" class=\"wp-embedded-content\" title=\"\u00abSindicatos de empresas de servicios p\u00fablicos del pa\u00eds rechazan privatizaci\u00f3n de la Eaaay de Yopal. Cuestionan contrataci\u00f3n millonaria de la PTAR y la planta de tratamiento de basuras\u00bb \u2014 \u25b7 Noticias de Casanare : Martha Cifuentes | Casanare\" src=\"https:\/\/marthacifuentes.com\/portada\/2022\/10\/13\/sindicatos-de-empresas-de-servicios-publicos-del-pais-rechazan-privatizacion-de-la-eaaay-de-yopal-cuestionan-contratacion-millonaria-de-la-ptar-y-la-planta-de-tratamiento-de-basuras\/embed\/#?secret=mdGtrX8XCF#?secret=FNHWFSl5p0\" width=\"600\" height=\"678\" frameborder=\"0\" marginwidth=\"0\" marginheight=\"0\" scrolling=\"no\" sandbox=\"allow-scripts\" data-secret=\"FNHWFSl5p0\" data-mce-fragment=\"1\"><\/iframe><\/p>\n<p><iframe loading=\"lazy\" class=\"wp-embedded-content\" title=\"\u00abSuperservicios requiere a la Eaaay informe de cuestionados contratos y solicita a la Contralor\u00eda vigilar los recursos p\u00fablicos apropiados para estos. \u00a0\u00bb \u2014 \u25b7 Noticias de Casanare : Martha Cifuentes | Casanare\" src=\"https:\/\/marthacifuentes.com\/portada\/2022\/10\/12\/superservicios-requiere-a-la-eaaay-informe-de-cuestionados-contratos-y-solicita-a-la-contraloria-vigilar-los-recursos-publicos-apropiados-para-estos\/embed\/#?secret=4jB7boIZVY#?secret=9LJfyXYF8E\" width=\"600\" height=\"587\" frameborder=\"0\" marginwidth=\"0\" marginheight=\"0\" scrolling=\"no\" sandbox=\"allow-scripts\" data-secret=\"9LJfyXYF8E\" data-mce-fragment=\"1\"><\/iframe><\/p>\n<p><iframe loading=\"lazy\" class=\"wp-embedded-content\" title=\"\u00abCapturado soldado profesional activo por violar a su propia hija de 9 a\u00f1os en hechos ocurridos en Yopal.\u00bb \u2014 \u25b7 Noticias de Casanare : Martha Cifuentes | Casanare\" src=\"https:\/\/marthacifuentes.com\/portada\/2022\/10\/12\/capturado-soldado-profesional-activo-por-violar-a-su-propia-hija-de-9-anos-en-hechos-ocurridos-en-yopal\/embed\/#?secret=F7CLWd3d36#?secret=ty9DVMSTN1\" width=\"600\" height=\"600\" frameborder=\"0\" marginwidth=\"0\" marginheight=\"0\" scrolling=\"no\" sandbox=\"allow-scripts\" data-secret=\"ty9DVMSTN1\" data-mce-fragment=\"1\"><\/iframe><\/p>\n<p><iframe loading=\"lazy\" class=\"wp-embedded-content\" title=\"\u00abAunque gerente de Eaaay y contratista defendieron contrato de PTAR de Yopal por U$70 millones, persisten dudas sobre el \u00abnegocio\u00bb\u00bb \u2014 \u25b7 Noticias de Casanare : Martha Cifuentes | Casanare\" src=\"https:\/\/marthacifuentes.com\/portada\/2022\/10\/12\/aunque-gerente-de-eaaay-y-contratista-defendieron-contrato-de-ptar-de-yopal-por-u70-millones-persisten-dudas-sobre-el-negocio\/embed\/#?secret=451mSL11kC#?secret=MSCsDn6jBj\" width=\"600\" height=\"614\" frameborder=\"0\" marginwidth=\"0\" marginheight=\"0\" scrolling=\"no\" sandbox=\"allow-scripts\" data-secret=\"MSCsDn6jBj\" data-mce-fragment=\"1\"><\/iframe><\/p>\n<p><iframe loading=\"lazy\" class=\"wp-embedded-content\" title=\"\u00abPredio donde se construir\u00e1 Terminal de Transportes de Yopal termin\u00f3 siendo un \u201cnegociazo\u201d para un particular, aunque era del municipio.\u00bb \u2014 \u25b7 Noticias de Casanare : Martha Cifuentes | Casanare\" src=\"https:\/\/marthacifuentes.com\/portada\/2022\/10\/07\/predio-donde-se-construira-terminal-de-transportes-de-yopal-termino-siendo-un-negociazo-para-un-particular-aunque-era-del-municipio\/embed\/#?secret=xF0ulqBYoK#?secret=w6NclZgSLs\" width=\"600\" height=\"592\" frameborder=\"0\" marginwidth=\"0\" marginheight=\"0\" scrolling=\"no\" sandbox=\"allow-scripts\" data-secret=\"w6NclZgSLs\" data-mce-fragment=\"1\"><\/iframe><\/p>\n<p><iframe loading=\"lazy\" class=\"wp-embedded-content\" title=\"\u00abPor queja ciudadana Contralor\u00eda de Casanare le pone la lupa a contrataci\u00f3n multimillonaria de la Eaaay. Algo no huele bien en contrato de la PTAR.\u00bb \u2014 \u25b7 Noticias de Casanare : Martha Cifuentes | Casanare\" src=\"https:\/\/marthacifuentes.com\/portada\/2022\/10\/06\/por-queja-ciudadana-contraloria-de-casanare-le-pone-la-lupa-a-contratacion-multimillonaria-de-la-eaaay-algo-no-huele-bien-en-contrato-de-la-ptar\/embed\/#?secret=RCweTLDobE#?secret=SPTuY2OmI1\" width=\"600\" height=\"649\" frameborder=\"0\" marginwidth=\"0\" marginheight=\"0\" scrolling=\"no\" sandbox=\"allow-scripts\" data-secret=\"SPTuY2OmI1\" data-mce-fragment=\"1\"><\/iframe><\/p>\n<p><iframe loading=\"lazy\" class=\"wp-embedded-content\" title=\"\u00abDenunciados gerente de la Eaaay y alcalde de Yopal Luis Eduardo Castro por prevaricato en relaci\u00f3n a multimillonaria contrataci\u00f3n de la PTAR\u00bb \u2014 \u25b7 Noticias de Casanare : Martha Cifuentes | Casanare\" src=\"https:\/\/marthacifuentes.com\/portada\/2022\/10\/05\/denunciados-gerente-de-la-eaaay-y-alcalde-de-yopal-luis-eduardo-castro-por-prevaricato-en-relacion-a-multimillonaria-contratacion-de-la-ptar\/embed\/#?secret=Qc59MgCrzV#?secret=swS4VjyuQz\" width=\"600\" height=\"649\" frameborder=\"0\" marginwidth=\"0\" marginheight=\"0\" scrolling=\"no\" sandbox=\"allow-scripts\" data-secret=\"swS4VjyuQz\" data-mce-fragment=\"1\"><\/iframe><\/p>\n<p><iframe loading=\"lazy\" class=\"wp-embedded-content\" title=\"\u00abYopale\u00f1os tendr\u00e1n que pagar el doble por servicio de alcantarillado como efecto de multimillonario contrato de la EAAAY de manejo de la PTAR\u00bb \u2014 \u25b7 Noticias de Casanare : Martha Cifuentes | Casanare\" src=\"https:\/\/marthacifuentes.com\/portada\/2022\/10\/04\/yopalenos-tendran-que-pagar-el-doble-por-servicio-de-alcantarillado-como-efecto-de-multimillonario-contrato-de-la-eaaay-de-manejo-de-la-ptar\/embed\/#?secret=TCfYM6ZPZL#?secret=vOo7sN61Sf\" width=\"600\" height=\"649\" frameborder=\"0\" marginwidth=\"0\" marginheight=\"0\" scrolling=\"no\" sandbox=\"allow-scripts\" data-secret=\"vOo7sN61Sf\" data-mce-fragment=\"1\"><\/iframe><\/p>\n<p><iframe loading=\"lazy\" class=\"wp-embedded-content\" title=\"\u00abTaxistas de Yopal inconformes con pago de seguridad social. Dicen que no les alcanza lo que producen.\u00bb \u2014 \u25b7 Noticias de Casanare : Martha Cifuentes | Casanare\" src=\"https:\/\/marthacifuentes.com\/portada\/2022\/10\/03\/taxistas-de-yopal-inconformes-con-pago-de-seguridad-social-dicen-que-no-les-alcanza-lo-que-producen\/embed\/#?secret=HCTnqdBTpr#?secret=UbEeyLJ53e\" width=\"600\" height=\"621\" frameborder=\"0\" marginwidth=\"0\" marginheight=\"0\" scrolling=\"no\" sandbox=\"allow-scripts\" data-secret=\"UbEeyLJ53e\" data-mce-fragment=\"1\"><\/iframe><\/p>\n<blockquote class=\"wp-embedded-content\" data-secret=\"8v13jpIYsG\"><p><a href=\"https:\/\/marthacifuentes.com\/portada\/\">Portada<\/a><\/p><\/blockquote>\n<p><iframe loading=\"lazy\" class=\"wp-embedded-content\" title=\"\u00abPortada\u00bb \u2014 \u25b7 Noticias de Casanare : Martha Cifuentes | Casanare\" src=\"https:\/\/marthacifuentes.com\/portada\/embed\/#?secret=xNkwWpn6mz#?secret=8v13jpIYsG\" width=\"600\" height=\"338\" frameborder=\"0\" marginwidth=\"0\" marginheight=\"0\" scrolling=\"no\" sandbox=\"allow-scripts\" data-secret=\"8v13jpIYsG\" data-mce-fragment=\"1\"><\/iframe><\/p>\n<p><iframe loading=\"lazy\" class=\"wp-embedded-content\" title=\"\u00abGobernador de Casanare descubri\u00f3 el agua tibia, que la inseguridad campea en Yopal y las c\u00e1maras de seguridad no funcionan\u00bb \u2014 \u25b7 Noticias de Casanare : Martha Cifuentes | Casanare\" src=\"https:\/\/marthacifuentes.com\/portada\/2022\/09\/30\/gobernador-de-casanare-descubrio-el-agua-tibia-que-la-inseguridad-campea-en-yopal-y-las-camaras-de-seguridad-no-funcionan\/embed\/#?secret=YR5WSIXH04#?secret=yA91pNgqKB\" width=\"600\" height=\"649\" frameborder=\"0\" marginwidth=\"0\" marginheight=\"0\" scrolling=\"no\" sandbox=\"allow-scripts\" data-secret=\"yA91pNgqKB\" data-mce-fragment=\"1\"><\/iframe><\/p>\n<p><iframe loading=\"lazy\" class=\"wp-embedded-content\" title=\"\u00ab\u00bfOtra vez militares aliados a grupo paramilitar Clan del Golfo, en Casanare? Capturado sargento activo que \u00abtrabajaba\u00bb para este GAO.\u00bb \u2014 \u25b7 Noticias de Casanare : Martha Cifuentes | Casanare\" src=\"https:\/\/marthacifuentes.com\/portada\/2022\/09\/28\/otra-vez-militares-aliados-a-grupo-paramilitar-clan-del-golfo-en-casanare-capturado-sargento-activo-que-trabajaba-para-este-gao\/embed\/#?secret=ShBvuYqfHL#?secret=vCkhUHLye5\" width=\"600\" height=\"640\" frameborder=\"0\" marginwidth=\"0\" marginheight=\"0\" scrolling=\"no\" sandbox=\"allow-scripts\" data-secret=\"vCkhUHLye5\" data-mce-fragment=\"1\"><\/iframe><\/p>\n<p><iframe loading=\"lazy\" class=\"wp-embedded-content\" title=\"\u00abDe payaso, maltratador, bobo, osado, showsero y hasta \u00e9mulo de Cal\u00edgula, fue calificado el senador Alirio Barrera, por meter su caballo al Congreso.\u00bb \u2014 \u25b7 Noticias de Casanare : Martha Cifuentes | Casanare\" src=\"https:\/\/marthacifuentes.com\/portada\/2022\/09\/28\/de-payaso-maltratador-bobo-osado-showsero-y-hasta-emulo-de-caligula-fue-calificado-el-senador-alirio-barrera-por-meter-su-caballo-al-congreso\/embed\/#?secret=cWjhV4Ebmv#?secret=zBQ4A3S5az\" width=\"600\" height=\"627\" frameborder=\"0\" marginwidth=\"0\" marginheight=\"0\" scrolling=\"no\" sandbox=\"allow-scripts\" data-secret=\"zBQ4A3S5az\" data-mce-fragment=\"1\"><\/iframe><\/p>\n<p><iframe loading=\"lazy\" class=\"wp-embedded-content\" title=\"\u00abEl Up\u00eda, Cusiana y Meta, r\u00edos del narcotr\u00e1fico en Casanare y Meta: Gobernador de Casanare\u00bb \u2014 \u25b7 Noticias de Casanare : Martha Cifuentes | Casanare\" src=\"https:\/\/marthacifuentes.com\/portada\/2022\/09\/26\/el-upia-cusiana-y-meta-rios-del-narcotrafico-en-casanare-y-meta-gobernador-de-casanare\/embed\/#?secret=0kRSkvWBon#?secret=yAbFmaHjyk\" width=\"600\" height=\"621\" frameborder=\"0\" marginwidth=\"0\" marginheight=\"0\" scrolling=\"no\" sandbox=\"allow-scripts\" data-secret=\"yAbFmaHjyk\" data-mce-fragment=\"1\"><\/iframe><\/p>\n<p><iframe loading=\"lazy\" class=\"wp-embedded-content\" title=\"\u00abAccidente en v\u00eda Paz de Ariporo-Hato Corozal, enluta a familia de Tame, Arauca. Dos de sus integrantes fallecieron.\u00bb \u2014 \u25b7 Noticias de Casanare : Martha Cifuentes | Casanare\" src=\"https:\/\/marthacifuentes.com\/portada\/2022\/09\/26\/accidente-en-via-paz-de-ariporo-hato-corozal-enluta-a-familia-de-tame-arauca-dos-de-sus-integrantes-fallecieron\/embed\/#?secret=S4LssPHWKi#?secret=J5Fv6ljeVM\" width=\"600\" height=\"580\" frameborder=\"0\" marginwidth=\"0\" marginheight=\"0\" scrolling=\"no\" sandbox=\"allow-scripts\" data-secret=\"J5Fv6ljeVM\" data-mce-fragment=\"1\"><\/iframe><\/p>\n<p><iframe loading=\"lazy\" class=\"wp-embedded-content\" title=\"\u00abCondenado en Yopal profesor de religi\u00f3n y moral que abus\u00f3 de dos ni\u00f1as de 8 a\u00f1os en 2016\u00bb \u2014 \u25b7 Noticias de Casanare : Martha Cifuentes | Casanare\" src=\"https:\/\/marthacifuentes.com\/portada\/2022\/09\/26\/condenado-en-yopal-profesor-de-religion-y-moral-que-abuso-de-dos-ninas-de-8-anos-en-2016\/embed\/#?secret=xD21mZc0HL#?secret=m4SYdMHEox\" width=\"600\" height=\"600\" frameborder=\"0\" marginwidth=\"0\" marginheight=\"0\" scrolling=\"no\" sandbox=\"allow-scripts\" data-secret=\"m4SYdMHEox\" data-mce-fragment=\"1\"><\/iframe><\/p>\n<p><iframe loading=\"lazy\" class=\"wp-embedded-content\" title=\"\u00abSupuesto cabecilla del Clan del Golfo, en Casanare y Meta, capturado en Barranca de Up\u00eda. Estuvo en Man\u00ed present\u00e1ndose como tal.\u00bb \u2014 \u25b7 Noticias de Casanare : Martha Cifuentes | Casanare\" src=\"https:\/\/marthacifuentes.com\/portada\/2022\/09\/26\/supuesto-cabecilla-del-clan-del-golfo-en-casanare-y-meta-capturado-en-barranca-de-upia-estuvo-en-mani-presentandose-como-tal\/embed\/#?secret=A7zsX54lm0#?secret=oz1bf0G7q8\" width=\"600\" height=\"649\" frameborder=\"0\" marginwidth=\"0\" marginheight=\"0\" scrolling=\"no\" sandbox=\"allow-scripts\" data-secret=\"oz1bf0G7q8\" data-mce-fragment=\"1\"><\/iframe><\/p>\n<p><iframe loading=\"lazy\" class=\"wp-embedded-content\" title=\"\u00abEn ataque sicarial, asesinado familiar de \u00abmart\u00edn llanos\u00bb, y tres hombres fueron heridos en Monterrey, Casanare\u00bb \u2014 \u25b7 Noticias de Casanare : Martha Cifuentes | Casanare\" src=\"https:\/\/marthacifuentes.com\/portada\/2022\/09\/23\/en-ataque-sicarial-asesinado-familiar-de-martin-llanos-y-tres-hombres-fueron-heridos-en-monterrey-casanare\/embed\/#?secret=oktl2yvWTR#?secret=7yY09aXDux\" width=\"600\" height=\"628\" frameborder=\"0\" marginwidth=\"0\" marginheight=\"0\" scrolling=\"no\" sandbox=\"allow-scripts\" data-secret=\"7yY09aXDux\" data-mce-fragment=\"1\"><\/iframe><\/p>\n<p><iframe loading=\"lazy\" class=\"wp-embedded-content\" title=\"\u00abEAAAY concesion\u00f3 PTAR de Yopal y planta de tratamiento de basuras por $320 mil millones a 30 a\u00f1os. \u00a0\u00a0\u00bb \u2014 \u25b7 Noticias de Casanare : Martha Cifuentes | Casanare\" src=\"https:\/\/marthacifuentes.com\/portada\/2022\/09\/22\/eaaay-concesiono-ptar-de-yopal-y-planta-de-tratamiento-de-basuras-por-320-mil-millones-a-30-anos\/embed\/#?secret=BiiB6Qh7F9#?secret=zAxAySy4Ef\" width=\"600\" height=\"633\" frameborder=\"0\" marginwidth=\"0\" marginheight=\"0\" scrolling=\"no\" sandbox=\"allow-scripts\" data-secret=\"zAxAySy4Ef\" data-mce-fragment=\"1\"><\/iframe><\/p>\n<p><iframe loading=\"lazy\" class=\"wp-embedded-content\" title=\"\u00abLa Fiscal\u00eda les ocup\u00f3 bienes a paramilitares condenados y presuntos testaferros de alias \u201cMart\u00edn Llanos\u201d\u00bb \u2014 \u25b7 Noticias de Casanare : Martha Cifuentes | Casanare\" src=\"https:\/\/marthacifuentes.com\/portada\/2022\/09\/22\/la-fiscalia-les-ocupo-bienes-a-paramilitares-condenados-y-presuntos-testaferros-de-alias-martin-llanos\/embed\/#?secret=gWiJoWZuel#?secret=QF3nM5m8AY\" width=\"600\" height=\"649\" frameborder=\"0\" marginwidth=\"0\" marginheight=\"0\" scrolling=\"no\" sandbox=\"allow-scripts\" data-secret=\"QF3nM5m8AY\" data-mce-fragment=\"1\"><\/iframe><\/p>\n<p><iframe loading=\"lazy\" class=\"wp-embedded-content\" title=\"\u00abEcopetrol afirma que garantizar\u00e1 suministro de gas a sus usuarios durante mantenimiento de planta de Cusiana en octubre\u00bb \u2014 \u25b7 Noticias de Casanare : Martha Cifuentes | Casanare\" src=\"https:\/\/marthacifuentes.com\/portada\/2022\/09\/21\/ecopetrol-afirma-que-garantizara-suministro-de-gas-a-sus-usuarios-durante-mantenimiento-de-planta-de-cusiana-en-octubre\/embed\/#?secret=8LJYGedRbe#?secret=Uajg0g5veK\" width=\"600\" height=\"618\" frameborder=\"0\" marginwidth=\"0\" marginheight=\"0\" scrolling=\"no\" sandbox=\"allow-scripts\" data-secret=\"Uajg0g5veK\" data-mce-fragment=\"1\"><\/iframe><\/p>\n<p><iframe loading=\"lazy\" class=\"wp-embedded-content\" title=\"\u00abAutoridades de Yopal y Casanare cuestionan que ladrones reincidentes queden libres y vuelvan a las calles a cometer fechor\u00edas\u00bb \u2014 \u25b7 Noticias de Casanare : Martha Cifuentes | Casanare\" src=\"https:\/\/marthacifuentes.com\/portada\/2022\/09\/21\/autoridades-de-yopal-y-casanare-cuestionan-que-ladrones-reincidentes-queden-libres-y-vuelvan-a-las-calles-a-cometer-fechorias\/embed\/#?secret=Wab5wG2fHI#?secret=GmsDWKkSka\" width=\"600\" height=\"649\" frameborder=\"0\" marginwidth=\"0\" marginheight=\"0\" scrolling=\"no\" sandbox=\"allow-scripts\" data-secret=\"GmsDWKkSka\" data-mce-fragment=\"1\"><\/iframe><\/p>\n<p><iframe loading=\"lazy\" class=\"wp-embedded-content\" title=\"\u00abEn Casanare los ladrones se robaron la tranquilidad. Al menos 6 hurtos diarios, en promedio, son reportados.\u00bb \u2014 \u25b7 Noticias de Casanare : Martha Cifuentes | Casanare\" src=\"https:\/\/marthacifuentes.com\/portada\/2022\/09\/21\/en-casanare-los-ladrones-se-robaron-la-tranquilidad-al-menos-6-hurtos-diarios-en-promedio-son-reportados\/embed\/#?secret=ntq7AHrlhJ#?secret=AJIXkGkwqN\" width=\"600\" height=\"621\" frameborder=\"0\" marginwidth=\"0\" marginheight=\"0\" scrolling=\"no\" sandbox=\"allow-scripts\" data-secret=\"AJIXkGkwqN\" data-mce-fragment=\"1\"><\/iframe><\/p>\n<p>&nbsp;<\/p>\n","protected":false},"excerpt":{"rendered":"<p>En un 15.6% aumentar\u00eda el presupuesto nacional de inversi\u00f3n para Casanare en 2023, proyectado por el gobierno nacional en el proyecto de ley que se estudia en el Congreso de la Rep\u00fablica para el pr\u00f3ximo a\u00f1o. Se pasar\u00eda de 602 a 696 mil millones de pesos. Seg\u00fan el parlamentario casanare\u00f1o del Centro Democr\u00e1tico Vladimir Olaya, &hellip;<\/p>\n","protected":false},"author":2,"featured_media":30224,"comment_status":"open","ping_status":"open","sticky":false,"template":"","format":"standard","meta":{"om_disable_all_campaigns":false,"_exactmetrics_skip_tracking":false,"_exactmetrics_sitenote_active":false,"_exactmetrics_sitenote_note":"","_exactmetrics_sitenote_category":0,"_monsterinsights_skip_tracking":false,"_monsterinsights_sitenote_active":false,"_monsterinsights_sitenote_note":"","_monsterinsights_sitenote_category":0,"_uf_show_specific_survey":0,"_uf_disable_surveys":false,"_joinchat":[],"footnotes":""},"categories":[147,146,145],"tags":[1373,1400,1421,8481,1376],"class_list":["post-30223","post","type-post","status-publish","format-standard","has-post-thumbnail","hentry","category-actualidad","category-noticias","category-reportajes","tag-casanare-noticias","tag-noticias-casanare","tag-noticias-yopal","tag-presupuesto-nacional-para-casanare-en-2023","tag-yopal-noticias"],"yoast_head":"<!-- This site is optimized with the Yoast SEO plugin v26.1 - https:\/\/yoast.com\/wordpress\/plugins\/seo\/ -->\n<title>Gobierno nacional proyecta aumento del 15% en presupuesto nacional de inversi\u00f3n para Casanare - \u25b7 Noticias de Casanare : Martha Cifuentes | Casanare<\/title>\n<meta name=\"robots\" content=\"index, follow, max-snippet:-1, max-image-preview:large, max-video-preview:-1\" \/>\n<link rel=\"canonical\" href=\"https:\/\/marthacifuentes.com\/portada\/gobierno-nacional-proyecta-aumento-del-15-en-presupuesto-nacional-de-inversion-para-casanare\/\" \/>\n<meta property=\"og:locale\" content=\"es_ES\" \/>\n<meta property=\"og:type\" content=\"article\" \/>\n<meta property=\"og:title\" content=\"Gobierno nacional proyecta aumento del 15% en presupuesto nacional de inversi\u00f3n para Casanare - \u25b7 Noticias de Casanare : Martha Cifuentes | Casanare\" \/>\n<meta property=\"og:description\" content=\"En un 15.6% aumentar\u00eda el presupuesto nacional de inversi\u00f3n para Casanare en 2023, proyectado por el gobierno nacional en el proyecto de ley que se estudia en el Congreso de la Rep\u00fablica para el pr\u00f3ximo a\u00f1o. Se pasar\u00eda de 602 a 696 mil millones de pesos. Seg\u00fan el parlamentario casanare\u00f1o del Centro Democr\u00e1tico Vladimir Olaya, &hellip;\" \/>\n<meta property=\"og:url\" content=\"https:\/\/marthacifuentes.com\/portada\/gobierno-nacional-proyecta-aumento-del-15-en-presupuesto-nacional-de-inversion-para-casanare\/\" \/>\n<meta property=\"og:site_name\" content=\"\u25b7 Noticias de Casanare : Martha Cifuentes | Casanare\" \/>\n<meta property=\"article:published_time\" content=\"2022-10-20T14:56:29+00:00\" \/>\n<meta property=\"og:image\" content=\"https:\/\/marthacifuentes.com\/portada\/wp-content\/uploads\/2022\/10\/billetes-colombianos-presupuesto.jpg\" \/>\n\t<meta property=\"og:image:width\" content=\"1300\" \/>\n\t<meta property=\"og:image:height\" content=\"956\" \/>\n\t<meta property=\"og:image:type\" content=\"image\/jpeg\" \/>\n<meta name=\"author\" content=\"Martha Cifuentes\" \/>\n<meta name=\"twitter:card\" content=\"summary_large_image\" \/>\n<meta name=\"twitter:label1\" content=\"Escrito por\" \/>\n\t<meta name=\"twitter:data1\" content=\"Martha Cifuentes\" \/>\n\t<meta name=\"twitter:label2\" content=\"Tiempo de lectura\" \/>\n\t<meta name=\"twitter:data2\" content=\"1 minuto\" \/>\n<script type=\"application\/ld+json\" class=\"yoast-schema-graph\">{\"@context\":\"https:\/\/schema.org\",\"@graph\":[{\"@type\":\"WebPage\",\"@id\":\"https:\/\/marthacifuentes.com\/portada\/gobierno-nacional-proyecta-aumento-del-15-en-presupuesto-nacional-de-inversion-para-casanare\/\",\"url\":\"https:\/\/marthacifuentes.com\/portada\/gobierno-nacional-proyecta-aumento-del-15-en-presupuesto-nacional-de-inversion-para-casanare\/\",\"name\":\"Gobierno nacional proyecta aumento del 15% en presupuesto nacional de inversi\u00f3n para Casanare - \u25b7 Noticias de Casanare : Martha Cifuentes | Casanare\",\"isPartOf\":{\"@id\":\"https:\/\/marthacifuentes.com\/portada\/#website\"},\"primaryImageOfPage\":{\"@id\":\"https:\/\/marthacifuentes.com\/portada\/gobierno-nacional-proyecta-aumento-del-15-en-presupuesto-nacional-de-inversion-para-casanare\/#primaryimage\"},\"image\":{\"@id\":\"https:\/\/marthacifuentes.com\/portada\/gobierno-nacional-proyecta-aumento-del-15-en-presupuesto-nacional-de-inversion-para-casanare\/#primaryimage\"},\"thumbnailUrl\":\"https:\/\/marthacifuentes.com\/portada\/wp-content\/uploads\/2022\/10\/billetes-colombianos-presupuesto.jpg\",\"datePublished\":\"2022-10-20T14:56:29+00:00\",\"author\":{\"@id\":\"https:\/\/marthacifuentes.com\/portada\/#\/schema\/person\/57f53174b991db5f90ff78d58502b714\"},\"breadcrumb\":{\"@id\":\"https:\/\/marthacifuentes.com\/portada\/gobierno-nacional-proyecta-aumento-del-15-en-presupuesto-nacional-de-inversion-para-casanare\/#breadcrumb\"},\"inLanguage\":\"es\",\"potentialAction\":[{\"@type\":\"ReadAction\",\"target\":[\"https:\/\/marthacifuentes.com\/portada\/gobierno-nacional-proyecta-aumento-del-15-en-presupuesto-nacional-de-inversion-para-casanare\/\"]}]},{\"@type\":\"ImageObject\",\"inLanguage\":\"es\",\"@id\":\"https:\/\/marthacifuentes.com\/portada\/gobierno-nacional-proyecta-aumento-del-15-en-presupuesto-nacional-de-inversion-para-casanare\/#primaryimage\",\"url\":\"https:\/\/marthacifuentes.com\/portada\/wp-content\/uploads\/2022\/10\/billetes-colombianos-presupuesto.jpg\",\"contentUrl\":\"https:\/\/marthacifuentes.com\/portada\/wp-content\/uploads\/2022\/10\/billetes-colombianos-presupuesto.jpg\",\"width\":1300,\"height\":956},{\"@type\":\"BreadcrumbList\",\"@id\":\"https:\/\/marthacifuentes.com\/portada\/gobierno-nacional-proyecta-aumento-del-15-en-presupuesto-nacional-de-inversion-para-casanare\/#breadcrumb\",\"itemListElement\":[{\"@type\":\"ListItem\",\"position\":1,\"name\":\"Portada\",\"item\":\"https:\/\/marthacifuentes.com\/portada\/\"},{\"@type\":\"ListItem\",\"position\":2,\"name\":\"Gobierno nacional proyecta aumento del 15% en presupuesto nacional de inversi\u00f3n para Casanare\"}]},{\"@type\":\"WebSite\",\"@id\":\"https:\/\/marthacifuentes.com\/portada\/#website\",\"url\":\"https:\/\/marthacifuentes.com\/portada\/\",\"name\":\"\u25b7 Noticias de Casanare : Martha Cifuentes | Casanare\",\"description\":\"Noticias &amp; Contenidos\",\"potentialAction\":[{\"@type\":\"SearchAction\",\"target\":{\"@type\":\"EntryPoint\",\"urlTemplate\":\"https:\/\/marthacifuentes.com\/portada\/?s={search_term_string}\"},\"query-input\":{\"@type\":\"PropertyValueSpecification\",\"valueRequired\":true,\"valueName\":\"search_term_string\"}}],\"inLanguage\":\"es\"},{\"@type\":\"Person\",\"@id\":\"https:\/\/marthacifuentes.com\/portada\/#\/schema\/person\/57f53174b991db5f90ff78d58502b714\",\"name\":\"Martha Cifuentes\",\"image\":{\"@type\":\"ImageObject\",\"inLanguage\":\"es\",\"@id\":\"https:\/\/marthacifuentes.com\/portada\/#\/schema\/person\/image\/\",\"url\":\"http:\/\/marthacifuentes.com\/portada\/wp-content\/uploads\/2018\/06\/avatar_user_2_1528838701-96x96.jpg\",\"contentUrl\":\"http:\/\/marthacifuentes.com\/portada\/wp-content\/uploads\/2018\/06\/avatar_user_2_1528838701-96x96.jpg\",\"caption\":\"Martha Cifuentes\"},\"sameAs\":[\"http:\/\/www.marthacifuentes.com\"],\"url\":\"https:\/\/marthacifuentes.com\/portada\/author\/martha\/\"}]}<\/script>\n<!-- \/ Yoast SEO plugin. -->","yoast_head_json":{"title":"Gobierno nacional proyecta aumento del 15% en presupuesto nacional de inversi\u00f3n para Casanare - \u25b7 Noticias de Casanare : Martha Cifuentes | Casanare","robots":{"index":"index","follow":"follow","max-snippet":"max-snippet:-1","max-image-preview":"max-image-preview:large","max-video-preview":"max-video-preview:-1"},"canonical":"https:\/\/marthacifuentes.com\/portada\/gobierno-nacional-proyecta-aumento-del-15-en-presupuesto-nacional-de-inversion-para-casanare\/","og_locale":"es_ES","og_type":"article","og_title":"Gobierno nacional proyecta aumento del 15% en presupuesto nacional de inversi\u00f3n para Casanare - \u25b7 Noticias de Casanare : Martha Cifuentes | Casanare","og_description":"En un 15.6% aumentar\u00eda el presupuesto nacional de inversi\u00f3n para Casanare en 2023, proyectado por el gobierno nacional en el proyecto de ley que se estudia en el Congreso de la Rep\u00fablica para el pr\u00f3ximo a\u00f1o. Se pasar\u00eda de 602 a 696 mil millones de pesos. Seg\u00fan el parlamentario casanare\u00f1o del Centro Democr\u00e1tico Vladimir Olaya, &hellip;","og_url":"https:\/\/marthacifuentes.com\/portada\/gobierno-nacional-proyecta-aumento-del-15-en-presupuesto-nacional-de-inversion-para-casanare\/","og_site_name":"\u25b7 Noticias de Casanare : Martha Cifuentes | Casanare","article_published_time":"2022-10-20T14:56:29+00:00","og_image":[{"width":1300,"height":956,"url":"https:\/\/marthacifuentes.com\/portada\/wp-content\/uploads\/2022\/10\/billetes-colombianos-presupuesto.jpg","type":"image\/jpeg"}],"author":"Martha Cifuentes","twitter_card":"summary_large_image","twitter_misc":{"Escrito por":"Martha Cifuentes","Tiempo de lectura":"1 minuto"},"schema":{"@context":"https:\/\/schema.org","@graph":[{"@type":"WebPage","@id":"https:\/\/marthacifuentes.com\/portada\/gobierno-nacional-proyecta-aumento-del-15-en-presupuesto-nacional-de-inversion-para-casanare\/","url":"https:\/\/marthacifuentes.com\/portada\/gobierno-nacional-proyecta-aumento-del-15-en-presupuesto-nacional-de-inversion-para-casanare\/","name":"Gobierno nacional proyecta aumento del 15% en presupuesto nacional de inversi\u00f3n para Casanare - \u25b7 Noticias de Casanare : Martha Cifuentes | Casanare","isPartOf":{"@id":"https:\/\/marthacifuentes.com\/portada\/#website"},"primaryImageOfPage":{"@id":"https:\/\/marthacifuentes.com\/portada\/gobierno-nacional-proyecta-aumento-del-15-en-presupuesto-nacional-de-inversion-para-casanare\/#primaryimage"},"image":{"@id":"https:\/\/marthacifuentes.com\/portada\/gobierno-nacional-proyecta-aumento-del-15-en-presupuesto-nacional-de-inversion-para-casanare\/#primaryimage"},"thumbnailUrl":"https:\/\/marthacifuentes.com\/portada\/wp-content\/uploads\/2022\/10\/billetes-colombianos-presupuesto.jpg","datePublished":"2022-10-20T14:56:29+00:00","author":{"@id":"https:\/\/marthacifuentes.com\/portada\/#\/schema\/person\/57f53174b991db5f90ff78d58502b714"},"breadcrumb":{"@id":"https:\/\/marthacifuentes.com\/portada\/gobierno-nacional-proyecta-aumento-del-15-en-presupuesto-nacional-de-inversion-para-casanare\/#breadcrumb"},"inLanguage":"es","potentialAction":[{"@type":"ReadAction","target":["https:\/\/marthacifuentes.com\/portada\/gobierno-nacional-proyecta-aumento-del-15-en-presupuesto-nacional-de-inversion-para-casanare\/"]}]},{"@type":"ImageObject","inLanguage":"es","@id":"https:\/\/marthacifuentes.com\/portada\/gobierno-nacional-proyecta-aumento-del-15-en-presupuesto-nacional-de-inversion-para-casanare\/#primaryimage","url":"https:\/\/marthacifuentes.com\/portada\/wp-content\/uploads\/2022\/10\/billetes-colombianos-presupuesto.jpg","contentUrl":"https:\/\/marthacifuentes.com\/portada\/wp-content\/uploads\/2022\/10\/billetes-colombianos-presupuesto.jpg","width":1300,"height":956},{"@type":"BreadcrumbList","@id":"https:\/\/marthacifuentes.com\/portada\/gobierno-nacional-proyecta-aumento-del-15-en-presupuesto-nacional-de-inversion-para-casanare\/#breadcrumb","itemListElement":[{"@type":"ListItem","position":1,"name":"Portada","item":"https:\/\/marthacifuentes.com\/portada\/"},{"@type":"ListItem","position":2,"name":"Gobierno nacional proyecta aumento del 15% en presupuesto nacional de inversi\u00f3n para Casanare"}]},{"@type":"WebSite","@id":"https:\/\/marthacifuentes.com\/portada\/#website","url":"https:\/\/marthacifuentes.com\/portada\/","name":"\u25b7 Noticias de Casanare : Martha Cifuentes | Casanare","description":"Noticias &amp; Contenidos","potentialAction":[{"@type":"SearchAction","target":{"@type":"EntryPoint","urlTemplate":"https:\/\/marthacifuentes.com\/portada\/?s={search_term_string}"},"query-input":{"@type":"PropertyValueSpecification","valueRequired":true,"valueName":"search_term_string"}}],"inLanguage":"es"},{"@type":"Person","@id":"https:\/\/marthacifuentes.com\/portada\/#\/schema\/person\/57f53174b991db5f90ff78d58502b714","name":"Martha Cifuentes","image":{"@type":"ImageObject","inLanguage":"es","@id":"https:\/\/marthacifuentes.com\/portada\/#\/schema\/person\/image\/","url":"http:\/\/marthacifuentes.com\/portada\/wp-content\/uploads\/2018\/06\/avatar_user_2_1528838701-96x96.jpg","contentUrl":"http:\/\/marthacifuentes.com\/portada\/wp-content\/uploads\/2018\/06\/avatar_user_2_1528838701-96x96.jpg","caption":"Martha Cifuentes"},"sameAs":["http:\/\/www.marthacifuentes.com"],"url":"https:\/\/marthacifuentes.com\/portada\/author\/martha\/"}]}},"_links":{"self":[{"href":"https:\/\/marthacifuentes.com\/portada\/wp-json\/wp\/v2\/posts\/30223","targetHints":{"allow":["GET"]}}],"collection":[{"href":"https:\/\/marthacifuentes.com\/portada\/wp-json\/wp\/v2\/posts"}],"about":[{"href":"https:\/\/marthacifuentes.com\/portada\/wp-json\/wp\/v2\/types\/post"}],"author":[{"embeddable":true,"href":"https:\/\/marthacifuentes.com\/portada\/wp-json\/wp\/v2\/users\/2"}],"replies":[{"embeddable":true,"href":"https:\/\/marthacifuentes.com\/portada\/wp-json\/wp\/v2\/comments?post=30223"}],"version-history":[{"count":1,"href":"https:\/\/marthacifuentes.com\/portada\/wp-json\/wp\/v2\/posts\/30223\/revisions"}],"predecessor-version":[{"id":30225,"href":"https:\/\/marthacifuentes.com\/portada\/wp-json\/wp\/v2\/posts\/30223\/revisions\/30225"}],"wp:featuredmedia":[{"embeddable":true,"href":"https:\/\/marthacifuentes.com\/portada\/wp-json\/wp\/v2\/media\/30224"}],"wp:attachment":[{"href":"https:\/\/marthacifuentes.com\/portada\/wp-json\/wp\/v2\/media?parent=30223"}],"wp:term":[{"taxonomy":"category","embeddable":true,"href":"https:\/\/marthacifuentes.com\/portada\/wp-json\/wp\/v2\/categories?post=30223"},{"taxonomy":"post_tag","embeddable":true,"href":"https:\/\/marthacifuentes.com\/portada\/wp-json\/wp\/v2\/tags?post=30223"}],"curies":[{"name":"wp","href":"https:\/\/api.w.org\/{rel}","templated":true}]}}