{"id":30247,"date":"2022-10-25T18:29:38","date_gmt":"2022-10-25T23:29:38","guid":{"rendered":"https:\/\/marthacifuentes.com\/portada\/?p=30247"},"modified":"2022-10-25T18:29:38","modified_gmt":"2022-10-25T23:29:38","slug":"festival-cultural-y-creativo-joropo-fest-2022-en-yopal-llego-a-mas-de-12-mil-personas","status":"publish","type":"post","link":"https:\/\/marthacifuentes.com\/portada\/festival-cultural-y-creativo-joropo-fest-2022-en-yopal-llego-a-mas-de-12-mil-personas\/","title":{"rendered":"Festival cultural y creativo Joropo Fest 2022 en Yopal lleg\u00f3 a m\u00e1s de 12 mil personas"},"content":{"rendered":"<p style=\"font-weight: 400; text-align: justify;\">Finaliz\u00f3 con \u00e9xito el\u00a0festival\u00a0internacional de cultura y creatividad &#8211;\u00a0Joropo\u00a0Fest\u00a0en su segunda versi\u00f3n 2022, en el Centro de Convenciones y Negocios de la C\u00e1mara de Comercio de Casanare (CCC). El evento logr\u00f3 fortalecer la econom\u00eda cultural y creativa de la regi\u00f3n y revitalizar el papel del folclor llanero como elemento cultural nacional.<\/p>\n<p style=\"font-weight: 400; text-align: justify;\">Entre empresarios, emprendedores, estudiantes y conferencistas fueron 12.474 las personas que asistieron y disfrutaron los contenidos del evento.\u00a0De estos, 7.625 personas de 8 departamentos (Casanare, Meta, Arauca, Boyac\u00e1, Caldas, Tolima, Santander y Bogot\u00e1) participaron activamente en los m\u00e1s de 30 talleres, 7 paneles, 5 conferencias, stands de galer\u00edas de arte, zona gastron\u00f3mica y turismo. Adem\u00e1s, 4.849 personas estuvieron presentes en las\u00a0muestras musicales<strong>\u00a0<\/strong>con selectos exponentes de la m\u00fasica llanera.<\/p>\n<p style=\"font-weight: 400; text-align: justify;\">De igual manera el evento cont\u00f3 con la participaci\u00f3n de m\u00e1s de 100 artistas, 90 empresarios\u00a0del sector de turismo, gastronom\u00eda y moda.\u00a0Se resalta que de manera simult\u00e1nea el festival se transmiti\u00f3 por los canales digitales y se registr\u00f3 un alcance de 119.189 espectadores, quienes apreciaron minuto a minuto el desarrollo de la agenda por v\u00eda streaming.<\/p>\n<p style=\"font-weight: 400; text-align: justify;\">\u201cSe generaron efectos positivos en diferentes sectores asociados al turismo de eventos, y en el fortalecimiento de la econom\u00eda cultural y creativa de la regi\u00f3n\u201d, indic\u00f3 Carlos Rojas Arenas, presidente ejecutivo CCC.<\/p>\n<p style=\"font-weight: 400; text-align: justify;\">El\u00a0festival\u00a0fue organizado por la C\u00e1mara de Comercio de Casanare y la Gobernaci\u00f3n de Casanare, con apoyo de Ecopetrol SAS, Parex Resources, Convioriente, Optisalud, Cl\u00ednica SIMA, Cl\u00ednica Casanare, Cusianagas, Chevrolet &#8211; Llano Grande, Fundaci\u00f3n Universitaria \u00c1rea Andina, Transabana SAS y restaurante Seviche. Adem\u00e1s de aliados como los Ministerios de Comercio, Industria y Turismo; Tecnolog\u00edas de la Informaci\u00f3n y las Comunicaciones; Confec\u00e1maras, universidades locales y nacionales, y m\u00e1s de 50 entidades regionales.<\/p>\n<p style=\"font-weight: 400; text-align: justify;\">\u201cEs una de las m\u00e1s grandes apuestas, potenciar este sector de la econom\u00eda y visibilizar a\u00fan m\u00e1s nuestra cultura llanera. En el 2023 el festival vendr\u00e1 cargado de nuevas tem\u00e1ticas que permitir\u00e1 generar nuevas habilidades y capacidades\u00a0innovadoras\u00a0en artistas y gestores culturales\u201d, manifest\u00f3 Edison Silva Ram\u00edrez, presidente de Junta Directiva CCC.<\/p>\n<h2>Otras noticias&#8230;<\/h2>\n<blockquote class=\"wp-embedded-content\" data-secret=\"mv4LRfrBEb\"><p><a href=\"https:\/\/marthacifuentes.com\/portada\/2022\/10\/25\/dos-ninos-victimas-de-violencia-sexual-y-matoneo-respectivamente-en-instituciones-educativas-en-hato-corozal-casanare\/\">Dos ni\u00f1os v\u00edctimas de violencia sexual y matoneo, respectivamente, en instituciones educativas en Hato Corozal, Casanare.<\/a><\/p><\/blockquote>\n<p><iframe loading=\"lazy\" class=\"wp-embedded-content\" sandbox=\"allow-scripts\" security=\"restricted\" style=\"position: absolute; clip: rect(1px, 1px, 1px, 1px);\" title=\"\u00abDos ni\u00f1os v\u00edctimas de violencia sexual y matoneo, respectivamente, en instituciones educativas en Hato Corozal, Casanare.\u00bb \u2014 \u25b7 Noticias de Casanare : Martha Cifuentes | Casanare\" src=\"https:\/\/marthacifuentes.com\/portada\/2022\/10\/25\/dos-ninos-victimas-de-violencia-sexual-y-matoneo-respectivamente-en-instituciones-educativas-en-hato-corozal-casanare\/embed\/#?secret=vlwyPF5Sv4#?secret=mv4LRfrBEb\" data-secret=\"mv4LRfrBEb\" width=\"500\" height=\"282\" frameborder=\"0\" marginwidth=\"0\" marginheight=\"0\" scrolling=\"no\"><\/iframe><\/p>\n<p><iframe loading=\"lazy\" class=\"wp-embedded-content\" title=\"\u00abEste a\u00f1o en Yopal s\u00ed hay festival de teatro y circo\u00bb \u2014 \u25b7 Noticias de Casanare : Martha Cifuentes | Casanare\" src=\"https:\/\/marthacifuentes.com\/portada\/2022\/10\/25\/este-ano-en-yopal-si-hay-festival-de-teatro-y-circo\/embed\/#?secret=N7RoyKrFty#?secret=u65dhCOs3b\" width=\"600\" height=\"572\" frameborder=\"0\" marginwidth=\"0\" marginheight=\"0\" scrolling=\"no\" sandbox=\"allow-scripts\" data-secret=\"u65dhCOs3b\" data-mce-fragment=\"1\"><\/iframe><\/p>\n<p><iframe loading=\"lazy\" class=\"wp-embedded-content\" title=\"\u00abCon acci\u00f3n popular, exalcalde Leonardo Puentes, pretende tumbar millonario contrato de la Eaaay en Yopal\u00bb \u2014 \u25b7 Noticias de Casanare : Martha Cifuentes | Casanare\" src=\"https:\/\/marthacifuentes.com\/portada\/2022\/10\/21\/con-accion-popular-exalcalde-leonardo-puentes-pretende-tumbar-millonario-contrato-de-la-eaaay-en-yopal\/embed\/#?secret=j4Jahudyu2#?secret=J9ATFRH3x4\" width=\"600\" height=\"650\" frameborder=\"0\" marginwidth=\"0\" marginheight=\"0\" scrolling=\"no\" sandbox=\"allow-scripts\" data-secret=\"J9ATFRH3x4\" data-mce-fragment=\"1\"><\/iframe><\/p>\n<p><iframe loading=\"lazy\" class=\"wp-embedded-content\" title=\"\u00abCapturado presunto asesino de jovencita hallada en un hotel de Yopal en septiembre.\u00bb \u2014 \u25b7 Noticias de Casanare : Martha Cifuentes | Casanare\" src=\"https:\/\/marthacifuentes.com\/portada\/2022\/10\/20\/capturado-presunto-asesino-de-jovencita-hallada-en-un-hotel-de-yopal-en-septiembre\/embed\/#?secret=p47RLoB7jy#?secret=zebuqca717\" width=\"600\" height=\"600\" frameborder=\"0\" marginwidth=\"0\" marginheight=\"0\" scrolling=\"no\" sandbox=\"allow-scripts\" data-secret=\"zebuqca717\" data-mce-fragment=\"1\"><\/iframe><\/p>\n<p><iframe loading=\"lazy\" class=\"wp-embedded-content\" title=\"\u00abWilliam Torres Escalante acept\u00f3 responsabilidad en falsos positivos en Casanare\u00bb \u2014 \u25b7 Noticias de Casanare : Martha Cifuentes | Casanare\" src=\"https:\/\/marthacifuentes.com\/portada\/2022\/10\/20\/william-torres-escalante-acepto-responsabilidad-en-falsos-positivos-en-casanare\/embed\/#?secret=b5R6ICSgBo#?secret=Za5NPKNNmk\" width=\"600\" height=\"621\" frameborder=\"0\" marginwidth=\"0\" marginheight=\"0\" scrolling=\"no\" sandbox=\"allow-scripts\" data-secret=\"Za5NPKNNmk\" data-mce-fragment=\"1\"><\/iframe><\/p>\n<p><iframe loading=\"lazy\" class=\"wp-embedded-content\" title=\"\u00abGobierno nacional proyecta aumento del 15% en presupuesto nacional de inversi\u00f3n para Casanare\u00bb \u2014 \u25b7 Noticias de Casanare : Martha Cifuentes | Casanare\" src=\"https:\/\/marthacifuentes.com\/portada\/2022\/10\/20\/gobierno-nacional-proyecta-aumento-del-15-en-presupuesto-nacional-de-inversion-para-casanare\/embed\/#?secret=wYv2zfPndn#?secret=nT2mEarmcZ\" width=\"600\" height=\"621\" frameborder=\"0\" marginwidth=\"0\" marginheight=\"0\" scrolling=\"no\" sandbox=\"allow-scripts\" data-secret=\"nT2mEarmcZ\" data-mce-fragment=\"1\"><\/iframe><\/p>\n<p><iframe loading=\"lazy\" class=\"wp-embedded-content\" title=\"\u00abSOS del Festival de Teatro y Circo Guadalupe en Yopal. Requiere mecenas y donantes.\u00bb \u2014 \u25b7 Noticias de Casanare : Martha Cifuentes | Casanare\" src=\"https:\/\/marthacifuentes.com\/portada\/2022\/10\/20\/sos-del-festival-de-teatro-y-circo-guadalupe-en-yopal-requiere-mecenas-y-donantes\/embed\/#?secret=ppbfxEVsSE#?secret=GQhfTgXUGk\" width=\"600\" height=\"621\" frameborder=\"0\" marginwidth=\"0\" marginheight=\"0\" scrolling=\"no\" sandbox=\"allow-scripts\" data-secret=\"GQhfTgXUGk\" data-mce-fragment=\"1\"><\/iframe><\/p>\n<p><iframe loading=\"lazy\" class=\"wp-embedded-content\" title=\"\u00abAdulto mayor fue v\u00edctima del robo de su bicicleta y documentos m\u00e9dicos en Yopal\u00bb \u2014 \u25b7 Noticias de Casanare : Martha Cifuentes | Casanare\" src=\"https:\/\/marthacifuentes.com\/portada\/2022\/10\/20\/adulto-mayor-fue-victima-del-robo-de-su-bicicleta-y-documentos-medicos-en-yopal\/embed\/#?secret=lWi2OVEKZg#?secret=h12YrpEIOR\" width=\"600\" height=\"568\" frameborder=\"0\" marginwidth=\"0\" marginheight=\"0\" scrolling=\"no\" sandbox=\"allow-scripts\" data-secret=\"h12YrpEIOR\" data-mce-fragment=\"1\"><\/iframe><\/p>\n<p><iframe loading=\"lazy\" class=\"wp-embedded-content\" title=\"\u00abExtorsi\u00f3n en aumento en Casanare y Meta. Bandas delincuenciales de microtr\u00e1fico se tomaron a Yopal.\u00bb \u2014 \u25b7 Noticias de Casanare : Martha Cifuentes | Casanare\" src=\"https:\/\/marthacifuentes.com\/portada\/2022\/10\/20\/extorsion-en-aumento-en-casanare-y-meta-bandas-delincuenciales-de-microtrafico-se-tomaron-a-yopal\/embed\/#?secret=28PshfHRQ3#?secret=NH2V7Nv1dq\" width=\"600\" height=\"621\" frameborder=\"0\" marginwidth=\"0\" marginheight=\"0\" scrolling=\"no\" sandbox=\"allow-scripts\" data-secret=\"NH2V7Nv1dq\" data-mce-fragment=\"1\"><\/iframe><\/p>\n<p><iframe loading=\"lazy\" class=\"wp-embedded-content\" title=\"\u00abAlerta en Casanare por muerte de 7 ni\u00f1os durante 2022 por enfermedades respiratorias\u00bb \u2014 \u25b7 Noticias de Casanare : Martha Cifuentes | Casanare\" src=\"https:\/\/marthacifuentes.com\/portada\/2022\/10\/20\/alerta-en-casanare-por-muerte-de-7-ninos-durante-2022-por-enfermedades-respiratorias\/embed\/#?secret=01xZlkwj35#?secret=aBe2JwKTOI\" width=\"600\" height=\"600\" frameborder=\"0\" marginwidth=\"0\" marginheight=\"0\" scrolling=\"no\" sandbox=\"allow-scripts\" data-secret=\"aBe2JwKTOI\" data-mce-fragment=\"1\"><\/iframe><\/p>\n<p><iframe loading=\"lazy\" class=\"wp-embedded-content\" title=\"\u00abEmpresarios de Yopal ahora son el blanco de los delincuentes\u00bb \u2014 \u25b7 Noticias de Casanare : Martha Cifuentes | Casanare\" src=\"https:\/\/marthacifuentes.com\/portada\/2022\/10\/19\/empresarios-de-yopal-ahora-son-el-blanco-de-los-delincuentes\/embed\/#?secret=89yS6C3lre#?secret=ZJn5aXJ8bb\" width=\"600\" height=\"614\" frameborder=\"0\" marginwidth=\"0\" marginheight=\"0\" scrolling=\"no\" sandbox=\"allow-scripts\" data-secret=\"ZJn5aXJ8bb\" data-mce-fragment=\"1\"><\/iframe><\/p>\n<p><iframe loading=\"lazy\" class=\"wp-embedded-content\" title=\"\u00abC\u00e1ncer de mama aument\u00f3 en Casanare en \u00faltimo a\u00f1o. De 36 mujeres afectadas 3 fallecieron por esta causa.\u00bb \u2014 \u25b7 Noticias de Casanare : Martha Cifuentes | Casanare\" src=\"https:\/\/marthacifuentes.com\/portada\/2022\/10\/19\/cancer-de-mama-aumento-en-casanare-en-ultimo-ano-de-36-mujeres-afectadas-3-fallecieron-por-esta-causa\/embed\/#?secret=nTuc4RaSBo#?secret=OPHPxL6Jn9\" width=\"600\" height=\"600\" frameborder=\"0\" marginwidth=\"0\" marginheight=\"0\" scrolling=\"no\" sandbox=\"allow-scripts\" data-secret=\"OPHPxL6Jn9\" data-mce-fragment=\"1\"><\/iframe><\/p>\n<p><iframe loading=\"lazy\" class=\"wp-embedded-content\" title=\"\u00abAtenci\u00f3n: 24 cursos gratuitos\u00a0en www.apps.co.\u00a0Marketing, dise\u00f1o y habilidades de emprendimiento, entre otros.\u00bb \u2014 \u25b7 Noticias de Casanare : Martha Cifuentes | Casanare\" src=\"https:\/\/marthacifuentes.com\/portada\/2022\/10\/19\/atencion-24-cursos-gratuitos-en-www-apps-co-marketing-diseno-y-habilidades-de-emprendimiento-entre-otros\/embed\/#?secret=0mzL09Dg7H#?secret=BYFEmvqQZn\" width=\"600\" height=\"671\" frameborder=\"0\" marginwidth=\"0\" marginheight=\"0\" scrolling=\"no\" sandbox=\"allow-scripts\" data-secret=\"BYFEmvqQZn\" data-mce-fragment=\"1\"><\/iframe><\/p>\n<p><iframe loading=\"lazy\" class=\"wp-embedded-content\" title=\"\u00abVuelve Festival Internacional de Cultura y Creatividad, Joropo Fest a Yopal, entre el 20 y 22 de octubre\u00bb \u2014 \u25b7 Noticias de Casanare : Martha Cifuentes | Casanare\" src=\"https:\/\/marthacifuentes.com\/portada\/2022\/10\/18\/vuelve-festival-internacional-de-cultura-y-creatividad-joropo-fest-a-yopal-entre-el-20-y-22-de-octubre\/embed\/#?secret=DZljAq0icq#?secret=ALVwBtV1YN\" width=\"600\" height=\"600\" frameborder=\"0\" marginwidth=\"0\" marginheight=\"0\" scrolling=\"no\" sandbox=\"allow-scripts\" data-secret=\"ALVwBtV1YN\" data-mce-fragment=\"1\"><\/iframe><\/p>\n<p><iframe loading=\"lazy\" class=\"wp-embedded-content\" title=\"\u00abYopale\u00f1os pagar\u00e1n de sus bolsillos, los pr\u00f3ximos 25 o 30 a\u00f1os, por los multimillonarios contratos de la Eaaay, as\u00ed lo dijo su gerente en La Bendici\u00f3n\u00bb \u2014 \u25b7 Noticias de Casanare : Martha Cifuentes | Casanare\" src=\"https:\/\/marthacifuentes.com\/portada\/2022\/10\/14\/yopalenos-pagaran-de-sus-bolsillos-los-proximos-25-o-30-anos-por-los-multimillonarios-contratos-de-la-eaaay-asi-lo-dijo-su-gerente-en-la-bendicion\/embed\/#?secret=m5UV0QxThj#?secret=91CtDWBmLJ\" width=\"600\" height=\"629\" frameborder=\"0\" marginwidth=\"0\" marginheight=\"0\" scrolling=\"no\" sandbox=\"allow-scripts\" data-secret=\"91CtDWBmLJ\" data-mce-fragment=\"1\"><\/iframe><\/p>\n<p><iframe loading=\"lazy\" class=\"wp-embedded-content\" title=\"\u00abPor colapso de puente del r\u00edo Ariporo se declarar\u00e1 calamidad p\u00fablica en Casanare\u00bb \u2014 \u25b7 Noticias de Casanare : Martha Cifuentes | Casanare\" src=\"https:\/\/marthacifuentes.com\/portada\/2022\/10\/13\/por-colapso-de-puente-del-rio-ariporo-se-declarara-calamidad-publica-en-casanare\/embed\/#?secret=VoPF0CnGwY#?secret=KnMEk4N2W1\" width=\"600\" height=\"596\" frameborder=\"0\" marginwidth=\"0\" marginheight=\"0\" scrolling=\"no\" sandbox=\"allow-scripts\" data-secret=\"KnMEk4N2W1\" data-mce-fragment=\"1\"><\/iframe><\/p>\n<p><iframe loading=\"lazy\" class=\"wp-embedded-content\" title=\"\u00abYopal baj\u00f3 2 puestos en \u00cdndice de Competitividad de Ciudades de Colombia. Ocupa posici\u00f3n 18 entre 32 municipios.\u00bb \u2014 \u25b7 Noticias de Casanare : Martha Cifuentes | Casanare\" src=\"https:\/\/marthacifuentes.com\/portada\/2022\/10\/13\/yopal-bajo-2-puestos-en-indice-de-competitividad-de-ciudades-de-colombia-ocupa-posicion-18-entre-32-municipios\/embed\/#?secret=ZlkqVMe1Xq#?secret=8GcEzbrAGN\" width=\"600\" height=\"650\" frameborder=\"0\" marginwidth=\"0\" marginheight=\"0\" scrolling=\"no\" sandbox=\"allow-scripts\" data-secret=\"8GcEzbrAGN\" data-mce-fragment=\"1\"><\/iframe><\/p>\n<p><iframe loading=\"lazy\" class=\"wp-embedded-content\" title=\"\u00abSindicatos de empresas de servicios p\u00fablicos del pa\u00eds rechazan privatizaci\u00f3n de la Eaaay de Yopal. Cuestionan contrataci\u00f3n millonaria de la PTAR y la planta de tratamiento de basuras\u00bb \u2014 \u25b7 Noticias de Casanare : Martha Cifuentes | Casanare\" src=\"https:\/\/marthacifuentes.com\/portada\/2022\/10\/13\/sindicatos-de-empresas-de-servicios-publicos-del-pais-rechazan-privatizacion-de-la-eaaay-de-yopal-cuestionan-contratacion-millonaria-de-la-ptar-y-la-planta-de-tratamiento-de-basuras\/embed\/#?secret=mdGtrX8XCF#?secret=FNHWFSl5p0\" width=\"600\" height=\"679\" frameborder=\"0\" marginwidth=\"0\" marginheight=\"0\" scrolling=\"no\" sandbox=\"allow-scripts\" data-secret=\"FNHWFSl5p0\" data-mce-fragment=\"1\"><\/iframe><\/p>\n<p><iframe loading=\"lazy\" class=\"wp-embedded-content\" title=\"\u00abSuperservicios requiere a la Eaaay informe de cuestionados contratos y solicita a la Contralor\u00eda vigilar los recursos p\u00fablicos apropiados para estos. \u00a0\u00bb \u2014 \u25b7 Noticias de Casanare : Martha Cifuentes | Casanare\" src=\"https:\/\/marthacifuentes.com\/portada\/2022\/10\/12\/superservicios-requiere-a-la-eaaay-informe-de-cuestionados-contratos-y-solicita-a-la-contraloria-vigilar-los-recursos-publicos-apropiados-para-estos\/embed\/#?secret=4jB7boIZVY#?secret=9LJfyXYF8E\" width=\"600\" height=\"588\" frameborder=\"0\" marginwidth=\"0\" marginheight=\"0\" scrolling=\"no\" sandbox=\"allow-scripts\" data-secret=\"9LJfyXYF8E\" data-mce-fragment=\"1\"><\/iframe><\/p>\n<p><iframe loading=\"lazy\" class=\"wp-embedded-content\" title=\"\u00abCapturado soldado profesional activo por violar a su propia hija de 9 a\u00f1os en hechos ocurridos en Yopal.\u00bb \u2014 \u25b7 Noticias de Casanare : Martha Cifuentes | Casanare\" src=\"https:\/\/marthacifuentes.com\/portada\/2022\/10\/12\/capturado-soldado-profesional-activo-por-violar-a-su-propia-hija-de-9-anos-en-hechos-ocurridos-en-yopal\/embed\/#?secret=F7CLWd3d36#?secret=ty9DVMSTN1\" width=\"600\" height=\"600\" frameborder=\"0\" marginwidth=\"0\" marginheight=\"0\" scrolling=\"no\" sandbox=\"allow-scripts\" data-secret=\"ty9DVMSTN1\" data-mce-fragment=\"1\"><\/iframe><\/p>\n<p><iframe loading=\"lazy\" class=\"wp-embedded-content\" title=\"\u00abAunque gerente de Eaaay y contratista defendieron contrato de PTAR de Yopal por U$70 millones, persisten dudas sobre el \u00abnegocio\u00bb\u00bb \u2014 \u25b7 Noticias de Casanare : Martha Cifuentes | Casanare\" src=\"https:\/\/marthacifuentes.com\/portada\/2022\/10\/12\/aunque-gerente-de-eaaay-y-contratista-defendieron-contrato-de-ptar-de-yopal-por-u70-millones-persisten-dudas-sobre-el-negocio\/embed\/#?secret=451mSL11kC#?secret=MSCsDn6jBj\" width=\"600\" height=\"615\" frameborder=\"0\" marginwidth=\"0\" marginheight=\"0\" scrolling=\"no\" sandbox=\"allow-scripts\" data-secret=\"MSCsDn6jBj\" data-mce-fragment=\"1\"><\/iframe><\/p>\n<p><iframe loading=\"lazy\" class=\"wp-embedded-content\" title=\"\u00abPredio donde se construir\u00e1 Terminal de Transportes de Yopal termin\u00f3 siendo un \u201cnegociazo\u201d para un particular, aunque era del municipio.\u00bb \u2014 \u25b7 Noticias de Casanare : Martha Cifuentes | Casanare\" src=\"https:\/\/marthacifuentes.com\/portada\/2022\/10\/07\/predio-donde-se-construira-terminal-de-transportes-de-yopal-termino-siendo-un-negociazo-para-un-particular-aunque-era-del-municipio\/embed\/#?secret=xF0ulqBYoK#?secret=w6NclZgSLs\" width=\"600\" height=\"593\" frameborder=\"0\" marginwidth=\"0\" marginheight=\"0\" scrolling=\"no\" sandbox=\"allow-scripts\" data-secret=\"w6NclZgSLs\" data-mce-fragment=\"1\"><\/iframe><\/p>\n<p><iframe loading=\"lazy\" class=\"wp-embedded-content\" title=\"\u00abPor queja ciudadana Contralor\u00eda de Casanare le pone la lupa a contrataci\u00f3n multimillonaria de la Eaaay. Algo no huele bien en contrato de la PTAR.\u00bb \u2014 \u25b7 Noticias de Casanare : Martha Cifuentes | Casanare\" src=\"https:\/\/marthacifuentes.com\/portada\/2022\/10\/06\/por-queja-ciudadana-contraloria-de-casanare-le-pone-la-lupa-a-contratacion-multimillonaria-de-la-eaaay-algo-no-huele-bien-en-contrato-de-la-ptar\/embed\/#?secret=RCweTLDobE#?secret=SPTuY2OmI1\" width=\"600\" height=\"650\" frameborder=\"0\" marginwidth=\"0\" marginheight=\"0\" scrolling=\"no\" sandbox=\"allow-scripts\" data-secret=\"SPTuY2OmI1\" data-mce-fragment=\"1\"><\/iframe><\/p>\n<p><iframe loading=\"lazy\" class=\"wp-embedded-content\" title=\"\u00abDenunciados gerente de la Eaaay y alcalde de Yopal Luis Eduardo Castro por prevaricato en relaci\u00f3n a multimillonaria contrataci\u00f3n de la PTAR\u00bb \u2014 \u25b7 Noticias de Casanare : Martha Cifuentes | Casanare\" src=\"https:\/\/marthacifuentes.com\/portada\/2022\/10\/05\/denunciados-gerente-de-la-eaaay-y-alcalde-de-yopal-luis-eduardo-castro-por-prevaricato-en-relacion-a-multimillonaria-contratacion-de-la-ptar\/embed\/#?secret=Qc59MgCrzV#?secret=swS4VjyuQz\" width=\"600\" height=\"650\" frameborder=\"0\" marginwidth=\"0\" marginheight=\"0\" scrolling=\"no\" sandbox=\"allow-scripts\" data-secret=\"swS4VjyuQz\" data-mce-fragment=\"1\"><\/iframe><\/p>\n<p><iframe loading=\"lazy\" class=\"wp-embedded-content\" title=\"\u00abYopale\u00f1os tendr\u00e1n que pagar el doble por servicio de alcantarillado como efecto de multimillonario contrato de la EAAAY de manejo de la PTAR\u00bb \u2014 \u25b7 Noticias de Casanare : Martha Cifuentes | Casanare\" src=\"https:\/\/marthacifuentes.com\/portada\/2022\/10\/04\/yopalenos-tendran-que-pagar-el-doble-por-servicio-de-alcantarillado-como-efecto-de-multimillonario-contrato-de-la-eaaay-de-manejo-de-la-ptar\/embed\/#?secret=TCfYM6ZPZL#?secret=vOo7sN61Sf\" width=\"600\" height=\"650\" frameborder=\"0\" marginwidth=\"0\" marginheight=\"0\" scrolling=\"no\" sandbox=\"allow-scripts\" data-secret=\"vOo7sN61Sf\" data-mce-fragment=\"1\"><\/iframe><\/p>\n<p><iframe loading=\"lazy\" class=\"wp-embedded-content\" title=\"\u00abTaxistas de Yopal inconformes con pago de seguridad social. Dicen que no les alcanza lo que producen.\u00bb \u2014 \u25b7 Noticias de Casanare : Martha Cifuentes | Casanare\" src=\"https:\/\/marthacifuentes.com\/portada\/2022\/10\/03\/taxistas-de-yopal-inconformes-con-pago-de-seguridad-social-dicen-que-no-les-alcanza-lo-que-producen\/embed\/#?secret=HCTnqdBTpr#?secret=UbEeyLJ53e\" width=\"600\" height=\"621\" frameborder=\"0\" marginwidth=\"0\" marginheight=\"0\" scrolling=\"no\" sandbox=\"allow-scripts\" data-secret=\"UbEeyLJ53e\" data-mce-fragment=\"1\"><\/iframe><\/p>\n<blockquote class=\"wp-embedded-content\" data-secret=\"8v13jpIYsG\"><p><a href=\"https:\/\/marthacifuentes.com\/portada\/\">Portada<\/a><\/p><\/blockquote>\n<p><iframe loading=\"lazy\" class=\"wp-embedded-content\" title=\"\u00abPortada\u00bb \u2014 \u25b7 Noticias de Casanare : Martha Cifuentes | Casanare\" src=\"https:\/\/marthacifuentes.com\/portada\/embed\/#?secret=xNkwWpn6mz#?secret=8v13jpIYsG\" width=\"600\" height=\"338\" frameborder=\"0\" marginwidth=\"0\" marginheight=\"0\" scrolling=\"no\" sandbox=\"allow-scripts\" data-secret=\"8v13jpIYsG\" data-mce-fragment=\"1\"><\/iframe><\/p>\n<p><iframe loading=\"lazy\" class=\"wp-embedded-content\" title=\"\u00abGobernador de Casanare descubri\u00f3 el agua tibia, que la inseguridad campea en Yopal y las c\u00e1maras de seguridad no funcionan\u00bb \u2014 \u25b7 Noticias de Casanare : Martha Cifuentes | Casanare\" src=\"https:\/\/marthacifuentes.com\/portada\/2022\/09\/30\/gobernador-de-casanare-descubrio-el-agua-tibia-que-la-inseguridad-campea-en-yopal-y-las-camaras-de-seguridad-no-funcionan\/embed\/#?secret=YR5WSIXH04#?secret=yA91pNgqKB\" width=\"600\" height=\"650\" frameborder=\"0\" marginwidth=\"0\" marginheight=\"0\" scrolling=\"no\" sandbox=\"allow-scripts\" data-secret=\"yA91pNgqKB\" data-mce-fragment=\"1\"><\/iframe><\/p>\n<p><iframe loading=\"lazy\" class=\"wp-embedded-content\" title=\"\u00ab\u00bfOtra vez militares aliados a grupo paramilitar Clan del Golfo, en Casanare? Capturado sargento activo que \u00abtrabajaba\u00bb para este GAO.\u00bb \u2014 \u25b7 Noticias de Casanare : Martha Cifuentes | Casanare\" src=\"https:\/\/marthacifuentes.com\/portada\/2022\/09\/28\/otra-vez-militares-aliados-a-grupo-paramilitar-clan-del-golfo-en-casanare-capturado-sargento-activo-que-trabajaba-para-este-gao\/embed\/#?secret=ShBvuYqfHL#?secret=vCkhUHLye5\" width=\"600\" height=\"641\" frameborder=\"0\" marginwidth=\"0\" marginheight=\"0\" scrolling=\"no\" sandbox=\"allow-scripts\" data-secret=\"vCkhUHLye5\" data-mce-fragment=\"1\"><\/iframe><\/p>\n<p><iframe loading=\"lazy\" class=\"wp-embedded-content\" title=\"\u00abDe payaso, maltratador, bobo, osado, showsero y hasta \u00e9mulo de Cal\u00edgula, fue calificado el senador Alirio Barrera, por meter su caballo al Congreso.\u00bb \u2014 \u25b7 Noticias de Casanare : Martha Cifuentes | Casanare\" src=\"https:\/\/marthacifuentes.com\/portada\/2022\/09\/28\/de-payaso-maltratador-bobo-osado-showsero-y-hasta-emulo-de-caligula-fue-calificado-el-senador-alirio-barrera-por-meter-su-caballo-al-congreso\/embed\/#?secret=cWjhV4Ebmv#?secret=zBQ4A3S5az\" width=\"600\" height=\"628\" frameborder=\"0\" marginwidth=\"0\" marginheight=\"0\" scrolling=\"no\" sandbox=\"allow-scripts\" data-secret=\"zBQ4A3S5az\" data-mce-fragment=\"1\"><\/iframe><\/p>\n<p><iframe loading=\"lazy\" class=\"wp-embedded-content\" title=\"\u00abEl Up\u00eda, Cusiana y Meta, r\u00edos del narcotr\u00e1fico en Casanare y Meta: Gobernador de Casanare\u00bb \u2014 \u25b7 Noticias de Casanare : Martha Cifuentes | Casanare\" src=\"https:\/\/marthacifuentes.com\/portada\/2022\/09\/26\/el-upia-cusiana-y-meta-rios-del-narcotrafico-en-casanare-y-meta-gobernador-de-casanare\/embed\/#?secret=0kRSkvWBon#?secret=yAbFmaHjyk\" width=\"600\" height=\"621\" frameborder=\"0\" marginwidth=\"0\" marginheight=\"0\" scrolling=\"no\" sandbox=\"allow-scripts\" data-secret=\"yAbFmaHjyk\" data-mce-fragment=\"1\"><\/iframe><\/p>\n<p><iframe loading=\"lazy\" class=\"wp-embedded-content\" title=\"\u00abAccidente en v\u00eda Paz de Ariporo-Hato Corozal, enluta a familia de Tame, Arauca. Dos de sus integrantes fallecieron.\u00bb \u2014 \u25b7 Noticias de Casanare : Martha Cifuentes | Casanare\" src=\"https:\/\/marthacifuentes.com\/portada\/2022\/09\/26\/accidente-en-via-paz-de-ariporo-hato-corozal-enluta-a-familia-de-tame-arauca-dos-de-sus-integrantes-fallecieron\/embed\/#?secret=S4LssPHWKi#?secret=J5Fv6ljeVM\" width=\"600\" height=\"581\" frameborder=\"0\" marginwidth=\"0\" marginheight=\"0\" scrolling=\"no\" sandbox=\"allow-scripts\" data-secret=\"J5Fv6ljeVM\" data-mce-fragment=\"1\"><\/iframe><\/p>\n<p><iframe loading=\"lazy\" class=\"wp-embedded-content\" title=\"\u00abCondenado en Yopal profesor de religi\u00f3n y moral que abus\u00f3 de dos ni\u00f1as de 8 a\u00f1os en 2016\u00bb \u2014 \u25b7 Noticias de Casanare : Martha Cifuentes | Casanare\" src=\"https:\/\/marthacifuentes.com\/portada\/2022\/09\/26\/condenado-en-yopal-profesor-de-religion-y-moral-que-abuso-de-dos-ninas-de-8-anos-en-2016\/embed\/#?secret=xD21mZc0HL#?secret=m4SYdMHEox\" width=\"600\" height=\"600\" frameborder=\"0\" marginwidth=\"0\" marginheight=\"0\" scrolling=\"no\" sandbox=\"allow-scripts\" data-secret=\"m4SYdMHEox\" data-mce-fragment=\"1\"><\/iframe><\/p>\n<p><iframe loading=\"lazy\" class=\"wp-embedded-content\" title=\"\u00abSupuesto cabecilla del Clan del Golfo, en Casanare y Meta, capturado en Barranca de Up\u00eda. Estuvo en Man\u00ed present\u00e1ndose como tal.\u00bb \u2014 \u25b7 Noticias de Casanare : Martha Cifuentes | Casanare\" src=\"https:\/\/marthacifuentes.com\/portada\/2022\/09\/26\/supuesto-cabecilla-del-clan-del-golfo-en-casanare-y-meta-capturado-en-barranca-de-upia-estuvo-en-mani-presentandose-como-tal\/embed\/#?secret=A7zsX54lm0#?secret=oz1bf0G7q8\" width=\"600\" height=\"650\" frameborder=\"0\" marginwidth=\"0\" marginheight=\"0\" scrolling=\"no\" sandbox=\"allow-scripts\" data-secret=\"oz1bf0G7q8\" data-mce-fragment=\"1\"><\/iframe><\/p>\n<p><iframe loading=\"lazy\" class=\"wp-embedded-content\" title=\"\u00abEn ataque sicarial, asesinado familiar de \u00abmart\u00edn llanos\u00bb, y tres hombres fueron heridos en Monterrey, Casanare\u00bb \u2014 \u25b7 Noticias de Casanare : Martha Cifuentes | Casanare\" src=\"https:\/\/marthacifuentes.com\/portada\/2022\/09\/23\/en-ataque-sicarial-asesinado-familiar-de-martin-llanos-y-tres-hombres-fueron-heridos-en-monterrey-casanare\/embed\/#?secret=oktl2yvWTR#?secret=7yY09aXDux\" width=\"600\" height=\"628\" frameborder=\"0\" marginwidth=\"0\" marginheight=\"0\" scrolling=\"no\" sandbox=\"allow-scripts\" data-secret=\"7yY09aXDux\" data-mce-fragment=\"1\"><\/iframe><\/p>\n<p><iframe loading=\"lazy\" class=\"wp-embedded-content\" title=\"\u00abEAAAY concesion\u00f3 PTAR de Yopal y planta de tratamiento de basuras por $320 mil millones a 30 a\u00f1os. \u00a0\u00a0\u00bb \u2014 \u25b7 Noticias de Casanare : Martha Cifuentes | Casanare\" src=\"https:\/\/marthacifuentes.com\/portada\/2022\/09\/22\/eaaay-concesiono-ptar-de-yopal-y-planta-de-tratamiento-de-basuras-por-320-mil-millones-a-30-anos\/embed\/#?secret=BiiB6Qh7F9#?secret=zAxAySy4Ef\" width=\"600\" height=\"633\" frameborder=\"0\" marginwidth=\"0\" marginheight=\"0\" scrolling=\"no\" sandbox=\"allow-scripts\" data-secret=\"zAxAySy4Ef\" data-mce-fragment=\"1\"><\/iframe><\/p>\n<p><iframe loading=\"lazy\" class=\"wp-embedded-content\" title=\"\u00abLa Fiscal\u00eda les ocup\u00f3 bienes a paramilitares condenados y presuntos testaferros de alias \u201cMart\u00edn Llanos\u201d\u00bb \u2014 \u25b7 Noticias de Casanare : Martha Cifuentes | Casanare\" src=\"https:\/\/marthacifuentes.com\/portada\/2022\/09\/22\/la-fiscalia-les-ocupo-bienes-a-paramilitares-condenados-y-presuntos-testaferros-de-alias-martin-llanos\/embed\/#?secret=gWiJoWZuel#?secret=QF3nM5m8AY\" width=\"600\" height=\"649\" frameborder=\"0\" marginwidth=\"0\" marginheight=\"0\" scrolling=\"no\" sandbox=\"allow-scripts\" data-secret=\"QF3nM5m8AY\" data-mce-fragment=\"1\"><\/iframe><\/p>\n<p><iframe loading=\"lazy\" class=\"wp-embedded-content\" title=\"\u00abEcopetrol afirma que garantizar\u00e1 suministro de gas a sus usuarios durante mantenimiento de planta de Cusiana en octubre\u00bb \u2014 \u25b7 Noticias de Casanare : Martha Cifuentes | Casanare\" src=\"https:\/\/marthacifuentes.com\/portada\/2022\/09\/21\/ecopetrol-afirma-que-garantizara-suministro-de-gas-a-sus-usuarios-durante-mantenimiento-de-planta-de-cusiana-en-octubre\/embed\/#?secret=8LJYGedRbe#?secret=Uajg0g5veK\" width=\"600\" height=\"619\" frameborder=\"0\" marginwidth=\"0\" marginheight=\"0\" scrolling=\"no\" sandbox=\"allow-scripts\" data-secret=\"Uajg0g5veK\" data-mce-fragment=\"1\"><\/iframe><\/p>\n<p><iframe loading=\"lazy\" class=\"wp-embedded-content\" title=\"\u00abAutoridades de Yopal y Casanare cuestionan que ladrones reincidentes queden libres y vuelvan a las calles a cometer fechor\u00edas\u00bb \u2014 \u25b7 Noticias de Casanare : Martha Cifuentes | Casanare\" src=\"https:\/\/marthacifuentes.com\/portada\/2022\/09\/21\/autoridades-de-yopal-y-casanare-cuestionan-que-ladrones-reincidentes-queden-libres-y-vuelvan-a-las-calles-a-cometer-fechorias\/embed\/#?secret=Wab5wG2fHI#?secret=GmsDWKkSka\" width=\"600\" height=\"650\" frameborder=\"0\" marginwidth=\"0\" marginheight=\"0\" scrolling=\"no\" sandbox=\"allow-scripts\" data-secret=\"GmsDWKkSka\" data-mce-fragment=\"1\"><\/iframe><\/p>\n<p><iframe loading=\"lazy\" class=\"wp-embedded-content\" title=\"\u00abEn Casanare los ladrones se robaron la tranquilidad. Al menos 6 hurtos diarios, en promedio, son reportados.\u00bb \u2014 \u25b7 Noticias de Casanare : Martha Cifuentes | Casanare\" src=\"https:\/\/marthacifuentes.com\/portada\/2022\/09\/21\/en-casanare-los-ladrones-se-robaron-la-tranquilidad-al-menos-6-hurtos-diarios-en-promedio-son-reportados\/embed\/#?secret=ntq7AHrlhJ#?secret=AJIXkGkwqN\" width=\"600\" height=\"621\" frameborder=\"0\" marginwidth=\"0\" marginheight=\"0\" scrolling=\"no\" sandbox=\"allow-scripts\" data-secret=\"AJIXkGkwqN\" data-mce-fragment=\"1\"><\/iframe><\/p>\n<p>&nbsp;<\/p>\n","protected":false},"excerpt":{"rendered":"<p>Finaliz\u00f3 con \u00e9xito el\u00a0festival\u00a0internacional de cultura y creatividad &#8211;\u00a0Joropo\u00a0Fest\u00a0en su segunda versi\u00f3n 2022, en el Centro de Convenciones y Negocios de la C\u00e1mara de Comercio de Casanare (CCC). El evento logr\u00f3 fortalecer la econom\u00eda cultural y creativa de la regi\u00f3n y revitalizar el papel del folclor llanero como elemento cultural nacional. Entre empresarios, emprendedores, estudiantes &hellip;<\/p>\n","protected":false},"author":2,"featured_media":30248,"comment_status":"open","ping_status":"open","sticky":false,"template":"","format":"standard","meta":{"om_disable_all_campaigns":false,"_exactmetrics_skip_tracking":false,"_exactmetrics_sitenote_active":false,"_exactmetrics_sitenote_note":"","_exactmetrics_sitenote_category":0,"_monsterinsights_skip_tracking":false,"_monsterinsights_sitenote_active":false,"_monsterinsights_sitenote_note":"","_monsterinsights_sitenote_category":0,"_uf_show_specific_survey":0,"_uf_disable_surveys":false,"_joinchat":[],"footnotes":""},"categories":[147,146,145],"tags":[8487,1373,1400,1421,1376],"class_list":["post-30247","post","type-post","status-publish","format-standard","has-post-thumbnail","hentry","category-actualidad","category-noticias","category-reportajes","tag-camara-de-comercio-de-casanare-joropofest-2022","tag-casanare-noticias","tag-noticias-casanare","tag-noticias-yopal","tag-yopal-noticias"],"yoast_head":"<!-- This site is optimized with the Yoast SEO plugin v26.1 - https:\/\/yoast.com\/wordpress\/plugins\/seo\/ -->\n<title>Festival cultural y creativo Joropo Fest 2022 en Yopal lleg\u00f3 a m\u00e1s de 12 mil personas - \u25b7 Noticias de Casanare : Martha Cifuentes | Casanare<\/title>\n<meta name=\"robots\" content=\"index, follow, max-snippet:-1, max-image-preview:large, max-video-preview:-1\" \/>\n<link rel=\"canonical\" href=\"https:\/\/marthacifuentes.com\/portada\/festival-cultural-y-creativo-joropo-fest-2022-en-yopal-llego-a-mas-de-12-mil-personas\/\" \/>\n<meta property=\"og:locale\" content=\"es_ES\" \/>\n<meta property=\"og:type\" content=\"article\" \/>\n<meta property=\"og:title\" content=\"Festival cultural y creativo Joropo Fest 2022 en Yopal lleg\u00f3 a m\u00e1s de 12 mil personas - \u25b7 Noticias de Casanare : Martha Cifuentes | Casanare\" \/>\n<meta property=\"og:description\" content=\"Finaliz\u00f3 con \u00e9xito el\u00a0festival\u00a0internacional de cultura y creatividad &#8211;\u00a0Joropo\u00a0Fest\u00a0en su segunda versi\u00f3n 2022, en el Centro de Convenciones y Negocios de la C\u00e1mara de Comercio de Casanare (CCC). El evento logr\u00f3 fortalecer la econom\u00eda cultural y creativa de la regi\u00f3n y revitalizar el papel del folclor llanero como elemento cultural nacional. Entre empresarios, emprendedores, estudiantes &hellip;\" \/>\n<meta property=\"og:url\" content=\"https:\/\/marthacifuentes.com\/portada\/festival-cultural-y-creativo-joropo-fest-2022-en-yopal-llego-a-mas-de-12-mil-personas\/\" \/>\n<meta property=\"og:site_name\" content=\"\u25b7 Noticias de Casanare : Martha Cifuentes | Casanare\" \/>\n<meta property=\"article:published_time\" content=\"2022-10-25T23:29:38+00:00\" \/>\n<meta property=\"og:image\" content=\"https:\/\/marthacifuentes.com\/portada\/wp-content\/uploads\/2022\/10\/FOTO-3.jpg\" \/>\n\t<meta property=\"og:image:width\" content=\"2048\" \/>\n\t<meta property=\"og:image:height\" content=\"1364\" \/>\n\t<meta property=\"og:image:type\" content=\"image\/jpeg\" \/>\n<meta name=\"author\" content=\"Martha Cifuentes\" \/>\n<meta name=\"twitter:card\" content=\"summary_large_image\" \/>\n<meta name=\"twitter:label1\" content=\"Escrito por\" \/>\n\t<meta name=\"twitter:data1\" content=\"Martha Cifuentes\" \/>\n\t<meta name=\"twitter:label2\" content=\"Tiempo de lectura\" \/>\n\t<meta name=\"twitter:data2\" content=\"2 minutos\" \/>\n<script type=\"application\/ld+json\" class=\"yoast-schema-graph\">{\"@context\":\"https:\/\/schema.org\",\"@graph\":[{\"@type\":\"WebPage\",\"@id\":\"https:\/\/marthacifuentes.com\/portada\/festival-cultural-y-creativo-joropo-fest-2022-en-yopal-llego-a-mas-de-12-mil-personas\/\",\"url\":\"https:\/\/marthacifuentes.com\/portada\/festival-cultural-y-creativo-joropo-fest-2022-en-yopal-llego-a-mas-de-12-mil-personas\/\",\"name\":\"Festival cultural y creativo Joropo Fest 2022 en Yopal lleg\u00f3 a m\u00e1s de 12 mil personas - \u25b7 Noticias de Casanare : Martha Cifuentes | Casanare\",\"isPartOf\":{\"@id\":\"https:\/\/marthacifuentes.com\/portada\/#website\"},\"primaryImageOfPage\":{\"@id\":\"https:\/\/marthacifuentes.com\/portada\/festival-cultural-y-creativo-joropo-fest-2022-en-yopal-llego-a-mas-de-12-mil-personas\/#primaryimage\"},\"image\":{\"@id\":\"https:\/\/marthacifuentes.com\/portada\/festival-cultural-y-creativo-joropo-fest-2022-en-yopal-llego-a-mas-de-12-mil-personas\/#primaryimage\"},\"thumbnailUrl\":\"https:\/\/marthacifuentes.com\/portada\/wp-content\/uploads\/2022\/10\/FOTO-3.jpg\",\"datePublished\":\"2022-10-25T23:29:38+00:00\",\"author\":{\"@id\":\"https:\/\/marthacifuentes.com\/portada\/#\/schema\/person\/57f53174b991db5f90ff78d58502b714\"},\"breadcrumb\":{\"@id\":\"https:\/\/marthacifuentes.com\/portada\/festival-cultural-y-creativo-joropo-fest-2022-en-yopal-llego-a-mas-de-12-mil-personas\/#breadcrumb\"},\"inLanguage\":\"es\",\"potentialAction\":[{\"@type\":\"ReadAction\",\"target\":[\"https:\/\/marthacifuentes.com\/portada\/festival-cultural-y-creativo-joropo-fest-2022-en-yopal-llego-a-mas-de-12-mil-personas\/\"]}]},{\"@type\":\"ImageObject\",\"inLanguage\":\"es\",\"@id\":\"https:\/\/marthacifuentes.com\/portada\/festival-cultural-y-creativo-joropo-fest-2022-en-yopal-llego-a-mas-de-12-mil-personas\/#primaryimage\",\"url\":\"https:\/\/marthacifuentes.com\/portada\/wp-content\/uploads\/2022\/10\/FOTO-3.jpg\",\"contentUrl\":\"https:\/\/marthacifuentes.com\/portada\/wp-content\/uploads\/2022\/10\/FOTO-3.jpg\",\"width\":2048,\"height\":1364},{\"@type\":\"BreadcrumbList\",\"@id\":\"https:\/\/marthacifuentes.com\/portada\/festival-cultural-y-creativo-joropo-fest-2022-en-yopal-llego-a-mas-de-12-mil-personas\/#breadcrumb\",\"itemListElement\":[{\"@type\":\"ListItem\",\"position\":1,\"name\":\"Portada\",\"item\":\"https:\/\/marthacifuentes.com\/portada\/\"},{\"@type\":\"ListItem\",\"position\":2,\"name\":\"Festival cultural y creativo Joropo Fest 2022 en Yopal lleg\u00f3 a m\u00e1s de 12 mil personas\"}]},{\"@type\":\"WebSite\",\"@id\":\"https:\/\/marthacifuentes.com\/portada\/#website\",\"url\":\"https:\/\/marthacifuentes.com\/portada\/\",\"name\":\"\u25b7 Noticias de Casanare : Martha Cifuentes | Casanare\",\"description\":\"Noticias &amp; Contenidos\",\"potentialAction\":[{\"@type\":\"SearchAction\",\"target\":{\"@type\":\"EntryPoint\",\"urlTemplate\":\"https:\/\/marthacifuentes.com\/portada\/?s={search_term_string}\"},\"query-input\":{\"@type\":\"PropertyValueSpecification\",\"valueRequired\":true,\"valueName\":\"search_term_string\"}}],\"inLanguage\":\"es\"},{\"@type\":\"Person\",\"@id\":\"https:\/\/marthacifuentes.com\/portada\/#\/schema\/person\/57f53174b991db5f90ff78d58502b714\",\"name\":\"Martha Cifuentes\",\"image\":{\"@type\":\"ImageObject\",\"inLanguage\":\"es\",\"@id\":\"https:\/\/marthacifuentes.com\/portada\/#\/schema\/person\/image\/\",\"url\":\"http:\/\/marthacifuentes.com\/portada\/wp-content\/uploads\/2018\/06\/avatar_user_2_1528838701-96x96.jpg\",\"contentUrl\":\"http:\/\/marthacifuentes.com\/portada\/wp-content\/uploads\/2018\/06\/avatar_user_2_1528838701-96x96.jpg\",\"caption\":\"Martha Cifuentes\"},\"sameAs\":[\"http:\/\/www.marthacifuentes.com\"],\"url\":\"https:\/\/marthacifuentes.com\/portada\/author\/martha\/\"}]}<\/script>\n<!-- \/ Yoast SEO plugin. -->","yoast_head_json":{"title":"Festival cultural y creativo Joropo Fest 2022 en Yopal lleg\u00f3 a m\u00e1s de 12 mil personas - \u25b7 Noticias de Casanare : Martha Cifuentes | Casanare","robots":{"index":"index","follow":"follow","max-snippet":"max-snippet:-1","max-image-preview":"max-image-preview:large","max-video-preview":"max-video-preview:-1"},"canonical":"https:\/\/marthacifuentes.com\/portada\/festival-cultural-y-creativo-joropo-fest-2022-en-yopal-llego-a-mas-de-12-mil-personas\/","og_locale":"es_ES","og_type":"article","og_title":"Festival cultural y creativo Joropo Fest 2022 en Yopal lleg\u00f3 a m\u00e1s de 12 mil personas - \u25b7 Noticias de Casanare : Martha Cifuentes | Casanare","og_description":"Finaliz\u00f3 con \u00e9xito el\u00a0festival\u00a0internacional de cultura y creatividad &#8211;\u00a0Joropo\u00a0Fest\u00a0en su segunda versi\u00f3n 2022, en el Centro de Convenciones y Negocios de la C\u00e1mara de Comercio de Casanare (CCC). El evento logr\u00f3 fortalecer la econom\u00eda cultural y creativa de la regi\u00f3n y revitalizar el papel del folclor llanero como elemento cultural nacional. Entre empresarios, emprendedores, estudiantes &hellip;","og_url":"https:\/\/marthacifuentes.com\/portada\/festival-cultural-y-creativo-joropo-fest-2022-en-yopal-llego-a-mas-de-12-mil-personas\/","og_site_name":"\u25b7 Noticias de Casanare : Martha Cifuentes | Casanare","article_published_time":"2022-10-25T23:29:38+00:00","og_image":[{"width":2048,"height":1364,"url":"https:\/\/marthacifuentes.com\/portada\/wp-content\/uploads\/2022\/10\/FOTO-3.jpg","type":"image\/jpeg"}],"author":"Martha Cifuentes","twitter_card":"summary_large_image","twitter_misc":{"Escrito por":"Martha Cifuentes","Tiempo de lectura":"2 minutos"},"schema":{"@context":"https:\/\/schema.org","@graph":[{"@type":"WebPage","@id":"https:\/\/marthacifuentes.com\/portada\/festival-cultural-y-creativo-joropo-fest-2022-en-yopal-llego-a-mas-de-12-mil-personas\/","url":"https:\/\/marthacifuentes.com\/portada\/festival-cultural-y-creativo-joropo-fest-2022-en-yopal-llego-a-mas-de-12-mil-personas\/","name":"Festival cultural y creativo Joropo Fest 2022 en Yopal lleg\u00f3 a m\u00e1s de 12 mil personas - \u25b7 Noticias de Casanare : Martha Cifuentes | Casanare","isPartOf":{"@id":"https:\/\/marthacifuentes.com\/portada\/#website"},"primaryImageOfPage":{"@id":"https:\/\/marthacifuentes.com\/portada\/festival-cultural-y-creativo-joropo-fest-2022-en-yopal-llego-a-mas-de-12-mil-personas\/#primaryimage"},"image":{"@id":"https:\/\/marthacifuentes.com\/portada\/festival-cultural-y-creativo-joropo-fest-2022-en-yopal-llego-a-mas-de-12-mil-personas\/#primaryimage"},"thumbnailUrl":"https:\/\/marthacifuentes.com\/portada\/wp-content\/uploads\/2022\/10\/FOTO-3.jpg","datePublished":"2022-10-25T23:29:38+00:00","author":{"@id":"https:\/\/marthacifuentes.com\/portada\/#\/schema\/person\/57f53174b991db5f90ff78d58502b714"},"breadcrumb":{"@id":"https:\/\/marthacifuentes.com\/portada\/festival-cultural-y-creativo-joropo-fest-2022-en-yopal-llego-a-mas-de-12-mil-personas\/#breadcrumb"},"inLanguage":"es","potentialAction":[{"@type":"ReadAction","target":["https:\/\/marthacifuentes.com\/portada\/festival-cultural-y-creativo-joropo-fest-2022-en-yopal-llego-a-mas-de-12-mil-personas\/"]}]},{"@type":"ImageObject","inLanguage":"es","@id":"https:\/\/marthacifuentes.com\/portada\/festival-cultural-y-creativo-joropo-fest-2022-en-yopal-llego-a-mas-de-12-mil-personas\/#primaryimage","url":"https:\/\/marthacifuentes.com\/portada\/wp-content\/uploads\/2022\/10\/FOTO-3.jpg","contentUrl":"https:\/\/marthacifuentes.com\/portada\/wp-content\/uploads\/2022\/10\/FOTO-3.jpg","width":2048,"height":1364},{"@type":"BreadcrumbList","@id":"https:\/\/marthacifuentes.com\/portada\/festival-cultural-y-creativo-joropo-fest-2022-en-yopal-llego-a-mas-de-12-mil-personas\/#breadcrumb","itemListElement":[{"@type":"ListItem","position":1,"name":"Portada","item":"https:\/\/marthacifuentes.com\/portada\/"},{"@type":"ListItem","position":2,"name":"Festival cultural y creativo Joropo Fest 2022 en Yopal lleg\u00f3 a m\u00e1s de 12 mil personas"}]},{"@type":"WebSite","@id":"https:\/\/marthacifuentes.com\/portada\/#website","url":"https:\/\/marthacifuentes.com\/portada\/","name":"\u25b7 Noticias de Casanare : Martha Cifuentes | Casanare","description":"Noticias &amp; Contenidos","potentialAction":[{"@type":"SearchAction","target":{"@type":"EntryPoint","urlTemplate":"https:\/\/marthacifuentes.com\/portada\/?s={search_term_string}"},"query-input":{"@type":"PropertyValueSpecification","valueRequired":true,"valueName":"search_term_string"}}],"inLanguage":"es"},{"@type":"Person","@id":"https:\/\/marthacifuentes.com\/portada\/#\/schema\/person\/57f53174b991db5f90ff78d58502b714","name":"Martha Cifuentes","image":{"@type":"ImageObject","inLanguage":"es","@id":"https:\/\/marthacifuentes.com\/portada\/#\/schema\/person\/image\/","url":"http:\/\/marthacifuentes.com\/portada\/wp-content\/uploads\/2018\/06\/avatar_user_2_1528838701-96x96.jpg","contentUrl":"http:\/\/marthacifuentes.com\/portada\/wp-content\/uploads\/2018\/06\/avatar_user_2_1528838701-96x96.jpg","caption":"Martha Cifuentes"},"sameAs":["http:\/\/www.marthacifuentes.com"],"url":"https:\/\/marthacifuentes.com\/portada\/author\/martha\/"}]}},"_links":{"self":[{"href":"https:\/\/marthacifuentes.com\/portada\/wp-json\/wp\/v2\/posts\/30247","targetHints":{"allow":["GET"]}}],"collection":[{"href":"https:\/\/marthacifuentes.com\/portada\/wp-json\/wp\/v2\/posts"}],"about":[{"href":"https:\/\/marthacifuentes.com\/portada\/wp-json\/wp\/v2\/types\/post"}],"author":[{"embeddable":true,"href":"https:\/\/marthacifuentes.com\/portada\/wp-json\/wp\/v2\/users\/2"}],"replies":[{"embeddable":true,"href":"https:\/\/marthacifuentes.com\/portada\/wp-json\/wp\/v2\/comments?post=30247"}],"version-history":[{"count":1,"href":"https:\/\/marthacifuentes.com\/portada\/wp-json\/wp\/v2\/posts\/30247\/revisions"}],"predecessor-version":[{"id":30249,"href":"https:\/\/marthacifuentes.com\/portada\/wp-json\/wp\/v2\/posts\/30247\/revisions\/30249"}],"wp:featuredmedia":[{"embeddable":true,"href":"https:\/\/marthacifuentes.com\/portada\/wp-json\/wp\/v2\/media\/30248"}],"wp:attachment":[{"href":"https:\/\/marthacifuentes.com\/portada\/wp-json\/wp\/v2\/media?parent=30247"}],"wp:term":[{"taxonomy":"category","embeddable":true,"href":"https:\/\/marthacifuentes.com\/portada\/wp-json\/wp\/v2\/categories?post=30247"},{"taxonomy":"post_tag","embeddable":true,"href":"https:\/\/marthacifuentes.com\/portada\/wp-json\/wp\/v2\/tags?post=30247"}],"curies":[{"name":"wp","href":"https:\/\/api.w.org\/{rel}","templated":true}]}}