{"id":30281,"date":"2022-11-01T08:38:44","date_gmt":"2022-11-01T13:38:44","guid":{"rendered":"https:\/\/marthacifuentes.com\/portada\/?p=30281"},"modified":"2022-11-01T08:38:44","modified_gmt":"2022-11-01T13:38:44","slug":"aparecio-vivo-el-lider-y-veedor-social-de-orocue-fernando-guio","status":"publish","type":"post","link":"https:\/\/marthacifuentes.com\/portada\/aparecio-vivo-el-lider-y-veedor-social-de-orocue-fernando-guio\/","title":{"rendered":"Apareci\u00f3 vivo el l\u00edder y veedor social de Orocu\u00e9, Fernando Gu\u00edo."},"content":{"rendered":"<p style=\"text-align: justify;\">Fuentes extraoficiales confirman que el l\u00edder social de Orocu\u00e9, Fernando Gu\u00edo, del cual se denunci\u00f3 su desaparici\u00f3n en ese municipio, desde el domingo anterior, ya apareci\u00f3 sano y salvo.<\/p>\n<p style=\"text-align: justify;\">Hasta el momento se conoce informaci\u00f3n fragmentaria que da cuenta que el l\u00edder social se habr\u00eda percatado que varios hombres lo segu\u00edan y \u00e9l para evadirlos opt\u00f3 por dejar abandonada la moto y meterse por una zona escarpada y hoy hacia las 3 de la ma\u00f1ana habr\u00eda llegado a sitio seguro.<\/p>\n<p style=\"text-align: justify;\">Hasta anoche la situaci\u00f3n se reportaba as\u00ed: El l\u00edder social prorevocatoria del mandato del alcalde Monchy Yovany Moreno y veedor de la v\u00eda Orocu\u00e9 \u2013 Yopal, Carlos Adolfo Gu\u00edo Cisneros, m\u00e1s conocido como Fernando Gu\u00edo, se encuentra desaparecido desde el pasado domingo 30 de octubre, cuando sali\u00f3 de su residencia hacia las 10 de la noche y no regres\u00f3, con el agravante que su motocicleta y casco fueron encontrados cerca del pueblo.<\/p>\n<p style=\"text-align: justify;\">La denuncia de la desaparici\u00f3n de este defensor de derechos humanos y miembro del movimiento pol\u00edtico La Colombia Humana, la hizo la organizaci\u00f3n defensora de derechos humanos, Corporaci\u00f3n Claretiana. Se ha requerido al gobierno nacional, Ministerios de Defensa, del Interior, polic\u00eda nacional, fiscal\u00eda y unidad de b\u00fasqueda, dar con su paradero.<\/p>\n<p style=\"text-align: justify;\">Fernando Gu\u00edo, quien es recordado por haber coordinado una traves\u00eda para denunciar el p\u00e9simo estado de la v\u00eda Orocu\u00e9-Yopal, presuntos actos de corrupci\u00f3n en la administraci\u00f3n del municipio ya hab\u00eda sido amenazado de muerte a comienzos del a\u00f1o 2020. En su momento pidi\u00f3 protecci\u00f3n de la UNP luego de que recibiera mensajes de voz intimidantes, v\u00eda whatsapp.<\/p>\n<p style=\"text-align: justify;\">La situaci\u00f3n es muy preocupante si se tiene en cuenta que en enero de este a\u00f1o fue encontrada asesinada en el r\u00edo Meta en cercan\u00edas de Orocu\u00e9, tras d\u00edas de estar desaparecida, la m\u00e9dica Luz Marina Arteaga, l\u00edder social, defensora de derechos humanos, reclamante de tierras del proceso de Matarrat\u00f3n y El Porvenir en Puerto Gait\u00e1n, Meta; igualmente veedora del programa de adulto mayor del municipio y activa participante de la recolecci\u00f3n de firmas del proceso de revocatoria del mandato del actual alcalde de Orocu\u00e9.<\/p>\n<h2>Otras noticias&#8230;<\/h2>\n<blockquote class=\"wp-embedded-content\" data-secret=\"Q4yBUixxrr\"><p><a href=\"https:\/\/marthacifuentes.com\/portada\/2022\/10\/31\/prestamista-gota-a-gota-asesinado-en-villanueva-casanare-con-esta-son-7-las-muertes-violentas-en-este-municipio\/\">Prestamista \u00abgota a gota\u00bb asesinado en Villanueva, Casanare. Con esta, son 7 las muertes violentas en este municipio.<\/a><\/p><\/blockquote>\n<p><iframe loading=\"lazy\" class=\"wp-embedded-content\" sandbox=\"allow-scripts\" security=\"restricted\" style=\"position: absolute; clip: rect(1px, 1px, 1px, 1px);\" title=\"\u00abPrestamista \u00abgota a gota\u00bb asesinado en Villanueva, Casanare. Con esta, son 7 las muertes violentas en este municipio.\u00bb \u2014 \u25b7 Noticias de Casanare : Martha Cifuentes | Casanare\" src=\"https:\/\/marthacifuentes.com\/portada\/2022\/10\/31\/prestamista-gota-a-gota-asesinado-en-villanueva-casanare-con-esta-son-7-las-muertes-violentas-en-este-municipio\/embed\/#?secret=EvahmWLGtW#?secret=Q4yBUixxrr\" data-secret=\"Q4yBUixxrr\" width=\"500\" height=\"282\" frameborder=\"0\" marginwidth=\"0\" marginheight=\"0\" scrolling=\"no\"><\/iframe><\/p>\n<p>&nbsp;<\/p>\n","protected":false},"excerpt":{"rendered":"<p>Fuentes extraoficiales confirman que el l\u00edder social de Orocu\u00e9, Fernando Gu\u00edo, del cual se denunci\u00f3 su desaparici\u00f3n en ese municipio, desde el domingo anterior, ya apareci\u00f3 sano y salvo. Hasta el momento se conoce informaci\u00f3n fragmentaria que da cuenta que el l\u00edder social se habr\u00eda percatado que varios hombres lo segu\u00edan y \u00e9l para evadirlos &hellip;<\/p>\n","protected":false},"author":2,"featured_media":30286,"comment_status":"open","ping_status":"open","sticky":false,"template":"","format":"standard","meta":{"om_disable_all_campaigns":false,"_exactmetrics_skip_tracking":false,"_exactmetrics_sitenote_active":false,"_exactmetrics_sitenote_note":"","_exactmetrics_sitenote_category":0,"_monsterinsights_skip_tracking":false,"_monsterinsights_sitenote_active":false,"_monsterinsights_sitenote_note":"","_monsterinsights_sitenote_category":0,"_uf_show_specific_survey":0,"_uf_disable_surveys":false,"_joinchat":[],"footnotes":""},"categories":[147,146,145],"tags":[1373,8498,1400,1421,1376],"class_list":["post-30281","post","type-post","status-publish","format-standard","has-post-thumbnail","hentry","category-actualidad","category-noticias","category-reportajes","tag-casanare-noticias","tag-lider-social-fernando-guio-aparecio-vivo-en-orocue","tag-noticias-casanare","tag-noticias-yopal","tag-yopal-noticias"],"yoast_head":"<!-- This site is optimized with the Yoast SEO plugin v26.1 - https:\/\/yoast.com\/wordpress\/plugins\/seo\/ -->\n<title>Apareci\u00f3 vivo el l\u00edder y veedor social de Orocu\u00e9, Fernando Gu\u00edo. - \u25b7 Noticias de Casanare : Martha Cifuentes | Casanare<\/title>\n<meta name=\"robots\" content=\"index, follow, max-snippet:-1, max-image-preview:large, max-video-preview:-1\" \/>\n<link rel=\"canonical\" href=\"https:\/\/marthacifuentes.com\/portada\/aparecio-vivo-el-lider-y-veedor-social-de-orocue-fernando-guio\/\" \/>\n<meta property=\"og:locale\" content=\"es_ES\" \/>\n<meta property=\"og:type\" content=\"article\" \/>\n<meta property=\"og:title\" content=\"Apareci\u00f3 vivo el l\u00edder y veedor social de Orocu\u00e9, Fernando Gu\u00edo. - \u25b7 Noticias de Casanare : Martha Cifuentes | Casanare\" \/>\n<meta property=\"og:description\" content=\"Fuentes extraoficiales confirman que el l\u00edder social de Orocu\u00e9, Fernando Gu\u00edo, del cual se denunci\u00f3 su desaparici\u00f3n en ese municipio, desde el domingo anterior, ya apareci\u00f3 sano y salvo. Hasta el momento se conoce informaci\u00f3n fragmentaria que da cuenta que el l\u00edder social se habr\u00eda percatado que varios hombres lo segu\u00edan y \u00e9l para evadirlos &hellip;\" \/>\n<meta property=\"og:url\" content=\"https:\/\/marthacifuentes.com\/portada\/aparecio-vivo-el-lider-y-veedor-social-de-orocue-fernando-guio\/\" \/>\n<meta property=\"og:site_name\" content=\"\u25b7 Noticias de Casanare : Martha Cifuentes | Casanare\" \/>\n<meta property=\"article:published_time\" content=\"2022-11-01T13:38:44+00:00\" \/>\n<meta property=\"og:image\" content=\"https:\/\/marthacifuentes.com\/portada\/wp-content\/uploads\/2022\/11\/fernando-guio.jpg\" \/>\n\t<meta property=\"og:image:width\" content=\"720\" \/>\n\t<meta property=\"og:image:height\" content=\"513\" \/>\n\t<meta property=\"og:image:type\" content=\"image\/jpeg\" \/>\n<meta name=\"author\" content=\"Martha Cifuentes\" \/>\n<meta name=\"twitter:card\" content=\"summary_large_image\" \/>\n<meta name=\"twitter:label1\" content=\"Escrito por\" \/>\n\t<meta name=\"twitter:data1\" content=\"Martha Cifuentes\" \/>\n\t<meta name=\"twitter:label2\" content=\"Tiempo de lectura\" \/>\n\t<meta name=\"twitter:data2\" content=\"2 minutos\" \/>\n<script type=\"application\/ld+json\" class=\"yoast-schema-graph\">{\"@context\":\"https:\/\/schema.org\",\"@graph\":[{\"@type\":\"WebPage\",\"@id\":\"https:\/\/marthacifuentes.com\/portada\/aparecio-vivo-el-lider-y-veedor-social-de-orocue-fernando-guio\/\",\"url\":\"https:\/\/marthacifuentes.com\/portada\/aparecio-vivo-el-lider-y-veedor-social-de-orocue-fernando-guio\/\",\"name\":\"Apareci\u00f3 vivo el l\u00edder y veedor social de Orocu\u00e9, Fernando Gu\u00edo. - \u25b7 Noticias de Casanare : Martha Cifuentes | Casanare\",\"isPartOf\":{\"@id\":\"https:\/\/marthacifuentes.com\/portada\/#website\"},\"primaryImageOfPage\":{\"@id\":\"https:\/\/marthacifuentes.com\/portada\/aparecio-vivo-el-lider-y-veedor-social-de-orocue-fernando-guio\/#primaryimage\"},\"image\":{\"@id\":\"https:\/\/marthacifuentes.com\/portada\/aparecio-vivo-el-lider-y-veedor-social-de-orocue-fernando-guio\/#primaryimage\"},\"thumbnailUrl\":\"https:\/\/marthacifuentes.com\/portada\/wp-content\/uploads\/2022\/11\/fernando-guio.jpg\",\"datePublished\":\"2022-11-01T13:38:44+00:00\",\"author\":{\"@id\":\"https:\/\/marthacifuentes.com\/portada\/#\/schema\/person\/57f53174b991db5f90ff78d58502b714\"},\"breadcrumb\":{\"@id\":\"https:\/\/marthacifuentes.com\/portada\/aparecio-vivo-el-lider-y-veedor-social-de-orocue-fernando-guio\/#breadcrumb\"},\"inLanguage\":\"es\",\"potentialAction\":[{\"@type\":\"ReadAction\",\"target\":[\"https:\/\/marthacifuentes.com\/portada\/aparecio-vivo-el-lider-y-veedor-social-de-orocue-fernando-guio\/\"]}]},{\"@type\":\"ImageObject\",\"inLanguage\":\"es\",\"@id\":\"https:\/\/marthacifuentes.com\/portada\/aparecio-vivo-el-lider-y-veedor-social-de-orocue-fernando-guio\/#primaryimage\",\"url\":\"https:\/\/marthacifuentes.com\/portada\/wp-content\/uploads\/2022\/11\/fernando-guio.jpg\",\"contentUrl\":\"https:\/\/marthacifuentes.com\/portada\/wp-content\/uploads\/2022\/11\/fernando-guio.jpg\",\"width\":720,\"height\":513},{\"@type\":\"BreadcrumbList\",\"@id\":\"https:\/\/marthacifuentes.com\/portada\/aparecio-vivo-el-lider-y-veedor-social-de-orocue-fernando-guio\/#breadcrumb\",\"itemListElement\":[{\"@type\":\"ListItem\",\"position\":1,\"name\":\"Portada\",\"item\":\"https:\/\/marthacifuentes.com\/portada\/\"},{\"@type\":\"ListItem\",\"position\":2,\"name\":\"Apareci\u00f3 vivo el l\u00edder y veedor social de Orocu\u00e9, Fernando Gu\u00edo.\"}]},{\"@type\":\"WebSite\",\"@id\":\"https:\/\/marthacifuentes.com\/portada\/#website\",\"url\":\"https:\/\/marthacifuentes.com\/portada\/\",\"name\":\"\u25b7 Noticias de Casanare : Martha Cifuentes | Casanare\",\"description\":\"Noticias &amp; Contenidos\",\"potentialAction\":[{\"@type\":\"SearchAction\",\"target\":{\"@type\":\"EntryPoint\",\"urlTemplate\":\"https:\/\/marthacifuentes.com\/portada\/?s={search_term_string}\"},\"query-input\":{\"@type\":\"PropertyValueSpecification\",\"valueRequired\":true,\"valueName\":\"search_term_string\"}}],\"inLanguage\":\"es\"},{\"@type\":\"Person\",\"@id\":\"https:\/\/marthacifuentes.com\/portada\/#\/schema\/person\/57f53174b991db5f90ff78d58502b714\",\"name\":\"Martha Cifuentes\",\"image\":{\"@type\":\"ImageObject\",\"inLanguage\":\"es\",\"@id\":\"https:\/\/marthacifuentes.com\/portada\/#\/schema\/person\/image\/\",\"url\":\"http:\/\/marthacifuentes.com\/portada\/wp-content\/uploads\/2018\/06\/avatar_user_2_1528838701-96x96.jpg\",\"contentUrl\":\"http:\/\/marthacifuentes.com\/portada\/wp-content\/uploads\/2018\/06\/avatar_user_2_1528838701-96x96.jpg\",\"caption\":\"Martha Cifuentes\"},\"sameAs\":[\"http:\/\/www.marthacifuentes.com\"],\"url\":\"https:\/\/marthacifuentes.com\/portada\/author\/martha\/\"}]}<\/script>\n<!-- \/ Yoast SEO plugin. -->","yoast_head_json":{"title":"Apareci\u00f3 vivo el l\u00edder y veedor social de Orocu\u00e9, Fernando Gu\u00edo. - \u25b7 Noticias de Casanare : Martha Cifuentes | Casanare","robots":{"index":"index","follow":"follow","max-snippet":"max-snippet:-1","max-image-preview":"max-image-preview:large","max-video-preview":"max-video-preview:-1"},"canonical":"https:\/\/marthacifuentes.com\/portada\/aparecio-vivo-el-lider-y-veedor-social-de-orocue-fernando-guio\/","og_locale":"es_ES","og_type":"article","og_title":"Apareci\u00f3 vivo el l\u00edder y veedor social de Orocu\u00e9, Fernando Gu\u00edo. - \u25b7 Noticias de Casanare : Martha Cifuentes | Casanare","og_description":"Fuentes extraoficiales confirman que el l\u00edder social de Orocu\u00e9, Fernando Gu\u00edo, del cual se denunci\u00f3 su desaparici\u00f3n en ese municipio, desde el domingo anterior, ya apareci\u00f3 sano y salvo. Hasta el momento se conoce informaci\u00f3n fragmentaria que da cuenta que el l\u00edder social se habr\u00eda percatado que varios hombres lo segu\u00edan y \u00e9l para evadirlos &hellip;","og_url":"https:\/\/marthacifuentes.com\/portada\/aparecio-vivo-el-lider-y-veedor-social-de-orocue-fernando-guio\/","og_site_name":"\u25b7 Noticias de Casanare : Martha Cifuentes | Casanare","article_published_time":"2022-11-01T13:38:44+00:00","og_image":[{"width":720,"height":513,"url":"https:\/\/marthacifuentes.com\/portada\/wp-content\/uploads\/2022\/11\/fernando-guio.jpg","type":"image\/jpeg"}],"author":"Martha Cifuentes","twitter_card":"summary_large_image","twitter_misc":{"Escrito por":"Martha Cifuentes","Tiempo de lectura":"2 minutos"},"schema":{"@context":"https:\/\/schema.org","@graph":[{"@type":"WebPage","@id":"https:\/\/marthacifuentes.com\/portada\/aparecio-vivo-el-lider-y-veedor-social-de-orocue-fernando-guio\/","url":"https:\/\/marthacifuentes.com\/portada\/aparecio-vivo-el-lider-y-veedor-social-de-orocue-fernando-guio\/","name":"Apareci\u00f3 vivo el l\u00edder y veedor social de Orocu\u00e9, Fernando Gu\u00edo. - \u25b7 Noticias de Casanare : Martha Cifuentes | Casanare","isPartOf":{"@id":"https:\/\/marthacifuentes.com\/portada\/#website"},"primaryImageOfPage":{"@id":"https:\/\/marthacifuentes.com\/portada\/aparecio-vivo-el-lider-y-veedor-social-de-orocue-fernando-guio\/#primaryimage"},"image":{"@id":"https:\/\/marthacifuentes.com\/portada\/aparecio-vivo-el-lider-y-veedor-social-de-orocue-fernando-guio\/#primaryimage"},"thumbnailUrl":"https:\/\/marthacifuentes.com\/portada\/wp-content\/uploads\/2022\/11\/fernando-guio.jpg","datePublished":"2022-11-01T13:38:44+00:00","author":{"@id":"https:\/\/marthacifuentes.com\/portada\/#\/schema\/person\/57f53174b991db5f90ff78d58502b714"},"breadcrumb":{"@id":"https:\/\/marthacifuentes.com\/portada\/aparecio-vivo-el-lider-y-veedor-social-de-orocue-fernando-guio\/#breadcrumb"},"inLanguage":"es","potentialAction":[{"@type":"ReadAction","target":["https:\/\/marthacifuentes.com\/portada\/aparecio-vivo-el-lider-y-veedor-social-de-orocue-fernando-guio\/"]}]},{"@type":"ImageObject","inLanguage":"es","@id":"https:\/\/marthacifuentes.com\/portada\/aparecio-vivo-el-lider-y-veedor-social-de-orocue-fernando-guio\/#primaryimage","url":"https:\/\/marthacifuentes.com\/portada\/wp-content\/uploads\/2022\/11\/fernando-guio.jpg","contentUrl":"https:\/\/marthacifuentes.com\/portada\/wp-content\/uploads\/2022\/11\/fernando-guio.jpg","width":720,"height":513},{"@type":"BreadcrumbList","@id":"https:\/\/marthacifuentes.com\/portada\/aparecio-vivo-el-lider-y-veedor-social-de-orocue-fernando-guio\/#breadcrumb","itemListElement":[{"@type":"ListItem","position":1,"name":"Portada","item":"https:\/\/marthacifuentes.com\/portada\/"},{"@type":"ListItem","position":2,"name":"Apareci\u00f3 vivo el l\u00edder y veedor social de Orocu\u00e9, Fernando Gu\u00edo."}]},{"@type":"WebSite","@id":"https:\/\/marthacifuentes.com\/portada\/#website","url":"https:\/\/marthacifuentes.com\/portada\/","name":"\u25b7 Noticias de Casanare : Martha Cifuentes | Casanare","description":"Noticias &amp; Contenidos","potentialAction":[{"@type":"SearchAction","target":{"@type":"EntryPoint","urlTemplate":"https:\/\/marthacifuentes.com\/portada\/?s={search_term_string}"},"query-input":{"@type":"PropertyValueSpecification","valueRequired":true,"valueName":"search_term_string"}}],"inLanguage":"es"},{"@type":"Person","@id":"https:\/\/marthacifuentes.com\/portada\/#\/schema\/person\/57f53174b991db5f90ff78d58502b714","name":"Martha Cifuentes","image":{"@type":"ImageObject","inLanguage":"es","@id":"https:\/\/marthacifuentes.com\/portada\/#\/schema\/person\/image\/","url":"http:\/\/marthacifuentes.com\/portada\/wp-content\/uploads\/2018\/06\/avatar_user_2_1528838701-96x96.jpg","contentUrl":"http:\/\/marthacifuentes.com\/portada\/wp-content\/uploads\/2018\/06\/avatar_user_2_1528838701-96x96.jpg","caption":"Martha Cifuentes"},"sameAs":["http:\/\/www.marthacifuentes.com"],"url":"https:\/\/marthacifuentes.com\/portada\/author\/martha\/"}]}},"_links":{"self":[{"href":"https:\/\/marthacifuentes.com\/portada\/wp-json\/wp\/v2\/posts\/30281","targetHints":{"allow":["GET"]}}],"collection":[{"href":"https:\/\/marthacifuentes.com\/portada\/wp-json\/wp\/v2\/posts"}],"about":[{"href":"https:\/\/marthacifuentes.com\/portada\/wp-json\/wp\/v2\/types\/post"}],"author":[{"embeddable":true,"href":"https:\/\/marthacifuentes.com\/portada\/wp-json\/wp\/v2\/users\/2"}],"replies":[{"embeddable":true,"href":"https:\/\/marthacifuentes.com\/portada\/wp-json\/wp\/v2\/comments?post=30281"}],"version-history":[{"count":1,"href":"https:\/\/marthacifuentes.com\/portada\/wp-json\/wp\/v2\/posts\/30281\/revisions"}],"predecessor-version":[{"id":30285,"href":"https:\/\/marthacifuentes.com\/portada\/wp-json\/wp\/v2\/posts\/30281\/revisions\/30285"}],"wp:featuredmedia":[{"embeddable":true,"href":"https:\/\/marthacifuentes.com\/portada\/wp-json\/wp\/v2\/media\/30286"}],"wp:attachment":[{"href":"https:\/\/marthacifuentes.com\/portada\/wp-json\/wp\/v2\/media?parent=30281"}],"wp:term":[{"taxonomy":"category","embeddable":true,"href":"https:\/\/marthacifuentes.com\/portada\/wp-json\/wp\/v2\/categories?post=30281"},{"taxonomy":"post_tag","embeddable":true,"href":"https:\/\/marthacifuentes.com\/portada\/wp-json\/wp\/v2\/tags?post=30281"}],"curies":[{"name":"wp","href":"https:\/\/api.w.org\/{rel}","templated":true}]}}