{"id":30295,"date":"2022-11-02T16:27:31","date_gmt":"2022-11-02T21:27:31","guid":{"rendered":"https:\/\/marthacifuentes.com\/portada\/?p=30295"},"modified":"2022-11-02T16:31:08","modified_gmt":"2022-11-02T21:31:08","slug":"alcalde-de-yopal-quiere-feriar-servicios-publicos-de-la-eaaay-eso-insinua-superintendente-de-s-p","status":"publish","type":"post","link":"https:\/\/marthacifuentes.com\/portada\/alcalde-de-yopal-quiere-feriar-servicios-publicos-de-la-eaaay-eso-insinua-superintendente-de-s-p\/","title":{"rendered":"\u00bfAlcalde de Yopal quiere \u00abferiar\u00bb servicios p\u00fablicos de la Eaaay? Eso insin\u00faa Superintendente de S.P."},"content":{"rendered":"<p>\u201cEl caso de Yopal es un caso que estamos viendo en varias partes del pa\u00eds: hay alcaldes que est\u00e1n tratando de \u2018feriar\u2019 la prestaci\u00f3n de los servicios de agua y aseo en algunos municipios donde se est\u00e1 prestando el servicio por parte de las empresas de los municipios y quieren entreg\u00e1rselos al sector privado\u201d, expres\u00f3 el superintendente de Servicios P\u00fablicos, Dagoberto Quiroga, a prop\u00f3sito de las denuncias sobre presuntas irregularidades sobre la contrataci\u00f3n multimillonaria de la Eaaay de la operaci\u00f3n de la PTAR y de la implementaci\u00f3n de una planta de tratamiento de residuos s\u00f3lidos en Yopal, hechas por la concejal Jessica Avella en un debate de control pol\u00edtico en la Comisi\u00f3n Sexta del Senado.<\/p>\n<p>El funcionario, quien desde hace semanas ya fue informado sobre estos contratos, expres\u00f3 igualmente que \u201cCreo que est\u00e1n acudiendo a actos de corrupci\u00f3n, violando las normas, haciendo unas contrataciones \u201cpor debajo de la mesa\u201d y hemos detectado que no es solo en Yopal\u2026\u201d y agreg\u00f3 que \u201cLa de Yopal fue una empresa intervenida, fue subsanada, fue saneada, entregada nuevamente al municipio y hoy en menos de dos a\u00f1os ya la quieren feriar nuevamente\u2026\u201d.<\/p>\n<p>Cabe destacar que la concejal Jessica Avella cuestion\u00f3 el contrato 147 de la Eaaay con la empresa SSYAM para el tratamiento de los residuos s\u00f3lidos en el relleno sanitario El Cascajar, por 15.500 millones de pesos. Del cual critic\u00f3 las cifras de aprovechamiento, las cuales en su an\u00e1lisis no cuadran para nada con la realidad de Yopal. Explic\u00f3 que se supuestamente se van a aprovechar m\u00e1s de 4.500 toneladas mes, cuando en Yopal, solo se produce m\u00e1ximo 51 toneladas al mes.<\/p>\n<div style=\"width: 480px;\" class=\"wp-video\"><!--[if lt IE 9]><script>document.createElement('video');<\/script><![endif]-->\n<video class=\"wp-video-shortcode\" id=\"video-30295-1\" width=\"480\" height=\"848\" preload=\"metadata\" controls=\"controls\"><source type=\"video\/mp4\" src=\"https:\/\/marthacifuentes.com\/portada\/wp-content\/uploads\/2022\/11\/DAGOBERTO-QUIROGA-SUPERINTENDENDE-DE-SERVICIOS-PUBLICOS.mp4?_=1\" \/><a href=\"https:\/\/marthacifuentes.com\/portada\/wp-content\/uploads\/2022\/11\/DAGOBERTO-QUIROGA-SUPERINTENDENDE-DE-SERVICIOS-PUBLICOS.mp4\">https:\/\/marthacifuentes.com\/portada\/wp-content\/uploads\/2022\/11\/DAGOBERTO-QUIROGA-SUPERINTENDENDE-DE-SERVICIOS-PUBLICOS.mp4<\/a><\/video><\/div>\n<div style=\"width: 480px;\" class=\"wp-video\"><video class=\"wp-video-shortcode\" id=\"video-30295-2\" width=\"480\" height=\"272\" preload=\"metadata\" controls=\"controls\"><source type=\"video\/mp4\" src=\"https:\/\/marthacifuentes.com\/portada\/wp-content\/uploads\/2022\/11\/Jessica-Avella-concejal-de-Yopal-denuncia-irregularidades-contrato-Planta-Tratamiento-de-Residuos.mp4?_=2\" \/><a href=\"https:\/\/marthacifuentes.com\/portada\/wp-content\/uploads\/2022\/11\/Jessica-Avella-concejal-de-Yopal-denuncia-irregularidades-contrato-Planta-Tratamiento-de-Residuos.mp4\">https:\/\/marthacifuentes.com\/portada\/wp-content\/uploads\/2022\/11\/Jessica-Avella-concejal-de-Yopal-denuncia-irregularidades-contrato-Planta-Tratamiento-de-Residuos.mp4<\/a><\/video><\/div>\n<h2>Otras noticias&#8230;<\/h2>\n<blockquote class=\"wp-embedded-content\" data-secret=\"aU9O4xASmN\"><p><a href=\"https:\/\/marthacifuentes.com\/portada\/2022\/11\/01\/petroleros-rechazan-sobretasa-entre-5-y-15-a-este-sector-en-reforma-tributaria-acp-dice-que-afectara-al-pais\/\">Petroleros rechazan sobretasa entre 5 y 15% a este sector, en reforma tributaria. ACP dice que afectar\u00e1 al pa\u00eds.<\/a><\/p><\/blockquote>\n<p><iframe loading=\"lazy\" class=\"wp-embedded-content\" sandbox=\"allow-scripts\" security=\"restricted\" style=\"position: absolute; clip: rect(1px, 1px, 1px, 1px);\" title=\"\u00abPetroleros rechazan sobretasa entre 5 y 15% a este sector, en reforma tributaria. ACP dice que afectar\u00e1 al pa\u00eds.\u00bb \u2014 \u25b7 Noticias de Casanare : Martha Cifuentes | Casanare\" src=\"https:\/\/marthacifuentes.com\/portada\/2022\/11\/01\/petroleros-rechazan-sobretasa-entre-5-y-15-a-este-sector-en-reforma-tributaria-acp-dice-que-afectara-al-pais\/embed\/#?secret=VO24X9Get5#?secret=aU9O4xASmN\" data-secret=\"aU9O4xASmN\" width=\"500\" height=\"282\" frameborder=\"0\" marginwidth=\"0\" marginheight=\"0\" scrolling=\"no\"><\/iframe><\/p>\n<p><iframe loading=\"lazy\" class=\"wp-embedded-content\" title=\"\u00abCoronel Efra\u00edn Garc\u00eda Hern\u00e1ndez ser\u00e1 el nuevo comandante de polic\u00eda en Casanare. Se va el cr. Jos\u00e9 Miranda.\u00bb \u2014 \u25b7 Noticias de Casanare : Martha Cifuentes | Casanare\" src=\"https:\/\/marthacifuentes.com\/portada\/2022\/11\/01\/coronel-efrain-garcia-hernandez-sera-el-nuevo-comandante-de-policia-en-casanare-se-va-el-cr-jose-miranda\/embed\/#?secret=c2UXNzbi05#?secret=m8tK9bLrJE\" width=\"600\" height=\"649\" frameborder=\"0\" marginwidth=\"0\" marginheight=\"0\" scrolling=\"no\" sandbox=\"allow-scripts\" data-secret=\"m8tK9bLrJE\" data-mce-fragment=\"1\"><\/iframe><\/p>\n<p><iframe loading=\"lazy\" class=\"wp-embedded-content\" title=\"\u00abApareci\u00f3 vivo el l\u00edder y veedor social de Orocu\u00e9, Fernando Gu\u00edo.\u00bb \u2014 \u25b7 Noticias de Casanare : Martha Cifuentes | Casanare\" src=\"https:\/\/marthacifuentes.com\/portada\/2022\/11\/01\/aparecio-vivo-el-lider-y-veedor-social-de-orocue-fernando-guio\/embed\/#?secret=HLNBFpiU6D#?secret=oRcoAiRsFw\" width=\"600\" height=\"621\" frameborder=\"0\" marginwidth=\"0\" marginheight=\"0\" scrolling=\"no\" sandbox=\"allow-scripts\" data-secret=\"oRcoAiRsFw\" data-mce-fragment=\"1\"><\/iframe><\/p>\n<p><iframe loading=\"lazy\" class=\"wp-embedded-content\" title=\"\u00abPrestamista \u00abgota a gota\u00bb asesinado en Villanueva, Casanare. Con esta, son 7 las muertes violentas en este municipio.\u00bb \u2014 \u25b7 Noticias de Casanare : Martha Cifuentes | Casanare\" src=\"https:\/\/marthacifuentes.com\/portada\/2022\/10\/31\/prestamista-gota-a-gota-asesinado-en-villanueva-casanare-con-esta-son-7-las-muertes-violentas-en-este-municipio\/embed\/#?secret=RHhwX9TAZN#?secret=adeBFdwBOP\" width=\"600\" height=\"628\" frameborder=\"0\" marginwidth=\"0\" marginheight=\"0\" scrolling=\"no\" sandbox=\"allow-scripts\" data-secret=\"adeBFdwBOP\" data-mce-fragment=\"1\"><\/iframe><\/p>\n<p><iframe loading=\"lazy\" class=\"wp-embedded-content\" title=\"\u00abJuzgado que suspendi\u00f3 contrato de la PTAR de la Eaaay, trunc\u00f3 \u00aboportunidad de negocio\u00bb del alcalde de Yopal y del gerente\u00bb \u2014 \u25b7 Noticias de Casanare : Martha Cifuentes | Casanare\" src=\"https:\/\/marthacifuentes.com\/portada\/2022\/10\/28\/juzgado-que-suspendio-contrato-de-la-ptar-de-la-eaaay-trunco-oportunidad-de-negocio-del-alcalde-de-yopal-y-del-gerente\/embed\/#?secret=yauQfQRe1Z#?secret=JAunMzTCTc\" width=\"600\" height=\"649\" frameborder=\"0\" marginwidth=\"0\" marginheight=\"0\" scrolling=\"no\" sandbox=\"allow-scripts\" data-secret=\"JAunMzTCTc\" data-mce-fragment=\"1\"><\/iframe><\/p>\n<p><iframe loading=\"lazy\" class=\"wp-embedded-content\" title=\"\u00abAlcaldesa de Aguazul se salv\u00f3 de canazo por incumplir fallo de tutela, as\u00ed lo determin\u00f3 Tribunal de Yopal\u00bb \u2014 \u25b7 Noticias de Casanare : Martha Cifuentes | Casanare\" src=\"https:\/\/marthacifuentes.com\/portada\/2022\/10\/27\/alcaldesa-de-aguazul-se-salvo-de-canazo-por-incumplir-fallo-de-tutela-asi-lo-determino-tribunal-de-yopal\/embed\/#?secret=CzYTHiCjZY#?secret=BYt7xtot3S\" width=\"600\" height=\"600\" frameborder=\"0\" marginwidth=\"0\" marginheight=\"0\" scrolling=\"no\" sandbox=\"allow-scripts\" data-secret=\"BYt7xtot3S\" data-mce-fragment=\"1\"><\/iframe><\/p>\n<p><iframe loading=\"lazy\" class=\"wp-embedded-content\" title=\"\u00abPor orden judicial de Tribunal de Casanare, Inv\u00edas debe contratar estudios que mitiguen problem\u00e1tica en r\u00edo Ariporo\u00bb \u2014 \u25b7 Noticias de Casanare : Martha Cifuentes | Casanare\" src=\"https:\/\/marthacifuentes.com\/portada\/2022\/10\/27\/por-orden-judicial-de-tribunal-de-casanare-invias-debe-contratar-estudios-que-mitiguen-problematica-en-rio-ariporo\/embed\/#?secret=lYpHfhIPK5#?secret=nluPY1bbsu\" width=\"600\" height=\"378\" frameborder=\"0\" marginwidth=\"0\" marginheight=\"0\" scrolling=\"no\" sandbox=\"allow-scripts\" data-secret=\"nluPY1bbsu\" data-mce-fragment=\"1\"><\/iframe><\/p>\n<p><iframe loading=\"lazy\" class=\"wp-embedded-content\" title=\"\u00abQu\u00e9 pasar\u00e1 que licitaciones de ACUATODOS no parecen ser para TODOS sino para \u00daNICOS oferentes\u00bb \u2014 \u25b7 Noticias de Casanare : Martha Cifuentes | Casanare\" src=\"https:\/\/marthacifuentes.com\/portada\/2022\/10\/26\/que-pasara-que-licitaciones-de-acuatodos-no-parecen-ser-para-todos-sino-para-unicos-oferentes\/embed\/#?secret=eMIBaemvMh#?secret=FOpgBmrwuE\" width=\"600\" height=\"598\" frameborder=\"0\" marginwidth=\"0\" marginheight=\"0\" scrolling=\"no\" sandbox=\"allow-scripts\" data-secret=\"FOpgBmrwuE\" data-mce-fragment=\"1\"><\/iframe><\/p>\n<p><iframe loading=\"lazy\" class=\"wp-embedded-content\" title=\"\u00abFestival cultural y creativo Joropo Fest 2022 en Yopal lleg\u00f3 a m\u00e1s de 12 mil personas\u00bb \u2014 \u25b7 Noticias de Casanare : Martha Cifuentes | Casanare\" src=\"https:\/\/marthacifuentes.com\/portada\/2022\/10\/25\/festival-cultural-y-creativo-joropo-fest-2022-en-yopal-llego-a-mas-de-12-mil-personas\/embed\/#?secret=pO8n2qnanH#?secret=yRDINSRGVz\" width=\"600\" height=\"621\" frameborder=\"0\" marginwidth=\"0\" marginheight=\"0\" scrolling=\"no\" sandbox=\"allow-scripts\" data-secret=\"yRDINSRGVz\" data-mce-fragment=\"1\"><\/iframe><\/p>\n<p><iframe loading=\"lazy\" class=\"wp-embedded-content\" title=\"\u00abDos ni\u00f1os v\u00edctimas de violencia sexual y matoneo, respectivamente, en instituciones educativas en Hato Corozal, Casanare.\u00bb \u2014 \u25b7 Noticias de Casanare : Martha Cifuentes | Casanare\" src=\"https:\/\/marthacifuentes.com\/portada\/2022\/10\/25\/dos-ninos-victimas-de-violencia-sexual-y-matoneo-respectivamente-en-instituciones-educativas-en-hato-corozal-casanare\/embed\/#?secret=e8IWQDCUji#?secret=nkrn8JH99i\" width=\"600\" height=\"649\" frameborder=\"0\" marginwidth=\"0\" marginheight=\"0\" scrolling=\"no\" sandbox=\"allow-scripts\" data-secret=\"nkrn8JH99i\" data-mce-fragment=\"1\"><\/iframe><\/p>\n<p><iframe loading=\"lazy\" class=\"wp-embedded-content\" title=\"\u00abEste a\u00f1o en Yopal s\u00ed hay festival de teatro y circo\u00bb \u2014 \u25b7 Noticias de Casanare : Martha Cifuentes | Casanare\" src=\"https:\/\/marthacifuentes.com\/portada\/2022\/10\/25\/este-ano-en-yopal-si-hay-festival-de-teatro-y-circo\/embed\/#?secret=N7RoyKrFty#?secret=u65dhCOs3b\" width=\"600\" height=\"571\" frameborder=\"0\" marginwidth=\"0\" marginheight=\"0\" scrolling=\"no\" sandbox=\"allow-scripts\" data-secret=\"u65dhCOs3b\" data-mce-fragment=\"1\"><\/iframe><\/p>\n<p><iframe loading=\"lazy\" class=\"wp-embedded-content\" title=\"\u00abCon acci\u00f3n popular, exalcalde Leonardo Puentes, pretende tumbar millonario contrato de la Eaaay en Yopal\u00bb \u2014 \u25b7 Noticias de Casanare : Martha Cifuentes | Casanare\" src=\"https:\/\/marthacifuentes.com\/portada\/2022\/10\/21\/con-accion-popular-exalcalde-leonardo-puentes-pretende-tumbar-millonario-contrato-de-la-eaaay-en-yopal\/embed\/#?secret=j4Jahudyu2#?secret=J9ATFRH3x4\" width=\"600\" height=\"649\" frameborder=\"0\" marginwidth=\"0\" marginheight=\"0\" scrolling=\"no\" sandbox=\"allow-scripts\" data-secret=\"J9ATFRH3x4\" data-mce-fragment=\"1\"><\/iframe><\/p>\n<p><iframe loading=\"lazy\" class=\"wp-embedded-content\" title=\"\u00abCapturado presunto asesino de jovencita hallada en un hotel de Yopal en septiembre.\u00bb \u2014 \u25b7 Noticias de Casanare : Martha Cifuentes | Casanare\" src=\"https:\/\/marthacifuentes.com\/portada\/2022\/10\/20\/capturado-presunto-asesino-de-jovencita-hallada-en-un-hotel-de-yopal-en-septiembre\/embed\/#?secret=p47RLoB7jy#?secret=zebuqca717\" width=\"600\" height=\"600\" frameborder=\"0\" marginwidth=\"0\" marginheight=\"0\" scrolling=\"no\" sandbox=\"allow-scripts\" data-secret=\"zebuqca717\" data-mce-fragment=\"1\"><\/iframe><\/p>\n<p><iframe loading=\"lazy\" class=\"wp-embedded-content\" title=\"\u00abWilliam Torres Escalante acept\u00f3 responsabilidad en falsos positivos en Casanare\u00bb \u2014 \u25b7 Noticias de Casanare : Martha Cifuentes | Casanare\" src=\"https:\/\/marthacifuentes.com\/portada\/2022\/10\/20\/william-torres-escalante-acepto-responsabilidad-en-falsos-positivos-en-casanare\/embed\/#?secret=b5R6ICSgBo#?secret=Za5NPKNNmk\" width=\"600\" height=\"621\" frameborder=\"0\" marginwidth=\"0\" marginheight=\"0\" scrolling=\"no\" sandbox=\"allow-scripts\" data-secret=\"Za5NPKNNmk\" data-mce-fragment=\"1\"><\/iframe><\/p>\n<p><iframe loading=\"lazy\" class=\"wp-embedded-content\" title=\"\u00abGobierno nacional proyecta aumento del 15% en presupuesto nacional de inversi\u00f3n para Casanare\u00bb \u2014 \u25b7 Noticias de Casanare : Martha Cifuentes | Casanare\" src=\"https:\/\/marthacifuentes.com\/portada\/2022\/10\/20\/gobierno-nacional-proyecta-aumento-del-15-en-presupuesto-nacional-de-inversion-para-casanare\/embed\/#?secret=wYv2zfPndn#?secret=nT2mEarmcZ\" width=\"600\" height=\"621\" frameborder=\"0\" marginwidth=\"0\" marginheight=\"0\" scrolling=\"no\" sandbox=\"allow-scripts\" data-secret=\"nT2mEarmcZ\" data-mce-fragment=\"1\"><\/iframe><\/p>\n<p><iframe loading=\"lazy\" class=\"wp-embedded-content\" title=\"\u00abSOS del Festival de Teatro y Circo Guadalupe en Yopal. Requiere mecenas y donantes.\u00bb \u2014 \u25b7 Noticias de Casanare : Martha Cifuentes | Casanare\" src=\"https:\/\/marthacifuentes.com\/portada\/2022\/10\/20\/sos-del-festival-de-teatro-y-circo-guadalupe-en-yopal-requiere-mecenas-y-donantes\/embed\/#?secret=ppbfxEVsSE#?secret=GQhfTgXUGk\" width=\"600\" height=\"621\" frameborder=\"0\" marginwidth=\"0\" marginheight=\"0\" scrolling=\"no\" sandbox=\"allow-scripts\" data-secret=\"GQhfTgXUGk\" data-mce-fragment=\"1\"><\/iframe><\/p>\n<p><iframe loading=\"lazy\" class=\"wp-embedded-content\" title=\"\u00abAdulto mayor fue v\u00edctima del robo de su bicicleta y documentos m\u00e9dicos en Yopal\u00bb \u2014 \u25b7 Noticias de Casanare : Martha Cifuentes | Casanare\" src=\"https:\/\/marthacifuentes.com\/portada\/2022\/10\/20\/adulto-mayor-fue-victima-del-robo-de-su-bicicleta-y-documentos-medicos-en-yopal\/embed\/#?secret=lWi2OVEKZg#?secret=h12YrpEIOR\" width=\"600\" height=\"567\" frameborder=\"0\" marginwidth=\"0\" marginheight=\"0\" scrolling=\"no\" sandbox=\"allow-scripts\" data-secret=\"h12YrpEIOR\" data-mce-fragment=\"1\"><\/iframe><\/p>\n<p><iframe loading=\"lazy\" class=\"wp-embedded-content\" title=\"\u00abExtorsi\u00f3n en aumento en Casanare y Meta. Bandas delincuenciales de microtr\u00e1fico se tomaron a Yopal.\u00bb \u2014 \u25b7 Noticias de Casanare : Martha Cifuentes | Casanare\" src=\"https:\/\/marthacifuentes.com\/portada\/2022\/10\/20\/extorsion-en-aumento-en-casanare-y-meta-bandas-delincuenciales-de-microtrafico-se-tomaron-a-yopal\/embed\/#?secret=28PshfHRQ3#?secret=NH2V7Nv1dq\" width=\"600\" height=\"621\" frameborder=\"0\" marginwidth=\"0\" marginheight=\"0\" scrolling=\"no\" sandbox=\"allow-scripts\" data-secret=\"NH2V7Nv1dq\" data-mce-fragment=\"1\"><\/iframe><\/p>\n<p><iframe loading=\"lazy\" class=\"wp-embedded-content\" title=\"\u00abAlerta en Casanare por muerte de 7 ni\u00f1os durante 2022 por enfermedades respiratorias\u00bb \u2014 \u25b7 Noticias de Casanare : Martha Cifuentes | Casanare\" src=\"https:\/\/marthacifuentes.com\/portada\/2022\/10\/20\/alerta-en-casanare-por-muerte-de-7-ninos-durante-2022-por-enfermedades-respiratorias\/embed\/#?secret=01xZlkwj35#?secret=aBe2JwKTOI\" width=\"600\" height=\"600\" frameborder=\"0\" marginwidth=\"0\" marginheight=\"0\" scrolling=\"no\" sandbox=\"allow-scripts\" data-secret=\"aBe2JwKTOI\" data-mce-fragment=\"1\"><\/iframe><\/p>\n<p><iframe loading=\"lazy\" class=\"wp-embedded-content\" title=\"\u00abEmpresarios de Yopal ahora son el blanco de los delincuentes\u00bb \u2014 \u25b7 Noticias de Casanare : Martha Cifuentes | Casanare\" src=\"https:\/\/marthacifuentes.com\/portada\/2022\/10\/19\/empresarios-de-yopal-ahora-son-el-blanco-de-los-delincuentes\/embed\/#?secret=89yS6C3lre#?secret=ZJn5aXJ8bb\" width=\"600\" height=\"613\" frameborder=\"0\" marginwidth=\"0\" marginheight=\"0\" scrolling=\"no\" sandbox=\"allow-scripts\" data-secret=\"ZJn5aXJ8bb\" data-mce-fragment=\"1\"><\/iframe><\/p>\n<p><iframe loading=\"lazy\" class=\"wp-embedded-content\" title=\"\u00abC\u00e1ncer de mama aument\u00f3 en Casanare en \u00faltimo a\u00f1o. De 36 mujeres afectadas 3 fallecieron por esta causa.\u00bb \u2014 \u25b7 Noticias de Casanare : Martha Cifuentes | Casanare\" src=\"https:\/\/marthacifuentes.com\/portada\/2022\/10\/19\/cancer-de-mama-aumento-en-casanare-en-ultimo-ano-de-36-mujeres-afectadas-3-fallecieron-por-esta-causa\/embed\/#?secret=nTuc4RaSBo#?secret=OPHPxL6Jn9\" width=\"600\" height=\"599\" frameborder=\"0\" marginwidth=\"0\" marginheight=\"0\" scrolling=\"no\" sandbox=\"allow-scripts\" data-secret=\"OPHPxL6Jn9\" data-mce-fragment=\"1\"><\/iframe><\/p>\n<p><iframe loading=\"lazy\" class=\"wp-embedded-content\" title=\"\u00abAtenci\u00f3n: 24 cursos gratuitos\u00a0en www.apps.co.\u00a0Marketing, dise\u00f1o y habilidades de emprendimiento, entre otros.\u00bb \u2014 \u25b7 Noticias de Casanare : Martha Cifuentes | Casanare\" src=\"https:\/\/marthacifuentes.com\/portada\/2022\/10\/19\/atencion-24-cursos-gratuitos-en-www-apps-co-marketing-diseno-y-habilidades-de-emprendimiento-entre-otros\/embed\/#?secret=0mzL09Dg7H#?secret=BYFEmvqQZn\" width=\"600\" height=\"670\" frameborder=\"0\" marginwidth=\"0\" marginheight=\"0\" scrolling=\"no\" sandbox=\"allow-scripts\" data-secret=\"BYFEmvqQZn\" data-mce-fragment=\"1\"><\/iframe><\/p>\n<p><iframe loading=\"lazy\" class=\"wp-embedded-content\" title=\"\u00abVuelve Festival Internacional de Cultura y Creatividad, Joropo Fest a Yopal, entre el 20 y 22 de octubre\u00bb \u2014 \u25b7 Noticias de Casanare : Martha Cifuentes | Casanare\" src=\"https:\/\/marthacifuentes.com\/portada\/2022\/10\/18\/vuelve-festival-internacional-de-cultura-y-creatividad-joropo-fest-a-yopal-entre-el-20-y-22-de-octubre\/embed\/#?secret=DZljAq0icq#?secret=ALVwBtV1YN\" width=\"600\" height=\"600\" frameborder=\"0\" marginwidth=\"0\" marginheight=\"0\" scrolling=\"no\" sandbox=\"allow-scripts\" data-secret=\"ALVwBtV1YN\" data-mce-fragment=\"1\"><\/iframe><\/p>\n<p><iframe loading=\"lazy\" class=\"wp-embedded-content\" title=\"\u00abYopale\u00f1os pagar\u00e1n de sus bolsillos, los pr\u00f3ximos 25 o 30 a\u00f1os, por los multimillonarios contratos de la Eaaay, as\u00ed lo dijo su gerente en La Bendici\u00f3n\u00bb \u2014 \u25b7 Noticias de Casanare : Martha Cifuentes | Casanare\" src=\"https:\/\/marthacifuentes.com\/portada\/2022\/10\/14\/yopalenos-pagaran-de-sus-bolsillos-los-proximos-25-o-30-anos-por-los-multimillonarios-contratos-de-la-eaaay-asi-lo-dijo-su-gerente-en-la-bendicion\/embed\/#?secret=m5UV0QxThj#?secret=91CtDWBmLJ\" width=\"600\" height=\"628\" frameborder=\"0\" marginwidth=\"0\" marginheight=\"0\" scrolling=\"no\" sandbox=\"allow-scripts\" data-secret=\"91CtDWBmLJ\" data-mce-fragment=\"1\"><\/iframe><\/p>\n<p><iframe loading=\"lazy\" class=\"wp-embedded-content\" title=\"\u00abPor colapso de puente del r\u00edo Ariporo se declarar\u00e1 calamidad p\u00fablica en Casanare\u00bb \u2014 \u25b7 Noticias de Casanare : Martha Cifuentes | Casanare\" src=\"https:\/\/marthacifuentes.com\/portada\/2022\/10\/13\/por-colapso-de-puente-del-rio-ariporo-se-declarara-calamidad-publica-en-casanare\/embed\/#?secret=VoPF0CnGwY#?secret=KnMEk4N2W1\" width=\"600\" height=\"596\" frameborder=\"0\" marginwidth=\"0\" marginheight=\"0\" scrolling=\"no\" sandbox=\"allow-scripts\" data-secret=\"KnMEk4N2W1\" data-mce-fragment=\"1\"><\/iframe><\/p>\n<p><iframe loading=\"lazy\" class=\"wp-embedded-content\" title=\"\u00abYopal baj\u00f3 2 puestos en \u00cdndice de Competitividad de Ciudades de Colombia. Ocupa posici\u00f3n 18 entre 32 municipios.\u00bb \u2014 \u25b7 Noticias de Casanare : Martha Cifuentes | Casanare\" src=\"https:\/\/marthacifuentes.com\/portada\/2022\/10\/13\/yopal-bajo-2-puestos-en-indice-de-competitividad-de-ciudades-de-colombia-ocupa-posicion-18-entre-32-municipios\/embed\/#?secret=ZlkqVMe1Xq#?secret=8GcEzbrAGN\" width=\"600\" height=\"649\" frameborder=\"0\" marginwidth=\"0\" marginheight=\"0\" scrolling=\"no\" sandbox=\"allow-scripts\" data-secret=\"8GcEzbrAGN\" data-mce-fragment=\"1\"><\/iframe><\/p>\n<p><iframe loading=\"lazy\" class=\"wp-embedded-content\" title=\"\u00abSindicatos de empresas de servicios p\u00fablicos del pa\u00eds rechazan privatizaci\u00f3n de la Eaaay de Yopal. Cuestionan contrataci\u00f3n millonaria de la PTAR y la planta de tratamiento de basuras\u00bb \u2014 \u25b7 Noticias de Casanare : Martha Cifuentes | Casanare\" src=\"https:\/\/marthacifuentes.com\/portada\/2022\/10\/13\/sindicatos-de-empresas-de-servicios-publicos-del-pais-rechazan-privatizacion-de-la-eaaay-de-yopal-cuestionan-contratacion-millonaria-de-la-ptar-y-la-planta-de-tratamiento-de-basuras\/embed\/#?secret=mdGtrX8XCF#?secret=FNHWFSl5p0\" width=\"600\" height=\"678\" frameborder=\"0\" marginwidth=\"0\" marginheight=\"0\" scrolling=\"no\" sandbox=\"allow-scripts\" data-secret=\"FNHWFSl5p0\" data-mce-fragment=\"1\"><\/iframe><\/p>\n<p><iframe loading=\"lazy\" class=\"wp-embedded-content\" title=\"\u00abSuperservicios requiere a la Eaaay informe de cuestionados contratos y solicita a la Contralor\u00eda vigilar los recursos p\u00fablicos apropiados para estos. \u00a0\u00bb \u2014 \u25b7 Noticias de Casanare : Martha Cifuentes | Casanare\" src=\"https:\/\/marthacifuentes.com\/portada\/2022\/10\/12\/superservicios-requiere-a-la-eaaay-informe-de-cuestionados-contratos-y-solicita-a-la-contraloria-vigilar-los-recursos-publicos-apropiados-para-estos\/embed\/#?secret=4jB7boIZVY#?secret=9LJfyXYF8E\" width=\"600\" height=\"587\" frameborder=\"0\" marginwidth=\"0\" marginheight=\"0\" scrolling=\"no\" sandbox=\"allow-scripts\" data-secret=\"9LJfyXYF8E\" data-mce-fragment=\"1\"><\/iframe><\/p>\n<p><iframe loading=\"lazy\" class=\"wp-embedded-content\" title=\"\u00abCapturado soldado profesional activo por violar a su propia hija de 9 a\u00f1os en hechos ocurridos en Yopal.\u00bb \u2014 \u25b7 Noticias de Casanare : Martha Cifuentes | Casanare\" src=\"https:\/\/marthacifuentes.com\/portada\/2022\/10\/12\/capturado-soldado-profesional-activo-por-violar-a-su-propia-hija-de-9-anos-en-hechos-ocurridos-en-yopal\/embed\/#?secret=F7CLWd3d36#?secret=ty9DVMSTN1\" width=\"600\" height=\"600\" frameborder=\"0\" marginwidth=\"0\" marginheight=\"0\" scrolling=\"no\" sandbox=\"allow-scripts\" data-secret=\"ty9DVMSTN1\" data-mce-fragment=\"1\"><\/iframe><\/p>\n<p><iframe loading=\"lazy\" class=\"wp-embedded-content\" title=\"\u00abAunque gerente de Eaaay y contratista defendieron contrato de PTAR de Yopal por U$70 millones, persisten dudas sobre el \u00abnegocio\u00bb\u00bb \u2014 \u25b7 Noticias de Casanare : Martha Cifuentes | Casanare\" src=\"https:\/\/marthacifuentes.com\/portada\/2022\/10\/12\/aunque-gerente-de-eaaay-y-contratista-defendieron-contrato-de-ptar-de-yopal-por-u70-millones-persisten-dudas-sobre-el-negocio\/embed\/#?secret=451mSL11kC#?secret=MSCsDn6jBj\" width=\"600\" height=\"614\" frameborder=\"0\" marginwidth=\"0\" marginheight=\"0\" scrolling=\"no\" sandbox=\"allow-scripts\" data-secret=\"MSCsDn6jBj\" data-mce-fragment=\"1\"><\/iframe><\/p>\n<p><iframe loading=\"lazy\" class=\"wp-embedded-content\" title=\"\u00abPredio donde se construir\u00e1 Terminal de Transportes de Yopal termin\u00f3 siendo un \u201cnegociazo\u201d para un particular, aunque era del municipio.\u00bb \u2014 \u25b7 Noticias de Casanare : Martha Cifuentes | Casanare\" src=\"https:\/\/marthacifuentes.com\/portada\/2022\/10\/07\/predio-donde-se-construira-terminal-de-transportes-de-yopal-termino-siendo-un-negociazo-para-un-particular-aunque-era-del-municipio\/embed\/#?secret=xF0ulqBYoK#?secret=w6NclZgSLs\" width=\"600\" height=\"592\" frameborder=\"0\" marginwidth=\"0\" marginheight=\"0\" scrolling=\"no\" sandbox=\"allow-scripts\" data-secret=\"w6NclZgSLs\" data-mce-fragment=\"1\"><\/iframe><\/p>\n<p><iframe loading=\"lazy\" class=\"wp-embedded-content\" title=\"\u00abPor queja ciudadana Contralor\u00eda de Casanare le pone la lupa a contrataci\u00f3n multimillonaria de la Eaaay. Algo no huele bien en contrato de la PTAR.\u00bb \u2014 \u25b7 Noticias de Casanare : Martha Cifuentes | Casanare\" src=\"https:\/\/marthacifuentes.com\/portada\/2022\/10\/06\/por-queja-ciudadana-contraloria-de-casanare-le-pone-la-lupa-a-contratacion-multimillonaria-de-la-eaaay-algo-no-huele-bien-en-contrato-de-la-ptar\/embed\/#?secret=RCweTLDobE#?secret=SPTuY2OmI1\" width=\"600\" height=\"649\" frameborder=\"0\" marginwidth=\"0\" marginheight=\"0\" scrolling=\"no\" sandbox=\"allow-scripts\" data-secret=\"SPTuY2OmI1\" data-mce-fragment=\"1\"><\/iframe><\/p>\n<p><iframe loading=\"lazy\" class=\"wp-embedded-content\" title=\"\u00abDenunciados gerente de la Eaaay y alcalde de Yopal Luis Eduardo Castro por prevaricato en relaci\u00f3n a multimillonaria contrataci\u00f3n de la PTAR\u00bb \u2014 \u25b7 Noticias de Casanare : Martha Cifuentes | Casanare\" src=\"https:\/\/marthacifuentes.com\/portada\/2022\/10\/05\/denunciados-gerente-de-la-eaaay-y-alcalde-de-yopal-luis-eduardo-castro-por-prevaricato-en-relacion-a-multimillonaria-contratacion-de-la-ptar\/embed\/#?secret=Qc59MgCrzV#?secret=swS4VjyuQz\" width=\"600\" height=\"649\" frameborder=\"0\" marginwidth=\"0\" marginheight=\"0\" scrolling=\"no\" sandbox=\"allow-scripts\" data-secret=\"swS4VjyuQz\" data-mce-fragment=\"1\"><\/iframe><\/p>\n<p><iframe loading=\"lazy\" class=\"wp-embedded-content\" title=\"\u00abYopale\u00f1os tendr\u00e1n que pagar el doble por servicio de alcantarillado como efecto de multimillonario contrato de la EAAAY de manejo de la PTAR\u00bb \u2014 \u25b7 Noticias de Casanare : Martha Cifuentes | Casanare\" src=\"https:\/\/marthacifuentes.com\/portada\/2022\/10\/04\/yopalenos-tendran-que-pagar-el-doble-por-servicio-de-alcantarillado-como-efecto-de-multimillonario-contrato-de-la-eaaay-de-manejo-de-la-ptar\/embed\/#?secret=TCfYM6ZPZL#?secret=vOo7sN61Sf\" width=\"600\" height=\"649\" frameborder=\"0\" marginwidth=\"0\" marginheight=\"0\" scrolling=\"no\" sandbox=\"allow-scripts\" data-secret=\"vOo7sN61Sf\" data-mce-fragment=\"1\"><\/iframe><\/p>\n<p><iframe loading=\"lazy\" class=\"wp-embedded-content\" title=\"\u00abTaxistas de Yopal inconformes con pago de seguridad social. Dicen que no les alcanza lo que producen.\u00bb \u2014 \u25b7 Noticias de Casanare : Martha Cifuentes | Casanare\" src=\"https:\/\/marthacifuentes.com\/portada\/2022\/10\/03\/taxistas-de-yopal-inconformes-con-pago-de-seguridad-social-dicen-que-no-les-alcanza-lo-que-producen\/embed\/#?secret=HCTnqdBTpr#?secret=UbEeyLJ53e\" width=\"600\" height=\"621\" frameborder=\"0\" marginwidth=\"0\" marginheight=\"0\" scrolling=\"no\" sandbox=\"allow-scripts\" data-secret=\"UbEeyLJ53e\" data-mce-fragment=\"1\"><\/iframe><\/p>\n<blockquote class=\"wp-embedded-content\" data-secret=\"8v13jpIYsG\"><p><a href=\"https:\/\/marthacifuentes.com\/portada\/\">Portada<\/a><\/p><\/blockquote>\n<p><iframe loading=\"lazy\" class=\"wp-embedded-content\" title=\"\u00abPortada\u00bb \u2014 \u25b7 Noticias de Casanare : Martha Cifuentes | Casanare\" src=\"https:\/\/marthacifuentes.com\/portada\/embed\/#?secret=xNkwWpn6mz#?secret=8v13jpIYsG\" width=\"600\" height=\"338\" frameborder=\"0\" marginwidth=\"0\" marginheight=\"0\" scrolling=\"no\" sandbox=\"allow-scripts\" data-secret=\"8v13jpIYsG\" data-mce-fragment=\"1\"><\/iframe><\/p>\n<p><iframe loading=\"lazy\" class=\"wp-embedded-content\" title=\"\u00abGobernador de Casanare descubri\u00f3 el agua tibia, que la inseguridad campea en Yopal y las c\u00e1maras de seguridad no funcionan\u00bb \u2014 \u25b7 Noticias de Casanare : Martha Cifuentes | Casanare\" src=\"https:\/\/marthacifuentes.com\/portada\/2022\/09\/30\/gobernador-de-casanare-descubrio-el-agua-tibia-que-la-inseguridad-campea-en-yopal-y-las-camaras-de-seguridad-no-funcionan\/embed\/#?secret=YR5WSIXH04#?secret=yA91pNgqKB\" width=\"600\" height=\"649\" frameborder=\"0\" marginwidth=\"0\" marginheight=\"0\" scrolling=\"no\" sandbox=\"allow-scripts\" data-secret=\"yA91pNgqKB\" data-mce-fragment=\"1\"><\/iframe><\/p>\n<p><iframe loading=\"lazy\" class=\"wp-embedded-content\" title=\"\u00ab\u00bfOtra vez militares aliados a grupo paramilitar Clan del Golfo, en Casanare? Capturado sargento activo que \u00abtrabajaba\u00bb para este GAO.\u00bb \u2014 \u25b7 Noticias de Casanare : Martha Cifuentes | Casanare\" src=\"https:\/\/marthacifuentes.com\/portada\/2022\/09\/28\/otra-vez-militares-aliados-a-grupo-paramilitar-clan-del-golfo-en-casanare-capturado-sargento-activo-que-trabajaba-para-este-gao\/embed\/#?secret=ShBvuYqfHL#?secret=vCkhUHLye5\" width=\"600\" height=\"640\" frameborder=\"0\" marginwidth=\"0\" marginheight=\"0\" scrolling=\"no\" sandbox=\"allow-scripts\" data-secret=\"vCkhUHLye5\" data-mce-fragment=\"1\"><\/iframe><\/p>\n<p><iframe loading=\"lazy\" class=\"wp-embedded-content\" title=\"\u00abDe payaso, maltratador, bobo, osado, showsero y hasta \u00e9mulo de Cal\u00edgula, fue calificado el senador Alirio Barrera, por meter su caballo al Congreso.\u00bb \u2014 \u25b7 Noticias de Casanare : Martha Cifuentes | Casanare\" src=\"https:\/\/marthacifuentes.com\/portada\/2022\/09\/28\/de-payaso-maltratador-bobo-osado-showsero-y-hasta-emulo-de-caligula-fue-calificado-el-senador-alirio-barrera-por-meter-su-caballo-al-congreso\/embed\/#?secret=cWjhV4Ebmv#?secret=zBQ4A3S5az\" width=\"600\" height=\"627\" frameborder=\"0\" marginwidth=\"0\" marginheight=\"0\" scrolling=\"no\" sandbox=\"allow-scripts\" data-secret=\"zBQ4A3S5az\" data-mce-fragment=\"1\"><\/iframe><\/p>\n<p><iframe loading=\"lazy\" class=\"wp-embedded-content\" title=\"\u00abEl Up\u00eda, Cusiana y Meta, r\u00edos del narcotr\u00e1fico en Casanare y Meta: Gobernador de Casanare\u00bb \u2014 \u25b7 Noticias de Casanare : Martha Cifuentes | Casanare\" src=\"https:\/\/marthacifuentes.com\/portada\/2022\/09\/26\/el-upia-cusiana-y-meta-rios-del-narcotrafico-en-casanare-y-meta-gobernador-de-casanare\/embed\/#?secret=0kRSkvWBon#?secret=yAbFmaHjyk\" width=\"600\" height=\"621\" frameborder=\"0\" marginwidth=\"0\" marginheight=\"0\" scrolling=\"no\" sandbox=\"allow-scripts\" data-secret=\"yAbFmaHjyk\" data-mce-fragment=\"1\"><\/iframe><\/p>\n<p><iframe loading=\"lazy\" class=\"wp-embedded-content\" title=\"\u00abAccidente en v\u00eda Paz de Ariporo-Hato Corozal, enluta a familia de Tame, Arauca. Dos de sus integrantes fallecieron.\u00bb \u2014 \u25b7 Noticias de Casanare : Martha Cifuentes | Casanare\" src=\"https:\/\/marthacifuentes.com\/portada\/2022\/09\/26\/accidente-en-via-paz-de-ariporo-hato-corozal-enluta-a-familia-de-tame-arauca-dos-de-sus-integrantes-fallecieron\/embed\/#?secret=S4LssPHWKi#?secret=J5Fv6ljeVM\" width=\"600\" height=\"580\" frameborder=\"0\" marginwidth=\"0\" marginheight=\"0\" scrolling=\"no\" sandbox=\"allow-scripts\" data-secret=\"J5Fv6ljeVM\" data-mce-fragment=\"1\"><\/iframe><\/p>\n<p><iframe loading=\"lazy\" class=\"wp-embedded-content\" title=\"\u00abCondenado en Yopal profesor de religi\u00f3n y moral que abus\u00f3 de dos ni\u00f1as de 8 a\u00f1os en 2016\u00bb \u2014 \u25b7 Noticias de Casanare : Martha Cifuentes | Casanare\" src=\"https:\/\/marthacifuentes.com\/portada\/2022\/09\/26\/condenado-en-yopal-profesor-de-religion-y-moral-que-abuso-de-dos-ninas-de-8-anos-en-2016\/embed\/#?secret=xD21mZc0HL#?secret=m4SYdMHEox\" width=\"600\" height=\"600\" frameborder=\"0\" marginwidth=\"0\" marginheight=\"0\" scrolling=\"no\" sandbox=\"allow-scripts\" data-secret=\"m4SYdMHEox\" data-mce-fragment=\"1\"><\/iframe><\/p>\n<p><iframe loading=\"lazy\" class=\"wp-embedded-content\" title=\"\u00abSupuesto cabecilla del Clan del Golfo, en Casanare y Meta, capturado en Barranca de Up\u00eda. Estuvo en Man\u00ed present\u00e1ndose como tal.\u00bb \u2014 \u25b7 Noticias de Casanare : Martha Cifuentes | Casanare\" src=\"https:\/\/marthacifuentes.com\/portada\/2022\/09\/26\/supuesto-cabecilla-del-clan-del-golfo-en-casanare-y-meta-capturado-en-barranca-de-upia-estuvo-en-mani-presentandose-como-tal\/embed\/#?secret=A7zsX54lm0#?secret=oz1bf0G7q8\" width=\"600\" height=\"649\" frameborder=\"0\" marginwidth=\"0\" marginheight=\"0\" scrolling=\"no\" sandbox=\"allow-scripts\" data-secret=\"oz1bf0G7q8\" data-mce-fragment=\"1\"><\/iframe><\/p>\n<p><iframe loading=\"lazy\" class=\"wp-embedded-content\" title=\"\u00abEn ataque sicarial, asesinado familiar de \u00abmart\u00edn llanos\u00bb, y tres hombres fueron heridos en Monterrey, Casanare\u00bb \u2014 \u25b7 Noticias de Casanare : Martha Cifuentes | Casanare\" src=\"https:\/\/marthacifuentes.com\/portada\/2022\/09\/23\/en-ataque-sicarial-asesinado-familiar-de-martin-llanos-y-tres-hombres-fueron-heridos-en-monterrey-casanare\/embed\/#?secret=oktl2yvWTR#?secret=7yY09aXDux\" width=\"600\" height=\"628\" frameborder=\"0\" marginwidth=\"0\" marginheight=\"0\" scrolling=\"no\" sandbox=\"allow-scripts\" data-secret=\"7yY09aXDux\" data-mce-fragment=\"1\"><\/iframe><\/p>\n<p>&nbsp;<\/p>\n","protected":false},"excerpt":{"rendered":"<p>\u201cEl caso de Yopal es un caso que estamos viendo en varias partes del pa\u00eds: hay alcaldes que est\u00e1n tratando de \u2018feriar\u2019 la prestaci\u00f3n de los servicios de agua y aseo en algunos municipios donde se est\u00e1 prestando el servicio por parte de las empresas de los municipios y quieren entreg\u00e1rselos al sector privado\u201d, expres\u00f3 &hellip;<\/p>\n","protected":false},"author":2,"featured_media":30297,"comment_status":"open","ping_status":"open","sticky":false,"template":"","format":"standard","meta":{"om_disable_all_campaigns":false,"_exactmetrics_skip_tracking":false,"_exactmetrics_sitenote_active":false,"_exactmetrics_sitenote_note":"","_exactmetrics_sitenote_category":0,"_monsterinsights_skip_tracking":false,"_monsterinsights_sitenote_active":false,"_monsterinsights_sitenote_note":"","_monsterinsights_sitenote_category":0,"_uf_show_specific_survey":0,"_uf_disable_surveys":false,"_joinchat":[],"footnotes":""},"categories":[147,146,145],"tags":[1373,8507,8504,8506,8505,1400,8503,1376],"class_list":["post-30295","post","type-post","status-publish","format-standard","has-post-thumbnail","hentry","category-actualidad","category-noticias","category-reportajes","tag-casanare-noticias","tag-concejal-de-yopal-jessica-avella","tag-dagoberto-quiroga-eaaay-yopal","tag-luis-eduardo-castro-alcalde-de-yopal-eaaay","tag-municipios-ferean-contratos-servicios-publicos","tag-noticias-casanare","tag-superitendente-servicios-publicos-contratacion-eaaay-yopal","tag-yopal-noticias"],"yoast_head":"<!-- This site is optimized with the Yoast SEO plugin v26.1 - https:\/\/yoast.com\/wordpress\/plugins\/seo\/ -->\n<title>\u00bfAlcalde de Yopal quiere &quot;feriar&quot; servicios p\u00fablicos de la Eaaay? Eso insin\u00faa Superintendente de S.P. - \u25b7 Noticias de Casanare : Martha Cifuentes | Casanare<\/title>\n<meta name=\"robots\" content=\"index, follow, max-snippet:-1, max-image-preview:large, max-video-preview:-1\" \/>\n<link rel=\"canonical\" href=\"https:\/\/marthacifuentes.com\/portada\/alcalde-de-yopal-quiere-feriar-servicios-publicos-de-la-eaaay-eso-insinua-superintendente-de-s-p\/\" \/>\n<meta property=\"og:locale\" content=\"es_ES\" \/>\n<meta property=\"og:type\" content=\"article\" \/>\n<meta property=\"og:title\" content=\"\u00bfAlcalde de Yopal quiere &quot;feriar&quot; servicios p\u00fablicos de la Eaaay? Eso insin\u00faa Superintendente de S.P. - \u25b7 Noticias de Casanare : Martha Cifuentes | Casanare\" \/>\n<meta property=\"og:description\" content=\"\u201cEl caso de Yopal es un caso que estamos viendo en varias partes del pa\u00eds: hay alcaldes que est\u00e1n tratando de \u2018feriar\u2019 la prestaci\u00f3n de los servicios de agua y aseo en algunos municipios donde se est\u00e1 prestando el servicio por parte de las empresas de los municipios y quieren entreg\u00e1rselos al sector privado\u201d, expres\u00f3 &hellip;\" \/>\n<meta property=\"og:url\" content=\"https:\/\/marthacifuentes.com\/portada\/alcalde-de-yopal-quiere-feriar-servicios-publicos-de-la-eaaay-eso-insinua-superintendente-de-s-p\/\" \/>\n<meta property=\"og:site_name\" content=\"\u25b7 Noticias de Casanare : Martha Cifuentes | Casanare\" \/>\n<meta property=\"article:published_time\" content=\"2022-11-02T21:27:31+00:00\" \/>\n<meta property=\"article:modified_time\" content=\"2022-11-02T21:31:08+00:00\" \/>\n<meta property=\"og:image\" content=\"https:\/\/marthacifuentes.com\/portada\/wp-content\/uploads\/2022\/11\/superintendente-alcalde-de-yopal-scaled.jpg\" \/>\n\t<meta property=\"og:image:width\" content=\"2560\" \/>\n\t<meta property=\"og:image:height\" content=\"1480\" \/>\n\t<meta property=\"og:image:type\" content=\"image\/jpeg\" \/>\n<meta name=\"author\" content=\"Martha Cifuentes\" \/>\n<meta name=\"twitter:card\" content=\"summary_large_image\" \/>\n<meta name=\"twitter:label1\" content=\"Escrito por\" \/>\n\t<meta name=\"twitter:data1\" content=\"Martha Cifuentes\" \/>\n\t<meta name=\"twitter:label2\" content=\"Tiempo de lectura\" \/>\n\t<meta name=\"twitter:data2\" content=\"2 minutos\" \/>\n<script type=\"application\/ld+json\" class=\"yoast-schema-graph\">{\"@context\":\"https:\/\/schema.org\",\"@graph\":[{\"@type\":\"WebPage\",\"@id\":\"https:\/\/marthacifuentes.com\/portada\/alcalde-de-yopal-quiere-feriar-servicios-publicos-de-la-eaaay-eso-insinua-superintendente-de-s-p\/\",\"url\":\"https:\/\/marthacifuentes.com\/portada\/alcalde-de-yopal-quiere-feriar-servicios-publicos-de-la-eaaay-eso-insinua-superintendente-de-s-p\/\",\"name\":\"\u00bfAlcalde de Yopal quiere \\\"feriar\\\" servicios p\u00fablicos de la Eaaay? Eso insin\u00faa Superintendente de S.P. - \u25b7 Noticias de Casanare : Martha Cifuentes | Casanare\",\"isPartOf\":{\"@id\":\"https:\/\/marthacifuentes.com\/portada\/#website\"},\"primaryImageOfPage\":{\"@id\":\"https:\/\/marthacifuentes.com\/portada\/alcalde-de-yopal-quiere-feriar-servicios-publicos-de-la-eaaay-eso-insinua-superintendente-de-s-p\/#primaryimage\"},\"image\":{\"@id\":\"https:\/\/marthacifuentes.com\/portada\/alcalde-de-yopal-quiere-feriar-servicios-publicos-de-la-eaaay-eso-insinua-superintendente-de-s-p\/#primaryimage\"},\"thumbnailUrl\":\"https:\/\/marthacifuentes.com\/portada\/wp-content\/uploads\/2022\/11\/superintendente-alcalde-de-yopal-scaled.jpg\",\"datePublished\":\"2022-11-02T21:27:31+00:00\",\"dateModified\":\"2022-11-02T21:31:08+00:00\",\"author\":{\"@id\":\"https:\/\/marthacifuentes.com\/portada\/#\/schema\/person\/57f53174b991db5f90ff78d58502b714\"},\"breadcrumb\":{\"@id\":\"https:\/\/marthacifuentes.com\/portada\/alcalde-de-yopal-quiere-feriar-servicios-publicos-de-la-eaaay-eso-insinua-superintendente-de-s-p\/#breadcrumb\"},\"inLanguage\":\"es\",\"potentialAction\":[{\"@type\":\"ReadAction\",\"target\":[\"https:\/\/marthacifuentes.com\/portada\/alcalde-de-yopal-quiere-feriar-servicios-publicos-de-la-eaaay-eso-insinua-superintendente-de-s-p\/\"]}]},{\"@type\":\"ImageObject\",\"inLanguage\":\"es\",\"@id\":\"https:\/\/marthacifuentes.com\/portada\/alcalde-de-yopal-quiere-feriar-servicios-publicos-de-la-eaaay-eso-insinua-superintendente-de-s-p\/#primaryimage\",\"url\":\"https:\/\/marthacifuentes.com\/portada\/wp-content\/uploads\/2022\/11\/superintendente-alcalde-de-yopal-scaled.jpg\",\"contentUrl\":\"https:\/\/marthacifuentes.com\/portada\/wp-content\/uploads\/2022\/11\/superintendente-alcalde-de-yopal-scaled.jpg\",\"width\":2560,\"height\":1480},{\"@type\":\"BreadcrumbList\",\"@id\":\"https:\/\/marthacifuentes.com\/portada\/alcalde-de-yopal-quiere-feriar-servicios-publicos-de-la-eaaay-eso-insinua-superintendente-de-s-p\/#breadcrumb\",\"itemListElement\":[{\"@type\":\"ListItem\",\"position\":1,\"name\":\"Portada\",\"item\":\"https:\/\/marthacifuentes.com\/portada\/\"},{\"@type\":\"ListItem\",\"position\":2,\"name\":\"\u00bfAlcalde de Yopal quiere \u00abferiar\u00bb servicios p\u00fablicos de la Eaaay? Eso insin\u00faa Superintendente de S.P.\"}]},{\"@type\":\"WebSite\",\"@id\":\"https:\/\/marthacifuentes.com\/portada\/#website\",\"url\":\"https:\/\/marthacifuentes.com\/portada\/\",\"name\":\"\u25b7 Noticias de Casanare : Martha Cifuentes | Casanare\",\"description\":\"Noticias &amp; Contenidos\",\"potentialAction\":[{\"@type\":\"SearchAction\",\"target\":{\"@type\":\"EntryPoint\",\"urlTemplate\":\"https:\/\/marthacifuentes.com\/portada\/?s={search_term_string}\"},\"query-input\":{\"@type\":\"PropertyValueSpecification\",\"valueRequired\":true,\"valueName\":\"search_term_string\"}}],\"inLanguage\":\"es\"},{\"@type\":\"Person\",\"@id\":\"https:\/\/marthacifuentes.com\/portada\/#\/schema\/person\/57f53174b991db5f90ff78d58502b714\",\"name\":\"Martha Cifuentes\",\"image\":{\"@type\":\"ImageObject\",\"inLanguage\":\"es\",\"@id\":\"https:\/\/marthacifuentes.com\/portada\/#\/schema\/person\/image\/\",\"url\":\"http:\/\/marthacifuentes.com\/portada\/wp-content\/uploads\/2018\/06\/avatar_user_2_1528838701-96x96.jpg\",\"contentUrl\":\"http:\/\/marthacifuentes.com\/portada\/wp-content\/uploads\/2018\/06\/avatar_user_2_1528838701-96x96.jpg\",\"caption\":\"Martha Cifuentes\"},\"sameAs\":[\"http:\/\/www.marthacifuentes.com\"],\"url\":\"https:\/\/marthacifuentes.com\/portada\/author\/martha\/\"}]}<\/script>\n<!-- \/ Yoast SEO plugin. -->","yoast_head_json":{"title":"\u00bfAlcalde de Yopal quiere \"feriar\" servicios p\u00fablicos de la Eaaay? Eso insin\u00faa Superintendente de S.P. - \u25b7 Noticias de Casanare : Martha Cifuentes | Casanare","robots":{"index":"index","follow":"follow","max-snippet":"max-snippet:-1","max-image-preview":"max-image-preview:large","max-video-preview":"max-video-preview:-1"},"canonical":"https:\/\/marthacifuentes.com\/portada\/alcalde-de-yopal-quiere-feriar-servicios-publicos-de-la-eaaay-eso-insinua-superintendente-de-s-p\/","og_locale":"es_ES","og_type":"article","og_title":"\u00bfAlcalde de Yopal quiere \"feriar\" servicios p\u00fablicos de la Eaaay? Eso insin\u00faa Superintendente de S.P. - \u25b7 Noticias de Casanare : Martha Cifuentes | Casanare","og_description":"\u201cEl caso de Yopal es un caso que estamos viendo en varias partes del pa\u00eds: hay alcaldes que est\u00e1n tratando de \u2018feriar\u2019 la prestaci\u00f3n de los servicios de agua y aseo en algunos municipios donde se est\u00e1 prestando el servicio por parte de las empresas de los municipios y quieren entreg\u00e1rselos al sector privado\u201d, expres\u00f3 &hellip;","og_url":"https:\/\/marthacifuentes.com\/portada\/alcalde-de-yopal-quiere-feriar-servicios-publicos-de-la-eaaay-eso-insinua-superintendente-de-s-p\/","og_site_name":"\u25b7 Noticias de Casanare : Martha Cifuentes | Casanare","article_published_time":"2022-11-02T21:27:31+00:00","article_modified_time":"2022-11-02T21:31:08+00:00","og_image":[{"width":2560,"height":1480,"url":"https:\/\/marthacifuentes.com\/portada\/wp-content\/uploads\/2022\/11\/superintendente-alcalde-de-yopal-scaled.jpg","type":"image\/jpeg"}],"author":"Martha Cifuentes","twitter_card":"summary_large_image","twitter_misc":{"Escrito por":"Martha Cifuentes","Tiempo de lectura":"2 minutos"},"schema":{"@context":"https:\/\/schema.org","@graph":[{"@type":"WebPage","@id":"https:\/\/marthacifuentes.com\/portada\/alcalde-de-yopal-quiere-feriar-servicios-publicos-de-la-eaaay-eso-insinua-superintendente-de-s-p\/","url":"https:\/\/marthacifuentes.com\/portada\/alcalde-de-yopal-quiere-feriar-servicios-publicos-de-la-eaaay-eso-insinua-superintendente-de-s-p\/","name":"\u00bfAlcalde de Yopal quiere \"feriar\" servicios p\u00fablicos de la Eaaay? Eso insin\u00faa Superintendente de S.P. - \u25b7 Noticias de Casanare : Martha Cifuentes | Casanare","isPartOf":{"@id":"https:\/\/marthacifuentes.com\/portada\/#website"},"primaryImageOfPage":{"@id":"https:\/\/marthacifuentes.com\/portada\/alcalde-de-yopal-quiere-feriar-servicios-publicos-de-la-eaaay-eso-insinua-superintendente-de-s-p\/#primaryimage"},"image":{"@id":"https:\/\/marthacifuentes.com\/portada\/alcalde-de-yopal-quiere-feriar-servicios-publicos-de-la-eaaay-eso-insinua-superintendente-de-s-p\/#primaryimage"},"thumbnailUrl":"https:\/\/marthacifuentes.com\/portada\/wp-content\/uploads\/2022\/11\/superintendente-alcalde-de-yopal-scaled.jpg","datePublished":"2022-11-02T21:27:31+00:00","dateModified":"2022-11-02T21:31:08+00:00","author":{"@id":"https:\/\/marthacifuentes.com\/portada\/#\/schema\/person\/57f53174b991db5f90ff78d58502b714"},"breadcrumb":{"@id":"https:\/\/marthacifuentes.com\/portada\/alcalde-de-yopal-quiere-feriar-servicios-publicos-de-la-eaaay-eso-insinua-superintendente-de-s-p\/#breadcrumb"},"inLanguage":"es","potentialAction":[{"@type":"ReadAction","target":["https:\/\/marthacifuentes.com\/portada\/alcalde-de-yopal-quiere-feriar-servicios-publicos-de-la-eaaay-eso-insinua-superintendente-de-s-p\/"]}]},{"@type":"ImageObject","inLanguage":"es","@id":"https:\/\/marthacifuentes.com\/portada\/alcalde-de-yopal-quiere-feriar-servicios-publicos-de-la-eaaay-eso-insinua-superintendente-de-s-p\/#primaryimage","url":"https:\/\/marthacifuentes.com\/portada\/wp-content\/uploads\/2022\/11\/superintendente-alcalde-de-yopal-scaled.jpg","contentUrl":"https:\/\/marthacifuentes.com\/portada\/wp-content\/uploads\/2022\/11\/superintendente-alcalde-de-yopal-scaled.jpg","width":2560,"height":1480},{"@type":"BreadcrumbList","@id":"https:\/\/marthacifuentes.com\/portada\/alcalde-de-yopal-quiere-feriar-servicios-publicos-de-la-eaaay-eso-insinua-superintendente-de-s-p\/#breadcrumb","itemListElement":[{"@type":"ListItem","position":1,"name":"Portada","item":"https:\/\/marthacifuentes.com\/portada\/"},{"@type":"ListItem","position":2,"name":"\u00bfAlcalde de Yopal quiere \u00abferiar\u00bb servicios p\u00fablicos de la Eaaay? Eso insin\u00faa Superintendente de S.P."}]},{"@type":"WebSite","@id":"https:\/\/marthacifuentes.com\/portada\/#website","url":"https:\/\/marthacifuentes.com\/portada\/","name":"\u25b7 Noticias de Casanare : Martha Cifuentes | Casanare","description":"Noticias &amp; Contenidos","potentialAction":[{"@type":"SearchAction","target":{"@type":"EntryPoint","urlTemplate":"https:\/\/marthacifuentes.com\/portada\/?s={search_term_string}"},"query-input":{"@type":"PropertyValueSpecification","valueRequired":true,"valueName":"search_term_string"}}],"inLanguage":"es"},{"@type":"Person","@id":"https:\/\/marthacifuentes.com\/portada\/#\/schema\/person\/57f53174b991db5f90ff78d58502b714","name":"Martha Cifuentes","image":{"@type":"ImageObject","inLanguage":"es","@id":"https:\/\/marthacifuentes.com\/portada\/#\/schema\/person\/image\/","url":"http:\/\/marthacifuentes.com\/portada\/wp-content\/uploads\/2018\/06\/avatar_user_2_1528838701-96x96.jpg","contentUrl":"http:\/\/marthacifuentes.com\/portada\/wp-content\/uploads\/2018\/06\/avatar_user_2_1528838701-96x96.jpg","caption":"Martha Cifuentes"},"sameAs":["http:\/\/www.marthacifuentes.com"],"url":"https:\/\/marthacifuentes.com\/portada\/author\/martha\/"}]}},"_links":{"self":[{"href":"https:\/\/marthacifuentes.com\/portada\/wp-json\/wp\/v2\/posts\/30295","targetHints":{"allow":["GET"]}}],"collection":[{"href":"https:\/\/marthacifuentes.com\/portada\/wp-json\/wp\/v2\/posts"}],"about":[{"href":"https:\/\/marthacifuentes.com\/portada\/wp-json\/wp\/v2\/types\/post"}],"author":[{"embeddable":true,"href":"https:\/\/marthacifuentes.com\/portada\/wp-json\/wp\/v2\/users\/2"}],"replies":[{"embeddable":true,"href":"https:\/\/marthacifuentes.com\/portada\/wp-json\/wp\/v2\/comments?post=30295"}],"version-history":[{"count":4,"href":"https:\/\/marthacifuentes.com\/portada\/wp-json\/wp\/v2\/posts\/30295\/revisions"}],"predecessor-version":[{"id":30302,"href":"https:\/\/marthacifuentes.com\/portada\/wp-json\/wp\/v2\/posts\/30295\/revisions\/30302"}],"wp:featuredmedia":[{"embeddable":true,"href":"https:\/\/marthacifuentes.com\/portada\/wp-json\/wp\/v2\/media\/30297"}],"wp:attachment":[{"href":"https:\/\/marthacifuentes.com\/portada\/wp-json\/wp\/v2\/media?parent=30295"}],"wp:term":[{"taxonomy":"category","embeddable":true,"href":"https:\/\/marthacifuentes.com\/portada\/wp-json\/wp\/v2\/categories?post=30295"},{"taxonomy":"post_tag","embeddable":true,"href":"https:\/\/marthacifuentes.com\/portada\/wp-json\/wp\/v2\/tags?post=30295"}],"curies":[{"name":"wp","href":"https:\/\/api.w.org\/{rel}","templated":true}]}}