{"id":30413,"date":"2022-11-17T09:41:56","date_gmt":"2022-11-17T14:41:56","guid":{"rendered":"https:\/\/marthacifuentes.com\/portada\/?p=30413"},"modified":"2022-11-17T09:41:56","modified_gmt":"2022-11-17T14:41:56","slug":"enviados-a-la-carcel-presuntos-homicidas-de-hombre-en-rina-callejera-en-paz-de-ariporo","status":"publish","type":"post","link":"https:\/\/marthacifuentes.com\/portada\/enviados-a-la-carcel-presuntos-homicidas-de-hombre-en-rina-callejera-en-paz-de-ariporo\/","title":{"rendered":"Enviados a la c\u00e1rcel presuntos homicidas de hombre en ri\u00f1a callejera en Paz de Ariporo"},"content":{"rendered":"<p>A la c\u00e1rcel fueron enviados Yolman Alberto Noguera Mendivelso y \u00c1lvaro Mendivelso Valc\u00e1rcel, por su supuesta participaci\u00f3n en el asesinato de Yerson Octavio de Dios Sigua, en hechos ocurridos el pasado 1 de noviembre en una calle del barrio Panorama de Paz de Ariporo, cuando los capturados dispararon contra la v\u00edctima en medio de una ri\u00f1a callejera.<\/p>\n<p>Noguera Mendivelso y Mendivelso Valc\u00e1rcel fueron capturados por uniformados de la Polic\u00eda Nacional el pasado 8 de noviembre en el municipio de Paz de Ariporo (Casanare), en cumplimiento de una orden judicial. Durante las audiencias concentradas, los procesados no aceptaron su responsabilidad en los delitos endilgados por la Fiscal\u00eda.<\/p>\n<h2>Otras noticias&#8230;<\/h2>\n<blockquote class=\"wp-embedded-content\" data-secret=\"9MI8ZwDIRQ\"><p><a href=\"https:\/\/marthacifuentes.com\/portada\/2022\/11\/16\/colegios-publicos-de-yopal-podran-contar-con-servicio-de-vigilancia-hasta-el-31-de-diciembre\/\">Colegios p\u00fablicos de Yopal podr\u00e1n contar con servicio de vigilancia hasta el 31 de diciembre<\/a><\/p><\/blockquote>\n<p><iframe loading=\"lazy\" class=\"wp-embedded-content\" sandbox=\"allow-scripts\" security=\"restricted\" style=\"position: absolute; clip: rect(1px, 1px, 1px, 1px);\" title=\"\u00abColegios p\u00fablicos de Yopal podr\u00e1n contar con servicio de vigilancia hasta el 31 de diciembre\u00bb \u2014 \u25b7 Noticias de Casanare : Martha Cifuentes | Casanare\" src=\"https:\/\/marthacifuentes.com\/portada\/2022\/11\/16\/colegios-publicos-de-yopal-podran-contar-con-servicio-de-vigilancia-hasta-el-31-de-diciembre\/embed\/#?secret=dyzxWO9dT4#?secret=9MI8ZwDIRQ\" data-secret=\"9MI8ZwDIRQ\" width=\"500\" height=\"282\" frameborder=\"0\" marginwidth=\"0\" marginheight=\"0\" scrolling=\"no\"><\/iframe><\/p>\n<p><iframe loading=\"lazy\" class=\"wp-embedded-content\" title=\"\u00abM\u00e1s tierras, cr\u00e9ditos y desarrollo, propuesta de Min Agricultura y Banco Agrario\u00bb \u2014 \u25b7 Noticias de Casanare : Martha Cifuentes | Casanare\" src=\"https:\/\/marthacifuentes.com\/portada\/2022\/11\/16\/mas-tierras-creditos-y-desarrollo-propuesta-de-min-agricultura-y-banco-agrario\/embed\/#?secret=uNwhCWpBBL#?secret=XkEB6bpCoH\" width=\"600\" height=\"565\" frameborder=\"0\" marginwidth=\"0\" marginheight=\"0\" scrolling=\"no\" sandbox=\"allow-scripts\" data-secret=\"XkEB6bpCoH\" data-mce-fragment=\"1\"><\/iframe><\/p>\n<p><iframe loading=\"lazy\" class=\"wp-embedded-content\" title=\"\u00abPetroleros insisten en seguir con exploraci\u00f3n y producci\u00f3n en Colombia mientras se avanza en transici\u00f3n energ\u00e9tica\u00bb \u2014 \u25b7 Noticias de Casanare : Martha Cifuentes | Casanare\" src=\"https:\/\/marthacifuentes.com\/portada\/2022\/11\/16\/petroleros-insisten-en-seguir-con-exploracion-y-produccion-en-colombia-mientras-se-avanza-en-transicion-energetica\/embed\/#?secret=UZFcQjgG8q#?secret=4QcDUTd8Kr\" width=\"600\" height=\"650\" frameborder=\"0\" marginwidth=\"0\" marginheight=\"0\" scrolling=\"no\" sandbox=\"allow-scripts\" data-secret=\"4QcDUTd8Kr\" data-mce-fragment=\"1\"><\/iframe><\/p>\n<p><iframe loading=\"lazy\" class=\"wp-embedded-content\" title=\"\u00abCasanare debe despetrolizarse y dedicarse a la agricultura y al turismo: Petro\u00bb \u2014 \u25b7 Noticias de Casanare : Martha Cifuentes | Casanare\" src=\"https:\/\/marthacifuentes.com\/portada\/2022\/11\/16\/casanare-debe-despetrolizarse-y-dedicarse-a-la-agricultura-y-al-turismo-petro\/embed\/#?secret=kn5iR0y2eO#?secret=vznC3Zd3hs\" width=\"600\" height=\"621\" frameborder=\"0\" marginwidth=\"0\" marginheight=\"0\" scrolling=\"no\" sandbox=\"allow-scripts\" data-secret=\"vznC3Zd3hs\" data-mce-fragment=\"1\"><\/iframe><\/p>\n<p><iframe loading=\"lazy\" class=\"wp-embedded-content\" title=\"\u00abDenuncian atentado contra l\u00edderes de derechos humanos en barrio Casimena de Yopal.\u00bb \u2014 \u25b7 Noticias de Casanare : Martha Cifuentes | Casanare\" src=\"https:\/\/marthacifuentes.com\/portada\/2022\/11\/15\/denuncian-atentado-contra-lideres-de-derechos-humanos-en-barrio-casimena-de-yopal\/embed\/#?secret=vxrlq5PuZK#?secret=V9pAIV9dIi\" width=\"600\" height=\"600\" frameborder=\"0\" marginwidth=\"0\" marginheight=\"0\" scrolling=\"no\" sandbox=\"allow-scripts\" data-secret=\"V9pAIV9dIi\" data-mce-fragment=\"1\"><\/iframe><\/p>\n<p><iframe loading=\"lazy\" class=\"wp-embedded-content\" title=\"\u00abMarihuana y alcohol, sustancias sicoactivas m\u00e1s consumidas en Casanare.\u00bb \u2014 \u25b7 Noticias de Casanare : Martha Cifuentes | Casanare\" src=\"https:\/\/marthacifuentes.com\/portada\/2022\/11\/15\/marihuana-y-alcohol-sustancias-sicoactivas-mas-consumidas-en-casanare\/embed\/#?secret=x9ugmHieDr#?secret=8VaYSgj62i\" width=\"600\" height=\"621\" frameborder=\"0\" marginwidth=\"0\" marginheight=\"0\" scrolling=\"no\" sandbox=\"allow-scripts\" data-secret=\"8VaYSgj62i\" data-mce-fragment=\"1\"><\/iframe><\/p>\n<p><iframe loading=\"lazy\" class=\"wp-embedded-content\" title=\"\u00abPor fin Inv\u00edas le pone atenci\u00f3n a denuncias sobre desplazamiento de las juntas en viaducto Los Grillos en v\u00eda del Cusiana\u00bb \u2014 \u25b7 Noticias de Casanare : Martha Cifuentes | Casanare\" src=\"https:\/\/marthacifuentes.com\/portada\/2022\/11\/15\/por-fin-invias-le-pone-atencion-a-denuncias-sobre-desplazamiento-de-las-juntas-en-viaducto-los-grillos-en-via-del-cusiana\/embed\/#?secret=GLKhdpMbii#?secret=Rc7OLvLg6i\" width=\"600\" height=\"628\" frameborder=\"0\" marginwidth=\"0\" marginheight=\"0\" scrolling=\"no\" sandbox=\"allow-scripts\" data-secret=\"Rc7OLvLg6i\" data-mce-fragment=\"1\"><\/iframe><\/p>\n<p><iframe loading=\"lazy\" class=\"wp-embedded-content\" title=\"\u00abRestablecido paso vehicular con puente met\u00e1lico provisional en r\u00edo Ariporo, Casanare. Pendiente, soluci\u00f3n definitiva.\u00bb \u2014 \u25b7 Noticias de Casanare : Martha Cifuentes | Casanare\" src=\"https:\/\/marthacifuentes.com\/portada\/2022\/11\/15\/restablecido-paso-vehicular-con-puente-metalico-provisional-en-rio-ariporo-casanare-pendiente-solucion-definitiva\/embed\/#?secret=Qjz0QN0gfd#?secret=9otpJoSzEs\" width=\"600\" height=\"592\" frameborder=\"0\" marginwidth=\"0\" marginheight=\"0\" scrolling=\"no\" sandbox=\"allow-scripts\" data-secret=\"9otpJoSzEs\" data-mce-fragment=\"1\"><\/iframe><\/p>\n<p><iframe loading=\"lazy\" class=\"wp-embedded-content\" title=\"\u00abTamare\u00f1os celebran triste cumplea\u00f1os 3 de obra inconclusa del sistema de acueducto del Tabl\u00f3n\u00bb \u2014 \u25b7 Noticias de Casanare : Martha Cifuentes | Casanare\" src=\"https:\/\/marthacifuentes.com\/portada\/2022\/11\/11\/tamarenos-celebran-triste-cumpleanos-3-de-obra-inconclusa-del-sistema-de-acueducto-del-tablon\/embed\/#?secret=rJhyXcTiFW#?secret=frWJdPhSCu\" width=\"600\" height=\"535\" frameborder=\"0\" marginwidth=\"0\" marginheight=\"0\" scrolling=\"no\" sandbox=\"allow-scripts\" data-secret=\"frWJdPhSCu\" data-mce-fragment=\"1\"><\/iframe><\/p>\n<p><iframe loading=\"lazy\" class=\"wp-embedded-content\" title=\"\u00abProcuradur\u00eda solicita a Juez decretar medidas cautelares sobre negocio del terminal de transportes de Yopal\u00bb \u2014 \u25b7 Noticias de Casanare : Martha Cifuentes | Casanare\" src=\"https:\/\/marthacifuentes.com\/portada\/2022\/11\/11\/procuraduria-solicita-a-juez-decretar-medidas-cautelares-sobre-negocio-del-terminal-de-transportes-de-yopal\/embed\/#?secret=PCoyyIZUp3#?secret=QLjfpW39Ed\" width=\"600\" height=\"650\" frameborder=\"0\" marginwidth=\"0\" marginheight=\"0\" scrolling=\"no\" sandbox=\"allow-scripts\" data-secret=\"QLjfpW39Ed\" data-mce-fragment=\"1\"><\/iframe><\/p>\n<p><iframe loading=\"lazy\" class=\"wp-embedded-content\" title=\"\u00abEaaay celebra inadmisi\u00f3n de acci\u00f3n popular referente a contrato de manejo de basuras. Demandante, exalcalde de Yopal, confirma que ya se subsan\u00f3 la falla.\u00bb \u2014 \u25b7 Noticias de Casanare : Martha Cifuentes | Casanare\" src=\"https:\/\/marthacifuentes.com\/portada\/2022\/11\/10\/eaaay-celebra-inadmision-de-accion-popular-referente-a-contrato-de-manejo-de-basuras-demandante-exalcalde-de-yopal-confirma-que-ya-se-subsano-la-falla\/embed\/#?secret=Dk945qddpI#?secret=n59lp9EFQi\" width=\"600\" height=\"677\" frameborder=\"0\" marginwidth=\"0\" marginheight=\"0\" scrolling=\"no\" sandbox=\"allow-scripts\" data-secret=\"n59lp9EFQi\" data-mce-fragment=\"1\"><\/iframe><\/p>\n<p><iframe loading=\"lazy\" class=\"wp-embedded-content\" title=\"\u00abEn menos de 10 d\u00edas entrar\u00e1 en funcionamiento puente Eduardo Rom\u00e1n Bazurto en r\u00edo Ariporo en Casanare\u00bb \u2014 \u25b7 Noticias de Casanare : Martha Cifuentes | Casanare\" src=\"https:\/\/marthacifuentes.com\/portada\/2022\/11\/09\/en-menos-de-10-dias-entrara-en-funcionamiento-puente-eduardo-roman-bazurto-en-rio-ariporo-en-casanare\/embed\/#?secret=YqE36j3UsC#?secret=W34SFzHX3n\" width=\"600\" height=\"629\" frameborder=\"0\" marginwidth=\"0\" marginheight=\"0\" scrolling=\"no\" sandbox=\"allow-scripts\" data-secret=\"W34SFzHX3n\" data-mce-fragment=\"1\"><\/iframe><\/p>\n<p><iframe loading=\"lazy\" class=\"wp-embedded-content\" title=\"\u00abEaaay apel\u00f3 medida cautelar que suspendi\u00f3 cuestionado multimillonario contrato de la PTAR\u00bb \u2014 \u25b7 Noticias de Casanare : Martha Cifuentes | Casanare\" src=\"https:\/\/marthacifuentes.com\/portada\/2022\/11\/08\/eaaay-apelo-medida-cautelar-que-suspendio-cuestionado-multimillonario-contrato-de-la-ptar\/embed\/#?secret=628MW2ERsR#?secret=4U8BFkHRVZ\" width=\"600\" height=\"586\" frameborder=\"0\" marginwidth=\"0\" marginheight=\"0\" scrolling=\"no\" sandbox=\"allow-scripts\" data-secret=\"4U8BFkHRVZ\" data-mce-fragment=\"1\"><\/iframe><\/p>\n<p><iframe loading=\"lazy\" class=\"wp-embedded-content\" title=\"\u00abBajas presiones de agua en Yopal por inconclusa PTAP\u00bb \u2014 \u25b7 Noticias de Casanare : Martha Cifuentes | Casanare\" src=\"https:\/\/marthacifuentes.com\/portada\/2022\/11\/08\/bajas-presiones-de-agua-en-yopal-por-inconclusa-ptap\/embed\/#?secret=j1JkUieFHF#?secret=wi6JMcA0hO\" width=\"600\" height=\"593\" frameborder=\"0\" marginwidth=\"0\" marginheight=\"0\" scrolling=\"no\" sandbox=\"allow-scripts\" data-secret=\"wi6JMcA0hO\" data-mce-fragment=\"1\"><\/iframe><\/p>\n<p><iframe loading=\"lazy\" class=\"wp-embedded-content\" title=\"\u00abDilataci\u00f3n en junta del viaducto de Los Grillos en v\u00eda del Cusiana no implica amenaza de colapso: Inv\u00edas\u00bb \u2014 \u25b7 Noticias de Casanare : Martha Cifuentes | Casanare\" src=\"https:\/\/marthacifuentes.com\/portada\/2022\/11\/08\/dilatacion-en-junta-del-viaducto-de-los-grillos-en-via-del-cusiana-no-implica-amenaza-de-colapso-invias\/embed\/#?secret=JDhXYRF6ge#?secret=0oibqHUaNE\" width=\"600\" height=\"600\" frameborder=\"0\" marginwidth=\"0\" marginheight=\"0\" scrolling=\"no\" sandbox=\"allow-scripts\" data-secret=\"0oibqHUaNE\" data-mce-fragment=\"1\"><\/iframe><\/p>\n<p><iframe loading=\"lazy\" class=\"wp-embedded-content\" title=\"\u00abPolic\u00eda ebrio que caus\u00f3 destrozos en varios carros en Yopal fue apartado de su cargo.\u00bb \u2014 \u25b7 Noticias de Casanare : Martha Cifuentes | Casanare\" src=\"https:\/\/marthacifuentes.com\/portada\/2022\/11\/08\/policia-ebrio-que-causo-destrozos-en-varios-carros-en-yopal-fue-apartado-de-su-cargo\/embed\/#?secret=rdRMZmnj2X#?secret=VTe4i7sj25\" width=\"600\" height=\"621\" frameborder=\"0\" marginwidth=\"0\" marginheight=\"0\" scrolling=\"no\" sandbox=\"allow-scripts\" data-secret=\"VTe4i7sj25\" data-mce-fragment=\"1\"><\/iframe><\/p>\n<p><iframe loading=\"lazy\" class=\"wp-embedded-content\" title=\"\u00abNi\u00f1o se ahog\u00f3 en r\u00edo Tocar\u00eda, Casanare.\u00bb \u2014 \u25b7 Noticias de Casanare : Martha Cifuentes | Casanare\" src=\"https:\/\/marthacifuentes.com\/portada\/2022\/11\/08\/nino-se-ahogo-en-rio-tocaria-casanare\/embed\/#?secret=p94u0KILSM#?secret=NVUty8LFzf\" width=\"600\" height=\"593\" frameborder=\"0\" marginwidth=\"0\" marginheight=\"0\" scrolling=\"no\" sandbox=\"allow-scripts\" data-secret=\"NVUty8LFzf\" data-mce-fragment=\"1\"><\/iframe><\/p>\n<p><iframe loading=\"lazy\" class=\"wp-embedded-content\" title=\"\u00abExmilitar de 42 a\u00f1os se habr\u00eda suicidado en Yopal.\u00bb \u2014 \u25b7 Noticias de Casanare : Martha Cifuentes | Casanare\" src=\"https:\/\/marthacifuentes.com\/portada\/2022\/11\/08\/exmilitar-de-42-anos-se-habria-suicidado-en-yopal\/embed\/#?secret=0PwtmAGymV#?secret=pMq4xFswvs\" width=\"600\" height=\"572\" frameborder=\"0\" marginwidth=\"0\" marginheight=\"0\" scrolling=\"no\" sandbox=\"allow-scripts\" data-secret=\"pMq4xFswvs\" data-mce-fragment=\"1\"><\/iframe><\/p>\n<p><iframe loading=\"lazy\" class=\"wp-embedded-content\" title=\"\u00abEmergencia en La Salina, Casanare, por afectaci\u00f3n del acueducto. 250 familias afectadas\u00bb \u2014 \u25b7 Noticias de Casanare : Martha Cifuentes | Casanare\" src=\"https:\/\/marthacifuentes.com\/portada\/2022\/11\/04\/emergencia-en-la-salina-casanare-por-afectacion-del-acueducto-250-familias-afectadas\/embed\/#?secret=5PCcyWbv7T#?secret=z5VAPSKojF\" width=\"600\" height=\"600\" frameborder=\"0\" marginwidth=\"0\" marginheight=\"0\" scrolling=\"no\" sandbox=\"allow-scripts\" data-secret=\"z5VAPSKojF\" data-mce-fragment=\"1\"><\/iframe><\/p>\n<p><iframe loading=\"lazy\" class=\"wp-embedded-content\" title=\"\u00abFestival de Teatro y Circo Guadalupe, este jueves 3 y viernes 4 de noviembre. Esta es la agenda.\u00bb \u2014 \u25b7 Noticias de Casanare : Martha Cifuentes | Casanare\" src=\"https:\/\/marthacifuentes.com\/portada\/2022\/11\/03\/festival-de-teatro-y-circo-guadalupe-este-jueves-3-y-viernes-4-de-noviembre-esta-es-la-agenda\/embed\/#?secret=oMN1sPxiWc#?secret=ONws1kCbax\" width=\"600\" height=\"586\" frameborder=\"0\" marginwidth=\"0\" marginheight=\"0\" scrolling=\"no\" sandbox=\"allow-scripts\" data-secret=\"ONws1kCbax\" data-mce-fragment=\"1\"><\/iframe><\/p>\n<p><iframe loading=\"lazy\" class=\"wp-embedded-content\" title=\"\u00abCon acci\u00f3n popular exalcalde de Yopal busca tumbar contrato de las basuras firmado por Eaaay\u00bb \u2014 \u25b7 Noticias de Casanare : Martha Cifuentes | Casanare\" src=\"https:\/\/marthacifuentes.com\/portada\/2022\/11\/02\/con-accion-popular-exalcalde-de-yopal-busca-tumbar-contrato-de-las-basuras-firmado-por-eaaay\/embed\/#?secret=rSiU0Ll7Ae#?secret=SyPFdPXhFo\" width=\"600\" height=\"605\" frameborder=\"0\" marginwidth=\"0\" marginheight=\"0\" scrolling=\"no\" sandbox=\"allow-scripts\" data-secret=\"SyPFdPXhFo\" data-mce-fragment=\"1\"><\/iframe><\/p>\n<p><iframe loading=\"lazy\" class=\"wp-embedded-content\" title=\"\u00ab\u00bfAlcalde de Yopal quiere \u00abferiar\u00bb servicios p\u00fablicos de la Eaaay? Eso insin\u00faa Superintendente de S.P.\u00bb \u2014 \u25b7 Noticias de Casanare : Martha Cifuentes | Casanare\" src=\"https:\/\/marthacifuentes.com\/portada\/2022\/11\/02\/alcalde-de-yopal-quiere-feriar-servicios-publicos-de-la-eaaay-eso-insinua-superintendente-de-s-p\/embed\/#?secret=tEb2YlmLoW#?secret=jsVjBAoQSx\" width=\"600\" height=\"600\" frameborder=\"0\" marginwidth=\"0\" marginheight=\"0\" scrolling=\"no\" sandbox=\"allow-scripts\" data-secret=\"jsVjBAoQSx\" data-mce-fragment=\"1\"><\/iframe><\/p>\n<p><iframe loading=\"lazy\" class=\"wp-embedded-content\" title=\"\u00abPetroleros rechazan sobretasa entre 5 y 15% a este sector, en reforma tributaria. ACP dice que afectar\u00e1 al pa\u00eds.\u00bb \u2014 \u25b7 Noticias de Casanare : Martha Cifuentes | Casanare\" src=\"https:\/\/marthacifuentes.com\/portada\/2022\/11\/01\/petroleros-rechazan-sobretasa-entre-5-y-15-a-este-sector-en-reforma-tributaria-acp-dice-que-afectara-al-pais\/embed\/#?secret=LpsigZSkJe#?secret=CiCs51mLG4\" width=\"600\" height=\"649\" frameborder=\"0\" marginwidth=\"0\" marginheight=\"0\" scrolling=\"no\" sandbox=\"allow-scripts\" data-secret=\"CiCs51mLG4\" data-mce-fragment=\"1\"><\/iframe><\/p>\n<p><iframe loading=\"lazy\" class=\"wp-embedded-content\" title=\"\u00abCoronel Efra\u00edn Garc\u00eda Hern\u00e1ndez ser\u00e1 el nuevo comandante de polic\u00eda en Casanare. Se va el cr. Jos\u00e9 Miranda.\u00bb \u2014 \u25b7 Noticias de Casanare : Martha Cifuentes | Casanare\" src=\"https:\/\/marthacifuentes.com\/portada\/2022\/11\/01\/coronel-efrain-garcia-hernandez-sera-el-nuevo-comandante-de-policia-en-casanare-se-va-el-cr-jose-miranda\/embed\/#?secret=c2UXNzbi05#?secret=m8tK9bLrJE\" width=\"600\" height=\"650\" frameborder=\"0\" marginwidth=\"0\" marginheight=\"0\" scrolling=\"no\" sandbox=\"allow-scripts\" data-secret=\"m8tK9bLrJE\" data-mce-fragment=\"1\"><\/iframe><\/p>\n<p><iframe loading=\"lazy\" class=\"wp-embedded-content\" title=\"\u00abApareci\u00f3 vivo el l\u00edder y veedor social de Orocu\u00e9, Fernando Gu\u00edo.\u00bb \u2014 \u25b7 Noticias de Casanare : Martha Cifuentes | Casanare\" src=\"https:\/\/marthacifuentes.com\/portada\/2022\/11\/01\/aparecio-vivo-el-lider-y-veedor-social-de-orocue-fernando-guio\/embed\/#?secret=HLNBFpiU6D#?secret=oRcoAiRsFw\" width=\"600\" height=\"621\" frameborder=\"0\" marginwidth=\"0\" marginheight=\"0\" scrolling=\"no\" sandbox=\"allow-scripts\" data-secret=\"oRcoAiRsFw\" data-mce-fragment=\"1\"><\/iframe><\/p>\n<p><iframe loading=\"lazy\" class=\"wp-embedded-content\" title=\"\u00abPrestamista \u00abgota a gota\u00bb asesinado en Villanueva, Casanare. Con esta, son 7 las muertes violentas en este municipio.\u00bb \u2014 \u25b7 Noticias de Casanare : Martha Cifuentes | Casanare\" src=\"https:\/\/marthacifuentes.com\/portada\/2022\/10\/31\/prestamista-gota-a-gota-asesinado-en-villanueva-casanare-con-esta-son-7-las-muertes-violentas-en-este-municipio\/embed\/#?secret=RHhwX9TAZN#?secret=adeBFdwBOP\" width=\"600\" height=\"629\" frameborder=\"0\" marginwidth=\"0\" marginheight=\"0\" scrolling=\"no\" sandbox=\"allow-scripts\" data-secret=\"adeBFdwBOP\" data-mce-fragment=\"1\"><\/iframe><\/p>\n<p><iframe loading=\"lazy\" class=\"wp-embedded-content\" title=\"\u00abJuzgado que suspendi\u00f3 contrato de la PTAR de la Eaaay, trunc\u00f3 \u00aboportunidad de negocio\u00bb del alcalde de Yopal y del gerente\u00bb \u2014 \u25b7 Noticias de Casanare : Martha Cifuentes | Casanare\" src=\"https:\/\/marthacifuentes.com\/portada\/2022\/10\/28\/juzgado-que-suspendio-contrato-de-la-ptar-de-la-eaaay-trunco-oportunidad-de-negocio-del-alcalde-de-yopal-y-del-gerente\/embed\/#?secret=yauQfQRe1Z#?secret=JAunMzTCTc\" width=\"600\" height=\"650\" frameborder=\"0\" marginwidth=\"0\" marginheight=\"0\" scrolling=\"no\" sandbox=\"allow-scripts\" data-secret=\"JAunMzTCTc\" data-mce-fragment=\"1\"><\/iframe><\/p>\n<p><iframe loading=\"lazy\" class=\"wp-embedded-content\" title=\"\u00abAlcaldesa de Aguazul se salv\u00f3 de canazo por incumplir fallo de tutela, as\u00ed lo determin\u00f3 Tribunal de Yopal\u00bb \u2014 \u25b7 Noticias de Casanare : Martha Cifuentes | Casanare\" src=\"https:\/\/marthacifuentes.com\/portada\/2022\/10\/27\/alcaldesa-de-aguazul-se-salvo-de-canazo-por-incumplir-fallo-de-tutela-asi-lo-determino-tribunal-de-yopal\/embed\/#?secret=CzYTHiCjZY#?secret=BYt7xtot3S\" width=\"600\" height=\"600\" frameborder=\"0\" marginwidth=\"0\" marginheight=\"0\" scrolling=\"no\" sandbox=\"allow-scripts\" data-secret=\"BYt7xtot3S\" data-mce-fragment=\"1\"><\/iframe><\/p>\n<p><iframe loading=\"lazy\" class=\"wp-embedded-content\" title=\"\u00abPor orden judicial de Tribunal de Casanare, Inv\u00edas debe contratar estudios que mitiguen problem\u00e1tica en r\u00edo Ariporo\u00bb \u2014 \u25b7 Noticias de Casanare : Martha Cifuentes | Casanare\" src=\"https:\/\/marthacifuentes.com\/portada\/2022\/10\/27\/por-orden-judicial-de-tribunal-de-casanare-invias-debe-contratar-estudios-que-mitiguen-problematica-en-rio-ariporo\/embed\/#?secret=lYpHfhIPK5#?secret=nluPY1bbsu\" width=\"600\" height=\"379\" frameborder=\"0\" marginwidth=\"0\" marginheight=\"0\" scrolling=\"no\" sandbox=\"allow-scripts\" data-secret=\"nluPY1bbsu\" data-mce-fragment=\"1\"><\/iframe><\/p>\n<p><iframe loading=\"lazy\" class=\"wp-embedded-content\" title=\"\u00abQu\u00e9 pasar\u00e1 que licitaciones de ACUATODOS no parecen ser para TODOS sino para \u00daNICOS oferentes\u00bb \u2014 \u25b7 Noticias de Casanare : Martha Cifuentes | Casanare\" src=\"https:\/\/marthacifuentes.com\/portada\/2022\/10\/26\/que-pasara-que-licitaciones-de-acuatodos-no-parecen-ser-para-todos-sino-para-unicos-oferentes\/embed\/#?secret=eMIBaemvMh#?secret=FOpgBmrwuE\" width=\"600\" height=\"599\" frameborder=\"0\" marginwidth=\"0\" marginheight=\"0\" scrolling=\"no\" sandbox=\"allow-scripts\" data-secret=\"FOpgBmrwuE\" data-mce-fragment=\"1\"><\/iframe><\/p>\n<p><iframe loading=\"lazy\" class=\"wp-embedded-content\" title=\"\u00abFestival cultural y creativo Joropo Fest 2022 en Yopal lleg\u00f3 a m\u00e1s de 12 mil personas\u00bb \u2014 \u25b7 Noticias de Casanare : Martha Cifuentes | Casanare\" src=\"https:\/\/marthacifuentes.com\/portada\/2022\/10\/25\/festival-cultural-y-creativo-joropo-fest-2022-en-yopal-llego-a-mas-de-12-mil-personas\/embed\/#?secret=pO8n2qnanH#?secret=yRDINSRGVz\" width=\"600\" height=\"621\" frameborder=\"0\" marginwidth=\"0\" marginheight=\"0\" scrolling=\"no\" sandbox=\"allow-scripts\" data-secret=\"yRDINSRGVz\" data-mce-fragment=\"1\"><\/iframe><\/p>\n<p><iframe loading=\"lazy\" class=\"wp-embedded-content\" title=\"\u00abDos ni\u00f1os v\u00edctimas de violencia sexual y matoneo, respectivamente, en instituciones educativas en Hato Corozal, Casanare.\u00bb \u2014 \u25b7 Noticias de Casanare : Martha Cifuentes | Casanare\" src=\"https:\/\/marthacifuentes.com\/portada\/2022\/10\/25\/dos-ninos-victimas-de-violencia-sexual-y-matoneo-respectivamente-en-instituciones-educativas-en-hato-corozal-casanare\/embed\/#?secret=e8IWQDCUji#?secret=nkrn8JH99i\" width=\"600\" height=\"650\" frameborder=\"0\" marginwidth=\"0\" marginheight=\"0\" scrolling=\"no\" sandbox=\"allow-scripts\" data-secret=\"nkrn8JH99i\" data-mce-fragment=\"1\"><\/iframe><\/p>\n<p><iframe loading=\"lazy\" class=\"wp-embedded-content\" title=\"\u00abEste a\u00f1o en Yopal s\u00ed hay festival de teatro y circo\u00bb \u2014 \u25b7 Noticias de Casanare : Martha Cifuentes | Casanare\" src=\"https:\/\/marthacifuentes.com\/portada\/2022\/10\/25\/este-ano-en-yopal-si-hay-festival-de-teatro-y-circo\/embed\/#?secret=N7RoyKrFty#?secret=u65dhCOs3b\" width=\"600\" height=\"572\" frameborder=\"0\" marginwidth=\"0\" marginheight=\"0\" scrolling=\"no\" sandbox=\"allow-scripts\" data-secret=\"u65dhCOs3b\" data-mce-fragment=\"1\"><\/iframe><\/p>\n<p><iframe loading=\"lazy\" class=\"wp-embedded-content\" title=\"\u00abCon acci\u00f3n popular, exalcalde Leonardo Puentes, pretende tumbar millonario contrato de la Eaaay en Yopal\u00bb \u2014 \u25b7 Noticias de Casanare : Martha Cifuentes | Casanare\" src=\"https:\/\/marthacifuentes.com\/portada\/2022\/10\/21\/con-accion-popular-exalcalde-leonardo-puentes-pretende-tumbar-millonario-contrato-de-la-eaaay-en-yopal\/embed\/#?secret=j4Jahudyu2#?secret=J9ATFRH3x4\" width=\"600\" height=\"650\" frameborder=\"0\" marginwidth=\"0\" marginheight=\"0\" scrolling=\"no\" sandbox=\"allow-scripts\" data-secret=\"J9ATFRH3x4\" data-mce-fragment=\"1\"><\/iframe><\/p>\n<p><iframe loading=\"lazy\" class=\"wp-embedded-content\" title=\"\u00abCapturado presunto asesino de jovencita hallada en un hotel de Yopal en septiembre.\u00bb \u2014 \u25b7 Noticias de Casanare : Martha Cifuentes | Casanare\" src=\"https:\/\/marthacifuentes.com\/portada\/2022\/10\/20\/capturado-presunto-asesino-de-jovencita-hallada-en-un-hotel-de-yopal-en-septiembre\/embed\/#?secret=p47RLoB7jy#?secret=zebuqca717\" width=\"600\" height=\"600\" frameborder=\"0\" marginwidth=\"0\" marginheight=\"0\" scrolling=\"no\" sandbox=\"allow-scripts\" data-secret=\"zebuqca717\" data-mce-fragment=\"1\"><\/iframe><\/p>\n<p><iframe loading=\"lazy\" class=\"wp-embedded-content\" title=\"\u00abWilliam Torres Escalante acept\u00f3 responsabilidad en falsos positivos en Casanare\u00bb \u2014 \u25b7 Noticias de Casanare : Martha Cifuentes | Casanare\" src=\"https:\/\/marthacifuentes.com\/portada\/2022\/10\/20\/william-torres-escalante-acepto-responsabilidad-en-falsos-positivos-en-casanare\/embed\/#?secret=b5R6ICSgBo#?secret=Za5NPKNNmk\" width=\"600\" height=\"621\" frameborder=\"0\" marginwidth=\"0\" marginheight=\"0\" scrolling=\"no\" sandbox=\"allow-scripts\" data-secret=\"Za5NPKNNmk\" data-mce-fragment=\"1\"><\/iframe><\/p>\n<p><iframe loading=\"lazy\" class=\"wp-embedded-content\" title=\"\u00abGobierno nacional proyecta aumento del 15% en presupuesto nacional de inversi\u00f3n para Casanare\u00bb \u2014 \u25b7 Noticias de Casanare : Martha Cifuentes | Casanare\" src=\"https:\/\/marthacifuentes.com\/portada\/2022\/10\/20\/gobierno-nacional-proyecta-aumento-del-15-en-presupuesto-nacional-de-inversion-para-casanare\/embed\/#?secret=wYv2zfPndn#?secret=nT2mEarmcZ\" width=\"600\" height=\"621\" frameborder=\"0\" marginwidth=\"0\" marginheight=\"0\" scrolling=\"no\" sandbox=\"allow-scripts\" data-secret=\"nT2mEarmcZ\" data-mce-fragment=\"1\"><\/iframe><\/p>\n<p><iframe loading=\"lazy\" class=\"wp-embedded-content\" title=\"\u00abSOS del Festival de Teatro y Circo Guadalupe en Yopal. Requiere mecenas y donantes.\u00bb \u2014 \u25b7 Noticias de Casanare : Martha Cifuentes | Casanare\" src=\"https:\/\/marthacifuentes.com\/portada\/2022\/10\/20\/sos-del-festival-de-teatro-y-circo-guadalupe-en-yopal-requiere-mecenas-y-donantes\/embed\/#?secret=ppbfxEVsSE#?secret=GQhfTgXUGk\" width=\"600\" height=\"621\" frameborder=\"0\" marginwidth=\"0\" marginheight=\"0\" scrolling=\"no\" sandbox=\"allow-scripts\" data-secret=\"GQhfTgXUGk\" data-mce-fragment=\"1\"><\/iframe><\/p>\n<p><iframe loading=\"lazy\" class=\"wp-embedded-content\" title=\"\u00abAdulto mayor fue v\u00edctima del robo de su bicicleta y documentos m\u00e9dicos en Yopal\u00bb \u2014 \u25b7 Noticias de Casanare : Martha Cifuentes | Casanare\" src=\"https:\/\/marthacifuentes.com\/portada\/2022\/10\/20\/adulto-mayor-fue-victima-del-robo-de-su-bicicleta-y-documentos-medicos-en-yopal\/embed\/#?secret=lWi2OVEKZg#?secret=h12YrpEIOR\" width=\"600\" height=\"568\" frameborder=\"0\" marginwidth=\"0\" marginheight=\"0\" scrolling=\"no\" sandbox=\"allow-scripts\" data-secret=\"h12YrpEIOR\" data-mce-fragment=\"1\"><\/iframe><\/p>\n<p><iframe loading=\"lazy\" class=\"wp-embedded-content\" title=\"\u00abExtorsi\u00f3n en aumento en Casanare y Meta. Bandas delincuenciales de microtr\u00e1fico se tomaron a Yopal.\u00bb \u2014 \u25b7 Noticias de Casanare : Martha Cifuentes | Casanare\" src=\"https:\/\/marthacifuentes.com\/portada\/2022\/10\/20\/extorsion-en-aumento-en-casanare-y-meta-bandas-delincuenciales-de-microtrafico-se-tomaron-a-yopal\/embed\/#?secret=28PshfHRQ3#?secret=NH2V7Nv1dq\" width=\"600\" height=\"621\" frameborder=\"0\" marginwidth=\"0\" marginheight=\"0\" scrolling=\"no\" sandbox=\"allow-scripts\" data-secret=\"NH2V7Nv1dq\" data-mce-fragment=\"1\"><\/iframe><\/p>\n<p><iframe loading=\"lazy\" class=\"wp-embedded-content\" title=\"\u00abAlerta en Casanare por muerte de 7 ni\u00f1os durante 2022 por enfermedades respiratorias\u00bb \u2014 \u25b7 Noticias de Casanare : Martha Cifuentes | Casanare\" src=\"https:\/\/marthacifuentes.com\/portada\/2022\/10\/20\/alerta-en-casanare-por-muerte-de-7-ninos-durante-2022-por-enfermedades-respiratorias\/embed\/#?secret=01xZlkwj35#?secret=aBe2JwKTOI\" width=\"600\" height=\"600\" frameborder=\"0\" marginwidth=\"0\" marginheight=\"0\" scrolling=\"no\" sandbox=\"allow-scripts\" data-secret=\"aBe2JwKTOI\" data-mce-fragment=\"1\"><\/iframe><\/p>\n<p><iframe loading=\"lazy\" class=\"wp-embedded-content\" title=\"\u00abEmpresarios de Yopal ahora son el blanco de los delincuentes\u00bb \u2014 \u25b7 Noticias de Casanare : Martha Cifuentes | Casanare\" src=\"https:\/\/marthacifuentes.com\/portada\/2022\/10\/19\/empresarios-de-yopal-ahora-son-el-blanco-de-los-delincuentes\/embed\/#?secret=89yS6C3lre#?secret=ZJn5aXJ8bb\" width=\"600\" height=\"614\" frameborder=\"0\" marginwidth=\"0\" marginheight=\"0\" scrolling=\"no\" sandbox=\"allow-scripts\" data-secret=\"ZJn5aXJ8bb\" data-mce-fragment=\"1\"><\/iframe><\/p>\n<p><iframe loading=\"lazy\" class=\"wp-embedded-content\" title=\"\u00abC\u00e1ncer de mama aument\u00f3 en Casanare en \u00faltimo a\u00f1o. De 36 mujeres afectadas 3 fallecieron por esta causa.\u00bb \u2014 \u25b7 Noticias de Casanare : Martha Cifuentes | Casanare\" src=\"https:\/\/marthacifuentes.com\/portada\/2022\/10\/19\/cancer-de-mama-aumento-en-casanare-en-ultimo-ano-de-36-mujeres-afectadas-3-fallecieron-por-esta-causa\/embed\/#?secret=nTuc4RaSBo#?secret=OPHPxL6Jn9\" width=\"600\" height=\"600\" frameborder=\"0\" marginwidth=\"0\" marginheight=\"0\" scrolling=\"no\" sandbox=\"allow-scripts\" data-secret=\"OPHPxL6Jn9\" data-mce-fragment=\"1\"><\/iframe><\/p>\n<p><iframe loading=\"lazy\" class=\"wp-embedded-content\" title=\"\u00abAtenci\u00f3n: 24 cursos gratuitos\u00a0en www.apps.co.\u00a0Marketing, dise\u00f1o y habilidades de emprendimiento, entre otros.\u00bb \u2014 \u25b7 Noticias de Casanare : Martha Cifuentes | Casanare\" src=\"https:\/\/marthacifuentes.com\/portada\/2022\/10\/19\/atencion-24-cursos-gratuitos-en-www-apps-co-marketing-diseno-y-habilidades-de-emprendimiento-entre-otros\/embed\/#?secret=0mzL09Dg7H#?secret=BYFEmvqQZn\" width=\"600\" height=\"671\" frameborder=\"0\" marginwidth=\"0\" marginheight=\"0\" scrolling=\"no\" sandbox=\"allow-scripts\" data-secret=\"BYFEmvqQZn\" data-mce-fragment=\"1\"><\/iframe><\/p>\n<p><iframe loading=\"lazy\" class=\"wp-embedded-content\" title=\"\u00abVuelve Festival Internacional de Cultura y Creatividad, Joropo Fest a Yopal, entre el 20 y 22 de octubre\u00bb \u2014 \u25b7 Noticias de Casanare : Martha Cifuentes | Casanare\" src=\"https:\/\/marthacifuentes.com\/portada\/2022\/10\/18\/vuelve-festival-internacional-de-cultura-y-creatividad-joropo-fest-a-yopal-entre-el-20-y-22-de-octubre\/embed\/#?secret=DZljAq0icq#?secret=ALVwBtV1YN\" width=\"600\" height=\"600\" frameborder=\"0\" marginwidth=\"0\" marginheight=\"0\" scrolling=\"no\" sandbox=\"allow-scripts\" data-secret=\"ALVwBtV1YN\" data-mce-fragment=\"1\"><\/iframe><\/p>\n<p><iframe loading=\"lazy\" class=\"wp-embedded-content\" title=\"\u00abYopale\u00f1os pagar\u00e1n de sus bolsillos, los pr\u00f3ximos 25 o 30 a\u00f1os, por los multimillonarios contratos de la Eaaay, as\u00ed lo dijo su gerente en La Bendici\u00f3n\u00bb \u2014 \u25b7 Noticias de Casanare : Martha Cifuentes | Casanare\" src=\"https:\/\/marthacifuentes.com\/portada\/2022\/10\/14\/yopalenos-pagaran-de-sus-bolsillos-los-proximos-25-o-30-anos-por-los-multimillonarios-contratos-de-la-eaaay-asi-lo-dijo-su-gerente-en-la-bendicion\/embed\/#?secret=m5UV0QxThj#?secret=91CtDWBmLJ\" width=\"600\" height=\"629\" frameborder=\"0\" marginwidth=\"0\" marginheight=\"0\" scrolling=\"no\" sandbox=\"allow-scripts\" data-secret=\"91CtDWBmLJ\" data-mce-fragment=\"1\"><\/iframe><\/p>\n<p><iframe loading=\"lazy\" class=\"wp-embedded-content\" title=\"\u00abPor colapso de puente del r\u00edo Ariporo se declarar\u00e1 calamidad p\u00fablica en Casanare\u00bb \u2014 \u25b7 Noticias de Casanare : Martha Cifuentes | Casanare\" src=\"https:\/\/marthacifuentes.com\/portada\/2022\/10\/13\/por-colapso-de-puente-del-rio-ariporo-se-declarara-calamidad-publica-en-casanare\/embed\/#?secret=VoPF0CnGwY#?secret=KnMEk4N2W1\" width=\"600\" height=\"596\" frameborder=\"0\" marginwidth=\"0\" marginheight=\"0\" scrolling=\"no\" sandbox=\"allow-scripts\" data-secret=\"KnMEk4N2W1\" data-mce-fragment=\"1\"><\/iframe><\/p>\n<p><iframe loading=\"lazy\" class=\"wp-embedded-content\" title=\"\u00abYopal baj\u00f3 2 puestos en \u00cdndice de Competitividad de Ciudades de Colombia. Ocupa posici\u00f3n 18 entre 32 municipios.\u00bb \u2014 \u25b7 Noticias de Casanare : Martha Cifuentes | Casanare\" src=\"https:\/\/marthacifuentes.com\/portada\/2022\/10\/13\/yopal-bajo-2-puestos-en-indice-de-competitividad-de-ciudades-de-colombia-ocupa-posicion-18-entre-32-municipios\/embed\/#?secret=ZlkqVMe1Xq#?secret=8GcEzbrAGN\" width=\"600\" height=\"650\" frameborder=\"0\" marginwidth=\"0\" marginheight=\"0\" scrolling=\"no\" sandbox=\"allow-scripts\" data-secret=\"8GcEzbrAGN\" data-mce-fragment=\"1\"><\/iframe><\/p>\n<p><iframe loading=\"lazy\" class=\"wp-embedded-content\" title=\"\u00abSindicatos de empresas de servicios p\u00fablicos del pa\u00eds rechazan privatizaci\u00f3n de la Eaaay de Yopal. Cuestionan contrataci\u00f3n millonaria de la PTAR y la planta de tratamiento de basuras\u00bb \u2014 \u25b7 Noticias de Casanare : Martha Cifuentes | Casanare\" src=\"https:\/\/marthacifuentes.com\/portada\/2022\/10\/13\/sindicatos-de-empresas-de-servicios-publicos-del-pais-rechazan-privatizacion-de-la-eaaay-de-yopal-cuestionan-contratacion-millonaria-de-la-ptar-y-la-planta-de-tratamiento-de-basuras\/embed\/#?secret=mdGtrX8XCF#?secret=FNHWFSl5p0\" width=\"600\" height=\"679\" frameborder=\"0\" marginwidth=\"0\" marginheight=\"0\" scrolling=\"no\" sandbox=\"allow-scripts\" data-secret=\"FNHWFSl5p0\" data-mce-fragment=\"1\"><\/iframe><\/p>\n<p><iframe loading=\"lazy\" class=\"wp-embedded-content\" title=\"\u00abSuperservicios requiere a la Eaaay informe de cuestionados contratos y solicita a la Contralor\u00eda vigilar los recursos p\u00fablicos apropiados para estos. \u00a0\u00bb \u2014 \u25b7 Noticias de Casanare : Martha Cifuentes | Casanare\" src=\"https:\/\/marthacifuentes.com\/portada\/2022\/10\/12\/superservicios-requiere-a-la-eaaay-informe-de-cuestionados-contratos-y-solicita-a-la-contraloria-vigilar-los-recursos-publicos-apropiados-para-estos\/embed\/#?secret=4jB7boIZVY#?secret=9LJfyXYF8E\" width=\"600\" height=\"588\" frameborder=\"0\" marginwidth=\"0\" marginheight=\"0\" scrolling=\"no\" sandbox=\"allow-scripts\" data-secret=\"9LJfyXYF8E\" data-mce-fragment=\"1\"><\/iframe><\/p>\n<p><iframe loading=\"lazy\" class=\"wp-embedded-content\" title=\"\u00abCapturado soldado profesional activo por violar a su propia hija de 9 a\u00f1os en hechos ocurridos en Yopal.\u00bb \u2014 \u25b7 Noticias de Casanare : Martha Cifuentes | Casanare\" src=\"https:\/\/marthacifuentes.com\/portada\/2022\/10\/12\/capturado-soldado-profesional-activo-por-violar-a-su-propia-hija-de-9-anos-en-hechos-ocurridos-en-yopal\/embed\/#?secret=F7CLWd3d36#?secret=ty9DVMSTN1\" width=\"600\" height=\"600\" frameborder=\"0\" marginwidth=\"0\" marginheight=\"0\" scrolling=\"no\" sandbox=\"allow-scripts\" data-secret=\"ty9DVMSTN1\" data-mce-fragment=\"1\"><\/iframe><\/p>\n","protected":false},"excerpt":{"rendered":"<p>A la c\u00e1rcel fueron enviados Yolman Alberto Noguera Mendivelso y \u00c1lvaro Mendivelso Valc\u00e1rcel, por su supuesta participaci\u00f3n en el asesinato de Yerson Octavio de Dios Sigua, en hechos ocurridos el pasado 1 de noviembre en una calle del barrio Panorama de Paz de Ariporo, cuando los capturados dispararon contra la v\u00edctima en medio de una &hellip;<\/p>\n","protected":false},"author":2,"featured_media":30414,"comment_status":"open","ping_status":"open","sticky":false,"template":"","format":"standard","meta":{"om_disable_all_campaigns":false,"_exactmetrics_skip_tracking":false,"_exactmetrics_sitenote_active":false,"_exactmetrics_sitenote_note":"","_exactmetrics_sitenote_category":0,"_monsterinsights_skip_tracking":false,"_monsterinsights_sitenote_active":false,"_monsterinsights_sitenote_note":"","_monsterinsights_sitenote_category":0,"_uf_show_specific_survey":0,"_uf_disable_surveys":false,"_joinchat":[],"footnotes":""},"categories":[147,146,145],"tags":[8577,1373,1400,1584],"class_list":["post-30413","post","type-post","status-publish","format-standard","has-post-thumbnail","hentry","category-actualidad","category-noticias","category-reportajes","tag-carcel-asesinos-en-rina-paz-de-ariporo-yerson-octavio-de-dios","tag-casanare-noticias","tag-noticias-casanare","tag-noticias-paz-de-ariporo"],"yoast_head":"<!-- This site is optimized with the Yoast SEO plugin v26.1 - https:\/\/yoast.com\/wordpress\/plugins\/seo\/ -->\n<title>Enviados a la c\u00e1rcel presuntos homicidas de hombre en ri\u00f1a callejera en Paz de Ariporo - \u25b7 Noticias de Casanare : Martha Cifuentes | Casanare<\/title>\n<meta name=\"robots\" content=\"index, follow, max-snippet:-1, max-image-preview:large, max-video-preview:-1\" \/>\n<link rel=\"canonical\" href=\"https:\/\/marthacifuentes.com\/portada\/enviados-a-la-carcel-presuntos-homicidas-de-hombre-en-rina-callejera-en-paz-de-ariporo\/\" \/>\n<meta property=\"og:locale\" content=\"es_ES\" \/>\n<meta property=\"og:type\" content=\"article\" \/>\n<meta property=\"og:title\" content=\"Enviados a la c\u00e1rcel presuntos homicidas de hombre en ri\u00f1a callejera en Paz de Ariporo - \u25b7 Noticias de Casanare : Martha Cifuentes | Casanare\" \/>\n<meta property=\"og:description\" content=\"A la c\u00e1rcel fueron enviados Yolman Alberto Noguera Mendivelso y \u00c1lvaro Mendivelso Valc\u00e1rcel, por su supuesta participaci\u00f3n en el asesinato de Yerson Octavio de Dios Sigua, en hechos ocurridos el pasado 1 de noviembre en una calle del barrio Panorama de Paz de Ariporo, cuando los capturados dispararon contra la v\u00edctima en medio de una &hellip;\" \/>\n<meta property=\"og:url\" content=\"https:\/\/marthacifuentes.com\/portada\/enviados-a-la-carcel-presuntos-homicidas-de-hombre-en-rina-callejera-en-paz-de-ariporo\/\" \/>\n<meta property=\"og:site_name\" content=\"\u25b7 Noticias de Casanare : Martha Cifuentes | Casanare\" \/>\n<meta property=\"article:published_time\" content=\"2022-11-17T14:41:56+00:00\" \/>\n<meta property=\"og:image\" content=\"https:\/\/marthacifuentes.com\/portada\/wp-content\/uploads\/2022\/11\/presos-por-homicidio-en-paz-de-ariporo.jpg\" \/>\n\t<meta property=\"og:image:width\" content=\"1280\" \/>\n\t<meta property=\"og:image:height\" content=\"928\" \/>\n\t<meta property=\"og:image:type\" content=\"image\/jpeg\" \/>\n<meta name=\"author\" content=\"Martha Cifuentes\" \/>\n<meta name=\"twitter:card\" content=\"summary_large_image\" \/>\n<meta name=\"twitter:label1\" content=\"Escrito por\" \/>\n\t<meta name=\"twitter:data1\" content=\"Martha Cifuentes\" \/>\n\t<meta name=\"twitter:label2\" content=\"Tiempo de lectura\" \/>\n\t<meta name=\"twitter:data2\" content=\"1 minuto\" \/>\n<script type=\"application\/ld+json\" class=\"yoast-schema-graph\">{\"@context\":\"https:\/\/schema.org\",\"@graph\":[{\"@type\":\"WebPage\",\"@id\":\"https:\/\/marthacifuentes.com\/portada\/enviados-a-la-carcel-presuntos-homicidas-de-hombre-en-rina-callejera-en-paz-de-ariporo\/\",\"url\":\"https:\/\/marthacifuentes.com\/portada\/enviados-a-la-carcel-presuntos-homicidas-de-hombre-en-rina-callejera-en-paz-de-ariporo\/\",\"name\":\"Enviados a la c\u00e1rcel presuntos homicidas de hombre en ri\u00f1a callejera en Paz de Ariporo - \u25b7 Noticias de Casanare : Martha Cifuentes | Casanare\",\"isPartOf\":{\"@id\":\"https:\/\/marthacifuentes.com\/portada\/#website\"},\"primaryImageOfPage\":{\"@id\":\"https:\/\/marthacifuentes.com\/portada\/enviados-a-la-carcel-presuntos-homicidas-de-hombre-en-rina-callejera-en-paz-de-ariporo\/#primaryimage\"},\"image\":{\"@id\":\"https:\/\/marthacifuentes.com\/portada\/enviados-a-la-carcel-presuntos-homicidas-de-hombre-en-rina-callejera-en-paz-de-ariporo\/#primaryimage\"},\"thumbnailUrl\":\"https:\/\/marthacifuentes.com\/portada\/wp-content\/uploads\/2022\/11\/presos-por-homicidio-en-paz-de-ariporo.jpg\",\"datePublished\":\"2022-11-17T14:41:56+00:00\",\"author\":{\"@id\":\"https:\/\/marthacifuentes.com\/portada\/#\/schema\/person\/57f53174b991db5f90ff78d58502b714\"},\"breadcrumb\":{\"@id\":\"https:\/\/marthacifuentes.com\/portada\/enviados-a-la-carcel-presuntos-homicidas-de-hombre-en-rina-callejera-en-paz-de-ariporo\/#breadcrumb\"},\"inLanguage\":\"es\",\"potentialAction\":[{\"@type\":\"ReadAction\",\"target\":[\"https:\/\/marthacifuentes.com\/portada\/enviados-a-la-carcel-presuntos-homicidas-de-hombre-en-rina-callejera-en-paz-de-ariporo\/\"]}]},{\"@type\":\"ImageObject\",\"inLanguage\":\"es\",\"@id\":\"https:\/\/marthacifuentes.com\/portada\/enviados-a-la-carcel-presuntos-homicidas-de-hombre-en-rina-callejera-en-paz-de-ariporo\/#primaryimage\",\"url\":\"https:\/\/marthacifuentes.com\/portada\/wp-content\/uploads\/2022\/11\/presos-por-homicidio-en-paz-de-ariporo.jpg\",\"contentUrl\":\"https:\/\/marthacifuentes.com\/portada\/wp-content\/uploads\/2022\/11\/presos-por-homicidio-en-paz-de-ariporo.jpg\",\"width\":1280,\"height\":928},{\"@type\":\"BreadcrumbList\",\"@id\":\"https:\/\/marthacifuentes.com\/portada\/enviados-a-la-carcel-presuntos-homicidas-de-hombre-en-rina-callejera-en-paz-de-ariporo\/#breadcrumb\",\"itemListElement\":[{\"@type\":\"ListItem\",\"position\":1,\"name\":\"Portada\",\"item\":\"https:\/\/marthacifuentes.com\/portada\/\"},{\"@type\":\"ListItem\",\"position\":2,\"name\":\"Enviados a la c\u00e1rcel presuntos homicidas de hombre en ri\u00f1a callejera en Paz de Ariporo\"}]},{\"@type\":\"WebSite\",\"@id\":\"https:\/\/marthacifuentes.com\/portada\/#website\",\"url\":\"https:\/\/marthacifuentes.com\/portada\/\",\"name\":\"\u25b7 Noticias de Casanare : Martha Cifuentes | Casanare\",\"description\":\"Noticias &amp; Contenidos\",\"potentialAction\":[{\"@type\":\"SearchAction\",\"target\":{\"@type\":\"EntryPoint\",\"urlTemplate\":\"https:\/\/marthacifuentes.com\/portada\/?s={search_term_string}\"},\"query-input\":{\"@type\":\"PropertyValueSpecification\",\"valueRequired\":true,\"valueName\":\"search_term_string\"}}],\"inLanguage\":\"es\"},{\"@type\":\"Person\",\"@id\":\"https:\/\/marthacifuentes.com\/portada\/#\/schema\/person\/57f53174b991db5f90ff78d58502b714\",\"name\":\"Martha Cifuentes\",\"image\":{\"@type\":\"ImageObject\",\"inLanguage\":\"es\",\"@id\":\"https:\/\/marthacifuentes.com\/portada\/#\/schema\/person\/image\/\",\"url\":\"http:\/\/marthacifuentes.com\/portada\/wp-content\/uploads\/2018\/06\/avatar_user_2_1528838701-96x96.jpg\",\"contentUrl\":\"http:\/\/marthacifuentes.com\/portada\/wp-content\/uploads\/2018\/06\/avatar_user_2_1528838701-96x96.jpg\",\"caption\":\"Martha Cifuentes\"},\"sameAs\":[\"http:\/\/www.marthacifuentes.com\"],\"url\":\"https:\/\/marthacifuentes.com\/portada\/author\/martha\/\"}]}<\/script>\n<!-- \/ Yoast SEO plugin. -->","yoast_head_json":{"title":"Enviados a la c\u00e1rcel presuntos homicidas de hombre en ri\u00f1a callejera en Paz de Ariporo - \u25b7 Noticias de Casanare : Martha Cifuentes | Casanare","robots":{"index":"index","follow":"follow","max-snippet":"max-snippet:-1","max-image-preview":"max-image-preview:large","max-video-preview":"max-video-preview:-1"},"canonical":"https:\/\/marthacifuentes.com\/portada\/enviados-a-la-carcel-presuntos-homicidas-de-hombre-en-rina-callejera-en-paz-de-ariporo\/","og_locale":"es_ES","og_type":"article","og_title":"Enviados a la c\u00e1rcel presuntos homicidas de hombre en ri\u00f1a callejera en Paz de Ariporo - \u25b7 Noticias de Casanare : Martha Cifuentes | Casanare","og_description":"A la c\u00e1rcel fueron enviados Yolman Alberto Noguera Mendivelso y \u00c1lvaro Mendivelso Valc\u00e1rcel, por su supuesta participaci\u00f3n en el asesinato de Yerson Octavio de Dios Sigua, en hechos ocurridos el pasado 1 de noviembre en una calle del barrio Panorama de Paz de Ariporo, cuando los capturados dispararon contra la v\u00edctima en medio de una &hellip;","og_url":"https:\/\/marthacifuentes.com\/portada\/enviados-a-la-carcel-presuntos-homicidas-de-hombre-en-rina-callejera-en-paz-de-ariporo\/","og_site_name":"\u25b7 Noticias de Casanare : Martha Cifuentes | Casanare","article_published_time":"2022-11-17T14:41:56+00:00","og_image":[{"width":1280,"height":928,"url":"https:\/\/marthacifuentes.com\/portada\/wp-content\/uploads\/2022\/11\/presos-por-homicidio-en-paz-de-ariporo.jpg","type":"image\/jpeg"}],"author":"Martha Cifuentes","twitter_card":"summary_large_image","twitter_misc":{"Escrito por":"Martha Cifuentes","Tiempo de lectura":"1 minuto"},"schema":{"@context":"https:\/\/schema.org","@graph":[{"@type":"WebPage","@id":"https:\/\/marthacifuentes.com\/portada\/enviados-a-la-carcel-presuntos-homicidas-de-hombre-en-rina-callejera-en-paz-de-ariporo\/","url":"https:\/\/marthacifuentes.com\/portada\/enviados-a-la-carcel-presuntos-homicidas-de-hombre-en-rina-callejera-en-paz-de-ariporo\/","name":"Enviados a la c\u00e1rcel presuntos homicidas de hombre en ri\u00f1a callejera en Paz de Ariporo - \u25b7 Noticias de Casanare : Martha Cifuentes | Casanare","isPartOf":{"@id":"https:\/\/marthacifuentes.com\/portada\/#website"},"primaryImageOfPage":{"@id":"https:\/\/marthacifuentes.com\/portada\/enviados-a-la-carcel-presuntos-homicidas-de-hombre-en-rina-callejera-en-paz-de-ariporo\/#primaryimage"},"image":{"@id":"https:\/\/marthacifuentes.com\/portada\/enviados-a-la-carcel-presuntos-homicidas-de-hombre-en-rina-callejera-en-paz-de-ariporo\/#primaryimage"},"thumbnailUrl":"https:\/\/marthacifuentes.com\/portada\/wp-content\/uploads\/2022\/11\/presos-por-homicidio-en-paz-de-ariporo.jpg","datePublished":"2022-11-17T14:41:56+00:00","author":{"@id":"https:\/\/marthacifuentes.com\/portada\/#\/schema\/person\/57f53174b991db5f90ff78d58502b714"},"breadcrumb":{"@id":"https:\/\/marthacifuentes.com\/portada\/enviados-a-la-carcel-presuntos-homicidas-de-hombre-en-rina-callejera-en-paz-de-ariporo\/#breadcrumb"},"inLanguage":"es","potentialAction":[{"@type":"ReadAction","target":["https:\/\/marthacifuentes.com\/portada\/enviados-a-la-carcel-presuntos-homicidas-de-hombre-en-rina-callejera-en-paz-de-ariporo\/"]}]},{"@type":"ImageObject","inLanguage":"es","@id":"https:\/\/marthacifuentes.com\/portada\/enviados-a-la-carcel-presuntos-homicidas-de-hombre-en-rina-callejera-en-paz-de-ariporo\/#primaryimage","url":"https:\/\/marthacifuentes.com\/portada\/wp-content\/uploads\/2022\/11\/presos-por-homicidio-en-paz-de-ariporo.jpg","contentUrl":"https:\/\/marthacifuentes.com\/portada\/wp-content\/uploads\/2022\/11\/presos-por-homicidio-en-paz-de-ariporo.jpg","width":1280,"height":928},{"@type":"BreadcrumbList","@id":"https:\/\/marthacifuentes.com\/portada\/enviados-a-la-carcel-presuntos-homicidas-de-hombre-en-rina-callejera-en-paz-de-ariporo\/#breadcrumb","itemListElement":[{"@type":"ListItem","position":1,"name":"Portada","item":"https:\/\/marthacifuentes.com\/portada\/"},{"@type":"ListItem","position":2,"name":"Enviados a la c\u00e1rcel presuntos homicidas de hombre en ri\u00f1a callejera en Paz de Ariporo"}]},{"@type":"WebSite","@id":"https:\/\/marthacifuentes.com\/portada\/#website","url":"https:\/\/marthacifuentes.com\/portada\/","name":"\u25b7 Noticias de Casanare : Martha Cifuentes | Casanare","description":"Noticias &amp; Contenidos","potentialAction":[{"@type":"SearchAction","target":{"@type":"EntryPoint","urlTemplate":"https:\/\/marthacifuentes.com\/portada\/?s={search_term_string}"},"query-input":{"@type":"PropertyValueSpecification","valueRequired":true,"valueName":"search_term_string"}}],"inLanguage":"es"},{"@type":"Person","@id":"https:\/\/marthacifuentes.com\/portada\/#\/schema\/person\/57f53174b991db5f90ff78d58502b714","name":"Martha Cifuentes","image":{"@type":"ImageObject","inLanguage":"es","@id":"https:\/\/marthacifuentes.com\/portada\/#\/schema\/person\/image\/","url":"http:\/\/marthacifuentes.com\/portada\/wp-content\/uploads\/2018\/06\/avatar_user_2_1528838701-96x96.jpg","contentUrl":"http:\/\/marthacifuentes.com\/portada\/wp-content\/uploads\/2018\/06\/avatar_user_2_1528838701-96x96.jpg","caption":"Martha Cifuentes"},"sameAs":["http:\/\/www.marthacifuentes.com"],"url":"https:\/\/marthacifuentes.com\/portada\/author\/martha\/"}]}},"_links":{"self":[{"href":"https:\/\/marthacifuentes.com\/portada\/wp-json\/wp\/v2\/posts\/30413","targetHints":{"allow":["GET"]}}],"collection":[{"href":"https:\/\/marthacifuentes.com\/portada\/wp-json\/wp\/v2\/posts"}],"about":[{"href":"https:\/\/marthacifuentes.com\/portada\/wp-json\/wp\/v2\/types\/post"}],"author":[{"embeddable":true,"href":"https:\/\/marthacifuentes.com\/portada\/wp-json\/wp\/v2\/users\/2"}],"replies":[{"embeddable":true,"href":"https:\/\/marthacifuentes.com\/portada\/wp-json\/wp\/v2\/comments?post=30413"}],"version-history":[{"count":1,"href":"https:\/\/marthacifuentes.com\/portada\/wp-json\/wp\/v2\/posts\/30413\/revisions"}],"predecessor-version":[{"id":30415,"href":"https:\/\/marthacifuentes.com\/portada\/wp-json\/wp\/v2\/posts\/30413\/revisions\/30415"}],"wp:featuredmedia":[{"embeddable":true,"href":"https:\/\/marthacifuentes.com\/portada\/wp-json\/wp\/v2\/media\/30414"}],"wp:attachment":[{"href":"https:\/\/marthacifuentes.com\/portada\/wp-json\/wp\/v2\/media?parent=30413"}],"wp:term":[{"taxonomy":"category","embeddable":true,"href":"https:\/\/marthacifuentes.com\/portada\/wp-json\/wp\/v2\/categories?post=30413"},{"taxonomy":"post_tag","embeddable":true,"href":"https:\/\/marthacifuentes.com\/portada\/wp-json\/wp\/v2\/tags?post=30413"}],"curies":[{"name":"wp","href":"https:\/\/api.w.org\/{rel}","templated":true}]}}