{"id":30435,"date":"2022-11-18T12:12:55","date_gmt":"2022-11-18T17:12:55","guid":{"rendered":"https:\/\/marthacifuentes.com\/portada\/?p=30435"},"modified":"2022-11-18T12:12:55","modified_gmt":"2022-11-18T17:12:55","slug":"cr-jose-miranda-comandante-policia-de-casanare-a-curso-de-ascenso-a-brigadier-general","status":"publish","type":"post","link":"https:\/\/marthacifuentes.com\/portada\/cr-jose-miranda-comandante-policia-de-casanare-a-curso-de-ascenso-a-brigadier-general\/","title":{"rendered":"Cr. Jos\u00e9 Miranda, comandante polic\u00eda de Casanare, a curso de ascenso a Brigadier General"},"content":{"rendered":"<p>El comandante de la polic\u00eda en Casanare, coronel Jos\u00e9 Rafael Miranda Rojas, fue escogido para adelantar el curso de ascenso a brigadier general. As\u00ed trascendi\u00f3 luego de la culminaci\u00f3n del proceso de evaluaci\u00f3n de trayectoria profesional de 35 oficiales, que tuvo lugar en la Escuela de Cadetes de Polic\u00eda General Francisco de Paula Santander de Bogot\u00e1.<\/p>\n<p>De estos solo fueron escogidos 10 coroneles para realizar el curso estrat\u00e9gico de Seguridad P\u00fablica CESEP, requisito para alcanzar el grado de brigadier general. Como est\u00e1 estipulado, el cuerpo de generales de la Polic\u00eda Nacional recomend\u00f3 en la Junta Asesora del Ministerio de Defensa, presidida por el se\u00f1or ministro de Defensa Nacional, Dr. Iv\u00e1n Vel\u00e1squez G\u00f3mez, el listado de nombres de los coroneles para adelantar el curso reglamentario para ascenso.<\/p>\n<p>La selecci\u00f3n se efectu\u00f3 con base en los par\u00e1metros legales de carrera, desempe\u00f1o, contribuci\u00f3n a la misi\u00f3n de la Polic\u00eda Nacional y la proyecci\u00f3n profesional del grupo de oficiales evaluados.<\/p>\n<p>En pr\u00f3ximos d\u00edas el coronel Miranda asumir\u00e1 como segundo comandante del \u00e1rea metropolitana del Valle de Aburr\u00e1, Antioquia, dejando la comandancia en Casanare.<\/p>\n<h2>Otras noticias&#8230;<\/h2>\n<blockquote class=\"wp-embedded-content\" data-secret=\"TWFnMVUQZk\"><p><a href=\"https:\/\/marthacifuentes.com\/portada\/2022\/11\/18\/continua-conflicto-social-entre-comunidades-y-ecopetrol-en-proyectos-en-plan-brisas-en-aguazul\/\">Contin\u00faa conflicto social entre comunidades y Ecopetrol en proyectos en Plan Brisas en Aguazul<\/a><\/p><\/blockquote>\n<p><iframe loading=\"lazy\" class=\"wp-embedded-content\" sandbox=\"allow-scripts\" security=\"restricted\" style=\"position: absolute; clip: rect(1px, 1px, 1px, 1px);\" title=\"\u00abContin\u00faa conflicto social entre comunidades y Ecopetrol en proyectos en Plan Brisas en Aguazul\u00bb \u2014 \u25b7 Noticias de Casanare : Martha Cifuentes | Casanare\" src=\"https:\/\/marthacifuentes.com\/portada\/2022\/11\/18\/continua-conflicto-social-entre-comunidades-y-ecopetrol-en-proyectos-en-plan-brisas-en-aguazul\/embed\/#?secret=zYZ0TCmz6j#?secret=TWFnMVUQZk\" data-secret=\"TWFnMVUQZk\" width=\"500\" height=\"282\" frameborder=\"0\" marginwidth=\"0\" marginheight=\"0\" scrolling=\"no\"><\/iframe><\/p>\n","protected":false},"excerpt":{"rendered":"<p>El comandante de la polic\u00eda en Casanare, coronel Jos\u00e9 Rafael Miranda Rojas, fue escogido para adelantar el curso de ascenso a brigadier general. As\u00ed trascendi\u00f3 luego de la culminaci\u00f3n del proceso de evaluaci\u00f3n de trayectoria profesional de 35 oficiales, que tuvo lugar en la Escuela de Cadetes de Polic\u00eda General Francisco de Paula Santander de &hellip;<\/p>\n","protected":false},"author":2,"featured_media":30436,"comment_status":"open","ping_status":"open","sticky":false,"template":"","format":"standard","meta":{"om_disable_all_campaigns":false,"_exactmetrics_skip_tracking":false,"_exactmetrics_sitenote_active":false,"_exactmetrics_sitenote_note":"","_exactmetrics_sitenote_category":0,"_monsterinsights_skip_tracking":false,"_monsterinsights_sitenote_active":false,"_monsterinsights_sitenote_note":"","_monsterinsights_sitenote_category":0,"_uf_show_specific_survey":0,"_uf_disable_surveys":false,"_joinchat":[],"footnotes":""},"categories":[147,146,145],"tags":[2236,1373,8590,1400,1376],"class_list":["post-30435","post","type-post","status-publish","format-standard","has-post-thumbnail","hentry","category-actualidad","category-noticias","category-reportajes","tag-aguazul-noticias","tag-casanare-noticias","tag-cr-jose-miranda-comandante-policia-casanare-a-curso-de-brigadier-general","tag-noticias-casanare","tag-yopal-noticias"],"yoast_head":"<!-- This site is optimized with the Yoast SEO plugin v26.1 - https:\/\/yoast.com\/wordpress\/plugins\/seo\/ -->\n<title>Cr. Jos\u00e9 Miranda, comandante polic\u00eda de Casanare, a curso de ascenso a Brigadier General - \u25b7 Noticias de Casanare : Martha Cifuentes | Casanare<\/title>\n<meta name=\"robots\" content=\"index, follow, max-snippet:-1, max-image-preview:large, max-video-preview:-1\" \/>\n<link rel=\"canonical\" href=\"https:\/\/marthacifuentes.com\/portada\/cr-jose-miranda-comandante-policia-de-casanare-a-curso-de-ascenso-a-brigadier-general\/\" \/>\n<meta property=\"og:locale\" content=\"es_ES\" \/>\n<meta property=\"og:type\" content=\"article\" \/>\n<meta property=\"og:title\" content=\"Cr. Jos\u00e9 Miranda, comandante polic\u00eda de Casanare, a curso de ascenso a Brigadier General - \u25b7 Noticias de Casanare : Martha Cifuentes | Casanare\" \/>\n<meta property=\"og:description\" content=\"El comandante de la polic\u00eda en Casanare, coronel Jos\u00e9 Rafael Miranda Rojas, fue escogido para adelantar el curso de ascenso a brigadier general. As\u00ed trascendi\u00f3 luego de la culminaci\u00f3n del proceso de evaluaci\u00f3n de trayectoria profesional de 35 oficiales, que tuvo lugar en la Escuela de Cadetes de Polic\u00eda General Francisco de Paula Santander de &hellip;\" \/>\n<meta property=\"og:url\" content=\"https:\/\/marthacifuentes.com\/portada\/cr-jose-miranda-comandante-policia-de-casanare-a-curso-de-ascenso-a-brigadier-general\/\" \/>\n<meta property=\"og:site_name\" content=\"\u25b7 Noticias de Casanare : Martha Cifuentes | Casanare\" \/>\n<meta property=\"article:published_time\" content=\"2022-11-18T17:12:55+00:00\" \/>\n<meta property=\"og:image\" content=\"https:\/\/marthacifuentes.com\/portada\/wp-content\/uploads\/2022\/11\/Cr-Jose-Rafael-Miranda-Com-Policiia-Casanare.jpeg\" \/>\n\t<meta property=\"og:image:width\" content=\"1080\" \/>\n\t<meta property=\"og:image:height\" content=\"613\" \/>\n\t<meta property=\"og:image:type\" content=\"image\/jpeg\" \/>\n<meta name=\"author\" content=\"Martha Cifuentes\" \/>\n<meta name=\"twitter:card\" content=\"summary_large_image\" \/>\n<meta name=\"twitter:label1\" content=\"Escrito por\" \/>\n\t<meta name=\"twitter:data1\" content=\"Martha Cifuentes\" \/>\n\t<meta name=\"twitter:label2\" content=\"Tiempo de lectura\" \/>\n\t<meta name=\"twitter:data2\" content=\"1 minuto\" \/>\n<script type=\"application\/ld+json\" class=\"yoast-schema-graph\">{\"@context\":\"https:\/\/schema.org\",\"@graph\":[{\"@type\":\"WebPage\",\"@id\":\"https:\/\/marthacifuentes.com\/portada\/cr-jose-miranda-comandante-policia-de-casanare-a-curso-de-ascenso-a-brigadier-general\/\",\"url\":\"https:\/\/marthacifuentes.com\/portada\/cr-jose-miranda-comandante-policia-de-casanare-a-curso-de-ascenso-a-brigadier-general\/\",\"name\":\"Cr. Jos\u00e9 Miranda, comandante polic\u00eda de Casanare, a curso de ascenso a Brigadier General - \u25b7 Noticias de Casanare : Martha Cifuentes | Casanare\",\"isPartOf\":{\"@id\":\"https:\/\/marthacifuentes.com\/portada\/#website\"},\"primaryImageOfPage\":{\"@id\":\"https:\/\/marthacifuentes.com\/portada\/cr-jose-miranda-comandante-policia-de-casanare-a-curso-de-ascenso-a-brigadier-general\/#primaryimage\"},\"image\":{\"@id\":\"https:\/\/marthacifuentes.com\/portada\/cr-jose-miranda-comandante-policia-de-casanare-a-curso-de-ascenso-a-brigadier-general\/#primaryimage\"},\"thumbnailUrl\":\"https:\/\/marthacifuentes.com\/portada\/wp-content\/uploads\/2022\/11\/Cr-Jose-Rafael-Miranda-Com-Policiia-Casanare.jpeg\",\"datePublished\":\"2022-11-18T17:12:55+00:00\",\"author\":{\"@id\":\"https:\/\/marthacifuentes.com\/portada\/#\/schema\/person\/57f53174b991db5f90ff78d58502b714\"},\"breadcrumb\":{\"@id\":\"https:\/\/marthacifuentes.com\/portada\/cr-jose-miranda-comandante-policia-de-casanare-a-curso-de-ascenso-a-brigadier-general\/#breadcrumb\"},\"inLanguage\":\"es\",\"potentialAction\":[{\"@type\":\"ReadAction\",\"target\":[\"https:\/\/marthacifuentes.com\/portada\/cr-jose-miranda-comandante-policia-de-casanare-a-curso-de-ascenso-a-brigadier-general\/\"]}]},{\"@type\":\"ImageObject\",\"inLanguage\":\"es\",\"@id\":\"https:\/\/marthacifuentes.com\/portada\/cr-jose-miranda-comandante-policia-de-casanare-a-curso-de-ascenso-a-brigadier-general\/#primaryimage\",\"url\":\"https:\/\/marthacifuentes.com\/portada\/wp-content\/uploads\/2022\/11\/Cr-Jose-Rafael-Miranda-Com-Policiia-Casanare.jpeg\",\"contentUrl\":\"https:\/\/marthacifuentes.com\/portada\/wp-content\/uploads\/2022\/11\/Cr-Jose-Rafael-Miranda-Com-Policiia-Casanare.jpeg\",\"width\":1080,\"height\":613},{\"@type\":\"BreadcrumbList\",\"@id\":\"https:\/\/marthacifuentes.com\/portada\/cr-jose-miranda-comandante-policia-de-casanare-a-curso-de-ascenso-a-brigadier-general\/#breadcrumb\",\"itemListElement\":[{\"@type\":\"ListItem\",\"position\":1,\"name\":\"Portada\",\"item\":\"https:\/\/marthacifuentes.com\/portada\/\"},{\"@type\":\"ListItem\",\"position\":2,\"name\":\"Cr. Jos\u00e9 Miranda, comandante polic\u00eda de Casanare, a curso de ascenso a Brigadier General\"}]},{\"@type\":\"WebSite\",\"@id\":\"https:\/\/marthacifuentes.com\/portada\/#website\",\"url\":\"https:\/\/marthacifuentes.com\/portada\/\",\"name\":\"\u25b7 Noticias de Casanare : Martha Cifuentes | Casanare\",\"description\":\"Noticias &amp; Contenidos\",\"potentialAction\":[{\"@type\":\"SearchAction\",\"target\":{\"@type\":\"EntryPoint\",\"urlTemplate\":\"https:\/\/marthacifuentes.com\/portada\/?s={search_term_string}\"},\"query-input\":{\"@type\":\"PropertyValueSpecification\",\"valueRequired\":true,\"valueName\":\"search_term_string\"}}],\"inLanguage\":\"es\"},{\"@type\":\"Person\",\"@id\":\"https:\/\/marthacifuentes.com\/portada\/#\/schema\/person\/57f53174b991db5f90ff78d58502b714\",\"name\":\"Martha Cifuentes\",\"image\":{\"@type\":\"ImageObject\",\"inLanguage\":\"es\",\"@id\":\"https:\/\/marthacifuentes.com\/portada\/#\/schema\/person\/image\/\",\"url\":\"http:\/\/marthacifuentes.com\/portada\/wp-content\/uploads\/2018\/06\/avatar_user_2_1528838701-96x96.jpg\",\"contentUrl\":\"http:\/\/marthacifuentes.com\/portada\/wp-content\/uploads\/2018\/06\/avatar_user_2_1528838701-96x96.jpg\",\"caption\":\"Martha Cifuentes\"},\"sameAs\":[\"http:\/\/www.marthacifuentes.com\"],\"url\":\"https:\/\/marthacifuentes.com\/portada\/author\/martha\/\"}]}<\/script>\n<!-- \/ Yoast SEO plugin. -->","yoast_head_json":{"title":"Cr. Jos\u00e9 Miranda, comandante polic\u00eda de Casanare, a curso de ascenso a Brigadier General - \u25b7 Noticias de Casanare : Martha Cifuentes | Casanare","robots":{"index":"index","follow":"follow","max-snippet":"max-snippet:-1","max-image-preview":"max-image-preview:large","max-video-preview":"max-video-preview:-1"},"canonical":"https:\/\/marthacifuentes.com\/portada\/cr-jose-miranda-comandante-policia-de-casanare-a-curso-de-ascenso-a-brigadier-general\/","og_locale":"es_ES","og_type":"article","og_title":"Cr. Jos\u00e9 Miranda, comandante polic\u00eda de Casanare, a curso de ascenso a Brigadier General - \u25b7 Noticias de Casanare : Martha Cifuentes | Casanare","og_description":"El comandante de la polic\u00eda en Casanare, coronel Jos\u00e9 Rafael Miranda Rojas, fue escogido para adelantar el curso de ascenso a brigadier general. As\u00ed trascendi\u00f3 luego de la culminaci\u00f3n del proceso de evaluaci\u00f3n de trayectoria profesional de 35 oficiales, que tuvo lugar en la Escuela de Cadetes de Polic\u00eda General Francisco de Paula Santander de &hellip;","og_url":"https:\/\/marthacifuentes.com\/portada\/cr-jose-miranda-comandante-policia-de-casanare-a-curso-de-ascenso-a-brigadier-general\/","og_site_name":"\u25b7 Noticias de Casanare : Martha Cifuentes | Casanare","article_published_time":"2022-11-18T17:12:55+00:00","og_image":[{"width":1080,"height":613,"url":"https:\/\/marthacifuentes.com\/portada\/wp-content\/uploads\/2022\/11\/Cr-Jose-Rafael-Miranda-Com-Policiia-Casanare.jpeg","type":"image\/jpeg"}],"author":"Martha Cifuentes","twitter_card":"summary_large_image","twitter_misc":{"Escrito por":"Martha Cifuentes","Tiempo de lectura":"1 minuto"},"schema":{"@context":"https:\/\/schema.org","@graph":[{"@type":"WebPage","@id":"https:\/\/marthacifuentes.com\/portada\/cr-jose-miranda-comandante-policia-de-casanare-a-curso-de-ascenso-a-brigadier-general\/","url":"https:\/\/marthacifuentes.com\/portada\/cr-jose-miranda-comandante-policia-de-casanare-a-curso-de-ascenso-a-brigadier-general\/","name":"Cr. Jos\u00e9 Miranda, comandante polic\u00eda de Casanare, a curso de ascenso a Brigadier General - \u25b7 Noticias de Casanare : Martha Cifuentes | Casanare","isPartOf":{"@id":"https:\/\/marthacifuentes.com\/portada\/#website"},"primaryImageOfPage":{"@id":"https:\/\/marthacifuentes.com\/portada\/cr-jose-miranda-comandante-policia-de-casanare-a-curso-de-ascenso-a-brigadier-general\/#primaryimage"},"image":{"@id":"https:\/\/marthacifuentes.com\/portada\/cr-jose-miranda-comandante-policia-de-casanare-a-curso-de-ascenso-a-brigadier-general\/#primaryimage"},"thumbnailUrl":"https:\/\/marthacifuentes.com\/portada\/wp-content\/uploads\/2022\/11\/Cr-Jose-Rafael-Miranda-Com-Policiia-Casanare.jpeg","datePublished":"2022-11-18T17:12:55+00:00","author":{"@id":"https:\/\/marthacifuentes.com\/portada\/#\/schema\/person\/57f53174b991db5f90ff78d58502b714"},"breadcrumb":{"@id":"https:\/\/marthacifuentes.com\/portada\/cr-jose-miranda-comandante-policia-de-casanare-a-curso-de-ascenso-a-brigadier-general\/#breadcrumb"},"inLanguage":"es","potentialAction":[{"@type":"ReadAction","target":["https:\/\/marthacifuentes.com\/portada\/cr-jose-miranda-comandante-policia-de-casanare-a-curso-de-ascenso-a-brigadier-general\/"]}]},{"@type":"ImageObject","inLanguage":"es","@id":"https:\/\/marthacifuentes.com\/portada\/cr-jose-miranda-comandante-policia-de-casanare-a-curso-de-ascenso-a-brigadier-general\/#primaryimage","url":"https:\/\/marthacifuentes.com\/portada\/wp-content\/uploads\/2022\/11\/Cr-Jose-Rafael-Miranda-Com-Policiia-Casanare.jpeg","contentUrl":"https:\/\/marthacifuentes.com\/portada\/wp-content\/uploads\/2022\/11\/Cr-Jose-Rafael-Miranda-Com-Policiia-Casanare.jpeg","width":1080,"height":613},{"@type":"BreadcrumbList","@id":"https:\/\/marthacifuentes.com\/portada\/cr-jose-miranda-comandante-policia-de-casanare-a-curso-de-ascenso-a-brigadier-general\/#breadcrumb","itemListElement":[{"@type":"ListItem","position":1,"name":"Portada","item":"https:\/\/marthacifuentes.com\/portada\/"},{"@type":"ListItem","position":2,"name":"Cr. Jos\u00e9 Miranda, comandante polic\u00eda de Casanare, a curso de ascenso a Brigadier General"}]},{"@type":"WebSite","@id":"https:\/\/marthacifuentes.com\/portada\/#website","url":"https:\/\/marthacifuentes.com\/portada\/","name":"\u25b7 Noticias de Casanare : Martha Cifuentes | Casanare","description":"Noticias &amp; Contenidos","potentialAction":[{"@type":"SearchAction","target":{"@type":"EntryPoint","urlTemplate":"https:\/\/marthacifuentes.com\/portada\/?s={search_term_string}"},"query-input":{"@type":"PropertyValueSpecification","valueRequired":true,"valueName":"search_term_string"}}],"inLanguage":"es"},{"@type":"Person","@id":"https:\/\/marthacifuentes.com\/portada\/#\/schema\/person\/57f53174b991db5f90ff78d58502b714","name":"Martha Cifuentes","image":{"@type":"ImageObject","inLanguage":"es","@id":"https:\/\/marthacifuentes.com\/portada\/#\/schema\/person\/image\/","url":"http:\/\/marthacifuentes.com\/portada\/wp-content\/uploads\/2018\/06\/avatar_user_2_1528838701-96x96.jpg","contentUrl":"http:\/\/marthacifuentes.com\/portada\/wp-content\/uploads\/2018\/06\/avatar_user_2_1528838701-96x96.jpg","caption":"Martha Cifuentes"},"sameAs":["http:\/\/www.marthacifuentes.com"],"url":"https:\/\/marthacifuentes.com\/portada\/author\/martha\/"}]}},"_links":{"self":[{"href":"https:\/\/marthacifuentes.com\/portada\/wp-json\/wp\/v2\/posts\/30435","targetHints":{"allow":["GET"]}}],"collection":[{"href":"https:\/\/marthacifuentes.com\/portada\/wp-json\/wp\/v2\/posts"}],"about":[{"href":"https:\/\/marthacifuentes.com\/portada\/wp-json\/wp\/v2\/types\/post"}],"author":[{"embeddable":true,"href":"https:\/\/marthacifuentes.com\/portada\/wp-json\/wp\/v2\/users\/2"}],"replies":[{"embeddable":true,"href":"https:\/\/marthacifuentes.com\/portada\/wp-json\/wp\/v2\/comments?post=30435"}],"version-history":[{"count":1,"href":"https:\/\/marthacifuentes.com\/portada\/wp-json\/wp\/v2\/posts\/30435\/revisions"}],"predecessor-version":[{"id":30437,"href":"https:\/\/marthacifuentes.com\/portada\/wp-json\/wp\/v2\/posts\/30435\/revisions\/30437"}],"wp:featuredmedia":[{"embeddable":true,"href":"https:\/\/marthacifuentes.com\/portada\/wp-json\/wp\/v2\/media\/30436"}],"wp:attachment":[{"href":"https:\/\/marthacifuentes.com\/portada\/wp-json\/wp\/v2\/media?parent=30435"}],"wp:term":[{"taxonomy":"category","embeddable":true,"href":"https:\/\/marthacifuentes.com\/portada\/wp-json\/wp\/v2\/categories?post=30435"},{"taxonomy":"post_tag","embeddable":true,"href":"https:\/\/marthacifuentes.com\/portada\/wp-json\/wp\/v2\/tags?post=30435"}],"curies":[{"name":"wp","href":"https:\/\/api.w.org\/{rel}","templated":true}]}}