{"id":30461,"date":"2022-11-22T09:57:22","date_gmt":"2022-11-22T14:57:22","guid":{"rendered":"https:\/\/marthacifuentes.com\/portada\/?p=30461"},"modified":"2022-11-22T11:10:02","modified_gmt":"2022-11-22T16:10:02","slug":"autoridades-desmintieron-asesinato-de-ganadero-secuestrado-en-mani-pero-sigue-desaparecido","status":"publish","type":"post","link":"https:\/\/marthacifuentes.com\/portada\/autoridades-desmintieron-asesinato-de-ganadero-secuestrado-en-mani-pero-sigue-desaparecido\/","title":{"rendered":"Autoridades desmintieron asesinato de ganadero secuestrado en Man\u00ed, pero sigue desaparecido"},"content":{"rendered":"<p style=\"font-weight: 400; text-align: justify;\">El finquero y coleador Gustavo Adolfo Salas de 38 a\u00f1os, residente del municipio de Man\u00ed y quien supuestamente hab\u00eda sido asesinado en medio de un secuestro, por ahora se encuentra desaparecido, luego de que hombres lo raptaran de su finca Palmarito, vereda Socorro, a aproximadamente 30 kil\u00f3metros y 50 minutos del casco urbano.<\/p>\n<p style=\"font-weight: 400; text-align: justify;\">Por ahora las autoridades del Gaula Militar y de Polic\u00eda, el Birno no lo han encontrado tras las denuncias realizadas del secuestro, pero se espera que en las pr\u00f3ximas horas se logre dar con su paradero. El secretario de gobierno de Casanare, Oscar G\u00f3mez Pe\u00f1aloza se traslad\u00f3 al sector y ese fue el parte dado.<\/p>\n<p style=\"font-weight: 400; text-align: justify;\">Man\u00ed es uno de los municipios donde el Clan de Golfo tiene influencia y donde m\u00e1s n\u00famero de muertes se ha presentado a lo largo de este a\u00f1o, con 11 v\u00edctimas fatales por hechos de violencia selectiva. Muchos de ellos relacionados con personas dedicadas a actividades de ganader\u00eda o compra y venta de ganado.<\/p>\n<h2>Otras noticias&#8230;<\/h2>\n<blockquote class=\"wp-embedded-content\" data-secret=\"hV6gcTEgYJ\"><p><a href=\"https:\/\/marthacifuentes.com\/portada\/2022\/11\/21\/30457\/\">Por golpear a su esposa fue capturado exdiputado Manuel Albarrac\u00edn<\/a><\/p><\/blockquote>\n<p><iframe loading=\"lazy\" class=\"wp-embedded-content\" sandbox=\"allow-scripts\" security=\"restricted\" style=\"position: absolute; clip: rect(1px, 1px, 1px, 1px);\" title=\"\u00abPor golpear a su esposa fue capturado exdiputado Manuel Albarrac\u00edn\u00bb \u2014 \u25b7 Noticias de Casanare : Martha Cifuentes | Casanare\" src=\"https:\/\/marthacifuentes.com\/portada\/2022\/11\/21\/30457\/embed\/#?secret=48eD3lHYkd#?secret=hV6gcTEgYJ\" data-secret=\"hV6gcTEgYJ\" width=\"500\" height=\"282\" frameborder=\"0\" marginwidth=\"0\" marginheight=\"0\" scrolling=\"no\"><\/iframe><\/p>\n<p><iframe loading=\"lazy\" class=\"wp-embedded-content\" title=\"\u00abJuez de Yopal neg\u00f3 estar impedido en acci\u00f3n popular contra EAAAY en contrato de PTAR\u00bb \u2014 \u25b7 Noticias de Casanare : Martha Cifuentes | Casanare\" src=\"https:\/\/marthacifuentes.com\/portada\/2022\/11\/21\/juez-de-yopal-nego-estar-impedido-en-accion-popular-contra-eaaay-en-contrato-de-ptar\/embed\/#?secret=3Locoio7aU#?secret=ttKvzIYcbp\" width=\"600\" height=\"574\" frameborder=\"0\" marginwidth=\"0\" marginheight=\"0\" scrolling=\"no\" sandbox=\"allow-scripts\" data-secret=\"ttKvzIYcbp\" data-mce-fragment=\"1\"><\/iframe><\/p>\n<p><iframe loading=\"lazy\" class=\"wp-embedded-content\" title=\"\u00ab\u00abNO es NO\u00bb. Estudiantes de Escuela Normal de Monterrey, Casanare, denuncian acoso sexual de un docente.\u00bb \u2014 \u25b7 Noticias de Casanare : Martha Cifuentes | Casanare\" src=\"https:\/\/marthacifuentes.com\/portada\/2022\/11\/21\/estudiantes-de-escuela-normal-de-monterrey-casanare-denuncian-acoso-sexual-de-un-docente\/embed\/#?secret=9rppdQ6bRx#?secret=q5l4L5tPQ4\" width=\"600\" height=\"629\" frameborder=\"0\" marginwidth=\"0\" marginheight=\"0\" scrolling=\"no\" sandbox=\"allow-scripts\" data-secret=\"q5l4L5tPQ4\" data-mce-fragment=\"1\"><\/iframe><\/p>\n<p><iframe loading=\"lazy\" class=\"wp-embedded-content\" title=\"\u00abCr. Jos\u00e9 Miranda, comandante polic\u00eda de Casanare, a curso de ascenso a Brigadier General\u00bb \u2014 \u25b7 Noticias de Casanare : Martha Cifuentes | Casanare\" src=\"https:\/\/marthacifuentes.com\/portada\/2022\/11\/18\/cr-jose-miranda-comandante-policia-de-casanare-a-curso-de-ascenso-a-brigadier-general\/embed\/#?secret=meIEJQIouY#?secret=2AdFkwgYVw\" width=\"600\" height=\"623\" frameborder=\"0\" marginwidth=\"0\" marginheight=\"0\" scrolling=\"no\" sandbox=\"allow-scripts\" data-secret=\"2AdFkwgYVw\" data-mce-fragment=\"1\"><\/iframe><\/p>\n<p><iframe loading=\"lazy\" class=\"wp-embedded-content\" title=\"\u00abContin\u00faa conflicto social entre comunidades y Ecopetrol en proyectos en Plan Brisas en Aguazul\u00bb \u2014 \u25b7 Noticias de Casanare : Martha Cifuentes | Casanare\" src=\"https:\/\/marthacifuentes.com\/portada\/2022\/11\/18\/continua-conflicto-social-entre-comunidades-y-ecopetrol-en-proyectos-en-plan-brisas-en-aguazul\/embed\/#?secret=1fd8HEk3gQ#?secret=Sjnp21WV1w\" width=\"600\" height=\"621\" frameborder=\"0\" marginwidth=\"0\" marginheight=\"0\" scrolling=\"no\" sandbox=\"allow-scripts\" data-secret=\"Sjnp21WV1w\" data-mce-fragment=\"1\"><\/iframe><\/p>\n<p><iframe loading=\"lazy\" class=\"wp-embedded-content\" title=\"\u00abConmoci\u00f3n en Aguazul por violaci\u00f3n de jovencita. Hay $10 millones de recompensa por informaci\u00f3n que conduzca al responsable.\u00bb \u2014 \u25b7 Noticias de Casanare : Martha Cifuentes | Casanare\" src=\"https:\/\/marthacifuentes.com\/portada\/2022\/11\/18\/conmocion-en-aguazul-por-violacion-de-jovencita-hay-10-millones-de-recompensa-por-informacion-que-conduzca-al-responsable\/embed\/#?secret=IFAnWzHrF5#?secret=PhwNDBnwq5\" width=\"600\" height=\"650\" frameborder=\"0\" marginwidth=\"0\" marginheight=\"0\" scrolling=\"no\" sandbox=\"allow-scripts\" data-secret=\"PhwNDBnwq5\" data-mce-fragment=\"1\"><\/iframe><\/p>\n<p><iframe loading=\"lazy\" class=\"wp-embedded-content\" title=\"\u00abPr\u00f3ximo 22 de noviembre, Di\u00e1logos Regionales Vinculantes, del gobierno Petro, en Yopal. Inscr\u00edbase y participe.\u00bb \u2014 \u25b7 Noticias de Casanare : Martha Cifuentes | Casanare\" src=\"https:\/\/marthacifuentes.com\/portada\/2022\/11\/17\/proximo-22-de-noviembre-dialogos-regionales-vinculantes-del-gobierno-petro-en-yopal-inscribase-y-participe\/embed\/#?secret=tUtc5XmsmD#?secret=IRib243qMt\" width=\"600\" height=\"650\" frameborder=\"0\" marginwidth=\"0\" marginheight=\"0\" scrolling=\"no\" sandbox=\"allow-scripts\" data-secret=\"IRib243qMt\" data-mce-fragment=\"1\"><\/iframe><\/p>\n<p><iframe loading=\"lazy\" class=\"wp-embedded-content\" title=\"\u00abJuez tumb\u00f3 elecci\u00f3n de mesa directiva del Concejo de Yopal 2022 por ilegalidad en el proceso\u00bb \u2014 \u25b7 Noticias de Casanare : Martha Cifuentes | Casanare\" src=\"https:\/\/marthacifuentes.com\/portada\/2022\/11\/17\/juez-tumbo-eleccion-de-mesa-directiva-del-concejo-de-yopal-2022-por-ilegalidad-en-el-proceso\/embed\/#?secret=g8lkjtSOYw#?secret=tId0gHN9CG\" width=\"600\" height=\"621\" frameborder=\"0\" marginwidth=\"0\" marginheight=\"0\" scrolling=\"no\" sandbox=\"allow-scripts\" data-secret=\"tId0gHN9CG\" data-mce-fragment=\"1\"><\/iframe><\/p>\n<p><iframe loading=\"lazy\" class=\"wp-embedded-content\" title=\"\u00abInd\u00edgenas que deambulaban en Yopal pudieron retornar a su resguardo en Arauca\u00bb \u2014 \u25b7 Noticias de Casanare : Martha Cifuentes | Casanare\" src=\"https:\/\/marthacifuentes.com\/portada\/2022\/11\/17\/indigenas-que-deambulaban-en-yopal-pudieron-retornar-a-su-resguardo-en-arauca\/embed\/#?secret=1mH8pFldAr#?secret=hxaL6fDT2g\" width=\"600\" height=\"623\" frameborder=\"0\" marginwidth=\"0\" marginheight=\"0\" scrolling=\"no\" sandbox=\"allow-scripts\" data-secret=\"hxaL6fDT2g\" data-mce-fragment=\"1\"><\/iframe><\/p>\n<p><iframe loading=\"lazy\" class=\"wp-embedded-content\" title=\"\u00abEnviados a la c\u00e1rcel presuntos homicidas de hombre en ri\u00f1a callejera en Paz de Ariporo\u00bb \u2014 \u25b7 Noticias de Casanare : Martha Cifuentes | Casanare\" src=\"https:\/\/marthacifuentes.com\/portada\/2022\/11\/17\/enviados-a-la-carcel-presuntos-homicidas-de-hombre-en-rina-callejera-en-paz-de-ariporo\/embed\/#?secret=BNN7PTJFdc#?secret=xDUnnNChCS\" width=\"600\" height=\"621\" frameborder=\"0\" marginwidth=\"0\" marginheight=\"0\" scrolling=\"no\" sandbox=\"allow-scripts\" data-secret=\"xDUnnNChCS\" data-mce-fragment=\"1\"><\/iframe><\/p>\n<p><iframe loading=\"lazy\" class=\"wp-embedded-content\" title=\"\u00abM\u00e1s tierras, cr\u00e9ditos y desarrollo, propuesta de Min Agricultura y Banco Agrario\u00bb \u2014 \u25b7 Noticias de Casanare : Martha Cifuentes | Casanare\" src=\"https:\/\/marthacifuentes.com\/portada\/2022\/11\/16\/mas-tierras-creditos-y-desarrollo-propuesta-de-min-agricultura-y-banco-agrario\/embed\/#?secret=uNwhCWpBBL#?secret=XkEB6bpCoH\" width=\"600\" height=\"565\" frameborder=\"0\" marginwidth=\"0\" marginheight=\"0\" scrolling=\"no\" sandbox=\"allow-scripts\" data-secret=\"XkEB6bpCoH\" data-mce-fragment=\"1\"><\/iframe><\/p>\n<p><iframe loading=\"lazy\" class=\"wp-embedded-content\" title=\"\u00abPetroleros insisten en seguir con exploraci\u00f3n y producci\u00f3n en Colombia mientras se avanza en transici\u00f3n energ\u00e9tica\u00bb \u2014 \u25b7 Noticias de Casanare : Martha Cifuentes | Casanare\" src=\"https:\/\/marthacifuentes.com\/portada\/2022\/11\/16\/petroleros-insisten-en-seguir-con-exploracion-y-produccion-en-colombia-mientras-se-avanza-en-transicion-energetica\/embed\/#?secret=UZFcQjgG8q#?secret=4QcDUTd8Kr\" width=\"600\" height=\"650\" frameborder=\"0\" marginwidth=\"0\" marginheight=\"0\" scrolling=\"no\" sandbox=\"allow-scripts\" data-secret=\"4QcDUTd8Kr\" data-mce-fragment=\"1\"><\/iframe><\/p>\n<p><iframe loading=\"lazy\" class=\"wp-embedded-content\" title=\"\u00abCasanare debe despetrolizarse y dedicarse a la agricultura y al turismo: Petro\u00bb \u2014 \u25b7 Noticias de Casanare : Martha Cifuentes | Casanare\" src=\"https:\/\/marthacifuentes.com\/portada\/2022\/11\/16\/casanare-debe-despetrolizarse-y-dedicarse-a-la-agricultura-y-al-turismo-petro\/embed\/#?secret=kn5iR0y2eO#?secret=vznC3Zd3hs\" width=\"600\" height=\"621\" frameborder=\"0\" marginwidth=\"0\" marginheight=\"0\" scrolling=\"no\" sandbox=\"allow-scripts\" data-secret=\"vznC3Zd3hs\" data-mce-fragment=\"1\"><\/iframe><\/p>\n<p><iframe loading=\"lazy\" class=\"wp-embedded-content\" title=\"\u00abDenuncian atentado contra l\u00edderes de derechos humanos en barrio Casimena de Yopal.\u00bb \u2014 \u25b7 Noticias de Casanare : Martha Cifuentes | Casanare\" src=\"https:\/\/marthacifuentes.com\/portada\/2022\/11\/15\/denuncian-atentado-contra-lideres-de-derechos-humanos-en-barrio-casimena-de-yopal\/embed\/#?secret=vxrlq5PuZK#?secret=V9pAIV9dIi\" width=\"600\" height=\"600\" frameborder=\"0\" marginwidth=\"0\" marginheight=\"0\" scrolling=\"no\" sandbox=\"allow-scripts\" data-secret=\"V9pAIV9dIi\" data-mce-fragment=\"1\"><\/iframe><\/p>\n<p><iframe loading=\"lazy\" class=\"wp-embedded-content\" title=\"\u00abMarihuana y alcohol, sustancias sicoactivas m\u00e1s consumidas en Casanare.\u00bb \u2014 \u25b7 Noticias de Casanare : Martha Cifuentes | Casanare\" src=\"https:\/\/marthacifuentes.com\/portada\/2022\/11\/15\/marihuana-y-alcohol-sustancias-sicoactivas-mas-consumidas-en-casanare\/embed\/#?secret=x9ugmHieDr#?secret=8VaYSgj62i\" width=\"600\" height=\"621\" frameborder=\"0\" marginwidth=\"0\" marginheight=\"0\" scrolling=\"no\" sandbox=\"allow-scripts\" data-secret=\"8VaYSgj62i\" data-mce-fragment=\"1\"><\/iframe><\/p>\n<p><iframe loading=\"lazy\" class=\"wp-embedded-content\" title=\"\u00abPor fin Inv\u00edas le pone atenci\u00f3n a denuncias sobre desplazamiento de las juntas en viaducto Los Grillos en v\u00eda del Cusiana\u00bb \u2014 \u25b7 Noticias de Casanare : Martha Cifuentes | Casanare\" src=\"https:\/\/marthacifuentes.com\/portada\/2022\/11\/15\/por-fin-invias-le-pone-atencion-a-denuncias-sobre-desplazamiento-de-las-juntas-en-viaducto-los-grillos-en-via-del-cusiana\/embed\/#?secret=GLKhdpMbii#?secret=Rc7OLvLg6i\" width=\"600\" height=\"628\" frameborder=\"0\" marginwidth=\"0\" marginheight=\"0\" scrolling=\"no\" sandbox=\"allow-scripts\" data-secret=\"Rc7OLvLg6i\" data-mce-fragment=\"1\"><\/iframe><\/p>\n<p><iframe loading=\"lazy\" class=\"wp-embedded-content\" title=\"\u00abRestablecido paso vehicular con puente met\u00e1lico provisional en r\u00edo Ariporo, Casanare. Pendiente, soluci\u00f3n definitiva.\u00bb \u2014 \u25b7 Noticias de Casanare : Martha Cifuentes | Casanare\" src=\"https:\/\/marthacifuentes.com\/portada\/2022\/11\/15\/restablecido-paso-vehicular-con-puente-metalico-provisional-en-rio-ariporo-casanare-pendiente-solucion-definitiva\/embed\/#?secret=Qjz0QN0gfd#?secret=9otpJoSzEs\" width=\"600\" height=\"592\" frameborder=\"0\" marginwidth=\"0\" marginheight=\"0\" scrolling=\"no\" sandbox=\"allow-scripts\" data-secret=\"9otpJoSzEs\" data-mce-fragment=\"1\"><\/iframe><\/p>\n<p><iframe loading=\"lazy\" class=\"wp-embedded-content\" title=\"\u00abTamare\u00f1os celebran triste cumplea\u00f1os 3 de obra inconclusa del sistema de acueducto del Tabl\u00f3n\u00bb \u2014 \u25b7 Noticias de Casanare : Martha Cifuentes | Casanare\" src=\"https:\/\/marthacifuentes.com\/portada\/2022\/11\/11\/tamarenos-celebran-triste-cumpleanos-3-de-obra-inconclusa-del-sistema-de-acueducto-del-tablon\/embed\/#?secret=rJhyXcTiFW#?secret=frWJdPhSCu\" width=\"600\" height=\"535\" frameborder=\"0\" marginwidth=\"0\" marginheight=\"0\" scrolling=\"no\" sandbox=\"allow-scripts\" data-secret=\"frWJdPhSCu\" data-mce-fragment=\"1\"><\/iframe><\/p>\n<p><iframe loading=\"lazy\" class=\"wp-embedded-content\" title=\"\u00abProcuradur\u00eda solicita a Juez decretar medidas cautelares sobre negocio del terminal de transportes de Yopal\u00bb \u2014 \u25b7 Noticias de Casanare : Martha Cifuentes | Casanare\" src=\"https:\/\/marthacifuentes.com\/portada\/2022\/11\/11\/procuraduria-solicita-a-juez-decretar-medidas-cautelares-sobre-negocio-del-terminal-de-transportes-de-yopal\/embed\/#?secret=PCoyyIZUp3#?secret=QLjfpW39Ed\" width=\"600\" height=\"650\" frameborder=\"0\" marginwidth=\"0\" marginheight=\"0\" scrolling=\"no\" sandbox=\"allow-scripts\" data-secret=\"QLjfpW39Ed\" data-mce-fragment=\"1\"><\/iframe><\/p>\n<p><iframe loading=\"lazy\" class=\"wp-embedded-content\" title=\"\u00abEaaay celebra inadmisi\u00f3n de acci\u00f3n popular referente a contrato de manejo de basuras. Demandante, exalcalde de Yopal, confirma que ya se subsan\u00f3 la falla.\u00bb \u2014 \u25b7 Noticias de Casanare : Martha Cifuentes | Casanare\" src=\"https:\/\/marthacifuentes.com\/portada\/2022\/11\/10\/eaaay-celebra-inadmision-de-accion-popular-referente-a-contrato-de-manejo-de-basuras-demandante-exalcalde-de-yopal-confirma-que-ya-se-subsano-la-falla\/embed\/#?secret=Dk945qddpI#?secret=n59lp9EFQi\" width=\"600\" height=\"677\" frameborder=\"0\" marginwidth=\"0\" marginheight=\"0\" scrolling=\"no\" sandbox=\"allow-scripts\" data-secret=\"n59lp9EFQi\" data-mce-fragment=\"1\"><\/iframe><\/p>\n<p><iframe loading=\"lazy\" class=\"wp-embedded-content\" title=\"\u00abEn menos de 10 d\u00edas entrar\u00e1 en funcionamiento puente Eduardo Rom\u00e1n Bazurto en r\u00edo Ariporo en Casanare\u00bb \u2014 \u25b7 Noticias de Casanare : Martha Cifuentes | Casanare\" src=\"https:\/\/marthacifuentes.com\/portada\/2022\/11\/09\/en-menos-de-10-dias-entrara-en-funcionamiento-puente-eduardo-roman-bazurto-en-rio-ariporo-en-casanare\/embed\/#?secret=YqE36j3UsC#?secret=W34SFzHX3n\" width=\"600\" height=\"629\" frameborder=\"0\" marginwidth=\"0\" marginheight=\"0\" scrolling=\"no\" sandbox=\"allow-scripts\" data-secret=\"W34SFzHX3n\" data-mce-fragment=\"1\"><\/iframe><\/p>\n<p><iframe loading=\"lazy\" class=\"wp-embedded-content\" title=\"\u00abEaaay apel\u00f3 medida cautelar que suspendi\u00f3 cuestionado multimillonario contrato de la PTAR\u00bb \u2014 \u25b7 Noticias de Casanare : Martha Cifuentes | Casanare\" src=\"https:\/\/marthacifuentes.com\/portada\/2022\/11\/08\/eaaay-apelo-medida-cautelar-que-suspendio-cuestionado-multimillonario-contrato-de-la-ptar\/embed\/#?secret=628MW2ERsR#?secret=4U8BFkHRVZ\" width=\"600\" height=\"586\" frameborder=\"0\" marginwidth=\"0\" marginheight=\"0\" scrolling=\"no\" sandbox=\"allow-scripts\" data-secret=\"4U8BFkHRVZ\" data-mce-fragment=\"1\"><\/iframe><\/p>\n<p><iframe loading=\"lazy\" class=\"wp-embedded-content\" title=\"\u00abBajas presiones de agua en Yopal por inconclusa PTAP\u00bb \u2014 \u25b7 Noticias de Casanare : Martha Cifuentes | Casanare\" src=\"https:\/\/marthacifuentes.com\/portada\/2022\/11\/08\/bajas-presiones-de-agua-en-yopal-por-inconclusa-ptap\/embed\/#?secret=j1JkUieFHF#?secret=wi6JMcA0hO\" width=\"600\" height=\"593\" frameborder=\"0\" marginwidth=\"0\" marginheight=\"0\" scrolling=\"no\" sandbox=\"allow-scripts\" data-secret=\"wi6JMcA0hO\" data-mce-fragment=\"1\"><\/iframe><\/p>\n<p><iframe loading=\"lazy\" class=\"wp-embedded-content\" title=\"\u00abDilataci\u00f3n en junta del viaducto de Los Grillos en v\u00eda del Cusiana no implica amenaza de colapso: Inv\u00edas\u00bb \u2014 \u25b7 Noticias de Casanare : Martha Cifuentes | Casanare\" src=\"https:\/\/marthacifuentes.com\/portada\/2022\/11\/08\/dilatacion-en-junta-del-viaducto-de-los-grillos-en-via-del-cusiana-no-implica-amenaza-de-colapso-invias\/embed\/#?secret=JDhXYRF6ge#?secret=0oibqHUaNE\" width=\"600\" height=\"600\" frameborder=\"0\" marginwidth=\"0\" marginheight=\"0\" scrolling=\"no\" sandbox=\"allow-scripts\" data-secret=\"0oibqHUaNE\" data-mce-fragment=\"1\"><\/iframe><\/p>\n<p><iframe loading=\"lazy\" class=\"wp-embedded-content\" title=\"\u00abPolic\u00eda ebrio que caus\u00f3 destrozos en varios carros en Yopal fue apartado de su cargo.\u00bb \u2014 \u25b7 Noticias de Casanare : Martha Cifuentes | Casanare\" src=\"https:\/\/marthacifuentes.com\/portada\/2022\/11\/08\/policia-ebrio-que-causo-destrozos-en-varios-carros-en-yopal-fue-apartado-de-su-cargo\/embed\/#?secret=rdRMZmnj2X#?secret=VTe4i7sj25\" width=\"600\" height=\"621\" frameborder=\"0\" marginwidth=\"0\" marginheight=\"0\" scrolling=\"no\" sandbox=\"allow-scripts\" data-secret=\"VTe4i7sj25\" data-mce-fragment=\"1\"><\/iframe><\/p>\n<p><iframe loading=\"lazy\" class=\"wp-embedded-content\" title=\"\u00abNi\u00f1o se ahog\u00f3 en r\u00edo Tocar\u00eda, Casanare.\u00bb \u2014 \u25b7 Noticias de Casanare : Martha Cifuentes | Casanare\" src=\"https:\/\/marthacifuentes.com\/portada\/2022\/11\/08\/nino-se-ahogo-en-rio-tocaria-casanare\/embed\/#?secret=p94u0KILSM#?secret=NVUty8LFzf\" width=\"600\" height=\"593\" frameborder=\"0\" marginwidth=\"0\" marginheight=\"0\" scrolling=\"no\" sandbox=\"allow-scripts\" data-secret=\"NVUty8LFzf\" data-mce-fragment=\"1\"><\/iframe><\/p>\n<p><iframe loading=\"lazy\" class=\"wp-embedded-content\" title=\"\u00abExmilitar de 42 a\u00f1os se habr\u00eda suicidado en Yopal.\u00bb \u2014 \u25b7 Noticias de Casanare : Martha Cifuentes | Casanare\" src=\"https:\/\/marthacifuentes.com\/portada\/2022\/11\/08\/exmilitar-de-42-anos-se-habria-suicidado-en-yopal\/embed\/#?secret=0PwtmAGymV#?secret=pMq4xFswvs\" width=\"600\" height=\"572\" frameborder=\"0\" marginwidth=\"0\" marginheight=\"0\" scrolling=\"no\" sandbox=\"allow-scripts\" data-secret=\"pMq4xFswvs\" data-mce-fragment=\"1\"><\/iframe><\/p>\n<p><iframe loading=\"lazy\" class=\"wp-embedded-content\" title=\"\u00abEmergencia en La Salina, Casanare, por afectaci\u00f3n del acueducto. 250 familias afectadas\u00bb \u2014 \u25b7 Noticias de Casanare : Martha Cifuentes | Casanare\" src=\"https:\/\/marthacifuentes.com\/portada\/2022\/11\/04\/emergencia-en-la-salina-casanare-por-afectacion-del-acueducto-250-familias-afectadas\/embed\/#?secret=5PCcyWbv7T#?secret=z5VAPSKojF\" width=\"600\" height=\"600\" frameborder=\"0\" marginwidth=\"0\" marginheight=\"0\" scrolling=\"no\" sandbox=\"allow-scripts\" data-secret=\"z5VAPSKojF\" data-mce-fragment=\"1\"><\/iframe><\/p>\n<p><iframe loading=\"lazy\" class=\"wp-embedded-content\" title=\"\u00abFestival de Teatro y Circo Guadalupe, este jueves 3 y viernes 4 de noviembre. Esta es la agenda.\u00bb \u2014 \u25b7 Noticias de Casanare : Martha Cifuentes | Casanare\" src=\"https:\/\/marthacifuentes.com\/portada\/2022\/11\/03\/festival-de-teatro-y-circo-guadalupe-este-jueves-3-y-viernes-4-de-noviembre-esta-es-la-agenda\/embed\/#?secret=oMN1sPxiWc#?secret=ONws1kCbax\" width=\"600\" height=\"586\" frameborder=\"0\" marginwidth=\"0\" marginheight=\"0\" scrolling=\"no\" sandbox=\"allow-scripts\" data-secret=\"ONws1kCbax\" data-mce-fragment=\"1\"><\/iframe><\/p>\n<p><iframe loading=\"lazy\" class=\"wp-embedded-content\" title=\"\u00abCon acci\u00f3n popular exalcalde de Yopal busca tumbar contrato de las basuras firmado por Eaaay\u00bb \u2014 \u25b7 Noticias de Casanare : Martha Cifuentes | Casanare\" src=\"https:\/\/marthacifuentes.com\/portada\/2022\/11\/02\/con-accion-popular-exalcalde-de-yopal-busca-tumbar-contrato-de-las-basuras-firmado-por-eaaay\/embed\/#?secret=rSiU0Ll7Ae#?secret=SyPFdPXhFo\" width=\"600\" height=\"605\" frameborder=\"0\" marginwidth=\"0\" marginheight=\"0\" scrolling=\"no\" sandbox=\"allow-scripts\" data-secret=\"SyPFdPXhFo\" data-mce-fragment=\"1\"><\/iframe><\/p>\n<p><iframe loading=\"lazy\" class=\"wp-embedded-content\" title=\"\u00ab\u00bfAlcalde de Yopal quiere \u00abferiar\u00bb servicios p\u00fablicos de la Eaaay? Eso insin\u00faa Superintendente de S.P.\u00bb \u2014 \u25b7 Noticias de Casanare : Martha Cifuentes | Casanare\" src=\"https:\/\/marthacifuentes.com\/portada\/2022\/11\/02\/alcalde-de-yopal-quiere-feriar-servicios-publicos-de-la-eaaay-eso-insinua-superintendente-de-s-p\/embed\/#?secret=tEb2YlmLoW#?secret=jsVjBAoQSx\" width=\"600\" height=\"600\" frameborder=\"0\" marginwidth=\"0\" marginheight=\"0\" scrolling=\"no\" sandbox=\"allow-scripts\" data-secret=\"jsVjBAoQSx\" data-mce-fragment=\"1\"><\/iframe><\/p>\n<p><iframe loading=\"lazy\" class=\"wp-embedded-content\" title=\"\u00abPetroleros rechazan sobretasa entre 5 y 15% a este sector, en reforma tributaria. ACP dice que afectar\u00e1 al pa\u00eds.\u00bb \u2014 \u25b7 Noticias de Casanare : Martha Cifuentes | Casanare\" src=\"https:\/\/marthacifuentes.com\/portada\/2022\/11\/01\/petroleros-rechazan-sobretasa-entre-5-y-15-a-este-sector-en-reforma-tributaria-acp-dice-que-afectara-al-pais\/embed\/#?secret=LpsigZSkJe#?secret=CiCs51mLG4\" width=\"600\" height=\"649\" frameborder=\"0\" marginwidth=\"0\" marginheight=\"0\" scrolling=\"no\" sandbox=\"allow-scripts\" data-secret=\"CiCs51mLG4\" data-mce-fragment=\"1\"><\/iframe><\/p>\n<p><iframe loading=\"lazy\" class=\"wp-embedded-content\" title=\"\u00abCoronel Efra\u00edn Garc\u00eda Hern\u00e1ndez ser\u00e1 el nuevo comandante de polic\u00eda en Casanare. Se va el cr. Jos\u00e9 Miranda.\u00bb \u2014 \u25b7 Noticias de Casanare : Martha Cifuentes | Casanare\" src=\"https:\/\/marthacifuentes.com\/portada\/2022\/11\/01\/coronel-efrain-garcia-hernandez-sera-el-nuevo-comandante-de-policia-en-casanare-se-va-el-cr-jose-miranda\/embed\/#?secret=c2UXNzbi05#?secret=m8tK9bLrJE\" width=\"600\" height=\"650\" frameborder=\"0\" marginwidth=\"0\" marginheight=\"0\" scrolling=\"no\" sandbox=\"allow-scripts\" data-secret=\"m8tK9bLrJE\" data-mce-fragment=\"1\"><\/iframe><\/p>\n<p><iframe loading=\"lazy\" class=\"wp-embedded-content\" title=\"\u00abApareci\u00f3 vivo el l\u00edder y veedor social de Orocu\u00e9, Fernando Gu\u00edo.\u00bb \u2014 \u25b7 Noticias de Casanare : Martha Cifuentes | Casanare\" src=\"https:\/\/marthacifuentes.com\/portada\/2022\/11\/01\/aparecio-vivo-el-lider-y-veedor-social-de-orocue-fernando-guio\/embed\/#?secret=HLNBFpiU6D#?secret=oRcoAiRsFw\" width=\"600\" height=\"621\" frameborder=\"0\" marginwidth=\"0\" marginheight=\"0\" scrolling=\"no\" sandbox=\"allow-scripts\" data-secret=\"oRcoAiRsFw\" data-mce-fragment=\"1\"><\/iframe><\/p>\n<p><iframe loading=\"lazy\" class=\"wp-embedded-content\" title=\"\u00abPrestamista \u00abgota a gota\u00bb asesinado en Villanueva, Casanare. Con esta, son 7 las muertes violentas en este municipio.\u00bb \u2014 \u25b7 Noticias de Casanare : Martha Cifuentes | Casanare\" src=\"https:\/\/marthacifuentes.com\/portada\/2022\/10\/31\/prestamista-gota-a-gota-asesinado-en-villanueva-casanare-con-esta-son-7-las-muertes-violentas-en-este-municipio\/embed\/#?secret=RHhwX9TAZN#?secret=adeBFdwBOP\" width=\"600\" height=\"629\" frameborder=\"0\" marginwidth=\"0\" marginheight=\"0\" scrolling=\"no\" sandbox=\"allow-scripts\" data-secret=\"adeBFdwBOP\" data-mce-fragment=\"1\"><\/iframe><\/p>\n<p><iframe loading=\"lazy\" class=\"wp-embedded-content\" title=\"\u00abJuzgado que suspendi\u00f3 contrato de la PTAR de la Eaaay, trunc\u00f3 \u00aboportunidad de negocio\u00bb del alcalde de Yopal y del gerente\u00bb \u2014 \u25b7 Noticias de Casanare : Martha Cifuentes | Casanare\" src=\"https:\/\/marthacifuentes.com\/portada\/2022\/10\/28\/juzgado-que-suspendio-contrato-de-la-ptar-de-la-eaaay-trunco-oportunidad-de-negocio-del-alcalde-de-yopal-y-del-gerente\/embed\/#?secret=yauQfQRe1Z#?secret=JAunMzTCTc\" width=\"600\" height=\"650\" frameborder=\"0\" marginwidth=\"0\" marginheight=\"0\" scrolling=\"no\" sandbox=\"allow-scripts\" data-secret=\"JAunMzTCTc\" data-mce-fragment=\"1\"><\/iframe><\/p>\n<p><iframe loading=\"lazy\" class=\"wp-embedded-content\" title=\"\u00abAlcaldesa de Aguazul se salv\u00f3 de canazo por incumplir fallo de tutela, as\u00ed lo determin\u00f3 Tribunal de Yopal\u00bb \u2014 \u25b7 Noticias de Casanare : Martha Cifuentes | Casanare\" src=\"https:\/\/marthacifuentes.com\/portada\/2022\/10\/27\/alcaldesa-de-aguazul-se-salvo-de-canazo-por-incumplir-fallo-de-tutela-asi-lo-determino-tribunal-de-yopal\/embed\/#?secret=CzYTHiCjZY#?secret=BYt7xtot3S\" width=\"600\" height=\"600\" frameborder=\"0\" marginwidth=\"0\" marginheight=\"0\" scrolling=\"no\" sandbox=\"allow-scripts\" data-secret=\"BYt7xtot3S\" data-mce-fragment=\"1\"><\/iframe><\/p>\n<p><iframe loading=\"lazy\" class=\"wp-embedded-content\" title=\"\u00abPor orden judicial de Tribunal de Casanare, Inv\u00edas debe contratar estudios que mitiguen problem\u00e1tica en r\u00edo Ariporo\u00bb \u2014 \u25b7 Noticias de Casanare : Martha Cifuentes | Casanare\" src=\"https:\/\/marthacifuentes.com\/portada\/2022\/10\/27\/por-orden-judicial-de-tribunal-de-casanare-invias-debe-contratar-estudios-que-mitiguen-problematica-en-rio-ariporo\/embed\/#?secret=lYpHfhIPK5#?secret=nluPY1bbsu\" width=\"600\" height=\"379\" frameborder=\"0\" marginwidth=\"0\" marginheight=\"0\" scrolling=\"no\" sandbox=\"allow-scripts\" data-secret=\"nluPY1bbsu\" data-mce-fragment=\"1\"><\/iframe><\/p>\n<p><iframe loading=\"lazy\" class=\"wp-embedded-content\" title=\"\u00abQu\u00e9 pasar\u00e1 que licitaciones de ACUATODOS no parecen ser para TODOS sino para \u00daNICOS oferentes\u00bb \u2014 \u25b7 Noticias de Casanare : Martha Cifuentes | Casanare\" src=\"https:\/\/marthacifuentes.com\/portada\/2022\/10\/26\/que-pasara-que-licitaciones-de-acuatodos-no-parecen-ser-para-todos-sino-para-unicos-oferentes\/embed\/#?secret=eMIBaemvMh#?secret=FOpgBmrwuE\" width=\"600\" height=\"599\" frameborder=\"0\" marginwidth=\"0\" marginheight=\"0\" scrolling=\"no\" sandbox=\"allow-scripts\" data-secret=\"FOpgBmrwuE\" data-mce-fragment=\"1\"><\/iframe><\/p>\n<p><iframe loading=\"lazy\" class=\"wp-embedded-content\" title=\"\u00abFestival cultural y creativo Joropo Fest 2022 en Yopal lleg\u00f3 a m\u00e1s de 12 mil personas\u00bb \u2014 \u25b7 Noticias de Casanare : Martha Cifuentes | Casanare\" src=\"https:\/\/marthacifuentes.com\/portada\/2022\/10\/25\/festival-cultural-y-creativo-joropo-fest-2022-en-yopal-llego-a-mas-de-12-mil-personas\/embed\/#?secret=pO8n2qnanH#?secret=yRDINSRGVz\" width=\"600\" height=\"621\" frameborder=\"0\" marginwidth=\"0\" marginheight=\"0\" scrolling=\"no\" sandbox=\"allow-scripts\" data-secret=\"yRDINSRGVz\" data-mce-fragment=\"1\"><\/iframe><\/p>\n<p><iframe loading=\"lazy\" class=\"wp-embedded-content\" title=\"\u00abDos ni\u00f1os v\u00edctimas de violencia sexual y matoneo, respectivamente, en instituciones educativas en Hato Corozal, Casanare.\u00bb \u2014 \u25b7 Noticias de Casanare : Martha Cifuentes | Casanare\" src=\"https:\/\/marthacifuentes.com\/portada\/2022\/10\/25\/dos-ninos-victimas-de-violencia-sexual-y-matoneo-respectivamente-en-instituciones-educativas-en-hato-corozal-casanare\/embed\/#?secret=e8IWQDCUji#?secret=nkrn8JH99i\" width=\"600\" height=\"650\" frameborder=\"0\" marginwidth=\"0\" marginheight=\"0\" scrolling=\"no\" sandbox=\"allow-scripts\" data-secret=\"nkrn8JH99i\" data-mce-fragment=\"1\"><\/iframe><\/p>\n<p><iframe loading=\"lazy\" class=\"wp-embedded-content\" title=\"\u00abEste a\u00f1o en Yopal s\u00ed hay festival de teatro y circo\u00bb \u2014 \u25b7 Noticias de Casanare : Martha Cifuentes | Casanare\" src=\"https:\/\/marthacifuentes.com\/portada\/2022\/10\/25\/este-ano-en-yopal-si-hay-festival-de-teatro-y-circo\/embed\/#?secret=N7RoyKrFty#?secret=u65dhCOs3b\" width=\"600\" height=\"572\" frameborder=\"0\" marginwidth=\"0\" marginheight=\"0\" scrolling=\"no\" sandbox=\"allow-scripts\" data-secret=\"u65dhCOs3b\" data-mce-fragment=\"1\"><\/iframe><\/p>\n<p><iframe loading=\"lazy\" class=\"wp-embedded-content\" title=\"\u00abCon acci\u00f3n popular, exalcalde Leonardo Puentes, pretende tumbar millonario contrato de la Eaaay en Yopal\u00bb \u2014 \u25b7 Noticias de Casanare : Martha Cifuentes | Casanare\" src=\"https:\/\/marthacifuentes.com\/portada\/2022\/10\/21\/con-accion-popular-exalcalde-leonardo-puentes-pretende-tumbar-millonario-contrato-de-la-eaaay-en-yopal\/embed\/#?secret=j4Jahudyu2#?secret=J9ATFRH3x4\" width=\"600\" height=\"650\" frameborder=\"0\" marginwidth=\"0\" marginheight=\"0\" scrolling=\"no\" sandbox=\"allow-scripts\" data-secret=\"J9ATFRH3x4\" data-mce-fragment=\"1\"><\/iframe><\/p>\n<p><iframe loading=\"lazy\" class=\"wp-embedded-content\" title=\"\u00abCapturado presunto asesino de jovencita hallada en un hotel de Yopal en septiembre.\u00bb \u2014 \u25b7 Noticias de Casanare : Martha Cifuentes | Casanare\" src=\"https:\/\/marthacifuentes.com\/portada\/2022\/10\/20\/capturado-presunto-asesino-de-jovencita-hallada-en-un-hotel-de-yopal-en-septiembre\/embed\/#?secret=p47RLoB7jy#?secret=zebuqca717\" width=\"600\" height=\"600\" frameborder=\"0\" marginwidth=\"0\" marginheight=\"0\" scrolling=\"no\" sandbox=\"allow-scripts\" data-secret=\"zebuqca717\" data-mce-fragment=\"1\"><\/iframe><\/p>\n","protected":false},"excerpt":{"rendered":"<p>El finquero y coleador Gustavo Adolfo Salas de 38 a\u00f1os, residente del municipio de Man\u00ed y quien supuestamente hab\u00eda sido asesinado en medio de un secuestro, por ahora se encuentra desaparecido, luego de que hombres lo raptaran de su finca Palmarito, vereda Socorro, a aproximadamente 30 kil\u00f3metros y 50 minutos del casco urbano. Por ahora &hellip;<\/p>\n","protected":false},"author":2,"featured_media":30476,"comment_status":"open","ping_status":"open","sticky":false,"template":"","format":"standard","meta":{"om_disable_all_campaigns":false,"_exactmetrics_skip_tracking":false,"_exactmetrics_sitenote_active":false,"_exactmetrics_sitenote_note":"","_exactmetrics_sitenote_category":0,"_monsterinsights_skip_tracking":false,"_monsterinsights_sitenote_active":false,"_monsterinsights_sitenote_note":"","_monsterinsights_sitenote_category":0,"_uf_show_specific_survey":0,"_uf_disable_surveys":false,"_joinchat":[],"footnotes":""},"categories":[147,146,145],"tags":[1373,8596,1400,1421,1376],"class_list":["post-30461","post","type-post","status-publish","format-standard","has-post-thumbnail","hentry","category-actualidad","category-noticias","category-reportajes","tag-casanare-noticias","tag-desmintieron-asesinato-de-ganadero-secuestrado-en-mani-pero-sigue-desaparecido","tag-noticias-casanare","tag-noticias-yopal","tag-yopal-noticias"],"yoast_head":"<!-- This site is optimized with the Yoast SEO plugin v26.1 - https:\/\/yoast.com\/wordpress\/plugins\/seo\/ -->\n<title>Autoridades desmintieron asesinato de ganadero secuestrado en Man\u00ed, pero sigue desaparecido - \u25b7 Noticias de Casanare : Martha Cifuentes | Casanare<\/title>\n<meta name=\"robots\" content=\"index, follow, max-snippet:-1, max-image-preview:large, max-video-preview:-1\" \/>\n<link rel=\"canonical\" href=\"https:\/\/marthacifuentes.com\/portada\/autoridades-desmintieron-asesinato-de-ganadero-secuestrado-en-mani-pero-sigue-desaparecido\/\" \/>\n<meta property=\"og:locale\" content=\"es_ES\" \/>\n<meta property=\"og:type\" content=\"article\" \/>\n<meta property=\"og:title\" content=\"Autoridades desmintieron asesinato de ganadero secuestrado en Man\u00ed, pero sigue desaparecido - \u25b7 Noticias de Casanare : Martha Cifuentes | Casanare\" \/>\n<meta property=\"og:description\" content=\"El finquero y coleador Gustavo Adolfo Salas de 38 a\u00f1os, residente del municipio de Man\u00ed y quien supuestamente hab\u00eda sido asesinado en medio de un secuestro, por ahora se encuentra desaparecido, luego de que hombres lo raptaran de su finca Palmarito, vereda Socorro, a aproximadamente 30 kil\u00f3metros y 50 minutos del casco urbano. Por ahora &hellip;\" \/>\n<meta property=\"og:url\" content=\"https:\/\/marthacifuentes.com\/portada\/autoridades-desmintieron-asesinato-de-ganadero-secuestrado-en-mani-pero-sigue-desaparecido\/\" \/>\n<meta property=\"og:site_name\" content=\"\u25b7 Noticias de Casanare : Martha Cifuentes | Casanare\" \/>\n<meta property=\"article:published_time\" content=\"2022-11-22T14:57:22+00:00\" \/>\n<meta property=\"article:modified_time\" content=\"2022-11-22T16:10:02+00:00\" \/>\n<meta property=\"og:image\" content=\"https:\/\/marthacifuentes.com\/portada\/wp-content\/uploads\/2022\/11\/AUTORIDADES-DESMINTIERON-ASESINATO-DE-GUSTAVO-SALAS-1.jpg\" \/>\n\t<meta property=\"og:image:width\" content=\"600\" \/>\n\t<meta property=\"og:image:height\" content=\"315\" \/>\n\t<meta property=\"og:image:type\" content=\"image\/jpeg\" \/>\n<meta name=\"author\" content=\"Martha Cifuentes\" \/>\n<meta name=\"twitter:card\" content=\"summary_large_image\" \/>\n<meta name=\"twitter:label1\" content=\"Escrito por\" \/>\n\t<meta name=\"twitter:data1\" content=\"Martha Cifuentes\" \/>\n\t<meta name=\"twitter:label2\" content=\"Tiempo de lectura\" \/>\n\t<meta name=\"twitter:data2\" content=\"1 minuto\" \/>\n<script type=\"application\/ld+json\" class=\"yoast-schema-graph\">{\"@context\":\"https:\/\/schema.org\",\"@graph\":[{\"@type\":\"WebPage\",\"@id\":\"https:\/\/marthacifuentes.com\/portada\/autoridades-desmintieron-asesinato-de-ganadero-secuestrado-en-mani-pero-sigue-desaparecido\/\",\"url\":\"https:\/\/marthacifuentes.com\/portada\/autoridades-desmintieron-asesinato-de-ganadero-secuestrado-en-mani-pero-sigue-desaparecido\/\",\"name\":\"Autoridades desmintieron asesinato de ganadero secuestrado en Man\u00ed, pero sigue desaparecido - \u25b7 Noticias de Casanare : Martha Cifuentes | Casanare\",\"isPartOf\":{\"@id\":\"https:\/\/marthacifuentes.com\/portada\/#website\"},\"primaryImageOfPage\":{\"@id\":\"https:\/\/marthacifuentes.com\/portada\/autoridades-desmintieron-asesinato-de-ganadero-secuestrado-en-mani-pero-sigue-desaparecido\/#primaryimage\"},\"image\":{\"@id\":\"https:\/\/marthacifuentes.com\/portada\/autoridades-desmintieron-asesinato-de-ganadero-secuestrado-en-mani-pero-sigue-desaparecido\/#primaryimage\"},\"thumbnailUrl\":\"https:\/\/marthacifuentes.com\/portada\/wp-content\/uploads\/2022\/11\/AUTORIDADES-DESMINTIERON-ASESINATO-DE-GUSTAVO-SALAS-1.jpg\",\"datePublished\":\"2022-11-22T14:57:22+00:00\",\"dateModified\":\"2022-11-22T16:10:02+00:00\",\"author\":{\"@id\":\"https:\/\/marthacifuentes.com\/portada\/#\/schema\/person\/57f53174b991db5f90ff78d58502b714\"},\"breadcrumb\":{\"@id\":\"https:\/\/marthacifuentes.com\/portada\/autoridades-desmintieron-asesinato-de-ganadero-secuestrado-en-mani-pero-sigue-desaparecido\/#breadcrumb\"},\"inLanguage\":\"es\",\"potentialAction\":[{\"@type\":\"ReadAction\",\"target\":[\"https:\/\/marthacifuentes.com\/portada\/autoridades-desmintieron-asesinato-de-ganadero-secuestrado-en-mani-pero-sigue-desaparecido\/\"]}]},{\"@type\":\"ImageObject\",\"inLanguage\":\"es\",\"@id\":\"https:\/\/marthacifuentes.com\/portada\/autoridades-desmintieron-asesinato-de-ganadero-secuestrado-en-mani-pero-sigue-desaparecido\/#primaryimage\",\"url\":\"https:\/\/marthacifuentes.com\/portada\/wp-content\/uploads\/2022\/11\/AUTORIDADES-DESMINTIERON-ASESINATO-DE-GUSTAVO-SALAS-1.jpg\",\"contentUrl\":\"https:\/\/marthacifuentes.com\/portada\/wp-content\/uploads\/2022\/11\/AUTORIDADES-DESMINTIERON-ASESINATO-DE-GUSTAVO-SALAS-1.jpg\",\"width\":600,\"height\":315},{\"@type\":\"BreadcrumbList\",\"@id\":\"https:\/\/marthacifuentes.com\/portada\/autoridades-desmintieron-asesinato-de-ganadero-secuestrado-en-mani-pero-sigue-desaparecido\/#breadcrumb\",\"itemListElement\":[{\"@type\":\"ListItem\",\"position\":1,\"name\":\"Portada\",\"item\":\"https:\/\/marthacifuentes.com\/portada\/\"},{\"@type\":\"ListItem\",\"position\":2,\"name\":\"Autoridades desmintieron asesinato de ganadero secuestrado en Man\u00ed, pero sigue desaparecido\"}]},{\"@type\":\"WebSite\",\"@id\":\"https:\/\/marthacifuentes.com\/portada\/#website\",\"url\":\"https:\/\/marthacifuentes.com\/portada\/\",\"name\":\"\u25b7 Noticias de Casanare : Martha Cifuentes | Casanare\",\"description\":\"Noticias &amp; Contenidos\",\"potentialAction\":[{\"@type\":\"SearchAction\",\"target\":{\"@type\":\"EntryPoint\",\"urlTemplate\":\"https:\/\/marthacifuentes.com\/portada\/?s={search_term_string}\"},\"query-input\":{\"@type\":\"PropertyValueSpecification\",\"valueRequired\":true,\"valueName\":\"search_term_string\"}}],\"inLanguage\":\"es\"},{\"@type\":\"Person\",\"@id\":\"https:\/\/marthacifuentes.com\/portada\/#\/schema\/person\/57f53174b991db5f90ff78d58502b714\",\"name\":\"Martha Cifuentes\",\"image\":{\"@type\":\"ImageObject\",\"inLanguage\":\"es\",\"@id\":\"https:\/\/marthacifuentes.com\/portada\/#\/schema\/person\/image\/\",\"url\":\"http:\/\/marthacifuentes.com\/portada\/wp-content\/uploads\/2018\/06\/avatar_user_2_1528838701-96x96.jpg\",\"contentUrl\":\"http:\/\/marthacifuentes.com\/portada\/wp-content\/uploads\/2018\/06\/avatar_user_2_1528838701-96x96.jpg\",\"caption\":\"Martha Cifuentes\"},\"sameAs\":[\"http:\/\/www.marthacifuentes.com\"],\"url\":\"https:\/\/marthacifuentes.com\/portada\/author\/martha\/\"}]}<\/script>\n<!-- \/ Yoast SEO plugin. -->","yoast_head_json":{"title":"Autoridades desmintieron asesinato de ganadero secuestrado en Man\u00ed, pero sigue desaparecido - \u25b7 Noticias de Casanare : Martha Cifuentes | Casanare","robots":{"index":"index","follow":"follow","max-snippet":"max-snippet:-1","max-image-preview":"max-image-preview:large","max-video-preview":"max-video-preview:-1"},"canonical":"https:\/\/marthacifuentes.com\/portada\/autoridades-desmintieron-asesinato-de-ganadero-secuestrado-en-mani-pero-sigue-desaparecido\/","og_locale":"es_ES","og_type":"article","og_title":"Autoridades desmintieron asesinato de ganadero secuestrado en Man\u00ed, pero sigue desaparecido - \u25b7 Noticias de Casanare : Martha Cifuentes | Casanare","og_description":"El finquero y coleador Gustavo Adolfo Salas de 38 a\u00f1os, residente del municipio de Man\u00ed y quien supuestamente hab\u00eda sido asesinado en medio de un secuestro, por ahora se encuentra desaparecido, luego de que hombres lo raptaran de su finca Palmarito, vereda Socorro, a aproximadamente 30 kil\u00f3metros y 50 minutos del casco urbano. Por ahora &hellip;","og_url":"https:\/\/marthacifuentes.com\/portada\/autoridades-desmintieron-asesinato-de-ganadero-secuestrado-en-mani-pero-sigue-desaparecido\/","og_site_name":"\u25b7 Noticias de Casanare : Martha Cifuentes | Casanare","article_published_time":"2022-11-22T14:57:22+00:00","article_modified_time":"2022-11-22T16:10:02+00:00","og_image":[{"width":600,"height":315,"url":"https:\/\/marthacifuentes.com\/portada\/wp-content\/uploads\/2022\/11\/AUTORIDADES-DESMINTIERON-ASESINATO-DE-GUSTAVO-SALAS-1.jpg","type":"image\/jpeg"}],"author":"Martha Cifuentes","twitter_card":"summary_large_image","twitter_misc":{"Escrito por":"Martha Cifuentes","Tiempo de lectura":"1 minuto"},"schema":{"@context":"https:\/\/schema.org","@graph":[{"@type":"WebPage","@id":"https:\/\/marthacifuentes.com\/portada\/autoridades-desmintieron-asesinato-de-ganadero-secuestrado-en-mani-pero-sigue-desaparecido\/","url":"https:\/\/marthacifuentes.com\/portada\/autoridades-desmintieron-asesinato-de-ganadero-secuestrado-en-mani-pero-sigue-desaparecido\/","name":"Autoridades desmintieron asesinato de ganadero secuestrado en Man\u00ed, pero sigue desaparecido - \u25b7 Noticias de Casanare : Martha Cifuentes | Casanare","isPartOf":{"@id":"https:\/\/marthacifuentes.com\/portada\/#website"},"primaryImageOfPage":{"@id":"https:\/\/marthacifuentes.com\/portada\/autoridades-desmintieron-asesinato-de-ganadero-secuestrado-en-mani-pero-sigue-desaparecido\/#primaryimage"},"image":{"@id":"https:\/\/marthacifuentes.com\/portada\/autoridades-desmintieron-asesinato-de-ganadero-secuestrado-en-mani-pero-sigue-desaparecido\/#primaryimage"},"thumbnailUrl":"https:\/\/marthacifuentes.com\/portada\/wp-content\/uploads\/2022\/11\/AUTORIDADES-DESMINTIERON-ASESINATO-DE-GUSTAVO-SALAS-1.jpg","datePublished":"2022-11-22T14:57:22+00:00","dateModified":"2022-11-22T16:10:02+00:00","author":{"@id":"https:\/\/marthacifuentes.com\/portada\/#\/schema\/person\/57f53174b991db5f90ff78d58502b714"},"breadcrumb":{"@id":"https:\/\/marthacifuentes.com\/portada\/autoridades-desmintieron-asesinato-de-ganadero-secuestrado-en-mani-pero-sigue-desaparecido\/#breadcrumb"},"inLanguage":"es","potentialAction":[{"@type":"ReadAction","target":["https:\/\/marthacifuentes.com\/portada\/autoridades-desmintieron-asesinato-de-ganadero-secuestrado-en-mani-pero-sigue-desaparecido\/"]}]},{"@type":"ImageObject","inLanguage":"es","@id":"https:\/\/marthacifuentes.com\/portada\/autoridades-desmintieron-asesinato-de-ganadero-secuestrado-en-mani-pero-sigue-desaparecido\/#primaryimage","url":"https:\/\/marthacifuentes.com\/portada\/wp-content\/uploads\/2022\/11\/AUTORIDADES-DESMINTIERON-ASESINATO-DE-GUSTAVO-SALAS-1.jpg","contentUrl":"https:\/\/marthacifuentes.com\/portada\/wp-content\/uploads\/2022\/11\/AUTORIDADES-DESMINTIERON-ASESINATO-DE-GUSTAVO-SALAS-1.jpg","width":600,"height":315},{"@type":"BreadcrumbList","@id":"https:\/\/marthacifuentes.com\/portada\/autoridades-desmintieron-asesinato-de-ganadero-secuestrado-en-mani-pero-sigue-desaparecido\/#breadcrumb","itemListElement":[{"@type":"ListItem","position":1,"name":"Portada","item":"https:\/\/marthacifuentes.com\/portada\/"},{"@type":"ListItem","position":2,"name":"Autoridades desmintieron asesinato de ganadero secuestrado en Man\u00ed, pero sigue desaparecido"}]},{"@type":"WebSite","@id":"https:\/\/marthacifuentes.com\/portada\/#website","url":"https:\/\/marthacifuentes.com\/portada\/","name":"\u25b7 Noticias de Casanare : Martha Cifuentes | Casanare","description":"Noticias &amp; Contenidos","potentialAction":[{"@type":"SearchAction","target":{"@type":"EntryPoint","urlTemplate":"https:\/\/marthacifuentes.com\/portada\/?s={search_term_string}"},"query-input":{"@type":"PropertyValueSpecification","valueRequired":true,"valueName":"search_term_string"}}],"inLanguage":"es"},{"@type":"Person","@id":"https:\/\/marthacifuentes.com\/portada\/#\/schema\/person\/57f53174b991db5f90ff78d58502b714","name":"Martha Cifuentes","image":{"@type":"ImageObject","inLanguage":"es","@id":"https:\/\/marthacifuentes.com\/portada\/#\/schema\/person\/image\/","url":"http:\/\/marthacifuentes.com\/portada\/wp-content\/uploads\/2018\/06\/avatar_user_2_1528838701-96x96.jpg","contentUrl":"http:\/\/marthacifuentes.com\/portada\/wp-content\/uploads\/2018\/06\/avatar_user_2_1528838701-96x96.jpg","caption":"Martha Cifuentes"},"sameAs":["http:\/\/www.marthacifuentes.com"],"url":"https:\/\/marthacifuentes.com\/portada\/author\/martha\/"}]}},"_links":{"self":[{"href":"https:\/\/marthacifuentes.com\/portada\/wp-json\/wp\/v2\/posts\/30461","targetHints":{"allow":["GET"]}}],"collection":[{"href":"https:\/\/marthacifuentes.com\/portada\/wp-json\/wp\/v2\/posts"}],"about":[{"href":"https:\/\/marthacifuentes.com\/portada\/wp-json\/wp\/v2\/types\/post"}],"author":[{"embeddable":true,"href":"https:\/\/marthacifuentes.com\/portada\/wp-json\/wp\/v2\/users\/2"}],"replies":[{"embeddable":true,"href":"https:\/\/marthacifuentes.com\/portada\/wp-json\/wp\/v2\/comments?post=30461"}],"version-history":[{"count":1,"href":"https:\/\/marthacifuentes.com\/portada\/wp-json\/wp\/v2\/posts\/30461\/revisions"}],"predecessor-version":[{"id":30463,"href":"https:\/\/marthacifuentes.com\/portada\/wp-json\/wp\/v2\/posts\/30461\/revisions\/30463"}],"wp:featuredmedia":[{"embeddable":true,"href":"https:\/\/marthacifuentes.com\/portada\/wp-json\/wp\/v2\/media\/30476"}],"wp:attachment":[{"href":"https:\/\/marthacifuentes.com\/portada\/wp-json\/wp\/v2\/media?parent=30461"}],"wp:term":[{"taxonomy":"category","embeddable":true,"href":"https:\/\/marthacifuentes.com\/portada\/wp-json\/wp\/v2\/categories?post=30461"},{"taxonomy":"post_tag","embeddable":true,"href":"https:\/\/marthacifuentes.com\/portada\/wp-json\/wp\/v2\/tags?post=30461"}],"curies":[{"name":"wp","href":"https:\/\/api.w.org\/{rel}","templated":true}]}}