{"id":30503,"date":"2022-11-24T18:10:51","date_gmt":"2022-11-24T23:10:51","guid":{"rendered":"https:\/\/marthacifuentes.com\/portada\/?p=30503"},"modified":"2022-11-24T18:10:51","modified_gmt":"2022-11-24T23:10:51","slug":"el-libro-del-paramilitarismo-al-paramilitarismo-sera-presentado-manana-en-yopal","status":"publish","type":"post","link":"https:\/\/marthacifuentes.com\/portada\/el-libro-del-paramilitarismo-al-paramilitarismo-sera-presentado-manana-en-yopal\/","title":{"rendered":"El libro \u00bfDel paramilitarismo al paramilitarismo? ser\u00e1 presentado ma\u00f1ana en Yopal"},"content":{"rendered":"<p style=\"font-weight: 400; text-align: justify;\">Ma\u00f1ana se realizar\u00e1 el lanzamiento regional en Yopal, Casanare de la investigaci\u00f3n \u201c\u00bfDel paramilitarismo al paramilitarismo? Radiograf\u00edas de una paz violenta\u201d, realizada por la organizaci\u00f3n Rosa Luxemburg con el apoyo de Cospacc. El evento se llevar\u00e1 a cabo en el hotel El Atajo en la calle 10 No. 18-11 a las 9:30 am.<\/p>\n<p style=\"font-weight: 400; text-align: justify;\">En el libro se presentar\u00e1n 10 investigaciones con miras a identificar continuidades y cambios en los fen\u00f3menos paramilitares durante los \u00faltimos a\u00f1os. La Oficina Regi\u00f3n Andina de la Fundaci\u00f3n Rosa Luxemburg (FRL) y el Instituto Colombo-Alem\u00e1n para la Paz (Capaz) se propusieron indagar sobre la situaci\u00f3n actual del paramilitarismo en Colombia, despu\u00e9s del incompleto proceso de desmovilizaci\u00f3n (2003-2007).<\/p>\n<p style=\"font-weight: 400; text-align: justify;\">Se auspiciaron investigaciones territoriales de las regiones m\u00e1s afectadas con miras a identificar continuidades y cambios en los fen\u00f3menos paramilitares durante los \u00faltimos a\u00f1os. Los hallazgos se recogen en este libro, que busca ser un aporte para entender la din\u00e1mica paramilitar en Colombia, sin perder de vista que no se trata de un fen\u00f3meno homog\u00e9neo, sino m\u00e1s bien de un entramado de violencias dis\u00edmiles en diversos lugares del pa\u00eds, que no son totalmente aleatorias.<\/p>\n<p style=\"font-weight: 400; text-align: justify;\">Autoras y autores de los nueve cap\u00edtulos regionales y los dos cap\u00edtulos nacionales enfrentaron el desaf\u00edo de encontrar fuentes confiables para el an\u00e1lisis de las nuevas estructuras paramilitares. Se recopilaron datos de panfletos publicados por estos grupos, testimonios de las v\u00edctimas, cifras de organizaciones de derechos humanos y \u201calertas tempranas\u201d emitidas por la Defensor\u00eda del Pueblo. Aun as\u00ed, autores y editores del libro se\u00f1alan la falta de una sistematizaci\u00f3n de la informaci\u00f3n, muchas veces dispersa y de dif\u00edcil acceso, para comprender mejor la magnitud y las l\u00f3gicas de los paramilitarismos actuales en el pa\u00eds.<\/p>\n<h2>Otras noticias&#8230;<\/h2>\n<blockquote class=\"wp-embedded-content\" data-secret=\"azDQSAGu6U\"><p><a href=\"https:\/\/marthacifuentes.com\/portada\/2022\/11\/24\/ecopetrol-tiene-en-la-mira-la-energia-eolica-en-yopal-habra-torre-de-medicion-para-su-viabilidad\/\">Ecopetrol tiene en la mira la energ\u00eda e\u00f3lica. En Yopal habr\u00e1 torre de medici\u00f3n para su viabilidad<\/a><\/p><\/blockquote>\n<p><iframe loading=\"lazy\" class=\"wp-embedded-content\" sandbox=\"allow-scripts\" security=\"restricted\" style=\"position: absolute; clip: rect(1px, 1px, 1px, 1px);\" title=\"\u00abEcopetrol tiene en la mira la energ\u00eda e\u00f3lica. En Yopal habr\u00e1 torre de medici\u00f3n para su viabilidad\u00bb \u2014 \u25b7 Noticias de Casanare : Martha Cifuentes | Casanare\" src=\"https:\/\/marthacifuentes.com\/portada\/2022\/11\/24\/ecopetrol-tiene-en-la-mira-la-energia-eolica-en-yopal-habra-torre-de-medicion-para-su-viabilidad\/embed\/#?secret=l56RH0QKmt#?secret=azDQSAGu6U\" data-secret=\"azDQSAGu6U\" width=\"500\" height=\"282\" frameborder=\"0\" marginwidth=\"0\" marginheight=\"0\" scrolling=\"no\"><\/iframe><\/p>\n<p><iframe loading=\"lazy\" class=\"wp-embedded-content\" title=\"\u00abAlcaldes de Casanare le estar\u00edan haciendo conejo con las regal\u00edas a Unitr\u00f3pico y otras universidades.\u00bb \u2014 \u25b7 Noticias de Casanare : Martha Cifuentes | Casanare\" src=\"https:\/\/marthacifuentes.com\/portada\/2022\/11\/24\/alcaldes-de-casanare-le-estarian-haciendo-conejo-con-las-regalias-a-unitropico-y-otras-universidades-contraloria-investigaalcaldes-de-casanare-le-estarian-haciendo-conejo-con-las-regalias-a-unitropic\/embed\/#?secret=B0ikSTqu9T#?secret=xnQ5aEy2ko\" width=\"600\" height=\"582\" frameborder=\"0\" marginwidth=\"0\" marginheight=\"0\" scrolling=\"no\" sandbox=\"allow-scripts\" data-secret=\"xnQ5aEy2ko\" data-mce-fragment=\"1\"><\/iframe><\/p>\n<p><iframe loading=\"lazy\" class=\"wp-embedded-content\" title=\"\u00abVerano en Casanare ser\u00e1 pasado por agua. Ideam pronostica continuaci\u00f3n de fen\u00f3meno de La Ni\u00f1a.\u00bb \u2014 \u25b7 Noticias de Casanare : Martha Cifuentes | Casanare\" src=\"https:\/\/marthacifuentes.com\/portada\/2022\/11\/23\/verano-en-casanare-sera-pasado-por-agua-ideam-pronostica-continuacion-de-fenomeno-de-la-nina\/embed\/#?secret=zDbCsFOvsk#?secret=S9nOhiJ33y\" width=\"600\" height=\"600\" frameborder=\"0\" marginwidth=\"0\" marginheight=\"0\" scrolling=\"no\" sandbox=\"allow-scripts\" data-secret=\"S9nOhiJ33y\" data-mce-fragment=\"1\"><\/iframe><\/p>\n<p><iframe loading=\"lazy\" class=\"wp-embedded-content\" title=\"\u00abT\u00edtulos de predios, cr\u00e9ditos a mujeres y recursos para pr\u00e9stamos, algunos de los beneficios de los Di\u00e1logos Regionales Vinculantes en Yopal\u00bb \u2014 \u25b7 Noticias de Casanare : Martha Cifuentes | Casanare\" src=\"https:\/\/marthacifuentes.com\/portada\/2022\/11\/23\/titulos-de-predios-creditos-a-mujeres-y-recursos-para-prestamos-algunos-de-los-beneficios-de-los-dialogos-regionales-vinculantes-en-yopal\/embed\/#?secret=uEGkxIho5k#?secret=1QmD8QArCQ\" width=\"600\" height=\"649\" frameborder=\"0\" marginwidth=\"0\" marginheight=\"0\" scrolling=\"no\" sandbox=\"allow-scripts\" data-secret=\"1QmD8QArCQ\" data-mce-fragment=\"1\"><\/iframe><\/p>\n<p><iframe loading=\"lazy\" class=\"wp-embedded-content\" title=\"\u00abEn Di\u00e1logos Regionales Vinculantes en Yopal, MinAgricultura rega\u00f1\u00f3 a pol\u00edticos y estos se quejaron porque no les dieron pantalla\u00bb \u2014 \u25b7 Noticias de Casanare : Martha Cifuentes | Casanare\" src=\"https:\/\/marthacifuentes.com\/portada\/2022\/11\/23\/en-dialogos-regionales-vinculantes-en-yopal-minagricultura-regano-a-politicos-y-estos-se-quejaron-porque-no-les-dieron-pantalla\/embed\/#?secret=IclsdNTFjw#?secret=lyF6svInvt\" width=\"600\" height=\"628\" frameborder=\"0\" marginwidth=\"0\" marginheight=\"0\" scrolling=\"no\" sandbox=\"allow-scripts\" data-secret=\"lyF6svInvt\" data-mce-fragment=\"1\"><\/iframe><\/p>\n<p><iframe loading=\"lazy\" class=\"wp-embedded-content\" title=\"\u00abPetristas contentos con participaci\u00f3n ciudadana en Di\u00e1logos Regionales Vinculantes en Yopal\u00bb \u2014 \u25b7 Noticias de Casanare : Martha Cifuentes | Casanare\" src=\"https:\/\/marthacifuentes.com\/portada\/2022\/11\/23\/petristas-contentos-con-participacion-ciudadana-en-dialogos-regionales-vinculantes-en-yopal\/embed\/#?secret=4rPGPP30lf#?secret=bkDBezsJjf\" width=\"600\" height=\"621\" frameborder=\"0\" marginwidth=\"0\" marginheight=\"0\" scrolling=\"no\" sandbox=\"allow-scripts\" data-secret=\"bkDBezsJjf\" data-mce-fragment=\"1\"><\/iframe><\/p>\n<p><iframe loading=\"lazy\" class=\"wp-embedded-content\" title=\"\u00abExdirector del DAS en Casanare acept\u00f3 culpa por falsos positivos\u00bb \u2014 \u25b7 Noticias de Casanare : Martha Cifuentes | Casanare\" src=\"https:\/\/marthacifuentes.com\/portada\/2022\/11\/23\/exdirector-del-das-en-casanare-acepto-culpa-por-falsos-positivos\/embed\/#?secret=opYL7SHZpR#?secret=vXgj6zEHKL\" width=\"600\" height=\"621\" frameborder=\"0\" marginwidth=\"0\" marginheight=\"0\" scrolling=\"no\" sandbox=\"allow-scripts\" data-secret=\"vXgj6zEHKL\" data-mce-fragment=\"1\"><\/iframe><\/p>\n<p><iframe loading=\"lazy\" class=\"wp-embedded-content\" title=\"\u00abIniciaron los Di\u00e1logos Regionales Vinculantes en Yopal\u00bb \u2014 \u25b7 Noticias de Casanare : Martha Cifuentes | Casanare\" src=\"https:\/\/marthacifuentes.com\/portada\/2022\/11\/22\/iniciaron-los-dialogos-regionales-vinculantes-en-yopal\/embed\/#?secret=w5Ik2Acqmv#?secret=RAxkV7SChZ\" width=\"600\" height=\"592\" frameborder=\"0\" marginwidth=\"0\" marginheight=\"0\" scrolling=\"no\" sandbox=\"allow-scripts\" data-secret=\"RAxkV7SChZ\" data-mce-fragment=\"1\"><\/iframe><\/p>\n<p><iframe loading=\"lazy\" class=\"wp-embedded-content\" title=\"\u00abCasanare campe\u00f3n en muertes por accidentes de tr\u00e1nsito en 2021\u00bb \u2014 \u25b7 Noticias de Casanare : Martha Cifuentes | Casanare\" src=\"https:\/\/marthacifuentes.com\/portada\/2022\/11\/22\/casanare-campeon-en-muertes-por-accidentes-de-transito-en-2021\/embed\/#?secret=NSAi0HrRjm#?secret=mKj3CsU5E6\" width=\"600\" height=\"600\" frameborder=\"0\" marginwidth=\"0\" marginheight=\"0\" scrolling=\"no\" sandbox=\"allow-scripts\" data-secret=\"mKj3CsU5E6\" data-mce-fragment=\"1\"><\/iframe><\/p>\n<p><iframe loading=\"lazy\" class=\"wp-embedded-content\" title=\"\u00abSalto Candelas en Pajarito, declarada \u00e1rea protegida por Corporinoquia\u00bb \u2014 \u25b7 Noticias de Casanare : Martha Cifuentes | Casanare\" src=\"https:\/\/marthacifuentes.com\/portada\/2022\/11\/22\/salto-candelas-en-pajarito-declarada-area-protegida-por-corporinoquia\/embed\/#?secret=pHZGZCKrO8#?secret=gcz33LAbre\" width=\"600\" height=\"619\" frameborder=\"0\" marginwidth=\"0\" marginheight=\"0\" scrolling=\"no\" sandbox=\"allow-scripts\" data-secret=\"gcz33LAbre\" data-mce-fragment=\"1\"><\/iframe><\/p>\n<p><iframe loading=\"lazy\" class=\"wp-embedded-content\" title=\"\u00abSecretaria de Educaci\u00f3n de Casanare \u201cdesconoce\u201d denuncias de acoso sexual en Escuela Normal Superior de Monterrey\u00bb \u2014 \u25b7 Noticias de Casanare : Martha Cifuentes | Casanare\" src=\"https:\/\/marthacifuentes.com\/portada\/2022\/11\/22\/secretaria-de-educacion-de-casanare-desconoce-denuncias-de-acoso-sexual-en-escuela-normal-superior-de-monterrey\/embed\/#?secret=sQ2gv6qHXK#?secret=lzgBhxZrOT\" width=\"600\" height=\"649\" frameborder=\"0\" marginwidth=\"0\" marginheight=\"0\" scrolling=\"no\" sandbox=\"allow-scripts\" data-secret=\"lzgBhxZrOT\" data-mce-fragment=\"1\"><\/iframe><\/p>\n<p><iframe loading=\"lazy\" class=\"wp-embedded-content\" title=\"\u00abAutoridades desmintieron asesinato de ganadero secuestrado en Man\u00ed, pero sigue desaparecido\u00bb \u2014 \u25b7 Noticias de Casanare : Martha Cifuentes | Casanare\" src=\"https:\/\/marthacifuentes.com\/portada\/2022\/11\/22\/autoridades-desmintieron-asesinato-de-ganadero-secuestrado-en-mani-pero-sigue-desaparecido\/embed\/#?secret=RVkIWFsNxa#?secret=08fHGJ7F1S\" width=\"600\" height=\"600\" frameborder=\"0\" marginwidth=\"0\" marginheight=\"0\" scrolling=\"no\" sandbox=\"allow-scripts\" data-secret=\"08fHGJ7F1S\" data-mce-fragment=\"1\"><\/iframe><\/p>\n<p><iframe loading=\"lazy\" class=\"wp-embedded-content\" title=\"\u00abPor golpear a su esposa fue capturado exdiputado Manuel Albarrac\u00edn\u00bb \u2014 \u25b7 Noticias de Casanare : Martha Cifuentes | Casanare\" src=\"https:\/\/marthacifuentes.com\/portada\/2022\/11\/21\/30457\/embed\/#?secret=acUgYRjPT4#?secret=PMK62JjntO\" width=\"600\" height=\"621\" frameborder=\"0\" marginwidth=\"0\" marginheight=\"0\" scrolling=\"no\" sandbox=\"allow-scripts\" data-secret=\"PMK62JjntO\" data-mce-fragment=\"1\"><\/iframe><\/p>\n<p><iframe loading=\"lazy\" class=\"wp-embedded-content\" title=\"\u00abJuez de Yopal neg\u00f3 estar impedido en acci\u00f3n popular contra EAAAY en contrato de PTAR\u00bb \u2014 \u25b7 Noticias de Casanare : Martha Cifuentes | Casanare\" src=\"https:\/\/marthacifuentes.com\/portada\/2022\/11\/21\/juez-de-yopal-nego-estar-impedido-en-accion-popular-contra-eaaay-en-contrato-de-ptar\/embed\/#?secret=3Locoio7aU#?secret=ttKvzIYcbp\" width=\"600\" height=\"573\" frameborder=\"0\" marginwidth=\"0\" marginheight=\"0\" scrolling=\"no\" sandbox=\"allow-scripts\" data-secret=\"ttKvzIYcbp\" data-mce-fragment=\"1\"><\/iframe><\/p>\n<p><iframe loading=\"lazy\" class=\"wp-embedded-content\" title=\"\u00ab\u00abNO es NO\u00bb. Estudiantes de Escuela Normal de Monterrey, Casanare, denuncian acoso sexual de un docente.\u00bb \u2014 \u25b7 Noticias de Casanare : Martha Cifuentes | Casanare\" src=\"https:\/\/marthacifuentes.com\/portada\/2022\/11\/21\/estudiantes-de-escuela-normal-de-monterrey-casanare-denuncian-acoso-sexual-de-un-docente\/embed\/#?secret=9rppdQ6bRx#?secret=q5l4L5tPQ4\" width=\"600\" height=\"628\" frameborder=\"0\" marginwidth=\"0\" marginheight=\"0\" scrolling=\"no\" sandbox=\"allow-scripts\" data-secret=\"q5l4L5tPQ4\" data-mce-fragment=\"1\"><\/iframe><\/p>\n<p><iframe loading=\"lazy\" class=\"wp-embedded-content\" title=\"\u00abCr. Jos\u00e9 Miranda, comandante polic\u00eda de Casanare, a curso de ascenso a Brigadier General\u00bb \u2014 \u25b7 Noticias de Casanare : Martha Cifuentes | Casanare\" src=\"https:\/\/marthacifuentes.com\/portada\/2022\/11\/18\/cr-jose-miranda-comandante-policia-de-casanare-a-curso-de-ascenso-a-brigadier-general\/embed\/#?secret=meIEJQIouY#?secret=2AdFkwgYVw\" width=\"600\" height=\"621\" frameborder=\"0\" marginwidth=\"0\" marginheight=\"0\" scrolling=\"no\" sandbox=\"allow-scripts\" data-secret=\"2AdFkwgYVw\" data-mce-fragment=\"1\"><\/iframe><\/p>\n<p><iframe loading=\"lazy\" class=\"wp-embedded-content\" title=\"\u00abContin\u00faa conflicto social entre comunidades y Ecopetrol en proyectos en Plan Brisas en Aguazul\u00bb \u2014 \u25b7 Noticias de Casanare : Martha Cifuentes | Casanare\" src=\"https:\/\/marthacifuentes.com\/portada\/2022\/11\/18\/continua-conflicto-social-entre-comunidades-y-ecopetrol-en-proyectos-en-plan-brisas-en-aguazul\/embed\/#?secret=1fd8HEk3gQ#?secret=Sjnp21WV1w\" width=\"600\" height=\"621\" frameborder=\"0\" marginwidth=\"0\" marginheight=\"0\" scrolling=\"no\" sandbox=\"allow-scripts\" data-secret=\"Sjnp21WV1w\" data-mce-fragment=\"1\"><\/iframe><\/p>\n<p><iframe loading=\"lazy\" class=\"wp-embedded-content\" title=\"\u00abConmoci\u00f3n en Aguazul por violaci\u00f3n de jovencita. Hay $10 millones de recompensa por informaci\u00f3n que conduzca al responsable.\u00bb \u2014 \u25b7 Noticias de Casanare : Martha Cifuentes | Casanare\" src=\"https:\/\/marthacifuentes.com\/portada\/2022\/11\/18\/conmocion-en-aguazul-por-violacion-de-jovencita-hay-10-millones-de-recompensa-por-informacion-que-conduzca-al-responsable\/embed\/#?secret=IFAnWzHrF5#?secret=PhwNDBnwq5\" width=\"600\" height=\"649\" frameborder=\"0\" marginwidth=\"0\" marginheight=\"0\" scrolling=\"no\" sandbox=\"allow-scripts\" data-secret=\"PhwNDBnwq5\" data-mce-fragment=\"1\"><\/iframe><\/p>\n<p><iframe loading=\"lazy\" class=\"wp-embedded-content\" title=\"\u00abPr\u00f3ximo 22 de noviembre, Di\u00e1logos Regionales Vinculantes, del gobierno Petro, en Yopal. Inscr\u00edbase y participe.\u00bb \u2014 \u25b7 Noticias de Casanare : Martha Cifuentes | Casanare\" src=\"https:\/\/marthacifuentes.com\/portada\/2022\/11\/17\/proximo-22-de-noviembre-dialogos-regionales-vinculantes-del-gobierno-petro-en-yopal-inscribase-y-participe\/embed\/#?secret=tUtc5XmsmD#?secret=IRib243qMt\" width=\"600\" height=\"649\" frameborder=\"0\" marginwidth=\"0\" marginheight=\"0\" scrolling=\"no\" sandbox=\"allow-scripts\" data-secret=\"IRib243qMt\" data-mce-fragment=\"1\"><\/iframe><\/p>\n<p><iframe loading=\"lazy\" class=\"wp-embedded-content\" title=\"\u00abJuez tumb\u00f3 elecci\u00f3n de mesa directiva del Concejo de Yopal 2022 por ilegalidad en el proceso\u00bb \u2014 \u25b7 Noticias de Casanare : Martha Cifuentes | Casanare\" src=\"https:\/\/marthacifuentes.com\/portada\/2022\/11\/17\/juez-tumbo-eleccion-de-mesa-directiva-del-concejo-de-yopal-2022-por-ilegalidad-en-el-proceso\/embed\/#?secret=g8lkjtSOYw#?secret=tId0gHN9CG\" width=\"600\" height=\"621\" frameborder=\"0\" marginwidth=\"0\" marginheight=\"0\" scrolling=\"no\" sandbox=\"allow-scripts\" data-secret=\"tId0gHN9CG\" data-mce-fragment=\"1\"><\/iframe><\/p>\n<p><iframe loading=\"lazy\" class=\"wp-embedded-content\" title=\"\u00abInd\u00edgenas que deambulaban en Yopal pudieron retornar a su resguardo en Arauca\u00bb \u2014 \u25b7 Noticias de Casanare : Martha Cifuentes | Casanare\" src=\"https:\/\/marthacifuentes.com\/portada\/2022\/11\/17\/indigenas-que-deambulaban-en-yopal-pudieron-retornar-a-su-resguardo-en-arauca\/embed\/#?secret=1mH8pFldAr#?secret=hxaL6fDT2g\" width=\"600\" height=\"621\" frameborder=\"0\" marginwidth=\"0\" marginheight=\"0\" scrolling=\"no\" sandbox=\"allow-scripts\" data-secret=\"hxaL6fDT2g\" data-mce-fragment=\"1\"><\/iframe><\/p>\n<p><iframe loading=\"lazy\" class=\"wp-embedded-content\" title=\"\u00abEnviados a la c\u00e1rcel presuntos homicidas de hombre en ri\u00f1a callejera en Paz de Ariporo\u00bb \u2014 \u25b7 Noticias de Casanare : Martha Cifuentes | Casanare\" src=\"https:\/\/marthacifuentes.com\/portada\/2022\/11\/17\/enviados-a-la-carcel-presuntos-homicidas-de-hombre-en-rina-callejera-en-paz-de-ariporo\/embed\/#?secret=BNN7PTJFdc#?secret=xDUnnNChCS\" width=\"600\" height=\"621\" frameborder=\"0\" marginwidth=\"0\" marginheight=\"0\" scrolling=\"no\" sandbox=\"allow-scripts\" data-secret=\"xDUnnNChCS\" data-mce-fragment=\"1\"><\/iframe><\/p>\n<p><iframe loading=\"lazy\" class=\"wp-embedded-content\" title=\"\u00abM\u00e1s tierras, cr\u00e9ditos y desarrollo, propuesta de Min Agricultura y Banco Agrario\u00bb \u2014 \u25b7 Noticias de Casanare : Martha Cifuentes | Casanare\" src=\"https:\/\/marthacifuentes.com\/portada\/2022\/11\/16\/mas-tierras-creditos-y-desarrollo-propuesta-de-min-agricultura-y-banco-agrario\/embed\/#?secret=uNwhCWpBBL#?secret=XkEB6bpCoH\" width=\"600\" height=\"565\" frameborder=\"0\" marginwidth=\"0\" marginheight=\"0\" scrolling=\"no\" sandbox=\"allow-scripts\" data-secret=\"XkEB6bpCoH\" data-mce-fragment=\"1\"><\/iframe><\/p>\n<p><iframe loading=\"lazy\" class=\"wp-embedded-content\" title=\"\u00abPetroleros insisten en seguir con exploraci\u00f3n y producci\u00f3n en Colombia mientras se avanza en transici\u00f3n energ\u00e9tica\u00bb \u2014 \u25b7 Noticias de Casanare : Martha Cifuentes | Casanare\" src=\"https:\/\/marthacifuentes.com\/portada\/2022\/11\/16\/petroleros-insisten-en-seguir-con-exploracion-y-produccion-en-colombia-mientras-se-avanza-en-transicion-energetica\/embed\/#?secret=UZFcQjgG8q#?secret=4QcDUTd8Kr\" width=\"600\" height=\"649\" frameborder=\"0\" marginwidth=\"0\" marginheight=\"0\" scrolling=\"no\" sandbox=\"allow-scripts\" data-secret=\"4QcDUTd8Kr\" data-mce-fragment=\"1\"><\/iframe><\/p>\n<p><iframe loading=\"lazy\" class=\"wp-embedded-content\" title=\"\u00abCasanare debe despetrolizarse y dedicarse a la agricultura y al turismo: Petro\u00bb \u2014 \u25b7 Noticias de Casanare : Martha Cifuentes | Casanare\" src=\"https:\/\/marthacifuentes.com\/portada\/2022\/11\/16\/casanare-debe-despetrolizarse-y-dedicarse-a-la-agricultura-y-al-turismo-petro\/embed\/#?secret=kn5iR0y2eO#?secret=vznC3Zd3hs\" width=\"600\" height=\"621\" frameborder=\"0\" marginwidth=\"0\" marginheight=\"0\" scrolling=\"no\" sandbox=\"allow-scripts\" data-secret=\"vznC3Zd3hs\" data-mce-fragment=\"1\"><\/iframe><\/p>\n<p><iframe loading=\"lazy\" class=\"wp-embedded-content\" title=\"\u00abDenuncian atentado contra l\u00edderes de derechos humanos en barrio Casimena de Yopal.\u00bb \u2014 \u25b7 Noticias de Casanare : Martha Cifuentes | Casanare\" src=\"https:\/\/marthacifuentes.com\/portada\/2022\/11\/15\/denuncian-atentado-contra-lideres-de-derechos-humanos-en-barrio-casimena-de-yopal\/embed\/#?secret=vxrlq5PuZK#?secret=V9pAIV9dIi\" width=\"600\" height=\"599\" frameborder=\"0\" marginwidth=\"0\" marginheight=\"0\" scrolling=\"no\" sandbox=\"allow-scripts\" data-secret=\"V9pAIV9dIi\" data-mce-fragment=\"1\"><\/iframe><\/p>\n<p><iframe loading=\"lazy\" class=\"wp-embedded-content\" title=\"\u00abMarihuana y alcohol, sustancias sicoactivas m\u00e1s consumidas en Casanare.\u00bb \u2014 \u25b7 Noticias de Casanare : Martha Cifuentes | Casanare\" src=\"https:\/\/marthacifuentes.com\/portada\/2022\/11\/15\/marihuana-y-alcohol-sustancias-sicoactivas-mas-consumidas-en-casanare\/embed\/#?secret=x9ugmHieDr#?secret=8VaYSgj62i\" width=\"600\" height=\"621\" frameborder=\"0\" marginwidth=\"0\" marginheight=\"0\" scrolling=\"no\" sandbox=\"allow-scripts\" data-secret=\"8VaYSgj62i\" data-mce-fragment=\"1\"><\/iframe><\/p>\n<p><iframe loading=\"lazy\" class=\"wp-embedded-content\" title=\"\u00abPor fin Inv\u00edas le pone atenci\u00f3n a denuncias sobre desplazamiento de las juntas en viaducto Los Grillos en v\u00eda del Cusiana\u00bb \u2014 \u25b7 Noticias de Casanare : Martha Cifuentes | Casanare\" src=\"https:\/\/marthacifuentes.com\/portada\/2022\/11\/15\/por-fin-invias-le-pone-atencion-a-denuncias-sobre-desplazamiento-de-las-juntas-en-viaducto-los-grillos-en-via-del-cusiana\/embed\/#?secret=GLKhdpMbii#?secret=Rc7OLvLg6i\" width=\"600\" height=\"628\" frameborder=\"0\" marginwidth=\"0\" marginheight=\"0\" scrolling=\"no\" sandbox=\"allow-scripts\" data-secret=\"Rc7OLvLg6i\" data-mce-fragment=\"1\"><\/iframe><\/p>\n<p><iframe loading=\"lazy\" class=\"wp-embedded-content\" title=\"\u00abRestablecido paso vehicular con puente met\u00e1lico provisional en r\u00edo Ariporo, Casanare. Pendiente, soluci\u00f3n definitiva.\u00bb \u2014 \u25b7 Noticias de Casanare : Martha Cifuentes | Casanare\" src=\"https:\/\/marthacifuentes.com\/portada\/2022\/11\/15\/restablecido-paso-vehicular-con-puente-metalico-provisional-en-rio-ariporo-casanare-pendiente-solucion-definitiva\/embed\/#?secret=Qjz0QN0gfd#?secret=9otpJoSzEs\" width=\"600\" height=\"591\" frameborder=\"0\" marginwidth=\"0\" marginheight=\"0\" scrolling=\"no\" sandbox=\"allow-scripts\" data-secret=\"9otpJoSzEs\" data-mce-fragment=\"1\"><\/iframe><\/p>\n<p><iframe loading=\"lazy\" class=\"wp-embedded-content\" title=\"\u00abTamare\u00f1os celebran triste cumplea\u00f1os 3 de obra inconclusa del sistema de acueducto del Tabl\u00f3n\u00bb \u2014 \u25b7 Noticias de Casanare : Martha Cifuentes | Casanare\" src=\"https:\/\/marthacifuentes.com\/portada\/2022\/11\/11\/tamarenos-celebran-triste-cumpleanos-3-de-obra-inconclusa-del-sistema-de-acueducto-del-tablon\/embed\/#?secret=rJhyXcTiFW#?secret=frWJdPhSCu\" width=\"600\" height=\"535\" frameborder=\"0\" marginwidth=\"0\" marginheight=\"0\" scrolling=\"no\" sandbox=\"allow-scripts\" data-secret=\"frWJdPhSCu\" data-mce-fragment=\"1\"><\/iframe><\/p>\n<p><iframe loading=\"lazy\" class=\"wp-embedded-content\" title=\"\u00abProcuradur\u00eda solicita a Juez decretar medidas cautelares sobre negocio del terminal de transportes de Yopal\u00bb \u2014 \u25b7 Noticias de Casanare : Martha Cifuentes | Casanare\" src=\"https:\/\/marthacifuentes.com\/portada\/2022\/11\/11\/procuraduria-solicita-a-juez-decretar-medidas-cautelares-sobre-negocio-del-terminal-de-transportes-de-yopal\/embed\/#?secret=PCoyyIZUp3#?secret=QLjfpW39Ed\" width=\"600\" height=\"649\" frameborder=\"0\" marginwidth=\"0\" marginheight=\"0\" scrolling=\"no\" sandbox=\"allow-scripts\" data-secret=\"QLjfpW39Ed\" data-mce-fragment=\"1\"><\/iframe><\/p>\n<p><iframe loading=\"lazy\" class=\"wp-embedded-content\" title=\"\u00abEaaay celebra inadmisi\u00f3n de acci\u00f3n popular referente a contrato de manejo de basuras. Demandante, exalcalde de Yopal, confirma que ya se subsan\u00f3 la falla.\u00bb \u2014 \u25b7 Noticias de Casanare : Martha Cifuentes | Casanare\" src=\"https:\/\/marthacifuentes.com\/portada\/2022\/11\/10\/eaaay-celebra-inadmision-de-accion-popular-referente-a-contrato-de-manejo-de-basuras-demandante-exalcalde-de-yopal-confirma-que-ya-se-subsano-la-falla\/embed\/#?secret=Dk945qddpI#?secret=n59lp9EFQi\" width=\"600\" height=\"676\" frameborder=\"0\" marginwidth=\"0\" marginheight=\"0\" scrolling=\"no\" sandbox=\"allow-scripts\" data-secret=\"n59lp9EFQi\" data-mce-fragment=\"1\"><\/iframe><\/p>\n<p><iframe loading=\"lazy\" class=\"wp-embedded-content\" title=\"\u00abEn menos de 10 d\u00edas entrar\u00e1 en funcionamiento puente Eduardo Rom\u00e1n Bazurto en r\u00edo Ariporo en Casanare\u00bb \u2014 \u25b7 Noticias de Casanare : Martha Cifuentes | Casanare\" src=\"https:\/\/marthacifuentes.com\/portada\/2022\/11\/09\/en-menos-de-10-dias-entrara-en-funcionamiento-puente-eduardo-roman-bazurto-en-rio-ariporo-en-casanare\/embed\/#?secret=YqE36j3UsC#?secret=W34SFzHX3n\" width=\"600\" height=\"628\" frameborder=\"0\" marginwidth=\"0\" marginheight=\"0\" scrolling=\"no\" sandbox=\"allow-scripts\" data-secret=\"W34SFzHX3n\" data-mce-fragment=\"1\"><\/iframe><\/p>\n<p><iframe loading=\"lazy\" class=\"wp-embedded-content\" title=\"\u00abEaaay apel\u00f3 medida cautelar que suspendi\u00f3 cuestionado multimillonario contrato de la PTAR\u00bb \u2014 \u25b7 Noticias de Casanare : Martha Cifuentes | Casanare\" src=\"https:\/\/marthacifuentes.com\/portada\/2022\/11\/08\/eaaay-apelo-medida-cautelar-que-suspendio-cuestionado-multimillonario-contrato-de-la-ptar\/embed\/#?secret=628MW2ERsR#?secret=4U8BFkHRVZ\" width=\"600\" height=\"586\" frameborder=\"0\" marginwidth=\"0\" marginheight=\"0\" scrolling=\"no\" sandbox=\"allow-scripts\" data-secret=\"4U8BFkHRVZ\" data-mce-fragment=\"1\"><\/iframe><\/p>\n<p><iframe loading=\"lazy\" class=\"wp-embedded-content\" title=\"\u00abBajas presiones de agua en Yopal por inconclusa PTAP\u00bb \u2014 \u25b7 Noticias de Casanare : Martha Cifuentes | Casanare\" src=\"https:\/\/marthacifuentes.com\/portada\/2022\/11\/08\/bajas-presiones-de-agua-en-yopal-por-inconclusa-ptap\/embed\/#?secret=j1JkUieFHF#?secret=wi6JMcA0hO\" width=\"600\" height=\"592\" frameborder=\"0\" marginwidth=\"0\" marginheight=\"0\" scrolling=\"no\" sandbox=\"allow-scripts\" data-secret=\"wi6JMcA0hO\" data-mce-fragment=\"1\"><\/iframe><\/p>\n<p><iframe loading=\"lazy\" class=\"wp-embedded-content\" title=\"\u00abDilataci\u00f3n en junta del viaducto de Los Grillos en v\u00eda del Cusiana no implica amenaza de colapso: Inv\u00edas\u00bb \u2014 \u25b7 Noticias de Casanare : Martha Cifuentes | Casanare\" src=\"https:\/\/marthacifuentes.com\/portada\/2022\/11\/08\/dilatacion-en-junta-del-viaducto-de-los-grillos-en-via-del-cusiana-no-implica-amenaza-de-colapso-invias\/embed\/#?secret=JDhXYRF6ge#?secret=0oibqHUaNE\" width=\"600\" height=\"600\" frameborder=\"0\" marginwidth=\"0\" marginheight=\"0\" scrolling=\"no\" sandbox=\"allow-scripts\" data-secret=\"0oibqHUaNE\" data-mce-fragment=\"1\"><\/iframe><\/p>\n<p><iframe loading=\"lazy\" class=\"wp-embedded-content\" title=\"\u00abPolic\u00eda ebrio que caus\u00f3 destrozos en varios carros en Yopal fue apartado de su cargo.\u00bb \u2014 \u25b7 Noticias de Casanare : Martha Cifuentes | Casanare\" src=\"https:\/\/marthacifuentes.com\/portada\/2022\/11\/08\/policia-ebrio-que-causo-destrozos-en-varios-carros-en-yopal-fue-apartado-de-su-cargo\/embed\/#?secret=rdRMZmnj2X#?secret=VTe4i7sj25\" width=\"600\" height=\"621\" frameborder=\"0\" marginwidth=\"0\" marginheight=\"0\" scrolling=\"no\" sandbox=\"allow-scripts\" data-secret=\"VTe4i7sj25\" data-mce-fragment=\"1\"><\/iframe><\/p>\n<p><iframe loading=\"lazy\" class=\"wp-embedded-content\" title=\"\u00abNi\u00f1o se ahog\u00f3 en r\u00edo Tocar\u00eda, Casanare.\u00bb \u2014 \u25b7 Noticias de Casanare : Martha Cifuentes | Casanare\" src=\"https:\/\/marthacifuentes.com\/portada\/2022\/11\/08\/nino-se-ahogo-en-rio-tocaria-casanare\/embed\/#?secret=p94u0KILSM#?secret=NVUty8LFzf\" width=\"600\" height=\"592\" frameborder=\"0\" marginwidth=\"0\" marginheight=\"0\" scrolling=\"no\" sandbox=\"allow-scripts\" data-secret=\"NVUty8LFzf\" data-mce-fragment=\"1\"><\/iframe><\/p>\n<p><iframe loading=\"lazy\" class=\"wp-embedded-content\" title=\"\u00abExmilitar de 42 a\u00f1os se habr\u00eda suicidado en Yopal.\u00bb \u2014 \u25b7 Noticias de Casanare : Martha Cifuentes | Casanare\" src=\"https:\/\/marthacifuentes.com\/portada\/2022\/11\/08\/exmilitar-de-42-anos-se-habria-suicidado-en-yopal\/embed\/#?secret=0PwtmAGymV#?secret=pMq4xFswvs\" width=\"600\" height=\"571\" frameborder=\"0\" marginwidth=\"0\" marginheight=\"0\" scrolling=\"no\" sandbox=\"allow-scripts\" data-secret=\"pMq4xFswvs\" data-mce-fragment=\"1\"><\/iframe><\/p>\n<p><iframe loading=\"lazy\" class=\"wp-embedded-content\" title=\"\u00abEmergencia en La Salina, Casanare, por afectaci\u00f3n del acueducto. 250 familias afectadas\u00bb \u2014 \u25b7 Noticias de Casanare : Martha Cifuentes | Casanare\" src=\"https:\/\/marthacifuentes.com\/portada\/2022\/11\/04\/emergencia-en-la-salina-casanare-por-afectacion-del-acueducto-250-familias-afectadas\/embed\/#?secret=5PCcyWbv7T#?secret=z5VAPSKojF\" width=\"600\" height=\"600\" frameborder=\"0\" marginwidth=\"0\" marginheight=\"0\" scrolling=\"no\" sandbox=\"allow-scripts\" data-secret=\"z5VAPSKojF\" data-mce-fragment=\"1\"><\/iframe><\/p>\n<p><iframe loading=\"lazy\" class=\"wp-embedded-content\" title=\"\u00abFestival de Teatro y Circo Guadalupe, este jueves 3 y viernes 4 de noviembre. Esta es la agenda.\u00bb \u2014 \u25b7 Noticias de Casanare : Martha Cifuentes | Casanare\" src=\"https:\/\/marthacifuentes.com\/portada\/2022\/11\/03\/festival-de-teatro-y-circo-guadalupe-este-jueves-3-y-viernes-4-de-noviembre-esta-es-la-agenda\/embed\/#?secret=oMN1sPxiWc#?secret=ONws1kCbax\" width=\"600\" height=\"586\" frameborder=\"0\" marginwidth=\"0\" marginheight=\"0\" scrolling=\"no\" sandbox=\"allow-scripts\" data-secret=\"ONws1kCbax\" data-mce-fragment=\"1\"><\/iframe><\/p>\n<p><iframe loading=\"lazy\" class=\"wp-embedded-content\" title=\"\u00abCon acci\u00f3n popular exalcalde de Yopal busca tumbar contrato de las basuras firmado por Eaaay\u00bb \u2014 \u25b7 Noticias de Casanare : Martha Cifuentes | Casanare\" src=\"https:\/\/marthacifuentes.com\/portada\/2022\/11\/02\/con-accion-popular-exalcalde-de-yopal-busca-tumbar-contrato-de-las-basuras-firmado-por-eaaay\/embed\/#?secret=rSiU0Ll7Ae#?secret=SyPFdPXhFo\" width=\"600\" height=\"604\" frameborder=\"0\" marginwidth=\"0\" marginheight=\"0\" scrolling=\"no\" sandbox=\"allow-scripts\" data-secret=\"SyPFdPXhFo\" data-mce-fragment=\"1\"><\/iframe><\/p>\n<p><iframe loading=\"lazy\" class=\"wp-embedded-content\" title=\"\u00ab\u00bfAlcalde de Yopal quiere \u00abferiar\u00bb servicios p\u00fablicos de la Eaaay? Eso insin\u00faa Superintendente de S.P.\u00bb \u2014 \u25b7 Noticias de Casanare : Martha Cifuentes | Casanare\" src=\"https:\/\/marthacifuentes.com\/portada\/2022\/11\/02\/alcalde-de-yopal-quiere-feriar-servicios-publicos-de-la-eaaay-eso-insinua-superintendente-de-s-p\/embed\/#?secret=tEb2YlmLoW#?secret=jsVjBAoQSx\" width=\"600\" height=\"600\" frameborder=\"0\" marginwidth=\"0\" marginheight=\"0\" scrolling=\"no\" sandbox=\"allow-scripts\" data-secret=\"jsVjBAoQSx\" data-mce-fragment=\"1\"><\/iframe><\/p>\n<p><iframe loading=\"lazy\" class=\"wp-embedded-content\" title=\"\u00abPetroleros rechazan sobretasa entre 5 y 15% a este sector, en reforma tributaria. ACP dice que afectar\u00e1 al pa\u00eds.\u00bb \u2014 \u25b7 Noticias de Casanare : Martha Cifuentes | Casanare\" src=\"https:\/\/marthacifuentes.com\/portada\/2022\/11\/01\/petroleros-rechazan-sobretasa-entre-5-y-15-a-este-sector-en-reforma-tributaria-acp-dice-que-afectara-al-pais\/embed\/#?secret=LpsigZSkJe#?secret=CiCs51mLG4\" width=\"600\" height=\"649\" frameborder=\"0\" marginwidth=\"0\" marginheight=\"0\" scrolling=\"no\" sandbox=\"allow-scripts\" data-secret=\"CiCs51mLG4\" data-mce-fragment=\"1\"><\/iframe><\/p>\n<p><iframe loading=\"lazy\" class=\"wp-embedded-content\" title=\"\u00abCoronel Efra\u00edn Garc\u00eda Hern\u00e1ndez ser\u00e1 el nuevo comandante de polic\u00eda en Casanare. Se va el cr. Jos\u00e9 Miranda.\u00bb \u2014 \u25b7 Noticias de Casanare : Martha Cifuentes | Casanare\" src=\"https:\/\/marthacifuentes.com\/portada\/2022\/11\/01\/coronel-efrain-garcia-hernandez-sera-el-nuevo-comandante-de-policia-en-casanare-se-va-el-cr-jose-miranda\/embed\/#?secret=c2UXNzbi05#?secret=m8tK9bLrJE\" width=\"600\" height=\"649\" frameborder=\"0\" marginwidth=\"0\" marginheight=\"0\" scrolling=\"no\" sandbox=\"allow-scripts\" data-secret=\"m8tK9bLrJE\" data-mce-fragment=\"1\"><\/iframe><\/p>\n<p><iframe loading=\"lazy\" class=\"wp-embedded-content\" title=\"\u00abApareci\u00f3 vivo el l\u00edder y veedor social de Orocu\u00e9, Fernando Gu\u00edo.\u00bb \u2014 \u25b7 Noticias de Casanare : Martha Cifuentes | Casanare\" src=\"https:\/\/marthacifuentes.com\/portada\/2022\/11\/01\/aparecio-vivo-el-lider-y-veedor-social-de-orocue-fernando-guio\/embed\/#?secret=HLNBFpiU6D#?secret=oRcoAiRsFw\" width=\"600\" height=\"621\" frameborder=\"0\" marginwidth=\"0\" marginheight=\"0\" scrolling=\"no\" sandbox=\"allow-scripts\" data-secret=\"oRcoAiRsFw\" data-mce-fragment=\"1\"><\/iframe><\/p>\n<p><iframe loading=\"lazy\" class=\"wp-embedded-content\" title=\"\u00abPrestamista \u00abgota a gota\u00bb asesinado en Villanueva, Casanare. Con esta, son 7 las muertes violentas en este municipio.\u00bb \u2014 \u25b7 Noticias de Casanare : Martha Cifuentes | Casanare\" src=\"https:\/\/marthacifuentes.com\/portada\/2022\/10\/31\/prestamista-gota-a-gota-asesinado-en-villanueva-casanare-con-esta-son-7-las-muertes-violentas-en-este-municipio\/embed\/#?secret=RHhwX9TAZN#?secret=adeBFdwBOP\" width=\"600\" height=\"628\" frameborder=\"0\" marginwidth=\"0\" marginheight=\"0\" scrolling=\"no\" sandbox=\"allow-scripts\" data-secret=\"adeBFdwBOP\" data-mce-fragment=\"1\"><\/iframe><\/p>\n<p><iframe loading=\"lazy\" class=\"wp-embedded-content\" title=\"\u00abJuzgado que suspendi\u00f3 contrato de la PTAR de la Eaaay, trunc\u00f3 \u00aboportunidad de negocio\u00bb del alcalde de Yopal y del gerente\u00bb \u2014 \u25b7 Noticias de Casanare : Martha Cifuentes | Casanare\" src=\"https:\/\/marthacifuentes.com\/portada\/2022\/10\/28\/juzgado-que-suspendio-contrato-de-la-ptar-de-la-eaaay-trunco-oportunidad-de-negocio-del-alcalde-de-yopal-y-del-gerente\/embed\/#?secret=yauQfQRe1Z#?secret=JAunMzTCTc\" width=\"600\" height=\"649\" frameborder=\"0\" marginwidth=\"0\" marginheight=\"0\" scrolling=\"no\" sandbox=\"allow-scripts\" data-secret=\"JAunMzTCTc\" data-mce-fragment=\"1\"><\/iframe><\/p>\n<p><iframe loading=\"lazy\" class=\"wp-embedded-content\" title=\"\u00abAlcaldesa de Aguazul se salv\u00f3 de canazo por incumplir fallo de tutela, as\u00ed lo determin\u00f3 Tribunal de Yopal\u00bb \u2014 \u25b7 Noticias de Casanare : Martha Cifuentes | Casanare\" src=\"https:\/\/marthacifuentes.com\/portada\/2022\/10\/27\/alcaldesa-de-aguazul-se-salvo-de-canazo-por-incumplir-fallo-de-tutela-asi-lo-determino-tribunal-de-yopal\/embed\/#?secret=CzYTHiCjZY#?secret=BYt7xtot3S\" width=\"600\" height=\"600\" frameborder=\"0\" marginwidth=\"0\" marginheight=\"0\" scrolling=\"no\" sandbox=\"allow-scripts\" data-secret=\"BYt7xtot3S\" data-mce-fragment=\"1\"><\/iframe><\/p>\n<p><iframe loading=\"lazy\" class=\"wp-embedded-content\" title=\"\u00abPor orden judicial de Tribunal de Casanare, Inv\u00edas debe contratar estudios que mitiguen problem\u00e1tica en r\u00edo Ariporo\u00bb \u2014 \u25b7 Noticias de Casanare : Martha Cifuentes | Casanare\" src=\"https:\/\/marthacifuentes.com\/portada\/2022\/10\/27\/por-orden-judicial-de-tribunal-de-casanare-invias-debe-contratar-estudios-que-mitiguen-problematica-en-rio-ariporo\/embed\/#?secret=lYpHfhIPK5#?secret=nluPY1bbsu\" width=\"600\" height=\"378\" frameborder=\"0\" marginwidth=\"0\" marginheight=\"0\" scrolling=\"no\" sandbox=\"allow-scripts\" data-secret=\"nluPY1bbsu\" data-mce-fragment=\"1\"><\/iframe><\/p>\n<p><iframe loading=\"lazy\" class=\"wp-embedded-content\" title=\"\u00abQu\u00e9 pasar\u00e1 que licitaciones de ACUATODOS no parecen ser para TODOS sino para \u00daNICOS oferentes\u00bb \u2014 \u25b7 Noticias de Casanare : Martha Cifuentes | Casanare\" src=\"https:\/\/marthacifuentes.com\/portada\/2022\/10\/26\/que-pasara-que-licitaciones-de-acuatodos-no-parecen-ser-para-todos-sino-para-unicos-oferentes\/embed\/#?secret=eMIBaemvMh#?secret=FOpgBmrwuE\" width=\"600\" height=\"598\" frameborder=\"0\" marginwidth=\"0\" marginheight=\"0\" scrolling=\"no\" sandbox=\"allow-scripts\" data-secret=\"FOpgBmrwuE\" data-mce-fragment=\"1\"><\/iframe><\/p>\n<p><iframe loading=\"lazy\" class=\"wp-embedded-content\" title=\"\u00abFestival cultural y creativo Joropo Fest 2022 en Yopal lleg\u00f3 a m\u00e1s de 12 mil personas\u00bb \u2014 \u25b7 Noticias de Casanare : Martha Cifuentes | Casanare\" src=\"https:\/\/marthacifuentes.com\/portada\/2022\/10\/25\/festival-cultural-y-creativo-joropo-fest-2022-en-yopal-llego-a-mas-de-12-mil-personas\/embed\/#?secret=pO8n2qnanH#?secret=yRDINSRGVz\" width=\"600\" height=\"621\" frameborder=\"0\" marginwidth=\"0\" marginheight=\"0\" scrolling=\"no\" sandbox=\"allow-scripts\" data-secret=\"yRDINSRGVz\" data-mce-fragment=\"1\"><\/iframe><\/p>\n<p><iframe loading=\"lazy\" class=\"wp-embedded-content\" title=\"\u00abDos ni\u00f1os v\u00edctimas de violencia sexual y matoneo, respectivamente, en instituciones educativas en Hato Corozal, Casanare.\u00bb \u2014 \u25b7 Noticias de Casanare : Martha Cifuentes | Casanare\" src=\"https:\/\/marthacifuentes.com\/portada\/2022\/10\/25\/dos-ninos-victimas-de-violencia-sexual-y-matoneo-respectivamente-en-instituciones-educativas-en-hato-corozal-casanare\/embed\/#?secret=e8IWQDCUji#?secret=nkrn8JH99i\" width=\"600\" height=\"649\" frameborder=\"0\" marginwidth=\"0\" marginheight=\"0\" scrolling=\"no\" sandbox=\"allow-scripts\" data-secret=\"nkrn8JH99i\" data-mce-fragment=\"1\"><\/iframe><\/p>\n<p><iframe loading=\"lazy\" class=\"wp-embedded-content\" title=\"\u00abEste a\u00f1o en Yopal s\u00ed hay festival de teatro y circo\u00bb \u2014 \u25b7 Noticias de Casanare : Martha Cifuentes | Casanare\" src=\"https:\/\/marthacifuentes.com\/portada\/2022\/10\/25\/este-ano-en-yopal-si-hay-festival-de-teatro-y-circo\/embed\/#?secret=N7RoyKrFty#?secret=u65dhCOs3b\" width=\"600\" height=\"571\" frameborder=\"0\" marginwidth=\"0\" marginheight=\"0\" scrolling=\"no\" sandbox=\"allow-scripts\" data-secret=\"u65dhCOs3b\" data-mce-fragment=\"1\"><\/iframe><\/p>\n","protected":false},"excerpt":{"rendered":"<p>Ma\u00f1ana se realizar\u00e1 el lanzamiento regional en Yopal, Casanare de la investigaci\u00f3n \u201c\u00bfDel paramilitarismo al paramilitarismo? Radiograf\u00edas de una paz violenta\u201d, realizada por la organizaci\u00f3n Rosa Luxemburg con el apoyo de Cospacc. El evento se llevar\u00e1 a cabo en el hotel El Atajo en la calle 10 No. 18-11 a las 9:30 am. En el &hellip;<\/p>\n","protected":false},"author":2,"featured_media":30504,"comment_status":"open","ping_status":"open","sticky":false,"template":"","format":"standard","meta":{"om_disable_all_campaigns":false,"_exactmetrics_skip_tracking":false,"_exactmetrics_sitenote_active":false,"_exactmetrics_sitenote_note":"","_exactmetrics_sitenote_category":0,"_monsterinsights_skip_tracking":false,"_monsterinsights_sitenote_active":false,"_monsterinsights_sitenote_note":"","_monsterinsights_sitenote_category":0,"_uf_show_specific_survey":0,"_uf_disable_surveys":false,"_joinchat":[],"footnotes":""},"categories":[147,146,145],"tags":[1373,8610,1400,1421,1376],"class_list":["post-30503","post","type-post","status-publish","format-standard","has-post-thumbnail","hentry","category-actualidad","category-noticias","category-reportajes","tag-casanare-noticias","tag-el-libro-del-paramilitarismo-al-paramilitarismo-sera-presentado-manana-en-yopal","tag-noticias-casanare","tag-noticias-yopal","tag-yopal-noticias"],"yoast_head":"<!-- This site is optimized with the Yoast SEO plugin v26.1 - https:\/\/yoast.com\/wordpress\/plugins\/seo\/ -->\n<title>El libro \u00bfDel paramilitarismo al paramilitarismo? ser\u00e1 presentado ma\u00f1ana en Yopal - \u25b7 Noticias de Casanare : Martha Cifuentes | Casanare<\/title>\n<meta name=\"robots\" content=\"index, follow, max-snippet:-1, max-image-preview:large, max-video-preview:-1\" \/>\n<link rel=\"canonical\" href=\"https:\/\/marthacifuentes.com\/portada\/el-libro-del-paramilitarismo-al-paramilitarismo-sera-presentado-manana-en-yopal\/\" \/>\n<meta property=\"og:locale\" content=\"es_ES\" \/>\n<meta property=\"og:type\" content=\"article\" \/>\n<meta property=\"og:title\" content=\"El libro \u00bfDel paramilitarismo al paramilitarismo? ser\u00e1 presentado ma\u00f1ana en Yopal - \u25b7 Noticias de Casanare : Martha Cifuentes | Casanare\" \/>\n<meta property=\"og:description\" content=\"Ma\u00f1ana se realizar\u00e1 el lanzamiento regional en Yopal, Casanare de la investigaci\u00f3n \u201c\u00bfDel paramilitarismo al paramilitarismo? Radiograf\u00edas de una paz violenta\u201d, realizada por la organizaci\u00f3n Rosa Luxemburg con el apoyo de Cospacc. El evento se llevar\u00e1 a cabo en el hotel El Atajo en la calle 10 No. 18-11 a las 9:30 am. En el &hellip;\" \/>\n<meta property=\"og:url\" content=\"https:\/\/marthacifuentes.com\/portada\/el-libro-del-paramilitarismo-al-paramilitarismo-sera-presentado-manana-en-yopal\/\" \/>\n<meta property=\"og:site_name\" content=\"\u25b7 Noticias de Casanare : Martha Cifuentes | Casanare\" \/>\n<meta property=\"article:published_time\" content=\"2022-11-24T23:10:51+00:00\" \/>\n<meta property=\"og:image\" content=\"https:\/\/marthacifuentes.com\/portada\/wp-content\/uploads\/2022\/11\/El-libro-Del-paramilitarismo-al-paramilitarismo-sera-presentado-manana-en-Yopal.png\" \/>\n\t<meta property=\"og:image:width\" content=\"505\" \/>\n\t<meta property=\"og:image:height\" content=\"322\" \/>\n\t<meta property=\"og:image:type\" content=\"image\/png\" \/>\n<meta name=\"author\" content=\"Martha Cifuentes\" \/>\n<meta name=\"twitter:card\" content=\"summary_large_image\" \/>\n<meta name=\"twitter:label1\" content=\"Escrito por\" \/>\n\t<meta name=\"twitter:data1\" content=\"Martha Cifuentes\" \/>\n\t<meta name=\"twitter:label2\" content=\"Tiempo de lectura\" \/>\n\t<meta name=\"twitter:data2\" content=\"2 minutos\" \/>\n<script type=\"application\/ld+json\" class=\"yoast-schema-graph\">{\"@context\":\"https:\/\/schema.org\",\"@graph\":[{\"@type\":\"WebPage\",\"@id\":\"https:\/\/marthacifuentes.com\/portada\/el-libro-del-paramilitarismo-al-paramilitarismo-sera-presentado-manana-en-yopal\/\",\"url\":\"https:\/\/marthacifuentes.com\/portada\/el-libro-del-paramilitarismo-al-paramilitarismo-sera-presentado-manana-en-yopal\/\",\"name\":\"El libro \u00bfDel paramilitarismo al paramilitarismo? ser\u00e1 presentado ma\u00f1ana en Yopal - \u25b7 Noticias de Casanare : Martha Cifuentes | Casanare\",\"isPartOf\":{\"@id\":\"https:\/\/marthacifuentes.com\/portada\/#website\"},\"primaryImageOfPage\":{\"@id\":\"https:\/\/marthacifuentes.com\/portada\/el-libro-del-paramilitarismo-al-paramilitarismo-sera-presentado-manana-en-yopal\/#primaryimage\"},\"image\":{\"@id\":\"https:\/\/marthacifuentes.com\/portada\/el-libro-del-paramilitarismo-al-paramilitarismo-sera-presentado-manana-en-yopal\/#primaryimage\"},\"thumbnailUrl\":\"https:\/\/marthacifuentes.com\/portada\/wp-content\/uploads\/2022\/11\/El-libro-Del-paramilitarismo-al-paramilitarismo-sera-presentado-manana-en-Yopal.png\",\"datePublished\":\"2022-11-24T23:10:51+00:00\",\"author\":{\"@id\":\"https:\/\/marthacifuentes.com\/portada\/#\/schema\/person\/57f53174b991db5f90ff78d58502b714\"},\"breadcrumb\":{\"@id\":\"https:\/\/marthacifuentes.com\/portada\/el-libro-del-paramilitarismo-al-paramilitarismo-sera-presentado-manana-en-yopal\/#breadcrumb\"},\"inLanguage\":\"es\",\"potentialAction\":[{\"@type\":\"ReadAction\",\"target\":[\"https:\/\/marthacifuentes.com\/portada\/el-libro-del-paramilitarismo-al-paramilitarismo-sera-presentado-manana-en-yopal\/\"]}]},{\"@type\":\"ImageObject\",\"inLanguage\":\"es\",\"@id\":\"https:\/\/marthacifuentes.com\/portada\/el-libro-del-paramilitarismo-al-paramilitarismo-sera-presentado-manana-en-yopal\/#primaryimage\",\"url\":\"https:\/\/marthacifuentes.com\/portada\/wp-content\/uploads\/2022\/11\/El-libro-Del-paramilitarismo-al-paramilitarismo-sera-presentado-manana-en-Yopal.png\",\"contentUrl\":\"https:\/\/marthacifuentes.com\/portada\/wp-content\/uploads\/2022\/11\/El-libro-Del-paramilitarismo-al-paramilitarismo-sera-presentado-manana-en-Yopal.png\",\"width\":505,\"height\":322},{\"@type\":\"BreadcrumbList\",\"@id\":\"https:\/\/marthacifuentes.com\/portada\/el-libro-del-paramilitarismo-al-paramilitarismo-sera-presentado-manana-en-yopal\/#breadcrumb\",\"itemListElement\":[{\"@type\":\"ListItem\",\"position\":1,\"name\":\"Portada\",\"item\":\"https:\/\/marthacifuentes.com\/portada\/\"},{\"@type\":\"ListItem\",\"position\":2,\"name\":\"El libro \u00bfDel paramilitarismo al paramilitarismo? ser\u00e1 presentado ma\u00f1ana en Yopal\"}]},{\"@type\":\"WebSite\",\"@id\":\"https:\/\/marthacifuentes.com\/portada\/#website\",\"url\":\"https:\/\/marthacifuentes.com\/portada\/\",\"name\":\"\u25b7 Noticias de Casanare : Martha Cifuentes | Casanare\",\"description\":\"Noticias &amp; Contenidos\",\"potentialAction\":[{\"@type\":\"SearchAction\",\"target\":{\"@type\":\"EntryPoint\",\"urlTemplate\":\"https:\/\/marthacifuentes.com\/portada\/?s={search_term_string}\"},\"query-input\":{\"@type\":\"PropertyValueSpecification\",\"valueRequired\":true,\"valueName\":\"search_term_string\"}}],\"inLanguage\":\"es\"},{\"@type\":\"Person\",\"@id\":\"https:\/\/marthacifuentes.com\/portada\/#\/schema\/person\/57f53174b991db5f90ff78d58502b714\",\"name\":\"Martha Cifuentes\",\"image\":{\"@type\":\"ImageObject\",\"inLanguage\":\"es\",\"@id\":\"https:\/\/marthacifuentes.com\/portada\/#\/schema\/person\/image\/\",\"url\":\"http:\/\/marthacifuentes.com\/portada\/wp-content\/uploads\/2018\/06\/avatar_user_2_1528838701-96x96.jpg\",\"contentUrl\":\"http:\/\/marthacifuentes.com\/portada\/wp-content\/uploads\/2018\/06\/avatar_user_2_1528838701-96x96.jpg\",\"caption\":\"Martha Cifuentes\"},\"sameAs\":[\"http:\/\/www.marthacifuentes.com\"],\"url\":\"https:\/\/marthacifuentes.com\/portada\/author\/martha\/\"}]}<\/script>\n<!-- \/ Yoast SEO plugin. -->","yoast_head_json":{"title":"El libro \u00bfDel paramilitarismo al paramilitarismo? ser\u00e1 presentado ma\u00f1ana en Yopal - \u25b7 Noticias de Casanare : Martha Cifuentes | Casanare","robots":{"index":"index","follow":"follow","max-snippet":"max-snippet:-1","max-image-preview":"max-image-preview:large","max-video-preview":"max-video-preview:-1"},"canonical":"https:\/\/marthacifuentes.com\/portada\/el-libro-del-paramilitarismo-al-paramilitarismo-sera-presentado-manana-en-yopal\/","og_locale":"es_ES","og_type":"article","og_title":"El libro \u00bfDel paramilitarismo al paramilitarismo? ser\u00e1 presentado ma\u00f1ana en Yopal - \u25b7 Noticias de Casanare : Martha Cifuentes | Casanare","og_description":"Ma\u00f1ana se realizar\u00e1 el lanzamiento regional en Yopal, Casanare de la investigaci\u00f3n \u201c\u00bfDel paramilitarismo al paramilitarismo? Radiograf\u00edas de una paz violenta\u201d, realizada por la organizaci\u00f3n Rosa Luxemburg con el apoyo de Cospacc. El evento se llevar\u00e1 a cabo en el hotel El Atajo en la calle 10 No. 18-11 a las 9:30 am. En el &hellip;","og_url":"https:\/\/marthacifuentes.com\/portada\/el-libro-del-paramilitarismo-al-paramilitarismo-sera-presentado-manana-en-yopal\/","og_site_name":"\u25b7 Noticias de Casanare : Martha Cifuentes | Casanare","article_published_time":"2022-11-24T23:10:51+00:00","og_image":[{"width":505,"height":322,"url":"https:\/\/marthacifuentes.com\/portada\/wp-content\/uploads\/2022\/11\/El-libro-Del-paramilitarismo-al-paramilitarismo-sera-presentado-manana-en-Yopal.png","type":"image\/png"}],"author":"Martha Cifuentes","twitter_card":"summary_large_image","twitter_misc":{"Escrito por":"Martha Cifuentes","Tiempo de lectura":"2 minutos"},"schema":{"@context":"https:\/\/schema.org","@graph":[{"@type":"WebPage","@id":"https:\/\/marthacifuentes.com\/portada\/el-libro-del-paramilitarismo-al-paramilitarismo-sera-presentado-manana-en-yopal\/","url":"https:\/\/marthacifuentes.com\/portada\/el-libro-del-paramilitarismo-al-paramilitarismo-sera-presentado-manana-en-yopal\/","name":"El libro \u00bfDel paramilitarismo al paramilitarismo? ser\u00e1 presentado ma\u00f1ana en Yopal - \u25b7 Noticias de Casanare : Martha Cifuentes | Casanare","isPartOf":{"@id":"https:\/\/marthacifuentes.com\/portada\/#website"},"primaryImageOfPage":{"@id":"https:\/\/marthacifuentes.com\/portada\/el-libro-del-paramilitarismo-al-paramilitarismo-sera-presentado-manana-en-yopal\/#primaryimage"},"image":{"@id":"https:\/\/marthacifuentes.com\/portada\/el-libro-del-paramilitarismo-al-paramilitarismo-sera-presentado-manana-en-yopal\/#primaryimage"},"thumbnailUrl":"https:\/\/marthacifuentes.com\/portada\/wp-content\/uploads\/2022\/11\/El-libro-Del-paramilitarismo-al-paramilitarismo-sera-presentado-manana-en-Yopal.png","datePublished":"2022-11-24T23:10:51+00:00","author":{"@id":"https:\/\/marthacifuentes.com\/portada\/#\/schema\/person\/57f53174b991db5f90ff78d58502b714"},"breadcrumb":{"@id":"https:\/\/marthacifuentes.com\/portada\/el-libro-del-paramilitarismo-al-paramilitarismo-sera-presentado-manana-en-yopal\/#breadcrumb"},"inLanguage":"es","potentialAction":[{"@type":"ReadAction","target":["https:\/\/marthacifuentes.com\/portada\/el-libro-del-paramilitarismo-al-paramilitarismo-sera-presentado-manana-en-yopal\/"]}]},{"@type":"ImageObject","inLanguage":"es","@id":"https:\/\/marthacifuentes.com\/portada\/el-libro-del-paramilitarismo-al-paramilitarismo-sera-presentado-manana-en-yopal\/#primaryimage","url":"https:\/\/marthacifuentes.com\/portada\/wp-content\/uploads\/2022\/11\/El-libro-Del-paramilitarismo-al-paramilitarismo-sera-presentado-manana-en-Yopal.png","contentUrl":"https:\/\/marthacifuentes.com\/portada\/wp-content\/uploads\/2022\/11\/El-libro-Del-paramilitarismo-al-paramilitarismo-sera-presentado-manana-en-Yopal.png","width":505,"height":322},{"@type":"BreadcrumbList","@id":"https:\/\/marthacifuentes.com\/portada\/el-libro-del-paramilitarismo-al-paramilitarismo-sera-presentado-manana-en-yopal\/#breadcrumb","itemListElement":[{"@type":"ListItem","position":1,"name":"Portada","item":"https:\/\/marthacifuentes.com\/portada\/"},{"@type":"ListItem","position":2,"name":"El libro \u00bfDel paramilitarismo al paramilitarismo? ser\u00e1 presentado ma\u00f1ana en Yopal"}]},{"@type":"WebSite","@id":"https:\/\/marthacifuentes.com\/portada\/#website","url":"https:\/\/marthacifuentes.com\/portada\/","name":"\u25b7 Noticias de Casanare : Martha Cifuentes | Casanare","description":"Noticias &amp; Contenidos","potentialAction":[{"@type":"SearchAction","target":{"@type":"EntryPoint","urlTemplate":"https:\/\/marthacifuentes.com\/portada\/?s={search_term_string}"},"query-input":{"@type":"PropertyValueSpecification","valueRequired":true,"valueName":"search_term_string"}}],"inLanguage":"es"},{"@type":"Person","@id":"https:\/\/marthacifuentes.com\/portada\/#\/schema\/person\/57f53174b991db5f90ff78d58502b714","name":"Martha Cifuentes","image":{"@type":"ImageObject","inLanguage":"es","@id":"https:\/\/marthacifuentes.com\/portada\/#\/schema\/person\/image\/","url":"http:\/\/marthacifuentes.com\/portada\/wp-content\/uploads\/2018\/06\/avatar_user_2_1528838701-96x96.jpg","contentUrl":"http:\/\/marthacifuentes.com\/portada\/wp-content\/uploads\/2018\/06\/avatar_user_2_1528838701-96x96.jpg","caption":"Martha Cifuentes"},"sameAs":["http:\/\/www.marthacifuentes.com"],"url":"https:\/\/marthacifuentes.com\/portada\/author\/martha\/"}]}},"_links":{"self":[{"href":"https:\/\/marthacifuentes.com\/portada\/wp-json\/wp\/v2\/posts\/30503","targetHints":{"allow":["GET"]}}],"collection":[{"href":"https:\/\/marthacifuentes.com\/portada\/wp-json\/wp\/v2\/posts"}],"about":[{"href":"https:\/\/marthacifuentes.com\/portada\/wp-json\/wp\/v2\/types\/post"}],"author":[{"embeddable":true,"href":"https:\/\/marthacifuentes.com\/portada\/wp-json\/wp\/v2\/users\/2"}],"replies":[{"embeddable":true,"href":"https:\/\/marthacifuentes.com\/portada\/wp-json\/wp\/v2\/comments?post=30503"}],"version-history":[{"count":1,"href":"https:\/\/marthacifuentes.com\/portada\/wp-json\/wp\/v2\/posts\/30503\/revisions"}],"predecessor-version":[{"id":30505,"href":"https:\/\/marthacifuentes.com\/portada\/wp-json\/wp\/v2\/posts\/30503\/revisions\/30505"}],"wp:featuredmedia":[{"embeddable":true,"href":"https:\/\/marthacifuentes.com\/portada\/wp-json\/wp\/v2\/media\/30504"}],"wp:attachment":[{"href":"https:\/\/marthacifuentes.com\/portada\/wp-json\/wp\/v2\/media?parent=30503"}],"wp:term":[{"taxonomy":"category","embeddable":true,"href":"https:\/\/marthacifuentes.com\/portada\/wp-json\/wp\/v2\/categories?post=30503"},{"taxonomy":"post_tag","embeddable":true,"href":"https:\/\/marthacifuentes.com\/portada\/wp-json\/wp\/v2\/tags?post=30503"}],"curies":[{"name":"wp","href":"https:\/\/api.w.org\/{rel}","templated":true}]}}