{"id":30623,"date":"2022-12-06T18:56:08","date_gmt":"2022-12-06T23:56:08","guid":{"rendered":"https:\/\/marthacifuentes.com\/portada\/?p=30623"},"modified":"2022-12-06T18:56:08","modified_gmt":"2022-12-06T23:56:08","slug":"alcaldia-y-concejo-de-yopal-solucionaran-lio-de-pago-de-ica-para-quienes-ganen-menos-de-mil-uvt-en-nuevo-estatuto-tributario","status":"publish","type":"post","link":"https:\/\/marthacifuentes.com\/portada\/alcaldia-y-concejo-de-yopal-solucionaran-lio-de-pago-de-ica-para-quienes-ganen-menos-de-mil-uvt-en-nuevo-estatuto-tributario\/","title":{"rendered":"Alcald\u00eda y Concejo de Yopal solucionar\u00e1n l\u00edo de pago de ICA para quienes ganen menos de mil UVT, en nuevo estatuto tributario"},"content":{"rendered":"<p>En proyecto de acuerdo de modificaci\u00f3n del estatuto tributario de Yopal, la Alcald\u00eda y el Concejo Municipal, solucionar\u00edan el problema creado en el estatuto aprobado el a\u00f1o pasado y que oblig\u00f3 a los contribuyentes del r\u00e9gimen preferencial que ganan menos de 50 UVTs a pagar impuesto de Industria y Comercio. Ya fue aprobado en primer debate en la Comisi\u00f3n de Presupuesto, que estar\u00edan exentos para el pr\u00f3ximo a\u00f1o.<\/p>\n<p>El concejal ponente del proyecto Jos\u00e9 Humberto Barrios, dijo que tambi\u00e9n fue aprobado que los que ganan hasta 1000 UVTs no tendr\u00edan que declarar sino las retenciones hechas iguales o superiores a las que les corresponder\u00eda pagar. Cabe destacar que para este a\u00f1o las obligaciones causadas con base en el estatuto aprobado el a\u00f1o pasado se tendr\u00edan que declarar y cancelar lo correspondiente, so pena de sanciones.<\/p>\n<p>Los concejales tambi\u00e9n aprobaron dentro de este proyecto de acuerdo, exenciones de impuesto predial para las universidades p\u00fablicas con sede en Yopal como es el caso de Unitr\u00f3pico. Esta instituci\u00f3n de educaci\u00f3n superior solo tendr\u00eda que comprometerse a beneficiar a los estudiantes de los estratos 1 y 2 y del sector rural, para lograr este beneficio.<\/p>\n<p>Tambi\u00e9n fue aprobada una proposici\u00f3n de varios concejales en el sentido de aprobar alivios tributarios para aquellos contribuyentes que presenten mora en el pago de impuestos municipales de 2021 hacia atr\u00e1s. Esto contar\u00eda con el benepl\u00e1cito de la Alcald\u00eda Municipal y de ser refrendado en el pr\u00f3ximo debate, los morosos tendr\u00edan hasta el pr\u00f3ximo 30 de junio de 2023 para pagar con grandes descuentos sus deudas tributarias con el municipio.<\/p>\n<p><strong>DATOS:<\/strong><\/p>\n<ul>\n<li>Valor UVT 2022: 38.004<\/li>\n<li>Valor 50 UVT 2022: 38 millones de pesos<\/li>\n<\/ul>\n<h2><span style=\"color: #ff6600;\">Otras noticias&#8230;<\/span><\/h2>\n<blockquote class=\"wp-embedded-content\" data-secret=\"KDyan5fiXw\"><p><a href=\"https:\/\/marthacifuentes.com\/portada\/2022\/12\/06\/eaaay-de-yopal-trato-de-explicar-en-la-superservicios-contratos-multimillonarios-de-ptar-y-basuras\/\">Eaaay de Yopal trat\u00f3 de explicar en la Superservicios, contratos multimillonarios de PTAR y basuras<\/a><\/p><\/blockquote>\n<p><iframe loading=\"lazy\" class=\"wp-embedded-content\" sandbox=\"allow-scripts\" security=\"restricted\" style=\"position: absolute; clip: rect(1px, 1px, 1px, 1px);\" title=\"\u00abEaaay de Yopal trat\u00f3 de explicar en la Superservicios, contratos multimillonarios de PTAR y basuras\u00bb \u2014 \u25b7 Noticias de Casanare : Martha Cifuentes | Casanare\" src=\"https:\/\/marthacifuentes.com\/portada\/2022\/12\/06\/eaaay-de-yopal-trato-de-explicar-en-la-superservicios-contratos-multimillonarios-de-ptar-y-basuras\/embed\/#?secret=03tLO7ALus#?secret=KDyan5fiXw\" data-secret=\"KDyan5fiXw\" width=\"500\" height=\"282\" frameborder=\"0\" marginwidth=\"0\" marginheight=\"0\" scrolling=\"no\"><\/iframe><\/p>\n<p><iframe loading=\"lazy\" class=\"wp-embedded-content\" title=\"\u00abViolencia f\u00edsica, sexual y racismo contra docente e hijos chocoanos, en Paya, Boyac\u00e1\u00bb \u2014 \u25b7 Noticias de Casanare : Martha Cifuentes | Casanare\" src=\"https:\/\/marthacifuentes.com\/portada\/2022\/12\/06\/violencia-fisica-sexual-y-racismo-contra-docente-e-hijos-chocoanos-en-paya-boyaca\/embed\/#?secret=zpEmBJAYAn#?secret=cXe2l9KPEu\" width=\"600\" height=\"621\" frameborder=\"0\" marginwidth=\"0\" marginheight=\"0\" scrolling=\"no\" sandbox=\"allow-scripts\" data-secret=\"cXe2l9KPEu\" data-mce-fragment=\"1\"><\/iframe><\/p>\n<p><iframe loading=\"lazy\" class=\"wp-embedded-content\" title=\"\u00abPaipa y Yopal, ahora m\u00e1s cerca con vuelos, entre estas dos ciudades.\u00bb \u2014 \u25b7 Noticias de Casanare : Martha Cifuentes | Casanare\" src=\"https:\/\/marthacifuentes.com\/portada\/2022\/12\/05\/paipa-y-yopal-ahora-mas-cerca-con-vuelos-entre-estas-dos-ciudades\/embed\/#?secret=8m9CpuGy1w#?secret=FhFmHefUmB\" width=\"600\" height=\"621\" frameborder=\"0\" marginwidth=\"0\" marginheight=\"0\" scrolling=\"no\" sandbox=\"allow-scripts\" data-secret=\"FhFmHefUmB\" data-mce-fragment=\"1\"><\/iframe><\/p>\n<p><iframe loading=\"lazy\" class=\"wp-embedded-content\" title=\"\u00abIDEAM rehabilit\u00f3 6 estaciones climatol\u00f3gicas en r\u00edos de Casanare\u00bb \u2014 \u25b7 Noticias de Casanare : Martha Cifuentes | Casanare\" src=\"https:\/\/marthacifuentes.com\/portada\/2022\/12\/05\/ideam-rehabilito-6-estaciones-climatologicas-en-rios-de-casanare\/embed\/#?secret=pnwqVrUUGO#?secret=U0xrDbVE0T\" width=\"600\" height=\"621\" frameborder=\"0\" marginwidth=\"0\" marginheight=\"0\" scrolling=\"no\" sandbox=\"allow-scripts\" data-secret=\"U0xrDbVE0T\" data-mce-fragment=\"1\"><\/iframe><\/p>\n<p><iframe loading=\"lazy\" class=\"wp-embedded-content\" title=\"\u00abCapturados furtivos cazadores de chig\u00fciros en Casanare pero quedaron libres\u00bb \u2014 \u25b7 Noticias de Casanare : Martha Cifuentes | Casanare\" src=\"https:\/\/marthacifuentes.com\/portada\/2022\/12\/05\/capturados-furtivos-cazadores-de-chiguiros-en-casanare-pero-quedaron-libres\/embed\/#?secret=5T4ZuJCFWU#?secret=jwPvRS4HOq\" width=\"600\" height=\"621\" frameborder=\"0\" marginwidth=\"0\" marginheight=\"0\" scrolling=\"no\" sandbox=\"allow-scripts\" data-secret=\"jwPvRS4HOq\" data-mce-fragment=\"1\"><\/iframe><\/p>\n<p><iframe loading=\"lazy\" class=\"wp-embedded-content\" title=\"\u00abGanadero Gustavo Salas de Casanare, quien fue liberado, hab\u00eda sido secuestrado por disidencias de las Farc, seg\u00fan Brigada 16\u00bb \u2014 \u25b7 Noticias de Casanare : Martha Cifuentes | Casanare\" src=\"https:\/\/marthacifuentes.com\/portada\/2022\/12\/05\/ganadero-gustavo-salas-de-casanare-quien-fue-liberado-habia-sido-secuestrado-por-disidencias-de-las-farc-segun-brigada-16\/embed\/#?secret=6LJRPBmXiz#?secret=SFc2y9XTDg\" width=\"600\" height=\"650\" frameborder=\"0\" marginwidth=\"0\" marginheight=\"0\" scrolling=\"no\" sandbox=\"allow-scripts\" data-secret=\"SFc2y9XTDg\" data-mce-fragment=\"1\"><\/iframe><\/p>\n<p><iframe loading=\"lazy\" class=\"wp-embedded-content\" title=\"\u00abMiembros de la fuerza p\u00fablica son c\u00f3mplices del Clan del Golfo, denunci\u00f3 diputado de Casanare York Cort\u00e9s.\u00bb \u2014 \u25b7 Noticias de Casanare : Martha Cifuentes | Casanare\" src=\"https:\/\/marthacifuentes.com\/portada\/2022\/12\/05\/miembros-de-la-fuerza-publica-son-complices-del-clan-del-golfo-denuncio-diputado-de-casanare-york-cortes\/embed\/#?secret=vlEmDwWUrQ#?secret=E4fkSMVbR4\" width=\"600\" height=\"621\" frameborder=\"0\" marginwidth=\"0\" marginheight=\"0\" scrolling=\"no\" sandbox=\"allow-scripts\" data-secret=\"E4fkSMVbR4\" data-mce-fragment=\"1\"><\/iframe><\/p>\n<p><iframe loading=\"lazy\" class=\"wp-embedded-content\" title=\"\u00ab64 homicidios, 3 feminicidios y al menos 500 casos de violencia intrafamiliar en Casanare en 2022\u00bb \u2014 \u25b7 Noticias de Casanare : Martha Cifuentes | Casanare\" src=\"https:\/\/marthacifuentes.com\/portada\/2022\/12\/02\/64-homicidios-3-feminicidios-y-al-menos-500-casos-de-violencia-intrafamiliar-en-casanare-en-2022\/embed\/#?secret=r06tX97VVO#?secret=daEPkSKEGs\" width=\"600\" height=\"600\" frameborder=\"0\" marginwidth=\"0\" marginheight=\"0\" scrolling=\"no\" sandbox=\"allow-scripts\" data-secret=\"daEPkSKEGs\" data-mce-fragment=\"1\"><\/iframe><\/p>\n<p><iframe loading=\"lazy\" class=\"wp-embedded-content\" title=\"\u00abEl que es no deja de ser. Capturado alias \u201ccubarro\u201d reconocido paramilitar de las AUC y ahora integrante del Clan del Golfo.\u00bb \u2014 \u25b7 Noticias de Casanare : Martha Cifuentes | Casanare\" src=\"https:\/\/marthacifuentes.com\/portada\/2022\/12\/02\/el-que-es-no-deja-de-ser-capturado-alias-cubarro-reconocido-paramilitar-de-las-auc-y-ahora-integrante-del-clan-del-golfo\/embed\/#?secret=A4TaXywb1R#?secret=WwKlVTPhZf\" width=\"600\" height=\"650\" frameborder=\"0\" marginwidth=\"0\" marginheight=\"0\" scrolling=\"no\" sandbox=\"allow-scripts\" data-secret=\"WwKlVTPhZf\" data-mce-fragment=\"1\"><\/iframe><\/p>\n<p><iframe loading=\"lazy\" class=\"wp-embedded-content\" title=\"\u00abSolo un kil\u00f3metro se ha pavimentado en cacareado proyecto vial Paz de Ariporo-Monta\u00f1as del Totumo y se ha desembolsado al menos $25 mil millones\u00bb \u2014 \u25b7 Noticias de Casanare : Martha Cifuentes | Casanare\" src=\"https:\/\/marthacifuentes.com\/portada\/2022\/12\/02\/solo-un-kilometro-se-ha-pavimentado-en-cacareado-proyecto-vial-paz-de-ariporo-montanas-del-totumo-y-se-ha-desembolsado-al-menos-25-mil-millones\/embed\/#?secret=uMWrK9HFiF#?secret=D9rJnpeJAW\" width=\"600\" height=\"650\" frameborder=\"0\" marginwidth=\"0\" marginheight=\"0\" scrolling=\"no\" sandbox=\"allow-scripts\" data-secret=\"D9rJnpeJAW\" data-mce-fragment=\"1\"><\/iframe><\/p>\n<p><iframe loading=\"lazy\" class=\"wp-embedded-content\" title=\"\u00abHoy elecciones de junta directiva y revisor fiscal de la C\u00e1mara de Comercio de Casanare\u00bb \u2014 \u25b7 Noticias de Casanare : Martha Cifuentes | Casanare\" src=\"https:\/\/marthacifuentes.com\/portada\/2022\/12\/01\/hoy-elecciones-de-junta-directiva-y-revisor-fiscal-de-la-camara-de-comercio-de-casanare\/embed\/#?secret=IbnZeyqol2#?secret=lcxdB7I102\" width=\"600\" height=\"600\" frameborder=\"0\" marginwidth=\"0\" marginheight=\"0\" scrolling=\"no\" sandbox=\"allow-scripts\" data-secret=\"lcxdB7I102\" data-mce-fragment=\"1\"><\/iframe><\/p>\n<p><iframe loading=\"lazy\" class=\"wp-embedded-content\" title=\"\u00abCasanare superar\u00e1 el bill\u00f3n de pesos de regal\u00edas para pr\u00f3ximos dos a\u00f1os\u00bb \u2014 \u25b7 Noticias de Casanare : Martha Cifuentes | Casanare\" src=\"https:\/\/marthacifuentes.com\/portada\/2022\/12\/01\/casanare-superara-el-billon-de-pesos-de-regalias-para-proximos-dos-anos\/embed\/#?secret=Vy5KI1TghY#?secret=zSeITLfzHq\" width=\"600\" height=\"621\" frameborder=\"0\" marginwidth=\"0\" marginheight=\"0\" scrolling=\"no\" sandbox=\"allow-scripts\" data-secret=\"zSeITLfzHq\" data-mce-fragment=\"1\"><\/iframe><\/p>\n<p><iframe loading=\"lazy\" class=\"wp-embedded-content\" title=\"\u00abCogestor de Torres del Silencio contradice concepto de demolici\u00f3n dado en consultor\u00eda de la Gobernaci\u00f3n de Casanare\u00bb \u2014 \u25b7 Noticias de Casanare : Martha Cifuentes | Casanare\" src=\"https:\/\/marthacifuentes.com\/portada\/2022\/11\/29\/cogestor-de-torres-del-silencio-contradice-concepto-de-demolicion-dado-en-consultoria-de-la-gobernacion-de-casanare\/embed\/#?secret=TYJsAnVaG5#?secret=hiA6ZCz883\" width=\"600\" height=\"627\" frameborder=\"0\" marginwidth=\"0\" marginheight=\"0\" scrolling=\"no\" sandbox=\"allow-scripts\" data-secret=\"hiA6ZCz883\" data-mce-fragment=\"1\"><\/iframe><\/p>\n<p><iframe loading=\"lazy\" class=\"wp-embedded-content\" title=\"\u00abDisidencias de Farc quieren la paz con el ELN en Arauca. Cabecilla recula en orden de muerte a 300 personas.\u00bb \u2014 \u25b7 Noticias de Casanare : Martha Cifuentes | Casanare\" src=\"https:\/\/marthacifuentes.com\/portada\/2022\/11\/29\/disidencias-de-farc-quieren-la-paz-con-el-eln-en-arauca-cabecilla-recula-en-orden-de-muerte-a-300-personas\/embed\/#?secret=ouDtfNFoHT#?secret=GFyYjnvCzY\" width=\"600\" height=\"629\" frameborder=\"0\" marginwidth=\"0\" marginheight=\"0\" scrolling=\"no\" sandbox=\"allow-scripts\" data-secret=\"GFyYjnvCzY\" data-mce-fragment=\"1\"><\/iframe><\/p>\n<p><iframe loading=\"lazy\" class=\"wp-embedded-content\" title=\"\u00abCarlos Julio Hern\u00e1ndez, finquero de 75 a\u00f1os asesinado e incinerado en Tauramena.\u00bb \u2014 \u25b7 Noticias de Casanare : Martha Cifuentes | Casanare\" src=\"https:\/\/marthacifuentes.com\/portada\/2022\/11\/28\/carlos-julio-hernandez-finquero-de-75-anos-asesinado-e-incinerado-en-tauramena\/embed\/#?secret=1UUowSzZeb#?secret=mG9HIOqTDo\" width=\"600\" height=\"621\" frameborder=\"0\" marginwidth=\"0\" marginheight=\"0\" scrolling=\"no\" sandbox=\"allow-scripts\" data-secret=\"mG9HIOqTDo\" data-mce-fragment=\"1\"><\/iframe><\/p>\n<p><iframe loading=\"lazy\" class=\"wp-embedded-content\" title=\"\u00abEn accidente en moto fallecieron el bailador de joropo y cuatrista Cristhian Rosillo y su acompa\u00f1ante Angie Paola Cedan Figueredo\u00bb \u2014 \u25b7 Noticias de Casanare : Martha Cifuentes | Casanare\" src=\"https:\/\/marthacifuentes.com\/portada\/2022\/11\/28\/en-accidente-en-moto-fallecieron-el-bailador-de-joropo-y-cuatrista-cristhian-rosillo-y-su-acompanante-angie-paola-cedan-figueredo\/embed\/#?secret=VtvZaGj3rQ#?secret=SFM8jLQqdr\" width=\"600\" height=\"629\" frameborder=\"0\" marginwidth=\"0\" marginheight=\"0\" scrolling=\"no\" sandbox=\"allow-scripts\" data-secret=\"SFM8jLQqdr\" data-mce-fragment=\"1\"><\/iframe><\/p>\n<p><iframe loading=\"lazy\" class=\"wp-embedded-content\" title=\"\u00abSubestaci\u00f3n de energ\u00eda de San Luis de Palenque comenz\u00f3 a operar\u00bb \u2014 \u25b7 Noticias de Casanare : Martha Cifuentes | Casanare\" src=\"https:\/\/marthacifuentes.com\/portada\/2022\/11\/25\/subestacion-de-energia-de-san-luis-de-palenque-comenzo-a-operar\/embed\/#?secret=3ifMA81amQ#?secret=bwc1yL0qs8\" width=\"600\" height=\"534\" frameborder=\"0\" marginwidth=\"0\" marginheight=\"0\" scrolling=\"no\" sandbox=\"allow-scripts\" data-secret=\"bwc1yL0qs8\" data-mce-fragment=\"1\"><\/iframe><\/p>\n<p><iframe loading=\"lazy\" class=\"wp-embedded-content\" title=\"\u00abCh\u00e1meza, Trinidad y Man\u00ed actualizaron planes de retorno de v\u00edctimas de violencia armada.\u00bb \u2014 \u25b7 Noticias de Casanare : Martha Cifuentes | Casanare\" src=\"https:\/\/marthacifuentes.com\/portada\/2022\/11\/25\/chameza-trinidad-y-mani-actualizaron-planes-de-retorno-de-victimas-de-violencia-armada\/embed\/#?secret=CPnn7m2JBP#?secret=WaPeCim0gA\" width=\"600\" height=\"621\" frameborder=\"0\" marginwidth=\"0\" marginheight=\"0\" scrolling=\"no\" sandbox=\"allow-scripts\" data-secret=\"WaPeCim0gA\" data-mce-fragment=\"1\"><\/iframe><\/p>\n<p><iframe loading=\"lazy\" class=\"wp-embedded-content\" title=\"\u00abVictimarios de falsos positivos en Casanare, imputados por la JEP, se quedan cortos con la verdad.\u00bb \u2014 \u25b7 Noticias de Casanare : Martha Cifuentes | Casanare\" src=\"https:\/\/marthacifuentes.com\/portada\/2022\/11\/25\/victimarios-de-falsos-positivos-en-casanare-imputados-por-la-jep-se-quedan-cortos-con-la-verdad\/embed\/#?secret=NehSY9Z2Qd#?secret=uLF6dAyyRI\" width=\"600\" height=\"621\" frameborder=\"0\" marginwidth=\"0\" marginheight=\"0\" scrolling=\"no\" sandbox=\"allow-scripts\" data-secret=\"uLF6dAyyRI\" data-mce-fragment=\"1\"><\/iframe><\/p>\n<p><iframe loading=\"lazy\" class=\"wp-embedded-content\" title=\"\u00abToc\u00f3 hervir el agua en Orocu\u00e9. Seg\u00fan IRCA consumirla es de alto riesgo.\u00bb \u2014 \u25b7 Noticias de Casanare : Martha Cifuentes | Casanare\" src=\"https:\/\/marthacifuentes.com\/portada\/2022\/11\/25\/toco-hervir-el-agua-en-orocue-segun-irca-consumirla-es-de-alto-riesgo\/embed\/#?secret=JNCH1lez4f#?secret=mpoagOaH7W\" width=\"600\" height=\"621\" frameborder=\"0\" marginwidth=\"0\" marginheight=\"0\" scrolling=\"no\" sandbox=\"allow-scripts\" data-secret=\"mpoagOaH7W\" data-mce-fragment=\"1\"><\/iframe><\/p>\n<p><iframe loading=\"lazy\" class=\"wp-embedded-content\" title=\"\u00abComunidad de Mi Nueva Esperanza en Yopal reclama cumplimiento de tutela que ordena su reubicaci\u00f3n\u00bb \u2014 \u25b7 Noticias de Casanare : Martha Cifuentes | Casanare\" src=\"https:\/\/marthacifuentes.com\/portada\/2022\/11\/25\/comunidad-de-mi-nueva-esperanza-en-yopal-reclama-cumplimiento-de-tutela-que-ordena-su-reubicacion\/embed\/#?secret=UnVJQtCRN0#?secret=FV8beQvP0o\" width=\"600\" height=\"621\" frameborder=\"0\" marginwidth=\"0\" marginheight=\"0\" scrolling=\"no\" sandbox=\"allow-scripts\" data-secret=\"FV8beQvP0o\" data-mce-fragment=\"1\"><\/iframe><\/p>\n<p><iframe loading=\"lazy\" class=\"wp-embedded-content\" title=\"\u00abHundimiento en calle c\u00e9ntrica de Yopal por filtraci\u00f3n en alcantarillado obliga a cierre parcial de v\u00eda\u00bb \u2014 \u25b7 Noticias de Casanare : Martha Cifuentes | Casanare\" src=\"https:\/\/marthacifuentes.com\/portada\/2022\/11\/24\/hundimiento-en-calle-centrica-de-yopal-por-filtracion-en-alcantarillado-obliga-a-cierre-parcial-de-via\/embed\/#?secret=HPSFGUu7Eb#?secret=SkxnlQBqp5\" width=\"600\" height=\"621\" frameborder=\"0\" marginwidth=\"0\" marginheight=\"0\" scrolling=\"no\" sandbox=\"allow-scripts\" data-secret=\"SkxnlQBqp5\" data-mce-fragment=\"1\"><\/iframe><\/p>\n<p><iframe loading=\"lazy\" class=\"wp-embedded-content\" title=\"\u00abUnitr\u00f3pico se une con universidad mexicana para intercambio de conocimientos\u00bb \u2014 \u25b7 Noticias de Casanare : Martha Cifuentes | Casanare\" src=\"https:\/\/marthacifuentes.com\/portada\/2022\/11\/24\/unitropico-se-une-con-universidad-mexicana-para-intercambio-de-conocimientos\/embed\/#?secret=OTh1SrPDlK#?secret=rxuJTtg8gu\" width=\"600\" height=\"621\" frameborder=\"0\" marginwidth=\"0\" marginheight=\"0\" scrolling=\"no\" sandbox=\"allow-scripts\" data-secret=\"rxuJTtg8gu\" data-mce-fragment=\"1\"><\/iframe><\/p>\n<p><iframe loading=\"lazy\" class=\"wp-embedded-content\" title=\"\u00abYopal tendr\u00e1 cantera de material de r\u00edo para obras civiles. Agencia de Miner\u00eda autoriz\u00f3 t\u00edtulo minero\u00bb \u2014 \u25b7 Noticias de Casanare : Martha Cifuentes | Casanare\" src=\"https:\/\/marthacifuentes.com\/portada\/2022\/11\/24\/yopal-tendra-cantera-de-material-de-rio-para-obras-civiles-agencia-de-mineria-autorizo-titulo-minero\/embed\/#?secret=2yX9fxHEk9#?secret=SZbpUuFDj2\" width=\"600\" height=\"621\" frameborder=\"0\" marginwidth=\"0\" marginheight=\"0\" scrolling=\"no\" sandbox=\"allow-scripts\" data-secret=\"SZbpUuFDj2\" data-mce-fragment=\"1\"><\/iframe><\/p>\n<p><iframe loading=\"lazy\" class=\"wp-embedded-content\" title=\"\u00abEl libro \u00bfDel paramilitarismo al paramilitarismo? ser\u00e1 presentado ma\u00f1ana en Yopal\u00bb \u2014 \u25b7 Noticias de Casanare : Martha Cifuentes | Casanare\" src=\"https:\/\/marthacifuentes.com\/portada\/2022\/11\/24\/el-libro-del-paramilitarismo-al-paramilitarismo-sera-presentado-manana-en-yopal\/embed\/#?secret=YQtCuz8Vbn#?secret=qEporRuxe2\" width=\"600\" height=\"600\" frameborder=\"0\" marginwidth=\"0\" marginheight=\"0\" scrolling=\"no\" sandbox=\"allow-scripts\" data-secret=\"qEporRuxe2\" data-mce-fragment=\"1\"><\/iframe><\/p>\n<p><iframe loading=\"lazy\" class=\"wp-embedded-content\" title=\"\u00abEcopetrol tiene en la mira la energ\u00eda e\u00f3lica. En Yopal habr\u00e1 torre de medici\u00f3n para su viabilidad\u00bb \u2014 \u25b7 Noticias de Casanare : Martha Cifuentes | Casanare\" src=\"https:\/\/marthacifuentes.com\/portada\/2022\/11\/24\/ecopetrol-tiene-en-la-mira-la-energia-eolica-en-yopal-habra-torre-de-medicion-para-su-viabilidad\/embed\/#?secret=hqHgA3EEbC#?secret=bIMllRlK3W\" width=\"600\" height=\"600\" frameborder=\"0\" marginwidth=\"0\" marginheight=\"0\" scrolling=\"no\" sandbox=\"allow-scripts\" data-secret=\"bIMllRlK3W\" data-mce-fragment=\"1\"><\/iframe><\/p>\n<p><iframe loading=\"lazy\" class=\"wp-embedded-content\" title=\"\u00abAlcaldes de Casanare le estar\u00edan haciendo conejo con las regal\u00edas a Unitr\u00f3pico y otras universidades.\u00bb \u2014 \u25b7 Noticias de Casanare : Martha Cifuentes | Casanare\" src=\"https:\/\/marthacifuentes.com\/portada\/2022\/11\/24\/alcaldes-de-casanare-le-estarian-haciendo-conejo-con-las-regalias-a-unitropico-y-otras-universidades-contraloria-investigaalcaldes-de-casanare-le-estarian-haciendo-conejo-con-las-regalias-a-unitropic\/embed\/#?secret=B0ikSTqu9T#?secret=xnQ5aEy2ko\" width=\"600\" height=\"583\" frameborder=\"0\" marginwidth=\"0\" marginheight=\"0\" scrolling=\"no\" sandbox=\"allow-scripts\" data-secret=\"xnQ5aEy2ko\" data-mce-fragment=\"1\"><\/iframe><\/p>\n<p><iframe loading=\"lazy\" class=\"wp-embedded-content\" title=\"\u00abVerano en Casanare ser\u00e1 pasado por agua. Ideam pronostica continuaci\u00f3n de fen\u00f3meno de La Ni\u00f1a.\u00bb \u2014 \u25b7 Noticias de Casanare : Martha Cifuentes | Casanare\" src=\"https:\/\/marthacifuentes.com\/portada\/2022\/11\/23\/verano-en-casanare-sera-pasado-por-agua-ideam-pronostica-continuacion-de-fenomeno-de-la-nina\/embed\/#?secret=zDbCsFOvsk#?secret=S9nOhiJ33y\" width=\"600\" height=\"600\" frameborder=\"0\" marginwidth=\"0\" marginheight=\"0\" scrolling=\"no\" sandbox=\"allow-scripts\" data-secret=\"S9nOhiJ33y\" data-mce-fragment=\"1\"><\/iframe><\/p>\n<p><iframe loading=\"lazy\" class=\"wp-embedded-content\" title=\"\u00abT\u00edtulos de predios, cr\u00e9ditos a mujeres y recursos para pr\u00e9stamos, algunos de los beneficios de los Di\u00e1logos Regionales Vinculantes en Yopal\u00bb \u2014 \u25b7 Noticias de Casanare : Martha Cifuentes | Casanare\" src=\"https:\/\/marthacifuentes.com\/portada\/2022\/11\/23\/titulos-de-predios-creditos-a-mujeres-y-recursos-para-prestamos-algunos-de-los-beneficios-de-los-dialogos-regionales-vinculantes-en-yopal\/embed\/#?secret=uEGkxIho5k#?secret=1QmD8QArCQ\" width=\"600\" height=\"650\" frameborder=\"0\" marginwidth=\"0\" marginheight=\"0\" scrolling=\"no\" sandbox=\"allow-scripts\" data-secret=\"1QmD8QArCQ\" data-mce-fragment=\"1\"><\/iframe><\/p>\n<p><iframe loading=\"lazy\" class=\"wp-embedded-content\" title=\"\u00abEn Di\u00e1logos Regionales Vinculantes en Yopal, MinAgricultura rega\u00f1\u00f3 a pol\u00edticos y estos se quejaron porque no les dieron pantalla\u00bb \u2014 \u25b7 Noticias de Casanare : Martha Cifuentes | Casanare\" src=\"https:\/\/marthacifuentes.com\/portada\/2022\/11\/23\/en-dialogos-regionales-vinculantes-en-yopal-minagricultura-regano-a-politicos-y-estos-se-quejaron-porque-no-les-dieron-pantalla\/embed\/#?secret=IclsdNTFjw#?secret=lyF6svInvt\" width=\"600\" height=\"629\" frameborder=\"0\" marginwidth=\"0\" marginheight=\"0\" scrolling=\"no\" sandbox=\"allow-scripts\" data-secret=\"lyF6svInvt\" data-mce-fragment=\"1\"><\/iframe><\/p>\n<p><iframe loading=\"lazy\" class=\"wp-embedded-content\" title=\"\u00abPetristas contentos con participaci\u00f3n ciudadana en Di\u00e1logos Regionales Vinculantes en Yopal\u00bb \u2014 \u25b7 Noticias de Casanare : Martha Cifuentes | Casanare\" src=\"https:\/\/marthacifuentes.com\/portada\/2022\/11\/23\/petristas-contentos-con-participacion-ciudadana-en-dialogos-regionales-vinculantes-en-yopal\/embed\/#?secret=4rPGPP30lf#?secret=bkDBezsJjf\" width=\"600\" height=\"621\" frameborder=\"0\" marginwidth=\"0\" marginheight=\"0\" scrolling=\"no\" sandbox=\"allow-scripts\" data-secret=\"bkDBezsJjf\" data-mce-fragment=\"1\"><\/iframe><\/p>\n<p><iframe loading=\"lazy\" class=\"wp-embedded-content\" title=\"\u00abExdirector del DAS en Casanare acept\u00f3 culpa por falsos positivos\u00bb \u2014 \u25b7 Noticias de Casanare : Martha Cifuentes | Casanare\" src=\"https:\/\/marthacifuentes.com\/portada\/2022\/11\/23\/exdirector-del-das-en-casanare-acepto-culpa-por-falsos-positivos\/embed\/#?secret=opYL7SHZpR#?secret=vXgj6zEHKL\" width=\"600\" height=\"621\" frameborder=\"0\" marginwidth=\"0\" marginheight=\"0\" scrolling=\"no\" sandbox=\"allow-scripts\" data-secret=\"vXgj6zEHKL\" data-mce-fragment=\"1\"><\/iframe><\/p>\n<p><iframe loading=\"lazy\" class=\"wp-embedded-content\" title=\"\u00abIniciaron los Di\u00e1logos Regionales Vinculantes en Yopal\u00bb \u2014 \u25b7 Noticias de Casanare : Martha Cifuentes | Casanare\" src=\"https:\/\/marthacifuentes.com\/portada\/2022\/11\/22\/iniciaron-los-dialogos-regionales-vinculantes-en-yopal\/embed\/#?secret=w5Ik2Acqmv#?secret=RAxkV7SChZ\" width=\"600\" height=\"593\" frameborder=\"0\" marginwidth=\"0\" marginheight=\"0\" scrolling=\"no\" sandbox=\"allow-scripts\" data-secret=\"RAxkV7SChZ\" data-mce-fragment=\"1\"><\/iframe><\/p>\n<p><iframe loading=\"lazy\" class=\"wp-embedded-content\" title=\"\u00abCasanare campe\u00f3n en muertes por accidentes de tr\u00e1nsito en 2021\u00bb \u2014 \u25b7 Noticias de Casanare : Martha Cifuentes | Casanare\" src=\"https:\/\/marthacifuentes.com\/portada\/2022\/11\/22\/casanare-campeon-en-muertes-por-accidentes-de-transito-en-2021\/embed\/#?secret=NSAi0HrRjm#?secret=mKj3CsU5E6\" width=\"600\" height=\"600\" frameborder=\"0\" marginwidth=\"0\" marginheight=\"0\" scrolling=\"no\" sandbox=\"allow-scripts\" data-secret=\"mKj3CsU5E6\" data-mce-fragment=\"1\"><\/iframe><\/p>\n<p><iframe loading=\"lazy\" class=\"wp-embedded-content\" title=\"\u00abSalto Candelas en Pajarito, declarada \u00e1rea protegida por Corporinoquia\u00bb \u2014 \u25b7 Noticias de Casanare : Martha Cifuentes | Casanare\" src=\"https:\/\/marthacifuentes.com\/portada\/2022\/11\/22\/salto-candelas-en-pajarito-declarada-area-protegida-por-corporinoquia\/embed\/#?secret=pHZGZCKrO8#?secret=gcz33LAbre\" width=\"600\" height=\"619\" frameborder=\"0\" marginwidth=\"0\" marginheight=\"0\" scrolling=\"no\" sandbox=\"allow-scripts\" data-secret=\"gcz33LAbre\" data-mce-fragment=\"1\"><\/iframe><\/p>\n<p><iframe loading=\"lazy\" class=\"wp-embedded-content\" title=\"\u00abSecretaria de Educaci\u00f3n de Casanare \u201cdesconoce\u201d denuncias de acoso sexual en Escuela Normal Superior de Monterrey\u00bb \u2014 \u25b7 Noticias de Casanare : Martha Cifuentes | Casanare\" src=\"https:\/\/marthacifuentes.com\/portada\/2022\/11\/22\/secretaria-de-educacion-de-casanare-desconoce-denuncias-de-acoso-sexual-en-escuela-normal-superior-de-monterrey\/embed\/#?secret=sQ2gv6qHXK#?secret=lzgBhxZrOT\" width=\"600\" height=\"650\" frameborder=\"0\" marginwidth=\"0\" marginheight=\"0\" scrolling=\"no\" sandbox=\"allow-scripts\" data-secret=\"lzgBhxZrOT\" data-mce-fragment=\"1\"><\/iframe><\/p>\n<p><iframe loading=\"lazy\" class=\"wp-embedded-content\" title=\"\u00abAutoridades desmintieron asesinato de ganadero secuestrado en Man\u00ed, pero sigue desaparecido\u00bb \u2014 \u25b7 Noticias de Casanare : Martha Cifuentes | Casanare\" src=\"https:\/\/marthacifuentes.com\/portada\/2022\/11\/22\/autoridades-desmintieron-asesinato-de-ganadero-secuestrado-en-mani-pero-sigue-desaparecido\/embed\/#?secret=RVkIWFsNxa#?secret=08fHGJ7F1S\" width=\"600\" height=\"601\" frameborder=\"0\" marginwidth=\"0\" marginheight=\"0\" scrolling=\"no\" sandbox=\"allow-scripts\" data-secret=\"08fHGJ7F1S\" data-mce-fragment=\"1\"><\/iframe><\/p>\n<p><iframe loading=\"lazy\" class=\"wp-embedded-content\" title=\"\u00abPor golpear a su esposa fue capturado exdiputado Manuel Albarrac\u00edn\u00bb \u2014 \u25b7 Noticias de Casanare : Martha Cifuentes | Casanare\" src=\"https:\/\/marthacifuentes.com\/portada\/2022\/11\/21\/30457\/embed\/#?secret=acUgYRjPT4#?secret=PMK62JjntO\" width=\"600\" height=\"621\" frameborder=\"0\" marginwidth=\"0\" marginheight=\"0\" scrolling=\"no\" sandbox=\"allow-scripts\" data-secret=\"PMK62JjntO\" data-mce-fragment=\"1\"><\/iframe><\/p>\n","protected":false},"excerpt":{"rendered":"<p>En proyecto de acuerdo de modificaci\u00f3n del estatuto tributario de Yopal, la Alcald\u00eda y el Concejo Municipal, solucionar\u00edan el problema creado en el estatuto aprobado el a\u00f1o pasado y que oblig\u00f3 a los contribuyentes del r\u00e9gimen preferencial que ganan menos de 50 UVTs a pagar impuesto de Industria y Comercio. Ya fue aprobado en primer &hellip;<\/p>\n","protected":false},"author":2,"featured_media":30624,"comment_status":"open","ping_status":"open","sticky":false,"template":"","format":"standard","meta":{"om_disable_all_campaigns":false,"_exactmetrics_skip_tracking":false,"_exactmetrics_sitenote_active":false,"_exactmetrics_sitenote_note":"","_exactmetrics_sitenote_category":0,"_monsterinsights_skip_tracking":false,"_monsterinsights_sitenote_active":false,"_monsterinsights_sitenote_note":"","_monsterinsights_sitenote_category":0,"_uf_show_specific_survey":0,"_uf_disable_surveys":false,"_joinchat":[],"footnotes":""},"categories":[147,146,145],"tags":[8662,1373,8663,1400,1421,8664,8661,1376],"class_list":["post-30623","post","type-post","status-publish","format-standard","has-post-thumbnail","hentry","category-actualidad","category-noticias","category-reportajes","tag-alcaldia-y-concejo-de-yopal-solucionaran-lio-de-pago-de-ica-para-quienes-ganen-menos-de-mil-uvt","tag-casanare-noticias","tag-en-nuevo-estatuto-tributario","tag-noticias-casanare","tag-noticias-yopal","tag-ponente-del-proyecto-concejal-de-yopal-jose-humberto-barrios-estatuto-tributario","tag-proyecto-de-acuerdo-de-modificacion-del-estatuto-tributario-de-yopal","tag-yopal-noticias"],"yoast_head":"<!-- This site is optimized with the Yoast SEO plugin v26.1 - https:\/\/yoast.com\/wordpress\/plugins\/seo\/ -->\n<title>Alcald\u00eda y Concejo de Yopal solucionar\u00e1n l\u00edo de pago de ICA para quienes ganen menos de mil UVT, en nuevo estatuto tributario - \u25b7 Noticias de Casanare : Martha Cifuentes | Casanare<\/title>\n<meta name=\"robots\" content=\"index, follow, max-snippet:-1, max-image-preview:large, max-video-preview:-1\" \/>\n<link rel=\"canonical\" href=\"https:\/\/marthacifuentes.com\/portada\/alcaldia-y-concejo-de-yopal-solucionaran-lio-de-pago-de-ica-para-quienes-ganen-menos-de-mil-uvt-en-nuevo-estatuto-tributario\/\" \/>\n<meta property=\"og:locale\" content=\"es_ES\" \/>\n<meta property=\"og:type\" content=\"article\" \/>\n<meta property=\"og:title\" content=\"Alcald\u00eda y Concejo de Yopal solucionar\u00e1n l\u00edo de pago de ICA para quienes ganen menos de mil UVT, en nuevo estatuto tributario - \u25b7 Noticias de Casanare : Martha Cifuentes | Casanare\" \/>\n<meta property=\"og:description\" content=\"En proyecto de acuerdo de modificaci\u00f3n del estatuto tributario de Yopal, la Alcald\u00eda y el Concejo Municipal, solucionar\u00edan el problema creado en el estatuto aprobado el a\u00f1o pasado y que oblig\u00f3 a los contribuyentes del r\u00e9gimen preferencial que ganan menos de 50 UVTs a pagar impuesto de Industria y Comercio. Ya fue aprobado en primer &hellip;\" \/>\n<meta property=\"og:url\" content=\"https:\/\/marthacifuentes.com\/portada\/alcaldia-y-concejo-de-yopal-solucionaran-lio-de-pago-de-ica-para-quienes-ganen-menos-de-mil-uvt-en-nuevo-estatuto-tributario\/\" \/>\n<meta property=\"og:site_name\" content=\"\u25b7 Noticias de Casanare : Martha Cifuentes | Casanare\" \/>\n<meta property=\"article:published_time\" content=\"2022-12-06T23:56:08+00:00\" \/>\n<meta property=\"og:image\" content=\"https:\/\/marthacifuentes.com\/portada\/wp-content\/uploads\/2022\/12\/imagen_2022-12-06_185448280.png\" \/>\n\t<meta property=\"og:image:width\" content=\"1081\" \/>\n\t<meta property=\"og:image:height\" content=\"568\" \/>\n\t<meta property=\"og:image:type\" content=\"image\/png\" \/>\n<meta name=\"author\" content=\"Martha Cifuentes\" \/>\n<meta name=\"twitter:card\" content=\"summary_large_image\" \/>\n<meta name=\"twitter:label1\" content=\"Escrito por\" \/>\n\t<meta name=\"twitter:data1\" content=\"Martha Cifuentes\" \/>\n\t<meta name=\"twitter:label2\" content=\"Tiempo de lectura\" \/>\n\t<meta name=\"twitter:data2\" content=\"1 minuto\" \/>\n<script type=\"application\/ld+json\" class=\"yoast-schema-graph\">{\"@context\":\"https:\/\/schema.org\",\"@graph\":[{\"@type\":\"WebPage\",\"@id\":\"https:\/\/marthacifuentes.com\/portada\/alcaldia-y-concejo-de-yopal-solucionaran-lio-de-pago-de-ica-para-quienes-ganen-menos-de-mil-uvt-en-nuevo-estatuto-tributario\/\",\"url\":\"https:\/\/marthacifuentes.com\/portada\/alcaldia-y-concejo-de-yopal-solucionaran-lio-de-pago-de-ica-para-quienes-ganen-menos-de-mil-uvt-en-nuevo-estatuto-tributario\/\",\"name\":\"Alcald\u00eda y Concejo de Yopal solucionar\u00e1n l\u00edo de pago de ICA para quienes ganen menos de mil UVT, en nuevo estatuto tributario - \u25b7 Noticias de Casanare : Martha Cifuentes | Casanare\",\"isPartOf\":{\"@id\":\"https:\/\/marthacifuentes.com\/portada\/#website\"},\"primaryImageOfPage\":{\"@id\":\"https:\/\/marthacifuentes.com\/portada\/alcaldia-y-concejo-de-yopal-solucionaran-lio-de-pago-de-ica-para-quienes-ganen-menos-de-mil-uvt-en-nuevo-estatuto-tributario\/#primaryimage\"},\"image\":{\"@id\":\"https:\/\/marthacifuentes.com\/portada\/alcaldia-y-concejo-de-yopal-solucionaran-lio-de-pago-de-ica-para-quienes-ganen-menos-de-mil-uvt-en-nuevo-estatuto-tributario\/#primaryimage\"},\"thumbnailUrl\":\"https:\/\/marthacifuentes.com\/portada\/wp-content\/uploads\/2022\/12\/imagen_2022-12-06_185448280.png\",\"datePublished\":\"2022-12-06T23:56:08+00:00\",\"author\":{\"@id\":\"https:\/\/marthacifuentes.com\/portada\/#\/schema\/person\/57f53174b991db5f90ff78d58502b714\"},\"breadcrumb\":{\"@id\":\"https:\/\/marthacifuentes.com\/portada\/alcaldia-y-concejo-de-yopal-solucionaran-lio-de-pago-de-ica-para-quienes-ganen-menos-de-mil-uvt-en-nuevo-estatuto-tributario\/#breadcrumb\"},\"inLanguage\":\"es\",\"potentialAction\":[{\"@type\":\"ReadAction\",\"target\":[\"https:\/\/marthacifuentes.com\/portada\/alcaldia-y-concejo-de-yopal-solucionaran-lio-de-pago-de-ica-para-quienes-ganen-menos-de-mil-uvt-en-nuevo-estatuto-tributario\/\"]}]},{\"@type\":\"ImageObject\",\"inLanguage\":\"es\",\"@id\":\"https:\/\/marthacifuentes.com\/portada\/alcaldia-y-concejo-de-yopal-solucionaran-lio-de-pago-de-ica-para-quienes-ganen-menos-de-mil-uvt-en-nuevo-estatuto-tributario\/#primaryimage\",\"url\":\"https:\/\/marthacifuentes.com\/portada\/wp-content\/uploads\/2022\/12\/imagen_2022-12-06_185448280.png\",\"contentUrl\":\"https:\/\/marthacifuentes.com\/portada\/wp-content\/uploads\/2022\/12\/imagen_2022-12-06_185448280.png\",\"width\":1081,\"height\":568},{\"@type\":\"BreadcrumbList\",\"@id\":\"https:\/\/marthacifuentes.com\/portada\/alcaldia-y-concejo-de-yopal-solucionaran-lio-de-pago-de-ica-para-quienes-ganen-menos-de-mil-uvt-en-nuevo-estatuto-tributario\/#breadcrumb\",\"itemListElement\":[{\"@type\":\"ListItem\",\"position\":1,\"name\":\"Portada\",\"item\":\"https:\/\/marthacifuentes.com\/portada\/\"},{\"@type\":\"ListItem\",\"position\":2,\"name\":\"Alcald\u00eda y Concejo de Yopal solucionar\u00e1n l\u00edo de pago de ICA para quienes ganen menos de mil UVT, en nuevo estatuto tributario\"}]},{\"@type\":\"WebSite\",\"@id\":\"https:\/\/marthacifuentes.com\/portada\/#website\",\"url\":\"https:\/\/marthacifuentes.com\/portada\/\",\"name\":\"\u25b7 Noticias de Casanare : Martha Cifuentes | Casanare\",\"description\":\"Noticias &amp; Contenidos\",\"potentialAction\":[{\"@type\":\"SearchAction\",\"target\":{\"@type\":\"EntryPoint\",\"urlTemplate\":\"https:\/\/marthacifuentes.com\/portada\/?s={search_term_string}\"},\"query-input\":{\"@type\":\"PropertyValueSpecification\",\"valueRequired\":true,\"valueName\":\"search_term_string\"}}],\"inLanguage\":\"es\"},{\"@type\":\"Person\",\"@id\":\"https:\/\/marthacifuentes.com\/portada\/#\/schema\/person\/57f53174b991db5f90ff78d58502b714\",\"name\":\"Martha Cifuentes\",\"image\":{\"@type\":\"ImageObject\",\"inLanguage\":\"es\",\"@id\":\"https:\/\/marthacifuentes.com\/portada\/#\/schema\/person\/image\/\",\"url\":\"http:\/\/marthacifuentes.com\/portada\/wp-content\/uploads\/2018\/06\/avatar_user_2_1528838701-96x96.jpg\",\"contentUrl\":\"http:\/\/marthacifuentes.com\/portada\/wp-content\/uploads\/2018\/06\/avatar_user_2_1528838701-96x96.jpg\",\"caption\":\"Martha Cifuentes\"},\"sameAs\":[\"http:\/\/www.marthacifuentes.com\"],\"url\":\"https:\/\/marthacifuentes.com\/portada\/author\/martha\/\"}]}<\/script>\n<!-- \/ Yoast SEO plugin. -->","yoast_head_json":{"title":"Alcald\u00eda y Concejo de Yopal solucionar\u00e1n l\u00edo de pago de ICA para quienes ganen menos de mil UVT, en nuevo estatuto tributario - \u25b7 Noticias de Casanare : Martha Cifuentes | Casanare","robots":{"index":"index","follow":"follow","max-snippet":"max-snippet:-1","max-image-preview":"max-image-preview:large","max-video-preview":"max-video-preview:-1"},"canonical":"https:\/\/marthacifuentes.com\/portada\/alcaldia-y-concejo-de-yopal-solucionaran-lio-de-pago-de-ica-para-quienes-ganen-menos-de-mil-uvt-en-nuevo-estatuto-tributario\/","og_locale":"es_ES","og_type":"article","og_title":"Alcald\u00eda y Concejo de Yopal solucionar\u00e1n l\u00edo de pago de ICA para quienes ganen menos de mil UVT, en nuevo estatuto tributario - \u25b7 Noticias de Casanare : Martha Cifuentes | Casanare","og_description":"En proyecto de acuerdo de modificaci\u00f3n del estatuto tributario de Yopal, la Alcald\u00eda y el Concejo Municipal, solucionar\u00edan el problema creado en el estatuto aprobado el a\u00f1o pasado y que oblig\u00f3 a los contribuyentes del r\u00e9gimen preferencial que ganan menos de 50 UVTs a pagar impuesto de Industria y Comercio. Ya fue aprobado en primer &hellip;","og_url":"https:\/\/marthacifuentes.com\/portada\/alcaldia-y-concejo-de-yopal-solucionaran-lio-de-pago-de-ica-para-quienes-ganen-menos-de-mil-uvt-en-nuevo-estatuto-tributario\/","og_site_name":"\u25b7 Noticias de Casanare : Martha Cifuentes | Casanare","article_published_time":"2022-12-06T23:56:08+00:00","og_image":[{"width":1081,"height":568,"url":"https:\/\/marthacifuentes.com\/portada\/wp-content\/uploads\/2022\/12\/imagen_2022-12-06_185448280.png","type":"image\/png"}],"author":"Martha Cifuentes","twitter_card":"summary_large_image","twitter_misc":{"Escrito por":"Martha Cifuentes","Tiempo de lectura":"1 minuto"},"schema":{"@context":"https:\/\/schema.org","@graph":[{"@type":"WebPage","@id":"https:\/\/marthacifuentes.com\/portada\/alcaldia-y-concejo-de-yopal-solucionaran-lio-de-pago-de-ica-para-quienes-ganen-menos-de-mil-uvt-en-nuevo-estatuto-tributario\/","url":"https:\/\/marthacifuentes.com\/portada\/alcaldia-y-concejo-de-yopal-solucionaran-lio-de-pago-de-ica-para-quienes-ganen-menos-de-mil-uvt-en-nuevo-estatuto-tributario\/","name":"Alcald\u00eda y Concejo de Yopal solucionar\u00e1n l\u00edo de pago de ICA para quienes ganen menos de mil UVT, en nuevo estatuto tributario - \u25b7 Noticias de Casanare : Martha Cifuentes | Casanare","isPartOf":{"@id":"https:\/\/marthacifuentes.com\/portada\/#website"},"primaryImageOfPage":{"@id":"https:\/\/marthacifuentes.com\/portada\/alcaldia-y-concejo-de-yopal-solucionaran-lio-de-pago-de-ica-para-quienes-ganen-menos-de-mil-uvt-en-nuevo-estatuto-tributario\/#primaryimage"},"image":{"@id":"https:\/\/marthacifuentes.com\/portada\/alcaldia-y-concejo-de-yopal-solucionaran-lio-de-pago-de-ica-para-quienes-ganen-menos-de-mil-uvt-en-nuevo-estatuto-tributario\/#primaryimage"},"thumbnailUrl":"https:\/\/marthacifuentes.com\/portada\/wp-content\/uploads\/2022\/12\/imagen_2022-12-06_185448280.png","datePublished":"2022-12-06T23:56:08+00:00","author":{"@id":"https:\/\/marthacifuentes.com\/portada\/#\/schema\/person\/57f53174b991db5f90ff78d58502b714"},"breadcrumb":{"@id":"https:\/\/marthacifuentes.com\/portada\/alcaldia-y-concejo-de-yopal-solucionaran-lio-de-pago-de-ica-para-quienes-ganen-menos-de-mil-uvt-en-nuevo-estatuto-tributario\/#breadcrumb"},"inLanguage":"es","potentialAction":[{"@type":"ReadAction","target":["https:\/\/marthacifuentes.com\/portada\/alcaldia-y-concejo-de-yopal-solucionaran-lio-de-pago-de-ica-para-quienes-ganen-menos-de-mil-uvt-en-nuevo-estatuto-tributario\/"]}]},{"@type":"ImageObject","inLanguage":"es","@id":"https:\/\/marthacifuentes.com\/portada\/alcaldia-y-concejo-de-yopal-solucionaran-lio-de-pago-de-ica-para-quienes-ganen-menos-de-mil-uvt-en-nuevo-estatuto-tributario\/#primaryimage","url":"https:\/\/marthacifuentes.com\/portada\/wp-content\/uploads\/2022\/12\/imagen_2022-12-06_185448280.png","contentUrl":"https:\/\/marthacifuentes.com\/portada\/wp-content\/uploads\/2022\/12\/imagen_2022-12-06_185448280.png","width":1081,"height":568},{"@type":"BreadcrumbList","@id":"https:\/\/marthacifuentes.com\/portada\/alcaldia-y-concejo-de-yopal-solucionaran-lio-de-pago-de-ica-para-quienes-ganen-menos-de-mil-uvt-en-nuevo-estatuto-tributario\/#breadcrumb","itemListElement":[{"@type":"ListItem","position":1,"name":"Portada","item":"https:\/\/marthacifuentes.com\/portada\/"},{"@type":"ListItem","position":2,"name":"Alcald\u00eda y Concejo de Yopal solucionar\u00e1n l\u00edo de pago de ICA para quienes ganen menos de mil UVT, en nuevo estatuto tributario"}]},{"@type":"WebSite","@id":"https:\/\/marthacifuentes.com\/portada\/#website","url":"https:\/\/marthacifuentes.com\/portada\/","name":"\u25b7 Noticias de Casanare : Martha Cifuentes | Casanare","description":"Noticias &amp; Contenidos","potentialAction":[{"@type":"SearchAction","target":{"@type":"EntryPoint","urlTemplate":"https:\/\/marthacifuentes.com\/portada\/?s={search_term_string}"},"query-input":{"@type":"PropertyValueSpecification","valueRequired":true,"valueName":"search_term_string"}}],"inLanguage":"es"},{"@type":"Person","@id":"https:\/\/marthacifuentes.com\/portada\/#\/schema\/person\/57f53174b991db5f90ff78d58502b714","name":"Martha Cifuentes","image":{"@type":"ImageObject","inLanguage":"es","@id":"https:\/\/marthacifuentes.com\/portada\/#\/schema\/person\/image\/","url":"http:\/\/marthacifuentes.com\/portada\/wp-content\/uploads\/2018\/06\/avatar_user_2_1528838701-96x96.jpg","contentUrl":"http:\/\/marthacifuentes.com\/portada\/wp-content\/uploads\/2018\/06\/avatar_user_2_1528838701-96x96.jpg","caption":"Martha Cifuentes"},"sameAs":["http:\/\/www.marthacifuentes.com"],"url":"https:\/\/marthacifuentes.com\/portada\/author\/martha\/"}]}},"_links":{"self":[{"href":"https:\/\/marthacifuentes.com\/portada\/wp-json\/wp\/v2\/posts\/30623","targetHints":{"allow":["GET"]}}],"collection":[{"href":"https:\/\/marthacifuentes.com\/portada\/wp-json\/wp\/v2\/posts"}],"about":[{"href":"https:\/\/marthacifuentes.com\/portada\/wp-json\/wp\/v2\/types\/post"}],"author":[{"embeddable":true,"href":"https:\/\/marthacifuentes.com\/portada\/wp-json\/wp\/v2\/users\/2"}],"replies":[{"embeddable":true,"href":"https:\/\/marthacifuentes.com\/portada\/wp-json\/wp\/v2\/comments?post=30623"}],"version-history":[{"count":1,"href":"https:\/\/marthacifuentes.com\/portada\/wp-json\/wp\/v2\/posts\/30623\/revisions"}],"predecessor-version":[{"id":30625,"href":"https:\/\/marthacifuentes.com\/portada\/wp-json\/wp\/v2\/posts\/30623\/revisions\/30625"}],"wp:featuredmedia":[{"embeddable":true,"href":"https:\/\/marthacifuentes.com\/portada\/wp-json\/wp\/v2\/media\/30624"}],"wp:attachment":[{"href":"https:\/\/marthacifuentes.com\/portada\/wp-json\/wp\/v2\/media?parent=30623"}],"wp:term":[{"taxonomy":"category","embeddable":true,"href":"https:\/\/marthacifuentes.com\/portada\/wp-json\/wp\/v2\/categories?post=30623"},{"taxonomy":"post_tag","embeddable":true,"href":"https:\/\/marthacifuentes.com\/portada\/wp-json\/wp\/v2\/tags?post=30623"}],"curies":[{"name":"wp","href":"https:\/\/api.w.org\/{rel}","templated":true}]}}