{"id":30759,"date":"2022-12-20T11:13:04","date_gmt":"2022-12-20T16:13:04","guid":{"rendered":"https:\/\/marthacifuentes.com\/portada\/?p=30759"},"modified":"2022-12-20T11:13:04","modified_gmt":"2022-12-20T16:13:04","slug":"procuraduria-formulo-pliego-de-cargos-a-2-policias-de-yopal-por-violacion-de-menor-de-edad","status":"publish","type":"post","link":"https:\/\/marthacifuentes.com\/portada\/procuraduria-formulo-pliego-de-cargos-a-2-policias-de-yopal-por-violacion-de-menor-de-edad\/","title":{"rendered":"Procuradur\u00eda formul\u00f3 pliego de cargos a 2 polic\u00edas de Yopal por violaci\u00f3n de menor de edad"},"content":{"rendered":"<p>La Procuradur\u00eda General de la Naci\u00f3n formul\u00f3 pliego de cargos contra los servidores de la Polic\u00eda Nacional Hyalmar Juver Balaguera Siabato, y Wilfredo Valencia P\u00e9rez,\u00a0por presunto acceso carnal violento a una menor de edad y la presunta exigencia de dinero a un tercero,\u00a0que estaba en el lugar de los hechos.<\/p>\n<p>Al parecer, los uniformados, estando de servicio de patrullaje,\u00a0accedieron carnalmente y de forma violenta a una menor de edad\u00a0en un terreno despoblado del del barrio Villa Nari\u00f1o del municipio de Yopal, Casanare.<\/p>\n<p>Posteriormente, Balaguera Siabato habr\u00eda exigido e inducido a un ciudadano que se encontraba en el lugar de los hechos a dar a su compa\u00f1ero Hyalmar Juver Balaguera Siabato y a \u00e9l mismo $ 500 mil con la excusa de no reportar a la Polic\u00eda de Infancia y Adolescencia que hab\u00eda sido encontrado con la menor.<\/p>\n<p>El ente disciplinario se\u00f1al\u00f3 que los miembros de la fuerza p\u00fablica\u00a0<em>\u201cse habr\u00edan apartado de su principal y m\u00e1s importante labor como polic\u00eda que era brindar protecci\u00f3n a los ciudadanos y garantizar el ejercicio de sus derechos y libertades, se olvid\u00f3 de sus deberes y despleg\u00f3 conductas que, en lugar de beneficiarlos, les caus\u00f3 grave da\u00f1o, traicionando la confianza que le deposit\u00f3 toda la comunidad\u201d.<\/em><\/p>\n<p>La Procuradur\u00eda calific\u00f3 provisionalmente las presuntas conductas irregulares como grav\u00edsimas a t\u00edtulo de culpa.<\/p>\n<h2><span style=\"color: #ff6600;\">Otras noticias&#8230;<\/span><\/h2>\n<blockquote class=\"wp-embedded-content\" data-secret=\"GzsIyUOG0w\"><p><a href=\"https:\/\/marthacifuentes.com\/portada\/2022\/12\/20\/renuncio-a-su-cargo-en-la-ese-salud-yopal-el-homicida-de-dos-mujeres-en-yopal-manana-familiares-y-amigos-de-las-victimas-realizaran-planton-en-la-entidad\/\">Renunci\u00f3 a su cargo en la ESE Salud Yopal el homicida de dos mujeres en Yopal. Ma\u00f1ana familiares y amigos de las v\u00edctimas realizar\u00e1n plant\u00f3n en la entidad.<\/a><\/p><\/blockquote>\n<p><iframe loading=\"lazy\" class=\"wp-embedded-content\" sandbox=\"allow-scripts\" security=\"restricted\" style=\"position: absolute; clip: rect(1px, 1px, 1px, 1px);\" title=\"\u00abRenunci\u00f3 a su cargo en la ESE Salud Yopal el homicida de dos mujeres en Yopal. Ma\u00f1ana familiares y amigos de las v\u00edctimas realizar\u00e1n plant\u00f3n en la entidad.\u00bb \u2014 \u25b7 Noticias de Casanare : Martha Cifuentes | Casanare\" src=\"https:\/\/marthacifuentes.com\/portada\/2022\/12\/20\/renuncio-a-su-cargo-en-la-ese-salud-yopal-el-homicida-de-dos-mujeres-en-yopal-manana-familiares-y-amigos-de-las-victimas-realizaran-planton-en-la-entidad\/embed\/#?secret=CFiWpdufQ8#?secret=GzsIyUOG0w\" data-secret=\"GzsIyUOG0w\" width=\"500\" height=\"282\" frameborder=\"0\" marginwidth=\"0\" marginheight=\"0\" scrolling=\"no\"><\/iframe><\/p>\n<p><iframe loading=\"lazy\" class=\"wp-embedded-content\" title=\"\u00abLibre conductor ebrio que atropell\u00f3 y caus\u00f3 la muerte de dos mujeres en Yopal\u00bb \u2014 \u25b7 Noticias de Casanare : Martha Cifuentes | Casanare\" src=\"https:\/\/marthacifuentes.com\/portada\/2022\/12\/19\/libre-conductor-ebrio-que-atropello-y-causo-la-muerte-de-dos-mujeres-en-yopal\/embed\/#?secret=Dxr7CnMtOF#?secret=ZEcp5dOzWc\" width=\"600\" height=\"621\" frameborder=\"0\" marginwidth=\"0\" marginheight=\"0\" scrolling=\"no\" sandbox=\"allow-scripts\" data-secret=\"ZEcp5dOzWc\" data-mce-fragment=\"1\"><\/iframe><\/p>\n<p><iframe loading=\"lazy\" class=\"wp-embedded-content\" title=\"\u00abOtro muerto en Man\u00ed, relacionado con la finca Fronteras, disputada a sangre y fuego.\u00bb \u2014 \u25b7 Noticias de Casanare : Martha Cifuentes | Casanare\" src=\"https:\/\/marthacifuentes.com\/portada\/2022\/12\/19\/otro-muerto-en-mani-relacionado-con-la-finca-fronteras-disputada-a-sangre-y-fuego\/embed\/#?secret=lJoghNt8sI#?secret=gVhPfex472\" width=\"600\" height=\"621\" frameborder=\"0\" marginwidth=\"0\" marginheight=\"0\" scrolling=\"no\" sandbox=\"allow-scripts\" data-secret=\"gVhPfex472\" data-mce-fragment=\"1\"><\/iframe><\/p>\n<p><iframe loading=\"lazy\" class=\"wp-embedded-content\" title=\"\u00abYopal estar\u00eda en riesgo de colapso en prestaci\u00f3n de servicios de aguas residuales y basuras por dudosa contrataci\u00f3n millonaria de Eaaay: Contralor\u00eda\u00bb \u2014 \u25b7 Noticias de Casanare : Martha Cifuentes | Casanare\" src=\"https:\/\/marthacifuentes.com\/portada\/2022\/12\/16\/yopal-estaria-en-riesgo-de-colapso-en-prestacion-de-servicios-de-aguas-residuales-y-basuras-por-dudosa-contratacion-millonaria-de-eaaay-contraloria\/embed\/#?secret=aECaQphPXe#?secret=GhdV7fdkbZ\" width=\"600\" height=\"650\" frameborder=\"0\" marginwidth=\"0\" marginheight=\"0\" scrolling=\"no\" sandbox=\"allow-scripts\" data-secret=\"GhdV7fdkbZ\" data-mce-fragment=\"1\"><\/iframe><\/p>\n<p><iframe loading=\"lazy\" class=\"wp-embedded-content\" title=\"\u00abAccidente provocado presuntamente por un conductor ebrio causa la muerte de dos mujeres y deja herida otra en Yopal\u00bb \u2014 \u25b7 Noticias de Casanare : Martha Cifuentes | Casanare\" src=\"https:\/\/marthacifuentes.com\/portada\/2022\/12\/16\/accidente-provocado-presuntamente-por-un-conductor-ebrio-causa-la-muerte-de-dos-mujeres-y-deja-herida-otra-en-yopal\/embed\/#?secret=9YMC4kqN2r#?secret=eVLn7yKtIS\" width=\"600\" height=\"649\" frameborder=\"0\" marginwidth=\"0\" marginheight=\"0\" scrolling=\"no\" sandbox=\"allow-scripts\" data-secret=\"eVLn7yKtIS\" data-mce-fragment=\"1\"><\/iframe><\/p>\n<p><iframe loading=\"lazy\" class=\"wp-embedded-content\" title=\"\u00abComunas 5, 1 y 7 de Yopal, campeonas en construcciones piratas sin licencia\u00bb \u2014 \u25b7 Noticias de Casanare : Martha Cifuentes | Casanare\" src=\"https:\/\/marthacifuentes.com\/portada\/2022\/12\/15\/comunas-5-1-y-7-de-yopal-campeonas-en-construcciones-piratas-sin-licencia\/embed\/#?secret=L4qXpxYTlL#?secret=KNc0J0ZAOi\" width=\"600\" height=\"621\" frameborder=\"0\" marginwidth=\"0\" marginheight=\"0\" scrolling=\"no\" sandbox=\"allow-scripts\" data-secret=\"KNc0J0ZAOi\" data-mce-fragment=\"1\"><\/iframe><\/p>\n<p><iframe loading=\"lazy\" class=\"wp-embedded-content\" title=\"\u00abHoy rinde cuentas gobernador de Casanare Salom\u00f3n Sanabria, de la vigencia 2022\u00bb \u2014 \u25b7 Noticias de Casanare : Martha Cifuentes | Casanare\" src=\"https:\/\/marthacifuentes.com\/portada\/2022\/12\/15\/hoy-rinde-cuentas-gobernador-de-casanare-salomon-sanabria-de-la-vigencia-2022\/embed\/#?secret=fhwWz1ZF3S#?secret=2WFuo30Tcm\" width=\"600\" height=\"600\" frameborder=\"0\" marginwidth=\"0\" marginheight=\"0\" scrolling=\"no\" sandbox=\"allow-scripts\" data-secret=\"2WFuo30Tcm\" data-mce-fragment=\"1\"><\/iframe><\/p>\n<p><iframe loading=\"lazy\" class=\"wp-embedded-content\" title=\"\u00abEjecutiva del banco BBVA en Yopal fue hallada sin vida. Se investiga si fue un suicidio.\u00bb \u2014 \u25b7 Noticias de Casanare : Martha Cifuentes | Casanare\" src=\"https:\/\/marthacifuentes.com\/portada\/2022\/12\/15\/ejecutiva-del-banco-bbva-en-yopal-fue-hallada-sin-vida-se-investiga-si-fue-un-suicidio\/embed\/#?secret=YmzWLtb3nd#?secret=4wNTA1ggM6\" width=\"600\" height=\"621\" frameborder=\"0\" marginwidth=\"0\" marginheight=\"0\" scrolling=\"no\" sandbox=\"allow-scripts\" data-secret=\"4wNTA1ggM6\" data-mce-fragment=\"1\"><\/iframe><\/p>\n<p><iframe loading=\"lazy\" class=\"wp-embedded-content\" title=\"\u00abToma de muestras gen\u00e9ticas a 55 personas que buscan a sus seres queridos realiz\u00f3 la Unidad de B\u00fasqueda en Boyac\u00e1\u00bb \u2014 \u25b7 Noticias de Casanare : Martha Cifuentes | Casanare\" src=\"https:\/\/marthacifuentes.com\/portada\/2022\/12\/14\/toma-de-muestras-geneticas-a-55-personas-que-buscan-a-sus-seres-queridos-realizo-la-unidad-de-busqueda-en-boyaca\/embed\/#?secret=DPYCwZVHv9#?secret=UFY9yhOlnI\" width=\"600\" height=\"629\" frameborder=\"0\" marginwidth=\"0\" marginheight=\"0\" scrolling=\"no\" sandbox=\"allow-scripts\" data-secret=\"UFY9yhOlnI\" data-mce-fragment=\"1\"><\/iframe><\/p>\n<p><iframe loading=\"lazy\" class=\"wp-embedded-content\" title=\"\u00abCasanare es el coraz\u00f3n del gas natural y GLP, afirma presidente de Ecopetrol Felipe Bay\u00f3n\u00bb \u2014 \u25b7 Noticias de Casanare : Martha Cifuentes | Casanare\" src=\"https:\/\/marthacifuentes.com\/portada\/2022\/12\/14\/casanare-es-el-corazon-del-gas-natural-y-glp-afirma-presidente-de-ecopetrol-felipe-bayon\/embed\/#?secret=7MjVeWGg66#?secret=ztibTMVknD\" width=\"600\" height=\"621\" frameborder=\"0\" marginwidth=\"0\" marginheight=\"0\" scrolling=\"no\" sandbox=\"allow-scripts\" data-secret=\"ztibTMVknD\" data-mce-fragment=\"1\"><\/iframe><\/p>\n<p><iframe loading=\"lazy\" class=\"wp-embedded-content\" title=\"\u00abNuevamente embargadas las cuentas de la Eaaay por morosa con contratista de la planta modular\u00bb \u2014 \u25b7 Noticias de Casanare : Martha Cifuentes | Casanare\" src=\"https:\/\/marthacifuentes.com\/portada\/2022\/12\/14\/nuevamente-embargadas-las-cuentas-de-la-eaaay-por-morosa-con-contratista-de-la-planta-modular\/embed\/#?secret=1FxrmYRt2T#?secret=TO1JItjtGJ\" width=\"600\" height=\"621\" frameborder=\"0\" marginwidth=\"0\" marginheight=\"0\" scrolling=\"no\" sandbox=\"allow-scripts\" data-secret=\"TO1JItjtGJ\" data-mce-fragment=\"1\"><\/iframe><\/p>\n<p><iframe loading=\"lazy\" class=\"wp-embedded-content\" title=\"\u00abEaaay se qued\u00f3 corta en explicar multimillonaria contrataci\u00f3n de la PTAR ante la Superservicios\u00bb \u2014 \u25b7 Noticias de Casanare : Martha Cifuentes | Casanare\" src=\"https:\/\/marthacifuentes.com\/portada\/2022\/12\/14\/eaaay-se-quedo-corta-en-explicar-multimillonaria-contratacion-de-la-ptar-ante-la-superservicios\/embed\/#?secret=ymWED5Jm5H#?secret=HMKntGQa1R\" width=\"600\" height=\"621\" frameborder=\"0\" marginwidth=\"0\" marginheight=\"0\" scrolling=\"no\" sandbox=\"allow-scripts\" data-secret=\"HMKntGQa1R\" data-mce-fragment=\"1\"><\/iframe><\/p>\n<p><iframe loading=\"lazy\" class=\"wp-embedded-content\" title=\"\u00abCapresoca EPS no incide en desacatos por acciones de tutela: Gerente Nuria Boh\u00f3rquez\u00bb \u2014 \u25b7 Noticias de Casanare : Martha Cifuentes | Casanare\" src=\"https:\/\/marthacifuentes.com\/portada\/2022\/12\/14\/capresoca-eps-no-incide-en-desacatos-por-acciones-de-tutela-gerente-nuria-bohorquez\/embed\/#?secret=pcTwK3zrBy#?secret=sOEBvtzWxd\" width=\"600\" height=\"621\" frameborder=\"0\" marginwidth=\"0\" marginheight=\"0\" scrolling=\"no\" sandbox=\"allow-scripts\" data-secret=\"sOEBvtzWxd\" data-mce-fragment=\"1\"><\/iframe><\/p>\n<p><iframe loading=\"lazy\" class=\"wp-embedded-content\" title=\"\u00abYopale\u00f1os han instaurado 156 acciones de tutela en 2022, reclamando derecho a la salud\u00bb \u2014 \u25b7 Noticias de Casanare : Martha Cifuentes | Casanare\" src=\"https:\/\/marthacifuentes.com\/portada\/2022\/12\/13\/yopalenos-han-instaurado-156-acciones-de-tutela-en-2022-reclamando-derecho-a-la-salud\/embed\/#?secret=0ppW2UTKog#?secret=xeJFvlPfuL\" width=\"600\" height=\"621\" frameborder=\"0\" marginwidth=\"0\" marginheight=\"0\" scrolling=\"no\" sandbox=\"allow-scripts\" data-secret=\"xeJFvlPfuL\" data-mce-fragment=\"1\"><\/iframe><\/p>\n<p><iframe loading=\"lazy\" class=\"wp-embedded-content\" title=\"\u00ab17 heridos y 1 muerto en accidentes viales en Yopal en una semana. En este a\u00f1o han fallecido 38 personas.\u00bb \u2014 \u25b7 Noticias de Casanare : Martha Cifuentes | Casanare\" src=\"https:\/\/marthacifuentes.com\/portada\/2022\/12\/13\/17-heridos-y-1-muerto-en-accidentes-viales-en-yopal-en-una-semana-en-este-ano-han-fallecido-38-personas\/embed\/#?secret=MGa0RVhe8E#?secret=Au58ikXpf0\" width=\"600\" height=\"600\" frameborder=\"0\" marginwidth=\"0\" marginheight=\"0\" scrolling=\"no\" sandbox=\"allow-scripts\" data-secret=\"Au58ikXpf0\" data-mce-fragment=\"1\"><\/iframe><\/p>\n<p><iframe loading=\"lazy\" class=\"wp-embedded-content\" title=\"\u00abSeis muertos en fin de semana en Casanare. Tres eran ni\u00f1os menores de 15 a\u00f1os.\u00bb \u2014 \u25b7 Noticias de Casanare : Martha Cifuentes | Casanare\" src=\"https:\/\/marthacifuentes.com\/portada\/2022\/12\/12\/seis-muertos-en-fin-de-semana-en-casanare-tres-eran-ninos-menores-de-15-anos\/embed\/#?secret=at2eHynFab#?secret=AXM0WMIJcW\" width=\"600\" height=\"621\" frameborder=\"0\" marginwidth=\"0\" marginheight=\"0\" scrolling=\"no\" sandbox=\"allow-scripts\" data-secret=\"AXM0WMIJcW\" data-mce-fragment=\"1\"><\/iframe><\/p>\n<p><iframe loading=\"lazy\" class=\"wp-embedded-content\" title=\"\u00abPetrolera Parex entreg\u00f3 PTAP a la vereda La Graciela de Aguazul\u00bb \u2014 \u25b7 Noticias de Casanare : Martha Cifuentes | Casanare\" src=\"https:\/\/marthacifuentes.com\/portada\/2022\/12\/12\/petrolera-parex-entrego-ptap-a-la-vereda-la-graciela-de-aguazul\/embed\/#?secret=7U4EfbtSzP#?secret=mEk86Pq7E2\" width=\"600\" height=\"621\" frameborder=\"0\" marginwidth=\"0\" marginheight=\"0\" scrolling=\"no\" sandbox=\"allow-scripts\" data-secret=\"mEk86Pq7E2\" data-mce-fragment=\"1\"><\/iframe><\/p>\n<p><iframe loading=\"lazy\" class=\"wp-embedded-content\" title=\"\u00abConcejo autoriz\u00f3 enajenaci\u00f3n o expropiaci\u00f3n del predio de La Bendici\u00f3n en Yopal\u00bb \u2014 \u25b7 Noticias de Casanare : Martha Cifuentes | Casanare\" src=\"https:\/\/marthacifuentes.com\/portada\/2022\/12\/12\/concejo-autorizo-enajenacion-o-expropiacion-del-predio-de-la-bendicion-en-yopal\/embed\/#?secret=RthEHrmFcj#?secret=5VTPJYhCbP\" width=\"600\" height=\"597\" frameborder=\"0\" marginwidth=\"0\" marginheight=\"0\" scrolling=\"no\" sandbox=\"allow-scripts\" data-secret=\"5VTPJYhCbP\" data-mce-fragment=\"1\"><\/iframe><\/p>\n<p><iframe loading=\"lazy\" class=\"wp-embedded-content\" title=\"\u00abTres a\u00f1os de incumplimiento de la canalizaci\u00f3n de aguas lluvias en v\u00eda Marginal del Llano en Yopal.\u00bb \u2014 \u25b7 Noticias de Casanare : Martha Cifuentes | Casanare\" src=\"https:\/\/marthacifuentes.com\/portada\/2022\/12\/12\/tres-anos-de-incumplimiento-de-la-canalizacion-de-aguas-lluvias-en-via-marginal-del-llano-en-yopal\/embed\/#?secret=OnCnmd0lV8#?secret=ulX19TRhdU\" width=\"600\" height=\"595\" frameborder=\"0\" marginwidth=\"0\" marginheight=\"0\" scrolling=\"no\" sandbox=\"allow-scripts\" data-secret=\"ulX19TRhdU\" data-mce-fragment=\"1\"><\/iframe><\/p>\n<p><iframe loading=\"lazy\" class=\"wp-embedded-content\" title=\"\u00abMa\u00f1ana en Yopal Foro de Transici\u00f3n Energ\u00e9tica, organizado por ACP y Ecopetrol\u00bb \u2014 \u25b7 Noticias de Casanare : Martha Cifuentes | Casanare\" src=\"https:\/\/marthacifuentes.com\/portada\/2022\/12\/12\/manana-en-yopal-foro-de-transicion-energetica-organizado-por-acp-y-ecopetrol\/embed\/#?secret=lBzcfq1xFC#?secret=DS9yoa9yHR\" width=\"600\" height=\"621\" frameborder=\"0\" marginwidth=\"0\" marginheight=\"0\" scrolling=\"no\" sandbox=\"allow-scripts\" data-secret=\"DS9yoa9yHR\" data-mce-fragment=\"1\"><\/iframe><\/p>\n<p><iframe loading=\"lazy\" class=\"wp-embedded-content\" title=\"\u00abSede de la Fiscal\u00eda fue abierta en Villanueva. Se atender\u00e1n denuncias en Punto de Atenci\u00f3n.\u00bb \u2014 \u25b7 Noticias de Casanare : Martha Cifuentes | Casanare\" src=\"https:\/\/marthacifuentes.com\/portada\/2022\/12\/09\/sede-de-la-fiscalia-fue-abierta-en-villanueva-se-atenderan-denuncias-en-punto-de-atencion\/embed\/#?secret=rGppKnekIY#?secret=CDwH7Cc7g6\" width=\"600\" height=\"600\" frameborder=\"0\" marginwidth=\"0\" marginheight=\"0\" scrolling=\"no\" sandbox=\"allow-scripts\" data-secret=\"CDwH7Cc7g6\" data-mce-fragment=\"1\"><\/iframe><\/p>\n<p><iframe loading=\"lazy\" class=\"wp-embedded-content\" title=\"\u00abSiete exdiputados de Casanare con pliego de cargos por extralimitarse en sus funciones: Procuradur\u00eda\u00bb \u2014 \u25b7 Noticias de Casanare : Martha Cifuentes | Casanare\" src=\"https:\/\/marthacifuentes.com\/portada\/2022\/12\/09\/siete-exdiputados-de-casanare-con-pliego-de-cargos-por-extralimitarse-en-sus-funciones-procuraduria\/embed\/#?secret=m7qCDhTPhj#?secret=Nqy6NvVBqB\" width=\"600\" height=\"621\" frameborder=\"0\" marginwidth=\"0\" marginheight=\"0\" scrolling=\"no\" sandbox=\"allow-scripts\" data-secret=\"Nqy6NvVBqB\" data-mce-fragment=\"1\"><\/iframe><\/p>\n<p><iframe loading=\"lazy\" class=\"wp-embedded-content\" title=\"\u00abPor vender una rifa ilegal, fueron capturadas 9 personas en Yopal\u00bb \u2014 \u25b7 Noticias de Casanare : Martha Cifuentes | Casanare\" src=\"https:\/\/marthacifuentes.com\/portada\/2022\/12\/09\/por-vender-una-rifa-ilegal-fueron-capturadas-9-personas-en-yopal\/embed\/#?secret=RiR9dZiJMG#?secret=FGl9WpVg7T\" width=\"600\" height=\"609\" frameborder=\"0\" marginwidth=\"0\" marginheight=\"0\" scrolling=\"no\" sandbox=\"allow-scripts\" data-secret=\"FGl9WpVg7T\" data-mce-fragment=\"1\"><\/iframe><\/p>\n<p><iframe loading=\"lazy\" class=\"wp-embedded-content\" title=\"\u00abEn la noche de las velitas apagaron la vida de un farmaceuta de Yopal. Un intolerante lo apu\u00f1al\u00f3 en el coraz\u00f3n.\u00bb \u2014 \u25b7 Noticias de Casanare : Martha Cifuentes | Casanare\" src=\"https:\/\/marthacifuentes.com\/portada\/2022\/12\/09\/en-la-noche-de-las-velitas-apagaron-la-vida-de-un-farmaceuta-de-yopal-un-intolerante-lo-apunalo-en-el-corazon\/embed\/#?secret=LWxfwxPxib#?secret=IxnLExh7Ex\" width=\"600\" height=\"650\" frameborder=\"0\" marginwidth=\"0\" marginheight=\"0\" scrolling=\"no\" sandbox=\"allow-scripts\" data-secret=\"IxnLExh7Ex\" data-mce-fragment=\"1\"><\/iframe><\/p>\n<p><iframe loading=\"lazy\" class=\"wp-embedded-content\" title=\"\u00abCapturado por violaci\u00f3n de joven de 19 a\u00f1os en Aguazul es investigado por otro abuso sexual y es convicto por violencia intrafamiliar\u00bb \u2014 \u25b7 Noticias de Casanare : Martha Cifuentes | Casanare\" src=\"https:\/\/marthacifuentes.com\/portada\/2022\/12\/09\/capturado-por-violacion-de-joven-de-19-anos-en-aguazul-es-investigado-por-otro-abuso-sexual-y-es-convicto-por-violencia-intrafamiliar\/embed\/#?secret=nmbBS0Ubej#?secret=h8MWqsLCkn\" width=\"600\" height=\"629\" frameborder=\"0\" marginwidth=\"0\" marginheight=\"0\" scrolling=\"no\" sandbox=\"allow-scripts\" data-secret=\"h8MWqsLCkn\" data-mce-fragment=\"1\"><\/iframe><\/p>\n<p><iframe loading=\"lazy\" class=\"wp-embedded-content\" title=\"\u00abTres muertos y 23 heridos deja accidente de bus de empresa Los Libertadores en Yopal\u00bb \u2014 \u25b7 Noticias de Casanare : Martha Cifuentes | Casanare\" src=\"https:\/\/marthacifuentes.com\/portada\/2022\/12\/07\/tres-muertos-y-23-heridos-deja-accidente-de-bus-de-empresa-los-libertadores-en-yopal\/embed\/#?secret=by9AruMeWz#?secret=0mIkA1dxjz\" width=\"600\" height=\"600\" frameborder=\"0\" marginwidth=\"0\" marginheight=\"0\" scrolling=\"no\" sandbox=\"allow-scripts\" data-secret=\"0mIkA1dxjz\" data-mce-fragment=\"1\"><\/iframe><\/p>\n<p><iframe loading=\"lazy\" class=\"wp-embedded-content\" title=\"\u00abVenezolanos podr\u00e1n votar en pr\u00f3ximas elecciones de alcaldes y concejales de Colombia en 2023\u00bb \u2014 \u25b7 Noticias de Casanare : Martha Cifuentes | Casanare\" src=\"https:\/\/marthacifuentes.com\/portada\/2022\/12\/06\/venezolanos-podran-votar-en-proximas-elecciones-de-alcaldes-y-concejales-de-colombia-en-2023\/embed\/#?secret=2ktuYqTMLU#?secret=ZpjYTOY8R5\" width=\"600\" height=\"621\" frameborder=\"0\" marginwidth=\"0\" marginheight=\"0\" scrolling=\"no\" sandbox=\"allow-scripts\" data-secret=\"ZpjYTOY8R5\" data-mce-fragment=\"1\"><\/iframe><\/p>\n<p><iframe loading=\"lazy\" class=\"wp-embedded-content\" title=\"\u00abExdirector del DAS, procesado por falsos positivos, reactivar\u00eda parapol\u00edtica en Casanare. Denunciar\u00eda que gobernantes ten\u00edan nexos con los paramilitares.\u00bb \u2014 \u25b7 Noticias de Casanare : Martha Cifuentes | Casanare\" src=\"https:\/\/marthacifuentes.com\/portada\/2022\/12\/06\/exdirector-del-das-procesado-por-falsos-positivos-reactivaria-parapolitica-en-casanare-denunciaria-que-gobernantes-tenian-nexos-con-los-paramilitares\/embed\/#?secret=95CeQdaDYm#?secret=qhuuyFw63b\" width=\"600\" height=\"650\" frameborder=\"0\" marginwidth=\"0\" marginheight=\"0\" scrolling=\"no\" sandbox=\"allow-scripts\" data-secret=\"qhuuyFw63b\" data-mce-fragment=\"1\"><\/iframe><\/p>\n<p><iframe loading=\"lazy\" class=\"wp-embedded-content\" title=\"\u00abInv\u00edas ratifica que sigue vigente restricci\u00f3n de veh\u00edculos con carga superior a 52 toneladas en v\u00eda del Aguazul-Sogamoso\u00bb \u2014 \u25b7 Noticias de Casanare : Martha Cifuentes | Casanare\" src=\"https:\/\/marthacifuentes.com\/portada\/2022\/12\/06\/invias-ratifica-que-sigue-vigente-restriccion-de-vehiculos-con-carga-superior-a-52-toneladas-en-via-del-aguazul-sogamoso\/embed\/#?secret=RJOipSw59b#?secret=LKEWcVe6iw\" width=\"600\" height=\"629\" frameborder=\"0\" marginwidth=\"0\" marginheight=\"0\" scrolling=\"no\" sandbox=\"allow-scripts\" data-secret=\"LKEWcVe6iw\" data-mce-fragment=\"1\"><\/iframe><\/p>\n<p><iframe loading=\"lazy\" class=\"wp-embedded-content\" title=\"\u00abAlcald\u00eda y Concejo de Yopal solucionar\u00e1n l\u00edo de pago de ICA para quienes ganen menos de mil UVT, en nuevo estatuto tributario\u00bb \u2014 \u25b7 Noticias de Casanare : Martha Cifuentes | Casanare\" src=\"https:\/\/marthacifuentes.com\/portada\/2022\/12\/06\/alcaldia-y-concejo-de-yopal-solucionaran-lio-de-pago-de-ica-para-quienes-ganen-menos-de-mil-uvt-en-nuevo-estatuto-tributario\/embed\/#?secret=3ye384fyte#?secret=RnuaYl5oB6\" width=\"600\" height=\"629\" frameborder=\"0\" marginwidth=\"0\" marginheight=\"0\" scrolling=\"no\" sandbox=\"allow-scripts\" data-secret=\"RnuaYl5oB6\" data-mce-fragment=\"1\"><\/iframe><\/p>\n<p><iframe loading=\"lazy\" class=\"wp-embedded-content\" title=\"\u00abEaaay de Yopal trat\u00f3 de explicar en la Superservicios, contratos multimillonarios de PTAR y basuras\u00bb \u2014 \u25b7 Noticias de Casanare : Martha Cifuentes | Casanare\" src=\"https:\/\/marthacifuentes.com\/portada\/2022\/12\/06\/eaaay-de-yopal-trato-de-explicar-en-la-superservicios-contratos-multimillonarios-de-ptar-y-basuras\/embed\/#?secret=C0iQtHTbUu#?secret=DvUWfq26ZJ\" width=\"600\" height=\"600\" frameborder=\"0\" marginwidth=\"0\" marginheight=\"0\" scrolling=\"no\" sandbox=\"allow-scripts\" data-secret=\"DvUWfq26ZJ\" data-mce-fragment=\"1\"><\/iframe><\/p>\n<p><iframe loading=\"lazy\" class=\"wp-embedded-content\" title=\"\u00abViolencia f\u00edsica, sexual y racismo contra docente e hijos chocoanos, en Paya, Boyac\u00e1\u00bb \u2014 \u25b7 Noticias de Casanare : Martha Cifuentes | Casanare\" src=\"https:\/\/marthacifuentes.com\/portada\/2022\/12\/06\/violencia-fisica-sexual-y-racismo-contra-docente-e-hijos-chocoanos-en-paya-boyaca\/embed\/#?secret=zpEmBJAYAn#?secret=cXe2l9KPEu\" width=\"600\" height=\"621\" frameborder=\"0\" marginwidth=\"0\" marginheight=\"0\" scrolling=\"no\" sandbox=\"allow-scripts\" data-secret=\"cXe2l9KPEu\" data-mce-fragment=\"1\"><\/iframe><\/p>\n<p><iframe loading=\"lazy\" class=\"wp-embedded-content\" title=\"\u00abPaipa y Yopal, ahora m\u00e1s cerca con vuelos, entre estas dos ciudades.\u00bb \u2014 \u25b7 Noticias de Casanare : Martha Cifuentes | Casanare\" src=\"https:\/\/marthacifuentes.com\/portada\/2022\/12\/05\/paipa-y-yopal-ahora-mas-cerca-con-vuelos-entre-estas-dos-ciudades\/embed\/#?secret=8m9CpuGy1w#?secret=FhFmHefUmB\" width=\"600\" height=\"621\" frameborder=\"0\" marginwidth=\"0\" marginheight=\"0\" scrolling=\"no\" sandbox=\"allow-scripts\" data-secret=\"FhFmHefUmB\" data-mce-fragment=\"1\"><\/iframe><\/p>\n<p><iframe loading=\"lazy\" class=\"wp-embedded-content\" title=\"\u00abIDEAM rehabilit\u00f3 6 estaciones climatol\u00f3gicas en r\u00edos de Casanare\u00bb \u2014 \u25b7 Noticias de Casanare : Martha Cifuentes | Casanare\" src=\"https:\/\/marthacifuentes.com\/portada\/2022\/12\/05\/ideam-rehabilito-6-estaciones-climatologicas-en-rios-de-casanare\/embed\/#?secret=pnwqVrUUGO#?secret=U0xrDbVE0T\" width=\"600\" height=\"621\" frameborder=\"0\" marginwidth=\"0\" marginheight=\"0\" scrolling=\"no\" sandbox=\"allow-scripts\" data-secret=\"U0xrDbVE0T\" data-mce-fragment=\"1\"><\/iframe><\/p>\n<p><iframe loading=\"lazy\" class=\"wp-embedded-content\" title=\"\u00abCapturados furtivos cazadores de chig\u00fciros en Casanare pero quedaron libres\u00bb \u2014 \u25b7 Noticias de Casanare : Martha Cifuentes | Casanare\" src=\"https:\/\/marthacifuentes.com\/portada\/2022\/12\/05\/capturados-furtivos-cazadores-de-chiguiros-en-casanare-pero-quedaron-libres\/embed\/#?secret=5T4ZuJCFWU#?secret=jwPvRS4HOq\" width=\"600\" height=\"621\" frameborder=\"0\" marginwidth=\"0\" marginheight=\"0\" scrolling=\"no\" sandbox=\"allow-scripts\" data-secret=\"jwPvRS4HOq\" data-mce-fragment=\"1\"><\/iframe><\/p>\n<p><iframe loading=\"lazy\" class=\"wp-embedded-content\" title=\"\u00abGanadero Gustavo Salas de Casanare, quien fue liberado, hab\u00eda sido secuestrado por disidencias de las Farc, seg\u00fan Brigada 16\u00bb \u2014 \u25b7 Noticias de Casanare : Martha Cifuentes | Casanare\" src=\"https:\/\/marthacifuentes.com\/portada\/2022\/12\/05\/ganadero-gustavo-salas-de-casanare-quien-fue-liberado-habia-sido-secuestrado-por-disidencias-de-las-farc-segun-brigada-16\/embed\/#?secret=6LJRPBmXiz#?secret=SFc2y9XTDg\" width=\"600\" height=\"650\" frameborder=\"0\" marginwidth=\"0\" marginheight=\"0\" scrolling=\"no\" sandbox=\"allow-scripts\" data-secret=\"SFc2y9XTDg\" data-mce-fragment=\"1\"><\/iframe><\/p>\n<p><iframe loading=\"lazy\" class=\"wp-embedded-content\" title=\"\u00abMiembros de la fuerza p\u00fablica son c\u00f3mplices del Clan del Golfo, denunci\u00f3 diputado de Casanare York Cort\u00e9s.\u00bb \u2014 \u25b7 Noticias de Casanare : Martha Cifuentes | Casanare\" src=\"https:\/\/marthacifuentes.com\/portada\/2022\/12\/05\/miembros-de-la-fuerza-publica-son-complices-del-clan-del-golfo-denuncio-diputado-de-casanare-york-cortes\/embed\/#?secret=vlEmDwWUrQ#?secret=E4fkSMVbR4\" width=\"600\" height=\"621\" frameborder=\"0\" marginwidth=\"0\" marginheight=\"0\" scrolling=\"no\" sandbox=\"allow-scripts\" data-secret=\"E4fkSMVbR4\" data-mce-fragment=\"1\"><\/iframe><\/p>\n<p><iframe loading=\"lazy\" class=\"wp-embedded-content\" title=\"\u00ab64 homicidios, 3 feminicidios y al menos 500 casos de violencia intrafamiliar en Casanare en 2022\u00bb \u2014 \u25b7 Noticias de Casanare : Martha Cifuentes | Casanare\" src=\"https:\/\/marthacifuentes.com\/portada\/2022\/12\/02\/64-homicidios-3-feminicidios-y-al-menos-500-casos-de-violencia-intrafamiliar-en-casanare-en-2022\/embed\/#?secret=r06tX97VVO#?secret=daEPkSKEGs\" width=\"600\" height=\"600\" frameborder=\"0\" marginwidth=\"0\" marginheight=\"0\" scrolling=\"no\" sandbox=\"allow-scripts\" data-secret=\"daEPkSKEGs\" data-mce-fragment=\"1\"><\/iframe><\/p>\n<p><iframe loading=\"lazy\" class=\"wp-embedded-content\" title=\"\u00abEl que es no deja de ser. Capturado alias \u201ccubarro\u201d reconocido paramilitar de las AUC y ahora integrante del Clan del Golfo.\u00bb \u2014 \u25b7 Noticias de Casanare : Martha Cifuentes | Casanare\" src=\"https:\/\/marthacifuentes.com\/portada\/2022\/12\/02\/el-que-es-no-deja-de-ser-capturado-alias-cubarro-reconocido-paramilitar-de-las-auc-y-ahora-integrante-del-clan-del-golfo\/embed\/#?secret=A4TaXywb1R#?secret=WwKlVTPhZf\" width=\"600\" height=\"650\" frameborder=\"0\" marginwidth=\"0\" marginheight=\"0\" scrolling=\"no\" sandbox=\"allow-scripts\" data-secret=\"WwKlVTPhZf\" data-mce-fragment=\"1\"><\/iframe><\/p>\n<p><iframe loading=\"lazy\" class=\"wp-embedded-content\" title=\"\u00abSolo un kil\u00f3metro se ha pavimentado en cacareado proyecto vial Paz de Ariporo-Monta\u00f1as del Totumo y se ha desembolsado al menos $25 mil millones\u00bb \u2014 \u25b7 Noticias de Casanare : Martha Cifuentes | Casanare\" src=\"https:\/\/marthacifuentes.com\/portada\/2022\/12\/02\/solo-un-kilometro-se-ha-pavimentado-en-cacareado-proyecto-vial-paz-de-ariporo-montanas-del-totumo-y-se-ha-desembolsado-al-menos-25-mil-millones\/embed\/#?secret=uMWrK9HFiF#?secret=D9rJnpeJAW\" width=\"600\" height=\"650\" frameborder=\"0\" marginwidth=\"0\" marginheight=\"0\" scrolling=\"no\" sandbox=\"allow-scripts\" data-secret=\"D9rJnpeJAW\" data-mce-fragment=\"1\"><\/iframe><\/p>\n<p><iframe loading=\"lazy\" class=\"wp-embedded-content\" title=\"\u00abHoy elecciones de junta directiva y revisor fiscal de la C\u00e1mara de Comercio de Casanare\u00bb \u2014 \u25b7 Noticias de Casanare : Martha Cifuentes | Casanare\" src=\"https:\/\/marthacifuentes.com\/portada\/2022\/12\/01\/hoy-elecciones-de-junta-directiva-y-revisor-fiscal-de-la-camara-de-comercio-de-casanare\/embed\/#?secret=IbnZeyqol2#?secret=lcxdB7I102\" width=\"600\" height=\"600\" frameborder=\"0\" marginwidth=\"0\" marginheight=\"0\" scrolling=\"no\" sandbox=\"allow-scripts\" data-secret=\"lcxdB7I102\" data-mce-fragment=\"1\"><\/iframe><\/p>\n<p><iframe loading=\"lazy\" class=\"wp-embedded-content\" title=\"\u00abCasanare superar\u00e1 el bill\u00f3n de pesos de regal\u00edas para pr\u00f3ximos dos a\u00f1os\u00bb \u2014 \u25b7 Noticias de Casanare : Martha Cifuentes | Casanare\" src=\"https:\/\/marthacifuentes.com\/portada\/2022\/12\/01\/casanare-superara-el-billon-de-pesos-de-regalias-para-proximos-dos-anos\/embed\/#?secret=Vy5KI1TghY#?secret=zSeITLfzHq\" width=\"600\" height=\"621\" frameborder=\"0\" marginwidth=\"0\" marginheight=\"0\" scrolling=\"no\" sandbox=\"allow-scripts\" data-secret=\"zSeITLfzHq\" data-mce-fragment=\"1\"><\/iframe><\/p>\n<p><iframe loading=\"lazy\" class=\"wp-embedded-content\" title=\"\u00abCogestor de Torres del Silencio contradice concepto de demolici\u00f3n dado en consultor\u00eda de la Gobernaci\u00f3n de Casanare\u00bb \u2014 \u25b7 Noticias de Casanare : Martha Cifuentes | Casanare\" src=\"https:\/\/marthacifuentes.com\/portada\/2022\/11\/29\/cogestor-de-torres-del-silencio-contradice-concepto-de-demolicion-dado-en-consultoria-de-la-gobernacion-de-casanare\/embed\/#?secret=TYJsAnVaG5#?secret=hiA6ZCz883\" width=\"600\" height=\"627\" frameborder=\"0\" marginwidth=\"0\" marginheight=\"0\" scrolling=\"no\" sandbox=\"allow-scripts\" data-secret=\"hiA6ZCz883\" data-mce-fragment=\"1\"><\/iframe><\/p>\n<p>&nbsp;<\/p>\n","protected":false},"excerpt":{"rendered":"<p>La Procuradur\u00eda General de la Naci\u00f3n formul\u00f3 pliego de cargos contra los servidores de la Polic\u00eda Nacional Hyalmar Juver Balaguera Siabato, y Wilfredo Valencia P\u00e9rez,\u00a0por presunto acceso carnal violento a una menor de edad y la presunta exigencia de dinero a un tercero,\u00a0que estaba en el lugar de los hechos. Al parecer, los uniformados, estando &hellip;<\/p>\n","protected":false},"author":2,"featured_media":30760,"comment_status":"open","ping_status":"open","sticky":false,"template":"","format":"standard","meta":{"om_disable_all_campaigns":false,"_exactmetrics_skip_tracking":false,"_exactmetrics_sitenote_active":false,"_exactmetrics_sitenote_note":"","_exactmetrics_sitenote_category":0,"_monsterinsights_skip_tracking":false,"_monsterinsights_sitenote_active":false,"_monsterinsights_sitenote_note":"","_monsterinsights_sitenote_category":0,"_uf_show_specific_survey":0,"_uf_disable_surveys":false,"_joinchat":[],"footnotes":""},"categories":[147,146,145],"tags":[1373,1400,1421,8717,1376],"class_list":["post-30759","post","type-post","status-publish","format-standard","has-post-thumbnail","hentry","category-actualidad","category-noticias","category-reportajes","tag-casanare-noticias","tag-noticias-casanare","tag-noticias-yopal","tag-pliego-de-cargos-para-policias-violadores-en-yopal","tag-yopal-noticias"],"yoast_head":"<!-- This site is optimized with the Yoast SEO plugin v26.1 - https:\/\/yoast.com\/wordpress\/plugins\/seo\/ -->\n<title>Procuradur\u00eda formul\u00f3 pliego de cargos a 2 polic\u00edas de Yopal por violaci\u00f3n de menor de edad - \u25b7 Noticias de Casanare : Martha Cifuentes | Casanare<\/title>\n<meta name=\"robots\" content=\"index, follow, max-snippet:-1, max-image-preview:large, max-video-preview:-1\" \/>\n<link rel=\"canonical\" href=\"https:\/\/marthacifuentes.com\/portada\/procuraduria-formulo-pliego-de-cargos-a-2-policias-de-yopal-por-violacion-de-menor-de-edad\/\" \/>\n<meta property=\"og:locale\" content=\"es_ES\" \/>\n<meta property=\"og:type\" content=\"article\" \/>\n<meta property=\"og:title\" content=\"Procuradur\u00eda formul\u00f3 pliego de cargos a 2 polic\u00edas de Yopal por violaci\u00f3n de menor de edad - \u25b7 Noticias de Casanare : Martha Cifuentes | Casanare\" \/>\n<meta property=\"og:description\" content=\"La Procuradur\u00eda General de la Naci\u00f3n formul\u00f3 pliego de cargos contra los servidores de la Polic\u00eda Nacional Hyalmar Juver Balaguera Siabato, y Wilfredo Valencia P\u00e9rez,\u00a0por presunto acceso carnal violento a una menor de edad y la presunta exigencia de dinero a un tercero,\u00a0que estaba en el lugar de los hechos. Al parecer, los uniformados, estando &hellip;\" \/>\n<meta property=\"og:url\" content=\"https:\/\/marthacifuentes.com\/portada\/procuraduria-formulo-pliego-de-cargos-a-2-policias-de-yopal-por-violacion-de-menor-de-edad\/\" \/>\n<meta property=\"og:site_name\" content=\"\u25b7 Noticias de Casanare : Martha Cifuentes | Casanare\" \/>\n<meta property=\"article:published_time\" content=\"2022-12-20T16:13:04+00:00\" \/>\n<meta property=\"og:image\" content=\"https:\/\/marthacifuentes.com\/portada\/wp-content\/uploads\/2022\/12\/policias.webp\" \/>\n\t<meta property=\"og:image:width\" content=\"1200\" \/>\n\t<meta property=\"og:image:height\" content=\"675\" \/>\n\t<meta property=\"og:image:type\" content=\"image\/webp\" \/>\n<meta name=\"author\" content=\"Martha Cifuentes\" \/>\n<meta name=\"twitter:card\" content=\"summary_large_image\" \/>\n<meta name=\"twitter:label1\" content=\"Escrito por\" \/>\n\t<meta name=\"twitter:data1\" content=\"Martha Cifuentes\" \/>\n\t<meta name=\"twitter:label2\" content=\"Tiempo de lectura\" \/>\n\t<meta name=\"twitter:data2\" content=\"1 minuto\" \/>\n<script type=\"application\/ld+json\" class=\"yoast-schema-graph\">{\"@context\":\"https:\/\/schema.org\",\"@graph\":[{\"@type\":\"WebPage\",\"@id\":\"https:\/\/marthacifuentes.com\/portada\/procuraduria-formulo-pliego-de-cargos-a-2-policias-de-yopal-por-violacion-de-menor-de-edad\/\",\"url\":\"https:\/\/marthacifuentes.com\/portada\/procuraduria-formulo-pliego-de-cargos-a-2-policias-de-yopal-por-violacion-de-menor-de-edad\/\",\"name\":\"Procuradur\u00eda formul\u00f3 pliego de cargos a 2 polic\u00edas de Yopal por violaci\u00f3n de menor de edad - \u25b7 Noticias de Casanare : Martha Cifuentes | Casanare\",\"isPartOf\":{\"@id\":\"https:\/\/marthacifuentes.com\/portada\/#website\"},\"primaryImageOfPage\":{\"@id\":\"https:\/\/marthacifuentes.com\/portada\/procuraduria-formulo-pliego-de-cargos-a-2-policias-de-yopal-por-violacion-de-menor-de-edad\/#primaryimage\"},\"image\":{\"@id\":\"https:\/\/marthacifuentes.com\/portada\/procuraduria-formulo-pliego-de-cargos-a-2-policias-de-yopal-por-violacion-de-menor-de-edad\/#primaryimage\"},\"thumbnailUrl\":\"https:\/\/marthacifuentes.com\/portada\/wp-content\/uploads\/2022\/12\/policias.webp\",\"datePublished\":\"2022-12-20T16:13:04+00:00\",\"author\":{\"@id\":\"https:\/\/marthacifuentes.com\/portada\/#\/schema\/person\/57f53174b991db5f90ff78d58502b714\"},\"breadcrumb\":{\"@id\":\"https:\/\/marthacifuentes.com\/portada\/procuraduria-formulo-pliego-de-cargos-a-2-policias-de-yopal-por-violacion-de-menor-de-edad\/#breadcrumb\"},\"inLanguage\":\"es\",\"potentialAction\":[{\"@type\":\"ReadAction\",\"target\":[\"https:\/\/marthacifuentes.com\/portada\/procuraduria-formulo-pliego-de-cargos-a-2-policias-de-yopal-por-violacion-de-menor-de-edad\/\"]}]},{\"@type\":\"ImageObject\",\"inLanguage\":\"es\",\"@id\":\"https:\/\/marthacifuentes.com\/portada\/procuraduria-formulo-pliego-de-cargos-a-2-policias-de-yopal-por-violacion-de-menor-de-edad\/#primaryimage\",\"url\":\"https:\/\/marthacifuentes.com\/portada\/wp-content\/uploads\/2022\/12\/policias.webp\",\"contentUrl\":\"https:\/\/marthacifuentes.com\/portada\/wp-content\/uploads\/2022\/12\/policias.webp\",\"width\":1200,\"height\":675},{\"@type\":\"BreadcrumbList\",\"@id\":\"https:\/\/marthacifuentes.com\/portada\/procuraduria-formulo-pliego-de-cargos-a-2-policias-de-yopal-por-violacion-de-menor-de-edad\/#breadcrumb\",\"itemListElement\":[{\"@type\":\"ListItem\",\"position\":1,\"name\":\"Portada\",\"item\":\"https:\/\/marthacifuentes.com\/portada\/\"},{\"@type\":\"ListItem\",\"position\":2,\"name\":\"Procuradur\u00eda formul\u00f3 pliego de cargos a 2 polic\u00edas de Yopal por violaci\u00f3n de menor de edad\"}]},{\"@type\":\"WebSite\",\"@id\":\"https:\/\/marthacifuentes.com\/portada\/#website\",\"url\":\"https:\/\/marthacifuentes.com\/portada\/\",\"name\":\"\u25b7 Noticias de Casanare : Martha Cifuentes | Casanare\",\"description\":\"Noticias &amp; Contenidos\",\"potentialAction\":[{\"@type\":\"SearchAction\",\"target\":{\"@type\":\"EntryPoint\",\"urlTemplate\":\"https:\/\/marthacifuentes.com\/portada\/?s={search_term_string}\"},\"query-input\":{\"@type\":\"PropertyValueSpecification\",\"valueRequired\":true,\"valueName\":\"search_term_string\"}}],\"inLanguage\":\"es\"},{\"@type\":\"Person\",\"@id\":\"https:\/\/marthacifuentes.com\/portada\/#\/schema\/person\/57f53174b991db5f90ff78d58502b714\",\"name\":\"Martha Cifuentes\",\"image\":{\"@type\":\"ImageObject\",\"inLanguage\":\"es\",\"@id\":\"https:\/\/marthacifuentes.com\/portada\/#\/schema\/person\/image\/\",\"url\":\"http:\/\/marthacifuentes.com\/portada\/wp-content\/uploads\/2018\/06\/avatar_user_2_1528838701-96x96.jpg\",\"contentUrl\":\"http:\/\/marthacifuentes.com\/portada\/wp-content\/uploads\/2018\/06\/avatar_user_2_1528838701-96x96.jpg\",\"caption\":\"Martha Cifuentes\"},\"sameAs\":[\"http:\/\/www.marthacifuentes.com\"],\"url\":\"https:\/\/marthacifuentes.com\/portada\/author\/martha\/\"}]}<\/script>\n<!-- \/ Yoast SEO plugin. -->","yoast_head_json":{"title":"Procuradur\u00eda formul\u00f3 pliego de cargos a 2 polic\u00edas de Yopal por violaci\u00f3n de menor de edad - \u25b7 Noticias de Casanare : Martha Cifuentes | Casanare","robots":{"index":"index","follow":"follow","max-snippet":"max-snippet:-1","max-image-preview":"max-image-preview:large","max-video-preview":"max-video-preview:-1"},"canonical":"https:\/\/marthacifuentes.com\/portada\/procuraduria-formulo-pliego-de-cargos-a-2-policias-de-yopal-por-violacion-de-menor-de-edad\/","og_locale":"es_ES","og_type":"article","og_title":"Procuradur\u00eda formul\u00f3 pliego de cargos a 2 polic\u00edas de Yopal por violaci\u00f3n de menor de edad - \u25b7 Noticias de Casanare : Martha Cifuentes | Casanare","og_description":"La Procuradur\u00eda General de la Naci\u00f3n formul\u00f3 pliego de cargos contra los servidores de la Polic\u00eda Nacional Hyalmar Juver Balaguera Siabato, y Wilfredo Valencia P\u00e9rez,\u00a0por presunto acceso carnal violento a una menor de edad y la presunta exigencia de dinero a un tercero,\u00a0que estaba en el lugar de los hechos. Al parecer, los uniformados, estando &hellip;","og_url":"https:\/\/marthacifuentes.com\/portada\/procuraduria-formulo-pliego-de-cargos-a-2-policias-de-yopal-por-violacion-de-menor-de-edad\/","og_site_name":"\u25b7 Noticias de Casanare : Martha Cifuentes | Casanare","article_published_time":"2022-12-20T16:13:04+00:00","og_image":[{"width":1200,"height":675,"url":"https:\/\/marthacifuentes.com\/portada\/wp-content\/uploads\/2022\/12\/policias.webp","type":"image\/webp"}],"author":"Martha Cifuentes","twitter_card":"summary_large_image","twitter_misc":{"Escrito por":"Martha Cifuentes","Tiempo de lectura":"1 minuto"},"schema":{"@context":"https:\/\/schema.org","@graph":[{"@type":"WebPage","@id":"https:\/\/marthacifuentes.com\/portada\/procuraduria-formulo-pliego-de-cargos-a-2-policias-de-yopal-por-violacion-de-menor-de-edad\/","url":"https:\/\/marthacifuentes.com\/portada\/procuraduria-formulo-pliego-de-cargos-a-2-policias-de-yopal-por-violacion-de-menor-de-edad\/","name":"Procuradur\u00eda formul\u00f3 pliego de cargos a 2 polic\u00edas de Yopal por violaci\u00f3n de menor de edad - \u25b7 Noticias de Casanare : Martha Cifuentes | Casanare","isPartOf":{"@id":"https:\/\/marthacifuentes.com\/portada\/#website"},"primaryImageOfPage":{"@id":"https:\/\/marthacifuentes.com\/portada\/procuraduria-formulo-pliego-de-cargos-a-2-policias-de-yopal-por-violacion-de-menor-de-edad\/#primaryimage"},"image":{"@id":"https:\/\/marthacifuentes.com\/portada\/procuraduria-formulo-pliego-de-cargos-a-2-policias-de-yopal-por-violacion-de-menor-de-edad\/#primaryimage"},"thumbnailUrl":"https:\/\/marthacifuentes.com\/portada\/wp-content\/uploads\/2022\/12\/policias.webp","datePublished":"2022-12-20T16:13:04+00:00","author":{"@id":"https:\/\/marthacifuentes.com\/portada\/#\/schema\/person\/57f53174b991db5f90ff78d58502b714"},"breadcrumb":{"@id":"https:\/\/marthacifuentes.com\/portada\/procuraduria-formulo-pliego-de-cargos-a-2-policias-de-yopal-por-violacion-de-menor-de-edad\/#breadcrumb"},"inLanguage":"es","potentialAction":[{"@type":"ReadAction","target":["https:\/\/marthacifuentes.com\/portada\/procuraduria-formulo-pliego-de-cargos-a-2-policias-de-yopal-por-violacion-de-menor-de-edad\/"]}]},{"@type":"ImageObject","inLanguage":"es","@id":"https:\/\/marthacifuentes.com\/portada\/procuraduria-formulo-pliego-de-cargos-a-2-policias-de-yopal-por-violacion-de-menor-de-edad\/#primaryimage","url":"https:\/\/marthacifuentes.com\/portada\/wp-content\/uploads\/2022\/12\/policias.webp","contentUrl":"https:\/\/marthacifuentes.com\/portada\/wp-content\/uploads\/2022\/12\/policias.webp","width":1200,"height":675},{"@type":"BreadcrumbList","@id":"https:\/\/marthacifuentes.com\/portada\/procuraduria-formulo-pliego-de-cargos-a-2-policias-de-yopal-por-violacion-de-menor-de-edad\/#breadcrumb","itemListElement":[{"@type":"ListItem","position":1,"name":"Portada","item":"https:\/\/marthacifuentes.com\/portada\/"},{"@type":"ListItem","position":2,"name":"Procuradur\u00eda formul\u00f3 pliego de cargos a 2 polic\u00edas de Yopal por violaci\u00f3n de menor de edad"}]},{"@type":"WebSite","@id":"https:\/\/marthacifuentes.com\/portada\/#website","url":"https:\/\/marthacifuentes.com\/portada\/","name":"\u25b7 Noticias de Casanare : Martha Cifuentes | Casanare","description":"Noticias &amp; Contenidos","potentialAction":[{"@type":"SearchAction","target":{"@type":"EntryPoint","urlTemplate":"https:\/\/marthacifuentes.com\/portada\/?s={search_term_string}"},"query-input":{"@type":"PropertyValueSpecification","valueRequired":true,"valueName":"search_term_string"}}],"inLanguage":"es"},{"@type":"Person","@id":"https:\/\/marthacifuentes.com\/portada\/#\/schema\/person\/57f53174b991db5f90ff78d58502b714","name":"Martha Cifuentes","image":{"@type":"ImageObject","inLanguage":"es","@id":"https:\/\/marthacifuentes.com\/portada\/#\/schema\/person\/image\/","url":"http:\/\/marthacifuentes.com\/portada\/wp-content\/uploads\/2018\/06\/avatar_user_2_1528838701-96x96.jpg","contentUrl":"http:\/\/marthacifuentes.com\/portada\/wp-content\/uploads\/2018\/06\/avatar_user_2_1528838701-96x96.jpg","caption":"Martha Cifuentes"},"sameAs":["http:\/\/www.marthacifuentes.com"],"url":"https:\/\/marthacifuentes.com\/portada\/author\/martha\/"}]}},"_links":{"self":[{"href":"https:\/\/marthacifuentes.com\/portada\/wp-json\/wp\/v2\/posts\/30759","targetHints":{"allow":["GET"]}}],"collection":[{"href":"https:\/\/marthacifuentes.com\/portada\/wp-json\/wp\/v2\/posts"}],"about":[{"href":"https:\/\/marthacifuentes.com\/portada\/wp-json\/wp\/v2\/types\/post"}],"author":[{"embeddable":true,"href":"https:\/\/marthacifuentes.com\/portada\/wp-json\/wp\/v2\/users\/2"}],"replies":[{"embeddable":true,"href":"https:\/\/marthacifuentes.com\/portada\/wp-json\/wp\/v2\/comments?post=30759"}],"version-history":[{"count":1,"href":"https:\/\/marthacifuentes.com\/portada\/wp-json\/wp\/v2\/posts\/30759\/revisions"}],"predecessor-version":[{"id":30761,"href":"https:\/\/marthacifuentes.com\/portada\/wp-json\/wp\/v2\/posts\/30759\/revisions\/30761"}],"wp:featuredmedia":[{"embeddable":true,"href":"https:\/\/marthacifuentes.com\/portada\/wp-json\/wp\/v2\/media\/30760"}],"wp:attachment":[{"href":"https:\/\/marthacifuentes.com\/portada\/wp-json\/wp\/v2\/media?parent=30759"}],"wp:term":[{"taxonomy":"category","embeddable":true,"href":"https:\/\/marthacifuentes.com\/portada\/wp-json\/wp\/v2\/categories?post=30759"},{"taxonomy":"post_tag","embeddable":true,"href":"https:\/\/marthacifuentes.com\/portada\/wp-json\/wp\/v2\/tags?post=30759"}],"curies":[{"name":"wp","href":"https:\/\/api.w.org\/{rel}","templated":true}]}}