{"id":30772,"date":"2022-12-20T19:28:54","date_gmt":"2022-12-21T00:28:54","guid":{"rendered":"https:\/\/marthacifuentes.com\/portada\/?p=30772"},"modified":"2022-12-20T19:28:54","modified_gmt":"2022-12-21T00:28:54","slug":"miguel-cardenas-el-viejo-soguero-lider-politico-y-folclorista-fallecio","status":"publish","type":"post","link":"https:\/\/marthacifuentes.com\/portada\/miguel-cardenas-el-viejo-soguero-lider-politico-y-folclorista-fallecio\/","title":{"rendered":"Miguel C\u00e1rdenas, \u00abEl Viejo Soguero\u00bb, l\u00edder pol\u00edtico y folclorista, falleci\u00f3."},"content":{"rendered":"<p>El exdiputado de Casanare, exconcejal de Yopal, folclorista y comerciante Jos\u00e9 Miguel C\u00e1rdenas, conocido como \u201cEl viejo Soguero\u201d, falleci\u00f3 a sus 81 a\u00f1os en la madrugada de hoy 20 de diciembre, en el Hospital Regional de la Orinoquia, tras 13 d\u00edas de estar internado. Su cuerpo ser\u00e1 velado en la Asamblea Departamental de Casanare y sus exequias se realizar\u00e1n este mi\u00e9rcoles 21 de diciembre.<\/p>\n<p>Uno de sus hijos, Carlos C\u00e1rdenas Ortiz, exsenador de la Rep\u00fablica, rese\u00f1\u00f3 que don Miguel, un hombre recio, oriundo de la vereda La Plata en Pore, incursion\u00f3 en la m\u00fasica en forma autodidacta. Aprendi\u00f3 a cantar, tocar la guitarra y el cuatro. As\u00ed amenizaba fiestas patronales en los municipios de Casanare.<\/p>\n<p>Cuando lleg\u00f3 a Yopal fund\u00f3 el restaurante y centro art\u00edstico \u201cAqu\u00ed es Miguel\u201d, en pleno centro del municipio. Poco tiempo despu\u00e9s incursion\u00f3 en la pol\u00edtica al lado del exparlamentario casanare\u00f1o Al\u00ed de J. Dalel, llegando a ser concejal de Yopal, consejero intendencial y diputado de Casanare, durante el gobierno de Oscar Wilchez.<\/p>\n<p><img loading=\"lazy\" decoding=\"async\" class=\"wp-image-30774 aligncenter\" src=\"https:\/\/marthacifuentes.com\/portada\/wp-content\/uploads\/2022\/12\/DIPUTADOS-GOBIERNO-OSCAR-WILCHEZ-1024x671.jpg\" alt=\"\" width=\"528\" height=\"346\" srcset=\"https:\/\/marthacifuentes.com\/portada\/wp-content\/uploads\/2022\/12\/DIPUTADOS-GOBIERNO-OSCAR-WILCHEZ-1024x671.jpg 1024w, https:\/\/marthacifuentes.com\/portada\/wp-content\/uploads\/2022\/12\/DIPUTADOS-GOBIERNO-OSCAR-WILCHEZ-300x197.jpg 300w, https:\/\/marthacifuentes.com\/portada\/wp-content\/uploads\/2022\/12\/DIPUTADOS-GOBIERNO-OSCAR-WILCHEZ-768x503.jpg 768w, https:\/\/marthacifuentes.com\/portada\/wp-content\/uploads\/2022\/12\/DIPUTADOS-GOBIERNO-OSCAR-WILCHEZ.jpg 1080w\" sizes=\"auto, (max-width: 528px) 100vw, 528px\" \/><\/p>\n<p>Igualmente destac\u00f3 que fue un impulsor de las tradiciones llaneras y promotor del folclor y m\u00fasica llanera. \u201cEra un luchador incansable de las causas nobles y defensor de la clase humilde y campesina\u201d, expres\u00f3 su hijo Carlos C\u00e1rdenas en una rese\u00f1a sobre su vida.<\/p>\n<p>Recientemente celebr\u00f3 sus m\u00e1s de 60 a\u00f1os de casado con la mujer que lo acompa\u00f1\u00f3 en sus aventuras, faenas y vivencias, Leticia Ortiz. Fruto de su matrimonio llegaron al mundo sus hijos Martha C\u00e1rdenas, Diana Roc\u00edo Carlos, Fabio Luis, Jos\u00e9 Miguel y Carlos C\u00e1rdenas.<\/p>\n<p><img loading=\"lazy\" decoding=\"async\" class=\"wp-image-30775 aligncenter\" src=\"https:\/\/marthacifuentes.com\/portada\/wp-content\/uploads\/2022\/12\/50568743_10156381246716312_4993166469652021248_n.jpg\" alt=\"\" width=\"572\" height=\"567\" srcset=\"https:\/\/marthacifuentes.com\/portada\/wp-content\/uploads\/2022\/12\/50568743_10156381246716312_4993166469652021248_n.jpg 984w, https:\/\/marthacifuentes.com\/portada\/wp-content\/uploads\/2022\/12\/50568743_10156381246716312_4993166469652021248_n-300x297.jpg 300w, https:\/\/marthacifuentes.com\/portada\/wp-content\/uploads\/2022\/12\/50568743_10156381246716312_4993166469652021248_n-150x150.jpg 150w, https:\/\/marthacifuentes.com\/portada\/wp-content\/uploads\/2022\/12\/50568743_10156381246716312_4993166469652021248_n-768x761.jpg 768w\" sizes=\"auto, (max-width: 572px) 100vw, 572px\" \/><\/p>\n<p><img loading=\"lazy\" decoding=\"async\" class=\"wp-image-30776 aligncenter\" src=\"https:\/\/marthacifuentes.com\/portada\/wp-content\/uploads\/2022\/12\/316284792_10159608873516312_1458873826936419565_n.jpg\" alt=\"\" width=\"578\" height=\"395\" srcset=\"https:\/\/marthacifuentes.com\/portada\/wp-content\/uploads\/2022\/12\/316284792_10159608873516312_1458873826936419565_n.jpg 1024w, https:\/\/marthacifuentes.com\/portada\/wp-content\/uploads\/2022\/12\/316284792_10159608873516312_1458873826936419565_n-300x205.jpg 300w, https:\/\/marthacifuentes.com\/portada\/wp-content\/uploads\/2022\/12\/316284792_10159608873516312_1458873826936419565_n-768x525.jpg 768w, https:\/\/marthacifuentes.com\/portada\/wp-content\/uploads\/2022\/12\/316284792_10159608873516312_1458873826936419565_n-220x150.jpg 220w\" sizes=\"auto, (max-width: 578px) 100vw, 578px\" \/><\/p>\n<p>Don Miguel muri\u00f3 esperando el reconocimiento que no le fue otorgado de haber cimentado las bases del gran Festival Internacional del Cimarr\u00f3n de Oro. Recordaba hace poco que, en diciembre de 1982, ide\u00f3, cre\u00f3, dise\u00f1\u00f3, organiz\u00f3, coordin\u00f3 y realiz\u00f3 la primera versi\u00f3n de dicho evento, siendo intendente Luz Marina Gonz\u00e1lez. Expres\u00f3 en su fase que gestion\u00f3 y logr\u00f3 traer gratis al gran artista venezolano Reinaldo Armas.<\/p>\n<h2><span style=\"color: #ff6600;\">Otras noticias&#8230;<\/span><\/h2>\n<blockquote class=\"wp-embedded-content\" data-secret=\"v7ye7iPPD0\"><p><a href=\"https:\/\/marthacifuentes.com\/portada\/2022\/12\/20\/recetor-ejemplo-de-lucha-contra-la-pobreza-gana-premio-de-colombia-lider\/\">Recetor, ejemplo de lucha contra la pobreza, gana premio de Colombia L\u00edder<\/a><\/p><\/blockquote>\n<p><iframe loading=\"lazy\" class=\"wp-embedded-content\" sandbox=\"allow-scripts\" security=\"restricted\" style=\"position: absolute; clip: rect(1px, 1px, 1px, 1px);\" title=\"\u00abRecetor, ejemplo de lucha contra la pobreza, gana premio de Colombia L\u00edder\u00bb \u2014 \u25b7 Noticias de Casanare : Martha Cifuentes | Casanare\" src=\"https:\/\/marthacifuentes.com\/portada\/2022\/12\/20\/recetor-ejemplo-de-lucha-contra-la-pobreza-gana-premio-de-colombia-lider\/embed\/#?secret=0Nj9rVzx2T#?secret=v7ye7iPPD0\" data-secret=\"v7ye7iPPD0\" width=\"500\" height=\"282\" frameborder=\"0\" marginwidth=\"0\" marginheight=\"0\" scrolling=\"no\"><\/iframe><\/p>\n<p><iframe loading=\"lazy\" class=\"wp-embedded-content\" title=\"\u00abAdmitida acci\u00f3n popular por incumplimiento de obras de canalizaci\u00f3n de aguas lluvias en la Marginal del Llano en Yopal\u00bb \u2014 \u25b7 Noticias de Casanare : Martha Cifuentes | Casanare\" src=\"https:\/\/marthacifuentes.com\/portada\/2022\/12\/20\/admitida-accion-popular-por-incumplimiento-de-obras-de-canalizacion-de-aguas-lluvias-en-la-marginal-del-llano-en-yopal\/embed\/#?secret=jBGN2Ye7Cw#?secret=GHoS4z0wpI\" width=\"600\" height=\"650\" frameborder=\"0\" marginwidth=\"0\" marginheight=\"0\" scrolling=\"no\" sandbox=\"allow-scripts\" data-secret=\"GHoS4z0wpI\" data-mce-fragment=\"1\"><\/iframe><\/p>\n<p><iframe loading=\"lazy\" class=\"wp-embedded-content\" title=\"\u00abNi\u00f1o de 10 a\u00f1os pisoteado por caballo que se desboc\u00f3 cuando lo cabalgaba en manga de coleo de Hato Corozal\u00bb \u2014 \u25b7 Noticias de Casanare : Martha Cifuentes | Casanare\" src=\"https:\/\/marthacifuentes.com\/portada\/2022\/12\/20\/nino-de-10-anos-pisoteado-por-caballo-que-se-desboco-cuando-lo-cabalgaba-en-manga-de-coleo-de-hato-corozal\/embed\/#?secret=0nCY4A3Iex#?secret=xpmCgdJx5W\" width=\"600\" height=\"629\" frameborder=\"0\" marginwidth=\"0\" marginheight=\"0\" scrolling=\"no\" sandbox=\"allow-scripts\" data-secret=\"xpmCgdJx5W\" data-mce-fragment=\"1\"><\/iframe><\/p>\n<p><iframe loading=\"lazy\" class=\"wp-embedded-content\" title=\"\u00abProcuradur\u00eda formul\u00f3 pliego de cargos a 2 polic\u00edas de Yopal por violaci\u00f3n de menor de edad\u00bb \u2014 \u25b7 Noticias de Casanare : Martha Cifuentes | Casanare\" src=\"https:\/\/marthacifuentes.com\/portada\/2022\/12\/20\/procuraduria-formulo-pliego-de-cargos-a-2-policias-de-yopal-por-violacion-de-menor-de-edad\/embed\/#?secret=8ZKavyHrFO#?secret=FCvs0YF3oh\" width=\"600\" height=\"621\" frameborder=\"0\" marginwidth=\"0\" marginheight=\"0\" scrolling=\"no\" sandbox=\"allow-scripts\" data-secret=\"FCvs0YF3oh\" data-mce-fragment=\"1\"><\/iframe><\/p>\n<p><iframe loading=\"lazy\" class=\"wp-embedded-content\" title=\"\u00abRenunci\u00f3 a su cargo en la ESE Salud Yopal el homicida de dos mujeres en Yopal. Ma\u00f1ana familiares y amigos de las v\u00edctimas realizar\u00e1n plant\u00f3n en la entidad.\u00bb \u2014 \u25b7 Noticias de Casanare : Martha Cifuentes | Casanare\" src=\"https:\/\/marthacifuentes.com\/portada\/2022\/12\/20\/renuncio-a-su-cargo-en-la-ese-salud-yopal-el-homicida-de-dos-mujeres-en-yopal-manana-familiares-y-amigos-de-las-victimas-realizaran-planton-en-la-entidad\/embed\/#?secret=osy1GFFyeQ#?secret=FQz5Ptm6y9\" width=\"600\" height=\"640\" frameborder=\"0\" marginwidth=\"0\" marginheight=\"0\" scrolling=\"no\" sandbox=\"allow-scripts\" data-secret=\"FQz5Ptm6y9\" data-mce-fragment=\"1\"><\/iframe><\/p>\n<p><iframe loading=\"lazy\" class=\"wp-embedded-content\" title=\"\u00abLibre conductor ebrio que atropell\u00f3 y caus\u00f3 la muerte de dos mujeres en Yopal\u00bb \u2014 \u25b7 Noticias de Casanare : Martha Cifuentes | Casanare\" src=\"https:\/\/marthacifuentes.com\/portada\/2022\/12\/19\/libre-conductor-ebrio-que-atropello-y-causo-la-muerte-de-dos-mujeres-en-yopal\/embed\/#?secret=Dxr7CnMtOF#?secret=ZEcp5dOzWc\" width=\"600\" height=\"621\" frameborder=\"0\" marginwidth=\"0\" marginheight=\"0\" scrolling=\"no\" sandbox=\"allow-scripts\" data-secret=\"ZEcp5dOzWc\" data-mce-fragment=\"1\"><\/iframe><\/p>\n<p><iframe loading=\"lazy\" class=\"wp-embedded-content\" title=\"\u00abOtro muerto en Man\u00ed, relacionado con la finca Fronteras, disputada a sangre y fuego.\u00bb \u2014 \u25b7 Noticias de Casanare : Martha Cifuentes | Casanare\" src=\"https:\/\/marthacifuentes.com\/portada\/2022\/12\/19\/otro-muerto-en-mani-relacionado-con-la-finca-fronteras-disputada-a-sangre-y-fuego\/embed\/#?secret=lJoghNt8sI#?secret=gVhPfex472\" width=\"600\" height=\"621\" frameborder=\"0\" marginwidth=\"0\" marginheight=\"0\" scrolling=\"no\" sandbox=\"allow-scripts\" data-secret=\"gVhPfex472\" data-mce-fragment=\"1\"><\/iframe><\/p>\n<p><iframe loading=\"lazy\" class=\"wp-embedded-content\" title=\"\u00abYopal estar\u00eda en riesgo de colapso en prestaci\u00f3n de servicios de aguas residuales y basuras por dudosa contrataci\u00f3n millonaria de Eaaay: Contralor\u00eda\u00bb \u2014 \u25b7 Noticias de Casanare : Martha Cifuentes | Casanare\" src=\"https:\/\/marthacifuentes.com\/portada\/2022\/12\/16\/yopal-estaria-en-riesgo-de-colapso-en-prestacion-de-servicios-de-aguas-residuales-y-basuras-por-dudosa-contratacion-millonaria-de-eaaay-contraloria\/embed\/#?secret=aECaQphPXe#?secret=GhdV7fdkbZ\" width=\"600\" height=\"650\" frameborder=\"0\" marginwidth=\"0\" marginheight=\"0\" scrolling=\"no\" sandbox=\"allow-scripts\" data-secret=\"GhdV7fdkbZ\" data-mce-fragment=\"1\"><\/iframe><\/p>\n<p><iframe loading=\"lazy\" class=\"wp-embedded-content\" title=\"\u00abAccidente provocado presuntamente por un conductor ebrio causa la muerte de dos mujeres y deja herida otra en Yopal\u00bb \u2014 \u25b7 Noticias de Casanare : Martha Cifuentes | Casanare\" src=\"https:\/\/marthacifuentes.com\/portada\/2022\/12\/16\/accidente-provocado-presuntamente-por-un-conductor-ebrio-causa-la-muerte-de-dos-mujeres-y-deja-herida-otra-en-yopal\/embed\/#?secret=9YMC4kqN2r#?secret=eVLn7yKtIS\" width=\"600\" height=\"649\" frameborder=\"0\" marginwidth=\"0\" marginheight=\"0\" scrolling=\"no\" sandbox=\"allow-scripts\" data-secret=\"eVLn7yKtIS\" data-mce-fragment=\"1\"><\/iframe><\/p>\n<p><iframe loading=\"lazy\" class=\"wp-embedded-content\" title=\"\u00abComunas 5, 1 y 7 de Yopal, campeonas en construcciones piratas sin licencia\u00bb \u2014 \u25b7 Noticias de Casanare : Martha Cifuentes | Casanare\" src=\"https:\/\/marthacifuentes.com\/portada\/2022\/12\/15\/comunas-5-1-y-7-de-yopal-campeonas-en-construcciones-piratas-sin-licencia\/embed\/#?secret=L4qXpxYTlL#?secret=KNc0J0ZAOi\" width=\"600\" height=\"621\" frameborder=\"0\" marginwidth=\"0\" marginheight=\"0\" scrolling=\"no\" sandbox=\"allow-scripts\" data-secret=\"KNc0J0ZAOi\" data-mce-fragment=\"1\"><\/iframe><\/p>\n<p><iframe loading=\"lazy\" class=\"wp-embedded-content\" title=\"\u00abHoy rinde cuentas gobernador de Casanare Salom\u00f3n Sanabria, de la vigencia 2022\u00bb \u2014 \u25b7 Noticias de Casanare : Martha Cifuentes | Casanare\" src=\"https:\/\/marthacifuentes.com\/portada\/2022\/12\/15\/hoy-rinde-cuentas-gobernador-de-casanare-salomon-sanabria-de-la-vigencia-2022\/embed\/#?secret=fhwWz1ZF3S#?secret=2WFuo30Tcm\" width=\"600\" height=\"600\" frameborder=\"0\" marginwidth=\"0\" marginheight=\"0\" scrolling=\"no\" sandbox=\"allow-scripts\" data-secret=\"2WFuo30Tcm\" data-mce-fragment=\"1\"><\/iframe><\/p>\n<p><iframe loading=\"lazy\" class=\"wp-embedded-content\" title=\"\u00abEjecutiva del banco BBVA en Yopal fue hallada sin vida. Se investiga si fue un suicidio.\u00bb \u2014 \u25b7 Noticias de Casanare : Martha Cifuentes | Casanare\" src=\"https:\/\/marthacifuentes.com\/portada\/2022\/12\/15\/ejecutiva-del-banco-bbva-en-yopal-fue-hallada-sin-vida-se-investiga-si-fue-un-suicidio\/embed\/#?secret=YmzWLtb3nd#?secret=4wNTA1ggM6\" width=\"600\" height=\"621\" frameborder=\"0\" marginwidth=\"0\" marginheight=\"0\" scrolling=\"no\" sandbox=\"allow-scripts\" data-secret=\"4wNTA1ggM6\" data-mce-fragment=\"1\"><\/iframe><\/p>\n<p><iframe loading=\"lazy\" class=\"wp-embedded-content\" title=\"\u00abToma de muestras gen\u00e9ticas a 55 personas que buscan a sus seres queridos realiz\u00f3 la Unidad de B\u00fasqueda en Boyac\u00e1\u00bb \u2014 \u25b7 Noticias de Casanare : Martha Cifuentes | Casanare\" src=\"https:\/\/marthacifuentes.com\/portada\/2022\/12\/14\/toma-de-muestras-geneticas-a-55-personas-que-buscan-a-sus-seres-queridos-realizo-la-unidad-de-busqueda-en-boyaca\/embed\/#?secret=DPYCwZVHv9#?secret=UFY9yhOlnI\" width=\"600\" height=\"629\" frameborder=\"0\" marginwidth=\"0\" marginheight=\"0\" scrolling=\"no\" sandbox=\"allow-scripts\" data-secret=\"UFY9yhOlnI\" data-mce-fragment=\"1\"><\/iframe><\/p>\n<p><iframe loading=\"lazy\" class=\"wp-embedded-content\" title=\"\u00abCasanare es el coraz\u00f3n del gas natural y GLP, afirma presidente de Ecopetrol Felipe Bay\u00f3n\u00bb \u2014 \u25b7 Noticias de Casanare : Martha Cifuentes | Casanare\" src=\"https:\/\/marthacifuentes.com\/portada\/2022\/12\/14\/casanare-es-el-corazon-del-gas-natural-y-glp-afirma-presidente-de-ecopetrol-felipe-bayon\/embed\/#?secret=7MjVeWGg66#?secret=ztibTMVknD\" width=\"600\" height=\"621\" frameborder=\"0\" marginwidth=\"0\" marginheight=\"0\" scrolling=\"no\" sandbox=\"allow-scripts\" data-secret=\"ztibTMVknD\" data-mce-fragment=\"1\"><\/iframe><\/p>\n<p><iframe loading=\"lazy\" class=\"wp-embedded-content\" title=\"\u00abNuevamente embargadas las cuentas de la Eaaay por morosa con contratista de la planta modular\u00bb \u2014 \u25b7 Noticias de Casanare : Martha Cifuentes | Casanare\" src=\"https:\/\/marthacifuentes.com\/portada\/2022\/12\/14\/nuevamente-embargadas-las-cuentas-de-la-eaaay-por-morosa-con-contratista-de-la-planta-modular\/embed\/#?secret=1FxrmYRt2T#?secret=TO1JItjtGJ\" width=\"600\" height=\"621\" frameborder=\"0\" marginwidth=\"0\" marginheight=\"0\" scrolling=\"no\" sandbox=\"allow-scripts\" data-secret=\"TO1JItjtGJ\" data-mce-fragment=\"1\"><\/iframe><\/p>\n<p><iframe loading=\"lazy\" class=\"wp-embedded-content\" title=\"\u00abEaaay se qued\u00f3 corta en explicar multimillonaria contrataci\u00f3n de la PTAR ante la Superservicios\u00bb \u2014 \u25b7 Noticias de Casanare : Martha Cifuentes | Casanare\" src=\"https:\/\/marthacifuentes.com\/portada\/2022\/12\/14\/eaaay-se-quedo-corta-en-explicar-multimillonaria-contratacion-de-la-ptar-ante-la-superservicios\/embed\/#?secret=ymWED5Jm5H#?secret=HMKntGQa1R\" width=\"600\" height=\"621\" frameborder=\"0\" marginwidth=\"0\" marginheight=\"0\" scrolling=\"no\" sandbox=\"allow-scripts\" data-secret=\"HMKntGQa1R\" data-mce-fragment=\"1\"><\/iframe><\/p>\n<p><iframe loading=\"lazy\" class=\"wp-embedded-content\" title=\"\u00abCapresoca EPS no incide en desacatos por acciones de tutela: Gerente Nuria Boh\u00f3rquez\u00bb \u2014 \u25b7 Noticias de Casanare : Martha Cifuentes | Casanare\" src=\"https:\/\/marthacifuentes.com\/portada\/2022\/12\/14\/capresoca-eps-no-incide-en-desacatos-por-acciones-de-tutela-gerente-nuria-bohorquez\/embed\/#?secret=pcTwK3zrBy#?secret=sOEBvtzWxd\" width=\"600\" height=\"621\" frameborder=\"0\" marginwidth=\"0\" marginheight=\"0\" scrolling=\"no\" sandbox=\"allow-scripts\" data-secret=\"sOEBvtzWxd\" data-mce-fragment=\"1\"><\/iframe><\/p>\n<p><iframe loading=\"lazy\" class=\"wp-embedded-content\" title=\"\u00abYopale\u00f1os han instaurado 156 acciones de tutela en 2022, reclamando derecho a la salud\u00bb \u2014 \u25b7 Noticias de Casanare : Martha Cifuentes | Casanare\" src=\"https:\/\/marthacifuentes.com\/portada\/2022\/12\/13\/yopalenos-han-instaurado-156-acciones-de-tutela-en-2022-reclamando-derecho-a-la-salud\/embed\/#?secret=0ppW2UTKog#?secret=xeJFvlPfuL\" width=\"600\" height=\"621\" frameborder=\"0\" marginwidth=\"0\" marginheight=\"0\" scrolling=\"no\" sandbox=\"allow-scripts\" data-secret=\"xeJFvlPfuL\" data-mce-fragment=\"1\"><\/iframe><\/p>\n<p><iframe loading=\"lazy\" class=\"wp-embedded-content\" title=\"\u00ab17 heridos y 1 muerto en accidentes viales en Yopal en una semana. En este a\u00f1o han fallecido 38 personas.\u00bb \u2014 \u25b7 Noticias de Casanare : Martha Cifuentes | Casanare\" src=\"https:\/\/marthacifuentes.com\/portada\/2022\/12\/13\/17-heridos-y-1-muerto-en-accidentes-viales-en-yopal-en-una-semana-en-este-ano-han-fallecido-38-personas\/embed\/#?secret=MGa0RVhe8E#?secret=Au58ikXpf0\" width=\"600\" height=\"600\" frameborder=\"0\" marginwidth=\"0\" marginheight=\"0\" scrolling=\"no\" sandbox=\"allow-scripts\" data-secret=\"Au58ikXpf0\" data-mce-fragment=\"1\"><\/iframe><\/p>\n<p><iframe loading=\"lazy\" class=\"wp-embedded-content\" title=\"\u00abSeis muertos en fin de semana en Casanare. Tres eran ni\u00f1os menores de 15 a\u00f1os.\u00bb \u2014 \u25b7 Noticias de Casanare : Martha Cifuentes | Casanare\" src=\"https:\/\/marthacifuentes.com\/portada\/2022\/12\/12\/seis-muertos-en-fin-de-semana-en-casanare-tres-eran-ninos-menores-de-15-anos\/embed\/#?secret=at2eHynFab#?secret=AXM0WMIJcW\" width=\"600\" height=\"621\" frameborder=\"0\" marginwidth=\"0\" marginheight=\"0\" scrolling=\"no\" sandbox=\"allow-scripts\" data-secret=\"AXM0WMIJcW\" data-mce-fragment=\"1\"><\/iframe><\/p>\n<p><iframe loading=\"lazy\" class=\"wp-embedded-content\" title=\"\u00abPetrolera Parex entreg\u00f3 PTAP a la vereda La Graciela de Aguazul\u00bb \u2014 \u25b7 Noticias de Casanare : Martha Cifuentes | Casanare\" src=\"https:\/\/marthacifuentes.com\/portada\/2022\/12\/12\/petrolera-parex-entrego-ptap-a-la-vereda-la-graciela-de-aguazul\/embed\/#?secret=7U4EfbtSzP#?secret=mEk86Pq7E2\" width=\"600\" height=\"621\" frameborder=\"0\" marginwidth=\"0\" marginheight=\"0\" scrolling=\"no\" sandbox=\"allow-scripts\" data-secret=\"mEk86Pq7E2\" data-mce-fragment=\"1\"><\/iframe><\/p>\n<p><iframe loading=\"lazy\" class=\"wp-embedded-content\" title=\"\u00abConcejo autoriz\u00f3 enajenaci\u00f3n o expropiaci\u00f3n del predio de La Bendici\u00f3n en Yopal\u00bb \u2014 \u25b7 Noticias de Casanare : Martha Cifuentes | Casanare\" src=\"https:\/\/marthacifuentes.com\/portada\/2022\/12\/12\/concejo-autorizo-enajenacion-o-expropiacion-del-predio-de-la-bendicion-en-yopal\/embed\/#?secret=RthEHrmFcj#?secret=5VTPJYhCbP\" width=\"600\" height=\"597\" frameborder=\"0\" marginwidth=\"0\" marginheight=\"0\" scrolling=\"no\" sandbox=\"allow-scripts\" data-secret=\"5VTPJYhCbP\" data-mce-fragment=\"1\"><\/iframe><\/p>\n<p><iframe loading=\"lazy\" class=\"wp-embedded-content\" title=\"\u00abTres a\u00f1os de incumplimiento de la canalizaci\u00f3n de aguas lluvias en v\u00eda Marginal del Llano en Yopal.\u00bb \u2014 \u25b7 Noticias de Casanare : Martha Cifuentes | Casanare\" src=\"https:\/\/marthacifuentes.com\/portada\/2022\/12\/12\/tres-anos-de-incumplimiento-de-la-canalizacion-de-aguas-lluvias-en-via-marginal-del-llano-en-yopal\/embed\/#?secret=OnCnmd0lV8#?secret=ulX19TRhdU\" width=\"600\" height=\"595\" frameborder=\"0\" marginwidth=\"0\" marginheight=\"0\" scrolling=\"no\" sandbox=\"allow-scripts\" data-secret=\"ulX19TRhdU\" data-mce-fragment=\"1\"><\/iframe><\/p>\n<p><iframe loading=\"lazy\" class=\"wp-embedded-content\" title=\"\u00abMa\u00f1ana en Yopal Foro de Transici\u00f3n Energ\u00e9tica, organizado por ACP y Ecopetrol\u00bb \u2014 \u25b7 Noticias de Casanare : Martha Cifuentes | Casanare\" src=\"https:\/\/marthacifuentes.com\/portada\/2022\/12\/12\/manana-en-yopal-foro-de-transicion-energetica-organizado-por-acp-y-ecopetrol\/embed\/#?secret=lBzcfq1xFC#?secret=DS9yoa9yHR\" width=\"600\" height=\"621\" frameborder=\"0\" marginwidth=\"0\" marginheight=\"0\" scrolling=\"no\" sandbox=\"allow-scripts\" data-secret=\"DS9yoa9yHR\" data-mce-fragment=\"1\"><\/iframe><\/p>\n<p><iframe loading=\"lazy\" class=\"wp-embedded-content\" title=\"\u00abSede de la Fiscal\u00eda fue abierta en Villanueva. Se atender\u00e1n denuncias en Punto de Atenci\u00f3n.\u00bb \u2014 \u25b7 Noticias de Casanare : Martha Cifuentes | Casanare\" src=\"https:\/\/marthacifuentes.com\/portada\/2022\/12\/09\/sede-de-la-fiscalia-fue-abierta-en-villanueva-se-atenderan-denuncias-en-punto-de-atencion\/embed\/#?secret=rGppKnekIY#?secret=CDwH7Cc7g6\" width=\"600\" height=\"600\" frameborder=\"0\" marginwidth=\"0\" marginheight=\"0\" scrolling=\"no\" sandbox=\"allow-scripts\" data-secret=\"CDwH7Cc7g6\" data-mce-fragment=\"1\"><\/iframe><\/p>\n<p>&nbsp;<\/p>\n","protected":false},"excerpt":{"rendered":"<p>El exdiputado de Casanare, exconcejal de Yopal, folclorista y comerciante Jos\u00e9 Miguel C\u00e1rdenas, conocido como \u201cEl viejo Soguero\u201d, falleci\u00f3 a sus 81 a\u00f1os en la madrugada de hoy 20 de diciembre, en el Hospital Regional de la Orinoquia, tras 13 d\u00edas de estar internado. Su cuerpo ser\u00e1 velado en la Asamblea Departamental de Casanare y &hellip;<\/p>\n","protected":false},"author":2,"featured_media":30773,"comment_status":"open","ping_status":"open","sticky":false,"template":"","format":"standard","meta":{"om_disable_all_campaigns":false,"_exactmetrics_skip_tracking":false,"_exactmetrics_sitenote_active":false,"_exactmetrics_sitenote_note":"","_exactmetrics_sitenote_category":0,"_monsterinsights_skip_tracking":false,"_monsterinsights_sitenote_active":false,"_monsterinsights_sitenote_note":"","_monsterinsights_sitenote_category":0,"_uf_show_specific_survey":0,"_uf_disable_surveys":false,"_joinchat":[],"footnotes":""},"categories":[147,146,145],"tags":[1373,8735,8734,1400,1421,1376],"class_list":["post-30772","post","type-post","status-publish","format-standard","has-post-thumbnail","hentry","category-actualidad","category-noticias","category-reportajes","tag-casanare-noticias","tag-exdiputado-miguel-cardenas-fallecio","tag-murio-miguel-cardenas-en-yopal","tag-noticias-casanare","tag-noticias-yopal","tag-yopal-noticias"],"yoast_head":"<!-- This site is optimized with the Yoast SEO plugin v26.1 - https:\/\/yoast.com\/wordpress\/plugins\/seo\/ -->\n<title>Miguel C\u00e1rdenas, &quot;El Viejo Soguero&quot;, l\u00edder pol\u00edtico y folclorista, falleci\u00f3. - \u25b7 Noticias de Casanare : Martha Cifuentes | Casanare<\/title>\n<meta name=\"robots\" content=\"index, follow, max-snippet:-1, max-image-preview:large, max-video-preview:-1\" \/>\n<link rel=\"canonical\" href=\"https:\/\/marthacifuentes.com\/portada\/miguel-cardenas-el-viejo-soguero-lider-politico-y-folclorista-fallecio\/\" \/>\n<meta property=\"og:locale\" content=\"es_ES\" \/>\n<meta property=\"og:type\" content=\"article\" \/>\n<meta property=\"og:title\" content=\"Miguel C\u00e1rdenas, &quot;El Viejo Soguero&quot;, l\u00edder pol\u00edtico y folclorista, falleci\u00f3. - \u25b7 Noticias de Casanare : Martha Cifuentes | Casanare\" \/>\n<meta property=\"og:description\" content=\"El exdiputado de Casanare, exconcejal de Yopal, folclorista y comerciante Jos\u00e9 Miguel C\u00e1rdenas, conocido como \u201cEl viejo Soguero\u201d, falleci\u00f3 a sus 81 a\u00f1os en la madrugada de hoy 20 de diciembre, en el Hospital Regional de la Orinoquia, tras 13 d\u00edas de estar internado. Su cuerpo ser\u00e1 velado en la Asamblea Departamental de Casanare y &hellip;\" \/>\n<meta property=\"og:url\" content=\"https:\/\/marthacifuentes.com\/portada\/miguel-cardenas-el-viejo-soguero-lider-politico-y-folclorista-fallecio\/\" \/>\n<meta property=\"og:site_name\" content=\"\u25b7 Noticias de Casanare : Martha Cifuentes | Casanare\" \/>\n<meta property=\"article:published_time\" content=\"2022-12-21T00:28:54+00:00\" \/>\n<meta property=\"og:image\" content=\"https:\/\/marthacifuentes.com\/portada\/wp-content\/uploads\/2022\/12\/MIGUEL-CARDENAS.jpg\" \/>\n\t<meta property=\"og:image:width\" content=\"1080\" \/>\n\t<meta property=\"og:image:height\" content=\"835\" \/>\n\t<meta property=\"og:image:type\" content=\"image\/jpeg\" \/>\n<meta name=\"author\" content=\"Martha Cifuentes\" \/>\n<meta name=\"twitter:card\" content=\"summary_large_image\" \/>\n<meta name=\"twitter:label1\" content=\"Escrito por\" \/>\n\t<meta name=\"twitter:data1\" content=\"Martha Cifuentes\" \/>\n\t<meta name=\"twitter:label2\" content=\"Tiempo de lectura\" \/>\n\t<meta name=\"twitter:data2\" content=\"2 minutos\" \/>\n<script type=\"application\/ld+json\" class=\"yoast-schema-graph\">{\"@context\":\"https:\/\/schema.org\",\"@graph\":[{\"@type\":\"WebPage\",\"@id\":\"https:\/\/marthacifuentes.com\/portada\/miguel-cardenas-el-viejo-soguero-lider-politico-y-folclorista-fallecio\/\",\"url\":\"https:\/\/marthacifuentes.com\/portada\/miguel-cardenas-el-viejo-soguero-lider-politico-y-folclorista-fallecio\/\",\"name\":\"Miguel C\u00e1rdenas, \\\"El Viejo Soguero\\\", l\u00edder pol\u00edtico y folclorista, falleci\u00f3. - \u25b7 Noticias de Casanare : Martha Cifuentes | Casanare\",\"isPartOf\":{\"@id\":\"https:\/\/marthacifuentes.com\/portada\/#website\"},\"primaryImageOfPage\":{\"@id\":\"https:\/\/marthacifuentes.com\/portada\/miguel-cardenas-el-viejo-soguero-lider-politico-y-folclorista-fallecio\/#primaryimage\"},\"image\":{\"@id\":\"https:\/\/marthacifuentes.com\/portada\/miguel-cardenas-el-viejo-soguero-lider-politico-y-folclorista-fallecio\/#primaryimage\"},\"thumbnailUrl\":\"https:\/\/marthacifuentes.com\/portada\/wp-content\/uploads\/2022\/12\/MIGUEL-CARDENAS.jpg\",\"datePublished\":\"2022-12-21T00:28:54+00:00\",\"author\":{\"@id\":\"https:\/\/marthacifuentes.com\/portada\/#\/schema\/person\/57f53174b991db5f90ff78d58502b714\"},\"breadcrumb\":{\"@id\":\"https:\/\/marthacifuentes.com\/portada\/miguel-cardenas-el-viejo-soguero-lider-politico-y-folclorista-fallecio\/#breadcrumb\"},\"inLanguage\":\"es\",\"potentialAction\":[{\"@type\":\"ReadAction\",\"target\":[\"https:\/\/marthacifuentes.com\/portada\/miguel-cardenas-el-viejo-soguero-lider-politico-y-folclorista-fallecio\/\"]}]},{\"@type\":\"ImageObject\",\"inLanguage\":\"es\",\"@id\":\"https:\/\/marthacifuentes.com\/portada\/miguel-cardenas-el-viejo-soguero-lider-politico-y-folclorista-fallecio\/#primaryimage\",\"url\":\"https:\/\/marthacifuentes.com\/portada\/wp-content\/uploads\/2022\/12\/MIGUEL-CARDENAS.jpg\",\"contentUrl\":\"https:\/\/marthacifuentes.com\/portada\/wp-content\/uploads\/2022\/12\/MIGUEL-CARDENAS.jpg\",\"width\":1080,\"height\":835},{\"@type\":\"BreadcrumbList\",\"@id\":\"https:\/\/marthacifuentes.com\/portada\/miguel-cardenas-el-viejo-soguero-lider-politico-y-folclorista-fallecio\/#breadcrumb\",\"itemListElement\":[{\"@type\":\"ListItem\",\"position\":1,\"name\":\"Portada\",\"item\":\"https:\/\/marthacifuentes.com\/portada\/\"},{\"@type\":\"ListItem\",\"position\":2,\"name\":\"Miguel C\u00e1rdenas, \u00abEl Viejo Soguero\u00bb, l\u00edder pol\u00edtico y folclorista, falleci\u00f3.\"}]},{\"@type\":\"WebSite\",\"@id\":\"https:\/\/marthacifuentes.com\/portada\/#website\",\"url\":\"https:\/\/marthacifuentes.com\/portada\/\",\"name\":\"\u25b7 Noticias de Casanare : Martha Cifuentes | Casanare\",\"description\":\"Noticias &amp; Contenidos\",\"potentialAction\":[{\"@type\":\"SearchAction\",\"target\":{\"@type\":\"EntryPoint\",\"urlTemplate\":\"https:\/\/marthacifuentes.com\/portada\/?s={search_term_string}\"},\"query-input\":{\"@type\":\"PropertyValueSpecification\",\"valueRequired\":true,\"valueName\":\"search_term_string\"}}],\"inLanguage\":\"es\"},{\"@type\":\"Person\",\"@id\":\"https:\/\/marthacifuentes.com\/portada\/#\/schema\/person\/57f53174b991db5f90ff78d58502b714\",\"name\":\"Martha Cifuentes\",\"image\":{\"@type\":\"ImageObject\",\"inLanguage\":\"es\",\"@id\":\"https:\/\/marthacifuentes.com\/portada\/#\/schema\/person\/image\/\",\"url\":\"http:\/\/marthacifuentes.com\/portada\/wp-content\/uploads\/2018\/06\/avatar_user_2_1528838701-96x96.jpg\",\"contentUrl\":\"http:\/\/marthacifuentes.com\/portada\/wp-content\/uploads\/2018\/06\/avatar_user_2_1528838701-96x96.jpg\",\"caption\":\"Martha Cifuentes\"},\"sameAs\":[\"http:\/\/www.marthacifuentes.com\"],\"url\":\"https:\/\/marthacifuentes.com\/portada\/author\/martha\/\"}]}<\/script>\n<!-- \/ Yoast SEO plugin. -->","yoast_head_json":{"title":"Miguel C\u00e1rdenas, \"El Viejo Soguero\", l\u00edder pol\u00edtico y folclorista, falleci\u00f3. - \u25b7 Noticias de Casanare : Martha Cifuentes | Casanare","robots":{"index":"index","follow":"follow","max-snippet":"max-snippet:-1","max-image-preview":"max-image-preview:large","max-video-preview":"max-video-preview:-1"},"canonical":"https:\/\/marthacifuentes.com\/portada\/miguel-cardenas-el-viejo-soguero-lider-politico-y-folclorista-fallecio\/","og_locale":"es_ES","og_type":"article","og_title":"Miguel C\u00e1rdenas, \"El Viejo Soguero\", l\u00edder pol\u00edtico y folclorista, falleci\u00f3. - \u25b7 Noticias de Casanare : Martha Cifuentes | Casanare","og_description":"El exdiputado de Casanare, exconcejal de Yopal, folclorista y comerciante Jos\u00e9 Miguel C\u00e1rdenas, conocido como \u201cEl viejo Soguero\u201d, falleci\u00f3 a sus 81 a\u00f1os en la madrugada de hoy 20 de diciembre, en el Hospital Regional de la Orinoquia, tras 13 d\u00edas de estar internado. Su cuerpo ser\u00e1 velado en la Asamblea Departamental de Casanare y &hellip;","og_url":"https:\/\/marthacifuentes.com\/portada\/miguel-cardenas-el-viejo-soguero-lider-politico-y-folclorista-fallecio\/","og_site_name":"\u25b7 Noticias de Casanare : Martha Cifuentes | Casanare","article_published_time":"2022-12-21T00:28:54+00:00","og_image":[{"width":1080,"height":835,"url":"https:\/\/marthacifuentes.com\/portada\/wp-content\/uploads\/2022\/12\/MIGUEL-CARDENAS.jpg","type":"image\/jpeg"}],"author":"Martha Cifuentes","twitter_card":"summary_large_image","twitter_misc":{"Escrito por":"Martha Cifuentes","Tiempo de lectura":"2 minutos"},"schema":{"@context":"https:\/\/schema.org","@graph":[{"@type":"WebPage","@id":"https:\/\/marthacifuentes.com\/portada\/miguel-cardenas-el-viejo-soguero-lider-politico-y-folclorista-fallecio\/","url":"https:\/\/marthacifuentes.com\/portada\/miguel-cardenas-el-viejo-soguero-lider-politico-y-folclorista-fallecio\/","name":"Miguel C\u00e1rdenas, \"El Viejo Soguero\", l\u00edder pol\u00edtico y folclorista, falleci\u00f3. - \u25b7 Noticias de Casanare : Martha Cifuentes | Casanare","isPartOf":{"@id":"https:\/\/marthacifuentes.com\/portada\/#website"},"primaryImageOfPage":{"@id":"https:\/\/marthacifuentes.com\/portada\/miguel-cardenas-el-viejo-soguero-lider-politico-y-folclorista-fallecio\/#primaryimage"},"image":{"@id":"https:\/\/marthacifuentes.com\/portada\/miguel-cardenas-el-viejo-soguero-lider-politico-y-folclorista-fallecio\/#primaryimage"},"thumbnailUrl":"https:\/\/marthacifuentes.com\/portada\/wp-content\/uploads\/2022\/12\/MIGUEL-CARDENAS.jpg","datePublished":"2022-12-21T00:28:54+00:00","author":{"@id":"https:\/\/marthacifuentes.com\/portada\/#\/schema\/person\/57f53174b991db5f90ff78d58502b714"},"breadcrumb":{"@id":"https:\/\/marthacifuentes.com\/portada\/miguel-cardenas-el-viejo-soguero-lider-politico-y-folclorista-fallecio\/#breadcrumb"},"inLanguage":"es","potentialAction":[{"@type":"ReadAction","target":["https:\/\/marthacifuentes.com\/portada\/miguel-cardenas-el-viejo-soguero-lider-politico-y-folclorista-fallecio\/"]}]},{"@type":"ImageObject","inLanguage":"es","@id":"https:\/\/marthacifuentes.com\/portada\/miguel-cardenas-el-viejo-soguero-lider-politico-y-folclorista-fallecio\/#primaryimage","url":"https:\/\/marthacifuentes.com\/portada\/wp-content\/uploads\/2022\/12\/MIGUEL-CARDENAS.jpg","contentUrl":"https:\/\/marthacifuentes.com\/portada\/wp-content\/uploads\/2022\/12\/MIGUEL-CARDENAS.jpg","width":1080,"height":835},{"@type":"BreadcrumbList","@id":"https:\/\/marthacifuentes.com\/portada\/miguel-cardenas-el-viejo-soguero-lider-politico-y-folclorista-fallecio\/#breadcrumb","itemListElement":[{"@type":"ListItem","position":1,"name":"Portada","item":"https:\/\/marthacifuentes.com\/portada\/"},{"@type":"ListItem","position":2,"name":"Miguel C\u00e1rdenas, \u00abEl Viejo Soguero\u00bb, l\u00edder pol\u00edtico y folclorista, falleci\u00f3."}]},{"@type":"WebSite","@id":"https:\/\/marthacifuentes.com\/portada\/#website","url":"https:\/\/marthacifuentes.com\/portada\/","name":"\u25b7 Noticias de Casanare : Martha Cifuentes | Casanare","description":"Noticias &amp; Contenidos","potentialAction":[{"@type":"SearchAction","target":{"@type":"EntryPoint","urlTemplate":"https:\/\/marthacifuentes.com\/portada\/?s={search_term_string}"},"query-input":{"@type":"PropertyValueSpecification","valueRequired":true,"valueName":"search_term_string"}}],"inLanguage":"es"},{"@type":"Person","@id":"https:\/\/marthacifuentes.com\/portada\/#\/schema\/person\/57f53174b991db5f90ff78d58502b714","name":"Martha Cifuentes","image":{"@type":"ImageObject","inLanguage":"es","@id":"https:\/\/marthacifuentes.com\/portada\/#\/schema\/person\/image\/","url":"http:\/\/marthacifuentes.com\/portada\/wp-content\/uploads\/2018\/06\/avatar_user_2_1528838701-96x96.jpg","contentUrl":"http:\/\/marthacifuentes.com\/portada\/wp-content\/uploads\/2018\/06\/avatar_user_2_1528838701-96x96.jpg","caption":"Martha Cifuentes"},"sameAs":["http:\/\/www.marthacifuentes.com"],"url":"https:\/\/marthacifuentes.com\/portada\/author\/martha\/"}]}},"_links":{"self":[{"href":"https:\/\/marthacifuentes.com\/portada\/wp-json\/wp\/v2\/posts\/30772","targetHints":{"allow":["GET"]}}],"collection":[{"href":"https:\/\/marthacifuentes.com\/portada\/wp-json\/wp\/v2\/posts"}],"about":[{"href":"https:\/\/marthacifuentes.com\/portada\/wp-json\/wp\/v2\/types\/post"}],"author":[{"embeddable":true,"href":"https:\/\/marthacifuentes.com\/portada\/wp-json\/wp\/v2\/users\/2"}],"replies":[{"embeddable":true,"href":"https:\/\/marthacifuentes.com\/portada\/wp-json\/wp\/v2\/comments?post=30772"}],"version-history":[{"count":1,"href":"https:\/\/marthacifuentes.com\/portada\/wp-json\/wp\/v2\/posts\/30772\/revisions"}],"predecessor-version":[{"id":30777,"href":"https:\/\/marthacifuentes.com\/portada\/wp-json\/wp\/v2\/posts\/30772\/revisions\/30777"}],"wp:featuredmedia":[{"embeddable":true,"href":"https:\/\/marthacifuentes.com\/portada\/wp-json\/wp\/v2\/media\/30773"}],"wp:attachment":[{"href":"https:\/\/marthacifuentes.com\/portada\/wp-json\/wp\/v2\/media?parent=30772"}],"wp:term":[{"taxonomy":"category","embeddable":true,"href":"https:\/\/marthacifuentes.com\/portada\/wp-json\/wp\/v2\/categories?post=30772"},{"taxonomy":"post_tag","embeddable":true,"href":"https:\/\/marthacifuentes.com\/portada\/wp-json\/wp\/v2\/tags?post=30772"}],"curies":[{"name":"wp","href":"https:\/\/api.w.org\/{rel}","templated":true}]}}