{"id":30835,"date":"2022-12-29T15:50:44","date_gmt":"2022-12-29T20:50:44","guid":{"rendered":"https:\/\/marthacifuentes.com\/portada\/?p=30835"},"modified":"2022-12-29T15:50:44","modified_gmt":"2022-12-29T20:50:44","slug":"casanarenos-han-tramitado-mas-de-5-mil-cedulas-digitales","status":"publish","type":"post","link":"https:\/\/marthacifuentes.com\/portada\/casanarenos-han-tramitado-mas-de-5-mil-cedulas-digitales\/","title":{"rendered":"Casanare\u00f1os han tramitado m\u00e1s de 5 mil c\u00e9dulas digitales."},"content":{"rendered":"<p style=\"font-weight: 400; text-align: justify;\">Las Estaciones Integradas de Servicio (EIS) son las herramientas tecnol\u00f3gicas que permiten capturar los datos de huellas o impresiones dactilares y fotograf\u00eda para un posterior proceso de reconocimiento facial. Ya est\u00e1n en ocho municipios de Casanare.<\/p>\n<p style=\"font-weight: 400; text-align: justify;\">Estas Estaciones Integradas de Servicio est\u00e1n conectadas directamente a la base de datos de registro civil e identificaci\u00f3n, lo cual nos permite validar en tiempo real que la informaci\u00f3n que nos proporcionen los colombianos.<\/p>\n<p style=\"font-weight: 400; text-align: justify;\">Las Estaciones Integradas de Servicio que est\u00e1n instaladas actualmente en el departamento del Casanare est\u00e1n en los siguientes municipios, Aguazul 1; Man\u00ed 1; Monterrey 1; Paz de Ariporo 1; Tauramena 1; Trinidad 1; Villanueva 1; Yopal 3: Total 10. Como resultado se han podido tramitar en el 2022 m\u00e1s de 5.100 c\u00e9dulas digitales.<\/p>\n<p style=\"font-weight: 400; text-align: justify;\">Sin embargo, Didier Chilito, registrador delegado para el Registro Civil y la Identificaci\u00f3n, dijo que recientemente, la entidad logr\u00f3 adquirir 254 de estas estaciones, con las que los colombianos pueden tramitar de manera r\u00e1pida y segura el registro civil de nacimiento, tarjeta de identidad, duplicados y la nueva c\u00e9dula digital.<\/p>\n<h2>Otras noticias&#8230;<\/h2>\n<blockquote class=\"wp-embedded-content\" data-secret=\"KoS78D7DPe\"><p><a href=\"https:\/\/marthacifuentes.com\/portada\/2022\/12\/29\/capresoca-una-de-las-7-eps-de-mas-alto-riesgo-financiero-del-pais-segun-supersalud-recientemente-fue-aprobada-capitalizacion-por-140-mil-millones-de-regalias\/\">Capresoca una de las 7 EPS de m\u00e1s alto riesgo financiero del pa\u00eds, seg\u00fan Supersalud. Recientemente fue aprobada capitalizaci\u00f3n por $140 mil millones de regal\u00edas<\/a><\/p><\/blockquote>\n<p><iframe loading=\"lazy\" class=\"wp-embedded-content\" sandbox=\"allow-scripts\" security=\"restricted\" style=\"position: absolute; clip: rect(1px, 1px, 1px, 1px);\" title=\"\u00abCapresoca una de las 7 EPS de m\u00e1s alto riesgo financiero del pa\u00eds, seg\u00fan Supersalud. Recientemente fue aprobada capitalizaci\u00f3n por $140 mil millones de regal\u00edas\u00bb \u2014 \u25b7 Noticias de Casanare : Martha Cifuentes | Casanare\" src=\"https:\/\/marthacifuentes.com\/portada\/2022\/12\/29\/capresoca-una-de-las-7-eps-de-mas-alto-riesgo-financiero-del-pais-segun-supersalud-recientemente-fue-aprobada-capitalizacion-por-140-mil-millones-de-regalias\/embed\/#?secret=kVfNNuSl6G#?secret=KoS78D7DPe\" data-secret=\"KoS78D7DPe\" width=\"500\" height=\"282\" frameborder=\"0\" marginwidth=\"0\" marginheight=\"0\" scrolling=\"no\"><\/iframe><\/p>\n<p><iframe loading=\"lazy\" class=\"wp-embedded-content\" title=\"\u00abCorte Suprema revoc\u00f3 sentencia que prescrib\u00eda proceso penal contra \u201cmart\u00edn llanos\u201d y su padre por tortura de un hombre\u00bb \u2014 \u25b7 Noticias de Casanare : Martha Cifuentes | Casanare\" src=\"https:\/\/marthacifuentes.com\/portada\/2022\/12\/29\/corte-suprema-revoco-sentencia-que-prescribia-proceso-penal-contra-martin-llanos-y-su-padre-por-tortura-de-un-hombre\/embed\/#?secret=pmFywcdO17#?secret=IYTK7DV6ZG\" width=\"600\" height=\"650\" frameborder=\"0\" marginwidth=\"0\" marginheight=\"0\" scrolling=\"no\" sandbox=\"allow-scripts\" data-secret=\"IYTK7DV6ZG\" data-mce-fragment=\"1\"><\/iframe><\/p>\n<p><iframe loading=\"lazy\" class=\"wp-embedded-content\" title=\"\u00abA la c\u00e1rcel 5 presuntos paramilitares de las Autodefensas Gaitanistas \u2013 Clan del Golfo, en Casanare\u00bb \u2014 \u25b7 Noticias de Casanare : Martha Cifuentes | Casanare\" src=\"https:\/\/marthacifuentes.com\/portada\/2022\/12\/29\/a-la-carcel-5-presuntos-paramilitares-de-las-autodefensas-gaitanistas-clan-del-golfo-en-casanare\/embed\/#?secret=KkZDq3tnz7#?secret=KiKrC4vqA5\" width=\"600\" height=\"566\" frameborder=\"0\" marginwidth=\"0\" marginheight=\"0\" scrolling=\"no\" sandbox=\"allow-scripts\" data-secret=\"KiKrC4vqA5\" data-mce-fragment=\"1\"><\/iframe><\/p>\n<p><iframe loading=\"lazy\" class=\"wp-embedded-content\" title=\"\u00abDiputados y l\u00edderes comunales de Paz de Ariporo rechazaron proyecto de privatizaci\u00f3n del servicio de alumbrado p\u00fablico presentado por la Alcald\u00eda\u00bb \u2014 \u25b7 Noticias de Casanare : Martha Cifuentes | Casanare\" src=\"https:\/\/marthacifuentes.com\/portada\/2022\/12\/29\/diputados-y-lideres-comunales-de-paz-de-ariporo-rechazaron-proyecto-de-privatizacion-del-servicio-de-alumbrado-publico-presentado-por-la-alcaldia\/embed\/#?secret=qes8XIh8qp#?secret=uCnf7Jehmx\" width=\"600\" height=\"629\" frameborder=\"0\" marginwidth=\"0\" marginheight=\"0\" scrolling=\"no\" sandbox=\"allow-scripts\" data-secret=\"uCnf7Jehmx\" data-mce-fragment=\"1\"><\/iframe><\/p>\n<p><iframe loading=\"lazy\" class=\"wp-embedded-content\" title=\"\u00abPara la JEP no fueron suficientes \u201clas verdades\u201d de la exalcaldesa de Monterrey, Aleyder Casta\u00f1eda. No la acept\u00f3 en esta justicia.\u00bb \u2014 \u25b7 Noticias de Casanare : Martha Cifuentes | Casanare\" src=\"https:\/\/marthacifuentes.com\/portada\/2022\/12\/28\/para-la-jep-no-fueron-suficientes-las-verdades-de-la-exalcaldesa-de-monterrey-aleyder-castaneda-no-la-acepto-en-esta-justicia\/embed\/#?secret=EKXysGghyT#?secret=zxLytyTMaj\" width=\"600\" height=\"629\" frameborder=\"0\" marginwidth=\"0\" marginheight=\"0\" scrolling=\"no\" sandbox=\"allow-scripts\" data-secret=\"zxLytyTMaj\" data-mce-fragment=\"1\"><\/iframe><\/p>\n<p><iframe loading=\"lazy\" class=\"wp-embedded-content\" title=\"\u00abEl triste regalo del cumplea\u00f1os 7 para beneficiarios de Torres del Silencio es que se debe demoler el sitio donde viven\u00bb \u2014 \u25b7 Noticias de Casanare : Martha Cifuentes | Casanare\" src=\"https:\/\/marthacifuentes.com\/portada\/2022\/12\/28\/el-triste-regalo-del-cumpleanos-7-para-beneficiarios-de-torres-del-silencio-es-que-se-debe-demoler-el-sitio-donde-viven\/embed\/#?secret=vwPzGEuVxJ#?secret=4yHHJXFHd3\" width=\"600\" height=\"650\" frameborder=\"0\" marginwidth=\"0\" marginheight=\"0\" scrolling=\"no\" sandbox=\"allow-scripts\" data-secret=\"4yHHJXFHd3\" data-mce-fragment=\"1\"><\/iframe><\/p>\n<p><iframe loading=\"lazy\" class=\"wp-embedded-content\" title=\"\u00abHabitantes de vereda Tacarimena, Yopal, piden que se investigue \u00abinversi\u00f3n\u00bb de 12 mil millones de acueducto veredal\u00bb \u2014 \u25b7 Noticias de Casanare : Martha Cifuentes | Casanare\" src=\"https:\/\/marthacifuentes.com\/portada\/2022\/12\/28\/habitantes-de-vereda-tacarimena-yopal-piden-que-se-investigue-inversion-de-12-mil-millones-de-acueducto-veredal\/embed\/#?secret=nv5cWrvP4T#?secret=X9vfHkUY6c\" width=\"600\" height=\"628\" frameborder=\"0\" marginwidth=\"0\" marginheight=\"0\" scrolling=\"no\" sandbox=\"allow-scripts\" data-secret=\"X9vfHkUY6c\" data-mce-fragment=\"1\"><\/iframe><\/p>\n<p><iframe loading=\"lazy\" class=\"wp-embedded-content\" title=\"\u00abAlcaldesa de Paz de Ariporo, de \u00abregalo de Navidad\u00bb a su poblaci\u00f3n, present\u00f3 proyecto de privatizaci\u00f3n del servicio de alumbrado p\u00fablico\u00bb \u2014 \u25b7 Noticias de Casanare : Martha Cifuentes | Casanare\" src=\"https:\/\/marthacifuentes.com\/portada\/2022\/12\/28\/alcaldesa-de-paz-de-ariporo-de-regalo-de-navidad-a-su-poblacion-presento-proyecto-de-privatizacion-del-servicio-de-alumbrado-publico\/embed\/#?secret=nMrZ7f4toY#?secret=qC9Udrpkua\" width=\"600\" height=\"650\" frameborder=\"0\" marginwidth=\"0\" marginheight=\"0\" scrolling=\"no\" sandbox=\"allow-scripts\" data-secret=\"qC9Udrpkua\" data-mce-fragment=\"1\"><\/iframe><\/p>\n<p><iframe loading=\"lazy\" class=\"wp-embedded-content\" title=\"\u00ab90 comparendos fueron impuestos los d\u00edas previos y durante la natividad en Yopal\u00bb \u2014 \u25b7 Noticias de Casanare : Martha Cifuentes | Casanare\" src=\"https:\/\/marthacifuentes.com\/portada\/2022\/12\/28\/90-comparendos-fueron-impuestos-los-dias-previos-y-durante-la-natividad-en-yopal\/embed\/#?secret=4QPZsT72CU#?secret=CVTnCH1Cmn\" width=\"600\" height=\"600\" frameborder=\"0\" marginwidth=\"0\" marginheight=\"0\" scrolling=\"no\" sandbox=\"allow-scripts\" data-secret=\"CVTnCH1Cmn\" data-mce-fragment=\"1\"><\/iframe><\/p>\n<p><iframe loading=\"lazy\" class=\"wp-embedded-content\" title=\"\u00abRi\u00f1as, exceso de alcohol y mal comportamiento, en fin de semana navide\u00f1o en Casanare.\u00bb \u2014 \u25b7 Noticias de Casanare : Martha Cifuentes | Casanare\" src=\"https:\/\/marthacifuentes.com\/portada\/2022\/12\/28\/rinas-exceso-de-alcohol-y-mal-comportamiento-en-fin-de-semana-navideno-en-casanare\/embed\/#?secret=FsmX7Nqfpi#?secret=Y0CEhkAkqz\" width=\"600\" height=\"599\" frameborder=\"0\" marginwidth=\"0\" marginheight=\"0\" scrolling=\"no\" sandbox=\"allow-scripts\" data-secret=\"Y0CEhkAkqz\" data-mce-fragment=\"1\"><\/iframe><\/p>\n<p><iframe loading=\"lazy\" class=\"wp-embedded-content\" title=\"\u00abAlcalde de Trinidad como en el viejo oeste, \u00abech\u00f3\u00bb tiros al aire, en cabalgata en fiestas patronales.\u00bb \u2014 \u25b7 Noticias de Casanare : Martha Cifuentes | Casanare\" src=\"https:\/\/marthacifuentes.com\/portada\/2022\/12\/23\/alcalde-de-trinidad-como-en-el-viejo-oeste-echo-tiros-al-aire-en-cabalgata-en-fiestas-patronales\/embed\/#?secret=nuFeNocoiB#?secret=s9UrvwtkLg\" width=\"600\" height=\"621\" frameborder=\"0\" marginwidth=\"0\" marginheight=\"0\" scrolling=\"no\" sandbox=\"allow-scripts\" data-secret=\"s9UrvwtkLg\" data-mce-fragment=\"1\"><\/iframe><\/p>\n<p><iframe loading=\"lazy\" class=\"wp-embedded-content\" title=\"\u00abA casa por c\u00e1rcel Carlos Rodr\u00edguez, responsable accidente que caus\u00f3 la muerte de Jessica y Alejandra en Yopal\u00bb \u2014 \u25b7 Noticias de Casanare : Martha Cifuentes | Casanare\" src=\"https:\/\/marthacifuentes.com\/portada\/2022\/12\/23\/a-casa-por-carcel-carlos-rodriguez-responsable-accidente-que-causo-la-muerte-de-jessica-y-alejandra-en-yopal\/embed\/#?secret=eXAkuh5bnM#?secret=UHQspf6ypy\" width=\"600\" height=\"650\" frameborder=\"0\" marginwidth=\"0\" marginheight=\"0\" scrolling=\"no\" sandbox=\"allow-scripts\" data-secret=\"UHQspf6ypy\" data-mce-fragment=\"1\"><\/iframe><\/p>\n<p><iframe loading=\"lazy\" class=\"wp-embedded-content\" title=\"\u00abCapresoca recibir\u00e1 $140 mil millones de regal\u00edas para sanear sus finanzas\u00bb \u2014 \u25b7 Noticias de Casanare : Martha Cifuentes | Casanare\" src=\"https:\/\/marthacifuentes.com\/portada\/2022\/12\/22\/capresoca-recibira-140-mil-millones-de-regalias-para-sanear-sus-finanzas\/embed\/#?secret=O2rQzIaFRW#?secret=fGUl4urSay\" width=\"600\" height=\"600\" frameborder=\"0\" marginwidth=\"0\" marginheight=\"0\" scrolling=\"no\" sandbox=\"allow-scripts\" data-secret=\"fGUl4urSay\" data-mce-fragment=\"1\"><\/iframe><\/p>\n<p><iframe loading=\"lazy\" class=\"wp-embedded-content\" title=\"\u00abPersoner\u00eda de Yopal lider\u00f3 campa\u00f1a para llevar regalos a ni\u00f1os de poblaciones vulnerables en Navidad\u00bb \u2014 \u25b7 Noticias de Casanare : Martha Cifuentes | Casanare\" src=\"https:\/\/marthacifuentes.com\/portada\/2022\/12\/22\/personeria-de-yopal-lidero-campana-para-llevar-regalos-a-ninos-de-poblaciones-vulnerables-en-navidad\/embed\/#?secret=mqOeTjsJXb#?secret=Wm4g2o6lE7\" width=\"600\" height=\"621\" frameborder=\"0\" marginwidth=\"0\" marginheight=\"0\" scrolling=\"no\" sandbox=\"allow-scripts\" data-secret=\"Wm4g2o6lE7\" data-mce-fragment=\"1\"><\/iframe><\/p>\n<p><iframe loading=\"lazy\" class=\"wp-embedded-content\" title=\"\u00abDos ped\u00f3filos menos en libertad en Casanare. Uno era padrastro de una v\u00edctima. Juez los envi\u00f3 a la c\u00e1rcel.\u00bb \u2014 \u25b7 Noticias de Casanare : Martha Cifuentes | Casanare\" src=\"https:\/\/marthacifuentes.com\/portada\/2022\/12\/22\/dos-pedofilos-menos-en-libertad-en-casanare-uno-era-padrastro-de-una-victima-juez-los-envio-a-la-carcel\/embed\/#?secret=pnrUt4QuDJ#?secret=RIcXGfhnMu\" width=\"600\" height=\"621\" frameborder=\"0\" marginwidth=\"0\" marginheight=\"0\" scrolling=\"no\" sandbox=\"allow-scripts\" data-secret=\"RIcXGfhnMu\" data-mce-fragment=\"1\"><\/iframe><\/p>\n<p><iframe loading=\"lazy\" class=\"wp-embedded-content\" title=\"\u00abCardi\u00f3loga pediatra casanare\u00f1a se destaca a nivel nacional y mundial. Revista cient\u00edfica public\u00f3 investigaci\u00f3n de arritmias.\u00bb \u2014 \u25b7 Noticias de Casanare : Martha Cifuentes | Casanare\" src=\"https:\/\/marthacifuentes.com\/portada\/2022\/12\/21\/cardiologa-pediatra-casanarena-se-destaca-a-nivel-nacional-y-mundial-revista-cientifica-publico-investigacion-de-arritmias\/embed\/#?secret=fJou96TUjd#?secret=icE3eYWfwm\" width=\"600\" height=\"671\" frameborder=\"0\" marginwidth=\"0\" marginheight=\"0\" scrolling=\"no\" sandbox=\"allow-scripts\" data-secret=\"icE3eYWfwm\" data-mce-fragment=\"1\"><\/iframe><\/p>\n<p><iframe loading=\"lazy\" class=\"wp-embedded-content\" title=\"\u00abMiguel C\u00e1rdenas, \u00abEl Viejo Soguero\u00bb, l\u00edder pol\u00edtico y folclorista, falleci\u00f3.\u00bb \u2014 \u25b7 Noticias de Casanare : Martha Cifuentes | Casanare\" src=\"https:\/\/marthacifuentes.com\/portada\/2022\/12\/20\/miguel-cardenas-el-viejo-soguero-lider-politico-y-folclorista-fallecio\/embed\/#?secret=gr7AuPEdi8#?secret=GbtHDn3Lgd\" width=\"600\" height=\"621\" frameborder=\"0\" marginwidth=\"0\" marginheight=\"0\" scrolling=\"no\" sandbox=\"allow-scripts\" data-secret=\"GbtHDn3Lgd\" data-mce-fragment=\"1\"><\/iframe><\/p>\n<p><iframe loading=\"lazy\" class=\"wp-embedded-content\" title=\"\u00abRecetor, ejemplo de lucha contra la pobreza, gana premio de Colombia L\u00edder\u00bb \u2014 \u25b7 Noticias de Casanare : Martha Cifuentes | Casanare\" src=\"https:\/\/marthacifuentes.com\/portada\/2022\/12\/20\/recetor-ejemplo-de-lucha-contra-la-pobreza-gana-premio-de-colombia-lider\/embed\/#?secret=J2QmXu2GzL#?secret=mN7JEwekGs\" width=\"600\" height=\"621\" frameborder=\"0\" marginwidth=\"0\" marginheight=\"0\" scrolling=\"no\" sandbox=\"allow-scripts\" data-secret=\"mN7JEwekGs\" data-mce-fragment=\"1\"><\/iframe><\/p>\n<p><iframe loading=\"lazy\" class=\"wp-embedded-content\" title=\"\u00abAdmitida acci\u00f3n popular por incumplimiento de obras de canalizaci\u00f3n de aguas lluvias en la Marginal del Llano en Yopal\u00bb \u2014 \u25b7 Noticias de Casanare : Martha Cifuentes | Casanare\" src=\"https:\/\/marthacifuentes.com\/portada\/2022\/12\/20\/admitida-accion-popular-por-incumplimiento-de-obras-de-canalizacion-de-aguas-lluvias-en-la-marginal-del-llano-en-yopal\/embed\/#?secret=jBGN2Ye7Cw#?secret=GHoS4z0wpI\" width=\"600\" height=\"650\" frameborder=\"0\" marginwidth=\"0\" marginheight=\"0\" scrolling=\"no\" sandbox=\"allow-scripts\" data-secret=\"GHoS4z0wpI\" data-mce-fragment=\"1\"><\/iframe><\/p>\n<p><iframe loading=\"lazy\" class=\"wp-embedded-content\" title=\"\u00abNi\u00f1o de 10 a\u00f1os pisoteado por caballo que se desboc\u00f3 cuando lo cabalgaba en manga de coleo de Hato Corozal\u00bb \u2014 \u25b7 Noticias de Casanare : Martha Cifuentes | Casanare\" src=\"https:\/\/marthacifuentes.com\/portada\/2022\/12\/20\/nino-de-10-anos-pisoteado-por-caballo-que-se-desboco-cuando-lo-cabalgaba-en-manga-de-coleo-de-hato-corozal\/embed\/#?secret=0nCY4A3Iex#?secret=xpmCgdJx5W\" width=\"600\" height=\"629\" frameborder=\"0\" marginwidth=\"0\" marginheight=\"0\" scrolling=\"no\" sandbox=\"allow-scripts\" data-secret=\"xpmCgdJx5W\" data-mce-fragment=\"1\"><\/iframe><\/p>\n<p><iframe loading=\"lazy\" class=\"wp-embedded-content\" title=\"\u00abProcuradur\u00eda formul\u00f3 pliego de cargos a 2 polic\u00edas de Yopal por violaci\u00f3n de menor de edad\u00bb \u2014 \u25b7 Noticias de Casanare : Martha Cifuentes | Casanare\" src=\"https:\/\/marthacifuentes.com\/portada\/2022\/12\/20\/procuraduria-formulo-pliego-de-cargos-a-2-policias-de-yopal-por-violacion-de-menor-de-edad\/embed\/#?secret=8ZKavyHrFO#?secret=FCvs0YF3oh\" width=\"600\" height=\"621\" frameborder=\"0\" marginwidth=\"0\" marginheight=\"0\" scrolling=\"no\" sandbox=\"allow-scripts\" data-secret=\"FCvs0YF3oh\" data-mce-fragment=\"1\"><\/iframe><\/p>\n<p><iframe loading=\"lazy\" class=\"wp-embedded-content\" title=\"\u00abRenunci\u00f3 a su cargo en la ESE Salud Yopal el homicida de dos mujeres en Yopal. Ma\u00f1ana familiares y amigos de las v\u00edctimas realizar\u00e1n plant\u00f3n en la entidad.\u00bb \u2014 \u25b7 Noticias de Casanare : Martha Cifuentes | Casanare\" src=\"https:\/\/marthacifuentes.com\/portada\/2022\/12\/20\/renuncio-a-su-cargo-en-la-ese-salud-yopal-el-homicida-de-dos-mujeres-en-yopal-manana-familiares-y-amigos-de-las-victimas-realizaran-planton-en-la-entidad\/embed\/#?secret=osy1GFFyeQ#?secret=FQz5Ptm6y9\" width=\"600\" height=\"640\" frameborder=\"0\" marginwidth=\"0\" marginheight=\"0\" scrolling=\"no\" sandbox=\"allow-scripts\" data-secret=\"FQz5Ptm6y9\" data-mce-fragment=\"1\"><\/iframe><\/p>\n<p><iframe loading=\"lazy\" class=\"wp-embedded-content\" title=\"\u00abLibre conductor ebrio que atropell\u00f3 y caus\u00f3 la muerte de dos mujeres en Yopal\u00bb \u2014 \u25b7 Noticias de Casanare : Martha Cifuentes | Casanare\" src=\"https:\/\/marthacifuentes.com\/portada\/2022\/12\/19\/libre-conductor-ebrio-que-atropello-y-causo-la-muerte-de-dos-mujeres-en-yopal\/embed\/#?secret=Dxr7CnMtOF#?secret=ZEcp5dOzWc\" width=\"600\" height=\"621\" frameborder=\"0\" marginwidth=\"0\" marginheight=\"0\" scrolling=\"no\" sandbox=\"allow-scripts\" data-secret=\"ZEcp5dOzWc\" data-mce-fragment=\"1\"><\/iframe><\/p>\n<p><iframe loading=\"lazy\" class=\"wp-embedded-content\" title=\"\u00abOtro muerto en Man\u00ed, relacionado con la finca Fronteras, disputada a sangre y fuego.\u00bb \u2014 \u25b7 Noticias de Casanare : Martha Cifuentes | Casanare\" src=\"https:\/\/marthacifuentes.com\/portada\/2022\/12\/19\/otro-muerto-en-mani-relacionado-con-la-finca-fronteras-disputada-a-sangre-y-fuego\/embed\/#?secret=lJoghNt8sI#?secret=gVhPfex472\" width=\"600\" height=\"621\" frameborder=\"0\" marginwidth=\"0\" marginheight=\"0\" scrolling=\"no\" sandbox=\"allow-scripts\" data-secret=\"gVhPfex472\" data-mce-fragment=\"1\"><\/iframe><\/p>\n<p><iframe loading=\"lazy\" class=\"wp-embedded-content\" title=\"\u00abYopal estar\u00eda en riesgo de colapso en prestaci\u00f3n de servicios de aguas residuales y basuras por dudosa contrataci\u00f3n millonaria de Eaaay: Contralor\u00eda\u00bb \u2014 \u25b7 Noticias de Casanare : Martha Cifuentes | Casanare\" src=\"https:\/\/marthacifuentes.com\/portada\/2022\/12\/16\/yopal-estaria-en-riesgo-de-colapso-en-prestacion-de-servicios-de-aguas-residuales-y-basuras-por-dudosa-contratacion-millonaria-de-eaaay-contraloria\/embed\/#?secret=aECaQphPXe#?secret=GhdV7fdkbZ\" width=\"600\" height=\"650\" frameborder=\"0\" marginwidth=\"0\" marginheight=\"0\" scrolling=\"no\" sandbox=\"allow-scripts\" data-secret=\"GhdV7fdkbZ\" data-mce-fragment=\"1\"><\/iframe><\/p>\n<p><iframe loading=\"lazy\" class=\"wp-embedded-content\" title=\"\u00abAccidente provocado presuntamente por un conductor ebrio causa la muerte de dos mujeres y deja herida otra en Yopal\u00bb \u2014 \u25b7 Noticias de Casanare : Martha Cifuentes | Casanare\" src=\"https:\/\/marthacifuentes.com\/portada\/2022\/12\/16\/accidente-provocado-presuntamente-por-un-conductor-ebrio-causa-la-muerte-de-dos-mujeres-y-deja-herida-otra-en-yopal\/embed\/#?secret=9YMC4kqN2r#?secret=eVLn7yKtIS\" width=\"600\" height=\"649\" frameborder=\"0\" marginwidth=\"0\" marginheight=\"0\" scrolling=\"no\" sandbox=\"allow-scripts\" data-secret=\"eVLn7yKtIS\" data-mce-fragment=\"1\"><\/iframe><\/p>\n<p><iframe loading=\"lazy\" class=\"wp-embedded-content\" title=\"\u00abComunas 5, 1 y 7 de Yopal, campeonas en construcciones piratas sin licencia\u00bb \u2014 \u25b7 Noticias de Casanare : Martha Cifuentes | Casanare\" src=\"https:\/\/marthacifuentes.com\/portada\/2022\/12\/15\/comunas-5-1-y-7-de-yopal-campeonas-en-construcciones-piratas-sin-licencia\/embed\/#?secret=L4qXpxYTlL#?secret=KNc0J0ZAOi\" width=\"600\" height=\"621\" frameborder=\"0\" marginwidth=\"0\" marginheight=\"0\" scrolling=\"no\" sandbox=\"allow-scripts\" data-secret=\"KNc0J0ZAOi\" data-mce-fragment=\"1\"><\/iframe><\/p>\n<p><iframe loading=\"lazy\" class=\"wp-embedded-content\" title=\"\u00abHoy rinde cuentas gobernador de Casanare Salom\u00f3n Sanabria, de la vigencia 2022\u00bb \u2014 \u25b7 Noticias de Casanare : Martha Cifuentes | Casanare\" src=\"https:\/\/marthacifuentes.com\/portada\/2022\/12\/15\/hoy-rinde-cuentas-gobernador-de-casanare-salomon-sanabria-de-la-vigencia-2022\/embed\/#?secret=fhwWz1ZF3S#?secret=2WFuo30Tcm\" width=\"600\" height=\"600\" frameborder=\"0\" marginwidth=\"0\" marginheight=\"0\" scrolling=\"no\" sandbox=\"allow-scripts\" data-secret=\"2WFuo30Tcm\" data-mce-fragment=\"1\"><\/iframe><\/p>\n<p><iframe loading=\"lazy\" class=\"wp-embedded-content\" title=\"\u00abEjecutiva del banco BBVA en Yopal fue hallada sin vida. Se investiga si fue un suicidio.\u00bb \u2014 \u25b7 Noticias de Casanare : Martha Cifuentes | Casanare\" src=\"https:\/\/marthacifuentes.com\/portada\/2022\/12\/15\/ejecutiva-del-banco-bbva-en-yopal-fue-hallada-sin-vida-se-investiga-si-fue-un-suicidio\/embed\/#?secret=YmzWLtb3nd#?secret=4wNTA1ggM6\" width=\"600\" height=\"621\" frameborder=\"0\" marginwidth=\"0\" marginheight=\"0\" scrolling=\"no\" sandbox=\"allow-scripts\" data-secret=\"4wNTA1ggM6\" data-mce-fragment=\"1\"><\/iframe><\/p>\n<p><iframe loading=\"lazy\" class=\"wp-embedded-content\" title=\"\u00abToma de muestras gen\u00e9ticas a 55 personas que buscan a sus seres queridos realiz\u00f3 la Unidad de B\u00fasqueda en Boyac\u00e1\u00bb \u2014 \u25b7 Noticias de Casanare : Martha Cifuentes | Casanare\" src=\"https:\/\/marthacifuentes.com\/portada\/2022\/12\/14\/toma-de-muestras-geneticas-a-55-personas-que-buscan-a-sus-seres-queridos-realizo-la-unidad-de-busqueda-en-boyaca\/embed\/#?secret=DPYCwZVHv9#?secret=UFY9yhOlnI\" width=\"600\" height=\"629\" frameborder=\"0\" marginwidth=\"0\" marginheight=\"0\" scrolling=\"no\" sandbox=\"allow-scripts\" data-secret=\"UFY9yhOlnI\" data-mce-fragment=\"1\"><\/iframe><\/p>\n<p><iframe loading=\"lazy\" class=\"wp-embedded-content\" title=\"\u00abCasanare es el coraz\u00f3n del gas natural y GLP, afirma presidente de Ecopetrol Felipe Bay\u00f3n\u00bb \u2014 \u25b7 Noticias de Casanare : Martha Cifuentes | Casanare\" src=\"https:\/\/marthacifuentes.com\/portada\/2022\/12\/14\/casanare-es-el-corazon-del-gas-natural-y-glp-afirma-presidente-de-ecopetrol-felipe-bayon\/embed\/#?secret=7MjVeWGg66#?secret=ztibTMVknD\" width=\"600\" height=\"621\" frameborder=\"0\" marginwidth=\"0\" marginheight=\"0\" scrolling=\"no\" sandbox=\"allow-scripts\" data-secret=\"ztibTMVknD\" data-mce-fragment=\"1\"><\/iframe><\/p>\n<p><iframe loading=\"lazy\" class=\"wp-embedded-content\" title=\"\u00abNuevamente embargadas las cuentas de la Eaaay por morosa con contratista de la planta modular\u00bb \u2014 \u25b7 Noticias de Casanare : Martha Cifuentes | Casanare\" src=\"https:\/\/marthacifuentes.com\/portada\/2022\/12\/14\/nuevamente-embargadas-las-cuentas-de-la-eaaay-por-morosa-con-contratista-de-la-planta-modular\/embed\/#?secret=1FxrmYRt2T#?secret=TO1JItjtGJ\" width=\"600\" height=\"621\" frameborder=\"0\" marginwidth=\"0\" marginheight=\"0\" scrolling=\"no\" sandbox=\"allow-scripts\" data-secret=\"TO1JItjtGJ\" data-mce-fragment=\"1\"><\/iframe><\/p>\n<p><iframe loading=\"lazy\" class=\"wp-embedded-content\" title=\"\u00abEaaay se qued\u00f3 corta en explicar multimillonaria contrataci\u00f3n de la PTAR ante la Superservicios\u00bb \u2014 \u25b7 Noticias de Casanare : Martha Cifuentes | Casanare\" src=\"https:\/\/marthacifuentes.com\/portada\/2022\/12\/14\/eaaay-se-quedo-corta-en-explicar-multimillonaria-contratacion-de-la-ptar-ante-la-superservicios\/embed\/#?secret=ymWED5Jm5H#?secret=HMKntGQa1R\" width=\"600\" height=\"621\" frameborder=\"0\" marginwidth=\"0\" marginheight=\"0\" scrolling=\"no\" sandbox=\"allow-scripts\" data-secret=\"HMKntGQa1R\" data-mce-fragment=\"1\"><\/iframe><\/p>\n<p><iframe loading=\"lazy\" class=\"wp-embedded-content\" title=\"\u00abCapresoca EPS no incide en desacatos por acciones de tutela: Gerente Nuria Boh\u00f3rquez\u00bb \u2014 \u25b7 Noticias de Casanare : Martha Cifuentes | Casanare\" src=\"https:\/\/marthacifuentes.com\/portada\/2022\/12\/14\/capresoca-eps-no-incide-en-desacatos-por-acciones-de-tutela-gerente-nuria-bohorquez\/embed\/#?secret=pcTwK3zrBy#?secret=sOEBvtzWxd\" width=\"600\" height=\"621\" frameborder=\"0\" marginwidth=\"0\" marginheight=\"0\" scrolling=\"no\" sandbox=\"allow-scripts\" data-secret=\"sOEBvtzWxd\" data-mce-fragment=\"1\"><\/iframe><\/p>\n<p><iframe loading=\"lazy\" class=\"wp-embedded-content\" title=\"\u00abYopale\u00f1os han instaurado 156 acciones de tutela en 2022, reclamando derecho a la salud\u00bb \u2014 \u25b7 Noticias de Casanare : Martha Cifuentes | Casanare\" src=\"https:\/\/marthacifuentes.com\/portada\/2022\/12\/13\/yopalenos-han-instaurado-156-acciones-de-tutela-en-2022-reclamando-derecho-a-la-salud\/embed\/#?secret=0ppW2UTKog#?secret=xeJFvlPfuL\" width=\"600\" height=\"621\" frameborder=\"0\" marginwidth=\"0\" marginheight=\"0\" scrolling=\"no\" sandbox=\"allow-scripts\" data-secret=\"xeJFvlPfuL\" data-mce-fragment=\"1\"><\/iframe><\/p>\n<p><iframe loading=\"lazy\" class=\"wp-embedded-content\" title=\"\u00ab17 heridos y 1 muerto en accidentes viales en Yopal en una semana. En este a\u00f1o han fallecido 38 personas.\u00bb \u2014 \u25b7 Noticias de Casanare : Martha Cifuentes | Casanare\" src=\"https:\/\/marthacifuentes.com\/portada\/2022\/12\/13\/17-heridos-y-1-muerto-en-accidentes-viales-en-yopal-en-una-semana-en-este-ano-han-fallecido-38-personas\/embed\/#?secret=MGa0RVhe8E#?secret=Au58ikXpf0\" width=\"600\" height=\"600\" frameborder=\"0\" marginwidth=\"0\" marginheight=\"0\" scrolling=\"no\" sandbox=\"allow-scripts\" data-secret=\"Au58ikXpf0\" data-mce-fragment=\"1\"><\/iframe><\/p>\n<p><iframe loading=\"lazy\" class=\"wp-embedded-content\" title=\"\u00abSeis muertos en fin de semana en Casanare. Tres eran ni\u00f1os menores de 15 a\u00f1os.\u00bb \u2014 \u25b7 Noticias de Casanare : Martha Cifuentes | Casanare\" src=\"https:\/\/marthacifuentes.com\/portada\/2022\/12\/12\/seis-muertos-en-fin-de-semana-en-casanare-tres-eran-ninos-menores-de-15-anos\/embed\/#?secret=at2eHynFab#?secret=AXM0WMIJcW\" width=\"600\" height=\"621\" frameborder=\"0\" marginwidth=\"0\" marginheight=\"0\" scrolling=\"no\" sandbox=\"allow-scripts\" data-secret=\"AXM0WMIJcW\" data-mce-fragment=\"1\"><\/iframe><\/p>\n<p><iframe loading=\"lazy\" class=\"wp-embedded-content\" title=\"\u00abPetrolera Parex entreg\u00f3 PTAP a la vereda La Graciela de Aguazul\u00bb \u2014 \u25b7 Noticias de Casanare : Martha Cifuentes | Casanare\" src=\"https:\/\/marthacifuentes.com\/portada\/2022\/12\/12\/petrolera-parex-entrego-ptap-a-la-vereda-la-graciela-de-aguazul\/embed\/#?secret=7U4EfbtSzP#?secret=mEk86Pq7E2\" width=\"600\" height=\"621\" frameborder=\"0\" marginwidth=\"0\" marginheight=\"0\" scrolling=\"no\" sandbox=\"allow-scripts\" data-secret=\"mEk86Pq7E2\" data-mce-fragment=\"1\"><\/iframe><\/p>\n<p><iframe loading=\"lazy\" class=\"wp-embedded-content\" title=\"\u00abConcejo autoriz\u00f3 enajenaci\u00f3n o expropiaci\u00f3n del predio de La Bendici\u00f3n en Yopal\u00bb \u2014 \u25b7 Noticias de Casanare : Martha Cifuentes | Casanare\" src=\"https:\/\/marthacifuentes.com\/portada\/2022\/12\/12\/concejo-autorizo-enajenacion-o-expropiacion-del-predio-de-la-bendicion-en-yopal\/embed\/#?secret=RthEHrmFcj#?secret=5VTPJYhCbP\" width=\"600\" height=\"597\" frameborder=\"0\" marginwidth=\"0\" marginheight=\"0\" scrolling=\"no\" sandbox=\"allow-scripts\" data-secret=\"5VTPJYhCbP\" data-mce-fragment=\"1\"><\/iframe><\/p>\n<p><iframe loading=\"lazy\" class=\"wp-embedded-content\" title=\"\u00abTres a\u00f1os de incumplimiento de la canalizaci\u00f3n de aguas lluvias en v\u00eda Marginal del Llano en Yopal.\u00bb \u2014 \u25b7 Noticias de Casanare : Martha Cifuentes | Casanare\" src=\"https:\/\/marthacifuentes.com\/portada\/2022\/12\/12\/tres-anos-de-incumplimiento-de-la-canalizacion-de-aguas-lluvias-en-via-marginal-del-llano-en-yopal\/embed\/#?secret=OnCnmd0lV8#?secret=ulX19TRhdU\" width=\"600\" height=\"595\" frameborder=\"0\" marginwidth=\"0\" marginheight=\"0\" scrolling=\"no\" sandbox=\"allow-scripts\" data-secret=\"ulX19TRhdU\" data-mce-fragment=\"1\"><\/iframe><\/p>\n<p><iframe loading=\"lazy\" class=\"wp-embedded-content\" title=\"\u00abMa\u00f1ana en Yopal Foro de Transici\u00f3n Energ\u00e9tica, organizado por ACP y Ecopetrol\u00bb \u2014 \u25b7 Noticias de Casanare : Martha Cifuentes | Casanare\" src=\"https:\/\/marthacifuentes.com\/portada\/2022\/12\/12\/manana-en-yopal-foro-de-transicion-energetica-organizado-por-acp-y-ecopetrol\/embed\/#?secret=lBzcfq1xFC#?secret=DS9yoa9yHR\" width=\"600\" height=\"621\" frameborder=\"0\" marginwidth=\"0\" marginheight=\"0\" scrolling=\"no\" sandbox=\"allow-scripts\" data-secret=\"DS9yoa9yHR\" data-mce-fragment=\"1\"><\/iframe><\/p>\n<p><iframe loading=\"lazy\" class=\"wp-embedded-content\" title=\"\u00abSede de la Fiscal\u00eda fue abierta en Villanueva. Se atender\u00e1n denuncias en Punto de Atenci\u00f3n.\u00bb \u2014 \u25b7 Noticias de Casanare : Martha Cifuentes | Casanare\" src=\"https:\/\/marthacifuentes.com\/portada\/2022\/12\/09\/sede-de-la-fiscalia-fue-abierta-en-villanueva-se-atenderan-denuncias-en-punto-de-atencion\/embed\/#?secret=rGppKnekIY#?secret=CDwH7Cc7g6\" width=\"600\" height=\"600\" frameborder=\"0\" marginwidth=\"0\" marginheight=\"0\" scrolling=\"no\" sandbox=\"allow-scripts\" data-secret=\"CDwH7Cc7g6\" data-mce-fragment=\"1\"><\/iframe><\/p>\n","protected":false},"excerpt":{"rendered":"<p>Las Estaciones Integradas de Servicio (EIS) son las herramientas tecnol\u00f3gicas que permiten capturar los datos de huellas o impresiones dactilares y fotograf\u00eda para un posterior proceso de reconocimiento facial. Ya est\u00e1n en ocho municipios de Casanare. Estas Estaciones Integradas de Servicio est\u00e1n conectadas directamente a la base de datos de registro civil e identificaci\u00f3n, lo &hellip;<\/p>\n","protected":false},"author":2,"featured_media":30837,"comment_status":"open","ping_status":"open","sticky":false,"template":"","format":"standard","meta":{"om_disable_all_campaigns":false,"_exactmetrics_skip_tracking":false,"_exactmetrics_sitenote_active":false,"_exactmetrics_sitenote_note":"","_exactmetrics_sitenote_category":0,"_monsterinsights_skip_tracking":false,"_monsterinsights_sitenote_active":false,"_monsterinsights_sitenote_note":"","_monsterinsights_sitenote_category":0,"_uf_show_specific_survey":0,"_uf_disable_surveys":false,"_joinchat":[],"footnotes":""},"categories":[147,146,145],"tags":[1373,8768,1400,1421,1376],"class_list":["post-30835","post","type-post","status-publish","format-standard","has-post-thumbnail","hentry","category-actualidad","category-noticias","category-reportajes","tag-casanare-noticias","tag-casanarenos-han-tramitado-mas-de-5-mil-cedulas-digitales","tag-noticias-casanare","tag-noticias-yopal","tag-yopal-noticias"],"yoast_head":"<!-- This site is optimized with the Yoast SEO plugin v26.1 - https:\/\/yoast.com\/wordpress\/plugins\/seo\/ -->\n<title>Casanare\u00f1os han tramitado m\u00e1s de 5 mil c\u00e9dulas digitales. - \u25b7 Noticias de Casanare : Martha Cifuentes | Casanare<\/title>\n<meta name=\"robots\" content=\"index, follow, max-snippet:-1, max-image-preview:large, max-video-preview:-1\" \/>\n<link rel=\"canonical\" href=\"https:\/\/marthacifuentes.com\/portada\/casanarenos-han-tramitado-mas-de-5-mil-cedulas-digitales\/\" \/>\n<meta property=\"og:locale\" content=\"es_ES\" \/>\n<meta property=\"og:type\" content=\"article\" \/>\n<meta property=\"og:title\" content=\"Casanare\u00f1os han tramitado m\u00e1s de 5 mil c\u00e9dulas digitales. - \u25b7 Noticias de Casanare : Martha Cifuentes | Casanare\" \/>\n<meta property=\"og:description\" content=\"Las Estaciones Integradas de Servicio (EIS) son las herramientas tecnol\u00f3gicas que permiten capturar los datos de huellas o impresiones dactilares y fotograf\u00eda para un posterior proceso de reconocimiento facial. Ya est\u00e1n en ocho municipios de Casanare. Estas Estaciones Integradas de Servicio est\u00e1n conectadas directamente a la base de datos de registro civil e identificaci\u00f3n, lo &hellip;\" \/>\n<meta property=\"og:url\" content=\"https:\/\/marthacifuentes.com\/portada\/casanarenos-han-tramitado-mas-de-5-mil-cedulas-digitales\/\" \/>\n<meta property=\"og:site_name\" content=\"\u25b7 Noticias de Casanare : Martha Cifuentes | Casanare\" \/>\n<meta property=\"article:published_time\" content=\"2022-12-29T20:50:44+00:00\" \/>\n<meta property=\"og:image\" content=\"https:\/\/marthacifuentes.com\/portada\/wp-content\/uploads\/2022\/12\/CASANARENOS-HAN-TRAMITADO-MAS-DE-5-CEDULAS-DIGITALES-1.webp\" \/>\n\t<meta property=\"og:image:width\" content=\"900\" \/>\n\t<meta property=\"og:image:height\" content=\"600\" \/>\n\t<meta property=\"og:image:type\" content=\"image\/webp\" \/>\n<meta name=\"author\" content=\"Martha Cifuentes\" \/>\n<meta name=\"twitter:card\" content=\"summary_large_image\" \/>\n<meta name=\"twitter:label1\" content=\"Escrito por\" \/>\n\t<meta name=\"twitter:data1\" content=\"Martha Cifuentes\" \/>\n\t<meta name=\"twitter:label2\" content=\"Tiempo de lectura\" \/>\n\t<meta name=\"twitter:data2\" content=\"1 minuto\" \/>\n<script type=\"application\/ld+json\" class=\"yoast-schema-graph\">{\"@context\":\"https:\/\/schema.org\",\"@graph\":[{\"@type\":\"WebPage\",\"@id\":\"https:\/\/marthacifuentes.com\/portada\/casanarenos-han-tramitado-mas-de-5-mil-cedulas-digitales\/\",\"url\":\"https:\/\/marthacifuentes.com\/portada\/casanarenos-han-tramitado-mas-de-5-mil-cedulas-digitales\/\",\"name\":\"Casanare\u00f1os han tramitado m\u00e1s de 5 mil c\u00e9dulas digitales. - \u25b7 Noticias de Casanare : Martha Cifuentes | Casanare\",\"isPartOf\":{\"@id\":\"https:\/\/marthacifuentes.com\/portada\/#website\"},\"primaryImageOfPage\":{\"@id\":\"https:\/\/marthacifuentes.com\/portada\/casanarenos-han-tramitado-mas-de-5-mil-cedulas-digitales\/#primaryimage\"},\"image\":{\"@id\":\"https:\/\/marthacifuentes.com\/portada\/casanarenos-han-tramitado-mas-de-5-mil-cedulas-digitales\/#primaryimage\"},\"thumbnailUrl\":\"https:\/\/marthacifuentes.com\/portada\/wp-content\/uploads\/2022\/12\/CASANARENOS-HAN-TRAMITADO-MAS-DE-5-CEDULAS-DIGITALES-1.webp\",\"datePublished\":\"2022-12-29T20:50:44+00:00\",\"author\":{\"@id\":\"https:\/\/marthacifuentes.com\/portada\/#\/schema\/person\/57f53174b991db5f90ff78d58502b714\"},\"breadcrumb\":{\"@id\":\"https:\/\/marthacifuentes.com\/portada\/casanarenos-han-tramitado-mas-de-5-mil-cedulas-digitales\/#breadcrumb\"},\"inLanguage\":\"es\",\"potentialAction\":[{\"@type\":\"ReadAction\",\"target\":[\"https:\/\/marthacifuentes.com\/portada\/casanarenos-han-tramitado-mas-de-5-mil-cedulas-digitales\/\"]}]},{\"@type\":\"ImageObject\",\"inLanguage\":\"es\",\"@id\":\"https:\/\/marthacifuentes.com\/portada\/casanarenos-han-tramitado-mas-de-5-mil-cedulas-digitales\/#primaryimage\",\"url\":\"https:\/\/marthacifuentes.com\/portada\/wp-content\/uploads\/2022\/12\/CASANARENOS-HAN-TRAMITADO-MAS-DE-5-CEDULAS-DIGITALES-1.webp\",\"contentUrl\":\"https:\/\/marthacifuentes.com\/portada\/wp-content\/uploads\/2022\/12\/CASANARENOS-HAN-TRAMITADO-MAS-DE-5-CEDULAS-DIGITALES-1.webp\",\"width\":900,\"height\":600},{\"@type\":\"BreadcrumbList\",\"@id\":\"https:\/\/marthacifuentes.com\/portada\/casanarenos-han-tramitado-mas-de-5-mil-cedulas-digitales\/#breadcrumb\",\"itemListElement\":[{\"@type\":\"ListItem\",\"position\":1,\"name\":\"Portada\",\"item\":\"https:\/\/marthacifuentes.com\/portada\/\"},{\"@type\":\"ListItem\",\"position\":2,\"name\":\"Casanare\u00f1os han tramitado m\u00e1s de 5 mil c\u00e9dulas digitales.\"}]},{\"@type\":\"WebSite\",\"@id\":\"https:\/\/marthacifuentes.com\/portada\/#website\",\"url\":\"https:\/\/marthacifuentes.com\/portada\/\",\"name\":\"\u25b7 Noticias de Casanare : Martha Cifuentes | Casanare\",\"description\":\"Noticias &amp; Contenidos\",\"potentialAction\":[{\"@type\":\"SearchAction\",\"target\":{\"@type\":\"EntryPoint\",\"urlTemplate\":\"https:\/\/marthacifuentes.com\/portada\/?s={search_term_string}\"},\"query-input\":{\"@type\":\"PropertyValueSpecification\",\"valueRequired\":true,\"valueName\":\"search_term_string\"}}],\"inLanguage\":\"es\"},{\"@type\":\"Person\",\"@id\":\"https:\/\/marthacifuentes.com\/portada\/#\/schema\/person\/57f53174b991db5f90ff78d58502b714\",\"name\":\"Martha Cifuentes\",\"image\":{\"@type\":\"ImageObject\",\"inLanguage\":\"es\",\"@id\":\"https:\/\/marthacifuentes.com\/portada\/#\/schema\/person\/image\/\",\"url\":\"http:\/\/marthacifuentes.com\/portada\/wp-content\/uploads\/2018\/06\/avatar_user_2_1528838701-96x96.jpg\",\"contentUrl\":\"http:\/\/marthacifuentes.com\/portada\/wp-content\/uploads\/2018\/06\/avatar_user_2_1528838701-96x96.jpg\",\"caption\":\"Martha Cifuentes\"},\"sameAs\":[\"http:\/\/www.marthacifuentes.com\"],\"url\":\"https:\/\/marthacifuentes.com\/portada\/author\/martha\/\"}]}<\/script>\n<!-- \/ Yoast SEO plugin. -->","yoast_head_json":{"title":"Casanare\u00f1os han tramitado m\u00e1s de 5 mil c\u00e9dulas digitales. - \u25b7 Noticias de Casanare : Martha Cifuentes | Casanare","robots":{"index":"index","follow":"follow","max-snippet":"max-snippet:-1","max-image-preview":"max-image-preview:large","max-video-preview":"max-video-preview:-1"},"canonical":"https:\/\/marthacifuentes.com\/portada\/casanarenos-han-tramitado-mas-de-5-mil-cedulas-digitales\/","og_locale":"es_ES","og_type":"article","og_title":"Casanare\u00f1os han tramitado m\u00e1s de 5 mil c\u00e9dulas digitales. - \u25b7 Noticias de Casanare : Martha Cifuentes | Casanare","og_description":"Las Estaciones Integradas de Servicio (EIS) son las herramientas tecnol\u00f3gicas que permiten capturar los datos de huellas o impresiones dactilares y fotograf\u00eda para un posterior proceso de reconocimiento facial. Ya est\u00e1n en ocho municipios de Casanare. Estas Estaciones Integradas de Servicio est\u00e1n conectadas directamente a la base de datos de registro civil e identificaci\u00f3n, lo &hellip;","og_url":"https:\/\/marthacifuentes.com\/portada\/casanarenos-han-tramitado-mas-de-5-mil-cedulas-digitales\/","og_site_name":"\u25b7 Noticias de Casanare : Martha Cifuentes | Casanare","article_published_time":"2022-12-29T20:50:44+00:00","og_image":[{"width":900,"height":600,"url":"https:\/\/marthacifuentes.com\/portada\/wp-content\/uploads\/2022\/12\/CASANARENOS-HAN-TRAMITADO-MAS-DE-5-CEDULAS-DIGITALES-1.webp","type":"image\/webp"}],"author":"Martha Cifuentes","twitter_card":"summary_large_image","twitter_misc":{"Escrito por":"Martha Cifuentes","Tiempo de lectura":"1 minuto"},"schema":{"@context":"https:\/\/schema.org","@graph":[{"@type":"WebPage","@id":"https:\/\/marthacifuentes.com\/portada\/casanarenos-han-tramitado-mas-de-5-mil-cedulas-digitales\/","url":"https:\/\/marthacifuentes.com\/portada\/casanarenos-han-tramitado-mas-de-5-mil-cedulas-digitales\/","name":"Casanare\u00f1os han tramitado m\u00e1s de 5 mil c\u00e9dulas digitales. - \u25b7 Noticias de Casanare : Martha Cifuentes | Casanare","isPartOf":{"@id":"https:\/\/marthacifuentes.com\/portada\/#website"},"primaryImageOfPage":{"@id":"https:\/\/marthacifuentes.com\/portada\/casanarenos-han-tramitado-mas-de-5-mil-cedulas-digitales\/#primaryimage"},"image":{"@id":"https:\/\/marthacifuentes.com\/portada\/casanarenos-han-tramitado-mas-de-5-mil-cedulas-digitales\/#primaryimage"},"thumbnailUrl":"https:\/\/marthacifuentes.com\/portada\/wp-content\/uploads\/2022\/12\/CASANARENOS-HAN-TRAMITADO-MAS-DE-5-CEDULAS-DIGITALES-1.webp","datePublished":"2022-12-29T20:50:44+00:00","author":{"@id":"https:\/\/marthacifuentes.com\/portada\/#\/schema\/person\/57f53174b991db5f90ff78d58502b714"},"breadcrumb":{"@id":"https:\/\/marthacifuentes.com\/portada\/casanarenos-han-tramitado-mas-de-5-mil-cedulas-digitales\/#breadcrumb"},"inLanguage":"es","potentialAction":[{"@type":"ReadAction","target":["https:\/\/marthacifuentes.com\/portada\/casanarenos-han-tramitado-mas-de-5-mil-cedulas-digitales\/"]}]},{"@type":"ImageObject","inLanguage":"es","@id":"https:\/\/marthacifuentes.com\/portada\/casanarenos-han-tramitado-mas-de-5-mil-cedulas-digitales\/#primaryimage","url":"https:\/\/marthacifuentes.com\/portada\/wp-content\/uploads\/2022\/12\/CASANARENOS-HAN-TRAMITADO-MAS-DE-5-CEDULAS-DIGITALES-1.webp","contentUrl":"https:\/\/marthacifuentes.com\/portada\/wp-content\/uploads\/2022\/12\/CASANARENOS-HAN-TRAMITADO-MAS-DE-5-CEDULAS-DIGITALES-1.webp","width":900,"height":600},{"@type":"BreadcrumbList","@id":"https:\/\/marthacifuentes.com\/portada\/casanarenos-han-tramitado-mas-de-5-mil-cedulas-digitales\/#breadcrumb","itemListElement":[{"@type":"ListItem","position":1,"name":"Portada","item":"https:\/\/marthacifuentes.com\/portada\/"},{"@type":"ListItem","position":2,"name":"Casanare\u00f1os han tramitado m\u00e1s de 5 mil c\u00e9dulas digitales."}]},{"@type":"WebSite","@id":"https:\/\/marthacifuentes.com\/portada\/#website","url":"https:\/\/marthacifuentes.com\/portada\/","name":"\u25b7 Noticias de Casanare : Martha Cifuentes | Casanare","description":"Noticias &amp; Contenidos","potentialAction":[{"@type":"SearchAction","target":{"@type":"EntryPoint","urlTemplate":"https:\/\/marthacifuentes.com\/portada\/?s={search_term_string}"},"query-input":{"@type":"PropertyValueSpecification","valueRequired":true,"valueName":"search_term_string"}}],"inLanguage":"es"},{"@type":"Person","@id":"https:\/\/marthacifuentes.com\/portada\/#\/schema\/person\/57f53174b991db5f90ff78d58502b714","name":"Martha Cifuentes","image":{"@type":"ImageObject","inLanguage":"es","@id":"https:\/\/marthacifuentes.com\/portada\/#\/schema\/person\/image\/","url":"http:\/\/marthacifuentes.com\/portada\/wp-content\/uploads\/2018\/06\/avatar_user_2_1528838701-96x96.jpg","contentUrl":"http:\/\/marthacifuentes.com\/portada\/wp-content\/uploads\/2018\/06\/avatar_user_2_1528838701-96x96.jpg","caption":"Martha Cifuentes"},"sameAs":["http:\/\/www.marthacifuentes.com"],"url":"https:\/\/marthacifuentes.com\/portada\/author\/martha\/"}]}},"_links":{"self":[{"href":"https:\/\/marthacifuentes.com\/portada\/wp-json\/wp\/v2\/posts\/30835","targetHints":{"allow":["GET"]}}],"collection":[{"href":"https:\/\/marthacifuentes.com\/portada\/wp-json\/wp\/v2\/posts"}],"about":[{"href":"https:\/\/marthacifuentes.com\/portada\/wp-json\/wp\/v2\/types\/post"}],"author":[{"embeddable":true,"href":"https:\/\/marthacifuentes.com\/portada\/wp-json\/wp\/v2\/users\/2"}],"replies":[{"embeddable":true,"href":"https:\/\/marthacifuentes.com\/portada\/wp-json\/wp\/v2\/comments?post=30835"}],"version-history":[{"count":1,"href":"https:\/\/marthacifuentes.com\/portada\/wp-json\/wp\/v2\/posts\/30835\/revisions"}],"predecessor-version":[{"id":30838,"href":"https:\/\/marthacifuentes.com\/portada\/wp-json\/wp\/v2\/posts\/30835\/revisions\/30838"}],"wp:featuredmedia":[{"embeddable":true,"href":"https:\/\/marthacifuentes.com\/portada\/wp-json\/wp\/v2\/media\/30837"}],"wp:attachment":[{"href":"https:\/\/marthacifuentes.com\/portada\/wp-json\/wp\/v2\/media?parent=30835"}],"wp:term":[{"taxonomy":"category","embeddable":true,"href":"https:\/\/marthacifuentes.com\/portada\/wp-json\/wp\/v2\/categories?post=30835"},{"taxonomy":"post_tag","embeddable":true,"href":"https:\/\/marthacifuentes.com\/portada\/wp-json\/wp\/v2\/tags?post=30835"}],"curies":[{"name":"wp","href":"https:\/\/api.w.org\/{rel}","templated":true}]}}