{"id":30904,"date":"2023-01-24T10:25:04","date_gmt":"2023-01-24T15:25:04","guid":{"rendered":"https:\/\/marthacifuentes.com\/portada\/?p=30904"},"modified":"2023-01-24T10:25:04","modified_gmt":"2023-01-24T15:25:04","slug":"con-accion-popular-padres-de-familia-buscan-concrecion-de-sede-del-colegio-centro-social-de-yopal","status":"publish","type":"post","link":"https:\/\/marthacifuentes.com\/portada\/con-accion-popular-padres-de-familia-buscan-concrecion-de-sede-del-colegio-centro-social-de-yopal\/","title":{"rendered":"Con acci\u00f3n popular, padres de familia buscan concreci\u00f3n de sede del colegio Centro Social de Yopal"},"content":{"rendered":"<p><strong>El Juzgado Primero Administrativo de Yopal admiti\u00f3 la acci\u00f3n popular promovida por la Asociaci\u00f3n de Padres de familia del colegio Centro Social, en contra de la Alcald\u00eda de Yopal, mediante la cual se pretende que se concrete el espacio f\u00edsico, la construcci\u00f3n y edificaciones para que funcione esta instituci\u00f3n educativa.<\/strong><\/p>\n<p>Seg\u00fan la acci\u00f3n popular, hasta el momento la Alcald\u00eda ha hecho caso omiso en relaci\u00f3n a los tr\u00e1mites administrativos y presupuestales para consolidar el proyecto \u201cConstrucci\u00f3n de la nueva sede Preescolar y Primaria de la Instituci\u00f3n Educativa Centro Social Centro Social en el Municipio de Yopal\u201d conforme al acuerdo Municipal No. 017 del 30 de noviembre de 2014.<\/p>\n<p>Aunque en 2020 la Alcald\u00eda de Yopal expres\u00f3 que aunque no se opon\u00eda al proyecto s\u00ed afirm\u00f3 que deb\u00eda revisar detalladamente el proceso en un \u00e1mbito t\u00e9cnico, administrativo y jur\u00eddico. Igualmente, que, seg\u00fan el Plan de Ordenamiento Territorial y el Plan Integrado de Movilidad Urbana y Rural, Pimur, se afectaba los perfiles viales en el sector aleda\u00f1o al predio donde se contemplaba realizar el colegio junto a la estaci\u00f3n de polic\u00eda de Yopal, los cuales no coinciden con el \u00e1rea destinada inicialmente.<\/p>\n<p>En todo caso no se conoce un plan B para que el Centro Social tenga una sede propia.<\/p>\n<p><img loading=\"lazy\" decoding=\"async\" class=\"wp-image-30906 aligncenter\" src=\"https:\/\/marthacifuentes.com\/portada\/wp-content\/uploads\/2023\/01\/juzgado-primero-admite-accion-popular-CENTRO-SOCIAL.png\" alt=\"\" width=\"549\" height=\"571\" srcset=\"https:\/\/marthacifuentes.com\/portada\/wp-content\/uploads\/2023\/01\/juzgado-primero-admite-accion-popular-CENTRO-SOCIAL.png 786w, https:\/\/marthacifuentes.com\/portada\/wp-content\/uploads\/2023\/01\/juzgado-primero-admite-accion-popular-CENTRO-SOCIAL-289x300.png 289w, https:\/\/marthacifuentes.com\/portada\/wp-content\/uploads\/2023\/01\/juzgado-primero-admite-accion-popular-CENTRO-SOCIAL-768x798.png 768w\" sizes=\"auto, (max-width: 549px) 100vw, 549px\" \/><\/p>\n<h2><span style=\"color: #ff6600;\">Otras noticias&#8230;<\/span><\/h2>\n<blockquote class=\"wp-embedded-content\" data-secret=\"iAVXOoUGU8\"><p><a href=\"https:\/\/marthacifuentes.com\/portada\/2023\/01\/23\/superservicios-le-respira-en-la-nuca-a-la-eaaay-inspeccionara-prestacion-de-servicios-y-contratacion\/\">Superservicios le \u201crespira en la nuca\u201d a la Eaaay. Inspeccionar\u00e1 prestaci\u00f3n de servicios y contrataci\u00f3n<\/a><\/p><\/blockquote>\n<p><iframe loading=\"lazy\" class=\"wp-embedded-content\" sandbox=\"allow-scripts\" security=\"restricted\" style=\"position: absolute; clip: rect(1px, 1px, 1px, 1px);\" title=\"\u00abSuperservicios le \u201crespira en la nuca\u201d a la Eaaay. Inspeccionar\u00e1 prestaci\u00f3n de servicios y contrataci\u00f3n\u00bb \u2014 \u25b7 Noticias de Casanare : Martha Cifuentes | Casanare\" src=\"https:\/\/marthacifuentes.com\/portada\/2023\/01\/23\/superservicios-le-respira-en-la-nuca-a-la-eaaay-inspeccionara-prestacion-de-servicios-y-contratacion\/embed\/#?secret=1BPRIxbWQF#?secret=iAVXOoUGU8\" data-secret=\"iAVXOoUGU8\" width=\"500\" height=\"282\" frameborder=\"0\" marginwidth=\"0\" marginheight=\"0\" scrolling=\"no\"><\/iframe><\/p>\n<p><iframe loading=\"lazy\" class=\"wp-embedded-content\" title=\"\u00abNi\u00f1a de Paz de Ariporo necesita costosa medicina para sobrevivir. Su padre pide a EPS Sanitas y Cruz Verde, respuesta inmediata.\u00bb \u2014 \u25b7 Noticias de Casanare : Martha Cifuentes | Casanare\" src=\"https:\/\/marthacifuentes.com\/portada\/2023\/01\/23\/nina-de-paz-de-ariporo-necesita-costosa-medicina-para-sobrevivir-su-padre-pide-a-eps-sanitas-y-cruz-verde-respuesta-inmediata\/embed\/#?secret=YeM8g10CY3#?secret=5vL6lt5Mf1\" width=\"600\" height=\"650\" frameborder=\"0\" marginwidth=\"0\" marginheight=\"0\" scrolling=\"no\" sandbox=\"allow-scripts\" data-secret=\"5vL6lt5Mf1\" data-mce-fragment=\"1\"><\/iframe><\/p>\n<p><iframe loading=\"lazy\" class=\"wp-embedded-content\" title=\"\u00abQui\u00e9n ronda al gerente de la Eaaay. Aunque el alcalde de Yopal deb\u00eda autorizar sus vacaciones, \u00e9l se las tom\u00f3 solito.\u00bb \u2014 \u25b7 Noticias de Casanare : Martha Cifuentes | Casanare\" src=\"https:\/\/marthacifuentes.com\/portada\/2023\/01\/23\/quien-ronda-al-gerente-de-la-eaaay-aunque-el-alcalde-de-yopal-debia-autorizar-sus-vacaciones-el-se-las-tomo-solito\/embed\/#?secret=P6noCB5NEx#?secret=vnUYWTonZX\" width=\"600\" height=\"646\" frameborder=\"0\" marginwidth=\"0\" marginheight=\"0\" scrolling=\"no\" sandbox=\"allow-scripts\" data-secret=\"vnUYWTonZX\" data-mce-fragment=\"1\"><\/iframe><\/p>\n<p><iframe loading=\"lazy\" class=\"wp-embedded-content\" title=\"\u00abSino tr\u00e1gico en familia de Paco Mart\u00ednez. Tras 2 a\u00f1os de muerte de su hija, su otro hijo, Juan Carlos, muri\u00f3 de un disparo de arma de fuego\u00bb \u2014 \u25b7 Noticias de Casanare : Martha Cifuentes | Casanare\" src=\"https:\/\/marthacifuentes.com\/portada\/2023\/01\/23\/sino-tragico-en-familia-de-paco-martinez-tras-2-anos-de-muerte-de-su-hija-su-otro-hijo-juan-carlos-murio-de-un-disparo-de-arma-de-fuego\/embed\/#?secret=i2oQSC9EQB#?secret=Ch7w7YLCcW\" width=\"600\" height=\"629\" frameborder=\"0\" marginwidth=\"0\" marginheight=\"0\" scrolling=\"no\" sandbox=\"allow-scripts\" data-secret=\"Ch7w7YLCcW\" data-mce-fragment=\"1\"><\/iframe><\/p>\n<p><iframe loading=\"lazy\" class=\"wp-embedded-content\" title=\"\u00abTras 56 mil estudiantes est\u00e1 la Gobernaci\u00f3n de Casanare. Se busca que se matriculen en colegios p\u00fablicos.\u00bb \u2014 \u25b7 Noticias de Casanare : Martha Cifuentes | Casanare\" src=\"https:\/\/marthacifuentes.com\/portada\/2023\/01\/19\/tras-56-mil-estudiantes-esta-la-gobernacion-de-casanare-se-busca-que-se-matriculen-en-colegios-publicos\/embed\/#?secret=h5sAM05z3v#?secret=MoN0TtpZhT\" width=\"600\" height=\"650\" frameborder=\"0\" marginwidth=\"0\" marginheight=\"0\" scrolling=\"no\" sandbox=\"allow-scripts\" data-secret=\"MoN0TtpZhT\" data-mce-fragment=\"1\"><\/iframe><\/p>\n<p><iframe loading=\"lazy\" class=\"wp-embedded-content\" title=\"\u00abA la c\u00e1rcel presuntas asesinas del folclorista manice\u00f1o \u00abEl Duende\u00bb.\u00bb \u2014 \u25b7 Noticias de Casanare : Martha Cifuentes | Casanare\" src=\"https:\/\/marthacifuentes.com\/portada\/2023\/01\/17\/a-la-carcel-presuntas-asesinas-del-folclorista-maniceno-el-duende\/embed\/#?secret=cng8PCOUlz#?secret=o3kxDXcP5d\" width=\"600\" height=\"619\" frameborder=\"0\" marginwidth=\"0\" marginheight=\"0\" scrolling=\"no\" sandbox=\"allow-scripts\" data-secret=\"o3kxDXcP5d\" data-mce-fragment=\"1\"><\/iframe><\/p>\n<p><iframe loading=\"lazy\" class=\"wp-embedded-content\" title=\"\u00abContralor\u00eda General asume investigaci\u00f3n de presuntas irregularidades en empresa Terminal de transportes de Yopal\u00bb \u2014 \u25b7 Noticias de Casanare : Martha Cifuentes | Casanare\" src=\"https:\/\/marthacifuentes.com\/portada\/2023\/01\/17\/contraloria-general-asume-investigacion-de-presuntas-irregularidades-en-empresa-terminal-de-transportes-de-yopal\/embed\/#?secret=EkeiF28Rde#?secret=h2e2CyYSKJ\" width=\"600\" height=\"650\" frameborder=\"0\" marginwidth=\"0\" marginheight=\"0\" scrolling=\"no\" sandbox=\"allow-scripts\" data-secret=\"h2e2CyYSKJ\" data-mce-fragment=\"1\"><\/iframe><\/p>\n<p><iframe loading=\"lazy\" class=\"wp-embedded-content\" title=\"\u00abEn acto de intolerancia, mujer \u00e1rbitro fue golpeada por director t\u00e9cnico en torneo de f\u00fatbol en Man\u00ed, Casanare.\u00bb \u2014 \u25b7 Noticias de Casanare : Martha Cifuentes | Casanare\" src=\"https:\/\/marthacifuentes.com\/portada\/2023\/01\/16\/en-acto-de-intolerancia-mujer-arbitro-fue-golpeada-por-director-tecnico-en-torneo-de-futbol-en-mani-casanare\/embed\/#?secret=6yUWKTkczV#?secret=iqF72nNJTo\" width=\"600\" height=\"648\" frameborder=\"0\" marginwidth=\"0\" marginheight=\"0\" scrolling=\"no\" sandbox=\"allow-scripts\" data-secret=\"iqF72nNJTo\" data-mce-fragment=\"1\"><\/iframe><\/p>\n<p><iframe loading=\"lazy\" class=\"wp-embedded-content\" title=\"\u00abM\u00e1s de 2.500 aguazule\u00f1os ya firmaron, apoyando a Isaac Poveda para la Alcald\u00eda de Aguazul\u00bb \u2014 \u25b7 Noticias de Casanare : Martha Cifuentes | Casanare\" src=\"https:\/\/marthacifuentes.com\/portada\/2023\/01\/16\/mas-de-2-500-aguazulenos-ya-firmaron-apoyando-a-isaac-poveda-para-la-alcaldia-de-aguazul\/embed\/#?secret=nkIgIcJy9k#?secret=6fxIdOr913\" width=\"600\" height=\"621\" frameborder=\"0\" marginwidth=\"0\" marginheight=\"0\" scrolling=\"no\" sandbox=\"allow-scripts\" data-secret=\"6fxIdOr913\" data-mce-fragment=\"1\"><\/iframe><\/p>\n<p><iframe loading=\"lazy\" class=\"wp-embedded-content\" title=\"\u00abVillanueva march\u00f3 contra la violencia a las mujeres y por el respeto a la vida.\u00bb \u2014 \u25b7 Noticias de Casanare : Martha Cifuentes | Casanare\" src=\"https:\/\/marthacifuentes.com\/portada\/2023\/01\/16\/villanueva-marcho-contra-la-violencia-a-las-mujeres-y-por-el-respeto-a-la-vida\/embed\/#?secret=n484HHrm7Q#?secret=cOYpcJ1587\" width=\"600\" height=\"621\" frameborder=\"0\" marginwidth=\"0\" marginheight=\"0\" scrolling=\"no\" sandbox=\"allow-scripts\" data-secret=\"cOYpcJ1587\" data-mce-fragment=\"1\"><\/iframe><\/p>\n<p><iframe loading=\"lazy\" class=\"wp-embedded-content\" title=\"\u00abOtra vez, un funcionario de la Ese Salud Yopal, ebrio, atropell\u00f3 a una mujer\u00bb \u2014 \u25b7 Noticias de Casanare : Martha Cifuentes | Casanare\" src=\"https:\/\/marthacifuentes.com\/portada\/2023\/01\/16\/otra-vez-un-funcionario-de-la-ese-salud-yopal-ebrio-atropello-a-una-mujer\/embed\/#?secret=6VFRNfrWyo#?secret=wcwl83wEDe\" width=\"600\" height=\"621\" frameborder=\"0\" marginwidth=\"0\" marginheight=\"0\" scrolling=\"no\" sandbox=\"allow-scripts\" data-secret=\"wcwl83wEDe\" data-mce-fragment=\"1\"><\/iframe><\/p>\n<p><iframe loading=\"lazy\" class=\"wp-embedded-content\" title=\"\u00ab\u00bfEnviar\u00e1n a la c\u00e1rcel a los capturados y presuntos homicidas de \u00abEl Duende\u00bb?\u00bb \u2014 \u25b7 Noticias de Casanare : Martha Cifuentes | Casanare\" src=\"https:\/\/marthacifuentes.com\/portada\/2023\/01\/16\/enviaran-a-la-carcel-a-los-capturados-y-presuntos-homicidas-de-el-duende\/embed\/#?secret=WBe8KulEsO#?secret=FUXm9LcGAr\" width=\"600\" height=\"621\" frameborder=\"0\" marginwidth=\"0\" marginheight=\"0\" scrolling=\"no\" sandbox=\"allow-scripts\" data-secret=\"FUXm9LcGAr\" data-mce-fragment=\"1\"><\/iframe><\/p>\n<p><iframe loading=\"lazy\" class=\"wp-embedded-content\" title=\"\u00abAl menos tres muertos y un herido dej\u00f3 tiroteo en manga de coleo de Villanueva, Casanare\u00bb \u2014 \u25b7 Noticias de Casanare : Martha Cifuentes | Casanare\" src=\"https:\/\/marthacifuentes.com\/portada\/2022\/12\/30\/al-menos-tres-muertos-y-un-herido-dejo-tiroteo-en-manga-de-coleo-de-villanueva-casanare\/embed\/#?secret=SldwigqPuY#?secret=phtsoB9Oyg\" width=\"600\" height=\"554\" frameborder=\"0\" marginwidth=\"0\" marginheight=\"0\" scrolling=\"no\" sandbox=\"allow-scripts\" data-secret=\"phtsoB9Oyg\" data-mce-fragment=\"1\"><\/iframe><\/p>\n<p><iframe loading=\"lazy\" class=\"wp-embedded-content\" title=\"\u00abAdolescente de 16 a\u00f1os de edad result\u00f3 herida en zona rural de Paz de Ariporo\u00bb \u2014 \u25b7 Noticias de Casanare : Martha Cifuentes | Casanare\" src=\"https:\/\/marthacifuentes.com\/portada\/2022\/12\/29\/adolescente-de-16-anos-de-edad-resulto-herida-en-zona-rural-de-paz-de-ariporo\/embed\/#?secret=vW5GTWoMOQ#?secret=co2qsic5tF\" width=\"600\" height=\"600\" frameborder=\"0\" marginwidth=\"0\" marginheight=\"0\" scrolling=\"no\" sandbox=\"allow-scripts\" data-secret=\"co2qsic5tF\" data-mce-fragment=\"1\"><\/iframe><\/p>\n<p><iframe loading=\"lazy\" class=\"wp-embedded-content\" title=\"\u00abCasanare\u00f1os han tramitado m\u00e1s de 5 mil c\u00e9dulas digitales.\u00bb \u2014 \u25b7 Noticias de Casanare : Martha Cifuentes | Casanare\" src=\"https:\/\/marthacifuentes.com\/portada\/2022\/12\/29\/casanarenos-han-tramitado-mas-de-5-mil-cedulas-digitales\/embed\/#?secret=z32r7uKmF0#?secret=spaOPpo2aC\" width=\"600\" height=\"621\" frameborder=\"0\" marginwidth=\"0\" marginheight=\"0\" scrolling=\"no\" sandbox=\"allow-scripts\" data-secret=\"spaOPpo2aC\" data-mce-fragment=\"1\"><\/iframe><\/p>\n<p><iframe loading=\"lazy\" class=\"wp-embedded-content\" title=\"\u00abCapresoca una de las 7 EPS de m\u00e1s alto riesgo financiero del pa\u00eds, seg\u00fan Supersalud. Recientemente fue aprobada capitalizaci\u00f3n por $140 mil millones de regal\u00edas\u00bb \u2014 \u25b7 Noticias de Casanare : Martha Cifuentes | Casanare\" src=\"https:\/\/marthacifuentes.com\/portada\/2022\/12\/29\/capresoca-una-de-las-7-eps-de-mas-alto-riesgo-financiero-del-pais-segun-supersalud-recientemente-fue-aprobada-capitalizacion-por-140-mil-millones-de-regalias\/embed\/#?secret=Q5XwnXxyQ3#?secret=T9Dfj3ah9l\" width=\"600\" height=\"679\" frameborder=\"0\" marginwidth=\"0\" marginheight=\"0\" scrolling=\"no\" sandbox=\"allow-scripts\" data-secret=\"T9Dfj3ah9l\" data-mce-fragment=\"1\"><\/iframe><\/p>\n<p><iframe loading=\"lazy\" class=\"wp-embedded-content\" title=\"\u00abCorte Suprema revoc\u00f3 sentencia que prescrib\u00eda proceso penal contra \u201cmart\u00edn llanos\u201d y su padre por tortura de un hombre\u00bb \u2014 \u25b7 Noticias de Casanare : Martha Cifuentes | Casanare\" src=\"https:\/\/marthacifuentes.com\/portada\/2022\/12\/29\/corte-suprema-revoco-sentencia-que-prescribia-proceso-penal-contra-martin-llanos-y-su-padre-por-tortura-de-un-hombre\/embed\/#?secret=pmFywcdO17#?secret=IYTK7DV6ZG\" width=\"600\" height=\"650\" frameborder=\"0\" marginwidth=\"0\" marginheight=\"0\" scrolling=\"no\" sandbox=\"allow-scripts\" data-secret=\"IYTK7DV6ZG\" data-mce-fragment=\"1\"><\/iframe><\/p>\n<p><iframe loading=\"lazy\" class=\"wp-embedded-content\" title=\"\u00abA la c\u00e1rcel 5 presuntos paramilitares de las Autodefensas Gaitanistas \u2013 Clan del Golfo, en Casanare\u00bb \u2014 \u25b7 Noticias de Casanare : Martha Cifuentes | Casanare\" src=\"https:\/\/marthacifuentes.com\/portada\/2022\/12\/29\/a-la-carcel-5-presuntos-paramilitares-de-las-autodefensas-gaitanistas-clan-del-golfo-en-casanare\/embed\/#?secret=KkZDq3tnz7#?secret=KiKrC4vqA5\" width=\"600\" height=\"566\" frameborder=\"0\" marginwidth=\"0\" marginheight=\"0\" scrolling=\"no\" sandbox=\"allow-scripts\" data-secret=\"KiKrC4vqA5\" data-mce-fragment=\"1\"><\/iframe><\/p>\n<p><iframe loading=\"lazy\" class=\"wp-embedded-content\" title=\"\u00abDiputados y l\u00edderes comunales de Paz de Ariporo rechazaron proyecto de privatizaci\u00f3n del servicio de alumbrado p\u00fablico presentado por la Alcald\u00eda\u00bb \u2014 \u25b7 Noticias de Casanare : Martha Cifuentes | Casanare\" src=\"https:\/\/marthacifuentes.com\/portada\/2022\/12\/29\/diputados-y-lideres-comunales-de-paz-de-ariporo-rechazaron-proyecto-de-privatizacion-del-servicio-de-alumbrado-publico-presentado-por-la-alcaldia\/embed\/#?secret=qes8XIh8qp#?secret=uCnf7Jehmx\" width=\"600\" height=\"629\" frameborder=\"0\" marginwidth=\"0\" marginheight=\"0\" scrolling=\"no\" sandbox=\"allow-scripts\" data-secret=\"uCnf7Jehmx\" data-mce-fragment=\"1\"><\/iframe><\/p>\n<p><iframe loading=\"lazy\" class=\"wp-embedded-content\" title=\"\u00abPara la JEP no fueron suficientes \u201clas verdades\u201d de la exalcaldesa de Monterrey, Aleyder Casta\u00f1eda. No la acept\u00f3 en esta justicia.\u00bb \u2014 \u25b7 Noticias de Casanare : Martha Cifuentes | Casanare\" src=\"https:\/\/marthacifuentes.com\/portada\/2022\/12\/28\/para-la-jep-no-fueron-suficientes-las-verdades-de-la-exalcaldesa-de-monterrey-aleyder-castaneda-no-la-acepto-en-esta-justicia\/embed\/#?secret=EKXysGghyT#?secret=zxLytyTMaj\" width=\"600\" height=\"629\" frameborder=\"0\" marginwidth=\"0\" marginheight=\"0\" scrolling=\"no\" sandbox=\"allow-scripts\" data-secret=\"zxLytyTMaj\" data-mce-fragment=\"1\"><\/iframe><\/p>\n<p><iframe loading=\"lazy\" class=\"wp-embedded-content\" title=\"\u00abEl triste regalo del cumplea\u00f1os 7 para beneficiarios de Torres del Silencio es que se debe demoler el sitio donde viven\u00bb \u2014 \u25b7 Noticias de Casanare : Martha Cifuentes | Casanare\" src=\"https:\/\/marthacifuentes.com\/portada\/2022\/12\/28\/el-triste-regalo-del-cumpleanos-7-para-beneficiarios-de-torres-del-silencio-es-que-se-debe-demoler-el-sitio-donde-viven\/embed\/#?secret=vwPzGEuVxJ#?secret=4yHHJXFHd3\" width=\"600\" height=\"650\" frameborder=\"0\" marginwidth=\"0\" marginheight=\"0\" scrolling=\"no\" sandbox=\"allow-scripts\" data-secret=\"4yHHJXFHd3\" data-mce-fragment=\"1\"><\/iframe><\/p>\n<p><iframe loading=\"lazy\" class=\"wp-embedded-content\" title=\"\u00abHabitantes de vereda Tacarimena, Yopal, piden que se investigue \u00abinversi\u00f3n\u00bb de 12 mil millones de acueducto veredal\u00bb \u2014 \u25b7 Noticias de Casanare : Martha Cifuentes | Casanare\" src=\"https:\/\/marthacifuentes.com\/portada\/2022\/12\/28\/habitantes-de-vereda-tacarimena-yopal-piden-que-se-investigue-inversion-de-12-mil-millones-de-acueducto-veredal\/embed\/#?secret=nv5cWrvP4T#?secret=X9vfHkUY6c\" width=\"600\" height=\"628\" frameborder=\"0\" marginwidth=\"0\" marginheight=\"0\" scrolling=\"no\" sandbox=\"allow-scripts\" data-secret=\"X9vfHkUY6c\" data-mce-fragment=\"1\"><\/iframe><\/p>\n<p><iframe loading=\"lazy\" class=\"wp-embedded-content\" title=\"\u00abAlcaldesa de Paz de Ariporo, de \u00abregalo de Navidad\u00bb a su poblaci\u00f3n, present\u00f3 proyecto de privatizaci\u00f3n del servicio de alumbrado p\u00fablico\u00bb \u2014 \u25b7 Noticias de Casanare : Martha Cifuentes | Casanare\" src=\"https:\/\/marthacifuentes.com\/portada\/2022\/12\/28\/alcaldesa-de-paz-de-ariporo-de-regalo-de-navidad-a-su-poblacion-presento-proyecto-de-privatizacion-del-servicio-de-alumbrado-publico\/embed\/#?secret=nMrZ7f4toY#?secret=qC9Udrpkua\" width=\"600\" height=\"650\" frameborder=\"0\" marginwidth=\"0\" marginheight=\"0\" scrolling=\"no\" sandbox=\"allow-scripts\" data-secret=\"qC9Udrpkua\" data-mce-fragment=\"1\"><\/iframe><\/p>\n<p><iframe loading=\"lazy\" class=\"wp-embedded-content\" title=\"\u00ab90 comparendos fueron impuestos los d\u00edas previos y durante la natividad en Yopal\u00bb \u2014 \u25b7 Noticias de Casanare : Martha Cifuentes | Casanare\" src=\"https:\/\/marthacifuentes.com\/portada\/2022\/12\/28\/90-comparendos-fueron-impuestos-los-dias-previos-y-durante-la-natividad-en-yopal\/embed\/#?secret=4QPZsT72CU#?secret=CVTnCH1Cmn\" width=\"600\" height=\"600\" frameborder=\"0\" marginwidth=\"0\" marginheight=\"0\" scrolling=\"no\" sandbox=\"allow-scripts\" data-secret=\"CVTnCH1Cmn\" data-mce-fragment=\"1\"><\/iframe><\/p>\n<p><iframe loading=\"lazy\" class=\"wp-embedded-content\" title=\"\u00abRi\u00f1as, exceso de alcohol y mal comportamiento, en fin de semana navide\u00f1o en Casanare.\u00bb \u2014 \u25b7 Noticias de Casanare : Martha Cifuentes | Casanare\" src=\"https:\/\/marthacifuentes.com\/portada\/2022\/12\/28\/rinas-exceso-de-alcohol-y-mal-comportamiento-en-fin-de-semana-navideno-en-casanare\/embed\/#?secret=FsmX7Nqfpi#?secret=Y0CEhkAkqz\" width=\"600\" height=\"600\" frameborder=\"0\" marginwidth=\"0\" marginheight=\"0\" scrolling=\"no\" sandbox=\"allow-scripts\" data-secret=\"Y0CEhkAkqz\" data-mce-fragment=\"1\"><\/iframe><\/p>\n<p><iframe loading=\"lazy\" class=\"wp-embedded-content\" title=\"\u00abAlcalde de Trinidad como en el viejo oeste, \u00abech\u00f3\u00bb tiros al aire, en cabalgata en fiestas patronales.\u00bb \u2014 \u25b7 Noticias de Casanare : Martha Cifuentes | Casanare\" src=\"https:\/\/marthacifuentes.com\/portada\/2022\/12\/23\/alcalde-de-trinidad-como-en-el-viejo-oeste-echo-tiros-al-aire-en-cabalgata-en-fiestas-patronales\/embed\/#?secret=nuFeNocoiB#?secret=s9UrvwtkLg\" width=\"600\" height=\"621\" frameborder=\"0\" marginwidth=\"0\" marginheight=\"0\" scrolling=\"no\" sandbox=\"allow-scripts\" data-secret=\"s9UrvwtkLg\" data-mce-fragment=\"1\"><\/iframe><\/p>\n<p><iframe loading=\"lazy\" class=\"wp-embedded-content\" title=\"\u00abA casa por c\u00e1rcel Carlos Rodr\u00edguez, responsable accidente que caus\u00f3 la muerte de Jessica y Alejandra en Yopal\u00bb \u2014 \u25b7 Noticias de Casanare : Martha Cifuentes | Casanare\" src=\"https:\/\/marthacifuentes.com\/portada\/2022\/12\/23\/a-casa-por-carcel-carlos-rodriguez-responsable-accidente-que-causo-la-muerte-de-jessica-y-alejandra-en-yopal\/embed\/#?secret=eXAkuh5bnM#?secret=UHQspf6ypy\" width=\"600\" height=\"650\" frameborder=\"0\" marginwidth=\"0\" marginheight=\"0\" scrolling=\"no\" sandbox=\"allow-scripts\" data-secret=\"UHQspf6ypy\" data-mce-fragment=\"1\"><\/iframe><\/p>\n<p><iframe loading=\"lazy\" class=\"wp-embedded-content\" title=\"\u00abCapresoca recibir\u00e1 $140 mil millones de regal\u00edas para sanear sus finanzas\u00bb \u2014 \u25b7 Noticias de Casanare : Martha Cifuentes | Casanare\" src=\"https:\/\/marthacifuentes.com\/portada\/2022\/12\/22\/capresoca-recibira-140-mil-millones-de-regalias-para-sanear-sus-finanzas\/embed\/#?secret=O2rQzIaFRW#?secret=fGUl4urSay\" width=\"600\" height=\"600\" frameborder=\"0\" marginwidth=\"0\" marginheight=\"0\" scrolling=\"no\" sandbox=\"allow-scripts\" data-secret=\"fGUl4urSay\" data-mce-fragment=\"1\"><\/iframe><\/p>\n<p><iframe loading=\"lazy\" class=\"wp-embedded-content\" title=\"\u00abPersoner\u00eda de Yopal lider\u00f3 campa\u00f1a para llevar regalos a ni\u00f1os de poblaciones vulnerables en Navidad\u00bb \u2014 \u25b7 Noticias de Casanare : Martha Cifuentes | Casanare\" src=\"https:\/\/marthacifuentes.com\/portada\/2022\/12\/22\/personeria-de-yopal-lidero-campana-para-llevar-regalos-a-ninos-de-poblaciones-vulnerables-en-navidad\/embed\/#?secret=mqOeTjsJXb#?secret=Wm4g2o6lE7\" width=\"600\" height=\"621\" frameborder=\"0\" marginwidth=\"0\" marginheight=\"0\" scrolling=\"no\" sandbox=\"allow-scripts\" data-secret=\"Wm4g2o6lE7\" data-mce-fragment=\"1\"><\/iframe><\/p>\n<p><iframe loading=\"lazy\" class=\"wp-embedded-content\" title=\"\u00abDos ped\u00f3filos menos en libertad en Casanare. Uno era padrastro de una v\u00edctima. Juez los envi\u00f3 a la c\u00e1rcel.\u00bb \u2014 \u25b7 Noticias de Casanare : Martha Cifuentes | Casanare\" src=\"https:\/\/marthacifuentes.com\/portada\/2022\/12\/22\/dos-pedofilos-menos-en-libertad-en-casanare-uno-era-padrastro-de-una-victima-juez-los-envio-a-la-carcel\/embed\/#?secret=pnrUt4QuDJ#?secret=RIcXGfhnMu\" width=\"600\" height=\"621\" frameborder=\"0\" marginwidth=\"0\" marginheight=\"0\" scrolling=\"no\" sandbox=\"allow-scripts\" data-secret=\"RIcXGfhnMu\" data-mce-fragment=\"1\"><\/iframe><\/p>\n<p><iframe loading=\"lazy\" class=\"wp-embedded-content\" title=\"\u00abCardi\u00f3loga pediatra casanare\u00f1a se destaca a nivel nacional y mundial. Revista cient\u00edfica public\u00f3 investigaci\u00f3n de arritmias.\u00bb \u2014 \u25b7 Noticias de Casanare : Martha Cifuentes | Casanare\" src=\"https:\/\/marthacifuentes.com\/portada\/2022\/12\/21\/cardiologa-pediatra-casanarena-se-destaca-a-nivel-nacional-y-mundial-revista-cientifica-publico-investigacion-de-arritmias\/embed\/#?secret=fJou96TUjd#?secret=icE3eYWfwm\" width=\"600\" height=\"671\" frameborder=\"0\" marginwidth=\"0\" marginheight=\"0\" scrolling=\"no\" sandbox=\"allow-scripts\" data-secret=\"icE3eYWfwm\" data-mce-fragment=\"1\"><\/iframe><\/p>\n<p><iframe loading=\"lazy\" class=\"wp-embedded-content\" title=\"\u00abMiguel C\u00e1rdenas, \u00abEl Viejo Soguero\u00bb, l\u00edder pol\u00edtico y folclorista, falleci\u00f3.\u00bb \u2014 \u25b7 Noticias de Casanare : Martha Cifuentes | Casanare\" src=\"https:\/\/marthacifuentes.com\/portada\/2022\/12\/20\/miguel-cardenas-el-viejo-soguero-lider-politico-y-folclorista-fallecio\/embed\/#?secret=gr7AuPEdi8#?secret=GbtHDn3Lgd\" width=\"600\" height=\"621\" frameborder=\"0\" marginwidth=\"0\" marginheight=\"0\" scrolling=\"no\" sandbox=\"allow-scripts\" data-secret=\"GbtHDn3Lgd\" data-mce-fragment=\"1\"><\/iframe><\/p>\n<p><iframe loading=\"lazy\" class=\"wp-embedded-content\" title=\"\u00abRecetor, ejemplo de lucha contra la pobreza, gana premio de Colombia L\u00edder\u00bb \u2014 \u25b7 Noticias de Casanare : Martha Cifuentes | Casanare\" src=\"https:\/\/marthacifuentes.com\/portada\/2022\/12\/20\/recetor-ejemplo-de-lucha-contra-la-pobreza-gana-premio-de-colombia-lider\/embed\/#?secret=J2QmXu2GzL#?secret=mN7JEwekGs\" width=\"600\" height=\"621\" frameborder=\"0\" marginwidth=\"0\" marginheight=\"0\" scrolling=\"no\" sandbox=\"allow-scripts\" data-secret=\"mN7JEwekGs\" data-mce-fragment=\"1\"><\/iframe><\/p>\n<p><iframe loading=\"lazy\" class=\"wp-embedded-content\" title=\"\u00abAdmitida acci\u00f3n popular por incumplimiento de obras de canalizaci\u00f3n de aguas lluvias en la Marginal del Llano en Yopal\u00bb \u2014 \u25b7 Noticias de Casanare : Martha Cifuentes | Casanare\" src=\"https:\/\/marthacifuentes.com\/portada\/2022\/12\/20\/admitida-accion-popular-por-incumplimiento-de-obras-de-canalizacion-de-aguas-lluvias-en-la-marginal-del-llano-en-yopal\/embed\/#?secret=jBGN2Ye7Cw#?secret=GHoS4z0wpI\" width=\"600\" height=\"650\" frameborder=\"0\" marginwidth=\"0\" marginheight=\"0\" scrolling=\"no\" sandbox=\"allow-scripts\" data-secret=\"GHoS4z0wpI\" data-mce-fragment=\"1\"><\/iframe><\/p>\n<p><iframe loading=\"lazy\" class=\"wp-embedded-content\" title=\"\u00abNi\u00f1o de 10 a\u00f1os pisoteado por caballo que se desboc\u00f3 cuando lo cabalgaba en manga de coleo de Hato Corozal\u00bb \u2014 \u25b7 Noticias de Casanare : Martha Cifuentes | Casanare\" src=\"https:\/\/marthacifuentes.com\/portada\/2022\/12\/20\/nino-de-10-anos-pisoteado-por-caballo-que-se-desboco-cuando-lo-cabalgaba-en-manga-de-coleo-de-hato-corozal\/embed\/#?secret=0nCY4A3Iex#?secret=xpmCgdJx5W\" width=\"600\" height=\"629\" frameborder=\"0\" marginwidth=\"0\" marginheight=\"0\" scrolling=\"no\" sandbox=\"allow-scripts\" data-secret=\"xpmCgdJx5W\" data-mce-fragment=\"1\"><\/iframe><\/p>\n<p><iframe loading=\"lazy\" class=\"wp-embedded-content\" title=\"\u00abProcuradur\u00eda formul\u00f3 pliego de cargos a 2 polic\u00edas de Yopal por violaci\u00f3n de menor de edad\u00bb \u2014 \u25b7 Noticias de Casanare : Martha Cifuentes | Casanare\" src=\"https:\/\/marthacifuentes.com\/portada\/2022\/12\/20\/procuraduria-formulo-pliego-de-cargos-a-2-policias-de-yopal-por-violacion-de-menor-de-edad\/embed\/#?secret=8ZKavyHrFO#?secret=FCvs0YF3oh\" width=\"600\" height=\"621\" frameborder=\"0\" marginwidth=\"0\" marginheight=\"0\" scrolling=\"no\" sandbox=\"allow-scripts\" data-secret=\"FCvs0YF3oh\" data-mce-fragment=\"1\"><\/iframe><\/p>\n<p><iframe loading=\"lazy\" class=\"wp-embedded-content\" title=\"\u00abRenunci\u00f3 a su cargo en la ESE Salud Yopal el homicida de dos mujeres en Yopal. Ma\u00f1ana familiares y amigos de las v\u00edctimas realizar\u00e1n plant\u00f3n en la entidad.\u00bb \u2014 \u25b7 Noticias de Casanare : Martha Cifuentes | Casanare\" src=\"https:\/\/marthacifuentes.com\/portada\/2022\/12\/20\/renuncio-a-su-cargo-en-la-ese-salud-yopal-el-homicida-de-dos-mujeres-en-yopal-manana-familiares-y-amigos-de-las-victimas-realizaran-planton-en-la-entidad\/embed\/#?secret=osy1GFFyeQ#?secret=FQz5Ptm6y9\" width=\"600\" height=\"640\" frameborder=\"0\" marginwidth=\"0\" marginheight=\"0\" scrolling=\"no\" sandbox=\"allow-scripts\" data-secret=\"FQz5Ptm6y9\" data-mce-fragment=\"1\"><\/iframe><\/p>\n<p><iframe loading=\"lazy\" class=\"wp-embedded-content\" title=\"\u00abLibre conductor ebrio que atropell\u00f3 y caus\u00f3 la muerte de dos mujeres en Yopal\u00bb \u2014 \u25b7 Noticias de Casanare : Martha Cifuentes | Casanare\" src=\"https:\/\/marthacifuentes.com\/portada\/2022\/12\/19\/libre-conductor-ebrio-que-atropello-y-causo-la-muerte-de-dos-mujeres-en-yopal\/embed\/#?secret=Dxr7CnMtOF#?secret=ZEcp5dOzWc\" width=\"600\" height=\"621\" frameborder=\"0\" marginwidth=\"0\" marginheight=\"0\" scrolling=\"no\" sandbox=\"allow-scripts\" data-secret=\"ZEcp5dOzWc\" data-mce-fragment=\"1\"><\/iframe><\/p>\n<p><iframe loading=\"lazy\" class=\"wp-embedded-content\" title=\"\u00abOtro muerto en Man\u00ed, relacionado con la finca Fronteras, disputada a sangre y fuego.\u00bb \u2014 \u25b7 Noticias de Casanare : Martha Cifuentes | Casanare\" src=\"https:\/\/marthacifuentes.com\/portada\/2022\/12\/19\/otro-muerto-en-mani-relacionado-con-la-finca-fronteras-disputada-a-sangre-y-fuego\/embed\/#?secret=lJoghNt8sI#?secret=gVhPfex472\" width=\"600\" height=\"621\" frameborder=\"0\" marginwidth=\"0\" marginheight=\"0\" scrolling=\"no\" sandbox=\"allow-scripts\" data-secret=\"gVhPfex472\" data-mce-fragment=\"1\"><\/iframe><\/p>\n<p><iframe loading=\"lazy\" class=\"wp-embedded-content\" title=\"\u00abYopal estar\u00eda en riesgo de colapso en prestaci\u00f3n de servicios de aguas residuales y basuras por dudosa contrataci\u00f3n millonaria de Eaaay: Contralor\u00eda\u00bb \u2014 \u25b7 Noticias de Casanare : Martha Cifuentes | Casanare\" src=\"https:\/\/marthacifuentes.com\/portada\/2022\/12\/16\/yopal-estaria-en-riesgo-de-colapso-en-prestacion-de-servicios-de-aguas-residuales-y-basuras-por-dudosa-contratacion-millonaria-de-eaaay-contraloria\/embed\/#?secret=aECaQphPXe#?secret=GhdV7fdkbZ\" width=\"600\" height=\"650\" frameborder=\"0\" marginwidth=\"0\" marginheight=\"0\" scrolling=\"no\" sandbox=\"allow-scripts\" data-secret=\"GhdV7fdkbZ\" data-mce-fragment=\"1\"><\/iframe><\/p>\n<p><iframe loading=\"lazy\" class=\"wp-embedded-content\" title=\"\u00abAccidente provocado presuntamente por un conductor ebrio causa la muerte de dos mujeres y deja herida otra en Yopal\u00bb \u2014 \u25b7 Noticias de Casanare : Martha Cifuentes | Casanare\" src=\"https:\/\/marthacifuentes.com\/portada\/2022\/12\/16\/accidente-provocado-presuntamente-por-un-conductor-ebrio-causa-la-muerte-de-dos-mujeres-y-deja-herida-otra-en-yopal\/embed\/#?secret=9YMC4kqN2r#?secret=eVLn7yKtIS\" width=\"600\" height=\"649\" frameborder=\"0\" marginwidth=\"0\" marginheight=\"0\" scrolling=\"no\" sandbox=\"allow-scripts\" data-secret=\"eVLn7yKtIS\" data-mce-fragment=\"1\"><\/iframe><\/p>\n<p><iframe loading=\"lazy\" class=\"wp-embedded-content\" title=\"\u00abComunas 5, 1 y 7 de Yopal, campeonas en construcciones piratas sin licencia\u00bb \u2014 \u25b7 Noticias de Casanare : Martha Cifuentes | Casanare\" src=\"https:\/\/marthacifuentes.com\/portada\/2022\/12\/15\/comunas-5-1-y-7-de-yopal-campeonas-en-construcciones-piratas-sin-licencia\/embed\/#?secret=L4qXpxYTlL#?secret=KNc0J0ZAOi\" width=\"600\" height=\"621\" frameborder=\"0\" marginwidth=\"0\" marginheight=\"0\" scrolling=\"no\" sandbox=\"allow-scripts\" data-secret=\"KNc0J0ZAOi\" data-mce-fragment=\"1\"><\/iframe><\/p>\n<p><iframe loading=\"lazy\" class=\"wp-embedded-content\" title=\"\u00abHoy rinde cuentas gobernador de Casanare Salom\u00f3n Sanabria, de la vigencia 2022\u00bb \u2014 \u25b7 Noticias de Casanare : Martha Cifuentes | Casanare\" src=\"https:\/\/marthacifuentes.com\/portada\/2022\/12\/15\/hoy-rinde-cuentas-gobernador-de-casanare-salomon-sanabria-de-la-vigencia-2022\/embed\/#?secret=fhwWz1ZF3S#?secret=2WFuo30Tcm\" width=\"600\" height=\"600\" frameborder=\"0\" marginwidth=\"0\" marginheight=\"0\" scrolling=\"no\" sandbox=\"allow-scripts\" data-secret=\"2WFuo30Tcm\" data-mce-fragment=\"1\"><\/iframe><\/p>\n<p><iframe loading=\"lazy\" class=\"wp-embedded-content\" title=\"\u00abEjecutiva del banco BBVA en Yopal fue hallada sin vida. Se investiga si fue un suicidio.\u00bb \u2014 \u25b7 Noticias de Casanare : Martha Cifuentes | Casanare\" src=\"https:\/\/marthacifuentes.com\/portada\/2022\/12\/15\/ejecutiva-del-banco-bbva-en-yopal-fue-hallada-sin-vida-se-investiga-si-fue-un-suicidio\/embed\/#?secret=YmzWLtb3nd#?secret=4wNTA1ggM6\" width=\"600\" height=\"621\" frameborder=\"0\" marginwidth=\"0\" marginheight=\"0\" scrolling=\"no\" sandbox=\"allow-scripts\" data-secret=\"4wNTA1ggM6\" data-mce-fragment=\"1\"><\/iframe><\/p>\n<p><iframe loading=\"lazy\" class=\"wp-embedded-content\" title=\"\u00abToma de muestras gen\u00e9ticas a 55 personas que buscan a sus seres queridos realiz\u00f3 la Unidad de B\u00fasqueda en Boyac\u00e1\u00bb \u2014 \u25b7 Noticias de Casanare : Martha Cifuentes | Casanare\" src=\"https:\/\/marthacifuentes.com\/portada\/2022\/12\/14\/toma-de-muestras-geneticas-a-55-personas-que-buscan-a-sus-seres-queridos-realizo-la-unidad-de-busqueda-en-boyaca\/embed\/#?secret=DPYCwZVHv9#?secret=UFY9yhOlnI\" width=\"600\" height=\"629\" frameborder=\"0\" marginwidth=\"0\" marginheight=\"0\" scrolling=\"no\" sandbox=\"allow-scripts\" data-secret=\"UFY9yhOlnI\" data-mce-fragment=\"1\"><\/iframe><\/p>\n<p><iframe loading=\"lazy\" class=\"wp-embedded-content\" title=\"\u00abCasanare es el coraz\u00f3n del gas natural y GLP, afirma presidente de Ecopetrol Felipe Bay\u00f3n\u00bb \u2014 \u25b7 Noticias de Casanare : Martha Cifuentes | Casanare\" src=\"https:\/\/marthacifuentes.com\/portada\/2022\/12\/14\/casanare-es-el-corazon-del-gas-natural-y-glp-afirma-presidente-de-ecopetrol-felipe-bayon\/embed\/#?secret=7MjVeWGg66#?secret=ztibTMVknD\" width=\"600\" height=\"621\" frameborder=\"0\" marginwidth=\"0\" marginheight=\"0\" scrolling=\"no\" sandbox=\"allow-scripts\" data-secret=\"ztibTMVknD\" data-mce-fragment=\"1\"><\/iframe><\/p>\n<p><iframe loading=\"lazy\" class=\"wp-embedded-content\" title=\"\u00abNuevamente embargadas las cuentas de la Eaaay por morosa con contratista de la planta modular\u00bb \u2014 \u25b7 Noticias de Casanare : Martha Cifuentes | Casanare\" src=\"https:\/\/marthacifuentes.com\/portada\/2022\/12\/14\/nuevamente-embargadas-las-cuentas-de-la-eaaay-por-morosa-con-contratista-de-la-planta-modular\/embed\/#?secret=1FxrmYRt2T#?secret=TO1JItjtGJ\" width=\"600\" height=\"621\" frameborder=\"0\" marginwidth=\"0\" marginheight=\"0\" scrolling=\"no\" sandbox=\"allow-scripts\" data-secret=\"TO1JItjtGJ\" data-mce-fragment=\"1\"><\/iframe><\/p>\n<p><iframe loading=\"lazy\" class=\"wp-embedded-content\" title=\"\u00abEaaay se qued\u00f3 corta en explicar multimillonaria contrataci\u00f3n de la PTAR ante la Superservicios\u00bb \u2014 \u25b7 Noticias de Casanare : Martha Cifuentes | Casanare\" src=\"https:\/\/marthacifuentes.com\/portada\/2022\/12\/14\/eaaay-se-quedo-corta-en-explicar-multimillonaria-contratacion-de-la-ptar-ante-la-superservicios\/embed\/#?secret=ymWED5Jm5H#?secret=HMKntGQa1R\" width=\"600\" height=\"621\" frameborder=\"0\" marginwidth=\"0\" marginheight=\"0\" scrolling=\"no\" sandbox=\"allow-scripts\" data-secret=\"HMKntGQa1R\" data-mce-fragment=\"1\"><\/iframe><\/p>\n<p><iframe loading=\"lazy\" class=\"wp-embedded-content\" title=\"\u00abCapresoca EPS no incide en desacatos por acciones de tutela: Gerente Nuria Boh\u00f3rquez\u00bb \u2014 \u25b7 Noticias de Casanare : Martha Cifuentes | Casanare\" src=\"https:\/\/marthacifuentes.com\/portada\/2022\/12\/14\/capresoca-eps-no-incide-en-desacatos-por-acciones-de-tutela-gerente-nuria-bohorquez\/embed\/#?secret=pcTwK3zrBy#?secret=sOEBvtzWxd\" width=\"600\" height=\"621\" frameborder=\"0\" marginwidth=\"0\" marginheight=\"0\" scrolling=\"no\" sandbox=\"allow-scripts\" data-secret=\"sOEBvtzWxd\" data-mce-fragment=\"1\"><\/iframe><\/p>\n<p>&nbsp;<\/p>\n","protected":false},"excerpt":{"rendered":"<p>El Juzgado Primero Administrativo de Yopal admiti\u00f3 la acci\u00f3n popular promovida por la Asociaci\u00f3n de Padres de familia del colegio Centro Social, en contra de la Alcald\u00eda de Yopal, mediante la cual se pretende que se concrete el espacio f\u00edsico, la construcci\u00f3n y edificaciones para que funcione esta instituci\u00f3n educativa. Seg\u00fan la acci\u00f3n popular, hasta &hellip;<\/p>\n","protected":false},"author":2,"featured_media":30905,"comment_status":"open","ping_status":"open","sticky":false,"template":"","format":"standard","meta":{"om_disable_all_campaigns":false,"_exactmetrics_skip_tracking":false,"_exactmetrics_sitenote_active":false,"_exactmetrics_sitenote_note":"","_exactmetrics_sitenote_category":0,"_monsterinsights_skip_tracking":false,"_monsterinsights_sitenote_active":false,"_monsterinsights_sitenote_note":"","_monsterinsights_sitenote_category":0,"_uf_show_specific_survey":0,"_uf_disable_surveys":false,"_joinchat":[],"footnotes":""},"categories":[147,146,145],"tags":[8787,1373,8788,1400],"class_list":["post-30904","post","type-post","status-publish","format-standard","has-post-thumbnail","hentry","category-actualidad","category-noticias","category-reportajes","tag-accion-popular-padres-de-familia-centro-social-por-sede","tag-casanare-noticias","tag-centro-social-de-yopal-colegio-busca-sede","tag-noticias-casanare"],"yoast_head":"<!-- This site is optimized with the Yoast SEO plugin v26.1 - https:\/\/yoast.com\/wordpress\/plugins\/seo\/ -->\n<title>Con acci\u00f3n popular, padres de familia buscan concreci\u00f3n de sede del colegio Centro Social de Yopal - \u25b7 Noticias de Casanare : Martha Cifuentes | Casanare<\/title>\n<meta name=\"robots\" content=\"index, follow, max-snippet:-1, max-image-preview:large, max-video-preview:-1\" \/>\n<link rel=\"canonical\" href=\"https:\/\/marthacifuentes.com\/portada\/con-accion-popular-padres-de-familia-buscan-concrecion-de-sede-del-colegio-centro-social-de-yopal\/\" \/>\n<meta property=\"og:locale\" content=\"es_ES\" \/>\n<meta property=\"og:type\" content=\"article\" \/>\n<meta property=\"og:title\" content=\"Con acci\u00f3n popular, padres de familia buscan concreci\u00f3n de sede del colegio Centro Social de Yopal - \u25b7 Noticias de Casanare : Martha Cifuentes | Casanare\" \/>\n<meta property=\"og:description\" content=\"El Juzgado Primero Administrativo de Yopal admiti\u00f3 la acci\u00f3n popular promovida por la Asociaci\u00f3n de Padres de familia del colegio Centro Social, en contra de la Alcald\u00eda de Yopal, mediante la cual se pretende que se concrete el espacio f\u00edsico, la construcci\u00f3n y edificaciones para que funcione esta instituci\u00f3n educativa. Seg\u00fan la acci\u00f3n popular, hasta &hellip;\" \/>\n<meta property=\"og:url\" content=\"https:\/\/marthacifuentes.com\/portada\/con-accion-popular-padres-de-familia-buscan-concrecion-de-sede-del-colegio-centro-social-de-yopal\/\" \/>\n<meta property=\"og:site_name\" content=\"\u25b7 Noticias de Casanare : Martha Cifuentes | Casanare\" \/>\n<meta property=\"article:published_time\" content=\"2023-01-24T15:25:04+00:00\" \/>\n<meta property=\"og:image\" content=\"https:\/\/marthacifuentes.com\/portada\/wp-content\/uploads\/2023\/01\/centro-social.jpg\" \/>\n\t<meta property=\"og:image:width\" content=\"600\" \/>\n\t<meta property=\"og:image:height\" content=\"450\" \/>\n\t<meta property=\"og:image:type\" content=\"image\/jpeg\" \/>\n<meta name=\"author\" content=\"Martha Cifuentes\" \/>\n<meta name=\"twitter:card\" content=\"summary_large_image\" \/>\n<meta name=\"twitter:label1\" content=\"Escrito por\" \/>\n\t<meta name=\"twitter:data1\" content=\"Martha Cifuentes\" \/>\n\t<meta name=\"twitter:label2\" content=\"Tiempo de lectura\" \/>\n\t<meta name=\"twitter:data2\" content=\"1 minuto\" \/>\n<script type=\"application\/ld+json\" class=\"yoast-schema-graph\">{\"@context\":\"https:\/\/schema.org\",\"@graph\":[{\"@type\":\"WebPage\",\"@id\":\"https:\/\/marthacifuentes.com\/portada\/con-accion-popular-padres-de-familia-buscan-concrecion-de-sede-del-colegio-centro-social-de-yopal\/\",\"url\":\"https:\/\/marthacifuentes.com\/portada\/con-accion-popular-padres-de-familia-buscan-concrecion-de-sede-del-colegio-centro-social-de-yopal\/\",\"name\":\"Con acci\u00f3n popular, padres de familia buscan concreci\u00f3n de sede del colegio Centro Social de Yopal - \u25b7 Noticias de Casanare : Martha Cifuentes | Casanare\",\"isPartOf\":{\"@id\":\"https:\/\/marthacifuentes.com\/portada\/#website\"},\"primaryImageOfPage\":{\"@id\":\"https:\/\/marthacifuentes.com\/portada\/con-accion-popular-padres-de-familia-buscan-concrecion-de-sede-del-colegio-centro-social-de-yopal\/#primaryimage\"},\"image\":{\"@id\":\"https:\/\/marthacifuentes.com\/portada\/con-accion-popular-padres-de-familia-buscan-concrecion-de-sede-del-colegio-centro-social-de-yopal\/#primaryimage\"},\"thumbnailUrl\":\"https:\/\/marthacifuentes.com\/portada\/wp-content\/uploads\/2023\/01\/centro-social.jpg\",\"datePublished\":\"2023-01-24T15:25:04+00:00\",\"author\":{\"@id\":\"https:\/\/marthacifuentes.com\/portada\/#\/schema\/person\/57f53174b991db5f90ff78d58502b714\"},\"breadcrumb\":{\"@id\":\"https:\/\/marthacifuentes.com\/portada\/con-accion-popular-padres-de-familia-buscan-concrecion-de-sede-del-colegio-centro-social-de-yopal\/#breadcrumb\"},\"inLanguage\":\"es\",\"potentialAction\":[{\"@type\":\"ReadAction\",\"target\":[\"https:\/\/marthacifuentes.com\/portada\/con-accion-popular-padres-de-familia-buscan-concrecion-de-sede-del-colegio-centro-social-de-yopal\/\"]}]},{\"@type\":\"ImageObject\",\"inLanguage\":\"es\",\"@id\":\"https:\/\/marthacifuentes.com\/portada\/con-accion-popular-padres-de-familia-buscan-concrecion-de-sede-del-colegio-centro-social-de-yopal\/#primaryimage\",\"url\":\"https:\/\/marthacifuentes.com\/portada\/wp-content\/uploads\/2023\/01\/centro-social.jpg\",\"contentUrl\":\"https:\/\/marthacifuentes.com\/portada\/wp-content\/uploads\/2023\/01\/centro-social.jpg\",\"width\":600,\"height\":450},{\"@type\":\"BreadcrumbList\",\"@id\":\"https:\/\/marthacifuentes.com\/portada\/con-accion-popular-padres-de-familia-buscan-concrecion-de-sede-del-colegio-centro-social-de-yopal\/#breadcrumb\",\"itemListElement\":[{\"@type\":\"ListItem\",\"position\":1,\"name\":\"Portada\",\"item\":\"https:\/\/marthacifuentes.com\/portada\/\"},{\"@type\":\"ListItem\",\"position\":2,\"name\":\"Con acci\u00f3n popular, padres de familia buscan concreci\u00f3n de sede del colegio Centro Social de Yopal\"}]},{\"@type\":\"WebSite\",\"@id\":\"https:\/\/marthacifuentes.com\/portada\/#website\",\"url\":\"https:\/\/marthacifuentes.com\/portada\/\",\"name\":\"\u25b7 Noticias de Casanare : Martha Cifuentes | Casanare\",\"description\":\"Noticias &amp; Contenidos\",\"potentialAction\":[{\"@type\":\"SearchAction\",\"target\":{\"@type\":\"EntryPoint\",\"urlTemplate\":\"https:\/\/marthacifuentes.com\/portada\/?s={search_term_string}\"},\"query-input\":{\"@type\":\"PropertyValueSpecification\",\"valueRequired\":true,\"valueName\":\"search_term_string\"}}],\"inLanguage\":\"es\"},{\"@type\":\"Person\",\"@id\":\"https:\/\/marthacifuentes.com\/portada\/#\/schema\/person\/57f53174b991db5f90ff78d58502b714\",\"name\":\"Martha Cifuentes\",\"image\":{\"@type\":\"ImageObject\",\"inLanguage\":\"es\",\"@id\":\"https:\/\/marthacifuentes.com\/portada\/#\/schema\/person\/image\/\",\"url\":\"http:\/\/marthacifuentes.com\/portada\/wp-content\/uploads\/2018\/06\/avatar_user_2_1528838701-96x96.jpg\",\"contentUrl\":\"http:\/\/marthacifuentes.com\/portada\/wp-content\/uploads\/2018\/06\/avatar_user_2_1528838701-96x96.jpg\",\"caption\":\"Martha Cifuentes\"},\"sameAs\":[\"http:\/\/www.marthacifuentes.com\"],\"url\":\"https:\/\/marthacifuentes.com\/portada\/author\/martha\/\"}]}<\/script>\n<!-- \/ Yoast SEO plugin. -->","yoast_head_json":{"title":"Con acci\u00f3n popular, padres de familia buscan concreci\u00f3n de sede del colegio Centro Social de Yopal - \u25b7 Noticias de Casanare : Martha Cifuentes | Casanare","robots":{"index":"index","follow":"follow","max-snippet":"max-snippet:-1","max-image-preview":"max-image-preview:large","max-video-preview":"max-video-preview:-1"},"canonical":"https:\/\/marthacifuentes.com\/portada\/con-accion-popular-padres-de-familia-buscan-concrecion-de-sede-del-colegio-centro-social-de-yopal\/","og_locale":"es_ES","og_type":"article","og_title":"Con acci\u00f3n popular, padres de familia buscan concreci\u00f3n de sede del colegio Centro Social de Yopal - \u25b7 Noticias de Casanare : Martha Cifuentes | Casanare","og_description":"El Juzgado Primero Administrativo de Yopal admiti\u00f3 la acci\u00f3n popular promovida por la Asociaci\u00f3n de Padres de familia del colegio Centro Social, en contra de la Alcald\u00eda de Yopal, mediante la cual se pretende que se concrete el espacio f\u00edsico, la construcci\u00f3n y edificaciones para que funcione esta instituci\u00f3n educativa. Seg\u00fan la acci\u00f3n popular, hasta &hellip;","og_url":"https:\/\/marthacifuentes.com\/portada\/con-accion-popular-padres-de-familia-buscan-concrecion-de-sede-del-colegio-centro-social-de-yopal\/","og_site_name":"\u25b7 Noticias de Casanare : Martha Cifuentes | Casanare","article_published_time":"2023-01-24T15:25:04+00:00","og_image":[{"width":600,"height":450,"url":"https:\/\/marthacifuentes.com\/portada\/wp-content\/uploads\/2023\/01\/centro-social.jpg","type":"image\/jpeg"}],"author":"Martha Cifuentes","twitter_card":"summary_large_image","twitter_misc":{"Escrito por":"Martha Cifuentes","Tiempo de lectura":"1 minuto"},"schema":{"@context":"https:\/\/schema.org","@graph":[{"@type":"WebPage","@id":"https:\/\/marthacifuentes.com\/portada\/con-accion-popular-padres-de-familia-buscan-concrecion-de-sede-del-colegio-centro-social-de-yopal\/","url":"https:\/\/marthacifuentes.com\/portada\/con-accion-popular-padres-de-familia-buscan-concrecion-de-sede-del-colegio-centro-social-de-yopal\/","name":"Con acci\u00f3n popular, padres de familia buscan concreci\u00f3n de sede del colegio Centro Social de Yopal - \u25b7 Noticias de Casanare : Martha Cifuentes | Casanare","isPartOf":{"@id":"https:\/\/marthacifuentes.com\/portada\/#website"},"primaryImageOfPage":{"@id":"https:\/\/marthacifuentes.com\/portada\/con-accion-popular-padres-de-familia-buscan-concrecion-de-sede-del-colegio-centro-social-de-yopal\/#primaryimage"},"image":{"@id":"https:\/\/marthacifuentes.com\/portada\/con-accion-popular-padres-de-familia-buscan-concrecion-de-sede-del-colegio-centro-social-de-yopal\/#primaryimage"},"thumbnailUrl":"https:\/\/marthacifuentes.com\/portada\/wp-content\/uploads\/2023\/01\/centro-social.jpg","datePublished":"2023-01-24T15:25:04+00:00","author":{"@id":"https:\/\/marthacifuentes.com\/portada\/#\/schema\/person\/57f53174b991db5f90ff78d58502b714"},"breadcrumb":{"@id":"https:\/\/marthacifuentes.com\/portada\/con-accion-popular-padres-de-familia-buscan-concrecion-de-sede-del-colegio-centro-social-de-yopal\/#breadcrumb"},"inLanguage":"es","potentialAction":[{"@type":"ReadAction","target":["https:\/\/marthacifuentes.com\/portada\/con-accion-popular-padres-de-familia-buscan-concrecion-de-sede-del-colegio-centro-social-de-yopal\/"]}]},{"@type":"ImageObject","inLanguage":"es","@id":"https:\/\/marthacifuentes.com\/portada\/con-accion-popular-padres-de-familia-buscan-concrecion-de-sede-del-colegio-centro-social-de-yopal\/#primaryimage","url":"https:\/\/marthacifuentes.com\/portada\/wp-content\/uploads\/2023\/01\/centro-social.jpg","contentUrl":"https:\/\/marthacifuentes.com\/portada\/wp-content\/uploads\/2023\/01\/centro-social.jpg","width":600,"height":450},{"@type":"BreadcrumbList","@id":"https:\/\/marthacifuentes.com\/portada\/con-accion-popular-padres-de-familia-buscan-concrecion-de-sede-del-colegio-centro-social-de-yopal\/#breadcrumb","itemListElement":[{"@type":"ListItem","position":1,"name":"Portada","item":"https:\/\/marthacifuentes.com\/portada\/"},{"@type":"ListItem","position":2,"name":"Con acci\u00f3n popular, padres de familia buscan concreci\u00f3n de sede del colegio Centro Social de Yopal"}]},{"@type":"WebSite","@id":"https:\/\/marthacifuentes.com\/portada\/#website","url":"https:\/\/marthacifuentes.com\/portada\/","name":"\u25b7 Noticias de Casanare : Martha Cifuentes | Casanare","description":"Noticias &amp; Contenidos","potentialAction":[{"@type":"SearchAction","target":{"@type":"EntryPoint","urlTemplate":"https:\/\/marthacifuentes.com\/portada\/?s={search_term_string}"},"query-input":{"@type":"PropertyValueSpecification","valueRequired":true,"valueName":"search_term_string"}}],"inLanguage":"es"},{"@type":"Person","@id":"https:\/\/marthacifuentes.com\/portada\/#\/schema\/person\/57f53174b991db5f90ff78d58502b714","name":"Martha Cifuentes","image":{"@type":"ImageObject","inLanguage":"es","@id":"https:\/\/marthacifuentes.com\/portada\/#\/schema\/person\/image\/","url":"http:\/\/marthacifuentes.com\/portada\/wp-content\/uploads\/2018\/06\/avatar_user_2_1528838701-96x96.jpg","contentUrl":"http:\/\/marthacifuentes.com\/portada\/wp-content\/uploads\/2018\/06\/avatar_user_2_1528838701-96x96.jpg","caption":"Martha Cifuentes"},"sameAs":["http:\/\/www.marthacifuentes.com"],"url":"https:\/\/marthacifuentes.com\/portada\/author\/martha\/"}]}},"_links":{"self":[{"href":"https:\/\/marthacifuentes.com\/portada\/wp-json\/wp\/v2\/posts\/30904","targetHints":{"allow":["GET"]}}],"collection":[{"href":"https:\/\/marthacifuentes.com\/portada\/wp-json\/wp\/v2\/posts"}],"about":[{"href":"https:\/\/marthacifuentes.com\/portada\/wp-json\/wp\/v2\/types\/post"}],"author":[{"embeddable":true,"href":"https:\/\/marthacifuentes.com\/portada\/wp-json\/wp\/v2\/users\/2"}],"replies":[{"embeddable":true,"href":"https:\/\/marthacifuentes.com\/portada\/wp-json\/wp\/v2\/comments?post=30904"}],"version-history":[{"count":1,"href":"https:\/\/marthacifuentes.com\/portada\/wp-json\/wp\/v2\/posts\/30904\/revisions"}],"predecessor-version":[{"id":30907,"href":"https:\/\/marthacifuentes.com\/portada\/wp-json\/wp\/v2\/posts\/30904\/revisions\/30907"}],"wp:featuredmedia":[{"embeddable":true,"href":"https:\/\/marthacifuentes.com\/portada\/wp-json\/wp\/v2\/media\/30905"}],"wp:attachment":[{"href":"https:\/\/marthacifuentes.com\/portada\/wp-json\/wp\/v2\/media?parent=30904"}],"wp:term":[{"taxonomy":"category","embeddable":true,"href":"https:\/\/marthacifuentes.com\/portada\/wp-json\/wp\/v2\/categories?post=30904"},{"taxonomy":"post_tag","embeddable":true,"href":"https:\/\/marthacifuentes.com\/portada\/wp-json\/wp\/v2\/tags?post=30904"}],"curies":[{"name":"wp","href":"https:\/\/api.w.org\/{rel}","templated":true}]}}