{"id":30927,"date":"2023-01-31T11:00:17","date_gmt":"2023-01-31T16:00:17","guid":{"rendered":"https:\/\/marthacifuentes.com\/portada\/?p=30927"},"modified":"2023-01-31T11:00:17","modified_gmt":"2023-01-31T16:00:17","slug":"ecopetrol-en-la-onda-de-la-transicion-energetica-comenzo-a-usar-vehiculos-electricos-en-sus-operaciones-de-casanare","status":"publish","type":"post","link":"https:\/\/marthacifuentes.com\/portada\/ecopetrol-en-la-onda-de-la-transicion-energetica-comenzo-a-usar-vehiculos-electricos-en-sus-operaciones-de-casanare\/","title":{"rendered":"Ecopetrol, en la onda de la transici\u00f3n energ\u00e9tica, comenz\u00f3 a usar veh\u00edculos el\u00e9ctricos en sus operaciones de Casanare\u00a0"},"content":{"rendered":"<p>Con cinco camionetas Ecopetrol inici\u00f3 el plan piloto para incrementar el uso de energ\u00edas renovables en las operaciones de la regi\u00f3n y disminuir las emisiones de CO2 desde la movilidad.\u00a0Es la primera flotilla de veh\u00edculos cien por ciento el\u00e9ctricos en el \u00e1rea del transporte, para sus operaciones en Casanare.<\/p>\n<p>Los veh\u00edculos son tipo pickup 4&#215;2, de marca Dongfeng Rich (bajo la representaci\u00f3n de Auteco Movility), las cuales fueron recibidas en Yopal, y empezaron a operar en los campos Flore\u00f1a, Cupiagua y Cusiana; para el desplazamiento entre las Facilidades Centrales de Procesamiento (CPF) y dem\u00e1s locaciones.<\/p>\n<p>De acuerdo con Jaime Silva, l\u00edder de Mantenimiento del campo Flore\u00f1a, con esta iniciativa, se busca contribuir a la meta de reducci\u00f3n de emisiones y de eficiencia en el consumo de energ\u00eda de la compa\u00f1\u00eda; estos veh\u00edculos el\u00e9ctricos aprovechan la capacidad de generaci\u00f3n de energ\u00eda que se tiene en cada uno de los CPF, lo que significar\u00e1 un ahorro energ\u00e9tico alto.<\/p>\n<p>\u201cEs una bonita oportunidad para conocer los sistemas, aprender y dar un nuevo paso en esta transici\u00f3n energ\u00e9tica que estamos promoviendo en Ecopetrol. La expectativa es generar una l\u00ednea base que podamos compartir con toda la compa\u00f1\u00eda y mostrar que s\u00ed es posible hacer una transici\u00f3n energ\u00e9tica muy responsable\u201d, expres\u00f3 el directivo.<\/p>\n<p>Con esta flotilla se har\u00e1 evaluaci\u00f3n y medici\u00f3n del desempe\u00f1o de los veh\u00edculos, para ver hasta d\u00f3nde es posible implementar esta tecnolog\u00eda.<\/p>\n<p>Seg\u00fan Yesid S\u00e1nchez, coordinador nacional de operaciones de Equirent (empresa aliada que provee los veh\u00edculos), los carros cumplen con la misma funcionalidad de uno convencional y la misma comodidad, pero sin la necesidad de hacer cambios de aceites y filtros.<\/p>\n<p>Est\u00e1n dotados de dos cargadores, uno de 220 voltios y uno adicional de 110 voltios, que suministran energ\u00eda al veh\u00edculo, con una autonom\u00eda de 300 kil\u00f3metros y la eficiencia de carga es 7 a 9 horas.<\/p>\n<p>Actualmente se est\u00e1n entregando en el pa\u00eds 72 veh\u00edculos el\u00e9ctricos para Ecopetrol en Cartagena, Villavicencio y Neiva; como parte de un programa de impacto nacional.<\/p>\n<h2><span style=\"color: #ff6600;\">Otras noticias&#8230;<\/span><\/h2>\n<blockquote class=\"wp-embedded-content\" data-secret=\"oB3TNPGYbA\"><p><a href=\"https:\/\/marthacifuentes.com\/portada\/2023\/01\/31\/el-repudiable-feminicidio-de-laura-camila-duenas-en-yopal-genera-perversa-controversia-en-redes-sociales\/\">El repudiable feminicidio de Laura Camila Due\u00f1as en Yopal genera perversa controversia en redes sociales<\/a><\/p><\/blockquote>\n<p><iframe loading=\"lazy\" class=\"wp-embedded-content\" sandbox=\"allow-scripts\" security=\"restricted\" style=\"position: absolute; clip: rect(1px, 1px, 1px, 1px);\" title=\"\u00abEl repudiable feminicidio de Laura Camila Due\u00f1as en Yopal genera perversa controversia en redes sociales\u00bb \u2014 \u25b7 Noticias de Casanare : Martha Cifuentes | Casanare\" src=\"https:\/\/marthacifuentes.com\/portada\/2023\/01\/31\/el-repudiable-feminicidio-de-laura-camila-duenas-en-yopal-genera-perversa-controversia-en-redes-sociales\/embed\/#?secret=z29h6ez2Cb#?secret=oB3TNPGYbA\" data-secret=\"oB3TNPGYbA\" width=\"500\" height=\"282\" frameborder=\"0\" marginwidth=\"0\" marginheight=\"0\" scrolling=\"no\"><\/iframe><\/p>\n","protected":false},"excerpt":{"rendered":"<p>Con cinco camionetas Ecopetrol inici\u00f3 el plan piloto para incrementar el uso de energ\u00edas renovables en las operaciones de la regi\u00f3n y disminuir las emisiones de CO2 desde la movilidad.\u00a0Es la primera flotilla de veh\u00edculos cien por ciento el\u00e9ctricos en el \u00e1rea del transporte, para sus operaciones en Casanare. Los veh\u00edculos son tipo pickup 4&#215;2, &hellip;<\/p>\n","protected":false},"author":2,"featured_media":30928,"comment_status":"open","ping_status":"open","sticky":false,"template":"","format":"standard","meta":{"om_disable_all_campaigns":false,"_exactmetrics_skip_tracking":false,"_exactmetrics_sitenote_active":false,"_exactmetrics_sitenote_note":"","_exactmetrics_sitenote_category":0,"_monsterinsights_skip_tracking":false,"_monsterinsights_sitenote_active":false,"_monsterinsights_sitenote_note":"","_monsterinsights_sitenote_category":0,"_uf_show_specific_survey":0,"_uf_disable_surveys":false,"_joinchat":[],"footnotes":""},"categories":[147,146,145],"tags":[1373,1400,8797,1421],"class_list":["post-30927","post","type-post","status-publish","format-standard","has-post-thumbnail","hentry","category-actualidad","category-noticias","category-reportajes","tag-casanare-noticias","tag-noticias-casanare","tag-noticias-ecopetrol-uso-carros-electricos-casanare","tag-noticias-yopal"],"yoast_head":"<!-- This site is optimized with the Yoast SEO plugin v26.1 - https:\/\/yoast.com\/wordpress\/plugins\/seo\/ -->\n<title>Ecopetrol, en la onda de la transici\u00f3n energ\u00e9tica, comenz\u00f3 a usar veh\u00edculos el\u00e9ctricos en sus operaciones de Casanare\u00a0 - \u25b7 Noticias de Casanare : Martha Cifuentes | Casanare<\/title>\n<meta name=\"robots\" content=\"index, follow, max-snippet:-1, max-image-preview:large, max-video-preview:-1\" \/>\n<link rel=\"canonical\" href=\"https:\/\/marthacifuentes.com\/portada\/ecopetrol-en-la-onda-de-la-transicion-energetica-comenzo-a-usar-vehiculos-electricos-en-sus-operaciones-de-casanare\/\" \/>\n<meta property=\"og:locale\" content=\"es_ES\" \/>\n<meta property=\"og:type\" content=\"article\" \/>\n<meta property=\"og:title\" content=\"Ecopetrol, en la onda de la transici\u00f3n energ\u00e9tica, comenz\u00f3 a usar veh\u00edculos el\u00e9ctricos en sus operaciones de Casanare\u00a0 - \u25b7 Noticias de Casanare : Martha Cifuentes | Casanare\" \/>\n<meta property=\"og:description\" content=\"Con cinco camionetas Ecopetrol inici\u00f3 el plan piloto para incrementar el uso de energ\u00edas renovables en las operaciones de la regi\u00f3n y disminuir las emisiones de CO2 desde la movilidad.\u00a0Es la primera flotilla de veh\u00edculos cien por ciento el\u00e9ctricos en el \u00e1rea del transporte, para sus operaciones en Casanare. Los veh\u00edculos son tipo pickup 4&#215;2, &hellip;\" \/>\n<meta property=\"og:url\" content=\"https:\/\/marthacifuentes.com\/portada\/ecopetrol-en-la-onda-de-la-transicion-energetica-comenzo-a-usar-vehiculos-electricos-en-sus-operaciones-de-casanare\/\" \/>\n<meta property=\"og:site_name\" content=\"\u25b7 Noticias de Casanare : Martha Cifuentes | Casanare\" \/>\n<meta property=\"article:published_time\" content=\"2023-01-31T16:00:17+00:00\" \/>\n<meta property=\"og:image\" content=\"https:\/\/marthacifuentes.com\/portada\/wp-content\/uploads\/2023\/01\/Flotilla-de-vehiculos-electricos-de-Ecopetrol-2.jpg\" \/>\n\t<meta property=\"og:image:width\" content=\"1600\" \/>\n\t<meta property=\"og:image:height\" content=\"1200\" \/>\n\t<meta property=\"og:image:type\" content=\"image\/jpeg\" \/>\n<meta name=\"author\" content=\"Martha Cifuentes\" \/>\n<meta name=\"twitter:card\" content=\"summary_large_image\" \/>\n<meta name=\"twitter:label1\" content=\"Escrito por\" \/>\n\t<meta name=\"twitter:data1\" content=\"Martha Cifuentes\" \/>\n\t<meta name=\"twitter:label2\" content=\"Tiempo de lectura\" \/>\n\t<meta name=\"twitter:data2\" content=\"2 minutos\" \/>\n<script type=\"application\/ld+json\" class=\"yoast-schema-graph\">{\"@context\":\"https:\/\/schema.org\",\"@graph\":[{\"@type\":\"WebPage\",\"@id\":\"https:\/\/marthacifuentes.com\/portada\/ecopetrol-en-la-onda-de-la-transicion-energetica-comenzo-a-usar-vehiculos-electricos-en-sus-operaciones-de-casanare\/\",\"url\":\"https:\/\/marthacifuentes.com\/portada\/ecopetrol-en-la-onda-de-la-transicion-energetica-comenzo-a-usar-vehiculos-electricos-en-sus-operaciones-de-casanare\/\",\"name\":\"Ecopetrol, en la onda de la transici\u00f3n energ\u00e9tica, comenz\u00f3 a usar veh\u00edculos el\u00e9ctricos en sus operaciones de Casanare\u00a0 - \u25b7 Noticias de Casanare : Martha Cifuentes | Casanare\",\"isPartOf\":{\"@id\":\"https:\/\/marthacifuentes.com\/portada\/#website\"},\"primaryImageOfPage\":{\"@id\":\"https:\/\/marthacifuentes.com\/portada\/ecopetrol-en-la-onda-de-la-transicion-energetica-comenzo-a-usar-vehiculos-electricos-en-sus-operaciones-de-casanare\/#primaryimage\"},\"image\":{\"@id\":\"https:\/\/marthacifuentes.com\/portada\/ecopetrol-en-la-onda-de-la-transicion-energetica-comenzo-a-usar-vehiculos-electricos-en-sus-operaciones-de-casanare\/#primaryimage\"},\"thumbnailUrl\":\"https:\/\/marthacifuentes.com\/portada\/wp-content\/uploads\/2023\/01\/Flotilla-de-vehiculos-electricos-de-Ecopetrol-2.jpg\",\"datePublished\":\"2023-01-31T16:00:17+00:00\",\"author\":{\"@id\":\"https:\/\/marthacifuentes.com\/portada\/#\/schema\/person\/57f53174b991db5f90ff78d58502b714\"},\"breadcrumb\":{\"@id\":\"https:\/\/marthacifuentes.com\/portada\/ecopetrol-en-la-onda-de-la-transicion-energetica-comenzo-a-usar-vehiculos-electricos-en-sus-operaciones-de-casanare\/#breadcrumb\"},\"inLanguage\":\"es\",\"potentialAction\":[{\"@type\":\"ReadAction\",\"target\":[\"https:\/\/marthacifuentes.com\/portada\/ecopetrol-en-la-onda-de-la-transicion-energetica-comenzo-a-usar-vehiculos-electricos-en-sus-operaciones-de-casanare\/\"]}]},{\"@type\":\"ImageObject\",\"inLanguage\":\"es\",\"@id\":\"https:\/\/marthacifuentes.com\/portada\/ecopetrol-en-la-onda-de-la-transicion-energetica-comenzo-a-usar-vehiculos-electricos-en-sus-operaciones-de-casanare\/#primaryimage\",\"url\":\"https:\/\/marthacifuentes.com\/portada\/wp-content\/uploads\/2023\/01\/Flotilla-de-vehiculos-electricos-de-Ecopetrol-2.jpg\",\"contentUrl\":\"https:\/\/marthacifuentes.com\/portada\/wp-content\/uploads\/2023\/01\/Flotilla-de-vehiculos-electricos-de-Ecopetrol-2.jpg\",\"width\":1600,\"height\":1200},{\"@type\":\"BreadcrumbList\",\"@id\":\"https:\/\/marthacifuentes.com\/portada\/ecopetrol-en-la-onda-de-la-transicion-energetica-comenzo-a-usar-vehiculos-electricos-en-sus-operaciones-de-casanare\/#breadcrumb\",\"itemListElement\":[{\"@type\":\"ListItem\",\"position\":1,\"name\":\"Portada\",\"item\":\"https:\/\/marthacifuentes.com\/portada\/\"},{\"@type\":\"ListItem\",\"position\":2,\"name\":\"Ecopetrol, en la onda de la transici\u00f3n energ\u00e9tica, comenz\u00f3 a usar veh\u00edculos el\u00e9ctricos en sus operaciones de Casanare\u00a0\"}]},{\"@type\":\"WebSite\",\"@id\":\"https:\/\/marthacifuentes.com\/portada\/#website\",\"url\":\"https:\/\/marthacifuentes.com\/portada\/\",\"name\":\"\u25b7 Noticias de Casanare : Martha Cifuentes | Casanare\",\"description\":\"Noticias &amp; Contenidos\",\"potentialAction\":[{\"@type\":\"SearchAction\",\"target\":{\"@type\":\"EntryPoint\",\"urlTemplate\":\"https:\/\/marthacifuentes.com\/portada\/?s={search_term_string}\"},\"query-input\":{\"@type\":\"PropertyValueSpecification\",\"valueRequired\":true,\"valueName\":\"search_term_string\"}}],\"inLanguage\":\"es\"},{\"@type\":\"Person\",\"@id\":\"https:\/\/marthacifuentes.com\/portada\/#\/schema\/person\/57f53174b991db5f90ff78d58502b714\",\"name\":\"Martha Cifuentes\",\"image\":{\"@type\":\"ImageObject\",\"inLanguage\":\"es\",\"@id\":\"https:\/\/marthacifuentes.com\/portada\/#\/schema\/person\/image\/\",\"url\":\"http:\/\/marthacifuentes.com\/portada\/wp-content\/uploads\/2018\/06\/avatar_user_2_1528838701-96x96.jpg\",\"contentUrl\":\"http:\/\/marthacifuentes.com\/portada\/wp-content\/uploads\/2018\/06\/avatar_user_2_1528838701-96x96.jpg\",\"caption\":\"Martha Cifuentes\"},\"sameAs\":[\"http:\/\/www.marthacifuentes.com\"],\"url\":\"https:\/\/marthacifuentes.com\/portada\/author\/martha\/\"}]}<\/script>\n<!-- \/ Yoast SEO plugin. -->","yoast_head_json":{"title":"Ecopetrol, en la onda de la transici\u00f3n energ\u00e9tica, comenz\u00f3 a usar veh\u00edculos el\u00e9ctricos en sus operaciones de Casanare\u00a0 - \u25b7 Noticias de Casanare : Martha Cifuentes | Casanare","robots":{"index":"index","follow":"follow","max-snippet":"max-snippet:-1","max-image-preview":"max-image-preview:large","max-video-preview":"max-video-preview:-1"},"canonical":"https:\/\/marthacifuentes.com\/portada\/ecopetrol-en-la-onda-de-la-transicion-energetica-comenzo-a-usar-vehiculos-electricos-en-sus-operaciones-de-casanare\/","og_locale":"es_ES","og_type":"article","og_title":"Ecopetrol, en la onda de la transici\u00f3n energ\u00e9tica, comenz\u00f3 a usar veh\u00edculos el\u00e9ctricos en sus operaciones de Casanare\u00a0 - \u25b7 Noticias de Casanare : Martha Cifuentes | Casanare","og_description":"Con cinco camionetas Ecopetrol inici\u00f3 el plan piloto para incrementar el uso de energ\u00edas renovables en las operaciones de la regi\u00f3n y disminuir las emisiones de CO2 desde la movilidad.\u00a0Es la primera flotilla de veh\u00edculos cien por ciento el\u00e9ctricos en el \u00e1rea del transporte, para sus operaciones en Casanare. Los veh\u00edculos son tipo pickup 4&#215;2, &hellip;","og_url":"https:\/\/marthacifuentes.com\/portada\/ecopetrol-en-la-onda-de-la-transicion-energetica-comenzo-a-usar-vehiculos-electricos-en-sus-operaciones-de-casanare\/","og_site_name":"\u25b7 Noticias de Casanare : Martha Cifuentes | Casanare","article_published_time":"2023-01-31T16:00:17+00:00","og_image":[{"width":1600,"height":1200,"url":"https:\/\/marthacifuentes.com\/portada\/wp-content\/uploads\/2023\/01\/Flotilla-de-vehiculos-electricos-de-Ecopetrol-2.jpg","type":"image\/jpeg"}],"author":"Martha Cifuentes","twitter_card":"summary_large_image","twitter_misc":{"Escrito por":"Martha Cifuentes","Tiempo de lectura":"2 minutos"},"schema":{"@context":"https:\/\/schema.org","@graph":[{"@type":"WebPage","@id":"https:\/\/marthacifuentes.com\/portada\/ecopetrol-en-la-onda-de-la-transicion-energetica-comenzo-a-usar-vehiculos-electricos-en-sus-operaciones-de-casanare\/","url":"https:\/\/marthacifuentes.com\/portada\/ecopetrol-en-la-onda-de-la-transicion-energetica-comenzo-a-usar-vehiculos-electricos-en-sus-operaciones-de-casanare\/","name":"Ecopetrol, en la onda de la transici\u00f3n energ\u00e9tica, comenz\u00f3 a usar veh\u00edculos el\u00e9ctricos en sus operaciones de Casanare\u00a0 - \u25b7 Noticias de Casanare : Martha Cifuentes | Casanare","isPartOf":{"@id":"https:\/\/marthacifuentes.com\/portada\/#website"},"primaryImageOfPage":{"@id":"https:\/\/marthacifuentes.com\/portada\/ecopetrol-en-la-onda-de-la-transicion-energetica-comenzo-a-usar-vehiculos-electricos-en-sus-operaciones-de-casanare\/#primaryimage"},"image":{"@id":"https:\/\/marthacifuentes.com\/portada\/ecopetrol-en-la-onda-de-la-transicion-energetica-comenzo-a-usar-vehiculos-electricos-en-sus-operaciones-de-casanare\/#primaryimage"},"thumbnailUrl":"https:\/\/marthacifuentes.com\/portada\/wp-content\/uploads\/2023\/01\/Flotilla-de-vehiculos-electricos-de-Ecopetrol-2.jpg","datePublished":"2023-01-31T16:00:17+00:00","author":{"@id":"https:\/\/marthacifuentes.com\/portada\/#\/schema\/person\/57f53174b991db5f90ff78d58502b714"},"breadcrumb":{"@id":"https:\/\/marthacifuentes.com\/portada\/ecopetrol-en-la-onda-de-la-transicion-energetica-comenzo-a-usar-vehiculos-electricos-en-sus-operaciones-de-casanare\/#breadcrumb"},"inLanguage":"es","potentialAction":[{"@type":"ReadAction","target":["https:\/\/marthacifuentes.com\/portada\/ecopetrol-en-la-onda-de-la-transicion-energetica-comenzo-a-usar-vehiculos-electricos-en-sus-operaciones-de-casanare\/"]}]},{"@type":"ImageObject","inLanguage":"es","@id":"https:\/\/marthacifuentes.com\/portada\/ecopetrol-en-la-onda-de-la-transicion-energetica-comenzo-a-usar-vehiculos-electricos-en-sus-operaciones-de-casanare\/#primaryimage","url":"https:\/\/marthacifuentes.com\/portada\/wp-content\/uploads\/2023\/01\/Flotilla-de-vehiculos-electricos-de-Ecopetrol-2.jpg","contentUrl":"https:\/\/marthacifuentes.com\/portada\/wp-content\/uploads\/2023\/01\/Flotilla-de-vehiculos-electricos-de-Ecopetrol-2.jpg","width":1600,"height":1200},{"@type":"BreadcrumbList","@id":"https:\/\/marthacifuentes.com\/portada\/ecopetrol-en-la-onda-de-la-transicion-energetica-comenzo-a-usar-vehiculos-electricos-en-sus-operaciones-de-casanare\/#breadcrumb","itemListElement":[{"@type":"ListItem","position":1,"name":"Portada","item":"https:\/\/marthacifuentes.com\/portada\/"},{"@type":"ListItem","position":2,"name":"Ecopetrol, en la onda de la transici\u00f3n energ\u00e9tica, comenz\u00f3 a usar veh\u00edculos el\u00e9ctricos en sus operaciones de Casanare\u00a0"}]},{"@type":"WebSite","@id":"https:\/\/marthacifuentes.com\/portada\/#website","url":"https:\/\/marthacifuentes.com\/portada\/","name":"\u25b7 Noticias de Casanare : Martha Cifuentes | Casanare","description":"Noticias &amp; Contenidos","potentialAction":[{"@type":"SearchAction","target":{"@type":"EntryPoint","urlTemplate":"https:\/\/marthacifuentes.com\/portada\/?s={search_term_string}"},"query-input":{"@type":"PropertyValueSpecification","valueRequired":true,"valueName":"search_term_string"}}],"inLanguage":"es"},{"@type":"Person","@id":"https:\/\/marthacifuentes.com\/portada\/#\/schema\/person\/57f53174b991db5f90ff78d58502b714","name":"Martha Cifuentes","image":{"@type":"ImageObject","inLanguage":"es","@id":"https:\/\/marthacifuentes.com\/portada\/#\/schema\/person\/image\/","url":"http:\/\/marthacifuentes.com\/portada\/wp-content\/uploads\/2018\/06\/avatar_user_2_1528838701-96x96.jpg","contentUrl":"http:\/\/marthacifuentes.com\/portada\/wp-content\/uploads\/2018\/06\/avatar_user_2_1528838701-96x96.jpg","caption":"Martha Cifuentes"},"sameAs":["http:\/\/www.marthacifuentes.com"],"url":"https:\/\/marthacifuentes.com\/portada\/author\/martha\/"}]}},"_links":{"self":[{"href":"https:\/\/marthacifuentes.com\/portada\/wp-json\/wp\/v2\/posts\/30927","targetHints":{"allow":["GET"]}}],"collection":[{"href":"https:\/\/marthacifuentes.com\/portada\/wp-json\/wp\/v2\/posts"}],"about":[{"href":"https:\/\/marthacifuentes.com\/portada\/wp-json\/wp\/v2\/types\/post"}],"author":[{"embeddable":true,"href":"https:\/\/marthacifuentes.com\/portada\/wp-json\/wp\/v2\/users\/2"}],"replies":[{"embeddable":true,"href":"https:\/\/marthacifuentes.com\/portada\/wp-json\/wp\/v2\/comments?post=30927"}],"version-history":[{"count":1,"href":"https:\/\/marthacifuentes.com\/portada\/wp-json\/wp\/v2\/posts\/30927\/revisions"}],"predecessor-version":[{"id":30929,"href":"https:\/\/marthacifuentes.com\/portada\/wp-json\/wp\/v2\/posts\/30927\/revisions\/30929"}],"wp:featuredmedia":[{"embeddable":true,"href":"https:\/\/marthacifuentes.com\/portada\/wp-json\/wp\/v2\/media\/30928"}],"wp:attachment":[{"href":"https:\/\/marthacifuentes.com\/portada\/wp-json\/wp\/v2\/media?parent=30927"}],"wp:term":[{"taxonomy":"category","embeddable":true,"href":"https:\/\/marthacifuentes.com\/portada\/wp-json\/wp\/v2\/categories?post=30927"},{"taxonomy":"post_tag","embeddable":true,"href":"https:\/\/marthacifuentes.com\/portada\/wp-json\/wp\/v2\/tags?post=30927"}],"curies":[{"name":"wp","href":"https:\/\/api.w.org\/{rel}","templated":true}]}}