{"id":30994,"date":"2023-02-07T10:20:55","date_gmt":"2023-02-07T15:20:55","guid":{"rendered":"https:\/\/marthacifuentes.com\/portada\/?p=30994"},"modified":"2023-02-07T10:20:55","modified_gmt":"2023-02-07T15:20:55","slug":"sicariado-cobradiario-en-aguazul","status":"publish","type":"post","link":"https:\/\/marthacifuentes.com\/portada\/sicariado-cobradiario-en-aguazul\/","title":{"rendered":"Sicariado \u201ccobradiario\u201d, en Aguazul"},"content":{"rendered":"<p style=\"font-weight: 400; text-align: justify;\">Cuando se desplazaba en moto por la v\u00eda Aguazul-Man\u00ed, a las 3 y 30 de la tarde de este lunes 6 de febrero, a la altura de la vereda San Jos\u00e9 del Bubuy fue asesinado con arma de fuego Jhon Luis Monzo D\u00edaz, de 35 a\u00f1os de edad, por parte de sicarios motorizados.<\/p>\n<p style=\"font-weight: 400; text-align: justify;\">Personas que transitaban por el lugar se percataron del cuerpo herido en la carretera y llamaron a las autoridades, que, al llegar al sitio, ya encontraron sin vida al hombre. Se evidenci\u00f3 que fue impactado en varias oportunidades.<\/p>\n<p style=\"font-weight: 400; text-align: justify;\">Informaci\u00f3n policial da cuenta que el individuo se dedicaba a labores de cobranzas de pr\u00e9stamos informales, conocido como gota a gota o cobra diario. Se transportaba en una moto de placa KIE88F, encontrada al lado del cad\u00e1ver.<\/p>\n<h2>Otras noticias&#8230;<\/h2>\n<blockquote class=\"wp-embedded-content\" data-secret=\"F1m1RWdeic\"><p><a href=\"https:\/\/marthacifuentes.com\/portada\/2023\/02\/07\/taxistas-le-ganaron-el-pulso-al-alcalde-de-yopal-luis-eduardo-castro-pusieron-en-jaque-la-movilidad-en-la-marginal-del-llano-y-ahi-si-fueron-atendidos\/\">Taxistas le ganaron el pulso al alcalde de Yopal Luis Eduardo Castro. Pusieron en jaque la movilidad en la Marginal del Llano y ah\u00ed s\u00ed fueron atendidos.<\/a><\/p><\/blockquote>\n<p><iframe loading=\"lazy\" class=\"wp-embedded-content\" sandbox=\"allow-scripts\" security=\"restricted\" style=\"position: absolute; clip: rect(1px, 1px, 1px, 1px);\" title=\"\u00abTaxistas le ganaron el pulso al alcalde de Yopal Luis Eduardo Castro. Pusieron en jaque la movilidad en la Marginal del Llano y ah\u00ed s\u00ed fueron atendidos.\u00bb \u2014 \u25b7 Noticias de Casanare : Martha Cifuentes | Casanare\" src=\"https:\/\/marthacifuentes.com\/portada\/2023\/02\/07\/taxistas-le-ganaron-el-pulso-al-alcalde-de-yopal-luis-eduardo-castro-pusieron-en-jaque-la-movilidad-en-la-marginal-del-llano-y-ahi-si-fueron-atendidos\/embed\/#?secret=LtXME4Jx61#?secret=F1m1RWdeic\" data-secret=\"F1m1RWdeic\" width=\"500\" height=\"282\" frameborder=\"0\" marginwidth=\"0\" marginheight=\"0\" scrolling=\"no\"><\/iframe><\/p>\n<p><iframe loading=\"lazy\" class=\"wp-embedded-content\" title=\"\u00abSemana Ambiental, proyecto del Instituto T\u00e9cnico Ambiental, en ranking de 500 iniciativas en pro del desarrollo ambiental.\u00bb \u2014 \u25b7 Noticias de Casanare : Martha Cifuentes | Casanare\" src=\"https:\/\/marthacifuentes.com\/portada\/2023\/02\/07\/semana-ambiental-proyecto-del-instituto-tecnico-ambiental-en-ranking-de-500-iniciativas-en-pro-del-desarrollo-ambiental\/embed\/#?secret=IJcQQoljnn#?secret=K1lrp8CNIf\" width=\"600\" height=\"650\" frameborder=\"0\" marginwidth=\"0\" marginheight=\"0\" scrolling=\"no\" sandbox=\"allow-scripts\" data-secret=\"K1lrp8CNIf\" data-mce-fragment=\"1\"><\/iframe><\/p>\n<p><iframe loading=\"lazy\" class=\"wp-embedded-content\" title=\"\u00abBloqueo de v\u00eda que conduce a vereda Rubiales, Puerto Ga\u00edtan, genera rechazo de petroleras\u00bb \u2014 \u25b7 Noticias de Casanare : Martha Cifuentes | Casanare\" src=\"https:\/\/marthacifuentes.com\/portada\/2023\/02\/06\/bloqueo-de-via-que-conduce-a-vereda-rubiales-puerto-gaitan-genera-rechazo-de-petroleras\/embed\/#?secret=ZsjEqLTKIl#?secret=idaRMH6ZXm\" width=\"600\" height=\"621\" frameborder=\"0\" marginwidth=\"0\" marginheight=\"0\" scrolling=\"no\" sandbox=\"allow-scripts\" data-secret=\"idaRMH6ZXm\" data-mce-fragment=\"1\"><\/iframe><\/p>\n<p><iframe loading=\"lazy\" class=\"wp-embedded-content\" title=\"\u00abSetty seguir\u00e1 sin poder cobrar a la Alcald\u00eda de Yopal deuda por abandono de veh\u00edculos en su parqueadero. As\u00ed lo determin\u00f3 Consejo de Estado\u00bb \u2014 \u25b7 Noticias de Casanare : Martha Cifuentes | Casanare\" src=\"https:\/\/marthacifuentes.com\/portada\/2023\/02\/06\/setty-seguira-sin-poder-cobrar-a-la-alcaldia-de-yopal-deuda-por-abandono-de-vehiculos-en-su-parqueadero-asi-lo-determino-consejo-de-estado\/embed\/#?secret=hWLoLEgopq#?secret=qzUkrbysrE\" width=\"600\" height=\"650\" frameborder=\"0\" marginwidth=\"0\" marginheight=\"0\" scrolling=\"no\" sandbox=\"allow-scripts\" data-secret=\"qzUkrbysrE\" data-mce-fragment=\"1\"><\/iframe><\/p>\n<p><iframe loading=\"lazy\" class=\"wp-embedded-content\" title=\"\u00abJuzgado de Yopal reconviene al gobernador de Casanare y advierte multa por no se\u00f1alizar y mantener v\u00eda Yopal-Morichal-Tilodir\u00e1n-El Algarrobo\u00bb \u2014 \u25b7 Noticias de Casanare : Martha Cifuentes | Casanare\" src=\"https:\/\/marthacifuentes.com\/portada\/2023\/02\/06\/juzgado-de-yopal-reconviene-al-gobernador-de-casanare-y-advierte-multa-por-no-senalizar-y-mantener-via-yopal-morichal-tilodiran-el-algarrobo\/embed\/#?secret=URQeJpqKa8#?secret=SEW2opN35t\" width=\"600\" height=\"650\" frameborder=\"0\" marginwidth=\"0\" marginheight=\"0\" scrolling=\"no\" sandbox=\"allow-scripts\" data-secret=\"SEW2opN35t\" data-mce-fragment=\"1\"><\/iframe><\/p>\n<p><iframe loading=\"lazy\" class=\"wp-embedded-content\" title=\"\u00abPadre e hijo, ganadero y coleador, asesinados en Barranca de Up\u00eda, Meta, en l\u00edmite con Casanare.\u00bb \u2014 \u25b7 Noticias de Casanare : Martha Cifuentes | Casanare\" src=\"https:\/\/marthacifuentes.com\/portada\/2023\/02\/03\/padre-e-hijo-ganadero-y-coleador-asesinados-en-barranca-de-upia-meta-en-limite-con-casanare\/embed\/#?secret=vfk3fZ6RtZ#?secret=0aBib95yCT\" width=\"600\" height=\"600\" frameborder=\"0\" marginwidth=\"0\" marginheight=\"0\" scrolling=\"no\" sandbox=\"allow-scripts\" data-secret=\"0aBib95yCT\" data-mce-fragment=\"1\"><\/iframe><\/p>\n<p><iframe loading=\"lazy\" class=\"wp-embedded-content\" title=\"\u00abRegistradur\u00eda habilit\u00f3 en Casanare 4 puntos m\u00f3viles de inscripci\u00f3n de ciudadanos para votar en elecciones 2023\u00bb \u2014 \u25b7 Noticias de Casanare : Martha Cifuentes | Casanare\" src=\"https:\/\/marthacifuentes.com\/portada\/2023\/02\/03\/registraduria-habilito-en-casanare-4-puntos-moviles-de-inscripcion-de-ciudadanos-para-votar-en-elecciones-2023\/embed\/#?secret=9mwbDlTJ8I#?secret=DfOMQymAG5\" width=\"600\" height=\"650\" frameborder=\"0\" marginwidth=\"0\" marginheight=\"0\" scrolling=\"no\" sandbox=\"allow-scripts\" data-secret=\"DfOMQymAG5\" data-mce-fragment=\"1\"><\/iframe><\/p>\n<p><iframe loading=\"lazy\" class=\"wp-embedded-content\" title=\"\u00abAbiertas inscripciones para conformar la Mesa Municipal de participaci\u00f3n Efectiva de V\u00edctimas de Yopal.\u00bb \u2014 \u25b7 Noticias de Casanare : Martha Cifuentes | Casanare\" src=\"https:\/\/marthacifuentes.com\/portada\/2023\/02\/03\/abiertas-inscripciones-para-conformar-la-mesa-municipal-de-participacion-efectiva-de-victimas-de-yopal\/embed\/#?secret=u4sJmBusHs#?secret=6jcyU1vVYf\" width=\"600\" height=\"615\" frameborder=\"0\" marginwidth=\"0\" marginheight=\"0\" scrolling=\"no\" sandbox=\"allow-scripts\" data-secret=\"6jcyU1vVYf\" data-mce-fragment=\"1\"><\/iframe><\/p>\n<p><iframe loading=\"lazy\" class=\"wp-embedded-content\" title=\"\u00abDos suicidios de ancianos en Casanare en menos de una semana alerta sobre problem\u00e1tica de salud mental en la tercera edad\u00bb \u2014 \u25b7 Noticias de Casanare : Martha Cifuentes | Casanare\" src=\"https:\/\/marthacifuentes.com\/portada\/2023\/02\/03\/dos-suicidios-de-ancianos-en-casanare-en-menos-de-una-semana-alerta-sobre-problematica-de-salud-mental-en-la-tercera-edad\/embed\/#?secret=4sPNlqPcAg#?secret=dZ28z6D2Sf\" width=\"600\" height=\"628\" frameborder=\"0\" marginwidth=\"0\" marginheight=\"0\" scrolling=\"no\" sandbox=\"allow-scripts\" data-secret=\"dZ28z6D2Sf\" data-mce-fragment=\"1\"><\/iframe><\/p>\n<p><iframe loading=\"lazy\" class=\"wp-embedded-content\" title=\"\u00abTaxistas de Yopal en paro desde la pr\u00f3xima semana. El pago de seguridad social, uno de los motivos.\u00bb \u2014 \u25b7 Noticias de Casanare : Martha Cifuentes | Casanare\" src=\"https:\/\/marthacifuentes.com\/portada\/2023\/02\/03\/taxistas-de-yopal-en-paro-desde-la-proxima-semana-el-pago-de-seguridad-social-uno-de-los-motivos\/embed\/#?secret=STZHXK0ANm#?secret=yJ7QDjRv3U\" width=\"600\" height=\"595\" frameborder=\"0\" marginwidth=\"0\" marginheight=\"0\" scrolling=\"no\" sandbox=\"allow-scripts\" data-secret=\"yJ7QDjRv3U\" data-mce-fragment=\"1\"><\/iframe><\/p>\n<p><iframe loading=\"lazy\" class=\"wp-embedded-content\" title=\"\u00abCapturado redomado ladr\u00f3n de 24 a\u00f1os, con 11 anotaciones en el SPOA, en Yopal\u00bb \u2014 \u25b7 Noticias de Casanare : Martha Cifuentes | Casanare\" src=\"https:\/\/marthacifuentes.com\/portada\/2023\/02\/02\/capturado-redomado-ladron-de-24-anos-con-11-anotaciones-en-el-spoa-en-yopal\/embed\/#?secret=pjfjxgGRSs#?secret=nAN3jTWfdp\" width=\"600\" height=\"621\" frameborder=\"0\" marginwidth=\"0\" marginheight=\"0\" scrolling=\"no\" sandbox=\"allow-scripts\" data-secret=\"nAN3jTWfdp\" data-mce-fragment=\"1\"><\/iframe><\/p>\n<p><iframe loading=\"lazy\" class=\"wp-embedded-content\" title=\"\u00abEn menos de 48 horas dos establecimientos comerciales de Yopal fueron atracados por bandas de media docena de j\u00f3venes motorizados.\u00bb \u2014 \u25b7 Noticias de Casanare : Martha Cifuentes | Casanare\" src=\"https:\/\/marthacifuentes.com\/portada\/2023\/02\/02\/en-menos-de-48-horas-dos-establecimientos-comerciales-de-yopal-fueron-atracados-por-bandas-de-media-docena-de-jovenes-motorizados\/embed\/#?secret=3peKn1lAqI#?secret=R6eXVhO9St\" width=\"600\" height=\"620\" frameborder=\"0\" marginwidth=\"0\" marginheight=\"0\" scrolling=\"no\" sandbox=\"allow-scripts\" data-secret=\"R6eXVhO9St\" data-mce-fragment=\"1\"><\/iframe><\/p>\n<p><iframe loading=\"lazy\" class=\"wp-embedded-content\" title=\"\u00abSacerdote de la Ciudadela La Bendici\u00f3n en Yopal denuncia al delincuente JJ Torres por amenazas contra su vida.\u00bb \u2014 \u25b7 Noticias de Casanare : Martha Cifuentes | Casanare\" src=\"https:\/\/marthacifuentes.com\/portada\/2023\/02\/02\/sacerdote-de-la-ciudadela-la-bendicion-en-yopal-denuncia-al-delincuente-jj-torres-por-amenazas-contra-su-vida\/embed\/#?secret=q5F9iLwPsx#?secret=H1LuwV10qK\" width=\"600\" height=\"617\" frameborder=\"0\" marginwidth=\"0\" marginheight=\"0\" scrolling=\"no\" sandbox=\"allow-scripts\" data-secret=\"H1LuwV10qK\" data-mce-fragment=\"1\"><\/iframe><\/p>\n<p><iframe loading=\"lazy\" class=\"wp-embedded-content\" title=\"\u00abAlcald\u00eda de Yopal no inicio PAE a tiempo por ineficiencia en la contrataci\u00f3n afirma Contralor\u00eda General\u00bb \u2014 \u25b7 Noticias de Casanare : Martha Cifuentes | Casanare\" src=\"https:\/\/marthacifuentes.com\/portada\/2023\/02\/02\/alcaldia-de-yopal-no-inicio-pae-a-tiempo-por-ineficiencia-en-la-contratacion-afirma-contraloria-general\/embed\/#?secret=p0yyUNJBFq#?secret=tfl9bLy0L3\" width=\"600\" height=\"530\" frameborder=\"0\" marginwidth=\"0\" marginheight=\"0\" scrolling=\"no\" sandbox=\"allow-scripts\" data-secret=\"tfl9bLy0L3\" data-mce-fragment=\"1\"><\/iframe><\/p>\n<p><iframe loading=\"lazy\" class=\"wp-embedded-content\" title=\"\u00abEn Yopal solo habr\u00e1 PAE luego de Semana Santa, por mala planeaci\u00f3n de la Alcald\u00eda, dicen los rectores.\u00bb \u2014 \u25b7 Noticias de Casanare : Martha Cifuentes | Casanare\" src=\"https:\/\/marthacifuentes.com\/portada\/2023\/02\/01\/en-yopal-solo-habra-pae-luego-de-semana-santa-por-mala-planeacion-de-la-alcaldia-dicen-los-rectores\/embed\/#?secret=beXNhQzWbw#?secret=gxPKtull1l\" width=\"600\" height=\"565\" frameborder=\"0\" marginwidth=\"0\" marginheight=\"0\" scrolling=\"no\" sandbox=\"allow-scripts\" data-secret=\"gxPKtull1l\" data-mce-fragment=\"1\"><\/iframe><\/p>\n<p><iframe loading=\"lazy\" class=\"wp-embedded-content\" title=\"\u00abEcopetrol, en la onda de la transici\u00f3n energ\u00e9tica, comenz\u00f3 a usar veh\u00edculos el\u00e9ctricos en sus operaciones de Casanare\u00a0\u00bb \u2014 \u25b7 Noticias de Casanare : Martha Cifuentes | Casanare\" src=\"https:\/\/marthacifuentes.com\/portada\/2023\/01\/31\/ecopetrol-en-la-onda-de-la-transicion-energetica-comenzo-a-usar-vehiculos-electricos-en-sus-operaciones-de-casanare\/embed\/#?secret=NtHbW6UqXP#?secret=aS9U92dJJJ\" width=\"600\" height=\"650\" frameborder=\"0\" marginwidth=\"0\" marginheight=\"0\" scrolling=\"no\" sandbox=\"allow-scripts\" data-secret=\"aS9U92dJJJ\" data-mce-fragment=\"1\"><\/iframe><\/p>\n<p><iframe loading=\"lazy\" class=\"wp-embedded-content\" title=\"\u00abEl repudiable feminicidio de Laura Camila Due\u00f1as en Yopal genera perversa controversia en redes sociales\u00bb \u2014 \u25b7 Noticias de Casanare : Martha Cifuentes | Casanare\" src=\"https:\/\/marthacifuentes.com\/portada\/2023\/01\/31\/el-repudiable-feminicidio-de-laura-camila-duenas-en-yopal-genera-perversa-controversia-en-redes-sociales\/embed\/#?secret=BU4X4xbVRn#?secret=kHgot5bgAs\" width=\"600\" height=\"559\" frameborder=\"0\" marginwidth=\"0\" marginheight=\"0\" scrolling=\"no\" sandbox=\"allow-scripts\" data-secret=\"kHgot5bgAs\" data-mce-fragment=\"1\"><\/iframe><\/p>\n<p><iframe loading=\"lazy\" class=\"wp-embedded-content\" title=\"\u00abUnitr\u00f3pico aumentar\u00e1 en 95 el n\u00famero de admitidos para estudiar en el semestre 2023 A\u00bb \u2014 \u25b7 Noticias de Casanare : Martha Cifuentes | Casanare\" src=\"https:\/\/marthacifuentes.com\/portada\/2023\/01\/27\/unitropico-aumentara-en-95-el-numero-de-admitidos-para-estudiar-en-el-semestre-2023-a\/embed\/#?secret=XrdnsyNiH3#?secret=HgXUE5VNvS\" width=\"600\" height=\"621\" frameborder=\"0\" marginwidth=\"0\" marginheight=\"0\" scrolling=\"no\" sandbox=\"allow-scripts\" data-secret=\"HgXUE5VNvS\" data-mce-fragment=\"1\"><\/iframe><\/p>\n<p><iframe loading=\"lazy\" class=\"wp-embedded-content\" title=\"\u00abSe va Felipe Bay\u00f3n de Ecopetrol. Empresa caza talentos buscar\u00e1 nuevo presidente.\u00bb \u2014 \u25b7 Noticias de Casanare : Martha Cifuentes | Casanare\" src=\"https:\/\/marthacifuentes.com\/portada\/2023\/01\/27\/se-va-felipe-bayon-de-ecopetrol-empresa-caza-talentos-buscara-nuevo-presidente\/embed\/#?secret=8V72BFXq8l#?secret=2fjODgGlJq\" width=\"600\" height=\"600\" frameborder=\"0\" marginwidth=\"0\" marginheight=\"0\" scrolling=\"no\" sandbox=\"allow-scripts\" data-secret=\"2fjODgGlJq\" data-mce-fragment=\"1\"><\/iframe><\/p>\n<p><iframe loading=\"lazy\" class=\"wp-embedded-content\" title=\"\u00abEl asesor jur\u00eddico de la Alcald\u00eda de Aguazul y el vicerrector de Unitr\u00f3pico, SALpicados por la Contralor\u00eda con fallo de responsabilidad fiscal por $900 millones. Exalcalde Fernando Camacho se salv\u00f3.\u00bb \u2014 \u25b7 Noticias de Casanare : Martha Cifuentes | Casanare\" src=\"https:\/\/marthacifuentes.com\/portada\/2023\/01\/27\/el-asesor-juridico-de-la-alcaldia-de-aguazul-y-el-vicerrector-de-unitropico-salpicados-por-la-contraloria-con-fallo-de-responsabilidad-fiscal-por-900-millones-exalcalde-fernando-camacho-se-salvo\/embed\/#?secret=BvmDCR49Nr#?secret=aliReACcHN\" width=\"600\" height=\"649\" frameborder=\"0\" marginwidth=\"0\" marginheight=\"0\" scrolling=\"no\" sandbox=\"allow-scripts\" data-secret=\"aliReACcHN\" data-mce-fragment=\"1\"><\/iframe><\/p>\n<p><iframe loading=\"lazy\" class=\"wp-embedded-content\" title=\"\u00abQu\u00e9 pudo llevar a don Luis Vaca, tradicional comerciante de Villanueva, a quitarse la vida\u00bb \u2014 \u25b7 Noticias de Casanare : Martha Cifuentes | Casanare\" src=\"https:\/\/marthacifuentes.com\/portada\/2023\/01\/25\/que-pudo-llevar-a-don-luis-vaca-tradicional-comerciante-de-villanueva-a-quitarse-la-vida\/embed\/#?secret=fiQMvAYlmR#?secret=rFZ1A7vgqE\" width=\"600\" height=\"308\" frameborder=\"0\" marginwidth=\"0\" marginheight=\"0\" scrolling=\"no\" sandbox=\"allow-scripts\" data-secret=\"rFZ1A7vgqE\" data-mce-fragment=\"1\"><\/iframe><\/p>\n<p><iframe loading=\"lazy\" class=\"wp-embedded-content\" title=\"\u00abCon acci\u00f3n popular, padres de familia buscan concreci\u00f3n de sede del colegio Centro Social de Yopal\u00bb \u2014 \u25b7 Noticias de Casanare : Martha Cifuentes | Casanare\" src=\"https:\/\/marthacifuentes.com\/portada\/2023\/01\/24\/con-accion-popular-padres-de-familia-buscan-concrecion-de-sede-del-colegio-centro-social-de-yopal\/embed\/#?secret=kKNOtIrst5#?secret=V54ecyihmR\" width=\"600\" height=\"621\" frameborder=\"0\" marginwidth=\"0\" marginheight=\"0\" scrolling=\"no\" sandbox=\"allow-scripts\" data-secret=\"V54ecyihmR\" data-mce-fragment=\"1\"><\/iframe><\/p>\n<p><iframe loading=\"lazy\" class=\"wp-embedded-content\" title=\"\u00abSuperservicios le \u201crespira en la nuca\u201d a la Eaaay. Inspeccionar\u00e1 prestaci\u00f3n de servicios y contrataci\u00f3n\u00bb \u2014 \u25b7 Noticias de Casanare : Martha Cifuentes | Casanare\" src=\"https:\/\/marthacifuentes.com\/portada\/2023\/01\/23\/superservicios-le-respira-en-la-nuca-a-la-eaaay-inspeccionara-prestacion-de-servicios-y-contratacion\/embed\/#?secret=ciuPiaf3tI#?secret=VKEUMrM6xp\" width=\"600\" height=\"600\" frameborder=\"0\" marginwidth=\"0\" marginheight=\"0\" scrolling=\"no\" sandbox=\"allow-scripts\" data-secret=\"VKEUMrM6xp\" data-mce-fragment=\"1\"><\/iframe><\/p>\n<p><iframe loading=\"lazy\" class=\"wp-embedded-content\" title=\"\u00abNi\u00f1a de Paz de Ariporo necesita costosa medicina para sobrevivir. Su padre pide a EPS Sanitas y Cruz Verde, respuesta inmediata.\u00bb \u2014 \u25b7 Noticias de Casanare : Martha Cifuentes | Casanare\" src=\"https:\/\/marthacifuentes.com\/portada\/2023\/01\/23\/nina-de-paz-de-ariporo-necesita-costosa-medicina-para-sobrevivir-su-padre-pide-a-eps-sanitas-y-cruz-verde-respuesta-inmediata\/embed\/#?secret=YeM8g10CY3#?secret=5vL6lt5Mf1\" width=\"600\" height=\"650\" frameborder=\"0\" marginwidth=\"0\" marginheight=\"0\" scrolling=\"no\" sandbox=\"allow-scripts\" data-secret=\"5vL6lt5Mf1\" data-mce-fragment=\"1\"><\/iframe><\/p>\n<p><iframe loading=\"lazy\" class=\"wp-embedded-content\" title=\"\u00abQui\u00e9n ronda al gerente de la Eaaay. Aunque el alcalde de Yopal deb\u00eda autorizar sus vacaciones, \u00e9l se las tom\u00f3 solito.\u00bb \u2014 \u25b7 Noticias de Casanare : Martha Cifuentes | Casanare\" src=\"https:\/\/marthacifuentes.com\/portada\/2023\/01\/23\/quien-ronda-al-gerente-de-la-eaaay-aunque-el-alcalde-de-yopal-debia-autorizar-sus-vacaciones-el-se-las-tomo-solito\/embed\/#?secret=P6noCB5NEx#?secret=vnUYWTonZX\" width=\"600\" height=\"645\" frameborder=\"0\" marginwidth=\"0\" marginheight=\"0\" scrolling=\"no\" sandbox=\"allow-scripts\" data-secret=\"vnUYWTonZX\" data-mce-fragment=\"1\"><\/iframe><\/p>\n<p><iframe loading=\"lazy\" class=\"wp-embedded-content\" title=\"\u00abSino tr\u00e1gico en familia de Paco Mart\u00ednez. Tras 2 a\u00f1os de muerte de su hija, su otro hijo, Juan Carlos, muri\u00f3 de un disparo de arma de fuego\u00bb \u2014 \u25b7 Noticias de Casanare : Martha Cifuentes | Casanare\" src=\"https:\/\/marthacifuentes.com\/portada\/2023\/01\/23\/sino-tragico-en-familia-de-paco-martinez-tras-2-anos-de-muerte-de-su-hija-su-otro-hijo-juan-carlos-murio-de-un-disparo-de-arma-de-fuego\/embed\/#?secret=i2oQSC9EQB#?secret=Ch7w7YLCcW\" width=\"600\" height=\"629\" frameborder=\"0\" marginwidth=\"0\" marginheight=\"0\" scrolling=\"no\" sandbox=\"allow-scripts\" data-secret=\"Ch7w7YLCcW\" data-mce-fragment=\"1\"><\/iframe><\/p>\n<p><iframe loading=\"lazy\" class=\"wp-embedded-content\" title=\"\u00abTras 56 mil estudiantes est\u00e1 la Gobernaci\u00f3n de Casanare. Se busca que se matriculen en colegios p\u00fablicos.\u00bb \u2014 \u25b7 Noticias de Casanare : Martha Cifuentes | Casanare\" src=\"https:\/\/marthacifuentes.com\/portada\/2023\/01\/19\/tras-56-mil-estudiantes-esta-la-gobernacion-de-casanare-se-busca-que-se-matriculen-en-colegios-publicos\/embed\/#?secret=h5sAM05z3v#?secret=MoN0TtpZhT\" width=\"600\" height=\"650\" frameborder=\"0\" marginwidth=\"0\" marginheight=\"0\" scrolling=\"no\" sandbox=\"allow-scripts\" data-secret=\"MoN0TtpZhT\" data-mce-fragment=\"1\"><\/iframe><\/p>\n<p><iframe loading=\"lazy\" class=\"wp-embedded-content\" title=\"\u00abA la c\u00e1rcel presuntas asesinas del folclorista manice\u00f1o \u00abEl Duende\u00bb.\u00bb \u2014 \u25b7 Noticias de Casanare : Martha Cifuentes | Casanare\" src=\"https:\/\/marthacifuentes.com\/portada\/2023\/01\/17\/a-la-carcel-presuntas-asesinas-del-folclorista-maniceno-el-duende\/embed\/#?secret=cng8PCOUlz#?secret=o3kxDXcP5d\" width=\"600\" height=\"619\" frameborder=\"0\" marginwidth=\"0\" marginheight=\"0\" scrolling=\"no\" sandbox=\"allow-scripts\" data-secret=\"o3kxDXcP5d\" data-mce-fragment=\"1\"><\/iframe><\/p>\n<p><iframe loading=\"lazy\" class=\"wp-embedded-content\" title=\"\u00abContralor\u00eda General asume investigaci\u00f3n de presuntas irregularidades en empresa Terminal de transportes de Yopal\u00bb \u2014 \u25b7 Noticias de Casanare : Martha Cifuentes | Casanare\" src=\"https:\/\/marthacifuentes.com\/portada\/2023\/01\/17\/contraloria-general-asume-investigacion-de-presuntas-irregularidades-en-empresa-terminal-de-transportes-de-yopal\/embed\/#?secret=EkeiF28Rde#?secret=h2e2CyYSKJ\" width=\"600\" height=\"650\" frameborder=\"0\" marginwidth=\"0\" marginheight=\"0\" scrolling=\"no\" sandbox=\"allow-scripts\" data-secret=\"h2e2CyYSKJ\" data-mce-fragment=\"1\"><\/iframe><\/p>\n<p><iframe loading=\"lazy\" class=\"wp-embedded-content\" title=\"\u00abEn acto de intolerancia, mujer \u00e1rbitro fue golpeada por director t\u00e9cnico en torneo de f\u00fatbol en Man\u00ed, Casanare.\u00bb \u2014 \u25b7 Noticias de Casanare : Martha Cifuentes | Casanare\" src=\"https:\/\/marthacifuentes.com\/portada\/2023\/01\/16\/en-acto-de-intolerancia-mujer-arbitro-fue-golpeada-por-director-tecnico-en-torneo-de-futbol-en-mani-casanare\/embed\/#?secret=6yUWKTkczV#?secret=iqF72nNJTo\" width=\"600\" height=\"648\" frameborder=\"0\" marginwidth=\"0\" marginheight=\"0\" scrolling=\"no\" sandbox=\"allow-scripts\" data-secret=\"iqF72nNJTo\" data-mce-fragment=\"1\"><\/iframe><\/p>\n<p><iframe loading=\"lazy\" class=\"wp-embedded-content\" title=\"\u00abM\u00e1s de 2.500 aguazule\u00f1os ya firmaron, apoyando a Isaac Poveda para la Alcald\u00eda de Aguazul\u00bb \u2014 \u25b7 Noticias de Casanare : Martha Cifuentes | Casanare\" src=\"https:\/\/marthacifuentes.com\/portada\/2023\/01\/16\/mas-de-2-500-aguazulenos-ya-firmaron-apoyando-a-isaac-poveda-para-la-alcaldia-de-aguazul\/embed\/#?secret=nkIgIcJy9k#?secret=6fxIdOr913\" width=\"600\" height=\"621\" frameborder=\"0\" marginwidth=\"0\" marginheight=\"0\" scrolling=\"no\" sandbox=\"allow-scripts\" data-secret=\"6fxIdOr913\" data-mce-fragment=\"1\"><\/iframe><\/p>\n<p><iframe loading=\"lazy\" class=\"wp-embedded-content\" title=\"\u00abVillanueva march\u00f3 contra la violencia a las mujeres y por el respeto a la vida.\u00bb \u2014 \u25b7 Noticias de Casanare : Martha Cifuentes | Casanare\" src=\"https:\/\/marthacifuentes.com\/portada\/2023\/01\/16\/villanueva-marcho-contra-la-violencia-a-las-mujeres-y-por-el-respeto-a-la-vida\/embed\/#?secret=n484HHrm7Q#?secret=cOYpcJ1587\" width=\"600\" height=\"621\" frameborder=\"0\" marginwidth=\"0\" marginheight=\"0\" scrolling=\"no\" sandbox=\"allow-scripts\" data-secret=\"cOYpcJ1587\" data-mce-fragment=\"1\"><\/iframe><\/p>\n<p><iframe loading=\"lazy\" class=\"wp-embedded-content\" title=\"\u00abOtra vez, un funcionario de la Ese Salud Yopal, ebrio, atropell\u00f3 a una mujer\u00bb \u2014 \u25b7 Noticias de Casanare : Martha Cifuentes | Casanare\" src=\"https:\/\/marthacifuentes.com\/portada\/2023\/01\/16\/otra-vez-un-funcionario-de-la-ese-salud-yopal-ebrio-atropello-a-una-mujer\/embed\/#?secret=6VFRNfrWyo#?secret=wcwl83wEDe\" width=\"600\" height=\"621\" frameborder=\"0\" marginwidth=\"0\" marginheight=\"0\" scrolling=\"no\" sandbox=\"allow-scripts\" data-secret=\"wcwl83wEDe\" data-mce-fragment=\"1\"><\/iframe><\/p>\n<p><iframe loading=\"lazy\" class=\"wp-embedded-content\" title=\"\u00ab\u00bfEnviar\u00e1n a la c\u00e1rcel a los capturados y presuntos homicidas de \u00abEl Duende\u00bb?\u00bb \u2014 \u25b7 Noticias de Casanare : Martha Cifuentes | Casanare\" src=\"https:\/\/marthacifuentes.com\/portada\/2023\/01\/16\/enviaran-a-la-carcel-a-los-capturados-y-presuntos-homicidas-de-el-duende\/embed\/#?secret=WBe8KulEsO#?secret=FUXm9LcGAr\" width=\"600\" height=\"621\" frameborder=\"0\" marginwidth=\"0\" marginheight=\"0\" scrolling=\"no\" sandbox=\"allow-scripts\" data-secret=\"FUXm9LcGAr\" data-mce-fragment=\"1\"><\/iframe><\/p>\n<p><iframe loading=\"lazy\" class=\"wp-embedded-content\" title=\"\u00abAl menos tres muertos y un herido dej\u00f3 tiroteo en manga de coleo de Villanueva, Casanare\u00bb \u2014 \u25b7 Noticias de Casanare : Martha Cifuentes | Casanare\" src=\"https:\/\/marthacifuentes.com\/portada\/2022\/12\/30\/al-menos-tres-muertos-y-un-herido-dejo-tiroteo-en-manga-de-coleo-de-villanueva-casanare\/embed\/#?secret=SldwigqPuY#?secret=phtsoB9Oyg\" width=\"600\" height=\"554\" frameborder=\"0\" marginwidth=\"0\" marginheight=\"0\" scrolling=\"no\" sandbox=\"allow-scripts\" data-secret=\"phtsoB9Oyg\" data-mce-fragment=\"1\"><\/iframe><\/p>\n<p><iframe loading=\"lazy\" class=\"wp-embedded-content\" title=\"\u00abAdolescente de 16 a\u00f1os de edad result\u00f3 herida en zona rural de Paz de Ariporo\u00bb \u2014 \u25b7 Noticias de Casanare : Martha Cifuentes | Casanare\" src=\"https:\/\/marthacifuentes.com\/portada\/2022\/12\/29\/adolescente-de-16-anos-de-edad-resulto-herida-en-zona-rural-de-paz-de-ariporo\/embed\/#?secret=vW5GTWoMOQ#?secret=co2qsic5tF\" width=\"600\" height=\"600\" frameborder=\"0\" marginwidth=\"0\" marginheight=\"0\" scrolling=\"no\" sandbox=\"allow-scripts\" data-secret=\"co2qsic5tF\" data-mce-fragment=\"1\"><\/iframe><\/p>\n<p><iframe loading=\"lazy\" class=\"wp-embedded-content\" title=\"\u00abCasanare\u00f1os han tramitado m\u00e1s de 5 mil c\u00e9dulas digitales.\u00bb \u2014 \u25b7 Noticias de Casanare : Martha Cifuentes | Casanare\" src=\"https:\/\/marthacifuentes.com\/portada\/2022\/12\/29\/casanarenos-han-tramitado-mas-de-5-mil-cedulas-digitales\/embed\/#?secret=z32r7uKmF0#?secret=spaOPpo2aC\" width=\"600\" height=\"621\" frameborder=\"0\" marginwidth=\"0\" marginheight=\"0\" scrolling=\"no\" sandbox=\"allow-scripts\" data-secret=\"spaOPpo2aC\" data-mce-fragment=\"1\"><\/iframe><\/p>\n<p><iframe loading=\"lazy\" class=\"wp-embedded-content\" title=\"\u00abCapresoca una de las 7 EPS de m\u00e1s alto riesgo financiero del pa\u00eds, seg\u00fan Supersalud. Recientemente fue aprobada capitalizaci\u00f3n por $140 mil millones de regal\u00edas\u00bb \u2014 \u25b7 Noticias de Casanare : Martha Cifuentes | Casanare\" src=\"https:\/\/marthacifuentes.com\/portada\/2022\/12\/29\/capresoca-una-de-las-7-eps-de-mas-alto-riesgo-financiero-del-pais-segun-supersalud-recientemente-fue-aprobada-capitalizacion-por-140-mil-millones-de-regalias\/embed\/#?secret=Q5XwnXxyQ3#?secret=T9Dfj3ah9l\" width=\"600\" height=\"679\" frameborder=\"0\" marginwidth=\"0\" marginheight=\"0\" scrolling=\"no\" sandbox=\"allow-scripts\" data-secret=\"T9Dfj3ah9l\" data-mce-fragment=\"1\"><\/iframe><\/p>\n<p><iframe loading=\"lazy\" class=\"wp-embedded-content\" title=\"\u00abCorte Suprema revoc\u00f3 sentencia que prescrib\u00eda proceso penal contra \u201cmart\u00edn llanos\u201d y su padre por tortura de un hombre\u00bb \u2014 \u25b7 Noticias de Casanare : Martha Cifuentes | Casanare\" src=\"https:\/\/marthacifuentes.com\/portada\/2022\/12\/29\/corte-suprema-revoco-sentencia-que-prescribia-proceso-penal-contra-martin-llanos-y-su-padre-por-tortura-de-un-hombre\/embed\/#?secret=pmFywcdO17#?secret=IYTK7DV6ZG\" width=\"600\" height=\"650\" frameborder=\"0\" marginwidth=\"0\" marginheight=\"0\" scrolling=\"no\" sandbox=\"allow-scripts\" data-secret=\"IYTK7DV6ZG\" data-mce-fragment=\"1\"><\/iframe><\/p>\n<p><iframe loading=\"lazy\" class=\"wp-embedded-content\" title=\"\u00abA la c\u00e1rcel 5 presuntos paramilitares de las Autodefensas Gaitanistas \u2013 Clan del Golfo, en Casanare\u00bb \u2014 \u25b7 Noticias de Casanare : Martha Cifuentes | Casanare\" src=\"https:\/\/marthacifuentes.com\/portada\/2022\/12\/29\/a-la-carcel-5-presuntos-paramilitares-de-las-autodefensas-gaitanistas-clan-del-golfo-en-casanare\/embed\/#?secret=KkZDq3tnz7#?secret=KiKrC4vqA5\" width=\"600\" height=\"566\" frameborder=\"0\" marginwidth=\"0\" marginheight=\"0\" scrolling=\"no\" sandbox=\"allow-scripts\" data-secret=\"KiKrC4vqA5\" data-mce-fragment=\"1\"><\/iframe><\/p>\n<p><iframe loading=\"lazy\" class=\"wp-embedded-content\" title=\"\u00abDiputados y l\u00edderes comunales de Paz de Ariporo rechazaron proyecto de privatizaci\u00f3n del servicio de alumbrado p\u00fablico presentado por la Alcald\u00eda\u00bb \u2014 \u25b7 Noticias de Casanare : Martha Cifuentes | Casanare\" src=\"https:\/\/marthacifuentes.com\/portada\/2022\/12\/29\/diputados-y-lideres-comunales-de-paz-de-ariporo-rechazaron-proyecto-de-privatizacion-del-servicio-de-alumbrado-publico-presentado-por-la-alcaldia\/embed\/#?secret=qes8XIh8qp#?secret=uCnf7Jehmx\" width=\"600\" height=\"629\" frameborder=\"0\" marginwidth=\"0\" marginheight=\"0\" scrolling=\"no\" sandbox=\"allow-scripts\" data-secret=\"uCnf7Jehmx\" data-mce-fragment=\"1\"><\/iframe><\/p>\n<p><iframe loading=\"lazy\" class=\"wp-embedded-content\" title=\"\u00abPara la JEP no fueron suficientes \u201clas verdades\u201d de la exalcaldesa de Monterrey, Aleyder Casta\u00f1eda. No la acept\u00f3 en esta justicia.\u00bb \u2014 \u25b7 Noticias de Casanare : Martha Cifuentes | Casanare\" src=\"https:\/\/marthacifuentes.com\/portada\/2022\/12\/28\/para-la-jep-no-fueron-suficientes-las-verdades-de-la-exalcaldesa-de-monterrey-aleyder-castaneda-no-la-acepto-en-esta-justicia\/embed\/#?secret=EKXysGghyT#?secret=zxLytyTMaj\" width=\"600\" height=\"629\" frameborder=\"0\" marginwidth=\"0\" marginheight=\"0\" scrolling=\"no\" sandbox=\"allow-scripts\" data-secret=\"zxLytyTMaj\" data-mce-fragment=\"1\"><\/iframe><\/p>\n<p><iframe loading=\"lazy\" class=\"wp-embedded-content\" title=\"\u00abEl triste regalo del cumplea\u00f1os 7 para beneficiarios de Torres del Silencio es que se debe demoler el sitio donde viven\u00bb \u2014 \u25b7 Noticias de Casanare : Martha Cifuentes | Casanare\" src=\"https:\/\/marthacifuentes.com\/portada\/2022\/12\/28\/el-triste-regalo-del-cumpleanos-7-para-beneficiarios-de-torres-del-silencio-es-que-se-debe-demoler-el-sitio-donde-viven\/embed\/#?secret=vwPzGEuVxJ#?secret=4yHHJXFHd3\" width=\"600\" height=\"650\" frameborder=\"0\" marginwidth=\"0\" marginheight=\"0\" scrolling=\"no\" sandbox=\"allow-scripts\" data-secret=\"4yHHJXFHd3\" data-mce-fragment=\"1\"><\/iframe><\/p>\n","protected":false},"excerpt":{"rendered":"<p>Cuando se desplazaba en moto por la v\u00eda Aguazul-Man\u00ed, a las 3 y 30 de la tarde de este lunes 6 de febrero, a la altura de la vereda San Jos\u00e9 del Bubuy fue asesinado con arma de fuego Jhon Luis Monzo D\u00edaz, de 35 a\u00f1os de edad, por parte de sicarios motorizados. Personas que &hellip;<\/p>\n","protected":false},"author":2,"featured_media":30995,"comment_status":"open","ping_status":"open","sticky":false,"template":"","format":"standard","meta":{"om_disable_all_campaigns":false,"_exactmetrics_skip_tracking":false,"_exactmetrics_sitenote_active":false,"_exactmetrics_sitenote_note":"","_exactmetrics_sitenote_category":0,"_monsterinsights_skip_tracking":false,"_monsterinsights_sitenote_active":false,"_monsterinsights_sitenote_note":"","_monsterinsights_sitenote_category":0,"_uf_show_specific_survey":0,"_uf_disable_surveys":false,"_joinchat":[],"footnotes":""},"categories":[147,146,145],"tags":[1373,1400,1421,8818,1376],"class_list":["post-30994","post","type-post","status-publish","format-standard","has-post-thumbnail","hentry","category-actualidad","category-noticias","category-reportajes","tag-casanare-noticias","tag-noticias-casanare","tag-noticias-yopal","tag-sicariado-cobradiario-en-aguazul","tag-yopal-noticias"],"yoast_head":"<!-- This site is optimized with the Yoast SEO plugin v26.1 - https:\/\/yoast.com\/wordpress\/plugins\/seo\/ -->\n<title>Sicariado \u201ccobradiario\u201d, en Aguazul - \u25b7 Noticias de Casanare : Martha Cifuentes | Casanare<\/title>\n<meta name=\"robots\" content=\"index, follow, max-snippet:-1, max-image-preview:large, max-video-preview:-1\" \/>\n<link rel=\"canonical\" href=\"https:\/\/marthacifuentes.com\/portada\/sicariado-cobradiario-en-aguazul\/\" \/>\n<meta property=\"og:locale\" content=\"es_ES\" \/>\n<meta property=\"og:type\" content=\"article\" \/>\n<meta property=\"og:title\" content=\"Sicariado \u201ccobradiario\u201d, en Aguazul - \u25b7 Noticias de Casanare : Martha Cifuentes | Casanare\" \/>\n<meta property=\"og:description\" content=\"Cuando se desplazaba en moto por la v\u00eda Aguazul-Man\u00ed, a las 3 y 30 de la tarde de este lunes 6 de febrero, a la altura de la vereda San Jos\u00e9 del Bubuy fue asesinado con arma de fuego Jhon Luis Monzo D\u00edaz, de 35 a\u00f1os de edad, por parte de sicarios motorizados. Personas que &hellip;\" \/>\n<meta property=\"og:url\" content=\"https:\/\/marthacifuentes.com\/portada\/sicariado-cobradiario-en-aguazul\/\" \/>\n<meta property=\"og:site_name\" content=\"\u25b7 Noticias de Casanare : Martha Cifuentes | Casanare\" \/>\n<meta property=\"article:published_time\" content=\"2023-02-07T15:20:55+00:00\" \/>\n<meta property=\"og:image\" content=\"https:\/\/marthacifuentes.com\/portada\/wp-content\/uploads\/2023\/02\/SICARIADO-PAGADIARIO-JHON-LUIS-MONZO-DIAZ.jpg\" \/>\n\t<meta property=\"og:image:width\" content=\"522\" \/>\n\t<meta property=\"og:image:height\" content=\"378\" \/>\n\t<meta property=\"og:image:type\" content=\"image\/jpeg\" \/>\n<meta name=\"author\" content=\"Martha Cifuentes\" \/>\n<meta name=\"twitter:card\" content=\"summary_large_image\" \/>\n<meta name=\"twitter:label1\" content=\"Escrito por\" \/>\n\t<meta name=\"twitter:data1\" content=\"Martha Cifuentes\" \/>\n\t<meta name=\"twitter:label2\" content=\"Tiempo de lectura\" \/>\n\t<meta name=\"twitter:data2\" content=\"1 minuto\" \/>\n<script type=\"application\/ld+json\" class=\"yoast-schema-graph\">{\"@context\":\"https:\/\/schema.org\",\"@graph\":[{\"@type\":\"WebPage\",\"@id\":\"https:\/\/marthacifuentes.com\/portada\/sicariado-cobradiario-en-aguazul\/\",\"url\":\"https:\/\/marthacifuentes.com\/portada\/sicariado-cobradiario-en-aguazul\/\",\"name\":\"Sicariado \u201ccobradiario\u201d, en Aguazul - \u25b7 Noticias de Casanare : Martha Cifuentes | Casanare\",\"isPartOf\":{\"@id\":\"https:\/\/marthacifuentes.com\/portada\/#website\"},\"primaryImageOfPage\":{\"@id\":\"https:\/\/marthacifuentes.com\/portada\/sicariado-cobradiario-en-aguazul\/#primaryimage\"},\"image\":{\"@id\":\"https:\/\/marthacifuentes.com\/portada\/sicariado-cobradiario-en-aguazul\/#primaryimage\"},\"thumbnailUrl\":\"https:\/\/marthacifuentes.com\/portada\/wp-content\/uploads\/2023\/02\/SICARIADO-PAGADIARIO-JHON-LUIS-MONZO-DIAZ.jpg\",\"datePublished\":\"2023-02-07T15:20:55+00:00\",\"author\":{\"@id\":\"https:\/\/marthacifuentes.com\/portada\/#\/schema\/person\/57f53174b991db5f90ff78d58502b714\"},\"breadcrumb\":{\"@id\":\"https:\/\/marthacifuentes.com\/portada\/sicariado-cobradiario-en-aguazul\/#breadcrumb\"},\"inLanguage\":\"es\",\"potentialAction\":[{\"@type\":\"ReadAction\",\"target\":[\"https:\/\/marthacifuentes.com\/portada\/sicariado-cobradiario-en-aguazul\/\"]}]},{\"@type\":\"ImageObject\",\"inLanguage\":\"es\",\"@id\":\"https:\/\/marthacifuentes.com\/portada\/sicariado-cobradiario-en-aguazul\/#primaryimage\",\"url\":\"https:\/\/marthacifuentes.com\/portada\/wp-content\/uploads\/2023\/02\/SICARIADO-PAGADIARIO-JHON-LUIS-MONZO-DIAZ.jpg\",\"contentUrl\":\"https:\/\/marthacifuentes.com\/portada\/wp-content\/uploads\/2023\/02\/SICARIADO-PAGADIARIO-JHON-LUIS-MONZO-DIAZ.jpg\",\"width\":522,\"height\":378},{\"@type\":\"BreadcrumbList\",\"@id\":\"https:\/\/marthacifuentes.com\/portada\/sicariado-cobradiario-en-aguazul\/#breadcrumb\",\"itemListElement\":[{\"@type\":\"ListItem\",\"position\":1,\"name\":\"Portada\",\"item\":\"https:\/\/marthacifuentes.com\/portada\/\"},{\"@type\":\"ListItem\",\"position\":2,\"name\":\"Sicariado \u201ccobradiario\u201d, en Aguazul\"}]},{\"@type\":\"WebSite\",\"@id\":\"https:\/\/marthacifuentes.com\/portada\/#website\",\"url\":\"https:\/\/marthacifuentes.com\/portada\/\",\"name\":\"\u25b7 Noticias de Casanare : Martha Cifuentes | Casanare\",\"description\":\"Noticias &amp; Contenidos\",\"potentialAction\":[{\"@type\":\"SearchAction\",\"target\":{\"@type\":\"EntryPoint\",\"urlTemplate\":\"https:\/\/marthacifuentes.com\/portada\/?s={search_term_string}\"},\"query-input\":{\"@type\":\"PropertyValueSpecification\",\"valueRequired\":true,\"valueName\":\"search_term_string\"}}],\"inLanguage\":\"es\"},{\"@type\":\"Person\",\"@id\":\"https:\/\/marthacifuentes.com\/portada\/#\/schema\/person\/57f53174b991db5f90ff78d58502b714\",\"name\":\"Martha Cifuentes\",\"image\":{\"@type\":\"ImageObject\",\"inLanguage\":\"es\",\"@id\":\"https:\/\/marthacifuentes.com\/portada\/#\/schema\/person\/image\/\",\"url\":\"http:\/\/marthacifuentes.com\/portada\/wp-content\/uploads\/2018\/06\/avatar_user_2_1528838701-96x96.jpg\",\"contentUrl\":\"http:\/\/marthacifuentes.com\/portada\/wp-content\/uploads\/2018\/06\/avatar_user_2_1528838701-96x96.jpg\",\"caption\":\"Martha Cifuentes\"},\"sameAs\":[\"http:\/\/www.marthacifuentes.com\"],\"url\":\"https:\/\/marthacifuentes.com\/portada\/author\/martha\/\"}]}<\/script>\n<!-- \/ Yoast SEO plugin. -->","yoast_head_json":{"title":"Sicariado \u201ccobradiario\u201d, en Aguazul - \u25b7 Noticias de Casanare : Martha Cifuentes | Casanare","robots":{"index":"index","follow":"follow","max-snippet":"max-snippet:-1","max-image-preview":"max-image-preview:large","max-video-preview":"max-video-preview:-1"},"canonical":"https:\/\/marthacifuentes.com\/portada\/sicariado-cobradiario-en-aguazul\/","og_locale":"es_ES","og_type":"article","og_title":"Sicariado \u201ccobradiario\u201d, en Aguazul - \u25b7 Noticias de Casanare : Martha Cifuentes | Casanare","og_description":"Cuando se desplazaba en moto por la v\u00eda Aguazul-Man\u00ed, a las 3 y 30 de la tarde de este lunes 6 de febrero, a la altura de la vereda San Jos\u00e9 del Bubuy fue asesinado con arma de fuego Jhon Luis Monzo D\u00edaz, de 35 a\u00f1os de edad, por parte de sicarios motorizados. Personas que &hellip;","og_url":"https:\/\/marthacifuentes.com\/portada\/sicariado-cobradiario-en-aguazul\/","og_site_name":"\u25b7 Noticias de Casanare : Martha Cifuentes | Casanare","article_published_time":"2023-02-07T15:20:55+00:00","og_image":[{"width":522,"height":378,"url":"https:\/\/marthacifuentes.com\/portada\/wp-content\/uploads\/2023\/02\/SICARIADO-PAGADIARIO-JHON-LUIS-MONZO-DIAZ.jpg","type":"image\/jpeg"}],"author":"Martha Cifuentes","twitter_card":"summary_large_image","twitter_misc":{"Escrito por":"Martha Cifuentes","Tiempo de lectura":"1 minuto"},"schema":{"@context":"https:\/\/schema.org","@graph":[{"@type":"WebPage","@id":"https:\/\/marthacifuentes.com\/portada\/sicariado-cobradiario-en-aguazul\/","url":"https:\/\/marthacifuentes.com\/portada\/sicariado-cobradiario-en-aguazul\/","name":"Sicariado \u201ccobradiario\u201d, en Aguazul - \u25b7 Noticias de Casanare : Martha Cifuentes | Casanare","isPartOf":{"@id":"https:\/\/marthacifuentes.com\/portada\/#website"},"primaryImageOfPage":{"@id":"https:\/\/marthacifuentes.com\/portada\/sicariado-cobradiario-en-aguazul\/#primaryimage"},"image":{"@id":"https:\/\/marthacifuentes.com\/portada\/sicariado-cobradiario-en-aguazul\/#primaryimage"},"thumbnailUrl":"https:\/\/marthacifuentes.com\/portada\/wp-content\/uploads\/2023\/02\/SICARIADO-PAGADIARIO-JHON-LUIS-MONZO-DIAZ.jpg","datePublished":"2023-02-07T15:20:55+00:00","author":{"@id":"https:\/\/marthacifuentes.com\/portada\/#\/schema\/person\/57f53174b991db5f90ff78d58502b714"},"breadcrumb":{"@id":"https:\/\/marthacifuentes.com\/portada\/sicariado-cobradiario-en-aguazul\/#breadcrumb"},"inLanguage":"es","potentialAction":[{"@type":"ReadAction","target":["https:\/\/marthacifuentes.com\/portada\/sicariado-cobradiario-en-aguazul\/"]}]},{"@type":"ImageObject","inLanguage":"es","@id":"https:\/\/marthacifuentes.com\/portada\/sicariado-cobradiario-en-aguazul\/#primaryimage","url":"https:\/\/marthacifuentes.com\/portada\/wp-content\/uploads\/2023\/02\/SICARIADO-PAGADIARIO-JHON-LUIS-MONZO-DIAZ.jpg","contentUrl":"https:\/\/marthacifuentes.com\/portada\/wp-content\/uploads\/2023\/02\/SICARIADO-PAGADIARIO-JHON-LUIS-MONZO-DIAZ.jpg","width":522,"height":378},{"@type":"BreadcrumbList","@id":"https:\/\/marthacifuentes.com\/portada\/sicariado-cobradiario-en-aguazul\/#breadcrumb","itemListElement":[{"@type":"ListItem","position":1,"name":"Portada","item":"https:\/\/marthacifuentes.com\/portada\/"},{"@type":"ListItem","position":2,"name":"Sicariado \u201ccobradiario\u201d, en Aguazul"}]},{"@type":"WebSite","@id":"https:\/\/marthacifuentes.com\/portada\/#website","url":"https:\/\/marthacifuentes.com\/portada\/","name":"\u25b7 Noticias de Casanare : Martha Cifuentes | Casanare","description":"Noticias &amp; Contenidos","potentialAction":[{"@type":"SearchAction","target":{"@type":"EntryPoint","urlTemplate":"https:\/\/marthacifuentes.com\/portada\/?s={search_term_string}"},"query-input":{"@type":"PropertyValueSpecification","valueRequired":true,"valueName":"search_term_string"}}],"inLanguage":"es"},{"@type":"Person","@id":"https:\/\/marthacifuentes.com\/portada\/#\/schema\/person\/57f53174b991db5f90ff78d58502b714","name":"Martha Cifuentes","image":{"@type":"ImageObject","inLanguage":"es","@id":"https:\/\/marthacifuentes.com\/portada\/#\/schema\/person\/image\/","url":"http:\/\/marthacifuentes.com\/portada\/wp-content\/uploads\/2018\/06\/avatar_user_2_1528838701-96x96.jpg","contentUrl":"http:\/\/marthacifuentes.com\/portada\/wp-content\/uploads\/2018\/06\/avatar_user_2_1528838701-96x96.jpg","caption":"Martha Cifuentes"},"sameAs":["http:\/\/www.marthacifuentes.com"],"url":"https:\/\/marthacifuentes.com\/portada\/author\/martha\/"}]}},"_links":{"self":[{"href":"https:\/\/marthacifuentes.com\/portada\/wp-json\/wp\/v2\/posts\/30994","targetHints":{"allow":["GET"]}}],"collection":[{"href":"https:\/\/marthacifuentes.com\/portada\/wp-json\/wp\/v2\/posts"}],"about":[{"href":"https:\/\/marthacifuentes.com\/portada\/wp-json\/wp\/v2\/types\/post"}],"author":[{"embeddable":true,"href":"https:\/\/marthacifuentes.com\/portada\/wp-json\/wp\/v2\/users\/2"}],"replies":[{"embeddable":true,"href":"https:\/\/marthacifuentes.com\/portada\/wp-json\/wp\/v2\/comments?post=30994"}],"version-history":[{"count":1,"href":"https:\/\/marthacifuentes.com\/portada\/wp-json\/wp\/v2\/posts\/30994\/revisions"}],"predecessor-version":[{"id":30996,"href":"https:\/\/marthacifuentes.com\/portada\/wp-json\/wp\/v2\/posts\/30994\/revisions\/30996"}],"wp:featuredmedia":[{"embeddable":true,"href":"https:\/\/marthacifuentes.com\/portada\/wp-json\/wp\/v2\/media\/30995"}],"wp:attachment":[{"href":"https:\/\/marthacifuentes.com\/portada\/wp-json\/wp\/v2\/media?parent=30994"}],"wp:term":[{"taxonomy":"category","embeddable":true,"href":"https:\/\/marthacifuentes.com\/portada\/wp-json\/wp\/v2\/categories?post=30994"},{"taxonomy":"post_tag","embeddable":true,"href":"https:\/\/marthacifuentes.com\/portada\/wp-json\/wp\/v2\/tags?post=30994"}],"curies":[{"name":"wp","href":"https:\/\/api.w.org\/{rel}","templated":true}]}}