{"id":31132,"date":"2023-02-22T06:41:38","date_gmt":"2023-02-22T11:41:38","guid":{"rendered":"https:\/\/marthacifuentes.com\/portada\/?p=31132"},"modified":"2023-02-22T06:41:38","modified_gmt":"2023-02-22T11:41:38","slug":"reforma-a-la-salud-sera-examinada-en-yopal-por-el-congreso","status":"publish","type":"post","link":"https:\/\/marthacifuentes.com\/portada\/reforma-a-la-salud-sera-examinada-en-yopal-por-el-congreso\/","title":{"rendered":"Reforma a la salud ser\u00e1 \u00abexaminada\u00bb en Yopal por el Congreso \u00a0"},"content":{"rendered":"<p>En Yopal habr\u00e1 una Sesi\u00f3n Descentralizada de la Comisi\u00f3n VII de la C\u00e1mara de Representantes para conocer, analizar y proponer alternativas en el estudio de la reforma a la salud propuesta por el gobierno nacional. Comunidad, l\u00edderes y poblaci\u00f3n podr\u00e1n exponer sus solicitudes al Congreso de la Rep\u00fablica. La fecha fijada ser\u00e1 el 9 de marzo.<\/p>\n<p>Ayer la Comisi\u00f3n VII, aprob\u00f3 la proposici\u00f3n de realizar audiencias p\u00fablicas sobre este tema, hecha por varios congresistas, incluido el representante a la c\u00e1mara Hugo Archila, quien ya en varias ocasiones ha manifestado que \u201clo que buscamos es que el Gobierno escuche a los usuarios y a los prestadores de servicios, pero en los territorios, donde hay las necesidades, para que se logre una concertaci\u00f3n que fortalezca el acceso a la salud, pero, sobre todo, que garantice la oferta integral de servicios\u201d.<\/p>\n<p>Por su parte David Racero, presidente de la C\u00e1mara, expres\u00f3 sobre la reforma a la salud, que hay m\u00e1s de\u00a0 de 360 mil s\u00faplicas de vida por tutela y 1 mill\u00f3n de quejas; 25 billones de deuda a cl\u00ednicas y hospitales;\u00a0 Poblaciones que tienen a m\u00e1s de 3 horas servicios de salud.\u00a0 Igualmente dijo que ayer se inici\u00f3 la discusi\u00f3n de la reforma y junto a la ministra de Salud se pretende:<\/p>\n<div class=\"x11i5rnm xat24cr x1mh8g0r x1vvkbs xtlvy1s x126k92a\">\n<div dir=\"auto\">&#8211; Atender oportunamente a las necesidades de los ciudadanos.<\/div>\n<div dir=\"auto\">&#8211; Evitar complicaciones o muerte por falta de atenci\u00f3n adecuada en salud.<\/div>\n<div dir=\"auto\">&#8211; Administrar transparentemente los recursos de la salud.<\/div>\n<div dir=\"auto\">&#8211; Dignificar la labor de trabajadores de la salud.<\/div>\n<\/div>\n<div class=\"x11i5rnm xat24cr x1mh8g0r x1vvkbs xtlvy1s x126k92a\">\n<div dir=\"auto\">Son objetivos de esta Reforma a la Salud<\/div>\n<\/div>\n<h2><span style=\"color: #ff6600;\">Otras noticias&#8230;<\/span><\/h2>\n<p><iframe loading=\"lazy\" class=\"wp-embedded-content\" title=\"\u00abCay\u00f3 alias Johan, presunto paramilitar de las Autodefensas Gaitanistas.\u00bb \u2014 \u25b7 Noticias de Casanare : Martha Cifuentes | Casanare\" src=\"https:\/\/marthacifuentes.com\/portada\/2023\/02\/22\/cayo-alias-johan-presunto-paramilitar-de-las-autodefensas-gaitanistas\/embed\/#?secret=blaHgTfp1B#?secret=nW2sV7AkrL\" width=\"600\" height=\"621\" frameborder=\"0\" marginwidth=\"0\" marginheight=\"0\" scrolling=\"no\" sandbox=\"allow-scripts\" data-secret=\"nW2sV7AkrL\" data-mce-fragment=\"1\"><\/iframe><\/p>\n<p><iframe loading=\"lazy\" class=\"wp-embedded-content\" title=\"\u00abCapturado docente por violaci\u00f3n de ni\u00f1a en Man\u00ed, Casanare\u00bb \u2014 \u25b7 Noticias de Casanare : Martha Cifuentes | Casanare\" src=\"https:\/\/marthacifuentes.com\/portada\/2023\/02\/22\/capturado-docente-por-violacion-de-nina-en-mani-casanare\/embed\/#?secret=swTrUB75JY#?secret=lKAR5bBXd4\" width=\"600\" height=\"600\" frameborder=\"0\" marginwidth=\"0\" marginheight=\"0\" scrolling=\"no\" sandbox=\"allow-scripts\" data-secret=\"lKAR5bBXd4\" data-mce-fragment=\"1\"><\/iframe><\/p>\n<p><iframe loading=\"lazy\" class=\"wp-embedded-content\" title=\"\u00abRescatadas dos toninas en r\u00edo Meta en Vichada.\u00bb \u2014 \u25b7 Noticias de Casanare : Martha Cifuentes | Casanare\" src=\"https:\/\/marthacifuentes.com\/portada\/2023\/02\/20\/rescatadas-dos-toninas-en-rio-meta-en-vichada\/embed\/#?secret=Qjn51JCv54#?secret=WVurgOD2UL\" width=\"600\" height=\"592\" frameborder=\"0\" marginwidth=\"0\" marginheight=\"0\" scrolling=\"no\" sandbox=\"allow-scripts\" data-secret=\"WVurgOD2UL\" data-mce-fragment=\"1\"><\/iframe><\/p>\n<p><iframe loading=\"lazy\" class=\"wp-embedded-content\" title=\"\u00abM\u00e1s muertos en v\u00edas de Casanare\u00bb \u2014 \u25b7 Noticias de Casanare : Martha Cifuentes | Casanare\" src=\"https:\/\/marthacifuentes.com\/portada\/2023\/02\/20\/mas-muertos-en-vias-de-casanare\/embed\/#?secret=oxuSiaHvFL#?secret=B6osFceugC\" width=\"600\" height=\"549\" frameborder=\"0\" marginwidth=\"0\" marginheight=\"0\" scrolling=\"no\" sandbox=\"allow-scripts\" data-secret=\"B6osFceugC\" data-mce-fragment=\"1\"><\/iframe><\/p>\n<p><iframe loading=\"lazy\" class=\"wp-embedded-content\" title=\"\u00abEnerca en corto circuito. Reporta millonarias inversiones en infraestructura pero apagones y cortes por mantenimientos son constantes\u00bb \u2014 \u25b7 Noticias de Casanare : Martha Cifuentes | Casanare\" src=\"https:\/\/marthacifuentes.com\/portada\/2023\/02\/20\/enerca-en-corto-circuito-reporta-millonarias-inversiones-en-infraestructura-pero-apagones-y-cortes-por-mantenimientos-son-constantes\/embed\/#?secret=d1x1ACfAnY#?secret=z5H2c7YwAy\" width=\"600\" height=\"649\" frameborder=\"0\" marginwidth=\"0\" marginheight=\"0\" scrolling=\"no\" sandbox=\"allow-scripts\" data-secret=\"z5H2c7YwAy\" data-mce-fragment=\"1\"><\/iframe><\/p>\n<p><iframe loading=\"lazy\" class=\"wp-embedded-content\" title=\"\u00abContralor\u00eda hurgar\u00e1 en la Eaaay manejo de temas presupuestales, financieros y de inversiones. \u00a0\u00bb \u2014 \u25b7 Noticias de Casanare : Martha Cifuentes | Casanare\" src=\"https:\/\/marthacifuentes.com\/portada\/2023\/02\/20\/contraloria-hurgara-en-la-eaaay-manejo-de-temas-presupuestales-financieros-y-de-inversiones\/embed\/#?secret=2IqEeXEUpU#?secret=gHfQMTgDME\" width=\"600\" height=\"572\" frameborder=\"0\" marginwidth=\"0\" marginheight=\"0\" scrolling=\"no\" sandbox=\"allow-scripts\" data-secret=\"gHfQMTgDME\" data-mce-fragment=\"1\"><\/iframe><\/p>\n<p><iframe loading=\"lazy\" class=\"wp-embedded-content\" title=\"\u00abCasanare, con petr\u00f3leo pero con p\u00e9simas carreteras asfaltadas del pa\u00eds, seg\u00fan el Inv\u00edas\u00bb \u2014 \u25b7 Noticias de Casanare : Martha Cifuentes | Casanare\" src=\"https:\/\/marthacifuentes.com\/portada\/2023\/02\/20\/casanare-con-petroleo-pero-con-pesimas-carreteras-asfaltadas-del-pais-segun-el-invias\/embed\/#?secret=UNS0UIdT8K#?secret=9c38LqVnWH\" width=\"600\" height=\"600\" frameborder=\"0\" marginwidth=\"0\" marginheight=\"0\" scrolling=\"no\" sandbox=\"allow-scripts\" data-secret=\"9c38LqVnWH\" data-mce-fragment=\"1\"><\/iframe><\/p>\n<p><iframe loading=\"lazy\" class=\"wp-embedded-content\" title=\"\u00abAves silvestres de Casanare, v\u00edctimas de Hemopar\u00e1sitos. Cient\u00edficos encuentran nuevas especies en este departamento.\u00bb \u2014 \u25b7 Noticias de Casanare : Martha Cifuentes | Casanare\" src=\"https:\/\/marthacifuentes.com\/portada\/2023\/02\/20\/aves-silvestres-de-casanare-victimas-de-hemoparasitos-cientificos-encuentran-nuevas-especies-en-este-departamento\/embed\/#?secret=BBurL3mSzF#?secret=HVU77WCafs\" width=\"600\" height=\"649\" frameborder=\"0\" marginwidth=\"0\" marginheight=\"0\" scrolling=\"no\" sandbox=\"allow-scripts\" data-secret=\"HVU77WCafs\" data-mce-fragment=\"1\"><\/iframe><\/p>\n<p><iframe loading=\"lazy\" class=\"wp-embedded-content\" title=\"\u00abIns\u00f3lito. Acuatodos contrat\u00f3 acueducto y alcantarillado donde no hay gente, solo grandes lotes en Yopal. \u00bfQui\u00e9n ser\u00eda el ganador?\u00bb \u2014 \u25b7 Noticias de Casanare : Martha Cifuentes | Casanare\" src=\"https:\/\/marthacifuentes.com\/portada\/2023\/02\/17\/insolito-acuatodos-contrato-acueducto-y-alcantarillado-donde-no-hay-gente-solo-grandes-lotes-en-yopal-quien-seria-el-ganador\/embed\/#?secret=Yk1RbnSfJ0#?secret=ZzV2pCo6r6\" width=\"600\" height=\"628\" frameborder=\"0\" marginwidth=\"0\" marginheight=\"0\" scrolling=\"no\" sandbox=\"allow-scripts\" data-secret=\"ZzV2pCo6r6\" data-mce-fragment=\"1\"><\/iframe><\/p>\n<p><iframe loading=\"lazy\" class=\"wp-embedded-content\" title=\"\u00abTorta de tres leches, causante de intoxicaci\u00f3n de 50 personas en Tauramena\u00bb \u2014 \u25b7 Noticias de Casanare : Martha Cifuentes | Casanare\" src=\"https:\/\/marthacifuentes.com\/portada\/2023\/02\/17\/torta-de-tres-leches-causante-de-intoxicacion-de-50-personas-en-tauramena\/embed\/#?secret=9r4P6zdzZ3#?secret=OFlRwOkkrs\" width=\"600\" height=\"620\" frameborder=\"0\" marginwidth=\"0\" marginheight=\"0\" scrolling=\"no\" sandbox=\"allow-scripts\" data-secret=\"OFlRwOkkrs\" data-mce-fragment=\"1\"><\/iframe><\/p>\n<p><iframe loading=\"lazy\" class=\"wp-embedded-content\" title=\"\u00abQu\u00e9 dice el meme que no le gust\u00f3 a C\u00e9sar Ortiz\u00bb \u2014 \u25b7 Noticias de Casanare : Martha Cifuentes | Casanare\" src=\"https:\/\/marthacifuentes.com\/portada\/2023\/02\/16\/que-dice-el-meme-que-no-le-gusto-a-cesar-ortiz\/embed\/#?secret=A9SO9RAAcY#?secret=RxME3LjZW6\" width=\"600\" height=\"571\" frameborder=\"0\" marginwidth=\"0\" marginheight=\"0\" scrolling=\"no\" sandbox=\"allow-scripts\" data-secret=\"RxME3LjZW6\" data-mce-fragment=\"1\"><\/iframe><\/p>\n<p><iframe loading=\"lazy\" class=\"wp-embedded-content\" title=\"\u00abVerano en Casanare, menos intenso que en temporada pasada. Menos tierra quemada por incendios.\u00bb \u2014 \u25b7 Noticias de Casanare : Martha Cifuentes | Casanare\" src=\"https:\/\/marthacifuentes.com\/portada\/2023\/02\/16\/verano-en-casanare-menos-intenso-que-en-temporada-pasada-menos-tierra-quemada-por-incendios\/embed\/#?secret=zelzB1lB1R#?secret=XBrOzAP0Rv\" width=\"600\" height=\"621\" frameborder=\"0\" marginwidth=\"0\" marginheight=\"0\" scrolling=\"no\" sandbox=\"allow-scripts\" data-secret=\"XBrOzAP0Rv\" data-mce-fragment=\"1\"><\/iframe><\/p>\n<p><iframe loading=\"lazy\" class=\"wp-embedded-content\" title=\"\u00abCapresoca vincul\u00f3 a n\u00f3mina a 28 funcionarios que laboraban mediante OPS.\u00bb \u2014 \u25b7 Noticias de Casanare : Martha Cifuentes | Casanare\" src=\"https:\/\/marthacifuentes.com\/portada\/2023\/02\/16\/capresoca-vinculo-a-nomina-a-28-funcionarios-que-laboraban-mediante-ops\/embed\/#?secret=An0AgntT7e#?secret=aK7sEQTfsz\" width=\"600\" height=\"621\" frameborder=\"0\" marginwidth=\"0\" marginheight=\"0\" scrolling=\"no\" sandbox=\"allow-scripts\" data-secret=\"aK7sEQTfsz\" data-mce-fragment=\"1\"><\/iframe><\/p>\n<p><iframe loading=\"lazy\" class=\"wp-embedded-content\" title=\"\u00abReparamilitarizaci\u00f3n en Casanare. Los combatientes nunca se fueron: Delegaci\u00f3n Asturiana de Paz\u00bb \u2014 \u25b7 Noticias de Casanare : Martha Cifuentes | Casanare\" src=\"https:\/\/marthacifuentes.com\/portada\/2023\/02\/16\/reparamilitarizacion-en-casanare-los-combatientes-nunca-se-fueron-delegacion-asturiana-de-paz\/embed\/#?secret=pdEg8cMZzb#?secret=aLoKgyiv7W\" width=\"600\" height=\"621\" frameborder=\"0\" marginwidth=\"0\" marginheight=\"0\" scrolling=\"no\" sandbox=\"allow-scripts\" data-secret=\"aLoKgyiv7W\" data-mce-fragment=\"1\"><\/iframe><\/p>\n<p><iframe loading=\"lazy\" class=\"wp-embedded-content\" title=\"\u00abMuerte de ni\u00f1a de 13 a\u00f1os de Paz de Ariporo, causa inquietud en autoridades. Se investiga su posible suicidio.\u00bb \u2014 \u25b7 Noticias de Casanare : Martha Cifuentes | Casanare\" src=\"https:\/\/marthacifuentes.com\/portada\/2023\/02\/15\/muerte-de-nina-de-13-anos-de-paz-de-ariporo-causa-inquietud-en-autoridades-se-investiga-su-posible-suicidio\/embed\/#?secret=Imav02EFc5#?secret=P2XpYIllGH\" width=\"600\" height=\"628\" frameborder=\"0\" marginwidth=\"0\" marginheight=\"0\" scrolling=\"no\" sandbox=\"allow-scripts\" data-secret=\"P2XpYIllGH\" data-mce-fragment=\"1\"><\/iframe><\/p>\n<p><iframe loading=\"lazy\" class=\"wp-embedded-content\" title=\"\u00abSer\u00eda triste para Casanare la liquidaci\u00f3n de Capresoca y poner sus usuarios en otra EPS: Gobernador Salom\u00f3n Sanabria\u00bb \u2014 \u25b7 Noticias de Casanare : Martha Cifuentes | Casanare\" src=\"https:\/\/marthacifuentes.com\/portada\/2023\/02\/15\/seria-triste-para-casanare-la-liquidacion-de-capresoca-y-poner-sus-usuarios-en-otra-eps-gobernador-salomon-sanabria\/embed\/#?secret=vqhp1F1e7r#?secret=4kdFz273dQ\" width=\"600\" height=\"649\" frameborder=\"0\" marginwidth=\"0\" marginheight=\"0\" scrolling=\"no\" sandbox=\"allow-scripts\" data-secret=\"4kdFz273dQ\" data-mce-fragment=\"1\"><\/iframe><\/p>\n<p><iframe loading=\"lazy\" class=\"wp-embedded-content\" title=\"\u00abFiscal\u00eda tiene listas 11 \u00f3rdenes de captura contra bandas delincuenciales de Yopal.\u00bb \u2014 \u25b7 Noticias de Casanare : Martha Cifuentes | Casanare\" src=\"https:\/\/marthacifuentes.com\/portada\/2023\/02\/15\/fiscalia-tiene-listas-11-ordenes-de-captura-contra-bandas-delincuenciales-de-yopal\/embed\/#?secret=htGFEEAN56#?secret=8Gug5kL1KU\" width=\"600\" height=\"621\" frameborder=\"0\" marginwidth=\"0\" marginheight=\"0\" scrolling=\"no\" sandbox=\"allow-scripts\" data-secret=\"8Gug5kL1KU\" data-mce-fragment=\"1\"><\/iframe><\/p>\n<p><iframe loading=\"lazy\" class=\"wp-embedded-content\" title=\"\u00abMujeres se empoderan en el crimen. Tres fueron capturadas en Paz de Ariporo.\u00bb \u2014 \u25b7 Noticias de Casanare : Martha Cifuentes | Casanare\" src=\"https:\/\/marthacifuentes.com\/portada\/2023\/02\/14\/mujeres-se-empoderan-en-el-crimen-tres-fueron-capturadas-en-paz-de-ariporo\/embed\/#?secret=2vSvwdminu#?secret=hht7GIelMm\" width=\"600\" height=\"621\" frameborder=\"0\" marginwidth=\"0\" marginheight=\"0\" scrolling=\"no\" sandbox=\"allow-scripts\" data-secret=\"hht7GIelMm\" data-mce-fragment=\"1\"><\/iframe><\/p>\n<p><iframe loading=\"lazy\" class=\"wp-embedded-content\" title=\"\u00abCapresoca ser\u00eda de una de las EPS que se acabar\u00eda con reforma a la salud propuesta por el gobierno\u00bb \u2014 \u25b7 Noticias de Casanare : Martha Cifuentes | Casanare\" src=\"https:\/\/marthacifuentes.com\/portada\/2023\/02\/14\/capresoca-seria-de-una-de-las-eps-que-se-acabaria-con-reforma-a-la-salud-propuesta-por-el-gobierno\/embed\/#?secret=Zuc8JGAjrD#?secret=TRTFBmxqBa\" width=\"600\" height=\"600\" frameborder=\"0\" marginwidth=\"0\" marginheight=\"0\" scrolling=\"no\" sandbox=\"allow-scripts\" data-secret=\"TRTFBmxqBa\" data-mce-fragment=\"1\"><\/iframe><\/p>\n<p><iframe loading=\"lazy\" class=\"wp-embedded-content\" title=\"\u00abEn 2023, menos incendios forestales en Yopal.\u00bb \u2014 \u25b7 Noticias de Casanare : Martha Cifuentes | Casanare\" src=\"https:\/\/marthacifuentes.com\/portada\/2023\/02\/14\/en-2023-menos-incendios-forestales-en-yopal\/embed\/#?secret=g7zU7ZriMR#?secret=uJF2Gmg37t\" width=\"600\" height=\"570\" frameborder=\"0\" marginwidth=\"0\" marginheight=\"0\" scrolling=\"no\" sandbox=\"allow-scripts\" data-secret=\"uJF2Gmg37t\" data-mce-fragment=\"1\"><\/iframe><\/p>\n<p><iframe loading=\"lazy\" class=\"wp-embedded-content\" title=\"\u00abSigue pol\u00e9mica en Alcald\u00eda de Yopal por motos del tr\u00e1nsito sin SOAT vigentes.\u00bb \u2014 \u25b7 Noticias de Casanare : Martha Cifuentes | Casanare\" src=\"https:\/\/marthacifuentes.com\/portada\/2023\/02\/14\/sigue-polemica-en-alcaldia-de-yopal-por-motos-del-transito-sin-soat-vigentes\/embed\/#?secret=vFTELq88Pg#?secret=Fbz06pZznx\" width=\"600\" height=\"613\" frameborder=\"0\" marginwidth=\"0\" marginheight=\"0\" scrolling=\"no\" sandbox=\"allow-scripts\" data-secret=\"Fbz06pZznx\" data-mce-fragment=\"1\"><\/iframe><\/p>\n<p><iframe loading=\"lazy\" class=\"wp-embedded-content\" title=\"\u00abEln cuestiona a contratista de ruta de Los Libertadores en Casanare por demora en obras.\u00bb \u2014 \u25b7 Noticias de Casanare : Martha Cifuentes | Casanare\" src=\"https:\/\/marthacifuentes.com\/portada\/2023\/02\/14\/eln-cuestiona-a-contratista-de-ruta-de-los-libertadores-en-casanare-por-demora-en-obras\/embed\/#?secret=hiqIzzMzWB#?secret=AxIWbuCVaX\" width=\"600\" height=\"537\" frameborder=\"0\" marginwidth=\"0\" marginheight=\"0\" scrolling=\"no\" sandbox=\"allow-scripts\" data-secret=\"AxIWbuCVaX\" data-mce-fragment=\"1\"><\/iframe><\/p>\n<p><iframe loading=\"lazy\" class=\"wp-embedded-content\" title=\"\u00abA paso de tortuga avanza Urbanizaci\u00f3n Mariselas en Yopal. Solo se ha entregado 33% de apartamentos.\u00bb \u2014 \u25b7 Noticias de Casanare : Martha Cifuentes | Casanare\" src=\"https:\/\/marthacifuentes.com\/portada\/2023\/02\/13\/a-paso-de-tortuga-avanza-urbanizacion-mariselas-en-yopal-solo-se-ha-entregado-33-de-apartamentos\/embed\/#?secret=7OasCFEAn2#?secret=eZ0PZ1D7uW\" width=\"600\" height=\"600\" frameborder=\"0\" marginwidth=\"0\" marginheight=\"0\" scrolling=\"no\" sandbox=\"allow-scripts\" data-secret=\"eZ0PZ1D7uW\" data-mce-fragment=\"1\"><\/iframe><\/p>\n<p><iframe loading=\"lazy\" class=\"wp-embedded-content\" title=\"\u00abUsuarios de Yopal a pagar 16% m\u00e1s, por agua, alcantarillado y aseo, frente a enero de 2022.\u00bb \u2014 \u25b7 Noticias de Casanare : Martha Cifuentes | Casanare\" src=\"https:\/\/marthacifuentes.com\/portada\/2023\/02\/13\/usuarios-de-yopal-a-pagar-16-mas-por-agua-alcantarillado-y-aseo-frente-a-enero-de-2022\/embed\/#?secret=a7Zo16ZLuu#?secret=lT6M0RlZE1\" width=\"600\" height=\"600\" frameborder=\"0\" marginwidth=\"0\" marginheight=\"0\" scrolling=\"no\" sandbox=\"allow-scripts\" data-secret=\"lT6M0RlZE1\" data-mce-fragment=\"1\"><\/iframe><\/p>\n<p><iframe loading=\"lazy\" class=\"wp-embedded-content\" title=\"\u00abNo fue una, ni fueron dos, fueron al menos 4 las motos de la Alcald\u00eda de Yopal sin SOAT vigente al 7 de febrero.\u00bb \u2014 \u25b7 Noticias de Casanare : Martha Cifuentes | Casanare\" src=\"https:\/\/marthacifuentes.com\/portada\/2023\/02\/10\/no-fue-una-ni-fueron-dos-fueron-al-menos-4-las-motos-de-la-alcaldia-de-yopal-sin-soat-vigente-al-7-de-febrero\/embed\/#?secret=4RlkQWxIif#?secret=MUexUcdgHg\" width=\"600\" height=\"621\" frameborder=\"0\" marginwidth=\"0\" marginheight=\"0\" scrolling=\"no\" sandbox=\"allow-scripts\" data-secret=\"MUexUcdgHg\" data-mce-fragment=\"1\"><\/iframe><\/p>\n<p><iframe loading=\"lazy\" class=\"wp-embedded-content\" title=\"\u00abUn joven muerto y uno herido, deja accidente en zona rural de Trinidad al chocar moto contra un \u00e1rbol\u00bb \u2014 \u25b7 Noticias de Casanare : Martha Cifuentes | Casanare\" src=\"https:\/\/marthacifuentes.com\/portada\/2023\/02\/10\/un-joven-muerto-y-uno-herido-deja-accidente-en-zona-rural-de-trinidad-al-chocar-moto-contra-un-arbol\/embed\/#?secret=avynDh6WOJ#?secret=blRnLax1BF\" width=\"600\" height=\"559\" frameborder=\"0\" marginwidth=\"0\" marginheight=\"0\" scrolling=\"no\" sandbox=\"allow-scripts\" data-secret=\"blRnLax1BF\" data-mce-fragment=\"1\"><\/iframe><\/p>\n<p><iframe loading=\"lazy\" class=\"wp-embedded-content\" title=\"\u00abSoldado profesional muri\u00f3 quemado en absurdo accidente en su moto en San Luis de Palenque\u00bb \u2014 \u25b7 Noticias de Casanare : Martha Cifuentes | Casanare\" src=\"https:\/\/marthacifuentes.com\/portada\/2023\/02\/10\/soldado-profesional-murio-quemado-en-absurdo-accidente-en-su-moto-en-san-luis-de-palenque\/embed\/#?secret=Sznkd40nSW#?secret=XjLkcsRxIi\" width=\"600\" height=\"621\" frameborder=\"0\" marginwidth=\"0\" marginheight=\"0\" scrolling=\"no\" sandbox=\"allow-scripts\" data-secret=\"XjLkcsRxIi\" data-mce-fragment=\"1\"><\/iframe><\/p>\n<p><iframe loading=\"lazy\" class=\"wp-embedded-content\" title=\"\u00abAgente de tr\u00e1nsito de Yopal pillado sin SOAT por parte de un l\u00edder y veedor social\u00bb \u2014 \u25b7 Noticias de Casanare : Martha Cifuentes | Casanare\" src=\"https:\/\/marthacifuentes.com\/portada\/2023\/02\/08\/agente-de-transito-de-yopal-pillado-sin-soat-por-parte-de-un-lider-y-veedor-social\/embed\/#?secret=Mg5QRgP4iZ#?secret=wFSL8D1G4J\" width=\"600\" height=\"621\" frameborder=\"0\" marginwidth=\"0\" marginheight=\"0\" scrolling=\"no\" sandbox=\"allow-scripts\" data-secret=\"wFSL8D1G4J\" data-mce-fragment=\"1\"><\/iframe><\/p>\n<p><iframe loading=\"lazy\" class=\"wp-embedded-content\" title=\"\u00abBandas delincuenciales Los Boyacos y Los Rompellanos se toman a Yopal.\u00bb \u2014 \u25b7 Noticias de Casanare : Martha Cifuentes | Casanare\" src=\"https:\/\/marthacifuentes.com\/portada\/2023\/02\/08\/bandas-delincuenciales-los-boyacos-y-los-rompellanos-se-toman-a-yopal\/embed\/#?secret=KkiG72RPpX#?secret=WpJmdPOL34\" width=\"600\" height=\"621\" frameborder=\"0\" marginwidth=\"0\" marginheight=\"0\" scrolling=\"no\" sandbox=\"allow-scripts\" data-secret=\"WpJmdPOL34\" data-mce-fragment=\"1\"><\/iframe><\/p>\n<p><iframe loading=\"lazy\" class=\"wp-embedded-content\" title=\"\u00ab3 heridos en promedio diarios en accidentes de tr\u00e1nsito en \u00faltima semana en Yopal\u00bb \u2014 \u25b7 Noticias de Casanare : Martha Cifuentes | Casanare\" src=\"https:\/\/marthacifuentes.com\/portada\/2023\/02\/08\/3-heridos-en-promedio-diarios-en-accidentes-de-transito-en-ultima-semana-en-yopal\/embed\/#?secret=HW6ebhFxrA#?secret=s7WFV5xjQ7\" width=\"600\" height=\"329\" frameborder=\"0\" marginwidth=\"0\" marginheight=\"0\" scrolling=\"no\" sandbox=\"allow-scripts\" data-secret=\"s7WFV5xjQ7\" data-mce-fragment=\"1\"><\/iframe><\/p>\n<p><iframe loading=\"lazy\" class=\"wp-embedded-content\" title=\"\u00abAvaluador Luis Adalberto Pacheco muri\u00f3 luego de ser picado por una avispa en Yopal\u00bb \u2014 \u25b7 Noticias de Casanare : Martha Cifuentes | Casanare\" src=\"https:\/\/marthacifuentes.com\/portada\/2023\/02\/08\/avaluador-luis-adalberto-pacheco-murio-luego-de-ser-picado-por-una-avispa-en-yopal\/embed\/#?secret=9p5fIXebhV#?secret=outJvebhoz\" width=\"600\" height=\"621\" frameborder=\"0\" marginwidth=\"0\" marginheight=\"0\" scrolling=\"no\" sandbox=\"allow-scripts\" data-secret=\"outJvebhoz\" data-mce-fragment=\"1\"><\/iframe><\/p>\n<p><iframe loading=\"lazy\" class=\"wp-embedded-content\" title=\"\u00abAnciano violador y ped\u00f3filo, condenado a 25 a\u00f1os de prisi\u00f3n. Abusaba de ni\u00f1a en Paz de Arirporo, Casanare.\u00bb \u2014 \u25b7 Noticias de Casanare : Martha Cifuentes | Casanare\" src=\"https:\/\/marthacifuentes.com\/portada\/2023\/02\/07\/anciano-violador-y-pedofilo-condenado-a-25-anos-de-prision-abusaba-de-nina-en-paz-de-arirporo-casanare\/embed\/#?secret=BPA3dXk0ny#?secret=hIh7Xpz9mC\" width=\"600\" height=\"597\" frameborder=\"0\" marginwidth=\"0\" marginheight=\"0\" scrolling=\"no\" sandbox=\"allow-scripts\" data-secret=\"hIh7Xpz9mC\" data-mce-fragment=\"1\"><\/iframe><\/p>\n<p><iframe loading=\"lazy\" class=\"wp-embedded-content\" title=\"\u00abSicariado \u201ccobradiario\u201d, en Aguazul\u00bb \u2014 \u25b7 Noticias de Casanare : Martha Cifuentes | Casanare\" src=\"https:\/\/marthacifuentes.com\/portada\/2023\/02\/07\/sicariado-cobradiario-en-aguazul\/embed\/#?secret=Mi9UYKZnil#?secret=KI6w4YzEso\" width=\"600\" height=\"571\" frameborder=\"0\" marginwidth=\"0\" marginheight=\"0\" scrolling=\"no\" sandbox=\"allow-scripts\" data-secret=\"KI6w4YzEso\" data-mce-fragment=\"1\"><\/iframe><\/p>\n<p><iframe loading=\"lazy\" class=\"wp-embedded-content\" title=\"\u00abTaxistas le ganaron el pulso al alcalde de Yopal Luis Eduardo Castro. Pusieron en jaque la movilidad en la Marginal del Llano y ah\u00ed s\u00ed fueron atendidos.\u00bb \u2014 \u25b7 Noticias de Casanare : Martha Cifuentes | Casanare\" src=\"https:\/\/marthacifuentes.com\/portada\/2023\/02\/07\/taxistas-le-ganaron-el-pulso-al-alcalde-de-yopal-luis-eduardo-castro-pusieron-en-jaque-la-movilidad-en-la-marginal-del-llano-y-ahi-si-fueron-atendidos\/embed\/#?secret=8L7fh9cdb3#?secret=TsXifVCMt7\" width=\"600\" height=\"566\" frameborder=\"0\" marginwidth=\"0\" marginheight=\"0\" scrolling=\"no\" sandbox=\"allow-scripts\" data-secret=\"TsXifVCMt7\" data-mce-fragment=\"1\"><\/iframe><\/p>\n<p><iframe loading=\"lazy\" class=\"wp-embedded-content\" title=\"\u00abSemana Ambiental, proyecto del Instituto T\u00e9cnico Ambiental, en ranking de 500 iniciativas en pro del desarrollo ambiental.\u00bb \u2014 \u25b7 Noticias de Casanare : Martha Cifuentes | Casanare\" src=\"https:\/\/marthacifuentes.com\/portada\/2023\/02\/07\/semana-ambiental-proyecto-del-instituto-tecnico-ambiental-en-ranking-de-500-iniciativas-en-pro-del-desarrollo-ambiental\/embed\/#?secret=IJcQQoljnn#?secret=K1lrp8CNIf\" width=\"600\" height=\"649\" frameborder=\"0\" marginwidth=\"0\" marginheight=\"0\" scrolling=\"no\" sandbox=\"allow-scripts\" data-secret=\"K1lrp8CNIf\" data-mce-fragment=\"1\"><\/iframe><\/p>\n<p><iframe loading=\"lazy\" class=\"wp-embedded-content\" title=\"\u00abBloqueo de v\u00eda que conduce a vereda Rubiales, Puerto Ga\u00edtan, genera rechazo de petroleras\u00bb \u2014 \u25b7 Noticias de Casanare : Martha Cifuentes | Casanare\" src=\"https:\/\/marthacifuentes.com\/portada\/2023\/02\/06\/bloqueo-de-via-que-conduce-a-vereda-rubiales-puerto-gaitan-genera-rechazo-de-petroleras\/embed\/#?secret=ZsjEqLTKIl#?secret=idaRMH6ZXm\" width=\"600\" height=\"621\" frameborder=\"0\" marginwidth=\"0\" marginheight=\"0\" scrolling=\"no\" sandbox=\"allow-scripts\" data-secret=\"idaRMH6ZXm\" data-mce-fragment=\"1\"><\/iframe><\/p>\n<p><iframe loading=\"lazy\" class=\"wp-embedded-content\" title=\"\u00abSetty seguir\u00e1 sin poder cobrar a la Alcald\u00eda de Yopal deuda por abandono de veh\u00edculos en su parqueadero. As\u00ed lo determin\u00f3 Consejo de Estado\u00bb \u2014 \u25b7 Noticias de Casanare : Martha Cifuentes | Casanare\" src=\"https:\/\/marthacifuentes.com\/portada\/2023\/02\/06\/setty-seguira-sin-poder-cobrar-a-la-alcaldia-de-yopal-deuda-por-abandono-de-vehiculos-en-su-parqueadero-asi-lo-determino-consejo-de-estado\/embed\/#?secret=hWLoLEgopq#?secret=qzUkrbysrE\" width=\"600\" height=\"649\" frameborder=\"0\" marginwidth=\"0\" marginheight=\"0\" scrolling=\"no\" sandbox=\"allow-scripts\" data-secret=\"qzUkrbysrE\" data-mce-fragment=\"1\"><\/iframe><\/p>\n<p><iframe loading=\"lazy\" class=\"wp-embedded-content\" title=\"\u00abJuzgado de Yopal reconviene al gobernador de Casanare y advierte multa por no se\u00f1alizar y mantener v\u00eda Yopal-Morichal-Tilodir\u00e1n-El Algarrobo\u00bb \u2014 \u25b7 Noticias de Casanare : Martha Cifuentes | Casanare\" src=\"https:\/\/marthacifuentes.com\/portada\/2023\/02\/06\/juzgado-de-yopal-reconviene-al-gobernador-de-casanare-y-advierte-multa-por-no-senalizar-y-mantener-via-yopal-morichal-tilodiran-el-algarrobo\/embed\/#?secret=URQeJpqKa8#?secret=SEW2opN35t\" width=\"600\" height=\"649\" frameborder=\"0\" marginwidth=\"0\" marginheight=\"0\" scrolling=\"no\" sandbox=\"allow-scripts\" data-secret=\"SEW2opN35t\" data-mce-fragment=\"1\"><\/iframe><\/p>\n<p><iframe loading=\"lazy\" class=\"wp-embedded-content\" title=\"\u00abPadre e hijo, ganadero y coleador, asesinados en Barranca de Up\u00eda, Meta, en l\u00edmite con Casanare.\u00bb \u2014 \u25b7 Noticias de Casanare : Martha Cifuentes | Casanare\" src=\"https:\/\/marthacifuentes.com\/portada\/2023\/02\/03\/padre-e-hijo-ganadero-y-coleador-asesinados-en-barranca-de-upia-meta-en-limite-con-casanare\/embed\/#?secret=vfk3fZ6RtZ#?secret=0aBib95yCT\" width=\"600\" height=\"600\" frameborder=\"0\" marginwidth=\"0\" marginheight=\"0\" scrolling=\"no\" sandbox=\"allow-scripts\" data-secret=\"0aBib95yCT\" data-mce-fragment=\"1\"><\/iframe><\/p>\n<p><iframe loading=\"lazy\" class=\"wp-embedded-content\" title=\"\u00abRegistradur\u00eda habilit\u00f3 en Casanare 4 puntos m\u00f3viles de inscripci\u00f3n de ciudadanos para votar en elecciones 2023\u00bb \u2014 \u25b7 Noticias de Casanare : Martha Cifuentes | Casanare\" src=\"https:\/\/marthacifuentes.com\/portada\/2023\/02\/03\/registraduria-habilito-en-casanare-4-puntos-moviles-de-inscripcion-de-ciudadanos-para-votar-en-elecciones-2023\/embed\/#?secret=9mwbDlTJ8I#?secret=DfOMQymAG5\" width=\"600\" height=\"649\" frameborder=\"0\" marginwidth=\"0\" marginheight=\"0\" scrolling=\"no\" sandbox=\"allow-scripts\" data-secret=\"DfOMQymAG5\" data-mce-fragment=\"1\"><\/iframe><\/p>\n<p><iframe loading=\"lazy\" class=\"wp-embedded-content\" title=\"\u00abAbiertas inscripciones para conformar la Mesa Municipal de participaci\u00f3n Efectiva de V\u00edctimas de Yopal.\u00bb \u2014 \u25b7 Noticias de Casanare : Martha Cifuentes | Casanare\" src=\"https:\/\/marthacifuentes.com\/portada\/2023\/02\/03\/abiertas-inscripciones-para-conformar-la-mesa-municipal-de-participacion-efectiva-de-victimas-de-yopal\/embed\/#?secret=u4sJmBusHs#?secret=6jcyU1vVYf\" width=\"600\" height=\"614\" frameborder=\"0\" marginwidth=\"0\" marginheight=\"0\" scrolling=\"no\" sandbox=\"allow-scripts\" data-secret=\"6jcyU1vVYf\" data-mce-fragment=\"1\"><\/iframe><\/p>\n<p><iframe loading=\"lazy\" class=\"wp-embedded-content\" title=\"\u00abDos suicidios de ancianos en Casanare en menos de una semana alerta sobre problem\u00e1tica de salud mental en la tercera edad\u00bb \u2014 \u25b7 Noticias de Casanare : Martha Cifuentes | Casanare\" src=\"https:\/\/marthacifuentes.com\/portada\/2023\/02\/03\/dos-suicidios-de-ancianos-en-casanare-en-menos-de-una-semana-alerta-sobre-problematica-de-salud-mental-en-la-tercera-edad\/embed\/#?secret=4sPNlqPcAg#?secret=dZ28z6D2Sf\" width=\"600\" height=\"294\" frameborder=\"0\" marginwidth=\"0\" marginheight=\"0\" scrolling=\"no\" sandbox=\"allow-scripts\" data-secret=\"dZ28z6D2Sf\" data-mce-fragment=\"1\"><\/iframe><\/p>\n<p><iframe loading=\"lazy\" class=\"wp-embedded-content\" title=\"\u00abTaxistas de Yopal en paro desde la pr\u00f3xima semana. El pago de seguridad social, uno de los motivos.\u00bb \u2014 \u25b7 Noticias de Casanare : Martha Cifuentes | Casanare\" src=\"https:\/\/marthacifuentes.com\/portada\/2023\/02\/03\/taxistas-de-yopal-en-paro-desde-la-proxima-semana-el-pago-de-seguridad-social-uno-de-los-motivos\/embed\/#?secret=STZHXK0ANm#?secret=yJ7QDjRv3U\" width=\"600\" height=\"594\" frameborder=\"0\" marginwidth=\"0\" marginheight=\"0\" scrolling=\"no\" sandbox=\"allow-scripts\" data-secret=\"yJ7QDjRv3U\" data-mce-fragment=\"1\"><\/iframe><\/p>\n<p><iframe loading=\"lazy\" class=\"wp-embedded-content\" title=\"\u00abCapturado redomado ladr\u00f3n de 24 a\u00f1os, con 11 anotaciones en el SPOA, en Yopal\u00bb \u2014 \u25b7 Noticias de Casanare : Martha Cifuentes | Casanare\" src=\"https:\/\/marthacifuentes.com\/portada\/2023\/02\/02\/capturado-redomado-ladron-de-24-anos-con-11-anotaciones-en-el-spoa-en-yopal\/embed\/#?secret=pjfjxgGRSs#?secret=nAN3jTWfdp\" width=\"600\" height=\"621\" frameborder=\"0\" marginwidth=\"0\" marginheight=\"0\" scrolling=\"no\" sandbox=\"allow-scripts\" data-secret=\"nAN3jTWfdp\" data-mce-fragment=\"1\"><\/iframe><\/p>\n<p><iframe loading=\"lazy\" class=\"wp-embedded-content\" title=\"\u00abEn menos de 48 horas dos establecimientos comerciales de Yopal fueron atracados por bandas de media docena de j\u00f3venes motorizados.\u00bb \u2014 \u25b7 Noticias de Casanare : Martha Cifuentes | Casanare\" src=\"https:\/\/marthacifuentes.com\/portada\/2023\/02\/02\/en-menos-de-48-horas-dos-establecimientos-comerciales-de-yopal-fueron-atracados-por-bandas-de-media-docena-de-jovenes-motorizados\/embed\/#?secret=3peKn1lAqI#?secret=R6eXVhO9St\" width=\"600\" height=\"619\" frameborder=\"0\" marginwidth=\"0\" marginheight=\"0\" scrolling=\"no\" sandbox=\"allow-scripts\" data-secret=\"R6eXVhO9St\" data-mce-fragment=\"1\"><\/iframe><\/p>\n<p><iframe loading=\"lazy\" class=\"wp-embedded-content\" title=\"\u00abSacerdote de la Ciudadela La Bendici\u00f3n en Yopal denuncia al delincuente JJ Torres por amenazas contra su vida.\u00bb \u2014 \u25b7 Noticias de Casanare : Martha Cifuentes | Casanare\" src=\"https:\/\/marthacifuentes.com\/portada\/2023\/02\/02\/sacerdote-de-la-ciudadela-la-bendicion-en-yopal-denuncia-al-delincuente-jj-torres-por-amenazas-contra-su-vida\/embed\/#?secret=q5F9iLwPsx#?secret=H1LuwV10qK\" width=\"600\" height=\"616\" frameborder=\"0\" marginwidth=\"0\" marginheight=\"0\" scrolling=\"no\" sandbox=\"allow-scripts\" data-secret=\"H1LuwV10qK\" data-mce-fragment=\"1\"><\/iframe><\/p>\n<p><iframe loading=\"lazy\" class=\"wp-embedded-content\" title=\"\u00abAlcald\u00eda de Yopal no inicio PAE a tiempo por ineficiencia en la contrataci\u00f3n afirma Contralor\u00eda General\u00bb \u2014 \u25b7 Noticias de Casanare : Martha Cifuentes | Casanare\" src=\"https:\/\/marthacifuentes.com\/portada\/2023\/02\/02\/alcaldia-de-yopal-no-inicio-pae-a-tiempo-por-ineficiencia-en-la-contratacion-afirma-contraloria-general\/embed\/#?secret=p0yyUNJBFq#?secret=tfl9bLy0L3\" width=\"600\" height=\"530\" frameborder=\"0\" marginwidth=\"0\" marginheight=\"0\" scrolling=\"no\" sandbox=\"allow-scripts\" data-secret=\"tfl9bLy0L3\" data-mce-fragment=\"1\"><\/iframe><\/p>\n<p><iframe loading=\"lazy\" class=\"wp-embedded-content\" title=\"\u00abEn Yopal solo habr\u00e1 PAE luego de Semana Santa, por mala planeaci\u00f3n de la Alcald\u00eda, dicen los rectores.\u00bb \u2014 \u25b7 Noticias de Casanare : Martha Cifuentes | Casanare\" src=\"https:\/\/marthacifuentes.com\/portada\/2023\/02\/01\/en-yopal-solo-habra-pae-luego-de-semana-santa-por-mala-planeacion-de-la-alcaldia-dicen-los-rectores\/embed\/#?secret=beXNhQzWbw#?secret=gxPKtull1l\" width=\"600\" height=\"565\" frameborder=\"0\" marginwidth=\"0\" marginheight=\"0\" scrolling=\"no\" sandbox=\"allow-scripts\" data-secret=\"gxPKtull1l\" data-mce-fragment=\"1\"><\/iframe><\/p>\n<p><iframe loading=\"lazy\" class=\"wp-embedded-content\" title=\"\u00abEcopetrol, en la onda de la transici\u00f3n energ\u00e9tica, comenz\u00f3 a usar veh\u00edculos el\u00e9ctricos en sus operaciones de Casanare\u00a0\u00bb \u2014 \u25b7 Noticias de Casanare : Martha Cifuentes | Casanare\" src=\"https:\/\/marthacifuentes.com\/portada\/2023\/01\/31\/ecopetrol-en-la-onda-de-la-transicion-energetica-comenzo-a-usar-vehiculos-electricos-en-sus-operaciones-de-casanare\/embed\/#?secret=NtHbW6UqXP#?secret=aS9U92dJJJ\" width=\"600\" height=\"649\" frameborder=\"0\" marginwidth=\"0\" marginheight=\"0\" scrolling=\"no\" sandbox=\"allow-scripts\" data-secret=\"aS9U92dJJJ\" data-mce-fragment=\"1\"><\/iframe><\/p>\n<p><iframe loading=\"lazy\" class=\"wp-embedded-content\" title=\"\u00abEl repudiable feminicidio de Laura Camila Due\u00f1as en Yopal genera perversa controversia en redes sociales\u00bb \u2014 \u25b7 Noticias de Casanare : Martha Cifuentes | Casanare\" src=\"https:\/\/marthacifuentes.com\/portada\/2023\/01\/31\/el-repudiable-feminicidio-de-laura-camila-duenas-en-yopal-genera-perversa-controversia-en-redes-sociales\/embed\/#?secret=BU4X4xbVRn#?secret=kHgot5bgAs\" width=\"600\" height=\"559\" frameborder=\"0\" marginwidth=\"0\" marginheight=\"0\" scrolling=\"no\" sandbox=\"allow-scripts\" data-secret=\"kHgot5bgAs\" data-mce-fragment=\"1\"><\/iframe><\/p>\n<p><iframe loading=\"lazy\" class=\"wp-embedded-content\" title=\"\u00abUnitr\u00f3pico aumentar\u00e1 en 95 el n\u00famero de admitidos para estudiar en el semestre 2023 A\u00bb \u2014 \u25b7 Noticias de Casanare : Martha Cifuentes | Casanare\" src=\"https:\/\/marthacifuentes.com\/portada\/2023\/01\/27\/unitropico-aumentara-en-95-el-numero-de-admitidos-para-estudiar-en-el-semestre-2023-a\/embed\/#?secret=XrdnsyNiH3#?secret=HgXUE5VNvS\" width=\"600\" height=\"621\" frameborder=\"0\" marginwidth=\"0\" marginheight=\"0\" scrolling=\"no\" sandbox=\"allow-scripts\" data-secret=\"HgXUE5VNvS\" data-mce-fragment=\"1\"><\/iframe><\/p>\n<p><iframe loading=\"lazy\" class=\"wp-embedded-content\" title=\"\u00abSe va Felipe Bay\u00f3n de Ecopetrol. Empresa caza talentos buscar\u00e1 nuevo presidente.\u00bb \u2014 \u25b7 Noticias de Casanare : Martha Cifuentes | Casanare\" src=\"https:\/\/marthacifuentes.com\/portada\/2023\/01\/27\/se-va-felipe-bayon-de-ecopetrol-empresa-caza-talentos-buscara-nuevo-presidente\/embed\/#?secret=8V72BFXq8l#?secret=2fjODgGlJq\" width=\"600\" height=\"600\" frameborder=\"0\" marginwidth=\"0\" marginheight=\"0\" scrolling=\"no\" sandbox=\"allow-scripts\" data-secret=\"2fjODgGlJq\" data-mce-fragment=\"1\"><\/iframe><\/p>\n<p><iframe loading=\"lazy\" class=\"wp-embedded-content\" title=\"\u00abEl asesor jur\u00eddico de la Alcald\u00eda de Aguazul y el vicerrector de Unitr\u00f3pico, SALpicados por la Contralor\u00eda con fallo de responsabilidad fiscal por $900 millones. Exalcalde Fernando Camacho se salv\u00f3.\u00bb \u2014 \u25b7 Noticias de Casanare : Martha Cifuentes | Casanare\" src=\"https:\/\/marthacifuentes.com\/portada\/2023\/01\/27\/el-asesor-juridico-de-la-alcaldia-de-aguazul-y-el-vicerrector-de-unitropico-salpicados-por-la-contraloria-con-fallo-de-responsabilidad-fiscal-por-900-millones-exalcalde-fernando-camacho-se-salvo\/embed\/#?secret=BvmDCR49Nr#?secret=aliReACcHN\" width=\"600\" height=\"648\" frameborder=\"0\" marginwidth=\"0\" marginheight=\"0\" scrolling=\"no\" sandbox=\"allow-scripts\" data-secret=\"aliReACcHN\" data-mce-fragment=\"1\"><\/iframe><\/p>\n<p><iframe loading=\"lazy\" class=\"wp-embedded-content\" title=\"\u00abQu\u00e9 pudo llevar a don Luis Vaca, tradicional comerciante de Villanueva, a quitarse la vida\u00bb \u2014 \u25b7 Noticias de Casanare : Martha Cifuentes | Casanare\" src=\"https:\/\/marthacifuentes.com\/portada\/2023\/01\/25\/que-pudo-llevar-a-don-luis-vaca-tradicional-comerciante-de-villanueva-a-quitarse-la-vida\/embed\/#?secret=fiQMvAYlmR#?secret=rFZ1A7vgqE\" width=\"600\" height=\"308\" frameborder=\"0\" marginwidth=\"0\" marginheight=\"0\" scrolling=\"no\" sandbox=\"allow-scripts\" data-secret=\"rFZ1A7vgqE\" data-mce-fragment=\"1\"><\/iframe><\/p>\n<p><iframe loading=\"lazy\" class=\"wp-embedded-content\" title=\"\u00abCon acci\u00f3n popular, padres de familia buscan concreci\u00f3n de sede del colegio Centro Social de Yopal\u00bb \u2014 \u25b7 Noticias de Casanare : Martha Cifuentes | Casanare\" src=\"https:\/\/marthacifuentes.com\/portada\/2023\/01\/24\/con-accion-popular-padres-de-familia-buscan-concrecion-de-sede-del-colegio-centro-social-de-yopal\/embed\/#?secret=kKNOtIrst5#?secret=V54ecyihmR\" width=\"600\" height=\"621\" frameborder=\"0\" marginwidth=\"0\" marginheight=\"0\" scrolling=\"no\" sandbox=\"allow-scripts\" data-secret=\"V54ecyihmR\" data-mce-fragment=\"1\"><\/iframe><\/p>\n<p><iframe loading=\"lazy\" class=\"wp-embedded-content\" title=\"\u00abSuperservicios le \u201crespira en la nuca\u201d a la Eaaay. Inspeccionar\u00e1 prestaci\u00f3n de servicios y contrataci\u00f3n\u00bb \u2014 \u25b7 Noticias de Casanare : Martha Cifuentes | Casanare\" src=\"https:\/\/marthacifuentes.com\/portada\/2023\/01\/23\/superservicios-le-respira-en-la-nuca-a-la-eaaay-inspeccionara-prestacion-de-servicios-y-contratacion\/embed\/#?secret=ciuPiaf3tI#?secret=VKEUMrM6xp\" width=\"600\" height=\"600\" frameborder=\"0\" marginwidth=\"0\" marginheight=\"0\" scrolling=\"no\" sandbox=\"allow-scripts\" data-secret=\"VKEUMrM6xp\" data-mce-fragment=\"1\"><\/iframe><\/p>\n<p><iframe loading=\"lazy\" class=\"wp-embedded-content\" title=\"\u00abNi\u00f1a de Paz de Ariporo necesita costosa medicina para sobrevivir. Su padre pide a EPS Sanitas y Cruz Verde, respuesta inmediata.\u00bb \u2014 \u25b7 Noticias de Casanare : Martha Cifuentes | Casanare\" src=\"https:\/\/marthacifuentes.com\/portada\/2023\/01\/23\/nina-de-paz-de-ariporo-necesita-costosa-medicina-para-sobrevivir-su-padre-pide-a-eps-sanitas-y-cruz-verde-respuesta-inmediata\/embed\/#?secret=YeM8g10CY3#?secret=5vL6lt5Mf1\" width=\"600\" height=\"649\" frameborder=\"0\" marginwidth=\"0\" marginheight=\"0\" scrolling=\"no\" sandbox=\"allow-scripts\" data-secret=\"5vL6lt5Mf1\" data-mce-fragment=\"1\"><\/iframe><\/p>\n","protected":false},"excerpt":{"rendered":"<p>En Yopal habr\u00e1 una Sesi\u00f3n Descentralizada de la Comisi\u00f3n VII de la C\u00e1mara de Representantes para conocer, analizar y proponer alternativas en el estudio de la reforma a la salud propuesta por el gobierno nacional. Comunidad, l\u00edderes y poblaci\u00f3n podr\u00e1n exponer sus solicitudes al Congreso de la Rep\u00fablica. La fecha fijada ser\u00e1 el 9 de &hellip;<\/p>\n","protected":false},"author":2,"featured_media":31133,"comment_status":"open","ping_status":"open","sticky":false,"template":"","format":"standard","meta":{"om_disable_all_campaigns":false,"_exactmetrics_skip_tracking":false,"_exactmetrics_sitenote_active":false,"_exactmetrics_sitenote_note":"","_exactmetrics_sitenote_category":0,"_monsterinsights_skip_tracking":false,"_monsterinsights_sitenote_active":false,"_monsterinsights_sitenote_note":"","_monsterinsights_sitenote_category":0,"_uf_show_specific_survey":0,"_uf_disable_surveys":false,"_joinchat":[],"footnotes":""},"categories":[147,146,145],"tags":[1373,1400,1421,8880,8881,1376],"class_list":["post-31132","post","type-post","status-publish","format-standard","has-post-thumbnail","hentry","category-actualidad","category-noticias","category-reportajes","tag-casanare-noticias","tag-noticias-casanare","tag-noticias-yopal","tag-reforma-a-la-salud-a-estudio-en-yopal","tag-reforma-a-la-salud-comision-del-congreso-en-yopal-9-de-marzo","tag-yopal-noticias"],"yoast_head":"<!-- This site is optimized with the Yoast SEO plugin v26.1 - https:\/\/yoast.com\/wordpress\/plugins\/seo\/ -->\n<title>Reforma a la salud ser\u00e1 &quot;examinada&quot; en Yopal por el Congreso \u00a0 - \u25b7 Noticias de Casanare : Martha Cifuentes | Casanare<\/title>\n<meta name=\"robots\" content=\"index, follow, max-snippet:-1, max-image-preview:large, max-video-preview:-1\" \/>\n<link rel=\"canonical\" href=\"https:\/\/marthacifuentes.com\/portada\/reforma-a-la-salud-sera-examinada-en-yopal-por-el-congreso\/\" \/>\n<meta property=\"og:locale\" content=\"es_ES\" \/>\n<meta property=\"og:type\" content=\"article\" \/>\n<meta property=\"og:title\" content=\"Reforma a la salud ser\u00e1 &quot;examinada&quot; en Yopal por el Congreso \u00a0 - \u25b7 Noticias de Casanare : Martha Cifuentes | Casanare\" \/>\n<meta property=\"og:description\" content=\"En Yopal habr\u00e1 una Sesi\u00f3n Descentralizada de la Comisi\u00f3n VII de la C\u00e1mara de Representantes para conocer, analizar y proponer alternativas en el estudio de la reforma a la salud propuesta por el gobierno nacional. Comunidad, l\u00edderes y poblaci\u00f3n podr\u00e1n exponer sus solicitudes al Congreso de la Rep\u00fablica. La fecha fijada ser\u00e1 el 9 de &hellip;\" \/>\n<meta property=\"og:url\" content=\"https:\/\/marthacifuentes.com\/portada\/reforma-a-la-salud-sera-examinada-en-yopal-por-el-congreso\/\" \/>\n<meta property=\"og:site_name\" content=\"\u25b7 Noticias de Casanare : Martha Cifuentes | Casanare\" \/>\n<meta property=\"article:published_time\" content=\"2023-02-22T11:41:38+00:00\" \/>\n<meta property=\"og:image\" content=\"https:\/\/marthacifuentes.com\/portada\/wp-content\/uploads\/2023\/02\/congresistas-reforma-a-la-salud.jpg\" \/>\n\t<meta property=\"og:image:width\" content=\"1544\" \/>\n\t<meta property=\"og:image:height\" content=\"1031\" \/>\n\t<meta property=\"og:image:type\" content=\"image\/jpeg\" \/>\n<meta name=\"author\" content=\"Martha Cifuentes\" \/>\n<meta name=\"twitter:card\" content=\"summary_large_image\" \/>\n<meta name=\"twitter:label1\" content=\"Escrito por\" \/>\n\t<meta name=\"twitter:data1\" content=\"Martha Cifuentes\" \/>\n\t<meta name=\"twitter:label2\" content=\"Tiempo de lectura\" \/>\n\t<meta name=\"twitter:data2\" content=\"1 minuto\" \/>\n<script type=\"application\/ld+json\" class=\"yoast-schema-graph\">{\"@context\":\"https:\/\/schema.org\",\"@graph\":[{\"@type\":\"WebPage\",\"@id\":\"https:\/\/marthacifuentes.com\/portada\/reforma-a-la-salud-sera-examinada-en-yopal-por-el-congreso\/\",\"url\":\"https:\/\/marthacifuentes.com\/portada\/reforma-a-la-salud-sera-examinada-en-yopal-por-el-congreso\/\",\"name\":\"Reforma a la salud ser\u00e1 \\\"examinada\\\" en Yopal por el Congreso \u00a0 - \u25b7 Noticias de Casanare : Martha Cifuentes | Casanare\",\"isPartOf\":{\"@id\":\"https:\/\/marthacifuentes.com\/portada\/#website\"},\"primaryImageOfPage\":{\"@id\":\"https:\/\/marthacifuentes.com\/portada\/reforma-a-la-salud-sera-examinada-en-yopal-por-el-congreso\/#primaryimage\"},\"image\":{\"@id\":\"https:\/\/marthacifuentes.com\/portada\/reforma-a-la-salud-sera-examinada-en-yopal-por-el-congreso\/#primaryimage\"},\"thumbnailUrl\":\"https:\/\/marthacifuentes.com\/portada\/wp-content\/uploads\/2023\/02\/congresistas-reforma-a-la-salud.jpg\",\"datePublished\":\"2023-02-22T11:41:38+00:00\",\"author\":{\"@id\":\"https:\/\/marthacifuentes.com\/portada\/#\/schema\/person\/57f53174b991db5f90ff78d58502b714\"},\"breadcrumb\":{\"@id\":\"https:\/\/marthacifuentes.com\/portada\/reforma-a-la-salud-sera-examinada-en-yopal-por-el-congreso\/#breadcrumb\"},\"inLanguage\":\"es\",\"potentialAction\":[{\"@type\":\"ReadAction\",\"target\":[\"https:\/\/marthacifuentes.com\/portada\/reforma-a-la-salud-sera-examinada-en-yopal-por-el-congreso\/\"]}]},{\"@type\":\"ImageObject\",\"inLanguage\":\"es\",\"@id\":\"https:\/\/marthacifuentes.com\/portada\/reforma-a-la-salud-sera-examinada-en-yopal-por-el-congreso\/#primaryimage\",\"url\":\"https:\/\/marthacifuentes.com\/portada\/wp-content\/uploads\/2023\/02\/congresistas-reforma-a-la-salud.jpg\",\"contentUrl\":\"https:\/\/marthacifuentes.com\/portada\/wp-content\/uploads\/2023\/02\/congresistas-reforma-a-la-salud.jpg\",\"width\":1544,\"height\":1031},{\"@type\":\"BreadcrumbList\",\"@id\":\"https:\/\/marthacifuentes.com\/portada\/reforma-a-la-salud-sera-examinada-en-yopal-por-el-congreso\/#breadcrumb\",\"itemListElement\":[{\"@type\":\"ListItem\",\"position\":1,\"name\":\"Portada\",\"item\":\"https:\/\/marthacifuentes.com\/portada\/\"},{\"@type\":\"ListItem\",\"position\":2,\"name\":\"Reforma a la salud ser\u00e1 \u00abexaminada\u00bb en Yopal por el Congreso \u00a0\"}]},{\"@type\":\"WebSite\",\"@id\":\"https:\/\/marthacifuentes.com\/portada\/#website\",\"url\":\"https:\/\/marthacifuentes.com\/portada\/\",\"name\":\"\u25b7 Noticias de Casanare : Martha Cifuentes | Casanare\",\"description\":\"Noticias &amp; Contenidos\",\"potentialAction\":[{\"@type\":\"SearchAction\",\"target\":{\"@type\":\"EntryPoint\",\"urlTemplate\":\"https:\/\/marthacifuentes.com\/portada\/?s={search_term_string}\"},\"query-input\":{\"@type\":\"PropertyValueSpecification\",\"valueRequired\":true,\"valueName\":\"search_term_string\"}}],\"inLanguage\":\"es\"},{\"@type\":\"Person\",\"@id\":\"https:\/\/marthacifuentes.com\/portada\/#\/schema\/person\/57f53174b991db5f90ff78d58502b714\",\"name\":\"Martha Cifuentes\",\"image\":{\"@type\":\"ImageObject\",\"inLanguage\":\"es\",\"@id\":\"https:\/\/marthacifuentes.com\/portada\/#\/schema\/person\/image\/\",\"url\":\"http:\/\/marthacifuentes.com\/portada\/wp-content\/uploads\/2018\/06\/avatar_user_2_1528838701-96x96.jpg\",\"contentUrl\":\"http:\/\/marthacifuentes.com\/portada\/wp-content\/uploads\/2018\/06\/avatar_user_2_1528838701-96x96.jpg\",\"caption\":\"Martha Cifuentes\"},\"sameAs\":[\"http:\/\/www.marthacifuentes.com\"],\"url\":\"https:\/\/marthacifuentes.com\/portada\/author\/martha\/\"}]}<\/script>\n<!-- \/ Yoast SEO plugin. -->","yoast_head_json":{"title":"Reforma a la salud ser\u00e1 \"examinada\" en Yopal por el Congreso \u00a0 - \u25b7 Noticias de Casanare : Martha Cifuentes | Casanare","robots":{"index":"index","follow":"follow","max-snippet":"max-snippet:-1","max-image-preview":"max-image-preview:large","max-video-preview":"max-video-preview:-1"},"canonical":"https:\/\/marthacifuentes.com\/portada\/reforma-a-la-salud-sera-examinada-en-yopal-por-el-congreso\/","og_locale":"es_ES","og_type":"article","og_title":"Reforma a la salud ser\u00e1 \"examinada\" en Yopal por el Congreso \u00a0 - \u25b7 Noticias de Casanare : Martha Cifuentes | Casanare","og_description":"En Yopal habr\u00e1 una Sesi\u00f3n Descentralizada de la Comisi\u00f3n VII de la C\u00e1mara de Representantes para conocer, analizar y proponer alternativas en el estudio de la reforma a la salud propuesta por el gobierno nacional. Comunidad, l\u00edderes y poblaci\u00f3n podr\u00e1n exponer sus solicitudes al Congreso de la Rep\u00fablica. La fecha fijada ser\u00e1 el 9 de &hellip;","og_url":"https:\/\/marthacifuentes.com\/portada\/reforma-a-la-salud-sera-examinada-en-yopal-por-el-congreso\/","og_site_name":"\u25b7 Noticias de Casanare : Martha Cifuentes | Casanare","article_published_time":"2023-02-22T11:41:38+00:00","og_image":[{"width":1544,"height":1031,"url":"https:\/\/marthacifuentes.com\/portada\/wp-content\/uploads\/2023\/02\/congresistas-reforma-a-la-salud.jpg","type":"image\/jpeg"}],"author":"Martha Cifuentes","twitter_card":"summary_large_image","twitter_misc":{"Escrito por":"Martha Cifuentes","Tiempo de lectura":"1 minuto"},"schema":{"@context":"https:\/\/schema.org","@graph":[{"@type":"WebPage","@id":"https:\/\/marthacifuentes.com\/portada\/reforma-a-la-salud-sera-examinada-en-yopal-por-el-congreso\/","url":"https:\/\/marthacifuentes.com\/portada\/reforma-a-la-salud-sera-examinada-en-yopal-por-el-congreso\/","name":"Reforma a la salud ser\u00e1 \"examinada\" en Yopal por el Congreso \u00a0 - \u25b7 Noticias de Casanare : Martha Cifuentes | Casanare","isPartOf":{"@id":"https:\/\/marthacifuentes.com\/portada\/#website"},"primaryImageOfPage":{"@id":"https:\/\/marthacifuentes.com\/portada\/reforma-a-la-salud-sera-examinada-en-yopal-por-el-congreso\/#primaryimage"},"image":{"@id":"https:\/\/marthacifuentes.com\/portada\/reforma-a-la-salud-sera-examinada-en-yopal-por-el-congreso\/#primaryimage"},"thumbnailUrl":"https:\/\/marthacifuentes.com\/portada\/wp-content\/uploads\/2023\/02\/congresistas-reforma-a-la-salud.jpg","datePublished":"2023-02-22T11:41:38+00:00","author":{"@id":"https:\/\/marthacifuentes.com\/portada\/#\/schema\/person\/57f53174b991db5f90ff78d58502b714"},"breadcrumb":{"@id":"https:\/\/marthacifuentes.com\/portada\/reforma-a-la-salud-sera-examinada-en-yopal-por-el-congreso\/#breadcrumb"},"inLanguage":"es","potentialAction":[{"@type":"ReadAction","target":["https:\/\/marthacifuentes.com\/portada\/reforma-a-la-salud-sera-examinada-en-yopal-por-el-congreso\/"]}]},{"@type":"ImageObject","inLanguage":"es","@id":"https:\/\/marthacifuentes.com\/portada\/reforma-a-la-salud-sera-examinada-en-yopal-por-el-congreso\/#primaryimage","url":"https:\/\/marthacifuentes.com\/portada\/wp-content\/uploads\/2023\/02\/congresistas-reforma-a-la-salud.jpg","contentUrl":"https:\/\/marthacifuentes.com\/portada\/wp-content\/uploads\/2023\/02\/congresistas-reforma-a-la-salud.jpg","width":1544,"height":1031},{"@type":"BreadcrumbList","@id":"https:\/\/marthacifuentes.com\/portada\/reforma-a-la-salud-sera-examinada-en-yopal-por-el-congreso\/#breadcrumb","itemListElement":[{"@type":"ListItem","position":1,"name":"Portada","item":"https:\/\/marthacifuentes.com\/portada\/"},{"@type":"ListItem","position":2,"name":"Reforma a la salud ser\u00e1 \u00abexaminada\u00bb en Yopal por el Congreso \u00a0"}]},{"@type":"WebSite","@id":"https:\/\/marthacifuentes.com\/portada\/#website","url":"https:\/\/marthacifuentes.com\/portada\/","name":"\u25b7 Noticias de Casanare : Martha Cifuentes | Casanare","description":"Noticias &amp; Contenidos","potentialAction":[{"@type":"SearchAction","target":{"@type":"EntryPoint","urlTemplate":"https:\/\/marthacifuentes.com\/portada\/?s={search_term_string}"},"query-input":{"@type":"PropertyValueSpecification","valueRequired":true,"valueName":"search_term_string"}}],"inLanguage":"es"},{"@type":"Person","@id":"https:\/\/marthacifuentes.com\/portada\/#\/schema\/person\/57f53174b991db5f90ff78d58502b714","name":"Martha Cifuentes","image":{"@type":"ImageObject","inLanguage":"es","@id":"https:\/\/marthacifuentes.com\/portada\/#\/schema\/person\/image\/","url":"http:\/\/marthacifuentes.com\/portada\/wp-content\/uploads\/2018\/06\/avatar_user_2_1528838701-96x96.jpg","contentUrl":"http:\/\/marthacifuentes.com\/portada\/wp-content\/uploads\/2018\/06\/avatar_user_2_1528838701-96x96.jpg","caption":"Martha Cifuentes"},"sameAs":["http:\/\/www.marthacifuentes.com"],"url":"https:\/\/marthacifuentes.com\/portada\/author\/martha\/"}]}},"_links":{"self":[{"href":"https:\/\/marthacifuentes.com\/portada\/wp-json\/wp\/v2\/posts\/31132","targetHints":{"allow":["GET"]}}],"collection":[{"href":"https:\/\/marthacifuentes.com\/portada\/wp-json\/wp\/v2\/posts"}],"about":[{"href":"https:\/\/marthacifuentes.com\/portada\/wp-json\/wp\/v2\/types\/post"}],"author":[{"embeddable":true,"href":"https:\/\/marthacifuentes.com\/portada\/wp-json\/wp\/v2\/users\/2"}],"replies":[{"embeddable":true,"href":"https:\/\/marthacifuentes.com\/portada\/wp-json\/wp\/v2\/comments?post=31132"}],"version-history":[{"count":1,"href":"https:\/\/marthacifuentes.com\/portada\/wp-json\/wp\/v2\/posts\/31132\/revisions"}],"predecessor-version":[{"id":31134,"href":"https:\/\/marthacifuentes.com\/portada\/wp-json\/wp\/v2\/posts\/31132\/revisions\/31134"}],"wp:featuredmedia":[{"embeddable":true,"href":"https:\/\/marthacifuentes.com\/portada\/wp-json\/wp\/v2\/media\/31133"}],"wp:attachment":[{"href":"https:\/\/marthacifuentes.com\/portada\/wp-json\/wp\/v2\/media?parent=31132"}],"wp:term":[{"taxonomy":"category","embeddable":true,"href":"https:\/\/marthacifuentes.com\/portada\/wp-json\/wp\/v2\/categories?post=31132"},{"taxonomy":"post_tag","embeddable":true,"href":"https:\/\/marthacifuentes.com\/portada\/wp-json\/wp\/v2\/tags?post=31132"}],"curies":[{"name":"wp","href":"https:\/\/api.w.org\/{rel}","templated":true}]}}