{"id":31168,"date":"2023-02-27T11:39:16","date_gmt":"2023-02-27T16:39:16","guid":{"rendered":"https:\/\/marthacifuentes.com\/portada\/?p=31168"},"modified":"2023-02-27T11:39:16","modified_gmt":"2023-02-27T16:39:16","slug":"otro-suicidio-en-yopal-al-parecer-causas-sentimentales","status":"publish","type":"post","link":"https:\/\/marthacifuentes.com\/portada\/otro-suicidio-en-yopal-al-parecer-causas-sentimentales\/","title":{"rendered":"Otro suicidio en Yopal. Al parecer causas sentimentales."},"content":{"rendered":"<p style=\"font-weight: 400; text-align: justify;\"><strong>Un aparente nuevo suicidio en Yopal. Se trata de Alberto de Jes\u00fas Murillo, quien se habr\u00eda quitado la vida mediante la modalidad de ahorcamiento. Su cuerpo fue encontrado sin vida este s\u00e1bado 25 de febrero en su casa en la calle 28 No. 29-93, barrio El Triunfo.<\/strong><\/p>\n<p style=\"font-weight: 400; text-align: justify;\">Preliminarmente se conoci\u00f3 que el se\u00f1or Murillo, de 57 a\u00f1os, antioque\u00f1o, dedicado a la carpinter\u00eda y quien fuera presidente de la Asociaci\u00f3n Comunal de Juntas de la Comuna 2, Calixto Zambrano hace 20 a\u00f1os, habr\u00eda tomado la fatal decisi\u00f3n por dificultades sentimentales. Su cuerpo tambi\u00e9n ten\u00eda heridas de cortes en las mu\u00f1ecas.<\/p>\n<p style=\"font-weight: 400; text-align: justify;\">Amigos y familiares del hombre se percataron que desde hac\u00eda varios d\u00edas no ten\u00eda contacto con ellos y cuando lo fueron a buscar lo encontraron muerto.<\/p>\n<h2>Otras noticias&#8230;<\/h2>\n<blockquote class=\"wp-embedded-content\" data-secret=\"6MtZmeLaiO\"><p><a href=\"https:\/\/marthacifuentes.com\/portada\/2023\/02\/27\/juez-que-ordeno-suspension-de-millonario-contrato-de-ptar-no-esta-impedido-en-accion-popular\/\">Juez que orden\u00f3 suspensi\u00f3n de millonario contrato de PTAR no est\u00e1 impedido en acci\u00f3n popular<\/a><\/p><\/blockquote>\n<p><iframe loading=\"lazy\" class=\"wp-embedded-content\" sandbox=\"allow-scripts\" security=\"restricted\" style=\"position: absolute; clip: rect(1px, 1px, 1px, 1px);\" title=\"\u00abJuez que orden\u00f3 suspensi\u00f3n de millonario contrato de PTAR no est\u00e1 impedido en acci\u00f3n popular\u00bb \u2014 \u25b7 Noticias de Casanare : Martha Cifuentes | Casanare\" src=\"https:\/\/marthacifuentes.com\/portada\/2023\/02\/27\/juez-que-ordeno-suspension-de-millonario-contrato-de-ptar-no-esta-impedido-en-accion-popular\/embed\/#?secret=MPMfxojp5s#?secret=6MtZmeLaiO\" data-secret=\"6MtZmeLaiO\" width=\"500\" height=\"282\" frameborder=\"0\" marginwidth=\"0\" marginheight=\"0\" scrolling=\"no\"><\/iframe><\/p>\n<p><iframe loading=\"lazy\" class=\"wp-embedded-content\" title=\"\u00abPolic\u00edas violadores de jovencita en Yopal fueron destituidos e inhabilitados por la Procuradur\u00eda General\u00bb \u2014 \u25b7 Noticias de Casanare : Martha Cifuentes | Casanare\" src=\"https:\/\/marthacifuentes.com\/portada\/2023\/02\/27\/policias-violadores-de-jovencita-en-yopal-fueron-destituidos-e-inhabilitados-por-la-procuraduria-general\/embed\/#?secret=yIZb24jQCc#?secret=SA5P5fnjrn\" width=\"600\" height=\"621\" frameborder=\"0\" marginwidth=\"0\" marginheight=\"0\" scrolling=\"no\" sandbox=\"allow-scripts\" data-secret=\"SA5P5fnjrn\" data-mce-fragment=\"1\"><\/iframe><\/p>\n<p><iframe loading=\"lazy\" class=\"wp-embedded-content\" title=\"\u00abContralor\u00eda General dice que A\u00daN no hay detrimento patrimonial en contrato de la PTAR a pesar del video donde se mencionan coimas para el alcalde.\u00bb \u2014 \u25b7 Noticias de Casanare : Martha Cifuentes | Casanare\" src=\"https:\/\/marthacifuentes.com\/portada\/2023\/02\/27\/contraloria-general-dice-que-aun-no-hay-detrimento-patrimonial-en-contrato-de-la-ptar-a-pesar-del-video-donde-se-mencionan-coimas-para-el-alcalde\/embed\/#?secret=ex2iJQYEJU#?secret=6kFitBiqos\" width=\"600\" height=\"650\" frameborder=\"0\" marginwidth=\"0\" marginheight=\"0\" scrolling=\"no\" sandbox=\"allow-scripts\" data-secret=\"6kFitBiqos\" data-mce-fragment=\"1\"><\/iframe><\/p>\n<p><iframe loading=\"lazy\" class=\"wp-embedded-content\" title=\"\u00abContrato de la PTAR celebrado por la Eaaay, cada vez m\u00e1s podrido. En video se relaciona coimas para el alcalde de Yopal, el parlamentario Hugo Archila y el gerente de Eaaay, entre otros.\u00bb \u2014 \u25b7 Noticias de Casanare : Martha Cifuentes | Casanare\" src=\"https:\/\/marthacifuentes.com\/portada\/2023\/02\/23\/contrato-de-la-ptar-celebrado-por-la-eaaay-cada-vez-mas-podrido-en-video-se-relaciona-coimas-para-el-alcalde-de-yopal-el-parlamentario-hugo-archila-y-el-gerente-de-eaaay-entre-otros\/embed\/#?secret=uGrmIoHbwh#?secret=ARCBqdTmqg\" width=\"600\" height=\"643\" frameborder=\"0\" marginwidth=\"0\" marginheight=\"0\" scrolling=\"no\" sandbox=\"allow-scripts\" data-secret=\"ARCBqdTmqg\" data-mce-fragment=\"1\"><\/iframe><\/p>\n<p><iframe loading=\"lazy\" class=\"wp-embedded-content\" title=\"\u00abCapturado presunto homicida de comerciante de carnes Jos\u00e9 Dubley Cachay Africano, asesinado el 22 de enero de 2023\u00bb \u2014 \u25b7 Noticias de Casanare : Martha Cifuentes | Casanare\" src=\"https:\/\/marthacifuentes.com\/portada\/2023\/02\/23\/capturado-presunto-homicida-de-comerciante-de-carnes-jose-dubley-cachay-africano-asesinado-el-22-de-enero-de-2023\/embed\/#?secret=gZvBF80iTy#?secret=EbPpcBNQ6L\" width=\"600\" height=\"650\" frameborder=\"0\" marginwidth=\"0\" marginheight=\"0\" scrolling=\"no\" sandbox=\"allow-scripts\" data-secret=\"EbPpcBNQ6L\" data-mce-fragment=\"1\"><\/iframe><\/p>\n<p><iframe loading=\"lazy\" class=\"wp-embedded-content\" title=\"\u00abHoy inicia Expo Llanos Casanare 2023 en Yopal\u00bb \u2014 \u25b7 Noticias de Casanare : Martha Cifuentes | Casanare\" src=\"https:\/\/marthacifuentes.com\/portada\/2023\/02\/23\/hoy-inicia-expo-llanos-casanare-2023-en-yopal\/embed\/#?secret=BnVZUUioH6#?secret=gEVHtC485n\" width=\"600\" height=\"593\" frameborder=\"0\" marginwidth=\"0\" marginheight=\"0\" scrolling=\"no\" sandbox=\"allow-scripts\" data-secret=\"gEVHtC485n\" data-mce-fragment=\"1\"><\/iframe><\/p>\n<p><iframe loading=\"lazy\" class=\"wp-embedded-content\" title=\"\u00abAutoridades de Casanare no saben qu\u00e9 hacer con ind\u00edgenas desplazados \u00a0\u00bb \u2014 \u25b7 Noticias de Casanare : Martha Cifuentes | Casanare\" src=\"https:\/\/marthacifuentes.com\/portada\/2023\/02\/22\/autoridades-de-casanare-no-saben-que-hacer-con-indigenas-desplazados\/embed\/#?secret=jGFI3koOVj#?secret=BjQ2jt7xu4\" width=\"600\" height=\"621\" frameborder=\"0\" marginwidth=\"0\" marginheight=\"0\" scrolling=\"no\" sandbox=\"allow-scripts\" data-secret=\"BjQ2jt7xu4\" data-mce-fragment=\"1\"><\/iframe><\/p>\n<p><iframe loading=\"lazy\" class=\"wp-embedded-content\" title=\"\u00abAlcald\u00eda ataca construcciones piratas y loteos irregulares en zona rural de Yopal\u00bb \u2014 \u25b7 Noticias de Casanare : Martha Cifuentes | Casanare\" src=\"https:\/\/marthacifuentes.com\/portada\/2023\/02\/22\/alcaldia-ataca-construcciones-piratas-y-loteos-irregulares-en-zona-rural-de-yopal\/embed\/#?secret=BfbCatA5EC#?secret=QNpK7T6gVu\" width=\"600\" height=\"621\" frameborder=\"0\" marginwidth=\"0\" marginheight=\"0\" scrolling=\"no\" sandbox=\"allow-scripts\" data-secret=\"QNpK7T6gVu\" data-mce-fragment=\"1\"><\/iframe><\/p>\n<p><iframe loading=\"lazy\" class=\"wp-embedded-content\" title=\"\u00abEn Yopal, en promedio un muerto semanal en accidentes de tr\u00e1nsito en 2023. Habr\u00e1 jornadas de prevenci\u00f3n\u00bb \u2014 \u25b7 Noticias de Casanare : Martha Cifuentes | Casanare\" src=\"https:\/\/marthacifuentes.com\/portada\/2023\/02\/22\/en-yopal-en-promedio-un-muerto-semanal-en-accidentes-de-transito-en-2023-habra-jornadas-de-prevencion\/embed\/#?secret=4XG7vtxuWv#?secret=84SEoW0Dhq\" width=\"600\" height=\"650\" frameborder=\"0\" marginwidth=\"0\" marginheight=\"0\" scrolling=\"no\" sandbox=\"allow-scripts\" data-secret=\"84SEoW0Dhq\" data-mce-fragment=\"1\"><\/iframe><\/p>\n<p><iframe loading=\"lazy\" class=\"wp-embedded-content\" title=\"\u00abReforma a la salud ser\u00e1 \u00abexaminada\u00bb en Yopal por el Congreso \u00a0\u00bb \u2014 \u25b7 Noticias de Casanare : Martha Cifuentes | Casanare\" src=\"https:\/\/marthacifuentes.com\/portada\/2023\/02\/22\/reforma-a-la-salud-sera-examinada-en-yopal-por-el-congreso\/embed\/#?secret=i4kb9KM3no#?secret=OPJXWCIMla\" width=\"600\" height=\"621\" frameborder=\"0\" marginwidth=\"0\" marginheight=\"0\" scrolling=\"no\" sandbox=\"allow-scripts\" data-secret=\"OPJXWCIMla\" data-mce-fragment=\"1\"><\/iframe><\/p>\n<p><iframe loading=\"lazy\" class=\"wp-embedded-content\" title=\"\u00abExpendedores de carne protestaron por negligencia en servicio del matadero de Yopal\u00bb \u2014 \u25b7 Noticias de Casanare : Martha Cifuentes | Casanare\" src=\"https:\/\/marthacifuentes.com\/portada\/2023\/02\/22\/expendedores-de-carne-protestaron-por-negligencia-en-servicio-del-matadero-de-yopal\/embed\/#?secret=Ea9sdbNx4k#?secret=cEqWqTtn2W\" width=\"600\" height=\"621\" frameborder=\"0\" marginwidth=\"0\" marginheight=\"0\" scrolling=\"no\" sandbox=\"allow-scripts\" data-secret=\"cEqWqTtn2W\" data-mce-fragment=\"1\"><\/iframe><\/p>\n<p><iframe loading=\"lazy\" class=\"wp-embedded-content\" title=\"\u00abCay\u00f3 alias Johan, presunto paramilitar de las Autodefensas Gaitanistas.\u00bb \u2014 \u25b7 Noticias de Casanare : Martha Cifuentes | Casanare\" src=\"https:\/\/marthacifuentes.com\/portada\/2023\/02\/22\/cayo-alias-johan-presunto-paramilitar-de-las-autodefensas-gaitanistas\/embed\/#?secret=ccyqVo38EH#?secret=m56nK6Fljo\" width=\"600\" height=\"621\" frameborder=\"0\" marginwidth=\"0\" marginheight=\"0\" scrolling=\"no\" sandbox=\"allow-scripts\" data-secret=\"m56nK6Fljo\" data-mce-fragment=\"1\"><\/iframe><\/p>\n<p><iframe loading=\"lazy\" class=\"wp-embedded-content\" title=\"\u00abCapturado docente por violaci\u00f3n de ni\u00f1a en Man\u00ed, Casanare\u00bb \u2014 \u25b7 Noticias de Casanare : Martha Cifuentes | Casanare\" src=\"https:\/\/marthacifuentes.com\/portada\/2023\/02\/22\/capturado-docente-por-violacion-de-nina-en-mani-casanare\/embed\/#?secret=UZ6qSDDIOd#?secret=2E8uyCONBX\" width=\"600\" height=\"600\" frameborder=\"0\" marginwidth=\"0\" marginheight=\"0\" scrolling=\"no\" sandbox=\"allow-scripts\" data-secret=\"2E8uyCONBX\" data-mce-fragment=\"1\"><\/iframe><\/p>\n<p><iframe loading=\"lazy\" class=\"wp-embedded-content\" title=\"\u00abRescatadas dos toninas en r\u00edo Meta en Vichada.\u00bb \u2014 \u25b7 Noticias de Casanare : Martha Cifuentes | Casanare\" src=\"https:\/\/marthacifuentes.com\/portada\/2023\/02\/20\/rescatadas-dos-toninas-en-rio-meta-en-vichada\/embed\/#?secret=Qjn51JCv54#?secret=WVurgOD2UL\" width=\"600\" height=\"593\" frameborder=\"0\" marginwidth=\"0\" marginheight=\"0\" scrolling=\"no\" sandbox=\"allow-scripts\" data-secret=\"WVurgOD2UL\" data-mce-fragment=\"1\"><\/iframe><\/p>\n<p><iframe loading=\"lazy\" class=\"wp-embedded-content\" title=\"\u00abM\u00e1s muertos en v\u00edas de Casanare\u00bb \u2014 \u25b7 Noticias de Casanare : Martha Cifuentes | Casanare\" src=\"https:\/\/marthacifuentes.com\/portada\/2023\/02\/20\/mas-muertos-en-vias-de-casanare\/embed\/#?secret=oxuSiaHvFL#?secret=B6osFceugC\" width=\"600\" height=\"550\" frameborder=\"0\" marginwidth=\"0\" marginheight=\"0\" scrolling=\"no\" sandbox=\"allow-scripts\" data-secret=\"B6osFceugC\" data-mce-fragment=\"1\"><\/iframe><\/p>\n<p><iframe loading=\"lazy\" class=\"wp-embedded-content\" title=\"\u00abEnerca en corto circuito. Reporta millonarias inversiones en infraestructura pero apagones y cortes por mantenimientos son constantes\u00bb \u2014 \u25b7 Noticias de Casanare : Martha Cifuentes | Casanare\" src=\"https:\/\/marthacifuentes.com\/portada\/2023\/02\/20\/enerca-en-corto-circuito-reporta-millonarias-inversiones-en-infraestructura-pero-apagones-y-cortes-por-mantenimientos-son-constantes\/embed\/#?secret=d1x1ACfAnY#?secret=z5H2c7YwAy\" width=\"600\" height=\"650\" frameborder=\"0\" marginwidth=\"0\" marginheight=\"0\" scrolling=\"no\" sandbox=\"allow-scripts\" data-secret=\"z5H2c7YwAy\" data-mce-fragment=\"1\"><\/iframe><\/p>\n<p><iframe loading=\"lazy\" class=\"wp-embedded-content\" title=\"\u00abContralor\u00eda hurgar\u00e1 en la Eaaay manejo de temas presupuestales, financieros y de inversiones. \u00a0\u00bb \u2014 \u25b7 Noticias de Casanare : Martha Cifuentes | Casanare\" src=\"https:\/\/marthacifuentes.com\/portada\/2023\/02\/20\/contraloria-hurgara-en-la-eaaay-manejo-de-temas-presupuestales-financieros-y-de-inversiones\/embed\/#?secret=2IqEeXEUpU#?secret=gHfQMTgDME\" width=\"600\" height=\"573\" frameborder=\"0\" marginwidth=\"0\" marginheight=\"0\" scrolling=\"no\" sandbox=\"allow-scripts\" data-secret=\"gHfQMTgDME\" data-mce-fragment=\"1\"><\/iframe><\/p>\n<p><iframe loading=\"lazy\" class=\"wp-embedded-content\" title=\"\u00abCasanare, con petr\u00f3leo pero con p\u00e9simas carreteras asfaltadas del pa\u00eds, seg\u00fan el Inv\u00edas\u00bb \u2014 \u25b7 Noticias de Casanare : Martha Cifuentes | Casanare\" src=\"https:\/\/marthacifuentes.com\/portada\/2023\/02\/20\/casanare-con-petroleo-pero-con-pesimas-carreteras-asfaltadas-del-pais-segun-el-invias\/embed\/#?secret=UNS0UIdT8K#?secret=9c38LqVnWH\" width=\"600\" height=\"600\" frameborder=\"0\" marginwidth=\"0\" marginheight=\"0\" scrolling=\"no\" sandbox=\"allow-scripts\" data-secret=\"9c38LqVnWH\" data-mce-fragment=\"1\"><\/iframe><\/p>\n<p><iframe loading=\"lazy\" class=\"wp-embedded-content\" title=\"\u00abAves silvestres de Casanare, v\u00edctimas de Hemopar\u00e1sitos. Cient\u00edficos encuentran nuevas especies en este departamento.\u00bb \u2014 \u25b7 Noticias de Casanare : Martha Cifuentes | Casanare\" src=\"https:\/\/marthacifuentes.com\/portada\/2023\/02\/20\/aves-silvestres-de-casanare-victimas-de-hemoparasitos-cientificos-encuentran-nuevas-especies-en-este-departamento\/embed\/#?secret=BBurL3mSzF#?secret=HVU77WCafs\" width=\"600\" height=\"650\" frameborder=\"0\" marginwidth=\"0\" marginheight=\"0\" scrolling=\"no\" sandbox=\"allow-scripts\" data-secret=\"HVU77WCafs\" data-mce-fragment=\"1\"><\/iframe><\/p>\n<p><iframe loading=\"lazy\" class=\"wp-embedded-content\" title=\"\u00abIns\u00f3lito. Acuatodos contrat\u00f3 acueducto y alcantarillado donde no hay gente, solo grandes lotes en Yopal. \u00bfQui\u00e9n ser\u00eda el ganador?\u00bb \u2014 \u25b7 Noticias de Casanare : Martha Cifuentes | Casanare\" src=\"https:\/\/marthacifuentes.com\/portada\/2023\/02\/17\/insolito-acuatodos-contrato-acueducto-y-alcantarillado-donde-no-hay-gente-solo-grandes-lotes-en-yopal-quien-seria-el-ganador\/embed\/#?secret=Yk1RbnSfJ0#?secret=ZzV2pCo6r6\" width=\"600\" height=\"629\" frameborder=\"0\" marginwidth=\"0\" marginheight=\"0\" scrolling=\"no\" sandbox=\"allow-scripts\" data-secret=\"ZzV2pCo6r6\" data-mce-fragment=\"1\"><\/iframe><\/p>\n<p><iframe loading=\"lazy\" class=\"wp-embedded-content\" title=\"\u00abTorta de tres leches, causante de intoxicaci\u00f3n de 50 personas en Tauramena\u00bb \u2014 \u25b7 Noticias de Casanare : Martha Cifuentes | Casanare\" src=\"https:\/\/marthacifuentes.com\/portada\/2023\/02\/17\/torta-de-tres-leches-causante-de-intoxicacion-de-50-personas-en-tauramena\/embed\/#?secret=9r4P6zdzZ3#?secret=OFlRwOkkrs\" width=\"600\" height=\"621\" frameborder=\"0\" marginwidth=\"0\" marginheight=\"0\" scrolling=\"no\" sandbox=\"allow-scripts\" data-secret=\"OFlRwOkkrs\" data-mce-fragment=\"1\"><\/iframe><\/p>\n<p><iframe loading=\"lazy\" class=\"wp-embedded-content\" title=\"\u00abQu\u00e9 dice el meme que no le gust\u00f3 a C\u00e9sar Ortiz\u00bb \u2014 \u25b7 Noticias de Casanare : Martha Cifuentes | Casanare\" src=\"https:\/\/marthacifuentes.com\/portada\/2023\/02\/16\/que-dice-el-meme-que-no-le-gusto-a-cesar-ortiz\/embed\/#?secret=A9SO9RAAcY#?secret=RxME3LjZW6\" width=\"600\" height=\"572\" frameborder=\"0\" marginwidth=\"0\" marginheight=\"0\" scrolling=\"no\" sandbox=\"allow-scripts\" data-secret=\"RxME3LjZW6\" data-mce-fragment=\"1\"><\/iframe><\/p>\n<p><iframe loading=\"lazy\" class=\"wp-embedded-content\" title=\"\u00abVerano en Casanare, menos intenso que en temporada pasada. Menos tierra quemada por incendios.\u00bb \u2014 \u25b7 Noticias de Casanare : Martha Cifuentes | Casanare\" src=\"https:\/\/marthacifuentes.com\/portada\/2023\/02\/16\/verano-en-casanare-menos-intenso-que-en-temporada-pasada-menos-tierra-quemada-por-incendios\/embed\/#?secret=zelzB1lB1R#?secret=XBrOzAP0Rv\" width=\"600\" height=\"621\" frameborder=\"0\" marginwidth=\"0\" marginheight=\"0\" scrolling=\"no\" sandbox=\"allow-scripts\" data-secret=\"XBrOzAP0Rv\" data-mce-fragment=\"1\"><\/iframe><\/p>\n<p><iframe loading=\"lazy\" class=\"wp-embedded-content\" title=\"\u00abCapresoca vincul\u00f3 a n\u00f3mina a 28 funcionarios que laboraban mediante OPS.\u00bb \u2014 \u25b7 Noticias de Casanare : Martha Cifuentes | Casanare\" src=\"https:\/\/marthacifuentes.com\/portada\/2023\/02\/16\/capresoca-vinculo-a-nomina-a-28-funcionarios-que-laboraban-mediante-ops\/embed\/#?secret=An0AgntT7e#?secret=aK7sEQTfsz\" width=\"600\" height=\"621\" frameborder=\"0\" marginwidth=\"0\" marginheight=\"0\" scrolling=\"no\" sandbox=\"allow-scripts\" data-secret=\"aK7sEQTfsz\" data-mce-fragment=\"1\"><\/iframe><\/p>\n<p><iframe loading=\"lazy\" class=\"wp-embedded-content\" title=\"\u00abReparamilitarizaci\u00f3n en Casanare. Los combatientes nunca se fueron: Delegaci\u00f3n Asturiana de Paz\u00bb \u2014 \u25b7 Noticias de Casanare : Martha Cifuentes | Casanare\" src=\"https:\/\/marthacifuentes.com\/portada\/2023\/02\/16\/reparamilitarizacion-en-casanare-los-combatientes-nunca-se-fueron-delegacion-asturiana-de-paz\/embed\/#?secret=pdEg8cMZzb#?secret=aLoKgyiv7W\" width=\"600\" height=\"621\" frameborder=\"0\" marginwidth=\"0\" marginheight=\"0\" scrolling=\"no\" sandbox=\"allow-scripts\" data-secret=\"aLoKgyiv7W\" data-mce-fragment=\"1\"><\/iframe><\/p>\n<p><iframe loading=\"lazy\" class=\"wp-embedded-content\" title=\"\u00abMuerte de ni\u00f1a de 13 a\u00f1os de Paz de Ariporo, causa inquietud en autoridades. Se investiga su posible suicidio.\u00bb \u2014 \u25b7 Noticias de Casanare : Martha Cifuentes | Casanare\" src=\"https:\/\/marthacifuentes.com\/portada\/2023\/02\/15\/muerte-de-nina-de-13-anos-de-paz-de-ariporo-causa-inquietud-en-autoridades-se-investiga-su-posible-suicidio\/embed\/#?secret=Imav02EFc5#?secret=P2XpYIllGH\" width=\"600\" height=\"629\" frameborder=\"0\" marginwidth=\"0\" marginheight=\"0\" scrolling=\"no\" sandbox=\"allow-scripts\" data-secret=\"P2XpYIllGH\" data-mce-fragment=\"1\"><\/iframe><\/p>\n<p><iframe loading=\"lazy\" class=\"wp-embedded-content\" title=\"\u00abSer\u00eda triste para Casanare la liquidaci\u00f3n de Capresoca y poner sus usuarios en otra EPS: Gobernador Salom\u00f3n Sanabria\u00bb \u2014 \u25b7 Noticias de Casanare : Martha Cifuentes | Casanare\" src=\"https:\/\/marthacifuentes.com\/portada\/2023\/02\/15\/seria-triste-para-casanare-la-liquidacion-de-capresoca-y-poner-sus-usuarios-en-otra-eps-gobernador-salomon-sanabria\/embed\/#?secret=vqhp1F1e7r#?secret=4kdFz273dQ\" width=\"600\" height=\"650\" frameborder=\"0\" marginwidth=\"0\" marginheight=\"0\" scrolling=\"no\" sandbox=\"allow-scripts\" data-secret=\"4kdFz273dQ\" data-mce-fragment=\"1\"><\/iframe><\/p>\n<p><iframe loading=\"lazy\" class=\"wp-embedded-content\" title=\"\u00abFiscal\u00eda tiene listas 11 \u00f3rdenes de captura contra bandas delincuenciales de Yopal.\u00bb \u2014 \u25b7 Noticias de Casanare : Martha Cifuentes | Casanare\" src=\"https:\/\/marthacifuentes.com\/portada\/2023\/02\/15\/fiscalia-tiene-listas-11-ordenes-de-captura-contra-bandas-delincuenciales-de-yopal\/embed\/#?secret=htGFEEAN56#?secret=8Gug5kL1KU\" width=\"600\" height=\"621\" frameborder=\"0\" marginwidth=\"0\" marginheight=\"0\" scrolling=\"no\" sandbox=\"allow-scripts\" data-secret=\"8Gug5kL1KU\" data-mce-fragment=\"1\"><\/iframe><\/p>\n<p><iframe loading=\"lazy\" class=\"wp-embedded-content\" title=\"\u00abMujeres se empoderan en el crimen. Tres fueron capturadas en Paz de Ariporo.\u00bb \u2014 \u25b7 Noticias de Casanare : Martha Cifuentes | Casanare\" src=\"https:\/\/marthacifuentes.com\/portada\/2023\/02\/14\/mujeres-se-empoderan-en-el-crimen-tres-fueron-capturadas-en-paz-de-ariporo\/embed\/#?secret=2vSvwdminu#?secret=hht7GIelMm\" width=\"600\" height=\"621\" frameborder=\"0\" marginwidth=\"0\" marginheight=\"0\" scrolling=\"no\" sandbox=\"allow-scripts\" data-secret=\"hht7GIelMm\" data-mce-fragment=\"1\"><\/iframe><\/p>\n<p><iframe loading=\"lazy\" class=\"wp-embedded-content\" title=\"\u00abCapresoca ser\u00eda de una de las EPS que se acabar\u00eda con reforma a la salud propuesta por el gobierno\u00bb \u2014 \u25b7 Noticias de Casanare : Martha Cifuentes | Casanare\" src=\"https:\/\/marthacifuentes.com\/portada\/2023\/02\/14\/capresoca-seria-de-una-de-las-eps-que-se-acabaria-con-reforma-a-la-salud-propuesta-por-el-gobierno\/embed\/#?secret=Zuc8JGAjrD#?secret=TRTFBmxqBa\" width=\"600\" height=\"600\" frameborder=\"0\" marginwidth=\"0\" marginheight=\"0\" scrolling=\"no\" sandbox=\"allow-scripts\" data-secret=\"TRTFBmxqBa\" data-mce-fragment=\"1\"><\/iframe><\/p>\n<p><iframe loading=\"lazy\" class=\"wp-embedded-content\" title=\"\u00abEn 2023, menos incendios forestales en Yopal.\u00bb \u2014 \u25b7 Noticias de Casanare : Martha Cifuentes | Casanare\" src=\"https:\/\/marthacifuentes.com\/portada\/2023\/02\/14\/en-2023-menos-incendios-forestales-en-yopal\/embed\/#?secret=g7zU7ZriMR#?secret=uJF2Gmg37t\" width=\"600\" height=\"571\" frameborder=\"0\" marginwidth=\"0\" marginheight=\"0\" scrolling=\"no\" sandbox=\"allow-scripts\" data-secret=\"uJF2Gmg37t\" data-mce-fragment=\"1\"><\/iframe><\/p>\n<p><iframe loading=\"lazy\" class=\"wp-embedded-content\" title=\"\u00abSigue pol\u00e9mica en Alcald\u00eda de Yopal por motos del tr\u00e1nsito sin SOAT vigentes.\u00bb \u2014 \u25b7 Noticias de Casanare : Martha Cifuentes | Casanare\" src=\"https:\/\/marthacifuentes.com\/portada\/2023\/02\/14\/sigue-polemica-en-alcaldia-de-yopal-por-motos-del-transito-sin-soat-vigentes\/embed\/#?secret=vFTELq88Pg#?secret=Fbz06pZznx\" width=\"600\" height=\"614\" frameborder=\"0\" marginwidth=\"0\" marginheight=\"0\" scrolling=\"no\" sandbox=\"allow-scripts\" data-secret=\"Fbz06pZznx\" data-mce-fragment=\"1\"><\/iframe><\/p>\n<p><iframe loading=\"lazy\" class=\"wp-embedded-content\" title=\"\u00abEln cuestiona a contratista de ruta de Los Libertadores en Casanare por demora en obras.\u00bb \u2014 \u25b7 Noticias de Casanare : Martha Cifuentes | Casanare\" src=\"https:\/\/marthacifuentes.com\/portada\/2023\/02\/14\/eln-cuestiona-a-contratista-de-ruta-de-los-libertadores-en-casanare-por-demora-en-obras\/embed\/#?secret=hiqIzzMzWB#?secret=AxIWbuCVaX\" width=\"600\" height=\"538\" frameborder=\"0\" marginwidth=\"0\" marginheight=\"0\" scrolling=\"no\" sandbox=\"allow-scripts\" data-secret=\"AxIWbuCVaX\" data-mce-fragment=\"1\"><\/iframe><\/p>\n<p><iframe loading=\"lazy\" class=\"wp-embedded-content\" title=\"\u00abA paso de tortuga avanza Urbanizaci\u00f3n Mariselas en Yopal. Solo se ha entregado 33% de apartamentos.\u00bb \u2014 \u25b7 Noticias de Casanare : Martha Cifuentes | Casanare\" src=\"https:\/\/marthacifuentes.com\/portada\/2023\/02\/13\/a-paso-de-tortuga-avanza-urbanizacion-mariselas-en-yopal-solo-se-ha-entregado-33-de-apartamentos\/embed\/#?secret=7OasCFEAn2#?secret=eZ0PZ1D7uW\" width=\"600\" height=\"600\" frameborder=\"0\" marginwidth=\"0\" marginheight=\"0\" scrolling=\"no\" sandbox=\"allow-scripts\" data-secret=\"eZ0PZ1D7uW\" data-mce-fragment=\"1\"><\/iframe><\/p>\n<p><iframe loading=\"lazy\" class=\"wp-embedded-content\" title=\"\u00abUsuarios de Yopal a pagar 16% m\u00e1s, por agua, alcantarillado y aseo, frente a enero de 2022.\u00bb \u2014 \u25b7 Noticias de Casanare : Martha Cifuentes | Casanare\" src=\"https:\/\/marthacifuentes.com\/portada\/2023\/02\/13\/usuarios-de-yopal-a-pagar-16-mas-por-agua-alcantarillado-y-aseo-frente-a-enero-de-2022\/embed\/#?secret=a7Zo16ZLuu#?secret=lT6M0RlZE1\" width=\"600\" height=\"600\" frameborder=\"0\" marginwidth=\"0\" marginheight=\"0\" scrolling=\"no\" sandbox=\"allow-scripts\" data-secret=\"lT6M0RlZE1\" data-mce-fragment=\"1\"><\/iframe><\/p>\n<p><iframe loading=\"lazy\" class=\"wp-embedded-content\" title=\"\u00abNo fue una, ni fueron dos, fueron al menos 4 las motos de la Alcald\u00eda de Yopal sin SOAT vigente al 7 de febrero.\u00bb \u2014 \u25b7 Noticias de Casanare : Martha Cifuentes | Casanare\" src=\"https:\/\/marthacifuentes.com\/portada\/2023\/02\/10\/no-fue-una-ni-fueron-dos-fueron-al-menos-4-las-motos-de-la-alcaldia-de-yopal-sin-soat-vigente-al-7-de-febrero\/embed\/#?secret=4RlkQWxIif#?secret=MUexUcdgHg\" width=\"600\" height=\"621\" frameborder=\"0\" marginwidth=\"0\" marginheight=\"0\" scrolling=\"no\" sandbox=\"allow-scripts\" data-secret=\"MUexUcdgHg\" data-mce-fragment=\"1\"><\/iframe><\/p>\n<p><iframe loading=\"lazy\" class=\"wp-embedded-content\" title=\"\u00abUn joven muerto y uno herido, deja accidente en zona rural de Trinidad al chocar moto contra un \u00e1rbol\u00bb \u2014 \u25b7 Noticias de Casanare : Martha Cifuentes | Casanare\" src=\"https:\/\/marthacifuentes.com\/portada\/2023\/02\/10\/un-joven-muerto-y-uno-herido-deja-accidente-en-zona-rural-de-trinidad-al-chocar-moto-contra-un-arbol\/embed\/#?secret=avynDh6WOJ#?secret=blRnLax1BF\" width=\"600\" height=\"560\" frameborder=\"0\" marginwidth=\"0\" marginheight=\"0\" scrolling=\"no\" sandbox=\"allow-scripts\" data-secret=\"blRnLax1BF\" data-mce-fragment=\"1\"><\/iframe><\/p>\n<p><iframe loading=\"lazy\" class=\"wp-embedded-content\" title=\"\u00abSoldado profesional muri\u00f3 quemado en absurdo accidente en su moto en San Luis de Palenque\u00bb \u2014 \u25b7 Noticias de Casanare : Martha Cifuentes | Casanare\" src=\"https:\/\/marthacifuentes.com\/portada\/2023\/02\/10\/soldado-profesional-murio-quemado-en-absurdo-accidente-en-su-moto-en-san-luis-de-palenque\/embed\/#?secret=Sznkd40nSW#?secret=XjLkcsRxIi\" width=\"600\" height=\"621\" frameborder=\"0\" marginwidth=\"0\" marginheight=\"0\" scrolling=\"no\" sandbox=\"allow-scripts\" data-secret=\"XjLkcsRxIi\" data-mce-fragment=\"1\"><\/iframe><\/p>\n<p><iframe loading=\"lazy\" class=\"wp-embedded-content\" title=\"\u00abAgente de tr\u00e1nsito de Yopal pillado sin SOAT por parte de un l\u00edder y veedor social\u00bb \u2014 \u25b7 Noticias de Casanare : Martha Cifuentes | Casanare\" src=\"https:\/\/marthacifuentes.com\/portada\/2023\/02\/08\/agente-de-transito-de-yopal-pillado-sin-soat-por-parte-de-un-lider-y-veedor-social\/embed\/#?secret=Mg5QRgP4iZ#?secret=wFSL8D1G4J\" width=\"600\" height=\"621\" frameborder=\"0\" marginwidth=\"0\" marginheight=\"0\" scrolling=\"no\" sandbox=\"allow-scripts\" data-secret=\"wFSL8D1G4J\" data-mce-fragment=\"1\"><\/iframe><\/p>\n<p><iframe loading=\"lazy\" class=\"wp-embedded-content\" title=\"\u00abBandas delincuenciales Los Boyacos y Los Rompellanos se toman a Yopal.\u00bb \u2014 \u25b7 Noticias de Casanare : Martha Cifuentes | Casanare\" src=\"https:\/\/marthacifuentes.com\/portada\/2023\/02\/08\/bandas-delincuenciales-los-boyacos-y-los-rompellanos-se-toman-a-yopal\/embed\/#?secret=KkiG72RPpX#?secret=WpJmdPOL34\" width=\"600\" height=\"621\" frameborder=\"0\" marginwidth=\"0\" marginheight=\"0\" scrolling=\"no\" sandbox=\"allow-scripts\" data-secret=\"WpJmdPOL34\" data-mce-fragment=\"1\"><\/iframe><\/p>\n","protected":false},"excerpt":{"rendered":"<p>Un aparente nuevo suicidio en Yopal. Se trata de Alberto de Jes\u00fas Murillo, quien se habr\u00eda quitado la vida mediante la modalidad de ahorcamiento. Su cuerpo fue encontrado sin vida este s\u00e1bado 25 de febrero en su casa en la calle 28 No. 29-93, barrio El Triunfo. Preliminarmente se conoci\u00f3 que el se\u00f1or Murillo, de &hellip;<\/p>\n","protected":false},"author":2,"featured_media":31169,"comment_status":"open","ping_status":"open","sticky":false,"template":"","format":"standard","meta":{"om_disable_all_campaigns":false,"_exactmetrics_skip_tracking":false,"_exactmetrics_sitenote_active":false,"_exactmetrics_sitenote_note":"","_exactmetrics_sitenote_category":0,"_monsterinsights_skip_tracking":false,"_monsterinsights_sitenote_active":false,"_monsterinsights_sitenote_note":"","_monsterinsights_sitenote_category":0,"_uf_show_specific_survey":0,"_uf_disable_surveys":false,"_joinchat":[],"footnotes":""},"categories":[147,146,145],"tags":[1373,1400,1421,8897,1376],"class_list":["post-31168","post","type-post","status-publish","format-standard","has-post-thumbnail","hentry","category-actualidad","category-noticias","category-reportajes","tag-casanare-noticias","tag-noticias-casanare","tag-noticias-yopal","tag-suicido-yopal","tag-yopal-noticias"],"yoast_head":"<!-- This site is optimized with the Yoast SEO plugin v26.1 - https:\/\/yoast.com\/wordpress\/plugins\/seo\/ -->\n<title>Otro suicidio en Yopal. Al parecer causas sentimentales. - \u25b7 Noticias de Casanare : Martha Cifuentes | Casanare<\/title>\n<meta name=\"robots\" content=\"index, follow, max-snippet:-1, max-image-preview:large, max-video-preview:-1\" \/>\n<link rel=\"canonical\" href=\"https:\/\/marthacifuentes.com\/portada\/otro-suicidio-en-yopal-al-parecer-causas-sentimentales\/\" \/>\n<meta property=\"og:locale\" content=\"es_ES\" \/>\n<meta property=\"og:type\" content=\"article\" \/>\n<meta property=\"og:title\" content=\"Otro suicidio en Yopal. Al parecer causas sentimentales. - \u25b7 Noticias de Casanare : Martha Cifuentes | Casanare\" \/>\n<meta property=\"og:description\" content=\"Un aparente nuevo suicidio en Yopal. Se trata de Alberto de Jes\u00fas Murillo, quien se habr\u00eda quitado la vida mediante la modalidad de ahorcamiento. Su cuerpo fue encontrado sin vida este s\u00e1bado 25 de febrero en su casa en la calle 28 No. 29-93, barrio El Triunfo. Preliminarmente se conoci\u00f3 que el se\u00f1or Murillo, de &hellip;\" \/>\n<meta property=\"og:url\" content=\"https:\/\/marthacifuentes.com\/portada\/otro-suicidio-en-yopal-al-parecer-causas-sentimentales\/\" \/>\n<meta property=\"og:site_name\" content=\"\u25b7 Noticias de Casanare : Martha Cifuentes | Casanare\" \/>\n<meta property=\"article:published_time\" content=\"2023-02-27T16:39:16+00:00\" \/>\n<meta property=\"og:image\" content=\"https:\/\/marthacifuentes.com\/portada\/wp-content\/uploads\/2023\/02\/alberto-de-jesus-murillo.jpg\" \/>\n\t<meta property=\"og:image:width\" content=\"189\" \/>\n\t<meta property=\"og:image:height\" content=\"138\" \/>\n\t<meta property=\"og:image:type\" content=\"image\/jpeg\" \/>\n<meta name=\"author\" content=\"Martha Cifuentes\" \/>\n<meta name=\"twitter:card\" content=\"summary_large_image\" \/>\n<meta name=\"twitter:label1\" content=\"Escrito por\" \/>\n\t<meta name=\"twitter:data1\" content=\"Martha Cifuentes\" \/>\n\t<meta name=\"twitter:label2\" content=\"Tiempo de lectura\" \/>\n\t<meta name=\"twitter:data2\" content=\"1 minuto\" \/>\n<script type=\"application\/ld+json\" class=\"yoast-schema-graph\">{\"@context\":\"https:\/\/schema.org\",\"@graph\":[{\"@type\":\"WebPage\",\"@id\":\"https:\/\/marthacifuentes.com\/portada\/otro-suicidio-en-yopal-al-parecer-causas-sentimentales\/\",\"url\":\"https:\/\/marthacifuentes.com\/portada\/otro-suicidio-en-yopal-al-parecer-causas-sentimentales\/\",\"name\":\"Otro suicidio en Yopal. Al parecer causas sentimentales. - \u25b7 Noticias de Casanare : Martha Cifuentes | Casanare\",\"isPartOf\":{\"@id\":\"https:\/\/marthacifuentes.com\/portada\/#website\"},\"primaryImageOfPage\":{\"@id\":\"https:\/\/marthacifuentes.com\/portada\/otro-suicidio-en-yopal-al-parecer-causas-sentimentales\/#primaryimage\"},\"image\":{\"@id\":\"https:\/\/marthacifuentes.com\/portada\/otro-suicidio-en-yopal-al-parecer-causas-sentimentales\/#primaryimage\"},\"thumbnailUrl\":\"https:\/\/marthacifuentes.com\/portada\/wp-content\/uploads\/2023\/02\/alberto-de-jesus-murillo.jpg\",\"datePublished\":\"2023-02-27T16:39:16+00:00\",\"author\":{\"@id\":\"https:\/\/marthacifuentes.com\/portada\/#\/schema\/person\/57f53174b991db5f90ff78d58502b714\"},\"breadcrumb\":{\"@id\":\"https:\/\/marthacifuentes.com\/portada\/otro-suicidio-en-yopal-al-parecer-causas-sentimentales\/#breadcrumb\"},\"inLanguage\":\"es\",\"potentialAction\":[{\"@type\":\"ReadAction\",\"target\":[\"https:\/\/marthacifuentes.com\/portada\/otro-suicidio-en-yopal-al-parecer-causas-sentimentales\/\"]}]},{\"@type\":\"ImageObject\",\"inLanguage\":\"es\",\"@id\":\"https:\/\/marthacifuentes.com\/portada\/otro-suicidio-en-yopal-al-parecer-causas-sentimentales\/#primaryimage\",\"url\":\"https:\/\/marthacifuentes.com\/portada\/wp-content\/uploads\/2023\/02\/alberto-de-jesus-murillo.jpg\",\"contentUrl\":\"https:\/\/marthacifuentes.com\/portada\/wp-content\/uploads\/2023\/02\/alberto-de-jesus-murillo.jpg\",\"width\":189,\"height\":138},{\"@type\":\"BreadcrumbList\",\"@id\":\"https:\/\/marthacifuentes.com\/portada\/otro-suicidio-en-yopal-al-parecer-causas-sentimentales\/#breadcrumb\",\"itemListElement\":[{\"@type\":\"ListItem\",\"position\":1,\"name\":\"Portada\",\"item\":\"https:\/\/marthacifuentes.com\/portada\/\"},{\"@type\":\"ListItem\",\"position\":2,\"name\":\"Otro suicidio en Yopal. Al parecer causas sentimentales.\"}]},{\"@type\":\"WebSite\",\"@id\":\"https:\/\/marthacifuentes.com\/portada\/#website\",\"url\":\"https:\/\/marthacifuentes.com\/portada\/\",\"name\":\"\u25b7 Noticias de Casanare : Martha Cifuentes | Casanare\",\"description\":\"Noticias &amp; Contenidos\",\"potentialAction\":[{\"@type\":\"SearchAction\",\"target\":{\"@type\":\"EntryPoint\",\"urlTemplate\":\"https:\/\/marthacifuentes.com\/portada\/?s={search_term_string}\"},\"query-input\":{\"@type\":\"PropertyValueSpecification\",\"valueRequired\":true,\"valueName\":\"search_term_string\"}}],\"inLanguage\":\"es\"},{\"@type\":\"Person\",\"@id\":\"https:\/\/marthacifuentes.com\/portada\/#\/schema\/person\/57f53174b991db5f90ff78d58502b714\",\"name\":\"Martha Cifuentes\",\"image\":{\"@type\":\"ImageObject\",\"inLanguage\":\"es\",\"@id\":\"https:\/\/marthacifuentes.com\/portada\/#\/schema\/person\/image\/\",\"url\":\"http:\/\/marthacifuentes.com\/portada\/wp-content\/uploads\/2018\/06\/avatar_user_2_1528838701-96x96.jpg\",\"contentUrl\":\"http:\/\/marthacifuentes.com\/portada\/wp-content\/uploads\/2018\/06\/avatar_user_2_1528838701-96x96.jpg\",\"caption\":\"Martha Cifuentes\"},\"sameAs\":[\"http:\/\/www.marthacifuentes.com\"],\"url\":\"https:\/\/marthacifuentes.com\/portada\/author\/martha\/\"}]}<\/script>\n<!-- \/ Yoast SEO plugin. -->","yoast_head_json":{"title":"Otro suicidio en Yopal. Al parecer causas sentimentales. - \u25b7 Noticias de Casanare : Martha Cifuentes | Casanare","robots":{"index":"index","follow":"follow","max-snippet":"max-snippet:-1","max-image-preview":"max-image-preview:large","max-video-preview":"max-video-preview:-1"},"canonical":"https:\/\/marthacifuentes.com\/portada\/otro-suicidio-en-yopal-al-parecer-causas-sentimentales\/","og_locale":"es_ES","og_type":"article","og_title":"Otro suicidio en Yopal. Al parecer causas sentimentales. - \u25b7 Noticias de Casanare : Martha Cifuentes | Casanare","og_description":"Un aparente nuevo suicidio en Yopal. Se trata de Alberto de Jes\u00fas Murillo, quien se habr\u00eda quitado la vida mediante la modalidad de ahorcamiento. Su cuerpo fue encontrado sin vida este s\u00e1bado 25 de febrero en su casa en la calle 28 No. 29-93, barrio El Triunfo. Preliminarmente se conoci\u00f3 que el se\u00f1or Murillo, de &hellip;","og_url":"https:\/\/marthacifuentes.com\/portada\/otro-suicidio-en-yopal-al-parecer-causas-sentimentales\/","og_site_name":"\u25b7 Noticias de Casanare : Martha Cifuentes | Casanare","article_published_time":"2023-02-27T16:39:16+00:00","og_image":[{"width":189,"height":138,"url":"https:\/\/marthacifuentes.com\/portada\/wp-content\/uploads\/2023\/02\/alberto-de-jesus-murillo.jpg","type":"image\/jpeg"}],"author":"Martha Cifuentes","twitter_card":"summary_large_image","twitter_misc":{"Escrito por":"Martha Cifuentes","Tiempo de lectura":"1 minuto"},"schema":{"@context":"https:\/\/schema.org","@graph":[{"@type":"WebPage","@id":"https:\/\/marthacifuentes.com\/portada\/otro-suicidio-en-yopal-al-parecer-causas-sentimentales\/","url":"https:\/\/marthacifuentes.com\/portada\/otro-suicidio-en-yopal-al-parecer-causas-sentimentales\/","name":"Otro suicidio en Yopal. Al parecer causas sentimentales. - \u25b7 Noticias de Casanare : Martha Cifuentes | Casanare","isPartOf":{"@id":"https:\/\/marthacifuentes.com\/portada\/#website"},"primaryImageOfPage":{"@id":"https:\/\/marthacifuentes.com\/portada\/otro-suicidio-en-yopal-al-parecer-causas-sentimentales\/#primaryimage"},"image":{"@id":"https:\/\/marthacifuentes.com\/portada\/otro-suicidio-en-yopal-al-parecer-causas-sentimentales\/#primaryimage"},"thumbnailUrl":"https:\/\/marthacifuentes.com\/portada\/wp-content\/uploads\/2023\/02\/alberto-de-jesus-murillo.jpg","datePublished":"2023-02-27T16:39:16+00:00","author":{"@id":"https:\/\/marthacifuentes.com\/portada\/#\/schema\/person\/57f53174b991db5f90ff78d58502b714"},"breadcrumb":{"@id":"https:\/\/marthacifuentes.com\/portada\/otro-suicidio-en-yopal-al-parecer-causas-sentimentales\/#breadcrumb"},"inLanguage":"es","potentialAction":[{"@type":"ReadAction","target":["https:\/\/marthacifuentes.com\/portada\/otro-suicidio-en-yopal-al-parecer-causas-sentimentales\/"]}]},{"@type":"ImageObject","inLanguage":"es","@id":"https:\/\/marthacifuentes.com\/portada\/otro-suicidio-en-yopal-al-parecer-causas-sentimentales\/#primaryimage","url":"https:\/\/marthacifuentes.com\/portada\/wp-content\/uploads\/2023\/02\/alberto-de-jesus-murillo.jpg","contentUrl":"https:\/\/marthacifuentes.com\/portada\/wp-content\/uploads\/2023\/02\/alberto-de-jesus-murillo.jpg","width":189,"height":138},{"@type":"BreadcrumbList","@id":"https:\/\/marthacifuentes.com\/portada\/otro-suicidio-en-yopal-al-parecer-causas-sentimentales\/#breadcrumb","itemListElement":[{"@type":"ListItem","position":1,"name":"Portada","item":"https:\/\/marthacifuentes.com\/portada\/"},{"@type":"ListItem","position":2,"name":"Otro suicidio en Yopal. Al parecer causas sentimentales."}]},{"@type":"WebSite","@id":"https:\/\/marthacifuentes.com\/portada\/#website","url":"https:\/\/marthacifuentes.com\/portada\/","name":"\u25b7 Noticias de Casanare : Martha Cifuentes | Casanare","description":"Noticias &amp; Contenidos","potentialAction":[{"@type":"SearchAction","target":{"@type":"EntryPoint","urlTemplate":"https:\/\/marthacifuentes.com\/portada\/?s={search_term_string}"},"query-input":{"@type":"PropertyValueSpecification","valueRequired":true,"valueName":"search_term_string"}}],"inLanguage":"es"},{"@type":"Person","@id":"https:\/\/marthacifuentes.com\/portada\/#\/schema\/person\/57f53174b991db5f90ff78d58502b714","name":"Martha Cifuentes","image":{"@type":"ImageObject","inLanguage":"es","@id":"https:\/\/marthacifuentes.com\/portada\/#\/schema\/person\/image\/","url":"http:\/\/marthacifuentes.com\/portada\/wp-content\/uploads\/2018\/06\/avatar_user_2_1528838701-96x96.jpg","contentUrl":"http:\/\/marthacifuentes.com\/portada\/wp-content\/uploads\/2018\/06\/avatar_user_2_1528838701-96x96.jpg","caption":"Martha Cifuentes"},"sameAs":["http:\/\/www.marthacifuentes.com"],"url":"https:\/\/marthacifuentes.com\/portada\/author\/martha\/"}]}},"_links":{"self":[{"href":"https:\/\/marthacifuentes.com\/portada\/wp-json\/wp\/v2\/posts\/31168","targetHints":{"allow":["GET"]}}],"collection":[{"href":"https:\/\/marthacifuentes.com\/portada\/wp-json\/wp\/v2\/posts"}],"about":[{"href":"https:\/\/marthacifuentes.com\/portada\/wp-json\/wp\/v2\/types\/post"}],"author":[{"embeddable":true,"href":"https:\/\/marthacifuentes.com\/portada\/wp-json\/wp\/v2\/users\/2"}],"replies":[{"embeddable":true,"href":"https:\/\/marthacifuentes.com\/portada\/wp-json\/wp\/v2\/comments?post=31168"}],"version-history":[{"count":1,"href":"https:\/\/marthacifuentes.com\/portada\/wp-json\/wp\/v2\/posts\/31168\/revisions"}],"predecessor-version":[{"id":31170,"href":"https:\/\/marthacifuentes.com\/portada\/wp-json\/wp\/v2\/posts\/31168\/revisions\/31170"}],"wp:featuredmedia":[{"embeddable":true,"href":"https:\/\/marthacifuentes.com\/portada\/wp-json\/wp\/v2\/media\/31169"}],"wp:attachment":[{"href":"https:\/\/marthacifuentes.com\/portada\/wp-json\/wp\/v2\/media?parent=31168"}],"wp:term":[{"taxonomy":"category","embeddable":true,"href":"https:\/\/marthacifuentes.com\/portada\/wp-json\/wp\/v2\/categories?post=31168"},{"taxonomy":"post_tag","embeddable":true,"href":"https:\/\/marthacifuentes.com\/portada\/wp-json\/wp\/v2\/tags?post=31168"}],"curies":[{"name":"wp","href":"https:\/\/api.w.org\/{rel}","templated":true}]}}