{"id":31181,"date":"2023-02-28T17:33:42","date_gmt":"2023-02-28T22:33:42","guid":{"rendered":"https:\/\/marthacifuentes.com\/portada\/?p=31181"},"modified":"2023-02-28T17:33:42","modified_gmt":"2023-02-28T22:33:42","slug":"lenin-bustos-pide-orden-de-captura-para-implicados-en-denuncias-de-coimas-en-contrato-de-la-ptar-de-yopal","status":"publish","type":"post","link":"https:\/\/marthacifuentes.com\/portada\/lenin-bustos-pide-orden-de-captura-para-implicados-en-denuncias-de-coimas-en-contrato-de-la-ptar-de-yopal\/","title":{"rendered":"Lenin Bustos pide orden de captura para implicados en denuncias de coimas en contrato de la PTAR de Yopal"},"content":{"rendered":"<p style=\"font-weight: 400; text-align: justify;\">El abogado y excandidato a la Alcald\u00eda de Yopal, Lenin Humberto Bustos\u00a0solicita a la Corte Suprema de Justicia de Colombia que separe el cargo y\/o emita una orden de captura inmediata para los funcionarios p\u00fablicos mencionados en el video denunciado por el Contralor Departamental de Casanare Cipriano Castro Medina, donde se evidencia una presunta negociaci\u00f3n de comisiones por el otorgamiento de millonario contrato de la PTAR en la Eaaay.<\/p>\n<p style=\"font-weight: 400; text-align: justify;\">El denunciante expresa que infiriendo por lo dicho por el propio representante legal de la firma\u00a0Ingenicontec\u00a0SAS, Nelson Javier Suesc\u00fan, contratista de la PTAR, en el video, se cre\u00f3 una estructura delictiva que se organiz\u00f3 para la firma del contrato, donde se incrementaron los precios del metro c\u00fabico de agua tratada por encima de un 30% y de c\u00f3mo se pagar\u00edan las comisiones y a trav\u00e9s de qu\u00e9 empresa.<\/p>\n<p><img loading=\"lazy\" decoding=\"async\" class=\"alignnone  wp-image-31183\" src=\"https:\/\/marthacifuentes.com\/portada\/wp-content\/uploads\/2023\/02\/foto-interna-para-lenin-bustos-pide-orden-de-captura-para-implicados-en-coimas-de-contrato-de-la-ptar.png\" alt=\"\" width=\"585\" height=\"815\" srcset=\"https:\/\/marthacifuentes.com\/portada\/wp-content\/uploads\/2023\/02\/foto-interna-para-lenin-bustos-pide-orden-de-captura-para-implicados-en-coimas-de-contrato-de-la-ptar.png 612w, https:\/\/marthacifuentes.com\/portada\/wp-content\/uploads\/2023\/02\/foto-interna-para-lenin-bustos-pide-orden-de-captura-para-implicados-en-coimas-de-contrato-de-la-ptar-215x300.png 215w\" sizes=\"auto, (max-width: 585px) 100vw, 585px\" \/><\/p>\n<h2>Otras noticias&#8230;<\/h2>\n<blockquote class=\"wp-embedded-content\" data-secret=\"UcYbMDLyoC\"><p><a href=\"https:\/\/marthacifuentes.com\/portada\/2023\/02\/28\/en-capresoca-mejoran-servicio-de-entrega-de-medicamentos\/\">En Capresoca mejoran servicio de entrega de medicamentos.<\/a><\/p><\/blockquote>\n<p><iframe loading=\"lazy\" class=\"wp-embedded-content\" sandbox=\"allow-scripts\" security=\"restricted\" style=\"position: absolute; clip: rect(1px, 1px, 1px, 1px);\" title=\"\u00abEn Capresoca mejoran servicio de entrega de medicamentos.\u00bb \u2014 \u25b7 Noticias de Casanare : Martha Cifuentes | Casanare\" src=\"https:\/\/marthacifuentes.com\/portada\/2023\/02\/28\/en-capresoca-mejoran-servicio-de-entrega-de-medicamentos\/embed\/#?secret=6vQBXedmHB#?secret=UcYbMDLyoC\" data-secret=\"UcYbMDLyoC\" width=\"500\" height=\"282\" frameborder=\"0\" marginwidth=\"0\" marginheight=\"0\" scrolling=\"no\"><\/iframe><\/p>\n<p><iframe loading=\"lazy\" class=\"wp-embedded-content\" title=\"\u00abEl Ej\u00e9rcito, responsabilizado por muerte de agricultor Juan Vargas en 2013 en T\u00e1mara, tras omitir prestar protecci\u00f3n y seguridad\u00bb\u00bb \u2014 \u25b7 Noticias de Casanare : Martha Cifuentes | Casanare\" src=\"https:\/\/marthacifuentes.com\/portada\/2023\/02\/28\/el-ejercito-responsabilizado-por-muerte-de-agricultor-juan-vargas-en-2013-en-tamara-tras-omitir-prestar-proteccion-y-seguridad\/embed\/#?secret=1A7jP9rh8q#?secret=4Tyk6q703A\" width=\"600\" height=\"649\" frameborder=\"0\" marginwidth=\"0\" marginheight=\"0\" scrolling=\"no\" sandbox=\"allow-scripts\" data-secret=\"4Tyk6q703A\" data-mce-fragment=\"1\"><\/iframe><\/p>\n<p><iframe loading=\"lazy\" class=\"wp-embedded-content\" title=\"\u00abPresunta inscripci\u00f3n irregular de c\u00e9dulas en la mayor\u00eda de los municipios de Casanare\u00bb \u2014 \u25b7 Noticias de Casanare : Martha Cifuentes | Casanare\" src=\"https:\/\/marthacifuentes.com\/portada\/2023\/02\/28\/presunta-inscripcion-irregular-de-cedulas-en-la-mayoria-de-los-municipios-de-casanare\/embed\/#?secret=oOagmfKrFi#?secret=PMyE72dqAh\" width=\"600\" height=\"600\" frameborder=\"0\" marginwidth=\"0\" marginheight=\"0\" scrolling=\"no\" sandbox=\"allow-scripts\" data-secret=\"PMyE72dqAh\" data-mce-fragment=\"1\"><\/iframe><\/p>\n<p><iframe loading=\"lazy\" class=\"wp-embedded-content\" title=\"\u00abOtro suicidio en Yopal. Al parecer causas sentimentales.\u00bb \u2014 \u25b7 Noticias de Casanare : Martha Cifuentes | Casanare\" src=\"https:\/\/marthacifuentes.com\/portada\/2023\/02\/27\/otro-suicidio-en-yopal-al-parecer-causas-sentimentales\/embed\/#?secret=hIf7IBkfdP#?secret=S93squnMUa\" width=\"600\" height=\"315\" frameborder=\"0\" marginwidth=\"0\" marginheight=\"0\" scrolling=\"no\" sandbox=\"allow-scripts\" data-secret=\"S93squnMUa\" data-mce-fragment=\"1\"><\/iframe><\/p>\n<p><iframe loading=\"lazy\" class=\"wp-embedded-content\" title=\"\u00abJuez que orden\u00f3 suspensi\u00f3n de millonario contrato de PTAR no est\u00e1 impedido en acci\u00f3n popular\u00bb \u2014 \u25b7 Noticias de Casanare : Martha Cifuentes | Casanare\" src=\"https:\/\/marthacifuentes.com\/portada\/2023\/02\/27\/juez-que-ordeno-suspension-de-millonario-contrato-de-ptar-no-esta-impedido-en-accion-popular\/embed\/#?secret=mtsC6bpcaD#?secret=mjczUtC4Nt\" width=\"600\" height=\"621\" frameborder=\"0\" marginwidth=\"0\" marginheight=\"0\" scrolling=\"no\" sandbox=\"allow-scripts\" data-secret=\"mjczUtC4Nt\" data-mce-fragment=\"1\"><\/iframe><\/p>\n<p><iframe loading=\"lazy\" class=\"wp-embedded-content\" title=\"\u00abPolic\u00edas violadores de jovencita en Yopal fueron destituidos e inhabilitados por la Procuradur\u00eda General\u00bb \u2014 \u25b7 Noticias de Casanare : Martha Cifuentes | Casanare\" src=\"https:\/\/marthacifuentes.com\/portada\/2023\/02\/27\/policias-violadores-de-jovencita-en-yopal-fueron-destituidos-e-inhabilitados-por-la-procuraduria-general\/embed\/#?secret=yIZb24jQCc#?secret=SA5P5fnjrn\" width=\"600\" height=\"621\" frameborder=\"0\" marginwidth=\"0\" marginheight=\"0\" scrolling=\"no\" sandbox=\"allow-scripts\" data-secret=\"SA5P5fnjrn\" data-mce-fragment=\"1\"><\/iframe><\/p>\n<p><iframe loading=\"lazy\" class=\"wp-embedded-content\" title=\"\u00abContralor\u00eda General dice que A\u00daN no hay detrimento patrimonial en contrato de la PTAR a pesar del video donde se mencionan coimas para el alcalde.\u00bb \u2014 \u25b7 Noticias de Casanare : Martha Cifuentes | Casanare\" src=\"https:\/\/marthacifuentes.com\/portada\/2023\/02\/27\/contraloria-general-dice-que-aun-no-hay-detrimento-patrimonial-en-contrato-de-la-ptar-a-pesar-del-video-donde-se-mencionan-coimas-para-el-alcalde\/embed\/#?secret=ex2iJQYEJU#?secret=6kFitBiqos\" width=\"600\" height=\"649\" frameborder=\"0\" marginwidth=\"0\" marginheight=\"0\" scrolling=\"no\" sandbox=\"allow-scripts\" data-secret=\"6kFitBiqos\" data-mce-fragment=\"1\"><\/iframe><\/p>\n<p><iframe loading=\"lazy\" class=\"wp-embedded-content\" title=\"\u00abContrato de la PTAR celebrado por la Eaaay, cada vez m\u00e1s podrido. En video se relaciona coimas para el alcalde de Yopal, el parlamentario Hugo Archila y el gerente de Eaaay, entre otros.\u00bb \u2014 \u25b7 Noticias de Casanare : Martha Cifuentes | Casanare\" src=\"https:\/\/marthacifuentes.com\/portada\/2023\/02\/23\/contrato-de-la-ptar-celebrado-por-la-eaaay-cada-vez-mas-podrido-en-video-se-relaciona-coimas-para-el-alcalde-de-yopal-el-parlamentario-hugo-archila-y-el-gerente-de-eaaay-entre-otros\/embed\/#?secret=uGrmIoHbwh#?secret=ARCBqdTmqg\" width=\"600\" height=\"642\" frameborder=\"0\" marginwidth=\"0\" marginheight=\"0\" scrolling=\"no\" sandbox=\"allow-scripts\" data-secret=\"ARCBqdTmqg\" data-mce-fragment=\"1\"><\/iframe><\/p>\n<p><iframe loading=\"lazy\" class=\"wp-embedded-content\" title=\"\u00abCapturado presunto homicida de comerciante de carnes Jos\u00e9 Dubley Cachay Africano, asesinado el 22 de enero de 2023\u00bb \u2014 \u25b7 Noticias de Casanare : Martha Cifuentes | Casanare\" src=\"https:\/\/marthacifuentes.com\/portada\/2023\/02\/23\/capturado-presunto-homicida-de-comerciante-de-carnes-jose-dubley-cachay-africano-asesinado-el-22-de-enero-de-2023\/embed\/#?secret=gZvBF80iTy#?secret=EbPpcBNQ6L\" width=\"600\" height=\"649\" frameborder=\"0\" marginwidth=\"0\" marginheight=\"0\" scrolling=\"no\" sandbox=\"allow-scripts\" data-secret=\"EbPpcBNQ6L\" data-mce-fragment=\"1\"><\/iframe><\/p>\n<p><iframe loading=\"lazy\" class=\"wp-embedded-content\" title=\"\u00abHoy inicia Expo Llanos Casanare 2023 en Yopal\u00bb \u2014 \u25b7 Noticias de Casanare : Martha Cifuentes | Casanare\" src=\"https:\/\/marthacifuentes.com\/portada\/2023\/02\/23\/hoy-inicia-expo-llanos-casanare-2023-en-yopal\/embed\/#?secret=BnVZUUioH6#?secret=gEVHtC485n\" width=\"600\" height=\"592\" frameborder=\"0\" marginwidth=\"0\" marginheight=\"0\" scrolling=\"no\" sandbox=\"allow-scripts\" data-secret=\"gEVHtC485n\" data-mce-fragment=\"1\"><\/iframe><\/p>\n<p><iframe loading=\"lazy\" class=\"wp-embedded-content\" title=\"\u00abAutoridades de Casanare no saben qu\u00e9 hacer con ind\u00edgenas desplazados \u00a0\u00bb \u2014 \u25b7 Noticias de Casanare : Martha Cifuentes | Casanare\" src=\"https:\/\/marthacifuentes.com\/portada\/2023\/02\/22\/autoridades-de-casanare-no-saben-que-hacer-con-indigenas-desplazados\/embed\/#?secret=jGFI3koOVj#?secret=BjQ2jt7xu4\" width=\"600\" height=\"621\" frameborder=\"0\" marginwidth=\"0\" marginheight=\"0\" scrolling=\"no\" sandbox=\"allow-scripts\" data-secret=\"BjQ2jt7xu4\" data-mce-fragment=\"1\"><\/iframe><\/p>\n<p><iframe loading=\"lazy\" class=\"wp-embedded-content\" title=\"\u00abAlcald\u00eda ataca construcciones piratas y loteos irregulares en zona rural de Yopal\u00bb \u2014 \u25b7 Noticias de Casanare : Martha Cifuentes | Casanare\" src=\"https:\/\/marthacifuentes.com\/portada\/2023\/02\/22\/alcaldia-ataca-construcciones-piratas-y-loteos-irregulares-en-zona-rural-de-yopal\/embed\/#?secret=BfbCatA5EC#?secret=QNpK7T6gVu\" width=\"600\" height=\"621\" frameborder=\"0\" marginwidth=\"0\" marginheight=\"0\" scrolling=\"no\" sandbox=\"allow-scripts\" data-secret=\"QNpK7T6gVu\" data-mce-fragment=\"1\"><\/iframe><\/p>\n<p><iframe loading=\"lazy\" class=\"wp-embedded-content\" title=\"\u00abEn Yopal, en promedio un muerto semanal en accidentes de tr\u00e1nsito en 2023. Habr\u00e1 jornadas de prevenci\u00f3n\u00bb \u2014 \u25b7 Noticias de Casanare : Martha Cifuentes | Casanare\" src=\"https:\/\/marthacifuentes.com\/portada\/2023\/02\/22\/en-yopal-en-promedio-un-muerto-semanal-en-accidentes-de-transito-en-2023-habra-jornadas-de-prevencion\/embed\/#?secret=4XG7vtxuWv#?secret=84SEoW0Dhq\" width=\"600\" height=\"649\" frameborder=\"0\" marginwidth=\"0\" marginheight=\"0\" scrolling=\"no\" sandbox=\"allow-scripts\" data-secret=\"84SEoW0Dhq\" data-mce-fragment=\"1\"><\/iframe><\/p>\n<p><iframe loading=\"lazy\" class=\"wp-embedded-content\" title=\"\u00abReforma a la salud ser\u00e1 \u00abexaminada\u00bb en Yopal por el Congreso \u00a0\u00bb \u2014 \u25b7 Noticias de Casanare : Martha Cifuentes | Casanare\" src=\"https:\/\/marthacifuentes.com\/portada\/2023\/02\/22\/reforma-a-la-salud-sera-examinada-en-yopal-por-el-congreso\/embed\/#?secret=i4kb9KM3no#?secret=OPJXWCIMla\" width=\"600\" height=\"621\" frameborder=\"0\" marginwidth=\"0\" marginheight=\"0\" scrolling=\"no\" sandbox=\"allow-scripts\" data-secret=\"OPJXWCIMla\" data-mce-fragment=\"1\"><\/iframe><\/p>\n<p><iframe loading=\"lazy\" class=\"wp-embedded-content\" title=\"\u00abExpendedores de carne protestaron por negligencia en servicio del matadero de Yopal\u00bb \u2014 \u25b7 Noticias de Casanare : Martha Cifuentes | Casanare\" src=\"https:\/\/marthacifuentes.com\/portada\/2023\/02\/22\/expendedores-de-carne-protestaron-por-negligencia-en-servicio-del-matadero-de-yopal\/embed\/#?secret=Ea9sdbNx4k#?secret=cEqWqTtn2W\" width=\"600\" height=\"621\" frameborder=\"0\" marginwidth=\"0\" marginheight=\"0\" scrolling=\"no\" sandbox=\"allow-scripts\" data-secret=\"cEqWqTtn2W\" data-mce-fragment=\"1\"><\/iframe><\/p>\n<p><iframe loading=\"lazy\" class=\"wp-embedded-content\" title=\"\u00abCay\u00f3 alias Johan, presunto paramilitar de las Autodefensas Gaitanistas.\u00bb \u2014 \u25b7 Noticias de Casanare : Martha Cifuentes | Casanare\" src=\"https:\/\/marthacifuentes.com\/portada\/2023\/02\/22\/cayo-alias-johan-presunto-paramilitar-de-las-autodefensas-gaitanistas\/embed\/#?secret=ccyqVo38EH#?secret=m56nK6Fljo\" width=\"600\" height=\"621\" frameborder=\"0\" marginwidth=\"0\" marginheight=\"0\" scrolling=\"no\" sandbox=\"allow-scripts\" data-secret=\"m56nK6Fljo\" data-mce-fragment=\"1\"><\/iframe><\/p>\n<p><iframe loading=\"lazy\" class=\"wp-embedded-content\" title=\"\u00abCapturado docente por violaci\u00f3n de ni\u00f1a en Man\u00ed, Casanare\u00bb \u2014 \u25b7 Noticias de Casanare : Martha Cifuentes | Casanare\" src=\"https:\/\/marthacifuentes.com\/portada\/2023\/02\/22\/capturado-docente-por-violacion-de-nina-en-mani-casanare\/embed\/#?secret=UZ6qSDDIOd#?secret=2E8uyCONBX\" width=\"600\" height=\"600\" frameborder=\"0\" marginwidth=\"0\" marginheight=\"0\" scrolling=\"no\" sandbox=\"allow-scripts\" data-secret=\"2E8uyCONBX\" data-mce-fragment=\"1\"><\/iframe><\/p>\n<p><iframe loading=\"lazy\" class=\"wp-embedded-content\" title=\"\u00abRescatadas dos toninas en r\u00edo Meta en Vichada.\u00bb \u2014 \u25b7 Noticias de Casanare : Martha Cifuentes | Casanare\" src=\"https:\/\/marthacifuentes.com\/portada\/2023\/02\/20\/rescatadas-dos-toninas-en-rio-meta-en-vichada\/embed\/#?secret=Qjn51JCv54#?secret=WVurgOD2UL\" width=\"600\" height=\"592\" frameborder=\"0\" marginwidth=\"0\" marginheight=\"0\" scrolling=\"no\" sandbox=\"allow-scripts\" data-secret=\"WVurgOD2UL\" data-mce-fragment=\"1\"><\/iframe><\/p>\n<p><iframe loading=\"lazy\" class=\"wp-embedded-content\" title=\"\u00abM\u00e1s muertos en v\u00edas de Casanare\u00bb \u2014 \u25b7 Noticias de Casanare : Martha Cifuentes | Casanare\" src=\"https:\/\/marthacifuentes.com\/portada\/2023\/02\/20\/mas-muertos-en-vias-de-casanare\/embed\/#?secret=oxuSiaHvFL#?secret=B6osFceugC\" width=\"600\" height=\"549\" frameborder=\"0\" marginwidth=\"0\" marginheight=\"0\" scrolling=\"no\" sandbox=\"allow-scripts\" data-secret=\"B6osFceugC\" data-mce-fragment=\"1\"><\/iframe><\/p>\n<p><iframe loading=\"lazy\" class=\"wp-embedded-content\" title=\"\u00abEnerca en corto circuito. Reporta millonarias inversiones en infraestructura pero apagones y cortes por mantenimientos son constantes\u00bb \u2014 \u25b7 Noticias de Casanare : Martha Cifuentes | Casanare\" src=\"https:\/\/marthacifuentes.com\/portada\/2023\/02\/20\/enerca-en-corto-circuito-reporta-millonarias-inversiones-en-infraestructura-pero-apagones-y-cortes-por-mantenimientos-son-constantes\/embed\/#?secret=d1x1ACfAnY#?secret=z5H2c7YwAy\" width=\"600\" height=\"649\" frameborder=\"0\" marginwidth=\"0\" marginheight=\"0\" scrolling=\"no\" sandbox=\"allow-scripts\" data-secret=\"z5H2c7YwAy\" data-mce-fragment=\"1\"><\/iframe><\/p>\n<p><iframe loading=\"lazy\" class=\"wp-embedded-content\" title=\"\u00abContralor\u00eda hurgar\u00e1 en la Eaaay manejo de temas presupuestales, financieros y de inversiones. \u00a0\u00bb \u2014 \u25b7 Noticias de Casanare : Martha Cifuentes | Casanare\" src=\"https:\/\/marthacifuentes.com\/portada\/2023\/02\/20\/contraloria-hurgara-en-la-eaaay-manejo-de-temas-presupuestales-financieros-y-de-inversiones\/embed\/#?secret=2IqEeXEUpU#?secret=gHfQMTgDME\" width=\"600\" height=\"572\" frameborder=\"0\" marginwidth=\"0\" marginheight=\"0\" scrolling=\"no\" sandbox=\"allow-scripts\" data-secret=\"gHfQMTgDME\" data-mce-fragment=\"1\"><\/iframe><\/p>\n<p><iframe loading=\"lazy\" class=\"wp-embedded-content\" title=\"\u00abCasanare, con petr\u00f3leo pero con p\u00e9simas carreteras asfaltadas del pa\u00eds, seg\u00fan el Inv\u00edas\u00bb \u2014 \u25b7 Noticias de Casanare : Martha Cifuentes | Casanare\" src=\"https:\/\/marthacifuentes.com\/portada\/2023\/02\/20\/casanare-con-petroleo-pero-con-pesimas-carreteras-asfaltadas-del-pais-segun-el-invias\/embed\/#?secret=UNS0UIdT8K#?secret=9c38LqVnWH\" width=\"600\" height=\"600\" frameborder=\"0\" marginwidth=\"0\" marginheight=\"0\" scrolling=\"no\" sandbox=\"allow-scripts\" data-secret=\"9c38LqVnWH\" data-mce-fragment=\"1\"><\/iframe><\/p>\n<p><iframe loading=\"lazy\" class=\"wp-embedded-content\" title=\"\u00abAves silvestres de Casanare, v\u00edctimas de Hemopar\u00e1sitos. Cient\u00edficos encuentran nuevas especies en este departamento.\u00bb \u2014 \u25b7 Noticias de Casanare : Martha Cifuentes | Casanare\" src=\"https:\/\/marthacifuentes.com\/portada\/2023\/02\/20\/aves-silvestres-de-casanare-victimas-de-hemoparasitos-cientificos-encuentran-nuevas-especies-en-este-departamento\/embed\/#?secret=BBurL3mSzF#?secret=HVU77WCafs\" width=\"600\" height=\"649\" frameborder=\"0\" marginwidth=\"0\" marginheight=\"0\" scrolling=\"no\" sandbox=\"allow-scripts\" data-secret=\"HVU77WCafs\" data-mce-fragment=\"1\"><\/iframe><\/p>\n<p><iframe loading=\"lazy\" class=\"wp-embedded-content\" title=\"\u00abIns\u00f3lito. Acuatodos contrat\u00f3 acueducto y alcantarillado donde no hay gente, solo grandes lotes en Yopal. \u00bfQui\u00e9n ser\u00eda el ganador?\u00bb \u2014 \u25b7 Noticias de Casanare : Martha Cifuentes | Casanare\" src=\"https:\/\/marthacifuentes.com\/portada\/2023\/02\/17\/insolito-acuatodos-contrato-acueducto-y-alcantarillado-donde-no-hay-gente-solo-grandes-lotes-en-yopal-quien-seria-el-ganador\/embed\/#?secret=Yk1RbnSfJ0#?secret=ZzV2pCo6r6\" width=\"600\" height=\"628\" frameborder=\"0\" marginwidth=\"0\" marginheight=\"0\" scrolling=\"no\" sandbox=\"allow-scripts\" data-secret=\"ZzV2pCo6r6\" data-mce-fragment=\"1\"><\/iframe><\/p>\n<p><iframe loading=\"lazy\" class=\"wp-embedded-content\" title=\"\u00abTorta de tres leches, causante de intoxicaci\u00f3n de 50 personas en Tauramena\u00bb \u2014 \u25b7 Noticias de Casanare : Martha Cifuentes | Casanare\" src=\"https:\/\/marthacifuentes.com\/portada\/2023\/02\/17\/torta-de-tres-leches-causante-de-intoxicacion-de-50-personas-en-tauramena\/embed\/#?secret=9r4P6zdzZ3#?secret=OFlRwOkkrs\" width=\"600\" height=\"620\" frameborder=\"0\" marginwidth=\"0\" marginheight=\"0\" scrolling=\"no\" sandbox=\"allow-scripts\" data-secret=\"OFlRwOkkrs\" data-mce-fragment=\"1\"><\/iframe><\/p>\n<p><iframe loading=\"lazy\" class=\"wp-embedded-content\" title=\"\u00abQu\u00e9 dice el meme que no le gust\u00f3 a C\u00e9sar Ortiz\u00bb \u2014 \u25b7 Noticias de Casanare : Martha Cifuentes | Casanare\" src=\"https:\/\/marthacifuentes.com\/portada\/2023\/02\/16\/que-dice-el-meme-que-no-le-gusto-a-cesar-ortiz\/embed\/#?secret=A9SO9RAAcY#?secret=RxME3LjZW6\" width=\"600\" height=\"571\" frameborder=\"0\" marginwidth=\"0\" marginheight=\"0\" scrolling=\"no\" sandbox=\"allow-scripts\" data-secret=\"RxME3LjZW6\" data-mce-fragment=\"1\"><\/iframe><\/p>\n<p><iframe loading=\"lazy\" class=\"wp-embedded-content\" title=\"\u00abVerano en Casanare, menos intenso que en temporada pasada. Menos tierra quemada por incendios.\u00bb \u2014 \u25b7 Noticias de Casanare : Martha Cifuentes | Casanare\" src=\"https:\/\/marthacifuentes.com\/portada\/2023\/02\/16\/verano-en-casanare-menos-intenso-que-en-temporada-pasada-menos-tierra-quemada-por-incendios\/embed\/#?secret=zelzB1lB1R#?secret=XBrOzAP0Rv\" width=\"600\" height=\"621\" frameborder=\"0\" marginwidth=\"0\" marginheight=\"0\" scrolling=\"no\" sandbox=\"allow-scripts\" data-secret=\"XBrOzAP0Rv\" data-mce-fragment=\"1\"><\/iframe><\/p>\n<p><iframe loading=\"lazy\" class=\"wp-embedded-content\" title=\"\u00abCapresoca vincul\u00f3 a n\u00f3mina a 28 funcionarios que laboraban mediante OPS.\u00bb \u2014 \u25b7 Noticias de Casanare : Martha Cifuentes | Casanare\" src=\"https:\/\/marthacifuentes.com\/portada\/2023\/02\/16\/capresoca-vinculo-a-nomina-a-28-funcionarios-que-laboraban-mediante-ops\/embed\/#?secret=An0AgntT7e#?secret=aK7sEQTfsz\" width=\"600\" height=\"621\" frameborder=\"0\" marginwidth=\"0\" marginheight=\"0\" scrolling=\"no\" sandbox=\"allow-scripts\" data-secret=\"aK7sEQTfsz\" data-mce-fragment=\"1\"><\/iframe><\/p>\n<p><iframe loading=\"lazy\" class=\"wp-embedded-content\" title=\"\u00abReparamilitarizaci\u00f3n en Casanare. Los combatientes nunca se fueron: Delegaci\u00f3n Asturiana de Paz\u00bb \u2014 \u25b7 Noticias de Casanare : Martha Cifuentes | Casanare\" src=\"https:\/\/marthacifuentes.com\/portada\/2023\/02\/16\/reparamilitarizacion-en-casanare-los-combatientes-nunca-se-fueron-delegacion-asturiana-de-paz\/embed\/#?secret=pdEg8cMZzb#?secret=aLoKgyiv7W\" width=\"600\" height=\"621\" frameborder=\"0\" marginwidth=\"0\" marginheight=\"0\" scrolling=\"no\" sandbox=\"allow-scripts\" data-secret=\"aLoKgyiv7W\" data-mce-fragment=\"1\"><\/iframe><\/p>\n<p><iframe loading=\"lazy\" class=\"wp-embedded-content\" title=\"\u00abMuerte de ni\u00f1a de 13 a\u00f1os de Paz de Ariporo, causa inquietud en autoridades. Se investiga su posible suicidio.\u00bb \u2014 \u25b7 Noticias de Casanare : Martha Cifuentes | Casanare\" src=\"https:\/\/marthacifuentes.com\/portada\/2023\/02\/15\/muerte-de-nina-de-13-anos-de-paz-de-ariporo-causa-inquietud-en-autoridades-se-investiga-su-posible-suicidio\/embed\/#?secret=Imav02EFc5#?secret=P2XpYIllGH\" width=\"600\" height=\"628\" frameborder=\"0\" marginwidth=\"0\" marginheight=\"0\" scrolling=\"no\" sandbox=\"allow-scripts\" data-secret=\"P2XpYIllGH\" data-mce-fragment=\"1\"><\/iframe><\/p>\n<p><iframe loading=\"lazy\" class=\"wp-embedded-content\" title=\"\u00abSer\u00eda triste para Casanare la liquidaci\u00f3n de Capresoca y poner sus usuarios en otra EPS: Gobernador Salom\u00f3n Sanabria\u00bb \u2014 \u25b7 Noticias de Casanare : Martha Cifuentes | Casanare\" src=\"https:\/\/marthacifuentes.com\/portada\/2023\/02\/15\/seria-triste-para-casanare-la-liquidacion-de-capresoca-y-poner-sus-usuarios-en-otra-eps-gobernador-salomon-sanabria\/embed\/#?secret=vqhp1F1e7r#?secret=4kdFz273dQ\" width=\"600\" height=\"649\" frameborder=\"0\" marginwidth=\"0\" marginheight=\"0\" scrolling=\"no\" sandbox=\"allow-scripts\" data-secret=\"4kdFz273dQ\" data-mce-fragment=\"1\"><\/iframe><\/p>\n<p><iframe loading=\"lazy\" class=\"wp-embedded-content\" title=\"\u00abFiscal\u00eda tiene listas 11 \u00f3rdenes de captura contra bandas delincuenciales de Yopal.\u00bb \u2014 \u25b7 Noticias de Casanare : Martha Cifuentes | Casanare\" src=\"https:\/\/marthacifuentes.com\/portada\/2023\/02\/15\/fiscalia-tiene-listas-11-ordenes-de-captura-contra-bandas-delincuenciales-de-yopal\/embed\/#?secret=htGFEEAN56#?secret=8Gug5kL1KU\" width=\"600\" height=\"621\" frameborder=\"0\" marginwidth=\"0\" marginheight=\"0\" scrolling=\"no\" sandbox=\"allow-scripts\" data-secret=\"8Gug5kL1KU\" data-mce-fragment=\"1\"><\/iframe><\/p>\n<p><iframe loading=\"lazy\" class=\"wp-embedded-content\" title=\"\u00abMujeres se empoderan en el crimen. Tres fueron capturadas en Paz de Ariporo.\u00bb \u2014 \u25b7 Noticias de Casanare : Martha Cifuentes | Casanare\" src=\"https:\/\/marthacifuentes.com\/portada\/2023\/02\/14\/mujeres-se-empoderan-en-el-crimen-tres-fueron-capturadas-en-paz-de-ariporo\/embed\/#?secret=2vSvwdminu#?secret=hht7GIelMm\" width=\"600\" height=\"621\" frameborder=\"0\" marginwidth=\"0\" marginheight=\"0\" scrolling=\"no\" sandbox=\"allow-scripts\" data-secret=\"hht7GIelMm\" data-mce-fragment=\"1\"><\/iframe><\/p>\n<p><iframe loading=\"lazy\" class=\"wp-embedded-content\" title=\"\u00abCapresoca ser\u00eda de una de las EPS que se acabar\u00eda con reforma a la salud propuesta por el gobierno\u00bb \u2014 \u25b7 Noticias de Casanare : Martha Cifuentes | Casanare\" src=\"https:\/\/marthacifuentes.com\/portada\/2023\/02\/14\/capresoca-seria-de-una-de-las-eps-que-se-acabaria-con-reforma-a-la-salud-propuesta-por-el-gobierno\/embed\/#?secret=Zuc8JGAjrD#?secret=TRTFBmxqBa\" width=\"600\" height=\"600\" frameborder=\"0\" marginwidth=\"0\" marginheight=\"0\" scrolling=\"no\" sandbox=\"allow-scripts\" data-secret=\"TRTFBmxqBa\" data-mce-fragment=\"1\"><\/iframe><\/p>\n<p><iframe loading=\"lazy\" class=\"wp-embedded-content\" title=\"\u00abEn 2023, menos incendios forestales en Yopal.\u00bb \u2014 \u25b7 Noticias de Casanare : Martha Cifuentes | Casanare\" src=\"https:\/\/marthacifuentes.com\/portada\/2023\/02\/14\/en-2023-menos-incendios-forestales-en-yopal\/embed\/#?secret=g7zU7ZriMR#?secret=uJF2Gmg37t\" width=\"600\" height=\"570\" frameborder=\"0\" marginwidth=\"0\" marginheight=\"0\" scrolling=\"no\" sandbox=\"allow-scripts\" data-secret=\"uJF2Gmg37t\" data-mce-fragment=\"1\"><\/iframe><\/p>\n<p><iframe loading=\"lazy\" class=\"wp-embedded-content\" title=\"\u00abSigue pol\u00e9mica en Alcald\u00eda de Yopal por motos del tr\u00e1nsito sin SOAT vigentes.\u00bb \u2014 \u25b7 Noticias de Casanare : Martha Cifuentes | Casanare\" src=\"https:\/\/marthacifuentes.com\/portada\/2023\/02\/14\/sigue-polemica-en-alcaldia-de-yopal-por-motos-del-transito-sin-soat-vigentes\/embed\/#?secret=vFTELq88Pg#?secret=Fbz06pZznx\" width=\"600\" height=\"613\" frameborder=\"0\" marginwidth=\"0\" marginheight=\"0\" scrolling=\"no\" sandbox=\"allow-scripts\" data-secret=\"Fbz06pZznx\" data-mce-fragment=\"1\"><\/iframe><\/p>\n<p><iframe loading=\"lazy\" class=\"wp-embedded-content\" title=\"\u00abEln cuestiona a contratista de ruta de Los Libertadores en Casanare por demora en obras.\u00bb \u2014 \u25b7 Noticias de Casanare : Martha Cifuentes | Casanare\" src=\"https:\/\/marthacifuentes.com\/portada\/2023\/02\/14\/eln-cuestiona-a-contratista-de-ruta-de-los-libertadores-en-casanare-por-demora-en-obras\/embed\/#?secret=hiqIzzMzWB#?secret=AxIWbuCVaX\" width=\"600\" height=\"537\" frameborder=\"0\" marginwidth=\"0\" marginheight=\"0\" scrolling=\"no\" sandbox=\"allow-scripts\" data-secret=\"AxIWbuCVaX\" data-mce-fragment=\"1\"><\/iframe><\/p>\n<p><iframe loading=\"lazy\" class=\"wp-embedded-content\" title=\"\u00abA paso de tortuga avanza Urbanizaci\u00f3n Mariselas en Yopal. Solo se ha entregado 33% de apartamentos.\u00bb \u2014 \u25b7 Noticias de Casanare : Martha Cifuentes | Casanare\" src=\"https:\/\/marthacifuentes.com\/portada\/2023\/02\/13\/a-paso-de-tortuga-avanza-urbanizacion-mariselas-en-yopal-solo-se-ha-entregado-33-de-apartamentos\/embed\/#?secret=7OasCFEAn2#?secret=eZ0PZ1D7uW\" width=\"600\" height=\"600\" frameborder=\"0\" marginwidth=\"0\" marginheight=\"0\" scrolling=\"no\" sandbox=\"allow-scripts\" data-secret=\"eZ0PZ1D7uW\" data-mce-fragment=\"1\"><\/iframe><\/p>\n<p><iframe loading=\"lazy\" class=\"wp-embedded-content\" title=\"\u00abUsuarios de Yopal a pagar 16% m\u00e1s, por agua, alcantarillado y aseo, frente a enero de 2022.\u00bb \u2014 \u25b7 Noticias de Casanare : Martha Cifuentes | Casanare\" src=\"https:\/\/marthacifuentes.com\/portada\/2023\/02\/13\/usuarios-de-yopal-a-pagar-16-mas-por-agua-alcantarillado-y-aseo-frente-a-enero-de-2022\/embed\/#?secret=a7Zo16ZLuu#?secret=lT6M0RlZE1\" width=\"600\" height=\"600\" frameborder=\"0\" marginwidth=\"0\" marginheight=\"0\" scrolling=\"no\" sandbox=\"allow-scripts\" data-secret=\"lT6M0RlZE1\" data-mce-fragment=\"1\"><\/iframe><\/p>\n<p><iframe loading=\"lazy\" class=\"wp-embedded-content\" title=\"\u00abNo fue una, ni fueron dos, fueron al menos 4 las motos de la Alcald\u00eda de Yopal sin SOAT vigente al 7 de febrero.\u00bb \u2014 \u25b7 Noticias de Casanare : Martha Cifuentes | Casanare\" src=\"https:\/\/marthacifuentes.com\/portada\/2023\/02\/10\/no-fue-una-ni-fueron-dos-fueron-al-menos-4-las-motos-de-la-alcaldia-de-yopal-sin-soat-vigente-al-7-de-febrero\/embed\/#?secret=4RlkQWxIif#?secret=MUexUcdgHg\" width=\"600\" height=\"621\" frameborder=\"0\" marginwidth=\"0\" marginheight=\"0\" scrolling=\"no\" sandbox=\"allow-scripts\" data-secret=\"MUexUcdgHg\" data-mce-fragment=\"1\"><\/iframe><\/p>\n<p><iframe loading=\"lazy\" class=\"wp-embedded-content\" title=\"\u00abUn joven muerto y uno herido, deja accidente en zona rural de Trinidad al chocar moto contra un \u00e1rbol\u00bb \u2014 \u25b7 Noticias de Casanare : Martha Cifuentes | Casanare\" src=\"https:\/\/marthacifuentes.com\/portada\/2023\/02\/10\/un-joven-muerto-y-uno-herido-deja-accidente-en-zona-rural-de-trinidad-al-chocar-moto-contra-un-arbol\/embed\/#?secret=avynDh6WOJ#?secret=blRnLax1BF\" width=\"600\" height=\"559\" frameborder=\"0\" marginwidth=\"0\" marginheight=\"0\" scrolling=\"no\" sandbox=\"allow-scripts\" data-secret=\"blRnLax1BF\" data-mce-fragment=\"1\"><\/iframe><\/p>\n<p><iframe loading=\"lazy\" class=\"wp-embedded-content\" title=\"\u00abSoldado profesional muri\u00f3 quemado en absurdo accidente en su moto en San Luis de Palenque\u00bb \u2014 \u25b7 Noticias de Casanare : Martha Cifuentes | Casanare\" src=\"https:\/\/marthacifuentes.com\/portada\/2023\/02\/10\/soldado-profesional-murio-quemado-en-absurdo-accidente-en-su-moto-en-san-luis-de-palenque\/embed\/#?secret=Sznkd40nSW#?secret=XjLkcsRxIi\" width=\"600\" height=\"621\" frameborder=\"0\" marginwidth=\"0\" marginheight=\"0\" scrolling=\"no\" sandbox=\"allow-scripts\" data-secret=\"XjLkcsRxIi\" data-mce-fragment=\"1\"><\/iframe><\/p>\n<p><iframe loading=\"lazy\" class=\"wp-embedded-content\" title=\"\u00abAgente de tr\u00e1nsito de Yopal pillado sin SOAT por parte de un l\u00edder y veedor social\u00bb \u2014 \u25b7 Noticias de Casanare : Martha Cifuentes | Casanare\" src=\"https:\/\/marthacifuentes.com\/portada\/2023\/02\/08\/agente-de-transito-de-yopal-pillado-sin-soat-por-parte-de-un-lider-y-veedor-social\/embed\/#?secret=Mg5QRgP4iZ#?secret=wFSL8D1G4J\" width=\"600\" height=\"621\" frameborder=\"0\" marginwidth=\"0\" marginheight=\"0\" scrolling=\"no\" sandbox=\"allow-scripts\" data-secret=\"wFSL8D1G4J\" data-mce-fragment=\"1\"><\/iframe><\/p>\n<p><iframe loading=\"lazy\" class=\"wp-embedded-content\" title=\"\u00abBandas delincuenciales Los Boyacos y Los Rompellanos se toman a Yopal.\u00bb \u2014 \u25b7 Noticias de Casanare : Martha Cifuentes | Casanare\" src=\"https:\/\/marthacifuentes.com\/portada\/2023\/02\/08\/bandas-delincuenciales-los-boyacos-y-los-rompellanos-se-toman-a-yopal\/embed\/#?secret=KkiG72RPpX#?secret=WpJmdPOL34\" width=\"600\" height=\"621\" frameborder=\"0\" marginwidth=\"0\" marginheight=\"0\" scrolling=\"no\" sandbox=\"allow-scripts\" data-secret=\"WpJmdPOL34\" data-mce-fragment=\"1\"><\/iframe><\/p>\n","protected":false},"excerpt":{"rendered":"<p>El abogado y excandidato a la Alcald\u00eda de Yopal, Lenin Humberto Bustos\u00a0solicita a la Corte Suprema de Justicia de Colombia que separe el cargo y\/o emita una orden de captura inmediata para los funcionarios p\u00fablicos mencionados en el video denunciado por el Contralor Departamental de Casanare Cipriano Castro Medina, donde se evidencia una presunta negociaci\u00f3n &hellip;<\/p>\n","protected":false},"author":2,"featured_media":31182,"comment_status":"open","ping_status":"open","sticky":false,"template":"","format":"standard","meta":{"om_disable_all_campaigns":false,"_exactmetrics_skip_tracking":false,"_exactmetrics_sitenote_active":false,"_exactmetrics_sitenote_note":"","_exactmetrics_sitenote_category":0,"_monsterinsights_skip_tracking":false,"_monsterinsights_sitenote_active":false,"_monsterinsights_sitenote_note":"","_monsterinsights_sitenote_category":0,"_uf_show_specific_survey":0,"_uf_disable_surveys":false,"_joinchat":[],"footnotes":""},"categories":[147,146,145],"tags":[1373,1400,1421,1376],"class_list":["post-31181","post","type-post","status-publish","format-standard","has-post-thumbnail","hentry","category-actualidad","category-noticias","category-reportajes","tag-casanare-noticias","tag-noticias-casanare","tag-noticias-yopal","tag-yopal-noticias"],"yoast_head":"<!-- This site is optimized with the Yoast SEO plugin v26.1 - https:\/\/yoast.com\/wordpress\/plugins\/seo\/ -->\n<title>Lenin Bustos pide orden de captura para implicados en denuncias de coimas en contrato de la PTAR de Yopal - \u25b7 Noticias de Casanare : Martha Cifuentes | Casanare<\/title>\n<meta name=\"robots\" content=\"index, follow, max-snippet:-1, max-image-preview:large, max-video-preview:-1\" \/>\n<link rel=\"canonical\" href=\"https:\/\/marthacifuentes.com\/portada\/lenin-bustos-pide-orden-de-captura-para-implicados-en-denuncias-de-coimas-en-contrato-de-la-ptar-de-yopal\/\" \/>\n<meta property=\"og:locale\" content=\"es_ES\" \/>\n<meta property=\"og:type\" content=\"article\" \/>\n<meta property=\"og:title\" content=\"Lenin Bustos pide orden de captura para implicados en denuncias de coimas en contrato de la PTAR de Yopal - \u25b7 Noticias de Casanare : Martha Cifuentes | Casanare\" \/>\n<meta property=\"og:description\" content=\"El abogado y excandidato a la Alcald\u00eda de Yopal, Lenin Humberto Bustos\u00a0solicita a la Corte Suprema de Justicia de Colombia que separe el cargo y\/o emita una orden de captura inmediata para los funcionarios p\u00fablicos mencionados en el video denunciado por el Contralor Departamental de Casanare Cipriano Castro Medina, donde se evidencia una presunta negociaci\u00f3n &hellip;\" \/>\n<meta property=\"og:url\" content=\"https:\/\/marthacifuentes.com\/portada\/lenin-bustos-pide-orden-de-captura-para-implicados-en-denuncias-de-coimas-en-contrato-de-la-ptar-de-yopal\/\" \/>\n<meta property=\"og:site_name\" content=\"\u25b7 Noticias de Casanare : Martha Cifuentes | Casanare\" \/>\n<meta property=\"article:published_time\" content=\"2023-02-28T22:33:42+00:00\" \/>\n<meta property=\"og:image\" content=\"https:\/\/marthacifuentes.com\/portada\/wp-content\/uploads\/2023\/02\/Lenin-Bustos-abogado-2.png\" \/>\n\t<meta property=\"og:image:width\" content=\"880\" \/>\n\t<meta property=\"og:image:height\" content=\"528\" \/>\n\t<meta property=\"og:image:type\" content=\"image\/png\" \/>\n<meta name=\"author\" content=\"Martha Cifuentes\" \/>\n<meta name=\"twitter:card\" content=\"summary_large_image\" \/>\n<meta name=\"twitter:label1\" content=\"Escrito por\" \/>\n\t<meta name=\"twitter:data1\" content=\"Martha Cifuentes\" \/>\n\t<meta name=\"twitter:label2\" content=\"Tiempo de lectura\" \/>\n\t<meta name=\"twitter:data2\" content=\"1 minuto\" \/>\n<script type=\"application\/ld+json\" class=\"yoast-schema-graph\">{\"@context\":\"https:\/\/schema.org\",\"@graph\":[{\"@type\":\"WebPage\",\"@id\":\"https:\/\/marthacifuentes.com\/portada\/lenin-bustos-pide-orden-de-captura-para-implicados-en-denuncias-de-coimas-en-contrato-de-la-ptar-de-yopal\/\",\"url\":\"https:\/\/marthacifuentes.com\/portada\/lenin-bustos-pide-orden-de-captura-para-implicados-en-denuncias-de-coimas-en-contrato-de-la-ptar-de-yopal\/\",\"name\":\"Lenin Bustos pide orden de captura para implicados en denuncias de coimas en contrato de la PTAR de Yopal - \u25b7 Noticias de Casanare : Martha Cifuentes | Casanare\",\"isPartOf\":{\"@id\":\"https:\/\/marthacifuentes.com\/portada\/#website\"},\"primaryImageOfPage\":{\"@id\":\"https:\/\/marthacifuentes.com\/portada\/lenin-bustos-pide-orden-de-captura-para-implicados-en-denuncias-de-coimas-en-contrato-de-la-ptar-de-yopal\/#primaryimage\"},\"image\":{\"@id\":\"https:\/\/marthacifuentes.com\/portada\/lenin-bustos-pide-orden-de-captura-para-implicados-en-denuncias-de-coimas-en-contrato-de-la-ptar-de-yopal\/#primaryimage\"},\"thumbnailUrl\":\"https:\/\/marthacifuentes.com\/portada\/wp-content\/uploads\/2023\/02\/Lenin-Bustos-abogado-2.png\",\"datePublished\":\"2023-02-28T22:33:42+00:00\",\"author\":{\"@id\":\"https:\/\/marthacifuentes.com\/portada\/#\/schema\/person\/57f53174b991db5f90ff78d58502b714\"},\"breadcrumb\":{\"@id\":\"https:\/\/marthacifuentes.com\/portada\/lenin-bustos-pide-orden-de-captura-para-implicados-en-denuncias-de-coimas-en-contrato-de-la-ptar-de-yopal\/#breadcrumb\"},\"inLanguage\":\"es\",\"potentialAction\":[{\"@type\":\"ReadAction\",\"target\":[\"https:\/\/marthacifuentes.com\/portada\/lenin-bustos-pide-orden-de-captura-para-implicados-en-denuncias-de-coimas-en-contrato-de-la-ptar-de-yopal\/\"]}]},{\"@type\":\"ImageObject\",\"inLanguage\":\"es\",\"@id\":\"https:\/\/marthacifuentes.com\/portada\/lenin-bustos-pide-orden-de-captura-para-implicados-en-denuncias-de-coimas-en-contrato-de-la-ptar-de-yopal\/#primaryimage\",\"url\":\"https:\/\/marthacifuentes.com\/portada\/wp-content\/uploads\/2023\/02\/Lenin-Bustos-abogado-2.png\",\"contentUrl\":\"https:\/\/marthacifuentes.com\/portada\/wp-content\/uploads\/2023\/02\/Lenin-Bustos-abogado-2.png\",\"width\":880,\"height\":528},{\"@type\":\"BreadcrumbList\",\"@id\":\"https:\/\/marthacifuentes.com\/portada\/lenin-bustos-pide-orden-de-captura-para-implicados-en-denuncias-de-coimas-en-contrato-de-la-ptar-de-yopal\/#breadcrumb\",\"itemListElement\":[{\"@type\":\"ListItem\",\"position\":1,\"name\":\"Portada\",\"item\":\"https:\/\/marthacifuentes.com\/portada\/\"},{\"@type\":\"ListItem\",\"position\":2,\"name\":\"Lenin Bustos pide orden de captura para implicados en denuncias de coimas en contrato de la PTAR de Yopal\"}]},{\"@type\":\"WebSite\",\"@id\":\"https:\/\/marthacifuentes.com\/portada\/#website\",\"url\":\"https:\/\/marthacifuentes.com\/portada\/\",\"name\":\"\u25b7 Noticias de Casanare : Martha Cifuentes | Casanare\",\"description\":\"Noticias &amp; Contenidos\",\"potentialAction\":[{\"@type\":\"SearchAction\",\"target\":{\"@type\":\"EntryPoint\",\"urlTemplate\":\"https:\/\/marthacifuentes.com\/portada\/?s={search_term_string}\"},\"query-input\":{\"@type\":\"PropertyValueSpecification\",\"valueRequired\":true,\"valueName\":\"search_term_string\"}}],\"inLanguage\":\"es\"},{\"@type\":\"Person\",\"@id\":\"https:\/\/marthacifuentes.com\/portada\/#\/schema\/person\/57f53174b991db5f90ff78d58502b714\",\"name\":\"Martha Cifuentes\",\"image\":{\"@type\":\"ImageObject\",\"inLanguage\":\"es\",\"@id\":\"https:\/\/marthacifuentes.com\/portada\/#\/schema\/person\/image\/\",\"url\":\"http:\/\/marthacifuentes.com\/portada\/wp-content\/uploads\/2018\/06\/avatar_user_2_1528838701-96x96.jpg\",\"contentUrl\":\"http:\/\/marthacifuentes.com\/portada\/wp-content\/uploads\/2018\/06\/avatar_user_2_1528838701-96x96.jpg\",\"caption\":\"Martha Cifuentes\"},\"sameAs\":[\"http:\/\/www.marthacifuentes.com\"],\"url\":\"https:\/\/marthacifuentes.com\/portada\/author\/martha\/\"}]}<\/script>\n<!-- \/ Yoast SEO plugin. -->","yoast_head_json":{"title":"Lenin Bustos pide orden de captura para implicados en denuncias de coimas en contrato de la PTAR de Yopal - \u25b7 Noticias de Casanare : Martha Cifuentes | Casanare","robots":{"index":"index","follow":"follow","max-snippet":"max-snippet:-1","max-image-preview":"max-image-preview:large","max-video-preview":"max-video-preview:-1"},"canonical":"https:\/\/marthacifuentes.com\/portada\/lenin-bustos-pide-orden-de-captura-para-implicados-en-denuncias-de-coimas-en-contrato-de-la-ptar-de-yopal\/","og_locale":"es_ES","og_type":"article","og_title":"Lenin Bustos pide orden de captura para implicados en denuncias de coimas en contrato de la PTAR de Yopal - \u25b7 Noticias de Casanare : Martha Cifuentes | Casanare","og_description":"El abogado y excandidato a la Alcald\u00eda de Yopal, Lenin Humberto Bustos\u00a0solicita a la Corte Suprema de Justicia de Colombia que separe el cargo y\/o emita una orden de captura inmediata para los funcionarios p\u00fablicos mencionados en el video denunciado por el Contralor Departamental de Casanare Cipriano Castro Medina, donde se evidencia una presunta negociaci\u00f3n &hellip;","og_url":"https:\/\/marthacifuentes.com\/portada\/lenin-bustos-pide-orden-de-captura-para-implicados-en-denuncias-de-coimas-en-contrato-de-la-ptar-de-yopal\/","og_site_name":"\u25b7 Noticias de Casanare : Martha Cifuentes | Casanare","article_published_time":"2023-02-28T22:33:42+00:00","og_image":[{"width":880,"height":528,"url":"https:\/\/marthacifuentes.com\/portada\/wp-content\/uploads\/2023\/02\/Lenin-Bustos-abogado-2.png","type":"image\/png"}],"author":"Martha Cifuentes","twitter_card":"summary_large_image","twitter_misc":{"Escrito por":"Martha Cifuentes","Tiempo de lectura":"1 minuto"},"schema":{"@context":"https:\/\/schema.org","@graph":[{"@type":"WebPage","@id":"https:\/\/marthacifuentes.com\/portada\/lenin-bustos-pide-orden-de-captura-para-implicados-en-denuncias-de-coimas-en-contrato-de-la-ptar-de-yopal\/","url":"https:\/\/marthacifuentes.com\/portada\/lenin-bustos-pide-orden-de-captura-para-implicados-en-denuncias-de-coimas-en-contrato-de-la-ptar-de-yopal\/","name":"Lenin Bustos pide orden de captura para implicados en denuncias de coimas en contrato de la PTAR de Yopal - \u25b7 Noticias de Casanare : Martha Cifuentes | Casanare","isPartOf":{"@id":"https:\/\/marthacifuentes.com\/portada\/#website"},"primaryImageOfPage":{"@id":"https:\/\/marthacifuentes.com\/portada\/lenin-bustos-pide-orden-de-captura-para-implicados-en-denuncias-de-coimas-en-contrato-de-la-ptar-de-yopal\/#primaryimage"},"image":{"@id":"https:\/\/marthacifuentes.com\/portada\/lenin-bustos-pide-orden-de-captura-para-implicados-en-denuncias-de-coimas-en-contrato-de-la-ptar-de-yopal\/#primaryimage"},"thumbnailUrl":"https:\/\/marthacifuentes.com\/portada\/wp-content\/uploads\/2023\/02\/Lenin-Bustos-abogado-2.png","datePublished":"2023-02-28T22:33:42+00:00","author":{"@id":"https:\/\/marthacifuentes.com\/portada\/#\/schema\/person\/57f53174b991db5f90ff78d58502b714"},"breadcrumb":{"@id":"https:\/\/marthacifuentes.com\/portada\/lenin-bustos-pide-orden-de-captura-para-implicados-en-denuncias-de-coimas-en-contrato-de-la-ptar-de-yopal\/#breadcrumb"},"inLanguage":"es","potentialAction":[{"@type":"ReadAction","target":["https:\/\/marthacifuentes.com\/portada\/lenin-bustos-pide-orden-de-captura-para-implicados-en-denuncias-de-coimas-en-contrato-de-la-ptar-de-yopal\/"]}]},{"@type":"ImageObject","inLanguage":"es","@id":"https:\/\/marthacifuentes.com\/portada\/lenin-bustos-pide-orden-de-captura-para-implicados-en-denuncias-de-coimas-en-contrato-de-la-ptar-de-yopal\/#primaryimage","url":"https:\/\/marthacifuentes.com\/portada\/wp-content\/uploads\/2023\/02\/Lenin-Bustos-abogado-2.png","contentUrl":"https:\/\/marthacifuentes.com\/portada\/wp-content\/uploads\/2023\/02\/Lenin-Bustos-abogado-2.png","width":880,"height":528},{"@type":"BreadcrumbList","@id":"https:\/\/marthacifuentes.com\/portada\/lenin-bustos-pide-orden-de-captura-para-implicados-en-denuncias-de-coimas-en-contrato-de-la-ptar-de-yopal\/#breadcrumb","itemListElement":[{"@type":"ListItem","position":1,"name":"Portada","item":"https:\/\/marthacifuentes.com\/portada\/"},{"@type":"ListItem","position":2,"name":"Lenin Bustos pide orden de captura para implicados en denuncias de coimas en contrato de la PTAR de Yopal"}]},{"@type":"WebSite","@id":"https:\/\/marthacifuentes.com\/portada\/#website","url":"https:\/\/marthacifuentes.com\/portada\/","name":"\u25b7 Noticias de Casanare : Martha Cifuentes | Casanare","description":"Noticias &amp; Contenidos","potentialAction":[{"@type":"SearchAction","target":{"@type":"EntryPoint","urlTemplate":"https:\/\/marthacifuentes.com\/portada\/?s={search_term_string}"},"query-input":{"@type":"PropertyValueSpecification","valueRequired":true,"valueName":"search_term_string"}}],"inLanguage":"es"},{"@type":"Person","@id":"https:\/\/marthacifuentes.com\/portada\/#\/schema\/person\/57f53174b991db5f90ff78d58502b714","name":"Martha Cifuentes","image":{"@type":"ImageObject","inLanguage":"es","@id":"https:\/\/marthacifuentes.com\/portada\/#\/schema\/person\/image\/","url":"http:\/\/marthacifuentes.com\/portada\/wp-content\/uploads\/2018\/06\/avatar_user_2_1528838701-96x96.jpg","contentUrl":"http:\/\/marthacifuentes.com\/portada\/wp-content\/uploads\/2018\/06\/avatar_user_2_1528838701-96x96.jpg","caption":"Martha Cifuentes"},"sameAs":["http:\/\/www.marthacifuentes.com"],"url":"https:\/\/marthacifuentes.com\/portada\/author\/martha\/"}]}},"_links":{"self":[{"href":"https:\/\/marthacifuentes.com\/portada\/wp-json\/wp\/v2\/posts\/31181","targetHints":{"allow":["GET"]}}],"collection":[{"href":"https:\/\/marthacifuentes.com\/portada\/wp-json\/wp\/v2\/posts"}],"about":[{"href":"https:\/\/marthacifuentes.com\/portada\/wp-json\/wp\/v2\/types\/post"}],"author":[{"embeddable":true,"href":"https:\/\/marthacifuentes.com\/portada\/wp-json\/wp\/v2\/users\/2"}],"replies":[{"embeddable":true,"href":"https:\/\/marthacifuentes.com\/portada\/wp-json\/wp\/v2\/comments?post=31181"}],"version-history":[{"count":1,"href":"https:\/\/marthacifuentes.com\/portada\/wp-json\/wp\/v2\/posts\/31181\/revisions"}],"predecessor-version":[{"id":31184,"href":"https:\/\/marthacifuentes.com\/portada\/wp-json\/wp\/v2\/posts\/31181\/revisions\/31184"}],"wp:featuredmedia":[{"embeddable":true,"href":"https:\/\/marthacifuentes.com\/portada\/wp-json\/wp\/v2\/media\/31182"}],"wp:attachment":[{"href":"https:\/\/marthacifuentes.com\/portada\/wp-json\/wp\/v2\/media?parent=31181"}],"wp:term":[{"taxonomy":"category","embeddable":true,"href":"https:\/\/marthacifuentes.com\/portada\/wp-json\/wp\/v2\/categories?post=31181"},{"taxonomy":"post_tag","embeddable":true,"href":"https:\/\/marthacifuentes.com\/portada\/wp-json\/wp\/v2\/tags?post=31181"}],"curies":[{"name":"wp","href":"https:\/\/api.w.org\/{rel}","templated":true}]}}