{"id":31372,"date":"2023-03-22T07:35:57","date_gmt":"2023-03-22T12:35:57","guid":{"rendered":"https:\/\/marthacifuentes.com\/portada\/?p=31372"},"modified":"2023-03-22T07:35:57","modified_gmt":"2023-03-22T12:35:57","slug":"guillermo-velandia-granados-realizo-el-lanzamiento-del-movimiento-firme-por-el-cambio-para-ser-gobernador-de-casanare","status":"publish","type":"post","link":"https:\/\/marthacifuentes.com\/portada\/guillermo-velandia-granados-realizo-el-lanzamiento-del-movimiento-firme-por-el-cambio-para-ser-gobernador-de-casanare\/","title":{"rendered":"Guillermo Velandia Granados, realiz\u00f3 el lanzamiento del movimiento FIRME POR EL CAMBIO, para ser Gobernador de Casanare."},"content":{"rendered":"<p><strong>#Publicidad Pol\u00edtica Pagada<\/strong><\/p>\n<p>Acompa\u00f1ado de un significativo grupo de casanare\u00f1os, el ingeniero Guillermo Alexander Velandia Granados, oficializ\u00f3 la inscripci\u00f3n del \u00fanico movimiento ciudadano FIRME POR EL CAMBIO, con el cual busca la recolecci\u00f3n de 120 mil firmas en todo el departamento, con el fin de avalar su candidatura a la gobernaci\u00f3n de Casanare, de manera independiente.<\/p>\n<p>Velandia Granados es un profesional casanare\u00f1o, con 17 a\u00f1os de experiencia en el sector p\u00fablico; es ingeniero civil de profesi\u00f3n, con una especializaci\u00f3n en sistemas h\u00eddricos y una maestr\u00eda en gesti\u00f3n del riesgo.<\/p>\n<p><img loading=\"lazy\" decoding=\"async\" class=\"wp-image-31374 aligncenter\" src=\"https:\/\/marthacifuentes.com\/portada\/wp-content\/uploads\/2023\/03\/4.jpeg-1024x683.jpg\" alt=\"\" width=\"614\" height=\"410\" srcset=\"https:\/\/marthacifuentes.com\/portada\/wp-content\/uploads\/2023\/03\/4.jpeg-1024x683.jpg 1024w, https:\/\/marthacifuentes.com\/portada\/wp-content\/uploads\/2023\/03\/4.jpeg-300x200.jpg 300w, https:\/\/marthacifuentes.com\/portada\/wp-content\/uploads\/2023\/03\/4.jpeg-768x512.jpg 768w, https:\/\/marthacifuentes.com\/portada\/wp-content\/uploads\/2023\/03\/4.jpeg.jpg 1500w\" sizes=\"auto, (max-width: 614px) 100vw, 614px\" \/><\/p>\n<p>El cargo m\u00e1s reciente que desempe\u00f1\u00f3 fue el de subdirector nacional de la Unidad de Gesti\u00f3n de Riesgo, donde mostr\u00f3 sus capacidades de liderazgo y entrega de resultados, liderando 360 proyectos de mitigaci\u00f3n de riesgo a nivel nacional, que beneficiaron a m\u00e1s de seis millones de colombianos. Para su Casanare, ayud\u00f3 a gestionar 14 obras de impacto, que se encuentran distribuidas en 10 municipios de Casanare y que, sin duda, mejoran la calidad de vida de miles de casanare\u00f1os.<\/p>\n<p>Guillermo Velandia es un hombre independiente, sin jefes pol\u00edticos; un hombre de resultados que siempre ha buscado la manera de aportar con soluciones a mejorar la vida de todos. Hoy regresa a Casanare con el reto de ser el pr\u00f3ximo gobernador de su departamento, para trabajar de la mano de los casanare\u00f1os, y juntos construir el Casanare de oportunidades y progreso que todos anhelan.<\/p>\n<p>\u201cHoy estoy aqu\u00ed, porque creo que un verdadero cambio s\u00ed es posible para nuestro departamento, porque creo que es posible construir el Casanare que nuestros hijos, nuestros padres, nuestros abuelos y todos hemos so\u00f1ado; un Casanare de empleo, de oportunidades, de desarrollo e infraestructura y de progreso. Quiero construir con ustedes esa soluci\u00f3n, por eso los invito a que me apoyen y me acompa\u00f1en\u201d, expres\u00f3 Velandia.<\/p>\n<p><img loading=\"lazy\" decoding=\"async\" class=\"wp-image-31375 aligncenter\" src=\"https:\/\/marthacifuentes.com\/portada\/wp-content\/uploads\/2023\/03\/2.jpeg-h-1024x682.jpg\" alt=\"\" width=\"587\" height=\"391\" srcset=\"https:\/\/marthacifuentes.com\/portada\/wp-content\/uploads\/2023\/03\/2.jpeg-h-1024x682.jpg 1024w, https:\/\/marthacifuentes.com\/portada\/wp-content\/uploads\/2023\/03\/2.jpeg-h-300x200.jpg 300w, https:\/\/marthacifuentes.com\/portada\/wp-content\/uploads\/2023\/03\/2.jpeg-h-768x512.jpg 768w, https:\/\/marthacifuentes.com\/portada\/wp-content\/uploads\/2023\/03\/2.jpeg-h-1536x1023.jpg 1536w, https:\/\/marthacifuentes.com\/portada\/wp-content\/uploads\/2023\/03\/2.jpeg-h.jpg 1600w\" sizes=\"auto, (max-width: 587px) 100vw, 587px\" \/><\/p>\n<p>En los pr\u00f3ximos d\u00edas, iniciar\u00e1 la <em>\u201cgira del cambio\u201d<\/em>, donde el l\u00edder casanare\u00f1o visitar\u00e1 los municipios del departamento.<\/p>\n<h2><span style=\"color: #ff6600;\">Otras noticias&#8230;<\/span><\/h2>\n<blockquote class=\"wp-embedded-content\" data-secret=\"Jqb6Gv0Doq\"><p><a href=\"https:\/\/marthacifuentes.com\/portada\/2023\/03\/21\/proyecto-de-produccion-de-forraje-de-ganaderos-de-casanare-blanco-de-veedurias-politizadas\/\">Proyecto de producci\u00f3n de forraje de ganaderos de Casanare, blanco de veedur\u00edas politizadas.<\/a><\/p><\/blockquote>\n<p><iframe loading=\"lazy\" class=\"wp-embedded-content\" sandbox=\"allow-scripts\" security=\"restricted\" style=\"position: absolute; clip: rect(1px, 1px, 1px, 1px);\" title=\"\u00abProyecto de producci\u00f3n de forraje de ganaderos de Casanare, blanco de veedur\u00edas politizadas.\u00bb \u2014 \u25b7 Noticias de Casanare : Martha Cifuentes | Casanare\" src=\"https:\/\/marthacifuentes.com\/portada\/2023\/03\/21\/proyecto-de-produccion-de-forraje-de-ganaderos-de-casanare-blanco-de-veedurias-politizadas\/embed\/#?secret=VPHwbg8FFU#?secret=Jqb6Gv0Doq\" data-secret=\"Jqb6Gv0Doq\" width=\"500\" height=\"282\" frameborder=\"0\" marginwidth=\"0\" marginheight=\"0\" scrolling=\"no\"><\/iframe><\/p>\n<p><iframe loading=\"lazy\" class=\"wp-embedded-content\" title=\"\u00abAl defender a su familia de un atraco, hombre result\u00f3 herido y un maleante, alias \u201cel barbero\u201d, muerto, en finca en Yopal.\u00bb \u2014 \u25b7 Noticias de Casanare : Martha Cifuentes | Casanare\" src=\"https:\/\/marthacifuentes.com\/portada\/2023\/03\/18\/al-defender-a-su-familia-de-un-atraco-hombre-resulto-herido-y-un-maleante-alias-el-barbero-muerto-en-finca-en-yopal\/embed\/#?secret=SHKHNBHfU0#?secret=ke2KS2mOlu\" width=\"600\" height=\"600\" frameborder=\"0\" marginwidth=\"0\" marginheight=\"0\" scrolling=\"no\" sandbox=\"allow-scripts\" data-secret=\"ke2KS2mOlu\" data-mce-fragment=\"1\"><\/iframe><\/p>\n<p><iframe loading=\"lazy\" class=\"wp-embedded-content\" title=\"\u00abSindicato de Eaaay rechaz\u00f3 que alcalde de Yopal culpara a los trabajadores de crisis de la empresa. Se cuestion\u00f3 al gerente\u00bb \u2014 \u25b7 Noticias de Casanare : Martha Cifuentes | Casanare\" src=\"https:\/\/marthacifuentes.com\/portada\/2023\/03\/17\/sindicato-de-eaaay-rechazo-que-alcalde-de-yopal-culpara-a-los-trabajadores-de-crisis-de-la-empresa-se-cuestiono-al-gerente\/embed\/#?secret=ND7dRooAbH#?secret=qaxWdcmhov\" width=\"600\" height=\"614\" frameborder=\"0\" marginwidth=\"0\" marginheight=\"0\" scrolling=\"no\" sandbox=\"allow-scripts\" data-secret=\"qaxWdcmhov\" data-mce-fragment=\"1\"><\/iframe><\/p>\n<p><iframe loading=\"lazy\" class=\"wp-embedded-content\" title=\"\u00abAlcalde de Yopal culp\u00f3 a trabajadores de crisis de Eaaay y rega\u00f1\u00f3 a su gerente por negligencia\u00bb \u2014 \u25b7 Noticias de Casanare : Martha Cifuentes | Casanare\" src=\"https:\/\/marthacifuentes.com\/portada\/2023\/03\/17\/alcalde-de-yopal-culpo-a-trabajadores-de-crisis-de-eaaay-y-regano-a-su-gerente-por-negligencia\/embed\/#?secret=pQSOgIrmPy#?secret=9nSZAysBcu\" width=\"600\" height=\"621\" frameborder=\"0\" marginwidth=\"0\" marginheight=\"0\" scrolling=\"no\" sandbox=\"allow-scripts\" data-secret=\"9nSZAysBcu\" data-mce-fragment=\"1\"><\/iframe><\/p>\n<p><iframe loading=\"lazy\" class=\"wp-embedded-content\" title=\"\u00abAsistir IPS, 27 a\u00f1os liderando la salud y la seguridad en el trabajo en Casanare\u00bb \u2014 \u25b7 Noticias de Casanare : Martha Cifuentes | Casanare\" src=\"https:\/\/marthacifuentes.com\/portada\/2023\/03\/16\/asistir-ips-27-anos-liderando-la-salud-y-la-seguridad-en-el-trabajo-en-casanare\/embed\/#?secret=A5GRUGGdqO#?secret=RSH9hHPcXB\" width=\"600\" height=\"565\" frameborder=\"0\" marginwidth=\"0\" marginheight=\"0\" scrolling=\"no\" sandbox=\"allow-scripts\" data-secret=\"RSH9hHPcXB\" data-mce-fragment=\"1\"><\/iframe><\/p>\n<p><iframe loading=\"lazy\" class=\"wp-embedded-content\" title=\"\u00abGerente Eaaay dice que fue voluntariamente a la Fiscal\u00eda y est\u00e1 dispuesto a colaborar con la justicia.\u00bb \u2014 \u25b7 Noticias de Casanare : Martha Cifuentes | Casanare\" src=\"https:\/\/marthacifuentes.com\/portada\/2023\/03\/14\/gerente-eaaay-dice-que-fue-voluntariamente-a-la-fiscalia-y-esta-dispuesto-a-colaborar-con-la-justicia\/embed\/#?secret=3PwuETZKNy#?secret=mHzQ8zn78p\" width=\"600\" height=\"586\" frameborder=\"0\" marginwidth=\"0\" marginheight=\"0\" scrolling=\"no\" sandbox=\"allow-scripts\" data-secret=\"mHzQ8zn78p\" data-mce-fragment=\"1\"><\/iframe><\/p>\n<p><iframe loading=\"lazy\" class=\"wp-embedded-content\" title=\"\u00abEn obras v\u00eda Yopal-Villao, lo real son 3 peajes hasta Villanueva pero faltan muchas obras complementarias: Comit\u00e9 Veedor\u00bb \u2014 \u25b7 Noticias de Casanare : Martha Cifuentes | Casanare\" src=\"https:\/\/marthacifuentes.com\/portada\/2023\/03\/14\/en-obras-via-yopal-villao-lo-real-son-3-peajes-hasta-villanueva-pero-faltan-muchas-obras-complementarias-comite-veedor\/embed\/#?secret=Whm0hrtnq6#?secret=AfbfVsmzMt\" width=\"600\" height=\"628\" frameborder=\"0\" marginwidth=\"0\" marginheight=\"0\" scrolling=\"no\" sandbox=\"allow-scripts\" data-secret=\"AfbfVsmzMt\" data-mce-fragment=\"1\"><\/iframe><\/p>\n<p><iframe loading=\"lazy\" class=\"wp-embedded-content\" title=\"\u00abExdirector del Planetario Germ\u00e1n Puerta hoy y ma\u00f1ana hablar\u00e1 de ciencia en Unitr\u00f3pico\u00bb \u2014 \u25b7 Noticias de Casanare : Martha Cifuentes | Casanare\" src=\"https:\/\/marthacifuentes.com\/portada\/2023\/03\/14\/exdirector-del-planetario-german-puerta-hoy-y-manana-hablara-de-ciencia-en-unitropico\/embed\/#?secret=B4KzlvqvPA#?secret=Bcyx3PZYHI\" width=\"600\" height=\"621\" frameborder=\"0\" marginwidth=\"0\" marginheight=\"0\" scrolling=\"no\" sandbox=\"allow-scripts\" data-secret=\"Bcyx3PZYHI\" data-mce-fragment=\"1\"><\/iframe><\/p>\n<p><iframe loading=\"lazy\" class=\"wp-embedded-content\" title=\"\u00abColegio Centro Social de Yopal no se resigna a perder predio donde construir su sede\u00bb \u2014 \u25b7 Noticias de Casanare : Martha Cifuentes | Casanare\" src=\"https:\/\/marthacifuentes.com\/portada\/2023\/03\/14\/colegio-centro-social-de-yopal-no-se-resigna-a-perder-predio-donde-construir-su-sede\/embed\/#?secret=CYifwHclqj#?secret=r8mxEETCN8\" width=\"600\" height=\"598\" frameborder=\"0\" marginwidth=\"0\" marginheight=\"0\" scrolling=\"no\" sandbox=\"allow-scripts\" data-secret=\"r8mxEETCN8\" data-mce-fragment=\"1\"><\/iframe><\/p>\n<p><iframe loading=\"lazy\" class=\"wp-embedded-content\" title=\"\u00abExalcalde de Man\u00ed, Javier Montoya, se salv\u00f3 de multa de $5.274 millones. Ahora solo tendr\u00e1 que pagar 700 millones.\u00bb \u2014 \u25b7 Noticias de Casanare : Martha Cifuentes | Casanare\" src=\"https:\/\/marthacifuentes.com\/portada\/2023\/03\/14\/exalcalde-de-mani-javier-montoya-se-salvo-de-multa-de-5-274-millones-ahora-solo-tendra-que-pagar-700-millones\/embed\/#?secret=Bap1rInvFZ#?secret=434zbJ3ksT\" width=\"600\" height=\"649\" frameborder=\"0\" marginwidth=\"0\" marginheight=\"0\" scrolling=\"no\" sandbox=\"allow-scripts\" data-secret=\"434zbJ3ksT\" data-mce-fragment=\"1\"><\/iframe><\/p>\n<p><iframe loading=\"lazy\" class=\"wp-embedded-content\" title=\"\u00abAlcald\u00eda de San Luis de Palenque investigada por no girar recursos a cuerpo de bomberos\u00bb \u2014 \u25b7 Noticias de Casanare : Martha Cifuentes | Casanare\" src=\"https:\/\/marthacifuentes.com\/portada\/2023\/03\/13\/alcaldia-de-san-luis-de-palenque-investigada-por-no-girar-recursos-a-cuerpo-de-bomberos\/embed\/#?secret=BrvnuxpBwR#?secret=l1k0CfJftv\" width=\"600\" height=\"620\" frameborder=\"0\" marginwidth=\"0\" marginheight=\"0\" scrolling=\"no\" sandbox=\"allow-scripts\" data-secret=\"l1k0CfJftv\" data-mce-fragment=\"1\"><\/iframe><\/p>\n<article id=\"the-post\" class=\"container-wrapper post-content tie-standard\">\n<div class=\"entry-content entry clearfix\">\n<p><iframe loading=\"lazy\" class=\"wp-embedded-content\" title=\"\u00abProcuradur\u00eda le \u00abrespira en la nuca\u00bb a gerente de Eaaay. Pidi\u00f3 informaci\u00f3n puntual del contrato de PTAR y de \u00e9l.\u00bb \u2014 \u25b7 Noticias de Casanare : Martha Cifuentes | Casanare\" src=\"https:\/\/marthacifuentes.com\/portada\/2023\/03\/13\/procuraduria-le-respira-en-la-nuca-a-gerente-de-eaaay-pidio-informacion-puntual-del-contrato-de-ptar-y-de-el\/embed\/#?secret=cfLD05XB9D#?secret=oGDJ3cKYjI\" width=\"600\" height=\"614\" frameborder=\"0\" marginwidth=\"0\" marginheight=\"0\" scrolling=\"no\" sandbox=\"allow-scripts\" data-secret=\"oGDJ3cKYjI\" data-mce-fragment=\"1\"><\/iframe><\/p>\n<p><iframe loading=\"lazy\" class=\"wp-embedded-content\" title=\"\u00abProcuradur\u00eda tambi\u00e9n pide suspensi\u00f3n de contrato de aprovechamiento de basuras entre Eaaay y SSYAM por $15 mil millones\u00bb \u2014 \u25b7 Noticias de Casanare : Martha Cifuentes | Casanare\" src=\"https:\/\/marthacifuentes.com\/portada\/2023\/03\/13\/procuraduria-tambien-pide-suspension-de-contrato-de-aprovechamiento-de-basuras-entre-eaaay-y-ssyam-por-15-mil-millones\/embed\/#?secret=BlNZe2NaX7#?secret=cDzUiPyL86\" width=\"600\" height=\"614\" frameborder=\"0\" marginwidth=\"0\" marginheight=\"0\" scrolling=\"no\" sandbox=\"allow-scripts\" data-secret=\"cDzUiPyL86\" data-mce-fragment=\"1\"><\/iframe><\/p>\n<p><iframe loading=\"lazy\" class=\"wp-embedded-content\" title=\"\u00abHugo Archila tambi\u00e9n evadi\u00f3 responder sobre video de coimas de contrato de la Eaaay, donde lo mencionan\u00bb \u2014 \u25b7 Noticias de Casanare : Martha Cifuentes | Casanare\" src=\"https:\/\/marthacifuentes.com\/portada\/2023\/03\/10\/hugo-archila-tambien-evadio-responder-sobre-video-de-coimas-de-contrato-de-la-eaaay-donde-lo-mencionan\/embed\/#?secret=UuK7fqQYon#?secret=QkVYwmMIj6\" width=\"600\" height=\"649\" frameborder=\"0\" marginwidth=\"0\" marginheight=\"0\" scrolling=\"no\" sandbox=\"allow-scripts\" data-secret=\"QkVYwmMIj6\" data-mce-fragment=\"1\"><\/iframe><\/p>\n<p><iframe loading=\"lazy\" class=\"wp-embedded-content\" title=\"\u00abEcopetrol entrega 5.926 paquetes escolares para estudiantes y docentes en Casanare\u00bb \u2014 \u25b7 Noticias de Casanare : Martha Cifuentes | Casanare\" src=\"https:\/\/marthacifuentes.com\/portada\/2023\/03\/10\/ecopetrol-entrega-5-926-paquetes-escolares-para-estudiantes-y-docentes-en-casanare\/embed\/#?secret=GKEIvX5PdB#?secret=jQLouYqxLD\" width=\"600\" height=\"621\" frameborder=\"0\" marginwidth=\"0\" marginheight=\"0\" scrolling=\"no\" sandbox=\"allow-scripts\" data-secret=\"jQLouYqxLD\" data-mce-fragment=\"1\"><\/iframe><\/p>\n<p><iframe loading=\"lazy\" class=\"wp-embedded-content\" title=\"\u00abProcuradur\u00eda volvi\u00f3 a rega\u00f1ar a la Alcald\u00eda de Yopal por incumplir con el PAE.\u00bb \u2014 \u25b7 Noticias de Casanare : Martha Cifuentes | Casanare\" src=\"https:\/\/marthacifuentes.com\/portada\/2023\/03\/10\/procuraduria-volvio-a-reganar-a-la-alcaldia-de-yopal-por-incumplir-con-el-pae\/embed\/#?secret=BVrCXpfMMa#?secret=4okTQsa6oM\" width=\"600\" height=\"621\" frameborder=\"0\" marginwidth=\"0\" marginheight=\"0\" scrolling=\"no\" sandbox=\"allow-scripts\" data-secret=\"4okTQsa6oM\" data-mce-fragment=\"1\"><\/iframe><\/p>\n<p><iframe loading=\"lazy\" class=\"wp-embedded-content\" title=\"\u00abAtenci\u00f3n familias. Capturado presunto abogado ped\u00f3filo en Yopal.\u00bb \u2014 \u25b7 Noticias de Casanare : Martha Cifuentes | Casanare\" src=\"https:\/\/marthacifuentes.com\/portada\/2023\/03\/10\/atencion-familias-capturado-presunto-abogado-pedofilo-en-yopal\/embed\/#?secret=wlN55IwmNR#?secret=lLsXdUgmkn\" width=\"600\" height=\"600\" frameborder=\"0\" marginwidth=\"0\" marginheight=\"0\" scrolling=\"no\" sandbox=\"allow-scripts\" data-secret=\"lLsXdUgmkn\" data-mce-fragment=\"1\"><\/iframe><\/p>\n<p><iframe loading=\"lazy\" class=\"wp-embedded-content\" title=\"\u00abGerente de Eaaay a comparecer ante la Fiscal\u00eda, en relaci\u00f3n a contrato de PTAR por U$70 millones. Se investiga posible corrupci\u00f3n\u00bb \u2014 \u25b7 Noticias de Casanare : Martha Cifuentes | Casanare\" src=\"https:\/\/marthacifuentes.com\/portada\/2023\/03\/10\/gerente-de-eaaay-a-comparecer-ante-la-fiscalia-en-relacion-a-contrato-de-ptar-por-u70-millones-se-investiga-posible-corrupcion\/embed\/#?secret=ijeuLwiR7p#?secret=iRHYgzw4FF\" width=\"600\" height=\"628\" frameborder=\"0\" marginwidth=\"0\" marginheight=\"0\" scrolling=\"no\" sandbox=\"allow-scripts\" data-secret=\"iRHYgzw4FF\" data-mce-fragment=\"1\"><\/iframe><\/p>\n<p><iframe loading=\"lazy\" class=\"wp-embedded-content\" title=\"\u00abFincas de Casanare apetecidas por corruptos contratistas encargados de la descontaminaci\u00f3n del r\u00edo Bogot\u00e1\u00bb \u2014 \u25b7 Noticias de Casanare : Martha Cifuentes | Casanare\" src=\"https:\/\/marthacifuentes.com\/portada\/2023\/03\/07\/fincas-de-casanare-apetecidas-por-corruptos-contratistas-encargados-de-la-descontaminacion-del-rio-bogota\/embed\/#?secret=ndo0wZsZAh#?secret=5rHMfFumRe\" width=\"600\" height=\"647\" frameborder=\"0\" marginwidth=\"0\" marginheight=\"0\" scrolling=\"no\" sandbox=\"allow-scripts\" data-secret=\"5rHMfFumRe\" data-mce-fragment=\"1\"><\/iframe><\/p>\n<p><iframe loading=\"lazy\" class=\"wp-embedded-content\" title=\"\u00abMunicipios no se quieren quedar por fuera de la Asamblea Departamental de Casanare. En varios habr\u00e1 consultas para elegir candidatos \u00fanicos.\u00bb \u2014 \u25b7 Noticias de Casanare : Martha Cifuentes | Casanare\" src=\"https:\/\/marthacifuentes.com\/portada\/2023\/03\/07\/municipios-no-se-quieren-quedar-por-fuera-de-la-asamblea-departamental-de-casanare-en-varios-habra-consultas-para-elegir-candidatos-unicos\/embed\/#?secret=n05jJNRfdS#?secret=PE8RcCHV9v\" width=\"600\" height=\"649\" frameborder=\"0\" marginwidth=\"0\" marginheight=\"0\" scrolling=\"no\" sandbox=\"allow-scripts\" data-secret=\"PE8RcCHV9v\" data-mce-fragment=\"1\"><\/iframe><\/p>\n<p><iframe loading=\"lazy\" class=\"wp-embedded-content\" title=\"\u00abDocente del Centro Social Yopal, ya condenado a prisi\u00f3n, ahora destituido e inhabilitado por 15 a\u00f1os, por abuso sexual\u00bb \u2014 \u25b7 Noticias de Casanare : Martha Cifuentes | Casanare\" src=\"https:\/\/marthacifuentes.com\/portada\/2023\/03\/07\/docente-del-centro-social-yopal-ya-condenado-a-prision-ahora-destituido-e-inhabilitado-por-15-anos-por-abuso-sexual\/embed\/#?secret=g09nOTxdvx#?secret=GP5qb0sqTz\" width=\"600\" height=\"649\" frameborder=\"0\" marginwidth=\"0\" marginheight=\"0\" scrolling=\"no\" sandbox=\"allow-scripts\" data-secret=\"GP5qb0sqTz\" data-mce-fragment=\"1\"><\/iframe><\/p>\n<p><iframe loading=\"lazy\" class=\"wp-embedded-content\" title=\"\u00abLa Eaaay acept\u00f3 que se endeud\u00f3 para pagar cesant\u00edas. Inicialmente hab\u00eda negado la situaci\u00f3n diciendo que el cr\u00e9dito era para otros temas.\u00bb \u2014 \u25b7 Noticias de Casanare : Martha Cifuentes | Casanare\" src=\"https:\/\/marthacifuentes.com\/portada\/2023\/03\/06\/la-eaaay-acepto-que-se-endeudo-para-pagar-cesantias-inicialmente-habia-negado-la-situacion-diciendo-que-el-credito-era-para-otros-temas\/embed\/#?secret=009AnH0PrK#?secret=a1OVJDk8ss\" width=\"600\" height=\"649\" frameborder=\"0\" marginwidth=\"0\" marginheight=\"0\" scrolling=\"no\" sandbox=\"allow-scripts\" data-secret=\"a1OVJDk8ss\" data-mce-fragment=\"1\"><\/iframe><\/p>\n<p><iframe loading=\"lazy\" class=\"wp-embedded-content\" title=\"\u00abRound para Eaaay. Negada medida cautelar que pretend\u00eda suspender contrato de aprovechamiento de basuras. Proceso contin\u00faa.\u00bb \u2014 \u25b7 Noticias de Casanare : Martha Cifuentes | Casanare\" src=\"https:\/\/marthacifuentes.com\/portada\/2023\/03\/03\/round-para-eaaay-negada-medida-cautelar-que-pretendia-suspender-contrato-de-aprovechamiento-de-basuras-proceso-continua\/embed\/#?secret=2DbNf9bhm6#?secret=nIqYRwAKpQ\" width=\"600\" height=\"649\" frameborder=\"0\" marginwidth=\"0\" marginheight=\"0\" scrolling=\"no\" sandbox=\"allow-scripts\" data-secret=\"nIqYRwAKpQ\" data-mce-fragment=\"1\"><\/iframe><\/p>\n<p><iframe loading=\"lazy\" class=\"wp-embedded-content\" title=\"\u00abInd\u00edgenas de Getseman\u00ed tendr\u00e1n puesto de salud. Min Salud viabiliz\u00f3 plan bienal con proyecto del PABS\u00bb \u2014 \u25b7 Noticias de Casanare : Martha Cifuentes | Casanare\" src=\"https:\/\/marthacifuentes.com\/portada\/2023\/03\/03\/indigenas-de-getsemani-tendran-puesto-de-salud-min-salud-viabilizo-plan-bienal-con-proyecto-del-pabs\/embed\/#?secret=DYU4iLVllv#?secret=JuwZrxyeHh\" width=\"600\" height=\"621\" frameborder=\"0\" marginwidth=\"0\" marginheight=\"0\" scrolling=\"no\" sandbox=\"allow-scripts\" data-secret=\"JuwZrxyeHh\" data-mce-fragment=\"1\"><\/iframe><\/p>\n<p><iframe loading=\"lazy\" class=\"wp-embedded-content\" title=\"\u00abEstudiantes de Yopal recibieron \u201clecci\u00f3n\u201d de riesgos de trata de personas. Ojo con viajes gratis y trabajo asegurado en el exterior.\u00bb \u2014 \u25b7 Noticias de Casanare : Martha Cifuentes | Casanare\" src=\"https:\/\/marthacifuentes.com\/portada\/2023\/03\/03\/estudiantes-de-yopal-recibieron-leccion-de-riesgos-de-trata-de-personas-ojo-con-viajes-gratis-y-trabajo-asegurado-en-el-exterior\/embed\/#?secret=SPUdoJ3xNm#?secret=Jhgdi2hrjx\" width=\"600\" height=\"628\" frameborder=\"0\" marginwidth=\"0\" marginheight=\"0\" scrolling=\"no\" sandbox=\"allow-scripts\" data-secret=\"Jhgdi2hrjx\" data-mce-fragment=\"1\"><\/iframe><\/p>\n<p>&nbsp;<\/p>\n<p><iframe loading=\"lazy\" class=\"wp-embedded-content\" title=\"\u00ab24 asentamientos humanos legalizados: Alcald\u00eda de Yopal\u00bb \u2014 \u25b7 Noticias de Casanare : Martha Cifuentes | Casanare\" src=\"https:\/\/marthacifuentes.com\/portada\/2023\/03\/03\/24-asentamientos-humanos-legalizados-alcaldia-de-yopal\/embed\/#?secret=H6pCh8HVTa#?secret=OUa9DqjyYd\" width=\"600\" height=\"621\" frameborder=\"0\" marginwidth=\"0\" marginheight=\"0\" scrolling=\"no\" sandbox=\"allow-scripts\" data-secret=\"OUa9DqjyYd\" data-mce-fragment=\"1\"><\/iframe><\/p>\n<p><iframe loading=\"lazy\" class=\"wp-embedded-content\" title=\"\u00abNuevo curador urbano en Yopal. Agilizar\u00e1 tr\u00e1mites urban\u00edsticos.\u00bb \u2014 \u25b7 Noticias de Casanare : Martha Cifuentes | Casanare\" src=\"https:\/\/marthacifuentes.com\/portada\/2023\/03\/03\/nuevo-curador-urbano-en-yopal-agilizara-tramites-urbanisticos\/embed\/#?secret=tA5Ala70Yj#?secret=fI0Sn5N1MJ\" width=\"600\" height=\"621\" frameborder=\"0\" marginwidth=\"0\" marginheight=\"0\" scrolling=\"no\" sandbox=\"allow-scripts\" data-secret=\"fI0Sn5N1MJ\" data-mce-fragment=\"1\"><\/iframe><\/p>\n<p><iframe loading=\"lazy\" class=\"wp-embedded-content\" title=\"\u00abPacto Hist\u00f3rico y Frente Amplio de Casanare rechazan posibles coimas en contrato de PTAR\u00bb \u2014 \u25b7 Noticias de Casanare : Martha Cifuentes | Casanare\" src=\"https:\/\/marthacifuentes.com\/portada\/2023\/03\/02\/pacto-historico-y-frente-amplio-de-casanare-rechazan-posibles-coimas-en-contrato-de-ptar\/embed\/#?secret=c977SJh745#?secret=XIguWVTLUj\" width=\"600\" height=\"621\" frameborder=\"0\" marginwidth=\"0\" marginheight=\"0\" scrolling=\"no\" sandbox=\"allow-scripts\" data-secret=\"XIguWVTLUj\" data-mce-fragment=\"1\"><\/iframe><\/p>\n<p><iframe loading=\"lazy\" class=\"wp-embedded-content\" title=\"\u00abSENA Casanare abre segunda Oferta de Formaci\u00f3n Presencial de 2023\u00bb \u2014 \u25b7 Noticias de Casanare : Martha Cifuentes | Casanare\" src=\"https:\/\/marthacifuentes.com\/portada\/2023\/03\/02\/sena-casanare-abre-segunda-oferta-de-formacion-presencial-de-2023\/embed\/#?secret=OK1349ExRE#?secret=28uB8rGFDO\" width=\"600\" height=\"600\" frameborder=\"0\" marginwidth=\"0\" marginheight=\"0\" scrolling=\"no\" sandbox=\"allow-scripts\" data-secret=\"28uB8rGFDO\" data-mce-fragment=\"1\"><\/iframe><\/p>\n<p><iframe loading=\"lazy\" class=\"wp-embedded-content\" title=\"\u00abAlcalde de Yopal no neg\u00f3 ni confirm\u00f3 negociaci\u00f3n de comisiones en contrato de PTAR pero dijo estar tranquilo.\u00bb \u2014 \u25b7 Noticias de Casanare : Martha Cifuentes | Casanare\" src=\"https:\/\/marthacifuentes.com\/portada\/2023\/03\/02\/alcalde-de-yopal-no-nego-ni-confirmo-negociacion-de-comisiones-en-contrato-de-ptar-pero-dijo-estar-tranquilo\/embed\/#?secret=K5YrUEzoYO#?secret=mcuSKqi3eg\" width=\"600\" height=\"628\" frameborder=\"0\" marginwidth=\"0\" marginheight=\"0\" scrolling=\"no\" sandbox=\"allow-scripts\" data-secret=\"mcuSKqi3eg\" data-mce-fragment=\"1\"><\/iframe><\/p>\n<p><iframe loading=\"lazy\" class=\"wp-embedded-content\" title=\"\u00abEstos son los nuevos gerente y contralor provincial de la Contralor\u00eda General en Casanare\u00bb \u2014 \u25b7 Noticias de Casanare : Martha Cifuentes | Casanare\" src=\"https:\/\/marthacifuentes.com\/portada\/2023\/03\/02\/estos-son-los-nuevos-gerente-y-contralor-provincial-de-la-contraloria-general-en-casanare\/embed\/#?secret=mwkVlBPcyo#?secret=DhafsV8Avw\" width=\"600\" height=\"621\" frameborder=\"0\" marginwidth=\"0\" marginheight=\"0\" scrolling=\"no\" sandbox=\"allow-scripts\" data-secret=\"DhafsV8Avw\" data-mce-fragment=\"1\"><\/iframe><\/p>\n<p><iframe loading=\"lazy\" class=\"wp-embedded-content\" title=\"\u00abEn licitaci\u00f3n de contrato de fiestas de Recetor, empresario denuncia trabas. Parece que ya hay un elegido.\u00bb \u2014 \u25b7 Noticias de Casanare : Martha Cifuentes | Casanare\" src=\"https:\/\/marthacifuentes.com\/portada\/2023\/03\/02\/en-licitacion-de-contrato-de-fiestas-de-recetor-empresario-denuncia-trabas-parece-que-ya-hay-un-elegido\/embed\/#?secret=ZwuNMEJfEv#?secret=0954ciVDom\" width=\"600\" height=\"649\" frameborder=\"0\" marginwidth=\"0\" marginheight=\"0\" scrolling=\"no\" sandbox=\"allow-scripts\" data-secret=\"0954ciVDom\" data-mce-fragment=\"1\"><\/iframe><\/p>\n<p><iframe loading=\"lazy\" class=\"wp-embedded-content\" title=\"\u00abPetrolera Parex lanz\u00f3 programa de emprendimiento \u201cUnidos para crecer 2023\u201d en Casanare\u00bb \u2014 \u25b7 Noticias de Casanare : Martha Cifuentes | Casanare\" src=\"https:\/\/marthacifuentes.com\/portada\/2023\/03\/02\/petrolera-parex-lanzo-programa-de-emprendimiento-unidos-para-crecer-2023-en-casanare\/embed\/#?secret=pqyKqZHnZ7#?secret=9CjeMHCmxv\" width=\"600\" height=\"621\" frameborder=\"0\" marginwidth=\"0\" marginheight=\"0\" scrolling=\"no\" sandbox=\"allow-scripts\" data-secret=\"9CjeMHCmxv\" data-mce-fragment=\"1\"><\/iframe><\/p>\n<p><iframe loading=\"lazy\" class=\"wp-embedded-content\" title=\"\u00abContratista de video de coimas en Yopal no da la cara pero dice que todo es falso\u00bb \u2014 \u25b7 Noticias de Casanare : Martha Cifuentes | Casanare\" src=\"https:\/\/marthacifuentes.com\/portada\/2023\/03\/01\/contratista-de-video-de-coimas-en-yopal-no-da-la-cara-pero-dice-que-todo-es-falso\/embed\/#?secret=pF4MwbyQch#?secret=eR0OplnwyJ\" width=\"600\" height=\"565\" frameborder=\"0\" marginwidth=\"0\" marginheight=\"0\" scrolling=\"no\" sandbox=\"allow-scripts\" data-secret=\"eR0OplnwyJ\" data-mce-fragment=\"1\"><\/iframe><\/p>\n<p><iframe loading=\"lazy\" class=\"wp-embedded-content\" title=\"\u00abLa Eaaay de mal en peor. Superservicios la raj\u00f3 en manejo financiero. Los usuarios pagar\u00edan los platos rotos.\u00bb \u2014 \u25b7 Noticias de Casanare : Martha Cifuentes | Casanare\" src=\"https:\/\/marthacifuentes.com\/portada\/2023\/03\/01\/31189\/embed\/#?secret=9AxU5ewBL6#?secret=Sirw5ft4Q4\" width=\"600\" height=\"649\" frameborder=\"0\" marginwidth=\"0\" marginheight=\"0\" scrolling=\"no\" sandbox=\"allow-scripts\" data-secret=\"Sirw5ft4Q4\" data-mce-fragment=\"1\"><\/iframe><\/p>\n<article id=\"the-post\" class=\"container-wrapper post-content tie-standard\">\n<div class=\"entry-content entry clearfix\">\n<p><iframe loading=\"lazy\" class=\"wp-embedded-content\" title=\"\u00abHasta el 12 de marzo, suspendidos servicios presenciales en IGAC en Casanare\u00bb \u2014 \u25b7 Noticias de Casanare : Martha Cifuentes | Casanare\" src=\"https:\/\/marthacifuentes.com\/portada\/2023\/03\/01\/hasta-el-12-de-marzo-suspendidos-servicios-presenciales-en-igac-en-casanare\/embed\/#?secret=07Hxod7YrB#?secret=5DoNahBXl1\" width=\"600\" height=\"600\" frameborder=\"0\" marginwidth=\"0\" marginheight=\"0\" scrolling=\"no\" sandbox=\"allow-scripts\" data-secret=\"5DoNahBXl1\" data-mce-fragment=\"1\"><\/iframe><\/p>\n<p><iframe loading=\"lazy\" class=\"wp-embedded-content\" title=\"\u00abLenin Bustos pide orden de captura para implicados en denuncias de coimas en contrato de la PTAR de Yopal\u00bb \u2014 \u25b7 Noticias de Casanare : Martha Cifuentes | Casanare\" src=\"https:\/\/marthacifuentes.com\/portada\/2023\/02\/28\/lenin-bustos-pide-orden-de-captura-para-implicados-en-denuncias-de-coimas-en-contrato-de-la-ptar-de-yopal\/embed\/#?secret=vW1I60TYAP#?secret=o64MvYrJgh\" width=\"600\" height=\"621\" frameborder=\"0\" marginwidth=\"0\" marginheight=\"0\" scrolling=\"no\" sandbox=\"allow-scripts\" data-secret=\"o64MvYrJgh\" data-mce-fragment=\"1\"><\/iframe><\/p>\n<p><iframe loading=\"lazy\" class=\"wp-embedded-content\" title=\"\u00abEn Capresoca mejoran servicio de entrega de medicamentos.\u00bb \u2014 \u25b7 Noticias de Casanare : Martha Cifuentes | Casanare\" src=\"https:\/\/marthacifuentes.com\/portada\/2023\/02\/28\/en-capresoca-mejoran-servicio-de-entrega-de-medicamentos\/embed\/#?secret=ILshQ3gmj1#?secret=QU6kvHTa6n\" width=\"600\" height=\"620\" frameborder=\"0\" marginwidth=\"0\" marginheight=\"0\" scrolling=\"no\" sandbox=\"allow-scripts\" data-secret=\"QU6kvHTa6n\" data-mce-fragment=\"1\"><\/iframe><\/p>\n<p><iframe loading=\"lazy\" class=\"wp-embedded-content\" title=\"\u00abEl Ej\u00e9rcito, responsabilizado por muerte de agricultor Juan Vargas en 2013 en T\u00e1mara, tras omitir prestar protecci\u00f3n y seguridad\u00bb\u00bb \u2014 \u25b7 Noticias de Casanare : Martha Cifuentes | Casanare\" src=\"https:\/\/marthacifuentes.com\/portada\/2023\/02\/28\/el-ejercito-responsabilizado-por-muerte-de-agricultor-juan-vargas-en-2013-en-tamara-tras-omitir-prestar-proteccion-y-seguridad\/embed\/#?secret=1A7jP9rh8q#?secret=4Tyk6q703A\" width=\"600\" height=\"628\" frameborder=\"0\" marginwidth=\"0\" marginheight=\"0\" scrolling=\"no\" sandbox=\"allow-scripts\" data-secret=\"4Tyk6q703A\" data-mce-fragment=\"1\"><\/iframe><\/p>\n<\/div>\n<\/article>\n<\/div>\n<\/article>\n<p>&nbsp;<\/p>\n","protected":false},"excerpt":{"rendered":"<p>#Publicidad Pol\u00edtica Pagada Acompa\u00f1ado de un significativo grupo de casanare\u00f1os, el ingeniero Guillermo Alexander Velandia Granados, oficializ\u00f3 la inscripci\u00f3n del \u00fanico movimiento ciudadano FIRME POR EL CAMBIO, con el cual busca la recolecci\u00f3n de 120 mil firmas en todo el departamento, con el fin de avalar su candidatura a la gobernaci\u00f3n de Casanare, de manera &hellip;<\/p>\n","protected":false},"author":2,"featured_media":31373,"comment_status":"open","ping_status":"open","sticky":false,"template":"","format":"standard","meta":{"om_disable_all_campaigns":false,"_exactmetrics_skip_tracking":false,"_exactmetrics_sitenote_active":false,"_exactmetrics_sitenote_note":"","_exactmetrics_sitenote_category":0,"_monsterinsights_skip_tracking":false,"_monsterinsights_sitenote_active":false,"_monsterinsights_sitenote_note":"","_monsterinsights_sitenote_category":0,"_uf_show_specific_survey":0,"_uf_disable_surveys":false,"_joinchat":[],"footnotes":""},"categories":[147,146,145],"tags":[1373,9038,9037,1400,1421,1376],"class_list":["post-31372","post","type-post","status-publish","format-standard","has-post-thumbnail","hentry","category-actualidad","category-noticias","category-reportajes","tag-casanare-noticias","tag-guillermo-velandia-gobernacion-de-casanare","tag-guillermo-velandia-recaudo-de-firmas-candidato-gobernacion-casanare","tag-noticias-casanare","tag-noticias-yopal","tag-yopal-noticias"],"yoast_head":"<!-- This site is optimized with the Yoast SEO plugin v26.1 - https:\/\/yoast.com\/wordpress\/plugins\/seo\/ -->\n<title>Guillermo Velandia Granados, realiz\u00f3 el lanzamiento del movimiento FIRME POR EL CAMBIO, para ser Gobernador de Casanare. - \u25b7 Noticias de Casanare : Martha Cifuentes | Casanare<\/title>\n<meta name=\"robots\" content=\"index, follow, max-snippet:-1, max-image-preview:large, max-video-preview:-1\" \/>\n<link rel=\"canonical\" href=\"https:\/\/marthacifuentes.com\/portada\/guillermo-velandia-granados-realizo-el-lanzamiento-del-movimiento-firme-por-el-cambio-para-ser-gobernador-de-casanare\/\" \/>\n<meta property=\"og:locale\" content=\"es_ES\" \/>\n<meta property=\"og:type\" content=\"article\" \/>\n<meta property=\"og:title\" content=\"Guillermo Velandia Granados, realiz\u00f3 el lanzamiento del movimiento FIRME POR EL CAMBIO, para ser Gobernador de Casanare. - \u25b7 Noticias de Casanare : Martha Cifuentes | Casanare\" \/>\n<meta property=\"og:description\" content=\"#Publicidad Pol\u00edtica Pagada Acompa\u00f1ado de un significativo grupo de casanare\u00f1os, el ingeniero Guillermo Alexander Velandia Granados, oficializ\u00f3 la inscripci\u00f3n del \u00fanico movimiento ciudadano FIRME POR EL CAMBIO, con el cual busca la recolecci\u00f3n de 120 mil firmas en todo el departamento, con el fin de avalar su candidatura a la gobernaci\u00f3n de Casanare, de manera &hellip;\" \/>\n<meta property=\"og:url\" content=\"https:\/\/marthacifuentes.com\/portada\/guillermo-velandia-granados-realizo-el-lanzamiento-del-movimiento-firme-por-el-cambio-para-ser-gobernador-de-casanare\/\" \/>\n<meta property=\"og:site_name\" content=\"\u25b7 Noticias de Casanare : Martha Cifuentes | Casanare\" \/>\n<meta property=\"article:published_time\" content=\"2023-03-22T12:35:57+00:00\" \/>\n<meta property=\"og:image\" content=\"https:\/\/marthacifuentes.com\/portada\/wp-content\/uploads\/2023\/03\/6.jpeg.jpg\" \/>\n\t<meta property=\"og:image:width\" content=\"1500\" \/>\n\t<meta property=\"og:image:height\" content=\"1000\" \/>\n\t<meta property=\"og:image:type\" content=\"image\/jpeg\" \/>\n<meta name=\"author\" content=\"Martha Cifuentes\" \/>\n<meta name=\"twitter:card\" content=\"summary_large_image\" \/>\n<meta name=\"twitter:label1\" content=\"Escrito por\" \/>\n\t<meta name=\"twitter:data1\" content=\"Martha Cifuentes\" \/>\n\t<meta name=\"twitter:label2\" content=\"Tiempo de lectura\" \/>\n\t<meta name=\"twitter:data2\" content=\"2 minutos\" \/>\n<script type=\"application\/ld+json\" class=\"yoast-schema-graph\">{\"@context\":\"https:\/\/schema.org\",\"@graph\":[{\"@type\":\"WebPage\",\"@id\":\"https:\/\/marthacifuentes.com\/portada\/guillermo-velandia-granados-realizo-el-lanzamiento-del-movimiento-firme-por-el-cambio-para-ser-gobernador-de-casanare\/\",\"url\":\"https:\/\/marthacifuentes.com\/portada\/guillermo-velandia-granados-realizo-el-lanzamiento-del-movimiento-firme-por-el-cambio-para-ser-gobernador-de-casanare\/\",\"name\":\"Guillermo Velandia Granados, realiz\u00f3 el lanzamiento del movimiento FIRME POR EL CAMBIO, para ser Gobernador de Casanare. - \u25b7 Noticias de Casanare : Martha Cifuentes | Casanare\",\"isPartOf\":{\"@id\":\"https:\/\/marthacifuentes.com\/portada\/#website\"},\"primaryImageOfPage\":{\"@id\":\"https:\/\/marthacifuentes.com\/portada\/guillermo-velandia-granados-realizo-el-lanzamiento-del-movimiento-firme-por-el-cambio-para-ser-gobernador-de-casanare\/#primaryimage\"},\"image\":{\"@id\":\"https:\/\/marthacifuentes.com\/portada\/guillermo-velandia-granados-realizo-el-lanzamiento-del-movimiento-firme-por-el-cambio-para-ser-gobernador-de-casanare\/#primaryimage\"},\"thumbnailUrl\":\"https:\/\/marthacifuentes.com\/portada\/wp-content\/uploads\/2023\/03\/6.jpeg.jpg\",\"datePublished\":\"2023-03-22T12:35:57+00:00\",\"author\":{\"@id\":\"https:\/\/marthacifuentes.com\/portada\/#\/schema\/person\/57f53174b991db5f90ff78d58502b714\"},\"breadcrumb\":{\"@id\":\"https:\/\/marthacifuentes.com\/portada\/guillermo-velandia-granados-realizo-el-lanzamiento-del-movimiento-firme-por-el-cambio-para-ser-gobernador-de-casanare\/#breadcrumb\"},\"inLanguage\":\"es\",\"potentialAction\":[{\"@type\":\"ReadAction\",\"target\":[\"https:\/\/marthacifuentes.com\/portada\/guillermo-velandia-granados-realizo-el-lanzamiento-del-movimiento-firme-por-el-cambio-para-ser-gobernador-de-casanare\/\"]}]},{\"@type\":\"ImageObject\",\"inLanguage\":\"es\",\"@id\":\"https:\/\/marthacifuentes.com\/portada\/guillermo-velandia-granados-realizo-el-lanzamiento-del-movimiento-firme-por-el-cambio-para-ser-gobernador-de-casanare\/#primaryimage\",\"url\":\"https:\/\/marthacifuentes.com\/portada\/wp-content\/uploads\/2023\/03\/6.jpeg.jpg\",\"contentUrl\":\"https:\/\/marthacifuentes.com\/portada\/wp-content\/uploads\/2023\/03\/6.jpeg.jpg\",\"width\":1500,\"height\":1000},{\"@type\":\"BreadcrumbList\",\"@id\":\"https:\/\/marthacifuentes.com\/portada\/guillermo-velandia-granados-realizo-el-lanzamiento-del-movimiento-firme-por-el-cambio-para-ser-gobernador-de-casanare\/#breadcrumb\",\"itemListElement\":[{\"@type\":\"ListItem\",\"position\":1,\"name\":\"Portada\",\"item\":\"https:\/\/marthacifuentes.com\/portada\/\"},{\"@type\":\"ListItem\",\"position\":2,\"name\":\"Guillermo Velandia Granados, realiz\u00f3 el lanzamiento del movimiento FIRME POR EL CAMBIO, para ser Gobernador de Casanare.\"}]},{\"@type\":\"WebSite\",\"@id\":\"https:\/\/marthacifuentes.com\/portada\/#website\",\"url\":\"https:\/\/marthacifuentes.com\/portada\/\",\"name\":\"\u25b7 Noticias de Casanare : Martha Cifuentes | Casanare\",\"description\":\"Noticias &amp; Contenidos\",\"potentialAction\":[{\"@type\":\"SearchAction\",\"target\":{\"@type\":\"EntryPoint\",\"urlTemplate\":\"https:\/\/marthacifuentes.com\/portada\/?s={search_term_string}\"},\"query-input\":{\"@type\":\"PropertyValueSpecification\",\"valueRequired\":true,\"valueName\":\"search_term_string\"}}],\"inLanguage\":\"es\"},{\"@type\":\"Person\",\"@id\":\"https:\/\/marthacifuentes.com\/portada\/#\/schema\/person\/57f53174b991db5f90ff78d58502b714\",\"name\":\"Martha Cifuentes\",\"image\":{\"@type\":\"ImageObject\",\"inLanguage\":\"es\",\"@id\":\"https:\/\/marthacifuentes.com\/portada\/#\/schema\/person\/image\/\",\"url\":\"http:\/\/marthacifuentes.com\/portada\/wp-content\/uploads\/2018\/06\/avatar_user_2_1528838701-96x96.jpg\",\"contentUrl\":\"http:\/\/marthacifuentes.com\/portada\/wp-content\/uploads\/2018\/06\/avatar_user_2_1528838701-96x96.jpg\",\"caption\":\"Martha Cifuentes\"},\"sameAs\":[\"http:\/\/www.marthacifuentes.com\"],\"url\":\"https:\/\/marthacifuentes.com\/portada\/author\/martha\/\"}]}<\/script>\n<!-- \/ Yoast SEO plugin. -->","yoast_head_json":{"title":"Guillermo Velandia Granados, realiz\u00f3 el lanzamiento del movimiento FIRME POR EL CAMBIO, para ser Gobernador de Casanare. - \u25b7 Noticias de Casanare : Martha Cifuentes | Casanare","robots":{"index":"index","follow":"follow","max-snippet":"max-snippet:-1","max-image-preview":"max-image-preview:large","max-video-preview":"max-video-preview:-1"},"canonical":"https:\/\/marthacifuentes.com\/portada\/guillermo-velandia-granados-realizo-el-lanzamiento-del-movimiento-firme-por-el-cambio-para-ser-gobernador-de-casanare\/","og_locale":"es_ES","og_type":"article","og_title":"Guillermo Velandia Granados, realiz\u00f3 el lanzamiento del movimiento FIRME POR EL CAMBIO, para ser Gobernador de Casanare. - \u25b7 Noticias de Casanare : Martha Cifuentes | Casanare","og_description":"#Publicidad Pol\u00edtica Pagada Acompa\u00f1ado de un significativo grupo de casanare\u00f1os, el ingeniero Guillermo Alexander Velandia Granados, oficializ\u00f3 la inscripci\u00f3n del \u00fanico movimiento ciudadano FIRME POR EL CAMBIO, con el cual busca la recolecci\u00f3n de 120 mil firmas en todo el departamento, con el fin de avalar su candidatura a la gobernaci\u00f3n de Casanare, de manera &hellip;","og_url":"https:\/\/marthacifuentes.com\/portada\/guillermo-velandia-granados-realizo-el-lanzamiento-del-movimiento-firme-por-el-cambio-para-ser-gobernador-de-casanare\/","og_site_name":"\u25b7 Noticias de Casanare : Martha Cifuentes | Casanare","article_published_time":"2023-03-22T12:35:57+00:00","og_image":[{"width":1500,"height":1000,"url":"https:\/\/marthacifuentes.com\/portada\/wp-content\/uploads\/2023\/03\/6.jpeg.jpg","type":"image\/jpeg"}],"author":"Martha Cifuentes","twitter_card":"summary_large_image","twitter_misc":{"Escrito por":"Martha Cifuentes","Tiempo de lectura":"2 minutos"},"schema":{"@context":"https:\/\/schema.org","@graph":[{"@type":"WebPage","@id":"https:\/\/marthacifuentes.com\/portada\/guillermo-velandia-granados-realizo-el-lanzamiento-del-movimiento-firme-por-el-cambio-para-ser-gobernador-de-casanare\/","url":"https:\/\/marthacifuentes.com\/portada\/guillermo-velandia-granados-realizo-el-lanzamiento-del-movimiento-firme-por-el-cambio-para-ser-gobernador-de-casanare\/","name":"Guillermo Velandia Granados, realiz\u00f3 el lanzamiento del movimiento FIRME POR EL CAMBIO, para ser Gobernador de Casanare. - \u25b7 Noticias de Casanare : Martha Cifuentes | Casanare","isPartOf":{"@id":"https:\/\/marthacifuentes.com\/portada\/#website"},"primaryImageOfPage":{"@id":"https:\/\/marthacifuentes.com\/portada\/guillermo-velandia-granados-realizo-el-lanzamiento-del-movimiento-firme-por-el-cambio-para-ser-gobernador-de-casanare\/#primaryimage"},"image":{"@id":"https:\/\/marthacifuentes.com\/portada\/guillermo-velandia-granados-realizo-el-lanzamiento-del-movimiento-firme-por-el-cambio-para-ser-gobernador-de-casanare\/#primaryimage"},"thumbnailUrl":"https:\/\/marthacifuentes.com\/portada\/wp-content\/uploads\/2023\/03\/6.jpeg.jpg","datePublished":"2023-03-22T12:35:57+00:00","author":{"@id":"https:\/\/marthacifuentes.com\/portada\/#\/schema\/person\/57f53174b991db5f90ff78d58502b714"},"breadcrumb":{"@id":"https:\/\/marthacifuentes.com\/portada\/guillermo-velandia-granados-realizo-el-lanzamiento-del-movimiento-firme-por-el-cambio-para-ser-gobernador-de-casanare\/#breadcrumb"},"inLanguage":"es","potentialAction":[{"@type":"ReadAction","target":["https:\/\/marthacifuentes.com\/portada\/guillermo-velandia-granados-realizo-el-lanzamiento-del-movimiento-firme-por-el-cambio-para-ser-gobernador-de-casanare\/"]}]},{"@type":"ImageObject","inLanguage":"es","@id":"https:\/\/marthacifuentes.com\/portada\/guillermo-velandia-granados-realizo-el-lanzamiento-del-movimiento-firme-por-el-cambio-para-ser-gobernador-de-casanare\/#primaryimage","url":"https:\/\/marthacifuentes.com\/portada\/wp-content\/uploads\/2023\/03\/6.jpeg.jpg","contentUrl":"https:\/\/marthacifuentes.com\/portada\/wp-content\/uploads\/2023\/03\/6.jpeg.jpg","width":1500,"height":1000},{"@type":"BreadcrumbList","@id":"https:\/\/marthacifuentes.com\/portada\/guillermo-velandia-granados-realizo-el-lanzamiento-del-movimiento-firme-por-el-cambio-para-ser-gobernador-de-casanare\/#breadcrumb","itemListElement":[{"@type":"ListItem","position":1,"name":"Portada","item":"https:\/\/marthacifuentes.com\/portada\/"},{"@type":"ListItem","position":2,"name":"Guillermo Velandia Granados, realiz\u00f3 el lanzamiento del movimiento FIRME POR EL CAMBIO, para ser Gobernador de Casanare."}]},{"@type":"WebSite","@id":"https:\/\/marthacifuentes.com\/portada\/#website","url":"https:\/\/marthacifuentes.com\/portada\/","name":"\u25b7 Noticias de Casanare : Martha Cifuentes | Casanare","description":"Noticias &amp; Contenidos","potentialAction":[{"@type":"SearchAction","target":{"@type":"EntryPoint","urlTemplate":"https:\/\/marthacifuentes.com\/portada\/?s={search_term_string}"},"query-input":{"@type":"PropertyValueSpecification","valueRequired":true,"valueName":"search_term_string"}}],"inLanguage":"es"},{"@type":"Person","@id":"https:\/\/marthacifuentes.com\/portada\/#\/schema\/person\/57f53174b991db5f90ff78d58502b714","name":"Martha Cifuentes","image":{"@type":"ImageObject","inLanguage":"es","@id":"https:\/\/marthacifuentes.com\/portada\/#\/schema\/person\/image\/","url":"http:\/\/marthacifuentes.com\/portada\/wp-content\/uploads\/2018\/06\/avatar_user_2_1528838701-96x96.jpg","contentUrl":"http:\/\/marthacifuentes.com\/portada\/wp-content\/uploads\/2018\/06\/avatar_user_2_1528838701-96x96.jpg","caption":"Martha Cifuentes"},"sameAs":["http:\/\/www.marthacifuentes.com"],"url":"https:\/\/marthacifuentes.com\/portada\/author\/martha\/"}]}},"_links":{"self":[{"href":"https:\/\/marthacifuentes.com\/portada\/wp-json\/wp\/v2\/posts\/31372","targetHints":{"allow":["GET"]}}],"collection":[{"href":"https:\/\/marthacifuentes.com\/portada\/wp-json\/wp\/v2\/posts"}],"about":[{"href":"https:\/\/marthacifuentes.com\/portada\/wp-json\/wp\/v2\/types\/post"}],"author":[{"embeddable":true,"href":"https:\/\/marthacifuentes.com\/portada\/wp-json\/wp\/v2\/users\/2"}],"replies":[{"embeddable":true,"href":"https:\/\/marthacifuentes.com\/portada\/wp-json\/wp\/v2\/comments?post=31372"}],"version-history":[{"count":1,"href":"https:\/\/marthacifuentes.com\/portada\/wp-json\/wp\/v2\/posts\/31372\/revisions"}],"predecessor-version":[{"id":31376,"href":"https:\/\/marthacifuentes.com\/portada\/wp-json\/wp\/v2\/posts\/31372\/revisions\/31376"}],"wp:featuredmedia":[{"embeddable":true,"href":"https:\/\/marthacifuentes.com\/portada\/wp-json\/wp\/v2\/media\/31373"}],"wp:attachment":[{"href":"https:\/\/marthacifuentes.com\/portada\/wp-json\/wp\/v2\/media?parent=31372"}],"wp:term":[{"taxonomy":"category","embeddable":true,"href":"https:\/\/marthacifuentes.com\/portada\/wp-json\/wp\/v2\/categories?post=31372"},{"taxonomy":"post_tag","embeddable":true,"href":"https:\/\/marthacifuentes.com\/portada\/wp-json\/wp\/v2\/tags?post=31372"}],"curies":[{"name":"wp","href":"https:\/\/api.w.org\/{rel}","templated":true}]}}