{"id":31458,"date":"2023-04-13T20:07:27","date_gmt":"2023-04-14T01:07:27","guid":{"rendered":"https:\/\/marthacifuentes.com\/portada\/?p=31458"},"modified":"2023-04-13T20:29:34","modified_gmt":"2023-04-14T01:29:34","slug":"dos-ninas-hermanas-fueron-halladas-muertas-en-aguazul","status":"publish","type":"post","link":"https:\/\/marthacifuentes.com\/portada\/dos-ninas-hermanas-fueron-halladas-muertas-en-aguazul\/","title":{"rendered":"Dos ni\u00f1as hermanas fueron halladas muertas en Aguazul."},"content":{"rendered":"<p>Dos ni\u00f1as menores de edad, hermanas, presumiblemente de 3 y 15 a\u00f1os, fueron halladas esta noche, muertas en la calle 23 con carrera 12, barrio Juan Hernando Urrego, de Aguazul.<\/p>\n<p>Las autoridades, apoyadas por la polic\u00eda nacional, realizan los actos urgentes de levantamiento de los cuerpos. De los hechos hay dos versiones. Una, indicar\u00eda que la hermana mayor en un momento de intolerancia con la menor, porque supuestamente iba mal en el jard\u00edn o colegio, la apu\u00f1al\u00f3 y cuando se dio cuenta que le quit\u00f3 la vida, se suicid\u00f3. Otra versi\u00f3n se\u00f1ala que las ni\u00f1as fueron encontradas muertas por asfixia mec\u00e1nica.<\/p>\n<p>Estas dos muertes se suman a las de dos ni\u00f1os menores de 3 a\u00f1os, en extra\u00f1as circunstancias en este mismo municipio.<\/p>\n<p>Todos estos hechos han generado conmoci\u00f3n en la poblaci\u00f3n, que no acaba de salir del estupor porque las v\u00edctimas fatales son ni\u00f1os y ni\u00f1as.<\/p>\n<p>#Noticia en Desarrollo&#8230;<\/p>\n<h2><span style=\"color: #ff6600;\"><strong>Otras noticias&#8230;<\/strong><\/span><\/h2>\n<blockquote class=\"wp-embedded-content\" data-secret=\"xEv2eStYnj\"><p><a href=\"https:\/\/marthacifuentes.com\/portada\/2023\/04\/12\/un-adolescente-muerto-y-un-joven-baleado-en-cercanias-de-torres-de-san-marcos-en-yopal-presuntamente-por-conflicto-relacionado-con-consumo-de-estupefacientes\/\">Un adolescente muerto y un joven baleado en cercan\u00edas de Torres de San Marcos en Yopal. Presuntamente por conflicto relacionado con consumo de estupefacientes.<\/a><\/p><\/blockquote>\n<p><iframe loading=\"lazy\" class=\"wp-embedded-content\" sandbox=\"allow-scripts\" security=\"restricted\" style=\"position: absolute; clip: rect(1px, 1px, 1px, 1px);\" title=\"\u00abUn adolescente muerto y un joven baleado en cercan\u00edas de Torres de San Marcos en Yopal. Presuntamente por conflicto relacionado con consumo de estupefacientes.\u00bb \u2014 \u25b7 Noticias de Casanare : Martha Cifuentes | Casanare\" src=\"https:\/\/marthacifuentes.com\/portada\/2023\/04\/12\/un-adolescente-muerto-y-un-joven-baleado-en-cercanias-de-torres-de-san-marcos-en-yopal-presuntamente-por-conflicto-relacionado-con-consumo-de-estupefacientes\/embed\/#?secret=ufKI10ANA6#?secret=xEv2eStYnj\" data-secret=\"xEv2eStYnj\" width=\"500\" height=\"282\" frameborder=\"0\" marginwidth=\"0\" marginheight=\"0\" scrolling=\"no\"><\/iframe><\/p>\n<p><iframe loading=\"lazy\" class=\"wp-embedded-content\" title=\"\u00abSe va del Inv\u00edas Territorial Casanare, Arcenio Sandoval. Gobierno lo desvincul\u00f3 del cargo.\u00bb \u2014 \u25b7 Noticias de Casanare : Martha Cifuentes | Casanare\" src=\"https:\/\/marthacifuentes.com\/portada\/2023\/04\/11\/se-va-del-invias-territorial-casanare-arcenio-sandoval-gobierno-lo-desvinculo-del-cargo\/embed\/#?secret=9nJwQLZDX8#?secret=yLL4gx66Tz\" width=\"600\" height=\"600\" frameborder=\"0\" marginwidth=\"0\" marginheight=\"0\" scrolling=\"no\" sandbox=\"allow-scripts\" data-secret=\"yLL4gx66Tz\" data-mce-fragment=\"1\"><\/iframe><\/p>\n<p><iframe loading=\"lazy\" class=\"wp-embedded-content\" title=\"\u00abLos ricos tambi\u00e9n lloran. Tribunal de Casanare niega a Asobancaria medida cautelar que suspend\u00eda aumento de tarifa de ICA a sector financiero en Yopal\u00bb \u2014 \u25b7 Noticias de Casanare : Martha Cifuentes | Casanare\" src=\"https:\/\/marthacifuentes.com\/portada\/2023\/04\/04\/los-ricos-tambien-lloran-tribunal-de-casanare-niega-a-asobancaria-medida-cautelar-que-suspendia-aumento-de-tarifa-de-ica-a-sector-financiero-en-yopal\/embed\/#?secret=44GKlxmxji#?secret=pQi4bmWFfR\" width=\"600\" height=\"650\" frameborder=\"0\" marginwidth=\"0\" marginheight=\"0\" scrolling=\"no\" sandbox=\"allow-scripts\" data-secret=\"pQi4bmWFfR\" data-mce-fragment=\"1\"><\/iframe><\/p>\n<p><iframe loading=\"lazy\" class=\"wp-embedded-content\" title=\"\u00abOtras 3 muertes en accidentes de tr\u00e1nsito en Yopal. En menos de dos d\u00edas, 6 muertos.\u00bb \u2014 \u25b7 Noticias de Casanare : Martha Cifuentes | Casanare\" src=\"https:\/\/marthacifuentes.com\/portada\/2023\/04\/04\/otras-3-muertes-en-accidentes-de-transito-en-yopal-en-menos-de-dos-dias-6-muertos\/embed\/#?secret=uBk2zVhOes#?secret=HPPYNudfZc\" width=\"600\" height=\"600\" frameborder=\"0\" marginwidth=\"0\" marginheight=\"0\" scrolling=\"no\" sandbox=\"allow-scripts\" data-secret=\"HPPYNudfZc\" data-mce-fragment=\"1\"><\/iframe><\/p>\n<p><iframe loading=\"lazy\" class=\"wp-embedded-content\" title=\"\u00abConflicto laboral y social entre comunidad y Ecopetrol en El Morro por contrataci\u00f3n de personal de vigilancia\u00bb \u2014 \u25b7 Noticias de Casanare : Martha Cifuentes | Casanare\" src=\"https:\/\/marthacifuentes.com\/portada\/2023\/04\/04\/conflicto-laboral-y-social-entre-comunidad-y-ecopetrol-en-el-morro-por-contratacion-de-personal-de-vigilancia\/embed\/#?secret=nK7BEpBECv#?secret=PxHa72TotW\" width=\"600\" height=\"621\" frameborder=\"0\" marginwidth=\"0\" marginheight=\"0\" scrolling=\"no\" sandbox=\"allow-scripts\" data-secret=\"PxHa72TotW\" data-mce-fragment=\"1\"><\/iframe><\/p>\n<p><iframe loading=\"lazy\" class=\"wp-embedded-content\" title=\"\u00abEcopetrol deber\u00e1 compensar, \u201csin taca\u00f1ez\u201d, da\u00f1os ambientales en Cupiagua para renovar permiso de emisiones, seg\u00fan orden de Tribunal y Corporinoquia.\u00bb \u2014 \u25b7 Noticias de Casanare : Martha Cifuentes | Casanare\" src=\"https:\/\/marthacifuentes.com\/portada\/2023\/04\/04\/ecopetrol-debera-compensar-sin-tacanez-danos-ambientales-en-cupiagua-para-renovar-permiso-de-emisiones-segun-orden-de-tribunal-y-corporinoquia\/embed\/#?secret=svPi7yJopD#?secret=ewA4iA0aOr\" width=\"600\" height=\"650\" frameborder=\"0\" marginwidth=\"0\" marginheight=\"0\" scrolling=\"no\" sandbox=\"allow-scripts\" data-secret=\"ewA4iA0aOr\" data-mce-fragment=\"1\"><\/iframe><\/p>\n<p><iframe loading=\"lazy\" class=\"wp-embedded-content\" title=\"\u00abEn pleno proceso de inscripci\u00f3n para programas de vivienda en Yopal, renunci\u00f3 la gerente de Indev.\u00bb \u2014 \u25b7 Noticias de Casanare : Martha Cifuentes | Casanare\" src=\"https:\/\/marthacifuentes.com\/portada\/2023\/03\/29\/en-pleno-proceso-de-inscripcion-para-programas-de-vivienda-en-yopal-renuncio-la-gerente-de-indev\/embed\/#?secret=HME2EHxoC8#?secret=m0eSyxG4sH\" width=\"600\" height=\"621\" frameborder=\"0\" marginwidth=\"0\" marginheight=\"0\" scrolling=\"no\" sandbox=\"allow-scripts\" data-secret=\"m0eSyxG4sH\" data-mce-fragment=\"1\"><\/iframe><\/p>\n<p><iframe loading=\"lazy\" class=\"wp-embedded-content\" title=\"\u00abPor atentados contra el Oleoducto Ca\u00f1o Lim\u00f3n-Cove\u00f1as Ecopetrol suspende entregas de gas de campo Gibraltar\u00bb \u2014 \u25b7 Noticias de Casanare : Martha Cifuentes | Casanare\" src=\"https:\/\/marthacifuentes.com\/portada\/2023\/03\/29\/por-atentados-contra-el-oleoducto-cano-limon-covenas-ecopetrol-suspende-entregas-de-gas-de-campo-gibraltar\/embed\/#?secret=ZjW7by4MAY#?secret=M3ZJAW4LMw\" width=\"600\" height=\"650\" frameborder=\"0\" marginwidth=\"0\" marginheight=\"0\" scrolling=\"no\" sandbox=\"allow-scripts\" data-secret=\"M3ZJAW4LMw\" data-mce-fragment=\"1\"><\/iframe><\/p>\n<p><iframe loading=\"lazy\" class=\"wp-embedded-content\" title=\"\u00abCon construcci\u00f3n de planta de biomasa en Villanueva, Casanare, EDF Colombia y Refocosta dieron primer paso en transici\u00f3n energ\u00e9tica\u00bb \u2014 \u25b7 Noticias de Casanare : Martha Cifuentes | Casanare\" src=\"https:\/\/marthacifuentes.com\/portada\/2023\/03\/29\/con-construccion-de-planta-de-biomasa-en-villanueva-casanare-edf-colombia-y-refocosta-dieron-primer-paso-en-transicion-energetica\/embed\/#?secret=p5J7kXGQy6#?secret=23SsBXnTNW\" width=\"600\" height=\"650\" frameborder=\"0\" marginwidth=\"0\" marginheight=\"0\" scrolling=\"no\" sandbox=\"allow-scripts\" data-secret=\"23SsBXnTNW\" data-mce-fragment=\"1\"><\/iframe><\/p>\n<p><iframe loading=\"lazy\" class=\"wp-embedded-content\" title=\"\u00abAtenci\u00f3n que este fin de semana habr\u00e1 restricci\u00f3n de gas domiciliario y vehicular en Yopal\u00bb \u2014 \u25b7 Noticias de Casanare : Martha Cifuentes | Casanare\" src=\"https:\/\/marthacifuentes.com\/portada\/2023\/03\/29\/atencion-que-este-fin-de-semana-habra-restriccion-de-gas-domiciliario-y-vehicular-en-yopal\/embed\/#?secret=TczeHRRVoM#?secret=1yXI0osHXI\" width=\"600\" height=\"569\" frameborder=\"0\" marginwidth=\"0\" marginheight=\"0\" scrolling=\"no\" sandbox=\"allow-scripts\" data-secret=\"1yXI0osHXI\" data-mce-fragment=\"1\"><\/iframe><\/p>\n<p><iframe loading=\"lazy\" class=\"wp-embedded-content\" title=\"\u00abPrograma \u201cCaminos Comunitarios para la Paz Total\u201d llega a Casanare.\u00bb \u2014 \u25b7 Noticias de Casanare : Martha Cifuentes | Casanare\" src=\"https:\/\/marthacifuentes.com\/portada\/2023\/03\/28\/programa-caminos-comunitarios-para-la-paz-total-llega-a-casanare\/embed\/#?secret=0bsf4NvoZH#?secret=IzpTKkEZk0\" width=\"600\" height=\"563\" frameborder=\"0\" marginwidth=\"0\" marginheight=\"0\" scrolling=\"no\" sandbox=\"allow-scripts\" data-secret=\"IzpTKkEZk0\" data-mce-fragment=\"1\"><\/iframe><\/p>\n<p><iframe loading=\"lazy\" class=\"wp-embedded-content\" title=\"\u00abCapturado un ped\u00f3filo en Man\u00ed acusado de acceso carnal abusivo\u00bb \u2014 \u25b7 Noticias de Casanare : Martha Cifuentes | Casanare\" src=\"https:\/\/marthacifuentes.com\/portada\/2023\/03\/28\/capturado-un-pedofilo-en-mani-acusado-de-acceso-carnal-abusivo\/embed\/#?secret=O42OVn9xi1#?secret=IGaM7b9EIV\" width=\"600\" height=\"596\" frameborder=\"0\" marginwidth=\"0\" marginheight=\"0\" scrolling=\"no\" sandbox=\"allow-scripts\" data-secret=\"IGaM7b9EIV\" data-mce-fragment=\"1\"><\/iframe><\/p>\n<p><iframe loading=\"lazy\" class=\"wp-embedded-content\" title=\"\u00ab\u201cMafe\u2019s Gourmet fusiona sabores y colores para hacer felices a los clientes\u201d: Diana Bautista, empresaria casanare\u00f1a.\u00bb \u2014 \u25b7 Noticias de Casanare : Martha Cifuentes | Casanare\" src=\"https:\/\/marthacifuentes.com\/portada\/2023\/03\/28\/mafes-gourmet-fusiona-sabores-y-colores-para-hacer-felices-a-los-clientes-diana-bautista-empresaria-casanarena\/embed\/#?secret=oTKSI6XVyl#?secret=Il9UyfUqrm\" width=\"600\" height=\"650\" frameborder=\"0\" marginwidth=\"0\" marginheight=\"0\" scrolling=\"no\" sandbox=\"allow-scripts\" data-secret=\"Il9UyfUqrm\" data-mce-fragment=\"1\"><\/iframe><\/p>\n<p><iframe loading=\"lazy\" class=\"wp-embedded-content\" title=\"\u00abRestaurante Sebiche en Yopal, \u00abLo que comes aqu\u00ed, lo comes en Lima, Per\u00fa\u201d\u00bb \u2014 \u25b7 Noticias de Casanare : Martha Cifuentes | Casanare\" src=\"https:\/\/marthacifuentes.com\/portada\/2023\/03\/27\/restaurante-sebiche-en-yopal-lo-que-comes-aqui-lo-comes-en-lima-peru\/embed\/#?secret=iOhBdkL0xe#?secret=bCoUUiiOIQ\" width=\"600\" height=\"600\" frameborder=\"0\" marginwidth=\"0\" marginheight=\"0\" scrolling=\"no\" sandbox=\"allow-scripts\" data-secret=\"bCoUUiiOIQ\" data-mce-fragment=\"1\"><\/iframe><\/p>\n<p><iframe loading=\"lazy\" class=\"wp-embedded-content\" title=\"\u00abT&amp;B Services, gran opci\u00f3n de servicios y suministros empresariales en Casanare\u00bb \u2014 \u25b7 Noticias de Casanare : Martha Cifuentes | Casanare\" src=\"https:\/\/marthacifuentes.com\/portada\/2023\/03\/25\/tb-services-gran-opcion-de-servicios-y-suministros-empresariales-en-casanare\/embed\/#?secret=5MSwUpVlAe#?secret=fnGFbMIUiW\" width=\"600\" height=\"587\" frameborder=\"0\" marginwidth=\"0\" marginheight=\"0\" scrolling=\"no\" sandbox=\"allow-scripts\" data-secret=\"fnGFbMIUiW\" data-mce-fragment=\"1\"><\/iframe><\/p>\n<p><iframe loading=\"lazy\" class=\"wp-embedded-content\" title=\"\u00abEaaay, modelo de corrupci\u00f3n y asalto en servicios p\u00fablicos en Yopal. Superintendente se despach\u00f3 contra esta y el alcalde.\u00bb \u2014 \u25b7 Noticias de Casanare : Martha Cifuentes | Casanare\" src=\"https:\/\/marthacifuentes.com\/portada\/2023\/03\/22\/eaaay-modelo-de-corrupcion-y-asalto-en-servicios-publicos-en-yopal-superintendente-se-despacho-contra-esta-y-el-alcalde\/embed\/#?secret=pKDTk22wJ9#?secret=yJqh1Kmerv\" width=\"600\" height=\"649\" frameborder=\"0\" marginwidth=\"0\" marginheight=\"0\" scrolling=\"no\" sandbox=\"allow-scripts\" data-secret=\"yJqh1Kmerv\" data-mce-fragment=\"1\"><\/iframe><\/p>\n<p><iframe loading=\"lazy\" class=\"wp-embedded-content\" title=\"\u00abGuillermo Velandia Granados, realiz\u00f3 el lanzamiento del movimiento FIRME POR EL CAMBIO, para ser Gobernador de Casanare.\u00bb \u2014 \u25b7 Noticias de Casanare : Martha Cifuentes | Casanare\" src=\"https:\/\/marthacifuentes.com\/portada\/2023\/03\/22\/guillermo-velandia-granados-realizo-el-lanzamiento-del-movimiento-firme-por-el-cambio-para-ser-gobernador-de-casanare\/embed\/#?secret=k4RRLgmc4k#?secret=KueKZTO8fs\" width=\"600\" height=\"650\" frameborder=\"0\" marginwidth=\"0\" marginheight=\"0\" scrolling=\"no\" sandbox=\"allow-scripts\" data-secret=\"KueKZTO8fs\" data-mce-fragment=\"1\"><\/iframe><\/p>\n<p><iframe loading=\"lazy\" class=\"wp-embedded-content\" title=\"\u00abProyecto de producci\u00f3n de forraje de ganaderos de Casanare, blanco de veedur\u00edas politizadas.\u00bb \u2014 \u25b7 Noticias de Casanare : Martha Cifuentes | Casanare\" src=\"https:\/\/marthacifuentes.com\/portada\/2023\/03\/21\/proyecto-de-produccion-de-forraje-de-ganaderos-de-casanare-blanco-de-veedurias-politizadas\/embed\/#?secret=zPLF2mpfON#?secret=LFsF5xuqLt\" width=\"600\" height=\"621\" frameborder=\"0\" marginwidth=\"0\" marginheight=\"0\" scrolling=\"no\" sandbox=\"allow-scripts\" data-secret=\"LFsF5xuqLt\" data-mce-fragment=\"1\"><\/iframe><\/p>\n<p><iframe loading=\"lazy\" class=\"wp-embedded-content\" title=\"\u00abAl defender a su familia de un atraco, hombre result\u00f3 herido y un maleante, alias \u201cel barbero\u201d, muerto, en finca en Yopal.\u00bb \u2014 \u25b7 Noticias de Casanare : Martha Cifuentes | Casanare\" src=\"https:\/\/marthacifuentes.com\/portada\/2023\/03\/18\/al-defender-a-su-familia-de-un-atraco-hombre-resulto-herido-y-un-maleante-alias-el-barbero-muerto-en-finca-en-yopal\/embed\/#?secret=SHKHNBHfU0#?secret=ke2KS2mOlu\" width=\"600\" height=\"601\" frameborder=\"0\" marginwidth=\"0\" marginheight=\"0\" scrolling=\"no\" sandbox=\"allow-scripts\" data-secret=\"ke2KS2mOlu\" data-mce-fragment=\"1\"><\/iframe><\/p>\n<p><iframe loading=\"lazy\" class=\"wp-embedded-content\" title=\"\u00abSindicato de Eaaay rechaz\u00f3 que alcalde de Yopal culpara a los trabajadores de crisis de la empresa. Se cuestion\u00f3 al gerente\u00bb \u2014 \u25b7 Noticias de Casanare : Martha Cifuentes | Casanare\" src=\"https:\/\/marthacifuentes.com\/portada\/2023\/03\/17\/sindicato-de-eaaay-rechazo-que-alcalde-de-yopal-culpara-a-los-trabajadores-de-crisis-de-la-empresa-se-cuestiono-al-gerente\/embed\/#?secret=ND7dRooAbH#?secret=qaxWdcmhov\" width=\"600\" height=\"615\" frameborder=\"0\" marginwidth=\"0\" marginheight=\"0\" scrolling=\"no\" sandbox=\"allow-scripts\" data-secret=\"qaxWdcmhov\" data-mce-fragment=\"1\"><\/iframe><\/p>\n<p><iframe loading=\"lazy\" class=\"wp-embedded-content\" title=\"\u00abAlcalde de Yopal culp\u00f3 a trabajadores de crisis de Eaaay y rega\u00f1\u00f3 a su gerente por negligencia\u00bb \u2014 \u25b7 Noticias de Casanare : Martha Cifuentes | Casanare\" src=\"https:\/\/marthacifuentes.com\/portada\/2023\/03\/17\/alcalde-de-yopal-culpo-a-trabajadores-de-crisis-de-eaaay-y-regano-a-su-gerente-por-negligencia\/embed\/#?secret=pQSOgIrmPy#?secret=9nSZAysBcu\" width=\"600\" height=\"621\" frameborder=\"0\" marginwidth=\"0\" marginheight=\"0\" scrolling=\"no\" sandbox=\"allow-scripts\" data-secret=\"9nSZAysBcu\" data-mce-fragment=\"1\"><\/iframe><\/p>\n<p><iframe loading=\"lazy\" class=\"wp-embedded-content\" title=\"\u00abAsistir IPS, 27 a\u00f1os liderando la salud y la seguridad en el trabajo en Casanare\u00bb \u2014 \u25b7 Noticias de Casanare : Martha Cifuentes | Casanare\" src=\"https:\/\/marthacifuentes.com\/portada\/2023\/03\/16\/asistir-ips-27-anos-liderando-la-salud-y-la-seguridad-en-el-trabajo-en-casanare\/embed\/#?secret=A5GRUGGdqO#?secret=RSH9hHPcXB\" width=\"600\" height=\"565\" frameborder=\"0\" marginwidth=\"0\" marginheight=\"0\" scrolling=\"no\" sandbox=\"allow-scripts\" data-secret=\"RSH9hHPcXB\" data-mce-fragment=\"1\"><\/iframe><\/p>\n<p><iframe loading=\"lazy\" class=\"wp-embedded-content\" title=\"\u00abGerente Eaaay dice que fue voluntariamente a la Fiscal\u00eda y est\u00e1 dispuesto a colaborar con la justicia.\u00bb \u2014 \u25b7 Noticias de Casanare : Martha Cifuentes | Casanare\" src=\"https:\/\/marthacifuentes.com\/portada\/2023\/03\/14\/gerente-eaaay-dice-que-fue-voluntariamente-a-la-fiscalia-y-esta-dispuesto-a-colaborar-con-la-justicia\/embed\/#?secret=3PwuETZKNy#?secret=mHzQ8zn78p\" width=\"600\" height=\"586\" frameborder=\"0\" marginwidth=\"0\" marginheight=\"0\" scrolling=\"no\" sandbox=\"allow-scripts\" data-secret=\"mHzQ8zn78p\" data-mce-fragment=\"1\"><\/iframe><\/p>\n<p><iframe loading=\"lazy\" class=\"wp-embedded-content\" title=\"\u00abEn obras v\u00eda Yopal-Villao, lo real son 3 peajes hasta Villanueva pero faltan muchas obras complementarias: Comit\u00e9 Veedor\u00bb \u2014 \u25b7 Noticias de Casanare : Martha Cifuentes | Casanare\" src=\"https:\/\/marthacifuentes.com\/portada\/2023\/03\/14\/en-obras-via-yopal-villao-lo-real-son-3-peajes-hasta-villanueva-pero-faltan-muchas-obras-complementarias-comite-veedor\/embed\/#?secret=Whm0hrtnq6#?secret=AfbfVsmzMt\" width=\"600\" height=\"629\" frameborder=\"0\" marginwidth=\"0\" marginheight=\"0\" scrolling=\"no\" sandbox=\"allow-scripts\" data-secret=\"AfbfVsmzMt\" data-mce-fragment=\"1\"><\/iframe><\/p>\n<p><iframe loading=\"lazy\" class=\"wp-embedded-content\" title=\"\u00abExdirector del Planetario Germ\u00e1n Puerta hoy y ma\u00f1ana hablar\u00e1 de ciencia en Unitr\u00f3pico\u00bb \u2014 \u25b7 Noticias de Casanare : Martha Cifuentes | Casanare\" src=\"https:\/\/marthacifuentes.com\/portada\/2023\/03\/14\/exdirector-del-planetario-german-puerta-hoy-y-manana-hablara-de-ciencia-en-unitropico\/embed\/#?secret=B4KzlvqvPA#?secret=Bcyx3PZYHI\" width=\"600\" height=\"621\" frameborder=\"0\" marginwidth=\"0\" marginheight=\"0\" scrolling=\"no\" sandbox=\"allow-scripts\" data-secret=\"Bcyx3PZYHI\" data-mce-fragment=\"1\"><\/iframe><\/p>\n<p><iframe loading=\"lazy\" class=\"wp-embedded-content\" title=\"\u00abColegio Centro Social de Yopal no se resigna a perder predio donde construir su sede\u00bb \u2014 \u25b7 Noticias de Casanare : Martha Cifuentes | Casanare\" src=\"https:\/\/marthacifuentes.com\/portada\/2023\/03\/14\/colegio-centro-social-de-yopal-no-se-resigna-a-perder-predio-donde-construir-su-sede\/embed\/#?secret=CYifwHclqj#?secret=r8mxEETCN8\" width=\"600\" height=\"599\" frameborder=\"0\" marginwidth=\"0\" marginheight=\"0\" scrolling=\"no\" sandbox=\"allow-scripts\" data-secret=\"r8mxEETCN8\" data-mce-fragment=\"1\"><\/iframe><\/p>\n<p><iframe loading=\"lazy\" class=\"wp-embedded-content\" title=\"\u00abExalcalde de Man\u00ed, Javier Montoya, se salv\u00f3 de multa de $5.274 millones. Ahora solo tendr\u00e1 que pagar 700 millones.\u00bb \u2014 \u25b7 Noticias de Casanare : Martha Cifuentes | Casanare\" src=\"https:\/\/marthacifuentes.com\/portada\/2023\/03\/14\/exalcalde-de-mani-javier-montoya-se-salvo-de-multa-de-5-274-millones-ahora-solo-tendra-que-pagar-700-millones\/embed\/#?secret=Bap1rInvFZ#?secret=434zbJ3ksT\" width=\"600\" height=\"650\" frameborder=\"0\" marginwidth=\"0\" marginheight=\"0\" scrolling=\"no\" sandbox=\"allow-scripts\" data-secret=\"434zbJ3ksT\" data-mce-fragment=\"1\"><\/iframe><\/p>\n<p><iframe loading=\"lazy\" class=\"wp-embedded-content\" title=\"\u00abAlcald\u00eda de San Luis de Palenque investigada por no girar recursos a cuerpo de bomberos\u00bb \u2014 \u25b7 Noticias de Casanare : Martha Cifuentes | Casanare\" src=\"https:\/\/marthacifuentes.com\/portada\/2023\/03\/13\/alcaldia-de-san-luis-de-palenque-investigada-por-no-girar-recursos-a-cuerpo-de-bomberos\/embed\/#?secret=BrvnuxpBwR#?secret=l1k0CfJftv\" width=\"600\" height=\"621\" frameborder=\"0\" marginwidth=\"0\" marginheight=\"0\" scrolling=\"no\" sandbox=\"allow-scripts\" data-secret=\"l1k0CfJftv\" data-mce-fragment=\"1\"><\/iframe><\/p>\n<article id=\"the-post\" class=\"container-wrapper post-content tie-standard\">\n<div class=\"entry-content entry clearfix\">\n<p><iframe loading=\"lazy\" class=\"wp-embedded-content\" title=\"\u00abProcuradur\u00eda le \u00abrespira en la nuca\u00bb a gerente de Eaaay. Pidi\u00f3 informaci\u00f3n puntual del contrato de PTAR y de \u00e9l.\u00bb \u2014 \u25b7 Noticias de Casanare : Martha Cifuentes | Casanare\" src=\"https:\/\/marthacifuentes.com\/portada\/2023\/03\/13\/procuraduria-le-respira-en-la-nuca-a-gerente-de-eaaay-pidio-informacion-puntual-del-contrato-de-ptar-y-de-el\/embed\/#?secret=cfLD05XB9D#?secret=oGDJ3cKYjI\" width=\"600\" height=\"615\" frameborder=\"0\" marginwidth=\"0\" marginheight=\"0\" scrolling=\"no\" sandbox=\"allow-scripts\" data-secret=\"oGDJ3cKYjI\" data-mce-fragment=\"1\"><\/iframe><\/p>\n<p><iframe loading=\"lazy\" class=\"wp-embedded-content\" title=\"\u00abProcuradur\u00eda tambi\u00e9n pide suspensi\u00f3n de contrato de aprovechamiento de basuras entre Eaaay y SSYAM por $15 mil millones\u00bb \u2014 \u25b7 Noticias de Casanare : Martha Cifuentes | Casanare\" src=\"https:\/\/marthacifuentes.com\/portada\/2023\/03\/13\/procuraduria-tambien-pide-suspension-de-contrato-de-aprovechamiento-de-basuras-entre-eaaay-y-ssyam-por-15-mil-millones\/embed\/#?secret=BlNZe2NaX7#?secret=cDzUiPyL86\" width=\"600\" height=\"615\" frameborder=\"0\" marginwidth=\"0\" marginheight=\"0\" scrolling=\"no\" sandbox=\"allow-scripts\" data-secret=\"cDzUiPyL86\" data-mce-fragment=\"1\"><\/iframe><\/p>\n<p><iframe loading=\"lazy\" class=\"wp-embedded-content\" title=\"\u00abHugo Archila tambi\u00e9n evadi\u00f3 responder sobre video de coimas de contrato de la Eaaay, donde lo mencionan\u00bb \u2014 \u25b7 Noticias de Casanare : Martha Cifuentes | Casanare\" src=\"https:\/\/marthacifuentes.com\/portada\/2023\/03\/10\/hugo-archila-tambien-evadio-responder-sobre-video-de-coimas-de-contrato-de-la-eaaay-donde-lo-mencionan\/embed\/#?secret=UuK7fqQYon#?secret=QkVYwmMIj6\" width=\"600\" height=\"650\" frameborder=\"0\" marginwidth=\"0\" marginheight=\"0\" scrolling=\"no\" sandbox=\"allow-scripts\" data-secret=\"QkVYwmMIj6\" data-mce-fragment=\"1\"><\/iframe><\/p>\n<p><iframe loading=\"lazy\" class=\"wp-embedded-content\" title=\"\u00abEcopetrol entrega 5.926 paquetes escolares para estudiantes y docentes en Casanare\u00bb \u2014 \u25b7 Noticias de Casanare : Martha Cifuentes | Casanare\" src=\"https:\/\/marthacifuentes.com\/portada\/2023\/03\/10\/ecopetrol-entrega-5-926-paquetes-escolares-para-estudiantes-y-docentes-en-casanare\/embed\/#?secret=GKEIvX5PdB#?secret=jQLouYqxLD\" width=\"600\" height=\"621\" frameborder=\"0\" marginwidth=\"0\" marginheight=\"0\" scrolling=\"no\" sandbox=\"allow-scripts\" data-secret=\"jQLouYqxLD\" data-mce-fragment=\"1\"><\/iframe><\/p>\n<p><iframe loading=\"lazy\" class=\"wp-embedded-content\" title=\"\u00abProcuradur\u00eda volvi\u00f3 a rega\u00f1ar a la Alcald\u00eda de Yopal por incumplir con el PAE.\u00bb \u2014 \u25b7 Noticias de Casanare : Martha Cifuentes | Casanare\" src=\"https:\/\/marthacifuentes.com\/portada\/2023\/03\/10\/procuraduria-volvio-a-reganar-a-la-alcaldia-de-yopal-por-incumplir-con-el-pae\/embed\/#?secret=BVrCXpfMMa#?secret=4okTQsa6oM\" width=\"600\" height=\"621\" frameborder=\"0\" marginwidth=\"0\" marginheight=\"0\" scrolling=\"no\" sandbox=\"allow-scripts\" data-secret=\"4okTQsa6oM\" data-mce-fragment=\"1\"><\/iframe><\/p>\n<p><iframe loading=\"lazy\" class=\"wp-embedded-content\" title=\"\u00abAtenci\u00f3n familias. Capturado presunto abogado ped\u00f3filo en Yopal.\u00bb \u2014 \u25b7 Noticias de Casanare : Martha Cifuentes | Casanare\" src=\"https:\/\/marthacifuentes.com\/portada\/2023\/03\/10\/atencion-familias-capturado-presunto-abogado-pedofilo-en-yopal\/embed\/#?secret=wlN55IwmNR#?secret=lLsXdUgmkn\" width=\"600\" height=\"600\" frameborder=\"0\" marginwidth=\"0\" marginheight=\"0\" scrolling=\"no\" sandbox=\"allow-scripts\" data-secret=\"lLsXdUgmkn\" data-mce-fragment=\"1\"><\/iframe><\/p>\n<p><iframe loading=\"lazy\" class=\"wp-embedded-content\" title=\"\u00abGerente de Eaaay a comparecer ante la Fiscal\u00eda, en relaci\u00f3n a contrato de PTAR por U$70 millones. Se investiga posible corrupci\u00f3n\u00bb \u2014 \u25b7 Noticias de Casanare : Martha Cifuentes | Casanare\" src=\"https:\/\/marthacifuentes.com\/portada\/2023\/03\/10\/gerente-de-eaaay-a-comparecer-ante-la-fiscalia-en-relacion-a-contrato-de-ptar-por-u70-millones-se-investiga-posible-corrupcion\/embed\/#?secret=ijeuLwiR7p#?secret=iRHYgzw4FF\" width=\"600\" height=\"629\" frameborder=\"0\" marginwidth=\"0\" marginheight=\"0\" scrolling=\"no\" sandbox=\"allow-scripts\" data-secret=\"iRHYgzw4FF\" data-mce-fragment=\"1\"><\/iframe><\/p>\n<p><iframe loading=\"lazy\" class=\"wp-embedded-content\" title=\"\u00abFincas de Casanare apetecidas por corruptos contratistas encargados de la descontaminaci\u00f3n del r\u00edo Bogot\u00e1\u00bb \u2014 \u25b7 Noticias de Casanare : Martha Cifuentes | Casanare\" src=\"https:\/\/marthacifuentes.com\/portada\/2023\/03\/07\/fincas-de-casanare-apetecidas-por-corruptos-contratistas-encargados-de-la-descontaminacion-del-rio-bogota\/embed\/#?secret=ndo0wZsZAh#?secret=5rHMfFumRe\" width=\"600\" height=\"648\" frameborder=\"0\" marginwidth=\"0\" marginheight=\"0\" scrolling=\"no\" sandbox=\"allow-scripts\" data-secret=\"5rHMfFumRe\" data-mce-fragment=\"1\"><\/iframe><\/p>\n<\/div>\n<\/article>\n","protected":false},"excerpt":{"rendered":"<p>Dos ni\u00f1as menores de edad, hermanas, presumiblemente de 3 y 15 a\u00f1os, fueron halladas esta noche, muertas en la calle 23 con carrera 12, barrio Juan Hernando Urrego, de Aguazul. Las autoridades, apoyadas por la polic\u00eda nacional, realizan los actos urgentes de levantamiento de los cuerpos. De los hechos hay dos versiones. Una, indicar\u00eda que &hellip;<\/p>\n","protected":false},"author":2,"featured_media":31459,"comment_status":"open","ping_status":"open","sticky":false,"template":"","format":"standard","meta":{"om_disable_all_campaigns":false,"_exactmetrics_skip_tracking":false,"_exactmetrics_sitenote_active":false,"_exactmetrics_sitenote_note":"","_exactmetrics_sitenote_category":0,"_monsterinsights_skip_tracking":false,"_monsterinsights_sitenote_active":false,"_monsterinsights_sitenote_note":"","_monsterinsights_sitenote_category":0,"_uf_show_specific_survey":0,"_uf_disable_surveys":false,"_joinchat":[],"footnotes":""},"categories":[147,146,145],"tags":[2236,1373,9099,2997,1400,1376],"class_list":["post-31458","post","type-post","status-publish","format-standard","has-post-thumbnail","hentry","category-actualidad","category-noticias","category-reportajes","tag-aguazul-noticias","tag-casanare-noticias","tag-dos-ninas-muertas-en-aguazul","tag-noticias-aguazul","tag-noticias-casanare","tag-yopal-noticias"],"yoast_head":"<!-- This site is optimized with the Yoast SEO plugin v26.1 - https:\/\/yoast.com\/wordpress\/plugins\/seo\/ -->\n<title>Dos ni\u00f1as hermanas fueron halladas muertas en Aguazul. - \u25b7 Noticias de Casanare : Martha Cifuentes | Casanare<\/title>\n<meta name=\"robots\" content=\"index, follow, max-snippet:-1, max-image-preview:large, max-video-preview:-1\" \/>\n<link rel=\"canonical\" href=\"https:\/\/marthacifuentes.com\/portada\/dos-ninas-hermanas-fueron-halladas-muertas-en-aguazul\/\" \/>\n<meta property=\"og:locale\" content=\"es_ES\" \/>\n<meta property=\"og:type\" content=\"article\" \/>\n<meta property=\"og:title\" content=\"Dos ni\u00f1as hermanas fueron halladas muertas en Aguazul. - \u25b7 Noticias de Casanare : Martha Cifuentes | Casanare\" \/>\n<meta property=\"og:description\" content=\"Dos ni\u00f1as menores de edad, hermanas, presumiblemente de 3 y 15 a\u00f1os, fueron halladas esta noche, muertas en la calle 23 con carrera 12, barrio Juan Hernando Urrego, de Aguazul. Las autoridades, apoyadas por la polic\u00eda nacional, realizan los actos urgentes de levantamiento de los cuerpos. De los hechos hay dos versiones. Una, indicar\u00eda que &hellip;\" \/>\n<meta property=\"og:url\" content=\"https:\/\/marthacifuentes.com\/portada\/dos-ninas-hermanas-fueron-halladas-muertas-en-aguazul\/\" \/>\n<meta property=\"og:site_name\" content=\"\u25b7 Noticias de Casanare : Martha Cifuentes | Casanare\" \/>\n<meta property=\"article:published_time\" content=\"2023-04-14T01:07:27+00:00\" \/>\n<meta property=\"article:modified_time\" content=\"2023-04-14T01:29:34+00:00\" \/>\n<meta property=\"og:image\" content=\"https:\/\/marthacifuentes.com\/portada\/wp-content\/uploads\/2023\/04\/341146124_914964816480261_5143690222902601225_n.jpg\" \/>\n\t<meta property=\"og:image:width\" content=\"2048\" \/>\n\t<meta property=\"og:image:height\" content=\"1536\" \/>\n\t<meta property=\"og:image:type\" content=\"image\/jpeg\" \/>\n<meta name=\"author\" content=\"Martha Cifuentes\" \/>\n<meta name=\"twitter:card\" content=\"summary_large_image\" \/>\n<meta name=\"twitter:label1\" content=\"Escrito por\" \/>\n\t<meta name=\"twitter:data1\" content=\"Martha Cifuentes\" \/>\n\t<meta name=\"twitter:label2\" content=\"Tiempo de lectura\" \/>\n\t<meta name=\"twitter:data2\" content=\"1 minuto\" \/>\n<script type=\"application\/ld+json\" class=\"yoast-schema-graph\">{\"@context\":\"https:\/\/schema.org\",\"@graph\":[{\"@type\":\"WebPage\",\"@id\":\"https:\/\/marthacifuentes.com\/portada\/dos-ninas-hermanas-fueron-halladas-muertas-en-aguazul\/\",\"url\":\"https:\/\/marthacifuentes.com\/portada\/dos-ninas-hermanas-fueron-halladas-muertas-en-aguazul\/\",\"name\":\"Dos ni\u00f1as hermanas fueron halladas muertas en Aguazul. - \u25b7 Noticias de Casanare : Martha Cifuentes | Casanare\",\"isPartOf\":{\"@id\":\"https:\/\/marthacifuentes.com\/portada\/#website\"},\"primaryImageOfPage\":{\"@id\":\"https:\/\/marthacifuentes.com\/portada\/dos-ninas-hermanas-fueron-halladas-muertas-en-aguazul\/#primaryimage\"},\"image\":{\"@id\":\"https:\/\/marthacifuentes.com\/portada\/dos-ninas-hermanas-fueron-halladas-muertas-en-aguazul\/#primaryimage\"},\"thumbnailUrl\":\"https:\/\/marthacifuentes.com\/portada\/wp-content\/uploads\/2023\/04\/341146124_914964816480261_5143690222902601225_n.jpg\",\"datePublished\":\"2023-04-14T01:07:27+00:00\",\"dateModified\":\"2023-04-14T01:29:34+00:00\",\"author\":{\"@id\":\"https:\/\/marthacifuentes.com\/portada\/#\/schema\/person\/57f53174b991db5f90ff78d58502b714\"},\"breadcrumb\":{\"@id\":\"https:\/\/marthacifuentes.com\/portada\/dos-ninas-hermanas-fueron-halladas-muertas-en-aguazul\/#breadcrumb\"},\"inLanguage\":\"es\",\"potentialAction\":[{\"@type\":\"ReadAction\",\"target\":[\"https:\/\/marthacifuentes.com\/portada\/dos-ninas-hermanas-fueron-halladas-muertas-en-aguazul\/\"]}]},{\"@type\":\"ImageObject\",\"inLanguage\":\"es\",\"@id\":\"https:\/\/marthacifuentes.com\/portada\/dos-ninas-hermanas-fueron-halladas-muertas-en-aguazul\/#primaryimage\",\"url\":\"https:\/\/marthacifuentes.com\/portada\/wp-content\/uploads\/2023\/04\/341146124_914964816480261_5143690222902601225_n.jpg\",\"contentUrl\":\"https:\/\/marthacifuentes.com\/portada\/wp-content\/uploads\/2023\/04\/341146124_914964816480261_5143690222902601225_n.jpg\",\"width\":2048,\"height\":1536},{\"@type\":\"BreadcrumbList\",\"@id\":\"https:\/\/marthacifuentes.com\/portada\/dos-ninas-hermanas-fueron-halladas-muertas-en-aguazul\/#breadcrumb\",\"itemListElement\":[{\"@type\":\"ListItem\",\"position\":1,\"name\":\"Portada\",\"item\":\"https:\/\/marthacifuentes.com\/portada\/\"},{\"@type\":\"ListItem\",\"position\":2,\"name\":\"Dos ni\u00f1as hermanas fueron halladas muertas en Aguazul.\"}]},{\"@type\":\"WebSite\",\"@id\":\"https:\/\/marthacifuentes.com\/portada\/#website\",\"url\":\"https:\/\/marthacifuentes.com\/portada\/\",\"name\":\"\u25b7 Noticias de Casanare : Martha Cifuentes | Casanare\",\"description\":\"Noticias &amp; Contenidos\",\"potentialAction\":[{\"@type\":\"SearchAction\",\"target\":{\"@type\":\"EntryPoint\",\"urlTemplate\":\"https:\/\/marthacifuentes.com\/portada\/?s={search_term_string}\"},\"query-input\":{\"@type\":\"PropertyValueSpecification\",\"valueRequired\":true,\"valueName\":\"search_term_string\"}}],\"inLanguage\":\"es\"},{\"@type\":\"Person\",\"@id\":\"https:\/\/marthacifuentes.com\/portada\/#\/schema\/person\/57f53174b991db5f90ff78d58502b714\",\"name\":\"Martha Cifuentes\",\"image\":{\"@type\":\"ImageObject\",\"inLanguage\":\"es\",\"@id\":\"https:\/\/marthacifuentes.com\/portada\/#\/schema\/person\/image\/\",\"url\":\"http:\/\/marthacifuentes.com\/portada\/wp-content\/uploads\/2018\/06\/avatar_user_2_1528838701-96x96.jpg\",\"contentUrl\":\"http:\/\/marthacifuentes.com\/portada\/wp-content\/uploads\/2018\/06\/avatar_user_2_1528838701-96x96.jpg\",\"caption\":\"Martha Cifuentes\"},\"sameAs\":[\"http:\/\/www.marthacifuentes.com\"],\"url\":\"https:\/\/marthacifuentes.com\/portada\/author\/martha\/\"}]}<\/script>\n<!-- \/ Yoast SEO plugin. -->","yoast_head_json":{"title":"Dos ni\u00f1as hermanas fueron halladas muertas en Aguazul. - \u25b7 Noticias de Casanare : Martha Cifuentes | Casanare","robots":{"index":"index","follow":"follow","max-snippet":"max-snippet:-1","max-image-preview":"max-image-preview:large","max-video-preview":"max-video-preview:-1"},"canonical":"https:\/\/marthacifuentes.com\/portada\/dos-ninas-hermanas-fueron-halladas-muertas-en-aguazul\/","og_locale":"es_ES","og_type":"article","og_title":"Dos ni\u00f1as hermanas fueron halladas muertas en Aguazul. - \u25b7 Noticias de Casanare : Martha Cifuentes | Casanare","og_description":"Dos ni\u00f1as menores de edad, hermanas, presumiblemente de 3 y 15 a\u00f1os, fueron halladas esta noche, muertas en la calle 23 con carrera 12, barrio Juan Hernando Urrego, de Aguazul. Las autoridades, apoyadas por la polic\u00eda nacional, realizan los actos urgentes de levantamiento de los cuerpos. De los hechos hay dos versiones. Una, indicar\u00eda que &hellip;","og_url":"https:\/\/marthacifuentes.com\/portada\/dos-ninas-hermanas-fueron-halladas-muertas-en-aguazul\/","og_site_name":"\u25b7 Noticias de Casanare : Martha Cifuentes | Casanare","article_published_time":"2023-04-14T01:07:27+00:00","article_modified_time":"2023-04-14T01:29:34+00:00","og_image":[{"width":2048,"height":1536,"url":"https:\/\/marthacifuentes.com\/portada\/wp-content\/uploads\/2023\/04\/341146124_914964816480261_5143690222902601225_n.jpg","type":"image\/jpeg"}],"author":"Martha Cifuentes","twitter_card":"summary_large_image","twitter_misc":{"Escrito por":"Martha Cifuentes","Tiempo de lectura":"1 minuto"},"schema":{"@context":"https:\/\/schema.org","@graph":[{"@type":"WebPage","@id":"https:\/\/marthacifuentes.com\/portada\/dos-ninas-hermanas-fueron-halladas-muertas-en-aguazul\/","url":"https:\/\/marthacifuentes.com\/portada\/dos-ninas-hermanas-fueron-halladas-muertas-en-aguazul\/","name":"Dos ni\u00f1as hermanas fueron halladas muertas en Aguazul. - \u25b7 Noticias de Casanare : Martha Cifuentes | Casanare","isPartOf":{"@id":"https:\/\/marthacifuentes.com\/portada\/#website"},"primaryImageOfPage":{"@id":"https:\/\/marthacifuentes.com\/portada\/dos-ninas-hermanas-fueron-halladas-muertas-en-aguazul\/#primaryimage"},"image":{"@id":"https:\/\/marthacifuentes.com\/portada\/dos-ninas-hermanas-fueron-halladas-muertas-en-aguazul\/#primaryimage"},"thumbnailUrl":"https:\/\/marthacifuentes.com\/portada\/wp-content\/uploads\/2023\/04\/341146124_914964816480261_5143690222902601225_n.jpg","datePublished":"2023-04-14T01:07:27+00:00","dateModified":"2023-04-14T01:29:34+00:00","author":{"@id":"https:\/\/marthacifuentes.com\/portada\/#\/schema\/person\/57f53174b991db5f90ff78d58502b714"},"breadcrumb":{"@id":"https:\/\/marthacifuentes.com\/portada\/dos-ninas-hermanas-fueron-halladas-muertas-en-aguazul\/#breadcrumb"},"inLanguage":"es","potentialAction":[{"@type":"ReadAction","target":["https:\/\/marthacifuentes.com\/portada\/dos-ninas-hermanas-fueron-halladas-muertas-en-aguazul\/"]}]},{"@type":"ImageObject","inLanguage":"es","@id":"https:\/\/marthacifuentes.com\/portada\/dos-ninas-hermanas-fueron-halladas-muertas-en-aguazul\/#primaryimage","url":"https:\/\/marthacifuentes.com\/portada\/wp-content\/uploads\/2023\/04\/341146124_914964816480261_5143690222902601225_n.jpg","contentUrl":"https:\/\/marthacifuentes.com\/portada\/wp-content\/uploads\/2023\/04\/341146124_914964816480261_5143690222902601225_n.jpg","width":2048,"height":1536},{"@type":"BreadcrumbList","@id":"https:\/\/marthacifuentes.com\/portada\/dos-ninas-hermanas-fueron-halladas-muertas-en-aguazul\/#breadcrumb","itemListElement":[{"@type":"ListItem","position":1,"name":"Portada","item":"https:\/\/marthacifuentes.com\/portada\/"},{"@type":"ListItem","position":2,"name":"Dos ni\u00f1as hermanas fueron halladas muertas en Aguazul."}]},{"@type":"WebSite","@id":"https:\/\/marthacifuentes.com\/portada\/#website","url":"https:\/\/marthacifuentes.com\/portada\/","name":"\u25b7 Noticias de Casanare : Martha Cifuentes | Casanare","description":"Noticias &amp; Contenidos","potentialAction":[{"@type":"SearchAction","target":{"@type":"EntryPoint","urlTemplate":"https:\/\/marthacifuentes.com\/portada\/?s={search_term_string}"},"query-input":{"@type":"PropertyValueSpecification","valueRequired":true,"valueName":"search_term_string"}}],"inLanguage":"es"},{"@type":"Person","@id":"https:\/\/marthacifuentes.com\/portada\/#\/schema\/person\/57f53174b991db5f90ff78d58502b714","name":"Martha Cifuentes","image":{"@type":"ImageObject","inLanguage":"es","@id":"https:\/\/marthacifuentes.com\/portada\/#\/schema\/person\/image\/","url":"http:\/\/marthacifuentes.com\/portada\/wp-content\/uploads\/2018\/06\/avatar_user_2_1528838701-96x96.jpg","contentUrl":"http:\/\/marthacifuentes.com\/portada\/wp-content\/uploads\/2018\/06\/avatar_user_2_1528838701-96x96.jpg","caption":"Martha Cifuentes"},"sameAs":["http:\/\/www.marthacifuentes.com"],"url":"https:\/\/marthacifuentes.com\/portada\/author\/martha\/"}]}},"_links":{"self":[{"href":"https:\/\/marthacifuentes.com\/portada\/wp-json\/wp\/v2\/posts\/31458","targetHints":{"allow":["GET"]}}],"collection":[{"href":"https:\/\/marthacifuentes.com\/portada\/wp-json\/wp\/v2\/posts"}],"about":[{"href":"https:\/\/marthacifuentes.com\/portada\/wp-json\/wp\/v2\/types\/post"}],"author":[{"embeddable":true,"href":"https:\/\/marthacifuentes.com\/portada\/wp-json\/wp\/v2\/users\/2"}],"replies":[{"embeddable":true,"href":"https:\/\/marthacifuentes.com\/portada\/wp-json\/wp\/v2\/comments?post=31458"}],"version-history":[{"count":4,"href":"https:\/\/marthacifuentes.com\/portada\/wp-json\/wp\/v2\/posts\/31458\/revisions"}],"predecessor-version":[{"id":31463,"href":"https:\/\/marthacifuentes.com\/portada\/wp-json\/wp\/v2\/posts\/31458\/revisions\/31463"}],"wp:featuredmedia":[{"embeddable":true,"href":"https:\/\/marthacifuentes.com\/portada\/wp-json\/wp\/v2\/media\/31459"}],"wp:attachment":[{"href":"https:\/\/marthacifuentes.com\/portada\/wp-json\/wp\/v2\/media?parent=31458"}],"wp:term":[{"taxonomy":"category","embeddable":true,"href":"https:\/\/marthacifuentes.com\/portada\/wp-json\/wp\/v2\/categories?post=31458"},{"taxonomy":"post_tag","embeddable":true,"href":"https:\/\/marthacifuentes.com\/portada\/wp-json\/wp\/v2\/tags?post=31458"}],"curies":[{"name":"wp","href":"https:\/\/api.w.org\/{rel}","templated":true}]}}