{"id":31496,"date":"2023-04-21T12:24:02","date_gmt":"2023-04-21T17:24:02","guid":{"rendered":"https:\/\/marthacifuentes.com\/portada\/?p=31496"},"modified":"2023-04-21T12:24:02","modified_gmt":"2023-04-21T17:24:02","slug":"exdiputado-wilmar-cuevas-apoya-a-aspirante-elirio-cruz-en-consulta-para-elegir-candidatos-a-asamblea-por-aguazul","status":"publish","type":"post","link":"https:\/\/marthacifuentes.com\/portada\/exdiputado-wilmar-cuevas-apoya-a-aspirante-elirio-cruz-en-consulta-para-elegir-candidatos-a-asamblea-por-aguazul\/","title":{"rendered":"Exdiputado Wilmar Cuevas apoya a aspirante Elirio Cruz, en consulta para elegir candidatos a Asamblea por Aguazul"},"content":{"rendered":"<p style=\"font-weight: 400; text-align: justify;\"><strong>El exdiputado de Casanare, exconcejal de Aguazul y actualmente presidente de Asojuntas del corregimiento de Cupiagua Wilmar Cuevas, manifest\u00f3 su apoyo a Elirio Cruz, aspirante en la consulta popular que realizar\u00e1 este municipio para definir candidatos a la Asamblea Departamental de Casanare por este municipio.<\/strong><\/p>\n<p style=\"font-weight: 400; text-align: justify;\">El l\u00edder comunal y pol\u00edtico, pidi\u00f3 el apoyo de sus paisanos no solo para su candidato sino en general para la consulta que busca que el pueblo aguazule\u00f1o cuente con representatividad en la Duma para concretar obras sociales y de infraestructura para esta poblaci\u00f3n.<\/p>\n<p style=\"font-weight: 400; text-align: justify;\">Cuestion\u00f3 que los dos \u00faltimos gobernadores, que han salido de Aguazul, llevaron grandes inversiones a municipios del norte de Casanare, pero para su pueblo, muy pocas. Por ello es necesario contar con diputados de Aguazul en la Duma, para que se prioricen y se aprueben las iniciativas de beneficio para esta tierra, aclarando que es en la Asamblea donde se autorizan las inversiones. Y si hay varios diputados de Aguazul se lograr\u00e1n m\u00e1s recursos.<\/p>\n<p style=\"font-weight: 400; text-align: justify;\">Recalc\u00f3 que son cerca de 30 mil votos con los que cuenta esta poblaci\u00f3n del centro de Casanare y ello posibilita que se logren elegir al menos 3 diputados si todos los aguazule\u00f1os apoyan la lista que se elija en la consulta.<\/p>\n<h2>Otras noticias&#8230;<\/h2>\n<blockquote class=\"wp-embedded-content\" data-secret=\"hlgUmX8sCk\"><p><a href=\"https:\/\/marthacifuentes.com\/portada\/2023\/04\/21\/carro-compactador-y-unidades-sanitarias-entrego-parex-a-poblacion-y-estudiantes-de-villanueva\/\">Carro compactador y unidades sanitarias, entreg\u00f3 Parex a poblaci\u00f3n y estudiantes de Villanueva<\/a><\/p><\/blockquote>\n<p><iframe loading=\"lazy\" class=\"wp-embedded-content\" sandbox=\"allow-scripts\" security=\"restricted\" style=\"position: absolute; clip: rect(1px, 1px, 1px, 1px);\" title=\"\u00abCarro compactador y unidades sanitarias, entreg\u00f3 Parex a poblaci\u00f3n y estudiantes de Villanueva\u00bb \u2014 \u25b7 Noticias de Casanare : Martha Cifuentes | Casanare\" src=\"https:\/\/marthacifuentes.com\/portada\/2023\/04\/21\/carro-compactador-y-unidades-sanitarias-entrego-parex-a-poblacion-y-estudiantes-de-villanueva\/embed\/#?secret=fUzAg46Zni#?secret=hlgUmX8sCk\" data-secret=\"hlgUmX8sCk\" width=\"500\" height=\"282\" frameborder=\"0\" marginwidth=\"0\" marginheight=\"0\" scrolling=\"no\"><\/iframe><\/p>\n<p><iframe loading=\"lazy\" class=\"wp-embedded-content\" title=\"\u00abTribunal Administrativo de Casanare ratific\u00f3 suspensi\u00f3n de millonario contrato de la PTAR de la Eaaay. \u00a0No se observ\u00f3 respaldo financiero del contratista para asumir inversi\u00f3n.\u00bb \u2014 \u25b7 Noticias de Casanare : Martha Cifuentes | Casanare\" src=\"https:\/\/marthacifuentes.com\/portada\/2023\/04\/21\/tribunal-administrativo-de-casanare-ratifico-suspension-de-millonario-contrato-de-la-ptar-de-la-eaaay-no-se-observo-respaldo-financiero-del-contratista-para-asumir-inversion\/embed\/#?secret=cU4iQA0JeW#?secret=GeH2JDg5n3\" width=\"600\" height=\"679\" frameborder=\"0\" marginwidth=\"0\" marginheight=\"0\" scrolling=\"no\" sandbox=\"allow-scripts\" data-secret=\"GeH2JDg5n3\" data-mce-fragment=\"1\"><\/iframe><\/p>\n<p><iframe loading=\"lazy\" class=\"wp-embedded-content\" title=\"\u00abContrato de la PTAR celebrado por la Eaaay, cada vez m\u00e1s podrido. En video se relaciona coimas para el alcalde de Yopal, el parlamentario Hugo Archila y el gerente de Eaaay, entre otros.\u00bb \u2014 \u25b7 Noticias de Casanare : Martha Cifuentes | Casanare\" src=\"https:\/\/marthacifuentes.com\/portada\/2023\/02\/23\/contrato-de-la-ptar-celebrado-por-la-eaaay-cada-vez-mas-podrido-en-video-se-relaciona-coimas-para-el-alcalde-de-yopal-el-parlamentario-hugo-archila-y-el-gerente-de-eaaay-entre-otros\/embed\/#?secret=63fSurdHqo#?secret=arn0r38I82\" width=\"600\" height=\"643\" frameborder=\"0\" marginwidth=\"0\" marginheight=\"0\" scrolling=\"no\" sandbox=\"allow-scripts\" data-secret=\"arn0r38I82\" data-mce-fragment=\"1\"><\/iframe><\/p>\n<p><iframe loading=\"lazy\" class=\"wp-embedded-content\" title=\"\u00abJuzgado que suspendi\u00f3 contrato de la PTAR de la Eaaay, trunc\u00f3 \u00aboportunidad de negocio\u00bb del alcalde de Yopal y del gerente\u00bb \u2014 \u25b7 Noticias de Casanare : Martha Cifuentes | Casanare\" src=\"https:\/\/marthacifuentes.com\/portada\/2022\/10\/28\/juzgado-que-suspendio-contrato-de-la-ptar-de-la-eaaay-trunco-oportunidad-de-negocio-del-alcalde-de-yopal-y-del-gerente\/embed\/#?secret=uF4o1CJBew#?secret=Kl3ZO40r0j\" width=\"600\" height=\"650\" frameborder=\"0\" marginwidth=\"0\" marginheight=\"0\" scrolling=\"no\" sandbox=\"allow-scripts\" data-secret=\"Kl3ZO40r0j\" data-mce-fragment=\"1\"><\/iframe><\/p>\n<p>&nbsp;<\/p>\n<p>&nbsp;<\/p>\n<h2>Otras noticias\u2026<\/h2>\n<p><iframe loading=\"lazy\" class=\"wp-embedded-content\" title=\"\u00abVeolia y Elabe presentan la primera encuesta mundial de opini\u00f3n sobre la transformaci\u00f3n ecol\u00f3gica\u00bb \u2014 \u25b7 Noticias de Casanare : Martha Cifuentes | Casanare\" src=\"https:\/\/marthacifuentes.com\/portada\/2023\/04\/20\/31474\/embed\/#?secret=ycswEpBM50#?secret=5E4zClIEzG\" width=\"600\" height=\"621\" frameborder=\"0\" marginwidth=\"0\" marginheight=\"0\" scrolling=\"no\" sandbox=\"allow-scripts\" data-secret=\"5E4zClIEzG\" data-mce-fragment=\"1\"><\/iframe><\/p>\n<p><iframe loading=\"lazy\" class=\"wp-embedded-content\" title=\"\u00abConecta &amp; Crece se realizar\u00e1 este 21 de abril en C\u00e1mara de Comercio de Casanare\u00bb \u2014 \u25b7 Noticias de Casanare : Martha Cifuentes | Casanare\" src=\"https:\/\/marthacifuentes.com\/portada\/2023\/04\/18\/conecta-crece-se-realizara-este-21-de-abril-en-camara-de-comercio-de-casanare\/embed\/#?secret=RZJ0d0HdWb#?secret=MrgzrOKkwS\" width=\"600\" height=\"600\" frameborder=\"0\" marginwidth=\"0\" marginheight=\"0\" scrolling=\"no\" sandbox=\"allow-scripts\" data-secret=\"MrgzrOKkwS\" data-mce-fragment=\"1\"><\/iframe><\/p>\n<p><iframe loading=\"lazy\" class=\"wp-embedded-content\" title=\"\u00abPolic\u00eda, responsable de asesinato de habitante de calle en CAI en Yopal, ocurrido en 2016, deber\u00e1 indemnizar a su familia.\u00bb \u2014 \u25b7 Noticias de Casanare : Martha Cifuentes | Casanare\" src=\"https:\/\/marthacifuentes.com\/portada\/2023\/04\/18\/policia-responsable-de-asesinato-de-habitante-de-calle-en-cai-en-yopal-ocurrido-en-2016-debera-indemnizar-a-su-familia\/embed\/#?secret=yM4aDROLbD#?secret=iTj1UYLXB6\" width=\"600\" height=\"629\" frameborder=\"0\" marginwidth=\"0\" marginheight=\"0\" scrolling=\"no\" sandbox=\"allow-scripts\" data-secret=\"iTj1UYLXB6\" data-mce-fragment=\"1\"><\/iframe><\/p>\n<p><iframe loading=\"lazy\" class=\"wp-embedded-content\" title=\"\u00abDos ni\u00f1as hermanas fueron halladas muertas en Aguazul.\u00bb \u2014 \u25b7 Noticias de Casanare : Martha Cifuentes | Casanare\" src=\"https:\/\/marthacifuentes.com\/portada\/2023\/04\/13\/dos-ninas-hermanas-fueron-halladas-muertas-en-aguazul\/embed\/#?secret=qJ0GteDkgk#?secret=ciBXi5g94g\" width=\"600\" height=\"621\" frameborder=\"0\" marginwidth=\"0\" marginheight=\"0\" scrolling=\"no\" sandbox=\"allow-scripts\" data-secret=\"ciBXi5g94g\" data-mce-fragment=\"1\"><\/iframe><\/p>\n<p><iframe loading=\"lazy\" class=\"wp-embedded-content\" title=\"\u00abUn adolescente muerto y un joven baleado en cercan\u00edas de Torres de San Marcos en Yopal. Presuntamente por conflicto relacionado con consumo de estupefacientes.\u00bb \u2014 \u25b7 Noticias de Casanare : Martha Cifuentes | Casanare\" src=\"https:\/\/marthacifuentes.com\/portada\/2023\/04\/12\/un-adolescente-muerto-y-un-joven-baleado-en-cercanias-de-torres-de-san-marcos-en-yopal-presuntamente-por-conflicto-relacionado-con-consumo-de-estupefacientes\/embed\/#?secret=TFzssRJG3k#?secret=KhxoIJU1uw\" width=\"600\" height=\"633\" frameborder=\"0\" marginwidth=\"0\" marginheight=\"0\" scrolling=\"no\" sandbox=\"allow-scripts\" data-secret=\"KhxoIJU1uw\" data-mce-fragment=\"1\"><\/iframe><\/p>\n<p><iframe loading=\"lazy\" class=\"wp-embedded-content\" title=\"\u00abSe va del Inv\u00edas Territorial Casanare, Arcenio Sandoval. Gobierno lo desvincul\u00f3 del cargo.\u00bb \u2014 \u25b7 Noticias de Casanare : Martha Cifuentes | Casanare\" src=\"https:\/\/marthacifuentes.com\/portada\/2023\/04\/11\/se-va-del-invias-territorial-casanare-arcenio-sandoval-gobierno-lo-desvinculo-del-cargo\/embed\/#?secret=9nJwQLZDX8#?secret=yLL4gx66Tz\" width=\"600\" height=\"600\" frameborder=\"0\" marginwidth=\"0\" marginheight=\"0\" scrolling=\"no\" sandbox=\"allow-scripts\" data-secret=\"yLL4gx66Tz\" data-mce-fragment=\"1\"><\/iframe><\/p>\n<p><iframe loading=\"lazy\" class=\"wp-embedded-content\" title=\"\u00abLos ricos tambi\u00e9n lloran. Tribunal de Casanare niega a Asobancaria medida cautelar que suspend\u00eda aumento de tarifa de ICA a sector financiero en Yopal\u00bb \u2014 \u25b7 Noticias de Casanare : Martha Cifuentes | Casanare\" src=\"https:\/\/marthacifuentes.com\/portada\/2023\/04\/04\/los-ricos-tambien-lloran-tribunal-de-casanare-niega-a-asobancaria-medida-cautelar-que-suspendia-aumento-de-tarifa-de-ica-a-sector-financiero-en-yopal\/embed\/#?secret=44GKlxmxji#?secret=pQi4bmWFfR\" width=\"600\" height=\"650\" frameborder=\"0\" marginwidth=\"0\" marginheight=\"0\" scrolling=\"no\" sandbox=\"allow-scripts\" data-secret=\"pQi4bmWFfR\" data-mce-fragment=\"1\"><\/iframe><\/p>\n<p><iframe loading=\"lazy\" class=\"wp-embedded-content\" title=\"\u00abOtras 3 muertes en accidentes de tr\u00e1nsito en Yopal. En menos de dos d\u00edas, 6 muertos.\u00bb \u2014 \u25b7 Noticias de Casanare : Martha Cifuentes | Casanare\" src=\"https:\/\/marthacifuentes.com\/portada\/2023\/04\/04\/otras-3-muertes-en-accidentes-de-transito-en-yopal-en-menos-de-dos-dias-6-muertos\/embed\/#?secret=uBk2zVhOes#?secret=HPPYNudfZc\" width=\"600\" height=\"600\" frameborder=\"0\" marginwidth=\"0\" marginheight=\"0\" scrolling=\"no\" sandbox=\"allow-scripts\" data-secret=\"HPPYNudfZc\" data-mce-fragment=\"1\"><\/iframe><\/p>\n<p><iframe loading=\"lazy\" class=\"wp-embedded-content\" title=\"\u00abConflicto laboral y social entre comunidad y Ecopetrol en El Morro por contrataci\u00f3n de personal de vigilancia\u00bb \u2014 \u25b7 Noticias de Casanare : Martha Cifuentes | Casanare\" src=\"https:\/\/marthacifuentes.com\/portada\/2023\/04\/04\/conflicto-laboral-y-social-entre-comunidad-y-ecopetrol-en-el-morro-por-contratacion-de-personal-de-vigilancia\/embed\/#?secret=nK7BEpBECv#?secret=PxHa72TotW\" width=\"600\" height=\"621\" frameborder=\"0\" marginwidth=\"0\" marginheight=\"0\" scrolling=\"no\" sandbox=\"allow-scripts\" data-secret=\"PxHa72TotW\" data-mce-fragment=\"1\"><\/iframe><\/p>\n<p><iframe loading=\"lazy\" class=\"wp-embedded-content\" title=\"\u00abEcopetrol deber\u00e1 compensar, \u201csin taca\u00f1ez\u201d, da\u00f1os ambientales en Cupiagua para renovar permiso de emisiones, seg\u00fan orden de Tribunal y Corporinoquia.\u00bb \u2014 \u25b7 Noticias de Casanare : Martha Cifuentes | Casanare\" src=\"https:\/\/marthacifuentes.com\/portada\/2023\/04\/04\/ecopetrol-debera-compensar-sin-tacanez-danos-ambientales-en-cupiagua-para-renovar-permiso-de-emisiones-segun-orden-de-tribunal-y-corporinoquia\/embed\/#?secret=svPi7yJopD#?secret=ewA4iA0aOr\" width=\"600\" height=\"650\" frameborder=\"0\" marginwidth=\"0\" marginheight=\"0\" scrolling=\"no\" sandbox=\"allow-scripts\" data-secret=\"ewA4iA0aOr\" data-mce-fragment=\"1\"><\/iframe><\/p>\n<p><iframe loading=\"lazy\" class=\"wp-embedded-content\" title=\"\u00abEn pleno proceso de inscripci\u00f3n para programas de vivienda en Yopal, renunci\u00f3 la gerente de Indev.\u00bb \u2014 \u25b7 Noticias de Casanare : Martha Cifuentes | Casanare\" src=\"https:\/\/marthacifuentes.com\/portada\/2023\/03\/29\/en-pleno-proceso-de-inscripcion-para-programas-de-vivienda-en-yopal-renuncio-la-gerente-de-indev\/embed\/#?secret=HME2EHxoC8#?secret=m0eSyxG4sH\" width=\"600\" height=\"621\" frameborder=\"0\" marginwidth=\"0\" marginheight=\"0\" scrolling=\"no\" sandbox=\"allow-scripts\" data-secret=\"m0eSyxG4sH\" data-mce-fragment=\"1\"><\/iframe><\/p>\n<p><iframe loading=\"lazy\" class=\"wp-embedded-content\" title=\"\u00abPor atentados contra el Oleoducto Ca\u00f1o Lim\u00f3n-Cove\u00f1as Ecopetrol suspende entregas de gas de campo Gibraltar\u00bb \u2014 \u25b7 Noticias de Casanare : Martha Cifuentes | Casanare\" src=\"https:\/\/marthacifuentes.com\/portada\/2023\/03\/29\/por-atentados-contra-el-oleoducto-cano-limon-covenas-ecopetrol-suspende-entregas-de-gas-de-campo-gibraltar\/embed\/#?secret=ZjW7by4MAY#?secret=M3ZJAW4LMw\" width=\"600\" height=\"650\" frameborder=\"0\" marginwidth=\"0\" marginheight=\"0\" scrolling=\"no\" sandbox=\"allow-scripts\" data-secret=\"M3ZJAW4LMw\" data-mce-fragment=\"1\"><\/iframe><\/p>\n<p><iframe loading=\"lazy\" class=\"wp-embedded-content\" title=\"\u00abCon construcci\u00f3n de planta de biomasa en Villanueva, Casanare, EDF Colombia y Refocosta dieron primer paso en transici\u00f3n energ\u00e9tica\u00bb \u2014 \u25b7 Noticias de Casanare : Martha Cifuentes | Casanare\" src=\"https:\/\/marthacifuentes.com\/portada\/2023\/03\/29\/con-construccion-de-planta-de-biomasa-en-villanueva-casanare-edf-colombia-y-refocosta-dieron-primer-paso-en-transicion-energetica\/embed\/#?secret=p5J7kXGQy6#?secret=23SsBXnTNW\" width=\"600\" height=\"650\" frameborder=\"0\" marginwidth=\"0\" marginheight=\"0\" scrolling=\"no\" sandbox=\"allow-scripts\" data-secret=\"23SsBXnTNW\" data-mce-fragment=\"1\"><\/iframe><\/p>\n<p><iframe loading=\"lazy\" class=\"wp-embedded-content\" title=\"\u00abAtenci\u00f3n que este fin de semana habr\u00e1 restricci\u00f3n de gas domiciliario y vehicular en Yopal\u00bb \u2014 \u25b7 Noticias de Casanare : Martha Cifuentes | Casanare\" src=\"https:\/\/marthacifuentes.com\/portada\/2023\/03\/29\/atencion-que-este-fin-de-semana-habra-restriccion-de-gas-domiciliario-y-vehicular-en-yopal\/embed\/#?secret=TczeHRRVoM#?secret=1yXI0osHXI\" width=\"600\" height=\"569\" frameborder=\"0\" marginwidth=\"0\" marginheight=\"0\" scrolling=\"no\" sandbox=\"allow-scripts\" data-secret=\"1yXI0osHXI\" data-mce-fragment=\"1\"><\/iframe><\/p>\n<p><iframe loading=\"lazy\" class=\"wp-embedded-content\" title=\"\u00abPrograma \u201cCaminos Comunitarios para la Paz Total\u201d llega a Casanare.\u00bb \u2014 \u25b7 Noticias de Casanare : Martha Cifuentes | Casanare\" src=\"https:\/\/marthacifuentes.com\/portada\/2023\/03\/28\/programa-caminos-comunitarios-para-la-paz-total-llega-a-casanare\/embed\/#?secret=0bsf4NvoZH#?secret=IzpTKkEZk0\" width=\"600\" height=\"564\" frameborder=\"0\" marginwidth=\"0\" marginheight=\"0\" scrolling=\"no\" sandbox=\"allow-scripts\" data-secret=\"IzpTKkEZk0\" data-mce-fragment=\"1\"><\/iframe><\/p>\n<p><iframe loading=\"lazy\" class=\"wp-embedded-content\" title=\"\u00abCapturado un ped\u00f3filo en Man\u00ed acusado de acceso carnal abusivo\u00bb \u2014 \u25b7 Noticias de Casanare : Martha Cifuentes | Casanare\" src=\"https:\/\/marthacifuentes.com\/portada\/2023\/03\/28\/capturado-un-pedofilo-en-mani-acusado-de-acceso-carnal-abusivo\/embed\/#?secret=O42OVn9xi1#?secret=IGaM7b9EIV\" width=\"600\" height=\"596\" frameborder=\"0\" marginwidth=\"0\" marginheight=\"0\" scrolling=\"no\" sandbox=\"allow-scripts\" data-secret=\"IGaM7b9EIV\" data-mce-fragment=\"1\"><\/iframe><\/p>\n<p><iframe loading=\"lazy\" class=\"wp-embedded-content\" title=\"\u00ab\u201cMafe\u2019s Gourmet fusiona sabores y colores para hacer felices a los clientes\u201d: Diana Bautista, empresaria casanare\u00f1a.\u00bb \u2014 \u25b7 Noticias de Casanare : Martha Cifuentes | Casanare\" src=\"https:\/\/marthacifuentes.com\/portada\/2023\/03\/28\/mafes-gourmet-fusiona-sabores-y-colores-para-hacer-felices-a-los-clientes-diana-bautista-empresaria-casanarena\/embed\/#?secret=oTKSI6XVyl#?secret=Il9UyfUqrm\" width=\"600\" height=\"650\" frameborder=\"0\" marginwidth=\"0\" marginheight=\"0\" scrolling=\"no\" sandbox=\"allow-scripts\" data-secret=\"Il9UyfUqrm\" data-mce-fragment=\"1\"><\/iframe><\/p>\n<p><iframe loading=\"lazy\" class=\"wp-embedded-content\" title=\"\u00abRestaurante Sebiche en Yopal, \u00abLo que comes aqu\u00ed, lo comes en Lima, Per\u00fa\u201d\u00bb \u2014 \u25b7 Noticias de Casanare : Martha Cifuentes | Casanare\" src=\"https:\/\/marthacifuentes.com\/portada\/2023\/03\/27\/restaurante-sebiche-en-yopal-lo-que-comes-aqui-lo-comes-en-lima-peru\/embed\/#?secret=iOhBdkL0xe#?secret=bCoUUiiOIQ\" width=\"600\" height=\"600\" frameborder=\"0\" marginwidth=\"0\" marginheight=\"0\" scrolling=\"no\" sandbox=\"allow-scripts\" data-secret=\"bCoUUiiOIQ\" data-mce-fragment=\"1\"><\/iframe><\/p>\n<p><iframe loading=\"lazy\" class=\"wp-embedded-content\" title=\"\u00abT&amp;B Services, gran opci\u00f3n de servicios y suministros empresariales en Casanare\u00bb \u2014 \u25b7 Noticias de Casanare : Martha Cifuentes | Casanare\" src=\"https:\/\/marthacifuentes.com\/portada\/2023\/03\/25\/tb-services-gran-opcion-de-servicios-y-suministros-empresariales-en-casanare\/embed\/#?secret=5MSwUpVlAe#?secret=fnGFbMIUiW\" width=\"600\" height=\"587\" frameborder=\"0\" marginwidth=\"0\" marginheight=\"0\" scrolling=\"no\" sandbox=\"allow-scripts\" data-secret=\"fnGFbMIUiW\" data-mce-fragment=\"1\"><\/iframe><\/p>\n<p><iframe loading=\"lazy\" class=\"wp-embedded-content\" title=\"\u00abEaaay, modelo de corrupci\u00f3n y asalto en servicios p\u00fablicos en Yopal. Superintendente se despach\u00f3 contra esta y el alcalde.\u00bb \u2014 \u25b7 Noticias de Casanare : Martha Cifuentes | Casanare\" src=\"https:\/\/marthacifuentes.com\/portada\/2023\/03\/22\/eaaay-modelo-de-corrupcion-y-asalto-en-servicios-publicos-en-yopal-superintendente-se-despacho-contra-esta-y-el-alcalde\/embed\/#?secret=pKDTk22wJ9#?secret=yJqh1Kmerv\" width=\"600\" height=\"649\" frameborder=\"0\" marginwidth=\"0\" marginheight=\"0\" scrolling=\"no\" sandbox=\"allow-scripts\" data-secret=\"yJqh1Kmerv\" data-mce-fragment=\"1\"><\/iframe><\/p>\n<p><iframe loading=\"lazy\" class=\"wp-embedded-content\" title=\"\u00abGuillermo Velandia Granados, realiz\u00f3 el lanzamiento del movimiento FIRME POR EL CAMBIO, para ser Gobernador de Casanare.\u00bb \u2014 \u25b7 Noticias de Casanare : Martha Cifuentes | Casanare\" src=\"https:\/\/marthacifuentes.com\/portada\/2023\/03\/22\/guillermo-velandia-granados-realizo-el-lanzamiento-del-movimiento-firme-por-el-cambio-para-ser-gobernador-de-casanare\/embed\/#?secret=k4RRLgmc4k#?secret=KueKZTO8fs\" width=\"600\" height=\"650\" frameborder=\"0\" marginwidth=\"0\" marginheight=\"0\" scrolling=\"no\" sandbox=\"allow-scripts\" data-secret=\"KueKZTO8fs\" data-mce-fragment=\"1\"><\/iframe><\/p>\n<p><iframe loading=\"lazy\" class=\"wp-embedded-content\" title=\"\u00abProyecto de producci\u00f3n de forraje de ganaderos de Casanare, blanco de veedur\u00edas politizadas.\u00bb \u2014 \u25b7 Noticias de Casanare : Martha Cifuentes | Casanare\" src=\"https:\/\/marthacifuentes.com\/portada\/2023\/03\/21\/proyecto-de-produccion-de-forraje-de-ganaderos-de-casanare-blanco-de-veedurias-politizadas\/embed\/#?secret=zPLF2mpfON#?secret=LFsF5xuqLt\" width=\"600\" height=\"621\" frameborder=\"0\" marginwidth=\"0\" marginheight=\"0\" scrolling=\"no\" sandbox=\"allow-scripts\" data-secret=\"LFsF5xuqLt\" data-mce-fragment=\"1\"><\/iframe><\/p>\n<p><iframe loading=\"lazy\" class=\"wp-embedded-content\" title=\"\u00abAl defender a su familia de un atraco, hombre result\u00f3 herido y un maleante, alias \u201cel barbero\u201d, muerto, en finca en Yopal.\u00bb \u2014 \u25b7 Noticias de Casanare : Martha Cifuentes | Casanare\" src=\"https:\/\/marthacifuentes.com\/portada\/2023\/03\/18\/al-defender-a-su-familia-de-un-atraco-hombre-resulto-herido-y-un-maleante-alias-el-barbero-muerto-en-finca-en-yopal\/embed\/#?secret=SHKHNBHfU0#?secret=ke2KS2mOlu\" width=\"600\" height=\"601\" frameborder=\"0\" marginwidth=\"0\" marginheight=\"0\" scrolling=\"no\" sandbox=\"allow-scripts\" data-secret=\"ke2KS2mOlu\" data-mce-fragment=\"1\"><\/iframe><\/p>\n<p><iframe loading=\"lazy\" class=\"wp-embedded-content\" title=\"\u00abSindicato de Eaaay rechaz\u00f3 que alcalde de Yopal culpara a los trabajadores de crisis de la empresa. Se cuestion\u00f3 al gerente\u00bb \u2014 \u25b7 Noticias de Casanare : Martha Cifuentes | Casanare\" src=\"https:\/\/marthacifuentes.com\/portada\/2023\/03\/17\/sindicato-de-eaaay-rechazo-que-alcalde-de-yopal-culpara-a-los-trabajadores-de-crisis-de-la-empresa-se-cuestiono-al-gerente\/embed\/#?secret=ND7dRooAbH#?secret=qaxWdcmhov\" width=\"600\" height=\"615\" frameborder=\"0\" marginwidth=\"0\" marginheight=\"0\" scrolling=\"no\" sandbox=\"allow-scripts\" data-secret=\"qaxWdcmhov\" data-mce-fragment=\"1\"><\/iframe><\/p>\n<p><iframe loading=\"lazy\" class=\"wp-embedded-content\" title=\"\u00abAlcalde de Yopal culp\u00f3 a trabajadores de crisis de Eaaay y rega\u00f1\u00f3 a su gerente por negligencia\u00bb \u2014 \u25b7 Noticias de Casanare : Martha Cifuentes | Casanare\" src=\"https:\/\/marthacifuentes.com\/portada\/2023\/03\/17\/alcalde-de-yopal-culpo-a-trabajadores-de-crisis-de-eaaay-y-regano-a-su-gerente-por-negligencia\/embed\/#?secret=pQSOgIrmPy#?secret=9nSZAysBcu\" width=\"600\" height=\"621\" frameborder=\"0\" marginwidth=\"0\" marginheight=\"0\" scrolling=\"no\" sandbox=\"allow-scripts\" data-secret=\"9nSZAysBcu\" data-mce-fragment=\"1\"><\/iframe><\/p>\n<p><iframe loading=\"lazy\" class=\"wp-embedded-content\" title=\"\u00abAsistir IPS, 27 a\u00f1os liderando la salud y la seguridad en el trabajo en Casanare\u00bb \u2014 \u25b7 Noticias de Casanare : Martha Cifuentes | Casanare\" src=\"https:\/\/marthacifuentes.com\/portada\/2023\/03\/16\/asistir-ips-27-anos-liderando-la-salud-y-la-seguridad-en-el-trabajo-en-casanare\/embed\/#?secret=A5GRUGGdqO#?secret=RSH9hHPcXB\" width=\"600\" height=\"565\" frameborder=\"0\" marginwidth=\"0\" marginheight=\"0\" scrolling=\"no\" sandbox=\"allow-scripts\" data-secret=\"RSH9hHPcXB\" data-mce-fragment=\"1\"><\/iframe><\/p>\n<p><iframe loading=\"lazy\" class=\"wp-embedded-content\" title=\"\u00abGerente Eaaay dice que fue voluntariamente a la Fiscal\u00eda y est\u00e1 dispuesto a colaborar con la justicia.\u00bb \u2014 \u25b7 Noticias de Casanare : Martha Cifuentes | Casanare\" src=\"https:\/\/marthacifuentes.com\/portada\/2023\/03\/14\/gerente-eaaay-dice-que-fue-voluntariamente-a-la-fiscalia-y-esta-dispuesto-a-colaborar-con-la-justicia\/embed\/#?secret=3PwuETZKNy#?secret=mHzQ8zn78p\" width=\"600\" height=\"586\" frameborder=\"0\" marginwidth=\"0\" marginheight=\"0\" scrolling=\"no\" sandbox=\"allow-scripts\" data-secret=\"mHzQ8zn78p\" data-mce-fragment=\"1\"><\/iframe><\/p>\n<p><iframe loading=\"lazy\" class=\"wp-embedded-content\" title=\"\u00abEn obras v\u00eda Yopal-Villao, lo real son 3 peajes hasta Villanueva pero faltan muchas obras complementarias: Comit\u00e9 Veedor\u00bb \u2014 \u25b7 Noticias de Casanare : Martha Cifuentes | Casanare\" src=\"https:\/\/marthacifuentes.com\/portada\/2023\/03\/14\/en-obras-via-yopal-villao-lo-real-son-3-peajes-hasta-villanueva-pero-faltan-muchas-obras-complementarias-comite-veedor\/embed\/#?secret=Whm0hrtnq6#?secret=AfbfVsmzMt\" width=\"600\" height=\"629\" frameborder=\"0\" marginwidth=\"0\" marginheight=\"0\" scrolling=\"no\" sandbox=\"allow-scripts\" data-secret=\"AfbfVsmzMt\" data-mce-fragment=\"1\"><\/iframe><\/p>\n<p><iframe loading=\"lazy\" class=\"wp-embedded-content\" title=\"\u00abExdirector del Planetario Germ\u00e1n Puerta hoy y ma\u00f1ana hablar\u00e1 de ciencia en Unitr\u00f3pico\u00bb \u2014 \u25b7 Noticias de Casanare : Martha Cifuentes | Casanare\" src=\"https:\/\/marthacifuentes.com\/portada\/2023\/03\/14\/exdirector-del-planetario-german-puerta-hoy-y-manana-hablara-de-ciencia-en-unitropico\/embed\/#?secret=B4KzlvqvPA#?secret=Bcyx3PZYHI\" width=\"600\" height=\"621\" frameborder=\"0\" marginwidth=\"0\" marginheight=\"0\" scrolling=\"no\" sandbox=\"allow-scripts\" data-secret=\"Bcyx3PZYHI\" data-mce-fragment=\"1\"><\/iframe><\/p>\n<p><iframe loading=\"lazy\" class=\"wp-embedded-content\" title=\"\u00abColegio Centro Social de Yopal no se resigna a perder predio donde construir su sede\u00bb \u2014 \u25b7 Noticias de Casanare : Martha Cifuentes | Casanare\" src=\"https:\/\/marthacifuentes.com\/portada\/2023\/03\/14\/colegio-centro-social-de-yopal-no-se-resigna-a-perder-predio-donde-construir-su-sede\/embed\/#?secret=CYifwHclqj#?secret=r8mxEETCN8\" width=\"600\" height=\"599\" frameborder=\"0\" marginwidth=\"0\" marginheight=\"0\" scrolling=\"no\" sandbox=\"allow-scripts\" data-secret=\"r8mxEETCN8\" data-mce-fragment=\"1\"><\/iframe><\/p>\n<p><iframe loading=\"lazy\" class=\"wp-embedded-content\" title=\"\u00abExalcalde de Man\u00ed, Javier Montoya, se salv\u00f3 de multa de $5.274 millones. Ahora solo tendr\u00e1 que pagar 700 millones.\u00bb \u2014 \u25b7 Noticias de Casanare : Martha Cifuentes | Casanare\" src=\"https:\/\/marthacifuentes.com\/portada\/2023\/03\/14\/exalcalde-de-mani-javier-montoya-se-salvo-de-multa-de-5-274-millones-ahora-solo-tendra-que-pagar-700-millones\/embed\/#?secret=Bap1rInvFZ#?secret=434zbJ3ksT\" width=\"600\" height=\"650\" frameborder=\"0\" marginwidth=\"0\" marginheight=\"0\" scrolling=\"no\" sandbox=\"allow-scripts\" data-secret=\"434zbJ3ksT\" data-mce-fragment=\"1\"><\/iframe><\/p>\n<p><iframe loading=\"lazy\" class=\"wp-embedded-content\" title=\"\u00abAlcald\u00eda de San Luis de Palenque investigada por no girar recursos a cuerpo de bomberos\u00bb \u2014 \u25b7 Noticias de Casanare : Martha Cifuentes | Casanare\" src=\"https:\/\/marthacifuentes.com\/portada\/2023\/03\/13\/alcaldia-de-san-luis-de-palenque-investigada-por-no-girar-recursos-a-cuerpo-de-bomberos\/embed\/#?secret=BrvnuxpBwR#?secret=l1k0CfJftv\" width=\"600\" height=\"621\" frameborder=\"0\" marginwidth=\"0\" marginheight=\"0\" scrolling=\"no\" sandbox=\"allow-scripts\" data-secret=\"l1k0CfJftv\" data-mce-fragment=\"1\"><\/iframe><\/p>\n<article id=\"the-post\" class=\"container-wrapper post-content tie-standard\">\n<div class=\"entry-content entry clearfix\">\n<p><iframe loading=\"lazy\" class=\"wp-embedded-content\" title=\"\u00abProcuradur\u00eda le \u00abrespira en la nuca\u00bb a gerente de Eaaay. Pidi\u00f3 informaci\u00f3n puntual del contrato de PTAR y de \u00e9l.\u00bb \u2014 \u25b7 Noticias de Casanare : Martha Cifuentes | Casanare\" src=\"https:\/\/marthacifuentes.com\/portada\/2023\/03\/13\/procuraduria-le-respira-en-la-nuca-a-gerente-de-eaaay-pidio-informacion-puntual-del-contrato-de-ptar-y-de-el\/embed\/#?secret=cfLD05XB9D#?secret=oGDJ3cKYjI\" width=\"600\" height=\"615\" frameborder=\"0\" marginwidth=\"0\" marginheight=\"0\" scrolling=\"no\" sandbox=\"allow-scripts\" data-secret=\"oGDJ3cKYjI\" data-mce-fragment=\"1\"><\/iframe><\/p>\n<p><iframe loading=\"lazy\" class=\"wp-embedded-content\" title=\"\u00abProcuradur\u00eda tambi\u00e9n pide suspensi\u00f3n de contrato de aprovechamiento de basuras entre Eaaay y SSYAM por $15 mil millones\u00bb \u2014 \u25b7 Noticias de Casanare : Martha Cifuentes | Casanare\" src=\"https:\/\/marthacifuentes.com\/portada\/2023\/03\/13\/procuraduria-tambien-pide-suspension-de-contrato-de-aprovechamiento-de-basuras-entre-eaaay-y-ssyam-por-15-mil-millones\/embed\/#?secret=BlNZe2NaX7#?secret=cDzUiPyL86\" width=\"600\" height=\"615\" frameborder=\"0\" marginwidth=\"0\" marginheight=\"0\" scrolling=\"no\" sandbox=\"allow-scripts\" data-secret=\"cDzUiPyL86\" data-mce-fragment=\"1\"><\/iframe><\/p>\n<p><iframe loading=\"lazy\" class=\"wp-embedded-content\" title=\"\u00abHugo Archila tambi\u00e9n evadi\u00f3 responder sobre video de coimas de contrato de la Eaaay, donde lo mencionan\u00bb \u2014 \u25b7 Noticias de Casanare : Martha Cifuentes | Casanare\" src=\"https:\/\/marthacifuentes.com\/portada\/2023\/03\/10\/hugo-archila-tambien-evadio-responder-sobre-video-de-coimas-de-contrato-de-la-eaaay-donde-lo-mencionan\/embed\/#?secret=UuK7fqQYon#?secret=QkVYwmMIj6\" width=\"600\" height=\"650\" frameborder=\"0\" marginwidth=\"0\" marginheight=\"0\" scrolling=\"no\" sandbox=\"allow-scripts\" data-secret=\"QkVYwmMIj6\" data-mce-fragment=\"1\"><\/iframe><\/p>\n<p><iframe loading=\"lazy\" class=\"wp-embedded-content\" title=\"\u00abEcopetrol entrega 5.926 paquetes escolares para estudiantes y docentes en Casanare\u00bb \u2014 \u25b7 Noticias de Casanare : Martha Cifuentes | Casanare\" src=\"https:\/\/marthacifuentes.com\/portada\/2023\/03\/10\/ecopetrol-entrega-5-926-paquetes-escolares-para-estudiantes-y-docentes-en-casanare\/embed\/#?secret=GKEIvX5PdB#?secret=jQLouYqxLD\" width=\"600\" height=\"621\" frameborder=\"0\" marginwidth=\"0\" marginheight=\"0\" scrolling=\"no\" sandbox=\"allow-scripts\" data-secret=\"jQLouYqxLD\" data-mce-fragment=\"1\"><\/iframe><\/p>\n<p><iframe loading=\"lazy\" class=\"wp-embedded-content\" title=\"\u00abProcuradur\u00eda volvi\u00f3 a rega\u00f1ar a la Alcald\u00eda de Yopal por incumplir con el PAE.\u00bb \u2014 \u25b7 Noticias de Casanare : Martha Cifuentes | Casanare\" src=\"https:\/\/marthacifuentes.com\/portada\/2023\/03\/10\/procuraduria-volvio-a-reganar-a-la-alcaldia-de-yopal-por-incumplir-con-el-pae\/embed\/#?secret=BVrCXpfMMa#?secret=4okTQsa6oM\" width=\"600\" height=\"621\" frameborder=\"0\" marginwidth=\"0\" marginheight=\"0\" scrolling=\"no\" sandbox=\"allow-scripts\" data-secret=\"4okTQsa6oM\" data-mce-fragment=\"1\"><\/iframe><\/p>\n<p><iframe loading=\"lazy\" class=\"wp-embedded-content\" title=\"\u00abAtenci\u00f3n familias. Capturado presunto abogado ped\u00f3filo en Yopal.\u00bb \u2014 \u25b7 Noticias de Casanare : Martha Cifuentes | Casanare\" src=\"https:\/\/marthacifuentes.com\/portada\/2023\/03\/10\/atencion-familias-capturado-presunto-abogado-pedofilo-en-yopal\/embed\/#?secret=wlN55IwmNR#?secret=lLsXdUgmkn\" width=\"600\" height=\"600\" frameborder=\"0\" marginwidth=\"0\" marginheight=\"0\" scrolling=\"no\" sandbox=\"allow-scripts\" data-secret=\"lLsXdUgmkn\" data-mce-fragment=\"1\"><\/iframe><\/p>\n<p><iframe loading=\"lazy\" class=\"wp-embedded-content\" title=\"\u00abGerente de Eaaay a comparecer ante la Fiscal\u00eda, en relaci\u00f3n a contrato de PTAR por U$70 millones. Se investiga posible corrupci\u00f3n\u00bb \u2014 \u25b7 Noticias de Casanare : Martha Cifuentes | Casanare\" src=\"https:\/\/marthacifuentes.com\/portada\/2023\/03\/10\/gerente-de-eaaay-a-comparecer-ante-la-fiscalia-en-relacion-a-contrato-de-ptar-por-u70-millones-se-investiga-posible-corrupcion\/embed\/#?secret=ijeuLwiR7p#?secret=iRHYgzw4FF\" width=\"600\" height=\"629\" frameborder=\"0\" marginwidth=\"0\" marginheight=\"0\" scrolling=\"no\" sandbox=\"allow-scripts\" data-secret=\"iRHYgzw4FF\" data-mce-fragment=\"1\"><\/iframe><\/p>\n<p><iframe loading=\"lazy\" class=\"wp-embedded-content\" title=\"\u00abFincas de Casanare apetecidas por corruptos contratistas encargados de la descontaminaci\u00f3n del r\u00edo Bogot\u00e1\u00bb \u2014 \u25b7 Noticias de Casanare : Martha Cifuentes | Casanare\" src=\"https:\/\/marthacifuentes.com\/portada\/2023\/03\/07\/fincas-de-casanare-apetecidas-por-corruptos-contratistas-encargados-de-la-descontaminacion-del-rio-bogota\/embed\/#?secret=ndo0wZsZAh#?secret=5rHMfFumRe\" width=\"600\" height=\"648\" frameborder=\"0\" marginwidth=\"0\" marginheight=\"0\" scrolling=\"no\" sandbox=\"allow-scripts\" data-secret=\"5rHMfFumRe\" data-mce-fragment=\"1\"><\/iframe><\/p>\n<\/div>\n<\/article>\n","protected":false},"excerpt":{"rendered":"<p>El exdiputado de Casanare, exconcejal de Aguazul y actualmente presidente de Asojuntas del corregimiento de Cupiagua Wilmar Cuevas, manifest\u00f3 su apoyo a Elirio Cruz, aspirante en la consulta popular que realizar\u00e1 este municipio para definir candidatos a la Asamblea Departamental de Casanare por este municipio. El l\u00edder comunal y pol\u00edtico, pidi\u00f3 el apoyo de sus &hellip;<\/p>\n","protected":false},"author":2,"featured_media":31497,"comment_status":"open","ping_status":"open","sticky":false,"template":"","format":"standard","meta":{"om_disable_all_campaigns":false,"_exactmetrics_skip_tracking":false,"_exactmetrics_sitenote_active":false,"_exactmetrics_sitenote_note":"","_exactmetrics_sitenote_category":0,"_monsterinsights_skip_tracking":false,"_monsterinsights_sitenote_active":false,"_monsterinsights_sitenote_note":"","_monsterinsights_sitenote_category":0,"_uf_show_specific_survey":0,"_uf_disable_surveys":false,"_joinchat":[],"footnotes":""},"categories":[147,146,145],"tags":[219,9126,1373,9125,1400,1421,9124,1376],"class_list":["post-31496","post","type-post","status-publish","format-standard","has-post-thumbnail","hentry","category-actualidad","category-noticias","category-reportajes","tag-aguazul","tag-asamblea-departamental-de-casanare","tag-casanare-noticias","tag-elirio-cruz","tag-noticias-casanare","tag-noticias-yopal","tag-wilmar-cuevas","tag-yopal-noticias"],"yoast_head":"<!-- This site is optimized with the Yoast SEO plugin v26.1 - https:\/\/yoast.com\/wordpress\/plugins\/seo\/ -->\n<title>Exdiputado Wilmar Cuevas apoya a aspirante Elirio Cruz, en consulta para elegir candidatos a Asamblea por Aguazul - \u25b7 Noticias de Casanare : Martha Cifuentes | Casanare<\/title>\n<meta name=\"robots\" content=\"index, follow, max-snippet:-1, max-image-preview:large, max-video-preview:-1\" \/>\n<link rel=\"canonical\" href=\"https:\/\/marthacifuentes.com\/portada\/exdiputado-wilmar-cuevas-apoya-a-aspirante-elirio-cruz-en-consulta-para-elegir-candidatos-a-asamblea-por-aguazul\/\" \/>\n<meta property=\"og:locale\" content=\"es_ES\" \/>\n<meta property=\"og:type\" content=\"article\" \/>\n<meta property=\"og:title\" content=\"Exdiputado Wilmar Cuevas apoya a aspirante Elirio Cruz, en consulta para elegir candidatos a Asamblea por Aguazul - \u25b7 Noticias de Casanare : Martha Cifuentes | Casanare\" \/>\n<meta property=\"og:description\" content=\"El exdiputado de Casanare, exconcejal de Aguazul y actualmente presidente de Asojuntas del corregimiento de Cupiagua Wilmar Cuevas, manifest\u00f3 su apoyo a Elirio Cruz, aspirante en la consulta popular que realizar\u00e1 este municipio para definir candidatos a la Asamblea Departamental de Casanare por este municipio. El l\u00edder comunal y pol\u00edtico, pidi\u00f3 el apoyo de sus &hellip;\" \/>\n<meta property=\"og:url\" content=\"https:\/\/marthacifuentes.com\/portada\/exdiputado-wilmar-cuevas-apoya-a-aspirante-elirio-cruz-en-consulta-para-elegir-candidatos-a-asamblea-por-aguazul\/\" \/>\n<meta property=\"og:site_name\" content=\"\u25b7 Noticias de Casanare : Martha Cifuentes | Casanare\" \/>\n<meta property=\"article:published_time\" content=\"2023-04-21T17:24:02+00:00\" \/>\n<meta property=\"og:image\" content=\"https:\/\/marthacifuentes.com\/portada\/wp-content\/uploads\/2023\/04\/WILMAR-CUEVAS-ELIRIO-CRUZ-scaled.jpg\" \/>\n\t<meta property=\"og:image:width\" content=\"2560\" \/>\n\t<meta property=\"og:image:height\" content=\"1409\" \/>\n\t<meta property=\"og:image:type\" content=\"image\/jpeg\" \/>\n<meta name=\"author\" content=\"Martha Cifuentes\" \/>\n<meta name=\"twitter:card\" content=\"summary_large_image\" \/>\n<meta name=\"twitter:label1\" content=\"Escrito por\" \/>\n\t<meta name=\"twitter:data1\" content=\"Martha Cifuentes\" \/>\n\t<meta name=\"twitter:label2\" content=\"Tiempo de lectura\" \/>\n\t<meta name=\"twitter:data2\" content=\"1 minuto\" \/>\n<script type=\"application\/ld+json\" class=\"yoast-schema-graph\">{\"@context\":\"https:\/\/schema.org\",\"@graph\":[{\"@type\":\"WebPage\",\"@id\":\"https:\/\/marthacifuentes.com\/portada\/exdiputado-wilmar-cuevas-apoya-a-aspirante-elirio-cruz-en-consulta-para-elegir-candidatos-a-asamblea-por-aguazul\/\",\"url\":\"https:\/\/marthacifuentes.com\/portada\/exdiputado-wilmar-cuevas-apoya-a-aspirante-elirio-cruz-en-consulta-para-elegir-candidatos-a-asamblea-por-aguazul\/\",\"name\":\"Exdiputado Wilmar Cuevas apoya a aspirante Elirio Cruz, en consulta para elegir candidatos a Asamblea por Aguazul - \u25b7 Noticias de Casanare : Martha Cifuentes | Casanare\",\"isPartOf\":{\"@id\":\"https:\/\/marthacifuentes.com\/portada\/#website\"},\"primaryImageOfPage\":{\"@id\":\"https:\/\/marthacifuentes.com\/portada\/exdiputado-wilmar-cuevas-apoya-a-aspirante-elirio-cruz-en-consulta-para-elegir-candidatos-a-asamblea-por-aguazul\/#primaryimage\"},\"image\":{\"@id\":\"https:\/\/marthacifuentes.com\/portada\/exdiputado-wilmar-cuevas-apoya-a-aspirante-elirio-cruz-en-consulta-para-elegir-candidatos-a-asamblea-por-aguazul\/#primaryimage\"},\"thumbnailUrl\":\"https:\/\/marthacifuentes.com\/portada\/wp-content\/uploads\/2023\/04\/WILMAR-CUEVAS-ELIRIO-CRUZ-scaled.jpg\",\"datePublished\":\"2023-04-21T17:24:02+00:00\",\"author\":{\"@id\":\"https:\/\/marthacifuentes.com\/portada\/#\/schema\/person\/57f53174b991db5f90ff78d58502b714\"},\"breadcrumb\":{\"@id\":\"https:\/\/marthacifuentes.com\/portada\/exdiputado-wilmar-cuevas-apoya-a-aspirante-elirio-cruz-en-consulta-para-elegir-candidatos-a-asamblea-por-aguazul\/#breadcrumb\"},\"inLanguage\":\"es\",\"potentialAction\":[{\"@type\":\"ReadAction\",\"target\":[\"https:\/\/marthacifuentes.com\/portada\/exdiputado-wilmar-cuevas-apoya-a-aspirante-elirio-cruz-en-consulta-para-elegir-candidatos-a-asamblea-por-aguazul\/\"]}]},{\"@type\":\"ImageObject\",\"inLanguage\":\"es\",\"@id\":\"https:\/\/marthacifuentes.com\/portada\/exdiputado-wilmar-cuevas-apoya-a-aspirante-elirio-cruz-en-consulta-para-elegir-candidatos-a-asamblea-por-aguazul\/#primaryimage\",\"url\":\"https:\/\/marthacifuentes.com\/portada\/wp-content\/uploads\/2023\/04\/WILMAR-CUEVAS-ELIRIO-CRUZ-scaled.jpg\",\"contentUrl\":\"https:\/\/marthacifuentes.com\/portada\/wp-content\/uploads\/2023\/04\/WILMAR-CUEVAS-ELIRIO-CRUZ-scaled.jpg\",\"width\":2560,\"height\":1409},{\"@type\":\"BreadcrumbList\",\"@id\":\"https:\/\/marthacifuentes.com\/portada\/exdiputado-wilmar-cuevas-apoya-a-aspirante-elirio-cruz-en-consulta-para-elegir-candidatos-a-asamblea-por-aguazul\/#breadcrumb\",\"itemListElement\":[{\"@type\":\"ListItem\",\"position\":1,\"name\":\"Portada\",\"item\":\"https:\/\/marthacifuentes.com\/portada\/\"},{\"@type\":\"ListItem\",\"position\":2,\"name\":\"Exdiputado Wilmar Cuevas apoya a aspirante Elirio Cruz, en consulta para elegir candidatos a Asamblea por Aguazul\"}]},{\"@type\":\"WebSite\",\"@id\":\"https:\/\/marthacifuentes.com\/portada\/#website\",\"url\":\"https:\/\/marthacifuentes.com\/portada\/\",\"name\":\"\u25b7 Noticias de Casanare : Martha Cifuentes | Casanare\",\"description\":\"Noticias &amp; Contenidos\",\"potentialAction\":[{\"@type\":\"SearchAction\",\"target\":{\"@type\":\"EntryPoint\",\"urlTemplate\":\"https:\/\/marthacifuentes.com\/portada\/?s={search_term_string}\"},\"query-input\":{\"@type\":\"PropertyValueSpecification\",\"valueRequired\":true,\"valueName\":\"search_term_string\"}}],\"inLanguage\":\"es\"},{\"@type\":\"Person\",\"@id\":\"https:\/\/marthacifuentes.com\/portada\/#\/schema\/person\/57f53174b991db5f90ff78d58502b714\",\"name\":\"Martha Cifuentes\",\"image\":{\"@type\":\"ImageObject\",\"inLanguage\":\"es\",\"@id\":\"https:\/\/marthacifuentes.com\/portada\/#\/schema\/person\/image\/\",\"url\":\"http:\/\/marthacifuentes.com\/portada\/wp-content\/uploads\/2018\/06\/avatar_user_2_1528838701-96x96.jpg\",\"contentUrl\":\"http:\/\/marthacifuentes.com\/portada\/wp-content\/uploads\/2018\/06\/avatar_user_2_1528838701-96x96.jpg\",\"caption\":\"Martha Cifuentes\"},\"sameAs\":[\"http:\/\/www.marthacifuentes.com\"],\"url\":\"https:\/\/marthacifuentes.com\/portada\/author\/martha\/\"}]}<\/script>\n<!-- \/ Yoast SEO plugin. -->","yoast_head_json":{"title":"Exdiputado Wilmar Cuevas apoya a aspirante Elirio Cruz, en consulta para elegir candidatos a Asamblea por Aguazul - \u25b7 Noticias de Casanare : Martha Cifuentes | Casanare","robots":{"index":"index","follow":"follow","max-snippet":"max-snippet:-1","max-image-preview":"max-image-preview:large","max-video-preview":"max-video-preview:-1"},"canonical":"https:\/\/marthacifuentes.com\/portada\/exdiputado-wilmar-cuevas-apoya-a-aspirante-elirio-cruz-en-consulta-para-elegir-candidatos-a-asamblea-por-aguazul\/","og_locale":"es_ES","og_type":"article","og_title":"Exdiputado Wilmar Cuevas apoya a aspirante Elirio Cruz, en consulta para elegir candidatos a Asamblea por Aguazul - \u25b7 Noticias de Casanare : Martha Cifuentes | Casanare","og_description":"El exdiputado de Casanare, exconcejal de Aguazul y actualmente presidente de Asojuntas del corregimiento de Cupiagua Wilmar Cuevas, manifest\u00f3 su apoyo a Elirio Cruz, aspirante en la consulta popular que realizar\u00e1 este municipio para definir candidatos a la Asamblea Departamental de Casanare por este municipio. El l\u00edder comunal y pol\u00edtico, pidi\u00f3 el apoyo de sus &hellip;","og_url":"https:\/\/marthacifuentes.com\/portada\/exdiputado-wilmar-cuevas-apoya-a-aspirante-elirio-cruz-en-consulta-para-elegir-candidatos-a-asamblea-por-aguazul\/","og_site_name":"\u25b7 Noticias de Casanare : Martha Cifuentes | Casanare","article_published_time":"2023-04-21T17:24:02+00:00","og_image":[{"width":2560,"height":1409,"url":"https:\/\/marthacifuentes.com\/portada\/wp-content\/uploads\/2023\/04\/WILMAR-CUEVAS-ELIRIO-CRUZ-scaled.jpg","type":"image\/jpeg"}],"author":"Martha Cifuentes","twitter_card":"summary_large_image","twitter_misc":{"Escrito por":"Martha Cifuentes","Tiempo de lectura":"1 minuto"},"schema":{"@context":"https:\/\/schema.org","@graph":[{"@type":"WebPage","@id":"https:\/\/marthacifuentes.com\/portada\/exdiputado-wilmar-cuevas-apoya-a-aspirante-elirio-cruz-en-consulta-para-elegir-candidatos-a-asamblea-por-aguazul\/","url":"https:\/\/marthacifuentes.com\/portada\/exdiputado-wilmar-cuevas-apoya-a-aspirante-elirio-cruz-en-consulta-para-elegir-candidatos-a-asamblea-por-aguazul\/","name":"Exdiputado Wilmar Cuevas apoya a aspirante Elirio Cruz, en consulta para elegir candidatos a Asamblea por Aguazul - \u25b7 Noticias de Casanare : Martha Cifuentes | Casanare","isPartOf":{"@id":"https:\/\/marthacifuentes.com\/portada\/#website"},"primaryImageOfPage":{"@id":"https:\/\/marthacifuentes.com\/portada\/exdiputado-wilmar-cuevas-apoya-a-aspirante-elirio-cruz-en-consulta-para-elegir-candidatos-a-asamblea-por-aguazul\/#primaryimage"},"image":{"@id":"https:\/\/marthacifuentes.com\/portada\/exdiputado-wilmar-cuevas-apoya-a-aspirante-elirio-cruz-en-consulta-para-elegir-candidatos-a-asamblea-por-aguazul\/#primaryimage"},"thumbnailUrl":"https:\/\/marthacifuentes.com\/portada\/wp-content\/uploads\/2023\/04\/WILMAR-CUEVAS-ELIRIO-CRUZ-scaled.jpg","datePublished":"2023-04-21T17:24:02+00:00","author":{"@id":"https:\/\/marthacifuentes.com\/portada\/#\/schema\/person\/57f53174b991db5f90ff78d58502b714"},"breadcrumb":{"@id":"https:\/\/marthacifuentes.com\/portada\/exdiputado-wilmar-cuevas-apoya-a-aspirante-elirio-cruz-en-consulta-para-elegir-candidatos-a-asamblea-por-aguazul\/#breadcrumb"},"inLanguage":"es","potentialAction":[{"@type":"ReadAction","target":["https:\/\/marthacifuentes.com\/portada\/exdiputado-wilmar-cuevas-apoya-a-aspirante-elirio-cruz-en-consulta-para-elegir-candidatos-a-asamblea-por-aguazul\/"]}]},{"@type":"ImageObject","inLanguage":"es","@id":"https:\/\/marthacifuentes.com\/portada\/exdiputado-wilmar-cuevas-apoya-a-aspirante-elirio-cruz-en-consulta-para-elegir-candidatos-a-asamblea-por-aguazul\/#primaryimage","url":"https:\/\/marthacifuentes.com\/portada\/wp-content\/uploads\/2023\/04\/WILMAR-CUEVAS-ELIRIO-CRUZ-scaled.jpg","contentUrl":"https:\/\/marthacifuentes.com\/portada\/wp-content\/uploads\/2023\/04\/WILMAR-CUEVAS-ELIRIO-CRUZ-scaled.jpg","width":2560,"height":1409},{"@type":"BreadcrumbList","@id":"https:\/\/marthacifuentes.com\/portada\/exdiputado-wilmar-cuevas-apoya-a-aspirante-elirio-cruz-en-consulta-para-elegir-candidatos-a-asamblea-por-aguazul\/#breadcrumb","itemListElement":[{"@type":"ListItem","position":1,"name":"Portada","item":"https:\/\/marthacifuentes.com\/portada\/"},{"@type":"ListItem","position":2,"name":"Exdiputado Wilmar Cuevas apoya a aspirante Elirio Cruz, en consulta para elegir candidatos a Asamblea por Aguazul"}]},{"@type":"WebSite","@id":"https:\/\/marthacifuentes.com\/portada\/#website","url":"https:\/\/marthacifuentes.com\/portada\/","name":"\u25b7 Noticias de Casanare : Martha Cifuentes | Casanare","description":"Noticias &amp; Contenidos","potentialAction":[{"@type":"SearchAction","target":{"@type":"EntryPoint","urlTemplate":"https:\/\/marthacifuentes.com\/portada\/?s={search_term_string}"},"query-input":{"@type":"PropertyValueSpecification","valueRequired":true,"valueName":"search_term_string"}}],"inLanguage":"es"},{"@type":"Person","@id":"https:\/\/marthacifuentes.com\/portada\/#\/schema\/person\/57f53174b991db5f90ff78d58502b714","name":"Martha Cifuentes","image":{"@type":"ImageObject","inLanguage":"es","@id":"https:\/\/marthacifuentes.com\/portada\/#\/schema\/person\/image\/","url":"http:\/\/marthacifuentes.com\/portada\/wp-content\/uploads\/2018\/06\/avatar_user_2_1528838701-96x96.jpg","contentUrl":"http:\/\/marthacifuentes.com\/portada\/wp-content\/uploads\/2018\/06\/avatar_user_2_1528838701-96x96.jpg","caption":"Martha Cifuentes"},"sameAs":["http:\/\/www.marthacifuentes.com"],"url":"https:\/\/marthacifuentes.com\/portada\/author\/martha\/"}]}},"_links":{"self":[{"href":"https:\/\/marthacifuentes.com\/portada\/wp-json\/wp\/v2\/posts\/31496","targetHints":{"allow":["GET"]}}],"collection":[{"href":"https:\/\/marthacifuentes.com\/portada\/wp-json\/wp\/v2\/posts"}],"about":[{"href":"https:\/\/marthacifuentes.com\/portada\/wp-json\/wp\/v2\/types\/post"}],"author":[{"embeddable":true,"href":"https:\/\/marthacifuentes.com\/portada\/wp-json\/wp\/v2\/users\/2"}],"replies":[{"embeddable":true,"href":"https:\/\/marthacifuentes.com\/portada\/wp-json\/wp\/v2\/comments?post=31496"}],"version-history":[{"count":1,"href":"https:\/\/marthacifuentes.com\/portada\/wp-json\/wp\/v2\/posts\/31496\/revisions"}],"predecessor-version":[{"id":31498,"href":"https:\/\/marthacifuentes.com\/portada\/wp-json\/wp\/v2\/posts\/31496\/revisions\/31498"}],"wp:featuredmedia":[{"embeddable":true,"href":"https:\/\/marthacifuentes.com\/portada\/wp-json\/wp\/v2\/media\/31497"}],"wp:attachment":[{"href":"https:\/\/marthacifuentes.com\/portada\/wp-json\/wp\/v2\/media?parent=31496"}],"wp:term":[{"taxonomy":"category","embeddable":true,"href":"https:\/\/marthacifuentes.com\/portada\/wp-json\/wp\/v2\/categories?post=31496"},{"taxonomy":"post_tag","embeddable":true,"href":"https:\/\/marthacifuentes.com\/portada\/wp-json\/wp\/v2\/tags?post=31496"}],"curies":[{"name":"wp","href":"https:\/\/api.w.org\/{rel}","templated":true}]}}