{"id":31550,"date":"2023-05-18T18:53:03","date_gmt":"2023-05-18T23:53:03","guid":{"rendered":"https:\/\/marthacifuentes.com\/portada\/?p=31550"},"modified":"2023-05-18T18:53:03","modified_gmt":"2023-05-18T23:53:03","slug":"yopal-sin-servicio-de-gas-domiciliario-y-vehicular-en-la-noche-de-este-domingo-21-de-mayo","status":"publish","type":"post","link":"https:\/\/marthacifuentes.com\/portada\/yopal-sin-servicio-de-gas-domiciliario-y-vehicular-en-la-noche-de-este-domingo-21-de-mayo\/","title":{"rendered":"Yopal sin servicio de gas domiciliario y vehicular en la noche de este domingo 21 de mayo."},"content":{"rendered":"<p>A partir de las <strong>7:00 de la noche<\/strong> de este <strong>domingo 21 de mayo <\/strong>y hasta las<strong> 5:00 de la ma\u00f1ana<\/strong> del d\u00eda<strong> lunes 22<\/strong> de mayo, se contar\u00e1 con cantidades limitadas de gas que <strong><u>podr\u00edan generar bajas presiones e incluso la interrupci\u00f3n del servicio.<\/u> Esto como consecuencia del mantenimiento del CPF de Flore\u00f1a en el corregimiento El Morro.<\/strong><\/p>\n<p>Por otra parte, se informa al gremio del transporte que en este mismo per\u00edodo <strong>no ser\u00e1 posible el suministro de gas natural vehicular en las estaciones de servicio<\/strong>. Se recomienda estar atentos\u00a0 para que se tomen las medidas operativas\u00a0 pertinentes.<\/p>\n<p>Cusianagas informa que fue notificada por el <u>productor<\/u> <strong>Ecopetrol, <\/strong>acerca del mantenimiento en la planta central de procesamiento Flore\u00f1a, programado para el d\u00eda <strong>domingo 21 de mayo en la noche <\/strong>y hasta la <strong>madrugada del lunes 22 de mayo.\u00a0<\/strong><\/p>\n<p>Tambi\u00e9n se recibi\u00f3 de parte del <u>transportador<\/u> <strong>Coinogas <\/strong>la <strong>instrucci\u00f3n <\/strong>de suspender la prestaci\u00f3n del servicio de gas natural durante el mismo per\u00edodo, a fin de agilizar el restablecimiento de las condiciones normales de operaci\u00f3n, tras la finalizaci\u00f3n del mantenimiento de Ecopetrol.<\/p>\n<h2><span style=\"color: #ff6600;\">Otras noticias&#8230;<\/span><\/h2>\n<blockquote class=\"wp-embedded-content\" data-secret=\"eg2pfM7IaF\"><p><a href=\"https:\/\/marthacifuentes.com\/portada\/2023\/05\/15\/tribunal-niega-aclaracion-a-eaaay-en-pataleo-de-ahogado-sobre-medida-que-suspende-contrato-millonario-de-la-ptar\/\">Tribunal niega aclaraci\u00f3n a Eaaay en \u201cpataleo de ahogado\u201d sobre medida que suspende contrato millonario de la PTAR<\/a><\/p><\/blockquote>\n<p><iframe loading=\"lazy\" class=\"wp-embedded-content\" sandbox=\"allow-scripts\" security=\"restricted\" style=\"position: absolute; clip: rect(1px, 1px, 1px, 1px);\" title=\"\u00abTribunal niega aclaraci\u00f3n a Eaaay en \u201cpataleo de ahogado\u201d sobre medida que suspende contrato millonario de la PTAR\u00bb \u2014 \u25b7 Noticias de Casanare : Martha Cifuentes | Casanare\" src=\"https:\/\/marthacifuentes.com\/portada\/2023\/05\/15\/tribunal-niega-aclaracion-a-eaaay-en-pataleo-de-ahogado-sobre-medida-que-suspende-contrato-millonario-de-la-ptar\/embed\/#?secret=AzusimjOPq#?secret=eg2pfM7IaF\" data-secret=\"eg2pfM7IaF\" width=\"500\" height=\"282\" frameborder=\"0\" marginwidth=\"0\" marginheight=\"0\" scrolling=\"no\"><\/iframe><\/p>\n<p><iframe loading=\"lazy\" class=\"wp-embedded-content\" title=\"\u00abComienza auditor\u00eda a administraci\u00f3n de recursos de Salud en ADRES. Capresoca atenta a requerimientos.\u00bb \u2014 \u25b7 Noticias de Casanare : Martha Cifuentes | Casanare\" src=\"https:\/\/marthacifuentes.com\/portada\/2023\/05\/11\/comienza-auditoria-a-administracion-de-recursos-de-salud-en-adres-capresoca-atenta-a-requerimientos\/embed\/#?secret=vEI9GQtYJj#?secret=Ost1SSkVTC\" width=\"600\" height=\"559\" frameborder=\"0\" marginwidth=\"0\" marginheight=\"0\" scrolling=\"no\" sandbox=\"allow-scripts\" data-secret=\"Ost1SSkVTC\" data-mce-fragment=\"1\"><\/iframe><\/p>\n<p><iframe loading=\"lazy\" class=\"wp-embedded-content\" title=\"\u00abInteresados en estudiar en Unitr\u00f3pico en Yopal, ya pueden inscribirse.\u00bb \u2014 \u25b7 Noticias de Casanare : Martha Cifuentes | Casanare\" src=\"https:\/\/marthacifuentes.com\/portada\/2023\/05\/11\/interesados-en-estudiar-en-unitropico-en-yopal-ya-pueden-inscribirse\/embed\/#?secret=NU01ZRapmT#?secret=pKJ3Kqfp4A\" width=\"600\" height=\"621\" frameborder=\"0\" marginwidth=\"0\" marginheight=\"0\" scrolling=\"no\" sandbox=\"allow-scripts\" data-secret=\"pKJ3Kqfp4A\" data-mce-fragment=\"1\"><\/iframe><\/p>\n<p><iframe loading=\"lazy\" class=\"wp-embedded-content\" title=\"\u00abDemora en inicio del PAE de Yopal en la lupa de la Procuradur\u00eda General.\u00bb \u2014 \u25b7 Noticias de Casanare : Martha Cifuentes | Casanare\" src=\"https:\/\/marthacifuentes.com\/portada\/2023\/05\/11\/demora-en-inicio-del-pae-de-yopal-en-la-lupa-de-la-procuraduria-general\/embed\/#?secret=Srv8Ysa9um#?secret=p8W3Tsvdbu\" width=\"600\" height=\"621\" frameborder=\"0\" marginwidth=\"0\" marginheight=\"0\" scrolling=\"no\" sandbox=\"allow-scripts\" data-secret=\"p8W3Tsvdbu\" data-mce-fragment=\"1\"><\/iframe><\/p>\n<p><iframe loading=\"lazy\" class=\"wp-embedded-content\" title=\"\u00abGeopark expone gesti\u00f3n empresarial y socioambiental a autoridades locales de Casanare\u00bb \u2014 \u25b7 Noticias de Casanare : Martha Cifuentes | Casanare\" src=\"https:\/\/marthacifuentes.com\/portada\/2023\/05\/08\/geopark-expone-gestion-empresarial-y-socioambiental-a-autoridades-locales-de-casanare\/embed\/#?secret=jmkLIDeQbI#?secret=StwRQbfYnO\" width=\"600\" height=\"621\" frameborder=\"0\" marginwidth=\"0\" marginheight=\"0\" scrolling=\"no\" sandbox=\"allow-scripts\" data-secret=\"StwRQbfYnO\" data-mce-fragment=\"1\"><\/iframe><\/p>\n<p><iframe loading=\"lazy\" class=\"wp-embedded-content\" title=\"\u00abEcopetrol destaca que inversi\u00f3n social en Yopal supera 30 mil millones de pesos, entre 2020 y 2023\u00bb \u2014 \u25b7 Noticias de Casanare : Martha Cifuentes | Casanare\" src=\"https:\/\/marthacifuentes.com\/portada\/2023\/05\/04\/ecopetrol-destaca-que-inversion-social-en-yopal-supera-30-mil-millones-de-pesos-entre-2020-y-2023\/embed\/#?secret=mH652kmZLz#?secret=0WmBYJu5UB\" width=\"600\" height=\"600\" frameborder=\"0\" marginwidth=\"0\" marginheight=\"0\" scrolling=\"no\" sandbox=\"allow-scripts\" data-secret=\"0WmBYJu5UB\" data-mce-fragment=\"1\"><\/iframe><\/p>\n<p><iframe loading=\"lazy\" class=\"wp-embedded-content\" title=\"\u00abCientos de familias campesinas afectadas por posible colapso de puente de La Consigna, en Man\u00ed.\u00bb \u2014 \u25b7 Noticias de Casanare : Martha Cifuentes | Casanare\" src=\"https:\/\/marthacifuentes.com\/portada\/2023\/05\/04\/cientos-de-familias-campesinas-afectadas-por-posible-colapso-de-puente-de-la-consigna-en-mani\/embed\/#?secret=XL6AoNKqO0#?secret=bbvwBo77n3\" width=\"600\" height=\"620\" frameborder=\"0\" marginwidth=\"0\" marginheight=\"0\" scrolling=\"no\" sandbox=\"allow-scripts\" data-secret=\"bbvwBo77n3\" data-mce-fragment=\"1\"><\/iframe><\/p>\n<p><iframe loading=\"lazy\" class=\"wp-embedded-content\" title=\"\u00abEstudiantes yopale\u00f1os en cese de actividades. Alcald\u00eda de Yopal no ha cumplido con servicios de la canasta educativa.\u00bb \u2014 \u25b7 Noticias de Casanare : Martha Cifuentes | Casanare\" src=\"https:\/\/marthacifuentes.com\/portada\/2023\/05\/04\/estudiantes-yopalenos-en-cese-de-actividades-alcaldia-de-yopal-no-ha-cumplido-con-servicios-de-la-canasta-educativa\/embed\/#?secret=fRwYaWVmAi#?secret=IVB23rzrt2\" width=\"600\" height=\"649\" frameborder=\"0\" marginwidth=\"0\" marginheight=\"0\" scrolling=\"no\" sandbox=\"allow-scripts\" data-secret=\"IVB23rzrt2\" data-mce-fragment=\"1\"><\/iframe><\/p>\n<p><iframe loading=\"lazy\" class=\"wp-embedded-content\" title=\"\u00abGobernador de Casanare y alcalde de Yopal obligados a asistir a mesa de trabajo sobre Torres del Silencio, en la Contralor\u00eda General, Delegaci\u00f3n Casanare\u00bb \u2014 \u25b7 Noticias de Casanare : Martha Cifuentes | Casanare\" src=\"https:\/\/marthacifuentes.com\/portada\/2023\/05\/03\/gobernador-de-casanare-y-alcalde-de-yopal-obligados-a-asistir-a-mesa-de-trabajo-sobre-torres-del-silencio-en-la-contraloria-general-delegacion-casanare\/embed\/#?secret=ZWoC5EpsFp#?secret=RQnHitXqgY\" width=\"600\" height=\"357\" frameborder=\"0\" marginwidth=\"0\" marginheight=\"0\" scrolling=\"no\" sandbox=\"allow-scripts\" data-secret=\"RQnHitXqgY\" data-mce-fragment=\"1\"><\/iframe><\/p>\n<p><iframe loading=\"lazy\" class=\"wp-embedded-content\" title=\"\u00abExdiputado Wilmar Cuevas apoya a aspirante Elirio Cruz, en consulta para elegir candidatos a Asamblea por Aguazul\u00bb \u2014 \u25b7 Noticias de Casanare : Martha Cifuentes | Casanare\" src=\"https:\/\/marthacifuentes.com\/portada\/2023\/04\/21\/exdiputado-wilmar-cuevas-apoya-a-aspirante-elirio-cruz-en-consulta-para-elegir-candidatos-a-asamblea-por-aguazul\/embed\/#?secret=yjRjZerPEy#?secret=WddudA1rfz\" width=\"600\" height=\"642\" frameborder=\"0\" marginwidth=\"0\" marginheight=\"0\" scrolling=\"no\" sandbox=\"allow-scripts\" data-secret=\"WddudA1rfz\" data-mce-fragment=\"1\"><\/iframe><\/p>\n<p><iframe loading=\"lazy\" class=\"wp-embedded-content\" title=\"\u00abCarro compactador y unidades sanitarias, entreg\u00f3 Parex a poblaci\u00f3n y estudiantes de Villanueva\u00bb \u2014 \u25b7 Noticias de Casanare : Martha Cifuentes | Casanare\" src=\"https:\/\/marthacifuentes.com\/portada\/2023\/04\/21\/carro-compactador-y-unidades-sanitarias-entrego-parex-a-poblacion-y-estudiantes-de-villanueva\/embed\/#?secret=C1CD77ewgw#?secret=mS9h21WUP4\" width=\"600\" height=\"559\" frameborder=\"0\" marginwidth=\"0\" marginheight=\"0\" scrolling=\"no\" sandbox=\"allow-scripts\" data-secret=\"mS9h21WUP4\" data-mce-fragment=\"1\"><\/iframe><\/p>\n<p><iframe loading=\"lazy\" class=\"wp-embedded-content\" title=\"\u00abMillonario contrato de Eaaay seguir\u00e1 suspendido. Tribunal Administrativo dice que es una concesi\u00f3n y contratista no demostr\u00f3 solvencia financiera y t\u00e9cnica\u00bb \u2014 \u25b7 Noticias de Casanare : Martha Cifuentes | Casanare\" src=\"https:\/\/marthacifuentes.com\/portada\/2023\/04\/21\/millonario-contrato-de-eaaay-seguira-suspendido-tribunal-administrativo-dice-que-es-una-concesion-y-contratista-no-demostro-solvencia-financiera-y-tecnica\/embed\/#?secret=j48jVNX82W#?secret=FPtcRyiO0u\" width=\"600\" height=\"649\" frameborder=\"0\" marginwidth=\"0\" marginheight=\"0\" scrolling=\"no\" sandbox=\"allow-scripts\" data-secret=\"FPtcRyiO0u\" data-mce-fragment=\"1\"><\/iframe><\/p>\n<p><iframe loading=\"lazy\" class=\"wp-embedded-content\" title=\"\u00abPolic\u00eda, responsable de asesinato de habitante de calle en CAI en Yopal, ocurrido en 2016, deber\u00e1 indemnizar a su familia.\u00bb \u2014 \u25b7 Noticias de Casanare : Martha Cifuentes | Casanare\" src=\"https:\/\/marthacifuentes.com\/portada\/2023\/04\/18\/policia-responsable-de-asesinato-de-habitante-de-calle-en-cai-en-yopal-ocurrido-en-2016-debera-indemnizar-a-su-familia\/embed\/#?secret=gr6rNcDr5u#?secret=rYPptGG3LA\" width=\"600\" height=\"628\" frameborder=\"0\" marginwidth=\"0\" marginheight=\"0\" scrolling=\"no\" sandbox=\"allow-scripts\" data-secret=\"rYPptGG3LA\" data-mce-fragment=\"1\"><\/iframe><\/p>\n<p><iframe loading=\"lazy\" class=\"wp-embedded-content\" title=\"\u00abUn joven en el cementerio, uno paralizado en un hospital y otros dos en la c\u00e1rcel: Saldo de peleas delincuenciales en Yopal.\u00bb \u2014 \u25b7 Noticias de Casanare : Martha Cifuentes | Casanare\" src=\"https:\/\/marthacifuentes.com\/portada\/2023\/04\/17\/un-joven-en-el-cementerio-uno-paralizado-en-un-hospital-y-otros-dos-en-la-carcel-saldo-de-peleas-delincuenciales-en-yopal\/embed\/#?secret=QP5x7eeHAi#?secret=VUc2zxdqA0\" width=\"600\" height=\"604\" frameborder=\"0\" marginwidth=\"0\" marginheight=\"0\" scrolling=\"no\" sandbox=\"allow-scripts\" data-secret=\"VUc2zxdqA0\" data-mce-fragment=\"1\"><\/iframe><\/p>\n","protected":false},"excerpt":{"rendered":"<p>A partir de las 7:00 de la noche de este domingo 21 de mayo y hasta las 5:00 de la ma\u00f1ana del d\u00eda lunes 22 de mayo, se contar\u00e1 con cantidades limitadas de gas que podr\u00edan generar bajas presiones e incluso la interrupci\u00f3n del servicio. Esto como consecuencia del mantenimiento del CPF de Flore\u00f1a en &hellip;<\/p>\n","protected":false},"author":2,"featured_media":31417,"comment_status":"open","ping_status":"open","sticky":false,"template":"","format":"standard","meta":{"om_disable_all_campaigns":false,"_exactmetrics_skip_tracking":false,"_exactmetrics_sitenote_active":false,"_exactmetrics_sitenote_note":"","_exactmetrics_sitenote_category":0,"_monsterinsights_skip_tracking":false,"_monsterinsights_sitenote_active":false,"_monsterinsights_sitenote_note":"","_monsterinsights_sitenote_category":0,"_uf_show_specific_survey":0,"_uf_disable_surveys":false,"_joinchat":[],"footnotes":""},"categories":[147,146,145],"tags":[1373,9155,9156,1400,1376],"class_list":["post-31550","post","type-post","status-publish","format-standard","has-post-thumbnail","hentry","category-actualidad","category-noticias","category-reportajes","tag-casanare-noticias","tag-cusianagas-yopal-sin-servicio-mayo-21","tag-florena-ecopetrol-mantenimiento-mayo","tag-noticias-casanare","tag-yopal-noticias"],"yoast_head":"<!-- This site is optimized with the Yoast SEO plugin v26.1 - https:\/\/yoast.com\/wordpress\/plugins\/seo\/ -->\n<title>Yopal sin servicio de gas domiciliario y vehicular en la noche de este domingo 21 de mayo. - \u25b7 Noticias de Casanare : Martha Cifuentes | Casanare<\/title>\n<meta name=\"robots\" content=\"index, follow, max-snippet:-1, max-image-preview:large, max-video-preview:-1\" \/>\n<link rel=\"canonical\" href=\"https:\/\/marthacifuentes.com\/portada\/yopal-sin-servicio-de-gas-domiciliario-y-vehicular-en-la-noche-de-este-domingo-21-de-mayo\/\" \/>\n<meta property=\"og:locale\" content=\"es_ES\" \/>\n<meta property=\"og:type\" content=\"article\" \/>\n<meta property=\"og:title\" content=\"Yopal sin servicio de gas domiciliario y vehicular en la noche de este domingo 21 de mayo. - \u25b7 Noticias de Casanare : Martha Cifuentes | Casanare\" \/>\n<meta property=\"og:description\" content=\"A partir de las 7:00 de la noche de este domingo 21 de mayo y hasta las 5:00 de la ma\u00f1ana del d\u00eda lunes 22 de mayo, se contar\u00e1 con cantidades limitadas de gas que podr\u00edan generar bajas presiones e incluso la interrupci\u00f3n del servicio. Esto como consecuencia del mantenimiento del CPF de Flore\u00f1a en &hellip;\" \/>\n<meta property=\"og:url\" content=\"https:\/\/marthacifuentes.com\/portada\/yopal-sin-servicio-de-gas-domiciliario-y-vehicular-en-la-noche-de-este-domingo-21-de-mayo\/\" \/>\n<meta property=\"og:site_name\" content=\"\u25b7 Noticias de Casanare : Martha Cifuentes | Casanare\" \/>\n<meta property=\"article:published_time\" content=\"2023-05-18T23:53:03+00:00\" \/>\n<meta property=\"og:image\" content=\"https:\/\/marthacifuentes.com\/portada\/wp-content\/uploads\/2023\/03\/ATENCION-QUE-ESTE-FIN-DE-SEMANA-HABRA-RESTRICCION-DE-GAS-DOMICILIARIO.jpg\" \/>\n\t<meta property=\"og:image:width\" content=\"850\" \/>\n\t<meta property=\"og:image:height\" content=\"430\" \/>\n\t<meta property=\"og:image:type\" content=\"image\/jpeg\" \/>\n<meta name=\"author\" content=\"Martha Cifuentes\" \/>\n<meta name=\"twitter:card\" content=\"summary_large_image\" \/>\n<meta name=\"twitter:label1\" content=\"Escrito por\" \/>\n\t<meta name=\"twitter:data1\" content=\"Martha Cifuentes\" \/>\n\t<meta name=\"twitter:label2\" content=\"Tiempo de lectura\" \/>\n\t<meta name=\"twitter:data2\" content=\"1 minuto\" \/>\n<script type=\"application\/ld+json\" class=\"yoast-schema-graph\">{\"@context\":\"https:\/\/schema.org\",\"@graph\":[{\"@type\":\"WebPage\",\"@id\":\"https:\/\/marthacifuentes.com\/portada\/yopal-sin-servicio-de-gas-domiciliario-y-vehicular-en-la-noche-de-este-domingo-21-de-mayo\/\",\"url\":\"https:\/\/marthacifuentes.com\/portada\/yopal-sin-servicio-de-gas-domiciliario-y-vehicular-en-la-noche-de-este-domingo-21-de-mayo\/\",\"name\":\"Yopal sin servicio de gas domiciliario y vehicular en la noche de este domingo 21 de mayo. - \u25b7 Noticias de Casanare : Martha Cifuentes | Casanare\",\"isPartOf\":{\"@id\":\"https:\/\/marthacifuentes.com\/portada\/#website\"},\"primaryImageOfPage\":{\"@id\":\"https:\/\/marthacifuentes.com\/portada\/yopal-sin-servicio-de-gas-domiciliario-y-vehicular-en-la-noche-de-este-domingo-21-de-mayo\/#primaryimage\"},\"image\":{\"@id\":\"https:\/\/marthacifuentes.com\/portada\/yopal-sin-servicio-de-gas-domiciliario-y-vehicular-en-la-noche-de-este-domingo-21-de-mayo\/#primaryimage\"},\"thumbnailUrl\":\"https:\/\/marthacifuentes.com\/portada\/wp-content\/uploads\/2023\/03\/ATENCION-QUE-ESTE-FIN-DE-SEMANA-HABRA-RESTRICCION-DE-GAS-DOMICILIARIO.jpg\",\"datePublished\":\"2023-05-18T23:53:03+00:00\",\"author\":{\"@id\":\"https:\/\/marthacifuentes.com\/portada\/#\/schema\/person\/57f53174b991db5f90ff78d58502b714\"},\"breadcrumb\":{\"@id\":\"https:\/\/marthacifuentes.com\/portada\/yopal-sin-servicio-de-gas-domiciliario-y-vehicular-en-la-noche-de-este-domingo-21-de-mayo\/#breadcrumb\"},\"inLanguage\":\"es\",\"potentialAction\":[{\"@type\":\"ReadAction\",\"target\":[\"https:\/\/marthacifuentes.com\/portada\/yopal-sin-servicio-de-gas-domiciliario-y-vehicular-en-la-noche-de-este-domingo-21-de-mayo\/\"]}]},{\"@type\":\"ImageObject\",\"inLanguage\":\"es\",\"@id\":\"https:\/\/marthacifuentes.com\/portada\/yopal-sin-servicio-de-gas-domiciliario-y-vehicular-en-la-noche-de-este-domingo-21-de-mayo\/#primaryimage\",\"url\":\"https:\/\/marthacifuentes.com\/portada\/wp-content\/uploads\/2023\/03\/ATENCION-QUE-ESTE-FIN-DE-SEMANA-HABRA-RESTRICCION-DE-GAS-DOMICILIARIO.jpg\",\"contentUrl\":\"https:\/\/marthacifuentes.com\/portada\/wp-content\/uploads\/2023\/03\/ATENCION-QUE-ESTE-FIN-DE-SEMANA-HABRA-RESTRICCION-DE-GAS-DOMICILIARIO.jpg\",\"width\":850,\"height\":430},{\"@type\":\"BreadcrumbList\",\"@id\":\"https:\/\/marthacifuentes.com\/portada\/yopal-sin-servicio-de-gas-domiciliario-y-vehicular-en-la-noche-de-este-domingo-21-de-mayo\/#breadcrumb\",\"itemListElement\":[{\"@type\":\"ListItem\",\"position\":1,\"name\":\"Portada\",\"item\":\"https:\/\/marthacifuentes.com\/portada\/\"},{\"@type\":\"ListItem\",\"position\":2,\"name\":\"Yopal sin servicio de gas domiciliario y vehicular en la noche de este domingo 21 de mayo.\"}]},{\"@type\":\"WebSite\",\"@id\":\"https:\/\/marthacifuentes.com\/portada\/#website\",\"url\":\"https:\/\/marthacifuentes.com\/portada\/\",\"name\":\"\u25b7 Noticias de Casanare : Martha Cifuentes | Casanare\",\"description\":\"Noticias &amp; Contenidos\",\"potentialAction\":[{\"@type\":\"SearchAction\",\"target\":{\"@type\":\"EntryPoint\",\"urlTemplate\":\"https:\/\/marthacifuentes.com\/portada\/?s={search_term_string}\"},\"query-input\":{\"@type\":\"PropertyValueSpecification\",\"valueRequired\":true,\"valueName\":\"search_term_string\"}}],\"inLanguage\":\"es\"},{\"@type\":\"Person\",\"@id\":\"https:\/\/marthacifuentes.com\/portada\/#\/schema\/person\/57f53174b991db5f90ff78d58502b714\",\"name\":\"Martha Cifuentes\",\"image\":{\"@type\":\"ImageObject\",\"inLanguage\":\"es\",\"@id\":\"https:\/\/marthacifuentes.com\/portada\/#\/schema\/person\/image\/\",\"url\":\"http:\/\/marthacifuentes.com\/portada\/wp-content\/uploads\/2018\/06\/avatar_user_2_1528838701-96x96.jpg\",\"contentUrl\":\"http:\/\/marthacifuentes.com\/portada\/wp-content\/uploads\/2018\/06\/avatar_user_2_1528838701-96x96.jpg\",\"caption\":\"Martha Cifuentes\"},\"sameAs\":[\"http:\/\/www.marthacifuentes.com\"],\"url\":\"https:\/\/marthacifuentes.com\/portada\/author\/martha\/\"}]}<\/script>\n<!-- \/ Yoast SEO plugin. -->","yoast_head_json":{"title":"Yopal sin servicio de gas domiciliario y vehicular en la noche de este domingo 21 de mayo. - \u25b7 Noticias de Casanare : Martha Cifuentes | Casanare","robots":{"index":"index","follow":"follow","max-snippet":"max-snippet:-1","max-image-preview":"max-image-preview:large","max-video-preview":"max-video-preview:-1"},"canonical":"https:\/\/marthacifuentes.com\/portada\/yopal-sin-servicio-de-gas-domiciliario-y-vehicular-en-la-noche-de-este-domingo-21-de-mayo\/","og_locale":"es_ES","og_type":"article","og_title":"Yopal sin servicio de gas domiciliario y vehicular en la noche de este domingo 21 de mayo. - \u25b7 Noticias de Casanare : Martha Cifuentes | Casanare","og_description":"A partir de las 7:00 de la noche de este domingo 21 de mayo y hasta las 5:00 de la ma\u00f1ana del d\u00eda lunes 22 de mayo, se contar\u00e1 con cantidades limitadas de gas que podr\u00edan generar bajas presiones e incluso la interrupci\u00f3n del servicio. Esto como consecuencia del mantenimiento del CPF de Flore\u00f1a en &hellip;","og_url":"https:\/\/marthacifuentes.com\/portada\/yopal-sin-servicio-de-gas-domiciliario-y-vehicular-en-la-noche-de-este-domingo-21-de-mayo\/","og_site_name":"\u25b7 Noticias de Casanare : Martha Cifuentes | Casanare","article_published_time":"2023-05-18T23:53:03+00:00","og_image":[{"width":850,"height":430,"url":"https:\/\/marthacifuentes.com\/portada\/wp-content\/uploads\/2023\/03\/ATENCION-QUE-ESTE-FIN-DE-SEMANA-HABRA-RESTRICCION-DE-GAS-DOMICILIARIO.jpg","type":"image\/jpeg"}],"author":"Martha Cifuentes","twitter_card":"summary_large_image","twitter_misc":{"Escrito por":"Martha Cifuentes","Tiempo de lectura":"1 minuto"},"schema":{"@context":"https:\/\/schema.org","@graph":[{"@type":"WebPage","@id":"https:\/\/marthacifuentes.com\/portada\/yopal-sin-servicio-de-gas-domiciliario-y-vehicular-en-la-noche-de-este-domingo-21-de-mayo\/","url":"https:\/\/marthacifuentes.com\/portada\/yopal-sin-servicio-de-gas-domiciliario-y-vehicular-en-la-noche-de-este-domingo-21-de-mayo\/","name":"Yopal sin servicio de gas domiciliario y vehicular en la noche de este domingo 21 de mayo. - \u25b7 Noticias de Casanare : Martha Cifuentes | Casanare","isPartOf":{"@id":"https:\/\/marthacifuentes.com\/portada\/#website"},"primaryImageOfPage":{"@id":"https:\/\/marthacifuentes.com\/portada\/yopal-sin-servicio-de-gas-domiciliario-y-vehicular-en-la-noche-de-este-domingo-21-de-mayo\/#primaryimage"},"image":{"@id":"https:\/\/marthacifuentes.com\/portada\/yopal-sin-servicio-de-gas-domiciliario-y-vehicular-en-la-noche-de-este-domingo-21-de-mayo\/#primaryimage"},"thumbnailUrl":"https:\/\/marthacifuentes.com\/portada\/wp-content\/uploads\/2023\/03\/ATENCION-QUE-ESTE-FIN-DE-SEMANA-HABRA-RESTRICCION-DE-GAS-DOMICILIARIO.jpg","datePublished":"2023-05-18T23:53:03+00:00","author":{"@id":"https:\/\/marthacifuentes.com\/portada\/#\/schema\/person\/57f53174b991db5f90ff78d58502b714"},"breadcrumb":{"@id":"https:\/\/marthacifuentes.com\/portada\/yopal-sin-servicio-de-gas-domiciliario-y-vehicular-en-la-noche-de-este-domingo-21-de-mayo\/#breadcrumb"},"inLanguage":"es","potentialAction":[{"@type":"ReadAction","target":["https:\/\/marthacifuentes.com\/portada\/yopal-sin-servicio-de-gas-domiciliario-y-vehicular-en-la-noche-de-este-domingo-21-de-mayo\/"]}]},{"@type":"ImageObject","inLanguage":"es","@id":"https:\/\/marthacifuentes.com\/portada\/yopal-sin-servicio-de-gas-domiciliario-y-vehicular-en-la-noche-de-este-domingo-21-de-mayo\/#primaryimage","url":"https:\/\/marthacifuentes.com\/portada\/wp-content\/uploads\/2023\/03\/ATENCION-QUE-ESTE-FIN-DE-SEMANA-HABRA-RESTRICCION-DE-GAS-DOMICILIARIO.jpg","contentUrl":"https:\/\/marthacifuentes.com\/portada\/wp-content\/uploads\/2023\/03\/ATENCION-QUE-ESTE-FIN-DE-SEMANA-HABRA-RESTRICCION-DE-GAS-DOMICILIARIO.jpg","width":850,"height":430},{"@type":"BreadcrumbList","@id":"https:\/\/marthacifuentes.com\/portada\/yopal-sin-servicio-de-gas-domiciliario-y-vehicular-en-la-noche-de-este-domingo-21-de-mayo\/#breadcrumb","itemListElement":[{"@type":"ListItem","position":1,"name":"Portada","item":"https:\/\/marthacifuentes.com\/portada\/"},{"@type":"ListItem","position":2,"name":"Yopal sin servicio de gas domiciliario y vehicular en la noche de este domingo 21 de mayo."}]},{"@type":"WebSite","@id":"https:\/\/marthacifuentes.com\/portada\/#website","url":"https:\/\/marthacifuentes.com\/portada\/","name":"\u25b7 Noticias de Casanare : Martha Cifuentes | Casanare","description":"Noticias &amp; Contenidos","potentialAction":[{"@type":"SearchAction","target":{"@type":"EntryPoint","urlTemplate":"https:\/\/marthacifuentes.com\/portada\/?s={search_term_string}"},"query-input":{"@type":"PropertyValueSpecification","valueRequired":true,"valueName":"search_term_string"}}],"inLanguage":"es"},{"@type":"Person","@id":"https:\/\/marthacifuentes.com\/portada\/#\/schema\/person\/57f53174b991db5f90ff78d58502b714","name":"Martha Cifuentes","image":{"@type":"ImageObject","inLanguage":"es","@id":"https:\/\/marthacifuentes.com\/portada\/#\/schema\/person\/image\/","url":"http:\/\/marthacifuentes.com\/portada\/wp-content\/uploads\/2018\/06\/avatar_user_2_1528838701-96x96.jpg","contentUrl":"http:\/\/marthacifuentes.com\/portada\/wp-content\/uploads\/2018\/06\/avatar_user_2_1528838701-96x96.jpg","caption":"Martha Cifuentes"},"sameAs":["http:\/\/www.marthacifuentes.com"],"url":"https:\/\/marthacifuentes.com\/portada\/author\/martha\/"}]}},"_links":{"self":[{"href":"https:\/\/marthacifuentes.com\/portada\/wp-json\/wp\/v2\/posts\/31550","targetHints":{"allow":["GET"]}}],"collection":[{"href":"https:\/\/marthacifuentes.com\/portada\/wp-json\/wp\/v2\/posts"}],"about":[{"href":"https:\/\/marthacifuentes.com\/portada\/wp-json\/wp\/v2\/types\/post"}],"author":[{"embeddable":true,"href":"https:\/\/marthacifuentes.com\/portada\/wp-json\/wp\/v2\/users\/2"}],"replies":[{"embeddable":true,"href":"https:\/\/marthacifuentes.com\/portada\/wp-json\/wp\/v2\/comments?post=31550"}],"version-history":[{"count":1,"href":"https:\/\/marthacifuentes.com\/portada\/wp-json\/wp\/v2\/posts\/31550\/revisions"}],"predecessor-version":[{"id":31551,"href":"https:\/\/marthacifuentes.com\/portada\/wp-json\/wp\/v2\/posts\/31550\/revisions\/31551"}],"wp:featuredmedia":[{"embeddable":true,"href":"https:\/\/marthacifuentes.com\/portada\/wp-json\/wp\/v2\/media\/31417"}],"wp:attachment":[{"href":"https:\/\/marthacifuentes.com\/portada\/wp-json\/wp\/v2\/media?parent=31550"}],"wp:term":[{"taxonomy":"category","embeddable":true,"href":"https:\/\/marthacifuentes.com\/portada\/wp-json\/wp\/v2\/categories?post=31550"},{"taxonomy":"post_tag","embeddable":true,"href":"https:\/\/marthacifuentes.com\/portada\/wp-json\/wp\/v2\/tags?post=31550"}],"curies":[{"name":"wp","href":"https:\/\/api.w.org\/{rel}","templated":true}]}}