{"id":31635,"date":"2023-06-06T09:58:49","date_gmt":"2023-06-06T14:58:49","guid":{"rendered":"https:\/\/marthacifuentes.com\/portada\/?p=31635"},"modified":"2023-06-06T09:58:49","modified_gmt":"2023-06-06T14:58:49","slug":"torres-del-silencio-ptar-y-pae-en-casanare-problematicas-que-preocupan-a-la-procuraduria","status":"publish","type":"post","link":"https:\/\/marthacifuentes.com\/portada\/torres-del-silencio-ptar-y-pae-en-casanare-problematicas-que-preocupan-a-la-procuraduria\/","title":{"rendered":"Torres del Silencio, PTAR y PAE, en Casanare, problem\u00e1ticas que preocupan a la Procuradur\u00eda"},"content":{"rendered":"<p><strong>Seg\u00fan comunicado del \u00f3rgano de control disciplinario, avanza para dar respuesta, desde lo preventivo y disciplinario, a las principales problem\u00e1ticas en temas sanitarios, de vivienda y de alimentaci\u00f3n escolar, de los habitantes del departamento de Casanare, y relaciona varias obras en veremos, del departamento.<\/strong><\/p>\n<p>&nbsp;<\/p>\n<p><strong>Sistemas de acueducto y plantas de tratamiento de aguas residuales<\/strong><\/p>\n<p>La Regional de Instrucci\u00f3n de Casanare adelanta diferentes acciones disciplinarias relacionadas con la construcci\u00f3n y puesta en operaci\u00f3n de varias plantas de tratamiento de aguas residuales y acueductos en el departamento.<\/p>\n<p>Se indaga sobre las presuntas irregularidades en la construcci\u00f3n de la Planta de Tratamiento de Aguas Residuales de Sabanalarga por parte de la Empresa Departamental de Servicios P\u00fablicos de Casanare (Acuatodos).<\/p>\n<p>Se investiga tambi\u00e9n las circunstancias que han impedido al alcalde de Villanueva poner en funcionamiento la infraestructura de los acueductos veredales de\u00a0 Banquetas Bajo, Buenos Aires\u00a0 Alto, Buenos Aires Bajo y Caribayona, pese a que \u00e9stas se encuentran totalmente construidas.<\/p>\n<p>La Direcci\u00f3n de Investigaciones especiales adelanta un peritaje a la Planta de Tratamiento de Aguas Residuales Domesticas del municipio de Monterrey, construida en 2017 por m\u00e1s de $ 20 mil millones; obra que no ha sido recibida por el ente territorial debido a las fallas que imposibilitan la continuidad en su operaci\u00f3n.<\/p>\n<p>En materia preventiva, el ente de control hace seguimiento a las labores de conducci\u00f3n de agua tratada desde la Planta de Tratamiento de Agua Potable definitiva a las redes de distribuci\u00f3n del municipio de Yopal, que a\u00fan no han sido concluidas.<\/p>\n<p>&nbsp;<\/p>\n<p><strong>Obras de infraestructura<\/strong><\/p>\n<p>La situaci\u00f3n que viven m\u00e1s de 200 familias que habitan el proyecto de vivienda Torres del Silencio, en Yopal (Casanare), debido a los graves problemas estructurales que presenta gener\u00f3 una acci\u00f3n disciplinaria ante la posible omisi\u00f3n en la toma de decisiones ante el riesgo inminente de desastre.<\/p>\n<p>Desde 2018, se detectaron posibles fallas estructurales en la construcci\u00f3n de este conjunto habitacional y que no fueron atendidas oportunamente vulnerando presuntamente, los principios de protecci\u00f3n, precauci\u00f3n y concurrencia contemplados en la Pol\u00edtica Nacional de Gesti\u00f3n del Riesgo de Desastres.<\/p>\n<p>De otra parte, la Procuradur\u00eda investiga disciplinariamente el presunto incumplimiento del contrato de obra celebrado para la remodelaci\u00f3n de la infraestructura f\u00edsica del centro de salud de Sabanalarga.<\/p>\n<p>El \u00f3rgano de control solicit\u00f3 informaci\u00f3n a la Red de Salud de Casanare sobre los hechos objeto de investigaci\u00f3n.<\/p>\n<p>&nbsp;<\/p>\n<p><strong>Ejecuci\u00f3n del PAE<\/strong><\/p>\n<p>En esta materia, el ente de control avanza con el fin establecer las circunstancias que han generado aparentes demoras en el inicio de la aplicaci\u00f3n del Programa de Alimentaci\u00f3n Escolar (PAE), en diferentes instituciones educativas oficiales de la capital casanare\u00f1a.<\/p>\n<p>As\u00ed mismo, abri\u00f3 una indagaci\u00f3n previa por el presunto robo de alimentos de este programa en una Instituci\u00f3n Educativa del municipio de Yopal.<\/p>\n<h2><span style=\"color: #ff6600;\"><strong>Otras noticias&#8230;<\/strong><\/span><\/h2>\n<p><iframe loading=\"lazy\" class=\"wp-embedded-content\" title=\"\u00abBloqueado relleno sanitario El Cascajar de Yopal. Comunidad impide acceso de carros de basuras.\u00bb \u2014 \u25b7 Noticias de Casanare : Martha Cifuentes | Casanare\" src=\"https:\/\/marthacifuentes.com\/portada\/2023\/06\/06\/bloqueado-relleno-sanitario-el-cascajar-de-yopal-comunidad-impide-acceso-de-carros-de-basuras\/embed\/#?secret=qnF0F3YZBH#?secret=1DkllQDaXi\" width=\"600\" height=\"537\" frameborder=\"0\" marginwidth=\"0\" marginheight=\"0\" scrolling=\"no\" sandbox=\"allow-scripts\" data-secret=\"1DkllQDaXi\" data-mce-fragment=\"1\"><\/iframe><\/p>\n<p><iframe loading=\"lazy\" class=\"wp-embedded-content\" title=\"\u00abDefensores de derechos humanos en Casanare, en riesgo extremo, seg\u00fan Alerta 019 de 2023 de la Defensor\u00eda del Pueblo.\u00bb \u2014 \u25b7 Noticias de Casanare : Martha Cifuentes | Casanare\" src=\"https:\/\/marthacifuentes.com\/portada\/2023\/06\/05\/defensores-de-derechos-humanos-en-casanare-en-riesgo-extremo-segun-alerta-019-de-2023-de-la-defensoria-del-pueblo\/embed\/#?secret=D1zI36TzKe#?secret=4NKnI1XwsW\" width=\"600\" height=\"583\" frameborder=\"0\" marginwidth=\"0\" marginheight=\"0\" scrolling=\"no\" sandbox=\"allow-scripts\" data-secret=\"4NKnI1XwsW\" data-mce-fragment=\"1\"><\/iframe><\/p>\n<p><iframe loading=\"lazy\" class=\"wp-embedded-content\" title=\"\u00abDerrame de petr\u00f3leo en siniestro vial, contamin\u00f3 fuente h\u00eddrica \u00abCa\u00f1o Seco\u00bb, Monterrey, Casanare\u00bb \u2014 \u25b7 Noticias de Casanare : Martha Cifuentes | Casanare\" src=\"https:\/\/marthacifuentes.com\/portada\/2023\/06\/05\/derrame-de-petroleo-en-siniestro-vial-contamino-fuente-hidrica-cano-seco-monterrey-casanare\/embed\/#?secret=0oBzEZ1Ufk#?secret=7aI8Q8X6l7\" width=\"600\" height=\"600\" frameborder=\"0\" marginwidth=\"0\" marginheight=\"0\" scrolling=\"no\" sandbox=\"allow-scripts\" data-secret=\"7aI8Q8X6l7\" data-mce-fragment=\"1\"><\/iframe><\/p>\n<p><iframe loading=\"lazy\" class=\"wp-embedded-content\" title=\"\u00abFalta de agua en Yopal, \u00bfculpa del invierno o de una obra mal hecha\u2026?\u00bb \u2014 \u25b7 Noticias de Casanare : Martha Cifuentes | Casanare\" src=\"https:\/\/marthacifuentes.com\/portada\/2023\/06\/02\/falta-de-agua-en-yopal-culpa-del-invierno-o-de-una-obra-mal-hecha\/embed\/#?secret=6HLXucmPfs#?secret=snYLwoD3Qq\" width=\"600\" height=\"621\" frameborder=\"0\" marginwidth=\"0\" marginheight=\"0\" scrolling=\"no\" sandbox=\"allow-scripts\" data-secret=\"snYLwoD3Qq\" data-mce-fragment=\"1\"><\/iframe><\/p>\n<p><iframe loading=\"lazy\" class=\"wp-embedded-content\" title=\"\u00abEstos son los precandidatos con mayor impacto en redes sociales para la Gobernaci\u00f3n de Casanare y Alcald\u00eda de Yopal seg\u00fan medici\u00f3n de encuestadora Guarumo\u00bb \u2014 \u25b7 Noticias de Casanare : Martha Cifuentes | Casanare\" src=\"https:\/\/marthacifuentes.com\/portada\/2023\/06\/02\/estos-son-los-precandidatos-con-mayor-impacto-en-redes-sociales-para-la-gobernacion-de-casanare-y-alcaldia-de-yopal-segun-medicion-de-encuestadora-guarumo\/embed\/#?secret=V5G176njBG#?secret=FJ0WeHiNE2\" width=\"600\" height=\"678\" frameborder=\"0\" marginwidth=\"0\" marginheight=\"0\" scrolling=\"no\" sandbox=\"allow-scripts\" data-secret=\"FJ0WeHiNE2\" data-mce-fragment=\"1\"><\/iframe><\/p>\n<p><iframe loading=\"lazy\" class=\"wp-embedded-content\" title=\"\u00abSe recrudece extorsi\u00f3n a empresarios de Casanare por parte de las disidencias de las Farc\u00bb \u2014 \u25b7 Noticias de Casanare : Martha Cifuentes | Casanare\" src=\"https:\/\/marthacifuentes.com\/portada\/2023\/06\/01\/se-recrudece-extorsion-a-empresarios-de-casanare-por-parte-de-las-disidencias-de-las-farc\/embed\/#?secret=qMsapT7rXo#?secret=3IJuNvKDyr\" width=\"600\" height=\"613\" frameborder=\"0\" marginwidth=\"0\" marginheight=\"0\" scrolling=\"no\" sandbox=\"allow-scripts\" data-secret=\"3IJuNvKDyr\" data-mce-fragment=\"1\"><\/iframe><\/p>\n<p><iframe loading=\"lazy\" class=\"wp-embedded-content\" title=\"\u00abPacto Hist\u00f3rico se prepara para elecciones en Casanare. Habr\u00e1 listas abiertas y paritarias para Asamblea y Concejos.\u00bb \u2014 \u25b7 Noticias de Casanare : Martha Cifuentes | Casanare\" src=\"https:\/\/marthacifuentes.com\/portada\/2023\/05\/29\/pacto-historico-se-prepara-para-elecciones-en-casanare-habra-listas-abiertas-y-paritarias-para-asamblea-y-concejos\/embed\/#?secret=zj8WVyCPLo#?secret=GLq3kjZowN\" width=\"600\" height=\"618\" frameborder=\"0\" marginwidth=\"0\" marginheight=\"0\" scrolling=\"no\" sandbox=\"allow-scripts\" data-secret=\"GLq3kjZowN\" data-mce-fragment=\"1\"><\/iframe><\/p>\n<p><iframe loading=\"lazy\" class=\"wp-embedded-content\" title=\"\u00ab\u201cNo queremos ser h\u00e9roes pero tampoco m\u00e1rtires\u201d: Trabajadores por OPS del Horo. Directivos paliaron la protesta laboral\u00bb \u2014 \u25b7 Noticias de Casanare : Martha Cifuentes | Casanare\" src=\"https:\/\/marthacifuentes.com\/portada\/2023\/05\/26\/no-queremos-ser-heroes-pero-tampoco-martires-trabajadores-por-ops-del-horo-directivos-paliaron-la-protesta-laboral\/embed\/#?secret=M2SKPH9TdG#?secret=okRr7YUTVe\" width=\"600\" height=\"649\" frameborder=\"0\" marginwidth=\"0\" marginheight=\"0\" scrolling=\"no\" sandbox=\"allow-scripts\" data-secret=\"okRr7YUTVe\" data-mce-fragment=\"1\"><\/iframe><\/p>\n<p><iframe loading=\"lazy\" class=\"wp-embedded-content\" title=\"\u00abPacientes de predi\u00e1lisis afiliados a Sanitas en Yopal rechazan cambio de IPS. Temen por su salud.\u00bb \u2014 \u25b7 Noticias de Casanare : Martha Cifuentes | Casanare\" src=\"https:\/\/marthacifuentes.com\/portada\/2023\/05\/26\/pacientes-de-predialisis-afiliados-a-sanitas-en-yopal-rechazan-cambio-de-ips-temen-por-su-salud\/embed\/#?secret=0Zb47F3mcE#?secret=lzL2PZ623N\" width=\"600\" height=\"621\" frameborder=\"0\" marginwidth=\"0\" marginheight=\"0\" scrolling=\"no\" sandbox=\"allow-scripts\" data-secret=\"lzL2PZ623N\" data-mce-fragment=\"1\"><\/iframe><\/p>\n<p><iframe loading=\"lazy\" class=\"wp-embedded-content\" title=\"\u00abEl Polo Democr\u00e1tico Alternativo en Casanare elegir\u00e1 este s\u00e1bado 27 de mayo, directivos y comit\u00e9s municipales en Yopal, Aguazul y Man\u00ed.\u00bb \u2014 \u25b7 Noticias de Casanare : Martha Cifuentes | Casanare\" src=\"https:\/\/marthacifuentes.com\/portada\/2023\/05\/24\/el-polo-democratico-alternativo-en-casanare-elegira-este-sabado-27-de-mayo-directivos-y-comites-municipales-en-yopal-aguazul-y-mani\/embed\/#?secret=OfsM8ygPeK#?secret=LMH1myHUd2\" width=\"600\" height=\"622\" frameborder=\"0\" marginwidth=\"0\" marginheight=\"0\" scrolling=\"no\" sandbox=\"allow-scripts\" data-secret=\"LMH1myHUd2\" data-mce-fragment=\"1\"><\/iframe><\/p>\n<p><iframe loading=\"lazy\" class=\"wp-embedded-content\" title=\"\u00abEl Fiscal Orlando C\u00e1rdenas, el hombre de la justicia y maestro de derecho penal, muri\u00f3, pero dej\u00f3 su legado. \u00a0\u00bb \u2014 \u25b7 Noticias de Casanare : Martha Cifuentes | Casanare\" src=\"https:\/\/marthacifuentes.com\/portada\/2023\/05\/22\/el-fiscal-orlando-cardenas-el-hombre-de-la-justicia-y-maestro-de-derecho-penal-murio-pero-dejo-su-legado\/embed\/#?secret=cN355lkojT#?secret=g1Z9eeBLX4\" width=\"600\" height=\"628\" frameborder=\"0\" marginwidth=\"0\" marginheight=\"0\" scrolling=\"no\" sandbox=\"allow-scripts\" data-secret=\"g1Z9eeBLX4\" data-mce-fragment=\"1\"><\/iframe><\/p>\n<p><iframe loading=\"lazy\" class=\"wp-embedded-content\" title=\"\u00abAlcaldesa de Paz de Ariporo, sancionada con 3 d\u00edas de arresto, por incumplir \u00f3rdenes de la JEP.\u00bb \u2014 \u25b7 Noticias de Casanare : Martha Cifuentes | Casanare\" src=\"https:\/\/marthacifuentes.com\/portada\/2023\/05\/19\/alcaldesa-de-paz-de-ariporo-sancionada-con-3-dias-de-arresto-por-incumplir-ordenes-de-la-jep\/embed\/#?secret=V0XjJDXyee#?secret=l5afUqzpkL\" width=\"600\" height=\"615\" frameborder=\"0\" marginwidth=\"0\" marginheight=\"0\" scrolling=\"no\" sandbox=\"allow-scripts\" data-secret=\"l5afUqzpkL\" data-mce-fragment=\"1\"><\/iframe><\/p>\n<p><iframe loading=\"lazy\" class=\"wp-embedded-content\" title=\"\u00abProyectos de conexi\u00f3n el\u00e9ctrica en Casanare por $50 mil millones, en riesgo por fallas en planeaci\u00f3n y ejecuci\u00f3n: Procuradur\u00eda\u00bb \u2014 \u25b7 Noticias de Casanare : Martha Cifuentes | Casanare\" src=\"https:\/\/marthacifuentes.com\/portada\/2023\/05\/19\/proyectos-de-conexion-electrica-en-casanare-por-50-mil-millones-en-riesgo-por-fallas-en-planeacion-y-ejecucion-procuraduria\/embed\/#?secret=waQ0Ytwvtu#?secret=Fz5lCWRvWU\" width=\"600\" height=\"649\" frameborder=\"0\" marginwidth=\"0\" marginheight=\"0\" scrolling=\"no\" sandbox=\"allow-scripts\" data-secret=\"Fz5lCWRvWU\" data-mce-fragment=\"1\"><\/iframe><\/p>\n<p><iframe loading=\"lazy\" class=\"wp-embedded-content\" title=\"\u00abJusticia absuelve a Lucho Garc\u00eda por delitos sexuales. Ahora volver\u00e1 a la arena pol\u00edtica\u00bb \u2014 \u25b7 Noticias de Casanare : Martha Cifuentes | Casanare\" src=\"https:\/\/marthacifuentes.com\/portada\/2023\/05\/19\/justicia-absuelve-a-lucho-garcia-por-delitos-sexuales-ahora-volvera-a-la-arena-politica\/embed\/#?secret=ySkL08JBSm#?secret=8WF7zw8SH7\" width=\"600\" height=\"621\" frameborder=\"0\" marginwidth=\"0\" marginheight=\"0\" scrolling=\"no\" sandbox=\"allow-scripts\" data-secret=\"8WF7zw8SH7\" data-mce-fragment=\"1\"><\/iframe><\/p>\n<p><iframe loading=\"lazy\" class=\"wp-embedded-content\" title=\"\u00abYopal sin servicio de gas domiciliario y vehicular en la noche de este domingo 21 de mayo.\u00bb \u2014 \u25b7 Noticias de Casanare : Martha Cifuentes | Casanare\" src=\"https:\/\/marthacifuentes.com\/portada\/2023\/05\/18\/yopal-sin-servicio-de-gas-domiciliario-y-vehicular-en-la-noche-de-este-domingo-21-de-mayo\/embed\/#?secret=iU0GftCogw#?secret=MQjWoSkzZZ\" width=\"600\" height=\"568\" frameborder=\"0\" marginwidth=\"0\" marginheight=\"0\" scrolling=\"no\" sandbox=\"allow-scripts\" data-secret=\"MQjWoSkzZZ\" data-mce-fragment=\"1\"><\/iframe><\/p>\n<div><\/div>\n<div>\n<p><iframe loading=\"lazy\" class=\"wp-embedded-content\" title=\"\u00abTribunal niega aclaraci\u00f3n a Eaaay en \u201cpataleo de ahogado\u201d sobre medida que suspende contrato millonario de la PTAR\u00bb \u2014 \u25b7 Noticias de Casanare : Martha Cifuentes | Casanare\" src=\"https:\/\/marthacifuentes.com\/portada\/2023\/05\/15\/tribunal-niega-aclaracion-a-eaaay-en-pataleo-de-ahogado-sobre-medida-que-suspende-contrato-millonario-de-la-ptar\/embed\/#?secret=aM2bfOaTDX#?secret=e5OwlPR6hP\" width=\"600\" height=\"649\" frameborder=\"0\" marginwidth=\"0\" marginheight=\"0\" scrolling=\"no\" sandbox=\"allow-scripts\" data-secret=\"e5OwlPR6hP\" data-mce-fragment=\"1\"><\/iframe><\/p>\n<p><iframe loading=\"lazy\" class=\"wp-embedded-content\" title=\"\u00abComienza auditor\u00eda a administraci\u00f3n de recursos de Salud en ADRES. Capresoca atenta a requerimientos.\u00bb \u2014 \u25b7 Noticias de Casanare : Martha Cifuentes | Casanare\" src=\"https:\/\/marthacifuentes.com\/portada\/2023\/05\/11\/comienza-auditoria-a-administracion-de-recursos-de-salud-en-adres-capresoca-atenta-a-requerimientos\/embed\/#?secret=vEI9GQtYJj#?secret=Ost1SSkVTC\" width=\"600\" height=\"558\" frameborder=\"0\" marginwidth=\"0\" marginheight=\"0\" scrolling=\"no\" sandbox=\"allow-scripts\" data-secret=\"Ost1SSkVTC\" data-mce-fragment=\"1\"><\/iframe><\/p>\n<p><iframe loading=\"lazy\" class=\"wp-embedded-content\" title=\"\u00abInteresados en estudiar en Unitr\u00f3pico en Yopal, ya pueden inscribirse.\u00bb \u2014 \u25b7 Noticias de Casanare : Martha Cifuentes | Casanare\" src=\"https:\/\/marthacifuentes.com\/portada\/2023\/05\/11\/interesados-en-estudiar-en-unitropico-en-yopal-ya-pueden-inscribirse\/embed\/#?secret=NU01ZRapmT#?secret=pKJ3Kqfp4A\" width=\"600\" height=\"621\" frameborder=\"0\" marginwidth=\"0\" marginheight=\"0\" scrolling=\"no\" sandbox=\"allow-scripts\" data-secret=\"pKJ3Kqfp4A\" data-mce-fragment=\"1\"><\/iframe><\/p>\n<p><iframe loading=\"lazy\" class=\"wp-embedded-content\" title=\"\u00abDemora en inicio del PAE de Yopal en la lupa de la Procuradur\u00eda General.\u00bb \u2014 \u25b7 Noticias de Casanare : Martha Cifuentes | Casanare\" src=\"https:\/\/marthacifuentes.com\/portada\/2023\/05\/11\/demora-en-inicio-del-pae-de-yopal-en-la-lupa-de-la-procuraduria-general\/embed\/#?secret=Srv8Ysa9um#?secret=p8W3Tsvdbu\" width=\"600\" height=\"621\" frameborder=\"0\" marginwidth=\"0\" marginheight=\"0\" scrolling=\"no\" sandbox=\"allow-scripts\" data-secret=\"p8W3Tsvdbu\" data-mce-fragment=\"1\"><\/iframe><\/p>\n<p><iframe loading=\"lazy\" class=\"wp-embedded-content\" title=\"\u00abGeopark expone gesti\u00f3n empresarial y socioambiental a autoridades locales de Casanare\u00bb \u2014 \u25b7 Noticias de Casanare : Martha Cifuentes | Casanare\" src=\"https:\/\/marthacifuentes.com\/portada\/2023\/05\/08\/geopark-expone-gestion-empresarial-y-socioambiental-a-autoridades-locales-de-casanare\/embed\/#?secret=jmkLIDeQbI#?secret=StwRQbfYnO\" width=\"600\" height=\"621\" frameborder=\"0\" marginwidth=\"0\" marginheight=\"0\" scrolling=\"no\" sandbox=\"allow-scripts\" data-secret=\"StwRQbfYnO\" data-mce-fragment=\"1\"><\/iframe><\/p>\n<p><iframe loading=\"lazy\" class=\"wp-embedded-content\" title=\"\u00abEcopetrol destaca que inversi\u00f3n social en Yopal supera 30 mil millones de pesos, entre 2020 y 2023\u00bb \u2014 \u25b7 Noticias de Casanare : Martha Cifuentes | Casanare\" src=\"https:\/\/marthacifuentes.com\/portada\/2023\/05\/04\/ecopetrol-destaca-que-inversion-social-en-yopal-supera-30-mil-millones-de-pesos-entre-2020-y-2023\/embed\/#?secret=mH652kmZLz#?secret=0WmBYJu5UB\" width=\"600\" height=\"600\" frameborder=\"0\" marginwidth=\"0\" marginheight=\"0\" scrolling=\"no\" sandbox=\"allow-scripts\" data-secret=\"0WmBYJu5UB\" data-mce-fragment=\"1\"><\/iframe><\/p>\n<p><iframe loading=\"lazy\" class=\"wp-embedded-content\" title=\"\u00abCientos de familias campesinas afectadas por posible colapso de puente de La Consigna, en Man\u00ed.\u00bb \u2014 \u25b7 Noticias de Casanare : Martha Cifuentes | Casanare\" src=\"https:\/\/marthacifuentes.com\/portada\/2023\/05\/04\/cientos-de-familias-campesinas-afectadas-por-posible-colapso-de-puente-de-la-consigna-en-mani\/embed\/#?secret=XL6AoNKqO0#?secret=bbvwBo77n3\" width=\"600\" height=\"620\" frameborder=\"0\" marginwidth=\"0\" marginheight=\"0\" scrolling=\"no\" sandbox=\"allow-scripts\" data-secret=\"bbvwBo77n3\" data-mce-fragment=\"1\"><\/iframe><\/p>\n<p><iframe loading=\"lazy\" class=\"wp-embedded-content\" title=\"\u00abEstudiantes yopale\u00f1os en cese de actividades. Alcald\u00eda de Yopal no ha cumplido con servicios de la canasta educativa.\u00bb \u2014 \u25b7 Noticias de Casanare : Martha Cifuentes | Casanare\" src=\"https:\/\/marthacifuentes.com\/portada\/2023\/05\/04\/estudiantes-yopalenos-en-cese-de-actividades-alcaldia-de-yopal-no-ha-cumplido-con-servicios-de-la-canasta-educativa\/embed\/#?secret=fRwYaWVmAi#?secret=IVB23rzrt2\" width=\"600\" height=\"649\" frameborder=\"0\" marginwidth=\"0\" marginheight=\"0\" scrolling=\"no\" sandbox=\"allow-scripts\" data-secret=\"IVB23rzrt2\" data-mce-fragment=\"1\"><\/iframe><\/p>\n<p><iframe loading=\"lazy\" class=\"wp-embedded-content\" title=\"\u00abGobernador de Casanare y alcalde de Yopal obligados a asistir a mesa de trabajo sobre Torres del Silencio, en la Contralor\u00eda General, Delegaci\u00f3n Casanare\u00bb \u2014 \u25b7 Noticias de Casanare : Martha Cifuentes | Casanare\" src=\"https:\/\/marthacifuentes.com\/portada\/2023\/05\/03\/gobernador-de-casanare-y-alcalde-de-yopal-obligados-a-asistir-a-mesa-de-trabajo-sobre-torres-del-silencio-en-la-contraloria-general-delegacion-casanare\/embed\/#?secret=ZWoC5EpsFp#?secret=RQnHitXqgY\" width=\"600\" height=\"357\" frameborder=\"0\" marginwidth=\"0\" marginheight=\"0\" scrolling=\"no\" sandbox=\"allow-scripts\" data-secret=\"RQnHitXqgY\" data-mce-fragment=\"1\"><\/iframe><\/p>\n<p><iframe loading=\"lazy\" class=\"wp-embedded-content\" title=\"\u00abExdiputado Wilmar Cuevas apoya a aspirante Elirio Cruz, en consulta para elegir candidatos a Asamblea por Aguazul\u00bb \u2014 \u25b7 Noticias de Casanare : Martha Cifuentes | Casanare\" src=\"https:\/\/marthacifuentes.com\/portada\/2023\/04\/21\/exdiputado-wilmar-cuevas-apoya-a-aspirante-elirio-cruz-en-consulta-para-elegir-candidatos-a-asamblea-por-aguazul\/embed\/#?secret=yjRjZerPEy#?secret=WddudA1rfz\" width=\"600\" height=\"642\" frameborder=\"0\" marginwidth=\"0\" marginheight=\"0\" scrolling=\"no\" sandbox=\"allow-scripts\" data-secret=\"WddudA1rfz\" data-mce-fragment=\"1\"><\/iframe><\/p>\n<p><iframe loading=\"lazy\" class=\"wp-embedded-content\" title=\"\u00abCarro compactador y unidades sanitarias, entreg\u00f3 Parex a poblaci\u00f3n y estudiantes de Villanueva\u00bb \u2014 \u25b7 Noticias de Casanare : Martha Cifuentes | Casanare\" src=\"https:\/\/marthacifuentes.com\/portada\/2023\/04\/21\/carro-compactador-y-unidades-sanitarias-entrego-parex-a-poblacion-y-estudiantes-de-villanueva\/embed\/#?secret=C1CD77ewgw#?secret=mS9h21WUP4\" width=\"600\" height=\"558\" frameborder=\"0\" marginwidth=\"0\" marginheight=\"0\" scrolling=\"no\" sandbox=\"allow-scripts\" data-secret=\"mS9h21WUP4\" data-mce-fragment=\"1\"><\/iframe><\/p>\n<p><iframe loading=\"lazy\" class=\"wp-embedded-content\" title=\"\u00abMillonario contrato de Eaaay seguir\u00e1 suspendido. Tribunal Administrativo dice que es una concesi\u00f3n y contratista no demostr\u00f3 solvencia financiera y t\u00e9cnica\u00bb \u2014 \u25b7 Noticias de Casanare : Martha Cifuentes | Casanare\" src=\"https:\/\/marthacifuentes.com\/portada\/2023\/04\/21\/millonario-contrato-de-eaaay-seguira-suspendido-tribunal-administrativo-dice-que-es-una-concesion-y-contratista-no-demostro-solvencia-financiera-y-tecnica\/embed\/#?secret=j48jVNX82W#?secret=FPtcRyiO0u\" width=\"600\" height=\"649\" frameborder=\"0\" marginwidth=\"0\" marginheight=\"0\" scrolling=\"no\" sandbox=\"allow-scripts\" data-secret=\"FPtcRyiO0u\" data-mce-fragment=\"1\"><\/iframe><\/p>\n<p><iframe loading=\"lazy\" class=\"wp-embedded-content\" title=\"\u00abPolic\u00eda, responsable de asesinato de habitante de calle en CAI en Yopal, ocurrido en 2016, deber\u00e1 indemnizar a su familia.\u00bb \u2014 \u25b7 Noticias de Casanare : Martha Cifuentes | Casanare\" src=\"https:\/\/marthacifuentes.com\/portada\/2023\/04\/18\/policia-responsable-de-asesinato-de-habitante-de-calle-en-cai-en-yopal-ocurrido-en-2016-debera-indemnizar-a-su-familia\/embed\/#?secret=gr6rNcDr5u#?secret=rYPptGG3LA\" width=\"600\" height=\"628\" frameborder=\"0\" marginwidth=\"0\" marginheight=\"0\" scrolling=\"no\" sandbox=\"allow-scripts\" data-secret=\"rYPptGG3LA\" data-mce-fragment=\"1\"><\/iframe><\/p>\n<p><iframe loading=\"lazy\" class=\"wp-embedded-content\" title=\"\u00abUn joven en el cementerio, uno paralizado en un hospital y otros dos en la c\u00e1rcel: Saldo de peleas delincuenciales en Yopal.\u00bb \u2014 \u25b7 Noticias de Casanare : Martha Cifuentes | Casanare\" src=\"https:\/\/marthacifuentes.com\/portada\/2023\/04\/17\/un-joven-en-el-cementerio-uno-paralizado-en-un-hospital-y-otros-dos-en-la-carcel-saldo-de-peleas-delincuenciales-en-yopal\/embed\/#?secret=QP5x7eeHAi#?secret=VUc2zxdqA0\" width=\"600\" height=\"604\" frameborder=\"0\" marginwidth=\"0\" marginheight=\"0\" scrolling=\"no\" sandbox=\"allow-scripts\" data-secret=\"VUc2zxdqA0\" data-mce-fragment=\"1\"><\/iframe><\/p>\n<\/div>\n","protected":false},"excerpt":{"rendered":"<p>Seg\u00fan comunicado del \u00f3rgano de control disciplinario, avanza para dar respuesta, desde lo preventivo y disciplinario, a las principales problem\u00e1ticas en temas sanitarios, de vivienda y de alimentaci\u00f3n escolar, de los habitantes del departamento de Casanare, y relaciona varias obras en veremos, del departamento. &nbsp; Sistemas de acueducto y plantas de tratamiento de aguas residuales &hellip;<\/p>\n","protected":false},"author":2,"featured_media":31636,"comment_status":"open","ping_status":"open","sticky":false,"template":"","format":"standard","meta":{"om_disable_all_campaigns":false,"_exactmetrics_skip_tracking":false,"_exactmetrics_sitenote_active":false,"_exactmetrics_sitenote_note":"","_exactmetrics_sitenote_category":0,"_monsterinsights_skip_tracking":false,"_monsterinsights_sitenote_active":false,"_monsterinsights_sitenote_note":"","_monsterinsights_sitenote_category":0,"_uf_show_specific_survey":0,"_uf_disable_surveys":false,"_joinchat":[],"footnotes":""},"categories":[147,146,145],"tags":[9197,1373,9198,1400,1421,9199,1376],"class_list":["post-31635","post","type-post","status-publish","format-standard","has-post-thumbnail","hentry","category-actualidad","category-noticias","category-reportajes","tag-alcaldia-de-yopal-torres-del-silencio-pae","tag-casanare-noticias","tag-gobernacion-de-casanare-torres-del-silencio-pae","tag-noticias-casanare","tag-noticias-yopal","tag-procuraduria-vigila-torres-del-silencio-en-yopal-pae-y-ptar","tag-yopal-noticias"],"yoast_head":"<!-- This site is optimized with the Yoast SEO plugin v26.1 - https:\/\/yoast.com\/wordpress\/plugins\/seo\/ -->\n<title>Torres del Silencio, PTAR y PAE, en Casanare, problem\u00e1ticas que preocupan a la Procuradur\u00eda - \u25b7 Noticias de Casanare : Martha Cifuentes | Casanare<\/title>\n<meta name=\"robots\" content=\"index, follow, max-snippet:-1, max-image-preview:large, max-video-preview:-1\" \/>\n<link rel=\"canonical\" href=\"https:\/\/marthacifuentes.com\/portada\/torres-del-silencio-ptar-y-pae-en-casanare-problematicas-que-preocupan-a-la-procuraduria\/\" \/>\n<meta property=\"og:locale\" content=\"es_ES\" \/>\n<meta property=\"og:type\" content=\"article\" \/>\n<meta property=\"og:title\" content=\"Torres del Silencio, PTAR y PAE, en Casanare, problem\u00e1ticas que preocupan a la Procuradur\u00eda - \u25b7 Noticias de Casanare : Martha Cifuentes | Casanare\" \/>\n<meta property=\"og:description\" content=\"Seg\u00fan comunicado del \u00f3rgano de control disciplinario, avanza para dar respuesta, desde lo preventivo y disciplinario, a las principales problem\u00e1ticas en temas sanitarios, de vivienda y de alimentaci\u00f3n escolar, de los habitantes del departamento de Casanare, y relaciona varias obras en veremos, del departamento. &nbsp; Sistemas de acueducto y plantas de tratamiento de aguas residuales &hellip;\" \/>\n<meta property=\"og:url\" content=\"https:\/\/marthacifuentes.com\/portada\/torres-del-silencio-ptar-y-pae-en-casanare-problematicas-que-preocupan-a-la-procuraduria\/\" \/>\n<meta property=\"og:site_name\" content=\"\u25b7 Noticias de Casanare : Martha Cifuentes | Casanare\" \/>\n<meta property=\"article:published_time\" content=\"2023-06-06T14:58:49+00:00\" \/>\n<meta property=\"og:image\" content=\"https:\/\/marthacifuentes.com\/portada\/wp-content\/uploads\/2023\/06\/casanare-vivienda-silencio-26022015.webp\" \/>\n\t<meta property=\"og:image:width\" content=\"800\" \/>\n\t<meta property=\"og:image:height\" content=\"476\" \/>\n\t<meta property=\"og:image:type\" content=\"image\/webp\" \/>\n<meta name=\"author\" content=\"Martha Cifuentes\" \/>\n<meta name=\"twitter:card\" content=\"summary_large_image\" \/>\n<meta name=\"twitter:label1\" content=\"Escrito por\" \/>\n\t<meta name=\"twitter:data1\" content=\"Martha Cifuentes\" \/>\n\t<meta name=\"twitter:label2\" content=\"Tiempo de lectura\" \/>\n\t<meta name=\"twitter:data2\" content=\"2 minutos\" \/>\n<script type=\"application\/ld+json\" class=\"yoast-schema-graph\">{\"@context\":\"https:\/\/schema.org\",\"@graph\":[{\"@type\":\"WebPage\",\"@id\":\"https:\/\/marthacifuentes.com\/portada\/torres-del-silencio-ptar-y-pae-en-casanare-problematicas-que-preocupan-a-la-procuraduria\/\",\"url\":\"https:\/\/marthacifuentes.com\/portada\/torres-del-silencio-ptar-y-pae-en-casanare-problematicas-que-preocupan-a-la-procuraduria\/\",\"name\":\"Torres del Silencio, PTAR y PAE, en Casanare, problem\u00e1ticas que preocupan a la Procuradur\u00eda - \u25b7 Noticias de Casanare : Martha Cifuentes | Casanare\",\"isPartOf\":{\"@id\":\"https:\/\/marthacifuentes.com\/portada\/#website\"},\"primaryImageOfPage\":{\"@id\":\"https:\/\/marthacifuentes.com\/portada\/torres-del-silencio-ptar-y-pae-en-casanare-problematicas-que-preocupan-a-la-procuraduria\/#primaryimage\"},\"image\":{\"@id\":\"https:\/\/marthacifuentes.com\/portada\/torres-del-silencio-ptar-y-pae-en-casanare-problematicas-que-preocupan-a-la-procuraduria\/#primaryimage\"},\"thumbnailUrl\":\"https:\/\/marthacifuentes.com\/portada\/wp-content\/uploads\/2023\/06\/casanare-vivienda-silencio-26022015.webp\",\"datePublished\":\"2023-06-06T14:58:49+00:00\",\"author\":{\"@id\":\"https:\/\/marthacifuentes.com\/portada\/#\/schema\/person\/57f53174b991db5f90ff78d58502b714\"},\"breadcrumb\":{\"@id\":\"https:\/\/marthacifuentes.com\/portada\/torres-del-silencio-ptar-y-pae-en-casanare-problematicas-que-preocupan-a-la-procuraduria\/#breadcrumb\"},\"inLanguage\":\"es\",\"potentialAction\":[{\"@type\":\"ReadAction\",\"target\":[\"https:\/\/marthacifuentes.com\/portada\/torres-del-silencio-ptar-y-pae-en-casanare-problematicas-que-preocupan-a-la-procuraduria\/\"]}]},{\"@type\":\"ImageObject\",\"inLanguage\":\"es\",\"@id\":\"https:\/\/marthacifuentes.com\/portada\/torres-del-silencio-ptar-y-pae-en-casanare-problematicas-que-preocupan-a-la-procuraduria\/#primaryimage\",\"url\":\"https:\/\/marthacifuentes.com\/portada\/wp-content\/uploads\/2023\/06\/casanare-vivienda-silencio-26022015.webp\",\"contentUrl\":\"https:\/\/marthacifuentes.com\/portada\/wp-content\/uploads\/2023\/06\/casanare-vivienda-silencio-26022015.webp\",\"width\":800,\"height\":476},{\"@type\":\"BreadcrumbList\",\"@id\":\"https:\/\/marthacifuentes.com\/portada\/torres-del-silencio-ptar-y-pae-en-casanare-problematicas-que-preocupan-a-la-procuraduria\/#breadcrumb\",\"itemListElement\":[{\"@type\":\"ListItem\",\"position\":1,\"name\":\"Portada\",\"item\":\"https:\/\/marthacifuentes.com\/portada\/\"},{\"@type\":\"ListItem\",\"position\":2,\"name\":\"Torres del Silencio, PTAR y PAE, en Casanare, problem\u00e1ticas que preocupan a la Procuradur\u00eda\"}]},{\"@type\":\"WebSite\",\"@id\":\"https:\/\/marthacifuentes.com\/portada\/#website\",\"url\":\"https:\/\/marthacifuentes.com\/portada\/\",\"name\":\"\u25b7 Noticias de Casanare : Martha Cifuentes | Casanare\",\"description\":\"Noticias &amp; Contenidos\",\"potentialAction\":[{\"@type\":\"SearchAction\",\"target\":{\"@type\":\"EntryPoint\",\"urlTemplate\":\"https:\/\/marthacifuentes.com\/portada\/?s={search_term_string}\"},\"query-input\":{\"@type\":\"PropertyValueSpecification\",\"valueRequired\":true,\"valueName\":\"search_term_string\"}}],\"inLanguage\":\"es\"},{\"@type\":\"Person\",\"@id\":\"https:\/\/marthacifuentes.com\/portada\/#\/schema\/person\/57f53174b991db5f90ff78d58502b714\",\"name\":\"Martha Cifuentes\",\"image\":{\"@type\":\"ImageObject\",\"inLanguage\":\"es\",\"@id\":\"https:\/\/marthacifuentes.com\/portada\/#\/schema\/person\/image\/\",\"url\":\"http:\/\/marthacifuentes.com\/portada\/wp-content\/uploads\/2018\/06\/avatar_user_2_1528838701-96x96.jpg\",\"contentUrl\":\"http:\/\/marthacifuentes.com\/portada\/wp-content\/uploads\/2018\/06\/avatar_user_2_1528838701-96x96.jpg\",\"caption\":\"Martha Cifuentes\"},\"sameAs\":[\"http:\/\/www.marthacifuentes.com\"],\"url\":\"https:\/\/marthacifuentes.com\/portada\/author\/martha\/\"}]}<\/script>\n<!-- \/ Yoast SEO plugin. -->","yoast_head_json":{"title":"Torres del Silencio, PTAR y PAE, en Casanare, problem\u00e1ticas que preocupan a la Procuradur\u00eda - \u25b7 Noticias de Casanare : Martha Cifuentes | Casanare","robots":{"index":"index","follow":"follow","max-snippet":"max-snippet:-1","max-image-preview":"max-image-preview:large","max-video-preview":"max-video-preview:-1"},"canonical":"https:\/\/marthacifuentes.com\/portada\/torres-del-silencio-ptar-y-pae-en-casanare-problematicas-que-preocupan-a-la-procuraduria\/","og_locale":"es_ES","og_type":"article","og_title":"Torres del Silencio, PTAR y PAE, en Casanare, problem\u00e1ticas que preocupan a la Procuradur\u00eda - \u25b7 Noticias de Casanare : Martha Cifuentes | Casanare","og_description":"Seg\u00fan comunicado del \u00f3rgano de control disciplinario, avanza para dar respuesta, desde lo preventivo y disciplinario, a las principales problem\u00e1ticas en temas sanitarios, de vivienda y de alimentaci\u00f3n escolar, de los habitantes del departamento de Casanare, y relaciona varias obras en veremos, del departamento. &nbsp; Sistemas de acueducto y plantas de tratamiento de aguas residuales &hellip;","og_url":"https:\/\/marthacifuentes.com\/portada\/torres-del-silencio-ptar-y-pae-en-casanare-problematicas-que-preocupan-a-la-procuraduria\/","og_site_name":"\u25b7 Noticias de Casanare : Martha Cifuentes | Casanare","article_published_time":"2023-06-06T14:58:49+00:00","og_image":[{"width":800,"height":476,"url":"https:\/\/marthacifuentes.com\/portada\/wp-content\/uploads\/2023\/06\/casanare-vivienda-silencio-26022015.webp","type":"image\/webp"}],"author":"Martha Cifuentes","twitter_card":"summary_large_image","twitter_misc":{"Escrito por":"Martha Cifuentes","Tiempo de lectura":"2 minutos"},"schema":{"@context":"https:\/\/schema.org","@graph":[{"@type":"WebPage","@id":"https:\/\/marthacifuentes.com\/portada\/torres-del-silencio-ptar-y-pae-en-casanare-problematicas-que-preocupan-a-la-procuraduria\/","url":"https:\/\/marthacifuentes.com\/portada\/torres-del-silencio-ptar-y-pae-en-casanare-problematicas-que-preocupan-a-la-procuraduria\/","name":"Torres del Silencio, PTAR y PAE, en Casanare, problem\u00e1ticas que preocupan a la Procuradur\u00eda - \u25b7 Noticias de Casanare : Martha Cifuentes | Casanare","isPartOf":{"@id":"https:\/\/marthacifuentes.com\/portada\/#website"},"primaryImageOfPage":{"@id":"https:\/\/marthacifuentes.com\/portada\/torres-del-silencio-ptar-y-pae-en-casanare-problematicas-que-preocupan-a-la-procuraduria\/#primaryimage"},"image":{"@id":"https:\/\/marthacifuentes.com\/portada\/torres-del-silencio-ptar-y-pae-en-casanare-problematicas-que-preocupan-a-la-procuraduria\/#primaryimage"},"thumbnailUrl":"https:\/\/marthacifuentes.com\/portada\/wp-content\/uploads\/2023\/06\/casanare-vivienda-silencio-26022015.webp","datePublished":"2023-06-06T14:58:49+00:00","author":{"@id":"https:\/\/marthacifuentes.com\/portada\/#\/schema\/person\/57f53174b991db5f90ff78d58502b714"},"breadcrumb":{"@id":"https:\/\/marthacifuentes.com\/portada\/torres-del-silencio-ptar-y-pae-en-casanare-problematicas-que-preocupan-a-la-procuraduria\/#breadcrumb"},"inLanguage":"es","potentialAction":[{"@type":"ReadAction","target":["https:\/\/marthacifuentes.com\/portada\/torres-del-silencio-ptar-y-pae-en-casanare-problematicas-que-preocupan-a-la-procuraduria\/"]}]},{"@type":"ImageObject","inLanguage":"es","@id":"https:\/\/marthacifuentes.com\/portada\/torres-del-silencio-ptar-y-pae-en-casanare-problematicas-que-preocupan-a-la-procuraduria\/#primaryimage","url":"https:\/\/marthacifuentes.com\/portada\/wp-content\/uploads\/2023\/06\/casanare-vivienda-silencio-26022015.webp","contentUrl":"https:\/\/marthacifuentes.com\/portada\/wp-content\/uploads\/2023\/06\/casanare-vivienda-silencio-26022015.webp","width":800,"height":476},{"@type":"BreadcrumbList","@id":"https:\/\/marthacifuentes.com\/portada\/torres-del-silencio-ptar-y-pae-en-casanare-problematicas-que-preocupan-a-la-procuraduria\/#breadcrumb","itemListElement":[{"@type":"ListItem","position":1,"name":"Portada","item":"https:\/\/marthacifuentes.com\/portada\/"},{"@type":"ListItem","position":2,"name":"Torres del Silencio, PTAR y PAE, en Casanare, problem\u00e1ticas que preocupan a la Procuradur\u00eda"}]},{"@type":"WebSite","@id":"https:\/\/marthacifuentes.com\/portada\/#website","url":"https:\/\/marthacifuentes.com\/portada\/","name":"\u25b7 Noticias de Casanare : Martha Cifuentes | Casanare","description":"Noticias &amp; Contenidos","potentialAction":[{"@type":"SearchAction","target":{"@type":"EntryPoint","urlTemplate":"https:\/\/marthacifuentes.com\/portada\/?s={search_term_string}"},"query-input":{"@type":"PropertyValueSpecification","valueRequired":true,"valueName":"search_term_string"}}],"inLanguage":"es"},{"@type":"Person","@id":"https:\/\/marthacifuentes.com\/portada\/#\/schema\/person\/57f53174b991db5f90ff78d58502b714","name":"Martha Cifuentes","image":{"@type":"ImageObject","inLanguage":"es","@id":"https:\/\/marthacifuentes.com\/portada\/#\/schema\/person\/image\/","url":"http:\/\/marthacifuentes.com\/portada\/wp-content\/uploads\/2018\/06\/avatar_user_2_1528838701-96x96.jpg","contentUrl":"http:\/\/marthacifuentes.com\/portada\/wp-content\/uploads\/2018\/06\/avatar_user_2_1528838701-96x96.jpg","caption":"Martha Cifuentes"},"sameAs":["http:\/\/www.marthacifuentes.com"],"url":"https:\/\/marthacifuentes.com\/portada\/author\/martha\/"}]}},"_links":{"self":[{"href":"https:\/\/marthacifuentes.com\/portada\/wp-json\/wp\/v2\/posts\/31635","targetHints":{"allow":["GET"]}}],"collection":[{"href":"https:\/\/marthacifuentes.com\/portada\/wp-json\/wp\/v2\/posts"}],"about":[{"href":"https:\/\/marthacifuentes.com\/portada\/wp-json\/wp\/v2\/types\/post"}],"author":[{"embeddable":true,"href":"https:\/\/marthacifuentes.com\/portada\/wp-json\/wp\/v2\/users\/2"}],"replies":[{"embeddable":true,"href":"https:\/\/marthacifuentes.com\/portada\/wp-json\/wp\/v2\/comments?post=31635"}],"version-history":[{"count":1,"href":"https:\/\/marthacifuentes.com\/portada\/wp-json\/wp\/v2\/posts\/31635\/revisions"}],"predecessor-version":[{"id":31637,"href":"https:\/\/marthacifuentes.com\/portada\/wp-json\/wp\/v2\/posts\/31635\/revisions\/31637"}],"wp:featuredmedia":[{"embeddable":true,"href":"https:\/\/marthacifuentes.com\/portada\/wp-json\/wp\/v2\/media\/31636"}],"wp:attachment":[{"href":"https:\/\/marthacifuentes.com\/portada\/wp-json\/wp\/v2\/media?parent=31635"}],"wp:term":[{"taxonomy":"category","embeddable":true,"href":"https:\/\/marthacifuentes.com\/portada\/wp-json\/wp\/v2\/categories?post=31635"},{"taxonomy":"post_tag","embeddable":true,"href":"https:\/\/marthacifuentes.com\/portada\/wp-json\/wp\/v2\/tags?post=31635"}],"curies":[{"name":"wp","href":"https:\/\/api.w.org\/{rel}","templated":true}]}}