{"id":31670,"date":"2023-06-08T15:33:51","date_gmt":"2023-06-08T20:33:51","guid":{"rendered":"https:\/\/marthacifuentes.com\/portada\/?p=31670"},"modified":"2023-06-08T15:34:11","modified_gmt":"2023-06-08T20:34:11","slug":"cambio-climatico-un-problema-de-todos-fue-analizado-en-simposio-de-desarrollo-sostenible-hecho-por-corporinoquia","status":"publish","type":"post","link":"https:\/\/marthacifuentes.com\/portada\/cambio-climatico-un-problema-de-todos-fue-analizado-en-simposio-de-desarrollo-sostenible-hecho-por-corporinoquia\/","title":{"rendered":"Cambio clim\u00e1tico, un problema de todos, fue analizado en Simposio de Desarrollo Sostenible hecho por Corporinoquia"},"content":{"rendered":"<p style=\"font-weight: 400;\">La Corporaci\u00f3n Aut\u00f3noma Regional de la Orinoquia llev\u00f3 a cabo el II Simposio \u00abEstrategias para el Desarrollo Sostenible de Agroecosistemas y la Reducci\u00f3n de Emisiones en la Orinoquia\u00bb. Este evento reuni\u00f3 a destacados expertos, investigadores y actores relevantes en el \u00e1mbito del cambio clim\u00e1tico y la sostenibilidad en la regi\u00f3n.<\/p>\n<p style=\"font-weight: 400;\">El simposio proporcion\u00f3 un espacio de intercambio de conocimientos y experiencias en relaci\u00f3n con el cambio clim\u00e1tico y su impacto en los agroecosistemas de la regi\u00f3n de la Orinoquia. Los participantes abordaron diversas tem\u00e1ticas, como la adaptaci\u00f3n al cambio clim\u00e1tico, el biocarbono, la econom\u00eda del cambio clim\u00e1tico y el desarrollo de arroz de bajo carbono.<\/p>\n<p style=\"font-weight: 400;\">Durante el evento, se destacaron las iniciativas y proyectos implementados por Corporinoquia y otras entidades aliadas para hacer frente a los desaf\u00edos ambientales en la regi\u00f3n. Se resalt\u00f3 la importancia de desarrollar estrategias sostenibles que promuevan la conservaci\u00f3n de los agroecosistemas y la reducci\u00f3n de emisiones de gases de efecto invernadero.<\/p>\n<p style=\"font-weight: 400;\">El cambio clim\u00e1tico es un problema global que requiere la cooperaci\u00f3n de todos los sectores de la sociedad. En este sentido, el II Simposio sirvi\u00f3 como plataforma para fomentar la colaboraci\u00f3n y promover la adopci\u00f3n de pr\u00e1cticas y tecnolog\u00edas innovadoras que contribuyan al desarrollo sostenible.<\/p>\n<p style=\"font-weight: 400;\">La directora de Corporinoquia, Doris Bernal C\u00e1rdenas, indic\u00f3 que los seres humanos hemos sido responsables del deterioro de nuestros recursos naturales, por lo que ahora se debe asumir un compromiso y una responsabilidad hacia la vida y el planeta. La funcionaria enfatiz\u00f3 que aunque las entidades tienen el compromiso de trabajar por la protecci\u00f3n y conservaci\u00f3n del medio ambiente, tambi\u00e9n necesitan el apoyo activo de la comunidad.<\/p>\n<h2><span style=\"color: #ff6600;\">Otras noticias&#8230;<\/span><\/h2>\n<blockquote class=\"wp-embedded-content\" data-secret=\"I1nsM17m3B\"><p><a href=\"https:\/\/marthacifuentes.com\/portada\/2023\/06\/08\/restablecido-servicio-de-gas-en-vereda-bendiciones-tauramena-confirma-cusianagas\/\">Restablecido servicio de gas en vereda Bendiciones, Tauramena, confirma Cusianagas<\/a><\/p><\/blockquote>\n<p><iframe loading=\"lazy\" class=\"wp-embedded-content\" sandbox=\"allow-scripts\" security=\"restricted\" style=\"position: absolute; clip: rect(1px, 1px, 1px, 1px);\" title=\"\u00abRestablecido servicio de gas en vereda Bendiciones, Tauramena, confirma Cusianagas\u00bb \u2014 \u25b7 Noticias de Casanare : Martha Cifuentes | Casanare\" src=\"https:\/\/marthacifuentes.com\/portada\/2023\/06\/08\/restablecido-servicio-de-gas-en-vereda-bendiciones-tauramena-confirma-cusianagas\/embed\/#?secret=Maxzxlu6hp#?secret=I1nsM17m3B\" data-secret=\"I1nsM17m3B\" width=\"500\" height=\"282\" frameborder=\"0\" marginwidth=\"0\" marginheight=\"0\" scrolling=\"no\"><\/iframe><\/p>\n<blockquote class=\"wp-embedded-content\" data-secret=\"qTTZUoNMn7\"><p><a href=\"https:\/\/marthacifuentes.com\/portada\/2023\/06\/07\/por-deslizamientos-de-tierra-cerrada-via-que-une-a-boyaca-con-casanare-entre-paya-y-nunchia\/\">Por deslizamientos de tierra, cerrada v\u00eda que une a Boyac\u00e1 con Casanare entre Paya y Nunch\u00eda<\/a><\/p><\/blockquote>\n<p><iframe loading=\"lazy\" class=\"wp-embedded-content\" sandbox=\"allow-scripts\" security=\"restricted\" style=\"position: absolute; clip: rect(1px, 1px, 1px, 1px);\" title=\"\u00abPor deslizamientos de tierra, cerrada v\u00eda que une a Boyac\u00e1 con Casanare entre Paya y Nunch\u00eda\u00bb \u2014 \u25b7 Noticias de Casanare : Martha Cifuentes | Casanare\" src=\"https:\/\/marthacifuentes.com\/portada\/2023\/06\/07\/por-deslizamientos-de-tierra-cerrada-via-que-une-a-boyaca-con-casanare-entre-paya-y-nunchia\/embed\/#?secret=0X7roblBfa#?secret=qTTZUoNMn7\" data-secret=\"qTTZUoNMn7\" width=\"500\" height=\"282\" frameborder=\"0\" marginwidth=\"0\" marginheight=\"0\" scrolling=\"no\"><\/iframe><\/p>\n<p><iframe loading=\"lazy\" class=\"wp-embedded-content\" title=\"\u00abUsuarios de v\u00eda Yopal-Monterrey-Villanueva-Villavicencio ser\u00e1n afectados por cierres nocturnos\u00bb \u2014 \u25b7 Noticias de Casanare : Martha Cifuentes | Casanare\" src=\"https:\/\/marthacifuentes.com\/portada\/2023\/06\/07\/usuarios-de-via-yopal-monterrey-villanueva-villavicencio-seran-afectados-por-cierres-nocturnos\/embed\/#?secret=ID1Du2o3kY#?secret=1RtWRvpf7u\" width=\"600\" height=\"620\" frameborder=\"0\" marginwidth=\"0\" marginheight=\"0\" scrolling=\"no\" sandbox=\"allow-scripts\" data-secret=\"1RtWRvpf7u\" data-mce-fragment=\"1\"><\/iframe><\/p>\n<p><iframe loading=\"lazy\" class=\"wp-embedded-content\" title=\"\u00abJugaron mal y perdieron. Asaltantes de casino en Aguazul fueron judicializados\u00bb \u2014 \u25b7 Noticias de Casanare : Martha Cifuentes | Casanare\" src=\"https:\/\/marthacifuentes.com\/portada\/2023\/06\/07\/jugaron-mal-y-perdieron-asaltantes-de-casino-en-aguazul-fueron-judicializados\/embed\/#?secret=CxD2xQGQkw#?secret=zwOwV8t64J\" width=\"600\" height=\"621\" frameborder=\"0\" marginwidth=\"0\" marginheight=\"0\" scrolling=\"no\" sandbox=\"allow-scripts\" data-secret=\"zwOwV8t64J\" data-mce-fragment=\"1\"><\/iframe><\/p>\n<p><iframe loading=\"lazy\" class=\"wp-embedded-content\" title=\"\u00abYopal de mi\u00e9r\u2026 coles, con paro de taxistas, bloqueo en relleno sanitario y cierres viales en el centro\u00bb \u2014 \u25b7 Noticias de Casanare : Martha Cifuentes | Casanare\" src=\"https:\/\/marthacifuentes.com\/portada\/2023\/06\/07\/yopal-de-mier-coles-con-paro-de-taxistas-bloqueo-en-relleno-sanitario-y-cierres-viales-en-el-centro\/embed\/#?secret=56J7Rv9o4h#?secret=Sirz1eVMNM\" width=\"600\" height=\"621\" frameborder=\"0\" marginwidth=\"0\" marginheight=\"0\" scrolling=\"no\" sandbox=\"allow-scripts\" data-secret=\"Sirz1eVMNM\" data-mce-fragment=\"1\"><\/iframe><\/p>\n<p><iframe loading=\"lazy\" class=\"wp-embedded-content\" title=\"\u00abEsta es la nueva glorieta para agilizar el tr\u00e1fico para Aguazul, Tauramena, Villavicencio y Sogamoso, que presentar\u00e1 Covioriente\u00bb \u2014 \u25b7 Noticias de Casanare : Martha Cifuentes | Casanare\" src=\"https:\/\/marthacifuentes.com\/portada\/2023\/06\/06\/esta-es-la-nueva-glorieta-para-agilizar-el-trafico-para-aguazul-tauramena-villavicencio-y-sogamoso-que-presentara-covioriente\/embed\/#?secret=mTiPtLJeCQ#?secret=zQHFB3CQyF\" width=\"600\" height=\"649\" frameborder=\"0\" marginwidth=\"0\" marginheight=\"0\" scrolling=\"no\" sandbox=\"allow-scripts\" data-secret=\"zQHFB3CQyF\" data-mce-fragment=\"1\"><\/iframe><\/p>\n<p><iframe loading=\"lazy\" class=\"wp-embedded-content\" title=\"\u00abTauramena con el agua al cuello. Invierno genera grandes afectaciones.\u00bb \u2014 \u25b7 Noticias de Casanare : Martha Cifuentes | Casanare\" src=\"https:\/\/marthacifuentes.com\/portada\/2023\/06\/06\/tauramena-con-el-agua-al-cuello-invierno-genera-grandes-afectaciones\/embed\/#?secret=k4vmwlHxtj#?secret=UMspSAJZg2\" width=\"600\" height=\"576\" frameborder=\"0\" marginwidth=\"0\" marginheight=\"0\" scrolling=\"no\" sandbox=\"allow-scripts\" data-secret=\"UMspSAJZg2\" data-mce-fragment=\"1\"><\/iframe><\/p>\n<p><iframe loading=\"lazy\" class=\"wp-embedded-content\" title=\"\u00abTorres del Silencio, PTAR y PAE, en Casanare, problem\u00e1ticas que preocupan a la Procuradur\u00eda\u00bb \u2014 \u25b7 Noticias de Casanare : Martha Cifuentes | Casanare\" src=\"https:\/\/marthacifuentes.com\/portada\/2023\/06\/06\/torres-del-silencio-ptar-y-pae-en-casanare-problematicas-que-preocupan-a-la-procuraduria\/embed\/#?secret=0LGCx15241#?secret=oPAm0Eiw9U\" width=\"600\" height=\"621\" frameborder=\"0\" marginwidth=\"0\" marginheight=\"0\" scrolling=\"no\" sandbox=\"allow-scripts\" data-secret=\"oPAm0Eiw9U\" data-mce-fragment=\"1\"><\/iframe><\/p>\n<p><iframe loading=\"lazy\" class=\"wp-embedded-content\" title=\"\u00abParo de taxistas en Yopal hoy. Pago seguridad social, meollo del conflicto.\u00bb \u2014 \u25b7 Noticias de Casanare : Martha Cifuentes | Casanare\" src=\"https:\/\/marthacifuentes.com\/portada\/2023\/06\/06\/paro-de-taxistas-en-yopal-hoy-pago-seguridad-social-meollo-del-conflicto\/embed\/#?secret=fQ9dDPQiwc#?secret=oQh3iIlF37\" width=\"600\" height=\"620\" frameborder=\"0\" marginwidth=\"0\" marginheight=\"0\" scrolling=\"no\" sandbox=\"allow-scripts\" data-secret=\"oQh3iIlF37\" data-mce-fragment=\"1\"><\/iframe><\/p>\n<p><iframe loading=\"lazy\" class=\"wp-embedded-content\" title=\"\u00abBloqueado relleno sanitario El Cascajar de Yopal. Comunidad impide acceso de carros de basuras.\u00bb \u2014 \u25b7 Noticias de Casanare : Martha Cifuentes | Casanare\" src=\"https:\/\/marthacifuentes.com\/portada\/2023\/06\/06\/bloqueado-relleno-sanitario-el-cascajar-de-yopal-comunidad-impide-acceso-de-carros-de-basuras\/embed\/#?secret=qnF0F3YZBH#?secret=1DkllQDaXi\" width=\"600\" height=\"537\" frameborder=\"0\" marginwidth=\"0\" marginheight=\"0\" scrolling=\"no\" sandbox=\"allow-scripts\" data-secret=\"1DkllQDaXi\" data-mce-fragment=\"1\"><\/iframe><\/p>\n<p><iframe loading=\"lazy\" class=\"wp-embedded-content\" title=\"\u00abDefensores de derechos humanos en Casanare, en riesgo extremo, seg\u00fan Alerta 019 de 2023 de la Defensor\u00eda del Pueblo.\u00bb \u2014 \u25b7 Noticias de Casanare : Martha Cifuentes | Casanare\" src=\"https:\/\/marthacifuentes.com\/portada\/2023\/06\/05\/defensores-de-derechos-humanos-en-casanare-en-riesgo-extremo-segun-alerta-019-de-2023-de-la-defensoria-del-pueblo\/embed\/#?secret=D1zI36TzKe#?secret=4NKnI1XwsW\" width=\"600\" height=\"583\" frameborder=\"0\" marginwidth=\"0\" marginheight=\"0\" scrolling=\"no\" sandbox=\"allow-scripts\" data-secret=\"4NKnI1XwsW\" data-mce-fragment=\"1\"><\/iframe><\/p>\n<p><iframe loading=\"lazy\" class=\"wp-embedded-content\" title=\"\u00abDerrame de petr\u00f3leo en siniestro vial, contamin\u00f3 fuente h\u00eddrica \u00abCa\u00f1o Seco\u00bb, Monterrey, Casanare\u00bb \u2014 \u25b7 Noticias de Casanare : Martha Cifuentes | Casanare\" src=\"https:\/\/marthacifuentes.com\/portada\/2023\/06\/05\/derrame-de-petroleo-en-siniestro-vial-contamino-fuente-hidrica-cano-seco-monterrey-casanare\/embed\/#?secret=0oBzEZ1Ufk#?secret=7aI8Q8X6l7\" width=\"600\" height=\"600\" frameborder=\"0\" marginwidth=\"0\" marginheight=\"0\" scrolling=\"no\" sandbox=\"allow-scripts\" data-secret=\"7aI8Q8X6l7\" data-mce-fragment=\"1\"><\/iframe><\/p>\n<p><iframe loading=\"lazy\" class=\"wp-embedded-content\" title=\"\u00abFalta de agua en Yopal, \u00bfculpa del invierno o de una obra mal hecha\u2026?\u00bb \u2014 \u25b7 Noticias de Casanare : Martha Cifuentes | Casanare\" src=\"https:\/\/marthacifuentes.com\/portada\/2023\/06\/02\/falta-de-agua-en-yopal-culpa-del-invierno-o-de-una-obra-mal-hecha\/embed\/#?secret=6HLXucmPfs#?secret=snYLwoD3Qq\" width=\"600\" height=\"621\" frameborder=\"0\" marginwidth=\"0\" marginheight=\"0\" scrolling=\"no\" sandbox=\"allow-scripts\" data-secret=\"snYLwoD3Qq\" data-mce-fragment=\"1\"><\/iframe><\/p>\n<p><iframe loading=\"lazy\" class=\"wp-embedded-content\" title=\"\u00abEstos son los precandidatos con mayor impacto en redes sociales para la Gobernaci\u00f3n de Casanare y Alcald\u00eda de Yopal seg\u00fan medici\u00f3n de encuestadora Guarumo\u00bb \u2014 \u25b7 Noticias de Casanare : Martha Cifuentes | Casanare\" src=\"https:\/\/marthacifuentes.com\/portada\/2023\/06\/02\/estos-son-los-precandidatos-con-mayor-impacto-en-redes-sociales-para-la-gobernacion-de-casanare-y-alcaldia-de-yopal-segun-medicion-de-encuestadora-guarumo\/embed\/#?secret=V5G176njBG#?secret=FJ0WeHiNE2\" width=\"600\" height=\"678\" frameborder=\"0\" marginwidth=\"0\" marginheight=\"0\" scrolling=\"no\" sandbox=\"allow-scripts\" data-secret=\"FJ0WeHiNE2\" data-mce-fragment=\"1\"><\/iframe><\/p>\n<p><iframe loading=\"lazy\" class=\"wp-embedded-content\" title=\"\u00abSe recrudece extorsi\u00f3n a empresarios de Casanare por parte de las disidencias de las Farc\u00bb \u2014 \u25b7 Noticias de Casanare : Martha Cifuentes | Casanare\" src=\"https:\/\/marthacifuentes.com\/portada\/2023\/06\/01\/se-recrudece-extorsion-a-empresarios-de-casanare-por-parte-de-las-disidencias-de-las-farc\/embed\/#?secret=qMsapT7rXo#?secret=3IJuNvKDyr\" width=\"600\" height=\"613\" frameborder=\"0\" marginwidth=\"0\" marginheight=\"0\" scrolling=\"no\" sandbox=\"allow-scripts\" data-secret=\"3IJuNvKDyr\" data-mce-fragment=\"1\"><\/iframe><\/p>\n<p><iframe loading=\"lazy\" class=\"wp-embedded-content\" title=\"\u00abPacto Hist\u00f3rico se prepara para elecciones en Casanare. Habr\u00e1 listas abiertas y paritarias para Asamblea y Concejos.\u00bb \u2014 \u25b7 Noticias de Casanare : Martha Cifuentes | Casanare\" src=\"https:\/\/marthacifuentes.com\/portada\/2023\/05\/29\/pacto-historico-se-prepara-para-elecciones-en-casanare-habra-listas-abiertas-y-paritarias-para-asamblea-y-concejos\/embed\/#?secret=zj8WVyCPLo#?secret=GLq3kjZowN\" width=\"600\" height=\"618\" frameborder=\"0\" marginwidth=\"0\" marginheight=\"0\" scrolling=\"no\" sandbox=\"allow-scripts\" data-secret=\"GLq3kjZowN\" data-mce-fragment=\"1\"><\/iframe><\/p>\n<p><iframe loading=\"lazy\" class=\"wp-embedded-content\" title=\"\u00ab\u201cNo queremos ser h\u00e9roes pero tampoco m\u00e1rtires\u201d: Trabajadores por OPS del Horo. Directivos paliaron la protesta laboral\u00bb \u2014 \u25b7 Noticias de Casanare : Martha Cifuentes | Casanare\" src=\"https:\/\/marthacifuentes.com\/portada\/2023\/05\/26\/no-queremos-ser-heroes-pero-tampoco-martires-trabajadores-por-ops-del-horo-directivos-paliaron-la-protesta-laboral\/embed\/#?secret=M2SKPH9TdG#?secret=okRr7YUTVe\" width=\"600\" height=\"649\" frameborder=\"0\" marginwidth=\"0\" marginheight=\"0\" scrolling=\"no\" sandbox=\"allow-scripts\" data-secret=\"okRr7YUTVe\" data-mce-fragment=\"1\"><\/iframe><\/p>\n<p><iframe loading=\"lazy\" class=\"wp-embedded-content\" title=\"\u00abPacientes de predi\u00e1lisis afiliados a Sanitas en Yopal rechazan cambio de IPS. Temen por su salud.\u00bb \u2014 \u25b7 Noticias de Casanare : Martha Cifuentes | Casanare\" src=\"https:\/\/marthacifuentes.com\/portada\/2023\/05\/26\/pacientes-de-predialisis-afiliados-a-sanitas-en-yopal-rechazan-cambio-de-ips-temen-por-su-salud\/embed\/#?secret=0Zb47F3mcE#?secret=lzL2PZ623N\" width=\"600\" height=\"621\" frameborder=\"0\" marginwidth=\"0\" marginheight=\"0\" scrolling=\"no\" sandbox=\"allow-scripts\" data-secret=\"lzL2PZ623N\" data-mce-fragment=\"1\"><\/iframe><\/p>\n<p><iframe loading=\"lazy\" class=\"wp-embedded-content\" title=\"\u00abEl Polo Democr\u00e1tico Alternativo en Casanare elegir\u00e1 este s\u00e1bado 27 de mayo, directivos y comit\u00e9s municipales en Yopal, Aguazul y Man\u00ed.\u00bb \u2014 \u25b7 Noticias de Casanare : Martha Cifuentes | Casanare\" src=\"https:\/\/marthacifuentes.com\/portada\/2023\/05\/24\/el-polo-democratico-alternativo-en-casanare-elegira-este-sabado-27-de-mayo-directivos-y-comites-municipales-en-yopal-aguazul-y-mani\/embed\/#?secret=OfsM8ygPeK#?secret=LMH1myHUd2\" width=\"600\" height=\"622\" frameborder=\"0\" marginwidth=\"0\" marginheight=\"0\" scrolling=\"no\" sandbox=\"allow-scripts\" data-secret=\"LMH1myHUd2\" data-mce-fragment=\"1\"><\/iframe><\/p>\n<p><iframe loading=\"lazy\" class=\"wp-embedded-content\" title=\"\u00abEl Fiscal Orlando C\u00e1rdenas, el hombre de la justicia y maestro de derecho penal, muri\u00f3, pero dej\u00f3 su legado. \u00a0\u00bb \u2014 \u25b7 Noticias de Casanare : Martha Cifuentes | Casanare\" src=\"https:\/\/marthacifuentes.com\/portada\/2023\/05\/22\/el-fiscal-orlando-cardenas-el-hombre-de-la-justicia-y-maestro-de-derecho-penal-murio-pero-dejo-su-legado\/embed\/#?secret=cN355lkojT#?secret=g1Z9eeBLX4\" width=\"600\" height=\"628\" frameborder=\"0\" marginwidth=\"0\" marginheight=\"0\" scrolling=\"no\" sandbox=\"allow-scripts\" data-secret=\"g1Z9eeBLX4\" data-mce-fragment=\"1\"><\/iframe><\/p>\n<p><iframe loading=\"lazy\" class=\"wp-embedded-content\" title=\"\u00abAlcaldesa de Paz de Ariporo, sancionada con 3 d\u00edas de arresto, por incumplir \u00f3rdenes de la JEP.\u00bb \u2014 \u25b7 Noticias de Casanare : Martha Cifuentes | Casanare\" src=\"https:\/\/marthacifuentes.com\/portada\/2023\/05\/19\/alcaldesa-de-paz-de-ariporo-sancionada-con-3-dias-de-arresto-por-incumplir-ordenes-de-la-jep\/embed\/#?secret=V0XjJDXyee#?secret=l5afUqzpkL\" width=\"600\" height=\"615\" frameborder=\"0\" marginwidth=\"0\" marginheight=\"0\" scrolling=\"no\" sandbox=\"allow-scripts\" data-secret=\"l5afUqzpkL\" data-mce-fragment=\"1\"><\/iframe><\/p>\n<p><iframe loading=\"lazy\" class=\"wp-embedded-content\" title=\"\u00abProyectos de conexi\u00f3n el\u00e9ctrica en Casanare por $50 mil millones, en riesgo por fallas en planeaci\u00f3n y ejecuci\u00f3n: Procuradur\u00eda\u00bb \u2014 \u25b7 Noticias de Casanare : Martha Cifuentes | Casanare\" src=\"https:\/\/marthacifuentes.com\/portada\/2023\/05\/19\/proyectos-de-conexion-electrica-en-casanare-por-50-mil-millones-en-riesgo-por-fallas-en-planeacion-y-ejecucion-procuraduria\/embed\/#?secret=waQ0Ytwvtu#?secret=Fz5lCWRvWU\" width=\"600\" height=\"649\" frameborder=\"0\" marginwidth=\"0\" marginheight=\"0\" scrolling=\"no\" sandbox=\"allow-scripts\" data-secret=\"Fz5lCWRvWU\" data-mce-fragment=\"1\"><\/iframe><\/p>\n<p><iframe loading=\"lazy\" class=\"wp-embedded-content\" title=\"\u00abJusticia absuelve a Lucho Garc\u00eda por delitos sexuales. Ahora volver\u00e1 a la arena pol\u00edtica\u00bb \u2014 \u25b7 Noticias de Casanare : Martha Cifuentes | Casanare\" src=\"https:\/\/marthacifuentes.com\/portada\/2023\/05\/19\/justicia-absuelve-a-lucho-garcia-por-delitos-sexuales-ahora-volvera-a-la-arena-politica\/embed\/#?secret=ySkL08JBSm#?secret=8WF7zw8SH7\" width=\"600\" height=\"621\" frameborder=\"0\" marginwidth=\"0\" marginheight=\"0\" scrolling=\"no\" sandbox=\"allow-scripts\" data-secret=\"8WF7zw8SH7\" data-mce-fragment=\"1\"><\/iframe><\/p>\n<p><iframe loading=\"lazy\" class=\"wp-embedded-content\" title=\"\u00abYopal sin servicio de gas domiciliario y vehicular en la noche de este domingo 21 de mayo.\u00bb \u2014 \u25b7 Noticias de Casanare : Martha Cifuentes | Casanare\" src=\"https:\/\/marthacifuentes.com\/portada\/2023\/05\/18\/yopal-sin-servicio-de-gas-domiciliario-y-vehicular-en-la-noche-de-este-domingo-21-de-mayo\/embed\/#?secret=iU0GftCogw#?secret=MQjWoSkzZZ\" width=\"600\" height=\"568\" frameborder=\"0\" marginwidth=\"0\" marginheight=\"0\" scrolling=\"no\" sandbox=\"allow-scripts\" data-secret=\"MQjWoSkzZZ\" data-mce-fragment=\"1\"><\/iframe><\/p>\n<div><\/div>\n<div>\n<p><iframe loading=\"lazy\" class=\"wp-embedded-content\" title=\"\u00abTribunal niega aclaraci\u00f3n a Eaaay en \u201cpataleo de ahogado\u201d sobre medida que suspende contrato millonario de la PTAR\u00bb \u2014 \u25b7 Noticias de Casanare : Martha Cifuentes | Casanare\" src=\"https:\/\/marthacifuentes.com\/portada\/2023\/05\/15\/tribunal-niega-aclaracion-a-eaaay-en-pataleo-de-ahogado-sobre-medida-que-suspende-contrato-millonario-de-la-ptar\/embed\/#?secret=aM2bfOaTDX#?secret=e5OwlPR6hP\" width=\"600\" height=\"649\" frameborder=\"0\" marginwidth=\"0\" marginheight=\"0\" scrolling=\"no\" sandbox=\"allow-scripts\" data-secret=\"e5OwlPR6hP\" data-mce-fragment=\"1\"><\/iframe><\/p>\n<p><iframe loading=\"lazy\" class=\"wp-embedded-content\" title=\"\u00abComienza auditor\u00eda a administraci\u00f3n de recursos de Salud en ADRES. Capresoca atenta a requerimientos.\u00bb \u2014 \u25b7 Noticias de Casanare : Martha Cifuentes | Casanare\" src=\"https:\/\/marthacifuentes.com\/portada\/2023\/05\/11\/comienza-auditoria-a-administracion-de-recursos-de-salud-en-adres-capresoca-atenta-a-requerimientos\/embed\/#?secret=vEI9GQtYJj#?secret=Ost1SSkVTC\" width=\"600\" height=\"558\" frameborder=\"0\" marginwidth=\"0\" marginheight=\"0\" scrolling=\"no\" sandbox=\"allow-scripts\" data-secret=\"Ost1SSkVTC\" data-mce-fragment=\"1\"><\/iframe><\/p>\n<p><iframe loading=\"lazy\" class=\"wp-embedded-content\" title=\"\u00abInteresados en estudiar en Unitr\u00f3pico en Yopal, ya pueden inscribirse.\u00bb \u2014 \u25b7 Noticias de Casanare : Martha Cifuentes | Casanare\" src=\"https:\/\/marthacifuentes.com\/portada\/2023\/05\/11\/interesados-en-estudiar-en-unitropico-en-yopal-ya-pueden-inscribirse\/embed\/#?secret=NU01ZRapmT#?secret=pKJ3Kqfp4A\" width=\"600\" height=\"621\" frameborder=\"0\" marginwidth=\"0\" marginheight=\"0\" scrolling=\"no\" sandbox=\"allow-scripts\" data-secret=\"pKJ3Kqfp4A\" data-mce-fragment=\"1\"><\/iframe><\/p>\n<p><iframe loading=\"lazy\" class=\"wp-embedded-content\" title=\"\u00abDemora en inicio del PAE de Yopal en la lupa de la Procuradur\u00eda General.\u00bb \u2014 \u25b7 Noticias de Casanare : Martha Cifuentes | Casanare\" src=\"https:\/\/marthacifuentes.com\/portada\/2023\/05\/11\/demora-en-inicio-del-pae-de-yopal-en-la-lupa-de-la-procuraduria-general\/embed\/#?secret=Srv8Ysa9um#?secret=p8W3Tsvdbu\" width=\"600\" height=\"621\" frameborder=\"0\" marginwidth=\"0\" marginheight=\"0\" scrolling=\"no\" sandbox=\"allow-scripts\" data-secret=\"p8W3Tsvdbu\" data-mce-fragment=\"1\"><\/iframe><\/p>\n<p><iframe loading=\"lazy\" class=\"wp-embedded-content\" title=\"\u00abGeopark expone gesti\u00f3n empresarial y socioambiental a autoridades locales de Casanare\u00bb \u2014 \u25b7 Noticias de Casanare : Martha Cifuentes | Casanare\" src=\"https:\/\/marthacifuentes.com\/portada\/2023\/05\/08\/geopark-expone-gestion-empresarial-y-socioambiental-a-autoridades-locales-de-casanare\/embed\/#?secret=jmkLIDeQbI#?secret=StwRQbfYnO\" width=\"600\" height=\"621\" frameborder=\"0\" marginwidth=\"0\" marginheight=\"0\" scrolling=\"no\" sandbox=\"allow-scripts\" data-secret=\"StwRQbfYnO\" data-mce-fragment=\"1\"><\/iframe><\/p>\n<p><iframe loading=\"lazy\" class=\"wp-embedded-content\" title=\"\u00abEcopetrol destaca que inversi\u00f3n social en Yopal supera 30 mil millones de pesos, entre 2020 y 2023\u00bb \u2014 \u25b7 Noticias de Casanare : Martha Cifuentes | Casanare\" src=\"https:\/\/marthacifuentes.com\/portada\/2023\/05\/04\/ecopetrol-destaca-que-inversion-social-en-yopal-supera-30-mil-millones-de-pesos-entre-2020-y-2023\/embed\/#?secret=mH652kmZLz#?secret=0WmBYJu5UB\" width=\"600\" height=\"600\" frameborder=\"0\" marginwidth=\"0\" marginheight=\"0\" scrolling=\"no\" sandbox=\"allow-scripts\" data-secret=\"0WmBYJu5UB\" data-mce-fragment=\"1\"><\/iframe><\/p>\n<p><iframe loading=\"lazy\" class=\"wp-embedded-content\" title=\"\u00abCientos de familias campesinas afectadas por posible colapso de puente de La Consigna, en Man\u00ed.\u00bb \u2014 \u25b7 Noticias de Casanare : Martha Cifuentes | Casanare\" src=\"https:\/\/marthacifuentes.com\/portada\/2023\/05\/04\/cientos-de-familias-campesinas-afectadas-por-posible-colapso-de-puente-de-la-consigna-en-mani\/embed\/#?secret=XL6AoNKqO0#?secret=bbvwBo77n3\" width=\"600\" height=\"620\" frameborder=\"0\" marginwidth=\"0\" marginheight=\"0\" scrolling=\"no\" sandbox=\"allow-scripts\" data-secret=\"bbvwBo77n3\" data-mce-fragment=\"1\"><\/iframe><\/p>\n<\/div>\n<p>&nbsp;<\/p>\n","protected":false},"excerpt":{"rendered":"<p>La Corporaci\u00f3n Aut\u00f3noma Regional de la Orinoquia llev\u00f3 a cabo el II Simposio \u00abEstrategias para el Desarrollo Sostenible de Agroecosistemas y la Reducci\u00f3n de Emisiones en la Orinoquia\u00bb. Este evento reuni\u00f3 a destacados expertos, investigadores y actores relevantes en el \u00e1mbito del cambio clim\u00e1tico y la sostenibilidad en la regi\u00f3n. El simposio proporcion\u00f3 un espacio &hellip;<\/p>\n","protected":false},"author":2,"featured_media":31671,"comment_status":"open","ping_status":"open","sticky":false,"template":"","format":"standard","meta":{"om_disable_all_campaigns":false,"_exactmetrics_skip_tracking":false,"_exactmetrics_sitenote_active":false,"_exactmetrics_sitenote_note":"","_exactmetrics_sitenote_category":0,"_monsterinsights_skip_tracking":false,"_monsterinsights_sitenote_active":false,"_monsterinsights_sitenote_note":"","_monsterinsights_sitenote_category":0,"_uf_show_specific_survey":0,"_uf_disable_surveys":false,"_joinchat":[],"footnotes":""},"categories":[147,146,145],"tags":[9215,1373,1400,9213,9216,9214],"class_list":["post-31670","post","type-post","status-publish","format-standard","has-post-thumbnail","hentry","category-actualidad","category-noticias","category-reportajes","tag-cambio-climatico-casanare-llanos-orientales","tag-casanare-noticias","tag-noticias-casanare","tag-noticias-medio-ambiente-corporinoquia","tag-simposio-estrategias-para-el-desarrollo-sostenible-de-agroecosistemas-y-la-reduccion-de-emisiones-en-la-orinoquia","tag-simposio-corporinoquia-cambio-climatico"],"yoast_head":"<!-- This site is optimized with the Yoast SEO plugin v26.1 - https:\/\/yoast.com\/wordpress\/plugins\/seo\/ -->\n<title>Cambio clim\u00e1tico, un problema de todos, fue analizado en Simposio de Desarrollo Sostenible hecho por Corporinoquia - \u25b7 Noticias de Casanare : Martha Cifuentes | Casanare<\/title>\n<meta name=\"robots\" content=\"index, follow, max-snippet:-1, max-image-preview:large, max-video-preview:-1\" \/>\n<link rel=\"canonical\" href=\"https:\/\/marthacifuentes.com\/portada\/cambio-climatico-un-problema-de-todos-fue-analizado-en-simposio-de-desarrollo-sostenible-hecho-por-corporinoquia\/\" \/>\n<meta property=\"og:locale\" content=\"es_ES\" \/>\n<meta property=\"og:type\" content=\"article\" \/>\n<meta property=\"og:title\" content=\"Cambio clim\u00e1tico, un problema de todos, fue analizado en Simposio de Desarrollo Sostenible hecho por Corporinoquia - \u25b7 Noticias de Casanare : Martha Cifuentes | Casanare\" \/>\n<meta property=\"og:description\" content=\"La Corporaci\u00f3n Aut\u00f3noma Regional de la Orinoquia llev\u00f3 a cabo el II Simposio \u00abEstrategias para el Desarrollo Sostenible de Agroecosistemas y la Reducci\u00f3n de Emisiones en la Orinoquia\u00bb. Este evento reuni\u00f3 a destacados expertos, investigadores y actores relevantes en el \u00e1mbito del cambio clim\u00e1tico y la sostenibilidad en la regi\u00f3n. El simposio proporcion\u00f3 un espacio &hellip;\" \/>\n<meta property=\"og:url\" content=\"https:\/\/marthacifuentes.com\/portada\/cambio-climatico-un-problema-de-todos-fue-analizado-en-simposio-de-desarrollo-sostenible-hecho-por-corporinoquia\/\" \/>\n<meta property=\"og:site_name\" content=\"\u25b7 Noticias de Casanare : Martha Cifuentes | Casanare\" \/>\n<meta property=\"article:published_time\" content=\"2023-06-08T20:33:51+00:00\" \/>\n<meta property=\"article:modified_time\" content=\"2023-06-08T20:34:11+00:00\" \/>\n<meta property=\"og:image\" content=\"https:\/\/marthacifuentes.com\/portada\/wp-content\/uploads\/2023\/06\/352519157_912198886514189_7691985819021025731_n.jpg\" \/>\n\t<meta property=\"og:image:width\" content=\"2048\" \/>\n\t<meta property=\"og:image:height\" content=\"1366\" \/>\n\t<meta property=\"og:image:type\" content=\"image\/jpeg\" \/>\n<meta name=\"author\" content=\"Martha Cifuentes\" \/>\n<meta name=\"twitter:card\" content=\"summary_large_image\" \/>\n<meta name=\"twitter:label1\" content=\"Escrito por\" \/>\n\t<meta name=\"twitter:data1\" content=\"Martha Cifuentes\" \/>\n\t<meta name=\"twitter:label2\" content=\"Tiempo de lectura\" \/>\n\t<meta name=\"twitter:data2\" content=\"2 minutos\" \/>\n<script type=\"application\/ld+json\" class=\"yoast-schema-graph\">{\"@context\":\"https:\/\/schema.org\",\"@graph\":[{\"@type\":\"WebPage\",\"@id\":\"https:\/\/marthacifuentes.com\/portada\/cambio-climatico-un-problema-de-todos-fue-analizado-en-simposio-de-desarrollo-sostenible-hecho-por-corporinoquia\/\",\"url\":\"https:\/\/marthacifuentes.com\/portada\/cambio-climatico-un-problema-de-todos-fue-analizado-en-simposio-de-desarrollo-sostenible-hecho-por-corporinoquia\/\",\"name\":\"Cambio clim\u00e1tico, un problema de todos, fue analizado en Simposio de Desarrollo Sostenible hecho por Corporinoquia - \u25b7 Noticias de Casanare : Martha Cifuentes | Casanare\",\"isPartOf\":{\"@id\":\"https:\/\/marthacifuentes.com\/portada\/#website\"},\"primaryImageOfPage\":{\"@id\":\"https:\/\/marthacifuentes.com\/portada\/cambio-climatico-un-problema-de-todos-fue-analizado-en-simposio-de-desarrollo-sostenible-hecho-por-corporinoquia\/#primaryimage\"},\"image\":{\"@id\":\"https:\/\/marthacifuentes.com\/portada\/cambio-climatico-un-problema-de-todos-fue-analizado-en-simposio-de-desarrollo-sostenible-hecho-por-corporinoquia\/#primaryimage\"},\"thumbnailUrl\":\"https:\/\/marthacifuentes.com\/portada\/wp-content\/uploads\/2023\/06\/352519157_912198886514189_7691985819021025731_n.jpg\",\"datePublished\":\"2023-06-08T20:33:51+00:00\",\"dateModified\":\"2023-06-08T20:34:11+00:00\",\"author\":{\"@id\":\"https:\/\/marthacifuentes.com\/portada\/#\/schema\/person\/57f53174b991db5f90ff78d58502b714\"},\"breadcrumb\":{\"@id\":\"https:\/\/marthacifuentes.com\/portada\/cambio-climatico-un-problema-de-todos-fue-analizado-en-simposio-de-desarrollo-sostenible-hecho-por-corporinoquia\/#breadcrumb\"},\"inLanguage\":\"es\",\"potentialAction\":[{\"@type\":\"ReadAction\",\"target\":[\"https:\/\/marthacifuentes.com\/portada\/cambio-climatico-un-problema-de-todos-fue-analizado-en-simposio-de-desarrollo-sostenible-hecho-por-corporinoquia\/\"]}]},{\"@type\":\"ImageObject\",\"inLanguage\":\"es\",\"@id\":\"https:\/\/marthacifuentes.com\/portada\/cambio-climatico-un-problema-de-todos-fue-analizado-en-simposio-de-desarrollo-sostenible-hecho-por-corporinoquia\/#primaryimage\",\"url\":\"https:\/\/marthacifuentes.com\/portada\/wp-content\/uploads\/2023\/06\/352519157_912198886514189_7691985819021025731_n.jpg\",\"contentUrl\":\"https:\/\/marthacifuentes.com\/portada\/wp-content\/uploads\/2023\/06\/352519157_912198886514189_7691985819021025731_n.jpg\",\"width\":2048,\"height\":1366},{\"@type\":\"BreadcrumbList\",\"@id\":\"https:\/\/marthacifuentes.com\/portada\/cambio-climatico-un-problema-de-todos-fue-analizado-en-simposio-de-desarrollo-sostenible-hecho-por-corporinoquia\/#breadcrumb\",\"itemListElement\":[{\"@type\":\"ListItem\",\"position\":1,\"name\":\"Portada\",\"item\":\"https:\/\/marthacifuentes.com\/portada\/\"},{\"@type\":\"ListItem\",\"position\":2,\"name\":\"Cambio clim\u00e1tico, un problema de todos, fue analizado en Simposio de Desarrollo Sostenible hecho por Corporinoquia\"}]},{\"@type\":\"WebSite\",\"@id\":\"https:\/\/marthacifuentes.com\/portada\/#website\",\"url\":\"https:\/\/marthacifuentes.com\/portada\/\",\"name\":\"\u25b7 Noticias de Casanare : Martha Cifuentes | Casanare\",\"description\":\"Noticias &amp; Contenidos\",\"potentialAction\":[{\"@type\":\"SearchAction\",\"target\":{\"@type\":\"EntryPoint\",\"urlTemplate\":\"https:\/\/marthacifuentes.com\/portada\/?s={search_term_string}\"},\"query-input\":{\"@type\":\"PropertyValueSpecification\",\"valueRequired\":true,\"valueName\":\"search_term_string\"}}],\"inLanguage\":\"es\"},{\"@type\":\"Person\",\"@id\":\"https:\/\/marthacifuentes.com\/portada\/#\/schema\/person\/57f53174b991db5f90ff78d58502b714\",\"name\":\"Martha Cifuentes\",\"image\":{\"@type\":\"ImageObject\",\"inLanguage\":\"es\",\"@id\":\"https:\/\/marthacifuentes.com\/portada\/#\/schema\/person\/image\/\",\"url\":\"http:\/\/marthacifuentes.com\/portada\/wp-content\/uploads\/2018\/06\/avatar_user_2_1528838701-96x96.jpg\",\"contentUrl\":\"http:\/\/marthacifuentes.com\/portada\/wp-content\/uploads\/2018\/06\/avatar_user_2_1528838701-96x96.jpg\",\"caption\":\"Martha Cifuentes\"},\"sameAs\":[\"http:\/\/www.marthacifuentes.com\"],\"url\":\"https:\/\/marthacifuentes.com\/portada\/author\/martha\/\"}]}<\/script>\n<!-- \/ Yoast SEO plugin. -->","yoast_head_json":{"title":"Cambio clim\u00e1tico, un problema de todos, fue analizado en Simposio de Desarrollo Sostenible hecho por Corporinoquia - \u25b7 Noticias de Casanare : Martha Cifuentes | Casanare","robots":{"index":"index","follow":"follow","max-snippet":"max-snippet:-1","max-image-preview":"max-image-preview:large","max-video-preview":"max-video-preview:-1"},"canonical":"https:\/\/marthacifuentes.com\/portada\/cambio-climatico-un-problema-de-todos-fue-analizado-en-simposio-de-desarrollo-sostenible-hecho-por-corporinoquia\/","og_locale":"es_ES","og_type":"article","og_title":"Cambio clim\u00e1tico, un problema de todos, fue analizado en Simposio de Desarrollo Sostenible hecho por Corporinoquia - \u25b7 Noticias de Casanare : Martha Cifuentes | Casanare","og_description":"La Corporaci\u00f3n Aut\u00f3noma Regional de la Orinoquia llev\u00f3 a cabo el II Simposio \u00abEstrategias para el Desarrollo Sostenible de Agroecosistemas y la Reducci\u00f3n de Emisiones en la Orinoquia\u00bb. Este evento reuni\u00f3 a destacados expertos, investigadores y actores relevantes en el \u00e1mbito del cambio clim\u00e1tico y la sostenibilidad en la regi\u00f3n. El simposio proporcion\u00f3 un espacio &hellip;","og_url":"https:\/\/marthacifuentes.com\/portada\/cambio-climatico-un-problema-de-todos-fue-analizado-en-simposio-de-desarrollo-sostenible-hecho-por-corporinoquia\/","og_site_name":"\u25b7 Noticias de Casanare : Martha Cifuentes | Casanare","article_published_time":"2023-06-08T20:33:51+00:00","article_modified_time":"2023-06-08T20:34:11+00:00","og_image":[{"width":2048,"height":1366,"url":"https:\/\/marthacifuentes.com\/portada\/wp-content\/uploads\/2023\/06\/352519157_912198886514189_7691985819021025731_n.jpg","type":"image\/jpeg"}],"author":"Martha Cifuentes","twitter_card":"summary_large_image","twitter_misc":{"Escrito por":"Martha Cifuentes","Tiempo de lectura":"2 minutos"},"schema":{"@context":"https:\/\/schema.org","@graph":[{"@type":"WebPage","@id":"https:\/\/marthacifuentes.com\/portada\/cambio-climatico-un-problema-de-todos-fue-analizado-en-simposio-de-desarrollo-sostenible-hecho-por-corporinoquia\/","url":"https:\/\/marthacifuentes.com\/portada\/cambio-climatico-un-problema-de-todos-fue-analizado-en-simposio-de-desarrollo-sostenible-hecho-por-corporinoquia\/","name":"Cambio clim\u00e1tico, un problema de todos, fue analizado en Simposio de Desarrollo Sostenible hecho por Corporinoquia - \u25b7 Noticias de Casanare : Martha Cifuentes | Casanare","isPartOf":{"@id":"https:\/\/marthacifuentes.com\/portada\/#website"},"primaryImageOfPage":{"@id":"https:\/\/marthacifuentes.com\/portada\/cambio-climatico-un-problema-de-todos-fue-analizado-en-simposio-de-desarrollo-sostenible-hecho-por-corporinoquia\/#primaryimage"},"image":{"@id":"https:\/\/marthacifuentes.com\/portada\/cambio-climatico-un-problema-de-todos-fue-analizado-en-simposio-de-desarrollo-sostenible-hecho-por-corporinoquia\/#primaryimage"},"thumbnailUrl":"https:\/\/marthacifuentes.com\/portada\/wp-content\/uploads\/2023\/06\/352519157_912198886514189_7691985819021025731_n.jpg","datePublished":"2023-06-08T20:33:51+00:00","dateModified":"2023-06-08T20:34:11+00:00","author":{"@id":"https:\/\/marthacifuentes.com\/portada\/#\/schema\/person\/57f53174b991db5f90ff78d58502b714"},"breadcrumb":{"@id":"https:\/\/marthacifuentes.com\/portada\/cambio-climatico-un-problema-de-todos-fue-analizado-en-simposio-de-desarrollo-sostenible-hecho-por-corporinoquia\/#breadcrumb"},"inLanguage":"es","potentialAction":[{"@type":"ReadAction","target":["https:\/\/marthacifuentes.com\/portada\/cambio-climatico-un-problema-de-todos-fue-analizado-en-simposio-de-desarrollo-sostenible-hecho-por-corporinoquia\/"]}]},{"@type":"ImageObject","inLanguage":"es","@id":"https:\/\/marthacifuentes.com\/portada\/cambio-climatico-un-problema-de-todos-fue-analizado-en-simposio-de-desarrollo-sostenible-hecho-por-corporinoquia\/#primaryimage","url":"https:\/\/marthacifuentes.com\/portada\/wp-content\/uploads\/2023\/06\/352519157_912198886514189_7691985819021025731_n.jpg","contentUrl":"https:\/\/marthacifuentes.com\/portada\/wp-content\/uploads\/2023\/06\/352519157_912198886514189_7691985819021025731_n.jpg","width":2048,"height":1366},{"@type":"BreadcrumbList","@id":"https:\/\/marthacifuentes.com\/portada\/cambio-climatico-un-problema-de-todos-fue-analizado-en-simposio-de-desarrollo-sostenible-hecho-por-corporinoquia\/#breadcrumb","itemListElement":[{"@type":"ListItem","position":1,"name":"Portada","item":"https:\/\/marthacifuentes.com\/portada\/"},{"@type":"ListItem","position":2,"name":"Cambio clim\u00e1tico, un problema de todos, fue analizado en Simposio de Desarrollo Sostenible hecho por Corporinoquia"}]},{"@type":"WebSite","@id":"https:\/\/marthacifuentes.com\/portada\/#website","url":"https:\/\/marthacifuentes.com\/portada\/","name":"\u25b7 Noticias de Casanare : Martha Cifuentes | Casanare","description":"Noticias &amp; Contenidos","potentialAction":[{"@type":"SearchAction","target":{"@type":"EntryPoint","urlTemplate":"https:\/\/marthacifuentes.com\/portada\/?s={search_term_string}"},"query-input":{"@type":"PropertyValueSpecification","valueRequired":true,"valueName":"search_term_string"}}],"inLanguage":"es"},{"@type":"Person","@id":"https:\/\/marthacifuentes.com\/portada\/#\/schema\/person\/57f53174b991db5f90ff78d58502b714","name":"Martha Cifuentes","image":{"@type":"ImageObject","inLanguage":"es","@id":"https:\/\/marthacifuentes.com\/portada\/#\/schema\/person\/image\/","url":"http:\/\/marthacifuentes.com\/portada\/wp-content\/uploads\/2018\/06\/avatar_user_2_1528838701-96x96.jpg","contentUrl":"http:\/\/marthacifuentes.com\/portada\/wp-content\/uploads\/2018\/06\/avatar_user_2_1528838701-96x96.jpg","caption":"Martha Cifuentes"},"sameAs":["http:\/\/www.marthacifuentes.com"],"url":"https:\/\/marthacifuentes.com\/portada\/author\/martha\/"}]}},"_links":{"self":[{"href":"https:\/\/marthacifuentes.com\/portada\/wp-json\/wp\/v2\/posts\/31670","targetHints":{"allow":["GET"]}}],"collection":[{"href":"https:\/\/marthacifuentes.com\/portada\/wp-json\/wp\/v2\/posts"}],"about":[{"href":"https:\/\/marthacifuentes.com\/portada\/wp-json\/wp\/v2\/types\/post"}],"author":[{"embeddable":true,"href":"https:\/\/marthacifuentes.com\/portada\/wp-json\/wp\/v2\/users\/2"}],"replies":[{"embeddable":true,"href":"https:\/\/marthacifuentes.com\/portada\/wp-json\/wp\/v2\/comments?post=31670"}],"version-history":[{"count":2,"href":"https:\/\/marthacifuentes.com\/portada\/wp-json\/wp\/v2\/posts\/31670\/revisions"}],"predecessor-version":[{"id":31673,"href":"https:\/\/marthacifuentes.com\/portada\/wp-json\/wp\/v2\/posts\/31670\/revisions\/31673"}],"wp:featuredmedia":[{"embeddable":true,"href":"https:\/\/marthacifuentes.com\/portada\/wp-json\/wp\/v2\/media\/31671"}],"wp:attachment":[{"href":"https:\/\/marthacifuentes.com\/portada\/wp-json\/wp\/v2\/media?parent=31670"}],"wp:term":[{"taxonomy":"category","embeddable":true,"href":"https:\/\/marthacifuentes.com\/portada\/wp-json\/wp\/v2\/categories?post=31670"},{"taxonomy":"post_tag","embeddable":true,"href":"https:\/\/marthacifuentes.com\/portada\/wp-json\/wp\/v2\/tags?post=31670"}],"curies":[{"name":"wp","href":"https:\/\/api.w.org\/{rel}","templated":true}]}}