{"id":31689,"date":"2023-06-13T11:29:47","date_gmt":"2023-06-13T16:29:47","guid":{"rendered":"https:\/\/marthacifuentes.com\/portada\/?p=31689"},"modified":"2023-06-13T11:29:47","modified_gmt":"2023-06-13T16:29:47","slug":"exsoldado-condenado-por-asesinato-en-trinidad-habia-sido-absuelto-por-homicidio-del-lider-social-daniel-abril-fuentes","status":"publish","type":"post","link":"https:\/\/marthacifuentes.com\/portada\/exsoldado-condenado-por-asesinato-en-trinidad-habia-sido-absuelto-por-homicidio-del-lider-social-daniel-abril-fuentes\/","title":{"rendered":"Exsoldado condenado por asesinato en Trinidad, hab\u00eda sido absuelto por homicidio del l\u00edder social Daniel Abril Fuentes"},"content":{"rendered":"<p><span style=\"font-weight: 400;\">El exsoldado profesional de la Brigada 16, Eli\u00e9cer Anzueta Cero de 44 a\u00f1os, quien hab\u00eda sido absuelto del homicidio del l\u00edder social casanare\u00f1o Daniel Abril Fuentes, ahora s\u00ed fue condenado, pero por otro asesinato, el de Rubian Jos\u00e9 Molina, en hechos ocurridos el 20 de agosto de 2022 en la vereda El Convento de Trinidad, Casanare.<\/span><\/p>\n<p><span style=\"font-weight: 400;\">Seg\u00fan comunicado de la Fiscal\u00eda General, el exmilitar habr\u00eda actuado a modo de venganza por la muerte de un hermano a manos de un familiar de la v\u00edctima ultimada. Por este motivo le dispar\u00f3 en varias oportunidades hasta matarlo en un billar en Trinidad.<\/span><\/p>\n<p><span style=\"font-weight: 400;\">La v\u00edctima era conocida en el pueblo como Rubian Salamanca de 58 a\u00f1os y era hermano de Misael Salamanca Alfonso, a quien el victimario, se\u00f1alaba de haber participado en el homicidio de su hermano Ilder Anzueta.<\/span><\/p>\n<p><span style=\"font-weight: 400;\">Anzueta Cero, quien acept\u00f3 los cargos por los delitos de homicidio agravado y porte ilegal de armas, ahora deber\u00e1 pagar una pena de 19 a\u00f1os y 4 meses de prisi\u00f3n.\u00a0<\/span><\/p>\n<p><span style=\"font-weight: 400;\">Es de destacar que en fallo de primera instancia del Juzgado Penal Especializado de Yopal, Anzueta Cero, hab\u00eda sido condenado a 45 a\u00f1os de prisi\u00f3n como autor material del asesinato de Daniel Abril Fuentes, cometido el 13 de noviembre de 2015 pero en fallo de segunda instancia en agosto 12 de 2020 fue absuelto por el Tribunal Superior de Yopal y en sala de Casaci\u00f3n de la Corte Suprema de Justicia, se ratific\u00f3 esta decisi\u00f3n.\u00a0<\/span><\/p>\n<h2><span style=\"color: #ff6600;\">Otras noticias&#8230;<\/span><\/h2>\n<blockquote class=\"wp-embedded-content\" data-secret=\"YFpk9e6Pfy\"><p><a href=\"https:\/\/marthacifuentes.com\/portada\/2023\/06\/13\/otro-asesinato-en-mani-un-hombre-fue-sicariado-a-una-cuadra-de-estacion-de-policia\/\">Otro asesinato en Man\u00ed. Un hombre fue sicariado a una cuadra de estaci\u00f3n de polic\u00eda.<\/a><\/p><\/blockquote>\n<p><iframe loading=\"lazy\" class=\"wp-embedded-content\" sandbox=\"allow-scripts\" security=\"restricted\" style=\"position: absolute; clip: rect(1px, 1px, 1px, 1px);\" title=\"\u00abOtro asesinato en Man\u00ed. Un hombre fue sicariado a una cuadra de estaci\u00f3n de polic\u00eda.\u00bb \u2014 \u25b7 Noticias de Casanare : Martha Cifuentes | Casanare\" src=\"https:\/\/marthacifuentes.com\/portada\/2023\/06\/13\/otro-asesinato-en-mani-un-hombre-fue-sicariado-a-una-cuadra-de-estacion-de-policia\/embed\/#?secret=SagyFLnxU6#?secret=YFpk9e6Pfy\" data-secret=\"YFpk9e6Pfy\" width=\"500\" height=\"282\" frameborder=\"0\" marginwidth=\"0\" marginheight=\"0\" scrolling=\"no\"><\/iframe><\/p>\n<p><iframe loading=\"lazy\" class=\"wp-embedded-content\" title=\"\u00abEn siniestro vial, vendedor de leche, en moto, muri\u00f3 en Marginal del Llano, en Aguazul.\u00bb \u2014 \u25b7 Noticias de Casanare : Martha Cifuentes | Casanare\" src=\"https:\/\/marthacifuentes.com\/portada\/2023\/06\/08\/en-siniestro-vial-vendedor-de-leche-en-moto-murio-en-marginal-del-llano-en-aguazul\/embed\/#?secret=kMbpUKHMUS#?secret=NC0Og1xWmY\" width=\"600\" height=\"600\" frameborder=\"0\" marginwidth=\"0\" marginheight=\"0\" scrolling=\"no\" sandbox=\"allow-scripts\" data-secret=\"NC0Og1xWmY\" data-mce-fragment=\"1\"><\/iframe><\/p>\n<p><iframe loading=\"lazy\" class=\"wp-embedded-content\" title=\"\u00abLevantado bloqueo de relleno sanitario de Yopal. Ya se puede sacar la basura.\u00bb \u2014 \u25b7 Noticias de Casanare : Martha Cifuentes | Casanare\" src=\"https:\/\/marthacifuentes.com\/portada\/2023\/06\/08\/levantado-bloqueo-de-relleno-sanitario-de-yopal-ya-se-puede-sacar-la-basura\/embed\/#?secret=0K01pwn05E#?secret=kbnrXZd8vd\" width=\"600\" height=\"600\" frameborder=\"0\" marginwidth=\"0\" marginheight=\"0\" scrolling=\"no\" sandbox=\"allow-scripts\" data-secret=\"kbnrXZd8vd\" data-mce-fragment=\"1\"><\/iframe><\/p>\n<p><iframe loading=\"lazy\" class=\"wp-embedded-content\" title=\"\u00abCambio clim\u00e1tico, un problema de todos, fue analizado en Simposio de Desarrollo Sostenible hecho por Corporinoquia\u00bb \u2014 \u25b7 Noticias de Casanare : Martha Cifuentes | Casanare\" src=\"https:\/\/marthacifuentes.com\/portada\/2023\/06\/08\/cambio-climatico-un-problema-de-todos-fue-analizado-en-simposio-de-desarrollo-sostenible-hecho-por-corporinoquia\/embed\/#?secret=cwMAlaKZeX#?secret=dbCDyGXo79\" width=\"600\" height=\"649\" frameborder=\"0\" marginwidth=\"0\" marginheight=\"0\" scrolling=\"no\" sandbox=\"allow-scripts\" data-secret=\"dbCDyGXo79\" data-mce-fragment=\"1\"><\/iframe><\/p>\n<p><iframe loading=\"lazy\" class=\"wp-embedded-content\" title=\"\u00abMediante la opci\u00f3n Obras por Impuestos, Ecopetrol realiz\u00f3 pavimentaci\u00f3n de 3.23 km de v\u00edas en Paz de Ariporo, Casanare.\u00bb \u2014 \u25b7 Noticias de Casanare : Martha Cifuentes | Casanare\" src=\"https:\/\/marthacifuentes.com\/portada\/2023\/06\/08\/mediante-la-opcion-obras-por-impuestos-ecopetrol-realizo-pavimentacion-de-3-23-km-de-vias-en-paz-de-ariporo-casanare\/embed\/#?secret=AzzS27spwO#?secret=UyGNV9Eo5U\" width=\"600\" height=\"649\" frameborder=\"0\" marginwidth=\"0\" marginheight=\"0\" scrolling=\"no\" sandbox=\"allow-scripts\" data-secret=\"UyGNV9Eo5U\" data-mce-fragment=\"1\"><\/iframe><\/p>\n<p><iframe loading=\"lazy\" class=\"wp-embedded-content\" title=\"\u00abRestablecido servicio de gas en vereda Bendiciones, Tauramena, confirma Cusianagas\u00bb \u2014 \u25b7 Noticias de Casanare : Martha Cifuentes | Casanare\" src=\"https:\/\/marthacifuentes.com\/portada\/2023\/06\/08\/restablecido-servicio-de-gas-en-vereda-bendiciones-tauramena-confirma-cusianagas\/embed\/#?secret=vxsYX4RF3M#?secret=onn2Q5nKmf\" width=\"600\" height=\"568\" frameborder=\"0\" marginwidth=\"0\" marginheight=\"0\" scrolling=\"no\" sandbox=\"allow-scripts\" data-secret=\"onn2Q5nKmf\" data-mce-fragment=\"1\"><\/iframe><\/p>\n<p><iframe loading=\"lazy\" class=\"wp-embedded-content\" title=\"\u00abPor deslizamientos de tierra, cerrada v\u00eda que une a Boyac\u00e1 con Casanare entre Paya y Nunch\u00eda\u00bb \u2014 \u25b7 Noticias de Casanare : Martha Cifuentes | Casanare\" src=\"https:\/\/marthacifuentes.com\/portada\/2023\/06\/07\/por-deslizamientos-de-tierra-cerrada-via-que-une-a-boyaca-con-casanare-entre-paya-y-nunchia\/embed\/#?secret=swzhAMcvbJ#?secret=EbVIIceG3N\" width=\"600\" height=\"621\" frameborder=\"0\" marginwidth=\"0\" marginheight=\"0\" scrolling=\"no\" sandbox=\"allow-scripts\" data-secret=\"EbVIIceG3N\" data-mce-fragment=\"1\"><\/iframe><\/p>\n<p><iframe loading=\"lazy\" class=\"wp-embedded-content\" title=\"\u00abUsuarios de v\u00eda Yopal-Monterrey-Villanueva-Villavicencio ser\u00e1n afectados por cierres nocturnos\u00bb \u2014 \u25b7 Noticias de Casanare : Martha Cifuentes | Casanare\" src=\"https:\/\/marthacifuentes.com\/portada\/2023\/06\/07\/usuarios-de-via-yopal-monterrey-villanueva-villavicencio-seran-afectados-por-cierres-nocturnos\/embed\/#?secret=ID1Du2o3kY#?secret=1RtWRvpf7u\" width=\"600\" height=\"620\" frameborder=\"0\" marginwidth=\"0\" marginheight=\"0\" scrolling=\"no\" sandbox=\"allow-scripts\" data-secret=\"1RtWRvpf7u\" data-mce-fragment=\"1\"><\/iframe><\/p>\n<p><iframe loading=\"lazy\" class=\"wp-embedded-content\" title=\"\u00abJugaron mal y perdieron. Asaltantes de casino en Aguazul fueron judicializados\u00bb \u2014 \u25b7 Noticias de Casanare : Martha Cifuentes | Casanare\" src=\"https:\/\/marthacifuentes.com\/portada\/2023\/06\/07\/jugaron-mal-y-perdieron-asaltantes-de-casino-en-aguazul-fueron-judicializados\/embed\/#?secret=CxD2xQGQkw#?secret=zwOwV8t64J\" width=\"600\" height=\"621\" frameborder=\"0\" marginwidth=\"0\" marginheight=\"0\" scrolling=\"no\" sandbox=\"allow-scripts\" data-secret=\"zwOwV8t64J\" data-mce-fragment=\"1\"><\/iframe><\/p>\n<p><iframe loading=\"lazy\" class=\"wp-embedded-content\" title=\"\u00abYopal de mi\u00e9r\u2026 coles, con paro de taxistas, bloqueo en relleno sanitario y cierres viales en el centro\u00bb \u2014 \u25b7 Noticias de Casanare : Martha Cifuentes | Casanare\" src=\"https:\/\/marthacifuentes.com\/portada\/2023\/06\/07\/yopal-de-mier-coles-con-paro-de-taxistas-bloqueo-en-relleno-sanitario-y-cierres-viales-en-el-centro\/embed\/#?secret=56J7Rv9o4h#?secret=Sirz1eVMNM\" width=\"600\" height=\"621\" frameborder=\"0\" marginwidth=\"0\" marginheight=\"0\" scrolling=\"no\" sandbox=\"allow-scripts\" data-secret=\"Sirz1eVMNM\" data-mce-fragment=\"1\"><\/iframe><\/p>\n<p><iframe loading=\"lazy\" class=\"wp-embedded-content\" title=\"\u00abEsta es la nueva glorieta para agilizar el tr\u00e1fico para Aguazul, Tauramena, Villavicencio y Sogamoso, que presentar\u00e1 Covioriente\u00bb \u2014 \u25b7 Noticias de Casanare : Martha Cifuentes | Casanare\" src=\"https:\/\/marthacifuentes.com\/portada\/2023\/06\/06\/esta-es-la-nueva-glorieta-para-agilizar-el-trafico-para-aguazul-tauramena-villavicencio-y-sogamoso-que-presentara-covioriente\/embed\/#?secret=mTiPtLJeCQ#?secret=zQHFB3CQyF\" width=\"600\" height=\"649\" frameborder=\"0\" marginwidth=\"0\" marginheight=\"0\" scrolling=\"no\" sandbox=\"allow-scripts\" data-secret=\"zQHFB3CQyF\" data-mce-fragment=\"1\"><\/iframe><\/p>\n<p><iframe loading=\"lazy\" class=\"wp-embedded-content\" title=\"\u00abTauramena con el agua al cuello. Invierno genera grandes afectaciones.\u00bb \u2014 \u25b7 Noticias de Casanare : Martha Cifuentes | Casanare\" src=\"https:\/\/marthacifuentes.com\/portada\/2023\/06\/06\/tauramena-con-el-agua-al-cuello-invierno-genera-grandes-afectaciones\/embed\/#?secret=k4vmwlHxtj#?secret=UMspSAJZg2\" width=\"600\" height=\"576\" frameborder=\"0\" marginwidth=\"0\" marginheight=\"0\" scrolling=\"no\" sandbox=\"allow-scripts\" data-secret=\"UMspSAJZg2\" data-mce-fragment=\"1\"><\/iframe><\/p>\n<p><iframe loading=\"lazy\" class=\"wp-embedded-content\" title=\"\u00abTorres del Silencio, PTAR y PAE, en Casanare, problem\u00e1ticas que preocupan a la Procuradur\u00eda\u00bb \u2014 \u25b7 Noticias de Casanare : Martha Cifuentes | Casanare\" src=\"https:\/\/marthacifuentes.com\/portada\/2023\/06\/06\/torres-del-silencio-ptar-y-pae-en-casanare-problematicas-que-preocupan-a-la-procuraduria\/embed\/#?secret=0LGCx15241#?secret=oPAm0Eiw9U\" width=\"600\" height=\"621\" frameborder=\"0\" marginwidth=\"0\" marginheight=\"0\" scrolling=\"no\" sandbox=\"allow-scripts\" data-secret=\"oPAm0Eiw9U\" data-mce-fragment=\"1\"><\/iframe><\/p>\n<p><iframe loading=\"lazy\" class=\"wp-embedded-content\" title=\"\u00abParo de taxistas en Yopal hoy. Pago seguridad social, meollo del conflicto.\u00bb \u2014 \u25b7 Noticias de Casanare : Martha Cifuentes | Casanare\" src=\"https:\/\/marthacifuentes.com\/portada\/2023\/06\/06\/paro-de-taxistas-en-yopal-hoy-pago-seguridad-social-meollo-del-conflicto\/embed\/#?secret=fQ9dDPQiwc#?secret=oQh3iIlF37\" width=\"600\" height=\"620\" frameborder=\"0\" marginwidth=\"0\" marginheight=\"0\" scrolling=\"no\" sandbox=\"allow-scripts\" data-secret=\"oQh3iIlF37\" data-mce-fragment=\"1\"><\/iframe><\/p>\n<p><iframe loading=\"lazy\" class=\"wp-embedded-content\" title=\"\u00abBloqueado relleno sanitario El Cascajar de Yopal. Comunidad impide acceso de carros de basuras.\u00bb \u2014 \u25b7 Noticias de Casanare : Martha Cifuentes | Casanare\" src=\"https:\/\/marthacifuentes.com\/portada\/2023\/06\/06\/bloqueado-relleno-sanitario-el-cascajar-de-yopal-comunidad-impide-acceso-de-carros-de-basuras\/embed\/#?secret=qnF0F3YZBH#?secret=1DkllQDaXi\" width=\"600\" height=\"537\" frameborder=\"0\" marginwidth=\"0\" marginheight=\"0\" scrolling=\"no\" sandbox=\"allow-scripts\" data-secret=\"1DkllQDaXi\" data-mce-fragment=\"1\"><\/iframe><\/p>\n<p><iframe loading=\"lazy\" class=\"wp-embedded-content\" title=\"\u00abDefensores de derechos humanos en Casanare, en riesgo extremo, seg\u00fan Alerta 019 de 2023 de la Defensor\u00eda del Pueblo.\u00bb \u2014 \u25b7 Noticias de Casanare : Martha Cifuentes | Casanare\" src=\"https:\/\/marthacifuentes.com\/portada\/2023\/06\/05\/defensores-de-derechos-humanos-en-casanare-en-riesgo-extremo-segun-alerta-019-de-2023-de-la-defensoria-del-pueblo\/embed\/#?secret=D1zI36TzKe#?secret=4NKnI1XwsW\" width=\"600\" height=\"583\" frameborder=\"0\" marginwidth=\"0\" marginheight=\"0\" scrolling=\"no\" sandbox=\"allow-scripts\" data-secret=\"4NKnI1XwsW\" data-mce-fragment=\"1\"><\/iframe><\/p>\n<p><iframe loading=\"lazy\" class=\"wp-embedded-content\" title=\"\u00abDerrame de petr\u00f3leo en siniestro vial, contamin\u00f3 fuente h\u00eddrica \u00abCa\u00f1o Seco\u00bb, Monterrey, Casanare\u00bb \u2014 \u25b7 Noticias de Casanare : Martha Cifuentes | Casanare\" src=\"https:\/\/marthacifuentes.com\/portada\/2023\/06\/05\/derrame-de-petroleo-en-siniestro-vial-contamino-fuente-hidrica-cano-seco-monterrey-casanare\/embed\/#?secret=0oBzEZ1Ufk#?secret=7aI8Q8X6l7\" width=\"600\" height=\"600\" frameborder=\"0\" marginwidth=\"0\" marginheight=\"0\" scrolling=\"no\" sandbox=\"allow-scripts\" data-secret=\"7aI8Q8X6l7\" data-mce-fragment=\"1\"><\/iframe><\/p>\n<p><iframe loading=\"lazy\" class=\"wp-embedded-content\" title=\"\u00abFalta de agua en Yopal, \u00bfculpa del invierno o de una obra mal hecha\u2026?\u00bb \u2014 \u25b7 Noticias de Casanare : Martha Cifuentes | Casanare\" src=\"https:\/\/marthacifuentes.com\/portada\/2023\/06\/02\/falta-de-agua-en-yopal-culpa-del-invierno-o-de-una-obra-mal-hecha\/embed\/#?secret=6HLXucmPfs#?secret=snYLwoD3Qq\" width=\"600\" height=\"621\" frameborder=\"0\" marginwidth=\"0\" marginheight=\"0\" scrolling=\"no\" sandbox=\"allow-scripts\" data-secret=\"snYLwoD3Qq\" data-mce-fragment=\"1\"><\/iframe><\/p>\n<p><iframe loading=\"lazy\" class=\"wp-embedded-content\" title=\"\u00abEstos son los precandidatos con mayor impacto en redes sociales para la Gobernaci\u00f3n de Casanare y Alcald\u00eda de Yopal seg\u00fan medici\u00f3n de encuestadora Guarumo\u00bb \u2014 \u25b7 Noticias de Casanare : Martha Cifuentes | Casanare\" src=\"https:\/\/marthacifuentes.com\/portada\/2023\/06\/02\/estos-son-los-precandidatos-con-mayor-impacto-en-redes-sociales-para-la-gobernacion-de-casanare-y-alcaldia-de-yopal-segun-medicion-de-encuestadora-guarumo\/embed\/#?secret=V5G176njBG#?secret=FJ0WeHiNE2\" width=\"600\" height=\"678\" frameborder=\"0\" marginwidth=\"0\" marginheight=\"0\" scrolling=\"no\" sandbox=\"allow-scripts\" data-secret=\"FJ0WeHiNE2\" data-mce-fragment=\"1\"><\/iframe><\/p>\n<p><iframe loading=\"lazy\" class=\"wp-embedded-content\" title=\"\u00abSe recrudece extorsi\u00f3n a empresarios de Casanare por parte de las disidencias de las Farc\u00bb \u2014 \u25b7 Noticias de Casanare : Martha Cifuentes | Casanare\" src=\"https:\/\/marthacifuentes.com\/portada\/2023\/06\/01\/se-recrudece-extorsion-a-empresarios-de-casanare-por-parte-de-las-disidencias-de-las-farc\/embed\/#?secret=qMsapT7rXo#?secret=3IJuNvKDyr\" width=\"600\" height=\"613\" frameborder=\"0\" marginwidth=\"0\" marginheight=\"0\" scrolling=\"no\" sandbox=\"allow-scripts\" data-secret=\"3IJuNvKDyr\" data-mce-fragment=\"1\"><\/iframe><\/p>\n<p><iframe loading=\"lazy\" class=\"wp-embedded-content\" title=\"\u00abPacto Hist\u00f3rico se prepara para elecciones en Casanare. Habr\u00e1 listas abiertas y paritarias para Asamblea y Concejos.\u00bb \u2014 \u25b7 Noticias de Casanare : Martha Cifuentes | Casanare\" src=\"https:\/\/marthacifuentes.com\/portada\/2023\/05\/29\/pacto-historico-se-prepara-para-elecciones-en-casanare-habra-listas-abiertas-y-paritarias-para-asamblea-y-concejos\/embed\/#?secret=zj8WVyCPLo#?secret=GLq3kjZowN\" width=\"600\" height=\"618\" frameborder=\"0\" marginwidth=\"0\" marginheight=\"0\" scrolling=\"no\" sandbox=\"allow-scripts\" data-secret=\"GLq3kjZowN\" data-mce-fragment=\"1\"><\/iframe><\/p>\n<p><iframe loading=\"lazy\" class=\"wp-embedded-content\" title=\"\u00ab\u201cNo queremos ser h\u00e9roes pero tampoco m\u00e1rtires\u201d: Trabajadores por OPS del Horo. Directivos paliaron la protesta laboral\u00bb \u2014 \u25b7 Noticias de Casanare : Martha Cifuentes | Casanare\" src=\"https:\/\/marthacifuentes.com\/portada\/2023\/05\/26\/no-queremos-ser-heroes-pero-tampoco-martires-trabajadores-por-ops-del-horo-directivos-paliaron-la-protesta-laboral\/embed\/#?secret=M2SKPH9TdG#?secret=okRr7YUTVe\" width=\"600\" height=\"649\" frameborder=\"0\" marginwidth=\"0\" marginheight=\"0\" scrolling=\"no\" sandbox=\"allow-scripts\" data-secret=\"okRr7YUTVe\" data-mce-fragment=\"1\"><\/iframe><\/p>\n<p><iframe loading=\"lazy\" class=\"wp-embedded-content\" title=\"\u00abPacientes de predi\u00e1lisis afiliados a Sanitas en Yopal rechazan cambio de IPS. Temen por su salud.\u00bb \u2014 \u25b7 Noticias de Casanare : Martha Cifuentes | Casanare\" src=\"https:\/\/marthacifuentes.com\/portada\/2023\/05\/26\/pacientes-de-predialisis-afiliados-a-sanitas-en-yopal-rechazan-cambio-de-ips-temen-por-su-salud\/embed\/#?secret=0Zb47F3mcE#?secret=lzL2PZ623N\" width=\"600\" height=\"621\" frameborder=\"0\" marginwidth=\"0\" marginheight=\"0\" scrolling=\"no\" sandbox=\"allow-scripts\" data-secret=\"lzL2PZ623N\" data-mce-fragment=\"1\"><\/iframe><\/p>\n<p><iframe loading=\"lazy\" class=\"wp-embedded-content\" title=\"\u00abEl Polo Democr\u00e1tico Alternativo en Casanare elegir\u00e1 este s\u00e1bado 27 de mayo, directivos y comit\u00e9s municipales en Yopal, Aguazul y Man\u00ed.\u00bb \u2014 \u25b7 Noticias de Casanare : Martha Cifuentes | Casanare\" src=\"https:\/\/marthacifuentes.com\/portada\/2023\/05\/24\/el-polo-democratico-alternativo-en-casanare-elegira-este-sabado-27-de-mayo-directivos-y-comites-municipales-en-yopal-aguazul-y-mani\/embed\/#?secret=OfsM8ygPeK#?secret=LMH1myHUd2\" width=\"600\" height=\"622\" frameborder=\"0\" marginwidth=\"0\" marginheight=\"0\" scrolling=\"no\" sandbox=\"allow-scripts\" data-secret=\"LMH1myHUd2\" data-mce-fragment=\"1\"><\/iframe><\/p>\n<p><iframe loading=\"lazy\" class=\"wp-embedded-content\" title=\"\u00abEl Fiscal Orlando C\u00e1rdenas, el hombre de la justicia y maestro de derecho penal, muri\u00f3, pero dej\u00f3 su legado. \u00a0\u00bb \u2014 \u25b7 Noticias de Casanare : Martha Cifuentes | Casanare\" src=\"https:\/\/marthacifuentes.com\/portada\/2023\/05\/22\/el-fiscal-orlando-cardenas-el-hombre-de-la-justicia-y-maestro-de-derecho-penal-murio-pero-dejo-su-legado\/embed\/#?secret=cN355lkojT#?secret=g1Z9eeBLX4\" width=\"600\" height=\"628\" frameborder=\"0\" marginwidth=\"0\" marginheight=\"0\" scrolling=\"no\" sandbox=\"allow-scripts\" data-secret=\"g1Z9eeBLX4\" data-mce-fragment=\"1\"><\/iframe><\/p>\n<p><iframe loading=\"lazy\" class=\"wp-embedded-content\" title=\"\u00abAlcaldesa de Paz de Ariporo, sancionada con 3 d\u00edas de arresto, por incumplir \u00f3rdenes de la JEP.\u00bb \u2014 \u25b7 Noticias de Casanare : Martha Cifuentes | Casanare\" src=\"https:\/\/marthacifuentes.com\/portada\/2023\/05\/19\/alcaldesa-de-paz-de-ariporo-sancionada-con-3-dias-de-arresto-por-incumplir-ordenes-de-la-jep\/embed\/#?secret=V0XjJDXyee#?secret=l5afUqzpkL\" width=\"600\" height=\"615\" frameborder=\"0\" marginwidth=\"0\" marginheight=\"0\" scrolling=\"no\" sandbox=\"allow-scripts\" data-secret=\"l5afUqzpkL\" data-mce-fragment=\"1\"><\/iframe><\/p>\n<p><iframe loading=\"lazy\" class=\"wp-embedded-content\" title=\"\u00abProyectos de conexi\u00f3n el\u00e9ctrica en Casanare por $50 mil millones, en riesgo por fallas en planeaci\u00f3n y ejecuci\u00f3n: Procuradur\u00eda\u00bb \u2014 \u25b7 Noticias de Casanare : Martha Cifuentes | Casanare\" src=\"https:\/\/marthacifuentes.com\/portada\/2023\/05\/19\/proyectos-de-conexion-electrica-en-casanare-por-50-mil-millones-en-riesgo-por-fallas-en-planeacion-y-ejecucion-procuraduria\/embed\/#?secret=waQ0Ytwvtu#?secret=Fz5lCWRvWU\" width=\"600\" height=\"649\" frameborder=\"0\" marginwidth=\"0\" marginheight=\"0\" scrolling=\"no\" sandbox=\"allow-scripts\" data-secret=\"Fz5lCWRvWU\" data-mce-fragment=\"1\"><\/iframe><\/p>\n<p><iframe loading=\"lazy\" class=\"wp-embedded-content\" title=\"\u00abJusticia absuelve a Lucho Garc\u00eda por delitos sexuales. Ahora volver\u00e1 a la arena pol\u00edtica\u00bb \u2014 \u25b7 Noticias de Casanare : Martha Cifuentes | Casanare\" src=\"https:\/\/marthacifuentes.com\/portada\/2023\/05\/19\/justicia-absuelve-a-lucho-garcia-por-delitos-sexuales-ahora-volvera-a-la-arena-politica\/embed\/#?secret=ySkL08JBSm#?secret=8WF7zw8SH7\" width=\"600\" height=\"621\" frameborder=\"0\" marginwidth=\"0\" marginheight=\"0\" scrolling=\"no\" sandbox=\"allow-scripts\" data-secret=\"8WF7zw8SH7\" data-mce-fragment=\"1\"><\/iframe><\/p>\n<p><iframe loading=\"lazy\" class=\"wp-embedded-content\" title=\"\u00abYopal sin servicio de gas domiciliario y vehicular en la noche de este domingo 21 de mayo.\u00bb \u2014 \u25b7 Noticias de Casanare : Martha Cifuentes | Casanare\" src=\"https:\/\/marthacifuentes.com\/portada\/2023\/05\/18\/yopal-sin-servicio-de-gas-domiciliario-y-vehicular-en-la-noche-de-este-domingo-21-de-mayo\/embed\/#?secret=iU0GftCogw#?secret=MQjWoSkzZZ\" width=\"600\" height=\"568\" frameborder=\"0\" marginwidth=\"0\" marginheight=\"0\" scrolling=\"no\" sandbox=\"allow-scripts\" data-secret=\"MQjWoSkzZZ\" data-mce-fragment=\"1\"><\/iframe><\/p>\n<div><\/div>\n<div>\n<p><iframe loading=\"lazy\" class=\"wp-embedded-content\" title=\"\u00abTribunal niega aclaraci\u00f3n a Eaaay en \u201cpataleo de ahogado\u201d sobre medida que suspende contrato millonario de la PTAR\u00bb \u2014 \u25b7 Noticias de Casanare : Martha Cifuentes | Casanare\" src=\"https:\/\/marthacifuentes.com\/portada\/2023\/05\/15\/tribunal-niega-aclaracion-a-eaaay-en-pataleo-de-ahogado-sobre-medida-que-suspende-contrato-millonario-de-la-ptar\/embed\/#?secret=aM2bfOaTDX#?secret=e5OwlPR6hP\" width=\"600\" height=\"649\" frameborder=\"0\" marginwidth=\"0\" marginheight=\"0\" scrolling=\"no\" sandbox=\"allow-scripts\" data-secret=\"e5OwlPR6hP\" data-mce-fragment=\"1\"><\/iframe><\/p>\n<p><iframe loading=\"lazy\" class=\"wp-embedded-content\" title=\"\u00abComienza auditor\u00eda a administraci\u00f3n de recursos de Salud en ADRES. Capresoca atenta a requerimientos.\u00bb \u2014 \u25b7 Noticias de Casanare : Martha Cifuentes | Casanare\" src=\"https:\/\/marthacifuentes.com\/portada\/2023\/05\/11\/comienza-auditoria-a-administracion-de-recursos-de-salud-en-adres-capresoca-atenta-a-requerimientos\/embed\/#?secret=vEI9GQtYJj#?secret=Ost1SSkVTC\" width=\"600\" height=\"559\" frameborder=\"0\" marginwidth=\"0\" marginheight=\"0\" scrolling=\"no\" sandbox=\"allow-scripts\" data-secret=\"Ost1SSkVTC\" data-mce-fragment=\"1\"><\/iframe><\/p>\n<p><iframe loading=\"lazy\" class=\"wp-embedded-content\" title=\"\u00abInteresados en estudiar en Unitr\u00f3pico en Yopal, ya pueden inscribirse.\u00bb \u2014 \u25b7 Noticias de Casanare : Martha Cifuentes | Casanare\" src=\"https:\/\/marthacifuentes.com\/portada\/2023\/05\/11\/interesados-en-estudiar-en-unitropico-en-yopal-ya-pueden-inscribirse\/embed\/#?secret=NU01ZRapmT#?secret=pKJ3Kqfp4A\" width=\"600\" height=\"621\" frameborder=\"0\" marginwidth=\"0\" marginheight=\"0\" scrolling=\"no\" sandbox=\"allow-scripts\" data-secret=\"pKJ3Kqfp4A\" data-mce-fragment=\"1\"><\/iframe><\/p>\n<p><iframe loading=\"lazy\" class=\"wp-embedded-content\" title=\"\u00abDemora en inicio del PAE de Yopal en la lupa de la Procuradur\u00eda General.\u00bb \u2014 \u25b7 Noticias de Casanare : Martha Cifuentes | Casanare\" src=\"https:\/\/marthacifuentes.com\/portada\/2023\/05\/11\/demora-en-inicio-del-pae-de-yopal-en-la-lupa-de-la-procuraduria-general\/embed\/#?secret=Srv8Ysa9um#?secret=p8W3Tsvdbu\" width=\"600\" height=\"621\" frameborder=\"0\" marginwidth=\"0\" marginheight=\"0\" scrolling=\"no\" sandbox=\"allow-scripts\" data-secret=\"p8W3Tsvdbu\" data-mce-fragment=\"1\"><\/iframe><\/p>\n<p><iframe loading=\"lazy\" class=\"wp-embedded-content\" title=\"\u00abGeopark expone gesti\u00f3n empresarial y socioambiental a autoridades locales de Casanare\u00bb \u2014 \u25b7 Noticias de Casanare : Martha Cifuentes | Casanare\" src=\"https:\/\/marthacifuentes.com\/portada\/2023\/05\/08\/geopark-expone-gestion-empresarial-y-socioambiental-a-autoridades-locales-de-casanare\/embed\/#?secret=jmkLIDeQbI#?secret=StwRQbfYnO\" width=\"600\" height=\"621\" frameborder=\"0\" marginwidth=\"0\" marginheight=\"0\" scrolling=\"no\" sandbox=\"allow-scripts\" data-secret=\"StwRQbfYnO\" data-mce-fragment=\"1\"><\/iframe><\/p>\n<p><iframe loading=\"lazy\" class=\"wp-embedded-content\" title=\"\u00abEcopetrol destaca que inversi\u00f3n social en Yopal supera 30 mil millones de pesos, entre 2020 y 2023\u00bb \u2014 \u25b7 Noticias de Casanare : Martha Cifuentes | Casanare\" src=\"https:\/\/marthacifuentes.com\/portada\/2023\/05\/04\/ecopetrol-destaca-que-inversion-social-en-yopal-supera-30-mil-millones-de-pesos-entre-2020-y-2023\/embed\/#?secret=mH652kmZLz#?secret=0WmBYJu5UB\" width=\"600\" height=\"600\" frameborder=\"0\" marginwidth=\"0\" marginheight=\"0\" scrolling=\"no\" sandbox=\"allow-scripts\" data-secret=\"0WmBYJu5UB\" data-mce-fragment=\"1\"><\/iframe><\/p>\n<p><iframe loading=\"lazy\" class=\"wp-embedded-content\" title=\"\u00abCientos de familias campesinas afectadas por posible colapso de puente de La Consigna, en Man\u00ed.\u00bb \u2014 \u25b7 Noticias de Casanare : Martha Cifuentes | Casanare\" src=\"https:\/\/marthacifuentes.com\/portada\/2023\/05\/04\/cientos-de-familias-campesinas-afectadas-por-posible-colapso-de-puente-de-la-consigna-en-mani\/embed\/#?secret=XL6AoNKqO0#?secret=bbvwBo77n3\" width=\"600\" height=\"620\" frameborder=\"0\" marginwidth=\"0\" marginheight=\"0\" scrolling=\"no\" sandbox=\"allow-scripts\" data-secret=\"bbvwBo77n3\" data-mce-fragment=\"1\"><\/iframe><\/p>\n<\/div>\n<p>&nbsp;<\/p>\n","protected":false},"excerpt":{"rendered":"<p>El exsoldado profesional de la Brigada 16, Eli\u00e9cer Anzueta Cero de 44 a\u00f1os, quien hab\u00eda sido absuelto del homicidio del l\u00edder social casanare\u00f1o Daniel Abril Fuentes, ahora s\u00ed fue condenado, pero por otro asesinato, el de Rubian Jos\u00e9 Molina, en hechos ocurridos el 20 de agosto de 2022 en la vereda El Convento de Trinidad, &hellip;<\/p>\n","protected":false},"author":2,"featured_media":31690,"comment_status":"open","ping_status":"open","sticky":false,"template":"","format":"standard","meta":{"om_disable_all_campaigns":false,"_exactmetrics_skip_tracking":false,"_exactmetrics_sitenote_active":false,"_exactmetrics_sitenote_note":"","_exactmetrics_sitenote_category":0,"_monsterinsights_skip_tracking":false,"_uf_show_specific_survey":0,"_uf_disable_surveys":false,"_joinchat":[],"footnotes":""},"categories":[147,146,145],"tags":[9226,1373,9227,1400,5158,1421,1376],"class_list":["post-31689","post","type-post","status-publish","format-standard","has-post-thumbnail","hentry","category-actualidad","category-noticias","category-reportajes","tag-capturado-exsoldado-por-homicidio-de-rubian-jose-molina-en-trinidad-casanare","tag-casanare-noticias","tag-exsoldado-condenado-por-homicidio-habia-sido-absuelto-por-crimen-de-lider-daniel-abril-fuentes-en-casanare","tag-noticias-casanare","tag-noticias-trinidad","tag-noticias-yopal","tag-yopal-noticias"],"yoast_head":"<!-- This site is optimized with the Yoast SEO plugin v26.1 - https:\/\/yoast.com\/wordpress\/plugins\/seo\/ -->\n<title>Exsoldado condenado por asesinato en Trinidad, hab\u00eda sido absuelto por homicidio del l\u00edder social Daniel Abril Fuentes - \u25b7 Noticias de Casanare : Martha Cifuentes | Casanare<\/title>\n<meta name=\"robots\" content=\"index, follow, max-snippet:-1, max-image-preview:large, max-video-preview:-1\" \/>\n<link rel=\"canonical\" href=\"https:\/\/marthacifuentes.com\/portada\/exsoldado-condenado-por-asesinato-en-trinidad-habia-sido-absuelto-por-homicidio-del-lider-social-daniel-abril-fuentes\/\" \/>\n<meta property=\"og:locale\" content=\"es_ES\" \/>\n<meta property=\"og:type\" content=\"article\" \/>\n<meta property=\"og:title\" content=\"Exsoldado condenado por asesinato en Trinidad, hab\u00eda sido absuelto por homicidio del l\u00edder social Daniel Abril Fuentes - \u25b7 Noticias de Casanare : Martha Cifuentes | Casanare\" \/>\n<meta property=\"og:description\" content=\"El exsoldado profesional de la Brigada 16, Eli\u00e9cer Anzueta Cero de 44 a\u00f1os, quien hab\u00eda sido absuelto del homicidio del l\u00edder social casanare\u00f1o Daniel Abril Fuentes, ahora s\u00ed fue condenado, pero por otro asesinato, el de Rubian Jos\u00e9 Molina, en hechos ocurridos el 20 de agosto de 2022 en la vereda El Convento de Trinidad, &hellip;\" \/>\n<meta property=\"og:url\" content=\"https:\/\/marthacifuentes.com\/portada\/exsoldado-condenado-por-asesinato-en-trinidad-habia-sido-absuelto-por-homicidio-del-lider-social-daniel-abril-fuentes\/\" \/>\n<meta property=\"og:site_name\" content=\"\u25b7 Noticias de Casanare : Martha Cifuentes | Casanare\" \/>\n<meta property=\"article:published_time\" content=\"2023-06-13T16:29:47+00:00\" \/>\n<meta property=\"og:image\" content=\"https:\/\/marthacifuentes.com\/portada\/wp-content\/uploads\/2023\/06\/Eliecer-Anzueta-Cero-Homicidio-y-otro-Casanare-696x522-1.jpg\" \/>\n\t<meta property=\"og:image:width\" content=\"696\" \/>\n\t<meta property=\"og:image:height\" content=\"522\" \/>\n\t<meta property=\"og:image:type\" content=\"image\/jpeg\" \/>\n<meta name=\"author\" content=\"Martha Cifuentes\" \/>\n<meta name=\"twitter:card\" content=\"summary_large_image\" \/>\n<meta name=\"twitter:label1\" content=\"Escrito por\" \/>\n\t<meta name=\"twitter:data1\" content=\"Martha Cifuentes\" \/>\n\t<meta name=\"twitter:label2\" content=\"Tiempo de lectura\" \/>\n\t<meta name=\"twitter:data2\" content=\"1 minuto\" \/>\n<script type=\"application\/ld+json\" class=\"yoast-schema-graph\">{\"@context\":\"https:\/\/schema.org\",\"@graph\":[{\"@type\":\"WebPage\",\"@id\":\"https:\/\/marthacifuentes.com\/portada\/exsoldado-condenado-por-asesinato-en-trinidad-habia-sido-absuelto-por-homicidio-del-lider-social-daniel-abril-fuentes\/\",\"url\":\"https:\/\/marthacifuentes.com\/portada\/exsoldado-condenado-por-asesinato-en-trinidad-habia-sido-absuelto-por-homicidio-del-lider-social-daniel-abril-fuentes\/\",\"name\":\"Exsoldado condenado por asesinato en Trinidad, hab\u00eda sido absuelto por homicidio del l\u00edder social Daniel Abril Fuentes - \u25b7 Noticias de Casanare : Martha Cifuentes | Casanare\",\"isPartOf\":{\"@id\":\"https:\/\/marthacifuentes.com\/portada\/#website\"},\"primaryImageOfPage\":{\"@id\":\"https:\/\/marthacifuentes.com\/portada\/exsoldado-condenado-por-asesinato-en-trinidad-habia-sido-absuelto-por-homicidio-del-lider-social-daniel-abril-fuentes\/#primaryimage\"},\"image\":{\"@id\":\"https:\/\/marthacifuentes.com\/portada\/exsoldado-condenado-por-asesinato-en-trinidad-habia-sido-absuelto-por-homicidio-del-lider-social-daniel-abril-fuentes\/#primaryimage\"},\"thumbnailUrl\":\"https:\/\/marthacifuentes.com\/portada\/wp-content\/uploads\/2023\/06\/Eliecer-Anzueta-Cero-Homicidio-y-otro-Casanare-696x522-1.jpg\",\"datePublished\":\"2023-06-13T16:29:47+00:00\",\"author\":{\"@id\":\"https:\/\/marthacifuentes.com\/portada\/#\/schema\/person\/57f53174b991db5f90ff78d58502b714\"},\"breadcrumb\":{\"@id\":\"https:\/\/marthacifuentes.com\/portada\/exsoldado-condenado-por-asesinato-en-trinidad-habia-sido-absuelto-por-homicidio-del-lider-social-daniel-abril-fuentes\/#breadcrumb\"},\"inLanguage\":\"es\",\"potentialAction\":[{\"@type\":\"ReadAction\",\"target\":[\"https:\/\/marthacifuentes.com\/portada\/exsoldado-condenado-por-asesinato-en-trinidad-habia-sido-absuelto-por-homicidio-del-lider-social-daniel-abril-fuentes\/\"]}]},{\"@type\":\"ImageObject\",\"inLanguage\":\"es\",\"@id\":\"https:\/\/marthacifuentes.com\/portada\/exsoldado-condenado-por-asesinato-en-trinidad-habia-sido-absuelto-por-homicidio-del-lider-social-daniel-abril-fuentes\/#primaryimage\",\"url\":\"https:\/\/marthacifuentes.com\/portada\/wp-content\/uploads\/2023\/06\/Eliecer-Anzueta-Cero-Homicidio-y-otro-Casanare-696x522-1.jpg\",\"contentUrl\":\"https:\/\/marthacifuentes.com\/portada\/wp-content\/uploads\/2023\/06\/Eliecer-Anzueta-Cero-Homicidio-y-otro-Casanare-696x522-1.jpg\",\"width\":696,\"height\":522},{\"@type\":\"BreadcrumbList\",\"@id\":\"https:\/\/marthacifuentes.com\/portada\/exsoldado-condenado-por-asesinato-en-trinidad-habia-sido-absuelto-por-homicidio-del-lider-social-daniel-abril-fuentes\/#breadcrumb\",\"itemListElement\":[{\"@type\":\"ListItem\",\"position\":1,\"name\":\"Portada\",\"item\":\"https:\/\/marthacifuentes.com\/portada\/\"},{\"@type\":\"ListItem\",\"position\":2,\"name\":\"Exsoldado condenado por asesinato en Trinidad, hab\u00eda sido absuelto por homicidio del l\u00edder social Daniel Abril Fuentes\"}]},{\"@type\":\"WebSite\",\"@id\":\"https:\/\/marthacifuentes.com\/portada\/#website\",\"url\":\"https:\/\/marthacifuentes.com\/portada\/\",\"name\":\"\u25b7 Noticias de Casanare : Martha Cifuentes | Casanare\",\"description\":\"Noticias &amp; Contenidos\",\"potentialAction\":[{\"@type\":\"SearchAction\",\"target\":{\"@type\":\"EntryPoint\",\"urlTemplate\":\"https:\/\/marthacifuentes.com\/portada\/?s={search_term_string}\"},\"query-input\":{\"@type\":\"PropertyValueSpecification\",\"valueRequired\":true,\"valueName\":\"search_term_string\"}}],\"inLanguage\":\"es\"},{\"@type\":\"Person\",\"@id\":\"https:\/\/marthacifuentes.com\/portada\/#\/schema\/person\/57f53174b991db5f90ff78d58502b714\",\"name\":\"Martha Cifuentes\",\"image\":{\"@type\":\"ImageObject\",\"inLanguage\":\"es\",\"@id\":\"https:\/\/marthacifuentes.com\/portada\/#\/schema\/person\/image\/\",\"url\":\"http:\/\/marthacifuentes.com\/portada\/wp-content\/uploads\/2018\/06\/avatar_user_2_1528838701-96x96.jpg\",\"contentUrl\":\"http:\/\/marthacifuentes.com\/portada\/wp-content\/uploads\/2018\/06\/avatar_user_2_1528838701-96x96.jpg\",\"caption\":\"Martha Cifuentes\"},\"sameAs\":[\"http:\/\/www.marthacifuentes.com\"],\"url\":\"https:\/\/marthacifuentes.com\/portada\/author\/martha\/\"}]}<\/script>\n<!-- \/ Yoast SEO plugin. -->","yoast_head_json":{"title":"Exsoldado condenado por asesinato en Trinidad, hab\u00eda sido absuelto por homicidio del l\u00edder social Daniel Abril Fuentes - \u25b7 Noticias de Casanare : Martha Cifuentes | Casanare","robots":{"index":"index","follow":"follow","max-snippet":"max-snippet:-1","max-image-preview":"max-image-preview:large","max-video-preview":"max-video-preview:-1"},"canonical":"https:\/\/marthacifuentes.com\/portada\/exsoldado-condenado-por-asesinato-en-trinidad-habia-sido-absuelto-por-homicidio-del-lider-social-daniel-abril-fuentes\/","og_locale":"es_ES","og_type":"article","og_title":"Exsoldado condenado por asesinato en Trinidad, hab\u00eda sido absuelto por homicidio del l\u00edder social Daniel Abril Fuentes - \u25b7 Noticias de Casanare : Martha Cifuentes | Casanare","og_description":"El exsoldado profesional de la Brigada 16, Eli\u00e9cer Anzueta Cero de 44 a\u00f1os, quien hab\u00eda sido absuelto del homicidio del l\u00edder social casanare\u00f1o Daniel Abril Fuentes, ahora s\u00ed fue condenado, pero por otro asesinato, el de Rubian Jos\u00e9 Molina, en hechos ocurridos el 20 de agosto de 2022 en la vereda El Convento de Trinidad, &hellip;","og_url":"https:\/\/marthacifuentes.com\/portada\/exsoldado-condenado-por-asesinato-en-trinidad-habia-sido-absuelto-por-homicidio-del-lider-social-daniel-abril-fuentes\/","og_site_name":"\u25b7 Noticias de Casanare : Martha Cifuentes | Casanare","article_published_time":"2023-06-13T16:29:47+00:00","og_image":[{"width":696,"height":522,"url":"https:\/\/marthacifuentes.com\/portada\/wp-content\/uploads\/2023\/06\/Eliecer-Anzueta-Cero-Homicidio-y-otro-Casanare-696x522-1.jpg","type":"image\/jpeg"}],"author":"Martha Cifuentes","twitter_card":"summary_large_image","twitter_misc":{"Escrito por":"Martha Cifuentes","Tiempo de lectura":"1 minuto"},"schema":{"@context":"https:\/\/schema.org","@graph":[{"@type":"WebPage","@id":"https:\/\/marthacifuentes.com\/portada\/exsoldado-condenado-por-asesinato-en-trinidad-habia-sido-absuelto-por-homicidio-del-lider-social-daniel-abril-fuentes\/","url":"https:\/\/marthacifuentes.com\/portada\/exsoldado-condenado-por-asesinato-en-trinidad-habia-sido-absuelto-por-homicidio-del-lider-social-daniel-abril-fuentes\/","name":"Exsoldado condenado por asesinato en Trinidad, hab\u00eda sido absuelto por homicidio del l\u00edder social Daniel Abril Fuentes - \u25b7 Noticias de Casanare : Martha Cifuentes | Casanare","isPartOf":{"@id":"https:\/\/marthacifuentes.com\/portada\/#website"},"primaryImageOfPage":{"@id":"https:\/\/marthacifuentes.com\/portada\/exsoldado-condenado-por-asesinato-en-trinidad-habia-sido-absuelto-por-homicidio-del-lider-social-daniel-abril-fuentes\/#primaryimage"},"image":{"@id":"https:\/\/marthacifuentes.com\/portada\/exsoldado-condenado-por-asesinato-en-trinidad-habia-sido-absuelto-por-homicidio-del-lider-social-daniel-abril-fuentes\/#primaryimage"},"thumbnailUrl":"https:\/\/marthacifuentes.com\/portada\/wp-content\/uploads\/2023\/06\/Eliecer-Anzueta-Cero-Homicidio-y-otro-Casanare-696x522-1.jpg","datePublished":"2023-06-13T16:29:47+00:00","author":{"@id":"https:\/\/marthacifuentes.com\/portada\/#\/schema\/person\/57f53174b991db5f90ff78d58502b714"},"breadcrumb":{"@id":"https:\/\/marthacifuentes.com\/portada\/exsoldado-condenado-por-asesinato-en-trinidad-habia-sido-absuelto-por-homicidio-del-lider-social-daniel-abril-fuentes\/#breadcrumb"},"inLanguage":"es","potentialAction":[{"@type":"ReadAction","target":["https:\/\/marthacifuentes.com\/portada\/exsoldado-condenado-por-asesinato-en-trinidad-habia-sido-absuelto-por-homicidio-del-lider-social-daniel-abril-fuentes\/"]}]},{"@type":"ImageObject","inLanguage":"es","@id":"https:\/\/marthacifuentes.com\/portada\/exsoldado-condenado-por-asesinato-en-trinidad-habia-sido-absuelto-por-homicidio-del-lider-social-daniel-abril-fuentes\/#primaryimage","url":"https:\/\/marthacifuentes.com\/portada\/wp-content\/uploads\/2023\/06\/Eliecer-Anzueta-Cero-Homicidio-y-otro-Casanare-696x522-1.jpg","contentUrl":"https:\/\/marthacifuentes.com\/portada\/wp-content\/uploads\/2023\/06\/Eliecer-Anzueta-Cero-Homicidio-y-otro-Casanare-696x522-1.jpg","width":696,"height":522},{"@type":"BreadcrumbList","@id":"https:\/\/marthacifuentes.com\/portada\/exsoldado-condenado-por-asesinato-en-trinidad-habia-sido-absuelto-por-homicidio-del-lider-social-daniel-abril-fuentes\/#breadcrumb","itemListElement":[{"@type":"ListItem","position":1,"name":"Portada","item":"https:\/\/marthacifuentes.com\/portada\/"},{"@type":"ListItem","position":2,"name":"Exsoldado condenado por asesinato en Trinidad, hab\u00eda sido absuelto por homicidio del l\u00edder social Daniel Abril Fuentes"}]},{"@type":"WebSite","@id":"https:\/\/marthacifuentes.com\/portada\/#website","url":"https:\/\/marthacifuentes.com\/portada\/","name":"\u25b7 Noticias de Casanare : Martha Cifuentes | Casanare","description":"Noticias &amp; Contenidos","potentialAction":[{"@type":"SearchAction","target":{"@type":"EntryPoint","urlTemplate":"https:\/\/marthacifuentes.com\/portada\/?s={search_term_string}"},"query-input":{"@type":"PropertyValueSpecification","valueRequired":true,"valueName":"search_term_string"}}],"inLanguage":"es"},{"@type":"Person","@id":"https:\/\/marthacifuentes.com\/portada\/#\/schema\/person\/57f53174b991db5f90ff78d58502b714","name":"Martha Cifuentes","image":{"@type":"ImageObject","inLanguage":"es","@id":"https:\/\/marthacifuentes.com\/portada\/#\/schema\/person\/image\/","url":"http:\/\/marthacifuentes.com\/portada\/wp-content\/uploads\/2018\/06\/avatar_user_2_1528838701-96x96.jpg","contentUrl":"http:\/\/marthacifuentes.com\/portada\/wp-content\/uploads\/2018\/06\/avatar_user_2_1528838701-96x96.jpg","caption":"Martha Cifuentes"},"sameAs":["http:\/\/www.marthacifuentes.com"],"url":"https:\/\/marthacifuentes.com\/portada\/author\/martha\/"}]}},"_links":{"self":[{"href":"https:\/\/marthacifuentes.com\/portada\/wp-json\/wp\/v2\/posts\/31689","targetHints":{"allow":["GET"]}}],"collection":[{"href":"https:\/\/marthacifuentes.com\/portada\/wp-json\/wp\/v2\/posts"}],"about":[{"href":"https:\/\/marthacifuentes.com\/portada\/wp-json\/wp\/v2\/types\/post"}],"author":[{"embeddable":true,"href":"https:\/\/marthacifuentes.com\/portada\/wp-json\/wp\/v2\/users\/2"}],"replies":[{"embeddable":true,"href":"https:\/\/marthacifuentes.com\/portada\/wp-json\/wp\/v2\/comments?post=31689"}],"version-history":[{"count":1,"href":"https:\/\/marthacifuentes.com\/portada\/wp-json\/wp\/v2\/posts\/31689\/revisions"}],"predecessor-version":[{"id":31691,"href":"https:\/\/marthacifuentes.com\/portada\/wp-json\/wp\/v2\/posts\/31689\/revisions\/31691"}],"wp:featuredmedia":[{"embeddable":true,"href":"https:\/\/marthacifuentes.com\/portada\/wp-json\/wp\/v2\/media\/31690"}],"wp:attachment":[{"href":"https:\/\/marthacifuentes.com\/portada\/wp-json\/wp\/v2\/media?parent=31689"}],"wp:term":[{"taxonomy":"category","embeddable":true,"href":"https:\/\/marthacifuentes.com\/portada\/wp-json\/wp\/v2\/categories?post=31689"},{"taxonomy":"post_tag","embeddable":true,"href":"https:\/\/marthacifuentes.com\/portada\/wp-json\/wp\/v2\/tags?post=31689"}],"curies":[{"name":"wp","href":"https:\/\/api.w.org\/{rel}","templated":true}]}}