{"id":31702,"date":"2023-06-13T14:32:57","date_gmt":"2023-06-13T19:32:57","guid":{"rendered":"https:\/\/marthacifuentes.com\/portada\/?p=31702"},"modified":"2023-06-14T11:23:26","modified_gmt":"2023-06-14T16:23:26","slug":"en-san-luis-de-palenque-encontraron-5-cuerpos-de-las-1-973-personas-desaparecidas-en-casanare","status":"publish","type":"post","link":"https:\/\/marthacifuentes.com\/portada\/en-san-luis-de-palenque-encontraron-5-cuerpos-de-las-1-973-personas-desaparecidas-en-casanare\/","title":{"rendered":"En San Luis de Palenque encontraron 5 cuerpos de las 1.973 personas desaparecidas en Casanare."},"content":{"rendered":"<p style=\"text-align: justify;\">Seg\u00fan la investigaci\u00f3n humanitaria y extrajudicial de la UBPD, los cuerpos de las personas encontradas corresponder\u00edan a integrantes de grupos armados que hac\u00edan presencia en esta zona del pa\u00eds y que, en el marco del conflicto armado, murieron en medio de un enfrentamiento por la disputa del territorio el 30 de marzo de 1998.<\/p>\n<p style=\"text-align: justify;\">Estas acciones humanitarias adelantadas por la Unidad de B\u00fasqueda se enmarcan en el Plan Regional de B\u00fasqueda de Sabanas del Sur de Casanare, el cual se ha venido construyendo de manera participativa con las organizaciones y cuyos sitios de inter\u00e9s forense hacen parte del Registro Nacional de Fosas, Cementerios Ilegales y Sepulturas que incluye el cementerio comunitario donde se hizo el hallazgo.<\/p>\n<h2><img loading=\"lazy\" decoding=\"async\" class=\"alignnone wp-image-31706\" src=\"https:\/\/marthacifuentes.com\/portada\/wp-content\/uploads\/2023\/06\/Casanera_recuperacion_cuerpos_2023_4-1024x683-1.webp\" alt=\"\" width=\"535\" height=\"357\" srcset=\"https:\/\/marthacifuentes.com\/portada\/wp-content\/uploads\/2023\/06\/Casanera_recuperacion_cuerpos_2023_4-1024x683-1.webp 1024w, https:\/\/marthacifuentes.com\/portada\/wp-content\/uploads\/2023\/06\/Casanera_recuperacion_cuerpos_2023_4-1024x683-1-300x200.webp 300w, https:\/\/marthacifuentes.com\/portada\/wp-content\/uploads\/2023\/06\/Casanera_recuperacion_cuerpos_2023_4-1024x683-1-768x512.webp 768w\" sizes=\"auto, (max-width: 535px) 100vw, 535px\" \/><\/h2>\n<p style=\"text-align: justify;\">La coordinadora del equipo territorial de Yopal, Sonia Rodr\u00edguez, asegur\u00f3 que esta acci\u00f3n humanitaria representa el alivio para las familias que en estos momentos no saben sobre la suerte de sus seres queridos desaparecidos. Destac\u00f3, adem\u00e1s, que con este hallazgo se ratifica la misionalidad extrajudicial y humanitaria de la entidad, sin importar las circunstancias en las que ocurrieron las desapariciones.<\/p>\n<p style=\"text-align: justify;\">\u201cEn la misionalidad de la UBPD est\u00e1 la b\u00fasqueda de todas las personas desaparecidas forzadamente, secuestradas, reclutadas, integrantes de la fuerza p\u00fablica o grupos armados al margen de la ley que desaparecieron durante las hostilidades y de quienes no se conoce su paradero. En esta oportunidad y luego de 25 a\u00f1os, estas familias podr\u00e1n conocer la verdad y dar un entierro digno a sus seres queridos. Estas familias llevan mucho tiempo buscando sin obtener una respuesta, por ello es muy gratificante saber que estamos aportando al alivio de ese dolor\u201d, expres\u00f3 la servidora p\u00fablica.<\/p>\n<h2><img loading=\"lazy\" decoding=\"async\" class=\"alignnone wp-image-31707\" src=\"https:\/\/marthacifuentes.com\/portada\/wp-content\/uploads\/2023\/06\/Casanera_recuperacion_cuerpos_2023_18-1536x1025-1-1024x683.webp\" alt=\"\" width=\"520\" height=\"347\" srcset=\"https:\/\/marthacifuentes.com\/portada\/wp-content\/uploads\/2023\/06\/Casanera_recuperacion_cuerpos_2023_18-1536x1025-1-1024x683.webp 1024w, https:\/\/marthacifuentes.com\/portada\/wp-content\/uploads\/2023\/06\/Casanera_recuperacion_cuerpos_2023_18-1536x1025-1-300x200.webp 300w, https:\/\/marthacifuentes.com\/portada\/wp-content\/uploads\/2023\/06\/Casanera_recuperacion_cuerpos_2023_18-1536x1025-1-768x513.webp 768w, https:\/\/marthacifuentes.com\/portada\/wp-content\/uploads\/2023\/06\/Casanera_recuperacion_cuerpos_2023_18-1536x1025-1.webp 1536w\" sizes=\"auto, (max-width: 520px) 100vw, 520px\" \/><\/h2>\n<p style=\"text-align: justify;\">Participaci\u00f3n de las familias buscadoras<\/p>\n<p style=\"text-align: justify;\">La investigaci\u00f3n adelantada por la UBPD evidenci\u00f3 que San Luis de Palenque se caracteriz\u00f3 por la cooptaci\u00f3n de su territorio por las extintas FARC en la d\u00e9cada de los ochenta, que devino en un posterior repliegue hacia mediados y finales de la d\u00e9cada de los noventa como consecuencia del ingreso paramilitar a la zona con influencia de grupos afincados en los departamentos del Meta, Arauca y Casanare. Esta situaci\u00f3n gener\u00f3 confrontaci\u00f3n armada, enfrentamientos, desapariciones forzadas, despojo y abandono de tierras, entre otros hechos de violencia.<\/p>\n<p style=\"text-align: justify;\">En las l\u00edneas de investigaci\u00f3n humanitaria, la UBPD ha identificado que en esta regi\u00f3n del Casanare un gran n\u00famero de desapariciones en el marco del conflicto armado se asocian a cuerpos de personas combatientes dispuestas en la regi\u00f3n, muchas de las cuales proven\u00edan de otras regiones del departamento y de otras zonas del pa\u00eds.<\/p>\n<h2><img loading=\"lazy\" decoding=\"async\" class=\"alignnone wp-image-31705\" src=\"https:\/\/marthacifuentes.com\/portada\/wp-content\/uploads\/2023\/06\/345920642_6072864102763191_4785946915564440039_n-1024x684.jpg\" alt=\"\" width=\"532\" height=\"355\" srcset=\"https:\/\/marthacifuentes.com\/portada\/wp-content\/uploads\/2023\/06\/345920642_6072864102763191_4785946915564440039_n-1024x684.jpg 1024w, https:\/\/marthacifuentes.com\/portada\/wp-content\/uploads\/2023\/06\/345920642_6072864102763191_4785946915564440039_n-300x200.jpg 300w, https:\/\/marthacifuentes.com\/portada\/wp-content\/uploads\/2023\/06\/345920642_6072864102763191_4785946915564440039_n-768x513.jpg 768w, https:\/\/marthacifuentes.com\/portada\/wp-content\/uploads\/2023\/06\/345920642_6072864102763191_4785946915564440039_n-1536x1025.jpg 1536w, https:\/\/marthacifuentes.com\/portada\/wp-content\/uploads\/2023\/06\/345920642_6072864102763191_4785946915564440039_n.jpg 2048w\" sizes=\"auto, (max-width: 532px) 100vw, 532px\" \/><\/h2>\n<p style=\"text-align: justify;\">Dentro de las v\u00edctimas, presuntamente se encuentra el cuerpo de *Alexander, un joven campesino que en el momento de los hechos ten\u00eda 23 a\u00f1os y que al parecer muri\u00f3 en medio de las hostilidades entre dos grupos armados.<\/p>\n<p style=\"text-align: justify;\">La desaparici\u00f3n de *Alexander ocurri\u00f3 en la regi\u00f3n de las Sabanas del Sur del Casanare, particularmente en el municipio de San Luis de Palenque. Geogr\u00e1ficamente tiene una posici\u00f3n estrat\u00e9gica, por estar irrigado por el r\u00edo Meta y tener como departamento colindante el Vichada. Este aspecto permiti\u00f3 la instalaci\u00f3n de corredores importantes de comunicaci\u00f3n que fueron aprovechados por grupos armados ilegales.<\/p>\n<h2><img loading=\"lazy\" decoding=\"async\" class=\"alignnone wp-image-31704\" src=\"https:\/\/marthacifuentes.com\/portada\/wp-content\/uploads\/2023\/06\/345846923_1163435581722039_3711525526871277086_n-1024x684.jpg\" alt=\"\" width=\"538\" height=\"359\" srcset=\"https:\/\/marthacifuentes.com\/portada\/wp-content\/uploads\/2023\/06\/345846923_1163435581722039_3711525526871277086_n-1024x684.jpg 1024w, https:\/\/marthacifuentes.com\/portada\/wp-content\/uploads\/2023\/06\/345846923_1163435581722039_3711525526871277086_n-300x200.jpg 300w, https:\/\/marthacifuentes.com\/portada\/wp-content\/uploads\/2023\/06\/345846923_1163435581722039_3711525526871277086_n-768x513.jpg 768w, https:\/\/marthacifuentes.com\/portada\/wp-content\/uploads\/2023\/06\/345846923_1163435581722039_3711525526871277086_n-1536x1025.jpg 1536w, https:\/\/marthacifuentes.com\/portada\/wp-content\/uploads\/2023\/06\/345846923_1163435581722039_3711525526871277086_n.jpg 2048w\" sizes=\"auto, (max-width: 538px) 100vw, 538px\" \/><\/h2>\n<p style=\"text-align: justify;\">La solicitud de b\u00fasqueda fue presentada por uno de los hermanos de la v\u00edctima en enero de 2022. Seg\u00fan el relato de la persona que busca, *Alexander se encontraba viviendo en el municipio de San Luis de Palenque desempe\u00f1ando labores del campo junto a su familia luego de haber prestado el servicio militar y salir de la instituci\u00f3n antes de tiempo por un accidente.<\/p>\n<p style=\"text-align: justify;\">En marzo de 1998, *Alexander manifest\u00f3 a sus seres queridos que se iba a ir a trabajar con un sargento retirado del Ej\u00e9rcito, por lo que se traslad\u00f3 a Yopal. Poco tiempo despu\u00e9s, su familia perdi\u00f3 todo contacto y comunicaci\u00f3n con \u00e9l.<\/p>\n<p style=\"text-align: justify;\">D\u00edas despu\u00e9s y adelantadas las labores de b\u00fasqueda por parte de la familia de *Alexander, un integrante de un grupo armado le manifest\u00f3 que \u00e9l hab\u00eda fallecido junto con cuatro personas m\u00e1s, en medio de un enfrentamiento entre grupos irregulares el 30 de marzo de 1998. Los cuerpos fueron inhumados en una fosa del cementerio veredal.<\/p>\n<p style=\"text-align: justify;\">*Luis, hermano de *Alexander, asegur\u00f3 que esta acci\u00f3n adelantada por la Unidad de B\u00fasqueda representa un alivio para su familia despu\u00e9s de m\u00e1s de dos d\u00e9cadas de incertidumbre.<\/p>\n<p style=\"text-align: justify;\">\u201cLes digo a ustedes muchas gracias por tenernos en cuenta, esto es una cuesti\u00f3n muy buena, esta labor que ustedes est\u00e1n haciendo para nosotros es muy importante. Tambi\u00e9n se le hace la invitaci\u00f3n a todos lo que son v\u00edctimas y tienen a sus familiares desaparecidos para que busquen a esta entidad que nos est\u00e1 dando el apoyo, para que, asimismo, les colaboren tambi\u00e9n\u201d, manifest\u00f3 el hermano de *Alexander.<\/p>\n<p style=\"text-align: justify;\">Los cuerpos recuperados por la Unidad de B\u00fasqueda fueron entregados a Medicina Legal para su respectiva identificaci\u00f3n.<\/p>\n<p style=\"text-align: justify;\">Finalmente, el departamento de Casanare ha construido un universo de 1.973 personas desaparecidas en contexto y en raz\u00f3n del conflicto armado.<\/p>\n<p style=\"text-align: justify;\">Los nombres de las v\u00edctimas fueron cambiados por razones\u00a0de\u00a0seguridad.<\/p>\n<h2><img loading=\"lazy\" decoding=\"async\" class=\"alignnone wp-image-31703\" src=\"https:\/\/marthacifuentes.com\/portada\/wp-content\/uploads\/2023\/06\/345593543_6716176385133559_5910667538164585080_n-1024x684.jpg\" alt=\"\" width=\"593\" height=\"396\" srcset=\"https:\/\/marthacifuentes.com\/portada\/wp-content\/uploads\/2023\/06\/345593543_6716176385133559_5910667538164585080_n-1024x684.jpg 1024w, https:\/\/marthacifuentes.com\/portada\/wp-content\/uploads\/2023\/06\/345593543_6716176385133559_5910667538164585080_n-300x200.jpg 300w, https:\/\/marthacifuentes.com\/portada\/wp-content\/uploads\/2023\/06\/345593543_6716176385133559_5910667538164585080_n-768x513.jpg 768w, https:\/\/marthacifuentes.com\/portada\/wp-content\/uploads\/2023\/06\/345593543_6716176385133559_5910667538164585080_n-1536x1025.jpg 1536w, https:\/\/marthacifuentes.com\/portada\/wp-content\/uploads\/2023\/06\/345593543_6716176385133559_5910667538164585080_n.jpg 2048w\" sizes=\"auto, (max-width: 593px) 100vw, 593px\" \/><\/h2>\n<h2>Otras noticias&#8230;<\/h2>\n<blockquote class=\"wp-embedded-content\" data-secret=\"z3zY5ypsSL\"><p><a href=\"https:\/\/marthacifuentes.com\/portada\/2023\/06\/13\/villanueva-y-tauramena-tratan-de-recuperarse-de-afectaciones-invernales\/\">Villanueva y Tauramena tratan de recuperarse de afectaciones invernales<\/a><\/p><\/blockquote>\n<p><iframe loading=\"lazy\" class=\"wp-embedded-content\" sandbox=\"allow-scripts\" security=\"restricted\" style=\"position: absolute; clip: rect(1px, 1px, 1px, 1px);\" title=\"\u00abVillanueva y Tauramena tratan de recuperarse de afectaciones invernales\u00bb \u2014 \u25b7 Noticias de Casanare : Martha Cifuentes | Casanare\" src=\"https:\/\/marthacifuentes.com\/portada\/2023\/06\/13\/villanueva-y-tauramena-tratan-de-recuperarse-de-afectaciones-invernales\/embed\/#?secret=CbmrlOAKRg#?secret=z3zY5ypsSL\" data-secret=\"z3zY5ypsSL\" width=\"500\" height=\"282\" frameborder=\"0\" marginwidth=\"0\" marginheight=\"0\" scrolling=\"no\"><\/iframe><\/p>\n<p><iframe loading=\"lazy\" class=\"wp-embedded-content\" title=\"\u00abA pesar de tener casa por c\u00e1rcel, j\u00edbaro fue pescado vendiendo marihuana en Paz de Ariporo\u00bb \u2014 \u25b7 Noticias de Casanare : Martha Cifuentes | Casanare\" src=\"https:\/\/marthacifuentes.com\/portada\/2023\/06\/13\/a-pesar-de-tener-casa-por-carcel-jibaro-fue-pescado-vendiendo-marihuana-en-paz-de-ariporo\/embed\/#?secret=56yMnkqR3g#?secret=5EIQwucqXS\" width=\"600\" height=\"621\" frameborder=\"0\" marginwidth=\"0\" marginheight=\"0\" scrolling=\"no\" sandbox=\"allow-scripts\" data-secret=\"5EIQwucqXS\" data-mce-fragment=\"1\"><\/iframe><\/p>\n<p><iframe loading=\"lazy\" class=\"wp-embedded-content\" title=\"\u00abExsoldado condenado por asesinato en Trinidad, hab\u00eda sido absuelto por homicidio del l\u00edder social Daniel Abril Fuentes\u00bb \u2014 \u25b7 Noticias de Casanare : Martha Cifuentes | Casanare\" src=\"https:\/\/marthacifuentes.com\/portada\/2023\/06\/13\/exsoldado-condenado-por-asesinato-en-trinidad-habia-sido-absuelto-por-homicidio-del-lider-social-daniel-abril-fuentes\/embed\/#?secret=QATOYq6J9Z#?secret=AcQnudPrMv\" width=\"600\" height=\"628\" frameborder=\"0\" marginwidth=\"0\" marginheight=\"0\" scrolling=\"no\" sandbox=\"allow-scripts\" data-secret=\"AcQnudPrMv\" data-mce-fragment=\"1\"><\/iframe><\/p>\n<p><iframe loading=\"lazy\" class=\"wp-embedded-content\" title=\"\u00abOtro asesinato en Man\u00ed. Un hombre fue sicariado a una cuadra de estaci\u00f3n de polic\u00eda.\u00bb \u2014 \u25b7 Noticias de Casanare : Martha Cifuentes | Casanare\" src=\"https:\/\/marthacifuentes.com\/portada\/2023\/06\/13\/otro-asesinato-en-mani-un-hombre-fue-sicariado-a-una-cuadra-de-estacion-de-policia\/embed\/#?secret=pTfELqew3K#?secret=H0EpjTPFce\" width=\"600\" height=\"600\" frameborder=\"0\" marginwidth=\"0\" marginheight=\"0\" scrolling=\"no\" sandbox=\"allow-scripts\" data-secret=\"H0EpjTPFce\" data-mce-fragment=\"1\"><\/iframe><\/p>\n<p><iframe loading=\"lazy\" class=\"wp-embedded-content\" title=\"\u00abEn siniestro vial, vendedor de leche, en moto, muri\u00f3 en Marginal del Llano, en Aguazul.\u00bb \u2014 \u25b7 Noticias de Casanare : Martha Cifuentes | Casanare\" src=\"https:\/\/marthacifuentes.com\/portada\/2023\/06\/08\/en-siniestro-vial-vendedor-de-leche-en-moto-murio-en-marginal-del-llano-en-aguazul\/embed\/#?secret=kMbpUKHMUS#?secret=NC0Og1xWmY\" width=\"600\" height=\"600\" frameborder=\"0\" marginwidth=\"0\" marginheight=\"0\" scrolling=\"no\" sandbox=\"allow-scripts\" data-secret=\"NC0Og1xWmY\" data-mce-fragment=\"1\"><\/iframe><\/p>\n<p><iframe loading=\"lazy\" class=\"wp-embedded-content\" title=\"\u00abLevantado bloqueo de relleno sanitario de Yopal. Ya se puede sacar la basura.\u00bb \u2014 \u25b7 Noticias de Casanare : Martha Cifuentes | Casanare\" src=\"https:\/\/marthacifuentes.com\/portada\/2023\/06\/08\/levantado-bloqueo-de-relleno-sanitario-de-yopal-ya-se-puede-sacar-la-basura\/embed\/#?secret=0K01pwn05E#?secret=kbnrXZd8vd\" width=\"600\" height=\"600\" frameborder=\"0\" marginwidth=\"0\" marginheight=\"0\" scrolling=\"no\" sandbox=\"allow-scripts\" data-secret=\"kbnrXZd8vd\" data-mce-fragment=\"1\"><\/iframe><\/p>\n<p><iframe loading=\"lazy\" class=\"wp-embedded-content\" title=\"\u00abCambio clim\u00e1tico, un problema de todos, fue analizado en Simposio de Desarrollo Sostenible hecho por Corporinoquia\u00bb \u2014 \u25b7 Noticias de Casanare : Martha Cifuentes | Casanare\" src=\"https:\/\/marthacifuentes.com\/portada\/2023\/06\/08\/cambio-climatico-un-problema-de-todos-fue-analizado-en-simposio-de-desarrollo-sostenible-hecho-por-corporinoquia\/embed\/#?secret=cwMAlaKZeX#?secret=dbCDyGXo79\" width=\"600\" height=\"649\" frameborder=\"0\" marginwidth=\"0\" marginheight=\"0\" scrolling=\"no\" sandbox=\"allow-scripts\" data-secret=\"dbCDyGXo79\" data-mce-fragment=\"1\"><\/iframe><\/p>\n<p><iframe loading=\"lazy\" class=\"wp-embedded-content\" title=\"\u00abMediante la opci\u00f3n Obras por Impuestos, Ecopetrol realiz\u00f3 pavimentaci\u00f3n de 3.23 km de v\u00edas en Paz de Ariporo, Casanare.\u00bb \u2014 \u25b7 Noticias de Casanare : Martha Cifuentes | Casanare\" src=\"https:\/\/marthacifuentes.com\/portada\/2023\/06\/08\/mediante-la-opcion-obras-por-impuestos-ecopetrol-realizo-pavimentacion-de-3-23-km-de-vias-en-paz-de-ariporo-casanare\/embed\/#?secret=AzzS27spwO#?secret=UyGNV9Eo5U\" width=\"600\" height=\"649\" frameborder=\"0\" marginwidth=\"0\" marginheight=\"0\" scrolling=\"no\" sandbox=\"allow-scripts\" data-secret=\"UyGNV9Eo5U\" data-mce-fragment=\"1\"><\/iframe><\/p>\n<p><iframe loading=\"lazy\" class=\"wp-embedded-content\" title=\"\u00abRestablecido servicio de gas en vereda Bendiciones, Tauramena, confirma Cusianagas\u00bb \u2014 \u25b7 Noticias de Casanare : Martha Cifuentes | Casanare\" src=\"https:\/\/marthacifuentes.com\/portada\/2023\/06\/08\/restablecido-servicio-de-gas-en-vereda-bendiciones-tauramena-confirma-cusianagas\/embed\/#?secret=vxsYX4RF3M#?secret=onn2Q5nKmf\" width=\"600\" height=\"568\" frameborder=\"0\" marginwidth=\"0\" marginheight=\"0\" scrolling=\"no\" sandbox=\"allow-scripts\" data-secret=\"onn2Q5nKmf\" data-mce-fragment=\"1\"><\/iframe><\/p>\n<p><iframe loading=\"lazy\" class=\"wp-embedded-content\" title=\"\u00abPor deslizamientos de tierra, cerrada v\u00eda que une a Boyac\u00e1 con Casanare entre Paya y Nunch\u00eda\u00bb \u2014 \u25b7 Noticias de Casanare : Martha Cifuentes | Casanare\" src=\"https:\/\/marthacifuentes.com\/portada\/2023\/06\/07\/por-deslizamientos-de-tierra-cerrada-via-que-une-a-boyaca-con-casanare-entre-paya-y-nunchia\/embed\/#?secret=swzhAMcvbJ#?secret=EbVIIceG3N\" width=\"600\" height=\"621\" frameborder=\"0\" marginwidth=\"0\" marginheight=\"0\" scrolling=\"no\" sandbox=\"allow-scripts\" data-secret=\"EbVIIceG3N\" data-mce-fragment=\"1\"><\/iframe><\/p>\n<p><iframe loading=\"lazy\" class=\"wp-embedded-content\" title=\"\u00abUsuarios de v\u00eda Yopal-Monterrey-Villanueva-Villavicencio ser\u00e1n afectados por cierres nocturnos\u00bb \u2014 \u25b7 Noticias de Casanare : Martha Cifuentes | Casanare\" src=\"https:\/\/marthacifuentes.com\/portada\/2023\/06\/07\/usuarios-de-via-yopal-monterrey-villanueva-villavicencio-seran-afectados-por-cierres-nocturnos\/embed\/#?secret=ID1Du2o3kY#?secret=1RtWRvpf7u\" width=\"600\" height=\"620\" frameborder=\"0\" marginwidth=\"0\" marginheight=\"0\" scrolling=\"no\" sandbox=\"allow-scripts\" data-secret=\"1RtWRvpf7u\" data-mce-fragment=\"1\"><\/iframe><\/p>\n<p><iframe loading=\"lazy\" class=\"wp-embedded-content\" title=\"\u00abJugaron mal y perdieron. Asaltantes de casino en Aguazul fueron judicializados\u00bb \u2014 \u25b7 Noticias de Casanare : Martha Cifuentes | Casanare\" src=\"https:\/\/marthacifuentes.com\/portada\/2023\/06\/07\/jugaron-mal-y-perdieron-asaltantes-de-casino-en-aguazul-fueron-judicializados\/embed\/#?secret=CxD2xQGQkw#?secret=zwOwV8t64J\" width=\"600\" height=\"621\" frameborder=\"0\" marginwidth=\"0\" marginheight=\"0\" scrolling=\"no\" sandbox=\"allow-scripts\" data-secret=\"zwOwV8t64J\" data-mce-fragment=\"1\"><\/iframe><\/p>\n<p><iframe loading=\"lazy\" class=\"wp-embedded-content\" title=\"\u00abYopal de mi\u00e9r\u2026 coles, con paro de taxistas, bloqueo en relleno sanitario y cierres viales en el centro\u00bb \u2014 \u25b7 Noticias de Casanare : Martha Cifuentes | Casanare\" src=\"https:\/\/marthacifuentes.com\/portada\/2023\/06\/07\/yopal-de-mier-coles-con-paro-de-taxistas-bloqueo-en-relleno-sanitario-y-cierres-viales-en-el-centro\/embed\/#?secret=56J7Rv9o4h#?secret=Sirz1eVMNM\" width=\"600\" height=\"621\" frameborder=\"0\" marginwidth=\"0\" marginheight=\"0\" scrolling=\"no\" sandbox=\"allow-scripts\" data-secret=\"Sirz1eVMNM\" data-mce-fragment=\"1\"><\/iframe><\/p>\n<p><iframe loading=\"lazy\" class=\"wp-embedded-content\" title=\"\u00abEsta es la nueva glorieta para agilizar el tr\u00e1fico para Aguazul, Tauramena, Villavicencio y Sogamoso, que presentar\u00e1 Covioriente\u00bb \u2014 \u25b7 Noticias de Casanare : Martha Cifuentes | Casanare\" src=\"https:\/\/marthacifuentes.com\/portada\/2023\/06\/06\/esta-es-la-nueva-glorieta-para-agilizar-el-trafico-para-aguazul-tauramena-villavicencio-y-sogamoso-que-presentara-covioriente\/embed\/#?secret=mTiPtLJeCQ#?secret=zQHFB3CQyF\" width=\"600\" height=\"649\" frameborder=\"0\" marginwidth=\"0\" marginheight=\"0\" scrolling=\"no\" sandbox=\"allow-scripts\" data-secret=\"zQHFB3CQyF\" data-mce-fragment=\"1\"><\/iframe><\/p>\n<p><iframe loading=\"lazy\" class=\"wp-embedded-content\" title=\"\u00abTauramena con el agua al cuello. Invierno genera grandes afectaciones.\u00bb \u2014 \u25b7 Noticias de Casanare : Martha Cifuentes | Casanare\" src=\"https:\/\/marthacifuentes.com\/portada\/2023\/06\/06\/tauramena-con-el-agua-al-cuello-invierno-genera-grandes-afectaciones\/embed\/#?secret=k4vmwlHxtj#?secret=UMspSAJZg2\" width=\"600\" height=\"576\" frameborder=\"0\" marginwidth=\"0\" marginheight=\"0\" scrolling=\"no\" sandbox=\"allow-scripts\" data-secret=\"UMspSAJZg2\" data-mce-fragment=\"1\"><\/iframe><\/p>\n<p><iframe loading=\"lazy\" class=\"wp-embedded-content\" title=\"\u00abTorres del Silencio, PTAR y PAE, en Casanare, problem\u00e1ticas que preocupan a la Procuradur\u00eda\u00bb \u2014 \u25b7 Noticias de Casanare : Martha Cifuentes | Casanare\" src=\"https:\/\/marthacifuentes.com\/portada\/2023\/06\/06\/torres-del-silencio-ptar-y-pae-en-casanare-problematicas-que-preocupan-a-la-procuraduria\/embed\/#?secret=0LGCx15241#?secret=oPAm0Eiw9U\" width=\"600\" height=\"621\" frameborder=\"0\" marginwidth=\"0\" marginheight=\"0\" scrolling=\"no\" sandbox=\"allow-scripts\" data-secret=\"oPAm0Eiw9U\" data-mce-fragment=\"1\"><\/iframe><\/p>\n<p><iframe loading=\"lazy\" class=\"wp-embedded-content\" title=\"\u00abParo de taxistas en Yopal hoy. Pago seguridad social, meollo del conflicto.\u00bb \u2014 \u25b7 Noticias de Casanare : Martha Cifuentes | Casanare\" src=\"https:\/\/marthacifuentes.com\/portada\/2023\/06\/06\/paro-de-taxistas-en-yopal-hoy-pago-seguridad-social-meollo-del-conflicto\/embed\/#?secret=fQ9dDPQiwc#?secret=oQh3iIlF37\" width=\"600\" height=\"620\" frameborder=\"0\" marginwidth=\"0\" marginheight=\"0\" scrolling=\"no\" sandbox=\"allow-scripts\" data-secret=\"oQh3iIlF37\" data-mce-fragment=\"1\"><\/iframe><\/p>\n<p><iframe loading=\"lazy\" class=\"wp-embedded-content\" title=\"\u00abBloqueado relleno sanitario El Cascajar de Yopal. Comunidad impide acceso de carros de basuras.\u00bb \u2014 \u25b7 Noticias de Casanare : Martha Cifuentes | Casanare\" src=\"https:\/\/marthacifuentes.com\/portada\/2023\/06\/06\/bloqueado-relleno-sanitario-el-cascajar-de-yopal-comunidad-impide-acceso-de-carros-de-basuras\/embed\/#?secret=qnF0F3YZBH#?secret=1DkllQDaXi\" width=\"600\" height=\"537\" frameborder=\"0\" marginwidth=\"0\" marginheight=\"0\" scrolling=\"no\" sandbox=\"allow-scripts\" data-secret=\"1DkllQDaXi\" data-mce-fragment=\"1\"><\/iframe><\/p>\n<p><iframe loading=\"lazy\" class=\"wp-embedded-content\" title=\"\u00abDefensores de derechos humanos en Casanare, en riesgo extremo, seg\u00fan Alerta 019 de 2023 de la Defensor\u00eda del Pueblo.\u00bb \u2014 \u25b7 Noticias de Casanare : Martha Cifuentes | Casanare\" src=\"https:\/\/marthacifuentes.com\/portada\/2023\/06\/05\/defensores-de-derechos-humanos-en-casanare-en-riesgo-extremo-segun-alerta-019-de-2023-de-la-defensoria-del-pueblo\/embed\/#?secret=D1zI36TzKe#?secret=4NKnI1XwsW\" width=\"600\" height=\"583\" frameborder=\"0\" marginwidth=\"0\" marginheight=\"0\" scrolling=\"no\" sandbox=\"allow-scripts\" data-secret=\"4NKnI1XwsW\" data-mce-fragment=\"1\"><\/iframe><\/p>\n<p><iframe loading=\"lazy\" class=\"wp-embedded-content\" title=\"\u00abDerrame de petr\u00f3leo en siniestro vial, contamin\u00f3 fuente h\u00eddrica \u00abCa\u00f1o Seco\u00bb, Monterrey, Casanare\u00bb \u2014 \u25b7 Noticias de Casanare : Martha Cifuentes | Casanare\" src=\"https:\/\/marthacifuentes.com\/portada\/2023\/06\/05\/derrame-de-petroleo-en-siniestro-vial-contamino-fuente-hidrica-cano-seco-monterrey-casanare\/embed\/#?secret=0oBzEZ1Ufk#?secret=7aI8Q8X6l7\" width=\"600\" height=\"600\" frameborder=\"0\" marginwidth=\"0\" marginheight=\"0\" scrolling=\"no\" sandbox=\"allow-scripts\" data-secret=\"7aI8Q8X6l7\" data-mce-fragment=\"1\"><\/iframe><\/p>\n<p><iframe loading=\"lazy\" class=\"wp-embedded-content\" title=\"\u00abFalta de agua en Yopal, \u00bfculpa del invierno o de una obra mal hecha\u2026?\u00bb \u2014 \u25b7 Noticias de Casanare : Martha Cifuentes | Casanare\" src=\"https:\/\/marthacifuentes.com\/portada\/2023\/06\/02\/falta-de-agua-en-yopal-culpa-del-invierno-o-de-una-obra-mal-hecha\/embed\/#?secret=6HLXucmPfs#?secret=snYLwoD3Qq\" width=\"600\" height=\"621\" frameborder=\"0\" marginwidth=\"0\" marginheight=\"0\" scrolling=\"no\" sandbox=\"allow-scripts\" data-secret=\"snYLwoD3Qq\" data-mce-fragment=\"1\"><\/iframe><\/p>\n<p><iframe loading=\"lazy\" class=\"wp-embedded-content\" title=\"\u00abEstos son los precandidatos con mayor impacto en redes sociales para la Gobernaci\u00f3n de Casanare y Alcald\u00eda de Yopal seg\u00fan medici\u00f3n de encuestadora Guarumo\u00bb \u2014 \u25b7 Noticias de Casanare : Martha Cifuentes | Casanare\" src=\"https:\/\/marthacifuentes.com\/portada\/2023\/06\/02\/estos-son-los-precandidatos-con-mayor-impacto-en-redes-sociales-para-la-gobernacion-de-casanare-y-alcaldia-de-yopal-segun-medicion-de-encuestadora-guarumo\/embed\/#?secret=V5G176njBG#?secret=FJ0WeHiNE2\" width=\"600\" height=\"678\" frameborder=\"0\" marginwidth=\"0\" marginheight=\"0\" scrolling=\"no\" sandbox=\"allow-scripts\" data-secret=\"FJ0WeHiNE2\" data-mce-fragment=\"1\"><\/iframe><\/p>\n<p><iframe loading=\"lazy\" class=\"wp-embedded-content\" title=\"\u00abSe recrudece extorsi\u00f3n a empresarios de Casanare por parte de las disidencias de las Farc\u00bb \u2014 \u25b7 Noticias de Casanare : Martha Cifuentes | Casanare\" src=\"https:\/\/marthacifuentes.com\/portada\/2023\/06\/01\/se-recrudece-extorsion-a-empresarios-de-casanare-por-parte-de-las-disidencias-de-las-farc\/embed\/#?secret=qMsapT7rXo#?secret=3IJuNvKDyr\" width=\"600\" height=\"613\" frameborder=\"0\" marginwidth=\"0\" marginheight=\"0\" scrolling=\"no\" sandbox=\"allow-scripts\" data-secret=\"3IJuNvKDyr\" data-mce-fragment=\"1\"><\/iframe><\/p>\n<p><iframe loading=\"lazy\" class=\"wp-embedded-content\" title=\"\u00abPacto Hist\u00f3rico se prepara para elecciones en Casanare. Habr\u00e1 listas abiertas y paritarias para Asamblea y Concejos.\u00bb \u2014 \u25b7 Noticias de Casanare : Martha Cifuentes | Casanare\" src=\"https:\/\/marthacifuentes.com\/portada\/2023\/05\/29\/pacto-historico-se-prepara-para-elecciones-en-casanare-habra-listas-abiertas-y-paritarias-para-asamblea-y-concejos\/embed\/#?secret=zj8WVyCPLo#?secret=GLq3kjZowN\" width=\"600\" height=\"618\" frameborder=\"0\" marginwidth=\"0\" marginheight=\"0\" scrolling=\"no\" sandbox=\"allow-scripts\" data-secret=\"GLq3kjZowN\" data-mce-fragment=\"1\"><\/iframe><\/p>\n<p><iframe loading=\"lazy\" class=\"wp-embedded-content\" title=\"\u00ab\u201cNo queremos ser h\u00e9roes pero tampoco m\u00e1rtires\u201d: Trabajadores por OPS del Horo. Directivos paliaron la protesta laboral\u00bb \u2014 \u25b7 Noticias de Casanare : Martha Cifuentes | Casanare\" src=\"https:\/\/marthacifuentes.com\/portada\/2023\/05\/26\/no-queremos-ser-heroes-pero-tampoco-martires-trabajadores-por-ops-del-horo-directivos-paliaron-la-protesta-laboral\/embed\/#?secret=M2SKPH9TdG#?secret=okRr7YUTVe\" width=\"600\" height=\"649\" frameborder=\"0\" marginwidth=\"0\" marginheight=\"0\" scrolling=\"no\" sandbox=\"allow-scripts\" data-secret=\"okRr7YUTVe\" data-mce-fragment=\"1\"><\/iframe><\/p>\n<p><iframe loading=\"lazy\" class=\"wp-embedded-content\" title=\"\u00abPacientes de predi\u00e1lisis afiliados a Sanitas en Yopal rechazan cambio de IPS. Temen por su salud.\u00bb \u2014 \u25b7 Noticias de Casanare : Martha Cifuentes | Casanare\" src=\"https:\/\/marthacifuentes.com\/portada\/2023\/05\/26\/pacientes-de-predialisis-afiliados-a-sanitas-en-yopal-rechazan-cambio-de-ips-temen-por-su-salud\/embed\/#?secret=0Zb47F3mcE#?secret=lzL2PZ623N\" width=\"600\" height=\"621\" frameborder=\"0\" marginwidth=\"0\" marginheight=\"0\" scrolling=\"no\" sandbox=\"allow-scripts\" data-secret=\"lzL2PZ623N\" data-mce-fragment=\"1\"><\/iframe><\/p>\n<p><iframe loading=\"lazy\" class=\"wp-embedded-content\" title=\"\u00abEl Polo Democr\u00e1tico Alternativo en Casanare elegir\u00e1 este s\u00e1bado 27 de mayo, directivos y comit\u00e9s municipales en Yopal, Aguazul y Man\u00ed.\u00bb \u2014 \u25b7 Noticias de Casanare : Martha Cifuentes | Casanare\" src=\"https:\/\/marthacifuentes.com\/portada\/2023\/05\/24\/el-polo-democratico-alternativo-en-casanare-elegira-este-sabado-27-de-mayo-directivos-y-comites-municipales-en-yopal-aguazul-y-mani\/embed\/#?secret=OfsM8ygPeK#?secret=LMH1myHUd2\" width=\"600\" height=\"622\" frameborder=\"0\" marginwidth=\"0\" marginheight=\"0\" scrolling=\"no\" sandbox=\"allow-scripts\" data-secret=\"LMH1myHUd2\" data-mce-fragment=\"1\"><\/iframe><\/p>\n<p><iframe loading=\"lazy\" class=\"wp-embedded-content\" title=\"\u00abEl Fiscal Orlando C\u00e1rdenas, el hombre de la justicia y maestro de derecho penal, muri\u00f3, pero dej\u00f3 su legado. \u00a0\u00bb \u2014 \u25b7 Noticias de Casanare : Martha Cifuentes | Casanare\" src=\"https:\/\/marthacifuentes.com\/portada\/2023\/05\/22\/el-fiscal-orlando-cardenas-el-hombre-de-la-justicia-y-maestro-de-derecho-penal-murio-pero-dejo-su-legado\/embed\/#?secret=cN355lkojT#?secret=g1Z9eeBLX4\" width=\"600\" height=\"628\" frameborder=\"0\" marginwidth=\"0\" marginheight=\"0\" scrolling=\"no\" sandbox=\"allow-scripts\" data-secret=\"g1Z9eeBLX4\" data-mce-fragment=\"1\"><\/iframe><\/p>\n<p><iframe loading=\"lazy\" class=\"wp-embedded-content\" title=\"\u00abAlcaldesa de Paz de Ariporo, sancionada con 3 d\u00edas de arresto, por incumplir \u00f3rdenes de la JEP.\u00bb \u2014 \u25b7 Noticias de Casanare : Martha Cifuentes | Casanare\" src=\"https:\/\/marthacifuentes.com\/portada\/2023\/05\/19\/alcaldesa-de-paz-de-ariporo-sancionada-con-3-dias-de-arresto-por-incumplir-ordenes-de-la-jep\/embed\/#?secret=V0XjJDXyee#?secret=l5afUqzpkL\" width=\"600\" height=\"615\" frameborder=\"0\" marginwidth=\"0\" marginheight=\"0\" scrolling=\"no\" sandbox=\"allow-scripts\" data-secret=\"l5afUqzpkL\" data-mce-fragment=\"1\"><\/iframe><\/p>\n<p><iframe loading=\"lazy\" class=\"wp-embedded-content\" title=\"\u00abProyectos de conexi\u00f3n el\u00e9ctrica en Casanare por $50 mil millones, en riesgo por fallas en planeaci\u00f3n y ejecuci\u00f3n: Procuradur\u00eda\u00bb \u2014 \u25b7 Noticias de Casanare : Martha Cifuentes | Casanare\" src=\"https:\/\/marthacifuentes.com\/portada\/2023\/05\/19\/proyectos-de-conexion-electrica-en-casanare-por-50-mil-millones-en-riesgo-por-fallas-en-planeacion-y-ejecucion-procuraduria\/embed\/#?secret=waQ0Ytwvtu#?secret=Fz5lCWRvWU\" width=\"600\" height=\"649\" frameborder=\"0\" marginwidth=\"0\" marginheight=\"0\" scrolling=\"no\" sandbox=\"allow-scripts\" data-secret=\"Fz5lCWRvWU\" data-mce-fragment=\"1\"><\/iframe><\/p>\n<p><iframe loading=\"lazy\" class=\"wp-embedded-content\" title=\"\u00abJusticia absuelve a Lucho Garc\u00eda por delitos sexuales. Ahora volver\u00e1 a la arena pol\u00edtica\u00bb \u2014 \u25b7 Noticias de Casanare : Martha Cifuentes | Casanare\" src=\"https:\/\/marthacifuentes.com\/portada\/2023\/05\/19\/justicia-absuelve-a-lucho-garcia-por-delitos-sexuales-ahora-volvera-a-la-arena-politica\/embed\/#?secret=ySkL08JBSm#?secret=8WF7zw8SH7\" width=\"600\" height=\"621\" frameborder=\"0\" marginwidth=\"0\" marginheight=\"0\" scrolling=\"no\" sandbox=\"allow-scripts\" data-secret=\"8WF7zw8SH7\" data-mce-fragment=\"1\"><\/iframe><\/p>\n<p><iframe loading=\"lazy\" class=\"wp-embedded-content\" title=\"\u00abYopal sin servicio de gas domiciliario y vehicular en la noche de este domingo 21 de mayo.\u00bb \u2014 \u25b7 Noticias de Casanare : Martha Cifuentes | Casanare\" src=\"https:\/\/marthacifuentes.com\/portada\/2023\/05\/18\/yopal-sin-servicio-de-gas-domiciliario-y-vehicular-en-la-noche-de-este-domingo-21-de-mayo\/embed\/#?secret=iU0GftCogw#?secret=MQjWoSkzZZ\" width=\"600\" height=\"568\" frameborder=\"0\" marginwidth=\"0\" marginheight=\"0\" scrolling=\"no\" sandbox=\"allow-scripts\" data-secret=\"MQjWoSkzZZ\" data-mce-fragment=\"1\"><\/iframe><\/p>\n<div><\/div>\n<div>\n<p><iframe loading=\"lazy\" class=\"wp-embedded-content\" title=\"\u00abTribunal niega aclaraci\u00f3n a Eaaay en \u201cpataleo de ahogado\u201d sobre medida que suspende contrato millonario de la PTAR\u00bb \u2014 \u25b7 Noticias de Casanare : Martha Cifuentes | Casanare\" src=\"https:\/\/marthacifuentes.com\/portada\/2023\/05\/15\/tribunal-niega-aclaracion-a-eaaay-en-pataleo-de-ahogado-sobre-medida-que-suspende-contrato-millonario-de-la-ptar\/embed\/#?secret=aM2bfOaTDX#?secret=e5OwlPR6hP\" width=\"600\" height=\"649\" frameborder=\"0\" marginwidth=\"0\" marginheight=\"0\" scrolling=\"no\" sandbox=\"allow-scripts\" data-secret=\"e5OwlPR6hP\" data-mce-fragment=\"1\"><\/iframe><\/p>\n<p><iframe loading=\"lazy\" class=\"wp-embedded-content\" title=\"\u00abComienza auditor\u00eda a administraci\u00f3n de recursos de Salud en ADRES. Capresoca atenta a requerimientos.\u00bb \u2014 \u25b7 Noticias de Casanare : Martha Cifuentes | Casanare\" src=\"https:\/\/marthacifuentes.com\/portada\/2023\/05\/11\/comienza-auditoria-a-administracion-de-recursos-de-salud-en-adres-capresoca-atenta-a-requerimientos\/embed\/#?secret=vEI9GQtYJj#?secret=Ost1SSkVTC\" width=\"600\" height=\"559\" frameborder=\"0\" marginwidth=\"0\" marginheight=\"0\" scrolling=\"no\" sandbox=\"allow-scripts\" data-secret=\"Ost1SSkVTC\" data-mce-fragment=\"1\"><\/iframe><\/p>\n<p><iframe loading=\"lazy\" class=\"wp-embedded-content\" title=\"\u00abInteresados en estudiar en Unitr\u00f3pico en Yopal, ya pueden inscribirse.\u00bb \u2014 \u25b7 Noticias de Casanare : Martha Cifuentes | Casanare\" src=\"https:\/\/marthacifuentes.com\/portada\/2023\/05\/11\/interesados-en-estudiar-en-unitropico-en-yopal-ya-pueden-inscribirse\/embed\/#?secret=NU01ZRapmT#?secret=pKJ3Kqfp4A\" width=\"600\" height=\"621\" frameborder=\"0\" marginwidth=\"0\" marginheight=\"0\" scrolling=\"no\" sandbox=\"allow-scripts\" data-secret=\"pKJ3Kqfp4A\" data-mce-fragment=\"1\"><\/iframe><\/p>\n<\/div>\n<h2><\/h2>\n","protected":false},"excerpt":{"rendered":"<p>Seg\u00fan la investigaci\u00f3n humanitaria y extrajudicial de la UBPD, los cuerpos de las personas encontradas corresponder\u00edan a integrantes de grupos armados que hac\u00edan presencia en esta zona del pa\u00eds y que, en el marco del conflicto armado, murieron en medio de un enfrentamiento por la disputa del territorio el 30 de marzo de 1998. Estas &hellip;<\/p>\n","protected":false},"author":2,"featured_media":31708,"comment_status":"open","ping_status":"open","sticky":false,"template":"","format":"standard","meta":{"om_disable_all_campaigns":false,"_exactmetrics_skip_tracking":false,"_exactmetrics_sitenote_active":false,"_exactmetrics_sitenote_note":"","_exactmetrics_sitenote_category":0,"_monsterinsights_skip_tracking":false,"_uf_show_specific_survey":0,"_uf_disable_surveys":false,"_joinchat":[],"footnotes":""},"categories":[147,146,145],"tags":[1373,1400,1421,9231,9232,1712,9233,7752,1376],"class_list":["post-31702","post","type-post","status-publish","format-standard","has-post-thumbnail","hentry","category-actualidad","category-noticias","category-reportajes","tag-casanare-noticias","tag-noticias-casanare","tag-noticias-yopal","tag-plan-regional-de-busqueda-de-sabanas-del-sur-de-casanare","tag-registro-nacional-de-fosas","tag-san-luis-de-palenque","tag-sonia-rodriguez","tag-ubpd","tag-yopal-noticias"],"yoast_head":"<!-- This site is optimized with the Yoast SEO plugin v26.1 - https:\/\/yoast.com\/wordpress\/plugins\/seo\/ -->\n<title>En San Luis de Palenque encontraron 5 cuerpos de las 1.973 personas desaparecidas en Casanare. - \u25b7 Noticias de Casanare : Martha Cifuentes | Casanare<\/title>\n<meta name=\"robots\" content=\"index, follow, max-snippet:-1, max-image-preview:large, max-video-preview:-1\" \/>\n<link rel=\"canonical\" href=\"https:\/\/marthacifuentes.com\/portada\/en-san-luis-de-palenque-encontraron-5-cuerpos-de-las-1-973-personas-desaparecidas-en-casanare\/\" \/>\n<meta property=\"og:locale\" content=\"es_ES\" \/>\n<meta property=\"og:type\" content=\"article\" \/>\n<meta property=\"og:title\" content=\"En San Luis de Palenque encontraron 5 cuerpos de las 1.973 personas desaparecidas en Casanare. - \u25b7 Noticias de Casanare : Martha Cifuentes | Casanare\" \/>\n<meta property=\"og:description\" content=\"Seg\u00fan la investigaci\u00f3n humanitaria y extrajudicial de la UBPD, los cuerpos de las personas encontradas corresponder\u00edan a integrantes de grupos armados que hac\u00edan presencia en esta zona del pa\u00eds y que, en el marco del conflicto armado, murieron en medio de un enfrentamiento por la disputa del territorio el 30 de marzo de 1998. Estas &hellip;\" \/>\n<meta property=\"og:url\" content=\"https:\/\/marthacifuentes.com\/portada\/en-san-luis-de-palenque-encontraron-5-cuerpos-de-las-1-973-personas-desaparecidas-en-casanare\/\" \/>\n<meta property=\"og:site_name\" content=\"\u25b7 Noticias de Casanare : Martha Cifuentes | Casanare\" \/>\n<meta property=\"article:published_time\" content=\"2023-06-13T19:32:57+00:00\" \/>\n<meta property=\"article:modified_time\" content=\"2023-06-14T16:23:26+00:00\" \/>\n<meta property=\"og:image\" content=\"https:\/\/marthacifuentes.com\/portada\/wp-content\/uploads\/2023\/06\/Imagen-de-WhatsApp-2023-06-13-a-las-14.21.19.jpg\" \/>\n\t<meta property=\"og:image:width\" content=\"1024\" \/>\n\t<meta property=\"og:image:height\" content=\"683\" \/>\n\t<meta property=\"og:image:type\" content=\"image\/jpeg\" \/>\n<meta name=\"author\" content=\"Martha Cifuentes\" \/>\n<meta name=\"twitter:card\" content=\"summary_large_image\" \/>\n<meta name=\"twitter:label1\" content=\"Escrito por\" \/>\n\t<meta name=\"twitter:data1\" content=\"Martha Cifuentes\" \/>\n\t<meta name=\"twitter:label2\" content=\"Tiempo de lectura\" \/>\n\t<meta name=\"twitter:data2\" content=\"4 minutos\" \/>\n<script type=\"application\/ld+json\" class=\"yoast-schema-graph\">{\"@context\":\"https:\/\/schema.org\",\"@graph\":[{\"@type\":\"WebPage\",\"@id\":\"https:\/\/marthacifuentes.com\/portada\/en-san-luis-de-palenque-encontraron-5-cuerpos-de-las-1-973-personas-desaparecidas-en-casanare\/\",\"url\":\"https:\/\/marthacifuentes.com\/portada\/en-san-luis-de-palenque-encontraron-5-cuerpos-de-las-1-973-personas-desaparecidas-en-casanare\/\",\"name\":\"En San Luis de Palenque encontraron 5 cuerpos de las 1.973 personas desaparecidas en Casanare. - \u25b7 Noticias de Casanare : Martha Cifuentes | Casanare\",\"isPartOf\":{\"@id\":\"https:\/\/marthacifuentes.com\/portada\/#website\"},\"primaryImageOfPage\":{\"@id\":\"https:\/\/marthacifuentes.com\/portada\/en-san-luis-de-palenque-encontraron-5-cuerpos-de-las-1-973-personas-desaparecidas-en-casanare\/#primaryimage\"},\"image\":{\"@id\":\"https:\/\/marthacifuentes.com\/portada\/en-san-luis-de-palenque-encontraron-5-cuerpos-de-las-1-973-personas-desaparecidas-en-casanare\/#primaryimage\"},\"thumbnailUrl\":\"https:\/\/marthacifuentes.com\/portada\/wp-content\/uploads\/2023\/06\/Imagen-de-WhatsApp-2023-06-13-a-las-14.21.19.jpg\",\"datePublished\":\"2023-06-13T19:32:57+00:00\",\"dateModified\":\"2023-06-14T16:23:26+00:00\",\"author\":{\"@id\":\"https:\/\/marthacifuentes.com\/portada\/#\/schema\/person\/57f53174b991db5f90ff78d58502b714\"},\"breadcrumb\":{\"@id\":\"https:\/\/marthacifuentes.com\/portada\/en-san-luis-de-palenque-encontraron-5-cuerpos-de-las-1-973-personas-desaparecidas-en-casanare\/#breadcrumb\"},\"inLanguage\":\"es\",\"potentialAction\":[{\"@type\":\"ReadAction\",\"target\":[\"https:\/\/marthacifuentes.com\/portada\/en-san-luis-de-palenque-encontraron-5-cuerpos-de-las-1-973-personas-desaparecidas-en-casanare\/\"]}]},{\"@type\":\"ImageObject\",\"inLanguage\":\"es\",\"@id\":\"https:\/\/marthacifuentes.com\/portada\/en-san-luis-de-palenque-encontraron-5-cuerpos-de-las-1-973-personas-desaparecidas-en-casanare\/#primaryimage\",\"url\":\"https:\/\/marthacifuentes.com\/portada\/wp-content\/uploads\/2023\/06\/Imagen-de-WhatsApp-2023-06-13-a-las-14.21.19.jpg\",\"contentUrl\":\"https:\/\/marthacifuentes.com\/portada\/wp-content\/uploads\/2023\/06\/Imagen-de-WhatsApp-2023-06-13-a-las-14.21.19.jpg\",\"width\":1024,\"height\":683},{\"@type\":\"BreadcrumbList\",\"@id\":\"https:\/\/marthacifuentes.com\/portada\/en-san-luis-de-palenque-encontraron-5-cuerpos-de-las-1-973-personas-desaparecidas-en-casanare\/#breadcrumb\",\"itemListElement\":[{\"@type\":\"ListItem\",\"position\":1,\"name\":\"Portada\",\"item\":\"https:\/\/marthacifuentes.com\/portada\/\"},{\"@type\":\"ListItem\",\"position\":2,\"name\":\"En San Luis de Palenque encontraron 5 cuerpos de las 1.973 personas desaparecidas en Casanare.\"}]},{\"@type\":\"WebSite\",\"@id\":\"https:\/\/marthacifuentes.com\/portada\/#website\",\"url\":\"https:\/\/marthacifuentes.com\/portada\/\",\"name\":\"\u25b7 Noticias de Casanare : Martha Cifuentes | Casanare\",\"description\":\"Noticias &amp; Contenidos\",\"potentialAction\":[{\"@type\":\"SearchAction\",\"target\":{\"@type\":\"EntryPoint\",\"urlTemplate\":\"https:\/\/marthacifuentes.com\/portada\/?s={search_term_string}\"},\"query-input\":{\"@type\":\"PropertyValueSpecification\",\"valueRequired\":true,\"valueName\":\"search_term_string\"}}],\"inLanguage\":\"es\"},{\"@type\":\"Person\",\"@id\":\"https:\/\/marthacifuentes.com\/portada\/#\/schema\/person\/57f53174b991db5f90ff78d58502b714\",\"name\":\"Martha Cifuentes\",\"image\":{\"@type\":\"ImageObject\",\"inLanguage\":\"es\",\"@id\":\"https:\/\/marthacifuentes.com\/portada\/#\/schema\/person\/image\/\",\"url\":\"http:\/\/marthacifuentes.com\/portada\/wp-content\/uploads\/2018\/06\/avatar_user_2_1528838701-96x96.jpg\",\"contentUrl\":\"http:\/\/marthacifuentes.com\/portada\/wp-content\/uploads\/2018\/06\/avatar_user_2_1528838701-96x96.jpg\",\"caption\":\"Martha Cifuentes\"},\"sameAs\":[\"http:\/\/www.marthacifuentes.com\"],\"url\":\"https:\/\/marthacifuentes.com\/portada\/author\/martha\/\"}]}<\/script>\n<!-- \/ Yoast SEO plugin. -->","yoast_head_json":{"title":"En San Luis de Palenque encontraron 5 cuerpos de las 1.973 personas desaparecidas en Casanare. - \u25b7 Noticias de Casanare : Martha Cifuentes | Casanare","robots":{"index":"index","follow":"follow","max-snippet":"max-snippet:-1","max-image-preview":"max-image-preview:large","max-video-preview":"max-video-preview:-1"},"canonical":"https:\/\/marthacifuentes.com\/portada\/en-san-luis-de-palenque-encontraron-5-cuerpos-de-las-1-973-personas-desaparecidas-en-casanare\/","og_locale":"es_ES","og_type":"article","og_title":"En San Luis de Palenque encontraron 5 cuerpos de las 1.973 personas desaparecidas en Casanare. - \u25b7 Noticias de Casanare : Martha Cifuentes | Casanare","og_description":"Seg\u00fan la investigaci\u00f3n humanitaria y extrajudicial de la UBPD, los cuerpos de las personas encontradas corresponder\u00edan a integrantes de grupos armados que hac\u00edan presencia en esta zona del pa\u00eds y que, en el marco del conflicto armado, murieron en medio de un enfrentamiento por la disputa del territorio el 30 de marzo de 1998. Estas &hellip;","og_url":"https:\/\/marthacifuentes.com\/portada\/en-san-luis-de-palenque-encontraron-5-cuerpos-de-las-1-973-personas-desaparecidas-en-casanare\/","og_site_name":"\u25b7 Noticias de Casanare : Martha Cifuentes | Casanare","article_published_time":"2023-06-13T19:32:57+00:00","article_modified_time":"2023-06-14T16:23:26+00:00","og_image":[{"width":1024,"height":683,"url":"https:\/\/marthacifuentes.com\/portada\/wp-content\/uploads\/2023\/06\/Imagen-de-WhatsApp-2023-06-13-a-las-14.21.19.jpg","type":"image\/jpeg"}],"author":"Martha Cifuentes","twitter_card":"summary_large_image","twitter_misc":{"Escrito por":"Martha Cifuentes","Tiempo de lectura":"4 minutos"},"schema":{"@context":"https:\/\/schema.org","@graph":[{"@type":"WebPage","@id":"https:\/\/marthacifuentes.com\/portada\/en-san-luis-de-palenque-encontraron-5-cuerpos-de-las-1-973-personas-desaparecidas-en-casanare\/","url":"https:\/\/marthacifuentes.com\/portada\/en-san-luis-de-palenque-encontraron-5-cuerpos-de-las-1-973-personas-desaparecidas-en-casanare\/","name":"En San Luis de Palenque encontraron 5 cuerpos de las 1.973 personas desaparecidas en Casanare. - \u25b7 Noticias de Casanare : Martha Cifuentes | Casanare","isPartOf":{"@id":"https:\/\/marthacifuentes.com\/portada\/#website"},"primaryImageOfPage":{"@id":"https:\/\/marthacifuentes.com\/portada\/en-san-luis-de-palenque-encontraron-5-cuerpos-de-las-1-973-personas-desaparecidas-en-casanare\/#primaryimage"},"image":{"@id":"https:\/\/marthacifuentes.com\/portada\/en-san-luis-de-palenque-encontraron-5-cuerpos-de-las-1-973-personas-desaparecidas-en-casanare\/#primaryimage"},"thumbnailUrl":"https:\/\/marthacifuentes.com\/portada\/wp-content\/uploads\/2023\/06\/Imagen-de-WhatsApp-2023-06-13-a-las-14.21.19.jpg","datePublished":"2023-06-13T19:32:57+00:00","dateModified":"2023-06-14T16:23:26+00:00","author":{"@id":"https:\/\/marthacifuentes.com\/portada\/#\/schema\/person\/57f53174b991db5f90ff78d58502b714"},"breadcrumb":{"@id":"https:\/\/marthacifuentes.com\/portada\/en-san-luis-de-palenque-encontraron-5-cuerpos-de-las-1-973-personas-desaparecidas-en-casanare\/#breadcrumb"},"inLanguage":"es","potentialAction":[{"@type":"ReadAction","target":["https:\/\/marthacifuentes.com\/portada\/en-san-luis-de-palenque-encontraron-5-cuerpos-de-las-1-973-personas-desaparecidas-en-casanare\/"]}]},{"@type":"ImageObject","inLanguage":"es","@id":"https:\/\/marthacifuentes.com\/portada\/en-san-luis-de-palenque-encontraron-5-cuerpos-de-las-1-973-personas-desaparecidas-en-casanare\/#primaryimage","url":"https:\/\/marthacifuentes.com\/portada\/wp-content\/uploads\/2023\/06\/Imagen-de-WhatsApp-2023-06-13-a-las-14.21.19.jpg","contentUrl":"https:\/\/marthacifuentes.com\/portada\/wp-content\/uploads\/2023\/06\/Imagen-de-WhatsApp-2023-06-13-a-las-14.21.19.jpg","width":1024,"height":683},{"@type":"BreadcrumbList","@id":"https:\/\/marthacifuentes.com\/portada\/en-san-luis-de-palenque-encontraron-5-cuerpos-de-las-1-973-personas-desaparecidas-en-casanare\/#breadcrumb","itemListElement":[{"@type":"ListItem","position":1,"name":"Portada","item":"https:\/\/marthacifuentes.com\/portada\/"},{"@type":"ListItem","position":2,"name":"En San Luis de Palenque encontraron 5 cuerpos de las 1.973 personas desaparecidas en Casanare."}]},{"@type":"WebSite","@id":"https:\/\/marthacifuentes.com\/portada\/#website","url":"https:\/\/marthacifuentes.com\/portada\/","name":"\u25b7 Noticias de Casanare : Martha Cifuentes | Casanare","description":"Noticias &amp; Contenidos","potentialAction":[{"@type":"SearchAction","target":{"@type":"EntryPoint","urlTemplate":"https:\/\/marthacifuentes.com\/portada\/?s={search_term_string}"},"query-input":{"@type":"PropertyValueSpecification","valueRequired":true,"valueName":"search_term_string"}}],"inLanguage":"es"},{"@type":"Person","@id":"https:\/\/marthacifuentes.com\/portada\/#\/schema\/person\/57f53174b991db5f90ff78d58502b714","name":"Martha Cifuentes","image":{"@type":"ImageObject","inLanguage":"es","@id":"https:\/\/marthacifuentes.com\/portada\/#\/schema\/person\/image\/","url":"http:\/\/marthacifuentes.com\/portada\/wp-content\/uploads\/2018\/06\/avatar_user_2_1528838701-96x96.jpg","contentUrl":"http:\/\/marthacifuentes.com\/portada\/wp-content\/uploads\/2018\/06\/avatar_user_2_1528838701-96x96.jpg","caption":"Martha Cifuentes"},"sameAs":["http:\/\/www.marthacifuentes.com"],"url":"https:\/\/marthacifuentes.com\/portada\/author\/martha\/"}]}},"_links":{"self":[{"href":"https:\/\/marthacifuentes.com\/portada\/wp-json\/wp\/v2\/posts\/31702","targetHints":{"allow":["GET"]}}],"collection":[{"href":"https:\/\/marthacifuentes.com\/portada\/wp-json\/wp\/v2\/posts"}],"about":[{"href":"https:\/\/marthacifuentes.com\/portada\/wp-json\/wp\/v2\/types\/post"}],"author":[{"embeddable":true,"href":"https:\/\/marthacifuentes.com\/portada\/wp-json\/wp\/v2\/users\/2"}],"replies":[{"embeddable":true,"href":"https:\/\/marthacifuentes.com\/portada\/wp-json\/wp\/v2\/comments?post=31702"}],"version-history":[{"count":3,"href":"https:\/\/marthacifuentes.com\/portada\/wp-json\/wp\/v2\/posts\/31702\/revisions"}],"predecessor-version":[{"id":31711,"href":"https:\/\/marthacifuentes.com\/portada\/wp-json\/wp\/v2\/posts\/31702\/revisions\/31711"}],"wp:featuredmedia":[{"embeddable":true,"href":"https:\/\/marthacifuentes.com\/portada\/wp-json\/wp\/v2\/media\/31708"}],"wp:attachment":[{"href":"https:\/\/marthacifuentes.com\/portada\/wp-json\/wp\/v2\/media?parent=31702"}],"wp:term":[{"taxonomy":"category","embeddable":true,"href":"https:\/\/marthacifuentes.com\/portada\/wp-json\/wp\/v2\/categories?post=31702"},{"taxonomy":"post_tag","embeddable":true,"href":"https:\/\/marthacifuentes.com\/portada\/wp-json\/wp\/v2\/tags?post=31702"}],"curies":[{"name":"wp","href":"https:\/\/api.w.org\/{rel}","templated":true}]}}