{"id":31761,"date":"2023-06-23T22:28:02","date_gmt":"2023-06-24T03:28:02","guid":{"rendered":"https:\/\/marthacifuentes.com\/portada\/?p=31761"},"modified":"2023-06-23T22:31:01","modified_gmt":"2023-06-24T03:31:01","slug":"con-138-mil-firmas-de-apoyo-guillermo-velandia-busca-aval-a-la-gobernacion-de-casanare-quiere-ser-gobernador-sin-clanes-politicos-y-maquinarias","status":"publish","type":"post","link":"https:\/\/marthacifuentes.com\/portada\/con-138-mil-firmas-de-apoyo-guillermo-velandia-busca-aval-a-la-gobernacion-de-casanare-quiere-ser-gobernador-sin-clanes-politicos-y-maquinarias\/","title":{"rendered":"Con 138 mil firmas de apoyo, Guillermo Velandia busca aval a la Gobernaci\u00f3n de Casanare. Quiere ser gobernador \u00abSin clanes pol\u00edticos y maquinarias\u00bb"},"content":{"rendered":"<p style=\"text-align: right;\">#Publicidad<\/p>\n<p>Cuando Guillermo Alexander Velandia Granados, inici\u00f3 hace m\u00e1s de cuatro meses su idea de recolecci\u00f3n de firmas para ser candidato a la Gobernaci\u00f3n de Casanare, independiente y sin partidos pol\u00edticos, proyect\u00f3 conseguir 120 mil firmas pero hoy 23 de junio super\u00f3 con creces esta cifra y entreg\u00f3 138.500 firmas en la Registradur\u00eda de Yopal, para conseguir su aval por el grupo significativo de Ciudadanos Firme por el Cambio.<\/p>\n<p>Hoy las calles ubicadas entre el parque La Herradura y la sede de la Registradur\u00eda en Yopal se tornaron de color naranja, debido a los centenares de seguidores del precandidato, quienes en forma organizada y met\u00f3dica fijaron 19 puntos de entrega de las cajas con firmas al ingeniero, quien inici\u00f3 el recorrido con la recepci\u00f3n de las 4.290 firmas de Orocu\u00e9. Record\u00f3 especialmente esta poblaci\u00f3n porque all\u00ed vivi\u00f3 en su infancia.<\/p>\n<p>En seguida lo estaban esperando con algarab\u00eda y arengas bajo un intenso sol, los militantes de Sabanalarga con la caja con 450 firmas; Monterrey con 6.405 apoyos; Tauramena con 8.685 firmas; Aguazul con 10.605; Pore con 6.135; Recetor, con 525; Ch\u00e1meza, con 480 firmas; La Salina: 555; Yopal, con 61.695; Paz de Ariporo, con 9.385; T\u00e1mara con 1.350; S\u00e1cama con 480; Man\u00ed con 6.135; Trinidad con 2.760; Trinidad con 2.760; Villanueva con 11.250; Hato Corozal con 2.055; San Luis de Palenque con 1.695 y Nunch\u00eda con 1.785 apoyos.<\/p>\n<p><img loading=\"lazy\" decoding=\"async\" class=\"alignnone wp-image-31747\" src=\"https:\/\/marthacifuentes.com\/portada\/wp-content\/uploads\/2023\/06\/cameringo_20230623_095512-1024x461.jpg\" alt=\"\" width=\"312\" height=\"141\" srcset=\"https:\/\/marthacifuentes.com\/portada\/wp-content\/uploads\/2023\/06\/cameringo_20230623_095512-1024x461.jpg 1024w, https:\/\/marthacifuentes.com\/portada\/wp-content\/uploads\/2023\/06\/cameringo_20230623_095512-300x135.jpg 300w, https:\/\/marthacifuentes.com\/portada\/wp-content\/uploads\/2023\/06\/cameringo_20230623_095512-768x346.jpg 768w, https:\/\/marthacifuentes.com\/portada\/wp-content\/uploads\/2023\/06\/cameringo_20230623_095512-1536x691.jpg 1536w, https:\/\/marthacifuentes.com\/portada\/wp-content\/uploads\/2023\/06\/cameringo_20230623_095512-2048x922.jpg 2048w\" sizes=\"auto, (max-width: 312px) 100vw, 312px\" \/>\u00a0 \u00a0<img loading=\"lazy\" decoding=\"async\" class=\"alignnone wp-image-31745\" src=\"https:\/\/marthacifuentes.com\/portada\/wp-content\/uploads\/2023\/06\/gv-aguazul-firmas-guillermo-velandia.png\" alt=\"\" width=\"266\" height=\"141\" srcset=\"https:\/\/marthacifuentes.com\/portada\/wp-content\/uploads\/2023\/06\/gv-aguazul-firmas-guillermo-velandia.png 767w, https:\/\/marthacifuentes.com\/portada\/wp-content\/uploads\/2023\/06\/gv-aguazul-firmas-guillermo-velandia-300x159.png 300w\" sizes=\"auto, (max-width: 266px) 100vw, 266px\" \/><\/p>\n<p><img loading=\"lazy\" decoding=\"async\" class=\"alignnone wp-image-31751\" src=\"https:\/\/marthacifuentes.com\/portada\/wp-content\/uploads\/2023\/06\/orocue-guillermo-velandia-1024x598.jpg\" alt=\"\" width=\"282\" height=\"165\" srcset=\"https:\/\/marthacifuentes.com\/portada\/wp-content\/uploads\/2023\/06\/orocue-guillermo-velandia-1024x598.jpg 1024w, https:\/\/marthacifuentes.com\/portada\/wp-content\/uploads\/2023\/06\/orocue-guillermo-velandia-300x175.jpg 300w, https:\/\/marthacifuentes.com\/portada\/wp-content\/uploads\/2023\/06\/orocue-guillermo-velandia-768x449.jpg 768w, https:\/\/marthacifuentes.com\/portada\/wp-content\/uploads\/2023\/06\/orocue-guillermo-velandia-1536x898.jpg 1536w, https:\/\/marthacifuentes.com\/portada\/wp-content\/uploads\/2023\/06\/orocue-guillermo-velandia-2048x1197.jpg 2048w\" sizes=\"auto, (max-width: 282px) 100vw, 282px\" \/>\u00a0 \u00a0 <img loading=\"lazy\" decoding=\"async\" class=\"alignnone wp-image-31744\" src=\"https:\/\/marthacifuentes.com\/portada\/wp-content\/uploads\/2023\/06\/gv-tamara-1.350.png\" alt=\"\" width=\"302\" height=\"169\" srcset=\"https:\/\/marthacifuentes.com\/portada\/wp-content\/uploads\/2023\/06\/gv-tamara-1.350.png 776w, https:\/\/marthacifuentes.com\/portada\/wp-content\/uploads\/2023\/06\/gv-tamara-1.350-300x168.png 300w, https:\/\/marthacifuentes.com\/portada\/wp-content\/uploads\/2023\/06\/gv-tamara-1.350-768x430.png 768w, https:\/\/marthacifuentes.com\/portada\/wp-content\/uploads\/2023\/06\/gv-tamara-1.350-390x220.png 390w\" sizes=\"auto, (max-width: 302px) 100vw, 302px\" \/><\/p>\n<p>El recorrido finaliz\u00f3 con unas breves palabras en una tarima improvisada en un carro, donde Guillermo Velandia manifest\u00f3 ser el candidato del cambio, de la independencia, experiencia y capacidad de trabajar por las gentes casanare\u00f1as. Expres\u00f3 que su plan es el de la gente y la maquinaria es la gente para construir soluciones para ella misma.<\/p>\n<p>Aunque usualmente es un hombre reposado, sereno, hoy se le ve\u00eda en su rostro la emoci\u00f3n de recibir las cajas de firmas y sentir el respaldo popular. Resalt\u00f3 que la recolecci\u00f3n de las 138 mil firmas fue exitosa a pesar de las estrategias de opositores y que \u00e9l mismo se puso la camiseta junto con sus equipos de trabajo, para lograr la r\u00fabrica de los casanare\u00f1os.<\/p>\n<p><img loading=\"lazy\" decoding=\"async\" class=\"wp-image-31752 aligncenter\" src=\"https:\/\/marthacifuentes.com\/portada\/wp-content\/uploads\/2023\/06\/355658993_583881733903237_6675953237672169837_n.jpg\" alt=\"\" width=\"357\" height=\"303\" srcset=\"https:\/\/marthacifuentes.com\/portada\/wp-content\/uploads\/2023\/06\/355658993_583881733903237_6675953237672169837_n.jpg 600w, https:\/\/marthacifuentes.com\/portada\/wp-content\/uploads\/2023\/06\/355658993_583881733903237_6675953237672169837_n-300x255.jpg 300w\" sizes=\"auto, (max-width: 357px) 100vw, 357px\" \/><\/p>\n<p>El ingeniero Guillermo Velandia, reiter\u00f3 que su aspiraci\u00f3n pol\u00edtica es totalmente independiente sin maquinarias ni clanes familiares o pol\u00edticos.<\/p>\n<p>Por ahora se dedicar\u00e1 a organizar todas las estrategias de campa\u00f1a, equipos de trabajo, mientras que la Registradur\u00eda del Estado Civil realiza la verificaci\u00f3n de las firmas y aspira a que en un mes ya pueda realizar su inscripci\u00f3n formal como candidato a la Gobernaci\u00f3n en representaci\u00f3n del grupo significativo de ciudadanos Firme por el Cambio.<\/p>\n<h2><span style=\"color: #ff6600;\">Otras noticias&#8230;<\/span><\/h2>\n<blockquote class=\"wp-embedded-content\" data-secret=\"saRbCTmRBB\"><p><a href=\"https:\/\/marthacifuentes.com\/portada\/2023\/06\/16\/uribistas-vrs-verdes-aliados-con-cambio-radical-pujan-por-la-gobernacion-de-casanare\/\">Uribistas vrs. Verdes aliados con Cambio Radical, pujan por la Gobernaci\u00f3n de Casanare<\/a><\/p><\/blockquote>\n<p><iframe loading=\"lazy\" class=\"wp-embedded-content\" sandbox=\"allow-scripts\" security=\"restricted\" style=\"position: absolute; clip: rect(1px, 1px, 1px, 1px);\" title=\"\u00abUribistas vrs. Verdes aliados con Cambio Radical, pujan por la Gobernaci\u00f3n de Casanare\u00bb \u2014 \u25b7 Noticias de Casanare : Martha Cifuentes | Casanare\" src=\"https:\/\/marthacifuentes.com\/portada\/2023\/06\/16\/uribistas-vrs-verdes-aliados-con-cambio-radical-pujan-por-la-gobernacion-de-casanare\/embed\/#?secret=0rNAW6b7ln#?secret=saRbCTmRBB\" data-secret=\"saRbCTmRBB\" width=\"500\" height=\"282\" frameborder=\"0\" marginwidth=\"0\" marginheight=\"0\" scrolling=\"no\"><\/iframe><\/p>\n<p><iframe loading=\"lazy\" class=\"wp-embedded-content\" title=\"\u00abEn San Luis de Palenque encontraron 5 cuerpos de las 1.973 personas desaparecidas en Casanare.\u00bb \u2014 \u25b7 Noticias de Casanare : Martha Cifuentes | Casanare\" src=\"https:\/\/marthacifuentes.com\/portada\/2023\/06\/13\/en-san-luis-de-palenque-encontraron-5-cuerpos-de-las-1-973-personas-desaparecidas-en-casanare\/embed\/#?secret=D99g8CQ9bP#?secret=UEiqCKyTyN\" width=\"600\" height=\"621\" frameborder=\"0\" marginwidth=\"0\" marginheight=\"0\" scrolling=\"no\" sandbox=\"allow-scripts\" data-secret=\"UEiqCKyTyN\" data-mce-fragment=\"1\"><\/iframe><\/p>\n<p><iframe loading=\"lazy\" class=\"wp-embedded-content\" title=\"\u00abVillanueva y Tauramena tratan de recuperarse de afectaciones invernales\u00bb \u2014 \u25b7 Noticias de Casanare : Martha Cifuentes | Casanare\" src=\"https:\/\/marthacifuentes.com\/portada\/2023\/06\/13\/villanueva-y-tauramena-tratan-de-recuperarse-de-afectaciones-invernales\/embed\/#?secret=tmRpmlOdHg#?secret=ao6rr1mHQS\" width=\"600\" height=\"620\" frameborder=\"0\" marginwidth=\"0\" marginheight=\"0\" scrolling=\"no\" sandbox=\"allow-scripts\" data-secret=\"ao6rr1mHQS\" data-mce-fragment=\"1\"><\/iframe><\/p>\n<p><iframe loading=\"lazy\" class=\"wp-embedded-content\" title=\"\u00abA pesar de tener casa por c\u00e1rcel, j\u00edbaro fue pescado vendiendo marihuana en Paz de Ariporo\u00bb \u2014 \u25b7 Noticias de Casanare : Martha Cifuentes | Casanare\" src=\"https:\/\/marthacifuentes.com\/portada\/2023\/06\/13\/a-pesar-de-tener-casa-por-carcel-jibaro-fue-pescado-vendiendo-marihuana-en-paz-de-ariporo\/embed\/#?secret=56yMnkqR3g#?secret=5EIQwucqXS\" width=\"600\" height=\"621\" frameborder=\"0\" marginwidth=\"0\" marginheight=\"0\" scrolling=\"no\" sandbox=\"allow-scripts\" data-secret=\"5EIQwucqXS\" data-mce-fragment=\"1\"><\/iframe><\/p>\n<p><iframe loading=\"lazy\" class=\"wp-embedded-content\" title=\"\u00abExsoldado condenado por asesinato en Trinidad, hab\u00eda sido absuelto por homicidio del l\u00edder social Daniel Abril Fuentes\u00bb \u2014 \u25b7 Noticias de Casanare : Martha Cifuentes | Casanare\" src=\"https:\/\/marthacifuentes.com\/portada\/2023\/06\/13\/exsoldado-condenado-por-asesinato-en-trinidad-habia-sido-absuelto-por-homicidio-del-lider-social-daniel-abril-fuentes\/embed\/#?secret=QATOYq6J9Z#?secret=AcQnudPrMv\" width=\"600\" height=\"628\" frameborder=\"0\" marginwidth=\"0\" marginheight=\"0\" scrolling=\"no\" sandbox=\"allow-scripts\" data-secret=\"AcQnudPrMv\" data-mce-fragment=\"1\"><\/iframe><\/p>\n<p><iframe loading=\"lazy\" class=\"wp-embedded-content\" title=\"\u00abOtro asesinato en Man\u00ed. Un hombre fue sicariado a una cuadra de estaci\u00f3n de polic\u00eda.\u00bb \u2014 \u25b7 Noticias de Casanare : Martha Cifuentes | Casanare\" src=\"https:\/\/marthacifuentes.com\/portada\/2023\/06\/13\/otro-asesinato-en-mani-un-hombre-fue-sicariado-a-una-cuadra-de-estacion-de-policia\/embed\/#?secret=pTfELqew3K#?secret=H0EpjTPFce\" width=\"600\" height=\"600\" frameborder=\"0\" marginwidth=\"0\" marginheight=\"0\" scrolling=\"no\" sandbox=\"allow-scripts\" data-secret=\"H0EpjTPFce\" data-mce-fragment=\"1\"><\/iframe><\/p>\n<p><iframe loading=\"lazy\" class=\"wp-embedded-content\" title=\"\u00abEn siniestro vial, vendedor de leche, en moto, muri\u00f3 en Marginal del Llano, en Aguazul.\u00bb \u2014 \u25b7 Noticias de Casanare : Martha Cifuentes | Casanare\" src=\"https:\/\/marthacifuentes.com\/portada\/2023\/06\/08\/en-siniestro-vial-vendedor-de-leche-en-moto-murio-en-marginal-del-llano-en-aguazul\/embed\/#?secret=kMbpUKHMUS#?secret=NC0Og1xWmY\" width=\"600\" height=\"600\" frameborder=\"0\" marginwidth=\"0\" marginheight=\"0\" scrolling=\"no\" sandbox=\"allow-scripts\" data-secret=\"NC0Og1xWmY\" data-mce-fragment=\"1\"><\/iframe><\/p>\n<p><iframe loading=\"lazy\" class=\"wp-embedded-content\" title=\"\u00abLevantado bloqueo de relleno sanitario de Yopal. Ya se puede sacar la basura.\u00bb \u2014 \u25b7 Noticias de Casanare : Martha Cifuentes | Casanare\" src=\"https:\/\/marthacifuentes.com\/portada\/2023\/06\/08\/levantado-bloqueo-de-relleno-sanitario-de-yopal-ya-se-puede-sacar-la-basura\/embed\/#?secret=0K01pwn05E#?secret=kbnrXZd8vd\" width=\"600\" height=\"600\" frameborder=\"0\" marginwidth=\"0\" marginheight=\"0\" scrolling=\"no\" sandbox=\"allow-scripts\" data-secret=\"kbnrXZd8vd\" data-mce-fragment=\"1\"><\/iframe><\/p>\n<p><iframe loading=\"lazy\" class=\"wp-embedded-content\" title=\"\u00abCambio clim\u00e1tico, un problema de todos, fue analizado en Simposio de Desarrollo Sostenible hecho por Corporinoquia\u00bb \u2014 \u25b7 Noticias de Casanare : Martha Cifuentes | Casanare\" src=\"https:\/\/marthacifuentes.com\/portada\/2023\/06\/08\/cambio-climatico-un-problema-de-todos-fue-analizado-en-simposio-de-desarrollo-sostenible-hecho-por-corporinoquia\/embed\/#?secret=cwMAlaKZeX#?secret=dbCDyGXo79\" width=\"600\" height=\"649\" frameborder=\"0\" marginwidth=\"0\" marginheight=\"0\" scrolling=\"no\" sandbox=\"allow-scripts\" data-secret=\"dbCDyGXo79\" data-mce-fragment=\"1\"><\/iframe><\/p>\n<p><iframe loading=\"lazy\" class=\"wp-embedded-content\" title=\"\u00abMediante la opci\u00f3n Obras por Impuestos, Ecopetrol realiz\u00f3 pavimentaci\u00f3n de 3.23 km de v\u00edas en Paz de Ariporo, Casanare.\u00bb \u2014 \u25b7 Noticias de Casanare : Martha Cifuentes | Casanare\" src=\"https:\/\/marthacifuentes.com\/portada\/2023\/06\/08\/mediante-la-opcion-obras-por-impuestos-ecopetrol-realizo-pavimentacion-de-3-23-km-de-vias-en-paz-de-ariporo-casanare\/embed\/#?secret=AzzS27spwO#?secret=UyGNV9Eo5U\" width=\"600\" height=\"649\" frameborder=\"0\" marginwidth=\"0\" marginheight=\"0\" scrolling=\"no\" sandbox=\"allow-scripts\" data-secret=\"UyGNV9Eo5U\" data-mce-fragment=\"1\"><\/iframe><\/p>\n<p><iframe loading=\"lazy\" class=\"wp-embedded-content\" title=\"\u00abRestablecido servicio de gas en vereda Bendiciones, Tauramena, confirma Cusianagas\u00bb \u2014 \u25b7 Noticias de Casanare : Martha Cifuentes | Casanare\" src=\"https:\/\/marthacifuentes.com\/portada\/2023\/06\/08\/restablecido-servicio-de-gas-en-vereda-bendiciones-tauramena-confirma-cusianagas\/embed\/#?secret=vxsYX4RF3M#?secret=onn2Q5nKmf\" width=\"600\" height=\"568\" frameborder=\"0\" marginwidth=\"0\" marginheight=\"0\" scrolling=\"no\" sandbox=\"allow-scripts\" data-secret=\"onn2Q5nKmf\" data-mce-fragment=\"1\"><\/iframe><\/p>\n<p><iframe loading=\"lazy\" class=\"wp-embedded-content\" title=\"\u00abPor deslizamientos de tierra, cerrada v\u00eda que une a Boyac\u00e1 con Casanare entre Paya y Nunch\u00eda\u00bb \u2014 \u25b7 Noticias de Casanare : Martha Cifuentes | Casanare\" src=\"https:\/\/marthacifuentes.com\/portada\/2023\/06\/07\/por-deslizamientos-de-tierra-cerrada-via-que-une-a-boyaca-con-casanare-entre-paya-y-nunchia\/embed\/#?secret=swzhAMcvbJ#?secret=EbVIIceG3N\" width=\"600\" height=\"621\" frameborder=\"0\" marginwidth=\"0\" marginheight=\"0\" scrolling=\"no\" sandbox=\"allow-scripts\" data-secret=\"EbVIIceG3N\" data-mce-fragment=\"1\"><\/iframe><\/p>\n<p><iframe loading=\"lazy\" class=\"wp-embedded-content\" title=\"\u00abUsuarios de v\u00eda Yopal-Monterrey-Villanueva-Villavicencio ser\u00e1n afectados por cierres nocturnos\u00bb \u2014 \u25b7 Noticias de Casanare : Martha Cifuentes | Casanare\" src=\"https:\/\/marthacifuentes.com\/portada\/2023\/06\/07\/usuarios-de-via-yopal-monterrey-villanueva-villavicencio-seran-afectados-por-cierres-nocturnos\/embed\/#?secret=ID1Du2o3kY#?secret=1RtWRvpf7u\" width=\"600\" height=\"620\" frameborder=\"0\" marginwidth=\"0\" marginheight=\"0\" scrolling=\"no\" sandbox=\"allow-scripts\" data-secret=\"1RtWRvpf7u\" data-mce-fragment=\"1\"><\/iframe><\/p>\n<p><iframe loading=\"lazy\" class=\"wp-embedded-content\" title=\"\u00abJugaron mal y perdieron. Asaltantes de casino en Aguazul fueron judicializados\u00bb \u2014 \u25b7 Noticias de Casanare : Martha Cifuentes | Casanare\" src=\"https:\/\/marthacifuentes.com\/portada\/2023\/06\/07\/jugaron-mal-y-perdieron-asaltantes-de-casino-en-aguazul-fueron-judicializados\/embed\/#?secret=CxD2xQGQkw#?secret=zwOwV8t64J\" width=\"600\" height=\"621\" frameborder=\"0\" marginwidth=\"0\" marginheight=\"0\" scrolling=\"no\" sandbox=\"allow-scripts\" data-secret=\"zwOwV8t64J\" data-mce-fragment=\"1\"><\/iframe><\/p>\n<p><iframe loading=\"lazy\" class=\"wp-embedded-content\" title=\"\u00abYopal de mi\u00e9r\u2026 coles, con paro de taxistas, bloqueo en relleno sanitario y cierres viales en el centro\u00bb \u2014 \u25b7 Noticias de Casanare : Martha Cifuentes | Casanare\" src=\"https:\/\/marthacifuentes.com\/portada\/2023\/06\/07\/yopal-de-mier-coles-con-paro-de-taxistas-bloqueo-en-relleno-sanitario-y-cierres-viales-en-el-centro\/embed\/#?secret=56J7Rv9o4h#?secret=Sirz1eVMNM\" width=\"600\" height=\"621\" frameborder=\"0\" marginwidth=\"0\" marginheight=\"0\" scrolling=\"no\" sandbox=\"allow-scripts\" data-secret=\"Sirz1eVMNM\" data-mce-fragment=\"1\"><\/iframe><\/p>\n<p><iframe loading=\"lazy\" class=\"wp-embedded-content\" title=\"\u00abEsta es la nueva glorieta para agilizar el tr\u00e1fico para Aguazul, Tauramena, Villavicencio y Sogamoso, que presentar\u00e1 Covioriente\u00bb \u2014 \u25b7 Noticias de Casanare : Martha Cifuentes | Casanare\" src=\"https:\/\/marthacifuentes.com\/portada\/2023\/06\/06\/esta-es-la-nueva-glorieta-para-agilizar-el-trafico-para-aguazul-tauramena-villavicencio-y-sogamoso-que-presentara-covioriente\/embed\/#?secret=mTiPtLJeCQ#?secret=zQHFB3CQyF\" width=\"600\" height=\"649\" frameborder=\"0\" marginwidth=\"0\" marginheight=\"0\" scrolling=\"no\" sandbox=\"allow-scripts\" data-secret=\"zQHFB3CQyF\" data-mce-fragment=\"1\"><\/iframe><\/p>\n<p><iframe loading=\"lazy\" class=\"wp-embedded-content\" title=\"\u00abTauramena con el agua al cuello. Invierno genera grandes afectaciones.\u00bb \u2014 \u25b7 Noticias de Casanare : Martha Cifuentes | Casanare\" src=\"https:\/\/marthacifuentes.com\/portada\/2023\/06\/06\/tauramena-con-el-agua-al-cuello-invierno-genera-grandes-afectaciones\/embed\/#?secret=k4vmwlHxtj#?secret=UMspSAJZg2\" width=\"600\" height=\"576\" frameborder=\"0\" marginwidth=\"0\" marginheight=\"0\" scrolling=\"no\" sandbox=\"allow-scripts\" data-secret=\"UMspSAJZg2\" data-mce-fragment=\"1\"><\/iframe><\/p>\n<p><iframe loading=\"lazy\" class=\"wp-embedded-content\" title=\"\u00abTorres del Silencio, PTAR y PAE, en Casanare, problem\u00e1ticas que preocupan a la Procuradur\u00eda\u00bb \u2014 \u25b7 Noticias de Casanare : Martha Cifuentes | Casanare\" src=\"https:\/\/marthacifuentes.com\/portada\/2023\/06\/06\/torres-del-silencio-ptar-y-pae-en-casanare-problematicas-que-preocupan-a-la-procuraduria\/embed\/#?secret=0LGCx15241#?secret=oPAm0Eiw9U\" width=\"600\" height=\"621\" frameborder=\"0\" marginwidth=\"0\" marginheight=\"0\" scrolling=\"no\" sandbox=\"allow-scripts\" data-secret=\"oPAm0Eiw9U\" data-mce-fragment=\"1\"><\/iframe><\/p>\n<p><iframe loading=\"lazy\" class=\"wp-embedded-content\" title=\"\u00abParo de taxistas en Yopal hoy. Pago seguridad social, meollo del conflicto.\u00bb \u2014 \u25b7 Noticias de Casanare : Martha Cifuentes | Casanare\" src=\"https:\/\/marthacifuentes.com\/portada\/2023\/06\/06\/paro-de-taxistas-en-yopal-hoy-pago-seguridad-social-meollo-del-conflicto\/embed\/#?secret=fQ9dDPQiwc#?secret=oQh3iIlF37\" width=\"600\" height=\"620\" frameborder=\"0\" marginwidth=\"0\" marginheight=\"0\" scrolling=\"no\" sandbox=\"allow-scripts\" data-secret=\"oQh3iIlF37\" data-mce-fragment=\"1\"><\/iframe><\/p>\n<p><iframe loading=\"lazy\" class=\"wp-embedded-content\" title=\"\u00abBloqueado relleno sanitario El Cascajar de Yopal. Comunidad impide acceso de carros de basuras.\u00bb \u2014 \u25b7 Noticias de Casanare : Martha Cifuentes | Casanare\" src=\"https:\/\/marthacifuentes.com\/portada\/2023\/06\/06\/bloqueado-relleno-sanitario-el-cascajar-de-yopal-comunidad-impide-acceso-de-carros-de-basuras\/embed\/#?secret=qnF0F3YZBH#?secret=1DkllQDaXi\" width=\"600\" height=\"537\" frameborder=\"0\" marginwidth=\"0\" marginheight=\"0\" scrolling=\"no\" sandbox=\"allow-scripts\" data-secret=\"1DkllQDaXi\" data-mce-fragment=\"1\"><\/iframe><\/p>\n<p><iframe loading=\"lazy\" class=\"wp-embedded-content\" title=\"\u00abDefensores de derechos humanos en Casanare, en riesgo extremo, seg\u00fan Alerta 019 de 2023 de la Defensor\u00eda del Pueblo.\u00bb \u2014 \u25b7 Noticias de Casanare : Martha Cifuentes | Casanare\" src=\"https:\/\/marthacifuentes.com\/portada\/2023\/06\/05\/defensores-de-derechos-humanos-en-casanare-en-riesgo-extremo-segun-alerta-019-de-2023-de-la-defensoria-del-pueblo\/embed\/#?secret=D1zI36TzKe#?secret=4NKnI1XwsW\" width=\"600\" height=\"583\" frameborder=\"0\" marginwidth=\"0\" marginheight=\"0\" scrolling=\"no\" sandbox=\"allow-scripts\" data-secret=\"4NKnI1XwsW\" data-mce-fragment=\"1\"><\/iframe><\/p>\n<p><iframe loading=\"lazy\" class=\"wp-embedded-content\" title=\"\u00abDerrame de petr\u00f3leo en siniestro vial, contamin\u00f3 fuente h\u00eddrica \u00abCa\u00f1o Seco\u00bb, Monterrey, Casanare\u00bb \u2014 \u25b7 Noticias de Casanare : Martha Cifuentes | Casanare\" src=\"https:\/\/marthacifuentes.com\/portada\/2023\/06\/05\/derrame-de-petroleo-en-siniestro-vial-contamino-fuente-hidrica-cano-seco-monterrey-casanare\/embed\/#?secret=0oBzEZ1Ufk#?secret=7aI8Q8X6l7\" width=\"600\" height=\"600\" frameborder=\"0\" marginwidth=\"0\" marginheight=\"0\" scrolling=\"no\" sandbox=\"allow-scripts\" data-secret=\"7aI8Q8X6l7\" data-mce-fragment=\"1\"><\/iframe><\/p>\n<p><iframe loading=\"lazy\" class=\"wp-embedded-content\" title=\"\u00abFalta de agua en Yopal, \u00bfculpa del invierno o de una obra mal hecha\u2026?\u00bb \u2014 \u25b7 Noticias de Casanare : Martha Cifuentes | Casanare\" src=\"https:\/\/marthacifuentes.com\/portada\/2023\/06\/02\/falta-de-agua-en-yopal-culpa-del-invierno-o-de-una-obra-mal-hecha\/embed\/#?secret=6HLXucmPfs#?secret=snYLwoD3Qq\" width=\"600\" height=\"621\" frameborder=\"0\" marginwidth=\"0\" marginheight=\"0\" scrolling=\"no\" sandbox=\"allow-scripts\" data-secret=\"snYLwoD3Qq\" data-mce-fragment=\"1\"><\/iframe><\/p>\n<p><iframe loading=\"lazy\" class=\"wp-embedded-content\" title=\"\u00abEstos son los precandidatos con mayor impacto en redes sociales para la Gobernaci\u00f3n de Casanare y Alcald\u00eda de Yopal seg\u00fan medici\u00f3n de encuestadora Guarumo\u00bb \u2014 \u25b7 Noticias de Casanare : Martha Cifuentes | Casanare\" src=\"https:\/\/marthacifuentes.com\/portada\/2023\/06\/02\/estos-son-los-precandidatos-con-mayor-impacto-en-redes-sociales-para-la-gobernacion-de-casanare-y-alcaldia-de-yopal-segun-medicion-de-encuestadora-guarumo\/embed\/#?secret=V5G176njBG#?secret=FJ0WeHiNE2\" width=\"600\" height=\"678\" frameborder=\"0\" marginwidth=\"0\" marginheight=\"0\" scrolling=\"no\" sandbox=\"allow-scripts\" data-secret=\"FJ0WeHiNE2\" data-mce-fragment=\"1\"><\/iframe><\/p>\n","protected":false},"excerpt":{"rendered":"<p>#Publicidad Cuando Guillermo Alexander Velandia Granados, inici\u00f3 hace m\u00e1s de cuatro meses su idea de recolecci\u00f3n de firmas para ser candidato a la Gobernaci\u00f3n de Casanare, independiente y sin partidos pol\u00edticos, proyect\u00f3 conseguir 120 mil firmas pero hoy 23 de junio super\u00f3 con creces esta cifra y entreg\u00f3 138.500 firmas en la Registradur\u00eda de Yopal, &hellip;<\/p>\n","protected":false},"author":2,"featured_media":31743,"comment_status":"open","ping_status":"open","sticky":false,"template":"","format":"standard","meta":{"om_disable_all_campaigns":false,"_exactmetrics_skip_tracking":false,"_exactmetrics_sitenote_active":false,"_exactmetrics_sitenote_note":"","_exactmetrics_sitenote_category":0,"_monsterinsights_skip_tracking":false,"_monsterinsights_sitenote_active":false,"_monsterinsights_sitenote_note":"","_monsterinsights_sitenote_category":0,"_uf_show_specific_survey":0,"_uf_disable_surveys":false,"_joinchat":[],"footnotes":""},"categories":[147,146,145],"tags":[1373,9237,1400,9238],"class_list":["post-31761","post","type-post","status-publish","format-standard","has-post-thumbnail","hentry","category-actualidad","category-noticias","category-reportajes","tag-casanare-noticias","tag-guillermo-velandia-firmas-gobernacion-de-casanare-registraduria","tag-noticias-casanare","tag-politica-casanare-yopal"],"yoast_head":"<!-- This site is optimized with the Yoast SEO plugin v26.1 - https:\/\/yoast.com\/wordpress\/plugins\/seo\/ -->\n<title>Con 138 mil firmas de apoyo, Guillermo Velandia busca aval a la Gobernaci\u00f3n de Casanare. Quiere ser gobernador &quot;Sin clanes pol\u00edticos y maquinarias&quot; - \u25b7 Noticias de Casanare : Martha Cifuentes | Casanare<\/title>\n<meta name=\"robots\" content=\"index, follow, max-snippet:-1, max-image-preview:large, max-video-preview:-1\" \/>\n<link rel=\"canonical\" href=\"https:\/\/marthacifuentes.com\/portada\/con-138-mil-firmas-de-apoyo-guillermo-velandia-busca-aval-a-la-gobernacion-de-casanare-quiere-ser-gobernador-sin-clanes-politicos-y-maquinarias\/\" \/>\n<meta property=\"og:locale\" content=\"es_ES\" \/>\n<meta property=\"og:type\" content=\"article\" \/>\n<meta property=\"og:title\" content=\"Con 138 mil firmas de apoyo, Guillermo Velandia busca aval a la Gobernaci\u00f3n de Casanare. Quiere ser gobernador &quot;Sin clanes pol\u00edticos y maquinarias&quot; - \u25b7 Noticias de Casanare : Martha Cifuentes | Casanare\" \/>\n<meta property=\"og:description\" content=\"#Publicidad Cuando Guillermo Alexander Velandia Granados, inici\u00f3 hace m\u00e1s de cuatro meses su idea de recolecci\u00f3n de firmas para ser candidato a la Gobernaci\u00f3n de Casanare, independiente y sin partidos pol\u00edticos, proyect\u00f3 conseguir 120 mil firmas pero hoy 23 de junio super\u00f3 con creces esta cifra y entreg\u00f3 138.500 firmas en la Registradur\u00eda de Yopal, &hellip;\" \/>\n<meta property=\"og:url\" content=\"https:\/\/marthacifuentes.com\/portada\/con-138-mil-firmas-de-apoyo-guillermo-velandia-busca-aval-a-la-gobernacion-de-casanare-quiere-ser-gobernador-sin-clanes-politicos-y-maquinarias\/\" \/>\n<meta property=\"og:site_name\" content=\"\u25b7 Noticias de Casanare : Martha Cifuentes | Casanare\" \/>\n<meta property=\"article:published_time\" content=\"2023-06-24T03:28:02+00:00\" \/>\n<meta property=\"article:modified_time\" content=\"2023-06-24T03:31:01+00:00\" \/>\n<meta property=\"og:image\" content=\"https:\/\/marthacifuentes.com\/portada\/wp-content\/uploads\/2023\/06\/portada-guillermo-velandia-2.jpg\" \/>\n\t<meta property=\"og:image:width\" content=\"811\" \/>\n\t<meta property=\"og:image:height\" content=\"524\" \/>\n\t<meta property=\"og:image:type\" content=\"image\/jpeg\" \/>\n<meta name=\"author\" content=\"Martha Cifuentes\" \/>\n<meta name=\"twitter:card\" content=\"summary_large_image\" \/>\n<meta name=\"twitter:label1\" content=\"Escrito por\" \/>\n\t<meta name=\"twitter:data1\" content=\"Martha Cifuentes\" \/>\n\t<meta name=\"twitter:label2\" content=\"Tiempo de lectura\" \/>\n\t<meta name=\"twitter:data2\" content=\"2 minutos\" \/>\n<script type=\"application\/ld+json\" class=\"yoast-schema-graph\">{\"@context\":\"https:\/\/schema.org\",\"@graph\":[{\"@type\":\"WebPage\",\"@id\":\"https:\/\/marthacifuentes.com\/portada\/con-138-mil-firmas-de-apoyo-guillermo-velandia-busca-aval-a-la-gobernacion-de-casanare-quiere-ser-gobernador-sin-clanes-politicos-y-maquinarias\/\",\"url\":\"https:\/\/marthacifuentes.com\/portada\/con-138-mil-firmas-de-apoyo-guillermo-velandia-busca-aval-a-la-gobernacion-de-casanare-quiere-ser-gobernador-sin-clanes-politicos-y-maquinarias\/\",\"name\":\"Con 138 mil firmas de apoyo, Guillermo Velandia busca aval a la Gobernaci\u00f3n de Casanare. Quiere ser gobernador \\\"Sin clanes pol\u00edticos y maquinarias\\\" - \u25b7 Noticias de Casanare : Martha Cifuentes | Casanare\",\"isPartOf\":{\"@id\":\"https:\/\/marthacifuentes.com\/portada\/#website\"},\"primaryImageOfPage\":{\"@id\":\"https:\/\/marthacifuentes.com\/portada\/con-138-mil-firmas-de-apoyo-guillermo-velandia-busca-aval-a-la-gobernacion-de-casanare-quiere-ser-gobernador-sin-clanes-politicos-y-maquinarias\/#primaryimage\"},\"image\":{\"@id\":\"https:\/\/marthacifuentes.com\/portada\/con-138-mil-firmas-de-apoyo-guillermo-velandia-busca-aval-a-la-gobernacion-de-casanare-quiere-ser-gobernador-sin-clanes-politicos-y-maquinarias\/#primaryimage\"},\"thumbnailUrl\":\"https:\/\/marthacifuentes.com\/portada\/wp-content\/uploads\/2023\/06\/portada-guillermo-velandia-2.jpg\",\"datePublished\":\"2023-06-24T03:28:02+00:00\",\"dateModified\":\"2023-06-24T03:31:01+00:00\",\"author\":{\"@id\":\"https:\/\/marthacifuentes.com\/portada\/#\/schema\/person\/57f53174b991db5f90ff78d58502b714\"},\"breadcrumb\":{\"@id\":\"https:\/\/marthacifuentes.com\/portada\/con-138-mil-firmas-de-apoyo-guillermo-velandia-busca-aval-a-la-gobernacion-de-casanare-quiere-ser-gobernador-sin-clanes-politicos-y-maquinarias\/#breadcrumb\"},\"inLanguage\":\"es\",\"potentialAction\":[{\"@type\":\"ReadAction\",\"target\":[\"https:\/\/marthacifuentes.com\/portada\/con-138-mil-firmas-de-apoyo-guillermo-velandia-busca-aval-a-la-gobernacion-de-casanare-quiere-ser-gobernador-sin-clanes-politicos-y-maquinarias\/\"]}]},{\"@type\":\"ImageObject\",\"inLanguage\":\"es\",\"@id\":\"https:\/\/marthacifuentes.com\/portada\/con-138-mil-firmas-de-apoyo-guillermo-velandia-busca-aval-a-la-gobernacion-de-casanare-quiere-ser-gobernador-sin-clanes-politicos-y-maquinarias\/#primaryimage\",\"url\":\"https:\/\/marthacifuentes.com\/portada\/wp-content\/uploads\/2023\/06\/portada-guillermo-velandia-2.jpg\",\"contentUrl\":\"https:\/\/marthacifuentes.com\/portada\/wp-content\/uploads\/2023\/06\/portada-guillermo-velandia-2.jpg\",\"width\":811,\"height\":524},{\"@type\":\"BreadcrumbList\",\"@id\":\"https:\/\/marthacifuentes.com\/portada\/con-138-mil-firmas-de-apoyo-guillermo-velandia-busca-aval-a-la-gobernacion-de-casanare-quiere-ser-gobernador-sin-clanes-politicos-y-maquinarias\/#breadcrumb\",\"itemListElement\":[{\"@type\":\"ListItem\",\"position\":1,\"name\":\"Portada\",\"item\":\"https:\/\/marthacifuentes.com\/portada\/\"},{\"@type\":\"ListItem\",\"position\":2,\"name\":\"Con 138 mil firmas de apoyo, Guillermo Velandia busca aval a la Gobernaci\u00f3n de Casanare. Quiere ser gobernador \u00abSin clanes pol\u00edticos y maquinarias\u00bb\"}]},{\"@type\":\"WebSite\",\"@id\":\"https:\/\/marthacifuentes.com\/portada\/#website\",\"url\":\"https:\/\/marthacifuentes.com\/portada\/\",\"name\":\"\u25b7 Noticias de Casanare : Martha Cifuentes | Casanare\",\"description\":\"Noticias &amp; Contenidos\",\"potentialAction\":[{\"@type\":\"SearchAction\",\"target\":{\"@type\":\"EntryPoint\",\"urlTemplate\":\"https:\/\/marthacifuentes.com\/portada\/?s={search_term_string}\"},\"query-input\":{\"@type\":\"PropertyValueSpecification\",\"valueRequired\":true,\"valueName\":\"search_term_string\"}}],\"inLanguage\":\"es\"},{\"@type\":\"Person\",\"@id\":\"https:\/\/marthacifuentes.com\/portada\/#\/schema\/person\/57f53174b991db5f90ff78d58502b714\",\"name\":\"Martha Cifuentes\",\"image\":{\"@type\":\"ImageObject\",\"inLanguage\":\"es\",\"@id\":\"https:\/\/marthacifuentes.com\/portada\/#\/schema\/person\/image\/\",\"url\":\"http:\/\/marthacifuentes.com\/portada\/wp-content\/uploads\/2018\/06\/avatar_user_2_1528838701-96x96.jpg\",\"contentUrl\":\"http:\/\/marthacifuentes.com\/portada\/wp-content\/uploads\/2018\/06\/avatar_user_2_1528838701-96x96.jpg\",\"caption\":\"Martha Cifuentes\"},\"sameAs\":[\"http:\/\/www.marthacifuentes.com\"],\"url\":\"https:\/\/marthacifuentes.com\/portada\/author\/martha\/\"}]}<\/script>\n<!-- \/ Yoast SEO plugin. -->","yoast_head_json":{"title":"Con 138 mil firmas de apoyo, Guillermo Velandia busca aval a la Gobernaci\u00f3n de Casanare. Quiere ser gobernador \"Sin clanes pol\u00edticos y maquinarias\" - \u25b7 Noticias de Casanare : Martha Cifuentes | Casanare","robots":{"index":"index","follow":"follow","max-snippet":"max-snippet:-1","max-image-preview":"max-image-preview:large","max-video-preview":"max-video-preview:-1"},"canonical":"https:\/\/marthacifuentes.com\/portada\/con-138-mil-firmas-de-apoyo-guillermo-velandia-busca-aval-a-la-gobernacion-de-casanare-quiere-ser-gobernador-sin-clanes-politicos-y-maquinarias\/","og_locale":"es_ES","og_type":"article","og_title":"Con 138 mil firmas de apoyo, Guillermo Velandia busca aval a la Gobernaci\u00f3n de Casanare. Quiere ser gobernador \"Sin clanes pol\u00edticos y maquinarias\" - \u25b7 Noticias de Casanare : Martha Cifuentes | Casanare","og_description":"#Publicidad Cuando Guillermo Alexander Velandia Granados, inici\u00f3 hace m\u00e1s de cuatro meses su idea de recolecci\u00f3n de firmas para ser candidato a la Gobernaci\u00f3n de Casanare, independiente y sin partidos pol\u00edticos, proyect\u00f3 conseguir 120 mil firmas pero hoy 23 de junio super\u00f3 con creces esta cifra y entreg\u00f3 138.500 firmas en la Registradur\u00eda de Yopal, &hellip;","og_url":"https:\/\/marthacifuentes.com\/portada\/con-138-mil-firmas-de-apoyo-guillermo-velandia-busca-aval-a-la-gobernacion-de-casanare-quiere-ser-gobernador-sin-clanes-politicos-y-maquinarias\/","og_site_name":"\u25b7 Noticias de Casanare : Martha Cifuentes | Casanare","article_published_time":"2023-06-24T03:28:02+00:00","article_modified_time":"2023-06-24T03:31:01+00:00","og_image":[{"width":811,"height":524,"url":"https:\/\/marthacifuentes.com\/portada\/wp-content\/uploads\/2023\/06\/portada-guillermo-velandia-2.jpg","type":"image\/jpeg"}],"author":"Martha Cifuentes","twitter_card":"summary_large_image","twitter_misc":{"Escrito por":"Martha Cifuentes","Tiempo de lectura":"2 minutos"},"schema":{"@context":"https:\/\/schema.org","@graph":[{"@type":"WebPage","@id":"https:\/\/marthacifuentes.com\/portada\/con-138-mil-firmas-de-apoyo-guillermo-velandia-busca-aval-a-la-gobernacion-de-casanare-quiere-ser-gobernador-sin-clanes-politicos-y-maquinarias\/","url":"https:\/\/marthacifuentes.com\/portada\/con-138-mil-firmas-de-apoyo-guillermo-velandia-busca-aval-a-la-gobernacion-de-casanare-quiere-ser-gobernador-sin-clanes-politicos-y-maquinarias\/","name":"Con 138 mil firmas de apoyo, Guillermo Velandia busca aval a la Gobernaci\u00f3n de Casanare. Quiere ser gobernador \"Sin clanes pol\u00edticos y maquinarias\" - \u25b7 Noticias de Casanare : Martha Cifuentes | Casanare","isPartOf":{"@id":"https:\/\/marthacifuentes.com\/portada\/#website"},"primaryImageOfPage":{"@id":"https:\/\/marthacifuentes.com\/portada\/con-138-mil-firmas-de-apoyo-guillermo-velandia-busca-aval-a-la-gobernacion-de-casanare-quiere-ser-gobernador-sin-clanes-politicos-y-maquinarias\/#primaryimage"},"image":{"@id":"https:\/\/marthacifuentes.com\/portada\/con-138-mil-firmas-de-apoyo-guillermo-velandia-busca-aval-a-la-gobernacion-de-casanare-quiere-ser-gobernador-sin-clanes-politicos-y-maquinarias\/#primaryimage"},"thumbnailUrl":"https:\/\/marthacifuentes.com\/portada\/wp-content\/uploads\/2023\/06\/portada-guillermo-velandia-2.jpg","datePublished":"2023-06-24T03:28:02+00:00","dateModified":"2023-06-24T03:31:01+00:00","author":{"@id":"https:\/\/marthacifuentes.com\/portada\/#\/schema\/person\/57f53174b991db5f90ff78d58502b714"},"breadcrumb":{"@id":"https:\/\/marthacifuentes.com\/portada\/con-138-mil-firmas-de-apoyo-guillermo-velandia-busca-aval-a-la-gobernacion-de-casanare-quiere-ser-gobernador-sin-clanes-politicos-y-maquinarias\/#breadcrumb"},"inLanguage":"es","potentialAction":[{"@type":"ReadAction","target":["https:\/\/marthacifuentes.com\/portada\/con-138-mil-firmas-de-apoyo-guillermo-velandia-busca-aval-a-la-gobernacion-de-casanare-quiere-ser-gobernador-sin-clanes-politicos-y-maquinarias\/"]}]},{"@type":"ImageObject","inLanguage":"es","@id":"https:\/\/marthacifuentes.com\/portada\/con-138-mil-firmas-de-apoyo-guillermo-velandia-busca-aval-a-la-gobernacion-de-casanare-quiere-ser-gobernador-sin-clanes-politicos-y-maquinarias\/#primaryimage","url":"https:\/\/marthacifuentes.com\/portada\/wp-content\/uploads\/2023\/06\/portada-guillermo-velandia-2.jpg","contentUrl":"https:\/\/marthacifuentes.com\/portada\/wp-content\/uploads\/2023\/06\/portada-guillermo-velandia-2.jpg","width":811,"height":524},{"@type":"BreadcrumbList","@id":"https:\/\/marthacifuentes.com\/portada\/con-138-mil-firmas-de-apoyo-guillermo-velandia-busca-aval-a-la-gobernacion-de-casanare-quiere-ser-gobernador-sin-clanes-politicos-y-maquinarias\/#breadcrumb","itemListElement":[{"@type":"ListItem","position":1,"name":"Portada","item":"https:\/\/marthacifuentes.com\/portada\/"},{"@type":"ListItem","position":2,"name":"Con 138 mil firmas de apoyo, Guillermo Velandia busca aval a la Gobernaci\u00f3n de Casanare. Quiere ser gobernador \u00abSin clanes pol\u00edticos y maquinarias\u00bb"}]},{"@type":"WebSite","@id":"https:\/\/marthacifuentes.com\/portada\/#website","url":"https:\/\/marthacifuentes.com\/portada\/","name":"\u25b7 Noticias de Casanare : Martha Cifuentes | Casanare","description":"Noticias &amp; Contenidos","potentialAction":[{"@type":"SearchAction","target":{"@type":"EntryPoint","urlTemplate":"https:\/\/marthacifuentes.com\/portada\/?s={search_term_string}"},"query-input":{"@type":"PropertyValueSpecification","valueRequired":true,"valueName":"search_term_string"}}],"inLanguage":"es"},{"@type":"Person","@id":"https:\/\/marthacifuentes.com\/portada\/#\/schema\/person\/57f53174b991db5f90ff78d58502b714","name":"Martha Cifuentes","image":{"@type":"ImageObject","inLanguage":"es","@id":"https:\/\/marthacifuentes.com\/portada\/#\/schema\/person\/image\/","url":"http:\/\/marthacifuentes.com\/portada\/wp-content\/uploads\/2018\/06\/avatar_user_2_1528838701-96x96.jpg","contentUrl":"http:\/\/marthacifuentes.com\/portada\/wp-content\/uploads\/2018\/06\/avatar_user_2_1528838701-96x96.jpg","caption":"Martha Cifuentes"},"sameAs":["http:\/\/www.marthacifuentes.com"],"url":"https:\/\/marthacifuentes.com\/portada\/author\/martha\/"}]}},"_links":{"self":[{"href":"https:\/\/marthacifuentes.com\/portada\/wp-json\/wp\/v2\/posts\/31761","targetHints":{"allow":["GET"]}}],"collection":[{"href":"https:\/\/marthacifuentes.com\/portada\/wp-json\/wp\/v2\/posts"}],"about":[{"href":"https:\/\/marthacifuentes.com\/portada\/wp-json\/wp\/v2\/types\/post"}],"author":[{"embeddable":true,"href":"https:\/\/marthacifuentes.com\/portada\/wp-json\/wp\/v2\/users\/2"}],"replies":[{"embeddable":true,"href":"https:\/\/marthacifuentes.com\/portada\/wp-json\/wp\/v2\/comments?post=31761"}],"version-history":[{"count":2,"href":"https:\/\/marthacifuentes.com\/portada\/wp-json\/wp\/v2\/posts\/31761\/revisions"}],"predecessor-version":[{"id":31763,"href":"https:\/\/marthacifuentes.com\/portada\/wp-json\/wp\/v2\/posts\/31761\/revisions\/31763"}],"wp:featuredmedia":[{"embeddable":true,"href":"https:\/\/marthacifuentes.com\/portada\/wp-json\/wp\/v2\/media\/31743"}],"wp:attachment":[{"href":"https:\/\/marthacifuentes.com\/portada\/wp-json\/wp\/v2\/media?parent=31761"}],"wp:term":[{"taxonomy":"category","embeddable":true,"href":"https:\/\/marthacifuentes.com\/portada\/wp-json\/wp\/v2\/categories?post=31761"},{"taxonomy":"post_tag","embeddable":true,"href":"https:\/\/marthacifuentes.com\/portada\/wp-json\/wp\/v2\/tags?post=31761"}],"curies":[{"name":"wp","href":"https:\/\/api.w.org\/{rel}","templated":true}]}}