{"id":31771,"date":"2023-06-30T22:18:15","date_gmt":"2023-07-01T03:18:15","guid":{"rendered":"https:\/\/marthacifuentes.com\/portada\/?p=31771"},"modified":"2023-06-30T22:25:58","modified_gmt":"2023-07-01T03:25:58","slug":"yopal-y-aguazul-asediados-por-el-clan-del-golfo-eln-disidencias-farc-y-delincuentes-comunes-segun-alerta-temprana-de-defensoria-del-pueblo","status":"publish","type":"post","link":"https:\/\/marthacifuentes.com\/portada\/yopal-y-aguazul-asediados-por-el-clan-del-golfo-eln-disidencias-farc-y-delincuentes-comunes-segun-alerta-temprana-de-defensoria-del-pueblo\/","title":{"rendered":"Yopal y Aguazul, asediados por el Clan del Golfo, ELN, Disidencias Farc y delincuentes comunes, seg\u00fan Alerta Temprana de Defensor\u00eda del Pueblo"},"content":{"rendered":"<p>Yopal y Aguazul en Casanare, condenados a repetir historia de violencia por cuenta de grupos armados, seg\u00fan alerta temprana 023 del 5 de junio de 2023 de la Defensor\u00eda del Pueblo. De acuerdo con esta, cerca de 140 mil habitantes de estas dos poblaciones se encuentran en riesgo de vulneraci\u00f3n de sus derechos humanos por parte de grupos armados organizados al margen de la ley y de grupos delictivos organizados. Mientras autoridades locales rechazaron el informe, defensores de derechos humanos lo avalaron.<\/p>\n<p>Entre la caracterizaci\u00f3n que hace la Defensor\u00eda, en peligro se encuentran 15.898 migrantes venezolanos, 3.214 afrocolombianos, 574 ind\u00edgenas, 274 habitantes de calle y 3 palenqueros. Y entre los grupos vulnerables adem\u00e1s de los mencionados est\u00e1n las comunidades ind\u00edgenas y campesinas, voceros de v\u00edctimas, organizaciones comunales, sociales y defensores de derechos humanos, ni\u00f1os ni\u00f1as y adolescentes y poblaci\u00f3n socialmente estigmatizada como indigentes y consumidores de SPA.<\/p>\n<p>Igualmente, seg\u00fan la condici\u00f3n social, est\u00e1n en riesgo los campesinos, ganaderos, agricultores, comerciantes, transportadores, funcionarios p\u00fablicos, docentes, mujeres, j\u00f3venes\/estudiantes, empresarios, contratistas y poblaci\u00f3n migrante.<\/p>\n<p>&nbsp;<\/p>\n<h3><strong>Localizaci\u00f3n geogr\u00e1fica de poblaci\u00f3n en riesgo en Yopal y Aguazul<\/strong><\/h3>\n<p>Llama la atenci\u00f3n que el informe de la Defensor\u00eda inicia con la localizaci\u00f3n geogr\u00e1fica del riesgo, donde ubica 22 barrios de Yopal: Villa Flor, Villa Benilda, San Marcos, Torres del Silencio, Nuevo H\u00e1bitat, Casiquiare, La Primavera, La Esmeralda, El Remanso, La Esperanza, Llano Lindo, Florida Blanca, Villa del Sol, Ca\u00f1aguate, San Mart\u00edn, Villa Docente, Comfaboy, El Progreso, La Bendici\u00f3n, Aerocivil, 20 de Julio, Llano Vargas; 5 asentamientos humanos de Yopal: La Bendici\u00f3n, Mi Nueva Esperanza, La fortaleza (comuna 6) y La Victoria, La Resistencia, La Libertad (comuna 5) y 5 sectores urbanos: Asentamientos Humanos: La Bendici\u00f3n, Mi Nueva Esperanza, La fortaleza (comuna 6) y La Victoria, La Resistencia, La Libertad (comuna 5). Y algunas veredas de los corregimientos de El Morro, El Charte, Punto Nuevo, Morichal, La Chaparrera, La Niata y Tilodir\u00e1n.<\/p>\n<p>Y en Aguazul los barrios nombrados son 32: Alcarav\u00e1n, Carlos Pizarro, Bello Horizonte, El Centro, Ciudadela La Esperanza, Ciudadela Araguaney, El Cristal, Diez de Mayo, El Oriente, Jorge E Gait\u00e1n, Juan H Urrego, La Espiga, La Fundaci\u00f3n, Las Ferias, Los Esteros, Los Libertadores, Las Palmeras, Luis M Jim\u00e9nez, El Porvenir, San Agust\u00edn, San Pedro, San Carlos, Sevilla Siete de Agosto, Sim\u00f3n Bol\u00edvar, La Pradera, Villa Nancy, Villa Araguaney, Villa del R\u00edo, Villa Laguito, Villa Luz, Villa Floresta. Tambi\u00e9n se menciona 50 veredas del piedemonte aguazule\u00f1o.<\/p>\n<p><img loading=\"lazy\" decoding=\"async\" class=\"alignnone size-full wp-image-31772 aligncenter\" src=\"https:\/\/marthacifuentes.com\/portada\/wp-content\/uploads\/2023\/06\/mapa-alerta-temprana-Yopal-Aguazul.png\" alt=\"\" width=\"527\" height=\"834\" srcset=\"https:\/\/marthacifuentes.com\/portada\/wp-content\/uploads\/2023\/06\/mapa-alerta-temprana-Yopal-Aguazul.png 527w, https:\/\/marthacifuentes.com\/portada\/wp-content\/uploads\/2023\/06\/mapa-alerta-temprana-Yopal-Aguazul-190x300.png 190w\" sizes=\"auto, (max-width: 527px) 100vw, 527px\" \/><\/p>\n<p>&nbsp;<\/p>\n<h3><strong>Presencia de Disidencias de las Farc, ELN y Clan del Golfo en Yopal y Aguazul<\/strong><\/h3>\n<p>De acuerdo con el documento, hay presencia de las <strong>Facciones Disidentes de las FARC (FD-FARC)<\/strong> y del <strong>Frente Guerra Oriental (FGO) del Ej\u00e9rcito de Liberaci\u00f3n Nacional (ELN)<\/strong> en Yopal y Aguazul, vecinos lim\u00edtrofes. Estos grupos armados organizados al margen de la ley llevan a cabo acciones violentas en la regi\u00f3n. De la misma forma se menciona el accionar de las <strong>Autodefensas Gaitanistas de Colombia (AGC), tambi\u00e9n conocidas como Clan del Golfo.<\/strong><\/p>\n<p><strong><img loading=\"lazy\" decoding=\"async\" class=\"size-full wp-image-31773 aligncenter\" src=\"https:\/\/marthacifuentes.com\/portada\/wp-content\/uploads\/2023\/06\/amenazas-en-Yopal-ELN-Y-FARC-DISIDENCIAS.png\" alt=\"\" width=\"550\" height=\"163\" srcset=\"https:\/\/marthacifuentes.com\/portada\/wp-content\/uploads\/2023\/06\/amenazas-en-Yopal-ELN-Y-FARC-DISIDENCIAS.png 550w, https:\/\/marthacifuentes.com\/portada\/wp-content\/uploads\/2023\/06\/amenazas-en-Yopal-ELN-Y-FARC-DISIDENCIAS-300x89.png 300w\" sizes=\"auto, (max-width: 550px) 100vw, 550px\" \/>\u00a0<\/strong><\/p>\n<p>De las <strong>Disidencias de las Farc, <\/strong>se expresa que se han consolidado los <strong>Frentes 28 y 10<\/strong>, que provienen de los antiguos frentes 10, 28, 38, 45 y 56. Hay informaci\u00f3n, indica la alerta temprana, sobre una posible refundaci\u00f3n de las antiguas estructuras de los frentes 38 y 56, en los departamentos de Cundinamarca, Meta, Casanare, Boyac\u00e1 y Arauca. Estas junto a los frentes 10, 28, y 45 conformar\u00edan el Comando Conjunto de Oriente.<\/p>\n<p>Esta agrupaci\u00f3n utiliza videos y panfletos amenazantes extorsivos contra empresarios, contratistas, ganaderos, gremios de la agroindustria, el comercio y el transporte, para que realicen sus \u201caportes\u201d a la causa.<\/p>\n<p>Tambi\u00e9n el <strong>ELN<\/strong> a trav\u00e9s del <strong>frente Jos\u00e9 David Su\u00e1rez<\/strong> tiene mayor injerencia en los corregimientos de El Morro, El Charte, Plan Brisas, Cupiagua \u2013 Monterralo, y con alcance e influencia hacia otras veredas de los municipios vecinos de Casanare (Nunch\u00eda, Ch\u00e1meza, Recetor) y Boyac\u00e1 (Labranzagrande, Pajarito, Pisba y Paya). Esto en raz\u00f3n a las actividades petroleras desarrolladas y donde se busca incidir en procesos laborales, sindicales y de relacionamiento social. Desafortunadamente, esto ha generado la percepci\u00f3n de estigmatizaci\u00f3n de estos territorios por parte de la Fuerza P\u00fablica, precisa el informe.<\/p>\n<p>En la Alerta Temprana se revela que estos municipios se han convertido en centros para la implementaci\u00f3n de estrategias de captaci\u00f3n de rentas, conformaci\u00f3n de redes de apoyo y base social por parte de las crecientes \u201cFacciones Disidentes de las Farc\u201d. Adem\u00e1s, se ha registrado un aumento de violaciones a los Derechos Humanos, como homicidios, amenazas, secuestros, extorsiones y desplazamientos forzados desde 2019. Incluso, se ha mencionado un ataque contra la Base de la Fuerza A\u00e9rea Colombiana en 2020.<\/p>\n<p>La Defensor\u00eda ha tenido conocimiento de presuntas acciones relacionadas con reclutamiento forzado en estos municipios por parte de actores armados ilegales, algunos provenientes del departamento de Arauca. Estos estar\u00edan buscando j\u00f3venes que han desertado de sus filas, han huido o han sido sacados por sus familias de Arauca, y se refugian en Yopal.<\/p>\n<p>El documento refiere la presencia de las <strong>Autodefensas Gaitanistas de Colombia (AGC),<\/strong> que hace parte del Clan del Golfo, como uno de los sucesores del paramilitarismo presente en la regi\u00f3n, derivado de las extintas Autodefensas Unidas de Colombia, AUC, y de las Autodefensas Campesinas de Casanare (ACC), fundada por H\u00e9ctor Buitrago Rodr\u00edguez, alias \u201cEl Tripas\u201d. Buscan control territorial para llegar a los mercados de Venezuela y Brasil y de estos al Caribe, Centro Am\u00e9rica, Estados Unidos y Europa.<\/p>\n<p><img loading=\"lazy\" decoding=\"async\" class=\"size-full wp-image-31774 aligncenter\" src=\"https:\/\/marthacifuentes.com\/portada\/wp-content\/uploads\/2023\/06\/amenazas-en-Yopal-CLAN-DEL-GOLFO.png\" alt=\"\" width=\"549\" height=\"148\" srcset=\"https:\/\/marthacifuentes.com\/portada\/wp-content\/uploads\/2023\/06\/amenazas-en-Yopal-CLAN-DEL-GOLFO.png 549w, https:\/\/marthacifuentes.com\/portada\/wp-content\/uploads\/2023\/06\/amenazas-en-Yopal-CLAN-DEL-GOLFO-300x81.png 300w\" sizes=\"auto, (max-width: 549px) 100vw, 549px\" \/><\/p>\n<p>\u201cGrupos asociados a estas estructuras armadas ser\u00edan los responsables de la disputa por el llamado narcomenudeo urbano, la que se manifiesta en agresiones o ataques armados contra la poblaci\u00f3n socialmente estigmatizada de las ciudades de Aguazul y Yopal, expresada en homicidios selectivos (contra expendedores y distribuidores) y contra personas asociadas a actividades delincuenciales\u201d, detalla el informe. Estos asesinatos son una pr\u00e1ctica sistem\u00e1tica de grupos paramilitares y evidencian su posicionamiento territorial.<\/p>\n<p>Sobre estos grupos paramilitares, dice la Defensor\u00eda, se genera un complejo escenario de riesgo, ya que buscan posicionarse geoestrat\u00e9gicamente en el principal centro urbano e institucional de Casanare, as\u00ed como en los municipios con alta producci\u00f3n de petr\u00f3leo, como ya ocurri\u00f3 en el pasado hace dos d\u00e9cadas.<\/p>\n<p>La alerta resume que \u201cLas AGC en Casanare, cuentan con capacidad militar, estructura org\u00e1nica y jer\u00e1rquica compuesta por frentes y comandos, con intereses territoriales y econ\u00f3micos definidos y no se descarta que para el desarrollo de su accionar en la regi\u00f3n cuenten con la aprobaci\u00f3n y colaboraci\u00f3n de algunas personas vinculadas a los sectores econ\u00f3micos que reclaman la contenci\u00f3n de la incursi\u00f3n en el territorio de la insurgencia del ELN y de las FD de las FARC que, bajo la intimidaci\u00f3n y la amenaza, los obligan al pago de extorsiones\u201d.<\/p>\n<p>Seg\u00fan la Defensor\u00eda, los grupos armados ilegales llevan a cabo acciones violentas que afectan los derechos de la poblaci\u00f3n civil, incluyendo homicidios selectivos, desplazamientos forzados, reclutamiento de menores, extorsi\u00f3n y amenazas contra l\u00edderes sociales, comunales y defensores de derechos humanos.<\/p>\n<p><img loading=\"lazy\" decoding=\"async\" class=\"wp-image-31775 aligncenter\" src=\"https:\/\/marthacifuentes.com\/portada\/wp-content\/uploads\/2023\/06\/infografia-grupos-armados-1024x728.png\" alt=\"\" width=\"626\" height=\"445\" srcset=\"https:\/\/marthacifuentes.com\/portada\/wp-content\/uploads\/2023\/06\/infografia-grupos-armados-1024x728.png 1024w, https:\/\/marthacifuentes.com\/portada\/wp-content\/uploads\/2023\/06\/infografia-grupos-armados-300x213.png 300w, https:\/\/marthacifuentes.com\/portada\/wp-content\/uploads\/2023\/06\/infografia-grupos-armados-768x546.png 768w, https:\/\/marthacifuentes.com\/portada\/wp-content\/uploads\/2023\/06\/infografia-grupos-armados.png 1068w\" sizes=\"auto, (max-width: 626px) 100vw, 626px\" \/><\/p>\n<h3><strong>Posibles enfrentamientos de grupos armados ilegales por control territorial<\/strong><\/h3>\n<p>Tambi\u00e9n la Defensor\u00eda del Pueblo analiza que con la presencia de estos grupos armados se prev\u00e9 una eventual confrontaci\u00f3n entre el Clan del Golfo y las disidencias de las Farc y Eln, que adem\u00e1s de control territorial, de la apropiaci\u00f3n de recursos de las actividades econ\u00f3micas de la regi\u00f3n, tienen inter\u00e9s en el control y monopolio del narcotr\u00e1fico y microtr\u00e1fico.<\/p>\n<p>Literalmente el informe precisa que \u201cLas acciones de la insurgencia del ELN, de las Facciones disidentes de las FARC y las llamadas AGC, como otros actores armados ilegales derivados de las AUC y las ACC, representan para la poblaci\u00f3n civil rural y urbana de los municipios de Yopal y Aguazul un alto nivel de riesgo con alta probabilidad de que sus acciones vulneren los derechos fundamentales, ante la posible disputa por el control del territorio, la aplicaci\u00f3n de la justicia de facto, el cobro forzado de impuestos de guerra, ya sea el llamado \u201cimpuesto revolucionario\u201d o el impuesto de recaudo por servicios de seguridad, el uso y la utilizaci\u00f3n de los migrantes, el reclutamiento forzado de ni\u00f1os, ni\u00f1as y adolescentes, la proyecci\u00f3n y consolidaci\u00f3n territorial y el control social para promover idearios pol\u00edticos e ideol\u00f3gicos\u201d.<\/p>\n<p>Preocupa a la Defensor\u00eda del Pueblo, la falta de resultados ante las denuncias presentadas ante las autoridades, referentes a amenazas contra l\u00edderes sociales, defensores de derechos humanos, veedores, v\u00edctimas del conflicto armado, docentes y sindicalistas, entre otros.<\/p>\n<p>La Defensor\u00eda del Pueblo manifest\u00f3 que se conoce que el prop\u00f3sito de las Disidencias de las Farc es revivir los frentes 38 y 56, que tendr\u00edan el objetivo de disputar los municipios de Aguazul, Man\u00ed, Tauramena, Monterrey, Villanueva y Yopal, donde ya opera el Clan del Golfo.<\/p>\n<p>Las disidencias de las Farc tambi\u00e9n libran una confrontaci\u00f3n armada con el ELN en Arauca y no se descarta que esta pueda trasladarse a Casanare.<\/p>\n<p>&nbsp;<\/p>\n<h3><strong>En riesgo: habitantes de calle, poblaci\u00f3n OSIG, venezolanos y j\u00f3venes de estratos bajos. <\/strong><\/h3>\n<p>Sobre los habitantes de calle, se explica que, por estar en pobreza extrema, exclusi\u00f3n social alta, enorme insalubridad f\u00edsica y mental y probables consumidores de estupefacientes, son proclives a la realizaci\u00f3n de actividades delincuenciales y a ser objeto de se\u00f1alamientos, estigmatizaciones y persecuci\u00f3n. Adem\u00e1s, se destaca que en ocasiones son utilizados por los grupos armados para actividades de inteligencia, informaci\u00f3n y transporte de armas, insumos y drogas. En Yopal hay caracterizados 270 personas en esta situaci\u00f3n.<\/p>\n<p>En referencia a la poblaci\u00f3n con Orientaci\u00f3n Sexual e Identidad de G\u00e9nero Diversa OSIGD, los riesgos por acciones violentas de parte de grupos armados ilegales, particularmente paramilitares, son constantes y potenciados por condiciones de vulnerabilidad y exclusi\u00f3n. Tambi\u00e9n se ve afectada por violencias por prejuicio, justificada por orientaci\u00f3n sexual, identidad, pertenencia \u00e9tnica, y expresi\u00f3n de g\u00e9nero. Esto puede desencadenar en la instrumentalizaci\u00f3n de las v\u00edctimas OSIGD en temas de redes de tr\u00e1fico y prostituci\u00f3n, entre otros.<\/p>\n<p>Frente a los venezolanos se detalla que transitan permanentemente en el corredor Yopal-Aguazul, municipios que se ubican sobre la Marginal del Llano. Se describe su situaci\u00f3n de precariedad y vulnerabilidad debido a su condici\u00f3n de migrantes ilegales y a la falta de acceso a servicios b\u00e1sicos y oportunidades laborales, adem\u00e1s de la estigmatizaci\u00f3n de algunas autoridades, lo que los hace propensos a ser v\u00edctimas de violencia y explotaci\u00f3n por parte de los grupos armados ilegales. Se inform\u00f3 que, seg\u00fan reporte de la polic\u00eda nacional, en los \u00faltimos 4 a\u00f1os han sido asesinados 18 migrantes en estos municipios.<\/p>\n<p>De los j\u00f3venes de estratos bajos, su riesgo y vulnerabilidad se presenta por la falta de oportunidades laborales y educativas, lo que los hace ser blancos para ser reclutados por los grupos armados ilegales y a ser v\u00edctimas de violencia y explotaci\u00f3n.<\/p>\n<p>&nbsp;<\/p>\n<h3><strong>Homicidios, amenazas, desplazamiento y extorsiones <\/strong><\/h3>\n<p>El periodo analizado por la Defensor\u00eda del pueblo comprende desde la alerta temprana ATI 08-21 emitida el 17 de marzo de 2021 y el informe de seguimiento a esta, que incluye el 29 de diciembre de 2022, y de acuerdo con la informaci\u00f3n recaudada, en este periodo se registraron un total de 20 casos de homicidio en Yopal y 6 en Aguazul. Mientras tanto los tres primeros meses del a\u00f1o de 2023 se han presentado 14 homicidios, de los cuales 5 ocurrieron en Yopal y 3 en Aguazul.<\/p>\n<p>En el informe se expresa textualmente que \u201cLa tendencia del homicidio en el departamento (\u2026) durante los a\u00f1os 2019, 2020 y 2021 registra un aumento considerable; de acuerdo a la informaci\u00f3n registrada por la Polic\u00eda Nacional en el caso de los municipios en advertencia, se mantuvo un incremento en el municipio de Aguazul con tendencia moderada al 31 de diciembre de 2022; mientras para Yopal, que registra las tasas de mayor ocurrencia por este delito en el departamento, indica un aumento considerable del homicidio para los a\u00f1os 2019 y 2020, mientras que para el a\u00f1o 2021 se registr\u00f3 un descenso de 7 homicidios (8.5%), con tendencia a disminuir en el a\u00f1o 2022, pues al 31 de diciembre de 2022 se registraron 20 casos de homicidio\u201d.<\/p>\n<p><img loading=\"lazy\" decoding=\"async\" class=\"size-full wp-image-31776 aligncenter\" src=\"https:\/\/marthacifuentes.com\/portada\/wp-content\/uploads\/2023\/06\/homicidios-aguazul-yopal.png\" alt=\"\" width=\"586\" height=\"345\" srcset=\"https:\/\/marthacifuentes.com\/portada\/wp-content\/uploads\/2023\/06\/homicidios-aguazul-yopal.png 586w, https:\/\/marthacifuentes.com\/portada\/wp-content\/uploads\/2023\/06\/homicidios-aguazul-yopal-300x177.png 300w\" sizes=\"auto, (max-width: 586px) 100vw, 586px\" \/><\/p>\n<p>La Defensor\u00eda plantea que \u201cEl incremento de este delito estar\u00eda relacionado con el ingreso al territorio, consolidaci\u00f3n y el desarrollo de actividades ilegales de actores armados no estatales denominados grupos sucesores del paramilitarismo y la implementaci\u00f3n del sicariato como mecanismo de eliminaci\u00f3n contra la poblaci\u00f3n socialmente estigmatizada, organizaciones delictivas y peque\u00f1as agrupaciones derivadas de antiguas estructuras paramilitares que subsisten en el territorio, con las que se enfrentan por el control de las actividades il\u00edcitas como el mercado local de estupefacientes\u201d.<\/p>\n<p>Uno de los hechos m\u00e1s llamativos de estos homicidios tuvo que ver con el hallazgo de dos cuerpos decapitados en un sector aleda\u00f1o al intercambiador vial en Yopal el 20 de octubre de 2022. Uno ser\u00eda de una mujer y otro a un hombre con OSIGD, cuya cabeza habr\u00eda sido hallada en octubre de 2021 en plena v\u00eda p\u00fablica en el barrio La Corocora. El doble asesinato sigue siendo materia de investigaci\u00f3n.<\/p>\n<p>La tendencia del delito de amenaza va en aumento, se indica en el informe. \u201cYopal registr\u00f3 durante el <strong>a\u00f1o 2021 el 44.66%<\/strong> del total de las amenazas en el departamento; siendo los municipios de Aguazul y de Yopal los de mayor registro con 165 amenazas que corresponden al 56% del total de las mismas en el departamento de Casanare<strong>; durante el a\u00f1o 2022 de las 4042 amenazas<\/strong> denunciadas, en el municipio de <strong>Aguazul<\/strong> se reportaron <strong>32 amenazas<\/strong> y para el municipio de <strong>Yopal<\/strong> se registraron <strong>156 amenazas,<\/strong> para un total de 188 denuncias por amenazas que corresponden al 46.76% del total departamental por ocurrencia de este delito\u201d. Y se agreg\u00f3 que \u201cDurante los tres primeros meses del a\u00f1o 2023 en el departamento se han denunciado 104 amenazas de las cuales 6 en el municipio de Aguazul y 35 en el municipio de Yopal, 41 denuncias que corresponden al 39.42% del total de las amenazas reportadas en el departamento\u201d.<\/p>\n<p><img loading=\"lazy\" decoding=\"async\" class=\"size-full wp-image-31777 aligncenter\" src=\"https:\/\/marthacifuentes.com\/portada\/wp-content\/uploads\/2023\/06\/amenazas-yopal-infografia.png\" alt=\"\" width=\"546\" height=\"353\" srcset=\"https:\/\/marthacifuentes.com\/portada\/wp-content\/uploads\/2023\/06\/amenazas-yopal-infografia.png 546w, https:\/\/marthacifuentes.com\/portada\/wp-content\/uploads\/2023\/06\/amenazas-yopal-infografia-300x194.png 300w\" sizes=\"auto, (max-width: 546px) 100vw, 546px\" \/><\/p>\n<p>Por cuenta de estas amenazas, el l\u00edder social y prevent\u00f3logo Wilson Acosta Gaviria, quien brindaba atenci\u00f3n espiritual y terap\u00e9utica a consumidores de estupefacientes en Yopal, fue objeto de amenazas con arma de fuego, al parecer por las AGC, en marzo de 2022. Debi\u00f3 irse del pa\u00eds. En junio de 2022, habitantes del corregimiento petrolero El Morro en Yopal denunciaron que hab\u00edan recibido panfletos y llamadas donde se les notificaba que varias empresas asociadas al sector de hidrocarburos ya ten\u00edan el visto bueno para laborar en la regi\u00f3n y que evitaran acciones de resistencia.<\/p>\n<p>Se puso de presente que el presidente del concejo municipal de Recetor denunci\u00f3 que debi\u00f3 irse del municipio de Aguazul donde tiene una finca en la vereda Volc\u00e1n Blanco ante la amenaza de integrantes del ELN de acabar con su vida y la de su familia si segu\u00edan viviendo en este sector.<\/p>\n<p>En noviembre de 2022 en el barrio Casimena de Yopal hacia las 5 :30 de la tarde, Rubiela Ben\u00edtez y Diego Fl\u00f3rez, l\u00edderes sociales pertenecientes al Comit\u00e9 Permanente por los Derechos Humanos regional Casanare, fueron v\u00edctimas de un atentado cuando arribaban al lugar de su residencia. Los hechos siguen siendo objeto de investigaci\u00f3n.<\/p>\n<p>El informe muestra el desplazamiento forzado en los \u00faltimos cuatro a\u00f1os en Casanare. \u201cPara 2019 un total de 411 casos de los cuales el 38.78%, 159 casos, tuvieron como escenario los municipios de Aguazul y Yopal; para 2020, a pesar de la declarada pandemia se presentaron 241 en el departamento con 69 casos que representaron el 28.63% del total departamental en los municipios de Aguazul y Yopal; durante el a\u00f1o 2021 nuevamente hay un aumento de casos a 421 a nivel departamental con un incremento de eventos para los municipios de Aguazul y Yopal en los que se presentaron 119 eventos de desplazamiento forzado, es decir el 28.26% de los eventos relacionados con desplazamiento forzado; durante el a\u00f1o 2022 se registraron 587 eventos de desplazamiento forzado en el departamento de Casanare que corresponden al 25.11% para los municipios de Aguazul y Yopal; el incremento durante el a\u00f1o 2022 resalta la complejidad de la din\u00e1mica del conflicto armado en Casanare y el comportamiento de los actores armados sobre la poblaci\u00f3n civil en el departamento y en los municipios en referencia; para el periodo actual al 31 de marzo de 2023 se han registrado 13 eventos de desplazamiento forzado de los cuales 4 se registran en el municipio de Aguazul y ning\u00fan evento a la fecha en el municipio de Yopal\u201d.<\/p>\n<p><img loading=\"lazy\" decoding=\"async\" class=\"size-full wp-image-31778 aligncenter\" src=\"https:\/\/marthacifuentes.com\/portada\/wp-content\/uploads\/2023\/06\/desplazamiento-forzado-infografia.png\" alt=\"\" width=\"537\" height=\"345\" srcset=\"https:\/\/marthacifuentes.com\/portada\/wp-content\/uploads\/2023\/06\/desplazamiento-forzado-infografia.png 537w, https:\/\/marthacifuentes.com\/portada\/wp-content\/uploads\/2023\/06\/desplazamiento-forzado-infografia-300x193.png 300w\" sizes=\"auto, (max-width: 537px) 100vw, 537px\" \/><\/p>\n<p>Del fen\u00f3meno del reclutamiento forzado, la Defensor\u00eda Regional, inform\u00f3 que \u201cHa tenido conocimiento de presuntas acciones relacionadas con reclutamiento forzado en el territorio de estos municipios por parte de actores armados ilegales (algunos provenientes del departamento de Arauca), que estar\u00edan buscando j\u00f3venes que habr\u00edan desertado de sus filas, huido o han sido sacados por sus familias de ese departamento, evitando ser reclutados en Arauca y refugi\u00e1ndose en el municipio de Yopal\u201d.<\/p>\n<p>En marzo de 2023 comerciantes, ganaderos, contratistas y empresarios denunciaron en la Defensor\u00eda del Pueblo de Casanare, extorsi\u00f3n al parecer por presuntos integrantes de las Facciones disidentes de las FARC.<\/p>\n<p>&nbsp;<\/p>\n<h3><strong>Recomendaciones de la Defensor\u00eda<\/strong><\/h3>\n<p>El documento proporciona varias medidas de prevenci\u00f3n y protecci\u00f3n que se recomiendan en las zonas mencionadas, en especial para la poblaci\u00f3n en situaci\u00f3n de vulnerabilidad y riesgo. Algunas de estas medidas son:<\/p>\n<p>&#8211; Implementar con car\u00e1cter urgente y de manera permanente los programas de prevenci\u00f3n y protecci\u00f3n, as\u00ed como las rutas contra el reclutamiento forzado ante la presencia inminente de grupos armados ilegales en el territorio que aumentan el riesgo de uso, utilizaci\u00f3n y reclutamiento forzado de ni\u00f1os, ni\u00f1as y adolescentes rurales y urbanos en estos dos municipios advertidos.<\/p>\n<p>&#8211; Fortalecer la presencia institucional en los territorios, con el fin de garantizar la protecci\u00f3n y el acceso a los derechos de la poblaci\u00f3n civil, en especial de la poblaci\u00f3n en situaci\u00f3n de vulnerabilidad y riesgo.<\/p>\n<p>&#8211; Implementar medidas de protecci\u00f3n para los l\u00edderes sociales, comunales y defensores de derechos humanos, quienes son objeto de amenazas y ataques por parte de los grupos armados ilegales<\/p>\n<p>&#8211; Fortalecer la capacidad de respuesta de las autoridades locales y regionales ante situaciones de emergencia y crisis humanitarias, con el fin de garantizar la atenci\u00f3n y protecci\u00f3n de la poblaci\u00f3n civil afectada.<\/p>\n<p>&#8211; Implementar medidas de protecci\u00f3n para la poblaci\u00f3n migrante, en especial la poblaci\u00f3n de origen venezolano, con el fin de garantizar su acceso a los derechos y su protecci\u00f3n frente a la violencia y la explotaci\u00f3n por parte de los grupos armados ilegales.<\/p>\n<p>&#8211; Fortalecer la capacidad de las instituciones encargadas de la protecci\u00f3n de la infancia y la adolescencia, con el fin de garantizar la protecci\u00f3n y el acceso a los derechos de los ni\u00f1os, ni\u00f1as y adolescentes en situaci\u00f3n de vulnerabilidad y riesgo.<\/p>\n<p><iframe loading=\"lazy\" title=\"Alerta Temprana 023 de 2023 Yopal y Aguazul\" width=\"500\" height=\"281\" src=\"https:\/\/www.youtube.com\/embed\/4qWdcwOxDnA?feature=oembed\" frameborder=\"0\" allow=\"accelerometer; autoplay; clipboard-write; encrypted-media; gyroscope; picture-in-picture; web-share\" referrerpolicy=\"strict-origin-when-cross-origin\" allowfullscreen><\/iframe><\/p>\n<p>&nbsp;<\/p>\n<h3><strong>\u201cNo hay estructuras armadas en Yopal y Aguazul\u201d: Alcald\u00edas municipales<\/strong><\/h3>\n<p>El alcalde encargado de Yopal, Rodolfo Chaparro y el secretario de Gobierno de Aguazul, Alejandro Dur\u00e1n, le salieron al paso a la Alerta Temprana y desmintieron el anuncio hecho por el defensor del pueblo Carlos Camargo, \u00abno es cierto que existan estructuras armadas en Aguazul y Yopal. Rechazamos rotundamente las declaraciones del defensor del Pueblo\u00bb.<\/p>\n<p>Esta postura la dieron a conocer los funcionarios, en articulaci\u00f3n con el Ej\u00e9rcito, la Polic\u00eda y la Fuerza A\u00e9rea, el pasado 22 de junio, en donde de manera contundente afirmaron que dicha alerta lo que genera es zozobra y temor en la ciudadan\u00eda.<\/p>\n<p>Chaparro pidi\u00f3 no estigmatizar las localidades y fue enf\u00e1tico en afirmar que estas son pr\u00f3speras y pujantes y las autoridades vienen adelantando un trabajo arduo en beneficio de las comunidades, \u201cno queremos que estos dos municipios que han superado la violencia sean estigmatizados\u201d, reiter\u00f3.<\/p>\n<p><iframe loading=\"lazy\" title=\"RODOLFO CHAPARRO ALERTA TEMPRANA 023 DEFENSORIA DEL PUEBLO\" width=\"500\" height=\"281\" src=\"https:\/\/www.youtube.com\/embed\/XBK06Z7m0Yw?feature=oembed\" frameborder=\"0\" allow=\"accelerometer; autoplay; clipboard-write; encrypted-media; gyroscope; picture-in-picture; web-share\" referrerpolicy=\"strict-origin-when-cross-origin\" allowfullscreen><\/iframe><\/p>\n<p>&nbsp;<\/p>\n<h3><strong>Fiscal\u00eda descarta presencia de ELN y disidencias Farc en Yopal y Aguazul<\/strong><\/h3>\n<p>El director seccional de Fiscal\u00edas de Casanare, Anderson Pinilla Sandoval, dijo que dicha alerta, lo que invita es a las autoridades locales a trabajar de manera articulada para garantizar la seguridad de los habitantes de estos municipios. El funcionario descart\u00f3 totalmente la presencia de estructuras criminales, Farc, ELN, en estos municipios. Asegur\u00f3 que no hay reporte que permita inferir que se tengan componentes en aguazul o Yopal.<\/p>\n<p>Tambi\u00e9n fue enf\u00e1tico en afirmar que durante 2023 no se ha presentado ninguna denuncia sobre el reclutamiento de menores en Yopal o Aguazul, por parte de grupos armados.<\/p>\n<p>Anunci\u00f3 la designaci\u00f3n de un nuevo fiscal especializado para Casanare, a efectos de contrarrestar las advertencias de la Defensor\u00eda del Pueblo y evitar el deterioro del orden p\u00fablico en el departamento, tal como ocurre en otras regiones del pa\u00eds. \u201cEl fiscal especializado trabajar\u00e1 con la Polic\u00eda Nacional y el Gaula, e igualmente realizar\u00e1 investigaciones y operaciones en contra de los grupos armados ilegales\u00bb.<\/p>\n<p>En relaci\u00f3n con el delito de homicidio, dijo que hay una reducci\u00f3n de los casos del 40% para 2023. Sobre Yopal explic\u00f3 que con base en \u201cEl an\u00e1lisis de los actores criminales que han participado en homicidios, no hay evidencia de que en los mismos hayan tenido participaci\u00f3n de integrantes de grupos al margen de la ley\u201d.<\/p>\n<p>Sobre la poblaci\u00f3n migrante, mencionada en la alerta temprana, con gran riesgo de vulneraci\u00f3n de derechos, el fiscal expres\u00f3 que, en el m\u00e1s reciente caso del homicidio de una mujer de origen venezolano, en inmediaciones de La Yopalosa, no se cuenta con elementos materiales probatorios que permitan atribuirse a grupos armados. \u201cPara 2022 s\u00ed existe un caso, que ya fue esclarecido, el asesinato del ciudadano Aries La\u00edn Tumay Ortega, de 31 a\u00f1os de edad, en donde se pudo corroborar a trav\u00e9s de evidencias que fue el Clan del Golfo\u201d, reiter\u00f3.<\/p>\n<p><iframe loading=\"lazy\" title=\"Director de Fiscal\u00eda Casanare Anderson Pinilla\" width=\"500\" height=\"281\" src=\"https:\/\/www.youtube.com\/embed\/d8OflKOCTT0?feature=oembed\" frameborder=\"0\" allow=\"accelerometer; autoplay; clipboard-write; encrypted-media; gyroscope; picture-in-picture; web-share\" referrerpolicy=\"strict-origin-when-cross-origin\" allowfullscreen><\/iframe><\/p>\n<p>&nbsp;<\/p>\n<p><iframe loading=\"lazy\" title=\"Director de Fiscal\u00edas Casanare Anderson Pinilla, alerta temprana 023 de 2023\" width=\"500\" height=\"281\" src=\"https:\/\/www.youtube.com\/embed\/qnus8M4dUrY?feature=oembed\" frameborder=\"0\" allow=\"accelerometer; autoplay; clipboard-write; encrypted-media; gyroscope; picture-in-picture; web-share\" referrerpolicy=\"strict-origin-when-cross-origin\" allowfullscreen><\/iframe><\/p>\n<h3><strong>Defensores de Derechos Humanos apoyan alerta temprana<\/strong><\/h3>\n<p>Los l\u00edderes sociales Rubiela Ben\u00edtez y Diego Fl\u00f3rez, integrantes del Comit\u00e9 Permanente por los Derechos Humanos, CPDH Seccional Casanare, cuestionaron la posici\u00f3n de los secretarios de Gobierno de Yopal y Aguazul, quienes de plano desmintieron el anuncio hecho por la Defensor\u00eda del Pueblo, en relaci\u00f3n con la existencia de estructuras armadas en los dos municipios.<\/p>\n<p>Rubiela Ben\u00edtez, expres\u00f3 que con la alerta temprana 023 de la Defensor\u00eda del Pueblo se evidencia con investigaci\u00f3n de campo que Casanare est\u00e1 en conflicto armado y preocupa que las autoridades administrativas traten de negar lo que viene sucediendo. Expres\u00f3 que han aparecido personas asesinadas, se han reportado secuestros y aparecieron granadas, am\u00e9n de las amenazas y atentados que vienen recibiendo los defensores de derechos humanos como ella.<\/p>\n<p>\u201cNos da tristeza la posici\u00f3n de las autoridades de Yopal y Aguazul, al desconocer la Alerta, ya que esta no se da de la noche a la ma\u00f1ana, es un trabajo de campo adelantado por la Defensor\u00eda durante varios meses, en donde se visibiliza el contexto de la problem\u00e1tica del conflicto armado que tiene Casanare. Aqu\u00ed hay conflicto, pero no se quiere visibilizar. Y no solo los defensores de derechos humanos se encuentran amenazados, tambi\u00e9n hay personeros y presidentes de JAC amenazados por parte de grupos al margen de la ley\u201d, dijo Rubiela Ben\u00edtez. Frente a esta afirmaci\u00f3n una fuente relacionada con temas de seguridad, expres\u00f3 que no hay un solo personero amenazado.<\/p>\n<p>Relat\u00f3 que en noviembre de 2022 dos hombres armados llegaron a su casa de habitaci\u00f3n en el barrio Casimena de Yopal, dejando como saldo un escolta herido, del tambi\u00e9n defensor de derechos humanos Diego Fl\u00f3rez. Frente al tema no se conocen avances en la investigaci\u00f3n. Rubiela expres\u00f3, que luego de este hecho fue objeto de amenazas a trav\u00e9s de su celular personal. \u00a0Reiter\u00f3 que son m\u00faltiples las amenazas de grupos armados al margen de la ley.<\/p>\n<p>La defensora en representaci\u00f3n del Comit\u00e9 Permanente por la Defensa de los Derechos humanos hizo un llamado al gobierno nacional, ministerio del Interior, de la Defensa y al propio presidente para que se atienda el caso de Casanare y se apoye al Ej\u00e9rcito y Polic\u00eda Nacional.<\/p>\n<p><iframe loading=\"lazy\" title=\"Rubiela Ben\u00edtez, defensora de derechos humanos Casanare sobre alerta temprana 023\" width=\"500\" height=\"281\" src=\"https:\/\/www.youtube.com\/embed\/DnhQA5haarg?feature=oembed\" frameborder=\"0\" allow=\"accelerometer; autoplay; clipboard-write; encrypted-media; gyroscope; picture-in-picture; web-share\" referrerpolicy=\"strict-origin-when-cross-origin\" allowfullscreen><\/iframe><\/p>\n<p><iframe loading=\"lazy\" title=\"Rubiela Ben\u00edtez, coordinadora Comit\u00e9 Permanente por la Defensa de los Derechos Humanos, Casanare\" width=\"500\" height=\"281\" src=\"https:\/\/www.youtube.com\/embed\/3tdvDDS2ydg?feature=oembed\" frameborder=\"0\" allow=\"accelerometer; autoplay; clipboard-write; encrypted-media; gyroscope; picture-in-picture; web-share\" referrerpolicy=\"strict-origin-when-cross-origin\" allowfullscreen><\/iframe><\/p>\n<p>&nbsp;<\/p>\n<h3><strong>Defensora de Monterrey en riesgo<\/strong><\/h3>\n<p>La directora de la Fundaci\u00f3n MUJER EMPODERADA de Monterrey, Fanny Mendoza Mart\u00ednez, denunci\u00f3 que es v\u00edctima de desplazamiento forzado.<\/p>\n<p>Fanny relat\u00f3 que el domingo anterior un individuo, quien se identific\u00f3 como integrante de las Autodefensas Gaitanistas de Colombia lleg\u00f3 a su vivienda y le dijo que si quer\u00eda seguir con vida deb\u00eda abandonar el municipio. Acto seguido, se refugi\u00f3 en un hotel y el lunes se desplaz\u00f3 en su carro, solo con su ropa hacia Yopal, en donde a pesar de haber tocado puertas en diversas entidades denunciando el caso, no ha obtenido respuesta.<\/p>\n<p>\u201cElla se encuentra en la calle, desamparada, ya que no ha recibido ayuda por parte de ninguna de las autoridades competentes, raz\u00f3n por la cual, nos preguntamos lo siguiente \u00bfsi en Casanare no est\u00e1 pasando nada, si es un territorio de paz, porqu\u00e9 los defensores de derechos humanos est\u00e1n saliendo de los municipios, desplazados?\u201d, cuestiona\u00a0Rubiela\u00a0Ben\u00edtez<\/p>\n<p>La l\u00edder relata que hace 8 meses se encuentra al frente de la fundaci\u00f3n que trabaja al menos con 74 familias v\u00edctimas del conflicto armado. \u00abDe manera constante he recibido amenazas, pero esta \u00faltima ha sido la m\u00e1s contundente\u00bb, expresa.<\/p>\n<p>La situaci\u00f3n que vive Fanny corrobora que en Casanare no existe un plan de contingencia para los l\u00edderes de derechos humanos que han recibido amenazas de grupos al margen de la ley.<\/p>\n<p>\u00abAntes exist\u00eda PAO, Plan de Acci\u00f3n Oportuna, una ruta para atenci\u00f3n inmediata de v\u00edctimas creada por el Ministerio del Interior, ahora no existe nada \u00ab, dice Diego Fl\u00f3rez, miembro de la junta departamental del CPDH seccional\u00a0Casanare.<\/p>\n<p><iframe loading=\"lazy\" title=\"Fanny Mendoza Mart\u00ednez l\u00edder de la Fundaci\u00f3n Mujer Empoderada en Monterrey, Casanare, amenazada\" width=\"500\" height=\"281\" src=\"https:\/\/www.youtube.com\/embed\/9QX4DU14oNI?feature=oembed\" frameborder=\"0\" allow=\"accelerometer; autoplay; clipboard-write; encrypted-media; gyroscope; picture-in-picture; web-share\" referrerpolicy=\"strict-origin-when-cross-origin\" allowfullscreen><\/iframe><\/p>\n<h2><span style=\"color: #ff6600;\"><strong>Otras noticias&#8230;<\/strong><\/span><\/h2>\n<blockquote class=\"wp-embedded-content\" data-secret=\"6eSQjCZ2cB\"><p><a href=\"https:\/\/marthacifuentes.com\/portada\/2023\/06\/29\/nueva-convocatoria-ella-es-astronauta-virtual-para-formar-a-100-ninas-colombianas\/\">Nueva convocatoria Ella es Astronauta Virtual para formar a 100 ni\u00f1as colombianas<\/a><\/p><\/blockquote>\n<p><iframe loading=\"lazy\" class=\"wp-embedded-content\" sandbox=\"allow-scripts\" security=\"restricted\" style=\"position: absolute; clip: rect(1px, 1px, 1px, 1px);\" title=\"\u00abNueva convocatoria Ella es Astronauta Virtual para formar a 100 ni\u00f1as colombianas\u00bb \u2014 \u25b7 Noticias de Casanare : Martha Cifuentes | Casanare\" src=\"https:\/\/marthacifuentes.com\/portada\/2023\/06\/29\/nueva-convocatoria-ella-es-astronauta-virtual-para-formar-a-100-ninas-colombianas\/embed\/#?secret=Vp1WkD9rly#?secret=6eSQjCZ2cB\" data-secret=\"6eSQjCZ2cB\" width=\"500\" height=\"282\" frameborder=\"0\" marginwidth=\"0\" marginheight=\"0\" scrolling=\"no\"><\/iframe><\/p>\n<blockquote class=\"wp-embedded-content\" data-secret=\"aDi4ue0at7\"><p><a href=\"https:\/\/marthacifuentes.com\/portada\/2023\/06\/23\/con-138-mil-firmas-de-apoyo-guillermo-velandia-busca-aval-a-la-gobernacion-de-casanare-quiere-ser-gobernador-sin-clanes-politicos-y-maquinarias\/\">Con 138 mil firmas de apoyo, Guillermo Velandia busca aval a la Gobernaci\u00f3n de Casanare. Quiere ser gobernador \u00abSin clanes pol\u00edticos y maquinarias\u00bb<\/a><\/p><\/blockquote>\n<p><iframe loading=\"lazy\" class=\"wp-embedded-content\" sandbox=\"allow-scripts\" security=\"restricted\" style=\"position: absolute; clip: rect(1px, 1px, 1px, 1px);\" title=\"\u00abCon 138 mil firmas de apoyo, Guillermo Velandia busca aval a la Gobernaci\u00f3n de Casanare. Quiere ser gobernador \u00abSin clanes pol\u00edticos y maquinarias\u00bb\u00bb \u2014 \u25b7 Noticias de Casanare : Martha Cifuentes | Casanare\" src=\"https:\/\/marthacifuentes.com\/portada\/2023\/06\/23\/con-138-mil-firmas-de-apoyo-guillermo-velandia-busca-aval-a-la-gobernacion-de-casanare-quiere-ser-gobernador-sin-clanes-politicos-y-maquinarias\/embed\/#?secret=mxoagLRiR2#?secret=aDi4ue0at7\" data-secret=\"aDi4ue0at7\" width=\"500\" height=\"282\" frameborder=\"0\" marginwidth=\"0\" marginheight=\"0\" scrolling=\"no\"><\/iframe><\/p>\n<p><iframe loading=\"lazy\" class=\"wp-embedded-content\" title=\"\u00abUribistas vrs. Verdes aliados con Cambio Radical, pujan por la Gobernaci\u00f3n de Casanare\u00bb \u2014 \u25b7 Noticias de Casanare : Martha Cifuentes | Casanare\" src=\"https:\/\/marthacifuentes.com\/portada\/2023\/06\/16\/uribistas-vrs-verdes-aliados-con-cambio-radical-pujan-por-la-gobernacion-de-casanare\/embed\/#?secret=FXjbnMANSU#?secret=PSJncT9VV9\" width=\"600\" height=\"621\" frameborder=\"0\" marginwidth=\"0\" marginheight=\"0\" scrolling=\"no\" sandbox=\"allow-scripts\" data-secret=\"PSJncT9VV9\" data-mce-fragment=\"1\"><\/iframe><\/p>\n<p><iframe loading=\"lazy\" class=\"wp-embedded-content\" title=\"\u00abEn San Luis de Palenque encontraron 5 cuerpos de las 1.973 personas desaparecidas en Casanare.\u00bb \u2014 \u25b7 Noticias de Casanare : Martha Cifuentes | Casanare\" src=\"https:\/\/marthacifuentes.com\/portada\/2023\/06\/13\/en-san-luis-de-palenque-encontraron-5-cuerpos-de-las-1-973-personas-desaparecidas-en-casanare\/embed\/#?secret=D99g8CQ9bP#?secret=UEiqCKyTyN\" width=\"600\" height=\"621\" frameborder=\"0\" marginwidth=\"0\" marginheight=\"0\" scrolling=\"no\" sandbox=\"allow-scripts\" data-secret=\"UEiqCKyTyN\" data-mce-fragment=\"1\"><\/iframe><\/p>\n<p><iframe loading=\"lazy\" class=\"wp-embedded-content\" title=\"\u00abVillanueva y Tauramena tratan de recuperarse de afectaciones invernales\u00bb \u2014 \u25b7 Noticias de Casanare : Martha Cifuentes | Casanare\" src=\"https:\/\/marthacifuentes.com\/portada\/2023\/06\/13\/villanueva-y-tauramena-tratan-de-recuperarse-de-afectaciones-invernales\/embed\/#?secret=tmRpmlOdHg#?secret=ao6rr1mHQS\" width=\"600\" height=\"620\" frameborder=\"0\" marginwidth=\"0\" marginheight=\"0\" scrolling=\"no\" sandbox=\"allow-scripts\" data-secret=\"ao6rr1mHQS\" data-mce-fragment=\"1\"><\/iframe><\/p>\n<p><iframe loading=\"lazy\" class=\"wp-embedded-content\" title=\"\u00abA pesar de tener casa por c\u00e1rcel, j\u00edbaro fue pescado vendiendo marihuana en Paz de Ariporo\u00bb \u2014 \u25b7 Noticias de Casanare : Martha Cifuentes | Casanare\" src=\"https:\/\/marthacifuentes.com\/portada\/2023\/06\/13\/a-pesar-de-tener-casa-por-carcel-jibaro-fue-pescado-vendiendo-marihuana-en-paz-de-ariporo\/embed\/#?secret=56yMnkqR3g#?secret=5EIQwucqXS\" width=\"600\" height=\"621\" frameborder=\"0\" marginwidth=\"0\" marginheight=\"0\" scrolling=\"no\" sandbox=\"allow-scripts\" data-secret=\"5EIQwucqXS\" data-mce-fragment=\"1\"><\/iframe><\/p>\n<p><iframe loading=\"lazy\" class=\"wp-embedded-content\" title=\"\u00abExsoldado condenado por asesinato en Trinidad, hab\u00eda sido absuelto por homicidio del l\u00edder social Daniel Abril Fuentes\u00bb \u2014 \u25b7 Noticias de Casanare : Martha Cifuentes | Casanare\" src=\"https:\/\/marthacifuentes.com\/portada\/2023\/06\/13\/exsoldado-condenado-por-asesinato-en-trinidad-habia-sido-absuelto-por-homicidio-del-lider-social-daniel-abril-fuentes\/embed\/#?secret=QATOYq6J9Z#?secret=AcQnudPrMv\" width=\"600\" height=\"628\" frameborder=\"0\" marginwidth=\"0\" marginheight=\"0\" scrolling=\"no\" sandbox=\"allow-scripts\" data-secret=\"AcQnudPrMv\" data-mce-fragment=\"1\"><\/iframe><\/p>\n<p><iframe loading=\"lazy\" class=\"wp-embedded-content\" title=\"\u00abOtro asesinato en Man\u00ed. Un hombre fue sicariado a una cuadra de estaci\u00f3n de polic\u00eda.\u00bb \u2014 \u25b7 Noticias de Casanare : Martha Cifuentes | Casanare\" src=\"https:\/\/marthacifuentes.com\/portada\/2023\/06\/13\/otro-asesinato-en-mani-un-hombre-fue-sicariado-a-una-cuadra-de-estacion-de-policia\/embed\/#?secret=pTfELqew3K#?secret=H0EpjTPFce\" width=\"600\" height=\"600\" frameborder=\"0\" marginwidth=\"0\" marginheight=\"0\" scrolling=\"no\" sandbox=\"allow-scripts\" data-secret=\"H0EpjTPFce\" data-mce-fragment=\"1\"><\/iframe><\/p>\n<p><iframe loading=\"lazy\" class=\"wp-embedded-content\" title=\"\u00abEn siniestro vial, vendedor de leche, en moto, muri\u00f3 en Marginal del Llano, en Aguazul.\u00bb \u2014 \u25b7 Noticias de Casanare : Martha Cifuentes | Casanare\" src=\"https:\/\/marthacifuentes.com\/portada\/2023\/06\/08\/en-siniestro-vial-vendedor-de-leche-en-moto-murio-en-marginal-del-llano-en-aguazul\/embed\/#?secret=kMbpUKHMUS#?secret=NC0Og1xWmY\" width=\"600\" height=\"600\" frameborder=\"0\" marginwidth=\"0\" marginheight=\"0\" scrolling=\"no\" sandbox=\"allow-scripts\" data-secret=\"NC0Og1xWmY\" data-mce-fragment=\"1\"><\/iframe><\/p>\n<p><iframe loading=\"lazy\" class=\"wp-embedded-content\" title=\"\u00abLevantado bloqueo de relleno sanitario de Yopal. Ya se puede sacar la basura.\u00bb \u2014 \u25b7 Noticias de Casanare : Martha Cifuentes | Casanare\" src=\"https:\/\/marthacifuentes.com\/portada\/2023\/06\/08\/levantado-bloqueo-de-relleno-sanitario-de-yopal-ya-se-puede-sacar-la-basura\/embed\/#?secret=0K01pwn05E#?secret=kbnrXZd8vd\" width=\"600\" height=\"600\" frameborder=\"0\" marginwidth=\"0\" marginheight=\"0\" scrolling=\"no\" sandbox=\"allow-scripts\" data-secret=\"kbnrXZd8vd\" data-mce-fragment=\"1\"><\/iframe><\/p>\n<p><iframe loading=\"lazy\" class=\"wp-embedded-content\" title=\"\u00abCambio clim\u00e1tico, un problema de todos, fue analizado en Simposio de Desarrollo Sostenible hecho por Corporinoquia\u00bb \u2014 \u25b7 Noticias de Casanare : Martha Cifuentes | Casanare\" src=\"https:\/\/marthacifuentes.com\/portada\/2023\/06\/08\/cambio-climatico-un-problema-de-todos-fue-analizado-en-simposio-de-desarrollo-sostenible-hecho-por-corporinoquia\/embed\/#?secret=cwMAlaKZeX#?secret=dbCDyGXo79\" width=\"600\" height=\"649\" frameborder=\"0\" marginwidth=\"0\" marginheight=\"0\" scrolling=\"no\" sandbox=\"allow-scripts\" data-secret=\"dbCDyGXo79\" data-mce-fragment=\"1\"><\/iframe><\/p>\n<p><iframe loading=\"lazy\" class=\"wp-embedded-content\" title=\"\u00abMediante la opci\u00f3n Obras por Impuestos, Ecopetrol realiz\u00f3 pavimentaci\u00f3n de 3.23 km de v\u00edas en Paz de Ariporo, Casanare.\u00bb \u2014 \u25b7 Noticias de Casanare : Martha Cifuentes | Casanare\" src=\"https:\/\/marthacifuentes.com\/portada\/2023\/06\/08\/mediante-la-opcion-obras-por-impuestos-ecopetrol-realizo-pavimentacion-de-3-23-km-de-vias-en-paz-de-ariporo-casanare\/embed\/#?secret=AzzS27spwO#?secret=UyGNV9Eo5U\" width=\"600\" height=\"649\" frameborder=\"0\" marginwidth=\"0\" marginheight=\"0\" scrolling=\"no\" sandbox=\"allow-scripts\" data-secret=\"UyGNV9Eo5U\" data-mce-fragment=\"1\"><\/iframe><\/p>\n<p><iframe loading=\"lazy\" class=\"wp-embedded-content\" title=\"\u00abRestablecido servicio de gas en vereda Bendiciones, Tauramena, confirma Cusianagas\u00bb \u2014 \u25b7 Noticias de Casanare : Martha Cifuentes | Casanare\" src=\"https:\/\/marthacifuentes.com\/portada\/2023\/06\/08\/restablecido-servicio-de-gas-en-vereda-bendiciones-tauramena-confirma-cusianagas\/embed\/#?secret=vxsYX4RF3M#?secret=onn2Q5nKmf\" width=\"600\" height=\"568\" frameborder=\"0\" marginwidth=\"0\" marginheight=\"0\" scrolling=\"no\" sandbox=\"allow-scripts\" data-secret=\"onn2Q5nKmf\" data-mce-fragment=\"1\"><\/iframe><\/p>\n<p><iframe loading=\"lazy\" class=\"wp-embedded-content\" title=\"\u00abPor deslizamientos de tierra, cerrada v\u00eda que une a Boyac\u00e1 con Casanare entre Paya y Nunch\u00eda\u00bb \u2014 \u25b7 Noticias de Casanare : Martha Cifuentes | Casanare\" src=\"https:\/\/marthacifuentes.com\/portada\/2023\/06\/07\/por-deslizamientos-de-tierra-cerrada-via-que-une-a-boyaca-con-casanare-entre-paya-y-nunchia\/embed\/#?secret=swzhAMcvbJ#?secret=EbVIIceG3N\" width=\"600\" height=\"621\" frameborder=\"0\" marginwidth=\"0\" marginheight=\"0\" scrolling=\"no\" sandbox=\"allow-scripts\" data-secret=\"EbVIIceG3N\" data-mce-fragment=\"1\"><\/iframe><\/p>\n<p><iframe loading=\"lazy\" class=\"wp-embedded-content\" title=\"\u00abUsuarios de v\u00eda Yopal-Monterrey-Villanueva-Villavicencio ser\u00e1n afectados por cierres nocturnos\u00bb \u2014 \u25b7 Noticias de Casanare : Martha Cifuentes | Casanare\" src=\"https:\/\/marthacifuentes.com\/portada\/2023\/06\/07\/usuarios-de-via-yopal-monterrey-villanueva-villavicencio-seran-afectados-por-cierres-nocturnos\/embed\/#?secret=ID1Du2o3kY#?secret=1RtWRvpf7u\" width=\"600\" height=\"620\" frameborder=\"0\" marginwidth=\"0\" marginheight=\"0\" scrolling=\"no\" sandbox=\"allow-scripts\" data-secret=\"1RtWRvpf7u\" data-mce-fragment=\"1\"><\/iframe><\/p>\n<p><iframe loading=\"lazy\" class=\"wp-embedded-content\" title=\"\u00abJugaron mal y perdieron. Asaltantes de casino en Aguazul fueron judicializados\u00bb \u2014 \u25b7 Noticias de Casanare : Martha Cifuentes | Casanare\" src=\"https:\/\/marthacifuentes.com\/portada\/2023\/06\/07\/jugaron-mal-y-perdieron-asaltantes-de-casino-en-aguazul-fueron-judicializados\/embed\/#?secret=CxD2xQGQkw#?secret=zwOwV8t64J\" width=\"600\" height=\"621\" frameborder=\"0\" marginwidth=\"0\" marginheight=\"0\" scrolling=\"no\" sandbox=\"allow-scripts\" data-secret=\"zwOwV8t64J\" data-mce-fragment=\"1\"><\/iframe><\/p>\n<p><iframe loading=\"lazy\" class=\"wp-embedded-content\" title=\"\u00abYopal de mi\u00e9r\u2026 coles, con paro de taxistas, bloqueo en relleno sanitario y cierres viales en el centro\u00bb \u2014 \u25b7 Noticias de Casanare : Martha Cifuentes | Casanare\" src=\"https:\/\/marthacifuentes.com\/portada\/2023\/06\/07\/yopal-de-mier-coles-con-paro-de-taxistas-bloqueo-en-relleno-sanitario-y-cierres-viales-en-el-centro\/embed\/#?secret=56J7Rv9o4h#?secret=Sirz1eVMNM\" width=\"600\" height=\"621\" frameborder=\"0\" marginwidth=\"0\" marginheight=\"0\" scrolling=\"no\" sandbox=\"allow-scripts\" data-secret=\"Sirz1eVMNM\" data-mce-fragment=\"1\"><\/iframe><\/p>\n<p><iframe loading=\"lazy\" class=\"wp-embedded-content\" title=\"\u00abEsta es la nueva glorieta para agilizar el tr\u00e1fico para Aguazul, Tauramena, Villavicencio y Sogamoso, que presentar\u00e1 Covioriente\u00bb \u2014 \u25b7 Noticias de Casanare : Martha Cifuentes | Casanare\" src=\"https:\/\/marthacifuentes.com\/portada\/2023\/06\/06\/esta-es-la-nueva-glorieta-para-agilizar-el-trafico-para-aguazul-tauramena-villavicencio-y-sogamoso-que-presentara-covioriente\/embed\/#?secret=mTiPtLJeCQ#?secret=zQHFB3CQyF\" width=\"600\" height=\"649\" frameborder=\"0\" marginwidth=\"0\" marginheight=\"0\" scrolling=\"no\" sandbox=\"allow-scripts\" data-secret=\"zQHFB3CQyF\" data-mce-fragment=\"1\"><\/iframe><\/p>\n<p><iframe loading=\"lazy\" class=\"wp-embedded-content\" title=\"\u00abTauramena con el agua al cuello. Invierno genera grandes afectaciones.\u00bb \u2014 \u25b7 Noticias de Casanare : Martha Cifuentes | Casanare\" src=\"https:\/\/marthacifuentes.com\/portada\/2023\/06\/06\/tauramena-con-el-agua-al-cuello-invierno-genera-grandes-afectaciones\/embed\/#?secret=k4vmwlHxtj#?secret=UMspSAJZg2\" width=\"600\" height=\"576\" frameborder=\"0\" marginwidth=\"0\" marginheight=\"0\" scrolling=\"no\" sandbox=\"allow-scripts\" data-secret=\"UMspSAJZg2\" data-mce-fragment=\"1\"><\/iframe><\/p>\n<p><iframe loading=\"lazy\" class=\"wp-embedded-content\" title=\"\u00abTorres del Silencio, PTAR y PAE, en Casanare, problem\u00e1ticas que preocupan a la Procuradur\u00eda\u00bb \u2014 \u25b7 Noticias de Casanare : Martha Cifuentes | Casanare\" src=\"https:\/\/marthacifuentes.com\/portada\/2023\/06\/06\/torres-del-silencio-ptar-y-pae-en-casanare-problematicas-que-preocupan-a-la-procuraduria\/embed\/#?secret=0LGCx15241#?secret=oPAm0Eiw9U\" width=\"600\" height=\"621\" frameborder=\"0\" marginwidth=\"0\" marginheight=\"0\" scrolling=\"no\" sandbox=\"allow-scripts\" data-secret=\"oPAm0Eiw9U\" data-mce-fragment=\"1\"><\/iframe><\/p>\n<p><iframe loading=\"lazy\" class=\"wp-embedded-content\" title=\"\u00abParo de taxistas en Yopal hoy. Pago seguridad social, meollo del conflicto.\u00bb \u2014 \u25b7 Noticias de Casanare : Martha Cifuentes | Casanare\" src=\"https:\/\/marthacifuentes.com\/portada\/2023\/06\/06\/paro-de-taxistas-en-yopal-hoy-pago-seguridad-social-meollo-del-conflicto\/embed\/#?secret=fQ9dDPQiwc#?secret=oQh3iIlF37\" width=\"600\" height=\"620\" frameborder=\"0\" marginwidth=\"0\" marginheight=\"0\" scrolling=\"no\" sandbox=\"allow-scripts\" data-secret=\"oQh3iIlF37\" data-mce-fragment=\"1\"><\/iframe><\/p>\n<p><iframe loading=\"lazy\" class=\"wp-embedded-content\" title=\"\u00abBloqueado relleno sanitario El Cascajar de Yopal. Comunidad impide acceso de carros de basuras.\u00bb \u2014 \u25b7 Noticias de Casanare : Martha Cifuentes | Casanare\" src=\"https:\/\/marthacifuentes.com\/portada\/2023\/06\/06\/bloqueado-relleno-sanitario-el-cascajar-de-yopal-comunidad-impide-acceso-de-carros-de-basuras\/embed\/#?secret=qnF0F3YZBH#?secret=1DkllQDaXi\" width=\"600\" height=\"537\" frameborder=\"0\" marginwidth=\"0\" marginheight=\"0\" scrolling=\"no\" sandbox=\"allow-scripts\" data-secret=\"1DkllQDaXi\" data-mce-fragment=\"1\"><\/iframe><\/p>\n<p><iframe loading=\"lazy\" class=\"wp-embedded-content\" title=\"\u00abDefensores de derechos humanos en Casanare, en riesgo extremo, seg\u00fan Alerta 019 de 2023 de la Defensor\u00eda del Pueblo.\u00bb \u2014 \u25b7 Noticias de Casanare : Martha Cifuentes | Casanare\" src=\"https:\/\/marthacifuentes.com\/portada\/2023\/06\/05\/defensores-de-derechos-humanos-en-casanare-en-riesgo-extremo-segun-alerta-019-de-2023-de-la-defensoria-del-pueblo\/embed\/#?secret=D1zI36TzKe#?secret=4NKnI1XwsW\" width=\"600\" height=\"583\" frameborder=\"0\" marginwidth=\"0\" marginheight=\"0\" scrolling=\"no\" sandbox=\"allow-scripts\" data-secret=\"4NKnI1XwsW\" data-mce-fragment=\"1\"><\/iframe><\/p>\n<p><iframe loading=\"lazy\" class=\"wp-embedded-content\" title=\"\u00abDerrame de petr\u00f3leo en siniestro vial, contamin\u00f3 fuente h\u00eddrica \u00abCa\u00f1o Seco\u00bb, Monterrey, Casanare\u00bb \u2014 \u25b7 Noticias de Casanare : Martha Cifuentes | Casanare\" src=\"https:\/\/marthacifuentes.com\/portada\/2023\/06\/05\/derrame-de-petroleo-en-siniestro-vial-contamino-fuente-hidrica-cano-seco-monterrey-casanare\/embed\/#?secret=0oBzEZ1Ufk#?secret=7aI8Q8X6l7\" width=\"600\" height=\"600\" frameborder=\"0\" marginwidth=\"0\" marginheight=\"0\" scrolling=\"no\" sandbox=\"allow-scripts\" data-secret=\"7aI8Q8X6l7\" data-mce-fragment=\"1\"><\/iframe><\/p>\n<p><iframe loading=\"lazy\" class=\"wp-embedded-content\" title=\"\u00abFalta de agua en Yopal, \u00bfculpa del invierno o de una obra mal hecha\u2026?\u00bb \u2014 \u25b7 Noticias de Casanare : Martha Cifuentes | Casanare\" src=\"https:\/\/marthacifuentes.com\/portada\/2023\/06\/02\/falta-de-agua-en-yopal-culpa-del-invierno-o-de-una-obra-mal-hecha\/embed\/#?secret=6HLXucmPfs#?secret=snYLwoD3Qq\" width=\"600\" height=\"621\" frameborder=\"0\" marginwidth=\"0\" marginheight=\"0\" scrolling=\"no\" sandbox=\"allow-scripts\" data-secret=\"snYLwoD3Qq\" data-mce-fragment=\"1\"><\/iframe><\/p>\n<p><iframe loading=\"lazy\" class=\"wp-embedded-content\" title=\"\u00abEstos son los precandidatos con mayor impacto en redes sociales para la Gobernaci\u00f3n de Casanare y Alcald\u00eda de Yopal seg\u00fan medici\u00f3n de encuestadora Guarumo\u00bb \u2014 \u25b7 Noticias de Casanare : Martha Cifuentes | Casanare\" src=\"https:\/\/marthacifuentes.com\/portada\/2023\/06\/02\/estos-son-los-precandidatos-con-mayor-impacto-en-redes-sociales-para-la-gobernacion-de-casanare-y-alcaldia-de-yopal-segun-medicion-de-encuestadora-guarumo\/embed\/#?secret=V5G176njBG#?secret=FJ0WeHiNE2\" width=\"600\" height=\"678\" frameborder=\"0\" marginwidth=\"0\" marginheight=\"0\" scrolling=\"no\" sandbox=\"allow-scripts\" data-secret=\"FJ0WeHiNE2\" data-mce-fragment=\"1\"><\/iframe><\/p>\n<p>&nbsp;<\/p>\n","protected":false},"excerpt":{"rendered":"<p>Yopal y Aguazul en Casanare, condenados a repetir historia de violencia por cuenta de grupos armados, seg\u00fan alerta temprana 023 del 5 de junio de 2023 de la Defensor\u00eda del Pueblo. De acuerdo con esta, cerca de 140 mil habitantes de estas dos poblaciones se encuentran en riesgo de vulneraci\u00f3n de sus derechos humanos por &hellip;<\/p>\n","protected":false},"author":2,"featured_media":31780,"comment_status":"open","ping_status":"open","sticky":false,"template":"","format":"standard","meta":{"om_disable_all_campaigns":false,"_exactmetrics_skip_tracking":false,"_exactmetrics_sitenote_active":false,"_exactmetrics_sitenote_note":"","_exactmetrics_sitenote_category":0,"_monsterinsights_skip_tracking":false,"_monsterinsights_sitenote_active":false,"_monsterinsights_sitenote_note":"","_monsterinsights_sitenote_category":0,"_uf_show_specific_survey":0,"_uf_disable_surveys":false,"_joinchat":[],"footnotes":""},"categories":[147,146,145],"tags":[9241,1373,9242,2997,1400,1421,9244,9243],"class_list":["post-31771","post","type-post","status-publish","format-standard","has-post-thumbnail","hentry","category-actualidad","category-noticias","category-reportajes","tag-alerta-temprana-023-de-2023","tag-casanare-noticias","tag-clan-del-golfo-eln-farc-aguazul-yopal-defensoria-del-pueblo","tag-noticias-aguazul","tag-noticias-casanare","tag-noticias-yopal","tag-segun-alerta-temprana-de-defensoria-del-pueblo","tag-yopal-y-aguazul-asediados-por-el-clan-del-golfo-eln-disidencias-farc-y-delincuentes-comunes"],"yoast_head":"<!-- This site is optimized with the Yoast SEO plugin v26.1 - https:\/\/yoast.com\/wordpress\/plugins\/seo\/ -->\n<title>Yopal y Aguazul, asediados por el Clan del Golfo, ELN, Disidencias Farc y delincuentes comunes, seg\u00fan Alerta Temprana de Defensor\u00eda del Pueblo - \u25b7 Noticias de Casanare : Martha Cifuentes | Casanare<\/title>\n<meta name=\"robots\" content=\"index, follow, max-snippet:-1, max-image-preview:large, max-video-preview:-1\" \/>\n<link rel=\"canonical\" href=\"https:\/\/marthacifuentes.com\/portada\/yopal-y-aguazul-asediados-por-el-clan-del-golfo-eln-disidencias-farc-y-delincuentes-comunes-segun-alerta-temprana-de-defensoria-del-pueblo\/\" \/>\n<meta property=\"og:locale\" content=\"es_ES\" \/>\n<meta property=\"og:type\" content=\"article\" \/>\n<meta property=\"og:title\" content=\"Yopal y Aguazul, asediados por el Clan del Golfo, ELN, Disidencias Farc y delincuentes comunes, seg\u00fan Alerta Temprana de Defensor\u00eda del Pueblo - \u25b7 Noticias de Casanare : Martha Cifuentes | Casanare\" \/>\n<meta property=\"og:description\" content=\"Yopal y Aguazul en Casanare, condenados a repetir historia de violencia por cuenta de grupos armados, seg\u00fan alerta temprana 023 del 5 de junio de 2023 de la Defensor\u00eda del Pueblo. De acuerdo con esta, cerca de 140 mil habitantes de estas dos poblaciones se encuentran en riesgo de vulneraci\u00f3n de sus derechos humanos por &hellip;\" \/>\n<meta property=\"og:url\" content=\"https:\/\/marthacifuentes.com\/portada\/yopal-y-aguazul-asediados-por-el-clan-del-golfo-eln-disidencias-farc-y-delincuentes-comunes-segun-alerta-temprana-de-defensoria-del-pueblo\/\" \/>\n<meta property=\"og:site_name\" content=\"\u25b7 Noticias de Casanare : Martha Cifuentes | Casanare\" \/>\n<meta property=\"article:published_time\" content=\"2023-07-01T03:18:15+00:00\" \/>\n<meta property=\"article:modified_time\" content=\"2023-07-01T03:25:58+00:00\" \/>\n<meta property=\"og:image\" content=\"https:\/\/marthacifuentes.com\/portada\/wp-content\/uploads\/2023\/06\/infografia-01-final.jpg\" \/>\n\t<meta property=\"og:image:width\" content=\"970\" \/>\n\t<meta property=\"og:image:height\" content=\"689\" \/>\n\t<meta property=\"og:image:type\" content=\"image\/jpeg\" \/>\n<meta name=\"author\" content=\"Martha Cifuentes\" \/>\n<meta name=\"twitter:card\" content=\"summary_large_image\" \/>\n<meta name=\"twitter:label1\" content=\"Escrito por\" \/>\n\t<meta name=\"twitter:data1\" content=\"Martha Cifuentes\" \/>\n\t<meta name=\"twitter:label2\" content=\"Tiempo de lectura\" \/>\n\t<meta name=\"twitter:data2\" content=\"22 minutos\" \/>\n<script type=\"application\/ld+json\" class=\"yoast-schema-graph\">{\"@context\":\"https:\/\/schema.org\",\"@graph\":[{\"@type\":\"WebPage\",\"@id\":\"https:\/\/marthacifuentes.com\/portada\/yopal-y-aguazul-asediados-por-el-clan-del-golfo-eln-disidencias-farc-y-delincuentes-comunes-segun-alerta-temprana-de-defensoria-del-pueblo\/\",\"url\":\"https:\/\/marthacifuentes.com\/portada\/yopal-y-aguazul-asediados-por-el-clan-del-golfo-eln-disidencias-farc-y-delincuentes-comunes-segun-alerta-temprana-de-defensoria-del-pueblo\/\",\"name\":\"Yopal y Aguazul, asediados por el Clan del Golfo, ELN, Disidencias Farc y delincuentes comunes, seg\u00fan Alerta Temprana de Defensor\u00eda del Pueblo - \u25b7 Noticias de Casanare : Martha Cifuentes | Casanare\",\"isPartOf\":{\"@id\":\"https:\/\/marthacifuentes.com\/portada\/#website\"},\"primaryImageOfPage\":{\"@id\":\"https:\/\/marthacifuentes.com\/portada\/yopal-y-aguazul-asediados-por-el-clan-del-golfo-eln-disidencias-farc-y-delincuentes-comunes-segun-alerta-temprana-de-defensoria-del-pueblo\/#primaryimage\"},\"image\":{\"@id\":\"https:\/\/marthacifuentes.com\/portada\/yopal-y-aguazul-asediados-por-el-clan-del-golfo-eln-disidencias-farc-y-delincuentes-comunes-segun-alerta-temprana-de-defensoria-del-pueblo\/#primaryimage\"},\"thumbnailUrl\":\"https:\/\/marthacifuentes.com\/portada\/wp-content\/uploads\/2023\/06\/infografia-01-final.jpg\",\"datePublished\":\"2023-07-01T03:18:15+00:00\",\"dateModified\":\"2023-07-01T03:25:58+00:00\",\"author\":{\"@id\":\"https:\/\/marthacifuentes.com\/portada\/#\/schema\/person\/57f53174b991db5f90ff78d58502b714\"},\"breadcrumb\":{\"@id\":\"https:\/\/marthacifuentes.com\/portada\/yopal-y-aguazul-asediados-por-el-clan-del-golfo-eln-disidencias-farc-y-delincuentes-comunes-segun-alerta-temprana-de-defensoria-del-pueblo\/#breadcrumb\"},\"inLanguage\":\"es\",\"potentialAction\":[{\"@type\":\"ReadAction\",\"target\":[\"https:\/\/marthacifuentes.com\/portada\/yopal-y-aguazul-asediados-por-el-clan-del-golfo-eln-disidencias-farc-y-delincuentes-comunes-segun-alerta-temprana-de-defensoria-del-pueblo\/\"]}]},{\"@type\":\"ImageObject\",\"inLanguage\":\"es\",\"@id\":\"https:\/\/marthacifuentes.com\/portada\/yopal-y-aguazul-asediados-por-el-clan-del-golfo-eln-disidencias-farc-y-delincuentes-comunes-segun-alerta-temprana-de-defensoria-del-pueblo\/#primaryimage\",\"url\":\"https:\/\/marthacifuentes.com\/portada\/wp-content\/uploads\/2023\/06\/infografia-01-final.jpg\",\"contentUrl\":\"https:\/\/marthacifuentes.com\/portada\/wp-content\/uploads\/2023\/06\/infografia-01-final.jpg\",\"width\":970,\"height\":689},{\"@type\":\"BreadcrumbList\",\"@id\":\"https:\/\/marthacifuentes.com\/portada\/yopal-y-aguazul-asediados-por-el-clan-del-golfo-eln-disidencias-farc-y-delincuentes-comunes-segun-alerta-temprana-de-defensoria-del-pueblo\/#breadcrumb\",\"itemListElement\":[{\"@type\":\"ListItem\",\"position\":1,\"name\":\"Portada\",\"item\":\"https:\/\/marthacifuentes.com\/portada\/\"},{\"@type\":\"ListItem\",\"position\":2,\"name\":\"Yopal y Aguazul, asediados por el Clan del Golfo, ELN, Disidencias Farc y delincuentes comunes, seg\u00fan Alerta Temprana de Defensor\u00eda del Pueblo\"}]},{\"@type\":\"WebSite\",\"@id\":\"https:\/\/marthacifuentes.com\/portada\/#website\",\"url\":\"https:\/\/marthacifuentes.com\/portada\/\",\"name\":\"\u25b7 Noticias de Casanare : Martha Cifuentes | Casanare\",\"description\":\"Noticias &amp; Contenidos\",\"potentialAction\":[{\"@type\":\"SearchAction\",\"target\":{\"@type\":\"EntryPoint\",\"urlTemplate\":\"https:\/\/marthacifuentes.com\/portada\/?s={search_term_string}\"},\"query-input\":{\"@type\":\"PropertyValueSpecification\",\"valueRequired\":true,\"valueName\":\"search_term_string\"}}],\"inLanguage\":\"es\"},{\"@type\":\"Person\",\"@id\":\"https:\/\/marthacifuentes.com\/portada\/#\/schema\/person\/57f53174b991db5f90ff78d58502b714\",\"name\":\"Martha Cifuentes\",\"image\":{\"@type\":\"ImageObject\",\"inLanguage\":\"es\",\"@id\":\"https:\/\/marthacifuentes.com\/portada\/#\/schema\/person\/image\/\",\"url\":\"http:\/\/marthacifuentes.com\/portada\/wp-content\/uploads\/2018\/06\/avatar_user_2_1528838701-96x96.jpg\",\"contentUrl\":\"http:\/\/marthacifuentes.com\/portada\/wp-content\/uploads\/2018\/06\/avatar_user_2_1528838701-96x96.jpg\",\"caption\":\"Martha Cifuentes\"},\"sameAs\":[\"http:\/\/www.marthacifuentes.com\"],\"url\":\"https:\/\/marthacifuentes.com\/portada\/author\/martha\/\"}]}<\/script>\n<!-- \/ Yoast SEO plugin. -->","yoast_head_json":{"title":"Yopal y Aguazul, asediados por el Clan del Golfo, ELN, Disidencias Farc y delincuentes comunes, seg\u00fan Alerta Temprana de Defensor\u00eda del Pueblo - \u25b7 Noticias de Casanare : Martha Cifuentes | Casanare","robots":{"index":"index","follow":"follow","max-snippet":"max-snippet:-1","max-image-preview":"max-image-preview:large","max-video-preview":"max-video-preview:-1"},"canonical":"https:\/\/marthacifuentes.com\/portada\/yopal-y-aguazul-asediados-por-el-clan-del-golfo-eln-disidencias-farc-y-delincuentes-comunes-segun-alerta-temprana-de-defensoria-del-pueblo\/","og_locale":"es_ES","og_type":"article","og_title":"Yopal y Aguazul, asediados por el Clan del Golfo, ELN, Disidencias Farc y delincuentes comunes, seg\u00fan Alerta Temprana de Defensor\u00eda del Pueblo - \u25b7 Noticias de Casanare : Martha Cifuentes | Casanare","og_description":"Yopal y Aguazul en Casanare, condenados a repetir historia de violencia por cuenta de grupos armados, seg\u00fan alerta temprana 023 del 5 de junio de 2023 de la Defensor\u00eda del Pueblo. De acuerdo con esta, cerca de 140 mil habitantes de estas dos poblaciones se encuentran en riesgo de vulneraci\u00f3n de sus derechos humanos por &hellip;","og_url":"https:\/\/marthacifuentes.com\/portada\/yopal-y-aguazul-asediados-por-el-clan-del-golfo-eln-disidencias-farc-y-delincuentes-comunes-segun-alerta-temprana-de-defensoria-del-pueblo\/","og_site_name":"\u25b7 Noticias de Casanare : Martha Cifuentes | Casanare","article_published_time":"2023-07-01T03:18:15+00:00","article_modified_time":"2023-07-01T03:25:58+00:00","og_image":[{"width":970,"height":689,"url":"https:\/\/marthacifuentes.com\/portada\/wp-content\/uploads\/2023\/06\/infografia-01-final.jpg","type":"image\/jpeg"}],"author":"Martha Cifuentes","twitter_card":"summary_large_image","twitter_misc":{"Escrito por":"Martha Cifuentes","Tiempo de lectura":"22 minutos"},"schema":{"@context":"https:\/\/schema.org","@graph":[{"@type":"WebPage","@id":"https:\/\/marthacifuentes.com\/portada\/yopal-y-aguazul-asediados-por-el-clan-del-golfo-eln-disidencias-farc-y-delincuentes-comunes-segun-alerta-temprana-de-defensoria-del-pueblo\/","url":"https:\/\/marthacifuentes.com\/portada\/yopal-y-aguazul-asediados-por-el-clan-del-golfo-eln-disidencias-farc-y-delincuentes-comunes-segun-alerta-temprana-de-defensoria-del-pueblo\/","name":"Yopal y Aguazul, asediados por el Clan del Golfo, ELN, Disidencias Farc y delincuentes comunes, seg\u00fan Alerta Temprana de Defensor\u00eda del Pueblo - \u25b7 Noticias de Casanare : Martha Cifuentes | Casanare","isPartOf":{"@id":"https:\/\/marthacifuentes.com\/portada\/#website"},"primaryImageOfPage":{"@id":"https:\/\/marthacifuentes.com\/portada\/yopal-y-aguazul-asediados-por-el-clan-del-golfo-eln-disidencias-farc-y-delincuentes-comunes-segun-alerta-temprana-de-defensoria-del-pueblo\/#primaryimage"},"image":{"@id":"https:\/\/marthacifuentes.com\/portada\/yopal-y-aguazul-asediados-por-el-clan-del-golfo-eln-disidencias-farc-y-delincuentes-comunes-segun-alerta-temprana-de-defensoria-del-pueblo\/#primaryimage"},"thumbnailUrl":"https:\/\/marthacifuentes.com\/portada\/wp-content\/uploads\/2023\/06\/infografia-01-final.jpg","datePublished":"2023-07-01T03:18:15+00:00","dateModified":"2023-07-01T03:25:58+00:00","author":{"@id":"https:\/\/marthacifuentes.com\/portada\/#\/schema\/person\/57f53174b991db5f90ff78d58502b714"},"breadcrumb":{"@id":"https:\/\/marthacifuentes.com\/portada\/yopal-y-aguazul-asediados-por-el-clan-del-golfo-eln-disidencias-farc-y-delincuentes-comunes-segun-alerta-temprana-de-defensoria-del-pueblo\/#breadcrumb"},"inLanguage":"es","potentialAction":[{"@type":"ReadAction","target":["https:\/\/marthacifuentes.com\/portada\/yopal-y-aguazul-asediados-por-el-clan-del-golfo-eln-disidencias-farc-y-delincuentes-comunes-segun-alerta-temprana-de-defensoria-del-pueblo\/"]}]},{"@type":"ImageObject","inLanguage":"es","@id":"https:\/\/marthacifuentes.com\/portada\/yopal-y-aguazul-asediados-por-el-clan-del-golfo-eln-disidencias-farc-y-delincuentes-comunes-segun-alerta-temprana-de-defensoria-del-pueblo\/#primaryimage","url":"https:\/\/marthacifuentes.com\/portada\/wp-content\/uploads\/2023\/06\/infografia-01-final.jpg","contentUrl":"https:\/\/marthacifuentes.com\/portada\/wp-content\/uploads\/2023\/06\/infografia-01-final.jpg","width":970,"height":689},{"@type":"BreadcrumbList","@id":"https:\/\/marthacifuentes.com\/portada\/yopal-y-aguazul-asediados-por-el-clan-del-golfo-eln-disidencias-farc-y-delincuentes-comunes-segun-alerta-temprana-de-defensoria-del-pueblo\/#breadcrumb","itemListElement":[{"@type":"ListItem","position":1,"name":"Portada","item":"https:\/\/marthacifuentes.com\/portada\/"},{"@type":"ListItem","position":2,"name":"Yopal y Aguazul, asediados por el Clan del Golfo, ELN, Disidencias Farc y delincuentes comunes, seg\u00fan Alerta Temprana de Defensor\u00eda del Pueblo"}]},{"@type":"WebSite","@id":"https:\/\/marthacifuentes.com\/portada\/#website","url":"https:\/\/marthacifuentes.com\/portada\/","name":"\u25b7 Noticias de Casanare : Martha Cifuentes | Casanare","description":"Noticias &amp; Contenidos","potentialAction":[{"@type":"SearchAction","target":{"@type":"EntryPoint","urlTemplate":"https:\/\/marthacifuentes.com\/portada\/?s={search_term_string}"},"query-input":{"@type":"PropertyValueSpecification","valueRequired":true,"valueName":"search_term_string"}}],"inLanguage":"es"},{"@type":"Person","@id":"https:\/\/marthacifuentes.com\/portada\/#\/schema\/person\/57f53174b991db5f90ff78d58502b714","name":"Martha Cifuentes","image":{"@type":"ImageObject","inLanguage":"es","@id":"https:\/\/marthacifuentes.com\/portada\/#\/schema\/person\/image\/","url":"http:\/\/marthacifuentes.com\/portada\/wp-content\/uploads\/2018\/06\/avatar_user_2_1528838701-96x96.jpg","contentUrl":"http:\/\/marthacifuentes.com\/portada\/wp-content\/uploads\/2018\/06\/avatar_user_2_1528838701-96x96.jpg","caption":"Martha Cifuentes"},"sameAs":["http:\/\/www.marthacifuentes.com"],"url":"https:\/\/marthacifuentes.com\/portada\/author\/martha\/"}]}},"_links":{"self":[{"href":"https:\/\/marthacifuentes.com\/portada\/wp-json\/wp\/v2\/posts\/31771","targetHints":{"allow":["GET"]}}],"collection":[{"href":"https:\/\/marthacifuentes.com\/portada\/wp-json\/wp\/v2\/posts"}],"about":[{"href":"https:\/\/marthacifuentes.com\/portada\/wp-json\/wp\/v2\/types\/post"}],"author":[{"embeddable":true,"href":"https:\/\/marthacifuentes.com\/portada\/wp-json\/wp\/v2\/users\/2"}],"replies":[{"embeddable":true,"href":"https:\/\/marthacifuentes.com\/portada\/wp-json\/wp\/v2\/comments?post=31771"}],"version-history":[{"count":4,"href":"https:\/\/marthacifuentes.com\/portada\/wp-json\/wp\/v2\/posts\/31771\/revisions"}],"predecessor-version":[{"id":31783,"href":"https:\/\/marthacifuentes.com\/portada\/wp-json\/wp\/v2\/posts\/31771\/revisions\/31783"}],"wp:featuredmedia":[{"embeddable":true,"href":"https:\/\/marthacifuentes.com\/portada\/wp-json\/wp\/v2\/media\/31780"}],"wp:attachment":[{"href":"https:\/\/marthacifuentes.com\/portada\/wp-json\/wp\/v2\/media?parent=31771"}],"wp:term":[{"taxonomy":"category","embeddable":true,"href":"https:\/\/marthacifuentes.com\/portada\/wp-json\/wp\/v2\/categories?post=31771"},{"taxonomy":"post_tag","embeddable":true,"href":"https:\/\/marthacifuentes.com\/portada\/wp-json\/wp\/v2\/tags?post=31771"}],"curies":[{"name":"wp","href":"https:\/\/api.w.org\/{rel}","templated":true}]}}