{"id":31860,"date":"2023-07-19T21:53:49","date_gmt":"2023-07-20T02:53:49","guid":{"rendered":"https:\/\/marthacifuentes.com\/portada\/?p=31860"},"modified":"2023-07-19T21:53:49","modified_gmt":"2023-07-20T02:53:49","slug":"en-crimen-de-odio-contra-una-mujer-un-hombre-la-asesino-y-luego-fue-dado-de-baja-por-la-policia-en-aguazul","status":"publish","type":"post","link":"https:\/\/marthacifuentes.com\/portada\/en-crimen-de-odio-contra-una-mujer-un-hombre-la-asesino-y-luego-fue-dado-de-baja-por-la-policia-en-aguazul\/","title":{"rendered":"En crimen de odio contra una mujer, un hombre la asesin\u00f3 y luego fue dado de baja por la polic\u00eda en Aguazul"},"content":{"rendered":"<p>La intolerancia, el machismo, el odio contra la mujer, nuevamente se vieron retratados hoy en un terrible caso de violencia intrafamiliar que tuvo como desenlace la muerte de una mujer a manos de su expareja sentimental, que termin\u00f3 siendo abatido por la polic\u00eda y dos uniformados heridos, en hechos ocurridos esta tarde en el municipio de Aguazul, Casanare.<\/p>\n<p>El repudiable hecho se present\u00f3 cuando el hombre identificado como Pablo Abel Pinto Casta\u00f1eda de 54 a\u00f1os discut\u00eda con su excompa\u00f1era Jessica Michel Vergara Avella de 34 a\u00f1os, en la calle 12 con calle 16, barrio Luis Mar\u00eda Jim\u00e9nez. En un arranque de ira la atac\u00f3 con un pu\u00f1al en m\u00e1s de una docena de oportunidades.<\/p>\n<p>Al sitio llegaron al menos 6 agentes de polic\u00eda para controlar al energ\u00fameno sujeto, quien pu\u00f1al en mano caminaba alrededor de la v\u00edctima, quien yac\u00eda en el and\u00e9n desangr\u00e1ndose. Cuando los uniformados intentaban acercarse al feminicida este arremet\u00eda contra ellos, tanto que alcanz\u00f3 a apu\u00f1alar a dos de los patrulleros. Otro de los polic\u00edas reaccion\u00f3, desenfund\u00f3 su arma, le dispar\u00f3 varias veces hasta que cay\u00f3 y minutos despu\u00e9s falleci\u00f3.<\/p>\n<p>Mientras esto \u00faltimo suced\u00eda, la mujer ayudada por varias personas, se subi\u00f3 a la camioneta de la polic\u00eda, en donde fue trasladada al Hospital Juan Hernando Urrego, donde posteriormente falleci\u00f3 producto de la gravedad de las lesiones causadas. Igualmente, los agentes heridos tambi\u00e9n fueron llevados al centro asistencial, donde se recuperan.<\/p>\n<p>Extraoficialmente se conoci\u00f3 que a Jessica le sobreviven 3 hijos menores de 15 a\u00f1os. Mientras tanto, el victimario tendr\u00eda una hija mayor. Los dos trabajaron fuera del departamento y hab\u00edan regresado hace pocas semanas a Aguazul. Seg\u00fan el secretario de gobierno de Aguazul, Alejandro Dur\u00e1n, la pareja hab\u00eda convivido un tiempo no precisado, pero ya se hab\u00eda separado.<\/p>\n<p>A pesar de ello, en el perfil de Facebook de Jessica, el hombre le segu\u00eda escribiendo e incluso hacia dos d\u00edas le expres\u00f3 \u201cEres todo mi amor te amo mi vida\u201d y le envi\u00f3 una imagen de un coraz\u00f3n.<\/p>\n<p><img loading=\"lazy\" decoding=\"async\" class=\"alignnone size-full wp-image-31861 aligncenter\" src=\"https:\/\/marthacifuentes.com\/portada\/wp-content\/uploads\/2023\/07\/Captura-de-pantalla-2023-07-19-212139.png\" alt=\"\" width=\"434\" height=\"215\" srcset=\"https:\/\/marthacifuentes.com\/portada\/wp-content\/uploads\/2023\/07\/Captura-de-pantalla-2023-07-19-212139.png 434w, https:\/\/marthacifuentes.com\/portada\/wp-content\/uploads\/2023\/07\/Captura-de-pantalla-2023-07-19-212139-300x149.png 300w\" sizes=\"auto, (max-width: 434px) 100vw, 434px\" \/><\/p>\n<h2><span style=\"color: #ff6600;\">Otras noticias&#8230;<\/span><\/h2>\n<blockquote class=\"wp-embedded-content\" data-secret=\"a8FKMurWEa\"><p><a href=\"https:\/\/marthacifuentes.com\/portada\/2023\/07\/19\/el-alcalde-de-mani-jersson-montoya-no-se-puso-rojo-al-cambiarse-al-verde-en-politica\/\">El alcalde de Man\u00ed Jersson Montoya no se puso rojo al cambiarse al verde en pol\u00edtica<\/a><\/p><\/blockquote>\n<p><iframe loading=\"lazy\" class=\"wp-embedded-content\" sandbox=\"allow-scripts\" security=\"restricted\" style=\"position: absolute; clip: rect(1px, 1px, 1px, 1px);\" title=\"\u00abEl alcalde de Man\u00ed Jersson Montoya no se puso rojo al cambiarse al verde en pol\u00edtica\u00bb \u2014 \u25b7 Noticias de Casanare : Martha Cifuentes | Casanare\" src=\"https:\/\/marthacifuentes.com\/portada\/2023\/07\/19\/el-alcalde-de-mani-jersson-montoya-no-se-puso-rojo-al-cambiarse-al-verde-en-politica\/embed\/#?secret=uye1CeDRi7#?secret=a8FKMurWEa\" data-secret=\"a8FKMurWEa\" width=\"500\" height=\"282\" frameborder=\"0\" marginwidth=\"0\" marginheight=\"0\" scrolling=\"no\"><\/iframe><\/p>\n<p><iframe loading=\"lazy\" class=\"wp-embedded-content\" title=\"\u00abTestimonios de \u201cparas\u201d hundieron a Nelson Mari\u00f1o. Fue candidato de las ACC para la alcald\u00eda de Yopal en 2003.\u00bb \u2014 \u25b7 Noticias de Casanare : Martha Cifuentes | Casanare\" src=\"https:\/\/marthacifuentes.com\/portada\/2023\/07\/19\/testimonios-de-paras-hundieron-a-nelson-marino-fue-candidato-de-las-acc-para-la-alcaldia-de-yopal-en-2003\/embed\/#?secret=6e94ELXWoX#?secret=q3fRhPp3Mf\" width=\"600\" height=\"649\" frameborder=\"0\" marginwidth=\"0\" marginheight=\"0\" scrolling=\"no\" sandbox=\"allow-scripts\" data-secret=\"q3fRhPp3Mf\" data-mce-fragment=\"1\"><\/iframe><\/p>\n<p><iframe loading=\"lazy\" class=\"wp-embedded-content\" title=\"\u00abEl trapo rojo se agit\u00f3 en entrega de aval a Javier Rivera, candidato a la Alcald\u00eda de Yopal\u00bb \u2014 \u25b7 Noticias de Casanare : Martha Cifuentes | Casanare\" src=\"https:\/\/marthacifuentes.com\/portada\/2023\/07\/17\/el-trapo-rojo-se-agito-en-entrega-de-aval-a-javier-rivera-candidato-a-la-alcaldia-de-yopal\/embed\/#?secret=9znCgxn4qy#?secret=keD5A5JNer\" width=\"600\" height=\"621\" frameborder=\"0\" marginwidth=\"0\" marginheight=\"0\" scrolling=\"no\" sandbox=\"allow-scripts\" data-secret=\"keD5A5JNer\" data-mce-fragment=\"1\"><\/iframe><\/p>\n<p><iframe loading=\"lazy\" class=\"wp-embedded-content\" title=\"\u00abZorro se arriesg\u00f3 a coaval colorido de Verdes y Cambio Radical para la Gobernaci\u00f3n de Casanare en af\u00e1n de acabar con Clan Barrera\u00bb \u2014 \u25b7 Noticias de Casanare : Martha Cifuentes | Casanare\" src=\"https:\/\/marthacifuentes.com\/portada\/2023\/07\/14\/zorro-se-arriesgo-a-coaval-colorido-de-verdes-y-cambio-radical-para-la-gobernacion-de-casanare-en-afan-de-acabar-con-clan-barrera\/embed\/#?secret=RGLvXh4YKP#?secret=XInOtropLJ\" width=\"600\" height=\"649\" frameborder=\"0\" marginwidth=\"0\" marginheight=\"0\" scrolling=\"no\" sandbox=\"allow-scripts\" data-secret=\"XInOtropLJ\" data-mce-fragment=\"1\"><\/iframe><\/p>\n<p><iframe loading=\"lazy\" class=\"wp-embedded-content\" title=\"\u00abLas torpezas del que se cree un zorro\u00bb \u2014 \u25b7 Noticias de Casanare : Martha Cifuentes | Casanare\" src=\"https:\/\/marthacifuentes.com\/portada\/2023\/07\/13\/las-torpezas-del-que-se-cree-un-zorro\/embed\/#?secret=lD1jTKqLSv#?secret=gRmiRLNUSC\" width=\"600\" height=\"571\" frameborder=\"0\" marginwidth=\"0\" marginheight=\"0\" scrolling=\"no\" sandbox=\"allow-scripts\" data-secret=\"gRmiRLNUSC\" data-mce-fragment=\"1\"><\/iframe><\/p>\n<p><iframe loading=\"lazy\" class=\"wp-embedded-content\" title=\"\u00abPresidente de Asamblea de Casanare Jorge Garc\u00eda denunciado por acoso laboral por parte de la secretaria general. Le impuso a su madrastra como \u201cjefe\u201d\u00bb \u2014 \u25b7 Noticias de Casanare : Martha Cifuentes | Casanare\" src=\"https:\/\/marthacifuentes.com\/portada\/2023\/07\/10\/presidente-de-asamblea-de-casanare-jorge-garcia-denunciado-por-acoso-laboral-por-parte-de-la-secretaria-general-le-impuso-a-su-madrastra-como-jefe\/embed\/#?secret=gv9iTmaoVa#?secret=UvcK9xHE0X\" width=\"600\" height=\"657\" frameborder=\"0\" marginwidth=\"0\" marginheight=\"0\" scrolling=\"no\" sandbox=\"allow-scripts\" data-secret=\"UvcK9xHE0X\" data-mce-fragment=\"1\"><\/iframe><\/p>\n<p><iframe loading=\"lazy\" class=\"wp-embedded-content\" title=\"\u00abEste 15 de julio en la noche se suspender\u00e1 suministro de gas vehicular en Yopal\u00bb \u2014 \u25b7 Noticias de Casanare : Martha Cifuentes | Casanare\" src=\"https:\/\/marthacifuentes.com\/portada\/2023\/07\/06\/este-15-de-julio-en-la-noche-se-suspendera-suministro-de-gas-vehicular-en-yopal\/embed\/#?secret=PdWAMsVj8k#?secret=xzjAigstkP\" width=\"600\" height=\"589\" frameborder=\"0\" marginwidth=\"0\" marginheight=\"0\" scrolling=\"no\" sandbox=\"allow-scripts\" data-secret=\"xzjAigstkP\" data-mce-fragment=\"1\"><\/iframe><\/p>\n<p><iframe loading=\"lazy\" class=\"wp-embedded-content\" title=\"\u00abAlirio Barrera volvi\u00f3 a poner candidato a la Gobernaci\u00f3n de Casanare. La elegida, su esposa Marisela Duarte, genera resistencia por nepotismo.\u00bb \u2014 \u25b7 Noticias de Casanare : Martha Cifuentes | Casanare\" src=\"https:\/\/marthacifuentes.com\/portada\/2023\/07\/06\/alirio-barrera-volvio-a-poner-candidato-a-la-gobernacion-de-casanare-la-elegida-su-esposa-marisela-duarte-genera-resistencia-por-nepotismo\/embed\/#?secret=zCOgBLa6OJ#?secret=fFBvkxUJrS\" width=\"600\" height=\"649\" frameborder=\"0\" marginwidth=\"0\" marginheight=\"0\" scrolling=\"no\" sandbox=\"allow-scripts\" data-secret=\"fFBvkxUJrS\" data-mce-fragment=\"1\"><\/iframe><\/p>\n<p><iframe loading=\"lazy\" class=\"wp-embedded-content\" title=\"\u00abAlcalde de Man\u00ed Jersson Montoya y exsecretario de despacho, denunciados por irregularidades en su nombramiento. Habr\u00eda falseado documentos.\u00bb \u2014 \u25b7 Noticias de Casanare : Martha Cifuentes | Casanare\" src=\"https:\/\/marthacifuentes.com\/portada\/2023\/07\/05\/alcalde-de-mani-jersson-montoya-y-exsecretario-de-despacho-denunciados-por-irregularidades-en-su-nombramiento-habria-falseado-documentos\/embed\/#?secret=COh9Qhxwah#?secret=3FcoRg7COi\" width=\"600\" height=\"649\" frameborder=\"0\" marginwidth=\"0\" marginheight=\"0\" scrolling=\"no\" sandbox=\"allow-scripts\" data-secret=\"3FcoRg7COi\" data-mce-fragment=\"1\"><\/iframe><\/p>\n<p><iframe loading=\"lazy\" class=\"wp-embedded-content\" title=\"\u00abGerm\u00e1n Vargas Lleras quiere poner orden en la \u201cCasita\u201d en Casanare\u00bb \u2014 \u25b7 Noticias de Casanare : Martha Cifuentes | Casanare\" src=\"https:\/\/marthacifuentes.com\/portada\/2023\/07\/05\/german-vargas-lleras-quiere-poner-orden-en-la-casita-en-casanare\/embed\/#?secret=d1bkfj3nTG#?secret=vTQAaxgtqX\" width=\"600\" height=\"574\" frameborder=\"0\" marginwidth=\"0\" marginheight=\"0\" scrolling=\"no\" sandbox=\"allow-scripts\" data-secret=\"vTQAaxgtqX\" data-mce-fragment=\"1\"><\/iframe><\/p>\n<p><iframe loading=\"lazy\" class=\"wp-embedded-content\" title=\"\u00abYopal y Aguazul, asediados por el Clan del Golfo, ELN, Disidencias Farc y delincuentes comunes, seg\u00fan Alerta Temprana de Defensor\u00eda del Pueblo\u00bb \u2014 \u25b7 Noticias de Casanare : Martha Cifuentes | Casanare\" src=\"https:\/\/marthacifuentes.com\/portada\/2023\/06\/30\/yopal-y-aguazul-asediados-por-el-clan-del-golfo-eln-disidencias-farc-y-delincuentes-comunes-segun-alerta-temprana-de-defensoria-del-pueblo\/embed\/#?secret=nCcqzXF9pv#?secret=SWsEKTvv84\" width=\"600\" height=\"628\" frameborder=\"0\" marginwidth=\"0\" marginheight=\"0\" scrolling=\"no\" sandbox=\"allow-scripts\" data-secret=\"SWsEKTvv84\" data-mce-fragment=\"1\"><\/iframe><\/p>\n<p><iframe loading=\"lazy\" class=\"wp-embedded-content\" title=\"\u00abNueva convocatoria Ella es Astronauta Virtual para formar a 100 ni\u00f1as colombianas\u00bb \u2014 \u25b7 Noticias de Casanare : Martha Cifuentes | Casanare\" src=\"https:\/\/marthacifuentes.com\/portada\/2023\/06\/29\/nueva-convocatoria-ella-es-astronauta-virtual-para-formar-a-100-ninas-colombianas\/embed\/#?secret=VIW8vo8629#?secret=C4SiWRpUnl\" width=\"600\" height=\"621\" frameborder=\"0\" marginwidth=\"0\" marginheight=\"0\" scrolling=\"no\" sandbox=\"allow-scripts\" data-secret=\"C4SiWRpUnl\" data-mce-fragment=\"1\"><\/iframe><\/p>\n<p><iframe loading=\"lazy\" class=\"wp-embedded-content\" title=\"\u00abCon 138 mil firmas de apoyo, Guillermo Velandia busca aval a la Gobernaci\u00f3n de Casanare. Quiere ser gobernador \u00abSin clanes pol\u00edticos y maquinarias\u00bb\u00bb \u2014 \u25b7 Noticias de Casanare : Martha Cifuentes | Casanare\" src=\"https:\/\/marthacifuentes.com\/portada\/2023\/06\/23\/con-138-mil-firmas-de-apoyo-guillermo-velandia-busca-aval-a-la-gobernacion-de-casanare-quiere-ser-gobernador-sin-clanes-politicos-y-maquinarias\/embed\/#?secret=Zs3tIfDYDe#?secret=ipJHc6MEZT\" width=\"600\" height=\"649\" frameborder=\"0\" marginwidth=\"0\" marginheight=\"0\" scrolling=\"no\" sandbox=\"allow-scripts\" data-secret=\"ipJHc6MEZT\" data-mce-fragment=\"1\"><\/iframe><\/p>\n<p><iframe loading=\"lazy\" class=\"wp-embedded-content\" title=\"\u00abUribistas vrs. Verdes aliados con Cambio Radical, pujan por la Gobernaci\u00f3n de Casanare\u00bb \u2014 \u25b7 Noticias de Casanare : Martha Cifuentes | Casanare\" src=\"https:\/\/marthacifuentes.com\/portada\/2023\/06\/16\/uribistas-vrs-verdes-aliados-con-cambio-radical-pujan-por-la-gobernacion-de-casanare\/embed\/#?secret=FXjbnMANSU#?secret=PSJncT9VV9\" width=\"600\" height=\"621\" frameborder=\"0\" marginwidth=\"0\" marginheight=\"0\" scrolling=\"no\" sandbox=\"allow-scripts\" data-secret=\"PSJncT9VV9\" data-mce-fragment=\"1\"><\/iframe><\/p>\n<p><iframe loading=\"lazy\" class=\"wp-embedded-content\" title=\"\u00abEn San Luis de Palenque encontraron 5 cuerpos de las 1.973 personas desaparecidas en Casanare.\u00bb \u2014 \u25b7 Noticias de Casanare : Martha Cifuentes | Casanare\" src=\"https:\/\/marthacifuentes.com\/portada\/2023\/06\/13\/en-san-luis-de-palenque-encontraron-5-cuerpos-de-las-1-973-personas-desaparecidas-en-casanare\/embed\/#?secret=D99g8CQ9bP#?secret=UEiqCKyTyN\" width=\"600\" height=\"621\" frameborder=\"0\" marginwidth=\"0\" marginheight=\"0\" scrolling=\"no\" sandbox=\"allow-scripts\" data-secret=\"UEiqCKyTyN\" data-mce-fragment=\"1\"><\/iframe><\/p>\n<p><iframe loading=\"lazy\" class=\"wp-embedded-content\" title=\"\u00abVillanueva y Tauramena tratan de recuperarse de afectaciones invernales\u00bb \u2014 \u25b7 Noticias de Casanare : Martha Cifuentes | Casanare\" src=\"https:\/\/marthacifuentes.com\/portada\/2023\/06\/13\/villanueva-y-tauramena-tratan-de-recuperarse-de-afectaciones-invernales\/embed\/#?secret=tmRpmlOdHg#?secret=ao6rr1mHQS\" width=\"600\" height=\"620\" frameborder=\"0\" marginwidth=\"0\" marginheight=\"0\" scrolling=\"no\" sandbox=\"allow-scripts\" data-secret=\"ao6rr1mHQS\" data-mce-fragment=\"1\"><\/iframe><\/p>\n<p><iframe loading=\"lazy\" class=\"wp-embedded-content\" title=\"\u00abA pesar de tener casa por c\u00e1rcel, j\u00edbaro fue pescado vendiendo marihuana en Paz de Ariporo\u00bb \u2014 \u25b7 Noticias de Casanare : Martha Cifuentes | Casanare\" src=\"https:\/\/marthacifuentes.com\/portada\/2023\/06\/13\/a-pesar-de-tener-casa-por-carcel-jibaro-fue-pescado-vendiendo-marihuana-en-paz-de-ariporo\/embed\/#?secret=56yMnkqR3g#?secret=5EIQwucqXS\" width=\"600\" height=\"621\" frameborder=\"0\" marginwidth=\"0\" marginheight=\"0\" scrolling=\"no\" sandbox=\"allow-scripts\" data-secret=\"5EIQwucqXS\" data-mce-fragment=\"1\"><\/iframe><\/p>\n<p><iframe loading=\"lazy\" class=\"wp-embedded-content\" title=\"\u00abExsoldado condenado por asesinato en Trinidad, hab\u00eda sido absuelto por homicidio del l\u00edder social Daniel Abril Fuentes\u00bb \u2014 \u25b7 Noticias de Casanare : Martha Cifuentes | Casanare\" src=\"https:\/\/marthacifuentes.com\/portada\/2023\/06\/13\/exsoldado-condenado-por-asesinato-en-trinidad-habia-sido-absuelto-por-homicidio-del-lider-social-daniel-abril-fuentes\/embed\/#?secret=QATOYq6J9Z#?secret=AcQnudPrMv\" width=\"600\" height=\"628\" frameborder=\"0\" marginwidth=\"0\" marginheight=\"0\" scrolling=\"no\" sandbox=\"allow-scripts\" data-secret=\"AcQnudPrMv\" data-mce-fragment=\"1\"><\/iframe><\/p>\n<p><iframe loading=\"lazy\" class=\"wp-embedded-content\" title=\"\u00abOtro asesinato en Man\u00ed. Un hombre fue sicariado a una cuadra de estaci\u00f3n de polic\u00eda.\u00bb \u2014 \u25b7 Noticias de Casanare : Martha Cifuentes | Casanare\" src=\"https:\/\/marthacifuentes.com\/portada\/2023\/06\/13\/otro-asesinato-en-mani-un-hombre-fue-sicariado-a-una-cuadra-de-estacion-de-policia\/embed\/#?secret=pTfELqew3K#?secret=H0EpjTPFce\" width=\"600\" height=\"600\" frameborder=\"0\" marginwidth=\"0\" marginheight=\"0\" scrolling=\"no\" sandbox=\"allow-scripts\" data-secret=\"H0EpjTPFce\" data-mce-fragment=\"1\"><\/iframe><\/p>\n<p><iframe loading=\"lazy\" class=\"wp-embedded-content\" title=\"\u00abEn siniestro vial, vendedor de leche, en moto, muri\u00f3 en Marginal del Llano, en Aguazul.\u00bb \u2014 \u25b7 Noticias de Casanare : Martha Cifuentes | Casanare\" src=\"https:\/\/marthacifuentes.com\/portada\/2023\/06\/08\/en-siniestro-vial-vendedor-de-leche-en-moto-murio-en-marginal-del-llano-en-aguazul\/embed\/#?secret=kMbpUKHMUS#?secret=NC0Og1xWmY\" width=\"600\" height=\"600\" frameborder=\"0\" marginwidth=\"0\" marginheight=\"0\" scrolling=\"no\" sandbox=\"allow-scripts\" data-secret=\"NC0Og1xWmY\" data-mce-fragment=\"1\"><\/iframe><\/p>\n<p><iframe loading=\"lazy\" class=\"wp-embedded-content\" title=\"\u00abLevantado bloqueo de relleno sanitario de Yopal. Ya se puede sacar la basura.\u00bb \u2014 \u25b7 Noticias de Casanare : Martha Cifuentes | Casanare\" src=\"https:\/\/marthacifuentes.com\/portada\/2023\/06\/08\/levantado-bloqueo-de-relleno-sanitario-de-yopal-ya-se-puede-sacar-la-basura\/embed\/#?secret=0K01pwn05E#?secret=kbnrXZd8vd\" width=\"600\" height=\"600\" frameborder=\"0\" marginwidth=\"0\" marginheight=\"0\" scrolling=\"no\" sandbox=\"allow-scripts\" data-secret=\"kbnrXZd8vd\" data-mce-fragment=\"1\"><\/iframe><\/p>\n<p><iframe loading=\"lazy\" class=\"wp-embedded-content\" title=\"\u00abCambio clim\u00e1tico, un problema de todos, fue analizado en Simposio de Desarrollo Sostenible hecho por Corporinoquia\u00bb \u2014 \u25b7 Noticias de Casanare : Martha Cifuentes | Casanare\" src=\"https:\/\/marthacifuentes.com\/portada\/2023\/06\/08\/cambio-climatico-un-problema-de-todos-fue-analizado-en-simposio-de-desarrollo-sostenible-hecho-por-corporinoquia\/embed\/#?secret=cwMAlaKZeX#?secret=dbCDyGXo79\" width=\"600\" height=\"649\" frameborder=\"0\" marginwidth=\"0\" marginheight=\"0\" scrolling=\"no\" sandbox=\"allow-scripts\" data-secret=\"dbCDyGXo79\" data-mce-fragment=\"1\"><\/iframe><\/p>\n<p><iframe loading=\"lazy\" class=\"wp-embedded-content\" title=\"\u00abMediante la opci\u00f3n Obras por Impuestos, Ecopetrol realiz\u00f3 pavimentaci\u00f3n de 3.23 km de v\u00edas en Paz de Ariporo, Casanare.\u00bb \u2014 \u25b7 Noticias de Casanare : Martha Cifuentes | Casanare\" src=\"https:\/\/marthacifuentes.com\/portada\/2023\/06\/08\/mediante-la-opcion-obras-por-impuestos-ecopetrol-realizo-pavimentacion-de-3-23-km-de-vias-en-paz-de-ariporo-casanare\/embed\/#?secret=AzzS27spwO#?secret=UyGNV9Eo5U\" width=\"600\" height=\"649\" frameborder=\"0\" marginwidth=\"0\" marginheight=\"0\" scrolling=\"no\" sandbox=\"allow-scripts\" data-secret=\"UyGNV9Eo5U\" data-mce-fragment=\"1\"><\/iframe><\/p>\n<p><iframe loading=\"lazy\" class=\"wp-embedded-content\" title=\"\u00abRestablecido servicio de gas en vereda Bendiciones, Tauramena, confirma Cusianagas\u00bb \u2014 \u25b7 Noticias de Casanare : Martha Cifuentes | Casanare\" src=\"https:\/\/marthacifuentes.com\/portada\/2023\/06\/08\/restablecido-servicio-de-gas-en-vereda-bendiciones-tauramena-confirma-cusianagas\/embed\/#?secret=vxsYX4RF3M#?secret=onn2Q5nKmf\" width=\"600\" height=\"568\" frameborder=\"0\" marginwidth=\"0\" marginheight=\"0\" scrolling=\"no\" sandbox=\"allow-scripts\" data-secret=\"onn2Q5nKmf\" data-mce-fragment=\"1\"><\/iframe><\/p>\n<p><iframe loading=\"lazy\" class=\"wp-embedded-content\" title=\"\u00abPor deslizamientos de tierra, cerrada v\u00eda que une a Boyac\u00e1 con Casanare entre Paya y Nunch\u00eda\u00bb \u2014 \u25b7 Noticias de Casanare : Martha Cifuentes | Casanare\" src=\"https:\/\/marthacifuentes.com\/portada\/2023\/06\/07\/por-deslizamientos-de-tierra-cerrada-via-que-une-a-boyaca-con-casanare-entre-paya-y-nunchia\/embed\/#?secret=swzhAMcvbJ#?secret=EbVIIceG3N\" width=\"600\" height=\"621\" frameborder=\"0\" marginwidth=\"0\" marginheight=\"0\" scrolling=\"no\" sandbox=\"allow-scripts\" data-secret=\"EbVIIceG3N\" data-mce-fragment=\"1\"><\/iframe><\/p>\n<p><iframe loading=\"lazy\" class=\"wp-embedded-content\" title=\"\u00abUsuarios de v\u00eda Yopal-Monterrey-Villanueva-Villavicencio ser\u00e1n afectados por cierres nocturnos\u00bb \u2014 \u25b7 Noticias de Casanare : Martha Cifuentes | Casanare\" src=\"https:\/\/marthacifuentes.com\/portada\/2023\/06\/07\/usuarios-de-via-yopal-monterrey-villanueva-villavicencio-seran-afectados-por-cierres-nocturnos\/embed\/#?secret=ID1Du2o3kY#?secret=1RtWRvpf7u\" width=\"600\" height=\"620\" frameborder=\"0\" marginwidth=\"0\" marginheight=\"0\" scrolling=\"no\" sandbox=\"allow-scripts\" data-secret=\"1RtWRvpf7u\" data-mce-fragment=\"1\"><\/iframe><\/p>\n<p><iframe loading=\"lazy\" class=\"wp-embedded-content\" title=\"\u00abJugaron mal y perdieron. Asaltantes de casino en Aguazul fueron judicializados\u00bb \u2014 \u25b7 Noticias de Casanare : Martha Cifuentes | Casanare\" src=\"https:\/\/marthacifuentes.com\/portada\/2023\/06\/07\/jugaron-mal-y-perdieron-asaltantes-de-casino-en-aguazul-fueron-judicializados\/embed\/#?secret=CxD2xQGQkw#?secret=zwOwV8t64J\" width=\"600\" height=\"621\" frameborder=\"0\" marginwidth=\"0\" marginheight=\"0\" scrolling=\"no\" sandbox=\"allow-scripts\" data-secret=\"zwOwV8t64J\" data-mce-fragment=\"1\"><\/iframe><\/p>\n<p><iframe loading=\"lazy\" class=\"wp-embedded-content\" title=\"\u00abYopal de mi\u00e9r\u2026 coles, con paro de taxistas, bloqueo en relleno sanitario y cierres viales en el centro\u00bb \u2014 \u25b7 Noticias de Casanare : Martha Cifuentes | Casanare\" src=\"https:\/\/marthacifuentes.com\/portada\/2023\/06\/07\/yopal-de-mier-coles-con-paro-de-taxistas-bloqueo-en-relleno-sanitario-y-cierres-viales-en-el-centro\/embed\/#?secret=56J7Rv9o4h#?secret=Sirz1eVMNM\" width=\"600\" height=\"621\" frameborder=\"0\" marginwidth=\"0\" marginheight=\"0\" scrolling=\"no\" sandbox=\"allow-scripts\" data-secret=\"Sirz1eVMNM\" data-mce-fragment=\"1\"><\/iframe><\/p>\n<p><iframe loading=\"lazy\" class=\"wp-embedded-content\" title=\"\u00abEsta es la nueva glorieta para agilizar el tr\u00e1fico para Aguazul, Tauramena, Villavicencio y Sogamoso, que presentar\u00e1 Covioriente\u00bb \u2014 \u25b7 Noticias de Casanare : Martha Cifuentes | Casanare\" src=\"https:\/\/marthacifuentes.com\/portada\/2023\/06\/06\/esta-es-la-nueva-glorieta-para-agilizar-el-trafico-para-aguazul-tauramena-villavicencio-y-sogamoso-que-presentara-covioriente\/embed\/#?secret=mTiPtLJeCQ#?secret=zQHFB3CQyF\" width=\"600\" height=\"649\" frameborder=\"0\" marginwidth=\"0\" marginheight=\"0\" scrolling=\"no\" sandbox=\"allow-scripts\" data-secret=\"zQHFB3CQyF\" data-mce-fragment=\"1\"><\/iframe><\/p>\n<p><iframe loading=\"lazy\" class=\"wp-embedded-content\" title=\"\u00abTauramena con el agua al cuello. Invierno genera grandes afectaciones.\u00bb \u2014 \u25b7 Noticias de Casanare : Martha Cifuentes | Casanare\" src=\"https:\/\/marthacifuentes.com\/portada\/2023\/06\/06\/tauramena-con-el-agua-al-cuello-invierno-genera-grandes-afectaciones\/embed\/#?secret=k4vmwlHxtj#?secret=UMspSAJZg2\" width=\"600\" height=\"576\" frameborder=\"0\" marginwidth=\"0\" marginheight=\"0\" scrolling=\"no\" sandbox=\"allow-scripts\" data-secret=\"UMspSAJZg2\" data-mce-fragment=\"1\"><\/iframe><\/p>\n<p><iframe loading=\"lazy\" class=\"wp-embedded-content\" title=\"\u00abTorres del Silencio, PTAR y PAE, en Casanare, problem\u00e1ticas que preocupan a la Procuradur\u00eda\u00bb \u2014 \u25b7 Noticias de Casanare : Martha Cifuentes | Casanare\" src=\"https:\/\/marthacifuentes.com\/portada\/2023\/06\/06\/torres-del-silencio-ptar-y-pae-en-casanare-problematicas-que-preocupan-a-la-procuraduria\/embed\/#?secret=0LGCx15241#?secret=oPAm0Eiw9U\" width=\"600\" height=\"621\" frameborder=\"0\" marginwidth=\"0\" marginheight=\"0\" scrolling=\"no\" sandbox=\"allow-scripts\" data-secret=\"oPAm0Eiw9U\" data-mce-fragment=\"1\"><\/iframe><\/p>\n<p><iframe loading=\"lazy\" class=\"wp-embedded-content\" title=\"\u00abParo de taxistas en Yopal hoy. Pago seguridad social, meollo del conflicto.\u00bb \u2014 \u25b7 Noticias de Casanare : Martha Cifuentes | Casanare\" src=\"https:\/\/marthacifuentes.com\/portada\/2023\/06\/06\/paro-de-taxistas-en-yopal-hoy-pago-seguridad-social-meollo-del-conflicto\/embed\/#?secret=fQ9dDPQiwc#?secret=oQh3iIlF37\" width=\"600\" height=\"620\" frameborder=\"0\" marginwidth=\"0\" marginheight=\"0\" scrolling=\"no\" sandbox=\"allow-scripts\" data-secret=\"oQh3iIlF37\" data-mce-fragment=\"1\"><\/iframe><\/p>\n<p><iframe loading=\"lazy\" class=\"wp-embedded-content\" title=\"\u00abBloqueado relleno sanitario El Cascajar de Yopal. Comunidad impide acceso de carros de basuras.\u00bb \u2014 \u25b7 Noticias de Casanare : Martha Cifuentes | Casanare\" src=\"https:\/\/marthacifuentes.com\/portada\/2023\/06\/06\/bloqueado-relleno-sanitario-el-cascajar-de-yopal-comunidad-impide-acceso-de-carros-de-basuras\/embed\/#?secret=qnF0F3YZBH#?secret=1DkllQDaXi\" width=\"600\" height=\"537\" frameborder=\"0\" marginwidth=\"0\" marginheight=\"0\" scrolling=\"no\" sandbox=\"allow-scripts\" data-secret=\"1DkllQDaXi\" data-mce-fragment=\"1\"><\/iframe><\/p>\n<p><iframe loading=\"lazy\" class=\"wp-embedded-content\" title=\"\u00abDefensores de derechos humanos en Casanare, en riesgo extremo, seg\u00fan Alerta 019 de 2023 de la Defensor\u00eda del Pueblo.\u00bb \u2014 \u25b7 Noticias de Casanare : Martha Cifuentes | Casanare\" src=\"https:\/\/marthacifuentes.com\/portada\/2023\/06\/05\/defensores-de-derechos-humanos-en-casanare-en-riesgo-extremo-segun-alerta-019-de-2023-de-la-defensoria-del-pueblo\/embed\/#?secret=D1zI36TzKe#?secret=4NKnI1XwsW\" width=\"600\" height=\"583\" frameborder=\"0\" marginwidth=\"0\" marginheight=\"0\" scrolling=\"no\" sandbox=\"allow-scripts\" data-secret=\"4NKnI1XwsW\" data-mce-fragment=\"1\"><\/iframe><\/p>\n<p><iframe loading=\"lazy\" class=\"wp-embedded-content\" title=\"\u00abDerrame de petr\u00f3leo en siniestro vial, contamin\u00f3 fuente h\u00eddrica \u00abCa\u00f1o Seco\u00bb, Monterrey, Casanare\u00bb \u2014 \u25b7 Noticias de Casanare : Martha Cifuentes | Casanare\" src=\"https:\/\/marthacifuentes.com\/portada\/2023\/06\/05\/derrame-de-petroleo-en-siniestro-vial-contamino-fuente-hidrica-cano-seco-monterrey-casanare\/embed\/#?secret=0oBzEZ1Ufk#?secret=7aI8Q8X6l7\" width=\"600\" height=\"600\" frameborder=\"0\" marginwidth=\"0\" marginheight=\"0\" scrolling=\"no\" sandbox=\"allow-scripts\" data-secret=\"7aI8Q8X6l7\" data-mce-fragment=\"1\"><\/iframe><\/p>\n<p><iframe loading=\"lazy\" class=\"wp-embedded-content\" title=\"\u00abFalta de agua en Yopal, \u00bfculpa del invierno o de una obra mal hecha\u2026?\u00bb \u2014 \u25b7 Noticias de Casanare : Martha Cifuentes | Casanare\" src=\"https:\/\/marthacifuentes.com\/portada\/2023\/06\/02\/falta-de-agua-en-yopal-culpa-del-invierno-o-de-una-obra-mal-hecha\/embed\/#?secret=6HLXucmPfs#?secret=snYLwoD3Qq\" width=\"600\" height=\"621\" frameborder=\"0\" marginwidth=\"0\" marginheight=\"0\" scrolling=\"no\" sandbox=\"allow-scripts\" data-secret=\"snYLwoD3Qq\" data-mce-fragment=\"1\"><\/iframe><\/p>\n<p>&nbsp;<\/p>\n","protected":false},"excerpt":{"rendered":"<p>La intolerancia, el machismo, el odio contra la mujer, nuevamente se vieron retratados hoy en un terrible caso de violencia intrafamiliar que tuvo como desenlace la muerte de una mujer a manos de su expareja sentimental, que termin\u00f3 siendo abatido por la polic\u00eda y dos uniformados heridos, en hechos ocurridos esta tarde en el municipio &hellip;<\/p>\n","protected":false},"author":2,"featured_media":31863,"comment_status":"open","ping_status":"open","sticky":false,"template":"","format":"standard","meta":{"om_disable_all_campaigns":false,"_exactmetrics_skip_tracking":false,"_exactmetrics_sitenote_active":false,"_exactmetrics_sitenote_note":"","_exactmetrics_sitenote_category":0,"_monsterinsights_skip_tracking":false,"_monsterinsights_sitenote_active":false,"_monsterinsights_sitenote_note":"","_monsterinsights_sitenote_category":0,"_uf_show_specific_survey":0,"_uf_disable_surveys":false,"_joinchat":[],"footnotes":""},"categories":[147,146,145],"tags":[1373,2997,1421,1376],"class_list":["post-31860","post","type-post","status-publish","format-standard","has-post-thumbnail","hentry","category-actualidad","category-noticias","category-reportajes","tag-casanare-noticias","tag-noticias-aguazul","tag-noticias-yopal","tag-yopal-noticias"],"yoast_head":"<!-- This site is optimized with the Yoast SEO plugin v26.1 - https:\/\/yoast.com\/wordpress\/plugins\/seo\/ -->\n<title>En crimen de odio contra una mujer, un hombre la asesin\u00f3 y luego fue dado de baja por la polic\u00eda en Aguazul - \u25b7 Noticias de Casanare : Martha Cifuentes | Casanare<\/title>\n<meta name=\"robots\" content=\"index, follow, max-snippet:-1, max-image-preview:large, max-video-preview:-1\" \/>\n<link rel=\"canonical\" href=\"https:\/\/marthacifuentes.com\/portada\/en-crimen-de-odio-contra-una-mujer-un-hombre-la-asesino-y-luego-fue-dado-de-baja-por-la-policia-en-aguazul\/\" \/>\n<meta property=\"og:locale\" content=\"es_ES\" \/>\n<meta property=\"og:type\" content=\"article\" \/>\n<meta property=\"og:title\" content=\"En crimen de odio contra una mujer, un hombre la asesin\u00f3 y luego fue dado de baja por la polic\u00eda en Aguazul - \u25b7 Noticias de Casanare : Martha Cifuentes | Casanare\" \/>\n<meta property=\"og:description\" content=\"La intolerancia, el machismo, el odio contra la mujer, nuevamente se vieron retratados hoy en un terrible caso de violencia intrafamiliar que tuvo como desenlace la muerte de una mujer a manos de su expareja sentimental, que termin\u00f3 siendo abatido por la polic\u00eda y dos uniformados heridos, en hechos ocurridos esta tarde en el municipio &hellip;\" \/>\n<meta property=\"og:url\" content=\"https:\/\/marthacifuentes.com\/portada\/en-crimen-de-odio-contra-una-mujer-un-hombre-la-asesino-y-luego-fue-dado-de-baja-por-la-policia-en-aguazul\/\" \/>\n<meta property=\"og:site_name\" content=\"\u25b7 Noticias de Casanare : Martha Cifuentes | Casanare\" \/>\n<meta property=\"article:published_time\" content=\"2023-07-20T02:53:49+00:00\" \/>\n<meta property=\"og:image\" content=\"https:\/\/marthacifuentes.com\/portada\/wp-content\/uploads\/2023\/07\/361948100_777621554364828_2715914961412659541_n-1.jpg\" \/>\n\t<meta property=\"og:image:width\" content=\"1079\" \/>\n\t<meta property=\"og:image:height\" content=\"689\" \/>\n\t<meta property=\"og:image:type\" content=\"image\/jpeg\" \/>\n<meta name=\"author\" content=\"Martha Cifuentes\" \/>\n<meta name=\"twitter:card\" content=\"summary_large_image\" \/>\n<meta name=\"twitter:label1\" content=\"Escrito por\" \/>\n\t<meta name=\"twitter:data1\" content=\"Martha Cifuentes\" \/>\n\t<meta name=\"twitter:label2\" content=\"Tiempo de lectura\" \/>\n\t<meta name=\"twitter:data2\" content=\"2 minutos\" \/>\n<script type=\"application\/ld+json\" class=\"yoast-schema-graph\">{\"@context\":\"https:\/\/schema.org\",\"@graph\":[{\"@type\":\"WebPage\",\"@id\":\"https:\/\/marthacifuentes.com\/portada\/en-crimen-de-odio-contra-una-mujer-un-hombre-la-asesino-y-luego-fue-dado-de-baja-por-la-policia-en-aguazul\/\",\"url\":\"https:\/\/marthacifuentes.com\/portada\/en-crimen-de-odio-contra-una-mujer-un-hombre-la-asesino-y-luego-fue-dado-de-baja-por-la-policia-en-aguazul\/\",\"name\":\"En crimen de odio contra una mujer, un hombre la asesin\u00f3 y luego fue dado de baja por la polic\u00eda en Aguazul - \u25b7 Noticias de Casanare : Martha Cifuentes | Casanare\",\"isPartOf\":{\"@id\":\"https:\/\/marthacifuentes.com\/portada\/#website\"},\"primaryImageOfPage\":{\"@id\":\"https:\/\/marthacifuentes.com\/portada\/en-crimen-de-odio-contra-una-mujer-un-hombre-la-asesino-y-luego-fue-dado-de-baja-por-la-policia-en-aguazul\/#primaryimage\"},\"image\":{\"@id\":\"https:\/\/marthacifuentes.com\/portada\/en-crimen-de-odio-contra-una-mujer-un-hombre-la-asesino-y-luego-fue-dado-de-baja-por-la-policia-en-aguazul\/#primaryimage\"},\"thumbnailUrl\":\"https:\/\/marthacifuentes.com\/portada\/wp-content\/uploads\/2023\/07\/361948100_777621554364828_2715914961412659541_n-1.jpg\",\"datePublished\":\"2023-07-20T02:53:49+00:00\",\"author\":{\"@id\":\"https:\/\/marthacifuentes.com\/portada\/#\/schema\/person\/57f53174b991db5f90ff78d58502b714\"},\"breadcrumb\":{\"@id\":\"https:\/\/marthacifuentes.com\/portada\/en-crimen-de-odio-contra-una-mujer-un-hombre-la-asesino-y-luego-fue-dado-de-baja-por-la-policia-en-aguazul\/#breadcrumb\"},\"inLanguage\":\"es\",\"potentialAction\":[{\"@type\":\"ReadAction\",\"target\":[\"https:\/\/marthacifuentes.com\/portada\/en-crimen-de-odio-contra-una-mujer-un-hombre-la-asesino-y-luego-fue-dado-de-baja-por-la-policia-en-aguazul\/\"]}]},{\"@type\":\"ImageObject\",\"inLanguage\":\"es\",\"@id\":\"https:\/\/marthacifuentes.com\/portada\/en-crimen-de-odio-contra-una-mujer-un-hombre-la-asesino-y-luego-fue-dado-de-baja-por-la-policia-en-aguazul\/#primaryimage\",\"url\":\"https:\/\/marthacifuentes.com\/portada\/wp-content\/uploads\/2023\/07\/361948100_777621554364828_2715914961412659541_n-1.jpg\",\"contentUrl\":\"https:\/\/marthacifuentes.com\/portada\/wp-content\/uploads\/2023\/07\/361948100_777621554364828_2715914961412659541_n-1.jpg\",\"width\":1079,\"height\":689},{\"@type\":\"BreadcrumbList\",\"@id\":\"https:\/\/marthacifuentes.com\/portada\/en-crimen-de-odio-contra-una-mujer-un-hombre-la-asesino-y-luego-fue-dado-de-baja-por-la-policia-en-aguazul\/#breadcrumb\",\"itemListElement\":[{\"@type\":\"ListItem\",\"position\":1,\"name\":\"Portada\",\"item\":\"https:\/\/marthacifuentes.com\/portada\/\"},{\"@type\":\"ListItem\",\"position\":2,\"name\":\"En crimen de odio contra una mujer, un hombre la asesin\u00f3 y luego fue dado de baja por la polic\u00eda en Aguazul\"}]},{\"@type\":\"WebSite\",\"@id\":\"https:\/\/marthacifuentes.com\/portada\/#website\",\"url\":\"https:\/\/marthacifuentes.com\/portada\/\",\"name\":\"\u25b7 Noticias de Casanare : Martha Cifuentes | Casanare\",\"description\":\"Noticias &amp; Contenidos\",\"potentialAction\":[{\"@type\":\"SearchAction\",\"target\":{\"@type\":\"EntryPoint\",\"urlTemplate\":\"https:\/\/marthacifuentes.com\/portada\/?s={search_term_string}\"},\"query-input\":{\"@type\":\"PropertyValueSpecification\",\"valueRequired\":true,\"valueName\":\"search_term_string\"}}],\"inLanguage\":\"es\"},{\"@type\":\"Person\",\"@id\":\"https:\/\/marthacifuentes.com\/portada\/#\/schema\/person\/57f53174b991db5f90ff78d58502b714\",\"name\":\"Martha Cifuentes\",\"image\":{\"@type\":\"ImageObject\",\"inLanguage\":\"es\",\"@id\":\"https:\/\/marthacifuentes.com\/portada\/#\/schema\/person\/image\/\",\"url\":\"http:\/\/marthacifuentes.com\/portada\/wp-content\/uploads\/2018\/06\/avatar_user_2_1528838701-96x96.jpg\",\"contentUrl\":\"http:\/\/marthacifuentes.com\/portada\/wp-content\/uploads\/2018\/06\/avatar_user_2_1528838701-96x96.jpg\",\"caption\":\"Martha Cifuentes\"},\"sameAs\":[\"http:\/\/www.marthacifuentes.com\"],\"url\":\"https:\/\/marthacifuentes.com\/portada\/author\/martha\/\"}]}<\/script>\n<!-- \/ Yoast SEO plugin. -->","yoast_head_json":{"title":"En crimen de odio contra una mujer, un hombre la asesin\u00f3 y luego fue dado de baja por la polic\u00eda en Aguazul - \u25b7 Noticias de Casanare : Martha Cifuentes | Casanare","robots":{"index":"index","follow":"follow","max-snippet":"max-snippet:-1","max-image-preview":"max-image-preview:large","max-video-preview":"max-video-preview:-1"},"canonical":"https:\/\/marthacifuentes.com\/portada\/en-crimen-de-odio-contra-una-mujer-un-hombre-la-asesino-y-luego-fue-dado-de-baja-por-la-policia-en-aguazul\/","og_locale":"es_ES","og_type":"article","og_title":"En crimen de odio contra una mujer, un hombre la asesin\u00f3 y luego fue dado de baja por la polic\u00eda en Aguazul - \u25b7 Noticias de Casanare : Martha Cifuentes | Casanare","og_description":"La intolerancia, el machismo, el odio contra la mujer, nuevamente se vieron retratados hoy en un terrible caso de violencia intrafamiliar que tuvo como desenlace la muerte de una mujer a manos de su expareja sentimental, que termin\u00f3 siendo abatido por la polic\u00eda y dos uniformados heridos, en hechos ocurridos esta tarde en el municipio &hellip;","og_url":"https:\/\/marthacifuentes.com\/portada\/en-crimen-de-odio-contra-una-mujer-un-hombre-la-asesino-y-luego-fue-dado-de-baja-por-la-policia-en-aguazul\/","og_site_name":"\u25b7 Noticias de Casanare : Martha Cifuentes | Casanare","article_published_time":"2023-07-20T02:53:49+00:00","og_image":[{"width":1079,"height":689,"url":"https:\/\/marthacifuentes.com\/portada\/wp-content\/uploads\/2023\/07\/361948100_777621554364828_2715914961412659541_n-1.jpg","type":"image\/jpeg"}],"author":"Martha Cifuentes","twitter_card":"summary_large_image","twitter_misc":{"Escrito por":"Martha Cifuentes","Tiempo de lectura":"2 minutos"},"schema":{"@context":"https:\/\/schema.org","@graph":[{"@type":"WebPage","@id":"https:\/\/marthacifuentes.com\/portada\/en-crimen-de-odio-contra-una-mujer-un-hombre-la-asesino-y-luego-fue-dado-de-baja-por-la-policia-en-aguazul\/","url":"https:\/\/marthacifuentes.com\/portada\/en-crimen-de-odio-contra-una-mujer-un-hombre-la-asesino-y-luego-fue-dado-de-baja-por-la-policia-en-aguazul\/","name":"En crimen de odio contra una mujer, un hombre la asesin\u00f3 y luego fue dado de baja por la polic\u00eda en Aguazul - \u25b7 Noticias de Casanare : Martha Cifuentes | Casanare","isPartOf":{"@id":"https:\/\/marthacifuentes.com\/portada\/#website"},"primaryImageOfPage":{"@id":"https:\/\/marthacifuentes.com\/portada\/en-crimen-de-odio-contra-una-mujer-un-hombre-la-asesino-y-luego-fue-dado-de-baja-por-la-policia-en-aguazul\/#primaryimage"},"image":{"@id":"https:\/\/marthacifuentes.com\/portada\/en-crimen-de-odio-contra-una-mujer-un-hombre-la-asesino-y-luego-fue-dado-de-baja-por-la-policia-en-aguazul\/#primaryimage"},"thumbnailUrl":"https:\/\/marthacifuentes.com\/portada\/wp-content\/uploads\/2023\/07\/361948100_777621554364828_2715914961412659541_n-1.jpg","datePublished":"2023-07-20T02:53:49+00:00","author":{"@id":"https:\/\/marthacifuentes.com\/portada\/#\/schema\/person\/57f53174b991db5f90ff78d58502b714"},"breadcrumb":{"@id":"https:\/\/marthacifuentes.com\/portada\/en-crimen-de-odio-contra-una-mujer-un-hombre-la-asesino-y-luego-fue-dado-de-baja-por-la-policia-en-aguazul\/#breadcrumb"},"inLanguage":"es","potentialAction":[{"@type":"ReadAction","target":["https:\/\/marthacifuentes.com\/portada\/en-crimen-de-odio-contra-una-mujer-un-hombre-la-asesino-y-luego-fue-dado-de-baja-por-la-policia-en-aguazul\/"]}]},{"@type":"ImageObject","inLanguage":"es","@id":"https:\/\/marthacifuentes.com\/portada\/en-crimen-de-odio-contra-una-mujer-un-hombre-la-asesino-y-luego-fue-dado-de-baja-por-la-policia-en-aguazul\/#primaryimage","url":"https:\/\/marthacifuentes.com\/portada\/wp-content\/uploads\/2023\/07\/361948100_777621554364828_2715914961412659541_n-1.jpg","contentUrl":"https:\/\/marthacifuentes.com\/portada\/wp-content\/uploads\/2023\/07\/361948100_777621554364828_2715914961412659541_n-1.jpg","width":1079,"height":689},{"@type":"BreadcrumbList","@id":"https:\/\/marthacifuentes.com\/portada\/en-crimen-de-odio-contra-una-mujer-un-hombre-la-asesino-y-luego-fue-dado-de-baja-por-la-policia-en-aguazul\/#breadcrumb","itemListElement":[{"@type":"ListItem","position":1,"name":"Portada","item":"https:\/\/marthacifuentes.com\/portada\/"},{"@type":"ListItem","position":2,"name":"En crimen de odio contra una mujer, un hombre la asesin\u00f3 y luego fue dado de baja por la polic\u00eda en Aguazul"}]},{"@type":"WebSite","@id":"https:\/\/marthacifuentes.com\/portada\/#website","url":"https:\/\/marthacifuentes.com\/portada\/","name":"\u25b7 Noticias de Casanare : Martha Cifuentes | Casanare","description":"Noticias &amp; Contenidos","potentialAction":[{"@type":"SearchAction","target":{"@type":"EntryPoint","urlTemplate":"https:\/\/marthacifuentes.com\/portada\/?s={search_term_string}"},"query-input":{"@type":"PropertyValueSpecification","valueRequired":true,"valueName":"search_term_string"}}],"inLanguage":"es"},{"@type":"Person","@id":"https:\/\/marthacifuentes.com\/portada\/#\/schema\/person\/57f53174b991db5f90ff78d58502b714","name":"Martha Cifuentes","image":{"@type":"ImageObject","inLanguage":"es","@id":"https:\/\/marthacifuentes.com\/portada\/#\/schema\/person\/image\/","url":"http:\/\/marthacifuentes.com\/portada\/wp-content\/uploads\/2018\/06\/avatar_user_2_1528838701-96x96.jpg","contentUrl":"http:\/\/marthacifuentes.com\/portada\/wp-content\/uploads\/2018\/06\/avatar_user_2_1528838701-96x96.jpg","caption":"Martha Cifuentes"},"sameAs":["http:\/\/www.marthacifuentes.com"],"url":"https:\/\/marthacifuentes.com\/portada\/author\/martha\/"}]}},"_links":{"self":[{"href":"https:\/\/marthacifuentes.com\/portada\/wp-json\/wp\/v2\/posts\/31860","targetHints":{"allow":["GET"]}}],"collection":[{"href":"https:\/\/marthacifuentes.com\/portada\/wp-json\/wp\/v2\/posts"}],"about":[{"href":"https:\/\/marthacifuentes.com\/portada\/wp-json\/wp\/v2\/types\/post"}],"author":[{"embeddable":true,"href":"https:\/\/marthacifuentes.com\/portada\/wp-json\/wp\/v2\/users\/2"}],"replies":[{"embeddable":true,"href":"https:\/\/marthacifuentes.com\/portada\/wp-json\/wp\/v2\/comments?post=31860"}],"version-history":[{"count":1,"href":"https:\/\/marthacifuentes.com\/portada\/wp-json\/wp\/v2\/posts\/31860\/revisions"}],"predecessor-version":[{"id":31864,"href":"https:\/\/marthacifuentes.com\/portada\/wp-json\/wp\/v2\/posts\/31860\/revisions\/31864"}],"wp:featuredmedia":[{"embeddable":true,"href":"https:\/\/marthacifuentes.com\/portada\/wp-json\/wp\/v2\/media\/31863"}],"wp:attachment":[{"href":"https:\/\/marthacifuentes.com\/portada\/wp-json\/wp\/v2\/media?parent=31860"}],"wp:term":[{"taxonomy":"category","embeddable":true,"href":"https:\/\/marthacifuentes.com\/portada\/wp-json\/wp\/v2\/categories?post=31860"},{"taxonomy":"post_tag","embeddable":true,"href":"https:\/\/marthacifuentes.com\/portada\/wp-json\/wp\/v2\/tags?post=31860"}],"curies":[{"name":"wp","href":"https:\/\/api.w.org\/{rel}","templated":true}]}}